{"id":1090807,"date":"2021-05-03T12:33:33","date_gmt":"2021-05-03T11:33:33","guid":{"rendered":"https:\/\/www.eldigitaldeasturias.com\/noticias\/?p=1090807"},"modified":"2021-05-03T12:33:33","modified_gmt":"2021-05-03T11:33:33","slug":"vox-asturias-pedira-la-reprobacion-de-la-consejera-de-educacion","status":"publish","type":"post","link":"https:\/\/www.eldigitaldeasturias.com\/noticias\/vox-asturias-pedira-la-reprobacion-de-la-consejera-de-educacion\/","title":{"rendered":"VOX Asturias pedir\u00e1 la reprobaci\u00f3n de la consejera de Educaci\u00f3n"},"content":{"rendered":"<p><img loading=\"lazy\" decoding=\"async\" class=\"alignleft size-medium wp-image-1079756\" src=\"https:\/\/www.eldigitaldeasturias.com\/noticias\/wp-content\/uploads\/2020\/11\/VOX-Asturias-360x262.jpg\" alt=\"\" width=\"360\" height=\"262\" \/>El Grupo Parlamentario VOX Asturias lleva al pleno que se celebra el mi\u00e9rcoles, 5 de mayo, la r<strong>eprobaci\u00f3n de la consejera de Educaci\u00f3n, Carmen Su\u00e1rez.<\/strong> El portavoz de VOX, Ignacio Blanco, ha explicado que VOX ha presentado una moci\u00f3n para votar la reprobaci\u00f3n de la titular de Educaci\u00f3n, que se tratar\u00e1 en la sesi\u00f3n del mi\u00e9rcoles, ante los \u201csucesivos problemas de su gesti\u00f3n\u201d desde el inicio de la pandemia, que ha ocasionado, adem\u00e1s, recuerda el portavoz, \u201cincontables quejas de las familias, personal docente, sindicatos\u201d en relaci\u00f3n a su gesti\u00f3n.<\/p>\n<p>El portavoz del Grupo Parlamentario se ha referido adem\u00e1s a la sentencia del Tribunal Superior de Justicia de Asturias (TSJA) en la que se anulan partes de las instrucciones dadas por la Consejer\u00eda al inicio de curso escolar 2020-2021, en lo referente a la asignaci\u00f3n de horas de personal docente dedicado a alumnos con necesidades especiales. \u201cAsturias es la \u00fanica que no cuenta con un decreto de Inclusi\u00f3n Educativa. Dejando a nuestra comunidad aut\u00f3noma, una vez m\u00e1s, a la cola del sistema educativo en Espa\u00f1a\u201d, se\u00f1ala.<\/p>\n<p>Por todo ello, y<strong> ante \u201cla incapacidad de gesti\u00f3n\u201d de la consejera de Educaci\u00f3n y la \u201cfalta de buscar soluciones reales y efectivas\u201d a los m\u00faltiples problemas denunciados por la comunidad educativa, familias y sindicatos<\/strong>, VOX Asturias conf\u00eda en contar con el respaldo del resto de grupos del Parlamento asturiano a la reprobaci\u00f3n de la consejera de Educaci\u00f3n, Carmen Su\u00e1rez. \u201cSi la primera de las reprobaciones se llev\u00f3 a la Junta General del Principado de Asturias a principios del curso escolar el pasado septiembre, tras lo visto durante el curso escolar, y no haber percibido un cambio de gesti\u00f3n para superar las problem\u00e1ticas detectadas, es m\u00e1s que conveniente presentar la reprobaci\u00f3n de la Consejera de Educaci\u00f3n en este momento. Es un curso escolar para olvidar\u201d, sentencia el portavoz de VOX, Ignacio Blanco.<\/p>\n<p>&nbsp;<\/p>\n<p>&nbsp;<\/p>\n","protected":false},"excerpt":{"rendered":"<p>El Grupo Parlamentario VOX Asturias lleva al pleno que se celebra el mi\u00e9rcoles, 5 de mayo, la reprobaci\u00f3n de la consejera de Educaci\u00f3n, Carmen Su\u00e1rez. El portavoz de VOX, Ignacio Blanco, ha explicado que VOX ha presentado una moci\u00f3n para votar la reprobaci\u00f3n de la titular de Educaci\u00f3n, que se tratar\u00e1 en la sesi\u00f3n del [&hellip;]<\/p>\n","protected":false},"author":1,"featured_media":1079756,"comment_status":"closed","ping_status":"closed","sticky":false,"template":"","format":"standard","meta":{"footnotes":""},"categories":[12],"tags":[],"class_list":["post-1090807","post","type-post","status-publish","format-standard","has-post-thumbnail","hentry","category-actualidad-asturias"],"aioseo_notices":[],"aioseo_head":"\n\t\t<!-- All in One SEO Pro 5.0.1 - aioseo.com -->\n\t<meta name=\"description\" content=\"VOX Asturias conf\u00eda en contar con el respaldo del resto de grupos del Parlamento asturiano a la reprobaci\u00f3n de la consejera de Educaci\u00f3n del Principado\" \/>\n\t<meta name=\"robots\" content=\"max-image-preview:large\" \/>\n\t<meta name=\"author\" content=\"El Digital de Asturias\"\/>\n\t<meta name=\"google-site-verification\" content=\"UA-38556648-1\" \/>\n\t<meta name=\"msvalidate.01\" content=\"7dfe9f3f1b24437ab69f4f2559babe99\" \/>\n\t<meta name=\"keywords\" content=\"actualidad asturias\" \/>\n\t<link rel=\"canonical\" href=\"https:\/\/www.eldigitaldeasturias.com\/noticias\/vox-asturias-pedira-la-reprobacion-de-la-consejera-de-educacion\/\" \/>\n\t<meta name=\"generator\" content=\"All in One SEO Pro (AIOSEO) 5.0.1\" \/>\n\t\t<meta property=\"og:locale\" content=\"es_ES\" \/>\n\t\t<meta property=\"og:site_name\" content=\"El Digital de Asturias\" \/>\n\t\t<meta property=\"og:type\" content=\"article\" \/>\n\t\t<meta property=\"og:title\" content=\"VOX Asturias pedir\u00e1 la reprobaci\u00f3n de la consejera de Educaci\u00f3n - El Digital de Asturias\" \/>\n\t\t<meta property=\"og:description\" content=\"VOX Asturias conf\u00eda en contar con el respaldo del resto de grupos del Parlamento asturiano a la reprobaci\u00f3n de la consejera de Educaci\u00f3n del Principado\" \/>\n\t\t<meta property=\"og:url\" content=\"https:\/\/www.eldigitaldeasturias.com\/noticias\/vox-asturias-pedira-la-reprobacion-de-la-consejera-de-educacion\/\" \/>\n\t\t<meta property=\"article:tag\" content=\"actualidad asturias\" \/>\n\t\t<meta property=\"article:published_time\" content=\"2021-05-03T11:33:33+00:00\" \/>\n\t\t<meta property=\"article:modified_time\" content=\"2021-05-03T11:33:33+00:00\" \/>\n\t\t<meta property=\"article:publisher\" content=\"https:\/\/facebook.com\/eldigitaldeasturias\" \/>\n\t\t<meta name=\"twitter:card\" content=\"summary_large_image\" \/>\n\t\t<meta name=\"twitter:title\" content=\"VOX Asturias pedir\u00e1 la reprobaci\u00f3n de la consejera de Educaci\u00f3n - El Digital de Asturias\" \/>\n\t\t<meta name=\"twitter:description\" content=\"VOX Asturias conf\u00eda en contar con el respaldo del resto de grupos del Parlamento asturiano a la reprobaci\u00f3n de la consejera de Educaci\u00f3n del Principado\" \/>\n\t\t<meta name=\"twitter:image\" content=\"https:\/\/www.eldigitaldeasturias.com\/noticias\/wp-content\/uploads\/2020\/12\/EDA-1.jpg\" \/>\n\t\t<meta name=\"twitter:label1\" content=\"Escrito por\" \/>\n\t\t<meta name=\"twitter:data1\" content=\"El Digital de Asturias\" \/>\n\t\t<meta name=\"twitter:label2\" content=\"Tiempo de lectura estimado\" \/>\n\t\t<meta name=\"twitter:data2\" content=\"2 minutos\" \/>\n\t\t<script type=\"application\/ld+json\" class=\"aioseo-schema\">\n\t\t\t{\"@context\":\"https:\\\/\\\/schema.org\",\"@graph\":[{\"@type\":\"BlogPosting\",\"@id\":\"https:\\\/\\\/www.eldigitaldeasturias.com\\\/noticias\\\/vox-asturias-pedira-la-reprobacion-de-la-consejera-de-educacion\\\/#blogposting\",\"name\":\"VOX Asturias pedir\\u00e1 la reprobaci\\u00f3n de la consejera de Educaci\\u00f3n - El Digital de Asturias\",\"headline\":\"VOX Asturias pedir\\u00e1 la reprobaci\\u00f3n de la consejera de Educaci\\u00f3n\",\"author\":{\"@id\":\"https:\\\/\\\/www.eldigitaldeasturias.com\\\/noticias\\\/author\\\/admin\\\/#author\"},\"publisher\":{\"@id\":\"https:\\\/\\\/www.eldigitaldeasturias.com\\\/noticias\\\/#organization\"},\"image\":{\"@type\":\"ImageObject\",\"url\":1079756},\"datePublished\":\"2021-05-03T12:33:33+02:00\",\"dateModified\":\"2021-05-03T12:33:33+02:00\",\"inLanguage\":\"es-ES\",\"mainEntityOfPage\":{\"@id\":\"https:\\\/\\\/www.eldigitaldeasturias.com\\\/noticias\\\/vox-asturias-pedira-la-reprobacion-de-la-consejera-de-educacion\\\/#webpage\"},\"isPartOf\":{\"@id\":\"https:\\\/\\\/www.eldigitaldeasturias.com\\\/noticias\\\/vox-asturias-pedira-la-reprobacion-de-la-consejera-de-educacion\\\/#webpage\"},\"articleSection\":\"Actualidad Asturias\"},{\"@type\":\"BreadcrumbList\",\"@id\":\"https:\\\/\\\/www.eldigitaldeasturias.com\\\/noticias\\\/vox-asturias-pedira-la-reprobacion-de-la-consejera-de-educacion\\\/#breadcrumblist\",\"itemListElement\":[{\"@type\":\"ListItem\",\"@id\":\"https:\\\/\\\/www.eldigitaldeasturias.com\\\/noticias#listItem\",\"position\":1,\"name\":\"Home\",\"item\":\"https:\\\/\\\/www.eldigitaldeasturias.com\\\/noticias\",\"nextItem\":{\"@type\":\"ListItem\",\"@id\":\"https:\\\/\\\/www.eldigitaldeasturias.com\\\/noticias\\\/category\\\/actualidad-asturias\\\/#listItem\",\"name\":\"Actualidad Asturias\"}},{\"@type\":\"ListItem\",\"@id\":\"https:\\\/\\\/www.eldigitaldeasturias.com\\\/noticias\\\/category\\\/actualidad-asturias\\\/#listItem\",\"position\":2,\"name\":\"Actualidad Asturias\",\"item\":\"https:\\\/\\\/www.eldigitaldeasturias.com\\\/noticias\\\/category\\\/actualidad-asturias\\\/\",\"nextItem\":{\"@type\":\"ListItem\",\"@id\":\"https:\\\/\\\/www.eldigitaldeasturias.com\\\/noticias\\\/vox-asturias-pedira-la-reprobacion-de-la-consejera-de-educacion\\\/#listItem\",\"name\":\"VOX Asturias pedir\\u00e1 la reprobaci\\u00f3n de la consejera de Educaci\\u00f3n\"},\"previousItem\":{\"@type\":\"ListItem\",\"@id\":\"https:\\\/\\\/www.eldigitaldeasturias.com\\\/noticias#listItem\",\"name\":\"Home\"}},{\"@type\":\"ListItem\",\"@id\":\"https:\\\/\\\/www.eldigitaldeasturias.com\\\/noticias\\\/vox-asturias-pedira-la-reprobacion-de-la-consejera-de-educacion\\\/#listItem\",\"position\":3,\"name\":\"VOX Asturias pedir\\u00e1 la reprobaci\\u00f3n de la consejera de Educaci\\u00f3n\",\"previousItem\":{\"@type\":\"ListItem\",\"@id\":\"https:\\\/\\\/www.eldigitaldeasturias.com\\\/noticias\\\/category\\\/actualidad-asturias\\\/#listItem\",\"name\":\"Actualidad Asturias\"}}]},{\"@type\":\"Organization\",\"@id\":\"https:\\\/\\\/www.eldigitaldeasturias.com\\\/noticias\\\/#organization\",\"name\":\"El Digital de Asturias\",\"description\":\"Hemeroteca\",\"url\":\"https:\\\/\\\/www.eldigitaldeasturias.com\\\/noticias\\\/\",\"email\":\"info@eldigitaldeasturias.com\",\"telephone\":\"+34652131393\",\"logo\":{\"@type\":\"ImageObject\",\"url\":\"https:\\\/\\\/www.eldigitaldeasturias.com\\\/noticias\\\/wp-content\\\/uploads\\\/2020\\\/12\\\/EDA.jpg\",\"@id\":\"https:\\\/\\\/www.eldigitaldeasturias.com\\\/noticias\\\/vox-asturias-pedira-la-reprobacion-de-la-consejera-de-educacion\\\/#organizationLogo\"},\"image\":{\"@id\":\"https:\\\/\\\/www.eldigitaldeasturias.com\\\/noticias\\\/vox-asturias-pedira-la-reprobacion-de-la-consejera-de-educacion\\\/#organizationLogo\"},\"sameAs\":[\"https:\\\/\\\/facebook.com\\\/eldigitaldeasturias\",\"https:\\\/\\\/www.youtube.com\\\/channel\\\/UCZP-2wLEB9Rv6erhFmqVnvg\"],\"address\":{\"@id\":\"https:\\\/\\\/www.eldigitaldeasturias.com\\\/noticias\\\/#postaladdress\",\"@type\":\"PostalAddress\",\"streetAddress\":\"san antonio 4\",\"postalCode\":\"33430\",\"addressLocality\":\"Cand\\u00e1s\",\"addressRegion\":\"Asturias\",\"addressCountry\":\"ES\"}},{\"@type\":\"Person\",\"@id\":\"https:\\\/\\\/www.eldigitaldeasturias.com\\\/noticias\\\/author\\\/admin\\\/#author\",\"url\":\"https:\\\/\\\/www.eldigitaldeasturias.com\\\/noticias\\\/author\\\/admin\\\/\",\"name\":\"El Digital de Asturias\",\"image\":{\"@type\":\"ImageObject\",\"@id\":\"https:\\\/\\\/www.eldigitaldeasturias.com\\\/noticias\\\/vox-asturias-pedira-la-reprobacion-de-la-consejera-de-educacion\\\/#authorImage\",\"url\":\"https:\\\/\\\/secure.gravatar.com\\\/avatar\\\/df2aeffc32bcd13f8d26072ef8a91b623d677766deac7f97ca815868cd41bf5e?s=96&d=mm&r=g\",\"width\":96,\"height\":96,\"caption\":\"El Digital de Asturias\"}},{\"@type\":\"WebPage\",\"@id\":\"https:\\\/\\\/www.eldigitaldeasturias.com\\\/noticias\\\/vox-asturias-pedira-la-reprobacion-de-la-consejera-de-educacion\\\/#webpage\",\"url\":\"https:\\\/\\\/www.eldigitaldeasturias.com\\\/noticias\\\/vox-asturias-pedira-la-reprobacion-de-la-consejera-de-educacion\\\/\",\"name\":\"VOX Asturias pedir\\u00e1 la reprobaci\\u00f3n de la consejera de Educaci\\u00f3n - El Digital de Asturias\",\"description\":\"VOX Asturias conf\\u00eda en contar con el respaldo del resto de grupos del Parlamento asturiano a la reprobaci\\u00f3n de la consejera de Educaci\\u00f3n del Principado\",\"inLanguage\":\"es-ES\",\"isPartOf\":{\"@id\":\"https:\\\/\\\/www.eldigitaldeasturias.com\\\/noticias\\\/#website\"},\"breadcrumb\":{\"@id\":\"https:\\\/\\\/www.eldigitaldeasturias.com\\\/noticias\\\/vox-asturias-pedira-la-reprobacion-de-la-consejera-de-educacion\\\/#breadcrumblist\"},\"author\":{\"@id\":\"https:\\\/\\\/www.eldigitaldeasturias.com\\\/noticias\\\/author\\\/admin\\\/#author\"},\"creator\":{\"@id\":\"https:\\\/\\\/www.eldigitaldeasturias.com\\\/noticias\\\/author\\\/admin\\\/#author\"},\"image\":{\"@type\":\"ImageObject\",\"url\":1079756,\"@id\":\"https:\\\/\\\/www.eldigitaldeasturias.com\\\/noticias\\\/vox-asturias-pedira-la-reprobacion-de-la-consejera-de-educacion\\\/#mainImage\"},\"primaryImageOfPage\":{\"@id\":\"https:\\\/\\\/www.eldigitaldeasturias.com\\\/noticias\\\/vox-asturias-pedira-la-reprobacion-de-la-consejera-de-educacion\\\/#mainImage\"},\"datePublished\":\"2021-05-03T12:33:33+02:00\",\"dateModified\":\"2021-05-03T12:33:33+02:00\"},{\"@type\":\"WebSite\",\"@id\":\"https:\\\/\\\/www.eldigitaldeasturias.com\\\/noticias\\\/#website\",\"url\":\"https:\\\/\\\/www.eldigitaldeasturias.com\\\/noticias\\\/\",\"name\":\"El Digital de Asturias - Diario de actualidad y noticias\",\"alternateName\":\"El Digital de Asturias - Diario de actualidad y noticias\",\"description\":\"Hemeroteca\",\"inLanguage\":\"es-ES\",\"publisher\":{\"@id\":\"https:\\\/\\\/www.eldigitaldeasturias.com\\\/noticias\\\/#organization\"}}]}\n\t\t<\/script>\n\t\t<!-- All in One SEO Pro -->\r\n\t\t<title>VOX Asturias pedir\u00e1 la reprobaci\u00f3n de la consejera de Educaci\u00f3n - El Digital de Asturias<\/title>\n\n","aioseo_head_json":{"title":"VOX Asturias pedir\u00e1 la reprobaci\u00f3n de la consejera de Educaci\u00f3n - El Digital de Asturias","description":"VOX Asturias conf\u00eda en contar con el respaldo del resto de grupos del Parlamento asturiano a la reprobaci\u00f3n de la consejera de Educaci\u00f3n del Principado","canonical_url":"https:\/\/www.eldigitaldeasturias.com\/noticias\/vox-asturias-pedira-la-reprobacion-de-la-consejera-de-educacion\/","robots":"max-image-preview:large","keywords":"actualidad asturias","webmasterTools":{"google-site-verification":"UA-38556648-1","msvalidate.01":"7dfe9f3f1b24437ab69f4f2559babe99","miscellaneous":""},"schema":{"@context":"https:\/\/schema.org","@graph":[{"@type":"BlogPosting","@id":"https:\/\/www.eldigitaldeasturias.com\/noticias\/vox-asturias-pedira-la-reprobacion-de-la-consejera-de-educacion\/#blogposting","name":"VOX Asturias pedir\u00e1 la reprobaci\u00f3n de la consejera de Educaci\u00f3n - El Digital de Asturias","headline":"VOX Asturias pedir\u00e1 la reprobaci\u00f3n de la consejera de Educaci\u00f3n","author":{"@id":"https:\/\/www.eldigitaldeasturias.com\/noticias\/author\/admin\/#author"},"publisher":{"@id":"https:\/\/www.eldigitaldeasturias.com\/noticias\/#organization"},"image":{"@type":"ImageObject","url":1079756},"datePublished":"2021-05-03T12:33:33+02:00","dateModified":"2021-05-03T12:33:33+02:00","inLanguage":"es-ES","mainEntityOfPage":{"@id":"https:\/\/www.eldigitaldeasturias.com\/noticias\/vox-asturias-pedira-la-reprobacion-de-la-consejera-de-educacion\/#webpage"},"isPartOf":{"@id":"https:\/\/www.eldigitaldeasturias.com\/noticias\/vox-asturias-pedira-la-reprobacion-de-la-consejera-de-educacion\/#webpage"},"articleSection":"Actualidad Asturias"},{"@type":"BreadcrumbList","@id":"https:\/\/www.eldigitaldeasturias.com\/noticias\/vox-asturias-pedira-la-reprobacion-de-la-consejera-de-educacion\/#breadcrumblist","itemListElement":[{"@type":"ListItem","@id":"https:\/\/www.eldigitaldeasturias.com\/noticias#listItem","position":1,"name":"Home","item":"https:\/\/www.eldigitaldeasturias.com\/noticias","nextItem":{"@type":"ListItem","@id":"https:\/\/www.eldigitaldeasturias.com\/noticias\/category\/actualidad-asturias\/#listItem","name":"Actualidad Asturias"}},{"@type":"ListItem","@id":"https:\/\/www.eldigitaldeasturias.com\/noticias\/category\/actualidad-asturias\/#listItem","position":2,"name":"Actualidad Asturias","item":"https:\/\/www.eldigitaldeasturias.com\/noticias\/category\/actualidad-asturias\/","nextItem":{"@type":"ListItem","@id":"https:\/\/www.eldigitaldeasturias.com\/noticias\/vox-asturias-pedira-la-reprobacion-de-la-consejera-de-educacion\/#listItem","name":"VOX Asturias pedir\u00e1 la reprobaci\u00f3n de la consejera de Educaci\u00f3n"},"previousItem":{"@type":"ListItem","@id":"https:\/\/www.eldigitaldeasturias.com\/noticias#listItem","name":"Home"}},{"@type":"ListItem","@id":"https:\/\/www.eldigitaldeasturias.com\/noticias\/vox-asturias-pedira-la-reprobacion-de-la-consejera-de-educacion\/#listItem","position":3,"name":"VOX Asturias pedir\u00e1 la reprobaci\u00f3n de la consejera de Educaci\u00f3n","previousItem":{"@type":"ListItem","@id":"https:\/\/www.eldigitaldeasturias.com\/noticias\/category\/actualidad-asturias\/#listItem","name":"Actualidad Asturias"}}]},{"@type":"Organization","@id":"https:\/\/www.eldigitaldeasturias.com\/noticias\/#organization","name":"El Digital de Asturias","description":"Hemeroteca","url":"https:\/\/www.eldigitaldeasturias.com\/noticias\/","email":"info@eldigitaldeasturias.com","telephone":"+34652131393","logo":{"@type":"ImageObject","url":"https:\/\/www.eldigitaldeasturias.com\/noticias\/wp-content\/uploads\/2020\/12\/EDA.jpg","@id":"https:\/\/www.eldigitaldeasturias.com\/noticias\/vox-asturias-pedira-la-reprobacion-de-la-consejera-de-educacion\/#organizationLogo"},"image":{"@id":"https:\/\/www.eldigitaldeasturias.com\/noticias\/vox-asturias-pedira-la-reprobacion-de-la-consejera-de-educacion\/#organizationLogo"},"sameAs":["https:\/\/facebook.com\/eldigitaldeasturias","https:\/\/www.youtube.com\/channel\/UCZP-2wLEB9Rv6erhFmqVnvg"],"address":{"@id":"https:\/\/www.eldigitaldeasturias.com\/noticias\/#postaladdress","@type":"PostalAddress","streetAddress":"san antonio 4","postalCode":"33430","addressLocality":"Cand\u00e1s","addressRegion":"Asturias","addressCountry":"ES"}},{"@type":"Person","@id":"https:\/\/www.eldigitaldeasturias.com\/noticias\/author\/admin\/#author","url":"https:\/\/www.eldigitaldeasturias.com\/noticias\/author\/admin\/","name":"El Digital de Asturias","image":{"@type":"ImageObject","@id":"https:\/\/www.eldigitaldeasturias.com\/noticias\/vox-asturias-pedira-la-reprobacion-de-la-consejera-de-educacion\/#authorImage","url":"https:\/\/secure.gravatar.com\/avatar\/df2aeffc32bcd13f8d26072ef8a91b623d677766deac7f97ca815868cd41bf5e?s=96&d=mm&r=g","width":96,"height":96,"caption":"El Digital de Asturias"}},{"@type":"WebPage","@id":"https:\/\/www.eldigitaldeasturias.com\/noticias\/vox-asturias-pedira-la-reprobacion-de-la-consejera-de-educacion\/#webpage","url":"https:\/\/www.eldigitaldeasturias.com\/noticias\/vox-asturias-pedira-la-reprobacion-de-la-consejera-de-educacion\/","name":"VOX Asturias pedir\u00e1 la reprobaci\u00f3n de la consejera de Educaci\u00f3n - El Digital de Asturias","description":"VOX Asturias conf\u00eda en contar con el respaldo del resto de grupos del Parlamento asturiano a la reprobaci\u00f3n de la consejera de Educaci\u00f3n del Principado","inLanguage":"es-ES","isPartOf":{"@id":"https:\/\/www.eldigitaldeasturias.com\/noticias\/#website"},"breadcrumb":{"@id":"https:\/\/www.eldigitaldeasturias.com\/noticias\/vox-asturias-pedira-la-reprobacion-de-la-consejera-de-educacion\/#breadcrumblist"},"author":{"@id":"https:\/\/www.eldigitaldeasturias.com\/noticias\/author\/admin\/#author"},"creator":{"@id":"https:\/\/www.eldigitaldeasturias.com\/noticias\/author\/admin\/#author"},"image":{"@type":"ImageObject","url":1079756,"@id":"https:\/\/www.eldigitaldeasturias.com\/noticias\/vox-asturias-pedira-la-reprobacion-de-la-consejera-de-educacion\/#mainImage"},"primaryImageOfPage":{"@id":"https:\/\/www.eldigitaldeasturias.com\/noticias\/vox-asturias-pedira-la-reprobacion-de-la-consejera-de-educacion\/#mainImage"},"datePublished":"2021-05-03T12:33:33+02:00","dateModified":"2021-05-03T12:33:33+02:00"},{"@type":"WebSite","@id":"https:\/\/www.eldigitaldeasturias.com\/noticias\/#website","url":"https:\/\/www.eldigitaldeasturias.com\/noticias\/","name":"El Digital de Asturias - Diario de actualidad y noticias","alternateName":"El Digital de Asturias - Diario de actualidad y noticias","description":"Hemeroteca","inLanguage":"es-ES","publisher":{"@id":"https:\/\/www.eldigitaldeasturias.com\/noticias\/#organization"}}]},"og:locale":"es_ES","og:site_name":"El Digital de Asturias","og:type":"article","og:title":"VOX Asturias pedir\u00e1 la reprobaci\u00f3n de la consejera de Educaci\u00f3n - El Digital de Asturias","og:description":"VOX Asturias conf\u00eda en contar con el respaldo del resto de grupos del Parlamento asturiano a la reprobaci\u00f3n de la consejera de Educaci\u00f3n del Principado","og:url":"https:\/\/www.eldigitaldeasturias.com\/noticias\/vox-asturias-pedira-la-reprobacion-de-la-consejera-de-educacion\/","article:tag":["actualidad asturias"],"article:published_time":"2021-05-03T11:33:33+00:00","article:modified_time":"2021-05-03T11:33:33+00:00","article:publisher":"https:\/\/facebook.com\/eldigitaldeasturias","twitter:card":"summary_large_image","twitter:title":"VOX Asturias pedir\u00e1 la reprobaci\u00f3n de la consejera de Educaci\u00f3n - El Digital de Asturias","twitter:description":"VOX Asturias conf\u00eda en contar con el respaldo del resto de grupos del Parlamento asturiano a la reprobaci\u00f3n de la consejera de Educaci\u00f3n del Principado","twitter:image":"https:\/\/www.eldigitaldeasturias.com\/noticias\/wp-content\/uploads\/2020\/12\/EDA-1.jpg","twitter:label1":"Escrito por","twitter:data1":"El Digital de Asturias","twitter:label2":"Tiempo de lectura estimado","twitter:data2":"2 minutos"},"aioseo_meta_data":{"post_id":"1090807","title":null,"description":"VOX Asturias conf\u00eda en contar con el respaldo del resto de grupos del Parlamento asturiano a la reprobaci\u00f3n de la consejera de Educaci\u00f3n del Principado","keywords":[],"keyphrases":{"focus":[],"additional":[]},"primary_term":null,"canonical_url":null,"og_title":null,"og_description":null,"og_object_type":"default","og_image_type":"default","og_image_url":null,"og_image_width":null,"og_image_height":null,"og_image_custom_url":null,"og_image_custom_fields":null,"og_video":"","og_custom_url":null,"og_article_section":null,"og_article_tags":[],"twitter_use_og":false,"twitter_card":"default","twitter_image_type":"default","twitter_image_url":null,"twitter_image_custom_url":null,"twitter_image_custom_fields":null,"twitter_title":null,"twitter_description":null,"schema":{"blockGraphs":[],"customGraphs":[],"default":{"data":{"Article":[],"Course":[],"Dataset":[],"FAQPage":[],"Movie":[],"Person":[],"Product":[],"ProductReview":[],"Car":[],"Recipe":[],"Service":[],"SoftwareApplication":[],"WebPage":[]},"graphName":"","isEnabled":true},"graphs":[],"defaultGraph":"Article","defaultPostTypeGraph":""},"schema_type":"default","schema_type_options":"{\"article\":{\"articleType\":\"BlogPosting\"},\"course\":{\"name\":\"\",\"description\":\"\",\"provider\":\"\"},\"faq\":{\"pages\":[]},\"product\":{\"reviews\":[]},\"recipe\":{\"ingredients\":[],\"instructions\":[],\"keywords\":[]},\"software\":{\"reviews\":[],\"operatingSystems\":[]},\"webPage\":{\"webPageType\":\"WebPage\"}}","pillar_content":false,"robots_default":true,"robots_noindex":false,"robots_noarchive":false,"robots_nosnippet":false,"robots_nofollow":false,"robots_noimageindex":false,"robots_noodp":false,"robots_notranslate":false,"robots_max_snippet":"-1","robots_max_videopreview":"-1","robots_max_imagepreview":"large","priority":null,"frequency":"default","local_seo":{"locations":{"business":{"name":"","businessType":"","image":"","areaServed":"","urls":{"website":"","aboutPage":"","contactPage":""},"address":{"streetLine1":"","streetLine2":"","zipCode":"","city":"","state":"","country":"","addressFormat":"#streetLineOne\n#streetLineTwo\n#city, #state #zipCode"},"contact":{"phone":"","email":"","fax":""},"ids":{"vat":"","tax":"","chamberOfCommerce":""},"payment":{"priceRange":"","currenciesAccepted":"","methods":""}}},"openingHours":{"useDefaults":true,"show":true,"alwaysOpen":false,"use24hFormat":false,"timezone":"","labels":{"closed":"","alwaysOpen":""},"days":{"monday":{"open24h":false,"closed":false,"openTime":"09:00","closeTime":"17:00"},"tuesday":{"open24h":false,"closed":false,"openTime":"09:00","closeTime":"17:00"},"wednesday":{"open24h":false,"closed":false,"openTime":"09:00","closeTime":"17:00"},"thursday":{"open24h":false,"closed":false,"openTime":"09:00","closeTime":"17:00"},"friday":{"open24h":false,"closed":false,"openTime":"09:00","closeTime":"17:00"},"saturday":{"open24h":false,"closed":false,"openTime":"09:00","closeTime":"17:00"},"sunday":{"open24h":false,"closed":false,"openTime":"09:00","closeTime":"17:00"}}}},"seo_analyzer_scan_date":"2026-07-17 16:10:28","breadcrumb_settings":null,"limit_modified_date":false,"open_ai":null,"ai":null,"created":"2021-05-03 11:30:21","updated":"2026-07-17 16:10:28","focus_keyword":null,"additional_keywords":null,"truseo_locale":null},"aioseo_breadcrumb":"<div class=\"aioseo-breadcrumbs\"><span class=\"aioseo-breadcrumb\">\n\t<a href=\"https:\/\/www.eldigitaldeasturias.com\/noticias\" title=\"Home\">Home<\/a>\n<\/span><span class=\"aioseo-breadcrumb-separator\">\u2013<\/span><span class=\"aioseo-breadcrumb\">\n\t<a href=\"https:\/\/www.eldigitaldeasturias.com\/noticias\/category\/actualidad-asturias\/\" title=\"Actualidad Asturias\">Actualidad Asturias<\/a>\n<\/span><span class=\"aioseo-breadcrumb-separator\">\u2013<\/span><span class=\"aioseo-breadcrumb\">\n\t<a href=\"https:\/\/www.eldigitaldeasturias.com\/noticias\/vox-asturias-pedira-la-reprobacion-de-la-consejera-de-educacion\/\" title=\"VOX Asturias pedir\u00e1 la reprobaci\u00f3n de la consejera de Educaci\u00f3n\">VOX Asturias pedir\u00e1 la reprobaci\u00f3n de la consejera de Educaci\u00f3n<\/a>\n<\/span><\/div>","aioseo_breadcrumb_json":[{"label":"Home","link":"https:\/\/www.eldigitaldeasturias.com\/noticias"},{"label":"Actualidad Asturias","link":"https:\/\/www.eldigitaldeasturias.com\/noticias\/category\/actualidad-asturias\/"},{"label":"VOX Asturias pedir\u00e1 la reprobaci\u00f3n de la consejera de Educaci\u00f3n","link":"https:\/\/www.eldigitaldeasturias.com\/noticias\/vox-asturias-pedira-la-reprobacion-de-la-consejera-de-educacion\/"}],"_links":{"self":[{"href":"https:\/\/www.eldigitaldeasturias.com\/noticias\/wp-json\/wp\/v2\/posts\/1090807","targetHints":{"allow":["GET"]}}],"collection":[{"href":"https:\/\/www.eldigitaldeasturias.com\/noticias\/wp-json\/wp\/v2\/posts"}],"about":[{"href":"https:\/\/www.eldigitaldeasturias.com\/noticias\/wp-json\/wp\/v2\/types\/post"}],"author":[{"embeddable":true,"href":"https:\/\/www.eldigitaldeasturias.com\/noticias\/wp-json\/wp\/v2\/users\/1"}],"replies":[{"embeddable":true,"href":"https:\/\/www.eldigitaldeasturias.com\/noticias\/wp-json\/wp\/v2\/comments?post=1090807"}],"version-history":[{"count":0,"href":"https:\/\/www.eldigitaldeasturias.com\/noticias\/wp-json\/wp\/v2\/posts\/1090807\/revisions"}],"wp:attachment":[{"href":"https:\/\/www.eldigitaldeasturias.com\/noticias\/wp-json\/wp\/v2\/media?parent=1090807"}],"wp:term":[{"taxonomy":"category","embeddable":true,"href":"https:\/\/www.eldigitaldeasturias.com\/noticias\/wp-json\/wp\/v2\/categories?post=1090807"},{"taxonomy":"post_tag","embeddable":true,"href":"https:\/\/www.eldigitaldeasturias.com\/noticias\/wp-json\/wp\/v2\/tags?post=1090807"}],"curies":[{"name":"wp","href":"https:\/\/api.w.org\/{rel}","templated":true}]}}