{"id":1090695,"date":"2021-05-01T13:53:04","date_gmt":"2021-05-01T12:53:04","guid":{"rendered":"https:\/\/www.eldigitaldeasturias.com\/noticias\/?p=1090695"},"modified":"2021-05-01T13:53:04","modified_gmt":"2021-05-01T12:53:04","slug":"gozon-digitaliza-su-archivo-historico","status":"publish","type":"post","link":"https:\/\/www.eldigitaldeasturias.com\/noticias\/gozon-digitaliza-su-archivo-historico\/","title":{"rendered":"Goz\u00f3n digitaliza su archivo hist\u00f3rico"},"content":{"rendered":"<p><img loading=\"lazy\" decoding=\"async\" class=\"alignleft size-medium wp-image-1066663\" src=\"https:\/\/www.eldigitaldeasturias.com\/noticias\/wp-content\/uploads\/2020\/05\/notis-360x240.jpg\" alt=\"\" width=\"360\" height=\"240\" \/>El Ayuntamiento de Goz\u00f3n ha incorporado, dentro del Plan Local de Empleo 2020-21 para personas desempleadas, <strong>a dos digitalizadores cuya tarea consistir\u00e1 en escanear y crear una base de datos con la ingente cantidad de documentaci\u00f3n que compone el archivo hist\u00f3rico municipal<\/strong>. Patricia Puente y Jes\u00fas Mu\u00f1iz, quienes obtuvieron la primera y la segunda puntuaci\u00f3n m\u00e1s alta en el proceso selectivo, respectivamente, trabajan desde la primera semana de abril para \u201cque el archivo pueda ser consultado por m\u00e1s usuarios, a la vez que se contribuye a la \u00f3ptima conservaci\u00f3n del mismo\u201d, han explicado.<\/p>\n<p><strong>Carmen Cantero, responsable de los archivos de la Mancomunidad Cabo Pe\u00f1as, ser\u00e1 la encargada de guiar a los dos profesionales durante el a\u00f1o de duraci\u00f3n de este contrato \u201cpor obra o servicio\u201d.<\/strong> \u201cHay documentos de todo tipo que reflejan la actividad municipal: licencias de obras, libros de actas, expedientes de hidalgu\u00edas, registros de nacimientos, matrimonios y defunciones del siglo XIX hasta la creaci\u00f3n de los registros civiles, etc\u00e9tera\u201d, ha se\u00f1alado Cantero. En total, calcula que el fondo cuenta con unas 390.000 p\u00e1ginas de documentaci\u00f3n que data de entre 1642 y la d\u00e9cada de los setenta del siglo pasado.<\/p>\n<p>Algunos escritos ser\u00e1n \u201cimposibles de digitalizar\u201d por su mal estado debido al paso del tiempo, la humedad, los hongos y los insectos, entre otras causas. \u201cPrecisar\u00edan de una restauraci\u00f3n previa\u201d, ha a\u00f1adido la archivera, quien ha destacado la \u201crica documentaci\u00f3n\u201d donde se refleja la historia de Goz\u00f3n, aunque lamenta que \u201clas series no est\u00e1n completas, pues no todo ha llegado hasta nuestros d\u00edas\u201d. Tanto la archivera como los digitalizadores han coincidido en que \u201cqueda mucha tarea por delante\u201d dada la extensi\u00f3n del archivo.<\/p>\n<h2>\u201cOportunidad para reconectar con el mercado\u201d<\/h2>\n<p>Para Jes\u00fas Mu\u00f1iz el Plan de Empleo puesto en marcha por el Ayuntamiento de Goz\u00f3n supone \u201cuna oportunidad para reconectar con el mundo laboral y tambi\u00e9n un reto personal\u201d, ha dicho este inform\u00e1tico de profesi\u00f3n. En la misma l\u00ednea se manifiesta su compa\u00f1era, Patricia Puente, muy satisfecha por \u201cvolver a lo m\u00edo\u201d. Puente regres\u00f3 de Madrid hace tres a\u00f1os tras pasar por archivos como el de la Biblioteca Nacional de Espa\u00f1a.<\/p>\n<p>&nbsp;<\/p>\n","protected":false},"excerpt":{"rendered":"<p>El Ayuntamiento de Goz\u00f3n ha incorporado, dentro del Plan Local de Empleo 2020-21 para personas desempleadas, a dos digitalizadores cuya tarea consistir\u00e1 en escanear y crear una base de datos con la ingente cantidad de documentaci\u00f3n que compone el archivo hist\u00f3rico municipal. Patricia Puente y Jes\u00fas Mu\u00f1iz, quienes obtuvieron la primera y la segunda puntuaci\u00f3n [&hellip;]<\/p>\n","protected":false},"author":1,"featured_media":1066663,"comment_status":"closed","ping_status":"closed","sticky":false,"template":"","format":"standard","meta":{"footnotes":""},"categories":[12],"tags":[],"class_list":["post-1090695","post","type-post","status-publish","format-standard","has-post-thumbnail","hentry","category-actualidad-asturias"],"aioseo_notices":[],"aioseo_head":"\n\t\t<!-- All in One SEO Pro 5.0.1 - aioseo.com -->\n\t<meta name=\"description\" content=\"El Ayuntamiento de Goz\u00f3n ha incorporado, dentro del Plan Local de Empleo 2020-21 para personas desempleadas, a dos digitalizadores cuya tarea consistir\u00e1 en ..\" \/>\n\t<meta name=\"robots\" content=\"max-image-preview:large\" \/>\n\t<meta name=\"author\" content=\"El Digital de Asturias\"\/>\n\t<meta name=\"google-site-verification\" content=\"UA-38556648-1\" \/>\n\t<meta name=\"msvalidate.01\" content=\"7dfe9f3f1b24437ab69f4f2559babe99\" \/>\n\t<meta name=\"keywords\" content=\"actualidad asturias\" \/>\n\t<link rel=\"canonical\" href=\"https:\/\/www.eldigitaldeasturias.com\/noticias\/gozon-digitaliza-su-archivo-historico\/\" \/>\n\t<meta name=\"generator\" content=\"All in One SEO Pro (AIOSEO) 5.0.1\" \/>\n\t\t<meta property=\"og:locale\" content=\"es_ES\" \/>\n\t\t<meta property=\"og:site_name\" content=\"El Digital de Asturias\" \/>\n\t\t<meta property=\"og:type\" content=\"article\" \/>\n\t\t<meta property=\"og:title\" content=\"Goz\u00f3n digitaliza su archivo hist\u00f3rico - El Digital de Asturias\" \/>\n\t\t<meta property=\"og:description\" content=\"El Ayuntamiento de Goz\u00f3n ha incorporado, dentro del Plan Local de Empleo 2020-21 para personas desempleadas, a dos digitalizadores cuya tarea consistir\u00e1 en ..\" \/>\n\t\t<meta property=\"og:url\" content=\"https:\/\/www.eldigitaldeasturias.com\/noticias\/gozon-digitaliza-su-archivo-historico\/\" \/>\n\t\t<meta property=\"article:tag\" content=\"actualidad asturias\" \/>\n\t\t<meta property=\"article:published_time\" content=\"2021-05-01T12:53:04+00:00\" \/>\n\t\t<meta property=\"article:modified_time\" content=\"2021-05-01T12:53:04+00:00\" \/>\n\t\t<meta property=\"article:publisher\" content=\"https:\/\/facebook.com\/eldigitaldeasturias\" \/>\n\t\t<meta name=\"twitter:card\" content=\"summary_large_image\" \/>\n\t\t<meta name=\"twitter:title\" content=\"Goz\u00f3n digitaliza su archivo hist\u00f3rico - El Digital de Asturias\" \/>\n\t\t<meta name=\"twitter:description\" content=\"El Ayuntamiento de Goz\u00f3n ha incorporado, dentro del Plan Local de Empleo 2020-21 para personas desempleadas, a dos digitalizadores cuya tarea consistir\u00e1 en ..\" \/>\n\t\t<meta name=\"twitter:image\" content=\"https:\/\/www.eldigitaldeasturias.com\/noticias\/wp-content\/uploads\/2020\/12\/EDA-1.jpg\" \/>\n\t\t<meta name=\"twitter:label1\" content=\"Escrito por\" \/>\n\t\t<meta name=\"twitter:data1\" content=\"El Digital de Asturias\" \/>\n\t\t<meta name=\"twitter:label2\" content=\"Tiempo de lectura estimado\" \/>\n\t\t<meta name=\"twitter:data2\" content=\"2 minutos\" \/>\n\t\t<script type=\"application\/ld+json\" class=\"aioseo-schema\">\n\t\t\t{\"@context\":\"https:\\\/\\\/schema.org\",\"@graph\":[{\"@type\":\"BlogPosting\",\"@id\":\"https:\\\/\\\/www.eldigitaldeasturias.com\\\/noticias\\\/gozon-digitaliza-su-archivo-historico\\\/#blogposting\",\"name\":\"Goz\\u00f3n digitaliza su archivo hist\\u00f3rico - El Digital de Asturias\",\"headline\":\"Goz\\u00f3n digitaliza su archivo hist\\u00f3rico\",\"author\":{\"@id\":\"https:\\\/\\\/www.eldigitaldeasturias.com\\\/noticias\\\/author\\\/admin\\\/#author\"},\"publisher\":{\"@id\":\"https:\\\/\\\/www.eldigitaldeasturias.com\\\/noticias\\\/#organization\"},\"image\":{\"@type\":\"ImageObject\",\"url\":1066663},\"datePublished\":\"2021-05-01T13:53:04+02:00\",\"dateModified\":\"2021-05-01T13:53:04+02:00\",\"inLanguage\":\"es-ES\",\"mainEntityOfPage\":{\"@id\":\"https:\\\/\\\/www.eldigitaldeasturias.com\\\/noticias\\\/gozon-digitaliza-su-archivo-historico\\\/#webpage\"},\"isPartOf\":{\"@id\":\"https:\\\/\\\/www.eldigitaldeasturias.com\\\/noticias\\\/gozon-digitaliza-su-archivo-historico\\\/#webpage\"},\"articleSection\":\"Actualidad Asturias\"},{\"@type\":\"BreadcrumbList\",\"@id\":\"https:\\\/\\\/www.eldigitaldeasturias.com\\\/noticias\\\/gozon-digitaliza-su-archivo-historico\\\/#breadcrumblist\",\"itemListElement\":[{\"@type\":\"ListItem\",\"@id\":\"https:\\\/\\\/www.eldigitaldeasturias.com\\\/noticias#listItem\",\"position\":1,\"name\":\"Home\",\"item\":\"https:\\\/\\\/www.eldigitaldeasturias.com\\\/noticias\",\"nextItem\":{\"@type\":\"ListItem\",\"@id\":\"https:\\\/\\\/www.eldigitaldeasturias.com\\\/noticias\\\/category\\\/actualidad-asturias\\\/#listItem\",\"name\":\"Actualidad Asturias\"}},{\"@type\":\"ListItem\",\"@id\":\"https:\\\/\\\/www.eldigitaldeasturias.com\\\/noticias\\\/category\\\/actualidad-asturias\\\/#listItem\",\"position\":2,\"name\":\"Actualidad Asturias\",\"item\":\"https:\\\/\\\/www.eldigitaldeasturias.com\\\/noticias\\\/category\\\/actualidad-asturias\\\/\",\"nextItem\":{\"@type\":\"ListItem\",\"@id\":\"https:\\\/\\\/www.eldigitaldeasturias.com\\\/noticias\\\/gozon-digitaliza-su-archivo-historico\\\/#listItem\",\"name\":\"Goz\\u00f3n digitaliza su archivo hist\\u00f3rico\"},\"previousItem\":{\"@type\":\"ListItem\",\"@id\":\"https:\\\/\\\/www.eldigitaldeasturias.com\\\/noticias#listItem\",\"name\":\"Home\"}},{\"@type\":\"ListItem\",\"@id\":\"https:\\\/\\\/www.eldigitaldeasturias.com\\\/noticias\\\/gozon-digitaliza-su-archivo-historico\\\/#listItem\",\"position\":3,\"name\":\"Goz\\u00f3n digitaliza su archivo hist\\u00f3rico\",\"previousItem\":{\"@type\":\"ListItem\",\"@id\":\"https:\\\/\\\/www.eldigitaldeasturias.com\\\/noticias\\\/category\\\/actualidad-asturias\\\/#listItem\",\"name\":\"Actualidad Asturias\"}}]},{\"@type\":\"Organization\",\"@id\":\"https:\\\/\\\/www.eldigitaldeasturias.com\\\/noticias\\\/#organization\",\"name\":\"El Digital de Asturias\",\"description\":\"Hemeroteca\",\"url\":\"https:\\\/\\\/www.eldigitaldeasturias.com\\\/noticias\\\/\",\"email\":\"info@eldigitaldeasturias.com\",\"telephone\":\"+34652131393\",\"logo\":{\"@type\":\"ImageObject\",\"url\":\"https:\\\/\\\/www.eldigitaldeasturias.com\\\/noticias\\\/wp-content\\\/uploads\\\/2020\\\/12\\\/EDA.jpg\",\"@id\":\"https:\\\/\\\/www.eldigitaldeasturias.com\\\/noticias\\\/gozon-digitaliza-su-archivo-historico\\\/#organizationLogo\"},\"image\":{\"@id\":\"https:\\\/\\\/www.eldigitaldeasturias.com\\\/noticias\\\/gozon-digitaliza-su-archivo-historico\\\/#organizationLogo\"},\"sameAs\":[\"https:\\\/\\\/facebook.com\\\/eldigitaldeasturias\",\"https:\\\/\\\/www.youtube.com\\\/channel\\\/UCZP-2wLEB9Rv6erhFmqVnvg\"],\"address\":{\"@id\":\"https:\\\/\\\/www.eldigitaldeasturias.com\\\/noticias\\\/#postaladdress\",\"@type\":\"PostalAddress\",\"streetAddress\":\"san antonio 4\",\"postalCode\":\"33430\",\"addressLocality\":\"Cand\\u00e1s\",\"addressRegion\":\"Asturias\",\"addressCountry\":\"ES\"}},{\"@type\":\"Person\",\"@id\":\"https:\\\/\\\/www.eldigitaldeasturias.com\\\/noticias\\\/author\\\/admin\\\/#author\",\"url\":\"https:\\\/\\\/www.eldigitaldeasturias.com\\\/noticias\\\/author\\\/admin\\\/\",\"name\":\"El Digital de Asturias\",\"image\":{\"@type\":\"ImageObject\",\"@id\":\"https:\\\/\\\/www.eldigitaldeasturias.com\\\/noticias\\\/gozon-digitaliza-su-archivo-historico\\\/#authorImage\",\"url\":\"https:\\\/\\\/secure.gravatar.com\\\/avatar\\\/df2aeffc32bcd13f8d26072ef8a91b623d677766deac7f97ca815868cd41bf5e?s=96&d=mm&r=g\",\"width\":96,\"height\":96,\"caption\":\"El Digital de Asturias\"}},{\"@type\":\"WebPage\",\"@id\":\"https:\\\/\\\/www.eldigitaldeasturias.com\\\/noticias\\\/gozon-digitaliza-su-archivo-historico\\\/#webpage\",\"url\":\"https:\\\/\\\/www.eldigitaldeasturias.com\\\/noticias\\\/gozon-digitaliza-su-archivo-historico\\\/\",\"name\":\"Goz\\u00f3n digitaliza su archivo hist\\u00f3rico - El Digital de Asturias\",\"description\":\"El Ayuntamiento de Goz\\u00f3n ha incorporado, dentro del Plan Local de Empleo 2020-21 para personas desempleadas, a dos digitalizadores cuya tarea consistir\\u00e1 en ..\",\"inLanguage\":\"es-ES\",\"isPartOf\":{\"@id\":\"https:\\\/\\\/www.eldigitaldeasturias.com\\\/noticias\\\/#website\"},\"breadcrumb\":{\"@id\":\"https:\\\/\\\/www.eldigitaldeasturias.com\\\/noticias\\\/gozon-digitaliza-su-archivo-historico\\\/#breadcrumblist\"},\"author\":{\"@id\":\"https:\\\/\\\/www.eldigitaldeasturias.com\\\/noticias\\\/author\\\/admin\\\/#author\"},\"creator\":{\"@id\":\"https:\\\/\\\/www.eldigitaldeasturias.com\\\/noticias\\\/author\\\/admin\\\/#author\"},\"image\":{\"@type\":\"ImageObject\",\"url\":1066663,\"@id\":\"https:\\\/\\\/www.eldigitaldeasturias.com\\\/noticias\\\/gozon-digitaliza-su-archivo-historico\\\/#mainImage\"},\"primaryImageOfPage\":{\"@id\":\"https:\\\/\\\/www.eldigitaldeasturias.com\\\/noticias\\\/gozon-digitaliza-su-archivo-historico\\\/#mainImage\"},\"datePublished\":\"2021-05-01T13:53:04+02:00\",\"dateModified\":\"2021-05-01T13:53:04+02:00\"},{\"@type\":\"WebSite\",\"@id\":\"https:\\\/\\\/www.eldigitaldeasturias.com\\\/noticias\\\/#website\",\"url\":\"https:\\\/\\\/www.eldigitaldeasturias.com\\\/noticias\\\/\",\"name\":\"El Digital de Asturias - Diario de actualidad y noticias\",\"alternateName\":\"El Digital de Asturias - Diario de actualidad y noticias\",\"description\":\"Hemeroteca\",\"inLanguage\":\"es-ES\",\"publisher\":{\"@id\":\"https:\\\/\\\/www.eldigitaldeasturias.com\\\/noticias\\\/#organization\"}}]}\n\t\t<\/script>\n\t\t<!-- All in One SEO Pro -->\r\n\t\t<title>Goz\u00f3n digitaliza su archivo hist\u00f3rico - El Digital de Asturias<\/title>\n\n","aioseo_head_json":{"title":"Goz\u00f3n digitaliza su archivo hist\u00f3rico - El Digital de Asturias","description":"El Ayuntamiento de Goz\u00f3n ha incorporado, dentro del Plan Local de Empleo 2020-21 para personas desempleadas, a dos digitalizadores cuya tarea consistir\u00e1 en ..","canonical_url":"https:\/\/www.eldigitaldeasturias.com\/noticias\/gozon-digitaliza-su-archivo-historico\/","robots":"max-image-preview:large","keywords":"actualidad asturias","webmasterTools":{"google-site-verification":"UA-38556648-1","msvalidate.01":"7dfe9f3f1b24437ab69f4f2559babe99","miscellaneous":""},"schema":{"@context":"https:\/\/schema.org","@graph":[{"@type":"BlogPosting","@id":"https:\/\/www.eldigitaldeasturias.com\/noticias\/gozon-digitaliza-su-archivo-historico\/#blogposting","name":"Goz\u00f3n digitaliza su archivo hist\u00f3rico - El Digital de Asturias","headline":"Goz\u00f3n digitaliza su archivo hist\u00f3rico","author":{"@id":"https:\/\/www.eldigitaldeasturias.com\/noticias\/author\/admin\/#author"},"publisher":{"@id":"https:\/\/www.eldigitaldeasturias.com\/noticias\/#organization"},"image":{"@type":"ImageObject","url":1066663},"datePublished":"2021-05-01T13:53:04+02:00","dateModified":"2021-05-01T13:53:04+02:00","inLanguage":"es-ES","mainEntityOfPage":{"@id":"https:\/\/www.eldigitaldeasturias.com\/noticias\/gozon-digitaliza-su-archivo-historico\/#webpage"},"isPartOf":{"@id":"https:\/\/www.eldigitaldeasturias.com\/noticias\/gozon-digitaliza-su-archivo-historico\/#webpage"},"articleSection":"Actualidad Asturias"},{"@type":"BreadcrumbList","@id":"https:\/\/www.eldigitaldeasturias.com\/noticias\/gozon-digitaliza-su-archivo-historico\/#breadcrumblist","itemListElement":[{"@type":"ListItem","@id":"https:\/\/www.eldigitaldeasturias.com\/noticias#listItem","position":1,"name":"Home","item":"https:\/\/www.eldigitaldeasturias.com\/noticias","nextItem":{"@type":"ListItem","@id":"https:\/\/www.eldigitaldeasturias.com\/noticias\/category\/actualidad-asturias\/#listItem","name":"Actualidad Asturias"}},{"@type":"ListItem","@id":"https:\/\/www.eldigitaldeasturias.com\/noticias\/category\/actualidad-asturias\/#listItem","position":2,"name":"Actualidad Asturias","item":"https:\/\/www.eldigitaldeasturias.com\/noticias\/category\/actualidad-asturias\/","nextItem":{"@type":"ListItem","@id":"https:\/\/www.eldigitaldeasturias.com\/noticias\/gozon-digitaliza-su-archivo-historico\/#listItem","name":"Goz\u00f3n digitaliza su archivo hist\u00f3rico"},"previousItem":{"@type":"ListItem","@id":"https:\/\/www.eldigitaldeasturias.com\/noticias#listItem","name":"Home"}},{"@type":"ListItem","@id":"https:\/\/www.eldigitaldeasturias.com\/noticias\/gozon-digitaliza-su-archivo-historico\/#listItem","position":3,"name":"Goz\u00f3n digitaliza su archivo hist\u00f3rico","previousItem":{"@type":"ListItem","@id":"https:\/\/www.eldigitaldeasturias.com\/noticias\/category\/actualidad-asturias\/#listItem","name":"Actualidad Asturias"}}]},{"@type":"Organization","@id":"https:\/\/www.eldigitaldeasturias.com\/noticias\/#organization","name":"El Digital de Asturias","description":"Hemeroteca","url":"https:\/\/www.eldigitaldeasturias.com\/noticias\/","email":"info@eldigitaldeasturias.com","telephone":"+34652131393","logo":{"@type":"ImageObject","url":"https:\/\/www.eldigitaldeasturias.com\/noticias\/wp-content\/uploads\/2020\/12\/EDA.jpg","@id":"https:\/\/www.eldigitaldeasturias.com\/noticias\/gozon-digitaliza-su-archivo-historico\/#organizationLogo"},"image":{"@id":"https:\/\/www.eldigitaldeasturias.com\/noticias\/gozon-digitaliza-su-archivo-historico\/#organizationLogo"},"sameAs":["https:\/\/facebook.com\/eldigitaldeasturias","https:\/\/www.youtube.com\/channel\/UCZP-2wLEB9Rv6erhFmqVnvg"],"address":{"@id":"https:\/\/www.eldigitaldeasturias.com\/noticias\/#postaladdress","@type":"PostalAddress","streetAddress":"san antonio 4","postalCode":"33430","addressLocality":"Cand\u00e1s","addressRegion":"Asturias","addressCountry":"ES"}},{"@type":"Person","@id":"https:\/\/www.eldigitaldeasturias.com\/noticias\/author\/admin\/#author","url":"https:\/\/www.eldigitaldeasturias.com\/noticias\/author\/admin\/","name":"El Digital de Asturias","image":{"@type":"ImageObject","@id":"https:\/\/www.eldigitaldeasturias.com\/noticias\/gozon-digitaliza-su-archivo-historico\/#authorImage","url":"https:\/\/secure.gravatar.com\/avatar\/df2aeffc32bcd13f8d26072ef8a91b623d677766deac7f97ca815868cd41bf5e?s=96&d=mm&r=g","width":96,"height":96,"caption":"El Digital de Asturias"}},{"@type":"WebPage","@id":"https:\/\/www.eldigitaldeasturias.com\/noticias\/gozon-digitaliza-su-archivo-historico\/#webpage","url":"https:\/\/www.eldigitaldeasturias.com\/noticias\/gozon-digitaliza-su-archivo-historico\/","name":"Goz\u00f3n digitaliza su archivo hist\u00f3rico - El Digital de Asturias","description":"El Ayuntamiento de Goz\u00f3n ha incorporado, dentro del Plan Local de Empleo 2020-21 para personas desempleadas, a dos digitalizadores cuya tarea consistir\u00e1 en ..","inLanguage":"es-ES","isPartOf":{"@id":"https:\/\/www.eldigitaldeasturias.com\/noticias\/#website"},"breadcrumb":{"@id":"https:\/\/www.eldigitaldeasturias.com\/noticias\/gozon-digitaliza-su-archivo-historico\/#breadcrumblist"},"author":{"@id":"https:\/\/www.eldigitaldeasturias.com\/noticias\/author\/admin\/#author"},"creator":{"@id":"https:\/\/www.eldigitaldeasturias.com\/noticias\/author\/admin\/#author"},"image":{"@type":"ImageObject","url":1066663,"@id":"https:\/\/www.eldigitaldeasturias.com\/noticias\/gozon-digitaliza-su-archivo-historico\/#mainImage"},"primaryImageOfPage":{"@id":"https:\/\/www.eldigitaldeasturias.com\/noticias\/gozon-digitaliza-su-archivo-historico\/#mainImage"},"datePublished":"2021-05-01T13:53:04+02:00","dateModified":"2021-05-01T13:53:04+02:00"},{"@type":"WebSite","@id":"https:\/\/www.eldigitaldeasturias.com\/noticias\/#website","url":"https:\/\/www.eldigitaldeasturias.com\/noticias\/","name":"El Digital de Asturias - Diario de actualidad y noticias","alternateName":"El Digital de Asturias - Diario de actualidad y noticias","description":"Hemeroteca","inLanguage":"es-ES","publisher":{"@id":"https:\/\/www.eldigitaldeasturias.com\/noticias\/#organization"}}]},"og:locale":"es_ES","og:site_name":"El Digital de Asturias","og:type":"article","og:title":"Goz\u00f3n digitaliza su archivo hist\u00f3rico - El Digital de Asturias","og:description":"El Ayuntamiento de Goz\u00f3n ha incorporado, dentro del Plan Local de Empleo 2020-21 para personas desempleadas, a dos digitalizadores cuya tarea consistir\u00e1 en ..","og:url":"https:\/\/www.eldigitaldeasturias.com\/noticias\/gozon-digitaliza-su-archivo-historico\/","article:tag":["actualidad asturias"],"article:published_time":"2021-05-01T12:53:04+00:00","article:modified_time":"2021-05-01T12:53:04+00:00","article:publisher":"https:\/\/facebook.com\/eldigitaldeasturias","twitter:card":"summary_large_image","twitter:title":"Goz\u00f3n digitaliza su archivo hist\u00f3rico - El Digital de Asturias","twitter:description":"El Ayuntamiento de Goz\u00f3n ha incorporado, dentro del Plan Local de Empleo 2020-21 para personas desempleadas, a dos digitalizadores cuya tarea consistir\u00e1 en ..","twitter:image":"https:\/\/www.eldigitaldeasturias.com\/noticias\/wp-content\/uploads\/2020\/12\/EDA-1.jpg","twitter:label1":"Escrito por","twitter:data1":"El Digital de Asturias","twitter:label2":"Tiempo de lectura estimado","twitter:data2":"2 minutos"},"aioseo_meta_data":{"post_id":"1090695","title":null,"description":"El Ayuntamiento de Goz\u00f3n ha incorporado, dentro del Plan Local de Empleo 2020-21 para personas desempleadas, a dos digitalizadores cuya tarea consistir\u00e1 en ..","keywords":[],"keyphrases":{"focus":[],"additional":[]},"primary_term":null,"canonical_url":null,"og_title":null,"og_description":null,"og_object_type":"default","og_image_type":"default","og_image_url":null,"og_image_width":null,"og_image_height":null,"og_image_custom_url":null,"og_image_custom_fields":null,"og_video":"","og_custom_url":null,"og_article_section":null,"og_article_tags":[],"twitter_use_og":false,"twitter_card":"default","twitter_image_type":"default","twitter_image_url":null,"twitter_image_custom_url":null,"twitter_image_custom_fields":null,"twitter_title":null,"twitter_description":null,"schema":{"blockGraphs":[],"customGraphs":[],"default":{"data":{"Article":[],"Course":[],"Dataset":[],"FAQPage":[],"Movie":[],"Person":[],"Product":[],"ProductReview":[],"Car":[],"Recipe":[],"Service":[],"SoftwareApplication":[],"WebPage":[]},"graphName":"","isEnabled":true},"graphs":[],"defaultGraph":"Article","defaultPostTypeGraph":""},"schema_type":"default","schema_type_options":"{\"article\":{\"articleType\":\"BlogPosting\"},\"course\":{\"name\":\"\",\"description\":\"\",\"provider\":\"\"},\"faq\":{\"pages\":[]},\"product\":{\"reviews\":[]},\"recipe\":{\"ingredients\":[],\"instructions\":[],\"keywords\":[]},\"software\":{\"reviews\":[],\"operatingSystems\":[]},\"webPage\":{\"webPageType\":\"WebPage\"}}","pillar_content":false,"robots_default":true,"robots_noindex":false,"robots_noarchive":false,"robots_nosnippet":false,"robots_nofollow":false,"robots_noimageindex":false,"robots_noodp":false,"robots_notranslate":false,"robots_max_snippet":"-1","robots_max_videopreview":"-1","robots_max_imagepreview":"large","priority":null,"frequency":"default","local_seo":{"locations":{"business":{"name":"","businessType":"","image":"","areaServed":"","urls":{"website":"","aboutPage":"","contactPage":""},"address":{"streetLine1":"","streetLine2":"","zipCode":"","city":"","state":"","country":"","addressFormat":"#streetLineOne\n#streetLineTwo\n#city, #state #zipCode"},"contact":{"phone":"","email":"","fax":""},"ids":{"vat":"","tax":"","chamberOfCommerce":""},"payment":{"priceRange":"","currenciesAccepted":"","methods":""}}},"openingHours":{"useDefaults":true,"show":true,"alwaysOpen":false,"use24hFormat":false,"timezone":"","labels":{"closed":"","alwaysOpen":""},"days":{"monday":{"open24h":false,"closed":false,"openTime":"09:00","closeTime":"17:00"},"tuesday":{"open24h":false,"closed":false,"openTime":"09:00","closeTime":"17:00"},"wednesday":{"open24h":false,"closed":false,"openTime":"09:00","closeTime":"17:00"},"thursday":{"open24h":false,"closed":false,"openTime":"09:00","closeTime":"17:00"},"friday":{"open24h":false,"closed":false,"openTime":"09:00","closeTime":"17:00"},"saturday":{"open24h":false,"closed":false,"openTime":"09:00","closeTime":"17:00"},"sunday":{"open24h":false,"closed":false,"openTime":"09:00","closeTime":"17:00"}}}},"seo_analyzer_scan_date":"2026-07-17 15:14:02","breadcrumb_settings":null,"limit_modified_date":false,"open_ai":null,"ai":null,"created":"2021-05-01 12:49:42","updated":"2026-07-17 15:14:02","focus_keyword":null,"additional_keywords":null,"truseo_locale":null},"aioseo_breadcrumb":"<div class=\"aioseo-breadcrumbs\"><span class=\"aioseo-breadcrumb\">\n\t<a href=\"https:\/\/www.eldigitaldeasturias.com\/noticias\" title=\"Home\">Home<\/a>\n<\/span><span class=\"aioseo-breadcrumb-separator\">\u2013<\/span><span class=\"aioseo-breadcrumb\">\n\t<a href=\"https:\/\/www.eldigitaldeasturias.com\/noticias\/category\/actualidad-asturias\/\" title=\"Actualidad Asturias\">Actualidad Asturias<\/a>\n<\/span><span class=\"aioseo-breadcrumb-separator\">\u2013<\/span><span class=\"aioseo-breadcrumb\">\n\t<a href=\"https:\/\/www.eldigitaldeasturias.com\/noticias\/gozon-digitaliza-su-archivo-historico\/\" title=\"Goz\u00f3n digitaliza su archivo hist\u00f3rico\">Goz\u00f3n digitaliza su archivo hist\u00f3rico<\/a>\n<\/span><\/div>","aioseo_breadcrumb_json":[{"label":"Home","link":"https:\/\/www.eldigitaldeasturias.com\/noticias"},{"label":"Actualidad Asturias","link":"https:\/\/www.eldigitaldeasturias.com\/noticias\/category\/actualidad-asturias\/"},{"label":"Goz\u00f3n digitaliza su archivo hist\u00f3rico","link":"https:\/\/www.eldigitaldeasturias.com\/noticias\/gozon-digitaliza-su-archivo-historico\/"}],"_links":{"self":[{"href":"https:\/\/www.eldigitaldeasturias.com\/noticias\/wp-json\/wp\/v2\/posts\/1090695","targetHints":{"allow":["GET"]}}],"collection":[{"href":"https:\/\/www.eldigitaldeasturias.com\/noticias\/wp-json\/wp\/v2\/posts"}],"about":[{"href":"https:\/\/www.eldigitaldeasturias.com\/noticias\/wp-json\/wp\/v2\/types\/post"}],"author":[{"embeddable":true,"href":"https:\/\/www.eldigitaldeasturias.com\/noticias\/wp-json\/wp\/v2\/users\/1"}],"replies":[{"embeddable":true,"href":"https:\/\/www.eldigitaldeasturias.com\/noticias\/wp-json\/wp\/v2\/comments?post=1090695"}],"version-history":[{"count":0,"href":"https:\/\/www.eldigitaldeasturias.com\/noticias\/wp-json\/wp\/v2\/posts\/1090695\/revisions"}],"wp:attachment":[{"href":"https:\/\/www.eldigitaldeasturias.com\/noticias\/wp-json\/wp\/v2\/media?parent=1090695"}],"wp:term":[{"taxonomy":"category","embeddable":true,"href":"https:\/\/www.eldigitaldeasturias.com\/noticias\/wp-json\/wp\/v2\/categories?post=1090695"},{"taxonomy":"post_tag","embeddable":true,"href":"https:\/\/www.eldigitaldeasturias.com\/noticias\/wp-json\/wp\/v2\/tags?post=1090695"}],"curies":[{"name":"wp","href":"https:\/\/api.w.org\/{rel}","templated":true}]}}