{"id":1090676,"date":"2021-05-01T10:39:32","date_gmt":"2021-05-01T09:39:32","guid":{"rendered":"https:\/\/www.eldigitaldeasturias.com\/noticias\/?p=1090676"},"modified":"2021-05-01T10:39:32","modified_gmt":"2021-05-01T09:39:32","slug":"objetivo-recuperacion-charlas-para-pymes-asturianas","status":"publish","type":"post","link":"https:\/\/www.eldigitaldeasturias.com\/noticias\/objetivo-recuperacion-charlas-para-pymes-asturianas\/","title":{"rendered":"Objetivo recuperaci\u00f3n: Charlas para pymes asturianas"},"content":{"rendered":"<p><img loading=\"lazy\" decoding=\"async\" class=\"alignleft size-medium wp-image-1074122\" src=\"https:\/\/www.eldigitaldeasturias.com\/noticias\/wp-content\/uploads\/2020\/08\/startup-593341_640-360x240.jpg\" alt=\"\" width=\"360\" height=\"240\" \/>La Direcci\u00f3n General de Asuntos Europeos, a trav\u00e9s de la Oficina de Proyectos Europeos, organiza, junto a la Federaci\u00f3n Asturiana de Empresarios (Fade) y la Federaci\u00f3n Asturiana de Concejos (FACC), una serie de jornadas informativas virtuales en las que se explicar\u00e1n las principales l\u00edneas del Plan de Recuperaci\u00f3n, Transformaci\u00f3n y Resiliencia, aprobado esta semana por el Gobierno de Espa\u00f1a.<\/p>\n<p><strong>Las jornadas destinadas a pymes se celebrar\u00e1n el pr\u00f3ximo lunes, d\u00eda 3 de mayo, y el jueves 6<\/strong>, mientras que la reservada a los ayuntamientos se ha convocado para el d\u00eda 4.<\/p>\n<p>Cada una de estas jornadas, cuya moderaci\u00f3n correr\u00e1 a cargo de la directora de la Oficina de Proyectos Europeos, Raquel Garc\u00eda, contar\u00e1 con la participaci\u00f3n de distintos miembros del Gobierno de Asturias. As\u00ed, el lunes intervendr\u00e1n los directores generales de Industria y de Innovaci\u00f3n, Investigaci\u00f3n y Transformaci\u00f3n Digital, Rosana Prado e Iv\u00e1n Aitor Lucas del Amo, respectivamente, mientras que el jueves lo har\u00e1n la directora general de Energ\u00eda, Miner\u00eda y Reactivaci\u00f3n, Belarmina D\u00edaz; el director general del Medio Natural, David Villar, y repetir\u00e1 Lucas del Amo.<\/p>\n<p>En la jornada reservada a los ayuntamientos participar\u00e1n el viceconsejero de Infraestructuras, Movilidad y Territorio, Jorge Garc\u00eda, y el director general de Vivienda, Ferm\u00edn Bravo, adem\u00e1s de Belarmina D\u00edaz.<\/p>\n<p>&nbsp;<\/p>\n<p>&nbsp;<\/p>\n","protected":false},"excerpt":{"rendered":"<p>La Direcci\u00f3n General de Asuntos Europeos, a trav\u00e9s de la Oficina de Proyectos Europeos, organiza, junto a la Federaci\u00f3n Asturiana de Empresarios (Fade) y la Federaci\u00f3n Asturiana de Concejos (FACC), una serie de jornadas informativas virtuales en las que se explicar\u00e1n las principales l\u00edneas del Plan de Recuperaci\u00f3n, Transformaci\u00f3n y Resiliencia, aprobado esta semana por [&hellip;]<\/p>\n","protected":false},"author":1,"featured_media":1074821,"comment_status":"closed","ping_status":"closed","sticky":false,"template":"","format":"standard","meta":{"footnotes":""},"categories":[12],"tags":[],"class_list":["post-1090676","post","type-post","status-publish","format-standard","has-post-thumbnail","hentry","category-actualidad-asturias"],"aioseo_notices":[],"aioseo_head":"\n\t\t<!-- All in One SEO Pro 5.0.1 - aioseo.com -->\n\t<meta name=\"description\" content=\"Jornadas informativas virtuales en Asturias en las que se explicar\u00e1n las principales l\u00edneas del Plan de Recuperaci\u00f3n, Transformaci\u00f3n y Resiliencia ..\" \/>\n\t<meta name=\"robots\" content=\"max-image-preview:large\" \/>\n\t<meta name=\"author\" content=\"El Digital de Asturias\"\/>\n\t<meta name=\"google-site-verification\" content=\"UA-38556648-1\" \/>\n\t<meta name=\"msvalidate.01\" content=\"7dfe9f3f1b24437ab69f4f2559babe99\" \/>\n\t<meta name=\"keywords\" content=\"actualidad asturias\" \/>\n\t<link rel=\"canonical\" href=\"https:\/\/www.eldigitaldeasturias.com\/noticias\/objetivo-recuperacion-charlas-para-pymes-asturianas\/\" \/>\n\t<meta name=\"generator\" content=\"All in One SEO Pro (AIOSEO) 5.0.1\" \/>\n\t\t<meta property=\"og:locale\" content=\"es_ES\" \/>\n\t\t<meta property=\"og:site_name\" content=\"El Digital de Asturias\" \/>\n\t\t<meta property=\"og:type\" content=\"article\" \/>\n\t\t<meta property=\"og:title\" content=\"Objetivo recuperaci\u00f3n: Charlas para pymes asturianas - El Digital de Asturias\" \/>\n\t\t<meta property=\"og:description\" content=\"Jornadas informativas virtuales en Asturias en las que se explicar\u00e1n las principales l\u00edneas del Plan de Recuperaci\u00f3n, Transformaci\u00f3n y Resiliencia ..\" \/>\n\t\t<meta property=\"og:url\" content=\"https:\/\/www.eldigitaldeasturias.com\/noticias\/objetivo-recuperacion-charlas-para-pymes-asturianas\/\" \/>\n\t\t<meta property=\"article:tag\" content=\"actualidad asturias\" \/>\n\t\t<meta property=\"article:published_time\" content=\"2021-05-01T09:39:32+00:00\" \/>\n\t\t<meta property=\"article:modified_time\" content=\"2021-05-01T09:39:32+00:00\" \/>\n\t\t<meta property=\"article:publisher\" content=\"https:\/\/facebook.com\/eldigitaldeasturias\" \/>\n\t\t<meta name=\"twitter:card\" content=\"summary_large_image\" \/>\n\t\t<meta name=\"twitter:title\" content=\"Objetivo recuperaci\u00f3n: Charlas para pymes asturianas - El Digital de Asturias\" \/>\n\t\t<meta name=\"twitter:description\" content=\"Jornadas informativas virtuales en Asturias en las que se explicar\u00e1n las principales l\u00edneas del Plan de Recuperaci\u00f3n, Transformaci\u00f3n y Resiliencia ..\" \/>\n\t\t<meta name=\"twitter:image\" content=\"https:\/\/www.eldigitaldeasturias.com\/noticias\/wp-content\/uploads\/2020\/12\/EDA-1.jpg\" \/>\n\t\t<meta name=\"twitter:label1\" content=\"Escrito por\" \/>\n\t\t<meta name=\"twitter:data1\" content=\"El Digital de Asturias\" \/>\n\t\t<meta name=\"twitter:label2\" content=\"Tiempo de lectura estimado\" \/>\n\t\t<meta name=\"twitter:data2\" content=\"1 minuto\" \/>\n\t\t<script type=\"application\/ld+json\" class=\"aioseo-schema\">\n\t\t\t{\"@context\":\"https:\\\/\\\/schema.org\",\"@graph\":[{\"@type\":\"BlogPosting\",\"@id\":\"https:\\\/\\\/www.eldigitaldeasturias.com\\\/noticias\\\/objetivo-recuperacion-charlas-para-pymes-asturianas\\\/#blogposting\",\"name\":\"Objetivo recuperaci\\u00f3n: Charlas para pymes asturianas - El Digital de Asturias\",\"headline\":\"Objetivo recuperaci\\u00f3n: Charlas para pymes asturianas\",\"author\":{\"@id\":\"https:\\\/\\\/www.eldigitaldeasturias.com\\\/noticias\\\/author\\\/admin\\\/#author\"},\"publisher\":{\"@id\":\"https:\\\/\\\/www.eldigitaldeasturias.com\\\/noticias\\\/#organization\"},\"image\":{\"@type\":\"ImageObject\",\"url\":1074821},\"datePublished\":\"2021-05-01T10:39:32+02:00\",\"dateModified\":\"2021-05-01T10:39:32+02:00\",\"inLanguage\":\"es-ES\",\"mainEntityOfPage\":{\"@id\":\"https:\\\/\\\/www.eldigitaldeasturias.com\\\/noticias\\\/objetivo-recuperacion-charlas-para-pymes-asturianas\\\/#webpage\"},\"isPartOf\":{\"@id\":\"https:\\\/\\\/www.eldigitaldeasturias.com\\\/noticias\\\/objetivo-recuperacion-charlas-para-pymes-asturianas\\\/#webpage\"},\"articleSection\":\"Actualidad Asturias\"},{\"@type\":\"BreadcrumbList\",\"@id\":\"https:\\\/\\\/www.eldigitaldeasturias.com\\\/noticias\\\/objetivo-recuperacion-charlas-para-pymes-asturianas\\\/#breadcrumblist\",\"itemListElement\":[{\"@type\":\"ListItem\",\"@id\":\"https:\\\/\\\/www.eldigitaldeasturias.com\\\/noticias#listItem\",\"position\":1,\"name\":\"Home\",\"item\":\"https:\\\/\\\/www.eldigitaldeasturias.com\\\/noticias\",\"nextItem\":{\"@type\":\"ListItem\",\"@id\":\"https:\\\/\\\/www.eldigitaldeasturias.com\\\/noticias\\\/category\\\/actualidad-asturias\\\/#listItem\",\"name\":\"Actualidad Asturias\"}},{\"@type\":\"ListItem\",\"@id\":\"https:\\\/\\\/www.eldigitaldeasturias.com\\\/noticias\\\/category\\\/actualidad-asturias\\\/#listItem\",\"position\":2,\"name\":\"Actualidad Asturias\",\"item\":\"https:\\\/\\\/www.eldigitaldeasturias.com\\\/noticias\\\/category\\\/actualidad-asturias\\\/\",\"nextItem\":{\"@type\":\"ListItem\",\"@id\":\"https:\\\/\\\/www.eldigitaldeasturias.com\\\/noticias\\\/objetivo-recuperacion-charlas-para-pymes-asturianas\\\/#listItem\",\"name\":\"Objetivo recuperaci\\u00f3n: Charlas para pymes asturianas\"},\"previousItem\":{\"@type\":\"ListItem\",\"@id\":\"https:\\\/\\\/www.eldigitaldeasturias.com\\\/noticias#listItem\",\"name\":\"Home\"}},{\"@type\":\"ListItem\",\"@id\":\"https:\\\/\\\/www.eldigitaldeasturias.com\\\/noticias\\\/objetivo-recuperacion-charlas-para-pymes-asturianas\\\/#listItem\",\"position\":3,\"name\":\"Objetivo recuperaci\\u00f3n: Charlas para pymes asturianas\",\"previousItem\":{\"@type\":\"ListItem\",\"@id\":\"https:\\\/\\\/www.eldigitaldeasturias.com\\\/noticias\\\/category\\\/actualidad-asturias\\\/#listItem\",\"name\":\"Actualidad Asturias\"}}]},{\"@type\":\"Organization\",\"@id\":\"https:\\\/\\\/www.eldigitaldeasturias.com\\\/noticias\\\/#organization\",\"name\":\"El Digital de Asturias\",\"description\":\"Hemeroteca\",\"url\":\"https:\\\/\\\/www.eldigitaldeasturias.com\\\/noticias\\\/\",\"email\":\"info@eldigitaldeasturias.com\",\"telephone\":\"+34652131393\",\"logo\":{\"@type\":\"ImageObject\",\"url\":\"https:\\\/\\\/www.eldigitaldeasturias.com\\\/noticias\\\/wp-content\\\/uploads\\\/2020\\\/12\\\/EDA.jpg\",\"@id\":\"https:\\\/\\\/www.eldigitaldeasturias.com\\\/noticias\\\/objetivo-recuperacion-charlas-para-pymes-asturianas\\\/#organizationLogo\"},\"image\":{\"@id\":\"https:\\\/\\\/www.eldigitaldeasturias.com\\\/noticias\\\/objetivo-recuperacion-charlas-para-pymes-asturianas\\\/#organizationLogo\"},\"sameAs\":[\"https:\\\/\\\/facebook.com\\\/eldigitaldeasturias\",\"https:\\\/\\\/www.youtube.com\\\/channel\\\/UCZP-2wLEB9Rv6erhFmqVnvg\"],\"address\":{\"@id\":\"https:\\\/\\\/www.eldigitaldeasturias.com\\\/noticias\\\/#postaladdress\",\"@type\":\"PostalAddress\",\"streetAddress\":\"san antonio 4\",\"postalCode\":\"33430\",\"addressLocality\":\"Cand\\u00e1s\",\"addressRegion\":\"Asturias\",\"addressCountry\":\"ES\"}},{\"@type\":\"Person\",\"@id\":\"https:\\\/\\\/www.eldigitaldeasturias.com\\\/noticias\\\/author\\\/admin\\\/#author\",\"url\":\"https:\\\/\\\/www.eldigitaldeasturias.com\\\/noticias\\\/author\\\/admin\\\/\",\"name\":\"El Digital de Asturias\",\"image\":{\"@type\":\"ImageObject\",\"@id\":\"https:\\\/\\\/www.eldigitaldeasturias.com\\\/noticias\\\/objetivo-recuperacion-charlas-para-pymes-asturianas\\\/#authorImage\",\"url\":\"https:\\\/\\\/secure.gravatar.com\\\/avatar\\\/df2aeffc32bcd13f8d26072ef8a91b623d677766deac7f97ca815868cd41bf5e?s=96&d=mm&r=g\",\"width\":96,\"height\":96,\"caption\":\"El Digital de Asturias\"}},{\"@type\":\"WebPage\",\"@id\":\"https:\\\/\\\/www.eldigitaldeasturias.com\\\/noticias\\\/objetivo-recuperacion-charlas-para-pymes-asturianas\\\/#webpage\",\"url\":\"https:\\\/\\\/www.eldigitaldeasturias.com\\\/noticias\\\/objetivo-recuperacion-charlas-para-pymes-asturianas\\\/\",\"name\":\"Objetivo recuperaci\\u00f3n: Charlas para pymes asturianas - El Digital de Asturias\",\"description\":\"Jornadas informativas virtuales en Asturias en las que se explicar\\u00e1n las principales l\\u00edneas del Plan de Recuperaci\\u00f3n, Transformaci\\u00f3n y Resiliencia ..\",\"inLanguage\":\"es-ES\",\"isPartOf\":{\"@id\":\"https:\\\/\\\/www.eldigitaldeasturias.com\\\/noticias\\\/#website\"},\"breadcrumb\":{\"@id\":\"https:\\\/\\\/www.eldigitaldeasturias.com\\\/noticias\\\/objetivo-recuperacion-charlas-para-pymes-asturianas\\\/#breadcrumblist\"},\"author\":{\"@id\":\"https:\\\/\\\/www.eldigitaldeasturias.com\\\/noticias\\\/author\\\/admin\\\/#author\"},\"creator\":{\"@id\":\"https:\\\/\\\/www.eldigitaldeasturias.com\\\/noticias\\\/author\\\/admin\\\/#author\"},\"image\":{\"@type\":\"ImageObject\",\"url\":1074821,\"@id\":\"https:\\\/\\\/www.eldigitaldeasturias.com\\\/noticias\\\/objetivo-recuperacion-charlas-para-pymes-asturianas\\\/#mainImage\"},\"primaryImageOfPage\":{\"@id\":\"https:\\\/\\\/www.eldigitaldeasturias.com\\\/noticias\\\/objetivo-recuperacion-charlas-para-pymes-asturianas\\\/#mainImage\"},\"datePublished\":\"2021-05-01T10:39:32+02:00\",\"dateModified\":\"2021-05-01T10:39:32+02:00\"},{\"@type\":\"WebSite\",\"@id\":\"https:\\\/\\\/www.eldigitaldeasturias.com\\\/noticias\\\/#website\",\"url\":\"https:\\\/\\\/www.eldigitaldeasturias.com\\\/noticias\\\/\",\"name\":\"El Digital de Asturias - Diario de actualidad y noticias\",\"alternateName\":\"El Digital de Asturias - Diario de actualidad y noticias\",\"description\":\"Hemeroteca\",\"inLanguage\":\"es-ES\",\"publisher\":{\"@id\":\"https:\\\/\\\/www.eldigitaldeasturias.com\\\/noticias\\\/#organization\"}}]}\n\t\t<\/script>\n\t\t<!-- All in One SEO Pro -->\r\n\t\t<title>Objetivo recuperaci\u00f3n: Charlas para pymes asturianas - El Digital de Asturias<\/title>\n\n","aioseo_head_json":{"title":"Objetivo recuperaci\u00f3n: Charlas para pymes asturianas - El Digital de Asturias","description":"Jornadas informativas virtuales en Asturias en las que se explicar\u00e1n las principales l\u00edneas del Plan de Recuperaci\u00f3n, Transformaci\u00f3n y Resiliencia ..","canonical_url":"https:\/\/www.eldigitaldeasturias.com\/noticias\/objetivo-recuperacion-charlas-para-pymes-asturianas\/","robots":"max-image-preview:large","keywords":"actualidad asturias","webmasterTools":{"google-site-verification":"UA-38556648-1","msvalidate.01":"7dfe9f3f1b24437ab69f4f2559babe99","miscellaneous":""},"schema":{"@context":"https:\/\/schema.org","@graph":[{"@type":"BlogPosting","@id":"https:\/\/www.eldigitaldeasturias.com\/noticias\/objetivo-recuperacion-charlas-para-pymes-asturianas\/#blogposting","name":"Objetivo recuperaci\u00f3n: Charlas para pymes asturianas - El Digital de Asturias","headline":"Objetivo recuperaci\u00f3n: Charlas para pymes asturianas","author":{"@id":"https:\/\/www.eldigitaldeasturias.com\/noticias\/author\/admin\/#author"},"publisher":{"@id":"https:\/\/www.eldigitaldeasturias.com\/noticias\/#organization"},"image":{"@type":"ImageObject","url":1074821},"datePublished":"2021-05-01T10:39:32+02:00","dateModified":"2021-05-01T10:39:32+02:00","inLanguage":"es-ES","mainEntityOfPage":{"@id":"https:\/\/www.eldigitaldeasturias.com\/noticias\/objetivo-recuperacion-charlas-para-pymes-asturianas\/#webpage"},"isPartOf":{"@id":"https:\/\/www.eldigitaldeasturias.com\/noticias\/objetivo-recuperacion-charlas-para-pymes-asturianas\/#webpage"},"articleSection":"Actualidad Asturias"},{"@type":"BreadcrumbList","@id":"https:\/\/www.eldigitaldeasturias.com\/noticias\/objetivo-recuperacion-charlas-para-pymes-asturianas\/#breadcrumblist","itemListElement":[{"@type":"ListItem","@id":"https:\/\/www.eldigitaldeasturias.com\/noticias#listItem","position":1,"name":"Home","item":"https:\/\/www.eldigitaldeasturias.com\/noticias","nextItem":{"@type":"ListItem","@id":"https:\/\/www.eldigitaldeasturias.com\/noticias\/category\/actualidad-asturias\/#listItem","name":"Actualidad Asturias"}},{"@type":"ListItem","@id":"https:\/\/www.eldigitaldeasturias.com\/noticias\/category\/actualidad-asturias\/#listItem","position":2,"name":"Actualidad Asturias","item":"https:\/\/www.eldigitaldeasturias.com\/noticias\/category\/actualidad-asturias\/","nextItem":{"@type":"ListItem","@id":"https:\/\/www.eldigitaldeasturias.com\/noticias\/objetivo-recuperacion-charlas-para-pymes-asturianas\/#listItem","name":"Objetivo recuperaci\u00f3n: Charlas para pymes asturianas"},"previousItem":{"@type":"ListItem","@id":"https:\/\/www.eldigitaldeasturias.com\/noticias#listItem","name":"Home"}},{"@type":"ListItem","@id":"https:\/\/www.eldigitaldeasturias.com\/noticias\/objetivo-recuperacion-charlas-para-pymes-asturianas\/#listItem","position":3,"name":"Objetivo recuperaci\u00f3n: Charlas para pymes asturianas","previousItem":{"@type":"ListItem","@id":"https:\/\/www.eldigitaldeasturias.com\/noticias\/category\/actualidad-asturias\/#listItem","name":"Actualidad Asturias"}}]},{"@type":"Organization","@id":"https:\/\/www.eldigitaldeasturias.com\/noticias\/#organization","name":"El Digital de Asturias","description":"Hemeroteca","url":"https:\/\/www.eldigitaldeasturias.com\/noticias\/","email":"info@eldigitaldeasturias.com","telephone":"+34652131393","logo":{"@type":"ImageObject","url":"https:\/\/www.eldigitaldeasturias.com\/noticias\/wp-content\/uploads\/2020\/12\/EDA.jpg","@id":"https:\/\/www.eldigitaldeasturias.com\/noticias\/objetivo-recuperacion-charlas-para-pymes-asturianas\/#organizationLogo"},"image":{"@id":"https:\/\/www.eldigitaldeasturias.com\/noticias\/objetivo-recuperacion-charlas-para-pymes-asturianas\/#organizationLogo"},"sameAs":["https:\/\/facebook.com\/eldigitaldeasturias","https:\/\/www.youtube.com\/channel\/UCZP-2wLEB9Rv6erhFmqVnvg"],"address":{"@id":"https:\/\/www.eldigitaldeasturias.com\/noticias\/#postaladdress","@type":"PostalAddress","streetAddress":"san antonio 4","postalCode":"33430","addressLocality":"Cand\u00e1s","addressRegion":"Asturias","addressCountry":"ES"}},{"@type":"Person","@id":"https:\/\/www.eldigitaldeasturias.com\/noticias\/author\/admin\/#author","url":"https:\/\/www.eldigitaldeasturias.com\/noticias\/author\/admin\/","name":"El Digital de Asturias","image":{"@type":"ImageObject","@id":"https:\/\/www.eldigitaldeasturias.com\/noticias\/objetivo-recuperacion-charlas-para-pymes-asturianas\/#authorImage","url":"https:\/\/secure.gravatar.com\/avatar\/df2aeffc32bcd13f8d26072ef8a91b623d677766deac7f97ca815868cd41bf5e?s=96&d=mm&r=g","width":96,"height":96,"caption":"El Digital de Asturias"}},{"@type":"WebPage","@id":"https:\/\/www.eldigitaldeasturias.com\/noticias\/objetivo-recuperacion-charlas-para-pymes-asturianas\/#webpage","url":"https:\/\/www.eldigitaldeasturias.com\/noticias\/objetivo-recuperacion-charlas-para-pymes-asturianas\/","name":"Objetivo recuperaci\u00f3n: Charlas para pymes asturianas - El Digital de Asturias","description":"Jornadas informativas virtuales en Asturias en las que se explicar\u00e1n las principales l\u00edneas del Plan de Recuperaci\u00f3n, Transformaci\u00f3n y Resiliencia ..","inLanguage":"es-ES","isPartOf":{"@id":"https:\/\/www.eldigitaldeasturias.com\/noticias\/#website"},"breadcrumb":{"@id":"https:\/\/www.eldigitaldeasturias.com\/noticias\/objetivo-recuperacion-charlas-para-pymes-asturianas\/#breadcrumblist"},"author":{"@id":"https:\/\/www.eldigitaldeasturias.com\/noticias\/author\/admin\/#author"},"creator":{"@id":"https:\/\/www.eldigitaldeasturias.com\/noticias\/author\/admin\/#author"},"image":{"@type":"ImageObject","url":1074821,"@id":"https:\/\/www.eldigitaldeasturias.com\/noticias\/objetivo-recuperacion-charlas-para-pymes-asturianas\/#mainImage"},"primaryImageOfPage":{"@id":"https:\/\/www.eldigitaldeasturias.com\/noticias\/objetivo-recuperacion-charlas-para-pymes-asturianas\/#mainImage"},"datePublished":"2021-05-01T10:39:32+02:00","dateModified":"2021-05-01T10:39:32+02:00"},{"@type":"WebSite","@id":"https:\/\/www.eldigitaldeasturias.com\/noticias\/#website","url":"https:\/\/www.eldigitaldeasturias.com\/noticias\/","name":"El Digital de Asturias - Diario de actualidad y noticias","alternateName":"El Digital de Asturias - Diario de actualidad y noticias","description":"Hemeroteca","inLanguage":"es-ES","publisher":{"@id":"https:\/\/www.eldigitaldeasturias.com\/noticias\/#organization"}}]},"og:locale":"es_ES","og:site_name":"El Digital de Asturias","og:type":"article","og:title":"Objetivo recuperaci\u00f3n: Charlas para pymes asturianas - El Digital de Asturias","og:description":"Jornadas informativas virtuales en Asturias en las que se explicar\u00e1n las principales l\u00edneas del Plan de Recuperaci\u00f3n, Transformaci\u00f3n y Resiliencia ..","og:url":"https:\/\/www.eldigitaldeasturias.com\/noticias\/objetivo-recuperacion-charlas-para-pymes-asturianas\/","article:tag":["actualidad asturias"],"article:published_time":"2021-05-01T09:39:32+00:00","article:modified_time":"2021-05-01T09:39:32+00:00","article:publisher":"https:\/\/facebook.com\/eldigitaldeasturias","twitter:card":"summary_large_image","twitter:title":"Objetivo recuperaci\u00f3n: Charlas para pymes asturianas - El Digital de Asturias","twitter:description":"Jornadas informativas virtuales en Asturias en las que se explicar\u00e1n las principales l\u00edneas del Plan de Recuperaci\u00f3n, Transformaci\u00f3n y Resiliencia ..","twitter:image":"https:\/\/www.eldigitaldeasturias.com\/noticias\/wp-content\/uploads\/2020\/12\/EDA-1.jpg","twitter:label1":"Escrito por","twitter:data1":"El Digital de Asturias","twitter:label2":"Tiempo de lectura estimado","twitter:data2":"1 minuto"},"aioseo_meta_data":{"post_id":"1090676","title":null,"description":"Jornadas informativas virtuales en Asturias en las que se explicar\u00e1n las principales l\u00edneas del Plan de Recuperaci\u00f3n, Transformaci\u00f3n y Resiliencia ..","keywords":[],"keyphrases":{"focus":[],"additional":[]},"primary_term":null,"canonical_url":null,"og_title":null,"og_description":null,"og_object_type":"default","og_image_type":"default","og_image_url":null,"og_image_width":null,"og_image_height":null,"og_image_custom_url":null,"og_image_custom_fields":null,"og_video":"","og_custom_url":null,"og_article_section":null,"og_article_tags":[],"twitter_use_og":false,"twitter_card":"default","twitter_image_type":"default","twitter_image_url":null,"twitter_image_custom_url":null,"twitter_image_custom_fields":null,"twitter_title":null,"twitter_description":null,"schema":{"blockGraphs":[],"customGraphs":[],"default":{"data":{"Article":[],"Course":[],"Dataset":[],"FAQPage":[],"Movie":[],"Person":[],"Product":[],"ProductReview":[],"Car":[],"Recipe":[],"Service":[],"SoftwareApplication":[],"WebPage":[]},"graphName":"","isEnabled":true},"graphs":[],"defaultGraph":"Article","defaultPostTypeGraph":""},"schema_type":"default","schema_type_options":"{\"article\":{\"articleType\":\"BlogPosting\"},\"course\":{\"name\":\"\",\"description\":\"\",\"provider\":\"\"},\"faq\":{\"pages\":[]},\"product\":{\"reviews\":[]},\"recipe\":{\"ingredients\":[],\"instructions\":[],\"keywords\":[]},\"software\":{\"reviews\":[],\"operatingSystems\":[]},\"webPage\":{\"webPageType\":\"WebPage\"}}","pillar_content":false,"robots_default":true,"robots_noindex":false,"robots_noarchive":false,"robots_nosnippet":false,"robots_nofollow":false,"robots_noimageindex":false,"robots_noodp":false,"robots_notranslate":false,"robots_max_snippet":"-1","robots_max_videopreview":"-1","robots_max_imagepreview":"large","priority":null,"frequency":"default","local_seo":{"locations":{"business":{"name":"","businessType":"","image":"","areaServed":"","urls":{"website":"","aboutPage":"","contactPage":""},"address":{"streetLine1":"","streetLine2":"","zipCode":"","city":"","state":"","country":"","addressFormat":"#streetLineOne\n#streetLineTwo\n#city, #state #zipCode"},"contact":{"phone":"","email":"","fax":""},"ids":{"vat":"","tax":"","chamberOfCommerce":""},"payment":{"priceRange":"","currenciesAccepted":"","methods":""}}},"openingHours":{"useDefaults":true,"show":true,"alwaysOpen":false,"use24hFormat":false,"timezone":"","labels":{"closed":"","alwaysOpen":""},"days":{"monday":{"open24h":false,"closed":false,"openTime":"09:00","closeTime":"17:00"},"tuesday":{"open24h":false,"closed":false,"openTime":"09:00","closeTime":"17:00"},"wednesday":{"open24h":false,"closed":false,"openTime":"09:00","closeTime":"17:00"},"thursday":{"open24h":false,"closed":false,"openTime":"09:00","closeTime":"17:00"},"friday":{"open24h":false,"closed":false,"openTime":"09:00","closeTime":"17:00"},"saturday":{"open24h":false,"closed":false,"openTime":"09:00","closeTime":"17:00"},"sunday":{"open24h":false,"closed":false,"openTime":"09:00","closeTime":"17:00"}}}},"seo_analyzer_scan_date":"2026-07-17 15:07:42","breadcrumb_settings":null,"limit_modified_date":false,"open_ai":null,"ai":null,"created":"2021-05-01 09:37:25","updated":"2026-07-17 15:07:42","focus_keyword":null,"additional_keywords":null,"truseo_locale":null},"aioseo_breadcrumb":"<div class=\"aioseo-breadcrumbs\"><span class=\"aioseo-breadcrumb\">\n\t<a href=\"https:\/\/www.eldigitaldeasturias.com\/noticias\" title=\"Home\">Home<\/a>\n<\/span><span class=\"aioseo-breadcrumb-separator\">\u2013<\/span><span class=\"aioseo-breadcrumb\">\n\t<a href=\"https:\/\/www.eldigitaldeasturias.com\/noticias\/category\/actualidad-asturias\/\" title=\"Actualidad Asturias\">Actualidad Asturias<\/a>\n<\/span><span class=\"aioseo-breadcrumb-separator\">\u2013<\/span><span class=\"aioseo-breadcrumb\">\n\t<a href=\"https:\/\/www.eldigitaldeasturias.com\/noticias\/objetivo-recuperacion-charlas-para-pymes-asturianas\/\" title=\"Objetivo recuperaci\u00f3n: Charlas para pymes asturianas\">Objetivo recuperaci\u00f3n: Charlas para pymes asturianas<\/a>\n<\/span><\/div>","aioseo_breadcrumb_json":[{"label":"Home","link":"https:\/\/www.eldigitaldeasturias.com\/noticias"},{"label":"Actualidad Asturias","link":"https:\/\/www.eldigitaldeasturias.com\/noticias\/category\/actualidad-asturias\/"},{"label":"Objetivo recuperaci\u00f3n: Charlas para pymes asturianas","link":"https:\/\/www.eldigitaldeasturias.com\/noticias\/objetivo-recuperacion-charlas-para-pymes-asturianas\/"}],"_links":{"self":[{"href":"https:\/\/www.eldigitaldeasturias.com\/noticias\/wp-json\/wp\/v2\/posts\/1090676","targetHints":{"allow":["GET"]}}],"collection":[{"href":"https:\/\/www.eldigitaldeasturias.com\/noticias\/wp-json\/wp\/v2\/posts"}],"about":[{"href":"https:\/\/www.eldigitaldeasturias.com\/noticias\/wp-json\/wp\/v2\/types\/post"}],"author":[{"embeddable":true,"href":"https:\/\/www.eldigitaldeasturias.com\/noticias\/wp-json\/wp\/v2\/users\/1"}],"replies":[{"embeddable":true,"href":"https:\/\/www.eldigitaldeasturias.com\/noticias\/wp-json\/wp\/v2\/comments?post=1090676"}],"version-history":[{"count":0,"href":"https:\/\/www.eldigitaldeasturias.com\/noticias\/wp-json\/wp\/v2\/posts\/1090676\/revisions"}],"wp:attachment":[{"href":"https:\/\/www.eldigitaldeasturias.com\/noticias\/wp-json\/wp\/v2\/media?parent=1090676"}],"wp:term":[{"taxonomy":"category","embeddable":true,"href":"https:\/\/www.eldigitaldeasturias.com\/noticias\/wp-json\/wp\/v2\/categories?post=1090676"},{"taxonomy":"post_tag","embeddable":true,"href":"https:\/\/www.eldigitaldeasturias.com\/noticias\/wp-json\/wp\/v2\/tags?post=1090676"}],"curies":[{"name":"wp","href":"https:\/\/api.w.org\/{rel}","templated":true}]}}