{"id":1090674,"date":"2021-05-01T10:37:09","date_gmt":"2021-05-01T09:37:09","guid":{"rendered":"https:\/\/www.eldigitaldeasturias.com\/noticias\/?p=1090674"},"modified":"2021-05-01T10:37:09","modified_gmt":"2021-05-01T09:37:09","slug":"nueva-vida-para-el-suelo-de-los-antiguos-talleres-del-conde","status":"publish","type":"post","link":"https:\/\/www.eldigitaldeasturias.com\/noticias\/nueva-vida-para-el-suelo-de-los-antiguos-talleres-del-conde\/","title":{"rendered":"\u201cNueva vida\u201d para el suelo de los antiguos Talleres del Conde"},"content":{"rendered":"<p><img loading=\"lazy\" decoding=\"async\" class=\"alignleft size-medium wp-image-1066663\" src=\"https:\/\/www.eldigitaldeasturias.com\/noticias\/wp-content\/uploads\/2020\/05\/notis-360x240.jpg\" alt=\"\" width=\"360\" height=\"240\" \/>La Consejer\u00eda asturiana de Administraci\u00f3n Auton\u00f3mica, Medio Ambiente y Cambio Clim\u00e1tico, ha sacado a licitaci\u00f3n el <strong>proyecto de restauraci\u00f3n de los suelos contaminados de los antiguos Talleres del Conde<\/strong>, en el concejo de Langreo. El presupuesto de las obras, que contar\u00e1n con un plazo de ejecuci\u00f3n de cuatro meses, asciende a 161.897 euros.<\/p>\n<p>La finalidad de la actuaci\u00f3n es acondicionar los terrenos, en los que se desarroll\u00f3 una intensa actividad metal\u00fargica durante los siglos XIX y XX, para que puedan albergar los usos previstos. Inicialmente, las obras consistir\u00e1n en el desbroce y limpieza de una superficie aproximada de 500 metros cuadrados y una profundidad m\u00ednima de 25 cent\u00edmetros, que incluye la capa de tierra vegetal.<\/p>\n<p>El proyecto tambi\u00e9n contempla la excavaci\u00f3n de cerca de 515 metros c\u00fabicos de tierras, la demolici\u00f3n y levantado de 300 metros cuadrados de pavimento de hormig\u00f3n en masa y el relleno de zanjas con material de la excavaci\u00f3n, as\u00ed como la gesti\u00f3n y transporte de los residuos.<\/p>\n<p>Otras intervenciones se centrar\u00e1n en los controles anal\u00edticos de agua subterr\u00e1nea, previos a la descontaminaci\u00f3n, as\u00ed como del suelo remanente del emplazamiento despu\u00e9s de descontaminar el \u00e1rea. Tambi\u00e9n se llevar\u00e1 a cabo un an\u00e1lisis final de las aguas subterr\u00e1neas.<\/p>\n<p>&nbsp;<\/p>\n<p>&nbsp;<\/p>\n","protected":false},"excerpt":{"rendered":"<p>La Consejer\u00eda asturiana de Administraci\u00f3n Auton\u00f3mica, Medio Ambiente y Cambio Clim\u00e1tico, ha sacado a licitaci\u00f3n el proyecto de restauraci\u00f3n de los suelos contaminados de los antiguos Talleres del Conde, en el concejo de Langreo. El presupuesto de las obras, que contar\u00e1n con un plazo de ejecuci\u00f3n de cuatro meses, asciende a 161.897 euros. La finalidad [&hellip;]<\/p>\n","protected":false},"author":1,"featured_media":1077774,"comment_status":"closed","ping_status":"closed","sticky":false,"template":"","format":"standard","meta":{"footnotes":""},"categories":[12],"tags":[],"class_list":["post-1090674","post","type-post","status-publish","format-standard","has-post-thumbnail","hentry","category-actualidad-asturias"],"aioseo_notices":[],"aioseo_head":"\n\t\t<!-- All in One SEO Pro 5.0.1 - aioseo.com -->\n\t<meta name=\"description\" content=\"Proyecto de restauraci\u00f3n de los suelos contaminados de los antiguos Talleres del Conde, en el concejo asturiano de Langreo ..\" \/>\n\t<meta name=\"robots\" content=\"max-image-preview:large\" \/>\n\t<meta name=\"author\" content=\"El Digital de Asturias\"\/>\n\t<meta name=\"google-site-verification\" content=\"UA-38556648-1\" \/>\n\t<meta name=\"msvalidate.01\" content=\"7dfe9f3f1b24437ab69f4f2559babe99\" \/>\n\t<meta name=\"keywords\" content=\"actualidad asturias\" \/>\n\t<link rel=\"canonical\" href=\"https:\/\/www.eldigitaldeasturias.com\/noticias\/nueva-vida-para-el-suelo-de-los-antiguos-talleres-del-conde\/\" \/>\n\t<meta name=\"generator\" content=\"All in One SEO Pro (AIOSEO) 5.0.1\" \/>\n\t\t<meta property=\"og:locale\" content=\"es_ES\" \/>\n\t\t<meta property=\"og:site_name\" content=\"El Digital de Asturias\" \/>\n\t\t<meta property=\"og:type\" content=\"article\" \/>\n\t\t<meta property=\"og:title\" content=\"\u201cNueva vida\u201d para el suelo de los antiguos Talleres del Conde - El Digital de Asturias\" \/>\n\t\t<meta property=\"og:description\" content=\"Proyecto de restauraci\u00f3n de los suelos contaminados de los antiguos Talleres del Conde, en el concejo asturiano de Langreo ..\" \/>\n\t\t<meta property=\"og:url\" content=\"https:\/\/www.eldigitaldeasturias.com\/noticias\/nueva-vida-para-el-suelo-de-los-antiguos-talleres-del-conde\/\" \/>\n\t\t<meta property=\"article:tag\" content=\"actualidad asturias\" \/>\n\t\t<meta property=\"article:published_time\" content=\"2021-05-01T09:37:09+00:00\" \/>\n\t\t<meta property=\"article:modified_time\" content=\"2021-05-01T09:37:09+00:00\" \/>\n\t\t<meta property=\"article:publisher\" content=\"https:\/\/facebook.com\/eldigitaldeasturias\" \/>\n\t\t<meta name=\"twitter:card\" content=\"summary_large_image\" \/>\n\t\t<meta name=\"twitter:title\" content=\"\u201cNueva vida\u201d para el suelo de los antiguos Talleres del Conde - El Digital de Asturias\" \/>\n\t\t<meta name=\"twitter:description\" content=\"Proyecto de restauraci\u00f3n de los suelos contaminados de los antiguos Talleres del Conde, en el concejo asturiano de Langreo ..\" \/>\n\t\t<meta name=\"twitter:image\" content=\"https:\/\/www.eldigitaldeasturias.com\/noticias\/wp-content\/uploads\/2020\/12\/EDA-1.jpg\" \/>\n\t\t<meta name=\"twitter:label1\" content=\"Escrito por\" \/>\n\t\t<meta name=\"twitter:data1\" content=\"El Digital de Asturias\" \/>\n\t\t<meta name=\"twitter:label2\" content=\"Tiempo de lectura estimado\" \/>\n\t\t<meta name=\"twitter:data2\" content=\"1 minuto\" \/>\n\t\t<script type=\"application\/ld+json\" class=\"aioseo-schema\">\n\t\t\t{\"@context\":\"https:\\\/\\\/schema.org\",\"@graph\":[{\"@type\":\"BlogPosting\",\"@id\":\"https:\\\/\\\/www.eldigitaldeasturias.com\\\/noticias\\\/nueva-vida-para-el-suelo-de-los-antiguos-talleres-del-conde\\\/#blogposting\",\"name\":\"\\u201cNueva vida\\u201d para el suelo de los antiguos Talleres del Conde - El Digital de Asturias\",\"headline\":\"\\u201cNueva vida\\u201d para el suelo de los antiguos Talleres del Conde\",\"author\":{\"@id\":\"https:\\\/\\\/www.eldigitaldeasturias.com\\\/noticias\\\/author\\\/admin\\\/#author\"},\"publisher\":{\"@id\":\"https:\\\/\\\/www.eldigitaldeasturias.com\\\/noticias\\\/#organization\"},\"image\":{\"@type\":\"ImageObject\",\"url\":1077774},\"datePublished\":\"2021-05-01T10:37:09+02:00\",\"dateModified\":\"2021-05-01T10:37:09+02:00\",\"inLanguage\":\"es-ES\",\"mainEntityOfPage\":{\"@id\":\"https:\\\/\\\/www.eldigitaldeasturias.com\\\/noticias\\\/nueva-vida-para-el-suelo-de-los-antiguos-talleres-del-conde\\\/#webpage\"},\"isPartOf\":{\"@id\":\"https:\\\/\\\/www.eldigitaldeasturias.com\\\/noticias\\\/nueva-vida-para-el-suelo-de-los-antiguos-talleres-del-conde\\\/#webpage\"},\"articleSection\":\"Actualidad Asturias\"},{\"@type\":\"BreadcrumbList\",\"@id\":\"https:\\\/\\\/www.eldigitaldeasturias.com\\\/noticias\\\/nueva-vida-para-el-suelo-de-los-antiguos-talleres-del-conde\\\/#breadcrumblist\",\"itemListElement\":[{\"@type\":\"ListItem\",\"@id\":\"https:\\\/\\\/www.eldigitaldeasturias.com\\\/noticias#listItem\",\"position\":1,\"name\":\"Home\",\"item\":\"https:\\\/\\\/www.eldigitaldeasturias.com\\\/noticias\",\"nextItem\":{\"@type\":\"ListItem\",\"@id\":\"https:\\\/\\\/www.eldigitaldeasturias.com\\\/noticias\\\/category\\\/actualidad-asturias\\\/#listItem\",\"name\":\"Actualidad Asturias\"}},{\"@type\":\"ListItem\",\"@id\":\"https:\\\/\\\/www.eldigitaldeasturias.com\\\/noticias\\\/category\\\/actualidad-asturias\\\/#listItem\",\"position\":2,\"name\":\"Actualidad Asturias\",\"item\":\"https:\\\/\\\/www.eldigitaldeasturias.com\\\/noticias\\\/category\\\/actualidad-asturias\\\/\",\"nextItem\":{\"@type\":\"ListItem\",\"@id\":\"https:\\\/\\\/www.eldigitaldeasturias.com\\\/noticias\\\/nueva-vida-para-el-suelo-de-los-antiguos-talleres-del-conde\\\/#listItem\",\"name\":\"\\u201cNueva vida\\u201d para el suelo de los antiguos Talleres del Conde\"},\"previousItem\":{\"@type\":\"ListItem\",\"@id\":\"https:\\\/\\\/www.eldigitaldeasturias.com\\\/noticias#listItem\",\"name\":\"Home\"}},{\"@type\":\"ListItem\",\"@id\":\"https:\\\/\\\/www.eldigitaldeasturias.com\\\/noticias\\\/nueva-vida-para-el-suelo-de-los-antiguos-talleres-del-conde\\\/#listItem\",\"position\":3,\"name\":\"\\u201cNueva vida\\u201d para el suelo de los antiguos Talleres del Conde\",\"previousItem\":{\"@type\":\"ListItem\",\"@id\":\"https:\\\/\\\/www.eldigitaldeasturias.com\\\/noticias\\\/category\\\/actualidad-asturias\\\/#listItem\",\"name\":\"Actualidad Asturias\"}}]},{\"@type\":\"Organization\",\"@id\":\"https:\\\/\\\/www.eldigitaldeasturias.com\\\/noticias\\\/#organization\",\"name\":\"El Digital de Asturias\",\"description\":\"Hemeroteca\",\"url\":\"https:\\\/\\\/www.eldigitaldeasturias.com\\\/noticias\\\/\",\"email\":\"info@eldigitaldeasturias.com\",\"telephone\":\"+34652131393\",\"logo\":{\"@type\":\"ImageObject\",\"url\":\"https:\\\/\\\/www.eldigitaldeasturias.com\\\/noticias\\\/wp-content\\\/uploads\\\/2020\\\/12\\\/EDA.jpg\",\"@id\":\"https:\\\/\\\/www.eldigitaldeasturias.com\\\/noticias\\\/nueva-vida-para-el-suelo-de-los-antiguos-talleres-del-conde\\\/#organizationLogo\"},\"image\":{\"@id\":\"https:\\\/\\\/www.eldigitaldeasturias.com\\\/noticias\\\/nueva-vida-para-el-suelo-de-los-antiguos-talleres-del-conde\\\/#organizationLogo\"},\"sameAs\":[\"https:\\\/\\\/facebook.com\\\/eldigitaldeasturias\",\"https:\\\/\\\/www.youtube.com\\\/channel\\\/UCZP-2wLEB9Rv6erhFmqVnvg\"],\"address\":{\"@id\":\"https:\\\/\\\/www.eldigitaldeasturias.com\\\/noticias\\\/#postaladdress\",\"@type\":\"PostalAddress\",\"streetAddress\":\"san antonio 4\",\"postalCode\":\"33430\",\"addressLocality\":\"Cand\\u00e1s\",\"addressRegion\":\"Asturias\",\"addressCountry\":\"ES\"}},{\"@type\":\"Person\",\"@id\":\"https:\\\/\\\/www.eldigitaldeasturias.com\\\/noticias\\\/author\\\/admin\\\/#author\",\"url\":\"https:\\\/\\\/www.eldigitaldeasturias.com\\\/noticias\\\/author\\\/admin\\\/\",\"name\":\"El Digital de Asturias\",\"image\":{\"@type\":\"ImageObject\",\"@id\":\"https:\\\/\\\/www.eldigitaldeasturias.com\\\/noticias\\\/nueva-vida-para-el-suelo-de-los-antiguos-talleres-del-conde\\\/#authorImage\",\"url\":\"https:\\\/\\\/secure.gravatar.com\\\/avatar\\\/df2aeffc32bcd13f8d26072ef8a91b623d677766deac7f97ca815868cd41bf5e?s=96&d=mm&r=g\",\"width\":96,\"height\":96,\"caption\":\"El Digital de Asturias\"}},{\"@type\":\"WebPage\",\"@id\":\"https:\\\/\\\/www.eldigitaldeasturias.com\\\/noticias\\\/nueva-vida-para-el-suelo-de-los-antiguos-talleres-del-conde\\\/#webpage\",\"url\":\"https:\\\/\\\/www.eldigitaldeasturias.com\\\/noticias\\\/nueva-vida-para-el-suelo-de-los-antiguos-talleres-del-conde\\\/\",\"name\":\"\\u201cNueva vida\\u201d para el suelo de los antiguos Talleres del Conde - El Digital de Asturias\",\"description\":\"Proyecto de restauraci\\u00f3n de los suelos contaminados de los antiguos Talleres del Conde, en el concejo asturiano de Langreo ..\",\"inLanguage\":\"es-ES\",\"isPartOf\":{\"@id\":\"https:\\\/\\\/www.eldigitaldeasturias.com\\\/noticias\\\/#website\"},\"breadcrumb\":{\"@id\":\"https:\\\/\\\/www.eldigitaldeasturias.com\\\/noticias\\\/nueva-vida-para-el-suelo-de-los-antiguos-talleres-del-conde\\\/#breadcrumblist\"},\"author\":{\"@id\":\"https:\\\/\\\/www.eldigitaldeasturias.com\\\/noticias\\\/author\\\/admin\\\/#author\"},\"creator\":{\"@id\":\"https:\\\/\\\/www.eldigitaldeasturias.com\\\/noticias\\\/author\\\/admin\\\/#author\"},\"image\":{\"@type\":\"ImageObject\",\"url\":1077774,\"@id\":\"https:\\\/\\\/www.eldigitaldeasturias.com\\\/noticias\\\/nueva-vida-para-el-suelo-de-los-antiguos-talleres-del-conde\\\/#mainImage\"},\"primaryImageOfPage\":{\"@id\":\"https:\\\/\\\/www.eldigitaldeasturias.com\\\/noticias\\\/nueva-vida-para-el-suelo-de-los-antiguos-talleres-del-conde\\\/#mainImage\"},\"datePublished\":\"2021-05-01T10:37:09+02:00\",\"dateModified\":\"2021-05-01T10:37:09+02:00\"},{\"@type\":\"WebSite\",\"@id\":\"https:\\\/\\\/www.eldigitaldeasturias.com\\\/noticias\\\/#website\",\"url\":\"https:\\\/\\\/www.eldigitaldeasturias.com\\\/noticias\\\/\",\"name\":\"El Digital de Asturias - Diario de actualidad y noticias\",\"alternateName\":\"El Digital de Asturias - Diario de actualidad y noticias\",\"description\":\"Hemeroteca\",\"inLanguage\":\"es-ES\",\"publisher\":{\"@id\":\"https:\\\/\\\/www.eldigitaldeasturias.com\\\/noticias\\\/#organization\"}}]}\n\t\t<\/script>\n\t\t<!-- All in One SEO Pro -->\r\n\t\t<title>\u201cNueva vida\u201d para el suelo de los antiguos Talleres del Conde - El Digital de Asturias<\/title>\n\n","aioseo_head_json":{"title":"\u201cNueva vida\u201d para el suelo de los antiguos Talleres del Conde - El Digital de Asturias","description":"Proyecto de restauraci\u00f3n de los suelos contaminados de los antiguos Talleres del Conde, en el concejo asturiano de Langreo ..","canonical_url":"https:\/\/www.eldigitaldeasturias.com\/noticias\/nueva-vida-para-el-suelo-de-los-antiguos-talleres-del-conde\/","robots":"max-image-preview:large","keywords":"actualidad asturias","webmasterTools":{"google-site-verification":"UA-38556648-1","msvalidate.01":"7dfe9f3f1b24437ab69f4f2559babe99","miscellaneous":""},"schema":{"@context":"https:\/\/schema.org","@graph":[{"@type":"BlogPosting","@id":"https:\/\/www.eldigitaldeasturias.com\/noticias\/nueva-vida-para-el-suelo-de-los-antiguos-talleres-del-conde\/#blogposting","name":"\u201cNueva vida\u201d para el suelo de los antiguos Talleres del Conde - El Digital de Asturias","headline":"\u201cNueva vida\u201d para el suelo de los antiguos Talleres del Conde","author":{"@id":"https:\/\/www.eldigitaldeasturias.com\/noticias\/author\/admin\/#author"},"publisher":{"@id":"https:\/\/www.eldigitaldeasturias.com\/noticias\/#organization"},"image":{"@type":"ImageObject","url":1077774},"datePublished":"2021-05-01T10:37:09+02:00","dateModified":"2021-05-01T10:37:09+02:00","inLanguage":"es-ES","mainEntityOfPage":{"@id":"https:\/\/www.eldigitaldeasturias.com\/noticias\/nueva-vida-para-el-suelo-de-los-antiguos-talleres-del-conde\/#webpage"},"isPartOf":{"@id":"https:\/\/www.eldigitaldeasturias.com\/noticias\/nueva-vida-para-el-suelo-de-los-antiguos-talleres-del-conde\/#webpage"},"articleSection":"Actualidad Asturias"},{"@type":"BreadcrumbList","@id":"https:\/\/www.eldigitaldeasturias.com\/noticias\/nueva-vida-para-el-suelo-de-los-antiguos-talleres-del-conde\/#breadcrumblist","itemListElement":[{"@type":"ListItem","@id":"https:\/\/www.eldigitaldeasturias.com\/noticias#listItem","position":1,"name":"Home","item":"https:\/\/www.eldigitaldeasturias.com\/noticias","nextItem":{"@type":"ListItem","@id":"https:\/\/www.eldigitaldeasturias.com\/noticias\/category\/actualidad-asturias\/#listItem","name":"Actualidad Asturias"}},{"@type":"ListItem","@id":"https:\/\/www.eldigitaldeasturias.com\/noticias\/category\/actualidad-asturias\/#listItem","position":2,"name":"Actualidad Asturias","item":"https:\/\/www.eldigitaldeasturias.com\/noticias\/category\/actualidad-asturias\/","nextItem":{"@type":"ListItem","@id":"https:\/\/www.eldigitaldeasturias.com\/noticias\/nueva-vida-para-el-suelo-de-los-antiguos-talleres-del-conde\/#listItem","name":"\u201cNueva vida\u201d para el suelo de los antiguos Talleres del Conde"},"previousItem":{"@type":"ListItem","@id":"https:\/\/www.eldigitaldeasturias.com\/noticias#listItem","name":"Home"}},{"@type":"ListItem","@id":"https:\/\/www.eldigitaldeasturias.com\/noticias\/nueva-vida-para-el-suelo-de-los-antiguos-talleres-del-conde\/#listItem","position":3,"name":"\u201cNueva vida\u201d para el suelo de los antiguos Talleres del Conde","previousItem":{"@type":"ListItem","@id":"https:\/\/www.eldigitaldeasturias.com\/noticias\/category\/actualidad-asturias\/#listItem","name":"Actualidad Asturias"}}]},{"@type":"Organization","@id":"https:\/\/www.eldigitaldeasturias.com\/noticias\/#organization","name":"El Digital de Asturias","description":"Hemeroteca","url":"https:\/\/www.eldigitaldeasturias.com\/noticias\/","email":"info@eldigitaldeasturias.com","telephone":"+34652131393","logo":{"@type":"ImageObject","url":"https:\/\/www.eldigitaldeasturias.com\/noticias\/wp-content\/uploads\/2020\/12\/EDA.jpg","@id":"https:\/\/www.eldigitaldeasturias.com\/noticias\/nueva-vida-para-el-suelo-de-los-antiguos-talleres-del-conde\/#organizationLogo"},"image":{"@id":"https:\/\/www.eldigitaldeasturias.com\/noticias\/nueva-vida-para-el-suelo-de-los-antiguos-talleres-del-conde\/#organizationLogo"},"sameAs":["https:\/\/facebook.com\/eldigitaldeasturias","https:\/\/www.youtube.com\/channel\/UCZP-2wLEB9Rv6erhFmqVnvg"],"address":{"@id":"https:\/\/www.eldigitaldeasturias.com\/noticias\/#postaladdress","@type":"PostalAddress","streetAddress":"san antonio 4","postalCode":"33430","addressLocality":"Cand\u00e1s","addressRegion":"Asturias","addressCountry":"ES"}},{"@type":"Person","@id":"https:\/\/www.eldigitaldeasturias.com\/noticias\/author\/admin\/#author","url":"https:\/\/www.eldigitaldeasturias.com\/noticias\/author\/admin\/","name":"El Digital de Asturias","image":{"@type":"ImageObject","@id":"https:\/\/www.eldigitaldeasturias.com\/noticias\/nueva-vida-para-el-suelo-de-los-antiguos-talleres-del-conde\/#authorImage","url":"https:\/\/secure.gravatar.com\/avatar\/df2aeffc32bcd13f8d26072ef8a91b623d677766deac7f97ca815868cd41bf5e?s=96&d=mm&r=g","width":96,"height":96,"caption":"El Digital de Asturias"}},{"@type":"WebPage","@id":"https:\/\/www.eldigitaldeasturias.com\/noticias\/nueva-vida-para-el-suelo-de-los-antiguos-talleres-del-conde\/#webpage","url":"https:\/\/www.eldigitaldeasturias.com\/noticias\/nueva-vida-para-el-suelo-de-los-antiguos-talleres-del-conde\/","name":"\u201cNueva vida\u201d para el suelo de los antiguos Talleres del Conde - El Digital de Asturias","description":"Proyecto de restauraci\u00f3n de los suelos contaminados de los antiguos Talleres del Conde, en el concejo asturiano de Langreo ..","inLanguage":"es-ES","isPartOf":{"@id":"https:\/\/www.eldigitaldeasturias.com\/noticias\/#website"},"breadcrumb":{"@id":"https:\/\/www.eldigitaldeasturias.com\/noticias\/nueva-vida-para-el-suelo-de-los-antiguos-talleres-del-conde\/#breadcrumblist"},"author":{"@id":"https:\/\/www.eldigitaldeasturias.com\/noticias\/author\/admin\/#author"},"creator":{"@id":"https:\/\/www.eldigitaldeasturias.com\/noticias\/author\/admin\/#author"},"image":{"@type":"ImageObject","url":1077774,"@id":"https:\/\/www.eldigitaldeasturias.com\/noticias\/nueva-vida-para-el-suelo-de-los-antiguos-talleres-del-conde\/#mainImage"},"primaryImageOfPage":{"@id":"https:\/\/www.eldigitaldeasturias.com\/noticias\/nueva-vida-para-el-suelo-de-los-antiguos-talleres-del-conde\/#mainImage"},"datePublished":"2021-05-01T10:37:09+02:00","dateModified":"2021-05-01T10:37:09+02:00"},{"@type":"WebSite","@id":"https:\/\/www.eldigitaldeasturias.com\/noticias\/#website","url":"https:\/\/www.eldigitaldeasturias.com\/noticias\/","name":"El Digital de Asturias - Diario de actualidad y noticias","alternateName":"El Digital de Asturias - Diario de actualidad y noticias","description":"Hemeroteca","inLanguage":"es-ES","publisher":{"@id":"https:\/\/www.eldigitaldeasturias.com\/noticias\/#organization"}}]},"og:locale":"es_ES","og:site_name":"El Digital de Asturias","og:type":"article","og:title":"\u201cNueva vida\u201d para el suelo de los antiguos Talleres del Conde - El Digital de Asturias","og:description":"Proyecto de restauraci\u00f3n de los suelos contaminados de los antiguos Talleres del Conde, en el concejo asturiano de Langreo ..","og:url":"https:\/\/www.eldigitaldeasturias.com\/noticias\/nueva-vida-para-el-suelo-de-los-antiguos-talleres-del-conde\/","article:tag":["actualidad asturias"],"article:published_time":"2021-05-01T09:37:09+00:00","article:modified_time":"2021-05-01T09:37:09+00:00","article:publisher":"https:\/\/facebook.com\/eldigitaldeasturias","twitter:card":"summary_large_image","twitter:title":"\u201cNueva vida\u201d para el suelo de los antiguos Talleres del Conde - El Digital de Asturias","twitter:description":"Proyecto de restauraci\u00f3n de los suelos contaminados de los antiguos Talleres del Conde, en el concejo asturiano de Langreo ..","twitter:image":"https:\/\/www.eldigitaldeasturias.com\/noticias\/wp-content\/uploads\/2020\/12\/EDA-1.jpg","twitter:label1":"Escrito por","twitter:data1":"El Digital de Asturias","twitter:label2":"Tiempo de lectura estimado","twitter:data2":"1 minuto"},"aioseo_meta_data":{"post_id":"1090674","title":null,"description":"Proyecto de restauraci\u00f3n de los suelos contaminados de los antiguos Talleres del Conde, en el concejo asturiano de Langreo ..","keywords":[],"keyphrases":{"focus":[],"additional":[]},"primary_term":null,"canonical_url":null,"og_title":null,"og_description":null,"og_object_type":"default","og_image_type":"default","og_image_url":null,"og_image_width":null,"og_image_height":null,"og_image_custom_url":null,"og_image_custom_fields":null,"og_video":"","og_custom_url":null,"og_article_section":null,"og_article_tags":[],"twitter_use_og":false,"twitter_card":"default","twitter_image_type":"default","twitter_image_url":null,"twitter_image_custom_url":null,"twitter_image_custom_fields":null,"twitter_title":null,"twitter_description":null,"schema":{"blockGraphs":[],"customGraphs":[],"default":{"data":{"Article":[],"Course":[],"Dataset":[],"FAQPage":[],"Movie":[],"Person":[],"Product":[],"ProductReview":[],"Car":[],"Recipe":[],"Service":[],"SoftwareApplication":[],"WebPage":[]},"graphName":"","isEnabled":true},"graphs":[],"defaultGraph":"Article","defaultPostTypeGraph":""},"schema_type":"default","schema_type_options":"{\"article\":{\"articleType\":\"BlogPosting\"},\"course\":{\"name\":\"\",\"description\":\"\",\"provider\":\"\"},\"faq\":{\"pages\":[]},\"product\":{\"reviews\":[]},\"recipe\":{\"ingredients\":[],\"instructions\":[],\"keywords\":[]},\"software\":{\"reviews\":[],\"operatingSystems\":[]},\"webPage\":{\"webPageType\":\"WebPage\"}}","pillar_content":false,"robots_default":true,"robots_noindex":false,"robots_noarchive":false,"robots_nosnippet":false,"robots_nofollow":false,"robots_noimageindex":false,"robots_noodp":false,"robots_notranslate":false,"robots_max_snippet":"-1","robots_max_videopreview":"-1","robots_max_imagepreview":"large","priority":null,"frequency":"default","local_seo":{"locations":{"business":{"name":"","businessType":"","image":"","areaServed":"","urls":{"website":"","aboutPage":"","contactPage":""},"address":{"streetLine1":"","streetLine2":"","zipCode":"","city":"","state":"","country":"","addressFormat":"#streetLineOne\n#streetLineTwo\n#city, #state #zipCode"},"contact":{"phone":"","email":"","fax":""},"ids":{"vat":"","tax":"","chamberOfCommerce":""},"payment":{"priceRange":"","currenciesAccepted":"","methods":""}}},"openingHours":{"useDefaults":true,"show":true,"alwaysOpen":false,"use24hFormat":false,"timezone":"","labels":{"closed":"","alwaysOpen":""},"days":{"monday":{"open24h":false,"closed":false,"openTime":"09:00","closeTime":"17:00"},"tuesday":{"open24h":false,"closed":false,"openTime":"09:00","closeTime":"17:00"},"wednesday":{"open24h":false,"closed":false,"openTime":"09:00","closeTime":"17:00"},"thursday":{"open24h":false,"closed":false,"openTime":"09:00","closeTime":"17:00"},"friday":{"open24h":false,"closed":false,"openTime":"09:00","closeTime":"17:00"},"saturday":{"open24h":false,"closed":false,"openTime":"09:00","closeTime":"17:00"},"sunday":{"open24h":false,"closed":false,"openTime":"09:00","closeTime":"17:00"}}}},"seo_analyzer_scan_date":"2026-07-17 15:01:39","breadcrumb_settings":null,"limit_modified_date":false,"open_ai":null,"ai":null,"created":"2021-05-01 09:34:11","updated":"2026-07-17 15:01:39","focus_keyword":null,"additional_keywords":null,"truseo_locale":null},"aioseo_breadcrumb":"<div class=\"aioseo-breadcrumbs\"><span class=\"aioseo-breadcrumb\">\n\t<a href=\"https:\/\/www.eldigitaldeasturias.com\/noticias\" title=\"Home\">Home<\/a>\n<\/span><span class=\"aioseo-breadcrumb-separator\">\u2013<\/span><span class=\"aioseo-breadcrumb\">\n\t<a href=\"https:\/\/www.eldigitaldeasturias.com\/noticias\/category\/actualidad-asturias\/\" title=\"Actualidad Asturias\">Actualidad Asturias<\/a>\n<\/span><span class=\"aioseo-breadcrumb-separator\">\u2013<\/span><span class=\"aioseo-breadcrumb\">\n\t<a href=\"https:\/\/www.eldigitaldeasturias.com\/noticias\/nueva-vida-para-el-suelo-de-los-antiguos-talleres-del-conde\/\" title=\"\u201cNueva vida\u201d para el suelo de los antiguos Talleres del Conde\">\u201cNueva vida\u201d para el suelo de los antiguos Talleres del Conde<\/a>\n<\/span><\/div>","aioseo_breadcrumb_json":[{"label":"Home","link":"https:\/\/www.eldigitaldeasturias.com\/noticias"},{"label":"Actualidad Asturias","link":"https:\/\/www.eldigitaldeasturias.com\/noticias\/category\/actualidad-asturias\/"},{"label":"\u201cNueva vida\u201d para el suelo de los antiguos Talleres del Conde","link":"https:\/\/www.eldigitaldeasturias.com\/noticias\/nueva-vida-para-el-suelo-de-los-antiguos-talleres-del-conde\/"}],"_links":{"self":[{"href":"https:\/\/www.eldigitaldeasturias.com\/noticias\/wp-json\/wp\/v2\/posts\/1090674","targetHints":{"allow":["GET"]}}],"collection":[{"href":"https:\/\/www.eldigitaldeasturias.com\/noticias\/wp-json\/wp\/v2\/posts"}],"about":[{"href":"https:\/\/www.eldigitaldeasturias.com\/noticias\/wp-json\/wp\/v2\/types\/post"}],"author":[{"embeddable":true,"href":"https:\/\/www.eldigitaldeasturias.com\/noticias\/wp-json\/wp\/v2\/users\/1"}],"replies":[{"embeddable":true,"href":"https:\/\/www.eldigitaldeasturias.com\/noticias\/wp-json\/wp\/v2\/comments?post=1090674"}],"version-history":[{"count":0,"href":"https:\/\/www.eldigitaldeasturias.com\/noticias\/wp-json\/wp\/v2\/posts\/1090674\/revisions"}],"wp:attachment":[{"href":"https:\/\/www.eldigitaldeasturias.com\/noticias\/wp-json\/wp\/v2\/media?parent=1090674"}],"wp:term":[{"taxonomy":"category","embeddable":true,"href":"https:\/\/www.eldigitaldeasturias.com\/noticias\/wp-json\/wp\/v2\/categories?post=1090674"},{"taxonomy":"post_tag","embeddable":true,"href":"https:\/\/www.eldigitaldeasturias.com\/noticias\/wp-json\/wp\/v2\/tags?post=1090674"}],"curies":[{"name":"wp","href":"https:\/\/api.w.org\/{rel}","templated":true}]}}