{"id":1090672,"date":"2021-05-01T10:33:21","date_gmt":"2021-05-01T09:33:21","guid":{"rendered":"https:\/\/www.eldigitaldeasturias.com\/noticias\/?p=1090672"},"modified":"2021-05-01T10:33:21","modified_gmt":"2021-05-01T09:33:21","slug":"las-propuestas-de-asturias-cultura-en-rede","status":"publish","type":"post","link":"https:\/\/www.eldigitaldeasturias.com\/noticias\/las-propuestas-de-asturias-cultura-en-rede\/","title":{"rendered":"Las propuestas de \u00abAsturias, Cultura en Rede\u00bb"},"content":{"rendered":"<p><img loading=\"lazy\" decoding=\"async\" class=\"alignleft size-medium wp-image-431792\" src=\"https:\/\/www.eldigitaldeasturias.com\/noticias\/wp-content\/uploads\/2013\/10\/agenda-360x238.jpg\" alt=\"\" width=\"360\" height=\"238\" \/>Seis exposiciones de artes pl\u00e1sticas y visuales se mostrar\u00e1n en nuestra regi\u00f3n en el mes de mayo de la mano de los circuitos de Asturias, Cultura en Rede, el proyecto de la Consejer\u00eda de Cultura, Pol\u00edtica Lling\u00fc\u00edstica y Turismo, realizado en colaboraci\u00f3n con los ayuntamientos asturianos y gestionado por la Sociedad P\u00fablica de Gesti\u00f3n Tur\u00edstica y Cultural del Principado de Asturias, que tambi\u00e9n incluye circuitos tem\u00e1ticos de cultura tradicional, artes esc\u00e9nicas, m\u00fasica o literatura por distintos concejos del Principado.<\/p>\n<p>De la mano del circuito de artes pl\u00e1sticas y visuales se mostrar\u00e1n seis exposiciones en cinco concejos en mayo. En Avil\u00e9s se exhibe Trilog\u00eda po\u00e9tica: Al horru de Ediciones Pata Negra hasta el 9 de mayo, un homenaje a este elemento mueble tan representativo de la arquitectura mueble de Asturias y de Espa\u00f1a; y Fugarte, el proyecto art\u00edstico multidisciplinar de la Asociaci\u00f3n de Artistas Independientes Los Purificados, se ver\u00e1 en este concejo del 12 de mayo al 3 de junio. En Colunga estar\u00e1 del 3 al 28 de mayo Sinfinados, del artista visual y dise\u00f1ador To\u00f1o Velasco, una reflexi\u00f3n sobre la experiencia de una sociedad encerrada a la espera de una vacuna; y en Mieres, del d\u00eda 4 al 27, Los beneficios de la maleza de la Galer\u00eda Luc\u00eda Due\u00f1as, con la profunda, po\u00e9tica y meditada obra de la artista Begmont (Bel\u00e9n Garc\u00eda Montoya), tras una est\u00e9tica primitiva y de aparente sencillez. Una veintena de escultores asturianos o for\u00e1neos vinculados a la comunidad protagonizan De la escultura a la gr\u00e1fica. Escultura contempor\u00e1nea en Asturias llevada a la gr\u00e1fica de Ediciones Pata Negra, que se expondr\u00e1 del 4 al 28 de mayo en Siero; y la obra pict\u00f3rica y escult\u00f3rica del artista asturiano Adolfo Manzano llegar\u00e1 a Cangas del Narcea del 14 de mayo al 13 de junio, con Evoluciones y Requexos de Guillermina Caicoya Art Projects.<\/p>\n<p>34 actividades en 20 concejos diferentes conforman la programaci\u00f3n del circuito de cultura tradicional en el mes de mayo. Aladanza Educaci\u00f3n y Tradici\u00f3n estar\u00e1 con Arma\u00b4l to horru en Llanera y Soto del Barco, con la actividad Visti\u00e9ndonos como anta\u00f1o en Llanes y Cangas del Narcea y con Ponte la m\u00e1scara en Colunga y Navia; y Ente las cuerdes de Rub\u00e9n Bada, en Nava y Llanes. Habr\u00e1 Cuentos, conseyes y marionetes de Elisabet Mart\u00edn Teatro en Grado, Laviana, Siero, Llanera y Navia; La pareya de tambor y gaita nel repertorio tradicional asturianu. El toque na fiesta y la romer\u00eda de Asociaci\u00f3n Afatra en Nava; Los reyes asturianos de Laura Iglesia en Llanera, Gij\u00f3n, Muros de Nal\u00f3n, Siero y Las Regueras; Proyecto N.O.S. de L-R, en Cabranes, Villaviciosa, Cangas del Narcea y Lena; y en Bimenes se realizar\u00e1 la conferencia L\u00b4horru asturianu y l\u00b4esp\u00edritu de la modernid\u00e1: 500 a\u00f1os d\u00b4arte tradicional de \u00c1stur Paredes, que tambi\u00e9n hablar\u00e1 sobre Les Bra\u00f1es. Un averamientu a la cultura del pastor\u00edu n\u00b4Asturies en Llanes. Carlos Alba Cellero llevar\u00e1 Retafiles apara los \u00f1acarinos a Siero y Cont\u00e1benmelo\u00b4n casa a Lena y Villaviciosa; H\u00e9ctor Braga, Fundamentos a Soto del Barco y Lena; y Maite Cap\u00edn, la Ruta primitiva por Asturias a trav\u00e9s del vestuario a Villaviciosa. A esto se suma Narraci\u00f3n oral asturiana y taller de escritura creativa en Mieres y Tradicionando de Fabriok-F\u00e1brica de ocio y producci\u00f3n en Cangas de On\u00eds.<\/p>\n<p>En el marco del circuito de artes esc\u00e9nicas se realizar\u00e1n 20 funciones en 18 concejos durante el mes de mayo: Cazabacterias de Teatro del Cuervo en Tineo; Retales de Higi\u00e9nico Papel Teatro y Cuentos de siempre para ni\u00f1os y ni\u00f1os de ahora de David Acera en Nava; La ne\u00f1a de les trences al rev\u00e9s en Nore\u00f1a; Disculpe Caballero de Zig Zag Danza en Castrill\u00f3n; La talla 38\u2026 o fuera los grilletes de les fa\u00f1ag\u00fcetes de Carlos Alba Cellero en Cabranes; La casa de los cuentos de David Acera en Vegadeo; Niue, under the coconuts de Escena Apache y Apestosos pero sabrosos de David Acera en Grado; En un rinc\u00f3n de la galaxia de Teatro del Cuervo en Tapia; Blancanieves XXI de Guayomin\u00ed Producciones en San Mart\u00edn del Rey Aurelio; Golem de Dana Raz Dance Projects, en Gij\u00f3n y en Corvera de Asturias; Ll\u00e1zaro de Tormes de Carlos Alba Cellero en Las Regueras; Ra\u00edces de Yllepa T\u00edteres en El Franco; Aullido de Teatro a las Puertas en Villaviciosa; \u00bfRosa o azul? Lo que quieras t\u00fa. Personajes que rompen con roles de g\u00e9nero de Elisabet Mart\u00edn Teatro en Ribadedeva; En un lugar de la niebla de Ververemos en Siero; Matanza de ElEncuentro Teatro y Ana Mor\u00e1n C\u00eda en Soto del Barco; y Swingers de El Jaleo Producciones Art\u00edsticas en Llanera.<\/p>\n<p>Habr\u00e1 adem\u00e1s nueve eventos del circuito de m\u00fasica con Hoot\u00b4n holler en Villaviciosa; con Petip Pop en Muros de Nal\u00f3n y Cangas de On\u00eds; con Felpeyu en Soto del Barco; con Los Berrones en Castrill\u00f3n; con la Orquesta C\u00e9ltica Asturiana y las M\u00fasicas del Arco Atl\u00e1ntico en Las Regueras; con Dixebra en Grado; con Delagua en Gij\u00f3n; y con Trobadora del Cant\u00e1brico de A Pedreira en El Franco.<\/p>\n<p>13 actividades del circuito de literatura se desarrollar\u00e1n en el mes de mayo, entre las que se incluye la exposici\u00f3n Una mitolog\u00eda. Seres y mitos del norte de Pintar Comunicaci\u00f3n en Nava; la charla-exposici\u00f3n con valor hist\u00f3rico Para que no se olvide: 42:553 despu\u00e9s de Buchenwald de Ediciones Trabe en Corvera de Asturias; Aprende y crea t\u00fa mismo (C\u00f3mo hacer un libro infantil) de La Maleta Ediciones en Navia; \u00bfA qu\u00e9 suenan los libros? de El Arca de Mozart en Tineo; Tradici\u00f3n oral asturiana: narraci\u00f3n y talleres de escritura creativa de Elisabet Mart\u00edn Teatro en Las Regueras; y Taller lliterariu de ciencia ficci\u00f3n, fantas\u00eda y terror de Ediciones Radagast en Gij\u00f3n. Puppys actuar\u00e1 en Siero; El Velcro, en Cangas del Narcea; Carlos Alba Cellero con Lo que me cont\u00f3 la T\u00eda Carola, en Vegadeo; Gema Fern\u00e1ndez con Animal\u00edas e incertidumbre, en Llanes; y Musa Cafe\u00edna llevar\u00e1 Palabras como llaves a Grado y Goz\u00f3n y Tierra Fada a Carre\u00f1o.<\/p>\n<p>A esto se suma el circuito Autores nel Cam\u00edn, que pone en contacto al p\u00fablico asturiano con los ganadores de los premios literarios en asturiano convocados por la Consejer\u00eda de Cultura, Pol\u00edtica Lling\u00fc\u00edstica y Turismo. En mayo habr\u00e1 encuentros con Gonzalo G. Barre\u00f1ada en Grado; con Francisco \u00c1lvarez Gonz\u00e1lez en Langreo, Corvera y Villaviciosa; con Lafu y Rebeca (Alejandro Lafuente y Rebeca Velasco) en Corvera; con Ruma Barbero en Colunga, Nava y Lena; con Sidoro Villa en Carre\u00f1o; y con Alberto V\u00e1zquez en Grado.<\/p>\n<p>El cine tambi\u00e9n estar\u00e1 muy presente en los concejos asturianos gracias a la programaci\u00f3n de La Cinemateca Ambulante que, con la colaboraci\u00f3n de 17 ayuntamientos, ofrecer\u00e1 un total de 53 proyecciones distribuidas en las 21 sedes con las que cuenta este programa de cine itinerante. Destaca este mes la proyecci\u00f3n de la \u00e1cida comedia Pl\u00e1cido de Luis Garc\u00eda Berlanga \u2013programada con motivo del centenario de su nacimiento- y del largometraje asturiano Obertura de un milagro de Juan Luis Ruiz, adem\u00e1s de otros t\u00edtulos reconocidos por la cr\u00edtica como Bacurau o Dating Amber.<\/p>\n<p>La programaci\u00f3n de los circuitos de Asturies, Cultura en Rede puede sufrir modificaciones en funci\u00f3n de la evoluci\u00f3n de la pandemia por Covid-19.<\/p>\n<p>&nbsp;<\/p>\n","protected":false},"excerpt":{"rendered":"<p>Seis exposiciones de artes pl\u00e1sticas y visuales se mostrar\u00e1n en nuestra regi\u00f3n en el mes de mayo de la mano de los circuitos de Asturias, Cultura en Rede, el proyecto de la Consejer\u00eda de Cultura, Pol\u00edtica Lling\u00fc\u00edstica y Turismo, realizado en colaboraci\u00f3n con los ayuntamientos asturianos y gestionado por la Sociedad P\u00fablica de Gesti\u00f3n Tur\u00edstica [&hellip;]<\/p>\n","protected":false},"author":1,"featured_media":431792,"comment_status":"closed","ping_status":"closed","sticky":false,"template":"","format":"standard","meta":{"footnotes":""},"categories":[2],"tags":[],"class_list":["post-1090672","post","type-post","status-publish","format-standard","has-post-thumbnail","hentry","category-agenda"],"aioseo_notices":[],"aioseo_head":"\n\t\t<!-- All in One SEO Pro 5.0.1 - aioseo.com -->\n\t<meta name=\"description\" content=\"Seis exposiciones de artes pl\u00e1sticas y visuales se mostrar\u00e1n en nuestra regi\u00f3n en el mes de mayo de la mano de los circuitos de Asturias, Cultura en Rede, el proyecto de la Consejer\u00eda de Cultura, Pol\u00edtica Lling\u00fc\u00edstica y Turismo, realizado en colaboraci\u00f3n con los ayuntamientos asturianos y gestionado por la Sociedad P\u00fablica de Gesti\u00f3n Tur\u00edstica\" \/>\n\t<meta name=\"robots\" content=\"max-image-preview:large\" \/>\n\t<meta name=\"author\" content=\"El Digital de Asturias\"\/>\n\t<meta name=\"google-site-verification\" content=\"UA-38556648-1\" \/>\n\t<meta name=\"msvalidate.01\" content=\"7dfe9f3f1b24437ab69f4f2559babe99\" \/>\n\t<meta name=\"keywords\" content=\"agenda\" \/>\n\t<link rel=\"canonical\" href=\"https:\/\/www.eldigitaldeasturias.com\/noticias\/las-propuestas-de-asturias-cultura-en-rede\/\" \/>\n\t<meta name=\"generator\" content=\"All in One SEO Pro (AIOSEO) 5.0.1\" \/>\n\t\t<meta property=\"og:locale\" content=\"es_ES\" \/>\n\t\t<meta property=\"og:site_name\" content=\"El Digital de Asturias\" \/>\n\t\t<meta property=\"og:type\" content=\"article\" \/>\n\t\t<meta property=\"og:title\" content=\"Las propuestas de \u00abAsturias, Cultura en Rede\u00bb - El Digital de Asturias\" \/>\n\t\t<meta property=\"og:description\" content=\"Seis exposiciones de artes pl\u00e1sticas y visuales se mostrar\u00e1n en nuestra regi\u00f3n en el mes de mayo de la mano de los circuitos de Asturias, Cultura en Rede, el proyecto de la Consejer\u00eda de Cultura, Pol\u00edtica Lling\u00fc\u00edstica y Turismo, realizado en colaboraci\u00f3n con los ayuntamientos asturianos y gestionado por la Sociedad P\u00fablica de Gesti\u00f3n Tur\u00edstica\" \/>\n\t\t<meta property=\"og:url\" content=\"https:\/\/www.eldigitaldeasturias.com\/noticias\/las-propuestas-de-asturias-cultura-en-rede\/\" \/>\n\t\t<meta property=\"article:tag\" content=\"agenda\" \/>\n\t\t<meta property=\"article:published_time\" content=\"2021-05-01T09:33:21+00:00\" \/>\n\t\t<meta property=\"article:modified_time\" content=\"2021-05-01T09:33:21+00:00\" \/>\n\t\t<meta property=\"article:publisher\" content=\"https:\/\/facebook.com\/eldigitaldeasturias\" \/>\n\t\t<meta name=\"twitter:card\" content=\"summary_large_image\" \/>\n\t\t<meta name=\"twitter:title\" content=\"Las propuestas de \u00abAsturias, Cultura en Rede\u00bb - El Digital de Asturias\" \/>\n\t\t<meta name=\"twitter:description\" content=\"Seis exposiciones de artes pl\u00e1sticas y visuales se mostrar\u00e1n en nuestra regi\u00f3n en el mes de mayo de la mano de los circuitos de Asturias, Cultura en Rede, el proyecto de la Consejer\u00eda de Cultura, Pol\u00edtica Lling\u00fc\u00edstica y Turismo, realizado en colaboraci\u00f3n con los ayuntamientos asturianos y gestionado por la Sociedad P\u00fablica de Gesti\u00f3n Tur\u00edstica\" \/>\n\t\t<meta name=\"twitter:image\" content=\"https:\/\/www.eldigitaldeasturias.com\/noticias\/wp-content\/uploads\/2020\/12\/EDA-1.jpg\" \/>\n\t\t<meta name=\"twitter:label1\" content=\"Escrito por\" \/>\n\t\t<meta name=\"twitter:data1\" content=\"El Digital de Asturias\" \/>\n\t\t<meta name=\"twitter:label2\" content=\"Tiempo de lectura estimado\" \/>\n\t\t<meta name=\"twitter:data2\" content=\"7 minutos\" \/>\n\t\t<script type=\"application\/ld+json\" class=\"aioseo-schema\">\n\t\t\t{\"@context\":\"https:\\\/\\\/schema.org\",\"@graph\":[{\"@type\":\"BlogPosting\",\"@id\":\"https:\\\/\\\/www.eldigitaldeasturias.com\\\/noticias\\\/las-propuestas-de-asturias-cultura-en-rede\\\/#blogposting\",\"name\":\"Las propuestas de \\u00abAsturias, Cultura en Rede\\u00bb - El Digital de Asturias\",\"headline\":\"Las propuestas de \\u00abAsturias, Cultura en Rede\\u00bb\",\"author\":{\"@id\":\"https:\\\/\\\/www.eldigitaldeasturias.com\\\/noticias\\\/author\\\/admin\\\/#author\"},\"publisher\":{\"@id\":\"https:\\\/\\\/www.eldigitaldeasturias.com\\\/noticias\\\/#organization\"},\"image\":{\"@type\":\"ImageObject\",\"url\":431792},\"datePublished\":\"2021-05-01T10:33:21+02:00\",\"dateModified\":\"2021-05-01T10:33:21+02:00\",\"inLanguage\":\"es-ES\",\"mainEntityOfPage\":{\"@id\":\"https:\\\/\\\/www.eldigitaldeasturias.com\\\/noticias\\\/las-propuestas-de-asturias-cultura-en-rede\\\/#webpage\"},\"isPartOf\":{\"@id\":\"https:\\\/\\\/www.eldigitaldeasturias.com\\\/noticias\\\/las-propuestas-de-asturias-cultura-en-rede\\\/#webpage\"},\"articleSection\":\"Agenda\"},{\"@type\":\"BreadcrumbList\",\"@id\":\"https:\\\/\\\/www.eldigitaldeasturias.com\\\/noticias\\\/las-propuestas-de-asturias-cultura-en-rede\\\/#breadcrumblist\",\"itemListElement\":[{\"@type\":\"ListItem\",\"@id\":\"https:\\\/\\\/www.eldigitaldeasturias.com\\\/noticias#listItem\",\"position\":1,\"name\":\"Home\",\"item\":\"https:\\\/\\\/www.eldigitaldeasturias.com\\\/noticias\",\"nextItem\":{\"@type\":\"ListItem\",\"@id\":\"https:\\\/\\\/www.eldigitaldeasturias.com\\\/noticias\\\/category\\\/agenda\\\/#listItem\",\"name\":\"Agenda\"}},{\"@type\":\"ListItem\",\"@id\":\"https:\\\/\\\/www.eldigitaldeasturias.com\\\/noticias\\\/category\\\/agenda\\\/#listItem\",\"position\":2,\"name\":\"Agenda\",\"item\":\"https:\\\/\\\/www.eldigitaldeasturias.com\\\/noticias\\\/category\\\/agenda\\\/\",\"nextItem\":{\"@type\":\"ListItem\",\"@id\":\"https:\\\/\\\/www.eldigitaldeasturias.com\\\/noticias\\\/las-propuestas-de-asturias-cultura-en-rede\\\/#listItem\",\"name\":\"Las propuestas de \\u00abAsturias, Cultura en Rede\\u00bb\"},\"previousItem\":{\"@type\":\"ListItem\",\"@id\":\"https:\\\/\\\/www.eldigitaldeasturias.com\\\/noticias#listItem\",\"name\":\"Home\"}},{\"@type\":\"ListItem\",\"@id\":\"https:\\\/\\\/www.eldigitaldeasturias.com\\\/noticias\\\/las-propuestas-de-asturias-cultura-en-rede\\\/#listItem\",\"position\":3,\"name\":\"Las propuestas de \\u00abAsturias, Cultura en Rede\\u00bb\",\"previousItem\":{\"@type\":\"ListItem\",\"@id\":\"https:\\\/\\\/www.eldigitaldeasturias.com\\\/noticias\\\/category\\\/agenda\\\/#listItem\",\"name\":\"Agenda\"}}]},{\"@type\":\"Organization\",\"@id\":\"https:\\\/\\\/www.eldigitaldeasturias.com\\\/noticias\\\/#organization\",\"name\":\"El Digital de Asturias\",\"description\":\"Hemeroteca\",\"url\":\"https:\\\/\\\/www.eldigitaldeasturias.com\\\/noticias\\\/\",\"email\":\"info@eldigitaldeasturias.com\",\"telephone\":\"+34652131393\",\"logo\":{\"@type\":\"ImageObject\",\"url\":\"https:\\\/\\\/www.eldigitaldeasturias.com\\\/noticias\\\/wp-content\\\/uploads\\\/2020\\\/12\\\/EDA.jpg\",\"@id\":\"https:\\\/\\\/www.eldigitaldeasturias.com\\\/noticias\\\/las-propuestas-de-asturias-cultura-en-rede\\\/#organizationLogo\"},\"image\":{\"@id\":\"https:\\\/\\\/www.eldigitaldeasturias.com\\\/noticias\\\/las-propuestas-de-asturias-cultura-en-rede\\\/#organizationLogo\"},\"sameAs\":[\"https:\\\/\\\/facebook.com\\\/eldigitaldeasturias\",\"https:\\\/\\\/www.youtube.com\\\/channel\\\/UCZP-2wLEB9Rv6erhFmqVnvg\"],\"address\":{\"@id\":\"https:\\\/\\\/www.eldigitaldeasturias.com\\\/noticias\\\/#postaladdress\",\"@type\":\"PostalAddress\",\"streetAddress\":\"san antonio 4\",\"postalCode\":\"33430\",\"addressLocality\":\"Cand\\u00e1s\",\"addressRegion\":\"Asturias\",\"addressCountry\":\"ES\"}},{\"@type\":\"Person\",\"@id\":\"https:\\\/\\\/www.eldigitaldeasturias.com\\\/noticias\\\/author\\\/admin\\\/#author\",\"url\":\"https:\\\/\\\/www.eldigitaldeasturias.com\\\/noticias\\\/author\\\/admin\\\/\",\"name\":\"El Digital de Asturias\",\"image\":{\"@type\":\"ImageObject\",\"@id\":\"https:\\\/\\\/www.eldigitaldeasturias.com\\\/noticias\\\/las-propuestas-de-asturias-cultura-en-rede\\\/#authorImage\",\"url\":\"https:\\\/\\\/secure.gravatar.com\\\/avatar\\\/df2aeffc32bcd13f8d26072ef8a91b623d677766deac7f97ca815868cd41bf5e?s=96&d=mm&r=g\",\"width\":96,\"height\":96,\"caption\":\"El Digital de Asturias\"}},{\"@type\":\"WebPage\",\"@id\":\"https:\\\/\\\/www.eldigitaldeasturias.com\\\/noticias\\\/las-propuestas-de-asturias-cultura-en-rede\\\/#webpage\",\"url\":\"https:\\\/\\\/www.eldigitaldeasturias.com\\\/noticias\\\/las-propuestas-de-asturias-cultura-en-rede\\\/\",\"name\":\"Las propuestas de \\u00abAsturias, Cultura en Rede\\u00bb - El Digital de Asturias\",\"description\":\"Seis exposiciones de artes pl\\u00e1sticas y visuales se mostrar\\u00e1n en nuestra regi\\u00f3n en el mes de mayo de la mano de los circuitos de Asturias, Cultura en Rede, el proyecto de la Consejer\\u00eda de Cultura, Pol\\u00edtica Lling\\u00fc\\u00edstica y Turismo, realizado en colaboraci\\u00f3n con los ayuntamientos asturianos y gestionado por la Sociedad P\\u00fablica de Gesti\\u00f3n Tur\\u00edstica\",\"inLanguage\":\"es-ES\",\"isPartOf\":{\"@id\":\"https:\\\/\\\/www.eldigitaldeasturias.com\\\/noticias\\\/#website\"},\"breadcrumb\":{\"@id\":\"https:\\\/\\\/www.eldigitaldeasturias.com\\\/noticias\\\/las-propuestas-de-asturias-cultura-en-rede\\\/#breadcrumblist\"},\"author\":{\"@id\":\"https:\\\/\\\/www.eldigitaldeasturias.com\\\/noticias\\\/author\\\/admin\\\/#author\"},\"creator\":{\"@id\":\"https:\\\/\\\/www.eldigitaldeasturias.com\\\/noticias\\\/author\\\/admin\\\/#author\"},\"image\":{\"@type\":\"ImageObject\",\"url\":431792,\"@id\":\"https:\\\/\\\/www.eldigitaldeasturias.com\\\/noticias\\\/las-propuestas-de-asturias-cultura-en-rede\\\/#mainImage\"},\"primaryImageOfPage\":{\"@id\":\"https:\\\/\\\/www.eldigitaldeasturias.com\\\/noticias\\\/las-propuestas-de-asturias-cultura-en-rede\\\/#mainImage\"},\"datePublished\":\"2021-05-01T10:33:21+02:00\",\"dateModified\":\"2021-05-01T10:33:21+02:00\"},{\"@type\":\"WebSite\",\"@id\":\"https:\\\/\\\/www.eldigitaldeasturias.com\\\/noticias\\\/#website\",\"url\":\"https:\\\/\\\/www.eldigitaldeasturias.com\\\/noticias\\\/\",\"name\":\"El Digital de Asturias - Diario de actualidad y noticias\",\"alternateName\":\"El Digital de Asturias - Diario de actualidad y noticias\",\"description\":\"Hemeroteca\",\"inLanguage\":\"es-ES\",\"publisher\":{\"@id\":\"https:\\\/\\\/www.eldigitaldeasturias.com\\\/noticias\\\/#organization\"}}]}\n\t\t<\/script>\n\t\t<!-- All in One SEO Pro -->\r\n\t\t<title>Las propuestas de \u00abAsturias, Cultura en Rede\u00bb - El Digital de Asturias<\/title>\n\n","aioseo_head_json":{"title":"Las propuestas de \u00abAsturias, Cultura en Rede\u00bb - El Digital de Asturias","description":"Seis exposiciones de artes pl\u00e1sticas y visuales se mostrar\u00e1n en nuestra regi\u00f3n en el mes de mayo de la mano de los circuitos de Asturias, Cultura en Rede, el proyecto de la Consejer\u00eda de Cultura, Pol\u00edtica Lling\u00fc\u00edstica y Turismo, realizado en colaboraci\u00f3n con los ayuntamientos asturianos y gestionado por la Sociedad P\u00fablica de Gesti\u00f3n Tur\u00edstica","canonical_url":"https:\/\/www.eldigitaldeasturias.com\/noticias\/las-propuestas-de-asturias-cultura-en-rede\/","robots":"max-image-preview:large","keywords":"agenda","webmasterTools":{"google-site-verification":"UA-38556648-1","msvalidate.01":"7dfe9f3f1b24437ab69f4f2559babe99","miscellaneous":""},"schema":{"@context":"https:\/\/schema.org","@graph":[{"@type":"BlogPosting","@id":"https:\/\/www.eldigitaldeasturias.com\/noticias\/las-propuestas-de-asturias-cultura-en-rede\/#blogposting","name":"Las propuestas de \u00abAsturias, Cultura en Rede\u00bb - El Digital de Asturias","headline":"Las propuestas de \u00abAsturias, Cultura en Rede\u00bb","author":{"@id":"https:\/\/www.eldigitaldeasturias.com\/noticias\/author\/admin\/#author"},"publisher":{"@id":"https:\/\/www.eldigitaldeasturias.com\/noticias\/#organization"},"image":{"@type":"ImageObject","url":431792},"datePublished":"2021-05-01T10:33:21+02:00","dateModified":"2021-05-01T10:33:21+02:00","inLanguage":"es-ES","mainEntityOfPage":{"@id":"https:\/\/www.eldigitaldeasturias.com\/noticias\/las-propuestas-de-asturias-cultura-en-rede\/#webpage"},"isPartOf":{"@id":"https:\/\/www.eldigitaldeasturias.com\/noticias\/las-propuestas-de-asturias-cultura-en-rede\/#webpage"},"articleSection":"Agenda"},{"@type":"BreadcrumbList","@id":"https:\/\/www.eldigitaldeasturias.com\/noticias\/las-propuestas-de-asturias-cultura-en-rede\/#breadcrumblist","itemListElement":[{"@type":"ListItem","@id":"https:\/\/www.eldigitaldeasturias.com\/noticias#listItem","position":1,"name":"Home","item":"https:\/\/www.eldigitaldeasturias.com\/noticias","nextItem":{"@type":"ListItem","@id":"https:\/\/www.eldigitaldeasturias.com\/noticias\/category\/agenda\/#listItem","name":"Agenda"}},{"@type":"ListItem","@id":"https:\/\/www.eldigitaldeasturias.com\/noticias\/category\/agenda\/#listItem","position":2,"name":"Agenda","item":"https:\/\/www.eldigitaldeasturias.com\/noticias\/category\/agenda\/","nextItem":{"@type":"ListItem","@id":"https:\/\/www.eldigitaldeasturias.com\/noticias\/las-propuestas-de-asturias-cultura-en-rede\/#listItem","name":"Las propuestas de \u00abAsturias, Cultura en Rede\u00bb"},"previousItem":{"@type":"ListItem","@id":"https:\/\/www.eldigitaldeasturias.com\/noticias#listItem","name":"Home"}},{"@type":"ListItem","@id":"https:\/\/www.eldigitaldeasturias.com\/noticias\/las-propuestas-de-asturias-cultura-en-rede\/#listItem","position":3,"name":"Las propuestas de \u00abAsturias, Cultura en Rede\u00bb","previousItem":{"@type":"ListItem","@id":"https:\/\/www.eldigitaldeasturias.com\/noticias\/category\/agenda\/#listItem","name":"Agenda"}}]},{"@type":"Organization","@id":"https:\/\/www.eldigitaldeasturias.com\/noticias\/#organization","name":"El Digital de Asturias","description":"Hemeroteca","url":"https:\/\/www.eldigitaldeasturias.com\/noticias\/","email":"info@eldigitaldeasturias.com","telephone":"+34652131393","logo":{"@type":"ImageObject","url":"https:\/\/www.eldigitaldeasturias.com\/noticias\/wp-content\/uploads\/2020\/12\/EDA.jpg","@id":"https:\/\/www.eldigitaldeasturias.com\/noticias\/las-propuestas-de-asturias-cultura-en-rede\/#organizationLogo"},"image":{"@id":"https:\/\/www.eldigitaldeasturias.com\/noticias\/las-propuestas-de-asturias-cultura-en-rede\/#organizationLogo"},"sameAs":["https:\/\/facebook.com\/eldigitaldeasturias","https:\/\/www.youtube.com\/channel\/UCZP-2wLEB9Rv6erhFmqVnvg"],"address":{"@id":"https:\/\/www.eldigitaldeasturias.com\/noticias\/#postaladdress","@type":"PostalAddress","streetAddress":"san antonio 4","postalCode":"33430","addressLocality":"Cand\u00e1s","addressRegion":"Asturias","addressCountry":"ES"}},{"@type":"Person","@id":"https:\/\/www.eldigitaldeasturias.com\/noticias\/author\/admin\/#author","url":"https:\/\/www.eldigitaldeasturias.com\/noticias\/author\/admin\/","name":"El Digital de Asturias","image":{"@type":"ImageObject","@id":"https:\/\/www.eldigitaldeasturias.com\/noticias\/las-propuestas-de-asturias-cultura-en-rede\/#authorImage","url":"https:\/\/secure.gravatar.com\/avatar\/df2aeffc32bcd13f8d26072ef8a91b623d677766deac7f97ca815868cd41bf5e?s=96&d=mm&r=g","width":96,"height":96,"caption":"El Digital de Asturias"}},{"@type":"WebPage","@id":"https:\/\/www.eldigitaldeasturias.com\/noticias\/las-propuestas-de-asturias-cultura-en-rede\/#webpage","url":"https:\/\/www.eldigitaldeasturias.com\/noticias\/las-propuestas-de-asturias-cultura-en-rede\/","name":"Las propuestas de \u00abAsturias, Cultura en Rede\u00bb - El Digital de Asturias","description":"Seis exposiciones de artes pl\u00e1sticas y visuales se mostrar\u00e1n en nuestra regi\u00f3n en el mes de mayo de la mano de los circuitos de Asturias, Cultura en Rede, el proyecto de la Consejer\u00eda de Cultura, Pol\u00edtica Lling\u00fc\u00edstica y Turismo, realizado en colaboraci\u00f3n con los ayuntamientos asturianos y gestionado por la Sociedad P\u00fablica de Gesti\u00f3n Tur\u00edstica","inLanguage":"es-ES","isPartOf":{"@id":"https:\/\/www.eldigitaldeasturias.com\/noticias\/#website"},"breadcrumb":{"@id":"https:\/\/www.eldigitaldeasturias.com\/noticias\/las-propuestas-de-asturias-cultura-en-rede\/#breadcrumblist"},"author":{"@id":"https:\/\/www.eldigitaldeasturias.com\/noticias\/author\/admin\/#author"},"creator":{"@id":"https:\/\/www.eldigitaldeasturias.com\/noticias\/author\/admin\/#author"},"image":{"@type":"ImageObject","url":431792,"@id":"https:\/\/www.eldigitaldeasturias.com\/noticias\/las-propuestas-de-asturias-cultura-en-rede\/#mainImage"},"primaryImageOfPage":{"@id":"https:\/\/www.eldigitaldeasturias.com\/noticias\/las-propuestas-de-asturias-cultura-en-rede\/#mainImage"},"datePublished":"2021-05-01T10:33:21+02:00","dateModified":"2021-05-01T10:33:21+02:00"},{"@type":"WebSite","@id":"https:\/\/www.eldigitaldeasturias.com\/noticias\/#website","url":"https:\/\/www.eldigitaldeasturias.com\/noticias\/","name":"El Digital de Asturias - Diario de actualidad y noticias","alternateName":"El Digital de Asturias - Diario de actualidad y noticias","description":"Hemeroteca","inLanguage":"es-ES","publisher":{"@id":"https:\/\/www.eldigitaldeasturias.com\/noticias\/#organization"}}]},"og:locale":"es_ES","og:site_name":"El Digital de Asturias","og:type":"article","og:title":"Las propuestas de \u00abAsturias, Cultura en Rede\u00bb - El Digital de Asturias","og:description":"Seis exposiciones de artes pl\u00e1sticas y visuales se mostrar\u00e1n en nuestra regi\u00f3n en el mes de mayo de la mano de los circuitos de Asturias, Cultura en Rede, el proyecto de la Consejer\u00eda de Cultura, Pol\u00edtica Lling\u00fc\u00edstica y Turismo, realizado en colaboraci\u00f3n con los ayuntamientos asturianos y gestionado por la Sociedad P\u00fablica de Gesti\u00f3n Tur\u00edstica","og:url":"https:\/\/www.eldigitaldeasturias.com\/noticias\/las-propuestas-de-asturias-cultura-en-rede\/","article:tag":["agenda"],"article:published_time":"2021-05-01T09:33:21+00:00","article:modified_time":"2021-05-01T09:33:21+00:00","article:publisher":"https:\/\/facebook.com\/eldigitaldeasturias","twitter:card":"summary_large_image","twitter:title":"Las propuestas de \u00abAsturias, Cultura en Rede\u00bb - El Digital de Asturias","twitter:description":"Seis exposiciones de artes pl\u00e1sticas y visuales se mostrar\u00e1n en nuestra regi\u00f3n en el mes de mayo de la mano de los circuitos de Asturias, Cultura en Rede, el proyecto de la Consejer\u00eda de Cultura, Pol\u00edtica Lling\u00fc\u00edstica y Turismo, realizado en colaboraci\u00f3n con los ayuntamientos asturianos y gestionado por la Sociedad P\u00fablica de Gesti\u00f3n Tur\u00edstica","twitter:image":"https:\/\/www.eldigitaldeasturias.com\/noticias\/wp-content\/uploads\/2020\/12\/EDA-1.jpg","twitter:label1":"Escrito por","twitter:data1":"El Digital de Asturias","twitter:label2":"Tiempo de lectura estimado","twitter:data2":"7 minutos"},"aioseo_meta_data":{"post_id":"1090672","title":null,"description":null,"keywords":[],"keyphrases":{"focus":[],"additional":[]},"primary_term":null,"canonical_url":null,"og_title":null,"og_description":null,"og_object_type":"default","og_image_type":"default","og_image_url":null,"og_image_width":null,"og_image_height":null,"og_image_custom_url":null,"og_image_custom_fields":null,"og_video":"","og_custom_url":null,"og_article_section":null,"og_article_tags":[],"twitter_use_og":false,"twitter_card":"default","twitter_image_type":"default","twitter_image_url":null,"twitter_image_custom_url":null,"twitter_image_custom_fields":null,"twitter_title":null,"twitter_description":null,"schema":{"blockGraphs":[],"customGraphs":[],"default":{"data":{"Article":[],"Course":[],"Dataset":[],"FAQPage":[],"Movie":[],"Person":[],"Product":[],"ProductReview":[],"Car":[],"Recipe":[],"Service":[],"SoftwareApplication":[],"WebPage":[]},"graphName":"","isEnabled":true},"graphs":[],"defaultGraph":"Article","defaultPostTypeGraph":""},"schema_type":"default","schema_type_options":"{\"article\":{\"articleType\":\"BlogPosting\"},\"course\":{\"name\":\"\",\"description\":\"\",\"provider\":\"\"},\"faq\":{\"pages\":[]},\"product\":{\"reviews\":[]},\"recipe\":{\"ingredients\":[],\"instructions\":[],\"keywords\":[]},\"software\":{\"reviews\":[],\"operatingSystems\":[]},\"webPage\":{\"webPageType\":\"WebPage\"}}","pillar_content":false,"robots_default":true,"robots_noindex":false,"robots_noarchive":false,"robots_nosnippet":false,"robots_nofollow":false,"robots_noimageindex":false,"robots_noodp":false,"robots_notranslate":false,"robots_max_snippet":"-1","robots_max_videopreview":"-1","robots_max_imagepreview":"large","priority":null,"frequency":"default","local_seo":{"locations":{"business":{"name":"","businessType":"","image":"","areaServed":"","urls":{"website":"","aboutPage":"","contactPage":""},"address":{"streetLine1":"","streetLine2":"","zipCode":"","city":"","state":"","country":"","addressFormat":"#streetLineOne\n#streetLineTwo\n#city, #state #zipCode"},"contact":{"phone":"","email":"","fax":""},"ids":{"vat":"","tax":"","chamberOfCommerce":""},"payment":{"priceRange":"","currenciesAccepted":"","methods":""}}},"openingHours":{"useDefaults":true,"show":true,"alwaysOpen":false,"use24hFormat":false,"timezone":"","labels":{"closed":"","alwaysOpen":""},"days":{"monday":{"open24h":false,"closed":false,"openTime":"09:00","closeTime":"17:00"},"tuesday":{"open24h":false,"closed":false,"openTime":"09:00","closeTime":"17:00"},"wednesday":{"open24h":false,"closed":false,"openTime":"09:00","closeTime":"17:00"},"thursday":{"open24h":false,"closed":false,"openTime":"09:00","closeTime":"17:00"},"friday":{"open24h":false,"closed":false,"openTime":"09:00","closeTime":"17:00"},"saturday":{"open24h":false,"closed":false,"openTime":"09:00","closeTime":"17:00"},"sunday":{"open24h":false,"closed":false,"openTime":"09:00","closeTime":"17:00"}}}},"seo_analyzer_scan_date":"2026-07-17 15:01:39","breadcrumb_settings":null,"limit_modified_date":false,"open_ai":null,"ai":null,"created":"2021-05-01 09:30:36","updated":"2026-07-17 15:01:39","focus_keyword":null,"additional_keywords":null,"truseo_locale":null},"aioseo_breadcrumb":"<div class=\"aioseo-breadcrumbs\"><span class=\"aioseo-breadcrumb\">\n\t<a href=\"https:\/\/www.eldigitaldeasturias.com\/noticias\" title=\"Home\">Home<\/a>\n<\/span><span class=\"aioseo-breadcrumb-separator\">\u2013<\/span><span class=\"aioseo-breadcrumb\">\n\t<a href=\"https:\/\/www.eldigitaldeasturias.com\/noticias\/category\/agenda\/\" title=\"Agenda\">Agenda<\/a>\n<\/span><span class=\"aioseo-breadcrumb-separator\">\u2013<\/span><span class=\"aioseo-breadcrumb\">\n\t<a href=\"https:\/\/www.eldigitaldeasturias.com\/noticias\/las-propuestas-de-asturias-cultura-en-rede\/\" title=\"Las propuestas de \u00abAsturias, Cultura en Rede\u00bb\">Las propuestas de \u00abAsturias, Cultura en Rede\u00bb<\/a>\n<\/span><\/div>","aioseo_breadcrumb_json":[{"label":"Home","link":"https:\/\/www.eldigitaldeasturias.com\/noticias"},{"label":"Agenda","link":"https:\/\/www.eldigitaldeasturias.com\/noticias\/category\/agenda\/"},{"label":"Las propuestas de \u00abAsturias, Cultura en Rede\u00bb","link":"https:\/\/www.eldigitaldeasturias.com\/noticias\/las-propuestas-de-asturias-cultura-en-rede\/"}],"_links":{"self":[{"href":"https:\/\/www.eldigitaldeasturias.com\/noticias\/wp-json\/wp\/v2\/posts\/1090672","targetHints":{"allow":["GET"]}}],"collection":[{"href":"https:\/\/www.eldigitaldeasturias.com\/noticias\/wp-json\/wp\/v2\/posts"}],"about":[{"href":"https:\/\/www.eldigitaldeasturias.com\/noticias\/wp-json\/wp\/v2\/types\/post"}],"author":[{"embeddable":true,"href":"https:\/\/www.eldigitaldeasturias.com\/noticias\/wp-json\/wp\/v2\/users\/1"}],"replies":[{"embeddable":true,"href":"https:\/\/www.eldigitaldeasturias.com\/noticias\/wp-json\/wp\/v2\/comments?post=1090672"}],"version-history":[{"count":0,"href":"https:\/\/www.eldigitaldeasturias.com\/noticias\/wp-json\/wp\/v2\/posts\/1090672\/revisions"}],"wp:attachment":[{"href":"https:\/\/www.eldigitaldeasturias.com\/noticias\/wp-json\/wp\/v2\/media?parent=1090672"}],"wp:term":[{"taxonomy":"category","embeddable":true,"href":"https:\/\/www.eldigitaldeasturias.com\/noticias\/wp-json\/wp\/v2\/categories?post=1090672"},{"taxonomy":"post_tag","embeddable":true,"href":"https:\/\/www.eldigitaldeasturias.com\/noticias\/wp-json\/wp\/v2\/tags?post=1090672"}],"curies":[{"name":"wp","href":"https:\/\/api.w.org\/{rel}","templated":true}]}}