{"id":1090658,"date":"2021-05-01T01:48:03","date_gmt":"2021-05-01T00:48:03","guid":{"rendered":"https:\/\/www.eldigitaldeasturias.com\/noticias\/?p=1090658"},"modified":"2021-05-01T01:48:03","modified_gmt":"2021-05-01T00:48:03","slug":"asturias-apuesta-por-la-prevencion-de-incendios-en-los-picos-de-europa","status":"publish","type":"post","link":"https:\/\/www.eldigitaldeasturias.com\/noticias\/asturias-apuesta-por-la-prevencion-de-incendios-en-los-picos-de-europa\/","title":{"rendered":"Asturias apuesta por la prevenci\u00f3n de incendios en los Picos de Europa"},"content":{"rendered":"<p><strong><img loading=\"lazy\" decoding=\"async\" class=\"alignleft size-medium wp-image-906357\" src=\"https:\/\/www.eldigitaldeasturias.com\/noticias\/wp-content\/uploads\/2016\/09\/Picos-360x245.jpg\" alt=\"\" width=\"360\" height=\"245\" \/>La Consejer\u00eda de Medio Rural y Cohesi\u00f3n Territorial est\u00e1 realizando obras de prevenci\u00f3n de incendios forestales<\/strong>, mantenimiento de infraestructuras ganaderas y conservaci\u00f3n de pistas en el Parque Nacional de los Picos de Europa por un importe de 414.000 euros.<\/p>\n<p>El titular de Medio Rural y Cohesi\u00f3n territorial, Alejandro Calvo, se ha reunido esta semana con el alcalde de On\u00eds, Jos\u00e9 Manuel Abeledo. En el encuentro le ha informado de estas actuaciones. Posteriormente, se ha desplazado a Cabrales. All\u00ed, acompa\u00f1ado del alcalde, Jos\u00e9 S\u00e1nchez, ha visitado varias obras en marcha en el concejo. Tambi\u00e9n han asistido los directores generales del Medio Natural y Planificaci\u00f3n Rural, David Villar, y de Infraestructuras Rurales y Montes, Fernando Prendes.<\/p>\n<p>Los trabajos previstos en los Picos incluyen labores de desbroce en m\u00e1s de 227 hect\u00e1reas de matorral en los concejos de Amieva, Cabrales, Cangas de On\u00eds, On\u00eds, Pe\u00f1amellera Alta y Pe\u00f1amellera Baja. <strong>Hasta el momento se han realizado las tareas de roza mecanizada en \u00e1reas con importante carga ganadera en Cabrales y Cangas de On\u00eds<\/strong>. Estas intervenciones contribuyen a la prevenci\u00f3n de incendios y mejora de pastos y favorecen f\u00f3rmulas de pastoreo extensivo, como la reciella (reba\u00f1os mixtos de ovejas y cabras).<\/p>\n<p>La pr\u00f3xima semana comenzar\u00e1n las labores de mantenimiento de peque\u00f1as infraestructuras de inter\u00e9s ganadero. As\u00ed, se proceder\u00e1 a la reparaci\u00f3n de cierres, tra\u00eddas de agua y abrevaderos en Cangas de On\u00eds y On\u00eds, a la construcci\u00f3n de un potrero en Amieva y un cercado en Pe\u00f1amellera Alta. A mediados de mayo est\u00e1 previsto que comiencen en Cabrales los trabajos de reparaci\u00f3n de las pistas de Tielve a Valfr\u00edo, diversas actuaciones en Bulnes, en la Senda del Cares, en Poncebos, y en la pista de acceso a la Vega de Comeya.<\/p>\n<p>Tambi\u00e9n se est\u00e1n realizando labores de emergencia en el monte de utilidad p\u00fablica Monta\u00f1a de Covadonga, en colaboraci\u00f3n con el Ministerio para la Transici\u00f3n Ecol\u00f3gica y el Reto Demogr\u00e1fico. Tras el incendio de febrero que afect\u00f3 a 100 hect\u00e1reas de bosque aut\u00f3ctono y matorral en el paraje conocido como Cuesta Gin\u00e9s, ahora se est\u00e1 procediendo a la restituci\u00f3n de la cubierta vegetal y a la repoblaci\u00f3n de arbolado con especies frondosas aut\u00f3ctonas, principalmente roble, casta\u00f1o y haya.<\/p>\n<p>El Ejecutivo auton\u00f3mico destina este a\u00f1o 1.870.715 euros a inversiones en Picos de Europa, de los cuales m\u00e1s de 1,1 millones servir\u00e1n para consolidar la apuesta por el turismo responsable y sostenible. Con este objetivo se reforzar\u00e1 el personal para la interpretaci\u00f3n ambiental de las rutas y se impulsar\u00e1n dispositivos espec\u00edficos de regulaci\u00f3n del tr\u00e1fico en \u00e9pocas de m\u00e1xima afluencia en Poncebos y Pand\u00e9bano (Cabrales), que se sumar\u00e1n al ya establecido en el acceso a los lagos de Covadonga.<\/p>\n<h2>Reuni\u00f3n de la mesa de trabajo del Parque Nacional<\/h2>\n<p>Durante su visita, Calvo ha informado que la mesa de trabajo abierta a todos los agentes sociales del \u00e1rea de influencia de la vertiente asturiana del Parque Nacional de los Picos de Europa celebrar\u00e1 su primera reuni\u00f3n el 5 de mayo. La medida, ya anunciada en febrero, tiene como objetivo impulsar la participaci\u00f3n de sus habitantes y favorecer la corresponsabilidad en la toma de decisiones sobre el espacio protegido.<\/p>\n<p>A la mesa est\u00e1n convocados m\u00e1s de 40 integrantes de todos los \u00e1mbitos socioecon\u00f3micos, municipales y culturales de los municipios de la vertiente asturiana. En este primer encuentro, convocado de forma telem\u00e1tica, se expondr\u00e1n tambi\u00e9n las conclusiones sobre la encuesta online realizada a m\u00e1s de 70 entidades del entorno de parque nacional, en la que se pone de manifiesto la importancia de este espacio natural para la econom\u00eda de la zona y la necesidad de armonizar su conservaci\u00f3n con los valores tradicionales que representa.<\/p>\n<p>&nbsp;<\/p>\n","protected":false},"excerpt":{"rendered":"<p>La Consejer\u00eda de Medio Rural y Cohesi\u00f3n Territorial est\u00e1 realizando obras de prevenci\u00f3n de incendios forestales, mantenimiento de infraestructuras ganaderas y conservaci\u00f3n de pistas en el Parque Nacional de los Picos de Europa por un importe de 414.000 euros. El titular de Medio Rural y Cohesi\u00f3n territorial, Alejandro Calvo, se ha reunido esta semana con [&hellip;]<\/p>\n","protected":false},"author":1,"featured_media":906357,"comment_status":"closed","ping_status":"closed","sticky":false,"template":"","format":"standard","meta":{"footnotes":""},"categories":[12],"tags":[],"class_list":["post-1090658","post","type-post","status-publish","format-standard","has-post-thumbnail","hentry","category-actualidad-asturias"],"aioseo_notices":[],"aioseo_head":"\n\t\t<!-- All in One SEO Pro 5.0.1 - aioseo.com -->\n\t<meta name=\"description\" content=\"La Consejer\u00eda asturiana de Medio Rural y Cohesi\u00f3n Territorial est\u00e1 realizando obras de prevenci\u00f3n de incendios forestales ..\" \/>\n\t<meta name=\"robots\" content=\"max-image-preview:large\" \/>\n\t<meta name=\"author\" content=\"El Digital de Asturias\"\/>\n\t<meta name=\"google-site-verification\" content=\"UA-38556648-1\" \/>\n\t<meta name=\"msvalidate.01\" content=\"7dfe9f3f1b24437ab69f4f2559babe99\" \/>\n\t<meta name=\"keywords\" content=\"actualidad asturias\" \/>\n\t<link rel=\"canonical\" href=\"https:\/\/www.eldigitaldeasturias.com\/noticias\/asturias-apuesta-por-la-prevencion-de-incendios-en-los-picos-de-europa\/\" \/>\n\t<meta name=\"generator\" content=\"All in One SEO Pro (AIOSEO) 5.0.1\" \/>\n\t\t<meta property=\"og:locale\" content=\"es_ES\" \/>\n\t\t<meta property=\"og:site_name\" content=\"El Digital de Asturias\" \/>\n\t\t<meta property=\"og:type\" content=\"article\" \/>\n\t\t<meta property=\"og:title\" content=\"Asturias apuesta por la prevenci\u00f3n de incendios en los Picos de Europa - El Digital de Asturias\" \/>\n\t\t<meta property=\"og:description\" content=\"La Consejer\u00eda asturiana de Medio Rural y Cohesi\u00f3n Territorial est\u00e1 realizando obras de prevenci\u00f3n de incendios forestales ..\" \/>\n\t\t<meta property=\"og:url\" content=\"https:\/\/www.eldigitaldeasturias.com\/noticias\/asturias-apuesta-por-la-prevencion-de-incendios-en-los-picos-de-europa\/\" \/>\n\t\t<meta property=\"article:tag\" content=\"actualidad asturias\" \/>\n\t\t<meta property=\"article:published_time\" content=\"2021-05-01T00:48:03+00:00\" \/>\n\t\t<meta property=\"article:modified_time\" content=\"2021-05-01T00:48:03+00:00\" \/>\n\t\t<meta property=\"article:publisher\" content=\"https:\/\/facebook.com\/eldigitaldeasturias\" \/>\n\t\t<meta name=\"twitter:card\" content=\"summary_large_image\" \/>\n\t\t<meta name=\"twitter:title\" content=\"Asturias apuesta por la prevenci\u00f3n de incendios en los Picos de Europa - El Digital de Asturias\" \/>\n\t\t<meta name=\"twitter:description\" content=\"La Consejer\u00eda asturiana de Medio Rural y Cohesi\u00f3n Territorial est\u00e1 realizando obras de prevenci\u00f3n de incendios forestales ..\" \/>\n\t\t<meta name=\"twitter:image\" content=\"https:\/\/www.eldigitaldeasturias.com\/noticias\/wp-content\/uploads\/2020\/12\/EDA-1.jpg\" \/>\n\t\t<meta name=\"twitter:label1\" content=\"Escrito por\" \/>\n\t\t<meta name=\"twitter:data1\" content=\"El Digital de Asturias\" \/>\n\t\t<meta name=\"twitter:label2\" content=\"Tiempo de lectura estimado\" \/>\n\t\t<meta name=\"twitter:data2\" content=\"3 minutos\" \/>\n\t\t<script type=\"application\/ld+json\" class=\"aioseo-schema\">\n\t\t\t{\"@context\":\"https:\\\/\\\/schema.org\",\"@graph\":[{\"@type\":\"BlogPosting\",\"@id\":\"https:\\\/\\\/www.eldigitaldeasturias.com\\\/noticias\\\/asturias-apuesta-por-la-prevencion-de-incendios-en-los-picos-de-europa\\\/#blogposting\",\"name\":\"Asturias apuesta por la prevenci\\u00f3n de incendios en los Picos de Europa - El Digital de Asturias\",\"headline\":\"Asturias apuesta por la prevenci\\u00f3n de incendios en los Picos de Europa\",\"author\":{\"@id\":\"https:\\\/\\\/www.eldigitaldeasturias.com\\\/noticias\\\/author\\\/admin\\\/#author\"},\"publisher\":{\"@id\":\"https:\\\/\\\/www.eldigitaldeasturias.com\\\/noticias\\\/#organization\"},\"image\":{\"@type\":\"ImageObject\",\"url\":906357},\"datePublished\":\"2021-05-01T01:48:03+02:00\",\"dateModified\":\"2021-05-01T01:48:03+02:00\",\"inLanguage\":\"es-ES\",\"mainEntityOfPage\":{\"@id\":\"https:\\\/\\\/www.eldigitaldeasturias.com\\\/noticias\\\/asturias-apuesta-por-la-prevencion-de-incendios-en-los-picos-de-europa\\\/#webpage\"},\"isPartOf\":{\"@id\":\"https:\\\/\\\/www.eldigitaldeasturias.com\\\/noticias\\\/asturias-apuesta-por-la-prevencion-de-incendios-en-los-picos-de-europa\\\/#webpage\"},\"articleSection\":\"Actualidad Asturias\"},{\"@type\":\"BreadcrumbList\",\"@id\":\"https:\\\/\\\/www.eldigitaldeasturias.com\\\/noticias\\\/asturias-apuesta-por-la-prevencion-de-incendios-en-los-picos-de-europa\\\/#breadcrumblist\",\"itemListElement\":[{\"@type\":\"ListItem\",\"@id\":\"https:\\\/\\\/www.eldigitaldeasturias.com\\\/noticias#listItem\",\"position\":1,\"name\":\"Home\",\"item\":\"https:\\\/\\\/www.eldigitaldeasturias.com\\\/noticias\",\"nextItem\":{\"@type\":\"ListItem\",\"@id\":\"https:\\\/\\\/www.eldigitaldeasturias.com\\\/noticias\\\/category\\\/actualidad-asturias\\\/#listItem\",\"name\":\"Actualidad Asturias\"}},{\"@type\":\"ListItem\",\"@id\":\"https:\\\/\\\/www.eldigitaldeasturias.com\\\/noticias\\\/category\\\/actualidad-asturias\\\/#listItem\",\"position\":2,\"name\":\"Actualidad Asturias\",\"item\":\"https:\\\/\\\/www.eldigitaldeasturias.com\\\/noticias\\\/category\\\/actualidad-asturias\\\/\",\"nextItem\":{\"@type\":\"ListItem\",\"@id\":\"https:\\\/\\\/www.eldigitaldeasturias.com\\\/noticias\\\/asturias-apuesta-por-la-prevencion-de-incendios-en-los-picos-de-europa\\\/#listItem\",\"name\":\"Asturias apuesta por la prevenci\\u00f3n de incendios en los Picos de Europa\"},\"previousItem\":{\"@type\":\"ListItem\",\"@id\":\"https:\\\/\\\/www.eldigitaldeasturias.com\\\/noticias#listItem\",\"name\":\"Home\"}},{\"@type\":\"ListItem\",\"@id\":\"https:\\\/\\\/www.eldigitaldeasturias.com\\\/noticias\\\/asturias-apuesta-por-la-prevencion-de-incendios-en-los-picos-de-europa\\\/#listItem\",\"position\":3,\"name\":\"Asturias apuesta por la prevenci\\u00f3n de incendios en los Picos de Europa\",\"previousItem\":{\"@type\":\"ListItem\",\"@id\":\"https:\\\/\\\/www.eldigitaldeasturias.com\\\/noticias\\\/category\\\/actualidad-asturias\\\/#listItem\",\"name\":\"Actualidad Asturias\"}}]},{\"@type\":\"Organization\",\"@id\":\"https:\\\/\\\/www.eldigitaldeasturias.com\\\/noticias\\\/#organization\",\"name\":\"El Digital de Asturias\",\"description\":\"Hemeroteca\",\"url\":\"https:\\\/\\\/www.eldigitaldeasturias.com\\\/noticias\\\/\",\"email\":\"info@eldigitaldeasturias.com\",\"telephone\":\"+34652131393\",\"logo\":{\"@type\":\"ImageObject\",\"url\":\"https:\\\/\\\/www.eldigitaldeasturias.com\\\/noticias\\\/wp-content\\\/uploads\\\/2020\\\/12\\\/EDA.jpg\",\"@id\":\"https:\\\/\\\/www.eldigitaldeasturias.com\\\/noticias\\\/asturias-apuesta-por-la-prevencion-de-incendios-en-los-picos-de-europa\\\/#organizationLogo\"},\"image\":{\"@id\":\"https:\\\/\\\/www.eldigitaldeasturias.com\\\/noticias\\\/asturias-apuesta-por-la-prevencion-de-incendios-en-los-picos-de-europa\\\/#organizationLogo\"},\"sameAs\":[\"https:\\\/\\\/facebook.com\\\/eldigitaldeasturias\",\"https:\\\/\\\/www.youtube.com\\\/channel\\\/UCZP-2wLEB9Rv6erhFmqVnvg\"],\"address\":{\"@id\":\"https:\\\/\\\/www.eldigitaldeasturias.com\\\/noticias\\\/#postaladdress\",\"@type\":\"PostalAddress\",\"streetAddress\":\"san antonio 4\",\"postalCode\":\"33430\",\"addressLocality\":\"Cand\\u00e1s\",\"addressRegion\":\"Asturias\",\"addressCountry\":\"ES\"}},{\"@type\":\"Person\",\"@id\":\"https:\\\/\\\/www.eldigitaldeasturias.com\\\/noticias\\\/author\\\/admin\\\/#author\",\"url\":\"https:\\\/\\\/www.eldigitaldeasturias.com\\\/noticias\\\/author\\\/admin\\\/\",\"name\":\"El Digital de Asturias\",\"image\":{\"@type\":\"ImageObject\",\"@id\":\"https:\\\/\\\/www.eldigitaldeasturias.com\\\/noticias\\\/asturias-apuesta-por-la-prevencion-de-incendios-en-los-picos-de-europa\\\/#authorImage\",\"url\":\"https:\\\/\\\/secure.gravatar.com\\\/avatar\\\/df2aeffc32bcd13f8d26072ef8a91b623d677766deac7f97ca815868cd41bf5e?s=96&d=mm&r=g\",\"width\":96,\"height\":96,\"caption\":\"El Digital de Asturias\"}},{\"@type\":\"WebPage\",\"@id\":\"https:\\\/\\\/www.eldigitaldeasturias.com\\\/noticias\\\/asturias-apuesta-por-la-prevencion-de-incendios-en-los-picos-de-europa\\\/#webpage\",\"url\":\"https:\\\/\\\/www.eldigitaldeasturias.com\\\/noticias\\\/asturias-apuesta-por-la-prevencion-de-incendios-en-los-picos-de-europa\\\/\",\"name\":\"Asturias apuesta por la prevenci\\u00f3n de incendios en los Picos de Europa - El Digital de Asturias\",\"description\":\"La Consejer\\u00eda asturiana de Medio Rural y Cohesi\\u00f3n Territorial est\\u00e1 realizando obras de prevenci\\u00f3n de incendios forestales ..\",\"inLanguage\":\"es-ES\",\"isPartOf\":{\"@id\":\"https:\\\/\\\/www.eldigitaldeasturias.com\\\/noticias\\\/#website\"},\"breadcrumb\":{\"@id\":\"https:\\\/\\\/www.eldigitaldeasturias.com\\\/noticias\\\/asturias-apuesta-por-la-prevencion-de-incendios-en-los-picos-de-europa\\\/#breadcrumblist\"},\"author\":{\"@id\":\"https:\\\/\\\/www.eldigitaldeasturias.com\\\/noticias\\\/author\\\/admin\\\/#author\"},\"creator\":{\"@id\":\"https:\\\/\\\/www.eldigitaldeasturias.com\\\/noticias\\\/author\\\/admin\\\/#author\"},\"image\":{\"@type\":\"ImageObject\",\"url\":906357,\"@id\":\"https:\\\/\\\/www.eldigitaldeasturias.com\\\/noticias\\\/asturias-apuesta-por-la-prevencion-de-incendios-en-los-picos-de-europa\\\/#mainImage\"},\"primaryImageOfPage\":{\"@id\":\"https:\\\/\\\/www.eldigitaldeasturias.com\\\/noticias\\\/asturias-apuesta-por-la-prevencion-de-incendios-en-los-picos-de-europa\\\/#mainImage\"},\"datePublished\":\"2021-05-01T01:48:03+02:00\",\"dateModified\":\"2021-05-01T01:48:03+02:00\"},{\"@type\":\"WebSite\",\"@id\":\"https:\\\/\\\/www.eldigitaldeasturias.com\\\/noticias\\\/#website\",\"url\":\"https:\\\/\\\/www.eldigitaldeasturias.com\\\/noticias\\\/\",\"name\":\"El Digital de Asturias - Diario de actualidad y noticias\",\"alternateName\":\"El Digital de Asturias - Diario de actualidad y noticias\",\"description\":\"Hemeroteca\",\"inLanguage\":\"es-ES\",\"publisher\":{\"@id\":\"https:\\\/\\\/www.eldigitaldeasturias.com\\\/noticias\\\/#organization\"}}]}\n\t\t<\/script>\n\t\t<!-- All in One SEO Pro -->\r\n\t\t<title>Asturias apuesta por la prevenci\u00f3n de incendios en los Picos de Europa - El Digital de Asturias<\/title>\n\n","aioseo_head_json":{"title":"Asturias apuesta por la prevenci\u00f3n de incendios en los Picos de Europa - El Digital de Asturias","description":"La Consejer\u00eda asturiana de Medio Rural y Cohesi\u00f3n Territorial est\u00e1 realizando obras de prevenci\u00f3n de incendios forestales ..","canonical_url":"https:\/\/www.eldigitaldeasturias.com\/noticias\/asturias-apuesta-por-la-prevencion-de-incendios-en-los-picos-de-europa\/","robots":"max-image-preview:large","keywords":"actualidad asturias","webmasterTools":{"google-site-verification":"UA-38556648-1","msvalidate.01":"7dfe9f3f1b24437ab69f4f2559babe99","miscellaneous":""},"schema":{"@context":"https:\/\/schema.org","@graph":[{"@type":"BlogPosting","@id":"https:\/\/www.eldigitaldeasturias.com\/noticias\/asturias-apuesta-por-la-prevencion-de-incendios-en-los-picos-de-europa\/#blogposting","name":"Asturias apuesta por la prevenci\u00f3n de incendios en los Picos de Europa - El Digital de Asturias","headline":"Asturias apuesta por la prevenci\u00f3n de incendios en los Picos de Europa","author":{"@id":"https:\/\/www.eldigitaldeasturias.com\/noticias\/author\/admin\/#author"},"publisher":{"@id":"https:\/\/www.eldigitaldeasturias.com\/noticias\/#organization"},"image":{"@type":"ImageObject","url":906357},"datePublished":"2021-05-01T01:48:03+02:00","dateModified":"2021-05-01T01:48:03+02:00","inLanguage":"es-ES","mainEntityOfPage":{"@id":"https:\/\/www.eldigitaldeasturias.com\/noticias\/asturias-apuesta-por-la-prevencion-de-incendios-en-los-picos-de-europa\/#webpage"},"isPartOf":{"@id":"https:\/\/www.eldigitaldeasturias.com\/noticias\/asturias-apuesta-por-la-prevencion-de-incendios-en-los-picos-de-europa\/#webpage"},"articleSection":"Actualidad Asturias"},{"@type":"BreadcrumbList","@id":"https:\/\/www.eldigitaldeasturias.com\/noticias\/asturias-apuesta-por-la-prevencion-de-incendios-en-los-picos-de-europa\/#breadcrumblist","itemListElement":[{"@type":"ListItem","@id":"https:\/\/www.eldigitaldeasturias.com\/noticias#listItem","position":1,"name":"Home","item":"https:\/\/www.eldigitaldeasturias.com\/noticias","nextItem":{"@type":"ListItem","@id":"https:\/\/www.eldigitaldeasturias.com\/noticias\/category\/actualidad-asturias\/#listItem","name":"Actualidad Asturias"}},{"@type":"ListItem","@id":"https:\/\/www.eldigitaldeasturias.com\/noticias\/category\/actualidad-asturias\/#listItem","position":2,"name":"Actualidad Asturias","item":"https:\/\/www.eldigitaldeasturias.com\/noticias\/category\/actualidad-asturias\/","nextItem":{"@type":"ListItem","@id":"https:\/\/www.eldigitaldeasturias.com\/noticias\/asturias-apuesta-por-la-prevencion-de-incendios-en-los-picos-de-europa\/#listItem","name":"Asturias apuesta por la prevenci\u00f3n de incendios en los Picos de Europa"},"previousItem":{"@type":"ListItem","@id":"https:\/\/www.eldigitaldeasturias.com\/noticias#listItem","name":"Home"}},{"@type":"ListItem","@id":"https:\/\/www.eldigitaldeasturias.com\/noticias\/asturias-apuesta-por-la-prevencion-de-incendios-en-los-picos-de-europa\/#listItem","position":3,"name":"Asturias apuesta por la prevenci\u00f3n de incendios en los Picos de Europa","previousItem":{"@type":"ListItem","@id":"https:\/\/www.eldigitaldeasturias.com\/noticias\/category\/actualidad-asturias\/#listItem","name":"Actualidad Asturias"}}]},{"@type":"Organization","@id":"https:\/\/www.eldigitaldeasturias.com\/noticias\/#organization","name":"El Digital de Asturias","description":"Hemeroteca","url":"https:\/\/www.eldigitaldeasturias.com\/noticias\/","email":"info@eldigitaldeasturias.com","telephone":"+34652131393","logo":{"@type":"ImageObject","url":"https:\/\/www.eldigitaldeasturias.com\/noticias\/wp-content\/uploads\/2020\/12\/EDA.jpg","@id":"https:\/\/www.eldigitaldeasturias.com\/noticias\/asturias-apuesta-por-la-prevencion-de-incendios-en-los-picos-de-europa\/#organizationLogo"},"image":{"@id":"https:\/\/www.eldigitaldeasturias.com\/noticias\/asturias-apuesta-por-la-prevencion-de-incendios-en-los-picos-de-europa\/#organizationLogo"},"sameAs":["https:\/\/facebook.com\/eldigitaldeasturias","https:\/\/www.youtube.com\/channel\/UCZP-2wLEB9Rv6erhFmqVnvg"],"address":{"@id":"https:\/\/www.eldigitaldeasturias.com\/noticias\/#postaladdress","@type":"PostalAddress","streetAddress":"san antonio 4","postalCode":"33430","addressLocality":"Cand\u00e1s","addressRegion":"Asturias","addressCountry":"ES"}},{"@type":"Person","@id":"https:\/\/www.eldigitaldeasturias.com\/noticias\/author\/admin\/#author","url":"https:\/\/www.eldigitaldeasturias.com\/noticias\/author\/admin\/","name":"El Digital de Asturias","image":{"@type":"ImageObject","@id":"https:\/\/www.eldigitaldeasturias.com\/noticias\/asturias-apuesta-por-la-prevencion-de-incendios-en-los-picos-de-europa\/#authorImage","url":"https:\/\/secure.gravatar.com\/avatar\/df2aeffc32bcd13f8d26072ef8a91b623d677766deac7f97ca815868cd41bf5e?s=96&d=mm&r=g","width":96,"height":96,"caption":"El Digital de Asturias"}},{"@type":"WebPage","@id":"https:\/\/www.eldigitaldeasturias.com\/noticias\/asturias-apuesta-por-la-prevencion-de-incendios-en-los-picos-de-europa\/#webpage","url":"https:\/\/www.eldigitaldeasturias.com\/noticias\/asturias-apuesta-por-la-prevencion-de-incendios-en-los-picos-de-europa\/","name":"Asturias apuesta por la prevenci\u00f3n de incendios en los Picos de Europa - El Digital de Asturias","description":"La Consejer\u00eda asturiana de Medio Rural y Cohesi\u00f3n Territorial est\u00e1 realizando obras de prevenci\u00f3n de incendios forestales ..","inLanguage":"es-ES","isPartOf":{"@id":"https:\/\/www.eldigitaldeasturias.com\/noticias\/#website"},"breadcrumb":{"@id":"https:\/\/www.eldigitaldeasturias.com\/noticias\/asturias-apuesta-por-la-prevencion-de-incendios-en-los-picos-de-europa\/#breadcrumblist"},"author":{"@id":"https:\/\/www.eldigitaldeasturias.com\/noticias\/author\/admin\/#author"},"creator":{"@id":"https:\/\/www.eldigitaldeasturias.com\/noticias\/author\/admin\/#author"},"image":{"@type":"ImageObject","url":906357,"@id":"https:\/\/www.eldigitaldeasturias.com\/noticias\/asturias-apuesta-por-la-prevencion-de-incendios-en-los-picos-de-europa\/#mainImage"},"primaryImageOfPage":{"@id":"https:\/\/www.eldigitaldeasturias.com\/noticias\/asturias-apuesta-por-la-prevencion-de-incendios-en-los-picos-de-europa\/#mainImage"},"datePublished":"2021-05-01T01:48:03+02:00","dateModified":"2021-05-01T01:48:03+02:00"},{"@type":"WebSite","@id":"https:\/\/www.eldigitaldeasturias.com\/noticias\/#website","url":"https:\/\/www.eldigitaldeasturias.com\/noticias\/","name":"El Digital de Asturias - Diario de actualidad y noticias","alternateName":"El Digital de Asturias - Diario de actualidad y noticias","description":"Hemeroteca","inLanguage":"es-ES","publisher":{"@id":"https:\/\/www.eldigitaldeasturias.com\/noticias\/#organization"}}]},"og:locale":"es_ES","og:site_name":"El Digital de Asturias","og:type":"article","og:title":"Asturias apuesta por la prevenci\u00f3n de incendios en los Picos de Europa - El Digital de Asturias","og:description":"La Consejer\u00eda asturiana de Medio Rural y Cohesi\u00f3n Territorial est\u00e1 realizando obras de prevenci\u00f3n de incendios forestales ..","og:url":"https:\/\/www.eldigitaldeasturias.com\/noticias\/asturias-apuesta-por-la-prevencion-de-incendios-en-los-picos-de-europa\/","article:tag":["actualidad asturias"],"article:published_time":"2021-05-01T00:48:03+00:00","article:modified_time":"2021-05-01T00:48:03+00:00","article:publisher":"https:\/\/facebook.com\/eldigitaldeasturias","twitter:card":"summary_large_image","twitter:title":"Asturias apuesta por la prevenci\u00f3n de incendios en los Picos de Europa - El Digital de Asturias","twitter:description":"La Consejer\u00eda asturiana de Medio Rural y Cohesi\u00f3n Territorial est\u00e1 realizando obras de prevenci\u00f3n de incendios forestales ..","twitter:image":"https:\/\/www.eldigitaldeasturias.com\/noticias\/wp-content\/uploads\/2020\/12\/EDA-1.jpg","twitter:label1":"Escrito por","twitter:data1":"El Digital de Asturias","twitter:label2":"Tiempo de lectura estimado","twitter:data2":"3 minutos"},"aioseo_meta_data":{"post_id":"1090658","title":null,"description":"La Consejer\u00eda asturiana de Medio Rural y Cohesi\u00f3n Territorial est\u00e1 realizando obras de prevenci\u00f3n de incendios forestales ..","keywords":[],"keyphrases":{"focus":[],"additional":[]},"primary_term":null,"canonical_url":null,"og_title":null,"og_description":null,"og_object_type":"default","og_image_type":"default","og_image_url":null,"og_image_width":null,"og_image_height":null,"og_image_custom_url":null,"og_image_custom_fields":null,"og_video":"","og_custom_url":null,"og_article_section":null,"og_article_tags":[],"twitter_use_og":false,"twitter_card":"default","twitter_image_type":"default","twitter_image_url":null,"twitter_image_custom_url":null,"twitter_image_custom_fields":null,"twitter_title":null,"twitter_description":null,"schema":{"blockGraphs":[],"customGraphs":[],"default":{"data":{"Article":[],"Course":[],"Dataset":[],"FAQPage":[],"Movie":[],"Person":[],"Product":[],"ProductReview":[],"Car":[],"Recipe":[],"Service":[],"SoftwareApplication":[],"WebPage":[]},"graphName":"","isEnabled":true},"graphs":[],"defaultGraph":"Article","defaultPostTypeGraph":""},"schema_type":"default","schema_type_options":"{\"article\":{\"articleType\":\"BlogPosting\"},\"course\":{\"name\":\"\",\"description\":\"\",\"provider\":\"\"},\"faq\":{\"pages\":[]},\"product\":{\"reviews\":[]},\"recipe\":{\"ingredients\":[],\"instructions\":[],\"keywords\":[]},\"software\":{\"reviews\":[],\"operatingSystems\":[]},\"webPage\":{\"webPageType\":\"WebPage\"}}","pillar_content":false,"robots_default":true,"robots_noindex":false,"robots_noarchive":false,"robots_nosnippet":false,"robots_nofollow":false,"robots_noimageindex":false,"robots_noodp":false,"robots_notranslate":false,"robots_max_snippet":"-1","robots_max_videopreview":"-1","robots_max_imagepreview":"large","priority":null,"frequency":"default","local_seo":{"locations":{"business":{"name":"","businessType":"","image":"","areaServed":"","urls":{"website":"","aboutPage":"","contactPage":""},"address":{"streetLine1":"","streetLine2":"","zipCode":"","city":"","state":"","country":"","addressFormat":"#streetLineOne\n#streetLineTwo\n#city, #state #zipCode"},"contact":{"phone":"","email":"","fax":""},"ids":{"vat":"","tax":"","chamberOfCommerce":""},"payment":{"priceRange":"","currenciesAccepted":"","methods":""}}},"openingHours":{"useDefaults":true,"show":true,"alwaysOpen":false,"use24hFormat":false,"timezone":"","labels":{"closed":"","alwaysOpen":""},"days":{"monday":{"open24h":false,"closed":false,"openTime":"09:00","closeTime":"17:00"},"tuesday":{"open24h":false,"closed":false,"openTime":"09:00","closeTime":"17:00"},"wednesday":{"open24h":false,"closed":false,"openTime":"09:00","closeTime":"17:00"},"thursday":{"open24h":false,"closed":false,"openTime":"09:00","closeTime":"17:00"},"friday":{"open24h":false,"closed":false,"openTime":"09:00","closeTime":"17:00"},"saturday":{"open24h":false,"closed":false,"openTime":"09:00","closeTime":"17:00"},"sunday":{"open24h":false,"closed":false,"openTime":"09:00","closeTime":"17:00"}}}},"seo_analyzer_scan_date":"2026-07-17 14:54:45","breadcrumb_settings":null,"limit_modified_date":false,"open_ai":null,"ai":null,"created":"2021-05-01 00:41:01","updated":"2026-07-17 14:54:45","focus_keyword":null,"additional_keywords":null,"truseo_locale":null},"aioseo_breadcrumb":"<div class=\"aioseo-breadcrumbs\"><span class=\"aioseo-breadcrumb\">\n\t<a href=\"https:\/\/www.eldigitaldeasturias.com\/noticias\" title=\"Home\">Home<\/a>\n<\/span><span class=\"aioseo-breadcrumb-separator\">\u2013<\/span><span class=\"aioseo-breadcrumb\">\n\t<a href=\"https:\/\/www.eldigitaldeasturias.com\/noticias\/category\/actualidad-asturias\/\" title=\"Actualidad Asturias\">Actualidad Asturias<\/a>\n<\/span><span class=\"aioseo-breadcrumb-separator\">\u2013<\/span><span class=\"aioseo-breadcrumb\">\n\t<a href=\"https:\/\/www.eldigitaldeasturias.com\/noticias\/asturias-apuesta-por-la-prevencion-de-incendios-en-los-picos-de-europa\/\" title=\"Asturias apuesta por la prevenci\u00f3n de incendios en los Picos de Europa\">Asturias apuesta por la prevenci\u00f3n de incendios en los Picos de Europa<\/a>\n<\/span><\/div>","aioseo_breadcrumb_json":[{"label":"Home","link":"https:\/\/www.eldigitaldeasturias.com\/noticias"},{"label":"Actualidad Asturias","link":"https:\/\/www.eldigitaldeasturias.com\/noticias\/category\/actualidad-asturias\/"},{"label":"Asturias apuesta por la prevenci\u00f3n de incendios en los Picos de Europa","link":"https:\/\/www.eldigitaldeasturias.com\/noticias\/asturias-apuesta-por-la-prevencion-de-incendios-en-los-picos-de-europa\/"}],"_links":{"self":[{"href":"https:\/\/www.eldigitaldeasturias.com\/noticias\/wp-json\/wp\/v2\/posts\/1090658","targetHints":{"allow":["GET"]}}],"collection":[{"href":"https:\/\/www.eldigitaldeasturias.com\/noticias\/wp-json\/wp\/v2\/posts"}],"about":[{"href":"https:\/\/www.eldigitaldeasturias.com\/noticias\/wp-json\/wp\/v2\/types\/post"}],"author":[{"embeddable":true,"href":"https:\/\/www.eldigitaldeasturias.com\/noticias\/wp-json\/wp\/v2\/users\/1"}],"replies":[{"embeddable":true,"href":"https:\/\/www.eldigitaldeasturias.com\/noticias\/wp-json\/wp\/v2\/comments?post=1090658"}],"version-history":[{"count":0,"href":"https:\/\/www.eldigitaldeasturias.com\/noticias\/wp-json\/wp\/v2\/posts\/1090658\/revisions"}],"wp:attachment":[{"href":"https:\/\/www.eldigitaldeasturias.com\/noticias\/wp-json\/wp\/v2\/media?parent=1090658"}],"wp:term":[{"taxonomy":"category","embeddable":true,"href":"https:\/\/www.eldigitaldeasturias.com\/noticias\/wp-json\/wp\/v2\/categories?post=1090658"},{"taxonomy":"post_tag","embeddable":true,"href":"https:\/\/www.eldigitaldeasturias.com\/noticias\/wp-json\/wp\/v2\/tags?post=1090658"}],"curies":[{"name":"wp","href":"https:\/\/api.w.org\/{rel}","templated":true}]}}