{"id":1090623,"date":"2021-05-01T00:17:55","date_gmt":"2021-04-30T23:17:55","guid":{"rendered":"https:\/\/www.eldigitaldeasturias.com\/noticias\/?p=1090623"},"modified":"2021-05-01T00:17:55","modified_gmt":"2021-04-30T23:17:55","slug":"figaredo-necesitamos-sindicatos-independientes-y-valientes","status":"publish","type":"post","link":"https:\/\/www.eldigitaldeasturias.com\/noticias\/figaredo-necesitamos-sindicatos-independientes-y-valientes\/","title":{"rendered":"Figaredo: \u201cNecesitamos sindicatos independientes y valientes\u00bb"},"content":{"rendered":"<p><img loading=\"lazy\" decoding=\"async\" class=\"alignleft size-medium wp-image-1090624\" src=\"https:\/\/www.eldigitaldeasturias.com\/noticias\/wp-content\/uploads\/2021\/05\/Vox-Asturias-360x252.jpg\" alt=\"VOX Asturias\" width=\"360\" height=\"252\" \/>El diputado nacional de<strong> VOX por Asturias<\/strong>, Jos\u00e9 Mar\u00eda Figaredo, el presidente regional y diputado en la Junta General, Ignacio Blanco, y el concejal del Ayuntamiento de Siero, Alejandro \u00c1lvarez, mantuvieron el viernes una reuni\u00f3n en la sede de VOX en la Pola con representantes del CSIF. Al t\u00e9rmino de la misma, en declaraciones a los medios informativos, Jos\u00e9 M\u00aa Figaredo manifest\u00f3 que \u201clos representantes del CSIF nos han confirmado una idea que nosotros manten\u00edamos en VOX y que los datos ratifican y es que, efectivamente, los sindicatos tradicionales, UGT y CCOO, viven en un 80% de los ingresos del presupuesto p\u00fablico y, por tanto, sirven a los gobiernos sucesivos que les van inyectando dinero en la cuenta; y son esos intereses los que representan. Ya no representan a los trabajadores y, por lo tanto, no cumplen con la funci\u00f3n social que deber\u00edan desempe\u00f1ar\u201d.<\/p>\n<p>Por eso, Figaredo asegur\u00f3 que \u201cnecesitamos que empiecen a surgir sindicatos independientes y valientes que defiendan a sus asociados y que protejan el inter\u00e9s del trabajador y no el inter\u00e9s del PSOE o de Podemos, que es lo que hacen CCOO y UGT, que no hacen otra cosa que besar los pies de estos dos partidos que son los que les pagan\u201d.<\/p>\n<p>En la reuni\u00f3n mantenida el viernes \u201cel CSIF nos ha trasladado que ellos viven en un 99% de las cuotas de sus afiliados y que UGT y CCOO juegan \u2018con trampa\u2019 por vivir del presupuesto p\u00fablico y con m\u00e1s margen para hacer acciones publicitarias y de marketing. Competir con estos sindicatos subvencionados es muy complicado pero a\u00fan as\u00ed, CSIF est\u00e1 experimentando un crecimiento espectacular debido a lo que es una representaci\u00f3n leal de los trabajadores y de los intereses reales de los trabajadores\u201d.<\/p>\n<p>Jos\u00e9 M\u00aa Figaredo hizo hincapi\u00e9 en que \u201cexiste ahora en Espa\u00f1a un nuevo sindicato que se llama Solidaridad y que ma\u00f1ana ha convocado una serie de manifestaciones en todas las capitales de provincia espa\u00f1olas con motivo del D\u00eda del Trabajo, que es un sindicato que defiende realmente los intereses de los trabajadores y que puede permitirse meterle el dedo en el ojo a cualquier gobierno que se ponga por delante\u201d.<\/p>\n<p>Por su lado Ignacio Blanco apunt\u00f3 que \u201clo que nos dej\u00f3 claro CSIF y que comparte \u00edntegramente con VOX es que son partidarios de que se eliminen las subvenciones a todos los sindicatos. Como dice nuestro partido, queremos acabar con las subvenciones a partidos pol\u00edticos, sindicatos y patronales y, en este caso, aunque no coincidimos en algunas reclamaciones que plantean, en esta s\u00ed coincidimos plenamente. Tenemos un sindicato ya establecido con 45.000 representantes en toda Espa\u00f1a que apuesta tambi\u00e9n por eliminar las subvenciones a los sindicatos y que ese dinero quede en manos de los contribuyentes\u201d.<\/p>\n<p>Al hilo de ello, el diputado de VOX Asturias record\u00f3 que \u201cma\u00f1ana el sindicato Solidaridad, y vamos a apoyarles en esa convocatoria, organiza una caravana de veh\u00edculos que partir\u00e1 del pol\u00edgono de Silvota en Llanera, a partir de las diez y media, y asistiremos tambi\u00e9n ah\u00ed a ese primer acto de este sindicato en Asturias, que tambi\u00e9n queremos que se oriente en la l\u00ednea que se orienta el CSIF de no subvencionar a sindicatos, patronales ni partidos pol\u00edticos\u201d, concluy\u00f3 Ignacio Blanco.<\/p>\n<p>&nbsp;<\/p>\n<p>&nbsp;<\/p>\n","protected":false},"excerpt":{"rendered":"<p>El diputado nacional de VOX por Asturias, Jos\u00e9 Mar\u00eda Figaredo, el presidente regional y diputado en la Junta General, Ignacio Blanco, y el concejal del Ayuntamiento de Siero, Alejandro \u00c1lvarez, mantuvieron el viernes una reuni\u00f3n en la sede de VOX en la Pola con representantes del CSIF. Al t\u00e9rmino de la misma, en declaraciones a [&hellip;]<\/p>\n","protected":false},"author":1,"featured_media":1132184,"comment_status":"closed","ping_status":"closed","sticky":false,"template":"","format":"standard","meta":{"footnotes":""},"categories":[12],"tags":[],"class_list":["post-1090623","post","type-post","status-publish","format-standard","has-post-thumbnail","hentry","category-actualidad-asturias"],"aioseo_notices":[],"aioseo_head":"\n\t\t<!-- All in One SEO Pro 5.0.1 - aioseo.com -->\n\t<meta name=\"description\" content=\"El diputado nacional de VOX por Asturias, Jos\u00e9 Mar\u00eda Figaredo, el presidente regional y diputado en la Junta General, Ignacio Blanco, y el concejal de Siero ..\" \/>\n\t<meta name=\"robots\" content=\"max-image-preview:large\" \/>\n\t<meta name=\"author\" content=\"El Digital de Asturias\"\/>\n\t<meta name=\"google-site-verification\" content=\"UA-38556648-1\" \/>\n\t<meta name=\"msvalidate.01\" content=\"7dfe9f3f1b24437ab69f4f2559babe99\" \/>\n\t<meta name=\"keywords\" content=\"actualidad asturias\" \/>\n\t<link rel=\"canonical\" href=\"https:\/\/www.eldigitaldeasturias.com\/noticias\/figaredo-necesitamos-sindicatos-independientes-y-valientes\/\" \/>\n\t<meta name=\"generator\" content=\"All in One SEO Pro (AIOSEO) 5.0.1\" \/>\n\t\t<meta property=\"og:locale\" content=\"es_ES\" \/>\n\t\t<meta property=\"og:site_name\" content=\"El Digital de Asturias\" \/>\n\t\t<meta property=\"og:type\" content=\"article\" \/>\n\t\t<meta property=\"og:title\" content=\"Figaredo: \u201cNecesitamos sindicatos independientes y valientes\u00bb - El Digital de Asturias\" \/>\n\t\t<meta property=\"og:description\" content=\"El diputado nacional de VOX por Asturias, Jos\u00e9 Mar\u00eda Figaredo, el presidente regional y diputado en la Junta General, Ignacio Blanco, y el concejal de Siero ..\" \/>\n\t\t<meta property=\"og:url\" content=\"https:\/\/www.eldigitaldeasturias.com\/noticias\/figaredo-necesitamos-sindicatos-independientes-y-valientes\/\" \/>\n\t\t<meta property=\"og:image\" content=\"https:\/\/www.eldigitaldeasturias.com\/noticias\/wp-content\/uploads\/2026\/06\/Contenidos.jpg\" \/>\n\t\t<meta property=\"og:image:secure_url\" content=\"https:\/\/www.eldigitaldeasturias.com\/noticias\/wp-content\/uploads\/2026\/06\/Contenidos.jpg\" \/>\n\t\t<meta property=\"og:image:width\" content=\"1265\" \/>\n\t\t<meta property=\"og:image:height\" content=\"697\" \/>\n\t\t<meta property=\"article:tag\" content=\"actualidad asturias\" \/>\n\t\t<meta property=\"article:published_time\" content=\"2021-04-30T23:17:55+00:00\" \/>\n\t\t<meta property=\"article:modified_time\" content=\"2021-04-30T23:17:55+00:00\" \/>\n\t\t<meta property=\"article:publisher\" content=\"https:\/\/facebook.com\/eldigitaldeasturias\" \/>\n\t\t<meta name=\"twitter:card\" content=\"summary_large_image\" \/>\n\t\t<meta name=\"twitter:title\" content=\"Figaredo: \u201cNecesitamos sindicatos independientes y valientes\u00bb - El Digital de Asturias\" \/>\n\t\t<meta name=\"twitter:description\" content=\"El diputado nacional de VOX por Asturias, Jos\u00e9 Mar\u00eda Figaredo, el presidente regional y diputado en la Junta General, Ignacio Blanco, y el concejal de Siero ..\" \/>\n\t\t<meta name=\"twitter:image\" content=\"https:\/\/www.eldigitaldeasturias.com\/noticias\/wp-content\/uploads\/2026\/06\/Contenidos.jpg\" \/>\n\t\t<meta name=\"twitter:label1\" content=\"Escrito por\" \/>\n\t\t<meta name=\"twitter:data1\" content=\"El Digital de Asturias\" \/>\n\t\t<meta name=\"twitter:label2\" content=\"Tiempo de lectura estimado\" \/>\n\t\t<meta name=\"twitter:data2\" content=\"3 minutos\" \/>\n\t\t<script type=\"application\/ld+json\" class=\"aioseo-schema\">\n\t\t\t{\"@context\":\"https:\\\/\\\/schema.org\",\"@graph\":[{\"@type\":\"BlogPosting\",\"@id\":\"https:\\\/\\\/www.eldigitaldeasturias.com\\\/noticias\\\/figaredo-necesitamos-sindicatos-independientes-y-valientes\\\/#blogposting\",\"name\":\"Figaredo: \\u201cNecesitamos sindicatos independientes y valientes\\u00bb - El Digital de Asturias\",\"headline\":\"Figaredo: \\u201cNecesitamos sindicatos independientes y valientes\\u00bb\",\"author\":{\"@id\":\"https:\\\/\\\/www.eldigitaldeasturias.com\\\/noticias\\\/author\\\/admin\\\/#author\"},\"publisher\":{\"@id\":\"https:\\\/\\\/www.eldigitaldeasturias.com\\\/noticias\\\/#organization\"},\"image\":{\"@type\":\"ImageObject\",\"url\":\"https:\\\/\\\/www.eldigitaldeasturias.com\\\/noticias\\\/wp-content\\\/uploads\\\/2026\\\/06\\\/Contenidos.jpg\",\"width\":1265,\"height\":697,\"caption\":\"Contenidos\"},\"datePublished\":\"2021-05-01T00:17:55+02:00\",\"dateModified\":\"2021-05-01T00:17:55+02:00\",\"inLanguage\":\"es-ES\",\"mainEntityOfPage\":{\"@id\":\"https:\\\/\\\/www.eldigitaldeasturias.com\\\/noticias\\\/figaredo-necesitamos-sindicatos-independientes-y-valientes\\\/#webpage\"},\"isPartOf\":{\"@id\":\"https:\\\/\\\/www.eldigitaldeasturias.com\\\/noticias\\\/figaredo-necesitamos-sindicatos-independientes-y-valientes\\\/#webpage\"},\"articleSection\":\"Actualidad Asturias\"},{\"@type\":\"BreadcrumbList\",\"@id\":\"https:\\\/\\\/www.eldigitaldeasturias.com\\\/noticias\\\/figaredo-necesitamos-sindicatos-independientes-y-valientes\\\/#breadcrumblist\",\"itemListElement\":[{\"@type\":\"ListItem\",\"@id\":\"https:\\\/\\\/www.eldigitaldeasturias.com\\\/noticias#listItem\",\"position\":1,\"name\":\"Home\",\"item\":\"https:\\\/\\\/www.eldigitaldeasturias.com\\\/noticias\",\"nextItem\":{\"@type\":\"ListItem\",\"@id\":\"https:\\\/\\\/www.eldigitaldeasturias.com\\\/noticias\\\/category\\\/actualidad-asturias\\\/#listItem\",\"name\":\"Actualidad Asturias\"}},{\"@type\":\"ListItem\",\"@id\":\"https:\\\/\\\/www.eldigitaldeasturias.com\\\/noticias\\\/category\\\/actualidad-asturias\\\/#listItem\",\"position\":2,\"name\":\"Actualidad Asturias\",\"item\":\"https:\\\/\\\/www.eldigitaldeasturias.com\\\/noticias\\\/category\\\/actualidad-asturias\\\/\",\"nextItem\":{\"@type\":\"ListItem\",\"@id\":\"https:\\\/\\\/www.eldigitaldeasturias.com\\\/noticias\\\/figaredo-necesitamos-sindicatos-independientes-y-valientes\\\/#listItem\",\"name\":\"Figaredo: \\u201cNecesitamos sindicatos independientes y valientes\\u00bb\"},\"previousItem\":{\"@type\":\"ListItem\",\"@id\":\"https:\\\/\\\/www.eldigitaldeasturias.com\\\/noticias#listItem\",\"name\":\"Home\"}},{\"@type\":\"ListItem\",\"@id\":\"https:\\\/\\\/www.eldigitaldeasturias.com\\\/noticias\\\/figaredo-necesitamos-sindicatos-independientes-y-valientes\\\/#listItem\",\"position\":3,\"name\":\"Figaredo: \\u201cNecesitamos sindicatos independientes y valientes\\u00bb\",\"previousItem\":{\"@type\":\"ListItem\",\"@id\":\"https:\\\/\\\/www.eldigitaldeasturias.com\\\/noticias\\\/category\\\/actualidad-asturias\\\/#listItem\",\"name\":\"Actualidad Asturias\"}}]},{\"@type\":\"Organization\",\"@id\":\"https:\\\/\\\/www.eldigitaldeasturias.com\\\/noticias\\\/#organization\",\"name\":\"El Digital de Asturias\",\"description\":\"Hemeroteca\",\"url\":\"https:\\\/\\\/www.eldigitaldeasturias.com\\\/noticias\\\/\",\"email\":\"info@eldigitaldeasturias.com\",\"telephone\":\"+34652131393\",\"logo\":{\"@type\":\"ImageObject\",\"url\":\"https:\\\/\\\/www.eldigitaldeasturias.com\\\/noticias\\\/wp-content\\\/uploads\\\/2020\\\/12\\\/EDA.jpg\",\"@id\":\"https:\\\/\\\/www.eldigitaldeasturias.com\\\/noticias\\\/figaredo-necesitamos-sindicatos-independientes-y-valientes\\\/#organizationLogo\"},\"image\":{\"@id\":\"https:\\\/\\\/www.eldigitaldeasturias.com\\\/noticias\\\/figaredo-necesitamos-sindicatos-independientes-y-valientes\\\/#organizationLogo\"},\"sameAs\":[\"https:\\\/\\\/facebook.com\\\/eldigitaldeasturias\",\"https:\\\/\\\/www.youtube.com\\\/channel\\\/UCZP-2wLEB9Rv6erhFmqVnvg\"],\"address\":{\"@id\":\"https:\\\/\\\/www.eldigitaldeasturias.com\\\/noticias\\\/#postaladdress\",\"@type\":\"PostalAddress\",\"streetAddress\":\"san antonio 4\",\"postalCode\":\"33430\",\"addressLocality\":\"Cand\\u00e1s\",\"addressRegion\":\"Asturias\",\"addressCountry\":\"ES\"}},{\"@type\":\"Person\",\"@id\":\"https:\\\/\\\/www.eldigitaldeasturias.com\\\/noticias\\\/author\\\/admin\\\/#author\",\"url\":\"https:\\\/\\\/www.eldigitaldeasturias.com\\\/noticias\\\/author\\\/admin\\\/\",\"name\":\"El Digital de Asturias\",\"image\":{\"@type\":\"ImageObject\",\"@id\":\"https:\\\/\\\/www.eldigitaldeasturias.com\\\/noticias\\\/figaredo-necesitamos-sindicatos-independientes-y-valientes\\\/#authorImage\",\"url\":\"https:\\\/\\\/secure.gravatar.com\\\/avatar\\\/df2aeffc32bcd13f8d26072ef8a91b623d677766deac7f97ca815868cd41bf5e?s=96&d=mm&r=g\",\"width\":96,\"height\":96,\"caption\":\"El Digital de Asturias\"}},{\"@type\":\"WebPage\",\"@id\":\"https:\\\/\\\/www.eldigitaldeasturias.com\\\/noticias\\\/figaredo-necesitamos-sindicatos-independientes-y-valientes\\\/#webpage\",\"url\":\"https:\\\/\\\/www.eldigitaldeasturias.com\\\/noticias\\\/figaredo-necesitamos-sindicatos-independientes-y-valientes\\\/\",\"name\":\"Figaredo: \\u201cNecesitamos sindicatos independientes y valientes\\u00bb - El Digital de Asturias\",\"description\":\"El diputado nacional de VOX por Asturias, Jos\\u00e9 Mar\\u00eda Figaredo, el presidente regional y diputado en la Junta General, Ignacio Blanco, y el concejal de Siero ..\",\"inLanguage\":\"es-ES\",\"isPartOf\":{\"@id\":\"https:\\\/\\\/www.eldigitaldeasturias.com\\\/noticias\\\/#website\"},\"breadcrumb\":{\"@id\":\"https:\\\/\\\/www.eldigitaldeasturias.com\\\/noticias\\\/figaredo-necesitamos-sindicatos-independientes-y-valientes\\\/#breadcrumblist\"},\"author\":{\"@id\":\"https:\\\/\\\/www.eldigitaldeasturias.com\\\/noticias\\\/author\\\/admin\\\/#author\"},\"creator\":{\"@id\":\"https:\\\/\\\/www.eldigitaldeasturias.com\\\/noticias\\\/author\\\/admin\\\/#author\"},\"image\":{\"@type\":\"ImageObject\",\"url\":\"https:\\\/\\\/www.eldigitaldeasturias.com\\\/noticias\\\/wp-content\\\/uploads\\\/2026\\\/06\\\/Contenidos.jpg\",\"@id\":\"https:\\\/\\\/www.eldigitaldeasturias.com\\\/noticias\\\/figaredo-necesitamos-sindicatos-independientes-y-valientes\\\/#mainImage\",\"width\":1265,\"height\":697,\"caption\":\"Contenidos\"},\"primaryImageOfPage\":{\"@id\":\"https:\\\/\\\/www.eldigitaldeasturias.com\\\/noticias\\\/figaredo-necesitamos-sindicatos-independientes-y-valientes\\\/#mainImage\"},\"datePublished\":\"2021-05-01T00:17:55+02:00\",\"dateModified\":\"2021-05-01T00:17:55+02:00\"},{\"@type\":\"WebSite\",\"@id\":\"https:\\\/\\\/www.eldigitaldeasturias.com\\\/noticias\\\/#website\",\"url\":\"https:\\\/\\\/www.eldigitaldeasturias.com\\\/noticias\\\/\",\"name\":\"El Digital de Asturias - Diario de actualidad y noticias\",\"alternateName\":\"El Digital de Asturias - Diario de actualidad y noticias\",\"description\":\"Hemeroteca\",\"inLanguage\":\"es-ES\",\"publisher\":{\"@id\":\"https:\\\/\\\/www.eldigitaldeasturias.com\\\/noticias\\\/#organization\"}}]}\n\t\t<\/script>\n\t\t<!-- All in One SEO Pro -->\r\n\t\t<title>Figaredo: \u201cNecesitamos sindicatos independientes y valientes\u00bb - El Digital de Asturias<\/title>\n\n","aioseo_head_json":{"title":"Figaredo: \u201cNecesitamos sindicatos independientes y valientes\u00bb - El Digital de Asturias","description":"El diputado nacional de VOX por Asturias, Jos\u00e9 Mar\u00eda Figaredo, el presidente regional y diputado en la Junta General, Ignacio Blanco, y el concejal de Siero ..","canonical_url":"https:\/\/www.eldigitaldeasturias.com\/noticias\/figaredo-necesitamos-sindicatos-independientes-y-valientes\/","robots":"max-image-preview:large","keywords":"actualidad asturias","webmasterTools":{"google-site-verification":"UA-38556648-1","msvalidate.01":"7dfe9f3f1b24437ab69f4f2559babe99","miscellaneous":""},"schema":{"@context":"https:\/\/schema.org","@graph":[{"@type":"BlogPosting","@id":"https:\/\/www.eldigitaldeasturias.com\/noticias\/figaredo-necesitamos-sindicatos-independientes-y-valientes\/#blogposting","name":"Figaredo: \u201cNecesitamos sindicatos independientes y valientes\u00bb - El Digital de Asturias","headline":"Figaredo: \u201cNecesitamos sindicatos independientes y valientes\u00bb","author":{"@id":"https:\/\/www.eldigitaldeasturias.com\/noticias\/author\/admin\/#author"},"publisher":{"@id":"https:\/\/www.eldigitaldeasturias.com\/noticias\/#organization"},"image":{"@type":"ImageObject","url":"https:\/\/www.eldigitaldeasturias.com\/noticias\/wp-content\/uploads\/2026\/06\/Contenidos.jpg","width":1265,"height":697,"caption":"Contenidos"},"datePublished":"2021-05-01T00:17:55+02:00","dateModified":"2021-05-01T00:17:55+02:00","inLanguage":"es-ES","mainEntityOfPage":{"@id":"https:\/\/www.eldigitaldeasturias.com\/noticias\/figaredo-necesitamos-sindicatos-independientes-y-valientes\/#webpage"},"isPartOf":{"@id":"https:\/\/www.eldigitaldeasturias.com\/noticias\/figaredo-necesitamos-sindicatos-independientes-y-valientes\/#webpage"},"articleSection":"Actualidad Asturias"},{"@type":"BreadcrumbList","@id":"https:\/\/www.eldigitaldeasturias.com\/noticias\/figaredo-necesitamos-sindicatos-independientes-y-valientes\/#breadcrumblist","itemListElement":[{"@type":"ListItem","@id":"https:\/\/www.eldigitaldeasturias.com\/noticias#listItem","position":1,"name":"Home","item":"https:\/\/www.eldigitaldeasturias.com\/noticias","nextItem":{"@type":"ListItem","@id":"https:\/\/www.eldigitaldeasturias.com\/noticias\/category\/actualidad-asturias\/#listItem","name":"Actualidad Asturias"}},{"@type":"ListItem","@id":"https:\/\/www.eldigitaldeasturias.com\/noticias\/category\/actualidad-asturias\/#listItem","position":2,"name":"Actualidad Asturias","item":"https:\/\/www.eldigitaldeasturias.com\/noticias\/category\/actualidad-asturias\/","nextItem":{"@type":"ListItem","@id":"https:\/\/www.eldigitaldeasturias.com\/noticias\/figaredo-necesitamos-sindicatos-independientes-y-valientes\/#listItem","name":"Figaredo: \u201cNecesitamos sindicatos independientes y valientes\u00bb"},"previousItem":{"@type":"ListItem","@id":"https:\/\/www.eldigitaldeasturias.com\/noticias#listItem","name":"Home"}},{"@type":"ListItem","@id":"https:\/\/www.eldigitaldeasturias.com\/noticias\/figaredo-necesitamos-sindicatos-independientes-y-valientes\/#listItem","position":3,"name":"Figaredo: \u201cNecesitamos sindicatos independientes y valientes\u00bb","previousItem":{"@type":"ListItem","@id":"https:\/\/www.eldigitaldeasturias.com\/noticias\/category\/actualidad-asturias\/#listItem","name":"Actualidad Asturias"}}]},{"@type":"Organization","@id":"https:\/\/www.eldigitaldeasturias.com\/noticias\/#organization","name":"El Digital de Asturias","description":"Hemeroteca","url":"https:\/\/www.eldigitaldeasturias.com\/noticias\/","email":"info@eldigitaldeasturias.com","telephone":"+34652131393","logo":{"@type":"ImageObject","url":"https:\/\/www.eldigitaldeasturias.com\/noticias\/wp-content\/uploads\/2020\/12\/EDA.jpg","@id":"https:\/\/www.eldigitaldeasturias.com\/noticias\/figaredo-necesitamos-sindicatos-independientes-y-valientes\/#organizationLogo"},"image":{"@id":"https:\/\/www.eldigitaldeasturias.com\/noticias\/figaredo-necesitamos-sindicatos-independientes-y-valientes\/#organizationLogo"},"sameAs":["https:\/\/facebook.com\/eldigitaldeasturias","https:\/\/www.youtube.com\/channel\/UCZP-2wLEB9Rv6erhFmqVnvg"],"address":{"@id":"https:\/\/www.eldigitaldeasturias.com\/noticias\/#postaladdress","@type":"PostalAddress","streetAddress":"san antonio 4","postalCode":"33430","addressLocality":"Cand\u00e1s","addressRegion":"Asturias","addressCountry":"ES"}},{"@type":"Person","@id":"https:\/\/www.eldigitaldeasturias.com\/noticias\/author\/admin\/#author","url":"https:\/\/www.eldigitaldeasturias.com\/noticias\/author\/admin\/","name":"El Digital de Asturias","image":{"@type":"ImageObject","@id":"https:\/\/www.eldigitaldeasturias.com\/noticias\/figaredo-necesitamos-sindicatos-independientes-y-valientes\/#authorImage","url":"https:\/\/secure.gravatar.com\/avatar\/df2aeffc32bcd13f8d26072ef8a91b623d677766deac7f97ca815868cd41bf5e?s=96&d=mm&r=g","width":96,"height":96,"caption":"El Digital de Asturias"}},{"@type":"WebPage","@id":"https:\/\/www.eldigitaldeasturias.com\/noticias\/figaredo-necesitamos-sindicatos-independientes-y-valientes\/#webpage","url":"https:\/\/www.eldigitaldeasturias.com\/noticias\/figaredo-necesitamos-sindicatos-independientes-y-valientes\/","name":"Figaredo: \u201cNecesitamos sindicatos independientes y valientes\u00bb - El Digital de Asturias","description":"El diputado nacional de VOX por Asturias, Jos\u00e9 Mar\u00eda Figaredo, el presidente regional y diputado en la Junta General, Ignacio Blanco, y el concejal de Siero ..","inLanguage":"es-ES","isPartOf":{"@id":"https:\/\/www.eldigitaldeasturias.com\/noticias\/#website"},"breadcrumb":{"@id":"https:\/\/www.eldigitaldeasturias.com\/noticias\/figaredo-necesitamos-sindicatos-independientes-y-valientes\/#breadcrumblist"},"author":{"@id":"https:\/\/www.eldigitaldeasturias.com\/noticias\/author\/admin\/#author"},"creator":{"@id":"https:\/\/www.eldigitaldeasturias.com\/noticias\/author\/admin\/#author"},"image":{"@type":"ImageObject","url":"https:\/\/www.eldigitaldeasturias.com\/noticias\/wp-content\/uploads\/2026\/06\/Contenidos.jpg","@id":"https:\/\/www.eldigitaldeasturias.com\/noticias\/figaredo-necesitamos-sindicatos-independientes-y-valientes\/#mainImage","width":1265,"height":697,"caption":"Contenidos"},"primaryImageOfPage":{"@id":"https:\/\/www.eldigitaldeasturias.com\/noticias\/figaredo-necesitamos-sindicatos-independientes-y-valientes\/#mainImage"},"datePublished":"2021-05-01T00:17:55+02:00","dateModified":"2021-05-01T00:17:55+02:00"},{"@type":"WebSite","@id":"https:\/\/www.eldigitaldeasturias.com\/noticias\/#website","url":"https:\/\/www.eldigitaldeasturias.com\/noticias\/","name":"El Digital de Asturias - Diario de actualidad y noticias","alternateName":"El Digital de Asturias - Diario de actualidad y noticias","description":"Hemeroteca","inLanguage":"es-ES","publisher":{"@id":"https:\/\/www.eldigitaldeasturias.com\/noticias\/#organization"}}]},"og:locale":"es_ES","og:site_name":"El Digital de Asturias","og:type":"article","og:title":"Figaredo: \u201cNecesitamos sindicatos independientes y valientes\u00bb - El Digital de Asturias","og:description":"El diputado nacional de VOX por Asturias, Jos\u00e9 Mar\u00eda Figaredo, el presidente regional y diputado en la Junta General, Ignacio Blanco, y el concejal de Siero ..","og:url":"https:\/\/www.eldigitaldeasturias.com\/noticias\/figaredo-necesitamos-sindicatos-independientes-y-valientes\/","og:image":"https:\/\/www.eldigitaldeasturias.com\/noticias\/wp-content\/uploads\/2026\/06\/Contenidos.jpg","og:image:secure_url":"https:\/\/www.eldigitaldeasturias.com\/noticias\/wp-content\/uploads\/2026\/06\/Contenidos.jpg","og:image:width":1265,"og:image:height":697,"article:tag":["actualidad asturias"],"article:published_time":"2021-04-30T23:17:55+00:00","article:modified_time":"2021-04-30T23:17:55+00:00","article:publisher":"https:\/\/facebook.com\/eldigitaldeasturias","twitter:card":"summary_large_image","twitter:title":"Figaredo: \u201cNecesitamos sindicatos independientes y valientes\u00bb - El Digital de Asturias","twitter:description":"El diputado nacional de VOX por Asturias, Jos\u00e9 Mar\u00eda Figaredo, el presidente regional y diputado en la Junta General, Ignacio Blanco, y el concejal de Siero ..","twitter:image":"https:\/\/www.eldigitaldeasturias.com\/noticias\/wp-content\/uploads\/2026\/06\/Contenidos.jpg","twitter:label1":"Escrito por","twitter:data1":"El Digital de Asturias","twitter:label2":"Tiempo de lectura estimado","twitter:data2":"3 minutos"},"aioseo_meta_data":{"post_id":"1090623","title":null,"description":"El diputado nacional de VOX por Asturias, Jos\u00e9 Mar\u00eda Figaredo, el presidente regional y diputado en la Junta General, Ignacio Blanco, y el concejal de Siero ..","keywords":[],"keyphrases":{"focus":[],"additional":[]},"primary_term":null,"canonical_url":null,"og_title":null,"og_description":null,"og_object_type":"default","og_image_type":"default","og_image_url":null,"og_image_width":null,"og_image_height":null,"og_image_custom_url":null,"og_image_custom_fields":null,"og_video":"","og_custom_url":null,"og_article_section":null,"og_article_tags":[],"twitter_use_og":false,"twitter_card":"default","twitter_image_type":"default","twitter_image_url":null,"twitter_image_custom_url":null,"twitter_image_custom_fields":null,"twitter_title":null,"twitter_description":null,"schema":{"blockGraphs":[],"customGraphs":[],"default":{"data":{"Article":[],"Course":[],"Dataset":[],"FAQPage":[],"Movie":[],"Person":[],"Product":[],"ProductReview":[],"Car":[],"Recipe":[],"Service":[],"SoftwareApplication":[],"WebPage":[]},"graphName":"","isEnabled":true},"graphs":[],"defaultGraph":"Article","defaultPostTypeGraph":""},"schema_type":"default","schema_type_options":"{\"article\":{\"articleType\":\"BlogPosting\"},\"course\":{\"name\":\"\",\"description\":\"\",\"provider\":\"\"},\"faq\":{\"pages\":[]},\"product\":{\"reviews\":[]},\"recipe\":{\"ingredients\":[],\"instructions\":[],\"keywords\":[]},\"software\":{\"reviews\":[],\"operatingSystems\":[]},\"webPage\":{\"webPageType\":\"WebPage\"}}","pillar_content":false,"robots_default":true,"robots_noindex":false,"robots_noarchive":false,"robots_nosnippet":false,"robots_nofollow":false,"robots_noimageindex":false,"robots_noodp":false,"robots_notranslate":false,"robots_max_snippet":"-1","robots_max_videopreview":"-1","robots_max_imagepreview":"large","priority":null,"frequency":"default","local_seo":{"locations":{"business":{"name":"","businessType":"","image":"","areaServed":"","urls":{"website":"","aboutPage":"","contactPage":""},"address":{"streetLine1":"","streetLine2":"","zipCode":"","city":"","state":"","country":"","addressFormat":"#streetLineOne\n#streetLineTwo\n#city, #state #zipCode"},"contact":{"phone":"","email":"","fax":""},"ids":{"vat":"","tax":"","chamberOfCommerce":""},"payment":{"priceRange":"","currenciesAccepted":"","methods":""}}},"openingHours":{"useDefaults":true,"show":true,"alwaysOpen":false,"use24hFormat":false,"timezone":"","labels":{"closed":"","alwaysOpen":""},"days":{"monday":{"open24h":false,"closed":false,"openTime":"09:00","closeTime":"17:00"},"tuesday":{"open24h":false,"closed":false,"openTime":"09:00","closeTime":"17:00"},"wednesday":{"open24h":false,"closed":false,"openTime":"09:00","closeTime":"17:00"},"thursday":{"open24h":false,"closed":false,"openTime":"09:00","closeTime":"17:00"},"friday":{"open24h":false,"closed":false,"openTime":"09:00","closeTime":"17:00"},"saturday":{"open24h":false,"closed":false,"openTime":"09:00","closeTime":"17:00"},"sunday":{"open24h":false,"closed":false,"openTime":"09:00","closeTime":"17:00"}}}},"seo_analyzer_scan_date":"2026-07-17 14:39:38","breadcrumb_settings":null,"limit_modified_date":false,"open_ai":null,"ai":null,"created":"2021-04-30 23:11:16","updated":"2026-07-17 14:39:38","focus_keyword":null,"additional_keywords":null,"truseo_locale":null},"aioseo_breadcrumb":"<div class=\"aioseo-breadcrumbs\"><span class=\"aioseo-breadcrumb\">\n\t<a href=\"https:\/\/www.eldigitaldeasturias.com\/noticias\" title=\"Home\">Home<\/a>\n<\/span><span class=\"aioseo-breadcrumb-separator\">\u2013<\/span><span class=\"aioseo-breadcrumb\">\n\t<a href=\"https:\/\/www.eldigitaldeasturias.com\/noticias\/category\/actualidad-asturias\/\" title=\"Actualidad Asturias\">Actualidad Asturias<\/a>\n<\/span><span class=\"aioseo-breadcrumb-separator\">\u2013<\/span><span class=\"aioseo-breadcrumb\">\n\t<a href=\"https:\/\/www.eldigitaldeasturias.com\/noticias\/figaredo-necesitamos-sindicatos-independientes-y-valientes\/\" title=\"Figaredo: \u201cNecesitamos sindicatos independientes y valientes\u00bb\">Figaredo: \u201cNecesitamos sindicatos independientes y valientes\u00bb<\/a>\n<\/span><\/div>","aioseo_breadcrumb_json":[{"label":"Home","link":"https:\/\/www.eldigitaldeasturias.com\/noticias"},{"label":"Actualidad Asturias","link":"https:\/\/www.eldigitaldeasturias.com\/noticias\/category\/actualidad-asturias\/"},{"label":"Figaredo: \u201cNecesitamos sindicatos independientes y valientes\u00bb","link":"https:\/\/www.eldigitaldeasturias.com\/noticias\/figaredo-necesitamos-sindicatos-independientes-y-valientes\/"}],"_links":{"self":[{"href":"https:\/\/www.eldigitaldeasturias.com\/noticias\/wp-json\/wp\/v2\/posts\/1090623","targetHints":{"allow":["GET"]}}],"collection":[{"href":"https:\/\/www.eldigitaldeasturias.com\/noticias\/wp-json\/wp\/v2\/posts"}],"about":[{"href":"https:\/\/www.eldigitaldeasturias.com\/noticias\/wp-json\/wp\/v2\/types\/post"}],"author":[{"embeddable":true,"href":"https:\/\/www.eldigitaldeasturias.com\/noticias\/wp-json\/wp\/v2\/users\/1"}],"replies":[{"embeddable":true,"href":"https:\/\/www.eldigitaldeasturias.com\/noticias\/wp-json\/wp\/v2\/comments?post=1090623"}],"version-history":[{"count":0,"href":"https:\/\/www.eldigitaldeasturias.com\/noticias\/wp-json\/wp\/v2\/posts\/1090623\/revisions"}],"wp:featuredmedia":[{"embeddable":true,"href":"https:\/\/www.eldigitaldeasturias.com\/noticias\/wp-json\/wp\/v2\/media\/1132184"}],"wp:attachment":[{"href":"https:\/\/www.eldigitaldeasturias.com\/noticias\/wp-json\/wp\/v2\/media?parent=1090623"}],"wp:term":[{"taxonomy":"category","embeddable":true,"href":"https:\/\/www.eldigitaldeasturias.com\/noticias\/wp-json\/wp\/v2\/categories?post=1090623"},{"taxonomy":"post_tag","embeddable":true,"href":"https:\/\/www.eldigitaldeasturias.com\/noticias\/wp-json\/wp\/v2\/tags?post=1090623"}],"curies":[{"name":"wp","href":"https:\/\/api.w.org\/{rel}","templated":true}]}}