{"id":1090555,"date":"2021-04-30T13:11:07","date_gmt":"2021-04-30T12:11:07","guid":{"rendered":"https:\/\/www.eldigitaldeasturias.com\/noticias\/?p=1090555"},"modified":"2021-04-30T13:11:07","modified_gmt":"2021-04-30T12:11:07","slug":"jesus-elias-rodriguez-pide-favorecer-la-actividad-ganadera-en-mieres","status":"publish","type":"post","link":"https:\/\/www.eldigitaldeasturias.com\/noticias\/jesus-elias-rodriguez-pide-favorecer-la-actividad-ganadera-en-mieres\/","title":{"rendered":"Jes\u00fas El\u00edas Rodr\u00edguez pide favorecer la actividad ganadera en Mieres"},"content":{"rendered":"<p><img loading=\"lazy\" decoding=\"async\" class=\"alignleft size-medium wp-image-1090556\" src=\"https:\/\/www.eldigitaldeasturias.com\/noticias\/wp-content\/uploads\/2021\/04\/Mieres-FORO-Asturias-360x238.jpg\" alt=\"Mieres FORO Asturias\" width=\"360\" height=\"238\" \/>El secretario general FORO Mieres, <strong>Jes\u00fas El\u00edas Rodr\u00edguez<\/strong>, ha reclamado hoy \u201cmedidas y presupuesto para favorecer la actividad ganadera en el concejo y combatir la despoblaci\u00f3n\u201d. <strong>El portavoz forista ha defendido as\u00ed la puesta en marcha de nuevas acciones<\/strong> para \u201cpotenciar la innovaci\u00f3n en sectores como la ganader\u00eda porque la apuesta de futuro por el campo es una de las claves para acabar con la despoblaci\u00f3n y con la potenciaci\u00f3n de nuestros recursos naturales como inversi\u00f3n para mejorar el bienestar de la ciudadan\u00eda en el medio rural\u201d.<\/p>\n<p>\u201cSolo si somos capaces de innovar y apostar por extraer una mayor rentabilidad sostenible de nuestro entorno natural seremos capaces de generar una nueva fuente de actividad y de producci\u00f3n que genere nuevos empleos en el medio rural\u201d, ha explicado el secretario general de FORO Mieres.<\/p>\n<p><strong>Jes\u00fas El\u00edas Rodr\u00edguez Rodr\u00edguez ha considerado que \u201ces necesario impulsar y desarrollar pol\u00edticas dirigidas a favorecer la actividad ganadera para evitar que los j\u00f3venes abandonen nuestros pueblos\u201d<\/strong>.<\/p>\n<p>Desde FORO Mieres, han insistido en que \u201cestas pol\u00edticas tienen que estar dirigidas a evitar que los j\u00f3venes abandonen nuestros pueblos, primar la ayuda de asesoramiento para facilitar los tr\u00e1mites administrativos y hay que seguir fomentando las ayudas a emprendedores que quieren dedicarse a la ganader\u00eda para que se preparen con un sistema de formaci\u00f3n profesional m\u00e1s adaptado a las necesidades espec\u00edficas de la regi\u00f3n con el objetivo de que este sector no se quede obsoleto sino que crezca, se transforme y evolucione con la capacidad de generar un motor econ\u00f3mico y social que permita que las nuevas generaciones vivan y trabajen en Mieres, generando dinamismo y potenciando los muchos recursos que tiene el concejo en ese sentido\u201d.<\/p>\n<p>\u201cDesde FORO Mieres siempre hemos apoyado y apoyaremos a la ganader\u00eda y trabajaremos intensamente para que los ganaderos obtengan el reconocimiento social que merecen por su continua defensa y conservaci\u00f3n del medio ambiente\u201d, concluy\u00f3 el secretario general de la formaci\u00f3n.<\/p>\n<p>&nbsp;<\/p>\n<p>&nbsp;<\/p>\n<p>&nbsp;<\/p>\n","protected":false},"excerpt":{"rendered":"<p>El secretario general FORO Mieres, Jes\u00fas El\u00edas Rodr\u00edguez, ha reclamado hoy \u201cmedidas y presupuesto para favorecer la actividad ganadera en el concejo y combatir la despoblaci\u00f3n\u201d. El portavoz forista ha defendido as\u00ed la puesta en marcha de nuevas acciones para \u201cpotenciar la innovaci\u00f3n en sectores como la ganader\u00eda porque la apuesta de futuro por el [&hellip;]<\/p>\n","protected":false},"author":1,"featured_media":1090556,"comment_status":"closed","ping_status":"closed","sticky":false,"template":"","format":"standard","meta":{"footnotes":""},"categories":[12],"tags":[],"class_list":["post-1090555","post","type-post","status-publish","format-standard","has-post-thumbnail","hentry","category-actualidad-asturias"],"aioseo_notices":[],"aioseo_head":"\n\t\t<!-- All in One SEO Pro 5.0.1 - aioseo.com -->\n\t<meta name=\"description\" content=\"Jes\u00fas El\u00edas Rodr\u00edguez, ha reclamado hoy \u201cmedidas y presupuesto para favorecer la actividad ganadera en el concejo y combatir la despoblaci\u00f3n\u201d en Mieres\" \/>\n\t<meta name=\"robots\" content=\"max-image-preview:large\" \/>\n\t<meta name=\"author\" content=\"El Digital de Asturias\"\/>\n\t<meta name=\"google-site-verification\" content=\"UA-38556648-1\" \/>\n\t<meta name=\"msvalidate.01\" content=\"7dfe9f3f1b24437ab69f4f2559babe99\" \/>\n\t<meta name=\"keywords\" content=\"actualidad asturias\" \/>\n\t<link rel=\"canonical\" href=\"https:\/\/www.eldigitaldeasturias.com\/noticias\/jesus-elias-rodriguez-pide-favorecer-la-actividad-ganadera-en-mieres\/\" \/>\n\t<meta name=\"generator\" content=\"All in One SEO Pro (AIOSEO) 5.0.1\" \/>\n\t\t<meta property=\"og:locale\" content=\"es_ES\" \/>\n\t\t<meta property=\"og:site_name\" content=\"El Digital de Asturias\" \/>\n\t\t<meta property=\"og:type\" content=\"article\" \/>\n\t\t<meta property=\"og:title\" content=\"Jes\u00fas El\u00edas Rodr\u00edguez pide favorecer la actividad ganadera en Mieres - El Digital de Asturias\" \/>\n\t\t<meta property=\"og:description\" content=\"Jes\u00fas El\u00edas Rodr\u00edguez, ha reclamado hoy \u201cmedidas y presupuesto para favorecer la actividad ganadera en el concejo y combatir la despoblaci\u00f3n\u201d en Mieres\" \/>\n\t\t<meta property=\"og:url\" content=\"https:\/\/www.eldigitaldeasturias.com\/noticias\/jesus-elias-rodriguez-pide-favorecer-la-actividad-ganadera-en-mieres\/\" \/>\n\t\t<meta property=\"article:tag\" content=\"actualidad asturias\" \/>\n\t\t<meta property=\"article:published_time\" content=\"2021-04-30T12:11:07+00:00\" \/>\n\t\t<meta property=\"article:modified_time\" content=\"2021-04-30T12:11:07+00:00\" \/>\n\t\t<meta property=\"article:publisher\" content=\"https:\/\/facebook.com\/eldigitaldeasturias\" \/>\n\t\t<meta name=\"twitter:card\" content=\"summary_large_image\" \/>\n\t\t<meta name=\"twitter:title\" content=\"Jes\u00fas El\u00edas Rodr\u00edguez pide favorecer la actividad ganadera en Mieres - El Digital de Asturias\" \/>\n\t\t<meta name=\"twitter:description\" content=\"Jes\u00fas El\u00edas Rodr\u00edguez, ha reclamado hoy \u201cmedidas y presupuesto para favorecer la actividad ganadera en el concejo y combatir la despoblaci\u00f3n\u201d en Mieres\" \/>\n\t\t<meta name=\"twitter:image\" content=\"https:\/\/www.eldigitaldeasturias.com\/noticias\/wp-content\/uploads\/2020\/12\/EDA-1.jpg\" \/>\n\t\t<meta name=\"twitter:label1\" content=\"Escrito por\" \/>\n\t\t<meta name=\"twitter:data1\" content=\"El Digital de Asturias\" \/>\n\t\t<meta name=\"twitter:label2\" content=\"Tiempo de lectura estimado\" \/>\n\t\t<meta name=\"twitter:data2\" content=\"2 minutos\" \/>\n\t\t<script type=\"application\/ld+json\" class=\"aioseo-schema\">\n\t\t\t{\"@context\":\"https:\\\/\\\/schema.org\",\"@graph\":[{\"@type\":\"BlogPosting\",\"@id\":\"https:\\\/\\\/www.eldigitaldeasturias.com\\\/noticias\\\/jesus-elias-rodriguez-pide-favorecer-la-actividad-ganadera-en-mieres\\\/#blogposting\",\"name\":\"Jes\\u00fas El\\u00edas Rodr\\u00edguez pide favorecer la actividad ganadera en Mieres - El Digital de Asturias\",\"headline\":\"Jes\\u00fas El\\u00edas Rodr\\u00edguez pide favorecer la actividad ganadera en Mieres\",\"author\":{\"@id\":\"https:\\\/\\\/www.eldigitaldeasturias.com\\\/noticias\\\/author\\\/admin\\\/#author\"},\"publisher\":{\"@id\":\"https:\\\/\\\/www.eldigitaldeasturias.com\\\/noticias\\\/#organization\"},\"image\":{\"@type\":\"ImageObject\",\"url\":1090556},\"datePublished\":\"2021-04-30T13:11:07+02:00\",\"dateModified\":\"2021-04-30T13:11:07+02:00\",\"inLanguage\":\"es-ES\",\"mainEntityOfPage\":{\"@id\":\"https:\\\/\\\/www.eldigitaldeasturias.com\\\/noticias\\\/jesus-elias-rodriguez-pide-favorecer-la-actividad-ganadera-en-mieres\\\/#webpage\"},\"isPartOf\":{\"@id\":\"https:\\\/\\\/www.eldigitaldeasturias.com\\\/noticias\\\/jesus-elias-rodriguez-pide-favorecer-la-actividad-ganadera-en-mieres\\\/#webpage\"},\"articleSection\":\"Actualidad Asturias\"},{\"@type\":\"BreadcrumbList\",\"@id\":\"https:\\\/\\\/www.eldigitaldeasturias.com\\\/noticias\\\/jesus-elias-rodriguez-pide-favorecer-la-actividad-ganadera-en-mieres\\\/#breadcrumblist\",\"itemListElement\":[{\"@type\":\"ListItem\",\"@id\":\"https:\\\/\\\/www.eldigitaldeasturias.com\\\/noticias#listItem\",\"position\":1,\"name\":\"Home\",\"item\":\"https:\\\/\\\/www.eldigitaldeasturias.com\\\/noticias\",\"nextItem\":{\"@type\":\"ListItem\",\"@id\":\"https:\\\/\\\/www.eldigitaldeasturias.com\\\/noticias\\\/category\\\/actualidad-asturias\\\/#listItem\",\"name\":\"Actualidad Asturias\"}},{\"@type\":\"ListItem\",\"@id\":\"https:\\\/\\\/www.eldigitaldeasturias.com\\\/noticias\\\/category\\\/actualidad-asturias\\\/#listItem\",\"position\":2,\"name\":\"Actualidad Asturias\",\"item\":\"https:\\\/\\\/www.eldigitaldeasturias.com\\\/noticias\\\/category\\\/actualidad-asturias\\\/\",\"nextItem\":{\"@type\":\"ListItem\",\"@id\":\"https:\\\/\\\/www.eldigitaldeasturias.com\\\/noticias\\\/jesus-elias-rodriguez-pide-favorecer-la-actividad-ganadera-en-mieres\\\/#listItem\",\"name\":\"Jes\\u00fas El\\u00edas Rodr\\u00edguez pide favorecer la actividad ganadera en Mieres\"},\"previousItem\":{\"@type\":\"ListItem\",\"@id\":\"https:\\\/\\\/www.eldigitaldeasturias.com\\\/noticias#listItem\",\"name\":\"Home\"}},{\"@type\":\"ListItem\",\"@id\":\"https:\\\/\\\/www.eldigitaldeasturias.com\\\/noticias\\\/jesus-elias-rodriguez-pide-favorecer-la-actividad-ganadera-en-mieres\\\/#listItem\",\"position\":3,\"name\":\"Jes\\u00fas El\\u00edas Rodr\\u00edguez pide favorecer la actividad ganadera en Mieres\",\"previousItem\":{\"@type\":\"ListItem\",\"@id\":\"https:\\\/\\\/www.eldigitaldeasturias.com\\\/noticias\\\/category\\\/actualidad-asturias\\\/#listItem\",\"name\":\"Actualidad Asturias\"}}]},{\"@type\":\"Organization\",\"@id\":\"https:\\\/\\\/www.eldigitaldeasturias.com\\\/noticias\\\/#organization\",\"name\":\"El Digital de Asturias\",\"description\":\"Hemeroteca\",\"url\":\"https:\\\/\\\/www.eldigitaldeasturias.com\\\/noticias\\\/\",\"email\":\"info@eldigitaldeasturias.com\",\"telephone\":\"+34652131393\",\"logo\":{\"@type\":\"ImageObject\",\"url\":\"https:\\\/\\\/www.eldigitaldeasturias.com\\\/noticias\\\/wp-content\\\/uploads\\\/2020\\\/12\\\/EDA.jpg\",\"@id\":\"https:\\\/\\\/www.eldigitaldeasturias.com\\\/noticias\\\/jesus-elias-rodriguez-pide-favorecer-la-actividad-ganadera-en-mieres\\\/#organizationLogo\"},\"image\":{\"@id\":\"https:\\\/\\\/www.eldigitaldeasturias.com\\\/noticias\\\/jesus-elias-rodriguez-pide-favorecer-la-actividad-ganadera-en-mieres\\\/#organizationLogo\"},\"sameAs\":[\"https:\\\/\\\/facebook.com\\\/eldigitaldeasturias\",\"https:\\\/\\\/www.youtube.com\\\/channel\\\/UCZP-2wLEB9Rv6erhFmqVnvg\"],\"address\":{\"@id\":\"https:\\\/\\\/www.eldigitaldeasturias.com\\\/noticias\\\/#postaladdress\",\"@type\":\"PostalAddress\",\"streetAddress\":\"san antonio 4\",\"postalCode\":\"33430\",\"addressLocality\":\"Cand\\u00e1s\",\"addressRegion\":\"Asturias\",\"addressCountry\":\"ES\"}},{\"@type\":\"Person\",\"@id\":\"https:\\\/\\\/www.eldigitaldeasturias.com\\\/noticias\\\/author\\\/admin\\\/#author\",\"url\":\"https:\\\/\\\/www.eldigitaldeasturias.com\\\/noticias\\\/author\\\/admin\\\/\",\"name\":\"El Digital de Asturias\",\"image\":{\"@type\":\"ImageObject\",\"@id\":\"https:\\\/\\\/www.eldigitaldeasturias.com\\\/noticias\\\/jesus-elias-rodriguez-pide-favorecer-la-actividad-ganadera-en-mieres\\\/#authorImage\",\"url\":\"https:\\\/\\\/secure.gravatar.com\\\/avatar\\\/df2aeffc32bcd13f8d26072ef8a91b623d677766deac7f97ca815868cd41bf5e?s=96&d=mm&r=g\",\"width\":96,\"height\":96,\"caption\":\"El Digital de Asturias\"}},{\"@type\":\"WebPage\",\"@id\":\"https:\\\/\\\/www.eldigitaldeasturias.com\\\/noticias\\\/jesus-elias-rodriguez-pide-favorecer-la-actividad-ganadera-en-mieres\\\/#webpage\",\"url\":\"https:\\\/\\\/www.eldigitaldeasturias.com\\\/noticias\\\/jesus-elias-rodriguez-pide-favorecer-la-actividad-ganadera-en-mieres\\\/\",\"name\":\"Jes\\u00fas El\\u00edas Rodr\\u00edguez pide favorecer la actividad ganadera en Mieres - El Digital de Asturias\",\"description\":\"Jes\\u00fas El\\u00edas Rodr\\u00edguez, ha reclamado hoy \\u201cmedidas y presupuesto para favorecer la actividad ganadera en el concejo y combatir la despoblaci\\u00f3n\\u201d en Mieres\",\"inLanguage\":\"es-ES\",\"isPartOf\":{\"@id\":\"https:\\\/\\\/www.eldigitaldeasturias.com\\\/noticias\\\/#website\"},\"breadcrumb\":{\"@id\":\"https:\\\/\\\/www.eldigitaldeasturias.com\\\/noticias\\\/jesus-elias-rodriguez-pide-favorecer-la-actividad-ganadera-en-mieres\\\/#breadcrumblist\"},\"author\":{\"@id\":\"https:\\\/\\\/www.eldigitaldeasturias.com\\\/noticias\\\/author\\\/admin\\\/#author\"},\"creator\":{\"@id\":\"https:\\\/\\\/www.eldigitaldeasturias.com\\\/noticias\\\/author\\\/admin\\\/#author\"},\"image\":{\"@type\":\"ImageObject\",\"url\":1090556,\"@id\":\"https:\\\/\\\/www.eldigitaldeasturias.com\\\/noticias\\\/jesus-elias-rodriguez-pide-favorecer-la-actividad-ganadera-en-mieres\\\/#mainImage\"},\"primaryImageOfPage\":{\"@id\":\"https:\\\/\\\/www.eldigitaldeasturias.com\\\/noticias\\\/jesus-elias-rodriguez-pide-favorecer-la-actividad-ganadera-en-mieres\\\/#mainImage\"},\"datePublished\":\"2021-04-30T13:11:07+02:00\",\"dateModified\":\"2021-04-30T13:11:07+02:00\"},{\"@type\":\"WebSite\",\"@id\":\"https:\\\/\\\/www.eldigitaldeasturias.com\\\/noticias\\\/#website\",\"url\":\"https:\\\/\\\/www.eldigitaldeasturias.com\\\/noticias\\\/\",\"name\":\"El Digital de Asturias - Diario de actualidad y noticias\",\"alternateName\":\"El Digital de Asturias - Diario de actualidad y noticias\",\"description\":\"Hemeroteca\",\"inLanguage\":\"es-ES\",\"publisher\":{\"@id\":\"https:\\\/\\\/www.eldigitaldeasturias.com\\\/noticias\\\/#organization\"}}]}\n\t\t<\/script>\n\t\t<!-- All in One SEO Pro -->\r\n\t\t<title>Jes\u00fas El\u00edas Rodr\u00edguez pide favorecer la actividad ganadera en Mieres - El Digital de Asturias<\/title>\n\n","aioseo_head_json":{"title":"Jes\u00fas El\u00edas Rodr\u00edguez pide favorecer la actividad ganadera en Mieres - El Digital de Asturias","description":"Jes\u00fas El\u00edas Rodr\u00edguez, ha reclamado hoy \u201cmedidas y presupuesto para favorecer la actividad ganadera en el concejo y combatir la despoblaci\u00f3n\u201d en Mieres","canonical_url":"https:\/\/www.eldigitaldeasturias.com\/noticias\/jesus-elias-rodriguez-pide-favorecer-la-actividad-ganadera-en-mieres\/","robots":"max-image-preview:large","keywords":"actualidad asturias","webmasterTools":{"google-site-verification":"UA-38556648-1","msvalidate.01":"7dfe9f3f1b24437ab69f4f2559babe99","miscellaneous":""},"schema":{"@context":"https:\/\/schema.org","@graph":[{"@type":"BlogPosting","@id":"https:\/\/www.eldigitaldeasturias.com\/noticias\/jesus-elias-rodriguez-pide-favorecer-la-actividad-ganadera-en-mieres\/#blogposting","name":"Jes\u00fas El\u00edas Rodr\u00edguez pide favorecer la actividad ganadera en Mieres - El Digital de Asturias","headline":"Jes\u00fas El\u00edas Rodr\u00edguez pide favorecer la actividad ganadera en Mieres","author":{"@id":"https:\/\/www.eldigitaldeasturias.com\/noticias\/author\/admin\/#author"},"publisher":{"@id":"https:\/\/www.eldigitaldeasturias.com\/noticias\/#organization"},"image":{"@type":"ImageObject","url":1090556},"datePublished":"2021-04-30T13:11:07+02:00","dateModified":"2021-04-30T13:11:07+02:00","inLanguage":"es-ES","mainEntityOfPage":{"@id":"https:\/\/www.eldigitaldeasturias.com\/noticias\/jesus-elias-rodriguez-pide-favorecer-la-actividad-ganadera-en-mieres\/#webpage"},"isPartOf":{"@id":"https:\/\/www.eldigitaldeasturias.com\/noticias\/jesus-elias-rodriguez-pide-favorecer-la-actividad-ganadera-en-mieres\/#webpage"},"articleSection":"Actualidad Asturias"},{"@type":"BreadcrumbList","@id":"https:\/\/www.eldigitaldeasturias.com\/noticias\/jesus-elias-rodriguez-pide-favorecer-la-actividad-ganadera-en-mieres\/#breadcrumblist","itemListElement":[{"@type":"ListItem","@id":"https:\/\/www.eldigitaldeasturias.com\/noticias#listItem","position":1,"name":"Home","item":"https:\/\/www.eldigitaldeasturias.com\/noticias","nextItem":{"@type":"ListItem","@id":"https:\/\/www.eldigitaldeasturias.com\/noticias\/category\/actualidad-asturias\/#listItem","name":"Actualidad Asturias"}},{"@type":"ListItem","@id":"https:\/\/www.eldigitaldeasturias.com\/noticias\/category\/actualidad-asturias\/#listItem","position":2,"name":"Actualidad Asturias","item":"https:\/\/www.eldigitaldeasturias.com\/noticias\/category\/actualidad-asturias\/","nextItem":{"@type":"ListItem","@id":"https:\/\/www.eldigitaldeasturias.com\/noticias\/jesus-elias-rodriguez-pide-favorecer-la-actividad-ganadera-en-mieres\/#listItem","name":"Jes\u00fas El\u00edas Rodr\u00edguez pide favorecer la actividad ganadera en Mieres"},"previousItem":{"@type":"ListItem","@id":"https:\/\/www.eldigitaldeasturias.com\/noticias#listItem","name":"Home"}},{"@type":"ListItem","@id":"https:\/\/www.eldigitaldeasturias.com\/noticias\/jesus-elias-rodriguez-pide-favorecer-la-actividad-ganadera-en-mieres\/#listItem","position":3,"name":"Jes\u00fas El\u00edas Rodr\u00edguez pide favorecer la actividad ganadera en Mieres","previousItem":{"@type":"ListItem","@id":"https:\/\/www.eldigitaldeasturias.com\/noticias\/category\/actualidad-asturias\/#listItem","name":"Actualidad Asturias"}}]},{"@type":"Organization","@id":"https:\/\/www.eldigitaldeasturias.com\/noticias\/#organization","name":"El Digital de Asturias","description":"Hemeroteca","url":"https:\/\/www.eldigitaldeasturias.com\/noticias\/","email":"info@eldigitaldeasturias.com","telephone":"+34652131393","logo":{"@type":"ImageObject","url":"https:\/\/www.eldigitaldeasturias.com\/noticias\/wp-content\/uploads\/2020\/12\/EDA.jpg","@id":"https:\/\/www.eldigitaldeasturias.com\/noticias\/jesus-elias-rodriguez-pide-favorecer-la-actividad-ganadera-en-mieres\/#organizationLogo"},"image":{"@id":"https:\/\/www.eldigitaldeasturias.com\/noticias\/jesus-elias-rodriguez-pide-favorecer-la-actividad-ganadera-en-mieres\/#organizationLogo"},"sameAs":["https:\/\/facebook.com\/eldigitaldeasturias","https:\/\/www.youtube.com\/channel\/UCZP-2wLEB9Rv6erhFmqVnvg"],"address":{"@id":"https:\/\/www.eldigitaldeasturias.com\/noticias\/#postaladdress","@type":"PostalAddress","streetAddress":"san antonio 4","postalCode":"33430","addressLocality":"Cand\u00e1s","addressRegion":"Asturias","addressCountry":"ES"}},{"@type":"Person","@id":"https:\/\/www.eldigitaldeasturias.com\/noticias\/author\/admin\/#author","url":"https:\/\/www.eldigitaldeasturias.com\/noticias\/author\/admin\/","name":"El Digital de Asturias","image":{"@type":"ImageObject","@id":"https:\/\/www.eldigitaldeasturias.com\/noticias\/jesus-elias-rodriguez-pide-favorecer-la-actividad-ganadera-en-mieres\/#authorImage","url":"https:\/\/secure.gravatar.com\/avatar\/df2aeffc32bcd13f8d26072ef8a91b623d677766deac7f97ca815868cd41bf5e?s=96&d=mm&r=g","width":96,"height":96,"caption":"El Digital de Asturias"}},{"@type":"WebPage","@id":"https:\/\/www.eldigitaldeasturias.com\/noticias\/jesus-elias-rodriguez-pide-favorecer-la-actividad-ganadera-en-mieres\/#webpage","url":"https:\/\/www.eldigitaldeasturias.com\/noticias\/jesus-elias-rodriguez-pide-favorecer-la-actividad-ganadera-en-mieres\/","name":"Jes\u00fas El\u00edas Rodr\u00edguez pide favorecer la actividad ganadera en Mieres - El Digital de Asturias","description":"Jes\u00fas El\u00edas Rodr\u00edguez, ha reclamado hoy \u201cmedidas y presupuesto para favorecer la actividad ganadera en el concejo y combatir la despoblaci\u00f3n\u201d en Mieres","inLanguage":"es-ES","isPartOf":{"@id":"https:\/\/www.eldigitaldeasturias.com\/noticias\/#website"},"breadcrumb":{"@id":"https:\/\/www.eldigitaldeasturias.com\/noticias\/jesus-elias-rodriguez-pide-favorecer-la-actividad-ganadera-en-mieres\/#breadcrumblist"},"author":{"@id":"https:\/\/www.eldigitaldeasturias.com\/noticias\/author\/admin\/#author"},"creator":{"@id":"https:\/\/www.eldigitaldeasturias.com\/noticias\/author\/admin\/#author"},"image":{"@type":"ImageObject","url":1090556,"@id":"https:\/\/www.eldigitaldeasturias.com\/noticias\/jesus-elias-rodriguez-pide-favorecer-la-actividad-ganadera-en-mieres\/#mainImage"},"primaryImageOfPage":{"@id":"https:\/\/www.eldigitaldeasturias.com\/noticias\/jesus-elias-rodriguez-pide-favorecer-la-actividad-ganadera-en-mieres\/#mainImage"},"datePublished":"2021-04-30T13:11:07+02:00","dateModified":"2021-04-30T13:11:07+02:00"},{"@type":"WebSite","@id":"https:\/\/www.eldigitaldeasturias.com\/noticias\/#website","url":"https:\/\/www.eldigitaldeasturias.com\/noticias\/","name":"El Digital de Asturias - Diario de actualidad y noticias","alternateName":"El Digital de Asturias - Diario de actualidad y noticias","description":"Hemeroteca","inLanguage":"es-ES","publisher":{"@id":"https:\/\/www.eldigitaldeasturias.com\/noticias\/#organization"}}]},"og:locale":"es_ES","og:site_name":"El Digital de Asturias","og:type":"article","og:title":"Jes\u00fas El\u00edas Rodr\u00edguez pide favorecer la actividad ganadera en Mieres - El Digital de Asturias","og:description":"Jes\u00fas El\u00edas Rodr\u00edguez, ha reclamado hoy \u201cmedidas y presupuesto para favorecer la actividad ganadera en el concejo y combatir la despoblaci\u00f3n\u201d en Mieres","og:url":"https:\/\/www.eldigitaldeasturias.com\/noticias\/jesus-elias-rodriguez-pide-favorecer-la-actividad-ganadera-en-mieres\/","article:tag":["actualidad asturias"],"article:published_time":"2021-04-30T12:11:07+00:00","article:modified_time":"2021-04-30T12:11:07+00:00","article:publisher":"https:\/\/facebook.com\/eldigitaldeasturias","twitter:card":"summary_large_image","twitter:title":"Jes\u00fas El\u00edas Rodr\u00edguez pide favorecer la actividad ganadera en Mieres - El Digital de Asturias","twitter:description":"Jes\u00fas El\u00edas Rodr\u00edguez, ha reclamado hoy \u201cmedidas y presupuesto para favorecer la actividad ganadera en el concejo y combatir la despoblaci\u00f3n\u201d en Mieres","twitter:image":"https:\/\/www.eldigitaldeasturias.com\/noticias\/wp-content\/uploads\/2020\/12\/EDA-1.jpg","twitter:label1":"Escrito por","twitter:data1":"El Digital de Asturias","twitter:label2":"Tiempo de lectura estimado","twitter:data2":"2 minutos"},"aioseo_meta_data":{"post_id":"1090555","title":null,"description":"Jes\u00fas El\u00edas Rodr\u00edguez, ha reclamado hoy \u201cmedidas y presupuesto para favorecer la actividad ganadera en el concejo y combatir la despoblaci\u00f3n\u201d en Mieres","keywords":[],"keyphrases":{"focus":[],"additional":[]},"primary_term":null,"canonical_url":null,"og_title":null,"og_description":null,"og_object_type":"default","og_image_type":"default","og_image_url":null,"og_image_width":null,"og_image_height":null,"og_image_custom_url":null,"og_image_custom_fields":null,"og_video":"","og_custom_url":null,"og_article_section":null,"og_article_tags":[],"twitter_use_og":false,"twitter_card":"default","twitter_image_type":"default","twitter_image_url":null,"twitter_image_custom_url":null,"twitter_image_custom_fields":null,"twitter_title":null,"twitter_description":null,"schema":{"blockGraphs":[],"customGraphs":[],"default":{"data":{"Article":[],"Course":[],"Dataset":[],"FAQPage":[],"Movie":[],"Person":[],"Product":[],"ProductReview":[],"Car":[],"Recipe":[],"Service":[],"SoftwareApplication":[],"WebPage":[]},"graphName":"","isEnabled":true},"graphs":[],"defaultGraph":"Article","defaultPostTypeGraph":""},"schema_type":"default","schema_type_options":"{\"article\":{\"articleType\":\"BlogPosting\"},\"course\":{\"name\":\"\",\"description\":\"\",\"provider\":\"\"},\"faq\":{\"pages\":[]},\"product\":{\"reviews\":[]},\"recipe\":{\"ingredients\":[],\"instructions\":[],\"keywords\":[]},\"software\":{\"reviews\":[],\"operatingSystems\":[]},\"webPage\":{\"webPageType\":\"WebPage\"}}","pillar_content":false,"robots_default":true,"robots_noindex":false,"robots_noarchive":false,"robots_nosnippet":false,"robots_nofollow":false,"robots_noimageindex":false,"robots_noodp":false,"robots_notranslate":false,"robots_max_snippet":"-1","robots_max_videopreview":"-1","robots_max_imagepreview":"large","priority":null,"frequency":"default","local_seo":{"locations":{"business":{"name":"","businessType":"","image":"","areaServed":"","urls":{"website":"","aboutPage":"","contactPage":""},"address":{"streetLine1":"","streetLine2":"","zipCode":"","city":"","state":"","country":"","addressFormat":"#streetLineOne\n#streetLineTwo\n#city, #state #zipCode"},"contact":{"phone":"","email":"","fax":""},"ids":{"vat":"","tax":"","chamberOfCommerce":""},"payment":{"priceRange":"","currenciesAccepted":"","methods":""}}},"openingHours":{"useDefaults":true,"show":true,"alwaysOpen":false,"use24hFormat":false,"timezone":"","labels":{"closed":"","alwaysOpen":""},"days":{"monday":{"open24h":false,"closed":false,"openTime":"09:00","closeTime":"17:00"},"tuesday":{"open24h":false,"closed":false,"openTime":"09:00","closeTime":"17:00"},"wednesday":{"open24h":false,"closed":false,"openTime":"09:00","closeTime":"17:00"},"thursday":{"open24h":false,"closed":false,"openTime":"09:00","closeTime":"17:00"},"friday":{"open24h":false,"closed":false,"openTime":"09:00","closeTime":"17:00"},"saturday":{"open24h":false,"closed":false,"openTime":"09:00","closeTime":"17:00"},"sunday":{"open24h":false,"closed":false,"openTime":"09:00","closeTime":"17:00"}}}},"seo_analyzer_scan_date":"2026-07-17 14:20:53","breadcrumb_settings":null,"limit_modified_date":false,"open_ai":null,"ai":null,"created":"2021-04-30 12:07:52","updated":"2026-07-17 14:20:53","focus_keyword":null,"additional_keywords":null,"truseo_locale":null},"aioseo_breadcrumb":"<div class=\"aioseo-breadcrumbs\"><span class=\"aioseo-breadcrumb\">\n\t<a href=\"https:\/\/www.eldigitaldeasturias.com\/noticias\" title=\"Home\">Home<\/a>\n<\/span><span class=\"aioseo-breadcrumb-separator\">\u2013<\/span><span class=\"aioseo-breadcrumb\">\n\t<a href=\"https:\/\/www.eldigitaldeasturias.com\/noticias\/category\/actualidad-asturias\/\" title=\"Actualidad Asturias\">Actualidad Asturias<\/a>\n<\/span><span class=\"aioseo-breadcrumb-separator\">\u2013<\/span><span class=\"aioseo-breadcrumb\">\n\t<a href=\"https:\/\/www.eldigitaldeasturias.com\/noticias\/jesus-elias-rodriguez-pide-favorecer-la-actividad-ganadera-en-mieres\/\" title=\"Jes\u00fas El\u00edas Rodr\u00edguez pide favorecer la actividad ganadera en Mieres\">Jes\u00fas El\u00edas Rodr\u00edguez pide favorecer la actividad ganadera en Mieres<\/a>\n<\/span><\/div>","aioseo_breadcrumb_json":[{"label":"Home","link":"https:\/\/www.eldigitaldeasturias.com\/noticias"},{"label":"Actualidad Asturias","link":"https:\/\/www.eldigitaldeasturias.com\/noticias\/category\/actualidad-asturias\/"},{"label":"Jes\u00fas El\u00edas Rodr\u00edguez pide favorecer la actividad ganadera en Mieres","link":"https:\/\/www.eldigitaldeasturias.com\/noticias\/jesus-elias-rodriguez-pide-favorecer-la-actividad-ganadera-en-mieres\/"}],"_links":{"self":[{"href":"https:\/\/www.eldigitaldeasturias.com\/noticias\/wp-json\/wp\/v2\/posts\/1090555","targetHints":{"allow":["GET"]}}],"collection":[{"href":"https:\/\/www.eldigitaldeasturias.com\/noticias\/wp-json\/wp\/v2\/posts"}],"about":[{"href":"https:\/\/www.eldigitaldeasturias.com\/noticias\/wp-json\/wp\/v2\/types\/post"}],"author":[{"embeddable":true,"href":"https:\/\/www.eldigitaldeasturias.com\/noticias\/wp-json\/wp\/v2\/users\/1"}],"replies":[{"embeddable":true,"href":"https:\/\/www.eldigitaldeasturias.com\/noticias\/wp-json\/wp\/v2\/comments?post=1090555"}],"version-history":[{"count":0,"href":"https:\/\/www.eldigitaldeasturias.com\/noticias\/wp-json\/wp\/v2\/posts\/1090555\/revisions"}],"wp:attachment":[{"href":"https:\/\/www.eldigitaldeasturias.com\/noticias\/wp-json\/wp\/v2\/media?parent=1090555"}],"wp:term":[{"taxonomy":"category","embeddable":true,"href":"https:\/\/www.eldigitaldeasturias.com\/noticias\/wp-json\/wp\/v2\/categories?post=1090555"},{"taxonomy":"post_tag","embeddable":true,"href":"https:\/\/www.eldigitaldeasturias.com\/noticias\/wp-json\/wp\/v2\/tags?post=1090555"}],"curies":[{"name":"wp","href":"https:\/\/api.w.org\/{rel}","templated":true}]}}