{"id":1090407,"date":"2021-04-28T16:23:10","date_gmt":"2021-04-28T15:23:10","guid":{"rendered":"https:\/\/www.eldigitaldeasturias.com\/noticias\/?p=1090407"},"modified":"2021-04-28T16:23:10","modified_gmt":"2021-04-28T15:23:10","slug":"ignacio-blanco-el-psoe-se-ha-rendido-a-la-politica-linguistica-de-podemos","status":"publish","type":"post","link":"https:\/\/www.eldigitaldeasturias.com\/noticias\/ignacio-blanco-el-psoe-se-ha-rendido-a-la-politica-linguistica-de-podemos\/","title":{"rendered":"Ignacio Blanco: \u00abEl PSOE se ha rendido a la pol\u00edtica ling\u00fc\u00edstica de Podemos\u00bb"},"content":{"rendered":"<p><img loading=\"lazy\" decoding=\"async\" class=\"alignleft size-medium wp-image-1079756\" src=\"https:\/\/www.eldigitaldeasturias.com\/noticias\/wp-content\/uploads\/2020\/11\/VOX-Asturias-360x262.jpg\" alt=\"\" width=\"360\" height=\"262\" \/>El portavoz y diputado de VOX\u00a0 Asturias en la Junta General, Ignacio Blanco, ha explicado esta ma\u00f1ana tras la Junta de Portavoces, que \u201cel PSOE baila el agua a Podemos. Hoy ha quedado claro que es quien marca el paso al PSOE en cuanto a pol\u00edtica ling\u00fc\u00edstica. El PSOE se ha rendido a la pol\u00edtica ling\u00fc\u00edstica de Podemos\u201d. As\u00ed lo ha declarado el portavoz de VOX despu\u00e9s de que esta ma\u00f1ana el PSOE, tras la sentencia del Tribunal Constitucional (TC) que no permite usar la llingua de forma arbitraria en el Parlamento asturiano, \u201chaya retirado el borrador inicial que se debat\u00eda hoy alegando que no refleja lo que hab\u00edan propuesto, dobleg\u00e1ndose as\u00ed a Podemos y continuando sin dar soluci\u00f3n a lo que establece el Tribunal Constitucional, tras la sentencia interpuesta por VOX. El PSOE se niega a acordar una soluci\u00f3n al uso de la llingua en el Parlamento asturiano\u201d.<\/p>\n<p>El PSOE, \u201csorpresivamente\u201d tras los \u201cberrinches\u201d de Podemos, retira su propuesta y sigue sin dar respuesta a los establecido por el Tribunal Constitucional y, por tanto, explica el portavoz, elude el fallo del Constitucional que deja claro que \u201cdeben respetar a los diputados que alegan que no entienden \u00edntegramente esas intervenciones\u201d. \u201cLa sentencia dice lo que ya dijo VOX hace un a\u00f1o, que tiene que facilitarse el entendimiento \u00edntegro de las intervenciones de los diputados\u201d, recalca.<\/p>\n<p>En este sentido, recuerda el portavoz, \u201cestamos igual que como advertimos hace un a\u00f1o, ya que si se produce una intervenci\u00f3n en llingua, en bable, en fala, en asturiano, un diputado dice no entenderlo y no hay un mecanismo previsto, el pleno o la comisi\u00f3n deber\u00e1n suspenderse. Estamos en el punto de partida\u201d. Por tanto, desde VOX Asturias, el portavoz ha explicado que \u201cnuestro grupo parlamentario quedar\u00e1 a la espera de la decisi\u00f3n de la mesa de la C\u00e1mara\u201d y tal y como advertimos \u201cno aceptaremos ninguna propuesta que suponga un gasto para los asturianos\u201d.<\/p>\n<p>Asimismo, Ignacio Blanco recuerda, que VOX Asturias, antes de acudir al Tribunal Constitucional, \u201chace un a\u00f1o, ya propusimos que se facilitaran previamente las intervenciones en espa\u00f1ol. Y una vez m\u00e1s, la mala fe de Podemos que dinamit\u00f3 el consenso, oblig\u00f3 a acudir al Constitucional que dict\u00f3 sentencia\u201d que, recuerda Ignacio Blanco, \u201crespalda lo que ha venido defendiendo VOX Asturias porque no permite que se utilice de manera indiscriminada la llingua en el parlamento y por tanto consideramos un \u201c\u00e9xito\u201d que la sentencia del Tribunal Constitucional \u201cobligue a quienes quieran usar la lingua a que no puedan hacerlo indiscriminadamente\u201d.<\/p>\n<p>Por \u00faltimo, el portavoz ha insistido que quedaremos a la espera de conocer la propuesta para cumplir con la sentencia del Tribunal Constitucional y esperamos que \u201clos partidos dejen de hacer un circo con este asunto\u201d.<\/p>\n<p>&nbsp;<\/p>\n","protected":false},"excerpt":{"rendered":"<p>El portavoz y diputado de VOX\u00a0 Asturias en la Junta General, Ignacio Blanco, ha explicado esta ma\u00f1ana tras la Junta de Portavoces, que \u201cel PSOE baila el agua a Podemos. Hoy ha quedado claro que es quien marca el paso al PSOE en cuanto a pol\u00edtica ling\u00fc\u00edstica. El PSOE se ha rendido a la pol\u00edtica [&hellip;]<\/p>\n","protected":false},"author":1,"featured_media":1079756,"comment_status":"closed","ping_status":"closed","sticky":false,"template":"","format":"standard","meta":{"footnotes":""},"categories":[12],"tags":[],"class_list":["post-1090407","post","type-post","status-publish","format-standard","has-post-thumbnail","hentry","category-actualidad-asturias"],"aioseo_notices":[],"aioseo_head":"\n\t\t<!-- All in One SEO Pro 5.0.1 - aioseo.com -->\n\t<meta name=\"description\" content=\"El portavoz y diputado de VOX Asturias en la Junta General, Ignacio Blanco ha explicado esta ma\u00f1ana tras la Junta de Portavoces, que el PSOE baila el agua a ..\" \/>\n\t<meta name=\"robots\" content=\"max-image-preview:large\" \/>\n\t<meta name=\"author\" content=\"El Digital de Asturias\"\/>\n\t<meta name=\"google-site-verification\" content=\"UA-38556648-1\" \/>\n\t<meta name=\"msvalidate.01\" content=\"7dfe9f3f1b24437ab69f4f2559babe99\" \/>\n\t<meta name=\"keywords\" content=\"actualidad asturias\" \/>\n\t<link rel=\"canonical\" href=\"https:\/\/www.eldigitaldeasturias.com\/noticias\/ignacio-blanco-el-psoe-se-ha-rendido-a-la-politica-linguistica-de-podemos\/\" \/>\n\t<meta name=\"generator\" content=\"All in One SEO Pro (AIOSEO) 5.0.1\" \/>\n\t\t<meta property=\"og:locale\" content=\"es_ES\" \/>\n\t\t<meta property=\"og:site_name\" content=\"El Digital de Asturias\" \/>\n\t\t<meta property=\"og:type\" content=\"article\" \/>\n\t\t<meta property=\"og:title\" content=\"Ignacio Blanco: \u00abEl PSOE se ha rendido a la pol\u00edtica ling\u00fc\u00edstica de Podemos\u00bb - El Digital de Asturias\" \/>\n\t\t<meta property=\"og:description\" content=\"El portavoz y diputado de VOX Asturias en la Junta General, Ignacio Blanco ha explicado esta ma\u00f1ana tras la Junta de Portavoces, que el PSOE baila el agua a ..\" \/>\n\t\t<meta property=\"og:url\" content=\"https:\/\/www.eldigitaldeasturias.com\/noticias\/ignacio-blanco-el-psoe-se-ha-rendido-a-la-politica-linguistica-de-podemos\/\" \/>\n\t\t<meta property=\"article:tag\" content=\"actualidad asturias\" \/>\n\t\t<meta property=\"article:published_time\" content=\"2021-04-28T15:23:10+00:00\" \/>\n\t\t<meta property=\"article:modified_time\" content=\"2021-04-28T15:23:10+00:00\" \/>\n\t\t<meta property=\"article:publisher\" content=\"https:\/\/facebook.com\/eldigitaldeasturias\" \/>\n\t\t<meta name=\"twitter:card\" content=\"summary_large_image\" \/>\n\t\t<meta name=\"twitter:title\" content=\"Ignacio Blanco: \u00abEl PSOE se ha rendido a la pol\u00edtica ling\u00fc\u00edstica de Podemos\u00bb - El Digital de Asturias\" \/>\n\t\t<meta name=\"twitter:description\" content=\"El portavoz y diputado de VOX Asturias en la Junta General, Ignacio Blanco ha explicado esta ma\u00f1ana tras la Junta de Portavoces, que el PSOE baila el agua a ..\" \/>\n\t\t<meta name=\"twitter:image\" content=\"https:\/\/www.eldigitaldeasturias.com\/noticias\/wp-content\/uploads\/2020\/12\/EDA-1.jpg\" \/>\n\t\t<meta name=\"twitter:label1\" content=\"Escrito por\" \/>\n\t\t<meta name=\"twitter:data1\" content=\"El Digital de Asturias\" \/>\n\t\t<meta name=\"twitter:label2\" content=\"Tiempo de lectura estimado\" \/>\n\t\t<meta name=\"twitter:data2\" content=\"2 minutos\" \/>\n\t\t<script type=\"application\/ld+json\" class=\"aioseo-schema\">\n\t\t\t{\"@context\":\"https:\\\/\\\/schema.org\",\"@graph\":[{\"@type\":\"BlogPosting\",\"@id\":\"https:\\\/\\\/www.eldigitaldeasturias.com\\\/noticias\\\/ignacio-blanco-el-psoe-se-ha-rendido-a-la-politica-linguistica-de-podemos\\\/#blogposting\",\"name\":\"Ignacio Blanco: \\u00abEl PSOE se ha rendido a la pol\\u00edtica ling\\u00fc\\u00edstica de Podemos\\u00bb - El Digital de Asturias\",\"headline\":\"Ignacio Blanco: \\u00abEl PSOE se ha rendido a la pol\\u00edtica ling\\u00fc\\u00edstica de Podemos\\u00bb\",\"author\":{\"@id\":\"https:\\\/\\\/www.eldigitaldeasturias.com\\\/noticias\\\/author\\\/admin\\\/#author\"},\"publisher\":{\"@id\":\"https:\\\/\\\/www.eldigitaldeasturias.com\\\/noticias\\\/#organization\"},\"image\":{\"@type\":\"ImageObject\",\"url\":1079756},\"datePublished\":\"2021-04-28T16:23:10+02:00\",\"dateModified\":\"2021-04-28T16:23:10+02:00\",\"inLanguage\":\"es-ES\",\"mainEntityOfPage\":{\"@id\":\"https:\\\/\\\/www.eldigitaldeasturias.com\\\/noticias\\\/ignacio-blanco-el-psoe-se-ha-rendido-a-la-politica-linguistica-de-podemos\\\/#webpage\"},\"isPartOf\":{\"@id\":\"https:\\\/\\\/www.eldigitaldeasturias.com\\\/noticias\\\/ignacio-blanco-el-psoe-se-ha-rendido-a-la-politica-linguistica-de-podemos\\\/#webpage\"},\"articleSection\":\"Actualidad Asturias\"},{\"@type\":\"BreadcrumbList\",\"@id\":\"https:\\\/\\\/www.eldigitaldeasturias.com\\\/noticias\\\/ignacio-blanco-el-psoe-se-ha-rendido-a-la-politica-linguistica-de-podemos\\\/#breadcrumblist\",\"itemListElement\":[{\"@type\":\"ListItem\",\"@id\":\"https:\\\/\\\/www.eldigitaldeasturias.com\\\/noticias#listItem\",\"position\":1,\"name\":\"Home\",\"item\":\"https:\\\/\\\/www.eldigitaldeasturias.com\\\/noticias\",\"nextItem\":{\"@type\":\"ListItem\",\"@id\":\"https:\\\/\\\/www.eldigitaldeasturias.com\\\/noticias\\\/category\\\/actualidad-asturias\\\/#listItem\",\"name\":\"Actualidad Asturias\"}},{\"@type\":\"ListItem\",\"@id\":\"https:\\\/\\\/www.eldigitaldeasturias.com\\\/noticias\\\/category\\\/actualidad-asturias\\\/#listItem\",\"position\":2,\"name\":\"Actualidad Asturias\",\"item\":\"https:\\\/\\\/www.eldigitaldeasturias.com\\\/noticias\\\/category\\\/actualidad-asturias\\\/\",\"nextItem\":{\"@type\":\"ListItem\",\"@id\":\"https:\\\/\\\/www.eldigitaldeasturias.com\\\/noticias\\\/ignacio-blanco-el-psoe-se-ha-rendido-a-la-politica-linguistica-de-podemos\\\/#listItem\",\"name\":\"Ignacio Blanco: \\u00abEl PSOE se ha rendido a la pol\\u00edtica ling\\u00fc\\u00edstica de Podemos\\u00bb\"},\"previousItem\":{\"@type\":\"ListItem\",\"@id\":\"https:\\\/\\\/www.eldigitaldeasturias.com\\\/noticias#listItem\",\"name\":\"Home\"}},{\"@type\":\"ListItem\",\"@id\":\"https:\\\/\\\/www.eldigitaldeasturias.com\\\/noticias\\\/ignacio-blanco-el-psoe-se-ha-rendido-a-la-politica-linguistica-de-podemos\\\/#listItem\",\"position\":3,\"name\":\"Ignacio Blanco: \\u00abEl PSOE se ha rendido a la pol\\u00edtica ling\\u00fc\\u00edstica de Podemos\\u00bb\",\"previousItem\":{\"@type\":\"ListItem\",\"@id\":\"https:\\\/\\\/www.eldigitaldeasturias.com\\\/noticias\\\/category\\\/actualidad-asturias\\\/#listItem\",\"name\":\"Actualidad Asturias\"}}]},{\"@type\":\"Organization\",\"@id\":\"https:\\\/\\\/www.eldigitaldeasturias.com\\\/noticias\\\/#organization\",\"name\":\"El Digital de Asturias\",\"description\":\"Hemeroteca\",\"url\":\"https:\\\/\\\/www.eldigitaldeasturias.com\\\/noticias\\\/\",\"email\":\"info@eldigitaldeasturias.com\",\"telephone\":\"+34652131393\",\"logo\":{\"@type\":\"ImageObject\",\"url\":\"https:\\\/\\\/www.eldigitaldeasturias.com\\\/noticias\\\/wp-content\\\/uploads\\\/2020\\\/12\\\/EDA.jpg\",\"@id\":\"https:\\\/\\\/www.eldigitaldeasturias.com\\\/noticias\\\/ignacio-blanco-el-psoe-se-ha-rendido-a-la-politica-linguistica-de-podemos\\\/#organizationLogo\"},\"image\":{\"@id\":\"https:\\\/\\\/www.eldigitaldeasturias.com\\\/noticias\\\/ignacio-blanco-el-psoe-se-ha-rendido-a-la-politica-linguistica-de-podemos\\\/#organizationLogo\"},\"sameAs\":[\"https:\\\/\\\/facebook.com\\\/eldigitaldeasturias\",\"https:\\\/\\\/www.youtube.com\\\/channel\\\/UCZP-2wLEB9Rv6erhFmqVnvg\"],\"address\":{\"@id\":\"https:\\\/\\\/www.eldigitaldeasturias.com\\\/noticias\\\/#postaladdress\",\"@type\":\"PostalAddress\",\"streetAddress\":\"san antonio 4\",\"postalCode\":\"33430\",\"addressLocality\":\"Cand\\u00e1s\",\"addressRegion\":\"Asturias\",\"addressCountry\":\"ES\"}},{\"@type\":\"Person\",\"@id\":\"https:\\\/\\\/www.eldigitaldeasturias.com\\\/noticias\\\/author\\\/admin\\\/#author\",\"url\":\"https:\\\/\\\/www.eldigitaldeasturias.com\\\/noticias\\\/author\\\/admin\\\/\",\"name\":\"El Digital de Asturias\",\"image\":{\"@type\":\"ImageObject\",\"@id\":\"https:\\\/\\\/www.eldigitaldeasturias.com\\\/noticias\\\/ignacio-blanco-el-psoe-se-ha-rendido-a-la-politica-linguistica-de-podemos\\\/#authorImage\",\"url\":\"https:\\\/\\\/secure.gravatar.com\\\/avatar\\\/df2aeffc32bcd13f8d26072ef8a91b623d677766deac7f97ca815868cd41bf5e?s=96&d=mm&r=g\",\"width\":96,\"height\":96,\"caption\":\"El Digital de Asturias\"}},{\"@type\":\"WebPage\",\"@id\":\"https:\\\/\\\/www.eldigitaldeasturias.com\\\/noticias\\\/ignacio-blanco-el-psoe-se-ha-rendido-a-la-politica-linguistica-de-podemos\\\/#webpage\",\"url\":\"https:\\\/\\\/www.eldigitaldeasturias.com\\\/noticias\\\/ignacio-blanco-el-psoe-se-ha-rendido-a-la-politica-linguistica-de-podemos\\\/\",\"name\":\"Ignacio Blanco: \\u00abEl PSOE se ha rendido a la pol\\u00edtica ling\\u00fc\\u00edstica de Podemos\\u00bb - El Digital de Asturias\",\"description\":\"El portavoz y diputado de VOX Asturias en la Junta General, Ignacio Blanco ha explicado esta ma\\u00f1ana tras la Junta de Portavoces, que el PSOE baila el agua a ..\",\"inLanguage\":\"es-ES\",\"isPartOf\":{\"@id\":\"https:\\\/\\\/www.eldigitaldeasturias.com\\\/noticias\\\/#website\"},\"breadcrumb\":{\"@id\":\"https:\\\/\\\/www.eldigitaldeasturias.com\\\/noticias\\\/ignacio-blanco-el-psoe-se-ha-rendido-a-la-politica-linguistica-de-podemos\\\/#breadcrumblist\"},\"author\":{\"@id\":\"https:\\\/\\\/www.eldigitaldeasturias.com\\\/noticias\\\/author\\\/admin\\\/#author\"},\"creator\":{\"@id\":\"https:\\\/\\\/www.eldigitaldeasturias.com\\\/noticias\\\/author\\\/admin\\\/#author\"},\"image\":{\"@type\":\"ImageObject\",\"url\":1079756,\"@id\":\"https:\\\/\\\/www.eldigitaldeasturias.com\\\/noticias\\\/ignacio-blanco-el-psoe-se-ha-rendido-a-la-politica-linguistica-de-podemos\\\/#mainImage\"},\"primaryImageOfPage\":{\"@id\":\"https:\\\/\\\/www.eldigitaldeasturias.com\\\/noticias\\\/ignacio-blanco-el-psoe-se-ha-rendido-a-la-politica-linguistica-de-podemos\\\/#mainImage\"},\"datePublished\":\"2021-04-28T16:23:10+02:00\",\"dateModified\":\"2021-04-28T16:23:10+02:00\"},{\"@type\":\"WebSite\",\"@id\":\"https:\\\/\\\/www.eldigitaldeasturias.com\\\/noticias\\\/#website\",\"url\":\"https:\\\/\\\/www.eldigitaldeasturias.com\\\/noticias\\\/\",\"name\":\"El Digital de Asturias - Diario de actualidad y noticias\",\"alternateName\":\"El Digital de Asturias - Diario de actualidad y noticias\",\"description\":\"Hemeroteca\",\"inLanguage\":\"es-ES\",\"publisher\":{\"@id\":\"https:\\\/\\\/www.eldigitaldeasturias.com\\\/noticias\\\/#organization\"}}]}\n\t\t<\/script>\n\t\t<!-- All in One SEO Pro -->\r\n\t\t<title>Ignacio Blanco: \u00abEl PSOE se ha rendido a la pol\u00edtica ling\u00fc\u00edstica de Podemos\u00bb - El Digital de Asturias<\/title>\n\n","aioseo_head_json":{"title":"Ignacio Blanco: \u00abEl PSOE se ha rendido a la pol\u00edtica ling\u00fc\u00edstica de Podemos\u00bb - El Digital de Asturias","description":"El portavoz y diputado de VOX Asturias en la Junta General, Ignacio Blanco ha explicado esta ma\u00f1ana tras la Junta de Portavoces, que el PSOE baila el agua a ..","canonical_url":"https:\/\/www.eldigitaldeasturias.com\/noticias\/ignacio-blanco-el-psoe-se-ha-rendido-a-la-politica-linguistica-de-podemos\/","robots":"max-image-preview:large","keywords":"actualidad asturias","webmasterTools":{"google-site-verification":"UA-38556648-1","msvalidate.01":"7dfe9f3f1b24437ab69f4f2559babe99","miscellaneous":""},"schema":{"@context":"https:\/\/schema.org","@graph":[{"@type":"BlogPosting","@id":"https:\/\/www.eldigitaldeasturias.com\/noticias\/ignacio-blanco-el-psoe-se-ha-rendido-a-la-politica-linguistica-de-podemos\/#blogposting","name":"Ignacio Blanco: \u00abEl PSOE se ha rendido a la pol\u00edtica ling\u00fc\u00edstica de Podemos\u00bb - El Digital de Asturias","headline":"Ignacio Blanco: \u00abEl PSOE se ha rendido a la pol\u00edtica ling\u00fc\u00edstica de Podemos\u00bb","author":{"@id":"https:\/\/www.eldigitaldeasturias.com\/noticias\/author\/admin\/#author"},"publisher":{"@id":"https:\/\/www.eldigitaldeasturias.com\/noticias\/#organization"},"image":{"@type":"ImageObject","url":1079756},"datePublished":"2021-04-28T16:23:10+02:00","dateModified":"2021-04-28T16:23:10+02:00","inLanguage":"es-ES","mainEntityOfPage":{"@id":"https:\/\/www.eldigitaldeasturias.com\/noticias\/ignacio-blanco-el-psoe-se-ha-rendido-a-la-politica-linguistica-de-podemos\/#webpage"},"isPartOf":{"@id":"https:\/\/www.eldigitaldeasturias.com\/noticias\/ignacio-blanco-el-psoe-se-ha-rendido-a-la-politica-linguistica-de-podemos\/#webpage"},"articleSection":"Actualidad Asturias"},{"@type":"BreadcrumbList","@id":"https:\/\/www.eldigitaldeasturias.com\/noticias\/ignacio-blanco-el-psoe-se-ha-rendido-a-la-politica-linguistica-de-podemos\/#breadcrumblist","itemListElement":[{"@type":"ListItem","@id":"https:\/\/www.eldigitaldeasturias.com\/noticias#listItem","position":1,"name":"Home","item":"https:\/\/www.eldigitaldeasturias.com\/noticias","nextItem":{"@type":"ListItem","@id":"https:\/\/www.eldigitaldeasturias.com\/noticias\/category\/actualidad-asturias\/#listItem","name":"Actualidad Asturias"}},{"@type":"ListItem","@id":"https:\/\/www.eldigitaldeasturias.com\/noticias\/category\/actualidad-asturias\/#listItem","position":2,"name":"Actualidad Asturias","item":"https:\/\/www.eldigitaldeasturias.com\/noticias\/category\/actualidad-asturias\/","nextItem":{"@type":"ListItem","@id":"https:\/\/www.eldigitaldeasturias.com\/noticias\/ignacio-blanco-el-psoe-se-ha-rendido-a-la-politica-linguistica-de-podemos\/#listItem","name":"Ignacio Blanco: \u00abEl PSOE se ha rendido a la pol\u00edtica ling\u00fc\u00edstica de Podemos\u00bb"},"previousItem":{"@type":"ListItem","@id":"https:\/\/www.eldigitaldeasturias.com\/noticias#listItem","name":"Home"}},{"@type":"ListItem","@id":"https:\/\/www.eldigitaldeasturias.com\/noticias\/ignacio-blanco-el-psoe-se-ha-rendido-a-la-politica-linguistica-de-podemos\/#listItem","position":3,"name":"Ignacio Blanco: \u00abEl PSOE se ha rendido a la pol\u00edtica ling\u00fc\u00edstica de Podemos\u00bb","previousItem":{"@type":"ListItem","@id":"https:\/\/www.eldigitaldeasturias.com\/noticias\/category\/actualidad-asturias\/#listItem","name":"Actualidad Asturias"}}]},{"@type":"Organization","@id":"https:\/\/www.eldigitaldeasturias.com\/noticias\/#organization","name":"El Digital de Asturias","description":"Hemeroteca","url":"https:\/\/www.eldigitaldeasturias.com\/noticias\/","email":"info@eldigitaldeasturias.com","telephone":"+34652131393","logo":{"@type":"ImageObject","url":"https:\/\/www.eldigitaldeasturias.com\/noticias\/wp-content\/uploads\/2020\/12\/EDA.jpg","@id":"https:\/\/www.eldigitaldeasturias.com\/noticias\/ignacio-blanco-el-psoe-se-ha-rendido-a-la-politica-linguistica-de-podemos\/#organizationLogo"},"image":{"@id":"https:\/\/www.eldigitaldeasturias.com\/noticias\/ignacio-blanco-el-psoe-se-ha-rendido-a-la-politica-linguistica-de-podemos\/#organizationLogo"},"sameAs":["https:\/\/facebook.com\/eldigitaldeasturias","https:\/\/www.youtube.com\/channel\/UCZP-2wLEB9Rv6erhFmqVnvg"],"address":{"@id":"https:\/\/www.eldigitaldeasturias.com\/noticias\/#postaladdress","@type":"PostalAddress","streetAddress":"san antonio 4","postalCode":"33430","addressLocality":"Cand\u00e1s","addressRegion":"Asturias","addressCountry":"ES"}},{"@type":"Person","@id":"https:\/\/www.eldigitaldeasturias.com\/noticias\/author\/admin\/#author","url":"https:\/\/www.eldigitaldeasturias.com\/noticias\/author\/admin\/","name":"El Digital de Asturias","image":{"@type":"ImageObject","@id":"https:\/\/www.eldigitaldeasturias.com\/noticias\/ignacio-blanco-el-psoe-se-ha-rendido-a-la-politica-linguistica-de-podemos\/#authorImage","url":"https:\/\/secure.gravatar.com\/avatar\/df2aeffc32bcd13f8d26072ef8a91b623d677766deac7f97ca815868cd41bf5e?s=96&d=mm&r=g","width":96,"height":96,"caption":"El Digital de Asturias"}},{"@type":"WebPage","@id":"https:\/\/www.eldigitaldeasturias.com\/noticias\/ignacio-blanco-el-psoe-se-ha-rendido-a-la-politica-linguistica-de-podemos\/#webpage","url":"https:\/\/www.eldigitaldeasturias.com\/noticias\/ignacio-blanco-el-psoe-se-ha-rendido-a-la-politica-linguistica-de-podemos\/","name":"Ignacio Blanco: \u00abEl PSOE se ha rendido a la pol\u00edtica ling\u00fc\u00edstica de Podemos\u00bb - El Digital de Asturias","description":"El portavoz y diputado de VOX Asturias en la Junta General, Ignacio Blanco ha explicado esta ma\u00f1ana tras la Junta de Portavoces, que el PSOE baila el agua a ..","inLanguage":"es-ES","isPartOf":{"@id":"https:\/\/www.eldigitaldeasturias.com\/noticias\/#website"},"breadcrumb":{"@id":"https:\/\/www.eldigitaldeasturias.com\/noticias\/ignacio-blanco-el-psoe-se-ha-rendido-a-la-politica-linguistica-de-podemos\/#breadcrumblist"},"author":{"@id":"https:\/\/www.eldigitaldeasturias.com\/noticias\/author\/admin\/#author"},"creator":{"@id":"https:\/\/www.eldigitaldeasturias.com\/noticias\/author\/admin\/#author"},"image":{"@type":"ImageObject","url":1079756,"@id":"https:\/\/www.eldigitaldeasturias.com\/noticias\/ignacio-blanco-el-psoe-se-ha-rendido-a-la-politica-linguistica-de-podemos\/#mainImage"},"primaryImageOfPage":{"@id":"https:\/\/www.eldigitaldeasturias.com\/noticias\/ignacio-blanco-el-psoe-se-ha-rendido-a-la-politica-linguistica-de-podemos\/#mainImage"},"datePublished":"2021-04-28T16:23:10+02:00","dateModified":"2021-04-28T16:23:10+02:00"},{"@type":"WebSite","@id":"https:\/\/www.eldigitaldeasturias.com\/noticias\/#website","url":"https:\/\/www.eldigitaldeasturias.com\/noticias\/","name":"El Digital de Asturias - Diario de actualidad y noticias","alternateName":"El Digital de Asturias - Diario de actualidad y noticias","description":"Hemeroteca","inLanguage":"es-ES","publisher":{"@id":"https:\/\/www.eldigitaldeasturias.com\/noticias\/#organization"}}]},"og:locale":"es_ES","og:site_name":"El Digital de Asturias","og:type":"article","og:title":"Ignacio Blanco: \u00abEl PSOE se ha rendido a la pol\u00edtica ling\u00fc\u00edstica de Podemos\u00bb - El Digital de Asturias","og:description":"El portavoz y diputado de VOX Asturias en la Junta General, Ignacio Blanco ha explicado esta ma\u00f1ana tras la Junta de Portavoces, que el PSOE baila el agua a ..","og:url":"https:\/\/www.eldigitaldeasturias.com\/noticias\/ignacio-blanco-el-psoe-se-ha-rendido-a-la-politica-linguistica-de-podemos\/","article:tag":["actualidad asturias"],"article:published_time":"2021-04-28T15:23:10+00:00","article:modified_time":"2021-04-28T15:23:10+00:00","article:publisher":"https:\/\/facebook.com\/eldigitaldeasturias","twitter:card":"summary_large_image","twitter:title":"Ignacio Blanco: \u00abEl PSOE se ha rendido a la pol\u00edtica ling\u00fc\u00edstica de Podemos\u00bb - El Digital de Asturias","twitter:description":"El portavoz y diputado de VOX Asturias en la Junta General, Ignacio Blanco ha explicado esta ma\u00f1ana tras la Junta de Portavoces, que el PSOE baila el agua a ..","twitter:image":"https:\/\/www.eldigitaldeasturias.com\/noticias\/wp-content\/uploads\/2020\/12\/EDA-1.jpg","twitter:label1":"Escrito por","twitter:data1":"El Digital de Asturias","twitter:label2":"Tiempo de lectura estimado","twitter:data2":"2 minutos"},"aioseo_meta_data":{"post_id":"1090407","title":null,"description":"El portavoz y diputado de VOX&nbsp;Asturias en la Junta General, Ignacio Blanco ha explicado esta ma\u00f1ana tras la Junta de Portavoces, que el PSOE baila el agua a ..","keywords":[],"keyphrases":{"focus":[],"additional":[]},"primary_term":null,"canonical_url":null,"og_title":null,"og_description":null,"og_object_type":"default","og_image_type":"default","og_image_url":null,"og_image_width":null,"og_image_height":null,"og_image_custom_url":null,"og_image_custom_fields":null,"og_video":"","og_custom_url":null,"og_article_section":null,"og_article_tags":[],"twitter_use_og":false,"twitter_card":"default","twitter_image_type":"default","twitter_image_url":null,"twitter_image_custom_url":null,"twitter_image_custom_fields":null,"twitter_title":null,"twitter_description":null,"schema":{"blockGraphs":[],"customGraphs":[],"default":{"data":{"Article":[],"Course":[],"Dataset":[],"FAQPage":[],"Movie":[],"Person":[],"Product":[],"ProductReview":[],"Car":[],"Recipe":[],"Service":[],"SoftwareApplication":[],"WebPage":[]},"graphName":"","isEnabled":true},"graphs":[],"defaultGraph":"Article","defaultPostTypeGraph":""},"schema_type":"default","schema_type_options":"{\"article\":{\"articleType\":\"BlogPosting\"},\"course\":{\"name\":\"\",\"description\":\"\",\"provider\":\"\"},\"faq\":{\"pages\":[]},\"product\":{\"reviews\":[]},\"recipe\":{\"ingredients\":[],\"instructions\":[],\"keywords\":[]},\"software\":{\"reviews\":[],\"operatingSystems\":[]},\"webPage\":{\"webPageType\":\"WebPage\"}}","pillar_content":false,"robots_default":true,"robots_noindex":false,"robots_noarchive":false,"robots_nosnippet":false,"robots_nofollow":false,"robots_noimageindex":false,"robots_noodp":false,"robots_notranslate":false,"robots_max_snippet":"-1","robots_max_videopreview":"-1","robots_max_imagepreview":"large","priority":null,"frequency":"default","local_seo":{"locations":{"business":{"name":"","businessType":"","image":"","areaServed":"","urls":{"website":"","aboutPage":"","contactPage":""},"address":{"streetLine1":"","streetLine2":"","zipCode":"","city":"","state":"","country":"","addressFormat":"#streetLineOne\n#streetLineTwo\n#city, #state #zipCode"},"contact":{"phone":"","email":"","fax":""},"ids":{"vat":"","tax":"","chamberOfCommerce":""},"payment":{"priceRange":"","currenciesAccepted":"","methods":""}}},"openingHours":{"useDefaults":true,"show":true,"alwaysOpen":false,"use24hFormat":false,"timezone":"","labels":{"closed":"","alwaysOpen":""},"days":{"monday":{"open24h":false,"closed":false,"openTime":"09:00","closeTime":"17:00"},"tuesday":{"open24h":false,"closed":false,"openTime":"09:00","closeTime":"17:00"},"wednesday":{"open24h":false,"closed":false,"openTime":"09:00","closeTime":"17:00"},"thursday":{"open24h":false,"closed":false,"openTime":"09:00","closeTime":"17:00"},"friday":{"open24h":false,"closed":false,"openTime":"09:00","closeTime":"17:00"},"saturday":{"open24h":false,"closed":false,"openTime":"09:00","closeTime":"17:00"},"sunday":{"open24h":false,"closed":false,"openTime":"09:00","closeTime":"17:00"}}}},"seo_analyzer_scan_date":"2026-07-17 13:12:02","breadcrumb_settings":null,"limit_modified_date":false,"open_ai":null,"ai":null,"created":"2021-04-28 15:19:15","updated":"2026-07-17 13:12:02","focus_keyword":null,"additional_keywords":null,"truseo_locale":null},"aioseo_breadcrumb":"<div class=\"aioseo-breadcrumbs\"><span class=\"aioseo-breadcrumb\">\n\t<a href=\"https:\/\/www.eldigitaldeasturias.com\/noticias\" title=\"Home\">Home<\/a>\n<\/span><span class=\"aioseo-breadcrumb-separator\">\u2013<\/span><span class=\"aioseo-breadcrumb\">\n\t<a href=\"https:\/\/www.eldigitaldeasturias.com\/noticias\/category\/actualidad-asturias\/\" title=\"Actualidad Asturias\">Actualidad Asturias<\/a>\n<\/span><span class=\"aioseo-breadcrumb-separator\">\u2013<\/span><span class=\"aioseo-breadcrumb\">\n\t<a href=\"https:\/\/www.eldigitaldeasturias.com\/noticias\/ignacio-blanco-el-psoe-se-ha-rendido-a-la-politica-linguistica-de-podemos\/\" title=\"Ignacio Blanco: \u00abEl PSOE se ha rendido a la pol\u00edtica ling\u00fc\u00edstica de Podemos\u00bb\">Ignacio Blanco: \u00abEl PSOE se ha rendido a la pol\u00edtica ling\u00fc\u00edstica de Podemos\u00bb<\/a>\n<\/span><\/div>","aioseo_breadcrumb_json":[{"label":"Home","link":"https:\/\/www.eldigitaldeasturias.com\/noticias"},{"label":"Actualidad Asturias","link":"https:\/\/www.eldigitaldeasturias.com\/noticias\/category\/actualidad-asturias\/"},{"label":"Ignacio Blanco: \u00abEl PSOE se ha rendido a la pol\u00edtica ling\u00fc\u00edstica de Podemos\u00bb","link":"https:\/\/www.eldigitaldeasturias.com\/noticias\/ignacio-blanco-el-psoe-se-ha-rendido-a-la-politica-linguistica-de-podemos\/"}],"_links":{"self":[{"href":"https:\/\/www.eldigitaldeasturias.com\/noticias\/wp-json\/wp\/v2\/posts\/1090407","targetHints":{"allow":["GET"]}}],"collection":[{"href":"https:\/\/www.eldigitaldeasturias.com\/noticias\/wp-json\/wp\/v2\/posts"}],"about":[{"href":"https:\/\/www.eldigitaldeasturias.com\/noticias\/wp-json\/wp\/v2\/types\/post"}],"author":[{"embeddable":true,"href":"https:\/\/www.eldigitaldeasturias.com\/noticias\/wp-json\/wp\/v2\/users\/1"}],"replies":[{"embeddable":true,"href":"https:\/\/www.eldigitaldeasturias.com\/noticias\/wp-json\/wp\/v2\/comments?post=1090407"}],"version-history":[{"count":0,"href":"https:\/\/www.eldigitaldeasturias.com\/noticias\/wp-json\/wp\/v2\/posts\/1090407\/revisions"}],"wp:attachment":[{"href":"https:\/\/www.eldigitaldeasturias.com\/noticias\/wp-json\/wp\/v2\/media?parent=1090407"}],"wp:term":[{"taxonomy":"category","embeddable":true,"href":"https:\/\/www.eldigitaldeasturias.com\/noticias\/wp-json\/wp\/v2\/categories?post=1090407"},{"taxonomy":"post_tag","embeddable":true,"href":"https:\/\/www.eldigitaldeasturias.com\/noticias\/wp-json\/wp\/v2\/tags?post=1090407"}],"curies":[{"name":"wp","href":"https:\/\/api.w.org\/{rel}","templated":true}]}}