{"id":1090375,"date":"2021-04-28T10:51:07","date_gmt":"2021-04-28T09:51:07","guid":{"rendered":"https:\/\/www.eldigitaldeasturias.com\/noticias\/?p=1090375"},"modified":"2021-04-28T10:51:07","modified_gmt":"2021-04-28T09:51:07","slug":"industria-electrointensiva-asturias-galicia-y-cantabria-se-unen","status":"publish","type":"post","link":"https:\/\/www.eldigitaldeasturias.com\/noticias\/industria-electrointensiva-asturias-galicia-y-cantabria-se-unen\/","title":{"rendered":"Industria electrointensiva: Asturias, Galicia y Cantabria se unen"},"content":{"rendered":"<p><img loading=\"lazy\" decoding=\"async\" class=\"alignleft size-medium wp-image-1090376\" src=\"https:\/\/www.eldigitaldeasturias.com\/noticias\/wp-content\/uploads\/2021\/04\/Asturias-1149280421-360x204.jpg\" alt=\"Consejero Industria Asturias\" width=\"360\" height=\"204\" \/>El Principado iniciar\u00e1 una agenda de trabajo conjunta con los gobiernos de Galicia y Cantabria para dar mayor impulso a las empresas altamente electrointensivas y demandar a la Administraci\u00f3n General del Estado medidas adicionales de compensaci\u00f3n para esta industria, estrat\u00e9gica en para la econom\u00eda espa\u00f1ola.<\/p>\n<p>Este es uno de los principales acuerdos adoptados en el encuentro telem\u00e1tico celebrado ayer martes, en el que han participado los titulares de los departamentos con competencias en Industria y Energ\u00eda de las tres comunidades: Enrique Fern\u00e1ndez, consejero de Industria, Empleo y Promoci\u00f3n Econ\u00f3mica de Asturias; Francisco Conde, vicepresidente econ\u00f3mico y conselleiro de Econom\u00eda, Empresa e Innovaci\u00f3n de la Xunta de Galicia, y Javier L\u00f3pez Marcano, responsable de Industria, Turismo, Innovaci\u00f3n, Transporte y Comercio de Cantabria.<\/p>\n<p><strong>Asturias Galicia y Cantabria ponen en valor el di\u00e1logo y la colaboraci\u00f3n entre administraciones en el actual contexto de reactivaci\u00f3n econ\u00f3mica<\/strong> y con el marco de los fondos europeos Next Generation. En ese sentido, la reuni\u00f3n ha sido una oportunidad para poner en com\u00fan los retos de la transici\u00f3n ecol\u00f3gica y energ\u00e9tica para las comunidades del norte de Espa\u00f1a, donde la industria electrointensiva tiene un peso relevante.<\/p>\n<p>Al respecto, los consejeros han acordado seguir defendiendo una postura com\u00fan ante el Gobierno de Espa\u00f1a como medida de apoyo al sector. De este modo, dan continuidad al acuerdo que las tres comunidades establecieron durante el proceso de redacci\u00f3n del Estatuto del Consumidor Electrointensivo, al considerar que el texto aprobado no da respuesta a todas las necesidades.<\/p>\n<p>Siguiendo la l\u00ednea que planteaban en las alegaciones que presentadas conjuntamente al estatuto, hoy se han puesto sobre la mesa diferentes puntos en com\u00fan para trasladar al Ejecutivo central. En primer lugar, que se compensen los costes de CO2 al m\u00e1ximo, con un horizonte temporal estable y sin que est\u00e9 condicionado a los Presupuestos Generales del Estado. Tambi\u00e9n se ha acordado pedir que se concrete un mecanismo de capacidad efectivo para la industria electrointensiva y que el Gobierno haga una propuesta de fondos para apoyar proyectos singulares.<\/p>\n<p>Estas reivindicaciones van en l\u00ednea con las planteadas por Asturias en la Alianza por la Industria, en cuyo marco se ha consensuado un gran acuerdo pol\u00edtico, social y econ\u00f3mico en defensa de la industria altamente electrointensiva que ha sido remitido a los ministerios de Industria, Comercio y Turismo y de Transici\u00f3n Ecol\u00f3gica y Reto Demogr\u00e1fico.<\/p>\n<p>En esa misma direcci\u00f3n, <strong>Galicia, Asturias y Cantabria tambi\u00e9n solicitan que se apoyen planes espec\u00edficos de inversi\u00f3n para este sector en el marco de los fondos europeos Next Generation<\/strong>.<\/p>\n<p>Las tres comunidades consideran que estos fondos constituyen una oportunidad excepcional para impulsar una transici\u00f3n energ\u00e9tica justa y ordenada. Y, con ese objetivo, en la reuni\u00f3n han abordado tambi\u00e9n las posibilidades de consensuar proyectos comunes en el \u00e1mbito de la movilidad sostenible y de la e\u00f3lica marina (offshore).<\/p>\n<p>El encuentro celebrado supone es un primer paso con el que los gobiernos de Asturias, Galicia y Cantabria pretenden establecer una agenda de contactos para seguir tejiendo alianzas estrat\u00e9gicas que den protagonismo al Noroeste en el Plan de Recuperaci\u00f3n, Transformaci\u00f3n y Resiliencia del Gobierno de Espa\u00f1a.<\/p>\n<p>&nbsp;<\/p>\n","protected":false},"excerpt":{"rendered":"<p>El Principado iniciar\u00e1 una agenda de trabajo conjunta con los gobiernos de Galicia y Cantabria para dar mayor impulso a las empresas altamente electrointensivas y demandar a la Administraci\u00f3n General del Estado medidas adicionales de compensaci\u00f3n para esta industria, estrat\u00e9gica en para la econom\u00eda espa\u00f1ola. Este es uno de los principales acuerdos adoptados en el [&hellip;]<\/p>\n","protected":false},"author":1,"featured_media":1090376,"comment_status":"closed","ping_status":"closed","sticky":false,"template":"","format":"standard","meta":{"footnotes":""},"categories":[12],"tags":[],"class_list":["post-1090375","post","type-post","status-publish","format-standard","has-post-thumbnail","hentry","category-actualidad-asturias"],"aioseo_notices":[],"aioseo_head":"\n\t\t<!-- All in One SEO Pro 5.0.1 - aioseo.com -->\n\t<meta name=\"description\" content=\"Asturias iniciar\u00e1 una agenda de trabajo conjunta con los gobiernos de Galicia y Cantabria para dar mayor impulso a las empresas altamente electrointensivas\" \/>\n\t<meta name=\"robots\" content=\"max-image-preview:large\" \/>\n\t<meta name=\"author\" content=\"El Digital de Asturias\"\/>\n\t<meta name=\"google-site-verification\" content=\"UA-38556648-1\" \/>\n\t<meta name=\"msvalidate.01\" content=\"7dfe9f3f1b24437ab69f4f2559babe99\" \/>\n\t<meta name=\"keywords\" content=\"actualidad asturias\" \/>\n\t<link rel=\"canonical\" href=\"https:\/\/www.eldigitaldeasturias.com\/noticias\/industria-electrointensiva-asturias-galicia-y-cantabria-se-unen\/\" \/>\n\t<meta name=\"generator\" content=\"All in One SEO Pro (AIOSEO) 5.0.1\" \/>\n\t\t<meta property=\"og:locale\" content=\"es_ES\" \/>\n\t\t<meta property=\"og:site_name\" content=\"El Digital de Asturias\" \/>\n\t\t<meta property=\"og:type\" content=\"article\" \/>\n\t\t<meta property=\"og:title\" content=\"Industria electrointensiva: Asturias, Galicia y Cantabria se unen - El Digital de Asturias\" \/>\n\t\t<meta property=\"og:description\" content=\"Asturias iniciar\u00e1 una agenda de trabajo conjunta con los gobiernos de Galicia y Cantabria para dar mayor impulso a las empresas altamente electrointensivas\" \/>\n\t\t<meta property=\"og:url\" content=\"https:\/\/www.eldigitaldeasturias.com\/noticias\/industria-electrointensiva-asturias-galicia-y-cantabria-se-unen\/\" \/>\n\t\t<meta property=\"article:tag\" content=\"actualidad asturias\" \/>\n\t\t<meta property=\"article:published_time\" content=\"2021-04-28T09:51:07+00:00\" \/>\n\t\t<meta property=\"article:modified_time\" content=\"2021-04-28T09:51:07+00:00\" \/>\n\t\t<meta property=\"article:publisher\" content=\"https:\/\/facebook.com\/eldigitaldeasturias\" \/>\n\t\t<meta name=\"twitter:card\" content=\"summary_large_image\" \/>\n\t\t<meta name=\"twitter:title\" content=\"Industria electrointensiva: Asturias, Galicia y Cantabria se unen - El Digital de Asturias\" \/>\n\t\t<meta name=\"twitter:description\" content=\"Asturias iniciar\u00e1 una agenda de trabajo conjunta con los gobiernos de Galicia y Cantabria para dar mayor impulso a las empresas altamente electrointensivas\" \/>\n\t\t<meta name=\"twitter:image\" content=\"https:\/\/www.eldigitaldeasturias.com\/noticias\/wp-content\/uploads\/2020\/12\/EDA-1.jpg\" \/>\n\t\t<meta name=\"twitter:label1\" content=\"Escrito por\" \/>\n\t\t<meta name=\"twitter:data1\" content=\"El Digital de Asturias\" \/>\n\t\t<meta name=\"twitter:label2\" content=\"Tiempo de lectura estimado\" \/>\n\t\t<meta name=\"twitter:data2\" content=\"3 minutos\" \/>\n\t\t<script type=\"application\/ld+json\" class=\"aioseo-schema\">\n\t\t\t{\"@context\":\"https:\\\/\\\/schema.org\",\"@graph\":[{\"@type\":\"BlogPosting\",\"@id\":\"https:\\\/\\\/www.eldigitaldeasturias.com\\\/noticias\\\/industria-electrointensiva-asturias-galicia-y-cantabria-se-unen\\\/#blogposting\",\"name\":\"Industria electrointensiva: Asturias, Galicia y Cantabria se unen - El Digital de Asturias\",\"headline\":\"Industria electrointensiva: Asturias, Galicia y Cantabria se unen\",\"author\":{\"@id\":\"https:\\\/\\\/www.eldigitaldeasturias.com\\\/noticias\\\/author\\\/admin\\\/#author\"},\"publisher\":{\"@id\":\"https:\\\/\\\/www.eldigitaldeasturias.com\\\/noticias\\\/#organization\"},\"image\":{\"@type\":\"ImageObject\",\"url\":1090376},\"datePublished\":\"2021-04-28T10:51:07+02:00\",\"dateModified\":\"2021-04-28T10:51:07+02:00\",\"inLanguage\":\"es-ES\",\"mainEntityOfPage\":{\"@id\":\"https:\\\/\\\/www.eldigitaldeasturias.com\\\/noticias\\\/industria-electrointensiva-asturias-galicia-y-cantabria-se-unen\\\/#webpage\"},\"isPartOf\":{\"@id\":\"https:\\\/\\\/www.eldigitaldeasturias.com\\\/noticias\\\/industria-electrointensiva-asturias-galicia-y-cantabria-se-unen\\\/#webpage\"},\"articleSection\":\"Actualidad Asturias\"},{\"@type\":\"BreadcrumbList\",\"@id\":\"https:\\\/\\\/www.eldigitaldeasturias.com\\\/noticias\\\/industria-electrointensiva-asturias-galicia-y-cantabria-se-unen\\\/#breadcrumblist\",\"itemListElement\":[{\"@type\":\"ListItem\",\"@id\":\"https:\\\/\\\/www.eldigitaldeasturias.com\\\/noticias#listItem\",\"position\":1,\"name\":\"Home\",\"item\":\"https:\\\/\\\/www.eldigitaldeasturias.com\\\/noticias\",\"nextItem\":{\"@type\":\"ListItem\",\"@id\":\"https:\\\/\\\/www.eldigitaldeasturias.com\\\/noticias\\\/category\\\/actualidad-asturias\\\/#listItem\",\"name\":\"Actualidad Asturias\"}},{\"@type\":\"ListItem\",\"@id\":\"https:\\\/\\\/www.eldigitaldeasturias.com\\\/noticias\\\/category\\\/actualidad-asturias\\\/#listItem\",\"position\":2,\"name\":\"Actualidad Asturias\",\"item\":\"https:\\\/\\\/www.eldigitaldeasturias.com\\\/noticias\\\/category\\\/actualidad-asturias\\\/\",\"nextItem\":{\"@type\":\"ListItem\",\"@id\":\"https:\\\/\\\/www.eldigitaldeasturias.com\\\/noticias\\\/industria-electrointensiva-asturias-galicia-y-cantabria-se-unen\\\/#listItem\",\"name\":\"Industria electrointensiva: Asturias, Galicia y Cantabria se unen\"},\"previousItem\":{\"@type\":\"ListItem\",\"@id\":\"https:\\\/\\\/www.eldigitaldeasturias.com\\\/noticias#listItem\",\"name\":\"Home\"}},{\"@type\":\"ListItem\",\"@id\":\"https:\\\/\\\/www.eldigitaldeasturias.com\\\/noticias\\\/industria-electrointensiva-asturias-galicia-y-cantabria-se-unen\\\/#listItem\",\"position\":3,\"name\":\"Industria electrointensiva: Asturias, Galicia y Cantabria se unen\",\"previousItem\":{\"@type\":\"ListItem\",\"@id\":\"https:\\\/\\\/www.eldigitaldeasturias.com\\\/noticias\\\/category\\\/actualidad-asturias\\\/#listItem\",\"name\":\"Actualidad Asturias\"}}]},{\"@type\":\"Organization\",\"@id\":\"https:\\\/\\\/www.eldigitaldeasturias.com\\\/noticias\\\/#organization\",\"name\":\"El Digital de Asturias\",\"description\":\"Hemeroteca\",\"url\":\"https:\\\/\\\/www.eldigitaldeasturias.com\\\/noticias\\\/\",\"email\":\"info@eldigitaldeasturias.com\",\"telephone\":\"+34652131393\",\"logo\":{\"@type\":\"ImageObject\",\"url\":\"https:\\\/\\\/www.eldigitaldeasturias.com\\\/noticias\\\/wp-content\\\/uploads\\\/2020\\\/12\\\/EDA.jpg\",\"@id\":\"https:\\\/\\\/www.eldigitaldeasturias.com\\\/noticias\\\/industria-electrointensiva-asturias-galicia-y-cantabria-se-unen\\\/#organizationLogo\"},\"image\":{\"@id\":\"https:\\\/\\\/www.eldigitaldeasturias.com\\\/noticias\\\/industria-electrointensiva-asturias-galicia-y-cantabria-se-unen\\\/#organizationLogo\"},\"sameAs\":[\"https:\\\/\\\/facebook.com\\\/eldigitaldeasturias\",\"https:\\\/\\\/www.youtube.com\\\/channel\\\/UCZP-2wLEB9Rv6erhFmqVnvg\"],\"address\":{\"@id\":\"https:\\\/\\\/www.eldigitaldeasturias.com\\\/noticias\\\/#postaladdress\",\"@type\":\"PostalAddress\",\"streetAddress\":\"san antonio 4\",\"postalCode\":\"33430\",\"addressLocality\":\"Cand\\u00e1s\",\"addressRegion\":\"Asturias\",\"addressCountry\":\"ES\"}},{\"@type\":\"Person\",\"@id\":\"https:\\\/\\\/www.eldigitaldeasturias.com\\\/noticias\\\/author\\\/admin\\\/#author\",\"url\":\"https:\\\/\\\/www.eldigitaldeasturias.com\\\/noticias\\\/author\\\/admin\\\/\",\"name\":\"El Digital de Asturias\",\"image\":{\"@type\":\"ImageObject\",\"@id\":\"https:\\\/\\\/www.eldigitaldeasturias.com\\\/noticias\\\/industria-electrointensiva-asturias-galicia-y-cantabria-se-unen\\\/#authorImage\",\"url\":\"https:\\\/\\\/secure.gravatar.com\\\/avatar\\\/df2aeffc32bcd13f8d26072ef8a91b623d677766deac7f97ca815868cd41bf5e?s=96&d=mm&r=g\",\"width\":96,\"height\":96,\"caption\":\"El Digital de Asturias\"}},{\"@type\":\"WebPage\",\"@id\":\"https:\\\/\\\/www.eldigitaldeasturias.com\\\/noticias\\\/industria-electrointensiva-asturias-galicia-y-cantabria-se-unen\\\/#webpage\",\"url\":\"https:\\\/\\\/www.eldigitaldeasturias.com\\\/noticias\\\/industria-electrointensiva-asturias-galicia-y-cantabria-se-unen\\\/\",\"name\":\"Industria electrointensiva: Asturias, Galicia y Cantabria se unen - El Digital de Asturias\",\"description\":\"Asturias iniciar\\u00e1 una agenda de trabajo conjunta con los gobiernos de Galicia y Cantabria para dar mayor impulso a las empresas altamente electrointensivas\",\"inLanguage\":\"es-ES\",\"isPartOf\":{\"@id\":\"https:\\\/\\\/www.eldigitaldeasturias.com\\\/noticias\\\/#website\"},\"breadcrumb\":{\"@id\":\"https:\\\/\\\/www.eldigitaldeasturias.com\\\/noticias\\\/industria-electrointensiva-asturias-galicia-y-cantabria-se-unen\\\/#breadcrumblist\"},\"author\":{\"@id\":\"https:\\\/\\\/www.eldigitaldeasturias.com\\\/noticias\\\/author\\\/admin\\\/#author\"},\"creator\":{\"@id\":\"https:\\\/\\\/www.eldigitaldeasturias.com\\\/noticias\\\/author\\\/admin\\\/#author\"},\"image\":{\"@type\":\"ImageObject\",\"url\":1090376,\"@id\":\"https:\\\/\\\/www.eldigitaldeasturias.com\\\/noticias\\\/industria-electrointensiva-asturias-galicia-y-cantabria-se-unen\\\/#mainImage\"},\"primaryImageOfPage\":{\"@id\":\"https:\\\/\\\/www.eldigitaldeasturias.com\\\/noticias\\\/industria-electrointensiva-asturias-galicia-y-cantabria-se-unen\\\/#mainImage\"},\"datePublished\":\"2021-04-28T10:51:07+02:00\",\"dateModified\":\"2021-04-28T10:51:07+02:00\"},{\"@type\":\"WebSite\",\"@id\":\"https:\\\/\\\/www.eldigitaldeasturias.com\\\/noticias\\\/#website\",\"url\":\"https:\\\/\\\/www.eldigitaldeasturias.com\\\/noticias\\\/\",\"name\":\"El Digital de Asturias - Diario de actualidad y noticias\",\"alternateName\":\"El Digital de Asturias - Diario de actualidad y noticias\",\"description\":\"Hemeroteca\",\"inLanguage\":\"es-ES\",\"publisher\":{\"@id\":\"https:\\\/\\\/www.eldigitaldeasturias.com\\\/noticias\\\/#organization\"}}]}\n\t\t<\/script>\n\t\t<!-- All in One SEO Pro -->\r\n\t\t<title>Industria electrointensiva: Asturias, Galicia y Cantabria se unen - El Digital de Asturias<\/title>\n\n","aioseo_head_json":{"title":"Industria electrointensiva: Asturias, Galicia y Cantabria se unen - El Digital de Asturias","description":"Asturias iniciar\u00e1 una agenda de trabajo conjunta con los gobiernos de Galicia y Cantabria para dar mayor impulso a las empresas altamente electrointensivas","canonical_url":"https:\/\/www.eldigitaldeasturias.com\/noticias\/industria-electrointensiva-asturias-galicia-y-cantabria-se-unen\/","robots":"max-image-preview:large","keywords":"actualidad asturias","webmasterTools":{"google-site-verification":"UA-38556648-1","msvalidate.01":"7dfe9f3f1b24437ab69f4f2559babe99","miscellaneous":""},"schema":{"@context":"https:\/\/schema.org","@graph":[{"@type":"BlogPosting","@id":"https:\/\/www.eldigitaldeasturias.com\/noticias\/industria-electrointensiva-asturias-galicia-y-cantabria-se-unen\/#blogposting","name":"Industria electrointensiva: Asturias, Galicia y Cantabria se unen - El Digital de Asturias","headline":"Industria electrointensiva: Asturias, Galicia y Cantabria se unen","author":{"@id":"https:\/\/www.eldigitaldeasturias.com\/noticias\/author\/admin\/#author"},"publisher":{"@id":"https:\/\/www.eldigitaldeasturias.com\/noticias\/#organization"},"image":{"@type":"ImageObject","url":1090376},"datePublished":"2021-04-28T10:51:07+02:00","dateModified":"2021-04-28T10:51:07+02:00","inLanguage":"es-ES","mainEntityOfPage":{"@id":"https:\/\/www.eldigitaldeasturias.com\/noticias\/industria-electrointensiva-asturias-galicia-y-cantabria-se-unen\/#webpage"},"isPartOf":{"@id":"https:\/\/www.eldigitaldeasturias.com\/noticias\/industria-electrointensiva-asturias-galicia-y-cantabria-se-unen\/#webpage"},"articleSection":"Actualidad Asturias"},{"@type":"BreadcrumbList","@id":"https:\/\/www.eldigitaldeasturias.com\/noticias\/industria-electrointensiva-asturias-galicia-y-cantabria-se-unen\/#breadcrumblist","itemListElement":[{"@type":"ListItem","@id":"https:\/\/www.eldigitaldeasturias.com\/noticias#listItem","position":1,"name":"Home","item":"https:\/\/www.eldigitaldeasturias.com\/noticias","nextItem":{"@type":"ListItem","@id":"https:\/\/www.eldigitaldeasturias.com\/noticias\/category\/actualidad-asturias\/#listItem","name":"Actualidad Asturias"}},{"@type":"ListItem","@id":"https:\/\/www.eldigitaldeasturias.com\/noticias\/category\/actualidad-asturias\/#listItem","position":2,"name":"Actualidad Asturias","item":"https:\/\/www.eldigitaldeasturias.com\/noticias\/category\/actualidad-asturias\/","nextItem":{"@type":"ListItem","@id":"https:\/\/www.eldigitaldeasturias.com\/noticias\/industria-electrointensiva-asturias-galicia-y-cantabria-se-unen\/#listItem","name":"Industria electrointensiva: Asturias, Galicia y Cantabria se unen"},"previousItem":{"@type":"ListItem","@id":"https:\/\/www.eldigitaldeasturias.com\/noticias#listItem","name":"Home"}},{"@type":"ListItem","@id":"https:\/\/www.eldigitaldeasturias.com\/noticias\/industria-electrointensiva-asturias-galicia-y-cantabria-se-unen\/#listItem","position":3,"name":"Industria electrointensiva: Asturias, Galicia y Cantabria se unen","previousItem":{"@type":"ListItem","@id":"https:\/\/www.eldigitaldeasturias.com\/noticias\/category\/actualidad-asturias\/#listItem","name":"Actualidad Asturias"}}]},{"@type":"Organization","@id":"https:\/\/www.eldigitaldeasturias.com\/noticias\/#organization","name":"El Digital de Asturias","description":"Hemeroteca","url":"https:\/\/www.eldigitaldeasturias.com\/noticias\/","email":"info@eldigitaldeasturias.com","telephone":"+34652131393","logo":{"@type":"ImageObject","url":"https:\/\/www.eldigitaldeasturias.com\/noticias\/wp-content\/uploads\/2020\/12\/EDA.jpg","@id":"https:\/\/www.eldigitaldeasturias.com\/noticias\/industria-electrointensiva-asturias-galicia-y-cantabria-se-unen\/#organizationLogo"},"image":{"@id":"https:\/\/www.eldigitaldeasturias.com\/noticias\/industria-electrointensiva-asturias-galicia-y-cantabria-se-unen\/#organizationLogo"},"sameAs":["https:\/\/facebook.com\/eldigitaldeasturias","https:\/\/www.youtube.com\/channel\/UCZP-2wLEB9Rv6erhFmqVnvg"],"address":{"@id":"https:\/\/www.eldigitaldeasturias.com\/noticias\/#postaladdress","@type":"PostalAddress","streetAddress":"san antonio 4","postalCode":"33430","addressLocality":"Cand\u00e1s","addressRegion":"Asturias","addressCountry":"ES"}},{"@type":"Person","@id":"https:\/\/www.eldigitaldeasturias.com\/noticias\/author\/admin\/#author","url":"https:\/\/www.eldigitaldeasturias.com\/noticias\/author\/admin\/","name":"El Digital de Asturias","image":{"@type":"ImageObject","@id":"https:\/\/www.eldigitaldeasturias.com\/noticias\/industria-electrointensiva-asturias-galicia-y-cantabria-se-unen\/#authorImage","url":"https:\/\/secure.gravatar.com\/avatar\/df2aeffc32bcd13f8d26072ef8a91b623d677766deac7f97ca815868cd41bf5e?s=96&d=mm&r=g","width":96,"height":96,"caption":"El Digital de Asturias"}},{"@type":"WebPage","@id":"https:\/\/www.eldigitaldeasturias.com\/noticias\/industria-electrointensiva-asturias-galicia-y-cantabria-se-unen\/#webpage","url":"https:\/\/www.eldigitaldeasturias.com\/noticias\/industria-electrointensiva-asturias-galicia-y-cantabria-se-unen\/","name":"Industria electrointensiva: Asturias, Galicia y Cantabria se unen - El Digital de Asturias","description":"Asturias iniciar\u00e1 una agenda de trabajo conjunta con los gobiernos de Galicia y Cantabria para dar mayor impulso a las empresas altamente electrointensivas","inLanguage":"es-ES","isPartOf":{"@id":"https:\/\/www.eldigitaldeasturias.com\/noticias\/#website"},"breadcrumb":{"@id":"https:\/\/www.eldigitaldeasturias.com\/noticias\/industria-electrointensiva-asturias-galicia-y-cantabria-se-unen\/#breadcrumblist"},"author":{"@id":"https:\/\/www.eldigitaldeasturias.com\/noticias\/author\/admin\/#author"},"creator":{"@id":"https:\/\/www.eldigitaldeasturias.com\/noticias\/author\/admin\/#author"},"image":{"@type":"ImageObject","url":1090376,"@id":"https:\/\/www.eldigitaldeasturias.com\/noticias\/industria-electrointensiva-asturias-galicia-y-cantabria-se-unen\/#mainImage"},"primaryImageOfPage":{"@id":"https:\/\/www.eldigitaldeasturias.com\/noticias\/industria-electrointensiva-asturias-galicia-y-cantabria-se-unen\/#mainImage"},"datePublished":"2021-04-28T10:51:07+02:00","dateModified":"2021-04-28T10:51:07+02:00"},{"@type":"WebSite","@id":"https:\/\/www.eldigitaldeasturias.com\/noticias\/#website","url":"https:\/\/www.eldigitaldeasturias.com\/noticias\/","name":"El Digital de Asturias - Diario de actualidad y noticias","alternateName":"El Digital de Asturias - Diario de actualidad y noticias","description":"Hemeroteca","inLanguage":"es-ES","publisher":{"@id":"https:\/\/www.eldigitaldeasturias.com\/noticias\/#organization"}}]},"og:locale":"es_ES","og:site_name":"El Digital de Asturias","og:type":"article","og:title":"Industria electrointensiva: Asturias, Galicia y Cantabria se unen - El Digital de Asturias","og:description":"Asturias iniciar\u00e1 una agenda de trabajo conjunta con los gobiernos de Galicia y Cantabria para dar mayor impulso a las empresas altamente electrointensivas","og:url":"https:\/\/www.eldigitaldeasturias.com\/noticias\/industria-electrointensiva-asturias-galicia-y-cantabria-se-unen\/","article:tag":["actualidad asturias"],"article:published_time":"2021-04-28T09:51:07+00:00","article:modified_time":"2021-04-28T09:51:07+00:00","article:publisher":"https:\/\/facebook.com\/eldigitaldeasturias","twitter:card":"summary_large_image","twitter:title":"Industria electrointensiva: Asturias, Galicia y Cantabria se unen - El Digital de Asturias","twitter:description":"Asturias iniciar\u00e1 una agenda de trabajo conjunta con los gobiernos de Galicia y Cantabria para dar mayor impulso a las empresas altamente electrointensivas","twitter:image":"https:\/\/www.eldigitaldeasturias.com\/noticias\/wp-content\/uploads\/2020\/12\/EDA-1.jpg","twitter:label1":"Escrito por","twitter:data1":"El Digital de Asturias","twitter:label2":"Tiempo de lectura estimado","twitter:data2":"3 minutos"},"aioseo_meta_data":{"post_id":"1090375","title":null,"description":"Asturias iniciar\u00e1 una agenda de trabajo conjunta con los gobiernos de Galicia y Cantabria para dar mayor impulso a las empresas altamente electrointensivas","keywords":[],"keyphrases":{"focus":[],"additional":[]},"primary_term":null,"canonical_url":null,"og_title":null,"og_description":null,"og_object_type":"default","og_image_type":"default","og_image_url":null,"og_image_width":null,"og_image_height":null,"og_image_custom_url":null,"og_image_custom_fields":null,"og_video":"","og_custom_url":null,"og_article_section":null,"og_article_tags":[],"twitter_use_og":false,"twitter_card":"default","twitter_image_type":"default","twitter_image_url":null,"twitter_image_custom_url":null,"twitter_image_custom_fields":null,"twitter_title":null,"twitter_description":null,"schema":{"blockGraphs":[],"customGraphs":[],"default":{"data":{"Article":[],"Course":[],"Dataset":[],"FAQPage":[],"Movie":[],"Person":[],"Product":[],"ProductReview":[],"Car":[],"Recipe":[],"Service":[],"SoftwareApplication":[],"WebPage":[]},"graphName":"","isEnabled":true},"graphs":[]},"schema_type":"default","schema_type_options":"{\"article\":{\"articleType\":\"BlogPosting\"},\"course\":{\"name\":\"\",\"description\":\"\",\"provider\":\"\"},\"faq\":{\"pages\":[]},\"product\":{\"reviews\":[]},\"recipe\":{\"ingredients\":[],\"instructions\":[],\"keywords\":[]},\"software\":{\"reviews\":[],\"operatingSystems\":[]},\"webPage\":{\"webPageType\":\"WebPage\"}}","pillar_content":false,"robots_default":true,"robots_noindex":false,"robots_noarchive":false,"robots_nosnippet":false,"robots_nofollow":false,"robots_noimageindex":false,"robots_noodp":false,"robots_notranslate":false,"robots_max_snippet":"-1","robots_max_videopreview":"-1","robots_max_imagepreview":"large","priority":null,"frequency":"default","local_seo":{"locations":{"business":{"name":"","businessType":"","image":"","areaServed":"","urls":{"website":"","aboutPage":"","contactPage":""},"address":{"streetLine1":"","streetLine2":"","zipCode":"","city":"","state":"","country":"","addressFormat":"#streetLineOne\n#streetLineTwo\n#city, #state #zipCode"},"contact":{"phone":"","email":"","fax":""},"ids":{"vat":"","tax":"","chamberOfCommerce":""},"payment":{"priceRange":"","currenciesAccepted":"","methods":""}}},"openingHours":{"useDefaults":true,"show":true,"alwaysOpen":false,"use24hFormat":false,"timezone":"","labels":{"closed":"","alwaysOpen":""},"days":{"monday":{"open24h":false,"closed":false,"openTime":"09:00","closeTime":"17:00"},"tuesday":{"open24h":false,"closed":false,"openTime":"09:00","closeTime":"17:00"},"wednesday":{"open24h":false,"closed":false,"openTime":"09:00","closeTime":"17:00"},"thursday":{"open24h":false,"closed":false,"openTime":"09:00","closeTime":"17:00"},"friday":{"open24h":false,"closed":false,"openTime":"09:00","closeTime":"17:00"},"saturday":{"open24h":false,"closed":false,"openTime":"09:00","closeTime":"17:00"},"sunday":{"open24h":false,"closed":false,"openTime":"09:00","closeTime":"17:00"}}}},"seo_analyzer_scan_date":"2026-07-17 12:56:47","breadcrumb_settings":null,"limit_modified_date":false,"open_ai":null,"ai":null,"created":"2021-04-28 09:47:52","updated":"2026-07-17 12:56:47","focus_keyword":null,"additional_keywords":null,"truseo_locale":null},"aioseo_breadcrumb":"<div class=\"aioseo-breadcrumbs\"><span class=\"aioseo-breadcrumb\">\n\t<a href=\"https:\/\/www.eldigitaldeasturias.com\/noticias\" title=\"Home\">Home<\/a>\n<\/span><span class=\"aioseo-breadcrumb-separator\">\u2013<\/span><span class=\"aioseo-breadcrumb\">\n\t<a href=\"https:\/\/www.eldigitaldeasturias.com\/noticias\/category\/actualidad-asturias\/\" title=\"Actualidad Asturias\">Actualidad Asturias<\/a>\n<\/span><span class=\"aioseo-breadcrumb-separator\">\u2013<\/span><span class=\"aioseo-breadcrumb\">\n\t<a href=\"https:\/\/www.eldigitaldeasturias.com\/noticias\/industria-electrointensiva-asturias-galicia-y-cantabria-se-unen\/\" title=\"Industria electrointensiva: Asturias, Galicia y Cantabria se unen\">Industria electrointensiva: Asturias, Galicia y Cantabria se unen<\/a>\n<\/span><\/div>","aioseo_breadcrumb_json":[{"label":"Home","link":"https:\/\/www.eldigitaldeasturias.com\/noticias"},{"label":"Actualidad Asturias","link":"https:\/\/www.eldigitaldeasturias.com\/noticias\/category\/actualidad-asturias\/"},{"label":"Industria electrointensiva: Asturias, Galicia y Cantabria se unen","link":"https:\/\/www.eldigitaldeasturias.com\/noticias\/industria-electrointensiva-asturias-galicia-y-cantabria-se-unen\/"}],"_links":{"self":[{"href":"https:\/\/www.eldigitaldeasturias.com\/noticias\/wp-json\/wp\/v2\/posts\/1090375","targetHints":{"allow":["GET"]}}],"collection":[{"href":"https:\/\/www.eldigitaldeasturias.com\/noticias\/wp-json\/wp\/v2\/posts"}],"about":[{"href":"https:\/\/www.eldigitaldeasturias.com\/noticias\/wp-json\/wp\/v2\/types\/post"}],"author":[{"embeddable":true,"href":"https:\/\/www.eldigitaldeasturias.com\/noticias\/wp-json\/wp\/v2\/users\/1"}],"replies":[{"embeddable":true,"href":"https:\/\/www.eldigitaldeasturias.com\/noticias\/wp-json\/wp\/v2\/comments?post=1090375"}],"version-history":[{"count":0,"href":"https:\/\/www.eldigitaldeasturias.com\/noticias\/wp-json\/wp\/v2\/posts\/1090375\/revisions"}],"wp:attachment":[{"href":"https:\/\/www.eldigitaldeasturias.com\/noticias\/wp-json\/wp\/v2\/media?parent=1090375"}],"wp:term":[{"taxonomy":"category","embeddable":true,"href":"https:\/\/www.eldigitaldeasturias.com\/noticias\/wp-json\/wp\/v2\/categories?post=1090375"},{"taxonomy":"post_tag","embeddable":true,"href":"https:\/\/www.eldigitaldeasturias.com\/noticias\/wp-json\/wp\/v2\/tags?post=1090375"}],"curies":[{"name":"wp","href":"https:\/\/api.w.org\/{rel}","templated":true}]}}