{"id":1090366,"date":"2021-04-28T10:35:08","date_gmt":"2021-04-28T09:35:08","guid":{"rendered":"https:\/\/www.eldigitaldeasturias.com\/noticias\/?p=1090366"},"modified":"2021-04-28T10:35:08","modified_gmt":"2021-04-28T09:35:08","slug":"abierto-el-paso-para-vehiculos-en-la-carretera-de-llamas-de-ambasaguas","status":"publish","type":"post","link":"https:\/\/www.eldigitaldeasturias.com\/noticias\/abierto-el-paso-para-vehiculos-en-la-carretera-de-llamas-de-ambasaguas\/","title":{"rendered":"Abierto el paso para veh\u00edculos en la carretera de Llamas de Ambasaguas"},"content":{"rendered":"<p><img loading=\"lazy\" decoding=\"async\" class=\"alignleft size-medium wp-image-1090367\" src=\"https:\/\/www.eldigitaldeasturias.com\/noticias\/wp-content\/uploads\/2021\/04\/Desprendimiento-carretera-Llamas-de-Ambasaguas-360x202.jpg\" alt=\"Desprendimiento carretera Llamas de Ambasaguas\" width=\"360\" height=\"202\" \/>Desde primera hora de la ma\u00f1ana los operarios municipales trabajaron en retirar el desprendimiento que provoc\u00f3 el corte de la carretera de Llamas de Ambasaguas. Se trata de una fana que se produjo durante la pasada madrugada y que ocasion\u00f3 el corte de la v\u00eda, cuyo paso para veh\u00edculos qued\u00f3 abierto a las 9.30 horas. En total se movieron siete grande piedras de unos 30 metros c\u00fabicos cada una y se retir\u00f3 parte de un \u00e1rbol, lo que ha permitido despejar la v\u00eda.<\/p>\n<p>La concejala de Obras, Laura \u00c1lvarez, quien ha visitado la zona del desprendimiento, ha detallado que, \u201caparentemente la fana presenta cierta estabilidad, por lo que no existe riesgo\u201d. A pesar de ello, el Consistorio ya ha solicitado a dos empresas que analicen la situaci\u00f3n del desprendimiento para poder ejecutar los trabajos. Por su parte, el alcalde de Cangas del Narcea, Jos\u00e9 V\u00edctor Rodr\u00edguez, quien tambi\u00e9n ha visitado la zona, ha recomendado a los vecinos que, \u201cutilicen preferiblemente el acceso por el barrio de Santiso\u201d.<\/p>\n<p>&nbsp;<\/p>\n<p>&nbsp;<\/p>\n<p>&nbsp;<\/p>\n","protected":false},"excerpt":{"rendered":"<p>Desde primera hora de la ma\u00f1ana los operarios municipales trabajaron en retirar el desprendimiento que provoc\u00f3 el corte de la carretera de Llamas de Ambasaguas. Se trata de una fana que se produjo durante la pasada madrugada y que ocasion\u00f3 el corte de la v\u00eda, cuyo paso para veh\u00edculos qued\u00f3 abierto a las 9.30 horas. [&hellip;]<\/p>\n","protected":false},"author":1,"featured_media":1090367,"comment_status":"closed","ping_status":"closed","sticky":false,"template":"","format":"standard","meta":{"footnotes":""},"categories":[12],"tags":[],"class_list":["post-1090366","post","type-post","status-publish","format-standard","has-post-thumbnail","hentry","category-actualidad-asturias"],"aioseo_notices":[],"aioseo_head":"\n\t\t<!-- All in One SEO Pro 5.0.1 - aioseo.com -->\n\t<meta name=\"description\" content=\"Desde primera hora de la ma\u00f1ana los operarios municipales trabajaron en retirar el desprendimiento que provoc\u00f3 el corte de la carretera de Llamas de Ambasaguas\" \/>\n\t<meta name=\"robots\" content=\"max-image-preview:large\" \/>\n\t<meta name=\"author\" content=\"El Digital de Asturias\"\/>\n\t<meta name=\"google-site-verification\" content=\"UA-38556648-1\" \/>\n\t<meta name=\"msvalidate.01\" content=\"7dfe9f3f1b24437ab69f4f2559babe99\" \/>\n\t<meta name=\"keywords\" content=\"actualidad asturias\" \/>\n\t<link rel=\"canonical\" href=\"https:\/\/www.eldigitaldeasturias.com\/noticias\/abierto-el-paso-para-vehiculos-en-la-carretera-de-llamas-de-ambasaguas\/\" \/>\n\t<meta name=\"generator\" content=\"All in One SEO Pro (AIOSEO) 5.0.1\" \/>\n\t\t<meta property=\"og:locale\" content=\"es_ES\" \/>\n\t\t<meta property=\"og:site_name\" content=\"El Digital de Asturias\" \/>\n\t\t<meta property=\"og:type\" content=\"article\" \/>\n\t\t<meta property=\"og:title\" content=\"Abierto el paso para veh\u00edculos en la carretera de Llamas de Ambasaguas - El Digital de Asturias\" \/>\n\t\t<meta property=\"og:description\" content=\"Desde primera hora de la ma\u00f1ana los operarios municipales trabajaron en retirar el desprendimiento que provoc\u00f3 el corte de la carretera de Llamas de Ambasaguas\" \/>\n\t\t<meta property=\"og:url\" content=\"https:\/\/www.eldigitaldeasturias.com\/noticias\/abierto-el-paso-para-vehiculos-en-la-carretera-de-llamas-de-ambasaguas\/\" \/>\n\t\t<meta property=\"article:tag\" content=\"actualidad asturias\" \/>\n\t\t<meta property=\"article:published_time\" content=\"2021-04-28T09:35:08+00:00\" \/>\n\t\t<meta property=\"article:modified_time\" content=\"2021-04-28T09:35:08+00:00\" \/>\n\t\t<meta property=\"article:publisher\" content=\"https:\/\/facebook.com\/eldigitaldeasturias\" \/>\n\t\t<meta name=\"twitter:card\" content=\"summary_large_image\" \/>\n\t\t<meta name=\"twitter:title\" content=\"Abierto el paso para veh\u00edculos en la carretera de Llamas de Ambasaguas - El Digital de Asturias\" \/>\n\t\t<meta name=\"twitter:description\" content=\"Desde primera hora de la ma\u00f1ana los operarios municipales trabajaron en retirar el desprendimiento que provoc\u00f3 el corte de la carretera de Llamas de Ambasaguas\" \/>\n\t\t<meta name=\"twitter:image\" content=\"https:\/\/www.eldigitaldeasturias.com\/noticias\/wp-content\/uploads\/2020\/12\/EDA-1.jpg\" \/>\n\t\t<meta name=\"twitter:label1\" content=\"Escrito por\" \/>\n\t\t<meta name=\"twitter:data1\" content=\"El Digital de Asturias\" \/>\n\t\t<meta name=\"twitter:label2\" content=\"Tiempo de lectura estimado\" \/>\n\t\t<meta name=\"twitter:data2\" content=\"1 minuto\" \/>\n\t\t<script type=\"application\/ld+json\" class=\"aioseo-schema\">\n\t\t\t{\"@context\":\"https:\\\/\\\/schema.org\",\"@graph\":[{\"@type\":\"BlogPosting\",\"@id\":\"https:\\\/\\\/www.eldigitaldeasturias.com\\\/noticias\\\/abierto-el-paso-para-vehiculos-en-la-carretera-de-llamas-de-ambasaguas\\\/#blogposting\",\"name\":\"Abierto el paso para veh\\u00edculos en la carretera de Llamas de Ambasaguas - El Digital de Asturias\",\"headline\":\"Abierto el paso para veh\\u00edculos en la carretera de Llamas de Ambasaguas\",\"author\":{\"@id\":\"https:\\\/\\\/www.eldigitaldeasturias.com\\\/noticias\\\/author\\\/admin\\\/#author\"},\"publisher\":{\"@id\":\"https:\\\/\\\/www.eldigitaldeasturias.com\\\/noticias\\\/#organization\"},\"image\":{\"@type\":\"ImageObject\",\"url\":1090367},\"datePublished\":\"2021-04-28T10:35:08+02:00\",\"dateModified\":\"2021-04-28T10:35:08+02:00\",\"inLanguage\":\"es-ES\",\"mainEntityOfPage\":{\"@id\":\"https:\\\/\\\/www.eldigitaldeasturias.com\\\/noticias\\\/abierto-el-paso-para-vehiculos-en-la-carretera-de-llamas-de-ambasaguas\\\/#webpage\"},\"isPartOf\":{\"@id\":\"https:\\\/\\\/www.eldigitaldeasturias.com\\\/noticias\\\/abierto-el-paso-para-vehiculos-en-la-carretera-de-llamas-de-ambasaguas\\\/#webpage\"},\"articleSection\":\"Actualidad Asturias\"},{\"@type\":\"BreadcrumbList\",\"@id\":\"https:\\\/\\\/www.eldigitaldeasturias.com\\\/noticias\\\/abierto-el-paso-para-vehiculos-en-la-carretera-de-llamas-de-ambasaguas\\\/#breadcrumblist\",\"itemListElement\":[{\"@type\":\"ListItem\",\"@id\":\"https:\\\/\\\/www.eldigitaldeasturias.com\\\/noticias#listItem\",\"position\":1,\"name\":\"Home\",\"item\":\"https:\\\/\\\/www.eldigitaldeasturias.com\\\/noticias\",\"nextItem\":{\"@type\":\"ListItem\",\"@id\":\"https:\\\/\\\/www.eldigitaldeasturias.com\\\/noticias\\\/category\\\/actualidad-asturias\\\/#listItem\",\"name\":\"Actualidad Asturias\"}},{\"@type\":\"ListItem\",\"@id\":\"https:\\\/\\\/www.eldigitaldeasturias.com\\\/noticias\\\/category\\\/actualidad-asturias\\\/#listItem\",\"position\":2,\"name\":\"Actualidad Asturias\",\"item\":\"https:\\\/\\\/www.eldigitaldeasturias.com\\\/noticias\\\/category\\\/actualidad-asturias\\\/\",\"nextItem\":{\"@type\":\"ListItem\",\"@id\":\"https:\\\/\\\/www.eldigitaldeasturias.com\\\/noticias\\\/abierto-el-paso-para-vehiculos-en-la-carretera-de-llamas-de-ambasaguas\\\/#listItem\",\"name\":\"Abierto el paso para veh\\u00edculos en la carretera de Llamas de Ambasaguas\"},\"previousItem\":{\"@type\":\"ListItem\",\"@id\":\"https:\\\/\\\/www.eldigitaldeasturias.com\\\/noticias#listItem\",\"name\":\"Home\"}},{\"@type\":\"ListItem\",\"@id\":\"https:\\\/\\\/www.eldigitaldeasturias.com\\\/noticias\\\/abierto-el-paso-para-vehiculos-en-la-carretera-de-llamas-de-ambasaguas\\\/#listItem\",\"position\":3,\"name\":\"Abierto el paso para veh\\u00edculos en la carretera de Llamas de Ambasaguas\",\"previousItem\":{\"@type\":\"ListItem\",\"@id\":\"https:\\\/\\\/www.eldigitaldeasturias.com\\\/noticias\\\/category\\\/actualidad-asturias\\\/#listItem\",\"name\":\"Actualidad Asturias\"}}]},{\"@type\":\"Organization\",\"@id\":\"https:\\\/\\\/www.eldigitaldeasturias.com\\\/noticias\\\/#organization\",\"name\":\"El Digital de Asturias\",\"description\":\"Hemeroteca\",\"url\":\"https:\\\/\\\/www.eldigitaldeasturias.com\\\/noticias\\\/\",\"email\":\"info@eldigitaldeasturias.com\",\"telephone\":\"+34652131393\",\"logo\":{\"@type\":\"ImageObject\",\"url\":\"https:\\\/\\\/www.eldigitaldeasturias.com\\\/noticias\\\/wp-content\\\/uploads\\\/2020\\\/12\\\/EDA.jpg\",\"@id\":\"https:\\\/\\\/www.eldigitaldeasturias.com\\\/noticias\\\/abierto-el-paso-para-vehiculos-en-la-carretera-de-llamas-de-ambasaguas\\\/#organizationLogo\"},\"image\":{\"@id\":\"https:\\\/\\\/www.eldigitaldeasturias.com\\\/noticias\\\/abierto-el-paso-para-vehiculos-en-la-carretera-de-llamas-de-ambasaguas\\\/#organizationLogo\"},\"sameAs\":[\"https:\\\/\\\/facebook.com\\\/eldigitaldeasturias\",\"https:\\\/\\\/www.youtube.com\\\/channel\\\/UCZP-2wLEB9Rv6erhFmqVnvg\"],\"address\":{\"@id\":\"https:\\\/\\\/www.eldigitaldeasturias.com\\\/noticias\\\/#postaladdress\",\"@type\":\"PostalAddress\",\"streetAddress\":\"san antonio 4\",\"postalCode\":\"33430\",\"addressLocality\":\"Cand\\u00e1s\",\"addressRegion\":\"Asturias\",\"addressCountry\":\"ES\"}},{\"@type\":\"Person\",\"@id\":\"https:\\\/\\\/www.eldigitaldeasturias.com\\\/noticias\\\/author\\\/admin\\\/#author\",\"url\":\"https:\\\/\\\/www.eldigitaldeasturias.com\\\/noticias\\\/author\\\/admin\\\/\",\"name\":\"El Digital de Asturias\",\"image\":{\"@type\":\"ImageObject\",\"@id\":\"https:\\\/\\\/www.eldigitaldeasturias.com\\\/noticias\\\/abierto-el-paso-para-vehiculos-en-la-carretera-de-llamas-de-ambasaguas\\\/#authorImage\",\"url\":\"https:\\\/\\\/secure.gravatar.com\\\/avatar\\\/df2aeffc32bcd13f8d26072ef8a91b623d677766deac7f97ca815868cd41bf5e?s=96&d=mm&r=g\",\"width\":96,\"height\":96,\"caption\":\"El Digital de Asturias\"}},{\"@type\":\"WebPage\",\"@id\":\"https:\\\/\\\/www.eldigitaldeasturias.com\\\/noticias\\\/abierto-el-paso-para-vehiculos-en-la-carretera-de-llamas-de-ambasaguas\\\/#webpage\",\"url\":\"https:\\\/\\\/www.eldigitaldeasturias.com\\\/noticias\\\/abierto-el-paso-para-vehiculos-en-la-carretera-de-llamas-de-ambasaguas\\\/\",\"name\":\"Abierto el paso para veh\\u00edculos en la carretera de Llamas de Ambasaguas - El Digital de Asturias\",\"description\":\"Desde primera hora de la ma\\u00f1ana los operarios municipales trabajaron en retirar el desprendimiento que provoc\\u00f3 el corte de la carretera de Llamas de Ambasaguas\",\"inLanguage\":\"es-ES\",\"isPartOf\":{\"@id\":\"https:\\\/\\\/www.eldigitaldeasturias.com\\\/noticias\\\/#website\"},\"breadcrumb\":{\"@id\":\"https:\\\/\\\/www.eldigitaldeasturias.com\\\/noticias\\\/abierto-el-paso-para-vehiculos-en-la-carretera-de-llamas-de-ambasaguas\\\/#breadcrumblist\"},\"author\":{\"@id\":\"https:\\\/\\\/www.eldigitaldeasturias.com\\\/noticias\\\/author\\\/admin\\\/#author\"},\"creator\":{\"@id\":\"https:\\\/\\\/www.eldigitaldeasturias.com\\\/noticias\\\/author\\\/admin\\\/#author\"},\"image\":{\"@type\":\"ImageObject\",\"url\":1090367,\"@id\":\"https:\\\/\\\/www.eldigitaldeasturias.com\\\/noticias\\\/abierto-el-paso-para-vehiculos-en-la-carretera-de-llamas-de-ambasaguas\\\/#mainImage\"},\"primaryImageOfPage\":{\"@id\":\"https:\\\/\\\/www.eldigitaldeasturias.com\\\/noticias\\\/abierto-el-paso-para-vehiculos-en-la-carretera-de-llamas-de-ambasaguas\\\/#mainImage\"},\"datePublished\":\"2021-04-28T10:35:08+02:00\",\"dateModified\":\"2021-04-28T10:35:08+02:00\"},{\"@type\":\"WebSite\",\"@id\":\"https:\\\/\\\/www.eldigitaldeasturias.com\\\/noticias\\\/#website\",\"url\":\"https:\\\/\\\/www.eldigitaldeasturias.com\\\/noticias\\\/\",\"name\":\"El Digital de Asturias - Diario de actualidad y noticias\",\"alternateName\":\"El Digital de Asturias - Diario de actualidad y noticias\",\"description\":\"Hemeroteca\",\"inLanguage\":\"es-ES\",\"publisher\":{\"@id\":\"https:\\\/\\\/www.eldigitaldeasturias.com\\\/noticias\\\/#organization\"}}]}\n\t\t<\/script>\n\t\t<!-- All in One SEO Pro -->\r\n\t\t<title>Abierto el paso para veh\u00edculos en la carretera de Llamas de Ambasaguas - El Digital de Asturias<\/title>\n\n","aioseo_head_json":{"title":"Abierto el paso para veh\u00edculos en la carretera de Llamas de Ambasaguas - El Digital de Asturias","description":"Desde primera hora de la ma\u00f1ana los operarios municipales trabajaron en retirar el desprendimiento que provoc\u00f3 el corte de la carretera de Llamas de Ambasaguas","canonical_url":"https:\/\/www.eldigitaldeasturias.com\/noticias\/abierto-el-paso-para-vehiculos-en-la-carretera-de-llamas-de-ambasaguas\/","robots":"max-image-preview:large","keywords":"actualidad asturias","webmasterTools":{"google-site-verification":"UA-38556648-1","msvalidate.01":"7dfe9f3f1b24437ab69f4f2559babe99","miscellaneous":""},"schema":{"@context":"https:\/\/schema.org","@graph":[{"@type":"BlogPosting","@id":"https:\/\/www.eldigitaldeasturias.com\/noticias\/abierto-el-paso-para-vehiculos-en-la-carretera-de-llamas-de-ambasaguas\/#blogposting","name":"Abierto el paso para veh\u00edculos en la carretera de Llamas de Ambasaguas - El Digital de Asturias","headline":"Abierto el paso para veh\u00edculos en la carretera de Llamas de Ambasaguas","author":{"@id":"https:\/\/www.eldigitaldeasturias.com\/noticias\/author\/admin\/#author"},"publisher":{"@id":"https:\/\/www.eldigitaldeasturias.com\/noticias\/#organization"},"image":{"@type":"ImageObject","url":1090367},"datePublished":"2021-04-28T10:35:08+02:00","dateModified":"2021-04-28T10:35:08+02:00","inLanguage":"es-ES","mainEntityOfPage":{"@id":"https:\/\/www.eldigitaldeasturias.com\/noticias\/abierto-el-paso-para-vehiculos-en-la-carretera-de-llamas-de-ambasaguas\/#webpage"},"isPartOf":{"@id":"https:\/\/www.eldigitaldeasturias.com\/noticias\/abierto-el-paso-para-vehiculos-en-la-carretera-de-llamas-de-ambasaguas\/#webpage"},"articleSection":"Actualidad Asturias"},{"@type":"BreadcrumbList","@id":"https:\/\/www.eldigitaldeasturias.com\/noticias\/abierto-el-paso-para-vehiculos-en-la-carretera-de-llamas-de-ambasaguas\/#breadcrumblist","itemListElement":[{"@type":"ListItem","@id":"https:\/\/www.eldigitaldeasturias.com\/noticias#listItem","position":1,"name":"Home","item":"https:\/\/www.eldigitaldeasturias.com\/noticias","nextItem":{"@type":"ListItem","@id":"https:\/\/www.eldigitaldeasturias.com\/noticias\/category\/actualidad-asturias\/#listItem","name":"Actualidad Asturias"}},{"@type":"ListItem","@id":"https:\/\/www.eldigitaldeasturias.com\/noticias\/category\/actualidad-asturias\/#listItem","position":2,"name":"Actualidad Asturias","item":"https:\/\/www.eldigitaldeasturias.com\/noticias\/category\/actualidad-asturias\/","nextItem":{"@type":"ListItem","@id":"https:\/\/www.eldigitaldeasturias.com\/noticias\/abierto-el-paso-para-vehiculos-en-la-carretera-de-llamas-de-ambasaguas\/#listItem","name":"Abierto el paso para veh\u00edculos en la carretera de Llamas de Ambasaguas"},"previousItem":{"@type":"ListItem","@id":"https:\/\/www.eldigitaldeasturias.com\/noticias#listItem","name":"Home"}},{"@type":"ListItem","@id":"https:\/\/www.eldigitaldeasturias.com\/noticias\/abierto-el-paso-para-vehiculos-en-la-carretera-de-llamas-de-ambasaguas\/#listItem","position":3,"name":"Abierto el paso para veh\u00edculos en la carretera de Llamas de Ambasaguas","previousItem":{"@type":"ListItem","@id":"https:\/\/www.eldigitaldeasturias.com\/noticias\/category\/actualidad-asturias\/#listItem","name":"Actualidad Asturias"}}]},{"@type":"Organization","@id":"https:\/\/www.eldigitaldeasturias.com\/noticias\/#organization","name":"El Digital de Asturias","description":"Hemeroteca","url":"https:\/\/www.eldigitaldeasturias.com\/noticias\/","email":"info@eldigitaldeasturias.com","telephone":"+34652131393","logo":{"@type":"ImageObject","url":"https:\/\/www.eldigitaldeasturias.com\/noticias\/wp-content\/uploads\/2020\/12\/EDA.jpg","@id":"https:\/\/www.eldigitaldeasturias.com\/noticias\/abierto-el-paso-para-vehiculos-en-la-carretera-de-llamas-de-ambasaguas\/#organizationLogo"},"image":{"@id":"https:\/\/www.eldigitaldeasturias.com\/noticias\/abierto-el-paso-para-vehiculos-en-la-carretera-de-llamas-de-ambasaguas\/#organizationLogo"},"sameAs":["https:\/\/facebook.com\/eldigitaldeasturias","https:\/\/www.youtube.com\/channel\/UCZP-2wLEB9Rv6erhFmqVnvg"],"address":{"@id":"https:\/\/www.eldigitaldeasturias.com\/noticias\/#postaladdress","@type":"PostalAddress","streetAddress":"san antonio 4","postalCode":"33430","addressLocality":"Cand\u00e1s","addressRegion":"Asturias","addressCountry":"ES"}},{"@type":"Person","@id":"https:\/\/www.eldigitaldeasturias.com\/noticias\/author\/admin\/#author","url":"https:\/\/www.eldigitaldeasturias.com\/noticias\/author\/admin\/","name":"El Digital de Asturias","image":{"@type":"ImageObject","@id":"https:\/\/www.eldigitaldeasturias.com\/noticias\/abierto-el-paso-para-vehiculos-en-la-carretera-de-llamas-de-ambasaguas\/#authorImage","url":"https:\/\/secure.gravatar.com\/avatar\/df2aeffc32bcd13f8d26072ef8a91b623d677766deac7f97ca815868cd41bf5e?s=96&d=mm&r=g","width":96,"height":96,"caption":"El Digital de Asturias"}},{"@type":"WebPage","@id":"https:\/\/www.eldigitaldeasturias.com\/noticias\/abierto-el-paso-para-vehiculos-en-la-carretera-de-llamas-de-ambasaguas\/#webpage","url":"https:\/\/www.eldigitaldeasturias.com\/noticias\/abierto-el-paso-para-vehiculos-en-la-carretera-de-llamas-de-ambasaguas\/","name":"Abierto el paso para veh\u00edculos en la carretera de Llamas de Ambasaguas - El Digital de Asturias","description":"Desde primera hora de la ma\u00f1ana los operarios municipales trabajaron en retirar el desprendimiento que provoc\u00f3 el corte de la carretera de Llamas de Ambasaguas","inLanguage":"es-ES","isPartOf":{"@id":"https:\/\/www.eldigitaldeasturias.com\/noticias\/#website"},"breadcrumb":{"@id":"https:\/\/www.eldigitaldeasturias.com\/noticias\/abierto-el-paso-para-vehiculos-en-la-carretera-de-llamas-de-ambasaguas\/#breadcrumblist"},"author":{"@id":"https:\/\/www.eldigitaldeasturias.com\/noticias\/author\/admin\/#author"},"creator":{"@id":"https:\/\/www.eldigitaldeasturias.com\/noticias\/author\/admin\/#author"},"image":{"@type":"ImageObject","url":1090367,"@id":"https:\/\/www.eldigitaldeasturias.com\/noticias\/abierto-el-paso-para-vehiculos-en-la-carretera-de-llamas-de-ambasaguas\/#mainImage"},"primaryImageOfPage":{"@id":"https:\/\/www.eldigitaldeasturias.com\/noticias\/abierto-el-paso-para-vehiculos-en-la-carretera-de-llamas-de-ambasaguas\/#mainImage"},"datePublished":"2021-04-28T10:35:08+02:00","dateModified":"2021-04-28T10:35:08+02:00"},{"@type":"WebSite","@id":"https:\/\/www.eldigitaldeasturias.com\/noticias\/#website","url":"https:\/\/www.eldigitaldeasturias.com\/noticias\/","name":"El Digital de Asturias - Diario de actualidad y noticias","alternateName":"El Digital de Asturias - Diario de actualidad y noticias","description":"Hemeroteca","inLanguage":"es-ES","publisher":{"@id":"https:\/\/www.eldigitaldeasturias.com\/noticias\/#organization"}}]},"og:locale":"es_ES","og:site_name":"El Digital de Asturias","og:type":"article","og:title":"Abierto el paso para veh\u00edculos en la carretera de Llamas de Ambasaguas - El Digital de Asturias","og:description":"Desde primera hora de la ma\u00f1ana los operarios municipales trabajaron en retirar el desprendimiento que provoc\u00f3 el corte de la carretera de Llamas de Ambasaguas","og:url":"https:\/\/www.eldigitaldeasturias.com\/noticias\/abierto-el-paso-para-vehiculos-en-la-carretera-de-llamas-de-ambasaguas\/","article:tag":["actualidad asturias"],"article:published_time":"2021-04-28T09:35:08+00:00","article:modified_time":"2021-04-28T09:35:08+00:00","article:publisher":"https:\/\/facebook.com\/eldigitaldeasturias","twitter:card":"summary_large_image","twitter:title":"Abierto el paso para veh\u00edculos en la carretera de Llamas de Ambasaguas - El Digital de Asturias","twitter:description":"Desde primera hora de la ma\u00f1ana los operarios municipales trabajaron en retirar el desprendimiento que provoc\u00f3 el corte de la carretera de Llamas de Ambasaguas","twitter:image":"https:\/\/www.eldigitaldeasturias.com\/noticias\/wp-content\/uploads\/2020\/12\/EDA-1.jpg","twitter:label1":"Escrito por","twitter:data1":"El Digital de Asturias","twitter:label2":"Tiempo de lectura estimado","twitter:data2":"1 minuto"},"aioseo_meta_data":{"post_id":"1090366","title":null,"description":"Desde primera hora de la ma\u00f1ana los operarios municipales trabajaron en retirar el desprendimiento que provoc\u00f3 el corte de la carretera de Llamas de Ambasaguas","keywords":[],"keyphrases":{"focus":[],"additional":[]},"primary_term":null,"canonical_url":null,"og_title":null,"og_description":null,"og_object_type":"default","og_image_type":"default","og_image_url":null,"og_image_width":null,"og_image_height":null,"og_image_custom_url":null,"og_image_custom_fields":null,"og_video":"","og_custom_url":null,"og_article_section":null,"og_article_tags":[],"twitter_use_og":false,"twitter_card":"default","twitter_image_type":"default","twitter_image_url":null,"twitter_image_custom_url":null,"twitter_image_custom_fields":null,"twitter_title":null,"twitter_description":null,"schema":{"blockGraphs":[],"customGraphs":[],"default":{"data":{"Article":[],"Course":[],"Dataset":[],"FAQPage":[],"Movie":[],"Person":[],"Product":[],"ProductReview":[],"Car":[],"Recipe":[],"Service":[],"SoftwareApplication":[],"WebPage":[]},"graphName":"","isEnabled":true},"graphs":[],"defaultGraph":"Article","defaultPostTypeGraph":""},"schema_type":"default","schema_type_options":"{\"article\":{\"articleType\":\"BlogPosting\"},\"course\":{\"name\":\"\",\"description\":\"\",\"provider\":\"\"},\"faq\":{\"pages\":[]},\"product\":{\"reviews\":[]},\"recipe\":{\"ingredients\":[],\"instructions\":[],\"keywords\":[]},\"software\":{\"reviews\":[],\"operatingSystems\":[]},\"webPage\":{\"webPageType\":\"WebPage\"}}","pillar_content":false,"robots_default":true,"robots_noindex":false,"robots_noarchive":false,"robots_nosnippet":false,"robots_nofollow":false,"robots_noimageindex":false,"robots_noodp":false,"robots_notranslate":false,"robots_max_snippet":"-1","robots_max_videopreview":"-1","robots_max_imagepreview":"large","priority":null,"frequency":"default","local_seo":{"locations":{"business":{"name":"","businessType":"","image":"","areaServed":"","urls":{"website":"","aboutPage":"","contactPage":""},"address":{"streetLine1":"","streetLine2":"","zipCode":"","city":"","state":"","country":"","addressFormat":"#streetLineOne\n#streetLineTwo\n#city, #state #zipCode"},"contact":{"phone":"","email":"","fax":""},"ids":{"vat":"","tax":"","chamberOfCommerce":""},"payment":{"priceRange":"","currenciesAccepted":"","methods":""}}},"openingHours":{"useDefaults":true,"show":true,"alwaysOpen":false,"use24hFormat":false,"timezone":"","labels":{"closed":"","alwaysOpen":""},"days":{"monday":{"open24h":false,"closed":false,"openTime":"09:00","closeTime":"17:00"},"tuesday":{"open24h":false,"closed":false,"openTime":"09:00","closeTime":"17:00"},"wednesday":{"open24h":false,"closed":false,"openTime":"09:00","closeTime":"17:00"},"thursday":{"open24h":false,"closed":false,"openTime":"09:00","closeTime":"17:00"},"friday":{"open24h":false,"closed":false,"openTime":"09:00","closeTime":"17:00"},"saturday":{"open24h":false,"closed":false,"openTime":"09:00","closeTime":"17:00"},"sunday":{"open24h":false,"closed":false,"openTime":"09:00","closeTime":"17:00"}}}},"seo_analyzer_scan_date":"2026-07-17 12:49:44","breadcrumb_settings":null,"limit_modified_date":false,"open_ai":null,"ai":null,"created":"2021-04-28 09:32:57","updated":"2026-07-17 12:49:44","focus_keyword":null,"additional_keywords":null,"truseo_locale":null},"aioseo_breadcrumb":"<div class=\"aioseo-breadcrumbs\"><span class=\"aioseo-breadcrumb\">\n\t<a href=\"https:\/\/www.eldigitaldeasturias.com\/noticias\" title=\"Home\">Home<\/a>\n<\/span><span class=\"aioseo-breadcrumb-separator\">\u2013<\/span><span class=\"aioseo-breadcrumb\">\n\t<a href=\"https:\/\/www.eldigitaldeasturias.com\/noticias\/category\/actualidad-asturias\/\" title=\"Actualidad Asturias\">Actualidad Asturias<\/a>\n<\/span><span class=\"aioseo-breadcrumb-separator\">\u2013<\/span><span class=\"aioseo-breadcrumb\">\n\t<a href=\"https:\/\/www.eldigitaldeasturias.com\/noticias\/abierto-el-paso-para-vehiculos-en-la-carretera-de-llamas-de-ambasaguas\/\" title=\"Abierto el paso para veh\u00edculos en la carretera de Llamas de Ambasaguas\">Abierto el paso para veh\u00edculos en la carretera de Llamas de Ambasaguas<\/a>\n<\/span><\/div>","aioseo_breadcrumb_json":[{"label":"Home","link":"https:\/\/www.eldigitaldeasturias.com\/noticias"},{"label":"Actualidad Asturias","link":"https:\/\/www.eldigitaldeasturias.com\/noticias\/category\/actualidad-asturias\/"},{"label":"Abierto el paso para veh\u00edculos en la carretera de Llamas de Ambasaguas","link":"https:\/\/www.eldigitaldeasturias.com\/noticias\/abierto-el-paso-para-vehiculos-en-la-carretera-de-llamas-de-ambasaguas\/"}],"_links":{"self":[{"href":"https:\/\/www.eldigitaldeasturias.com\/noticias\/wp-json\/wp\/v2\/posts\/1090366","targetHints":{"allow":["GET"]}}],"collection":[{"href":"https:\/\/www.eldigitaldeasturias.com\/noticias\/wp-json\/wp\/v2\/posts"}],"about":[{"href":"https:\/\/www.eldigitaldeasturias.com\/noticias\/wp-json\/wp\/v2\/types\/post"}],"author":[{"embeddable":true,"href":"https:\/\/www.eldigitaldeasturias.com\/noticias\/wp-json\/wp\/v2\/users\/1"}],"replies":[{"embeddable":true,"href":"https:\/\/www.eldigitaldeasturias.com\/noticias\/wp-json\/wp\/v2\/comments?post=1090366"}],"version-history":[{"count":0,"href":"https:\/\/www.eldigitaldeasturias.com\/noticias\/wp-json\/wp\/v2\/posts\/1090366\/revisions"}],"wp:attachment":[{"href":"https:\/\/www.eldigitaldeasturias.com\/noticias\/wp-json\/wp\/v2\/media?parent=1090366"}],"wp:term":[{"taxonomy":"category","embeddable":true,"href":"https:\/\/www.eldigitaldeasturias.com\/noticias\/wp-json\/wp\/v2\/categories?post=1090366"},{"taxonomy":"post_tag","embeddable":true,"href":"https:\/\/www.eldigitaldeasturias.com\/noticias\/wp-json\/wp\/v2\/tags?post=1090366"}],"curies":[{"name":"wp","href":"https:\/\/api.w.org\/{rel}","templated":true}]}}