{"id":1090313,"date":"2021-04-27T13:02:30","date_gmt":"2021-04-27T12:02:30","guid":{"rendered":"https:\/\/www.eldigitaldeasturias.com\/noticias\/?p=1090313"},"modified":"2021-04-27T13:02:30","modified_gmt":"2021-04-27T12:02:30","slug":"primavera-jurasica-con-las-actividades-del-muja","status":"publish","type":"post","link":"https:\/\/www.eldigitaldeasturias.com\/noticias\/primavera-jurasica-con-las-actividades-del-muja\/","title":{"rendered":"Primavera jur\u00e1sica con las actividades del MUJA"},"content":{"rendered":"<p><img loading=\"lazy\" decoding=\"async\" class=\"alignleft size-medium wp-image-1090314\" src=\"https:\/\/www.eldigitaldeasturias.com\/noticias\/wp-content\/uploads\/2021\/04\/MUJA-360x211.jpg\" alt=\"Museo del Jur\u00e1sico de Asturias\" width=\"360\" height=\"211\" \/>El <strong>Museo del Jur\u00e1sico de Asturias<\/strong> (MUJA) organiza en mayo y junio el nuevo taller Hueso a Hueso, actividades en el Jard\u00edn o visitas guiadas con el equipo cient\u00edfico al yacimiento de La Griega, entre otras propuestas. El Museo, dependiente de la Consejer\u00eda de Cultura, Pol\u00edtica Lling\u00fc\u00edstica y Turismo, est\u00e1 gestionado por la Sociedad P\u00fablica de Gesti\u00f3n Tur\u00edstica y Cultural del Principado de Asturias.<\/p>\n<p><strong>Habr\u00e1 sesiones de cuentacuentos de dinosaurios el 1 y 2 de mayo<\/strong>, en las que tambi\u00e9n se incluye un taller de sombras chinas en la sesi\u00f3n de la ma\u00f1ana y un taller de franelograma por la tarde.<\/p>\n<p><strong>Hueso a hueso es el t\u00edtulo del nuevo taller que se realizar\u00e1 a partir del 8 de mayo los fines de semana sin actividad especial<\/strong>. Cada familia participante analizar\u00e1 la informaci\u00f3n variada que se obtiene de los huesos de dinosaurio, la pondr\u00e1 en com\u00fan y luego observar\u00e1 a qu\u00e9 especie pertenece el esqueleto que se forma con las distintas piezas. Contin\u00faan adem\u00e1s las actividades en los exteriores del Museo: Descubriendo la Costa de los Dinosaurios, una visita guiada por el Jard\u00edn del Museo para conocer alguno de los reptiles terrestres jur\u00e1sicos m\u00e1s representativos de Asturias y a dinosaurios del Cret\u00e1cico; y Jugando entre dinosaurios, con juegos tradicionales para divertirse mientras se descubre c\u00f3mo eran los dinosaurios que poblaron la regi\u00f3n.<\/p>\n<p><strong>El MUJA celebra el D\u00eda de los Museos el 16 de mayo<\/strong> con entrada y actividades gratuitas que permiten conocer el Museo y su contenido a trav\u00e9s de juegos de pistas, visitas a sus laboratorios y litotecas o con la ayuda del m\u00f3vil, ya sea utilizando una audiogu\u00eda o con una autovisita guiada por el equipamiento. El 18 de mayo habr\u00e1 propuestas virtuales, con una visita al Museo disponible en el canal de Youtube del equipamiento.<\/p>\n<p><strong>El D\u00eda del Medio Ambiente ser\u00e1 otra de las fechas se\u00f1aladas, con la visita-taller El herbario del MUJA el 5, 6, 12 y 13 de junio<\/strong>. En el Jard\u00edn del Museo se observar\u00e1 qu\u00e9 plantas lo invaden y se recolectar\u00e1n hojas y flores para incorporarlas al herbario.<\/p>\n<p>El equipo cient\u00edfico del Museo guiar\u00e1 una visita al yacimiento de la playa de La Griega el 20 y 27 de junio, en la que se pueden ver, entre otros rastros, icnitas de grandes dinosaurios saur\u00f3podos que se desplazaban sobre una laguna costera y que por sus dimensiones se encuentran entre las mayores del mundo.<\/p>\n<p>Adem\u00e1s en mayo se retomar\u00e1n las visitas guiadas a la exposici\u00f3n permanente del Museo, con aforo reducido, que se realizar\u00e1n los mi\u00e9rcoles, jueves y viernes y los s\u00e1bados a partir del d\u00eda 8 del pr\u00f3ximo mes.<\/p>\n<p>&nbsp;<\/p>\n<p>&nbsp;<\/p>\n","protected":false},"excerpt":{"rendered":"<p>El Museo del Jur\u00e1sico de Asturias (MUJA) organiza en mayo y junio el nuevo taller Hueso a Hueso, actividades en el Jard\u00edn o visitas guiadas con el equipo cient\u00edfico al yacimiento de La Griega, entre otras propuestas. El Museo, dependiente de la Consejer\u00eda de Cultura, Pol\u00edtica Lling\u00fc\u00edstica y Turismo, est\u00e1 gestionado por la Sociedad P\u00fablica [&hellip;]<\/p>\n","protected":false},"author":1,"featured_media":1090314,"comment_status":"closed","ping_status":"closed","sticky":false,"template":"","format":"standard","meta":{"footnotes":""},"categories":[2],"tags":[],"class_list":["post-1090313","post","type-post","status-publish","format-standard","has-post-thumbnail","hentry","category-agenda"],"aioseo_notices":[],"aioseo_head":"\n\t\t<!-- All in One SEO Pro 5.0.1 - aioseo.com -->\n\t<meta name=\"description\" content=\"El Museo del Jur\u00e1sico de Asturias (MUJA) organiza en mayo y junio el nuevo taller Hueso a Hueso, actividades en el Jard\u00edn o visitas guiadas con el equipo ..\" \/>\n\t<meta name=\"robots\" content=\"max-image-preview:large\" \/>\n\t<meta name=\"author\" content=\"El Digital de Asturias\"\/>\n\t<meta name=\"google-site-verification\" content=\"UA-38556648-1\" \/>\n\t<meta name=\"msvalidate.01\" content=\"7dfe9f3f1b24437ab69f4f2559babe99\" \/>\n\t<meta name=\"keywords\" content=\"agenda\" \/>\n\t<link rel=\"canonical\" href=\"https:\/\/www.eldigitaldeasturias.com\/noticias\/primavera-jurasica-con-las-actividades-del-muja\/\" \/>\n\t<meta name=\"generator\" content=\"All in One SEO Pro (AIOSEO) 5.0.1\" \/>\n\t\t<meta property=\"og:locale\" content=\"es_ES\" \/>\n\t\t<meta property=\"og:site_name\" content=\"El Digital de Asturias\" \/>\n\t\t<meta property=\"og:type\" content=\"article\" \/>\n\t\t<meta property=\"og:title\" content=\"Primavera jur\u00e1sica con las actividades del MUJA - El Digital de Asturias\" \/>\n\t\t<meta property=\"og:description\" content=\"El Museo del Jur\u00e1sico de Asturias (MUJA) organiza en mayo y junio el nuevo taller Hueso a Hueso, actividades en el Jard\u00edn o visitas guiadas con el equipo ..\" \/>\n\t\t<meta property=\"og:url\" content=\"https:\/\/www.eldigitaldeasturias.com\/noticias\/primavera-jurasica-con-las-actividades-del-muja\/\" \/>\n\t\t<meta property=\"article:tag\" content=\"agenda\" \/>\n\t\t<meta property=\"article:published_time\" content=\"2021-04-27T12:02:30+00:00\" \/>\n\t\t<meta property=\"article:modified_time\" content=\"2021-04-27T12:02:30+00:00\" \/>\n\t\t<meta property=\"article:publisher\" content=\"https:\/\/facebook.com\/eldigitaldeasturias\" \/>\n\t\t<meta name=\"twitter:card\" content=\"summary_large_image\" \/>\n\t\t<meta name=\"twitter:title\" content=\"Primavera jur\u00e1sica con las actividades del MUJA - El Digital de Asturias\" \/>\n\t\t<meta name=\"twitter:description\" content=\"El Museo del Jur\u00e1sico de Asturias (MUJA) organiza en mayo y junio el nuevo taller Hueso a Hueso, actividades en el Jard\u00edn o visitas guiadas con el equipo ..\" \/>\n\t\t<meta name=\"twitter:image\" content=\"https:\/\/www.eldigitaldeasturias.com\/noticias\/wp-content\/uploads\/2020\/12\/EDA-1.jpg\" \/>\n\t\t<meta name=\"twitter:label1\" content=\"Escrito por\" \/>\n\t\t<meta name=\"twitter:data1\" content=\"El Digital de Asturias\" \/>\n\t\t<meta name=\"twitter:label2\" content=\"Tiempo de lectura estimado\" \/>\n\t\t<meta name=\"twitter:data2\" content=\"2 minutos\" \/>\n\t\t<script type=\"application\/ld+json\" class=\"aioseo-schema\">\n\t\t\t{\"@context\":\"https:\\\/\\\/schema.org\",\"@graph\":[{\"@type\":\"BlogPosting\",\"@id\":\"https:\\\/\\\/www.eldigitaldeasturias.com\\\/noticias\\\/primavera-jurasica-con-las-actividades-del-muja\\\/#blogposting\",\"name\":\"Primavera jur\\u00e1sica con las actividades del MUJA - El Digital de Asturias\",\"headline\":\"Primavera jur\\u00e1sica con las actividades del MUJA\",\"author\":{\"@id\":\"https:\\\/\\\/www.eldigitaldeasturias.com\\\/noticias\\\/author\\\/admin\\\/#author\"},\"publisher\":{\"@id\":\"https:\\\/\\\/www.eldigitaldeasturias.com\\\/noticias\\\/#organization\"},\"image\":{\"@type\":\"ImageObject\",\"url\":1090314},\"datePublished\":\"2021-04-27T13:02:30+02:00\",\"dateModified\":\"2021-04-27T13:02:30+02:00\",\"inLanguage\":\"es-ES\",\"mainEntityOfPage\":{\"@id\":\"https:\\\/\\\/www.eldigitaldeasturias.com\\\/noticias\\\/primavera-jurasica-con-las-actividades-del-muja\\\/#webpage\"},\"isPartOf\":{\"@id\":\"https:\\\/\\\/www.eldigitaldeasturias.com\\\/noticias\\\/primavera-jurasica-con-las-actividades-del-muja\\\/#webpage\"},\"articleSection\":\"Agenda\"},{\"@type\":\"BreadcrumbList\",\"@id\":\"https:\\\/\\\/www.eldigitaldeasturias.com\\\/noticias\\\/primavera-jurasica-con-las-actividades-del-muja\\\/#breadcrumblist\",\"itemListElement\":[{\"@type\":\"ListItem\",\"@id\":\"https:\\\/\\\/www.eldigitaldeasturias.com\\\/noticias#listItem\",\"position\":1,\"name\":\"Home\",\"item\":\"https:\\\/\\\/www.eldigitaldeasturias.com\\\/noticias\",\"nextItem\":{\"@type\":\"ListItem\",\"@id\":\"https:\\\/\\\/www.eldigitaldeasturias.com\\\/noticias\\\/category\\\/agenda\\\/#listItem\",\"name\":\"Agenda\"}},{\"@type\":\"ListItem\",\"@id\":\"https:\\\/\\\/www.eldigitaldeasturias.com\\\/noticias\\\/category\\\/agenda\\\/#listItem\",\"position\":2,\"name\":\"Agenda\",\"item\":\"https:\\\/\\\/www.eldigitaldeasturias.com\\\/noticias\\\/category\\\/agenda\\\/\",\"nextItem\":{\"@type\":\"ListItem\",\"@id\":\"https:\\\/\\\/www.eldigitaldeasturias.com\\\/noticias\\\/primavera-jurasica-con-las-actividades-del-muja\\\/#listItem\",\"name\":\"Primavera jur\\u00e1sica con las actividades del MUJA\"},\"previousItem\":{\"@type\":\"ListItem\",\"@id\":\"https:\\\/\\\/www.eldigitaldeasturias.com\\\/noticias#listItem\",\"name\":\"Home\"}},{\"@type\":\"ListItem\",\"@id\":\"https:\\\/\\\/www.eldigitaldeasturias.com\\\/noticias\\\/primavera-jurasica-con-las-actividades-del-muja\\\/#listItem\",\"position\":3,\"name\":\"Primavera jur\\u00e1sica con las actividades del MUJA\",\"previousItem\":{\"@type\":\"ListItem\",\"@id\":\"https:\\\/\\\/www.eldigitaldeasturias.com\\\/noticias\\\/category\\\/agenda\\\/#listItem\",\"name\":\"Agenda\"}}]},{\"@type\":\"Organization\",\"@id\":\"https:\\\/\\\/www.eldigitaldeasturias.com\\\/noticias\\\/#organization\",\"name\":\"El Digital de Asturias\",\"description\":\"Hemeroteca\",\"url\":\"https:\\\/\\\/www.eldigitaldeasturias.com\\\/noticias\\\/\",\"email\":\"info@eldigitaldeasturias.com\",\"telephone\":\"+34652131393\",\"logo\":{\"@type\":\"ImageObject\",\"url\":\"https:\\\/\\\/www.eldigitaldeasturias.com\\\/noticias\\\/wp-content\\\/uploads\\\/2020\\\/12\\\/EDA.jpg\",\"@id\":\"https:\\\/\\\/www.eldigitaldeasturias.com\\\/noticias\\\/primavera-jurasica-con-las-actividades-del-muja\\\/#organizationLogo\"},\"image\":{\"@id\":\"https:\\\/\\\/www.eldigitaldeasturias.com\\\/noticias\\\/primavera-jurasica-con-las-actividades-del-muja\\\/#organizationLogo\"},\"sameAs\":[\"https:\\\/\\\/facebook.com\\\/eldigitaldeasturias\",\"https:\\\/\\\/www.youtube.com\\\/channel\\\/UCZP-2wLEB9Rv6erhFmqVnvg\"],\"address\":{\"@id\":\"https:\\\/\\\/www.eldigitaldeasturias.com\\\/noticias\\\/#postaladdress\",\"@type\":\"PostalAddress\",\"streetAddress\":\"san antonio 4\",\"postalCode\":\"33430\",\"addressLocality\":\"Cand\\u00e1s\",\"addressRegion\":\"Asturias\",\"addressCountry\":\"ES\"}},{\"@type\":\"Person\",\"@id\":\"https:\\\/\\\/www.eldigitaldeasturias.com\\\/noticias\\\/author\\\/admin\\\/#author\",\"url\":\"https:\\\/\\\/www.eldigitaldeasturias.com\\\/noticias\\\/author\\\/admin\\\/\",\"name\":\"El Digital de Asturias\",\"image\":{\"@type\":\"ImageObject\",\"@id\":\"https:\\\/\\\/www.eldigitaldeasturias.com\\\/noticias\\\/primavera-jurasica-con-las-actividades-del-muja\\\/#authorImage\",\"url\":\"https:\\\/\\\/secure.gravatar.com\\\/avatar\\\/df2aeffc32bcd13f8d26072ef8a91b623d677766deac7f97ca815868cd41bf5e?s=96&d=mm&r=g\",\"width\":96,\"height\":96,\"caption\":\"El Digital de Asturias\"}},{\"@type\":\"WebPage\",\"@id\":\"https:\\\/\\\/www.eldigitaldeasturias.com\\\/noticias\\\/primavera-jurasica-con-las-actividades-del-muja\\\/#webpage\",\"url\":\"https:\\\/\\\/www.eldigitaldeasturias.com\\\/noticias\\\/primavera-jurasica-con-las-actividades-del-muja\\\/\",\"name\":\"Primavera jur\\u00e1sica con las actividades del MUJA - El Digital de Asturias\",\"description\":\"El Museo del Jur\\u00e1sico de Asturias (MUJA) organiza en mayo y junio el nuevo taller Hueso a Hueso, actividades en el Jard\\u00edn o visitas guiadas con el equipo ..\",\"inLanguage\":\"es-ES\",\"isPartOf\":{\"@id\":\"https:\\\/\\\/www.eldigitaldeasturias.com\\\/noticias\\\/#website\"},\"breadcrumb\":{\"@id\":\"https:\\\/\\\/www.eldigitaldeasturias.com\\\/noticias\\\/primavera-jurasica-con-las-actividades-del-muja\\\/#breadcrumblist\"},\"author\":{\"@id\":\"https:\\\/\\\/www.eldigitaldeasturias.com\\\/noticias\\\/author\\\/admin\\\/#author\"},\"creator\":{\"@id\":\"https:\\\/\\\/www.eldigitaldeasturias.com\\\/noticias\\\/author\\\/admin\\\/#author\"},\"image\":{\"@type\":\"ImageObject\",\"url\":1090314,\"@id\":\"https:\\\/\\\/www.eldigitaldeasturias.com\\\/noticias\\\/primavera-jurasica-con-las-actividades-del-muja\\\/#mainImage\"},\"primaryImageOfPage\":{\"@id\":\"https:\\\/\\\/www.eldigitaldeasturias.com\\\/noticias\\\/primavera-jurasica-con-las-actividades-del-muja\\\/#mainImage\"},\"datePublished\":\"2021-04-27T13:02:30+02:00\",\"dateModified\":\"2021-04-27T13:02:30+02:00\"},{\"@type\":\"WebSite\",\"@id\":\"https:\\\/\\\/www.eldigitaldeasturias.com\\\/noticias\\\/#website\",\"url\":\"https:\\\/\\\/www.eldigitaldeasturias.com\\\/noticias\\\/\",\"name\":\"El Digital de Asturias - Diario de actualidad y noticias\",\"alternateName\":\"El Digital de Asturias - Diario de actualidad y noticias\",\"description\":\"Hemeroteca\",\"inLanguage\":\"es-ES\",\"publisher\":{\"@id\":\"https:\\\/\\\/www.eldigitaldeasturias.com\\\/noticias\\\/#organization\"}}]}\n\t\t<\/script>\n\t\t<!-- All in One SEO Pro -->\r\n\t\t<title>Primavera jur\u00e1sica con las actividades del MUJA - El Digital de Asturias<\/title>\n\n","aioseo_head_json":{"title":"Primavera jur\u00e1sica con las actividades del MUJA - El Digital de Asturias","description":"El Museo del Jur\u00e1sico de Asturias (MUJA) organiza en mayo y junio el nuevo taller Hueso a Hueso, actividades en el Jard\u00edn o visitas guiadas con el equipo ..","canonical_url":"https:\/\/www.eldigitaldeasturias.com\/noticias\/primavera-jurasica-con-las-actividades-del-muja\/","robots":"max-image-preview:large","keywords":"agenda","webmasterTools":{"google-site-verification":"UA-38556648-1","msvalidate.01":"7dfe9f3f1b24437ab69f4f2559babe99","miscellaneous":""},"schema":{"@context":"https:\/\/schema.org","@graph":[{"@type":"BlogPosting","@id":"https:\/\/www.eldigitaldeasturias.com\/noticias\/primavera-jurasica-con-las-actividades-del-muja\/#blogposting","name":"Primavera jur\u00e1sica con las actividades del MUJA - El Digital de Asturias","headline":"Primavera jur\u00e1sica con las actividades del MUJA","author":{"@id":"https:\/\/www.eldigitaldeasturias.com\/noticias\/author\/admin\/#author"},"publisher":{"@id":"https:\/\/www.eldigitaldeasturias.com\/noticias\/#organization"},"image":{"@type":"ImageObject","url":1090314},"datePublished":"2021-04-27T13:02:30+02:00","dateModified":"2021-04-27T13:02:30+02:00","inLanguage":"es-ES","mainEntityOfPage":{"@id":"https:\/\/www.eldigitaldeasturias.com\/noticias\/primavera-jurasica-con-las-actividades-del-muja\/#webpage"},"isPartOf":{"@id":"https:\/\/www.eldigitaldeasturias.com\/noticias\/primavera-jurasica-con-las-actividades-del-muja\/#webpage"},"articleSection":"Agenda"},{"@type":"BreadcrumbList","@id":"https:\/\/www.eldigitaldeasturias.com\/noticias\/primavera-jurasica-con-las-actividades-del-muja\/#breadcrumblist","itemListElement":[{"@type":"ListItem","@id":"https:\/\/www.eldigitaldeasturias.com\/noticias#listItem","position":1,"name":"Home","item":"https:\/\/www.eldigitaldeasturias.com\/noticias","nextItem":{"@type":"ListItem","@id":"https:\/\/www.eldigitaldeasturias.com\/noticias\/category\/agenda\/#listItem","name":"Agenda"}},{"@type":"ListItem","@id":"https:\/\/www.eldigitaldeasturias.com\/noticias\/category\/agenda\/#listItem","position":2,"name":"Agenda","item":"https:\/\/www.eldigitaldeasturias.com\/noticias\/category\/agenda\/","nextItem":{"@type":"ListItem","@id":"https:\/\/www.eldigitaldeasturias.com\/noticias\/primavera-jurasica-con-las-actividades-del-muja\/#listItem","name":"Primavera jur\u00e1sica con las actividades del MUJA"},"previousItem":{"@type":"ListItem","@id":"https:\/\/www.eldigitaldeasturias.com\/noticias#listItem","name":"Home"}},{"@type":"ListItem","@id":"https:\/\/www.eldigitaldeasturias.com\/noticias\/primavera-jurasica-con-las-actividades-del-muja\/#listItem","position":3,"name":"Primavera jur\u00e1sica con las actividades del MUJA","previousItem":{"@type":"ListItem","@id":"https:\/\/www.eldigitaldeasturias.com\/noticias\/category\/agenda\/#listItem","name":"Agenda"}}]},{"@type":"Organization","@id":"https:\/\/www.eldigitaldeasturias.com\/noticias\/#organization","name":"El Digital de Asturias","description":"Hemeroteca","url":"https:\/\/www.eldigitaldeasturias.com\/noticias\/","email":"info@eldigitaldeasturias.com","telephone":"+34652131393","logo":{"@type":"ImageObject","url":"https:\/\/www.eldigitaldeasturias.com\/noticias\/wp-content\/uploads\/2020\/12\/EDA.jpg","@id":"https:\/\/www.eldigitaldeasturias.com\/noticias\/primavera-jurasica-con-las-actividades-del-muja\/#organizationLogo"},"image":{"@id":"https:\/\/www.eldigitaldeasturias.com\/noticias\/primavera-jurasica-con-las-actividades-del-muja\/#organizationLogo"},"sameAs":["https:\/\/facebook.com\/eldigitaldeasturias","https:\/\/www.youtube.com\/channel\/UCZP-2wLEB9Rv6erhFmqVnvg"],"address":{"@id":"https:\/\/www.eldigitaldeasturias.com\/noticias\/#postaladdress","@type":"PostalAddress","streetAddress":"san antonio 4","postalCode":"33430","addressLocality":"Cand\u00e1s","addressRegion":"Asturias","addressCountry":"ES"}},{"@type":"Person","@id":"https:\/\/www.eldigitaldeasturias.com\/noticias\/author\/admin\/#author","url":"https:\/\/www.eldigitaldeasturias.com\/noticias\/author\/admin\/","name":"El Digital de Asturias","image":{"@type":"ImageObject","@id":"https:\/\/www.eldigitaldeasturias.com\/noticias\/primavera-jurasica-con-las-actividades-del-muja\/#authorImage","url":"https:\/\/secure.gravatar.com\/avatar\/df2aeffc32bcd13f8d26072ef8a91b623d677766deac7f97ca815868cd41bf5e?s=96&d=mm&r=g","width":96,"height":96,"caption":"El Digital de Asturias"}},{"@type":"WebPage","@id":"https:\/\/www.eldigitaldeasturias.com\/noticias\/primavera-jurasica-con-las-actividades-del-muja\/#webpage","url":"https:\/\/www.eldigitaldeasturias.com\/noticias\/primavera-jurasica-con-las-actividades-del-muja\/","name":"Primavera jur\u00e1sica con las actividades del MUJA - El Digital de Asturias","description":"El Museo del Jur\u00e1sico de Asturias (MUJA) organiza en mayo y junio el nuevo taller Hueso a Hueso, actividades en el Jard\u00edn o visitas guiadas con el equipo ..","inLanguage":"es-ES","isPartOf":{"@id":"https:\/\/www.eldigitaldeasturias.com\/noticias\/#website"},"breadcrumb":{"@id":"https:\/\/www.eldigitaldeasturias.com\/noticias\/primavera-jurasica-con-las-actividades-del-muja\/#breadcrumblist"},"author":{"@id":"https:\/\/www.eldigitaldeasturias.com\/noticias\/author\/admin\/#author"},"creator":{"@id":"https:\/\/www.eldigitaldeasturias.com\/noticias\/author\/admin\/#author"},"image":{"@type":"ImageObject","url":1090314,"@id":"https:\/\/www.eldigitaldeasturias.com\/noticias\/primavera-jurasica-con-las-actividades-del-muja\/#mainImage"},"primaryImageOfPage":{"@id":"https:\/\/www.eldigitaldeasturias.com\/noticias\/primavera-jurasica-con-las-actividades-del-muja\/#mainImage"},"datePublished":"2021-04-27T13:02:30+02:00","dateModified":"2021-04-27T13:02:30+02:00"},{"@type":"WebSite","@id":"https:\/\/www.eldigitaldeasturias.com\/noticias\/#website","url":"https:\/\/www.eldigitaldeasturias.com\/noticias\/","name":"El Digital de Asturias - Diario de actualidad y noticias","alternateName":"El Digital de Asturias - Diario de actualidad y noticias","description":"Hemeroteca","inLanguage":"es-ES","publisher":{"@id":"https:\/\/www.eldigitaldeasturias.com\/noticias\/#organization"}}]},"og:locale":"es_ES","og:site_name":"El Digital de Asturias","og:type":"article","og:title":"Primavera jur\u00e1sica con las actividades del MUJA - El Digital de Asturias","og:description":"El Museo del Jur\u00e1sico de Asturias (MUJA) organiza en mayo y junio el nuevo taller Hueso a Hueso, actividades en el Jard\u00edn o visitas guiadas con el equipo ..","og:url":"https:\/\/www.eldigitaldeasturias.com\/noticias\/primavera-jurasica-con-las-actividades-del-muja\/","article:tag":["agenda"],"article:published_time":"2021-04-27T12:02:30+00:00","article:modified_time":"2021-04-27T12:02:30+00:00","article:publisher":"https:\/\/facebook.com\/eldigitaldeasturias","twitter:card":"summary_large_image","twitter:title":"Primavera jur\u00e1sica con las actividades del MUJA - El Digital de Asturias","twitter:description":"El Museo del Jur\u00e1sico de Asturias (MUJA) organiza en mayo y junio el nuevo taller Hueso a Hueso, actividades en el Jard\u00edn o visitas guiadas con el equipo ..","twitter:image":"https:\/\/www.eldigitaldeasturias.com\/noticias\/wp-content\/uploads\/2020\/12\/EDA-1.jpg","twitter:label1":"Escrito por","twitter:data1":"El Digital de Asturias","twitter:label2":"Tiempo de lectura estimado","twitter:data2":"2 minutos"},"aioseo_meta_data":{"post_id":"1090313","title":null,"description":"El Museo del Jur\u00e1sico de Asturias (MUJA) organiza en mayo y junio el nuevo taller Hueso a Hueso, actividades en el Jard\u00edn o visitas guiadas con el equipo ..","keywords":[],"keyphrases":{"focus":[],"additional":[]},"primary_term":null,"canonical_url":null,"og_title":null,"og_description":null,"og_object_type":"default","og_image_type":"default","og_image_url":null,"og_image_width":null,"og_image_height":null,"og_image_custom_url":null,"og_image_custom_fields":null,"og_video":"","og_custom_url":null,"og_article_section":null,"og_article_tags":[],"twitter_use_og":false,"twitter_card":"default","twitter_image_type":"default","twitter_image_url":null,"twitter_image_custom_url":null,"twitter_image_custom_fields":null,"twitter_title":null,"twitter_description":null,"schema":{"blockGraphs":[],"customGraphs":[],"default":{"data":{"Article":[],"Course":[],"Dataset":[],"FAQPage":[],"Movie":[],"Person":[],"Product":[],"ProductReview":[],"Car":[],"Recipe":[],"Service":[],"SoftwareApplication":[],"WebPage":[]},"graphName":"","isEnabled":true},"graphs":[],"defaultGraph":"Article","defaultPostTypeGraph":""},"schema_type":"default","schema_type_options":"{\"article\":{\"articleType\":\"BlogPosting\"},\"course\":{\"name\":\"\",\"description\":\"\",\"provider\":\"\"},\"faq\":{\"pages\":[]},\"product\":{\"reviews\":[]},\"recipe\":{\"ingredients\":[],\"instructions\":[],\"keywords\":[]},\"software\":{\"reviews\":[],\"operatingSystems\":[]},\"webPage\":{\"webPageType\":\"WebPage\"}}","pillar_content":false,"robots_default":true,"robots_noindex":false,"robots_noarchive":false,"robots_nosnippet":false,"robots_nofollow":false,"robots_noimageindex":false,"robots_noodp":false,"robots_notranslate":false,"robots_max_snippet":"-1","robots_max_videopreview":"-1","robots_max_imagepreview":"large","priority":null,"frequency":"default","local_seo":{"locations":{"business":{"name":"","businessType":"","image":"","areaServed":"","urls":{"website":"","aboutPage":"","contactPage":""},"address":{"streetLine1":"","streetLine2":"","zipCode":"","city":"","state":"","country":"","addressFormat":"#streetLineOne\n#streetLineTwo\n#city, #state #zipCode"},"contact":{"phone":"","email":"","fax":""},"ids":{"vat":"","tax":"","chamberOfCommerce":""},"payment":{"priceRange":"","currenciesAccepted":"","methods":""}}},"openingHours":{"useDefaults":true,"show":true,"alwaysOpen":false,"use24hFormat":false,"timezone":"","labels":{"closed":"","alwaysOpen":""},"days":{"monday":{"open24h":false,"closed":false,"openTime":"09:00","closeTime":"17:00"},"tuesday":{"open24h":false,"closed":false,"openTime":"09:00","closeTime":"17:00"},"wednesday":{"open24h":false,"closed":false,"openTime":"09:00","closeTime":"17:00"},"thursday":{"open24h":false,"closed":false,"openTime":"09:00","closeTime":"17:00"},"friday":{"open24h":false,"closed":false,"openTime":"09:00","closeTime":"17:00"},"saturday":{"open24h":false,"closed":false,"openTime":"09:00","closeTime":"17:00"},"sunday":{"open24h":false,"closed":false,"openTime":"09:00","closeTime":"17:00"}}}},"seo_analyzer_scan_date":"2026-07-17 12:27:59","breadcrumb_settings":null,"limit_modified_date":false,"open_ai":null,"ai":null,"created":"2021-04-27 11:59:10","updated":"2026-07-17 12:27:59","focus_keyword":null,"additional_keywords":null,"truseo_locale":null},"aioseo_breadcrumb":"<div class=\"aioseo-breadcrumbs\"><span class=\"aioseo-breadcrumb\">\n\t<a href=\"https:\/\/www.eldigitaldeasturias.com\/noticias\" title=\"Home\">Home<\/a>\n<\/span><span class=\"aioseo-breadcrumb-separator\">\u2013<\/span><span class=\"aioseo-breadcrumb\">\n\t<a href=\"https:\/\/www.eldigitaldeasturias.com\/noticias\/category\/agenda\/\" title=\"Agenda\">Agenda<\/a>\n<\/span><span class=\"aioseo-breadcrumb-separator\">\u2013<\/span><span class=\"aioseo-breadcrumb\">\n\t<a href=\"https:\/\/www.eldigitaldeasturias.com\/noticias\/primavera-jurasica-con-las-actividades-del-muja\/\" title=\"Primavera jur\u00e1sica con las actividades del MUJA\">Primavera jur\u00e1sica con las actividades del MUJA<\/a>\n<\/span><\/div>","aioseo_breadcrumb_json":[{"label":"Home","link":"https:\/\/www.eldigitaldeasturias.com\/noticias"},{"label":"Agenda","link":"https:\/\/www.eldigitaldeasturias.com\/noticias\/category\/agenda\/"},{"label":"Primavera jur\u00e1sica con las actividades del MUJA","link":"https:\/\/www.eldigitaldeasturias.com\/noticias\/primavera-jurasica-con-las-actividades-del-muja\/"}],"_links":{"self":[{"href":"https:\/\/www.eldigitaldeasturias.com\/noticias\/wp-json\/wp\/v2\/posts\/1090313","targetHints":{"allow":["GET"]}}],"collection":[{"href":"https:\/\/www.eldigitaldeasturias.com\/noticias\/wp-json\/wp\/v2\/posts"}],"about":[{"href":"https:\/\/www.eldigitaldeasturias.com\/noticias\/wp-json\/wp\/v2\/types\/post"}],"author":[{"embeddable":true,"href":"https:\/\/www.eldigitaldeasturias.com\/noticias\/wp-json\/wp\/v2\/users\/1"}],"replies":[{"embeddable":true,"href":"https:\/\/www.eldigitaldeasturias.com\/noticias\/wp-json\/wp\/v2\/comments?post=1090313"}],"version-history":[{"count":0,"href":"https:\/\/www.eldigitaldeasturias.com\/noticias\/wp-json\/wp\/v2\/posts\/1090313\/revisions"}],"wp:attachment":[{"href":"https:\/\/www.eldigitaldeasturias.com\/noticias\/wp-json\/wp\/v2\/media?parent=1090313"}],"wp:term":[{"taxonomy":"category","embeddable":true,"href":"https:\/\/www.eldigitaldeasturias.com\/noticias\/wp-json\/wp\/v2\/categories?post=1090313"},{"taxonomy":"post_tag","embeddable":true,"href":"https:\/\/www.eldigitaldeasturias.com\/noticias\/wp-json\/wp\/v2\/tags?post=1090313"}],"curies":[{"name":"wp","href":"https:\/\/api.w.org\/{rel}","templated":true}]}}