{"id":1090301,"date":"2021-04-27T12:46:35","date_gmt":"2021-04-27T11:46:35","guid":{"rendered":"https:\/\/www.eldigitaldeasturias.com\/noticias\/?p=1090301"},"modified":"2021-04-27T12:46:35","modified_gmt":"2021-04-27T11:46:35","slug":"verlaine-oscar-wilde-y-los-sombreros-vintage-entre-las-joyas-de-duran-arte-y-subastas","status":"publish","type":"post","link":"https:\/\/www.eldigitaldeasturias.com\/noticias\/verlaine-oscar-wilde-y-los-sombreros-vintage-entre-las-joyas-de-duran-arte-y-subastas\/","title":{"rendered":"Verlaine, Oscar Wilde y los sombreros vintage entre las joyas de Dur\u00e1n Arte y Subastas"},"content":{"rendered":"<p><img loading=\"lazy\" decoding=\"async\" class=\"alignleft size-medium wp-image-1090302\" src=\"https:\/\/www.eldigitaldeasturias.com\/noticias\/wp-content\/uploads\/2021\/04\/Verlaine-Duran-IP-360x286.jpg\" alt=\"\" width=\"360\" height=\"286\" \/>Ser\u00e1 el pr\u00f3ximo d\u00eda 28 de abril cuando tenga lugar la<span style=\"color: #ff6600;\"><strong> <a style=\"color: #ff6600;\" href=\"https:\/\/www.duran-subastas.com\/es\/subasta\/subasta-592-abril-2021_592-001\" target=\"_blank\" rel=\"noopener\">pr\u00f3xima subasta de Dur\u00e1n Arte y Subastas<\/a><\/strong><\/span> y que, esta vez, tiene como protagonistas la literatura y la moda vintage.<\/p>\n<p>Una de las secciones que m\u00e1s dar\u00e1 que hablar ser\u00e1 la delibros y bibliofilia, en la que los coleccionistas podr\u00e1n encontrar ediciones raras como un Bestiario ilustrado de Oxford que sale a subasta con un precio de salida de 400 eurose interesantes documentos, que se espera sean unos de los objetos estrellas de esta subasta.<\/p>\n<p>De Paul Verlaine, en el lote 350 y con un precio de salida de 500 euros, saldr\u00e1 a subasta el recibo de un pago de diecis\u00e9is francos por ocho vol\u00famenes de liturgias (\u00abLiturgias \u00edntimas\u00bb Biblioth\u00e8que du Saint-Graal, 1892).\u00a0 Hay que contextualizar el momento ya que, viviendo en la miseria durante sus \u00faltimos a\u00f1os de vida, Verlaine vend\u00eda los libros que le correspond\u00edan de la editora, como autor para sobrevivir. Este documento deja constancia de ello con su r\u00fabrica.<\/p>\n<p>Tambi\u00e9n sale a subasta en el lote 349 una dedicatoria de Oscar Wilde, quien visitar\u00eda varias ciudades de Estados Unidos como conferenciante a finales del siglo XIX. En concreto, \u00e9sta, se encontr\u00f3 en Brooklyn y har\u00e1 las delicias de quien quiera disponer de una nota original de quien es considerado por muchos como el mejor poeta brit\u00e1nico de todos los tiempos por la versatilidad de su prosa y verso.<\/p>\n<p>Adem\u00e1s, la casa de subastas madrile\u00f1a trae tambi\u00e9n la moda vintage como protagonista de abril con un sombrero que representar sin duda el glamour de los a\u00f1os 50 ejemplarizado en personajes como Grace Kelly, Jacqueline Kennedy y Audrey Hepburn entre otras. De hecho, dise\u00f1adores como Givenchy, Balenciaga o Colombier hicieron de este complemento un imprescindible.\u00a0 La colecci\u00f3n que se ofrecer\u00e1 al gran p\u00fablico es numerosa y tiene, en algunas de sus piezas, un precio de salida de 50 euros. Y, para complementarlo, tambi\u00e9n algunos bolsos firmados por Herm\u00e8s, entre los que se encuentran varios de sus ic\u00f3nicos Kelly 32.<\/p>\n<p>En arte, la obra gr\u00e1fica llevar\u00e1 algunos de los nombres m\u00e1s destacados del panorama nacional como Mir\u00f3, Claudio Bravo, Eduardo \u00darculo, entre otros.<\/p>\n<p>&nbsp;<\/p>\n<p>&nbsp;<\/p>\n","protected":false},"excerpt":{"rendered":"<p>Ser\u00e1 el pr\u00f3ximo d\u00eda 28 de abril cuando tenga lugar la pr\u00f3xima subasta de Dur\u00e1n Arte y Subastas y que, esta vez, tiene como protagonistas la literatura y la moda vintage. Una de las secciones que m\u00e1s dar\u00e1 que hablar ser\u00e1 la delibros y bibliofilia, en la que los coleccionistas podr\u00e1n encontrar ediciones raras como [&hellip;]<\/p>\n","protected":false},"author":1,"featured_media":1090302,"comment_status":"closed","ping_status":"closed","sticky":false,"template":"","format":"standard","meta":{"footnotes":""},"categories":[28],"tags":[],"class_list":["post-1090301","post","type-post","status-publish","format-standard","has-post-thumbnail","hentry","category-sociedad"],"aioseo_notices":[],"aioseo_head":"\n\t\t<!-- All in One SEO Pro 5.0.1 - aioseo.com -->\n\t<meta name=\"description\" content=\"Ser\u00e1 el pr\u00f3ximo d\u00eda 28 de abril cuando tenga lugar la pr\u00f3xima subasta de Dur\u00e1n Arte y Subastas y que, esta vez, tiene como protagonistas la literatura y la moda\" \/>\n\t<meta name=\"robots\" content=\"max-image-preview:large\" \/>\n\t<meta name=\"author\" content=\"El Digital de Asturias\"\/>\n\t<meta name=\"google-site-verification\" content=\"UA-38556648-1\" \/>\n\t<meta name=\"msvalidate.01\" content=\"7dfe9f3f1b24437ab69f4f2559babe99\" \/>\n\t<meta name=\"keywords\" content=\"sociedad\" \/>\n\t<link rel=\"canonical\" href=\"https:\/\/www.eldigitaldeasturias.com\/noticias\/verlaine-oscar-wilde-y-los-sombreros-vintage-entre-las-joyas-de-duran-arte-y-subastas\/\" \/>\n\t<meta name=\"generator\" content=\"All in One SEO Pro (AIOSEO) 5.0.1\" \/>\n\t\t<meta property=\"og:locale\" content=\"es_ES\" \/>\n\t\t<meta property=\"og:site_name\" content=\"El Digital de Asturias\" \/>\n\t\t<meta property=\"og:type\" content=\"article\" \/>\n\t\t<meta property=\"og:title\" content=\"Verlaine, Oscar Wilde y los sombreros vintage entre las joyas de Dur\u00e1n Arte y Subastas - El Digital de Asturias\" \/>\n\t\t<meta property=\"og:description\" content=\"Ser\u00e1 el pr\u00f3ximo d\u00eda 28 de abril cuando tenga lugar la pr\u00f3xima subasta de Dur\u00e1n Arte y Subastas y que, esta vez, tiene como protagonistas la literatura y la moda\" \/>\n\t\t<meta property=\"og:url\" content=\"https:\/\/www.eldigitaldeasturias.com\/noticias\/verlaine-oscar-wilde-y-los-sombreros-vintage-entre-las-joyas-de-duran-arte-y-subastas\/\" \/>\n\t\t<meta property=\"article:tag\" content=\"sociedad\" \/>\n\t\t<meta property=\"article:published_time\" content=\"2021-04-27T11:46:35+00:00\" \/>\n\t\t<meta property=\"article:modified_time\" content=\"2021-04-27T11:46:35+00:00\" \/>\n\t\t<meta property=\"article:publisher\" content=\"https:\/\/facebook.com\/eldigitaldeasturias\" \/>\n\t\t<meta name=\"twitter:card\" content=\"summary_large_image\" \/>\n\t\t<meta name=\"twitter:title\" content=\"Verlaine, Oscar Wilde y los sombreros vintage entre las joyas de Dur\u00e1n Arte y Subastas - El Digital de Asturias\" \/>\n\t\t<meta name=\"twitter:description\" content=\"Ser\u00e1 el pr\u00f3ximo d\u00eda 28 de abril cuando tenga lugar la pr\u00f3xima subasta de Dur\u00e1n Arte y Subastas y que, esta vez, tiene como protagonistas la literatura y la moda\" \/>\n\t\t<meta name=\"twitter:image\" content=\"https:\/\/www.eldigitaldeasturias.com\/noticias\/wp-content\/uploads\/2020\/12\/EDA-1.jpg\" \/>\n\t\t<meta name=\"twitter:label1\" content=\"Escrito por\" \/>\n\t\t<meta name=\"twitter:data1\" content=\"El Digital de Asturias\" \/>\n\t\t<meta name=\"twitter:label2\" content=\"Tiempo de lectura estimado\" \/>\n\t\t<meta name=\"twitter:data2\" content=\"2 minutos\" \/>\n\t\t<script type=\"application\/ld+json\" class=\"aioseo-schema\">\n\t\t\t{\"@context\":\"https:\\\/\\\/schema.org\",\"@graph\":[{\"@type\":\"BlogPosting\",\"@id\":\"https:\\\/\\\/www.eldigitaldeasturias.com\\\/noticias\\\/verlaine-oscar-wilde-y-los-sombreros-vintage-entre-las-joyas-de-duran-arte-y-subastas\\\/#blogposting\",\"name\":\"Verlaine, Oscar Wilde y los sombreros vintage entre las joyas de Dur\\u00e1n Arte y Subastas - El Digital de Asturias\",\"headline\":\"Verlaine, Oscar Wilde y los sombreros vintage entre las joyas de Dur\\u00e1n Arte y Subastas\",\"author\":{\"@id\":\"https:\\\/\\\/www.eldigitaldeasturias.com\\\/noticias\\\/author\\\/admin\\\/#author\"},\"publisher\":{\"@id\":\"https:\\\/\\\/www.eldigitaldeasturias.com\\\/noticias\\\/#organization\"},\"image\":{\"@type\":\"ImageObject\",\"url\":1090302},\"datePublished\":\"2021-04-27T12:46:35+02:00\",\"dateModified\":\"2021-04-27T12:46:35+02:00\",\"inLanguage\":\"es-ES\",\"mainEntityOfPage\":{\"@id\":\"https:\\\/\\\/www.eldigitaldeasturias.com\\\/noticias\\\/verlaine-oscar-wilde-y-los-sombreros-vintage-entre-las-joyas-de-duran-arte-y-subastas\\\/#webpage\"},\"isPartOf\":{\"@id\":\"https:\\\/\\\/www.eldigitaldeasturias.com\\\/noticias\\\/verlaine-oscar-wilde-y-los-sombreros-vintage-entre-las-joyas-de-duran-arte-y-subastas\\\/#webpage\"},\"articleSection\":\"Sociedad\"},{\"@type\":\"BreadcrumbList\",\"@id\":\"https:\\\/\\\/www.eldigitaldeasturias.com\\\/noticias\\\/verlaine-oscar-wilde-y-los-sombreros-vintage-entre-las-joyas-de-duran-arte-y-subastas\\\/#breadcrumblist\",\"itemListElement\":[{\"@type\":\"ListItem\",\"@id\":\"https:\\\/\\\/www.eldigitaldeasturias.com\\\/noticias#listItem\",\"position\":1,\"name\":\"Home\",\"item\":\"https:\\\/\\\/www.eldigitaldeasturias.com\\\/noticias\",\"nextItem\":{\"@type\":\"ListItem\",\"@id\":\"https:\\\/\\\/www.eldigitaldeasturias.com\\\/noticias\\\/category\\\/sociedad\\\/#listItem\",\"name\":\"Sociedad\"}},{\"@type\":\"ListItem\",\"@id\":\"https:\\\/\\\/www.eldigitaldeasturias.com\\\/noticias\\\/category\\\/sociedad\\\/#listItem\",\"position\":2,\"name\":\"Sociedad\",\"item\":\"https:\\\/\\\/www.eldigitaldeasturias.com\\\/noticias\\\/category\\\/sociedad\\\/\",\"nextItem\":{\"@type\":\"ListItem\",\"@id\":\"https:\\\/\\\/www.eldigitaldeasturias.com\\\/noticias\\\/verlaine-oscar-wilde-y-los-sombreros-vintage-entre-las-joyas-de-duran-arte-y-subastas\\\/#listItem\",\"name\":\"Verlaine, Oscar Wilde y los sombreros vintage entre las joyas de Dur\\u00e1n Arte y Subastas\"},\"previousItem\":{\"@type\":\"ListItem\",\"@id\":\"https:\\\/\\\/www.eldigitaldeasturias.com\\\/noticias#listItem\",\"name\":\"Home\"}},{\"@type\":\"ListItem\",\"@id\":\"https:\\\/\\\/www.eldigitaldeasturias.com\\\/noticias\\\/verlaine-oscar-wilde-y-los-sombreros-vintage-entre-las-joyas-de-duran-arte-y-subastas\\\/#listItem\",\"position\":3,\"name\":\"Verlaine, Oscar Wilde y los sombreros vintage entre las joyas de Dur\\u00e1n Arte y Subastas\",\"previousItem\":{\"@type\":\"ListItem\",\"@id\":\"https:\\\/\\\/www.eldigitaldeasturias.com\\\/noticias\\\/category\\\/sociedad\\\/#listItem\",\"name\":\"Sociedad\"}}]},{\"@type\":\"Organization\",\"@id\":\"https:\\\/\\\/www.eldigitaldeasturias.com\\\/noticias\\\/#organization\",\"name\":\"El Digital de Asturias\",\"description\":\"Hemeroteca\",\"url\":\"https:\\\/\\\/www.eldigitaldeasturias.com\\\/noticias\\\/\",\"email\":\"info@eldigitaldeasturias.com\",\"telephone\":\"+34652131393\",\"logo\":{\"@type\":\"ImageObject\",\"url\":\"https:\\\/\\\/www.eldigitaldeasturias.com\\\/noticias\\\/wp-content\\\/uploads\\\/2020\\\/12\\\/EDA.jpg\",\"@id\":\"https:\\\/\\\/www.eldigitaldeasturias.com\\\/noticias\\\/verlaine-oscar-wilde-y-los-sombreros-vintage-entre-las-joyas-de-duran-arte-y-subastas\\\/#organizationLogo\"},\"image\":{\"@id\":\"https:\\\/\\\/www.eldigitaldeasturias.com\\\/noticias\\\/verlaine-oscar-wilde-y-los-sombreros-vintage-entre-las-joyas-de-duran-arte-y-subastas\\\/#organizationLogo\"},\"sameAs\":[\"https:\\\/\\\/facebook.com\\\/eldigitaldeasturias\",\"https:\\\/\\\/www.youtube.com\\\/channel\\\/UCZP-2wLEB9Rv6erhFmqVnvg\"],\"address\":{\"@id\":\"https:\\\/\\\/www.eldigitaldeasturias.com\\\/noticias\\\/#postaladdress\",\"@type\":\"PostalAddress\",\"streetAddress\":\"san antonio 4\",\"postalCode\":\"33430\",\"addressLocality\":\"Cand\\u00e1s\",\"addressRegion\":\"Asturias\",\"addressCountry\":\"ES\"}},{\"@type\":\"Person\",\"@id\":\"https:\\\/\\\/www.eldigitaldeasturias.com\\\/noticias\\\/author\\\/admin\\\/#author\",\"url\":\"https:\\\/\\\/www.eldigitaldeasturias.com\\\/noticias\\\/author\\\/admin\\\/\",\"name\":\"El Digital de Asturias\",\"image\":{\"@type\":\"ImageObject\",\"@id\":\"https:\\\/\\\/www.eldigitaldeasturias.com\\\/noticias\\\/verlaine-oscar-wilde-y-los-sombreros-vintage-entre-las-joyas-de-duran-arte-y-subastas\\\/#authorImage\",\"url\":\"https:\\\/\\\/secure.gravatar.com\\\/avatar\\\/df2aeffc32bcd13f8d26072ef8a91b623d677766deac7f97ca815868cd41bf5e?s=96&d=mm&r=g\",\"width\":96,\"height\":96,\"caption\":\"El Digital de Asturias\"}},{\"@type\":\"WebPage\",\"@id\":\"https:\\\/\\\/www.eldigitaldeasturias.com\\\/noticias\\\/verlaine-oscar-wilde-y-los-sombreros-vintage-entre-las-joyas-de-duran-arte-y-subastas\\\/#webpage\",\"url\":\"https:\\\/\\\/www.eldigitaldeasturias.com\\\/noticias\\\/verlaine-oscar-wilde-y-los-sombreros-vintage-entre-las-joyas-de-duran-arte-y-subastas\\\/\",\"name\":\"Verlaine, Oscar Wilde y los sombreros vintage entre las joyas de Dur\\u00e1n Arte y Subastas - El Digital de Asturias\",\"description\":\"Ser\\u00e1 el pr\\u00f3ximo d\\u00eda 28 de abril cuando tenga lugar la pr\\u00f3xima subasta de Dur\\u00e1n Arte y Subastas y que, esta vez, tiene como protagonistas la literatura y la moda\",\"inLanguage\":\"es-ES\",\"isPartOf\":{\"@id\":\"https:\\\/\\\/www.eldigitaldeasturias.com\\\/noticias\\\/#website\"},\"breadcrumb\":{\"@id\":\"https:\\\/\\\/www.eldigitaldeasturias.com\\\/noticias\\\/verlaine-oscar-wilde-y-los-sombreros-vintage-entre-las-joyas-de-duran-arte-y-subastas\\\/#breadcrumblist\"},\"author\":{\"@id\":\"https:\\\/\\\/www.eldigitaldeasturias.com\\\/noticias\\\/author\\\/admin\\\/#author\"},\"creator\":{\"@id\":\"https:\\\/\\\/www.eldigitaldeasturias.com\\\/noticias\\\/author\\\/admin\\\/#author\"},\"image\":{\"@type\":\"ImageObject\",\"url\":1090302,\"@id\":\"https:\\\/\\\/www.eldigitaldeasturias.com\\\/noticias\\\/verlaine-oscar-wilde-y-los-sombreros-vintage-entre-las-joyas-de-duran-arte-y-subastas\\\/#mainImage\"},\"primaryImageOfPage\":{\"@id\":\"https:\\\/\\\/www.eldigitaldeasturias.com\\\/noticias\\\/verlaine-oscar-wilde-y-los-sombreros-vintage-entre-las-joyas-de-duran-arte-y-subastas\\\/#mainImage\"},\"datePublished\":\"2021-04-27T12:46:35+02:00\",\"dateModified\":\"2021-04-27T12:46:35+02:00\"},{\"@type\":\"WebSite\",\"@id\":\"https:\\\/\\\/www.eldigitaldeasturias.com\\\/noticias\\\/#website\",\"url\":\"https:\\\/\\\/www.eldigitaldeasturias.com\\\/noticias\\\/\",\"name\":\"El Digital de Asturias - Diario de actualidad y noticias\",\"alternateName\":\"El Digital de Asturias - Diario de actualidad y noticias\",\"description\":\"Hemeroteca\",\"inLanguage\":\"es-ES\",\"publisher\":{\"@id\":\"https:\\\/\\\/www.eldigitaldeasturias.com\\\/noticias\\\/#organization\"}}]}\n\t\t<\/script>\n\t\t<!-- All in One SEO Pro -->\r\n\t\t<title>Verlaine, Oscar Wilde y los sombreros vintage entre las joyas de Dur\u00e1n Arte y Subastas - El Digital de Asturias<\/title>\n\n","aioseo_head_json":{"title":"Verlaine, Oscar Wilde y los sombreros vintage entre las joyas de Dur\u00e1n Arte y Subastas - El Digital de Asturias","description":"Ser\u00e1 el pr\u00f3ximo d\u00eda 28 de abril cuando tenga lugar la pr\u00f3xima subasta de Dur\u00e1n Arte y Subastas y que, esta vez, tiene como protagonistas la literatura y la moda","canonical_url":"https:\/\/www.eldigitaldeasturias.com\/noticias\/verlaine-oscar-wilde-y-los-sombreros-vintage-entre-las-joyas-de-duran-arte-y-subastas\/","robots":"max-image-preview:large","keywords":"sociedad","webmasterTools":{"google-site-verification":"UA-38556648-1","msvalidate.01":"7dfe9f3f1b24437ab69f4f2559babe99","miscellaneous":""},"schema":{"@context":"https:\/\/schema.org","@graph":[{"@type":"BlogPosting","@id":"https:\/\/www.eldigitaldeasturias.com\/noticias\/verlaine-oscar-wilde-y-los-sombreros-vintage-entre-las-joyas-de-duran-arte-y-subastas\/#blogposting","name":"Verlaine, Oscar Wilde y los sombreros vintage entre las joyas de Dur\u00e1n Arte y Subastas - El Digital de Asturias","headline":"Verlaine, Oscar Wilde y los sombreros vintage entre las joyas de Dur\u00e1n Arte y Subastas","author":{"@id":"https:\/\/www.eldigitaldeasturias.com\/noticias\/author\/admin\/#author"},"publisher":{"@id":"https:\/\/www.eldigitaldeasturias.com\/noticias\/#organization"},"image":{"@type":"ImageObject","url":1090302},"datePublished":"2021-04-27T12:46:35+02:00","dateModified":"2021-04-27T12:46:35+02:00","inLanguage":"es-ES","mainEntityOfPage":{"@id":"https:\/\/www.eldigitaldeasturias.com\/noticias\/verlaine-oscar-wilde-y-los-sombreros-vintage-entre-las-joyas-de-duran-arte-y-subastas\/#webpage"},"isPartOf":{"@id":"https:\/\/www.eldigitaldeasturias.com\/noticias\/verlaine-oscar-wilde-y-los-sombreros-vintage-entre-las-joyas-de-duran-arte-y-subastas\/#webpage"},"articleSection":"Sociedad"},{"@type":"BreadcrumbList","@id":"https:\/\/www.eldigitaldeasturias.com\/noticias\/verlaine-oscar-wilde-y-los-sombreros-vintage-entre-las-joyas-de-duran-arte-y-subastas\/#breadcrumblist","itemListElement":[{"@type":"ListItem","@id":"https:\/\/www.eldigitaldeasturias.com\/noticias#listItem","position":1,"name":"Home","item":"https:\/\/www.eldigitaldeasturias.com\/noticias","nextItem":{"@type":"ListItem","@id":"https:\/\/www.eldigitaldeasturias.com\/noticias\/category\/sociedad\/#listItem","name":"Sociedad"}},{"@type":"ListItem","@id":"https:\/\/www.eldigitaldeasturias.com\/noticias\/category\/sociedad\/#listItem","position":2,"name":"Sociedad","item":"https:\/\/www.eldigitaldeasturias.com\/noticias\/category\/sociedad\/","nextItem":{"@type":"ListItem","@id":"https:\/\/www.eldigitaldeasturias.com\/noticias\/verlaine-oscar-wilde-y-los-sombreros-vintage-entre-las-joyas-de-duran-arte-y-subastas\/#listItem","name":"Verlaine, Oscar Wilde y los sombreros vintage entre las joyas de Dur\u00e1n Arte y Subastas"},"previousItem":{"@type":"ListItem","@id":"https:\/\/www.eldigitaldeasturias.com\/noticias#listItem","name":"Home"}},{"@type":"ListItem","@id":"https:\/\/www.eldigitaldeasturias.com\/noticias\/verlaine-oscar-wilde-y-los-sombreros-vintage-entre-las-joyas-de-duran-arte-y-subastas\/#listItem","position":3,"name":"Verlaine, Oscar Wilde y los sombreros vintage entre las joyas de Dur\u00e1n Arte y Subastas","previousItem":{"@type":"ListItem","@id":"https:\/\/www.eldigitaldeasturias.com\/noticias\/category\/sociedad\/#listItem","name":"Sociedad"}}]},{"@type":"Organization","@id":"https:\/\/www.eldigitaldeasturias.com\/noticias\/#organization","name":"El Digital de Asturias","description":"Hemeroteca","url":"https:\/\/www.eldigitaldeasturias.com\/noticias\/","email":"info@eldigitaldeasturias.com","telephone":"+34652131393","logo":{"@type":"ImageObject","url":"https:\/\/www.eldigitaldeasturias.com\/noticias\/wp-content\/uploads\/2020\/12\/EDA.jpg","@id":"https:\/\/www.eldigitaldeasturias.com\/noticias\/verlaine-oscar-wilde-y-los-sombreros-vintage-entre-las-joyas-de-duran-arte-y-subastas\/#organizationLogo"},"image":{"@id":"https:\/\/www.eldigitaldeasturias.com\/noticias\/verlaine-oscar-wilde-y-los-sombreros-vintage-entre-las-joyas-de-duran-arte-y-subastas\/#organizationLogo"},"sameAs":["https:\/\/facebook.com\/eldigitaldeasturias","https:\/\/www.youtube.com\/channel\/UCZP-2wLEB9Rv6erhFmqVnvg"],"address":{"@id":"https:\/\/www.eldigitaldeasturias.com\/noticias\/#postaladdress","@type":"PostalAddress","streetAddress":"san antonio 4","postalCode":"33430","addressLocality":"Cand\u00e1s","addressRegion":"Asturias","addressCountry":"ES"}},{"@type":"Person","@id":"https:\/\/www.eldigitaldeasturias.com\/noticias\/author\/admin\/#author","url":"https:\/\/www.eldigitaldeasturias.com\/noticias\/author\/admin\/","name":"El Digital de Asturias","image":{"@type":"ImageObject","@id":"https:\/\/www.eldigitaldeasturias.com\/noticias\/verlaine-oscar-wilde-y-los-sombreros-vintage-entre-las-joyas-de-duran-arte-y-subastas\/#authorImage","url":"https:\/\/secure.gravatar.com\/avatar\/df2aeffc32bcd13f8d26072ef8a91b623d677766deac7f97ca815868cd41bf5e?s=96&d=mm&r=g","width":96,"height":96,"caption":"El Digital de Asturias"}},{"@type":"WebPage","@id":"https:\/\/www.eldigitaldeasturias.com\/noticias\/verlaine-oscar-wilde-y-los-sombreros-vintage-entre-las-joyas-de-duran-arte-y-subastas\/#webpage","url":"https:\/\/www.eldigitaldeasturias.com\/noticias\/verlaine-oscar-wilde-y-los-sombreros-vintage-entre-las-joyas-de-duran-arte-y-subastas\/","name":"Verlaine, Oscar Wilde y los sombreros vintage entre las joyas de Dur\u00e1n Arte y Subastas - El Digital de Asturias","description":"Ser\u00e1 el pr\u00f3ximo d\u00eda 28 de abril cuando tenga lugar la pr\u00f3xima subasta de Dur\u00e1n Arte y Subastas y que, esta vez, tiene como protagonistas la literatura y la moda","inLanguage":"es-ES","isPartOf":{"@id":"https:\/\/www.eldigitaldeasturias.com\/noticias\/#website"},"breadcrumb":{"@id":"https:\/\/www.eldigitaldeasturias.com\/noticias\/verlaine-oscar-wilde-y-los-sombreros-vintage-entre-las-joyas-de-duran-arte-y-subastas\/#breadcrumblist"},"author":{"@id":"https:\/\/www.eldigitaldeasturias.com\/noticias\/author\/admin\/#author"},"creator":{"@id":"https:\/\/www.eldigitaldeasturias.com\/noticias\/author\/admin\/#author"},"image":{"@type":"ImageObject","url":1090302,"@id":"https:\/\/www.eldigitaldeasturias.com\/noticias\/verlaine-oscar-wilde-y-los-sombreros-vintage-entre-las-joyas-de-duran-arte-y-subastas\/#mainImage"},"primaryImageOfPage":{"@id":"https:\/\/www.eldigitaldeasturias.com\/noticias\/verlaine-oscar-wilde-y-los-sombreros-vintage-entre-las-joyas-de-duran-arte-y-subastas\/#mainImage"},"datePublished":"2021-04-27T12:46:35+02:00","dateModified":"2021-04-27T12:46:35+02:00"},{"@type":"WebSite","@id":"https:\/\/www.eldigitaldeasturias.com\/noticias\/#website","url":"https:\/\/www.eldigitaldeasturias.com\/noticias\/","name":"El Digital de Asturias - Diario de actualidad y noticias","alternateName":"El Digital de Asturias - Diario de actualidad y noticias","description":"Hemeroteca","inLanguage":"es-ES","publisher":{"@id":"https:\/\/www.eldigitaldeasturias.com\/noticias\/#organization"}}]},"og:locale":"es_ES","og:site_name":"El Digital de Asturias","og:type":"article","og:title":"Verlaine, Oscar Wilde y los sombreros vintage entre las joyas de Dur\u00e1n Arte y Subastas - El Digital de Asturias","og:description":"Ser\u00e1 el pr\u00f3ximo d\u00eda 28 de abril cuando tenga lugar la pr\u00f3xima subasta de Dur\u00e1n Arte y Subastas y que, esta vez, tiene como protagonistas la literatura y la moda","og:url":"https:\/\/www.eldigitaldeasturias.com\/noticias\/verlaine-oscar-wilde-y-los-sombreros-vintage-entre-las-joyas-de-duran-arte-y-subastas\/","article:tag":["sociedad"],"article:published_time":"2021-04-27T11:46:35+00:00","article:modified_time":"2021-04-27T11:46:35+00:00","article:publisher":"https:\/\/facebook.com\/eldigitaldeasturias","twitter:card":"summary_large_image","twitter:title":"Verlaine, Oscar Wilde y los sombreros vintage entre las joyas de Dur\u00e1n Arte y Subastas - El Digital de Asturias","twitter:description":"Ser\u00e1 el pr\u00f3ximo d\u00eda 28 de abril cuando tenga lugar la pr\u00f3xima subasta de Dur\u00e1n Arte y Subastas y que, esta vez, tiene como protagonistas la literatura y la moda","twitter:image":"https:\/\/www.eldigitaldeasturias.com\/noticias\/wp-content\/uploads\/2020\/12\/EDA-1.jpg","twitter:label1":"Escrito por","twitter:data1":"El Digital de Asturias","twitter:label2":"Tiempo de lectura estimado","twitter:data2":"2 minutos"},"aioseo_meta_data":{"post_id":"1090301","title":null,"description":"Ser\u00e1 el pr\u00f3ximo d\u00eda 28 de abril cuando tenga lugar la pr\u00f3xima subasta de Dur\u00e1n Arte y Subastas y que, esta vez, tiene como protagonistas la literatura y la moda","keywords":[],"keyphrases":{"focus":[],"additional":[]},"primary_term":null,"canonical_url":null,"og_title":null,"og_description":null,"og_object_type":"default","og_image_type":"default","og_image_url":null,"og_image_width":null,"og_image_height":null,"og_image_custom_url":null,"og_image_custom_fields":null,"og_video":"","og_custom_url":null,"og_article_section":null,"og_article_tags":[],"twitter_use_og":false,"twitter_card":"default","twitter_image_type":"default","twitter_image_url":null,"twitter_image_custom_url":null,"twitter_image_custom_fields":null,"twitter_title":null,"twitter_description":null,"schema":{"blockGraphs":[],"customGraphs":[],"default":{"data":{"Article":[],"Course":[],"Dataset":[],"FAQPage":[],"Movie":[],"Person":[],"Product":[],"ProductReview":[],"Car":[],"Recipe":[],"Service":[],"SoftwareApplication":[],"WebPage":[]},"graphName":"","isEnabled":true},"graphs":[],"defaultGraph":"Article","defaultPostTypeGraph":""},"schema_type":"default","schema_type_options":"{\"article\":{\"articleType\":\"BlogPosting\"},\"course\":{\"name\":\"\",\"description\":\"\",\"provider\":\"\"},\"faq\":{\"pages\":[]},\"product\":{\"reviews\":[]},\"recipe\":{\"ingredients\":[],\"instructions\":[],\"keywords\":[]},\"software\":{\"reviews\":[],\"operatingSystems\":[]},\"webPage\":{\"webPageType\":\"WebPage\"}}","pillar_content":false,"robots_default":true,"robots_noindex":false,"robots_noarchive":false,"robots_nosnippet":false,"robots_nofollow":false,"robots_noimageindex":false,"robots_noodp":false,"robots_notranslate":false,"robots_max_snippet":"-1","robots_max_videopreview":"-1","robots_max_imagepreview":"large","priority":null,"frequency":"default","local_seo":{"locations":{"business":{"name":"","businessType":"","image":"","areaServed":"","urls":{"website":"","aboutPage":"","contactPage":""},"address":{"streetLine1":"","streetLine2":"","zipCode":"","city":"","state":"","country":"","addressFormat":"#streetLineOne\n#streetLineTwo\n#city, #state #zipCode"},"contact":{"phone":"","email":"","fax":""},"ids":{"vat":"","tax":"","chamberOfCommerce":""},"payment":{"priceRange":"","currenciesAccepted":"","methods":""}}},"openingHours":{"useDefaults":true,"show":true,"alwaysOpen":false,"use24hFormat":false,"timezone":"","labels":{"closed":"","alwaysOpen":""},"days":{"monday":{"open24h":false,"closed":false,"openTime":"09:00","closeTime":"17:00"},"tuesday":{"open24h":false,"closed":false,"openTime":"09:00","closeTime":"17:00"},"wednesday":{"open24h":false,"closed":false,"openTime":"09:00","closeTime":"17:00"},"thursday":{"open24h":false,"closed":false,"openTime":"09:00","closeTime":"17:00"},"friday":{"open24h":false,"closed":false,"openTime":"09:00","closeTime":"17:00"},"saturday":{"open24h":false,"closed":false,"openTime":"09:00","closeTime":"17:00"},"sunday":{"open24h":false,"closed":false,"openTime":"09:00","closeTime":"17:00"}}}},"seo_analyzer_scan_date":"2026-07-17 12:22:33","breadcrumb_settings":null,"limit_modified_date":false,"open_ai":null,"ai":null,"created":"2021-04-27 11:44:27","updated":"2026-07-17 12:22:33","focus_keyword":null,"additional_keywords":null,"truseo_locale":null},"aioseo_breadcrumb":"<div class=\"aioseo-breadcrumbs\"><span class=\"aioseo-breadcrumb\">\n\t<a href=\"https:\/\/www.eldigitaldeasturias.com\/noticias\" title=\"Home\">Home<\/a>\n<\/span><span class=\"aioseo-breadcrumb-separator\">\u2013<\/span><span class=\"aioseo-breadcrumb\">\n\t<a href=\"https:\/\/www.eldigitaldeasturias.com\/noticias\/category\/sociedad\/\" title=\"Sociedad\">Sociedad<\/a>\n<\/span><span class=\"aioseo-breadcrumb-separator\">\u2013<\/span><span class=\"aioseo-breadcrumb\">\n\t<a href=\"https:\/\/www.eldigitaldeasturias.com\/noticias\/verlaine-oscar-wilde-y-los-sombreros-vintage-entre-las-joyas-de-duran-arte-y-subastas\/\" title=\"Verlaine, Oscar Wilde y los sombreros vintage entre las joyas de Dur\u00e1n Arte y Subastas\">Verlaine, Oscar Wilde y los sombreros vintage entre las joyas de Dur\u00e1n Arte y Subastas<\/a>\n<\/span><\/div>","aioseo_breadcrumb_json":[{"label":"Home","link":"https:\/\/www.eldigitaldeasturias.com\/noticias"},{"label":"Sociedad","link":"https:\/\/www.eldigitaldeasturias.com\/noticias\/category\/sociedad\/"},{"label":"Verlaine, Oscar Wilde y los sombreros vintage entre las joyas de Dur\u00e1n Arte y Subastas","link":"https:\/\/www.eldigitaldeasturias.com\/noticias\/verlaine-oscar-wilde-y-los-sombreros-vintage-entre-las-joyas-de-duran-arte-y-subastas\/"}],"_links":{"self":[{"href":"https:\/\/www.eldigitaldeasturias.com\/noticias\/wp-json\/wp\/v2\/posts\/1090301","targetHints":{"allow":["GET"]}}],"collection":[{"href":"https:\/\/www.eldigitaldeasturias.com\/noticias\/wp-json\/wp\/v2\/posts"}],"about":[{"href":"https:\/\/www.eldigitaldeasturias.com\/noticias\/wp-json\/wp\/v2\/types\/post"}],"author":[{"embeddable":true,"href":"https:\/\/www.eldigitaldeasturias.com\/noticias\/wp-json\/wp\/v2\/users\/1"}],"replies":[{"embeddable":true,"href":"https:\/\/www.eldigitaldeasturias.com\/noticias\/wp-json\/wp\/v2\/comments?post=1090301"}],"version-history":[{"count":0,"href":"https:\/\/www.eldigitaldeasturias.com\/noticias\/wp-json\/wp\/v2\/posts\/1090301\/revisions"}],"wp:attachment":[{"href":"https:\/\/www.eldigitaldeasturias.com\/noticias\/wp-json\/wp\/v2\/media?parent=1090301"}],"wp:term":[{"taxonomy":"category","embeddable":true,"href":"https:\/\/www.eldigitaldeasturias.com\/noticias\/wp-json\/wp\/v2\/categories?post=1090301"},{"taxonomy":"post_tag","embeddable":true,"href":"https:\/\/www.eldigitaldeasturias.com\/noticias\/wp-json\/wp\/v2\/tags?post=1090301"}],"curies":[{"name":"wp","href":"https:\/\/api.w.org\/{rel}","templated":true}]}}