{"id":1090252,"date":"2021-04-26T13:03:59","date_gmt":"2021-04-26T12:03:59","guid":{"rendered":"https:\/\/www.eldigitaldeasturias.com\/noticias\/?p=1090252"},"modified":"2021-04-26T14:11:40","modified_gmt":"2021-04-26T13:11:40","slug":"dia-mundial-del-libro-el-68-de-la-poblacion-espanola-leyo-por-lo-menos-un-libro-en-2020","status":"publish","type":"post","link":"https:\/\/www.eldigitaldeasturias.com\/noticias\/dia-mundial-del-libro-el-68-de-la-poblacion-espanola-leyo-por-lo-menos-un-libro-en-2020\/","title":{"rendered":"D\u00eda Mundial del Libro: el 68% de la poblaci\u00f3n espa\u00f1ola ley\u00f3 por lo menos un libro en 2020"},"content":{"rendered":"<p><img loading=\"lazy\" decoding=\"async\" class=\"alignleft size-medium wp-image-1090253\" src=\"https:\/\/www.eldigitaldeasturias.com\/noticias\/wp-content\/uploads\/2021\/04\/libros-360x240.jpg\" alt=\"Libros\" width=\"360\" height=\"240\" \/>El 23 de abril se celebra el <strong>D\u00eda Mundial del Libro<\/strong> y la fiesta de <strong>Sant Jordi<\/strong>: en este d\u00eda, que une amor y cultura, es costumbre regalar libros y rosas. Con motivo de estas celebraciones, <span style=\"color: #ff6600;\"><strong><a style=\"color: #ff6600;\" href=\"https:\/\/es.babbel.com\/\" target=\"_blank\" rel=\"noopener\">Babbel<\/a><\/strong><\/span>, la app de referencia en el aprendizaje de idiomas en l\u00ednea, ha realizado la infograf\u00eda \u201c<span style=\"color: #ff6600;\"><strong><a style=\"color: #ff6600;\" href=\"https:\/\/es.babbel.com\/los-libros-mas-traducidos\" target=\"_blank\" rel=\"noopener\">Books in translation<\/a><\/strong><\/span>\u201d, en la que se presentan los h\u00e1bitos de los espa\u00f1oles respecto a la lectura y los datos sobre los libros m\u00e1s traducidos y le\u00eddos en el mundo y en Espa\u00f1a.<\/p>\n<p>Los espa\u00f1oles son lectores habituales: leen <strong>5:48 horas<\/strong> a la semana, superados solo por los suecos y los franceses (6:54 horas\/semana). Estamos seguros de que en las colecciones de todos los lectores se encuentran algunos de los libros m\u00e1s traducidos de la historia: desde \u201cEl Principito\u201d, traducido a 253 idiomas, hasta \u201cVeinte mil leguas de viaje submarino\u201d traducido a 148 idiomas.<\/p>\n<p>Entre los autores m\u00e1s exitosos en el panorama actual se encuentra <strong>Carlos Ruiz Zaf\u00f3n<\/strong>. Su obra m\u00e1s representativa es \u201cLa sombra del viento\u201d, traducida a 36 idiomas, con 15 millones de copias vendidas en el mundo.<\/p>\n<p>Los <strong>escritores espa\u00f1oles e hispanoamericanos<\/strong> son muy apreciados en todos los pa\u00edses del\u00a0 mundo: entre los cl\u00e1sicos podemos citar a Miguel de Cervantes y Gabriel Garc\u00eda M\u00e1rquez, entre los contempor\u00e1neos destacan Isabel Allende y Mario Vargas Llosa.<\/p>\n<p>El mercado editorial espa\u00f1ol es muy amplio y variado. En 2020 se vendieron en Espa\u00f1a m\u00e1s de <strong>3,5 millones de libros<\/strong> y las ventas globales alcanzaron casi los <strong>57 millones de euros<\/strong>.<\/p>\n<p>El a\u00f1o pasado, el <strong>68% de la poblaci\u00f3n espa\u00f1ola<\/strong> ley\u00f3 por lo menos un libro y la mayor\u00eda de la poblaci\u00f3n lectora tiene entre 14 y 24 a\u00f1os (73,8%).<\/p>\n<p>La lectura ayud\u00f3 mucho a los espa\u00f1oles durante el confinamiento, aportando relajaci\u00f3n, tranquilidad y \u00e1nimo positivo. Leer libros en un idioma extranjero sirvi\u00f3, adem\u00e1s, para aprender idiomas nuevos.<\/p>\n<p>\u00a1S\u00famate a esta aventura! Lee y vive en nuevos incre\u00edbles mundos\u2026 c\u00f3modamente desde el sof\u00e1 de casa.<\/p>\n<p>&nbsp;<\/p>\n<p>&nbsp;<\/p>\n","protected":false},"excerpt":{"rendered":"<p>El 23 de abril se celebra el D\u00eda Mundial del Libro y la fiesta de Sant Jordi: en este d\u00eda, que une amor y cultura, es costumbre regalar libros y rosas. Con motivo de estas celebraciones, Babbel, la app de referencia en el aprendizaje de idiomas en l\u00ednea, ha realizado la infograf\u00eda \u201cBooks in translation\u201d, [&hellip;]<\/p>\n","protected":false},"author":1,"featured_media":1090253,"comment_status":"closed","ping_status":"closed","sticky":false,"template":"","format":"standard","meta":{"footnotes":""},"categories":[28],"tags":[],"class_list":["post-1090252","post","type-post","status-publish","format-standard","has-post-thumbnail","hentry","category-sociedad"],"aioseo_notices":[],"aioseo_head":"\n\t\t<!-- All in One SEO Pro 5.0.1 - aioseo.com -->\n\t<meta name=\"description\" content=\"El 23 de abril se celebra el D\u00eda Mundial del Libro y la fiesta de Sant Jordi: en este d\u00eda, que une amor y cultura, es costumbre regalar libros y rosas.\" \/>\n\t<meta name=\"robots\" content=\"max-image-preview:large\" \/>\n\t<meta name=\"author\" content=\"El Digital de Asturias\"\/>\n\t<meta name=\"google-site-verification\" content=\"UA-38556648-1\" \/>\n\t<meta name=\"msvalidate.01\" content=\"7dfe9f3f1b24437ab69f4f2559babe99\" \/>\n\t<meta name=\"keywords\" content=\"sociedad\" \/>\n\t<link rel=\"canonical\" href=\"https:\/\/www.eldigitaldeasturias.com\/noticias\/dia-mundial-del-libro-el-68-de-la-poblacion-espanola-leyo-por-lo-menos-un-libro-en-2020\/\" \/>\n\t<meta name=\"generator\" content=\"All in One SEO Pro (AIOSEO) 5.0.1\" \/>\n\t\t<meta property=\"og:locale\" content=\"es_ES\" \/>\n\t\t<meta property=\"og:site_name\" content=\"El Digital de Asturias\" \/>\n\t\t<meta property=\"og:type\" content=\"article\" \/>\n\t\t<meta property=\"og:title\" content=\"D\u00eda Mundial del Libro: el 68% de la poblaci\u00f3n espa\u00f1ola ley\u00f3 por lo menos un libro en 2020 - El Digital de Asturias\" \/>\n\t\t<meta property=\"og:description\" content=\"El 23 de abril se celebra el D\u00eda Mundial del Libro y la fiesta de Sant Jordi: en este d\u00eda, que une amor y cultura, es costumbre regalar libros y rosas.\" \/>\n\t\t<meta property=\"og:url\" content=\"https:\/\/www.eldigitaldeasturias.com\/noticias\/dia-mundial-del-libro-el-68-de-la-poblacion-espanola-leyo-por-lo-menos-un-libro-en-2020\/\" \/>\n\t\t<meta property=\"article:tag\" content=\"sociedad\" \/>\n\t\t<meta property=\"article:published_time\" content=\"2021-04-26T12:03:59+00:00\" \/>\n\t\t<meta property=\"article:modified_time\" content=\"2021-04-26T13:11:40+00:00\" \/>\n\t\t<meta property=\"article:publisher\" content=\"https:\/\/facebook.com\/eldigitaldeasturias\" \/>\n\t\t<meta name=\"twitter:card\" content=\"summary_large_image\" \/>\n\t\t<meta name=\"twitter:title\" content=\"D\u00eda Mundial del Libro: el 68% de la poblaci\u00f3n espa\u00f1ola ley\u00f3 por lo menos un libro en 2020 - El Digital de Asturias\" \/>\n\t\t<meta name=\"twitter:description\" content=\"El 23 de abril se celebra el D\u00eda Mundial del Libro y la fiesta de Sant Jordi: en este d\u00eda, que une amor y cultura, es costumbre regalar libros y rosas.\" \/>\n\t\t<meta name=\"twitter:image\" content=\"https:\/\/www.eldigitaldeasturias.com\/noticias\/wp-content\/uploads\/2020\/12\/EDA-1.jpg\" \/>\n\t\t<meta name=\"twitter:label1\" content=\"Escrito por\" \/>\n\t\t<meta name=\"twitter:data1\" content=\"El Digital de Asturias\" \/>\n\t\t<meta name=\"twitter:label2\" content=\"Tiempo de lectura estimado\" \/>\n\t\t<meta name=\"twitter:data2\" content=\"2 minutos\" \/>\n\t\t<script type=\"application\/ld+json\" class=\"aioseo-schema\">\n\t\t\t{\"@context\":\"https:\\\/\\\/schema.org\",\"@graph\":[{\"@type\":\"BlogPosting\",\"@id\":\"https:\\\/\\\/www.eldigitaldeasturias.com\\\/noticias\\\/dia-mundial-del-libro-el-68-de-la-poblacion-espanola-leyo-por-lo-menos-un-libro-en-2020\\\/#blogposting\",\"name\":\"D\\u00eda Mundial del Libro: el 68% de la poblaci\\u00f3n espa\\u00f1ola ley\\u00f3 por lo menos un libro en 2020 - El Digital de Asturias\",\"headline\":\"D\\u00eda Mundial del Libro: el 68% de la poblaci\\u00f3n espa\\u00f1ola ley\\u00f3 por lo menos un libro en 2020\",\"author\":{\"@id\":\"https:\\\/\\\/www.eldigitaldeasturias.com\\\/noticias\\\/author\\\/admin\\\/#author\"},\"publisher\":{\"@id\":\"https:\\\/\\\/www.eldigitaldeasturias.com\\\/noticias\\\/#organization\"},\"image\":{\"@type\":\"ImageObject\",\"url\":1090253},\"datePublished\":\"2021-04-26T13:03:59+02:00\",\"dateModified\":\"2021-04-26T14:11:40+02:00\",\"inLanguage\":\"es-ES\",\"mainEntityOfPage\":{\"@id\":\"https:\\\/\\\/www.eldigitaldeasturias.com\\\/noticias\\\/dia-mundial-del-libro-el-68-de-la-poblacion-espanola-leyo-por-lo-menos-un-libro-en-2020\\\/#webpage\"},\"isPartOf\":{\"@id\":\"https:\\\/\\\/www.eldigitaldeasturias.com\\\/noticias\\\/dia-mundial-del-libro-el-68-de-la-poblacion-espanola-leyo-por-lo-menos-un-libro-en-2020\\\/#webpage\"},\"articleSection\":\"Sociedad\"},{\"@type\":\"BreadcrumbList\",\"@id\":\"https:\\\/\\\/www.eldigitaldeasturias.com\\\/noticias\\\/dia-mundial-del-libro-el-68-de-la-poblacion-espanola-leyo-por-lo-menos-un-libro-en-2020\\\/#breadcrumblist\",\"itemListElement\":[{\"@type\":\"ListItem\",\"@id\":\"https:\\\/\\\/www.eldigitaldeasturias.com\\\/noticias#listItem\",\"position\":1,\"name\":\"Home\",\"item\":\"https:\\\/\\\/www.eldigitaldeasturias.com\\\/noticias\",\"nextItem\":{\"@type\":\"ListItem\",\"@id\":\"https:\\\/\\\/www.eldigitaldeasturias.com\\\/noticias\\\/category\\\/sociedad\\\/#listItem\",\"name\":\"Sociedad\"}},{\"@type\":\"ListItem\",\"@id\":\"https:\\\/\\\/www.eldigitaldeasturias.com\\\/noticias\\\/category\\\/sociedad\\\/#listItem\",\"position\":2,\"name\":\"Sociedad\",\"item\":\"https:\\\/\\\/www.eldigitaldeasturias.com\\\/noticias\\\/category\\\/sociedad\\\/\",\"nextItem\":{\"@type\":\"ListItem\",\"@id\":\"https:\\\/\\\/www.eldigitaldeasturias.com\\\/noticias\\\/dia-mundial-del-libro-el-68-de-la-poblacion-espanola-leyo-por-lo-menos-un-libro-en-2020\\\/#listItem\",\"name\":\"D\\u00eda Mundial del Libro: el 68% de la poblaci\\u00f3n espa\\u00f1ola ley\\u00f3 por lo menos un libro en 2020\"},\"previousItem\":{\"@type\":\"ListItem\",\"@id\":\"https:\\\/\\\/www.eldigitaldeasturias.com\\\/noticias#listItem\",\"name\":\"Home\"}},{\"@type\":\"ListItem\",\"@id\":\"https:\\\/\\\/www.eldigitaldeasturias.com\\\/noticias\\\/dia-mundial-del-libro-el-68-de-la-poblacion-espanola-leyo-por-lo-menos-un-libro-en-2020\\\/#listItem\",\"position\":3,\"name\":\"D\\u00eda Mundial del Libro: el 68% de la poblaci\\u00f3n espa\\u00f1ola ley\\u00f3 por lo menos un libro en 2020\",\"previousItem\":{\"@type\":\"ListItem\",\"@id\":\"https:\\\/\\\/www.eldigitaldeasturias.com\\\/noticias\\\/category\\\/sociedad\\\/#listItem\",\"name\":\"Sociedad\"}}]},{\"@type\":\"Organization\",\"@id\":\"https:\\\/\\\/www.eldigitaldeasturias.com\\\/noticias\\\/#organization\",\"name\":\"El Digital de Asturias\",\"description\":\"Hemeroteca\",\"url\":\"https:\\\/\\\/www.eldigitaldeasturias.com\\\/noticias\\\/\",\"email\":\"info@eldigitaldeasturias.com\",\"telephone\":\"+34652131393\",\"logo\":{\"@type\":\"ImageObject\",\"url\":\"https:\\\/\\\/www.eldigitaldeasturias.com\\\/noticias\\\/wp-content\\\/uploads\\\/2020\\\/12\\\/EDA.jpg\",\"@id\":\"https:\\\/\\\/www.eldigitaldeasturias.com\\\/noticias\\\/dia-mundial-del-libro-el-68-de-la-poblacion-espanola-leyo-por-lo-menos-un-libro-en-2020\\\/#organizationLogo\"},\"image\":{\"@id\":\"https:\\\/\\\/www.eldigitaldeasturias.com\\\/noticias\\\/dia-mundial-del-libro-el-68-de-la-poblacion-espanola-leyo-por-lo-menos-un-libro-en-2020\\\/#organizationLogo\"},\"sameAs\":[\"https:\\\/\\\/facebook.com\\\/eldigitaldeasturias\",\"https:\\\/\\\/www.youtube.com\\\/channel\\\/UCZP-2wLEB9Rv6erhFmqVnvg\"],\"address\":{\"@id\":\"https:\\\/\\\/www.eldigitaldeasturias.com\\\/noticias\\\/#postaladdress\",\"@type\":\"PostalAddress\",\"streetAddress\":\"san antonio 4\",\"postalCode\":\"33430\",\"addressLocality\":\"Cand\\u00e1s\",\"addressRegion\":\"Asturias\",\"addressCountry\":\"ES\"}},{\"@type\":\"Person\",\"@id\":\"https:\\\/\\\/www.eldigitaldeasturias.com\\\/noticias\\\/author\\\/admin\\\/#author\",\"url\":\"https:\\\/\\\/www.eldigitaldeasturias.com\\\/noticias\\\/author\\\/admin\\\/\",\"name\":\"El Digital de Asturias\",\"image\":{\"@type\":\"ImageObject\",\"@id\":\"https:\\\/\\\/www.eldigitaldeasturias.com\\\/noticias\\\/dia-mundial-del-libro-el-68-de-la-poblacion-espanola-leyo-por-lo-menos-un-libro-en-2020\\\/#authorImage\",\"url\":\"https:\\\/\\\/secure.gravatar.com\\\/avatar\\\/df2aeffc32bcd13f8d26072ef8a91b623d677766deac7f97ca815868cd41bf5e?s=96&d=mm&r=g\",\"width\":96,\"height\":96,\"caption\":\"El Digital de Asturias\"}},{\"@type\":\"WebPage\",\"@id\":\"https:\\\/\\\/www.eldigitaldeasturias.com\\\/noticias\\\/dia-mundial-del-libro-el-68-de-la-poblacion-espanola-leyo-por-lo-menos-un-libro-en-2020\\\/#webpage\",\"url\":\"https:\\\/\\\/www.eldigitaldeasturias.com\\\/noticias\\\/dia-mundial-del-libro-el-68-de-la-poblacion-espanola-leyo-por-lo-menos-un-libro-en-2020\\\/\",\"name\":\"D\\u00eda Mundial del Libro: el 68% de la poblaci\\u00f3n espa\\u00f1ola ley\\u00f3 por lo menos un libro en 2020 - El Digital de Asturias\",\"description\":\"El 23 de abril se celebra el D\\u00eda Mundial del Libro y la fiesta de Sant Jordi: en este d\\u00eda, que une amor y cultura, es costumbre regalar libros y rosas.\",\"inLanguage\":\"es-ES\",\"isPartOf\":{\"@id\":\"https:\\\/\\\/www.eldigitaldeasturias.com\\\/noticias\\\/#website\"},\"breadcrumb\":{\"@id\":\"https:\\\/\\\/www.eldigitaldeasturias.com\\\/noticias\\\/dia-mundial-del-libro-el-68-de-la-poblacion-espanola-leyo-por-lo-menos-un-libro-en-2020\\\/#breadcrumblist\"},\"author\":{\"@id\":\"https:\\\/\\\/www.eldigitaldeasturias.com\\\/noticias\\\/author\\\/admin\\\/#author\"},\"creator\":{\"@id\":\"https:\\\/\\\/www.eldigitaldeasturias.com\\\/noticias\\\/author\\\/admin\\\/#author\"},\"image\":{\"@type\":\"ImageObject\",\"url\":1090253,\"@id\":\"https:\\\/\\\/www.eldigitaldeasturias.com\\\/noticias\\\/dia-mundial-del-libro-el-68-de-la-poblacion-espanola-leyo-por-lo-menos-un-libro-en-2020\\\/#mainImage\"},\"primaryImageOfPage\":{\"@id\":\"https:\\\/\\\/www.eldigitaldeasturias.com\\\/noticias\\\/dia-mundial-del-libro-el-68-de-la-poblacion-espanola-leyo-por-lo-menos-un-libro-en-2020\\\/#mainImage\"},\"datePublished\":\"2021-04-26T13:03:59+02:00\",\"dateModified\":\"2021-04-26T14:11:40+02:00\"},{\"@type\":\"WebSite\",\"@id\":\"https:\\\/\\\/www.eldigitaldeasturias.com\\\/noticias\\\/#website\",\"url\":\"https:\\\/\\\/www.eldigitaldeasturias.com\\\/noticias\\\/\",\"name\":\"El Digital de Asturias - Diario de actualidad y noticias\",\"alternateName\":\"El Digital de Asturias - Diario de actualidad y noticias\",\"description\":\"Hemeroteca\",\"inLanguage\":\"es-ES\",\"publisher\":{\"@id\":\"https:\\\/\\\/www.eldigitaldeasturias.com\\\/noticias\\\/#organization\"}}]}\n\t\t<\/script>\n\t\t<!-- All in One SEO Pro -->\r\n\t\t<title>D\u00eda Mundial del Libro: el 68% de la poblaci\u00f3n espa\u00f1ola ley\u00f3 por lo menos un libro en 2020 - El Digital de Asturias<\/title>\n\n","aioseo_head_json":{"title":"D\u00eda Mundial del Libro: el 68% de la poblaci\u00f3n espa\u00f1ola ley\u00f3 por lo menos un libro en 2020 - El Digital de Asturias","description":"El 23 de abril se celebra el D\u00eda Mundial del Libro y la fiesta de Sant Jordi: en este d\u00eda, que une amor y cultura, es costumbre regalar libros y rosas.","canonical_url":"https:\/\/www.eldigitaldeasturias.com\/noticias\/dia-mundial-del-libro-el-68-de-la-poblacion-espanola-leyo-por-lo-menos-un-libro-en-2020\/","robots":"max-image-preview:large","keywords":"sociedad","webmasterTools":{"google-site-verification":"UA-38556648-1","msvalidate.01":"7dfe9f3f1b24437ab69f4f2559babe99","miscellaneous":""},"schema":{"@context":"https:\/\/schema.org","@graph":[{"@type":"BlogPosting","@id":"https:\/\/www.eldigitaldeasturias.com\/noticias\/dia-mundial-del-libro-el-68-de-la-poblacion-espanola-leyo-por-lo-menos-un-libro-en-2020\/#blogposting","name":"D\u00eda Mundial del Libro: el 68% de la poblaci\u00f3n espa\u00f1ola ley\u00f3 por lo menos un libro en 2020 - El Digital de Asturias","headline":"D\u00eda Mundial del Libro: el 68% de la poblaci\u00f3n espa\u00f1ola ley\u00f3 por lo menos un libro en 2020","author":{"@id":"https:\/\/www.eldigitaldeasturias.com\/noticias\/author\/admin\/#author"},"publisher":{"@id":"https:\/\/www.eldigitaldeasturias.com\/noticias\/#organization"},"image":{"@type":"ImageObject","url":1090253},"datePublished":"2021-04-26T13:03:59+02:00","dateModified":"2021-04-26T14:11:40+02:00","inLanguage":"es-ES","mainEntityOfPage":{"@id":"https:\/\/www.eldigitaldeasturias.com\/noticias\/dia-mundial-del-libro-el-68-de-la-poblacion-espanola-leyo-por-lo-menos-un-libro-en-2020\/#webpage"},"isPartOf":{"@id":"https:\/\/www.eldigitaldeasturias.com\/noticias\/dia-mundial-del-libro-el-68-de-la-poblacion-espanola-leyo-por-lo-menos-un-libro-en-2020\/#webpage"},"articleSection":"Sociedad"},{"@type":"BreadcrumbList","@id":"https:\/\/www.eldigitaldeasturias.com\/noticias\/dia-mundial-del-libro-el-68-de-la-poblacion-espanola-leyo-por-lo-menos-un-libro-en-2020\/#breadcrumblist","itemListElement":[{"@type":"ListItem","@id":"https:\/\/www.eldigitaldeasturias.com\/noticias#listItem","position":1,"name":"Home","item":"https:\/\/www.eldigitaldeasturias.com\/noticias","nextItem":{"@type":"ListItem","@id":"https:\/\/www.eldigitaldeasturias.com\/noticias\/category\/sociedad\/#listItem","name":"Sociedad"}},{"@type":"ListItem","@id":"https:\/\/www.eldigitaldeasturias.com\/noticias\/category\/sociedad\/#listItem","position":2,"name":"Sociedad","item":"https:\/\/www.eldigitaldeasturias.com\/noticias\/category\/sociedad\/","nextItem":{"@type":"ListItem","@id":"https:\/\/www.eldigitaldeasturias.com\/noticias\/dia-mundial-del-libro-el-68-de-la-poblacion-espanola-leyo-por-lo-menos-un-libro-en-2020\/#listItem","name":"D\u00eda Mundial del Libro: el 68% de la poblaci\u00f3n espa\u00f1ola ley\u00f3 por lo menos un libro en 2020"},"previousItem":{"@type":"ListItem","@id":"https:\/\/www.eldigitaldeasturias.com\/noticias#listItem","name":"Home"}},{"@type":"ListItem","@id":"https:\/\/www.eldigitaldeasturias.com\/noticias\/dia-mundial-del-libro-el-68-de-la-poblacion-espanola-leyo-por-lo-menos-un-libro-en-2020\/#listItem","position":3,"name":"D\u00eda Mundial del Libro: el 68% de la poblaci\u00f3n espa\u00f1ola ley\u00f3 por lo menos un libro en 2020","previousItem":{"@type":"ListItem","@id":"https:\/\/www.eldigitaldeasturias.com\/noticias\/category\/sociedad\/#listItem","name":"Sociedad"}}]},{"@type":"Organization","@id":"https:\/\/www.eldigitaldeasturias.com\/noticias\/#organization","name":"El Digital de Asturias","description":"Hemeroteca","url":"https:\/\/www.eldigitaldeasturias.com\/noticias\/","email":"info@eldigitaldeasturias.com","telephone":"+34652131393","logo":{"@type":"ImageObject","url":"https:\/\/www.eldigitaldeasturias.com\/noticias\/wp-content\/uploads\/2020\/12\/EDA.jpg","@id":"https:\/\/www.eldigitaldeasturias.com\/noticias\/dia-mundial-del-libro-el-68-de-la-poblacion-espanola-leyo-por-lo-menos-un-libro-en-2020\/#organizationLogo"},"image":{"@id":"https:\/\/www.eldigitaldeasturias.com\/noticias\/dia-mundial-del-libro-el-68-de-la-poblacion-espanola-leyo-por-lo-menos-un-libro-en-2020\/#organizationLogo"},"sameAs":["https:\/\/facebook.com\/eldigitaldeasturias","https:\/\/www.youtube.com\/channel\/UCZP-2wLEB9Rv6erhFmqVnvg"],"address":{"@id":"https:\/\/www.eldigitaldeasturias.com\/noticias\/#postaladdress","@type":"PostalAddress","streetAddress":"san antonio 4","postalCode":"33430","addressLocality":"Cand\u00e1s","addressRegion":"Asturias","addressCountry":"ES"}},{"@type":"Person","@id":"https:\/\/www.eldigitaldeasturias.com\/noticias\/author\/admin\/#author","url":"https:\/\/www.eldigitaldeasturias.com\/noticias\/author\/admin\/","name":"El Digital de Asturias","image":{"@type":"ImageObject","@id":"https:\/\/www.eldigitaldeasturias.com\/noticias\/dia-mundial-del-libro-el-68-de-la-poblacion-espanola-leyo-por-lo-menos-un-libro-en-2020\/#authorImage","url":"https:\/\/secure.gravatar.com\/avatar\/df2aeffc32bcd13f8d26072ef8a91b623d677766deac7f97ca815868cd41bf5e?s=96&d=mm&r=g","width":96,"height":96,"caption":"El Digital de Asturias"}},{"@type":"WebPage","@id":"https:\/\/www.eldigitaldeasturias.com\/noticias\/dia-mundial-del-libro-el-68-de-la-poblacion-espanola-leyo-por-lo-menos-un-libro-en-2020\/#webpage","url":"https:\/\/www.eldigitaldeasturias.com\/noticias\/dia-mundial-del-libro-el-68-de-la-poblacion-espanola-leyo-por-lo-menos-un-libro-en-2020\/","name":"D\u00eda Mundial del Libro: el 68% de la poblaci\u00f3n espa\u00f1ola ley\u00f3 por lo menos un libro en 2020 - El Digital de Asturias","description":"El 23 de abril se celebra el D\u00eda Mundial del Libro y la fiesta de Sant Jordi: en este d\u00eda, que une amor y cultura, es costumbre regalar libros y rosas.","inLanguage":"es-ES","isPartOf":{"@id":"https:\/\/www.eldigitaldeasturias.com\/noticias\/#website"},"breadcrumb":{"@id":"https:\/\/www.eldigitaldeasturias.com\/noticias\/dia-mundial-del-libro-el-68-de-la-poblacion-espanola-leyo-por-lo-menos-un-libro-en-2020\/#breadcrumblist"},"author":{"@id":"https:\/\/www.eldigitaldeasturias.com\/noticias\/author\/admin\/#author"},"creator":{"@id":"https:\/\/www.eldigitaldeasturias.com\/noticias\/author\/admin\/#author"},"image":{"@type":"ImageObject","url":1090253,"@id":"https:\/\/www.eldigitaldeasturias.com\/noticias\/dia-mundial-del-libro-el-68-de-la-poblacion-espanola-leyo-por-lo-menos-un-libro-en-2020\/#mainImage"},"primaryImageOfPage":{"@id":"https:\/\/www.eldigitaldeasturias.com\/noticias\/dia-mundial-del-libro-el-68-de-la-poblacion-espanola-leyo-por-lo-menos-un-libro-en-2020\/#mainImage"},"datePublished":"2021-04-26T13:03:59+02:00","dateModified":"2021-04-26T14:11:40+02:00"},{"@type":"WebSite","@id":"https:\/\/www.eldigitaldeasturias.com\/noticias\/#website","url":"https:\/\/www.eldigitaldeasturias.com\/noticias\/","name":"El Digital de Asturias - Diario de actualidad y noticias","alternateName":"El Digital de Asturias - Diario de actualidad y noticias","description":"Hemeroteca","inLanguage":"es-ES","publisher":{"@id":"https:\/\/www.eldigitaldeasturias.com\/noticias\/#organization"}}]},"og:locale":"es_ES","og:site_name":"El Digital de Asturias","og:type":"article","og:title":"D\u00eda Mundial del Libro: el 68% de la poblaci\u00f3n espa\u00f1ola ley\u00f3 por lo menos un libro en 2020 - El Digital de Asturias","og:description":"El 23 de abril se celebra el D\u00eda Mundial del Libro y la fiesta de Sant Jordi: en este d\u00eda, que une amor y cultura, es costumbre regalar libros y rosas.","og:url":"https:\/\/www.eldigitaldeasturias.com\/noticias\/dia-mundial-del-libro-el-68-de-la-poblacion-espanola-leyo-por-lo-menos-un-libro-en-2020\/","article:tag":["sociedad"],"article:published_time":"2021-04-26T12:03:59+00:00","article:modified_time":"2021-04-26T13:11:40+00:00","article:publisher":"https:\/\/facebook.com\/eldigitaldeasturias","twitter:card":"summary_large_image","twitter:title":"D\u00eda Mundial del Libro: el 68% de la poblaci\u00f3n espa\u00f1ola ley\u00f3 por lo menos un libro en 2020 - El Digital de Asturias","twitter:description":"El 23 de abril se celebra el D\u00eda Mundial del Libro y la fiesta de Sant Jordi: en este d\u00eda, que une amor y cultura, es costumbre regalar libros y rosas.","twitter:image":"https:\/\/www.eldigitaldeasturias.com\/noticias\/wp-content\/uploads\/2020\/12\/EDA-1.jpg","twitter:label1":"Escrito por","twitter:data1":"El Digital de Asturias","twitter:label2":"Tiempo de lectura estimado","twitter:data2":"2 minutos"},"aioseo_meta_data":{"post_id":"1090252","title":null,"description":"El 23 de abril se celebra el D\u00eda Mundial del Libro y la fiesta de Sant Jordi: en este d\u00eda, que une amor y cultura, es costumbre regalar libros y rosas.","keywords":[],"keyphrases":{"focus":[],"additional":[]},"primary_term":null,"canonical_url":null,"og_title":null,"og_description":null,"og_object_type":"default","og_image_type":"default","og_image_url":null,"og_image_width":null,"og_image_height":null,"og_image_custom_url":null,"og_image_custom_fields":null,"og_video":"","og_custom_url":null,"og_article_section":null,"og_article_tags":[],"twitter_use_og":false,"twitter_card":"default","twitter_image_type":"default","twitter_image_url":null,"twitter_image_custom_url":null,"twitter_image_custom_fields":null,"twitter_title":null,"twitter_description":null,"schema":{"blockGraphs":[],"customGraphs":[],"default":{"data":{"Article":[],"Course":[],"Dataset":[],"FAQPage":[],"Movie":[],"Person":[],"Product":[],"ProductReview":[],"Car":[],"Recipe":[],"Service":[],"SoftwareApplication":[],"WebPage":[]},"graphName":"","isEnabled":true},"graphs":[],"defaultGraph":"Article","defaultPostTypeGraph":""},"schema_type":"default","schema_type_options":"{\"article\":{\"articleType\":\"BlogPosting\"},\"course\":{\"name\":\"\",\"description\":\"\",\"provider\":\"\"},\"faq\":{\"pages\":[]},\"product\":{\"reviews\":[]},\"recipe\":{\"ingredients\":[],\"instructions\":[],\"keywords\":[]},\"software\":{\"reviews\":[],\"operatingSystems\":[]},\"webPage\":{\"webPageType\":\"WebPage\"}}","pillar_content":false,"robots_default":true,"robots_noindex":false,"robots_noarchive":false,"robots_nosnippet":false,"robots_nofollow":false,"robots_noimageindex":false,"robots_noodp":false,"robots_notranslate":false,"robots_max_snippet":"-1","robots_max_videopreview":"-1","robots_max_imagepreview":"large","priority":null,"frequency":"default","local_seo":{"locations":{"business":{"name":"","businessType":"","image":"","areaServed":"","urls":{"website":"","aboutPage":"","contactPage":""},"address":{"streetLine1":"","streetLine2":"","zipCode":"","city":"","state":"","country":"","addressFormat":"#streetLineOne\n#streetLineTwo\n#city, #state #zipCode"},"contact":{"phone":"","email":"","fax":""},"ids":{"vat":"","tax":"","chamberOfCommerce":""},"payment":{"priceRange":"","currenciesAccepted":"","methods":""}}},"openingHours":{"useDefaults":true,"show":true,"alwaysOpen":false,"use24hFormat":false,"timezone":"","labels":{"closed":"","alwaysOpen":""},"days":{"monday":{"open24h":false,"closed":false,"openTime":"09:00","closeTime":"17:00"},"tuesday":{"open24h":false,"closed":false,"openTime":"09:00","closeTime":"17:00"},"wednesday":{"open24h":false,"closed":false,"openTime":"09:00","closeTime":"17:00"},"thursday":{"open24h":false,"closed":false,"openTime":"09:00","closeTime":"17:00"},"friday":{"open24h":false,"closed":false,"openTime":"09:00","closeTime":"17:00"},"saturday":{"open24h":false,"closed":false,"openTime":"09:00","closeTime":"17:00"},"sunday":{"open24h":false,"closed":false,"openTime":"09:00","closeTime":"17:00"}}}},"seo_analyzer_scan_date":"2026-07-17 11:58:41","breadcrumb_settings":null,"limit_modified_date":false,"open_ai":null,"ai":null,"created":"2021-04-26 11:56:12","updated":"2026-07-17 11:58:41","focus_keyword":null,"additional_keywords":null,"truseo_locale":null},"aioseo_breadcrumb":"<div class=\"aioseo-breadcrumbs\"><span class=\"aioseo-breadcrumb\">\n\t<a href=\"https:\/\/www.eldigitaldeasturias.com\/noticias\" title=\"Home\">Home<\/a>\n<\/span><span class=\"aioseo-breadcrumb-separator\">\u2013<\/span><span class=\"aioseo-breadcrumb\">\n\t<a href=\"https:\/\/www.eldigitaldeasturias.com\/noticias\/category\/sociedad\/\" title=\"Sociedad\">Sociedad<\/a>\n<\/span><span class=\"aioseo-breadcrumb-separator\">\u2013<\/span><span class=\"aioseo-breadcrumb\">\n\t<a href=\"https:\/\/www.eldigitaldeasturias.com\/noticias\/dia-mundial-del-libro-el-68-de-la-poblacion-espanola-leyo-por-lo-menos-un-libro-en-2020\/\" title=\"D\u00eda Mundial del Libro: el 68% de la poblaci\u00f3n espa\u00f1ola ley\u00f3 por lo menos un libro en 2020\">D\u00eda Mundial del Libro: el 68% de la poblaci\u00f3n espa\u00f1ola ley\u00f3 por lo menos un libro en 2020<\/a>\n<\/span><\/div>","aioseo_breadcrumb_json":[{"label":"Home","link":"https:\/\/www.eldigitaldeasturias.com\/noticias"},{"label":"Sociedad","link":"https:\/\/www.eldigitaldeasturias.com\/noticias\/category\/sociedad\/"},{"label":"D\u00eda Mundial del Libro: el 68% de la poblaci\u00f3n espa\u00f1ola ley\u00f3 por lo menos un libro en 2020","link":"https:\/\/www.eldigitaldeasturias.com\/noticias\/dia-mundial-del-libro-el-68-de-la-poblacion-espanola-leyo-por-lo-menos-un-libro-en-2020\/"}],"_links":{"self":[{"href":"https:\/\/www.eldigitaldeasturias.com\/noticias\/wp-json\/wp\/v2\/posts\/1090252","targetHints":{"allow":["GET"]}}],"collection":[{"href":"https:\/\/www.eldigitaldeasturias.com\/noticias\/wp-json\/wp\/v2\/posts"}],"about":[{"href":"https:\/\/www.eldigitaldeasturias.com\/noticias\/wp-json\/wp\/v2\/types\/post"}],"author":[{"embeddable":true,"href":"https:\/\/www.eldigitaldeasturias.com\/noticias\/wp-json\/wp\/v2\/users\/1"}],"replies":[{"embeddable":true,"href":"https:\/\/www.eldigitaldeasturias.com\/noticias\/wp-json\/wp\/v2\/comments?post=1090252"}],"version-history":[{"count":0,"href":"https:\/\/www.eldigitaldeasturias.com\/noticias\/wp-json\/wp\/v2\/posts\/1090252\/revisions"}],"wp:attachment":[{"href":"https:\/\/www.eldigitaldeasturias.com\/noticias\/wp-json\/wp\/v2\/media?parent=1090252"}],"wp:term":[{"taxonomy":"category","embeddable":true,"href":"https:\/\/www.eldigitaldeasturias.com\/noticias\/wp-json\/wp\/v2\/categories?post=1090252"},{"taxonomy":"post_tag","embeddable":true,"href":"https:\/\/www.eldigitaldeasturias.com\/noticias\/wp-json\/wp\/v2\/tags?post=1090252"}],"curies":[{"name":"wp","href":"https:\/\/api.w.org\/{rel}","templated":true}]}}