{"id":1090247,"date":"2021-04-26T10:33:52","date_gmt":"2021-04-26T09:33:52","guid":{"rendered":"https:\/\/www.eldigitaldeasturias.com\/noticias\/?p=1090247"},"modified":"2021-04-26T10:33:52","modified_gmt":"2021-04-26T09:33:52","slug":"reciclar-la-manera-mas-simple-y-sencilla-de-contribuir-al-cuidado-del-planeta-y-hacer-de-el-un-lugar-mas-sostenible","status":"publish","type":"post","link":"https:\/\/www.eldigitaldeasturias.com\/noticias\/reciclar-la-manera-mas-simple-y-sencilla-de-contribuir-al-cuidado-del-planeta-y-hacer-de-el-un-lugar-mas-sostenible\/","title":{"rendered":"Reciclar, la manera m\u00e1s simple y sencilla de contribuir al cuidado del planeta y hacer de \u00e9l un lugar m\u00e1s sostenible"},"content":{"rendered":"<p><img loading=\"lazy\" decoding=\"async\" class=\"alignleft size-medium wp-image-1090248\" src=\"https:\/\/www.eldigitaldeasturias.com\/noticias\/wp-content\/uploads\/2021\/04\/contenedor-reciclar-IP-360x240.jpg\" alt=\"Contenedor reciclar - IP\" width=\"360\" height=\"240\" \/>Aunque parezca muy lejano, lo cierto es que hace apenas algo m\u00e1s de un a\u00f1o millones de personas se un\u00edan con un fin com\u00fan, intentar frenar o paliar, al menos en la medida de lo posible, el da\u00f1o que el ser humano causa al lugar en el que vive, es decir, el planeta Tierra.<\/p>\n<p>La contaminaci\u00f3n causada por el hombre ha llegado incluso a los lugares m\u00e1s inh\u00f3spitos, el pl\u00e1stico se ha apoderado de los mares y oc\u00e9anos de los que el ser humano obtiene sus recursos. Pero no solo eso, sino que es f\u00e1cil hallar todo tipo de residuos en cualquier parte del planeta y, por supuesto, tambi\u00e9n en la atm\u00f3sfera.<\/p>\n<p>Los millones de personas que moran el planeta generan millones de toneladas residuos, unos residuos que si fueran tratados adecuadamente podr\u00edan tener no solo una segunda vida, sino infinitas vidas.<\/p>\n<p>Y es que, el reciclaje se ha convertido en una importante labor a la hora de contribuir al cuidado del planeta, una labor sencilla que todas las personas pueden realizar sin ning\u00fan tipo de esfuerzo.<\/p>\n<p>De hecho, \u201cson muchos los lugares del mundo que han apostado fuerte por el reciclaje, proporcionando a sus moradores toda clase de contenedores para reciclar los residuos que d\u00eda a d\u00eda se producen en sus hogares. No obstante, y como empresa de fabricaci\u00f3n de contenedores de polietileno de alta densidad comprometida con el medio ambiente, parte del material empleado en la fabricaci\u00f3n de nuestros productos es reciclado\u201d comentan desde <span style=\"color: #ff6600;\"><strong><a style=\"color: #ff6600;\" href=\"https:\/\/jcoplastic.es\/\" target=\"_blank\" rel=\"noopener\">Jcoplastic<\/a><\/strong><\/span>, empresa con m\u00e1s de dos d\u00e9cadas de experiencia en la fabricaci\u00f3n de contenedores.<\/p>\n<p>No obstante, y pese a que los contenedores de reciclaje lleven a\u00f1os entre nosotros, lo cierto es que no en todos los lugares existen contendores para los mismos tipos de residuos. As\u00ed, mientras que es usual encontrar contenedores azules para el reciclaje de papel y cart\u00f3n, verdes para el reciclaje de vidrio, y amarillos para el reciclaje de latas y envases de pl\u00e1stico. En muchos lugares los restos org\u00e1nicos y los residuos que no pueden ser reciclados van al mismo contenedor, tradicionalmente de color gris, mientras que en aquellos lugares m\u00e1s comprometidos con el reciclaje y, por ende, con el medio ambiente, existen dos contenedores distintos, marr\u00f3n para los restos org\u00e1nicos, y gris para todo aquello que no tiene cabida en ninguno de los otros contenedores.<\/p>\n<p>Puede que parezca una tonter\u00eda, pero si todas las personas reciclaran sus residuos correctamente, sin duda, vivir\u00edamos en un planeta m\u00e1s sano y sostenible.<\/p>\n<p>&nbsp;<\/p>\n<p>&nbsp;<\/p>\n","protected":false},"excerpt":{"rendered":"<p>Aunque parezca muy lejano, lo cierto es que hace apenas algo m\u00e1s de un a\u00f1o millones de personas se un\u00edan con un fin com\u00fan, intentar frenar o paliar, al menos en la medida de lo posible, el da\u00f1o que el ser humano causa al lugar en el que vive, es decir, el planeta Tierra. La [&hellip;]<\/p>\n","protected":false},"author":1,"featured_media":1090248,"comment_status":"closed","ping_status":"closed","sticky":false,"template":"","format":"standard","meta":{"footnotes":""},"categories":[28],"tags":[],"class_list":["post-1090247","post","type-post","status-publish","format-standard","has-post-thumbnail","hentry","category-sociedad"],"aioseo_notices":[],"aioseo_head":"\n\t\t<!-- All in One SEO Pro 5.0.1 - aioseo.com -->\n\t<meta name=\"description\" content=\"La contaminaci\u00f3n causada por el hombre ha llegado incluso a los lugares m\u00e1s inh\u00f3spitos, el pl\u00e1stico se ha apoderado de los mares y oc\u00e9anos ..\" \/>\n\t<meta name=\"robots\" content=\"max-image-preview:large\" \/>\n\t<meta name=\"author\" content=\"El Digital de Asturias\"\/>\n\t<meta name=\"google-site-verification\" content=\"UA-38556648-1\" \/>\n\t<meta name=\"msvalidate.01\" content=\"7dfe9f3f1b24437ab69f4f2559babe99\" \/>\n\t<meta name=\"keywords\" content=\"sociedad\" \/>\n\t<link rel=\"canonical\" href=\"https:\/\/www.eldigitaldeasturias.com\/noticias\/reciclar-la-manera-mas-simple-y-sencilla-de-contribuir-al-cuidado-del-planeta-y-hacer-de-el-un-lugar-mas-sostenible\/\" \/>\n\t<meta name=\"generator\" content=\"All in One SEO Pro (AIOSEO) 5.0.1\" \/>\n\t\t<meta property=\"og:locale\" content=\"es_ES\" \/>\n\t\t<meta property=\"og:site_name\" content=\"El Digital de Asturias\" \/>\n\t\t<meta property=\"og:type\" content=\"article\" \/>\n\t\t<meta property=\"og:title\" content=\"Reciclar, la manera m\u00e1s simple y sencilla de contribuir al cuidado del planeta y hacer de \u00e9l un lugar m\u00e1s sostenible - El Digital de Asturias\" \/>\n\t\t<meta property=\"og:description\" content=\"La contaminaci\u00f3n causada por el hombre ha llegado incluso a los lugares m\u00e1s inh\u00f3spitos, el pl\u00e1stico se ha apoderado de los mares y oc\u00e9anos ..\" \/>\n\t\t<meta property=\"og:url\" content=\"https:\/\/www.eldigitaldeasturias.com\/noticias\/reciclar-la-manera-mas-simple-y-sencilla-de-contribuir-al-cuidado-del-planeta-y-hacer-de-el-un-lugar-mas-sostenible\/\" \/>\n\t\t<meta property=\"article:tag\" content=\"sociedad\" \/>\n\t\t<meta property=\"article:published_time\" content=\"2021-04-26T09:33:52+00:00\" \/>\n\t\t<meta property=\"article:modified_time\" content=\"2021-04-26T09:33:52+00:00\" \/>\n\t\t<meta property=\"article:publisher\" content=\"https:\/\/facebook.com\/eldigitaldeasturias\" \/>\n\t\t<meta name=\"twitter:card\" content=\"summary_large_image\" \/>\n\t\t<meta name=\"twitter:title\" content=\"Reciclar, la manera m\u00e1s simple y sencilla de contribuir al cuidado del planeta y hacer de \u00e9l un lugar m\u00e1s sostenible - El Digital de Asturias\" \/>\n\t\t<meta name=\"twitter:description\" content=\"La contaminaci\u00f3n causada por el hombre ha llegado incluso a los lugares m\u00e1s inh\u00f3spitos, el pl\u00e1stico se ha apoderado de los mares y oc\u00e9anos ..\" \/>\n\t\t<meta name=\"twitter:image\" content=\"https:\/\/www.eldigitaldeasturias.com\/noticias\/wp-content\/uploads\/2020\/12\/EDA-1.jpg\" \/>\n\t\t<meta name=\"twitter:label1\" content=\"Escrito por\" \/>\n\t\t<meta name=\"twitter:data1\" content=\"El Digital de Asturias\" \/>\n\t\t<meta name=\"twitter:label2\" content=\"Tiempo de lectura estimado\" \/>\n\t\t<meta name=\"twitter:data2\" content=\"2 minutos\" \/>\n\t\t<script type=\"application\/ld+json\" class=\"aioseo-schema\">\n\t\t\t{\"@context\":\"https:\\\/\\\/schema.org\",\"@graph\":[{\"@type\":\"BlogPosting\",\"@id\":\"https:\\\/\\\/www.eldigitaldeasturias.com\\\/noticias\\\/reciclar-la-manera-mas-simple-y-sencilla-de-contribuir-al-cuidado-del-planeta-y-hacer-de-el-un-lugar-mas-sostenible\\\/#blogposting\",\"name\":\"Reciclar, la manera m\\u00e1s simple y sencilla de contribuir al cuidado del planeta y hacer de \\u00e9l un lugar m\\u00e1s sostenible - El Digital de Asturias\",\"headline\":\"Reciclar, la manera m\\u00e1s simple y sencilla de contribuir al cuidado del planeta y hacer de \\u00e9l un lugar m\\u00e1s sostenible\",\"author\":{\"@id\":\"https:\\\/\\\/www.eldigitaldeasturias.com\\\/noticias\\\/author\\\/admin\\\/#author\"},\"publisher\":{\"@id\":\"https:\\\/\\\/www.eldigitaldeasturias.com\\\/noticias\\\/#organization\"},\"image\":{\"@type\":\"ImageObject\",\"url\":1090248},\"datePublished\":\"2021-04-26T10:33:52+02:00\",\"dateModified\":\"2021-04-26T10:33:52+02:00\",\"inLanguage\":\"es-ES\",\"mainEntityOfPage\":{\"@id\":\"https:\\\/\\\/www.eldigitaldeasturias.com\\\/noticias\\\/reciclar-la-manera-mas-simple-y-sencilla-de-contribuir-al-cuidado-del-planeta-y-hacer-de-el-un-lugar-mas-sostenible\\\/#webpage\"},\"isPartOf\":{\"@id\":\"https:\\\/\\\/www.eldigitaldeasturias.com\\\/noticias\\\/reciclar-la-manera-mas-simple-y-sencilla-de-contribuir-al-cuidado-del-planeta-y-hacer-de-el-un-lugar-mas-sostenible\\\/#webpage\"},\"articleSection\":\"Sociedad\"},{\"@type\":\"BreadcrumbList\",\"@id\":\"https:\\\/\\\/www.eldigitaldeasturias.com\\\/noticias\\\/reciclar-la-manera-mas-simple-y-sencilla-de-contribuir-al-cuidado-del-planeta-y-hacer-de-el-un-lugar-mas-sostenible\\\/#breadcrumblist\",\"itemListElement\":[{\"@type\":\"ListItem\",\"@id\":\"https:\\\/\\\/www.eldigitaldeasturias.com\\\/noticias#listItem\",\"position\":1,\"name\":\"Home\",\"item\":\"https:\\\/\\\/www.eldigitaldeasturias.com\\\/noticias\",\"nextItem\":{\"@type\":\"ListItem\",\"@id\":\"https:\\\/\\\/www.eldigitaldeasturias.com\\\/noticias\\\/category\\\/sociedad\\\/#listItem\",\"name\":\"Sociedad\"}},{\"@type\":\"ListItem\",\"@id\":\"https:\\\/\\\/www.eldigitaldeasturias.com\\\/noticias\\\/category\\\/sociedad\\\/#listItem\",\"position\":2,\"name\":\"Sociedad\",\"item\":\"https:\\\/\\\/www.eldigitaldeasturias.com\\\/noticias\\\/category\\\/sociedad\\\/\",\"nextItem\":{\"@type\":\"ListItem\",\"@id\":\"https:\\\/\\\/www.eldigitaldeasturias.com\\\/noticias\\\/reciclar-la-manera-mas-simple-y-sencilla-de-contribuir-al-cuidado-del-planeta-y-hacer-de-el-un-lugar-mas-sostenible\\\/#listItem\",\"name\":\"Reciclar, la manera m\\u00e1s simple y sencilla de contribuir al cuidado del planeta y hacer de \\u00e9l un lugar m\\u00e1s sostenible\"},\"previousItem\":{\"@type\":\"ListItem\",\"@id\":\"https:\\\/\\\/www.eldigitaldeasturias.com\\\/noticias#listItem\",\"name\":\"Home\"}},{\"@type\":\"ListItem\",\"@id\":\"https:\\\/\\\/www.eldigitaldeasturias.com\\\/noticias\\\/reciclar-la-manera-mas-simple-y-sencilla-de-contribuir-al-cuidado-del-planeta-y-hacer-de-el-un-lugar-mas-sostenible\\\/#listItem\",\"position\":3,\"name\":\"Reciclar, la manera m\\u00e1s simple y sencilla de contribuir al cuidado del planeta y hacer de \\u00e9l un lugar m\\u00e1s sostenible\",\"previousItem\":{\"@type\":\"ListItem\",\"@id\":\"https:\\\/\\\/www.eldigitaldeasturias.com\\\/noticias\\\/category\\\/sociedad\\\/#listItem\",\"name\":\"Sociedad\"}}]},{\"@type\":\"Organization\",\"@id\":\"https:\\\/\\\/www.eldigitaldeasturias.com\\\/noticias\\\/#organization\",\"name\":\"El Digital de Asturias\",\"description\":\"Hemeroteca\",\"url\":\"https:\\\/\\\/www.eldigitaldeasturias.com\\\/noticias\\\/\",\"email\":\"info@eldigitaldeasturias.com\",\"telephone\":\"+34652131393\",\"logo\":{\"@type\":\"ImageObject\",\"url\":\"https:\\\/\\\/www.eldigitaldeasturias.com\\\/noticias\\\/wp-content\\\/uploads\\\/2020\\\/12\\\/EDA.jpg\",\"@id\":\"https:\\\/\\\/www.eldigitaldeasturias.com\\\/noticias\\\/reciclar-la-manera-mas-simple-y-sencilla-de-contribuir-al-cuidado-del-planeta-y-hacer-de-el-un-lugar-mas-sostenible\\\/#organizationLogo\"},\"image\":{\"@id\":\"https:\\\/\\\/www.eldigitaldeasturias.com\\\/noticias\\\/reciclar-la-manera-mas-simple-y-sencilla-de-contribuir-al-cuidado-del-planeta-y-hacer-de-el-un-lugar-mas-sostenible\\\/#organizationLogo\"},\"sameAs\":[\"https:\\\/\\\/facebook.com\\\/eldigitaldeasturias\",\"https:\\\/\\\/www.youtube.com\\\/channel\\\/UCZP-2wLEB9Rv6erhFmqVnvg\"],\"address\":{\"@id\":\"https:\\\/\\\/www.eldigitaldeasturias.com\\\/noticias\\\/#postaladdress\",\"@type\":\"PostalAddress\",\"streetAddress\":\"san antonio 4\",\"postalCode\":\"33430\",\"addressLocality\":\"Cand\\u00e1s\",\"addressRegion\":\"Asturias\",\"addressCountry\":\"ES\"}},{\"@type\":\"Person\",\"@id\":\"https:\\\/\\\/www.eldigitaldeasturias.com\\\/noticias\\\/author\\\/admin\\\/#author\",\"url\":\"https:\\\/\\\/www.eldigitaldeasturias.com\\\/noticias\\\/author\\\/admin\\\/\",\"name\":\"El Digital de Asturias\",\"image\":{\"@type\":\"ImageObject\",\"@id\":\"https:\\\/\\\/www.eldigitaldeasturias.com\\\/noticias\\\/reciclar-la-manera-mas-simple-y-sencilla-de-contribuir-al-cuidado-del-planeta-y-hacer-de-el-un-lugar-mas-sostenible\\\/#authorImage\",\"url\":\"https:\\\/\\\/secure.gravatar.com\\\/avatar\\\/df2aeffc32bcd13f8d26072ef8a91b623d677766deac7f97ca815868cd41bf5e?s=96&d=mm&r=g\",\"width\":96,\"height\":96,\"caption\":\"El Digital de Asturias\"}},{\"@type\":\"WebPage\",\"@id\":\"https:\\\/\\\/www.eldigitaldeasturias.com\\\/noticias\\\/reciclar-la-manera-mas-simple-y-sencilla-de-contribuir-al-cuidado-del-planeta-y-hacer-de-el-un-lugar-mas-sostenible\\\/#webpage\",\"url\":\"https:\\\/\\\/www.eldigitaldeasturias.com\\\/noticias\\\/reciclar-la-manera-mas-simple-y-sencilla-de-contribuir-al-cuidado-del-planeta-y-hacer-de-el-un-lugar-mas-sostenible\\\/\",\"name\":\"Reciclar, la manera m\\u00e1s simple y sencilla de contribuir al cuidado del planeta y hacer de \\u00e9l un lugar m\\u00e1s sostenible - El Digital de Asturias\",\"description\":\"La contaminaci\\u00f3n causada por el hombre ha llegado incluso a los lugares m\\u00e1s inh\\u00f3spitos, el pl\\u00e1stico se ha apoderado de los mares y oc\\u00e9anos ..\",\"inLanguage\":\"es-ES\",\"isPartOf\":{\"@id\":\"https:\\\/\\\/www.eldigitaldeasturias.com\\\/noticias\\\/#website\"},\"breadcrumb\":{\"@id\":\"https:\\\/\\\/www.eldigitaldeasturias.com\\\/noticias\\\/reciclar-la-manera-mas-simple-y-sencilla-de-contribuir-al-cuidado-del-planeta-y-hacer-de-el-un-lugar-mas-sostenible\\\/#breadcrumblist\"},\"author\":{\"@id\":\"https:\\\/\\\/www.eldigitaldeasturias.com\\\/noticias\\\/author\\\/admin\\\/#author\"},\"creator\":{\"@id\":\"https:\\\/\\\/www.eldigitaldeasturias.com\\\/noticias\\\/author\\\/admin\\\/#author\"},\"image\":{\"@type\":\"ImageObject\",\"url\":1090248,\"@id\":\"https:\\\/\\\/www.eldigitaldeasturias.com\\\/noticias\\\/reciclar-la-manera-mas-simple-y-sencilla-de-contribuir-al-cuidado-del-planeta-y-hacer-de-el-un-lugar-mas-sostenible\\\/#mainImage\"},\"primaryImageOfPage\":{\"@id\":\"https:\\\/\\\/www.eldigitaldeasturias.com\\\/noticias\\\/reciclar-la-manera-mas-simple-y-sencilla-de-contribuir-al-cuidado-del-planeta-y-hacer-de-el-un-lugar-mas-sostenible\\\/#mainImage\"},\"datePublished\":\"2021-04-26T10:33:52+02:00\",\"dateModified\":\"2021-04-26T10:33:52+02:00\"},{\"@type\":\"WebSite\",\"@id\":\"https:\\\/\\\/www.eldigitaldeasturias.com\\\/noticias\\\/#website\",\"url\":\"https:\\\/\\\/www.eldigitaldeasturias.com\\\/noticias\\\/\",\"name\":\"El Digital de Asturias - Diario de actualidad y noticias\",\"alternateName\":\"El Digital de Asturias - Diario de actualidad y noticias\",\"description\":\"Hemeroteca\",\"inLanguage\":\"es-ES\",\"publisher\":{\"@id\":\"https:\\\/\\\/www.eldigitaldeasturias.com\\\/noticias\\\/#organization\"}}]}\n\t\t<\/script>\n\t\t<!-- All in One SEO Pro -->\r\n\t\t<title>Reciclar, la manera m\u00e1s simple y sencilla de contribuir al cuidado del planeta y hacer de \u00e9l un lugar m\u00e1s sostenible - El Digital de Asturias<\/title>\n\n","aioseo_head_json":{"title":"Reciclar, la manera m\u00e1s simple y sencilla de contribuir al cuidado del planeta y hacer de \u00e9l un lugar m\u00e1s sostenible - El Digital de Asturias","description":"La contaminaci\u00f3n causada por el hombre ha llegado incluso a los lugares m\u00e1s inh\u00f3spitos, el pl\u00e1stico se ha apoderado de los mares y oc\u00e9anos ..","canonical_url":"https:\/\/www.eldigitaldeasturias.com\/noticias\/reciclar-la-manera-mas-simple-y-sencilla-de-contribuir-al-cuidado-del-planeta-y-hacer-de-el-un-lugar-mas-sostenible\/","robots":"max-image-preview:large","keywords":"sociedad","webmasterTools":{"google-site-verification":"UA-38556648-1","msvalidate.01":"7dfe9f3f1b24437ab69f4f2559babe99","miscellaneous":""},"schema":{"@context":"https:\/\/schema.org","@graph":[{"@type":"BlogPosting","@id":"https:\/\/www.eldigitaldeasturias.com\/noticias\/reciclar-la-manera-mas-simple-y-sencilla-de-contribuir-al-cuidado-del-planeta-y-hacer-de-el-un-lugar-mas-sostenible\/#blogposting","name":"Reciclar, la manera m\u00e1s simple y sencilla de contribuir al cuidado del planeta y hacer de \u00e9l un lugar m\u00e1s sostenible - El Digital de Asturias","headline":"Reciclar, la manera m\u00e1s simple y sencilla de contribuir al cuidado del planeta y hacer de \u00e9l un lugar m\u00e1s sostenible","author":{"@id":"https:\/\/www.eldigitaldeasturias.com\/noticias\/author\/admin\/#author"},"publisher":{"@id":"https:\/\/www.eldigitaldeasturias.com\/noticias\/#organization"},"image":{"@type":"ImageObject","url":1090248},"datePublished":"2021-04-26T10:33:52+02:00","dateModified":"2021-04-26T10:33:52+02:00","inLanguage":"es-ES","mainEntityOfPage":{"@id":"https:\/\/www.eldigitaldeasturias.com\/noticias\/reciclar-la-manera-mas-simple-y-sencilla-de-contribuir-al-cuidado-del-planeta-y-hacer-de-el-un-lugar-mas-sostenible\/#webpage"},"isPartOf":{"@id":"https:\/\/www.eldigitaldeasturias.com\/noticias\/reciclar-la-manera-mas-simple-y-sencilla-de-contribuir-al-cuidado-del-planeta-y-hacer-de-el-un-lugar-mas-sostenible\/#webpage"},"articleSection":"Sociedad"},{"@type":"BreadcrumbList","@id":"https:\/\/www.eldigitaldeasturias.com\/noticias\/reciclar-la-manera-mas-simple-y-sencilla-de-contribuir-al-cuidado-del-planeta-y-hacer-de-el-un-lugar-mas-sostenible\/#breadcrumblist","itemListElement":[{"@type":"ListItem","@id":"https:\/\/www.eldigitaldeasturias.com\/noticias#listItem","position":1,"name":"Home","item":"https:\/\/www.eldigitaldeasturias.com\/noticias","nextItem":{"@type":"ListItem","@id":"https:\/\/www.eldigitaldeasturias.com\/noticias\/category\/sociedad\/#listItem","name":"Sociedad"}},{"@type":"ListItem","@id":"https:\/\/www.eldigitaldeasturias.com\/noticias\/category\/sociedad\/#listItem","position":2,"name":"Sociedad","item":"https:\/\/www.eldigitaldeasturias.com\/noticias\/category\/sociedad\/","nextItem":{"@type":"ListItem","@id":"https:\/\/www.eldigitaldeasturias.com\/noticias\/reciclar-la-manera-mas-simple-y-sencilla-de-contribuir-al-cuidado-del-planeta-y-hacer-de-el-un-lugar-mas-sostenible\/#listItem","name":"Reciclar, la manera m\u00e1s simple y sencilla de contribuir al cuidado del planeta y hacer de \u00e9l un lugar m\u00e1s sostenible"},"previousItem":{"@type":"ListItem","@id":"https:\/\/www.eldigitaldeasturias.com\/noticias#listItem","name":"Home"}},{"@type":"ListItem","@id":"https:\/\/www.eldigitaldeasturias.com\/noticias\/reciclar-la-manera-mas-simple-y-sencilla-de-contribuir-al-cuidado-del-planeta-y-hacer-de-el-un-lugar-mas-sostenible\/#listItem","position":3,"name":"Reciclar, la manera m\u00e1s simple y sencilla de contribuir al cuidado del planeta y hacer de \u00e9l un lugar m\u00e1s sostenible","previousItem":{"@type":"ListItem","@id":"https:\/\/www.eldigitaldeasturias.com\/noticias\/category\/sociedad\/#listItem","name":"Sociedad"}}]},{"@type":"Organization","@id":"https:\/\/www.eldigitaldeasturias.com\/noticias\/#organization","name":"El Digital de Asturias","description":"Hemeroteca","url":"https:\/\/www.eldigitaldeasturias.com\/noticias\/","email":"info@eldigitaldeasturias.com","telephone":"+34652131393","logo":{"@type":"ImageObject","url":"https:\/\/www.eldigitaldeasturias.com\/noticias\/wp-content\/uploads\/2020\/12\/EDA.jpg","@id":"https:\/\/www.eldigitaldeasturias.com\/noticias\/reciclar-la-manera-mas-simple-y-sencilla-de-contribuir-al-cuidado-del-planeta-y-hacer-de-el-un-lugar-mas-sostenible\/#organizationLogo"},"image":{"@id":"https:\/\/www.eldigitaldeasturias.com\/noticias\/reciclar-la-manera-mas-simple-y-sencilla-de-contribuir-al-cuidado-del-planeta-y-hacer-de-el-un-lugar-mas-sostenible\/#organizationLogo"},"sameAs":["https:\/\/facebook.com\/eldigitaldeasturias","https:\/\/www.youtube.com\/channel\/UCZP-2wLEB9Rv6erhFmqVnvg"],"address":{"@id":"https:\/\/www.eldigitaldeasturias.com\/noticias\/#postaladdress","@type":"PostalAddress","streetAddress":"san antonio 4","postalCode":"33430","addressLocality":"Cand\u00e1s","addressRegion":"Asturias","addressCountry":"ES"}},{"@type":"Person","@id":"https:\/\/www.eldigitaldeasturias.com\/noticias\/author\/admin\/#author","url":"https:\/\/www.eldigitaldeasturias.com\/noticias\/author\/admin\/","name":"El Digital de Asturias","image":{"@type":"ImageObject","@id":"https:\/\/www.eldigitaldeasturias.com\/noticias\/reciclar-la-manera-mas-simple-y-sencilla-de-contribuir-al-cuidado-del-planeta-y-hacer-de-el-un-lugar-mas-sostenible\/#authorImage","url":"https:\/\/secure.gravatar.com\/avatar\/df2aeffc32bcd13f8d26072ef8a91b623d677766deac7f97ca815868cd41bf5e?s=96&d=mm&r=g","width":96,"height":96,"caption":"El Digital de Asturias"}},{"@type":"WebPage","@id":"https:\/\/www.eldigitaldeasturias.com\/noticias\/reciclar-la-manera-mas-simple-y-sencilla-de-contribuir-al-cuidado-del-planeta-y-hacer-de-el-un-lugar-mas-sostenible\/#webpage","url":"https:\/\/www.eldigitaldeasturias.com\/noticias\/reciclar-la-manera-mas-simple-y-sencilla-de-contribuir-al-cuidado-del-planeta-y-hacer-de-el-un-lugar-mas-sostenible\/","name":"Reciclar, la manera m\u00e1s simple y sencilla de contribuir al cuidado del planeta y hacer de \u00e9l un lugar m\u00e1s sostenible - El Digital de Asturias","description":"La contaminaci\u00f3n causada por el hombre ha llegado incluso a los lugares m\u00e1s inh\u00f3spitos, el pl\u00e1stico se ha apoderado de los mares y oc\u00e9anos ..","inLanguage":"es-ES","isPartOf":{"@id":"https:\/\/www.eldigitaldeasturias.com\/noticias\/#website"},"breadcrumb":{"@id":"https:\/\/www.eldigitaldeasturias.com\/noticias\/reciclar-la-manera-mas-simple-y-sencilla-de-contribuir-al-cuidado-del-planeta-y-hacer-de-el-un-lugar-mas-sostenible\/#breadcrumblist"},"author":{"@id":"https:\/\/www.eldigitaldeasturias.com\/noticias\/author\/admin\/#author"},"creator":{"@id":"https:\/\/www.eldigitaldeasturias.com\/noticias\/author\/admin\/#author"},"image":{"@type":"ImageObject","url":1090248,"@id":"https:\/\/www.eldigitaldeasturias.com\/noticias\/reciclar-la-manera-mas-simple-y-sencilla-de-contribuir-al-cuidado-del-planeta-y-hacer-de-el-un-lugar-mas-sostenible\/#mainImage"},"primaryImageOfPage":{"@id":"https:\/\/www.eldigitaldeasturias.com\/noticias\/reciclar-la-manera-mas-simple-y-sencilla-de-contribuir-al-cuidado-del-planeta-y-hacer-de-el-un-lugar-mas-sostenible\/#mainImage"},"datePublished":"2021-04-26T10:33:52+02:00","dateModified":"2021-04-26T10:33:52+02:00"},{"@type":"WebSite","@id":"https:\/\/www.eldigitaldeasturias.com\/noticias\/#website","url":"https:\/\/www.eldigitaldeasturias.com\/noticias\/","name":"El Digital de Asturias - Diario de actualidad y noticias","alternateName":"El Digital de Asturias - Diario de actualidad y noticias","description":"Hemeroteca","inLanguage":"es-ES","publisher":{"@id":"https:\/\/www.eldigitaldeasturias.com\/noticias\/#organization"}}]},"og:locale":"es_ES","og:site_name":"El Digital de Asturias","og:type":"article","og:title":"Reciclar, la manera m\u00e1s simple y sencilla de contribuir al cuidado del planeta y hacer de \u00e9l un lugar m\u00e1s sostenible - El Digital de Asturias","og:description":"La contaminaci\u00f3n causada por el hombre ha llegado incluso a los lugares m\u00e1s inh\u00f3spitos, el pl\u00e1stico se ha apoderado de los mares y oc\u00e9anos ..","og:url":"https:\/\/www.eldigitaldeasturias.com\/noticias\/reciclar-la-manera-mas-simple-y-sencilla-de-contribuir-al-cuidado-del-planeta-y-hacer-de-el-un-lugar-mas-sostenible\/","article:tag":["sociedad"],"article:published_time":"2021-04-26T09:33:52+00:00","article:modified_time":"2021-04-26T09:33:52+00:00","article:publisher":"https:\/\/facebook.com\/eldigitaldeasturias","twitter:card":"summary_large_image","twitter:title":"Reciclar, la manera m\u00e1s simple y sencilla de contribuir al cuidado del planeta y hacer de \u00e9l un lugar m\u00e1s sostenible - El Digital de Asturias","twitter:description":"La contaminaci\u00f3n causada por el hombre ha llegado incluso a los lugares m\u00e1s inh\u00f3spitos, el pl\u00e1stico se ha apoderado de los mares y oc\u00e9anos ..","twitter:image":"https:\/\/www.eldigitaldeasturias.com\/noticias\/wp-content\/uploads\/2020\/12\/EDA-1.jpg","twitter:label1":"Escrito por","twitter:data1":"El Digital de Asturias","twitter:label2":"Tiempo de lectura estimado","twitter:data2":"2 minutos"},"aioseo_meta_data":{"post_id":"1090247","title":null,"description":"La contaminaci\u00f3n causada por el hombre ha llegado incluso a los lugares m\u00e1s inh\u00f3spitos, el pl\u00e1stico se ha apoderado de los mares y oc\u00e9anos ..","keywords":[],"keyphrases":{"focus":[],"additional":[]},"primary_term":null,"canonical_url":null,"og_title":null,"og_description":null,"og_object_type":"default","og_image_type":"default","og_image_url":null,"og_image_width":null,"og_image_height":null,"og_image_custom_url":null,"og_image_custom_fields":null,"og_video":"","og_custom_url":null,"og_article_section":null,"og_article_tags":[],"twitter_use_og":false,"twitter_card":"default","twitter_image_type":"default","twitter_image_url":null,"twitter_image_custom_url":null,"twitter_image_custom_fields":null,"twitter_title":null,"twitter_description":null,"schema":{"blockGraphs":[],"customGraphs":[],"default":{"data":{"Article":[],"Course":[],"Dataset":[],"FAQPage":[],"Movie":[],"Person":[],"Product":[],"ProductReview":[],"Car":[],"Recipe":[],"Service":[],"SoftwareApplication":[],"WebPage":[]},"graphName":"","isEnabled":true},"graphs":[],"defaultGraph":"Article","defaultPostTypeGraph":""},"schema_type":"default","schema_type_options":"{\"article\":{\"articleType\":\"BlogPosting\"},\"course\":{\"name\":\"\",\"description\":\"\",\"provider\":\"\"},\"faq\":{\"pages\":[]},\"product\":{\"reviews\":[]},\"recipe\":{\"ingredients\":[],\"instructions\":[],\"keywords\":[]},\"software\":{\"reviews\":[],\"operatingSystems\":[]},\"webPage\":{\"webPageType\":\"WebPage\"}}","pillar_content":false,"robots_default":true,"robots_noindex":false,"robots_noarchive":false,"robots_nosnippet":false,"robots_nofollow":false,"robots_noimageindex":false,"robots_noodp":false,"robots_notranslate":false,"robots_max_snippet":"-1","robots_max_videopreview":"-1","robots_max_imagepreview":"large","priority":null,"frequency":"default","local_seo":{"locations":{"business":{"name":"","businessType":"","image":"","areaServed":"","urls":{"website":"","aboutPage":"","contactPage":""},"address":{"streetLine1":"","streetLine2":"","zipCode":"","city":"","state":"","country":"","addressFormat":"#streetLineOne\n#streetLineTwo\n#city, #state #zipCode"},"contact":{"phone":"","email":"","fax":""},"ids":{"vat":"","tax":"","chamberOfCommerce":""},"payment":{"priceRange":"","currenciesAccepted":"","methods":""}}},"openingHours":{"useDefaults":true,"show":true,"alwaysOpen":false,"use24hFormat":false,"timezone":"","labels":{"closed":"","alwaysOpen":""},"days":{"monday":{"open24h":false,"closed":false,"openTime":"09:00","closeTime":"17:00"},"tuesday":{"open24h":false,"closed":false,"openTime":"09:00","closeTime":"17:00"},"wednesday":{"open24h":false,"closed":false,"openTime":"09:00","closeTime":"17:00"},"thursday":{"open24h":false,"closed":false,"openTime":"09:00","closeTime":"17:00"},"friday":{"open24h":false,"closed":false,"openTime":"09:00","closeTime":"17:00"},"saturday":{"open24h":false,"closed":false,"openTime":"09:00","closeTime":"17:00"},"sunday":{"open24h":false,"closed":false,"openTime":"09:00","closeTime":"17:00"}}}},"seo_analyzer_scan_date":"2026-07-17 11:52:43","breadcrumb_settings":null,"limit_modified_date":false,"open_ai":null,"ai":null,"created":"2021-04-26 09:29:46","updated":"2026-07-17 11:52:43","focus_keyword":null,"additional_keywords":null,"truseo_locale":null},"aioseo_breadcrumb":"<div class=\"aioseo-breadcrumbs\"><span class=\"aioseo-breadcrumb\">\n\t<a href=\"https:\/\/www.eldigitaldeasturias.com\/noticias\" title=\"Home\">Home<\/a>\n<\/span><span class=\"aioseo-breadcrumb-separator\">\u2013<\/span><span class=\"aioseo-breadcrumb\">\n\t<a href=\"https:\/\/www.eldigitaldeasturias.com\/noticias\/category\/sociedad\/\" title=\"Sociedad\">Sociedad<\/a>\n<\/span><span class=\"aioseo-breadcrumb-separator\">\u2013<\/span><span class=\"aioseo-breadcrumb\">\n\t<a href=\"https:\/\/www.eldigitaldeasturias.com\/noticias\/reciclar-la-manera-mas-simple-y-sencilla-de-contribuir-al-cuidado-del-planeta-y-hacer-de-el-un-lugar-mas-sostenible\/\" title=\"Reciclar, la manera m\u00e1s simple y sencilla de contribuir al cuidado del planeta y hacer de \u00e9l un lugar m\u00e1s sostenible\">Reciclar, la manera m\u00e1s simple y sencilla de contribuir al cuidado del planeta y hacer de \u00e9l un lugar m\u00e1s sostenible<\/a>\n<\/span><\/div>","aioseo_breadcrumb_json":[{"label":"Home","link":"https:\/\/www.eldigitaldeasturias.com\/noticias"},{"label":"Sociedad","link":"https:\/\/www.eldigitaldeasturias.com\/noticias\/category\/sociedad\/"},{"label":"Reciclar, la manera m\u00e1s simple y sencilla de contribuir al cuidado del planeta y hacer de \u00e9l un lugar m\u00e1s sostenible","link":"https:\/\/www.eldigitaldeasturias.com\/noticias\/reciclar-la-manera-mas-simple-y-sencilla-de-contribuir-al-cuidado-del-planeta-y-hacer-de-el-un-lugar-mas-sostenible\/"}],"_links":{"self":[{"href":"https:\/\/www.eldigitaldeasturias.com\/noticias\/wp-json\/wp\/v2\/posts\/1090247","targetHints":{"allow":["GET"]}}],"collection":[{"href":"https:\/\/www.eldigitaldeasturias.com\/noticias\/wp-json\/wp\/v2\/posts"}],"about":[{"href":"https:\/\/www.eldigitaldeasturias.com\/noticias\/wp-json\/wp\/v2\/types\/post"}],"author":[{"embeddable":true,"href":"https:\/\/www.eldigitaldeasturias.com\/noticias\/wp-json\/wp\/v2\/users\/1"}],"replies":[{"embeddable":true,"href":"https:\/\/www.eldigitaldeasturias.com\/noticias\/wp-json\/wp\/v2\/comments?post=1090247"}],"version-history":[{"count":0,"href":"https:\/\/www.eldigitaldeasturias.com\/noticias\/wp-json\/wp\/v2\/posts\/1090247\/revisions"}],"wp:attachment":[{"href":"https:\/\/www.eldigitaldeasturias.com\/noticias\/wp-json\/wp\/v2\/media?parent=1090247"}],"wp:term":[{"taxonomy":"category","embeddable":true,"href":"https:\/\/www.eldigitaldeasturias.com\/noticias\/wp-json\/wp\/v2\/categories?post=1090247"},{"taxonomy":"post_tag","embeddable":true,"href":"https:\/\/www.eldigitaldeasturias.com\/noticias\/wp-json\/wp\/v2\/tags?post=1090247"}],"curies":[{"name":"wp","href":"https:\/\/api.w.org\/{rel}","templated":true}]}}