{"id":1090244,"date":"2021-04-26T10:21:44","date_gmt":"2021-04-26T09:21:44","guid":{"rendered":"https:\/\/www.eldigitaldeasturias.com\/noticias\/?p=1090244"},"modified":"2021-04-26T10:21:44","modified_gmt":"2021-04-26T09:21:44","slug":"tres-personas-heridas-en-un-accidente-en-coana","status":"publish","type":"post","link":"https:\/\/www.eldigitaldeasturias.com\/noticias\/tres-personas-heridas-en-un-accidente-en-coana\/","title":{"rendered":"Tres personas heridas en un accidente en Coa\u00f1a"},"content":{"rendered":"<figure id=\"attachment_1090245\" aria-describedby=\"caption-attachment-1090245\" style=\"width: 360px\" class=\"wp-caption alignleft\"><img loading=\"lazy\" decoding=\"async\" class=\"size-medium wp-image-1090245\" src=\"https:\/\/www.eldigitaldeasturias.com\/noticias\/wp-content\/uploads\/2021\/04\/Accidente-Coana-360x254.jpg\" alt=\"Accidente Coa\u00f1a\" width=\"360\" height=\"254\" \/><figcaption id=\"caption-attachment-1090245\" class=\"wp-caption-text\">FOTO SEPA<\/figcaption><\/figure>\n<p><strong>Tres personas han resultado heridas de diversa consideraci\u00f3n, una con pron\u00f3stico reservado y dos leves, tras colisionar dos veh\u00edculos<\/strong>, en circunstancias que se desconocen, en la A-8, punto kilom\u00e9trico 484, en sentido Oviedo, concejo asturiano de Coa\u00f1a.<\/p>\n<p><strong>Seg\u00fan los datos facilitados por el Servicio de Atenci\u00f3n M\u00e9dica Urgente (SAMU) los tres heridos fueron trasladados al Hospital de Jarrio<\/strong>. El de mayor consideraci\u00f3n en un var\u00f3n que presentaba policontusiones de pron\u00f3stico reservado, a expensas de m\u00e1s pruebas y hasta nueva valoraci\u00f3n m\u00e9dica. Fue atendido por el equipo m\u00e9dico de la UVI-m\u00f3vil de Coa\u00f1a.<\/p>\n<p>El afectado tuvo que ser excarcelado de interior del turismo por efectivos de Bomberos del SEPA (Servicio de Emergencias del Principado de Asturias) con base en el parque de Vald\u00e9s. Los bomberos lo excarcelaron, tras inmovilizar con collar\u00edn, por la parte de atr\u00e1s del turismo con ayuda de la tabla de rescate. En este veh\u00edculo viajaba, como acompa\u00f1ante, una mujer que al igual que la conductora del otro turismo implicado en el accidente fueron evacuadas, en una ambulancia, al centro hospitalario.<\/p>\n<p>El Centro de Coordinaci\u00f3n de Emergencias del 112 Asturias recibi\u00f3 el aviso a las 08.31 horas. <strong>En la llamada, realizada por uno de los afectados, indicaba que hab\u00eda colisionado con otro turismo<\/strong>. En su interior hab\u00eda dos personas pero no sab\u00eda si estaban heridos o atrapados.<\/p>\n<p>La Sala 112 del SEPA pas\u00f3 el aviso al SAMU y paralelamente moviliz\u00f3 una dotaci\u00f3n de bomberos del parque de Vald\u00e9s. Hasta el lugar tambi\u00e9n se desplaz\u00f3 el jefe de zona noroccidental. El incidente tambi\u00e9n se comunic\u00f3 a la Guardia Civil de Tr\u00e1fico.<\/p>\n<p>&nbsp;<\/p>\n<p>&nbsp;<\/p>\n","protected":false},"excerpt":{"rendered":"<p>Tres personas han resultado heridas de diversa consideraci\u00f3n, una con pron\u00f3stico reservado y dos leves, tras colisionar dos veh\u00edculos, en circunstancias que se desconocen, en la A-8, punto kilom\u00e9trico 484, en sentido Oviedo, concejo asturiano de Coa\u00f1a. Seg\u00fan los datos facilitados por el Servicio de Atenci\u00f3n M\u00e9dica Urgente (SAMU) los tres heridos fueron trasladados al [&hellip;]<\/p>\n","protected":false},"author":1,"featured_media":1090245,"comment_status":"closed","ping_status":"closed","sticky":false,"template":"","format":"standard","meta":{"footnotes":""},"categories":[5],"tags":[],"class_list":["post-1090244","post","type-post","status-publish","format-standard","has-post-thumbnail","hentry","category-sucesos"],"aioseo_notices":[],"aioseo_head":"\n\t\t<!-- All in One SEO Pro 5.0.1 - aioseo.com -->\n\t<meta name=\"description\" content=\"Tres personas han resultado heridas de diversa consideraci\u00f3n, una con pron\u00f3stico reservado y dos leves, hoy lunes en el concejo asturiano de Coa\u00f1a\" \/>\n\t<meta name=\"robots\" content=\"max-image-preview:large\" \/>\n\t<meta name=\"author\" content=\"El Digital de Asturias\"\/>\n\t<meta name=\"google-site-verification\" content=\"UA-38556648-1\" \/>\n\t<meta name=\"msvalidate.01\" content=\"7dfe9f3f1b24437ab69f4f2559babe99\" \/>\n\t<meta name=\"keywords\" content=\"sucesos\" \/>\n\t<link rel=\"canonical\" href=\"https:\/\/www.eldigitaldeasturias.com\/noticias\/tres-personas-heridas-en-un-accidente-en-coana\/\" \/>\n\t<meta name=\"generator\" content=\"All in One SEO Pro (AIOSEO) 5.0.1\" \/>\n\t\t<meta property=\"og:locale\" content=\"es_ES\" \/>\n\t\t<meta property=\"og:site_name\" content=\"El Digital de Asturias\" \/>\n\t\t<meta property=\"og:type\" content=\"article\" \/>\n\t\t<meta property=\"og:title\" content=\"Tres personas heridas en un accidente en Coa\u00f1a - El Digital de Asturias\" \/>\n\t\t<meta property=\"og:description\" content=\"Tres personas han resultado heridas de diversa consideraci\u00f3n, una con pron\u00f3stico reservado y dos leves, hoy lunes en el concejo asturiano de Coa\u00f1a\" \/>\n\t\t<meta property=\"og:url\" content=\"https:\/\/www.eldigitaldeasturias.com\/noticias\/tres-personas-heridas-en-un-accidente-en-coana\/\" \/>\n\t\t<meta property=\"article:tag\" content=\"sucesos\" \/>\n\t\t<meta property=\"article:published_time\" content=\"2021-04-26T09:21:44+00:00\" \/>\n\t\t<meta property=\"article:modified_time\" content=\"2021-04-26T09:21:44+00:00\" \/>\n\t\t<meta property=\"article:publisher\" content=\"https:\/\/facebook.com\/eldigitaldeasturias\" \/>\n\t\t<meta name=\"twitter:card\" content=\"summary_large_image\" \/>\n\t\t<meta name=\"twitter:title\" content=\"Tres personas heridas en un accidente en Coa\u00f1a - El Digital de Asturias\" \/>\n\t\t<meta name=\"twitter:description\" content=\"Tres personas han resultado heridas de diversa consideraci\u00f3n, una con pron\u00f3stico reservado y dos leves, hoy lunes en el concejo asturiano de Coa\u00f1a\" \/>\n\t\t<meta name=\"twitter:image\" content=\"https:\/\/www.eldigitaldeasturias.com\/noticias\/wp-content\/uploads\/2020\/12\/EDA-1.jpg\" \/>\n\t\t<meta name=\"twitter:label1\" content=\"Escrito por\" \/>\n\t\t<meta name=\"twitter:data1\" content=\"El Digital de Asturias\" \/>\n\t\t<meta name=\"twitter:label2\" content=\"Tiempo de lectura estimado\" \/>\n\t\t<meta name=\"twitter:data2\" content=\"2 minutos\" \/>\n\t\t<script type=\"application\/ld+json\" class=\"aioseo-schema\">\n\t\t\t{\"@context\":\"https:\\\/\\\/schema.org\",\"@graph\":[{\"@type\":\"BlogPosting\",\"@id\":\"https:\\\/\\\/www.eldigitaldeasturias.com\\\/noticias\\\/tres-personas-heridas-en-un-accidente-en-coana\\\/#blogposting\",\"name\":\"Tres personas heridas en un accidente en Coa\\u00f1a - El Digital de Asturias\",\"headline\":\"Tres personas heridas en un accidente en Coa\\u00f1a\",\"author\":{\"@id\":\"https:\\\/\\\/www.eldigitaldeasturias.com\\\/noticias\\\/author\\\/admin\\\/#author\"},\"publisher\":{\"@id\":\"https:\\\/\\\/www.eldigitaldeasturias.com\\\/noticias\\\/#organization\"},\"image\":{\"@type\":\"ImageObject\",\"url\":1090245},\"datePublished\":\"2021-04-26T10:21:44+02:00\",\"dateModified\":\"2021-04-26T10:21:44+02:00\",\"inLanguage\":\"es-ES\",\"mainEntityOfPage\":{\"@id\":\"https:\\\/\\\/www.eldigitaldeasturias.com\\\/noticias\\\/tres-personas-heridas-en-un-accidente-en-coana\\\/#webpage\"},\"isPartOf\":{\"@id\":\"https:\\\/\\\/www.eldigitaldeasturias.com\\\/noticias\\\/tres-personas-heridas-en-un-accidente-en-coana\\\/#webpage\"},\"articleSection\":\"Sucesos\"},{\"@type\":\"BreadcrumbList\",\"@id\":\"https:\\\/\\\/www.eldigitaldeasturias.com\\\/noticias\\\/tres-personas-heridas-en-un-accidente-en-coana\\\/#breadcrumblist\",\"itemListElement\":[{\"@type\":\"ListItem\",\"@id\":\"https:\\\/\\\/www.eldigitaldeasturias.com\\\/noticias#listItem\",\"position\":1,\"name\":\"Home\",\"item\":\"https:\\\/\\\/www.eldigitaldeasturias.com\\\/noticias\",\"nextItem\":{\"@type\":\"ListItem\",\"@id\":\"https:\\\/\\\/www.eldigitaldeasturias.com\\\/noticias\\\/category\\\/sucesos\\\/#listItem\",\"name\":\"Sucesos\"}},{\"@type\":\"ListItem\",\"@id\":\"https:\\\/\\\/www.eldigitaldeasturias.com\\\/noticias\\\/category\\\/sucesos\\\/#listItem\",\"position\":2,\"name\":\"Sucesos\",\"item\":\"https:\\\/\\\/www.eldigitaldeasturias.com\\\/noticias\\\/category\\\/sucesos\\\/\",\"nextItem\":{\"@type\":\"ListItem\",\"@id\":\"https:\\\/\\\/www.eldigitaldeasturias.com\\\/noticias\\\/tres-personas-heridas-en-un-accidente-en-coana\\\/#listItem\",\"name\":\"Tres personas heridas en un accidente en Coa\\u00f1a\"},\"previousItem\":{\"@type\":\"ListItem\",\"@id\":\"https:\\\/\\\/www.eldigitaldeasturias.com\\\/noticias#listItem\",\"name\":\"Home\"}},{\"@type\":\"ListItem\",\"@id\":\"https:\\\/\\\/www.eldigitaldeasturias.com\\\/noticias\\\/tres-personas-heridas-en-un-accidente-en-coana\\\/#listItem\",\"position\":3,\"name\":\"Tres personas heridas en un accidente en Coa\\u00f1a\",\"previousItem\":{\"@type\":\"ListItem\",\"@id\":\"https:\\\/\\\/www.eldigitaldeasturias.com\\\/noticias\\\/category\\\/sucesos\\\/#listItem\",\"name\":\"Sucesos\"}}]},{\"@type\":\"Organization\",\"@id\":\"https:\\\/\\\/www.eldigitaldeasturias.com\\\/noticias\\\/#organization\",\"name\":\"El Digital de Asturias\",\"description\":\"Hemeroteca\",\"url\":\"https:\\\/\\\/www.eldigitaldeasturias.com\\\/noticias\\\/\",\"email\":\"info@eldigitaldeasturias.com\",\"telephone\":\"+34652131393\",\"logo\":{\"@type\":\"ImageObject\",\"url\":\"https:\\\/\\\/www.eldigitaldeasturias.com\\\/noticias\\\/wp-content\\\/uploads\\\/2020\\\/12\\\/EDA.jpg\",\"@id\":\"https:\\\/\\\/www.eldigitaldeasturias.com\\\/noticias\\\/tres-personas-heridas-en-un-accidente-en-coana\\\/#organizationLogo\"},\"image\":{\"@id\":\"https:\\\/\\\/www.eldigitaldeasturias.com\\\/noticias\\\/tres-personas-heridas-en-un-accidente-en-coana\\\/#organizationLogo\"},\"sameAs\":[\"https:\\\/\\\/facebook.com\\\/eldigitaldeasturias\",\"https:\\\/\\\/www.youtube.com\\\/channel\\\/UCZP-2wLEB9Rv6erhFmqVnvg\"],\"address\":{\"@id\":\"https:\\\/\\\/www.eldigitaldeasturias.com\\\/noticias\\\/#postaladdress\",\"@type\":\"PostalAddress\",\"streetAddress\":\"san antonio 4\",\"postalCode\":\"33430\",\"addressLocality\":\"Cand\\u00e1s\",\"addressRegion\":\"Asturias\",\"addressCountry\":\"ES\"}},{\"@type\":\"Person\",\"@id\":\"https:\\\/\\\/www.eldigitaldeasturias.com\\\/noticias\\\/author\\\/admin\\\/#author\",\"url\":\"https:\\\/\\\/www.eldigitaldeasturias.com\\\/noticias\\\/author\\\/admin\\\/\",\"name\":\"El Digital de Asturias\",\"image\":{\"@type\":\"ImageObject\",\"@id\":\"https:\\\/\\\/www.eldigitaldeasturias.com\\\/noticias\\\/tres-personas-heridas-en-un-accidente-en-coana\\\/#authorImage\",\"url\":\"https:\\\/\\\/secure.gravatar.com\\\/avatar\\\/df2aeffc32bcd13f8d26072ef8a91b623d677766deac7f97ca815868cd41bf5e?s=96&d=mm&r=g\",\"width\":96,\"height\":96,\"caption\":\"El Digital de Asturias\"}},{\"@type\":\"WebPage\",\"@id\":\"https:\\\/\\\/www.eldigitaldeasturias.com\\\/noticias\\\/tres-personas-heridas-en-un-accidente-en-coana\\\/#webpage\",\"url\":\"https:\\\/\\\/www.eldigitaldeasturias.com\\\/noticias\\\/tres-personas-heridas-en-un-accidente-en-coana\\\/\",\"name\":\"Tres personas heridas en un accidente en Coa\\u00f1a - El Digital de Asturias\",\"description\":\"Tres personas han resultado heridas de diversa consideraci\\u00f3n, una con pron\\u00f3stico reservado y dos leves, hoy lunes en el concejo asturiano de Coa\\u00f1a\",\"inLanguage\":\"es-ES\",\"isPartOf\":{\"@id\":\"https:\\\/\\\/www.eldigitaldeasturias.com\\\/noticias\\\/#website\"},\"breadcrumb\":{\"@id\":\"https:\\\/\\\/www.eldigitaldeasturias.com\\\/noticias\\\/tres-personas-heridas-en-un-accidente-en-coana\\\/#breadcrumblist\"},\"author\":{\"@id\":\"https:\\\/\\\/www.eldigitaldeasturias.com\\\/noticias\\\/author\\\/admin\\\/#author\"},\"creator\":{\"@id\":\"https:\\\/\\\/www.eldigitaldeasturias.com\\\/noticias\\\/author\\\/admin\\\/#author\"},\"image\":{\"@type\":\"ImageObject\",\"url\":1090245,\"@id\":\"https:\\\/\\\/www.eldigitaldeasturias.com\\\/noticias\\\/tres-personas-heridas-en-un-accidente-en-coana\\\/#mainImage\"},\"primaryImageOfPage\":{\"@id\":\"https:\\\/\\\/www.eldigitaldeasturias.com\\\/noticias\\\/tres-personas-heridas-en-un-accidente-en-coana\\\/#mainImage\"},\"datePublished\":\"2021-04-26T10:21:44+02:00\",\"dateModified\":\"2021-04-26T10:21:44+02:00\"},{\"@type\":\"WebSite\",\"@id\":\"https:\\\/\\\/www.eldigitaldeasturias.com\\\/noticias\\\/#website\",\"url\":\"https:\\\/\\\/www.eldigitaldeasturias.com\\\/noticias\\\/\",\"name\":\"El Digital de Asturias - Diario de actualidad y noticias\",\"alternateName\":\"El Digital de Asturias - Diario de actualidad y noticias\",\"description\":\"Hemeroteca\",\"inLanguage\":\"es-ES\",\"publisher\":{\"@id\":\"https:\\\/\\\/www.eldigitaldeasturias.com\\\/noticias\\\/#organization\"}}]}\n\t\t<\/script>\n\t\t<!-- All in One SEO Pro -->\r\n\t\t<title>Tres personas heridas en un accidente en Coa\u00f1a - El Digital de Asturias<\/title>\n\n","aioseo_head_json":{"title":"Tres personas heridas en un accidente en Coa\u00f1a - El Digital de Asturias","description":"Tres personas han resultado heridas de diversa consideraci\u00f3n, una con pron\u00f3stico reservado y dos leves, hoy lunes en el concejo asturiano de Coa\u00f1a","canonical_url":"https:\/\/www.eldigitaldeasturias.com\/noticias\/tres-personas-heridas-en-un-accidente-en-coana\/","robots":"max-image-preview:large","keywords":"sucesos","webmasterTools":{"google-site-verification":"UA-38556648-1","msvalidate.01":"7dfe9f3f1b24437ab69f4f2559babe99","miscellaneous":""},"schema":{"@context":"https:\/\/schema.org","@graph":[{"@type":"BlogPosting","@id":"https:\/\/www.eldigitaldeasturias.com\/noticias\/tres-personas-heridas-en-un-accidente-en-coana\/#blogposting","name":"Tres personas heridas en un accidente en Coa\u00f1a - El Digital de Asturias","headline":"Tres personas heridas en un accidente en Coa\u00f1a","author":{"@id":"https:\/\/www.eldigitaldeasturias.com\/noticias\/author\/admin\/#author"},"publisher":{"@id":"https:\/\/www.eldigitaldeasturias.com\/noticias\/#organization"},"image":{"@type":"ImageObject","url":1090245},"datePublished":"2021-04-26T10:21:44+02:00","dateModified":"2021-04-26T10:21:44+02:00","inLanguage":"es-ES","mainEntityOfPage":{"@id":"https:\/\/www.eldigitaldeasturias.com\/noticias\/tres-personas-heridas-en-un-accidente-en-coana\/#webpage"},"isPartOf":{"@id":"https:\/\/www.eldigitaldeasturias.com\/noticias\/tres-personas-heridas-en-un-accidente-en-coana\/#webpage"},"articleSection":"Sucesos"},{"@type":"BreadcrumbList","@id":"https:\/\/www.eldigitaldeasturias.com\/noticias\/tres-personas-heridas-en-un-accidente-en-coana\/#breadcrumblist","itemListElement":[{"@type":"ListItem","@id":"https:\/\/www.eldigitaldeasturias.com\/noticias#listItem","position":1,"name":"Home","item":"https:\/\/www.eldigitaldeasturias.com\/noticias","nextItem":{"@type":"ListItem","@id":"https:\/\/www.eldigitaldeasturias.com\/noticias\/category\/sucesos\/#listItem","name":"Sucesos"}},{"@type":"ListItem","@id":"https:\/\/www.eldigitaldeasturias.com\/noticias\/category\/sucesos\/#listItem","position":2,"name":"Sucesos","item":"https:\/\/www.eldigitaldeasturias.com\/noticias\/category\/sucesos\/","nextItem":{"@type":"ListItem","@id":"https:\/\/www.eldigitaldeasturias.com\/noticias\/tres-personas-heridas-en-un-accidente-en-coana\/#listItem","name":"Tres personas heridas en un accidente en Coa\u00f1a"},"previousItem":{"@type":"ListItem","@id":"https:\/\/www.eldigitaldeasturias.com\/noticias#listItem","name":"Home"}},{"@type":"ListItem","@id":"https:\/\/www.eldigitaldeasturias.com\/noticias\/tres-personas-heridas-en-un-accidente-en-coana\/#listItem","position":3,"name":"Tres personas heridas en un accidente en Coa\u00f1a","previousItem":{"@type":"ListItem","@id":"https:\/\/www.eldigitaldeasturias.com\/noticias\/category\/sucesos\/#listItem","name":"Sucesos"}}]},{"@type":"Organization","@id":"https:\/\/www.eldigitaldeasturias.com\/noticias\/#organization","name":"El Digital de Asturias","description":"Hemeroteca","url":"https:\/\/www.eldigitaldeasturias.com\/noticias\/","email":"info@eldigitaldeasturias.com","telephone":"+34652131393","logo":{"@type":"ImageObject","url":"https:\/\/www.eldigitaldeasturias.com\/noticias\/wp-content\/uploads\/2020\/12\/EDA.jpg","@id":"https:\/\/www.eldigitaldeasturias.com\/noticias\/tres-personas-heridas-en-un-accidente-en-coana\/#organizationLogo"},"image":{"@id":"https:\/\/www.eldigitaldeasturias.com\/noticias\/tres-personas-heridas-en-un-accidente-en-coana\/#organizationLogo"},"sameAs":["https:\/\/facebook.com\/eldigitaldeasturias","https:\/\/www.youtube.com\/channel\/UCZP-2wLEB9Rv6erhFmqVnvg"],"address":{"@id":"https:\/\/www.eldigitaldeasturias.com\/noticias\/#postaladdress","@type":"PostalAddress","streetAddress":"san antonio 4","postalCode":"33430","addressLocality":"Cand\u00e1s","addressRegion":"Asturias","addressCountry":"ES"}},{"@type":"Person","@id":"https:\/\/www.eldigitaldeasturias.com\/noticias\/author\/admin\/#author","url":"https:\/\/www.eldigitaldeasturias.com\/noticias\/author\/admin\/","name":"El Digital de Asturias","image":{"@type":"ImageObject","@id":"https:\/\/www.eldigitaldeasturias.com\/noticias\/tres-personas-heridas-en-un-accidente-en-coana\/#authorImage","url":"https:\/\/secure.gravatar.com\/avatar\/df2aeffc32bcd13f8d26072ef8a91b623d677766deac7f97ca815868cd41bf5e?s=96&d=mm&r=g","width":96,"height":96,"caption":"El Digital de Asturias"}},{"@type":"WebPage","@id":"https:\/\/www.eldigitaldeasturias.com\/noticias\/tres-personas-heridas-en-un-accidente-en-coana\/#webpage","url":"https:\/\/www.eldigitaldeasturias.com\/noticias\/tres-personas-heridas-en-un-accidente-en-coana\/","name":"Tres personas heridas en un accidente en Coa\u00f1a - El Digital de Asturias","description":"Tres personas han resultado heridas de diversa consideraci\u00f3n, una con pron\u00f3stico reservado y dos leves, hoy lunes en el concejo asturiano de Coa\u00f1a","inLanguage":"es-ES","isPartOf":{"@id":"https:\/\/www.eldigitaldeasturias.com\/noticias\/#website"},"breadcrumb":{"@id":"https:\/\/www.eldigitaldeasturias.com\/noticias\/tres-personas-heridas-en-un-accidente-en-coana\/#breadcrumblist"},"author":{"@id":"https:\/\/www.eldigitaldeasturias.com\/noticias\/author\/admin\/#author"},"creator":{"@id":"https:\/\/www.eldigitaldeasturias.com\/noticias\/author\/admin\/#author"},"image":{"@type":"ImageObject","url":1090245,"@id":"https:\/\/www.eldigitaldeasturias.com\/noticias\/tres-personas-heridas-en-un-accidente-en-coana\/#mainImage"},"primaryImageOfPage":{"@id":"https:\/\/www.eldigitaldeasturias.com\/noticias\/tres-personas-heridas-en-un-accidente-en-coana\/#mainImage"},"datePublished":"2021-04-26T10:21:44+02:00","dateModified":"2021-04-26T10:21:44+02:00"},{"@type":"WebSite","@id":"https:\/\/www.eldigitaldeasturias.com\/noticias\/#website","url":"https:\/\/www.eldigitaldeasturias.com\/noticias\/","name":"El Digital de Asturias - Diario de actualidad y noticias","alternateName":"El Digital de Asturias - Diario de actualidad y noticias","description":"Hemeroteca","inLanguage":"es-ES","publisher":{"@id":"https:\/\/www.eldigitaldeasturias.com\/noticias\/#organization"}}]},"og:locale":"es_ES","og:site_name":"El Digital de Asturias","og:type":"article","og:title":"Tres personas heridas en un accidente en Coa\u00f1a - El Digital de Asturias","og:description":"Tres personas han resultado heridas de diversa consideraci\u00f3n, una con pron\u00f3stico reservado y dos leves, hoy lunes en el concejo asturiano de Coa\u00f1a","og:url":"https:\/\/www.eldigitaldeasturias.com\/noticias\/tres-personas-heridas-en-un-accidente-en-coana\/","article:tag":["sucesos"],"article:published_time":"2021-04-26T09:21:44+00:00","article:modified_time":"2021-04-26T09:21:44+00:00","article:publisher":"https:\/\/facebook.com\/eldigitaldeasturias","twitter:card":"summary_large_image","twitter:title":"Tres personas heridas en un accidente en Coa\u00f1a - El Digital de Asturias","twitter:description":"Tres personas han resultado heridas de diversa consideraci\u00f3n, una con pron\u00f3stico reservado y dos leves, hoy lunes en el concejo asturiano de Coa\u00f1a","twitter:image":"https:\/\/www.eldigitaldeasturias.com\/noticias\/wp-content\/uploads\/2020\/12\/EDA-1.jpg","twitter:label1":"Escrito por","twitter:data1":"El Digital de Asturias","twitter:label2":"Tiempo de lectura estimado","twitter:data2":"2 minutos"},"aioseo_meta_data":{"post_id":"1090244","title":null,"description":"Tres personas han resultado heridas de diversa consideraci\u00f3n, una con pron\u00f3stico reservado y dos leves, hoy lunes en el concejo asturiano de Coa\u00f1a","keywords":[],"keyphrases":{"focus":[],"additional":[]},"primary_term":null,"canonical_url":null,"og_title":null,"og_description":null,"og_object_type":"default","og_image_type":"default","og_image_url":null,"og_image_width":null,"og_image_height":null,"og_image_custom_url":null,"og_image_custom_fields":null,"og_video":"","og_custom_url":null,"og_article_section":null,"og_article_tags":[],"twitter_use_og":false,"twitter_card":"default","twitter_image_type":"default","twitter_image_url":null,"twitter_image_custom_url":null,"twitter_image_custom_fields":null,"twitter_title":null,"twitter_description":null,"schema":{"blockGraphs":[],"customGraphs":[],"default":{"data":{"Article":[],"Course":[],"Dataset":[],"FAQPage":[],"Movie":[],"Person":[],"Product":[],"ProductReview":[],"Car":[],"Recipe":[],"Service":[],"SoftwareApplication":[],"WebPage":[]},"graphName":"","isEnabled":true},"graphs":[],"defaultGraph":"Article","defaultPostTypeGraph":""},"schema_type":"default","schema_type_options":"{\"article\":{\"articleType\":\"BlogPosting\"},\"course\":{\"name\":\"\",\"description\":\"\",\"provider\":\"\"},\"faq\":{\"pages\":[]},\"product\":{\"reviews\":[]},\"recipe\":{\"ingredients\":[],\"instructions\":[],\"keywords\":[]},\"software\":{\"reviews\":[],\"operatingSystems\":[]},\"webPage\":{\"webPageType\":\"WebPage\"}}","pillar_content":false,"robots_default":true,"robots_noindex":false,"robots_noarchive":false,"robots_nosnippet":false,"robots_nofollow":false,"robots_noimageindex":false,"robots_noodp":false,"robots_notranslate":false,"robots_max_snippet":"-1","robots_max_videopreview":"-1","robots_max_imagepreview":"large","priority":null,"frequency":"default","local_seo":{"locations":{"business":{"name":"","businessType":"","image":"","areaServed":"","urls":{"website":"","aboutPage":"","contactPage":""},"address":{"streetLine1":"","streetLine2":"","zipCode":"","city":"","state":"","country":"","addressFormat":"#streetLineOne\n#streetLineTwo\n#city, #state #zipCode"},"contact":{"phone":"","email":"","fax":""},"ids":{"vat":"","tax":"","chamberOfCommerce":""},"payment":{"priceRange":"","currenciesAccepted":"","methods":""}}},"openingHours":{"useDefaults":true,"show":true,"alwaysOpen":false,"use24hFormat":false,"timezone":"","labels":{"closed":"","alwaysOpen":""},"days":{"monday":{"open24h":false,"closed":false,"openTime":"09:00","closeTime":"17:00"},"tuesday":{"open24h":false,"closed":false,"openTime":"09:00","closeTime":"17:00"},"wednesday":{"open24h":false,"closed":false,"openTime":"09:00","closeTime":"17:00"},"thursday":{"open24h":false,"closed":false,"openTime":"09:00","closeTime":"17:00"},"friday":{"open24h":false,"closed":false,"openTime":"09:00","closeTime":"17:00"},"saturday":{"open24h":false,"closed":false,"openTime":"09:00","closeTime":"17:00"},"sunday":{"open24h":false,"closed":false,"openTime":"09:00","closeTime":"17:00"}}}},"seo_analyzer_scan_date":"2026-07-17 11:52:42","breadcrumb_settings":null,"limit_modified_date":false,"open_ai":null,"ai":null,"created":"2021-04-26 09:16:55","updated":"2026-07-17 11:52:42","focus_keyword":null,"additional_keywords":null,"truseo_locale":null},"aioseo_breadcrumb":"<div class=\"aioseo-breadcrumbs\"><span class=\"aioseo-breadcrumb\">\n\t<a href=\"https:\/\/www.eldigitaldeasturias.com\/noticias\" title=\"Home\">Home<\/a>\n<\/span><span class=\"aioseo-breadcrumb-separator\">\u2013<\/span><span class=\"aioseo-breadcrumb\">\n\t<a href=\"https:\/\/www.eldigitaldeasturias.com\/noticias\/category\/sucesos\/\" title=\"Sucesos\">Sucesos<\/a>\n<\/span><span class=\"aioseo-breadcrumb-separator\">\u2013<\/span><span class=\"aioseo-breadcrumb\">\n\t<a href=\"https:\/\/www.eldigitaldeasturias.com\/noticias\/tres-personas-heridas-en-un-accidente-en-coana\/\" title=\"Tres personas heridas en un accidente en Coa\u00f1a\">Tres personas heridas en un accidente en Coa\u00f1a<\/a>\n<\/span><\/div>","aioseo_breadcrumb_json":[{"label":"Home","link":"https:\/\/www.eldigitaldeasturias.com\/noticias"},{"label":"Sucesos","link":"https:\/\/www.eldigitaldeasturias.com\/noticias\/category\/sucesos\/"},{"label":"Tres personas heridas en un accidente en Coa\u00f1a","link":"https:\/\/www.eldigitaldeasturias.com\/noticias\/tres-personas-heridas-en-un-accidente-en-coana\/"}],"_links":{"self":[{"href":"https:\/\/www.eldigitaldeasturias.com\/noticias\/wp-json\/wp\/v2\/posts\/1090244","targetHints":{"allow":["GET"]}}],"collection":[{"href":"https:\/\/www.eldigitaldeasturias.com\/noticias\/wp-json\/wp\/v2\/posts"}],"about":[{"href":"https:\/\/www.eldigitaldeasturias.com\/noticias\/wp-json\/wp\/v2\/types\/post"}],"author":[{"embeddable":true,"href":"https:\/\/www.eldigitaldeasturias.com\/noticias\/wp-json\/wp\/v2\/users\/1"}],"replies":[{"embeddable":true,"href":"https:\/\/www.eldigitaldeasturias.com\/noticias\/wp-json\/wp\/v2\/comments?post=1090244"}],"version-history":[{"count":0,"href":"https:\/\/www.eldigitaldeasturias.com\/noticias\/wp-json\/wp\/v2\/posts\/1090244\/revisions"}],"wp:attachment":[{"href":"https:\/\/www.eldigitaldeasturias.com\/noticias\/wp-json\/wp\/v2\/media?parent=1090244"}],"wp:term":[{"taxonomy":"category","embeddable":true,"href":"https:\/\/www.eldigitaldeasturias.com\/noticias\/wp-json\/wp\/v2\/categories?post=1090244"},{"taxonomy":"post_tag","embeddable":true,"href":"https:\/\/www.eldigitaldeasturias.com\/noticias\/wp-json\/wp\/v2\/tags?post=1090244"}],"curies":[{"name":"wp","href":"https:\/\/api.w.org\/{rel}","templated":true}]}}