{"id":1090226,"date":"2021-04-25T21:38:08","date_gmt":"2021-04-25T20:38:08","guid":{"rendered":"https:\/\/www.eldigitaldeasturias.com\/noticias\/?p=1090226"},"modified":"2021-04-25T21:38:08","modified_gmt":"2021-04-25T20:38:08","slug":"ayudas-miner-y-miniminer-en-asturias","status":"publish","type":"post","link":"https:\/\/www.eldigitaldeasturias.com\/noticias\/ayudas-miner-y-miniminer-en-asturias\/","title":{"rendered":"Ayudas \u00abMiner\u00bb y \u00abMiniminer\u00bb en Asturias"},"content":{"rendered":"<p><img loading=\"lazy\" decoding=\"async\" class=\"alignleft size-medium wp-image-1074821\" src=\"https:\/\/www.eldigitaldeasturias.com\/noticias\/wp-content\/uploads\/2020\/09\/startup-593341_1280-360x240.jpg\" alt=\"\" width=\"360\" height=\"240\" \/>La Consejer\u00eda de Industria, Empleo y Promoci\u00f3n Econ\u00f3mica anima a las empresas asturianas a presentarse a las nuevas convocatorias de las l\u00edneas de ayudas <strong>Miner y Miniminer<\/strong> para proyectos de inversi\u00f3n generadores de empleo en las comarcas mineras, cuyo plazo de solicitud se inici\u00f3 el viernes.<\/p>\n<p>El Ministerio para la Transici\u00f3n Ecol\u00f3gica y el Reto Demogr\u00e1fico, a trav\u00e9s del Instituto para la Transici\u00f3n Justa (ITJ), ha lanzado <strong>dos convocatorias dotadas con 27 millones para el periodo 2021-2024 con el fin de promover el desarrollo alternativo de municipios mineros<\/strong>. Para este a\u00f1o, el presupuesto asciende a 2,7 millones.<\/p>\n<p>El Instituto de Desarrollo Econ\u00f3mico del Principado (Idepa) es el organismo colaborador con el ITJ para favorecer que los proyectos asturianos puedan beneficiarse de las ayudas. As\u00ed, las empresas pueden acudir a la sede del organismo en Llanera para asesorarse de forma personalizada sobre las convocatorias y, especialmente, sobre la viabilidad y encaje de los proyectos en las dos l\u00edneas subvenciones.<\/p>\n<p>El objetivo de estas convocatorias es asegurar el desarrollo alternativo sostenible para \u00e1reas geogr\u00e1ficas afectadas por el cierre de las explotaciones mineras, mitigando los efectos desfavorables para el empleo y la actividad econ\u00f3mica, y proporcionando alternativas de futuro.<\/p>\n<p>Tanto las ayudas dirigidas a proyectos de inversi\u00f3n (Miner) como las destinadas a peque\u00f1os proyectos de inversi\u00f3n (Miniminer) son a fondo perdido para la inversi\u00f3n de iniciativas empresariales generadoras de empleo. Pueden beneficiarse personas f\u00edsicas o jur\u00eddicas privadas con personalidad jur\u00eddica, as\u00ed como agrupaciones integradas por ellas, las comunidades de bienes y los trabajadores aut\u00f3nomos con un proyecto de inversi\u00f3n.<\/p>\n<p>Con una dotaci\u00f3n de 20 millones (2 millones en 2021), la l\u00ednea Miner exige una inversi\u00f3n subvencionable m\u00ednima de 100.000 euros y la creaci\u00f3n, al menos, de tres puestos de trabajo. Las Miniminer cuentan con una dotaci\u00f3n de 7 millones (700.000 euros en 2021) en los que se exige una inversi\u00f3n subvencionable de entre 30.000 y 500.000 euros con la creaci\u00f3n de, al menos, un puesto de trabajo.<\/p>\n<p>En cuanto a las acciones subvencionables, ambas convocatorias financiar\u00e1n inversiones destinadas a terrenos y obra civil, bienes de equipo, instalaciones, maquinaria, planificaci\u00f3n, ingenier\u00eda de proyecto, otras inversiones materiales y activos materiales.<\/p>\n<p>En las \u00faltimas convocatorias de ayudas a las comarcas mineras, durante el periodo 2014-2018, se aprobaron 302 proyectos en Asturias que generaron inversiones por valor de 220 millones y la creaci\u00f3n de 806 puestos de trabajo. La subvenci\u00f3n concedida a estos proyectos alcanz\u00f3 los 26,7 millones.<\/p>\n<p>Para que estas iniciativas se puedan beneficiar de las ayudas al desarrollo alternativo de las comarcas mineras asturianas, deben ubicarse en alguno de los siguientes municipios:<\/p>\n<p><strong>Municipios mineros muy afectados por el proceso de cierre de empresas de la miner\u00eda del carb\u00f3n<\/strong>: Aller, Bimenes, Cangas de Narcea, Caso, Dega\u00f1a, Gij\u00f3n &#8211; La Camocha, Ibias, Langreo, Laviana, Lena, Mieres, Morc\u00edn, Oviedo\u2013 Olloniego, Pilo\u00f1a, Quir\u00f3s, Ribera de Arriba, Riosa, San Mart\u00edn del Rey Aurelio, Siero, Sobrescobio, Teverga, Tineo.<\/p>\n<p>Resto de municipios afectados por el proceso de cierre de empresas de la miner\u00eda del carb\u00f3n: Allande, Avil\u00e9s, Belmonte de Miranda, Cabranes, Caravia, Carre\u00f1o, Castrill\u00f3n, Colunga, Corvera de Asturias, Gij\u00f3n, Goz\u00f3n, Grado, Illas, Llanera, Nava, Nore\u00f1a, Oviedo, Parres, Ponga, Proaza, las Regueras, Salas, Santo Adriano, Sariego, Somiedo, Vald\u00e9s, Villaviciosa, Villay\u00f3n, Yernes y Tameza.<\/p>\n<p>&nbsp;<\/p>\n<p>&nbsp;<\/p>\n<p>&nbsp;<\/p>\n","protected":false},"excerpt":{"rendered":"<p>La Consejer\u00eda de Industria, Empleo y Promoci\u00f3n Econ\u00f3mica anima a las empresas asturianas a presentarse a las nuevas convocatorias de las l\u00edneas de ayudas Miner y Miniminer para proyectos de inversi\u00f3n generadores de empleo en las comarcas mineras, cuyo plazo de solicitud se inici\u00f3 el viernes. El Ministerio para la Transici\u00f3n Ecol\u00f3gica y el Reto [&hellip;]<\/p>\n","protected":false},"author":1,"featured_media":1074821,"comment_status":"closed","ping_status":"closed","sticky":false,"template":"","format":"standard","meta":{"footnotes":""},"categories":[12],"tags":[],"class_list":["post-1090226","post","type-post","status-publish","format-standard","has-post-thumbnail","hentry","category-actualidad-asturias"],"aioseo_notices":[],"aioseo_head":"\n\t\t<!-- All in One SEO Pro 5.0.1 - aioseo.com -->\n\t<meta name=\"description\" content=\"La Consejer\u00eda de Industria, Empleo y Promoci\u00f3n Econ\u00f3mica anima a las empresas asturianas a presentarse a las nuevas convocatorias de Miner y Miniminer ..\" \/>\n\t<meta name=\"robots\" content=\"max-image-preview:large\" \/>\n\t<meta name=\"author\" content=\"El Digital de Asturias\"\/>\n\t<meta name=\"google-site-verification\" content=\"UA-38556648-1\" \/>\n\t<meta name=\"msvalidate.01\" content=\"7dfe9f3f1b24437ab69f4f2559babe99\" \/>\n\t<meta name=\"keywords\" content=\"actualidad asturias\" \/>\n\t<link rel=\"canonical\" href=\"https:\/\/www.eldigitaldeasturias.com\/noticias\/ayudas-miner-y-miniminer-en-asturias\/\" \/>\n\t<meta name=\"generator\" content=\"All in One SEO Pro (AIOSEO) 5.0.1\" \/>\n\t\t<meta property=\"og:locale\" content=\"es_ES\" \/>\n\t\t<meta property=\"og:site_name\" content=\"El Digital de Asturias\" \/>\n\t\t<meta property=\"og:type\" content=\"article\" \/>\n\t\t<meta property=\"og:title\" content=\"Ayudas \u00abMiner\u00bb y \u00abMiniminer\u00bb en Asturias - El Digital de Asturias\" \/>\n\t\t<meta property=\"og:description\" content=\"La Consejer\u00eda de Industria, Empleo y Promoci\u00f3n Econ\u00f3mica anima a las empresas asturianas a presentarse a las nuevas convocatorias de Miner y Miniminer ..\" \/>\n\t\t<meta property=\"og:url\" content=\"https:\/\/www.eldigitaldeasturias.com\/noticias\/ayudas-miner-y-miniminer-en-asturias\/\" \/>\n\t\t<meta property=\"article:tag\" content=\"actualidad asturias\" \/>\n\t\t<meta property=\"article:published_time\" content=\"2021-04-25T20:38:08+00:00\" \/>\n\t\t<meta property=\"article:modified_time\" content=\"2021-04-25T20:38:08+00:00\" \/>\n\t\t<meta property=\"article:publisher\" content=\"https:\/\/facebook.com\/eldigitaldeasturias\" \/>\n\t\t<meta name=\"twitter:card\" content=\"summary_large_image\" \/>\n\t\t<meta name=\"twitter:title\" content=\"Ayudas \u00abMiner\u00bb y \u00abMiniminer\u00bb en Asturias - El Digital de Asturias\" \/>\n\t\t<meta name=\"twitter:description\" content=\"La Consejer\u00eda de Industria, Empleo y Promoci\u00f3n Econ\u00f3mica anima a las empresas asturianas a presentarse a las nuevas convocatorias de Miner y Miniminer ..\" \/>\n\t\t<meta name=\"twitter:image\" content=\"https:\/\/www.eldigitaldeasturias.com\/noticias\/wp-content\/uploads\/2020\/12\/EDA-1.jpg\" \/>\n\t\t<meta name=\"twitter:label1\" content=\"Escrito por\" \/>\n\t\t<meta name=\"twitter:data1\" content=\"El Digital de Asturias\" \/>\n\t\t<meta name=\"twitter:label2\" content=\"Tiempo de lectura estimado\" \/>\n\t\t<meta name=\"twitter:data2\" content=\"3 minutos\" \/>\n\t\t<script type=\"application\/ld+json\" class=\"aioseo-schema\">\n\t\t\t{\"@context\":\"https:\\\/\\\/schema.org\",\"@graph\":[{\"@type\":\"BlogPosting\",\"@id\":\"https:\\\/\\\/www.eldigitaldeasturias.com\\\/noticias\\\/ayudas-miner-y-miniminer-en-asturias\\\/#blogposting\",\"name\":\"Ayudas \\u00abMiner\\u00bb y \\u00abMiniminer\\u00bb en Asturias - El Digital de Asturias\",\"headline\":\"Ayudas \\u00abMiner\\u00bb y \\u00abMiniminer\\u00bb en Asturias\",\"author\":{\"@id\":\"https:\\\/\\\/www.eldigitaldeasturias.com\\\/noticias\\\/author\\\/admin\\\/#author\"},\"publisher\":{\"@id\":\"https:\\\/\\\/www.eldigitaldeasturias.com\\\/noticias\\\/#organization\"},\"image\":{\"@type\":\"ImageObject\",\"url\":1074821},\"datePublished\":\"2021-04-25T21:38:08+02:00\",\"dateModified\":\"2021-04-25T21:38:08+02:00\",\"inLanguage\":\"es-ES\",\"mainEntityOfPage\":{\"@id\":\"https:\\\/\\\/www.eldigitaldeasturias.com\\\/noticias\\\/ayudas-miner-y-miniminer-en-asturias\\\/#webpage\"},\"isPartOf\":{\"@id\":\"https:\\\/\\\/www.eldigitaldeasturias.com\\\/noticias\\\/ayudas-miner-y-miniminer-en-asturias\\\/#webpage\"},\"articleSection\":\"Actualidad Asturias\"},{\"@type\":\"BreadcrumbList\",\"@id\":\"https:\\\/\\\/www.eldigitaldeasturias.com\\\/noticias\\\/ayudas-miner-y-miniminer-en-asturias\\\/#breadcrumblist\",\"itemListElement\":[{\"@type\":\"ListItem\",\"@id\":\"https:\\\/\\\/www.eldigitaldeasturias.com\\\/noticias#listItem\",\"position\":1,\"name\":\"Home\",\"item\":\"https:\\\/\\\/www.eldigitaldeasturias.com\\\/noticias\",\"nextItem\":{\"@type\":\"ListItem\",\"@id\":\"https:\\\/\\\/www.eldigitaldeasturias.com\\\/noticias\\\/category\\\/actualidad-asturias\\\/#listItem\",\"name\":\"Actualidad Asturias\"}},{\"@type\":\"ListItem\",\"@id\":\"https:\\\/\\\/www.eldigitaldeasturias.com\\\/noticias\\\/category\\\/actualidad-asturias\\\/#listItem\",\"position\":2,\"name\":\"Actualidad Asturias\",\"item\":\"https:\\\/\\\/www.eldigitaldeasturias.com\\\/noticias\\\/category\\\/actualidad-asturias\\\/\",\"nextItem\":{\"@type\":\"ListItem\",\"@id\":\"https:\\\/\\\/www.eldigitaldeasturias.com\\\/noticias\\\/ayudas-miner-y-miniminer-en-asturias\\\/#listItem\",\"name\":\"Ayudas \\u00abMiner\\u00bb y \\u00abMiniminer\\u00bb en Asturias\"},\"previousItem\":{\"@type\":\"ListItem\",\"@id\":\"https:\\\/\\\/www.eldigitaldeasturias.com\\\/noticias#listItem\",\"name\":\"Home\"}},{\"@type\":\"ListItem\",\"@id\":\"https:\\\/\\\/www.eldigitaldeasturias.com\\\/noticias\\\/ayudas-miner-y-miniminer-en-asturias\\\/#listItem\",\"position\":3,\"name\":\"Ayudas \\u00abMiner\\u00bb y \\u00abMiniminer\\u00bb en Asturias\",\"previousItem\":{\"@type\":\"ListItem\",\"@id\":\"https:\\\/\\\/www.eldigitaldeasturias.com\\\/noticias\\\/category\\\/actualidad-asturias\\\/#listItem\",\"name\":\"Actualidad Asturias\"}}]},{\"@type\":\"Organization\",\"@id\":\"https:\\\/\\\/www.eldigitaldeasturias.com\\\/noticias\\\/#organization\",\"name\":\"El Digital de Asturias\",\"description\":\"Hemeroteca\",\"url\":\"https:\\\/\\\/www.eldigitaldeasturias.com\\\/noticias\\\/\",\"email\":\"info@eldigitaldeasturias.com\",\"telephone\":\"+34652131393\",\"logo\":{\"@type\":\"ImageObject\",\"url\":\"https:\\\/\\\/www.eldigitaldeasturias.com\\\/noticias\\\/wp-content\\\/uploads\\\/2020\\\/12\\\/EDA.jpg\",\"@id\":\"https:\\\/\\\/www.eldigitaldeasturias.com\\\/noticias\\\/ayudas-miner-y-miniminer-en-asturias\\\/#organizationLogo\"},\"image\":{\"@id\":\"https:\\\/\\\/www.eldigitaldeasturias.com\\\/noticias\\\/ayudas-miner-y-miniminer-en-asturias\\\/#organizationLogo\"},\"sameAs\":[\"https:\\\/\\\/facebook.com\\\/eldigitaldeasturias\",\"https:\\\/\\\/www.youtube.com\\\/channel\\\/UCZP-2wLEB9Rv6erhFmqVnvg\"],\"address\":{\"@id\":\"https:\\\/\\\/www.eldigitaldeasturias.com\\\/noticias\\\/#postaladdress\",\"@type\":\"PostalAddress\",\"streetAddress\":\"san antonio 4\",\"postalCode\":\"33430\",\"addressLocality\":\"Cand\\u00e1s\",\"addressRegion\":\"Asturias\",\"addressCountry\":\"ES\"}},{\"@type\":\"Person\",\"@id\":\"https:\\\/\\\/www.eldigitaldeasturias.com\\\/noticias\\\/author\\\/admin\\\/#author\",\"url\":\"https:\\\/\\\/www.eldigitaldeasturias.com\\\/noticias\\\/author\\\/admin\\\/\",\"name\":\"El Digital de Asturias\",\"image\":{\"@type\":\"ImageObject\",\"@id\":\"https:\\\/\\\/www.eldigitaldeasturias.com\\\/noticias\\\/ayudas-miner-y-miniminer-en-asturias\\\/#authorImage\",\"url\":\"https:\\\/\\\/secure.gravatar.com\\\/avatar\\\/df2aeffc32bcd13f8d26072ef8a91b623d677766deac7f97ca815868cd41bf5e?s=96&d=mm&r=g\",\"width\":96,\"height\":96,\"caption\":\"El Digital de Asturias\"}},{\"@type\":\"WebPage\",\"@id\":\"https:\\\/\\\/www.eldigitaldeasturias.com\\\/noticias\\\/ayudas-miner-y-miniminer-en-asturias\\\/#webpage\",\"url\":\"https:\\\/\\\/www.eldigitaldeasturias.com\\\/noticias\\\/ayudas-miner-y-miniminer-en-asturias\\\/\",\"name\":\"Ayudas \\u00abMiner\\u00bb y \\u00abMiniminer\\u00bb en Asturias - El Digital de Asturias\",\"description\":\"La Consejer\\u00eda de Industria, Empleo y Promoci\\u00f3n Econ\\u00f3mica anima a las empresas asturianas a presentarse a las nuevas convocatorias de Miner y Miniminer ..\",\"inLanguage\":\"es-ES\",\"isPartOf\":{\"@id\":\"https:\\\/\\\/www.eldigitaldeasturias.com\\\/noticias\\\/#website\"},\"breadcrumb\":{\"@id\":\"https:\\\/\\\/www.eldigitaldeasturias.com\\\/noticias\\\/ayudas-miner-y-miniminer-en-asturias\\\/#breadcrumblist\"},\"author\":{\"@id\":\"https:\\\/\\\/www.eldigitaldeasturias.com\\\/noticias\\\/author\\\/admin\\\/#author\"},\"creator\":{\"@id\":\"https:\\\/\\\/www.eldigitaldeasturias.com\\\/noticias\\\/author\\\/admin\\\/#author\"},\"image\":{\"@type\":\"ImageObject\",\"url\":1074821,\"@id\":\"https:\\\/\\\/www.eldigitaldeasturias.com\\\/noticias\\\/ayudas-miner-y-miniminer-en-asturias\\\/#mainImage\"},\"primaryImageOfPage\":{\"@id\":\"https:\\\/\\\/www.eldigitaldeasturias.com\\\/noticias\\\/ayudas-miner-y-miniminer-en-asturias\\\/#mainImage\"},\"datePublished\":\"2021-04-25T21:38:08+02:00\",\"dateModified\":\"2021-04-25T21:38:08+02:00\"},{\"@type\":\"WebSite\",\"@id\":\"https:\\\/\\\/www.eldigitaldeasturias.com\\\/noticias\\\/#website\",\"url\":\"https:\\\/\\\/www.eldigitaldeasturias.com\\\/noticias\\\/\",\"name\":\"El Digital de Asturias - Diario de actualidad y noticias\",\"alternateName\":\"El Digital de Asturias - Diario de actualidad y noticias\",\"description\":\"Hemeroteca\",\"inLanguage\":\"es-ES\",\"publisher\":{\"@id\":\"https:\\\/\\\/www.eldigitaldeasturias.com\\\/noticias\\\/#organization\"}}]}\n\t\t<\/script>\n\t\t<!-- All in One SEO Pro -->\r\n\t\t<title>Ayudas \u00abMiner\u00bb y \u00abMiniminer\u00bb en Asturias - El Digital de Asturias<\/title>\n\n","aioseo_head_json":{"title":"Ayudas \u00abMiner\u00bb y \u00abMiniminer\u00bb en Asturias - El Digital de Asturias","description":"La Consejer\u00eda de Industria, Empleo y Promoci\u00f3n Econ\u00f3mica anima a las empresas asturianas a presentarse a las nuevas convocatorias de Miner y Miniminer ..","canonical_url":"https:\/\/www.eldigitaldeasturias.com\/noticias\/ayudas-miner-y-miniminer-en-asturias\/","robots":"max-image-preview:large","keywords":"actualidad asturias","webmasterTools":{"google-site-verification":"UA-38556648-1","msvalidate.01":"7dfe9f3f1b24437ab69f4f2559babe99","miscellaneous":""},"schema":{"@context":"https:\/\/schema.org","@graph":[{"@type":"BlogPosting","@id":"https:\/\/www.eldigitaldeasturias.com\/noticias\/ayudas-miner-y-miniminer-en-asturias\/#blogposting","name":"Ayudas \u00abMiner\u00bb y \u00abMiniminer\u00bb en Asturias - El Digital de Asturias","headline":"Ayudas \u00abMiner\u00bb y \u00abMiniminer\u00bb en Asturias","author":{"@id":"https:\/\/www.eldigitaldeasturias.com\/noticias\/author\/admin\/#author"},"publisher":{"@id":"https:\/\/www.eldigitaldeasturias.com\/noticias\/#organization"},"image":{"@type":"ImageObject","url":1074821},"datePublished":"2021-04-25T21:38:08+02:00","dateModified":"2021-04-25T21:38:08+02:00","inLanguage":"es-ES","mainEntityOfPage":{"@id":"https:\/\/www.eldigitaldeasturias.com\/noticias\/ayudas-miner-y-miniminer-en-asturias\/#webpage"},"isPartOf":{"@id":"https:\/\/www.eldigitaldeasturias.com\/noticias\/ayudas-miner-y-miniminer-en-asturias\/#webpage"},"articleSection":"Actualidad Asturias"},{"@type":"BreadcrumbList","@id":"https:\/\/www.eldigitaldeasturias.com\/noticias\/ayudas-miner-y-miniminer-en-asturias\/#breadcrumblist","itemListElement":[{"@type":"ListItem","@id":"https:\/\/www.eldigitaldeasturias.com\/noticias#listItem","position":1,"name":"Home","item":"https:\/\/www.eldigitaldeasturias.com\/noticias","nextItem":{"@type":"ListItem","@id":"https:\/\/www.eldigitaldeasturias.com\/noticias\/category\/actualidad-asturias\/#listItem","name":"Actualidad Asturias"}},{"@type":"ListItem","@id":"https:\/\/www.eldigitaldeasturias.com\/noticias\/category\/actualidad-asturias\/#listItem","position":2,"name":"Actualidad Asturias","item":"https:\/\/www.eldigitaldeasturias.com\/noticias\/category\/actualidad-asturias\/","nextItem":{"@type":"ListItem","@id":"https:\/\/www.eldigitaldeasturias.com\/noticias\/ayudas-miner-y-miniminer-en-asturias\/#listItem","name":"Ayudas \u00abMiner\u00bb y \u00abMiniminer\u00bb en Asturias"},"previousItem":{"@type":"ListItem","@id":"https:\/\/www.eldigitaldeasturias.com\/noticias#listItem","name":"Home"}},{"@type":"ListItem","@id":"https:\/\/www.eldigitaldeasturias.com\/noticias\/ayudas-miner-y-miniminer-en-asturias\/#listItem","position":3,"name":"Ayudas \u00abMiner\u00bb y \u00abMiniminer\u00bb en Asturias","previousItem":{"@type":"ListItem","@id":"https:\/\/www.eldigitaldeasturias.com\/noticias\/category\/actualidad-asturias\/#listItem","name":"Actualidad Asturias"}}]},{"@type":"Organization","@id":"https:\/\/www.eldigitaldeasturias.com\/noticias\/#organization","name":"El Digital de Asturias","description":"Hemeroteca","url":"https:\/\/www.eldigitaldeasturias.com\/noticias\/","email":"info@eldigitaldeasturias.com","telephone":"+34652131393","logo":{"@type":"ImageObject","url":"https:\/\/www.eldigitaldeasturias.com\/noticias\/wp-content\/uploads\/2020\/12\/EDA.jpg","@id":"https:\/\/www.eldigitaldeasturias.com\/noticias\/ayudas-miner-y-miniminer-en-asturias\/#organizationLogo"},"image":{"@id":"https:\/\/www.eldigitaldeasturias.com\/noticias\/ayudas-miner-y-miniminer-en-asturias\/#organizationLogo"},"sameAs":["https:\/\/facebook.com\/eldigitaldeasturias","https:\/\/www.youtube.com\/channel\/UCZP-2wLEB9Rv6erhFmqVnvg"],"address":{"@id":"https:\/\/www.eldigitaldeasturias.com\/noticias\/#postaladdress","@type":"PostalAddress","streetAddress":"san antonio 4","postalCode":"33430","addressLocality":"Cand\u00e1s","addressRegion":"Asturias","addressCountry":"ES"}},{"@type":"Person","@id":"https:\/\/www.eldigitaldeasturias.com\/noticias\/author\/admin\/#author","url":"https:\/\/www.eldigitaldeasturias.com\/noticias\/author\/admin\/","name":"El Digital de Asturias","image":{"@type":"ImageObject","@id":"https:\/\/www.eldigitaldeasturias.com\/noticias\/ayudas-miner-y-miniminer-en-asturias\/#authorImage","url":"https:\/\/secure.gravatar.com\/avatar\/df2aeffc32bcd13f8d26072ef8a91b623d677766deac7f97ca815868cd41bf5e?s=96&d=mm&r=g","width":96,"height":96,"caption":"El Digital de Asturias"}},{"@type":"WebPage","@id":"https:\/\/www.eldigitaldeasturias.com\/noticias\/ayudas-miner-y-miniminer-en-asturias\/#webpage","url":"https:\/\/www.eldigitaldeasturias.com\/noticias\/ayudas-miner-y-miniminer-en-asturias\/","name":"Ayudas \u00abMiner\u00bb y \u00abMiniminer\u00bb en Asturias - El Digital de Asturias","description":"La Consejer\u00eda de Industria, Empleo y Promoci\u00f3n Econ\u00f3mica anima a las empresas asturianas a presentarse a las nuevas convocatorias de Miner y Miniminer ..","inLanguage":"es-ES","isPartOf":{"@id":"https:\/\/www.eldigitaldeasturias.com\/noticias\/#website"},"breadcrumb":{"@id":"https:\/\/www.eldigitaldeasturias.com\/noticias\/ayudas-miner-y-miniminer-en-asturias\/#breadcrumblist"},"author":{"@id":"https:\/\/www.eldigitaldeasturias.com\/noticias\/author\/admin\/#author"},"creator":{"@id":"https:\/\/www.eldigitaldeasturias.com\/noticias\/author\/admin\/#author"},"image":{"@type":"ImageObject","url":1074821,"@id":"https:\/\/www.eldigitaldeasturias.com\/noticias\/ayudas-miner-y-miniminer-en-asturias\/#mainImage"},"primaryImageOfPage":{"@id":"https:\/\/www.eldigitaldeasturias.com\/noticias\/ayudas-miner-y-miniminer-en-asturias\/#mainImage"},"datePublished":"2021-04-25T21:38:08+02:00","dateModified":"2021-04-25T21:38:08+02:00"},{"@type":"WebSite","@id":"https:\/\/www.eldigitaldeasturias.com\/noticias\/#website","url":"https:\/\/www.eldigitaldeasturias.com\/noticias\/","name":"El Digital de Asturias - Diario de actualidad y noticias","alternateName":"El Digital de Asturias - Diario de actualidad y noticias","description":"Hemeroteca","inLanguage":"es-ES","publisher":{"@id":"https:\/\/www.eldigitaldeasturias.com\/noticias\/#organization"}}]},"og:locale":"es_ES","og:site_name":"El Digital de Asturias","og:type":"article","og:title":"Ayudas \u00abMiner\u00bb y \u00abMiniminer\u00bb en Asturias - El Digital de Asturias","og:description":"La Consejer\u00eda de Industria, Empleo y Promoci\u00f3n Econ\u00f3mica anima a las empresas asturianas a presentarse a las nuevas convocatorias de Miner y Miniminer ..","og:url":"https:\/\/www.eldigitaldeasturias.com\/noticias\/ayudas-miner-y-miniminer-en-asturias\/","article:tag":["actualidad asturias"],"article:published_time":"2021-04-25T20:38:08+00:00","article:modified_time":"2021-04-25T20:38:08+00:00","article:publisher":"https:\/\/facebook.com\/eldigitaldeasturias","twitter:card":"summary_large_image","twitter:title":"Ayudas \u00abMiner\u00bb y \u00abMiniminer\u00bb en Asturias - El Digital de Asturias","twitter:description":"La Consejer\u00eda de Industria, Empleo y Promoci\u00f3n Econ\u00f3mica anima a las empresas asturianas a presentarse a las nuevas convocatorias de Miner y Miniminer ..","twitter:image":"https:\/\/www.eldigitaldeasturias.com\/noticias\/wp-content\/uploads\/2020\/12\/EDA-1.jpg","twitter:label1":"Escrito por","twitter:data1":"El Digital de Asturias","twitter:label2":"Tiempo de lectura estimado","twitter:data2":"3 minutos"},"aioseo_meta_data":{"post_id":"1090226","title":null,"description":"La Consejer\u00eda de Industria, Empleo y Promoci\u00f3n Econ\u00f3mica anima a las empresas asturianas a presentarse a las nuevas convocatorias de Miner y Miniminer ..","keywords":[],"keyphrases":{"focus":[],"additional":[]},"primary_term":null,"canonical_url":null,"og_title":null,"og_description":null,"og_object_type":"default","og_image_type":"default","og_image_url":null,"og_image_width":null,"og_image_height":null,"og_image_custom_url":null,"og_image_custom_fields":null,"og_video":"","og_custom_url":null,"og_article_section":null,"og_article_tags":[],"twitter_use_og":false,"twitter_card":"default","twitter_image_type":"default","twitter_image_url":null,"twitter_image_custom_url":null,"twitter_image_custom_fields":null,"twitter_title":null,"twitter_description":null,"schema":{"blockGraphs":[],"customGraphs":[],"default":{"data":{"Article":[],"Course":[],"Dataset":[],"FAQPage":[],"Movie":[],"Person":[],"Product":[],"ProductReview":[],"Car":[],"Recipe":[],"Service":[],"SoftwareApplication":[],"WebPage":[]},"graphName":"","isEnabled":true},"graphs":[]},"schema_type":"default","schema_type_options":"{\"article\":{\"articleType\":\"BlogPosting\"},\"course\":{\"name\":\"\",\"description\":\"\",\"provider\":\"\"},\"faq\":{\"pages\":[]},\"product\":{\"reviews\":[]},\"recipe\":{\"ingredients\":[],\"instructions\":[],\"keywords\":[]},\"software\":{\"reviews\":[],\"operatingSystems\":[]},\"webPage\":{\"webPageType\":\"WebPage\"}}","pillar_content":false,"robots_default":true,"robots_noindex":false,"robots_noarchive":false,"robots_nosnippet":false,"robots_nofollow":false,"robots_noimageindex":false,"robots_noodp":false,"robots_notranslate":false,"robots_max_snippet":"-1","robots_max_videopreview":"-1","robots_max_imagepreview":"large","priority":null,"frequency":"default","local_seo":{"locations":{"business":{"name":"","businessType":"","image":"","areaServed":"","urls":{"website":"","aboutPage":"","contactPage":""},"address":{"streetLine1":"","streetLine2":"","zipCode":"","city":"","state":"","country":"","addressFormat":"#streetLineOne\n#streetLineTwo\n#city, #state #zipCode"},"contact":{"phone":"","email":"","fax":""},"ids":{"vat":"","tax":"","chamberOfCommerce":""},"payment":{"priceRange":"","currenciesAccepted":"","methods":""}}},"openingHours":{"useDefaults":true,"show":true,"alwaysOpen":false,"use24hFormat":false,"timezone":"","labels":{"closed":"","alwaysOpen":""},"days":{"monday":{"open24h":false,"closed":false,"openTime":"09:00","closeTime":"17:00"},"tuesday":{"open24h":false,"closed":false,"openTime":"09:00","closeTime":"17:00"},"wednesday":{"open24h":false,"closed":false,"openTime":"09:00","closeTime":"17:00"},"thursday":{"open24h":false,"closed":false,"openTime":"09:00","closeTime":"17:00"},"friday":{"open24h":false,"closed":false,"openTime":"09:00","closeTime":"17:00"},"saturday":{"open24h":false,"closed":false,"openTime":"09:00","closeTime":"17:00"},"sunday":{"open24h":false,"closed":false,"openTime":"09:00","closeTime":"17:00"}}}},"seo_analyzer_scan_date":"2026-07-17 11:46:25","breadcrumb_settings":null,"limit_modified_date":false,"open_ai":null,"ai":null,"created":"2021-04-25 20:34:08","updated":"2026-07-17 11:46:25","focus_keyword":null,"additional_keywords":null,"truseo_locale":null},"aioseo_breadcrumb":"<div class=\"aioseo-breadcrumbs\"><span class=\"aioseo-breadcrumb\">\n\t<a href=\"https:\/\/www.eldigitaldeasturias.com\/noticias\" title=\"Home\">Home<\/a>\n<\/span><span class=\"aioseo-breadcrumb-separator\">\u2013<\/span><span class=\"aioseo-breadcrumb\">\n\t<a href=\"https:\/\/www.eldigitaldeasturias.com\/noticias\/category\/actualidad-asturias\/\" title=\"Actualidad Asturias\">Actualidad Asturias<\/a>\n<\/span><span class=\"aioseo-breadcrumb-separator\">\u2013<\/span><span class=\"aioseo-breadcrumb\">\n\t<a href=\"https:\/\/www.eldigitaldeasturias.com\/noticias\/ayudas-miner-y-miniminer-en-asturias\/\" title=\"Ayudas \u00abMiner\u00bb y \u00abMiniminer\u00bb en Asturias\">Ayudas \u00abMiner\u00bb y \u00abMiniminer\u00bb en Asturias<\/a>\n<\/span><\/div>","aioseo_breadcrumb_json":[{"label":"Home","link":"https:\/\/www.eldigitaldeasturias.com\/noticias"},{"label":"Actualidad Asturias","link":"https:\/\/www.eldigitaldeasturias.com\/noticias\/category\/actualidad-asturias\/"},{"label":"Ayudas \u00abMiner\u00bb y \u00abMiniminer\u00bb en Asturias","link":"https:\/\/www.eldigitaldeasturias.com\/noticias\/ayudas-miner-y-miniminer-en-asturias\/"}],"_links":{"self":[{"href":"https:\/\/www.eldigitaldeasturias.com\/noticias\/wp-json\/wp\/v2\/posts\/1090226","targetHints":{"allow":["GET"]}}],"collection":[{"href":"https:\/\/www.eldigitaldeasturias.com\/noticias\/wp-json\/wp\/v2\/posts"}],"about":[{"href":"https:\/\/www.eldigitaldeasturias.com\/noticias\/wp-json\/wp\/v2\/types\/post"}],"author":[{"embeddable":true,"href":"https:\/\/www.eldigitaldeasturias.com\/noticias\/wp-json\/wp\/v2\/users\/1"}],"replies":[{"embeddable":true,"href":"https:\/\/www.eldigitaldeasturias.com\/noticias\/wp-json\/wp\/v2\/comments?post=1090226"}],"version-history":[{"count":0,"href":"https:\/\/www.eldigitaldeasturias.com\/noticias\/wp-json\/wp\/v2\/posts\/1090226\/revisions"}],"wp:attachment":[{"href":"https:\/\/www.eldigitaldeasturias.com\/noticias\/wp-json\/wp\/v2\/media?parent=1090226"}],"wp:term":[{"taxonomy":"category","embeddable":true,"href":"https:\/\/www.eldigitaldeasturias.com\/noticias\/wp-json\/wp\/v2\/categories?post=1090226"},{"taxonomy":"post_tag","embeddable":true,"href":"https:\/\/www.eldigitaldeasturias.com\/noticias\/wp-json\/wp\/v2\/tags?post=1090226"}],"curies":[{"name":"wp","href":"https:\/\/api.w.org\/{rel}","templated":true}]}}