{"id":1089772,"date":"2021-04-18T14:16:24","date_gmt":"2021-04-18T13:16:24","guid":{"rendered":"https:\/\/www.eldigitaldeasturias.com\/noticias\/?p=1089772"},"modified":"2021-04-18T14:16:24","modified_gmt":"2021-04-18T13:16:24","slug":"el-taigo-de-volkswagen","status":"publish","type":"post","link":"https:\/\/www.eldigitaldeasturias.com\/noticias\/el-taigo-de-volkswagen\/","title":{"rendered":"El Taigo de Volkswagen"},"content":{"rendered":"<p>(dpa) &#8211; El grupo alem\u00e1n Volkswagen ha confirmado el lanzamiento de un nuevo y elegante utilitario \u00abcrossover\u00bb con silueta coup\u00e9. <strong>El nuevo modelo se llamar\u00e1 Taigo y est\u00e1 basado en el SUV Nivus<\/strong>, fabricado en Brasil para el mercado sudamericano.<\/p>\n<figure id=\"attachment_1089773\" aria-describedby=\"caption-attachment-1089773\" style=\"width: 640px\" class=\"wp-caption aligncenter\"><img loading=\"lazy\" decoding=\"async\" class=\"wp-image-1089773 size-large\" src=\"https:\/\/www.eldigitaldeasturias.com\/noticias\/wp-content\/uploads\/2021\/04\/Taigo-de-Volkswagen-690x424.jpg\" alt=\" Taigo, el nuevo SUV de Volkswagen\" width=\"640\" height=\"393\" srcset=\"https:\/\/www.eldigitaldeasturias.com\/noticias\/wp-content\/uploads\/2021\/04\/Taigo-de-Volkswagen-690x424.jpg 690w, https:\/\/www.eldigitaldeasturias.com\/noticias\/wp-content\/uploads\/2021\/04\/Taigo-de-Volkswagen-360x221.jpg 360w, https:\/\/www.eldigitaldeasturias.com\/noticias\/wp-content\/uploads\/2021\/04\/Taigo-de-Volkswagen-480x295.jpg 480w, https:\/\/www.eldigitaldeasturias.com\/noticias\/wp-content\/uploads\/2021\/04\/Taigo-de-Volkswagen-768x472.jpg 768w, https:\/\/www.eldigitaldeasturias.com\/noticias\/wp-content\/uploads\/2021\/04\/Taigo-de-Volkswagen-1024x630.jpg 1024w, https:\/\/www.eldigitaldeasturias.com\/noticias\/wp-content\/uploads\/2021\/04\/Taigo-de-Volkswagen.jpg 1070w\" sizes=\"auto, (max-width: 640px) 100vw, 640px\" \/><figcaption id=\"caption-attachment-1089773\" class=\"wp-caption-text\">El Taigo, el nuevo SUV de Volkswagen, se integra al creciente segmento de los \u00abcrossover\u00bb compactos. Es ligeramente m\u00e1s largo y m\u00e1s bajo que el T-Cross. Foto: Volkswagen AG\/dpa<\/figcaption><\/figure>\n<p>El Taigo debutar\u00e1 a finales de este a\u00f1o y<strong> sus ventas en Europa comenzar\u00e1n a finales de 2021<\/strong>.<\/p>\n<p>El modelo se suministrar\u00e1 con motores de gasolina TSI de austero consumo, faros LED de serie, un puesto de conducci\u00f3n totalmente digital y un completo paquete de sistemas de asistencia.<\/p>\n<p>Con el Taigo, <strong>Volkswagen persigue el objetivo de a\u00f1adir a su gama un SUV compacto de dise\u00f1o carism\u00e1tico<\/strong> en un momento en el que el mercado de los \u00abcrossover\u00bb compactos se est\u00e1 expandiendo r\u00e1pidamente.<\/p>\n<p>En comparaci\u00f3n con el Nivus, <strong>el Taigo es, con 4.266 mm de longitud, ligeramente m\u00e1s largo que el T-Cross, pero la l\u00ednea del techo es unos 10 mm m\u00e1s baja<\/strong>.<\/p>\n<p>Las im\u00e1genes de Volkswagen muestran un paragolpes delantero robusto, con una toma de aire de gran tama\u00f1o e inserciones en negro brillante. El veh\u00edculo equipa llantas de aleaci\u00f3n de gran tama\u00f1o.<\/p>\n<p>Volkswagen no se pronunci\u00f3 sobre el nombre Taigo, que es un nombre de ni\u00f1o muy popular en Jap\u00f3n. Los nombres de coches modernos suelen ser invenciones de palabras elegidas por un comit\u00e9 y est\u00e1n dise\u00f1ados para despertar en el usuario una sensaci\u00f3n positiva.<\/p>\n<p>Taigo suena asombrosamente parecido a Tiago, que fue elegido por la empresa india Tata Motors para rebautizar un utilitario originalmente llamado Zica.<\/p>\n<p>El nombre se cambi\u00f3 r\u00e1pidamente despu\u00e9s de que el virus hom\u00f3nimo (zika, con \u00abk\u00bb) amenazara con desbaratar los Juegos Ol\u00edmpicos de R\u00edo de Janeiro en 2016.<\/p>\n<p>&nbsp;<\/p>\n<p>&nbsp;<\/p>\n","protected":false},"excerpt":{"rendered":"<p>(dpa) &#8211; El grupo alem\u00e1n Volkswagen ha confirmado el lanzamiento de un nuevo y elegante utilitario \u00abcrossover\u00bb con silueta coup\u00e9. El nuevo modelo se llamar\u00e1 Taigo y est\u00e1 basado en el SUV Nivus, fabricado en Brasil para el mercado sudamericano. El Taigo debutar\u00e1 a finales de este a\u00f1o y sus ventas en Europa comenzar\u00e1n a [&hellip;]<\/p>\n","protected":false},"author":1,"featured_media":1089773,"comment_status":"closed","ping_status":"closed","sticky":false,"template":"","format":"standard","meta":{"footnotes":""},"categories":[50],"tags":[],"class_list":["post-1089772","post","type-post","status-publish","format-standard","has-post-thumbnail","hentry","category-revista-de-ocio"],"aioseo_notices":[],"aioseo_head":"\n\t\t<!-- All in One SEO Pro 4.9.6.2 - aioseo.com -->\n\t<meta name=\"description\" content=\"El nuevo modelo se llamar\u00e1 Taigo y est\u00e1 basado en el SUV Nivus, fabricado en Brasil para el mercado sudamericano. El Taigo debutar\u00e1 a finales de este a\u00f1o ..\" \/>\n\t<meta name=\"robots\" content=\"max-image-preview:large\" \/>\n\t<meta name=\"author\" content=\"El Digital de Asturias\"\/>\n\t<meta name=\"google-site-verification\" content=\"UA-38556648-1\" \/>\n\t<meta name=\"msvalidate.01\" content=\"7dfe9f3f1b24437ab69f4f2559babe99\" \/>\n\t<meta name=\"keywords\" content=\"revista de ocio\" \/>\n\t<link rel=\"canonical\" href=\"https:\/\/www.eldigitaldeasturias.com\/noticias\/el-taigo-de-volkswagen\/\" \/>\n\t<meta name=\"generator\" content=\"All in One SEO Pro (AIOSEO) 4.9.6.2\" \/>\n\t\t<meta property=\"og:locale\" content=\"es_ES\" \/>\n\t\t<meta property=\"og:site_name\" content=\"El Digital de Asturias\" \/>\n\t\t<meta property=\"og:type\" content=\"article\" \/>\n\t\t<meta property=\"og:title\" content=\"El Taigo de Volkswagen - El Digital de Asturias\" \/>\n\t\t<meta property=\"og:description\" content=\"El nuevo modelo se llamar\u00e1 Taigo y est\u00e1 basado en el SUV Nivus, fabricado en Brasil para el mercado sudamericano. El Taigo debutar\u00e1 a finales de este a\u00f1o ..\" \/>\n\t\t<meta property=\"og:url\" content=\"https:\/\/www.eldigitaldeasturias.com\/noticias\/el-taigo-de-volkswagen\/\" \/>\n\t\t<meta property=\"og:image\" content=\"https:\/\/www.eldigitaldeasturias.com\/noticias\/wp-content\/uploads\/2021\/04\/Taigo-de-Volkswagen.jpg\" \/>\n\t\t<meta property=\"og:image:secure_url\" content=\"https:\/\/www.eldigitaldeasturias.com\/noticias\/wp-content\/uploads\/2021\/04\/Taigo-de-Volkswagen.jpg\" \/>\n\t\t<meta property=\"og:image:width\" content=\"1070\" \/>\n\t\t<meta property=\"og:image:height\" content=\"658\" \/>\n\t\t<meta property=\"article:tag\" content=\"revista de ocio\" \/>\n\t\t<meta property=\"article:published_time\" content=\"2021-04-18T13:16:24+00:00\" \/>\n\t\t<meta property=\"article:modified_time\" content=\"2021-04-18T13:16:24+00:00\" \/>\n\t\t<meta property=\"article:publisher\" content=\"https:\/\/facebook.com\/eldigitaldeasturias\" \/>\n\t\t<meta name=\"twitter:card\" content=\"summary_large_image\" \/>\n\t\t<meta name=\"twitter:title\" content=\"El Taigo de Volkswagen - El Digital de Asturias\" \/>\n\t\t<meta name=\"twitter:description\" content=\"El nuevo modelo se llamar\u00e1 Taigo y est\u00e1 basado en el SUV Nivus, fabricado en Brasil para el mercado sudamericano. El Taigo debutar\u00e1 a finales de este a\u00f1o ..\" \/>\n\t\t<meta name=\"twitter:image\" content=\"https:\/\/www.eldigitaldeasturias.com\/noticias\/wp-content\/uploads\/2021\/04\/Taigo-de-Volkswagen.jpg\" \/>\n\t\t<meta name=\"twitter:label1\" content=\"Escrito por\" \/>\n\t\t<meta name=\"twitter:data1\" content=\"El Digital de Asturias\" \/>\n\t\t<meta name=\"twitter:label2\" content=\"Tiempo de lectura estimado\" \/>\n\t\t<meta name=\"twitter:data2\" content=\"2 minutos\" \/>\n\t\t<script type=\"application\/ld+json\" class=\"aioseo-schema\">\n\t\t\t{\"@context\":\"https:\\\/\\\/schema.org\",\"@graph\":[{\"@type\":\"BlogPosting\",\"@id\":\"https:\\\/\\\/www.eldigitaldeasturias.com\\\/noticias\\\/el-taigo-de-volkswagen\\\/#blogposting\",\"name\":\"El Taigo de Volkswagen - El Digital de Asturias\",\"headline\":\"El Taigo de Volkswagen\",\"author\":{\"@id\":\"https:\\\/\\\/www.eldigitaldeasturias.com\\\/noticias\\\/author\\\/admin\\\/#author\"},\"publisher\":{\"@id\":\"https:\\\/\\\/www.eldigitaldeasturias.com\\\/noticias\\\/#organization\"},\"image\":{\"@type\":\"ImageObject\",\"url\":\"https:\\\/\\\/www.eldigitaldeasturias.com\\\/noticias\\\/wp-content\\\/uploads\\\/2021\\\/04\\\/Taigo-de-Volkswagen.jpg\",\"width\":1070,\"height\":658,\"caption\":\"El Taigo, el nuevo SUV de Volkswagen, se integra al creciente segmento de los \\\"crossover\\\" compactos. Es ligeramente m\\u00e1s largo y m\\u00e1s bajo que el T-Cross. Foto: Volkswagen AG\\\/dpa\"},\"datePublished\":\"2021-04-18T14:16:24+02:00\",\"dateModified\":\"2021-04-18T14:16:24+02:00\",\"inLanguage\":\"es-ES\",\"mainEntityOfPage\":{\"@id\":\"https:\\\/\\\/www.eldigitaldeasturias.com\\\/noticias\\\/el-taigo-de-volkswagen\\\/#webpage\"},\"isPartOf\":{\"@id\":\"https:\\\/\\\/www.eldigitaldeasturias.com\\\/noticias\\\/el-taigo-de-volkswagen\\\/#webpage\"},\"articleSection\":\"Revista de Ocio\"},{\"@type\":\"BreadcrumbList\",\"@id\":\"https:\\\/\\\/www.eldigitaldeasturias.com\\\/noticias\\\/el-taigo-de-volkswagen\\\/#breadcrumblist\",\"itemListElement\":[{\"@type\":\"ListItem\",\"@id\":\"https:\\\/\\\/www.eldigitaldeasturias.com\\\/noticias#listItem\",\"position\":1,\"name\":\"Home\",\"item\":\"https:\\\/\\\/www.eldigitaldeasturias.com\\\/noticias\",\"nextItem\":{\"@type\":\"ListItem\",\"@id\":\"https:\\\/\\\/www.eldigitaldeasturias.com\\\/noticias\\\/category\\\/revista-de-ocio\\\/#listItem\",\"name\":\"Revista de Ocio\"}},{\"@type\":\"ListItem\",\"@id\":\"https:\\\/\\\/www.eldigitaldeasturias.com\\\/noticias\\\/category\\\/revista-de-ocio\\\/#listItem\",\"position\":2,\"name\":\"Revista de Ocio\",\"item\":\"https:\\\/\\\/www.eldigitaldeasturias.com\\\/noticias\\\/category\\\/revista-de-ocio\\\/\",\"nextItem\":{\"@type\":\"ListItem\",\"@id\":\"https:\\\/\\\/www.eldigitaldeasturias.com\\\/noticias\\\/el-taigo-de-volkswagen\\\/#listItem\",\"name\":\"El Taigo de Volkswagen\"},\"previousItem\":{\"@type\":\"ListItem\",\"@id\":\"https:\\\/\\\/www.eldigitaldeasturias.com\\\/noticias#listItem\",\"name\":\"Home\"}},{\"@type\":\"ListItem\",\"@id\":\"https:\\\/\\\/www.eldigitaldeasturias.com\\\/noticias\\\/el-taigo-de-volkswagen\\\/#listItem\",\"position\":3,\"name\":\"El Taigo de Volkswagen\",\"previousItem\":{\"@type\":\"ListItem\",\"@id\":\"https:\\\/\\\/www.eldigitaldeasturias.com\\\/noticias\\\/category\\\/revista-de-ocio\\\/#listItem\",\"name\":\"Revista de Ocio\"}}]},{\"@type\":\"Organization\",\"@id\":\"https:\\\/\\\/www.eldigitaldeasturias.com\\\/noticias\\\/#organization\",\"name\":\"El Digital de Asturias\",\"description\":\"Hemeroteca\",\"url\":\"https:\\\/\\\/www.eldigitaldeasturias.com\\\/noticias\\\/\",\"email\":\"info@eldigitaldeasturias.com\",\"telephone\":\"+34652131393\",\"logo\":{\"@type\":\"ImageObject\",\"url\":\"https:\\\/\\\/www.eldigitaldeasturias.com\\\/noticias\\\/wp-content\\\/uploads\\\/2020\\\/12\\\/EDA.jpg\",\"@id\":\"https:\\\/\\\/www.eldigitaldeasturias.com\\\/noticias\\\/el-taigo-de-volkswagen\\\/#organizationLogo\",\"width\":649,\"height\":297},\"image\":{\"@id\":\"https:\\\/\\\/www.eldigitaldeasturias.com\\\/noticias\\\/el-taigo-de-volkswagen\\\/#organizationLogo\"},\"sameAs\":[\"https:\\\/\\\/facebook.com\\\/eldigitaldeasturias\",\"https:\\\/\\\/www.youtube.com\\\/channel\\\/UCZP-2wLEB9Rv6erhFmqVnvg\"],\"address\":{\"@id\":\"https:\\\/\\\/www.eldigitaldeasturias.com\\\/noticias\\\/#postaladdress\",\"@type\":\"PostalAddress\",\"streetAddress\":\"san antonio 4,\",\"postalCode\":\"33430\",\"addressLocality\":\"Cand\\u00e1s\",\"addressRegion\":\"Asturias\",\"addressCountry\":\"ES\"}},{\"@type\":\"Person\",\"@id\":\"https:\\\/\\\/www.eldigitaldeasturias.com\\\/noticias\\\/author\\\/admin\\\/#author\",\"url\":\"https:\\\/\\\/www.eldigitaldeasturias.com\\\/noticias\\\/author\\\/admin\\\/\",\"name\":\"El Digital de Asturias\",\"image\":{\"@type\":\"ImageObject\",\"@id\":\"https:\\\/\\\/www.eldigitaldeasturias.com\\\/noticias\\\/el-taigo-de-volkswagen\\\/#authorImage\",\"url\":\"https:\\\/\\\/www.eldigitaldeasturias.com\\\/noticias\\\/wp-content\\\/litespeed\\\/avatar\\\/18677e78aa0546b92d9dbf31ec7d7668.jpg?ver=1776685526\",\"width\":96,\"height\":96,\"caption\":\"El Digital de Asturias\"}},{\"@type\":\"WebPage\",\"@id\":\"https:\\\/\\\/www.eldigitaldeasturias.com\\\/noticias\\\/el-taigo-de-volkswagen\\\/#webpage\",\"url\":\"https:\\\/\\\/www.eldigitaldeasturias.com\\\/noticias\\\/el-taigo-de-volkswagen\\\/\",\"name\":\"El Taigo de Volkswagen - El Digital de Asturias\",\"description\":\"El nuevo modelo se llamar\\u00e1 Taigo y est\\u00e1 basado en el SUV Nivus, fabricado en Brasil para el mercado sudamericano. El Taigo debutar\\u00e1 a finales de este a\\u00f1o ..\",\"inLanguage\":\"es-ES\",\"isPartOf\":{\"@id\":\"https:\\\/\\\/www.eldigitaldeasturias.com\\\/noticias\\\/#website\"},\"breadcrumb\":{\"@id\":\"https:\\\/\\\/www.eldigitaldeasturias.com\\\/noticias\\\/el-taigo-de-volkswagen\\\/#breadcrumblist\"},\"author\":{\"@id\":\"https:\\\/\\\/www.eldigitaldeasturias.com\\\/noticias\\\/author\\\/admin\\\/#author\"},\"creator\":{\"@id\":\"https:\\\/\\\/www.eldigitaldeasturias.com\\\/noticias\\\/author\\\/admin\\\/#author\"},\"image\":{\"@type\":\"ImageObject\",\"url\":\"https:\\\/\\\/www.eldigitaldeasturias.com\\\/noticias\\\/wp-content\\\/uploads\\\/2021\\\/04\\\/Taigo-de-Volkswagen.jpg\",\"@id\":\"https:\\\/\\\/www.eldigitaldeasturias.com\\\/noticias\\\/el-taigo-de-volkswagen\\\/#mainImage\",\"width\":1070,\"height\":658,\"caption\":\"El Taigo, el nuevo SUV de Volkswagen, se integra al creciente segmento de los \\\"crossover\\\" compactos. Es ligeramente m\\u00e1s largo y m\\u00e1s bajo que el T-Cross. Foto: Volkswagen AG\\\/dpa\"},\"primaryImageOfPage\":{\"@id\":\"https:\\\/\\\/www.eldigitaldeasturias.com\\\/noticias\\\/el-taigo-de-volkswagen\\\/#mainImage\"},\"datePublished\":\"2021-04-18T14:16:24+02:00\",\"dateModified\":\"2021-04-18T14:16:24+02:00\"},{\"@type\":\"WebSite\",\"@id\":\"https:\\\/\\\/www.eldigitaldeasturias.com\\\/noticias\\\/#website\",\"url\":\"https:\\\/\\\/www.eldigitaldeasturias.com\\\/noticias\\\/\",\"name\":\"El Digital de Asturias - Diario de actualidad y noticias\",\"alternateName\":\"El Digital de Asturias - Diario de actualidad y noticias\",\"description\":\"Hemeroteca\",\"inLanguage\":\"es-ES\",\"publisher\":{\"@id\":\"https:\\\/\\\/www.eldigitaldeasturias.com\\\/noticias\\\/#organization\"}}]}\n\t\t<\/script>\n\t\t<!-- All in One SEO Pro -->\r\n\t\t<title>El Taigo de Volkswagen - El Digital de Asturias<\/title>\n\n","aioseo_head_json":{"title":"El Taigo de Volkswagen - El Digital de Asturias","description":"El nuevo modelo se llamar\u00e1 Taigo y est\u00e1 basado en el SUV Nivus, fabricado en Brasil para el mercado sudamericano. El Taigo debutar\u00e1 a finales de este a\u00f1o ..","canonical_url":"https:\/\/www.eldigitaldeasturias.com\/noticias\/el-taigo-de-volkswagen\/","robots":"max-image-preview:large","keywords":"revista de ocio","webmasterTools":{"google-site-verification":"UA-38556648-1","msvalidate.01":"7dfe9f3f1b24437ab69f4f2559babe99","miscellaneous":""},"schema":{"@context":"https:\/\/schema.org","@graph":[{"@type":"BlogPosting","@id":"https:\/\/www.eldigitaldeasturias.com\/noticias\/el-taigo-de-volkswagen\/#blogposting","name":"El Taigo de Volkswagen - El Digital de Asturias","headline":"El Taigo de Volkswagen","author":{"@id":"https:\/\/www.eldigitaldeasturias.com\/noticias\/author\/admin\/#author"},"publisher":{"@id":"https:\/\/www.eldigitaldeasturias.com\/noticias\/#organization"},"image":{"@type":"ImageObject","url":"https:\/\/www.eldigitaldeasturias.com\/noticias\/wp-content\/uploads\/2021\/04\/Taigo-de-Volkswagen.jpg","width":1070,"height":658,"caption":"El Taigo, el nuevo SUV de Volkswagen, se integra al creciente segmento de los \"crossover\" compactos. Es ligeramente m\u00e1s largo y m\u00e1s bajo que el T-Cross. Foto: Volkswagen AG\/dpa"},"datePublished":"2021-04-18T14:16:24+02:00","dateModified":"2021-04-18T14:16:24+02:00","inLanguage":"es-ES","mainEntityOfPage":{"@id":"https:\/\/www.eldigitaldeasturias.com\/noticias\/el-taigo-de-volkswagen\/#webpage"},"isPartOf":{"@id":"https:\/\/www.eldigitaldeasturias.com\/noticias\/el-taigo-de-volkswagen\/#webpage"},"articleSection":"Revista de Ocio"},{"@type":"BreadcrumbList","@id":"https:\/\/www.eldigitaldeasturias.com\/noticias\/el-taigo-de-volkswagen\/#breadcrumblist","itemListElement":[{"@type":"ListItem","@id":"https:\/\/www.eldigitaldeasturias.com\/noticias#listItem","position":1,"name":"Home","item":"https:\/\/www.eldigitaldeasturias.com\/noticias","nextItem":{"@type":"ListItem","@id":"https:\/\/www.eldigitaldeasturias.com\/noticias\/category\/revista-de-ocio\/#listItem","name":"Revista de Ocio"}},{"@type":"ListItem","@id":"https:\/\/www.eldigitaldeasturias.com\/noticias\/category\/revista-de-ocio\/#listItem","position":2,"name":"Revista de Ocio","item":"https:\/\/www.eldigitaldeasturias.com\/noticias\/category\/revista-de-ocio\/","nextItem":{"@type":"ListItem","@id":"https:\/\/www.eldigitaldeasturias.com\/noticias\/el-taigo-de-volkswagen\/#listItem","name":"El Taigo de Volkswagen"},"previousItem":{"@type":"ListItem","@id":"https:\/\/www.eldigitaldeasturias.com\/noticias#listItem","name":"Home"}},{"@type":"ListItem","@id":"https:\/\/www.eldigitaldeasturias.com\/noticias\/el-taigo-de-volkswagen\/#listItem","position":3,"name":"El Taigo de Volkswagen","previousItem":{"@type":"ListItem","@id":"https:\/\/www.eldigitaldeasturias.com\/noticias\/category\/revista-de-ocio\/#listItem","name":"Revista de Ocio"}}]},{"@type":"Organization","@id":"https:\/\/www.eldigitaldeasturias.com\/noticias\/#organization","name":"El Digital de Asturias","description":"Hemeroteca","url":"https:\/\/www.eldigitaldeasturias.com\/noticias\/","email":"info@eldigitaldeasturias.com","telephone":"+34652131393","logo":{"@type":"ImageObject","url":"https:\/\/www.eldigitaldeasturias.com\/noticias\/wp-content\/uploads\/2020\/12\/EDA.jpg","@id":"https:\/\/www.eldigitaldeasturias.com\/noticias\/el-taigo-de-volkswagen\/#organizationLogo","width":649,"height":297},"image":{"@id":"https:\/\/www.eldigitaldeasturias.com\/noticias\/el-taigo-de-volkswagen\/#organizationLogo"},"sameAs":["https:\/\/facebook.com\/eldigitaldeasturias","https:\/\/www.youtube.com\/channel\/UCZP-2wLEB9Rv6erhFmqVnvg"],"address":{"@id":"https:\/\/www.eldigitaldeasturias.com\/noticias\/#postaladdress","@type":"PostalAddress","streetAddress":"san antonio 4,","postalCode":"33430","addressLocality":"Cand\u00e1s","addressRegion":"Asturias","addressCountry":"ES"}},{"@type":"Person","@id":"https:\/\/www.eldigitaldeasturias.com\/noticias\/author\/admin\/#author","url":"https:\/\/www.eldigitaldeasturias.com\/noticias\/author\/admin\/","name":"El Digital de Asturias","image":{"@type":"ImageObject","@id":"https:\/\/www.eldigitaldeasturias.com\/noticias\/el-taigo-de-volkswagen\/#authorImage","url":"https:\/\/www.eldigitaldeasturias.com\/noticias\/wp-content\/litespeed\/avatar\/18677e78aa0546b92d9dbf31ec7d7668.jpg?ver=1776685526","width":96,"height":96,"caption":"El Digital de Asturias"}},{"@type":"WebPage","@id":"https:\/\/www.eldigitaldeasturias.com\/noticias\/el-taigo-de-volkswagen\/#webpage","url":"https:\/\/www.eldigitaldeasturias.com\/noticias\/el-taigo-de-volkswagen\/","name":"El Taigo de Volkswagen - El Digital de Asturias","description":"El nuevo modelo se llamar\u00e1 Taigo y est\u00e1 basado en el SUV Nivus, fabricado en Brasil para el mercado sudamericano. El Taigo debutar\u00e1 a finales de este a\u00f1o ..","inLanguage":"es-ES","isPartOf":{"@id":"https:\/\/www.eldigitaldeasturias.com\/noticias\/#website"},"breadcrumb":{"@id":"https:\/\/www.eldigitaldeasturias.com\/noticias\/el-taigo-de-volkswagen\/#breadcrumblist"},"author":{"@id":"https:\/\/www.eldigitaldeasturias.com\/noticias\/author\/admin\/#author"},"creator":{"@id":"https:\/\/www.eldigitaldeasturias.com\/noticias\/author\/admin\/#author"},"image":{"@type":"ImageObject","url":"https:\/\/www.eldigitaldeasturias.com\/noticias\/wp-content\/uploads\/2021\/04\/Taigo-de-Volkswagen.jpg","@id":"https:\/\/www.eldigitaldeasturias.com\/noticias\/el-taigo-de-volkswagen\/#mainImage","width":1070,"height":658,"caption":"El Taigo, el nuevo SUV de Volkswagen, se integra al creciente segmento de los \"crossover\" compactos. Es ligeramente m\u00e1s largo y m\u00e1s bajo que el T-Cross. Foto: Volkswagen AG\/dpa"},"primaryImageOfPage":{"@id":"https:\/\/www.eldigitaldeasturias.com\/noticias\/el-taigo-de-volkswagen\/#mainImage"},"datePublished":"2021-04-18T14:16:24+02:00","dateModified":"2021-04-18T14:16:24+02:00"},{"@type":"WebSite","@id":"https:\/\/www.eldigitaldeasturias.com\/noticias\/#website","url":"https:\/\/www.eldigitaldeasturias.com\/noticias\/","name":"El Digital de Asturias - Diario de actualidad y noticias","alternateName":"El Digital de Asturias - Diario de actualidad y noticias","description":"Hemeroteca","inLanguage":"es-ES","publisher":{"@id":"https:\/\/www.eldigitaldeasturias.com\/noticias\/#organization"}}]},"og:locale":"es_ES","og:site_name":"El Digital de Asturias","og:type":"article","og:title":"El Taigo de Volkswagen - El Digital de Asturias","og:description":"El nuevo modelo se llamar\u00e1 Taigo y est\u00e1 basado en el SUV Nivus, fabricado en Brasil para el mercado sudamericano. El Taigo debutar\u00e1 a finales de este a\u00f1o ..","og:url":"https:\/\/www.eldigitaldeasturias.com\/noticias\/el-taigo-de-volkswagen\/","og:image":"https:\/\/www.eldigitaldeasturias.com\/noticias\/wp-content\/uploads\/2021\/04\/Taigo-de-Volkswagen.jpg","og:image:secure_url":"https:\/\/www.eldigitaldeasturias.com\/noticias\/wp-content\/uploads\/2021\/04\/Taigo-de-Volkswagen.jpg","og:image:width":1070,"og:image:height":658,"article:tag":["revista de ocio"],"article:published_time":"2021-04-18T13:16:24+00:00","article:modified_time":"2021-04-18T13:16:24+00:00","article:publisher":"https:\/\/facebook.com\/eldigitaldeasturias","twitter:card":"summary_large_image","twitter:title":"El Taigo de Volkswagen - El Digital de Asturias","twitter:description":"El nuevo modelo se llamar\u00e1 Taigo y est\u00e1 basado en el SUV Nivus, fabricado en Brasil para el mercado sudamericano. El Taigo debutar\u00e1 a finales de este a\u00f1o ..","twitter:image":"https:\/\/www.eldigitaldeasturias.com\/noticias\/wp-content\/uploads\/2021\/04\/Taigo-de-Volkswagen.jpg","twitter:label1":"Escrito por","twitter:data1":"El Digital de Asturias","twitter:label2":"Tiempo de lectura estimado","twitter:data2":"2 minutos"},"aioseo_meta_data":{"post_id":"1089772","title":null,"description":"El nuevo modelo se llamar\u00e1 Taigo y est\u00e1 basado en el SUV Nivus, fabricado en Brasil para el mercado sudamericano. El Taigo debutar\u00e1 a finales de este a\u00f1o ..","keywords":[],"keyphrases":{"focus":[],"additional":[]},"primary_term":null,"canonical_url":null,"og_title":null,"og_description":null,"og_object_type":"default","og_image_type":"default","og_image_url":null,"og_image_width":null,"og_image_height":null,"og_image_custom_url":null,"og_image_custom_fields":null,"og_video":"","og_custom_url":null,"og_article_section":null,"og_article_tags":[],"twitter_use_og":false,"twitter_card":"default","twitter_image_type":"default","twitter_image_url":null,"twitter_image_custom_url":null,"twitter_image_custom_fields":null,"twitter_title":null,"twitter_description":null,"schema":{"blockGraphs":[],"customGraphs":[],"default":{"data":{"Article":[],"Course":[],"Dataset":[],"FAQPage":[],"Movie":[],"Person":[],"Product":[],"ProductReview":[],"Car":[],"Recipe":[],"Service":[],"SoftwareApplication":[],"WebPage":[]},"graphName":"","isEnabled":true},"graphs":[]},"schema_type":"default","schema_type_options":"{\"article\":{\"articleType\":\"BlogPosting\"},\"course\":{\"name\":\"\",\"description\":\"\",\"provider\":\"\"},\"faq\":{\"pages\":[]},\"product\":{\"reviews\":[]},\"recipe\":{\"ingredients\":[],\"instructions\":[],\"keywords\":[]},\"software\":{\"reviews\":[],\"operatingSystems\":[]},\"webPage\":{\"webPageType\":\"WebPage\"}}","pillar_content":false,"robots_default":true,"robots_noindex":false,"robots_noarchive":false,"robots_nosnippet":false,"robots_nofollow":false,"robots_noimageindex":false,"robots_noodp":false,"robots_notranslate":false,"robots_max_snippet":"-1","robots_max_videopreview":"-1","robots_max_imagepreview":"large","priority":null,"frequency":"default","local_seo":{"locations":{"business":{"name":"","businessType":"","image":"","areaServed":"","urls":{"website":"","aboutPage":"","contactPage":""},"address":{"streetLine1":"","streetLine2":"","zipCode":"","city":"","state":"","country":"","addressFormat":"#streetLineOne\n#streetLineTwo\n#city, #state #zipCode"},"contact":{"phone":"","email":"","fax":""},"ids":{"vat":"","tax":"","chamberOfCommerce":""},"payment":{"priceRange":"","currenciesAccepted":"","methods":""}}},"openingHours":{"useDefaults":true,"show":true,"alwaysOpen":false,"use24hFormat":false,"timezone":"","labels":{"closed":"","alwaysOpen":""},"days":{"monday":{"open24h":false,"closed":false,"openTime":"09:00","closeTime":"17:00"},"tuesday":{"open24h":false,"closed":false,"openTime":"09:00","closeTime":"17:00"},"wednesday":{"open24h":false,"closed":false,"openTime":"09:00","closeTime":"17:00"},"thursday":{"open24h":false,"closed":false,"openTime":"09:00","closeTime":"17:00"},"friday":{"open24h":false,"closed":false,"openTime":"09:00","closeTime":"17:00"},"saturday":{"open24h":false,"closed":false,"openTime":"09:00","closeTime":"17:00"},"sunday":{"open24h":false,"closed":false,"openTime":"09:00","closeTime":"17:00"}}}},"seo_analyzer_scan_date":"2025-09-15 02:38:50","breadcrumb_settings":null,"limit_modified_date":false,"open_ai":null,"ai":null,"created":"2021-04-18 11:39:39","updated":"2025-09-15 02:38:50"},"aioseo_breadcrumb":"<div class=\"aioseo-breadcrumbs\"><span class=\"aioseo-breadcrumb\">\n\t<a href=\"https:\/\/www.eldigitaldeasturias.com\/noticias\" title=\"Home\">Home<\/a>\n<\/span><span class=\"aioseo-breadcrumb-separator\">\u2013<\/span><span class=\"aioseo-breadcrumb\">\n\t<a href=\"https:\/\/www.eldigitaldeasturias.com\/noticias\/category\/revista-de-ocio\/\" title=\"Revista de Ocio\">Revista de Ocio<\/a>\n<\/span><span class=\"aioseo-breadcrumb-separator\">\u2013<\/span><span class=\"aioseo-breadcrumb\">\n\t<a href=\"https:\/\/www.eldigitaldeasturias.com\/noticias\/el-taigo-de-volkswagen\/\" title=\"El Taigo de Volkswagen\">El Taigo de Volkswagen<\/a>\n<\/span><\/div>","aioseo_breadcrumb_json":[{"label":"Home","link":"https:\/\/www.eldigitaldeasturias.com\/noticias"},{"label":"Revista de Ocio","link":"https:\/\/www.eldigitaldeasturias.com\/noticias\/category\/revista-de-ocio\/"},{"label":"El Taigo de Volkswagen","link":"https:\/\/www.eldigitaldeasturias.com\/noticias\/el-taigo-de-volkswagen\/"}],"_links":{"self":[{"href":"https:\/\/www.eldigitaldeasturias.com\/noticias\/wp-json\/wp\/v2\/posts\/1089772","targetHints":{"allow":["GET"]}}],"collection":[{"href":"https:\/\/www.eldigitaldeasturias.com\/noticias\/wp-json\/wp\/v2\/posts"}],"about":[{"href":"https:\/\/www.eldigitaldeasturias.com\/noticias\/wp-json\/wp\/v2\/types\/post"}],"author":[{"embeddable":true,"href":"https:\/\/www.eldigitaldeasturias.com\/noticias\/wp-json\/wp\/v2\/users\/1"}],"replies":[{"embeddable":true,"href":"https:\/\/www.eldigitaldeasturias.com\/noticias\/wp-json\/wp\/v2\/comments?post=1089772"}],"version-history":[{"count":0,"href":"https:\/\/www.eldigitaldeasturias.com\/noticias\/wp-json\/wp\/v2\/posts\/1089772\/revisions"}],"wp:featuredmedia":[{"embeddable":true,"href":"https:\/\/www.eldigitaldeasturias.com\/noticias\/wp-json\/wp\/v2\/media\/1089773"}],"wp:attachment":[{"href":"https:\/\/www.eldigitaldeasturias.com\/noticias\/wp-json\/wp\/v2\/media?parent=1089772"}],"wp:term":[{"taxonomy":"category","embeddable":true,"href":"https:\/\/www.eldigitaldeasturias.com\/noticias\/wp-json\/wp\/v2\/categories?post=1089772"},{"taxonomy":"post_tag","embeddable":true,"href":"https:\/\/www.eldigitaldeasturias.com\/noticias\/wp-json\/wp\/v2\/tags?post=1089772"}],"curies":[{"name":"wp","href":"https:\/\/api.w.org\/{rel}","templated":true}]}}