{"id":1087928,"date":"2021-03-18T20:47:46","date_gmt":"2021-03-18T19:47:46","guid":{"rendered":"https:\/\/www.eldigitaldeasturias.com\/noticias\/?p=1087928"},"modified":"2021-03-18T20:47:46","modified_gmt":"2021-03-18T19:47:46","slug":"puente-de-san-jose-2021-nieve-y-frio-en-espana","status":"publish","type":"post","link":"https:\/\/www.eldigitaldeasturias.com\/noticias\/puente-de-san-jose-2021-nieve-y-frio-en-espana\/","title":{"rendered":"Puente de San Jos\u00e9 2021: Nieve y fr\u00edo en Espa\u00f1a"},"content":{"rendered":"<p><img loading=\"lazy\" decoding=\"async\" class=\"alignleft size-medium wp-image-858065\" src=\"https:\/\/www.eldigitaldeasturias.com\/noticias\/wp-content\/uploads\/2016\/02\/nieve-asturias-360x270.jpg\" alt=\"\" width=\"360\" height=\"270\" srcset=\"https:\/\/www.eldigitaldeasturias.com\/noticias\/wp-content\/uploads\/2016\/02\/nieve-asturias-360x270.jpg 360w, https:\/\/www.eldigitaldeasturias.com\/noticias\/wp-content\/uploads\/2016\/02\/nieve-asturias-768x576.jpg 768w, https:\/\/www.eldigitaldeasturias.com\/noticias\/wp-content\/uploads\/2016\/02\/nieve-asturias-650x488.jpg 650w, https:\/\/www.eldigitaldeasturias.com\/noticias\/wp-content\/uploads\/2016\/02\/nieve-asturias-90x67.jpg 90w, https:\/\/www.eldigitaldeasturias.com\/noticias\/wp-content\/uploads\/2016\/02\/nieve-asturias-100x75.jpg 100w, https:\/\/www.eldigitaldeasturias.com\/noticias\/wp-content\/uploads\/2016\/02\/nieve-asturias.jpg 800w\" sizes=\"auto, (max-width: 360px) 100vw, 360px\" \/>Durante el d\u00eda de hoy, jueves, la <span style=\"color: #ff6600;\"><a style=\"color: #ff6600;\" href=\"http:\/\/www.aemet.es\/documentos_d\/enportada\/20210318123615_p53tesp1.pdf\" target=\"_blank\" rel=\"noopener\"><strong>invasi\u00f3n progresiva de aire fr\u00edo<\/strong><\/a><\/span> en altura, acompa\u00f1ada de la <strong>entrada de vientos del norte y noreste en superficie<\/strong>, junto a la formaci\u00f3n de una borrasca mediterr\u00e1nea, <strong>dar\u00e1 paso a un paulatino regreso de las condiciones invernales en gran parte de la Pen\u00ednsula y en Baleares<\/strong>.<\/p>\n<p>Para hoy se espera un descenso generalizado de las temperaturas diurnas, que ser\u00e1 notable en amplias zonas del interior peninsular y en el \u00e1rea mediterr\u00e1nea, <strong>llegando a ser un descenso extraordinario en puntos del sureste peninsular<\/strong>.<\/p>\n<p>Continuar\u00e1 el tiempo inestable en el este y sureste peninsular, con chubascos que, en los litorales del sur de Valencia y de Alicante ser\u00e1n <strong>probablemente fuertes, persistentes y ocasionalmente acompa\u00f1ados de tormentas<\/strong>.<\/p>\n<p>Con la profundizaci\u00f3n de la borrasca al este de las Islas Baleares, que tendr\u00e1 lugar durante el fin de semana, se espera una nueva inestabilizaci\u00f3n del \u00e1rea mediterr\u00e1nea que el viernes dar\u00e1 lugar a precipitaciones en el entorno de Baleares, con probabilidad de ir acompa\u00f1adas de tormentas.<strong> La bajada de la cota de nieve dar\u00e1 lugar a nevadas en zonas de monta\u00f1a del norte y del sistema Ib\u00e9rico<\/strong> y, con menor probabilidad, en el sistema Central y sierras del sureste peninsular. Para este d\u00eda tambi\u00e9n se espera que contin\u00fae el descenso de las temperaturas nocturnas en la mitad sur peninsular y de las diurnas en buena parte de la mitad oriental y en Baleares.<\/p>\n<p>El s\u00e1bado, <strong>el centro de la borrasca se aproxima a nuestro territorio<\/strong>, dando lugar a chubascos en Baleares, con probabilidad de que se extiendan al sur del \u00e1rea mediterr\u00e1nea peninsular, Ceuta y Melilla.<\/p>\n<p>El viento del noreste ser\u00e1 m\u00e1s seco y, por ello, las nevadas se restringir\u00e1n este d\u00eda a zonas de la Cordillera Cant\u00e1brica, Pirineos y norte del sistema Ib\u00e9rico, y ocasionalmente, a las sierras del sureste peninsular.<\/p>\n<p>Por otra parte, se espera una intensificaci\u00f3n importante de los vientos del norte en el \u00e1rea mediterr\u00e1nea, especialmente en Baleares. <strong>Las temperaturas nocturnas bajar\u00e1n ligeramente, tanto este d\u00eda como el domingo<\/strong>, de forma que estos dos d\u00edas las heladas afectar\u00e1n a amplias zonas del interior peninsular, m\u00e1s intensas en la Ib\u00e9rica y en Pirineos.<\/p>\n<p>Con el alejamiento de la borrasca mediterr\u00e1nea hacia el este, <strong>el domingo comenzar\u00e1 a remitir este episodio<\/strong>, caracterizado principalmente por unas temperaturas claramente m\u00e1s bajas que las normales de esta \u00e9poca del a\u00f1o.<\/p>\n<p>&nbsp;<\/p>\n","protected":false},"excerpt":{"rendered":"<p>Durante el d\u00eda de hoy, jueves, la invasi\u00f3n progresiva de aire fr\u00edo en altura, acompa\u00f1ada de la entrada de vientos del norte y noreste en superficie, junto a la formaci\u00f3n de una borrasca mediterr\u00e1nea, dar\u00e1 paso a un paulatino regreso de las condiciones invernales en gran parte de la Pen\u00ednsula y en Baleares. Para hoy [&hellip;]<\/p>\n","protected":false},"author":1,"featured_media":858065,"comment_status":"closed","ping_status":"closed","sticky":false,"template":"","format":"standard","meta":{"footnotes":""},"categories":[538],"tags":[],"class_list":["post-1087928","post","type-post","status-publish","format-standard","has-post-thumbnail","hentry","category-el-tiempo"],"aioseo_notices":[],"aioseo_head":"\n\t\t<!-- All in One SEO Pro 4.9.6.2 - aioseo.com -->\n\t<meta name=\"description\" content=\"Durante el d\u00eda de hoy, jueves, la invasi\u00f3n progresiva de aire fr\u00edo en altura, acompa\u00f1ada de la entrada de vientos del norte y noreste en superficie ..\" \/>\n\t<meta name=\"robots\" content=\"max-image-preview:large\" \/>\n\t<meta name=\"author\" content=\"El Digital de Asturias\"\/>\n\t<meta name=\"google-site-verification\" content=\"UA-38556648-1\" \/>\n\t<meta name=\"msvalidate.01\" content=\"7dfe9f3f1b24437ab69f4f2559babe99\" \/>\n\t<meta name=\"keywords\" content=\"el tiempo,aemet,previsi\u00f3n,espa\u00f1a,puente\" \/>\n\t<link rel=\"canonical\" href=\"https:\/\/www.eldigitaldeasturias.com\/noticias\/puente-de-san-jose-2021-nieve-y-frio-en-espana\/\" \/>\n\t<meta name=\"generator\" content=\"All in One SEO Pro (AIOSEO) 4.9.6.2\" \/>\n\t\t<meta property=\"og:locale\" content=\"es_ES\" \/>\n\t\t<meta property=\"og:site_name\" content=\"El Digital de Asturias\" \/>\n\t\t<meta property=\"og:type\" content=\"article\" \/>\n\t\t<meta property=\"og:title\" content=\"Puente de San Jos\u00e9 2021: Nieve y fr\u00edo en Espa\u00f1a - El Digital de Asturias\" \/>\n\t\t<meta property=\"og:description\" content=\"Durante el d\u00eda de hoy, jueves, la invasi\u00f3n progresiva de aire fr\u00edo en altura, acompa\u00f1ada de la entrada de vientos del norte y noreste en superficie ..\" \/>\n\t\t<meta property=\"og:url\" content=\"https:\/\/www.eldigitaldeasturias.com\/noticias\/puente-de-san-jose-2021-nieve-y-frio-en-espana\/\" \/>\n\t\t<meta property=\"og:image\" content=\"https:\/\/www.eldigitaldeasturias.com\/noticias\/wp-content\/uploads\/2016\/02\/nieve-asturias.jpg\" \/>\n\t\t<meta property=\"og:image:secure_url\" content=\"https:\/\/www.eldigitaldeasturias.com\/noticias\/wp-content\/uploads\/2016\/02\/nieve-asturias.jpg\" \/>\n\t\t<meta property=\"og:image:width\" content=\"800\" \/>\n\t\t<meta property=\"og:image:height\" content=\"600\" \/>\n\t\t<meta property=\"article:tag\" content=\"el tiempo\" \/>\n\t\t<meta property=\"article:tag\" content=\"aemet\" \/>\n\t\t<meta property=\"article:tag\" content=\"previsi\u00f3n\" \/>\n\t\t<meta property=\"article:tag\" content=\"espa\u00f1a\" \/>\n\t\t<meta property=\"article:tag\" content=\"puente\" \/>\n\t\t<meta property=\"article:published_time\" content=\"2021-03-18T19:47:46+00:00\" \/>\n\t\t<meta property=\"article:modified_time\" content=\"2021-03-18T19:47:46+00:00\" \/>\n\t\t<meta property=\"article:publisher\" content=\"https:\/\/facebook.com\/eldigitaldeasturias\" \/>\n\t\t<meta name=\"twitter:card\" content=\"summary_large_image\" \/>\n\t\t<meta name=\"twitter:title\" content=\"Puente de San Jos\u00e9 2021: Nieve y fr\u00edo en Espa\u00f1a - El Digital de Asturias\" \/>\n\t\t<meta name=\"twitter:description\" content=\"Durante el d\u00eda de hoy, jueves, la invasi\u00f3n progresiva de aire fr\u00edo en altura, acompa\u00f1ada de la entrada de vientos del norte y noreste en superficie ..\" \/>\n\t\t<meta name=\"twitter:image\" content=\"https:\/\/www.eldigitaldeasturias.com\/noticias\/wp-content\/uploads\/2016\/02\/nieve-asturias.jpg\" \/>\n\t\t<meta name=\"twitter:label1\" content=\"Escrito por\" \/>\n\t\t<meta name=\"twitter:data1\" content=\"El Digital de Asturias\" \/>\n\t\t<meta name=\"twitter:label2\" content=\"Tiempo de lectura estimado\" \/>\n\t\t<meta name=\"twitter:data2\" content=\"2 minutos\" \/>\n\t\t<script type=\"application\/ld+json\" class=\"aioseo-schema\">\n\t\t\t{\"@context\":\"https:\\\/\\\/schema.org\",\"@graph\":[{\"@type\":\"BlogPosting\",\"@id\":\"https:\\\/\\\/www.eldigitaldeasturias.com\\\/noticias\\\/puente-de-san-jose-2021-nieve-y-frio-en-espana\\\/#blogposting\",\"name\":\"Puente de San Jos\\u00e9 2021: Nieve y fr\\u00edo en Espa\\u00f1a - El Digital de Asturias\",\"headline\":\"Puente de San Jos\\u00e9 2021: Nieve y fr\\u00edo en Espa\\u00f1a\",\"author\":{\"@id\":\"https:\\\/\\\/www.eldigitaldeasturias.com\\\/noticias\\\/author\\\/admin\\\/#author\"},\"publisher\":{\"@id\":\"https:\\\/\\\/www.eldigitaldeasturias.com\\\/noticias\\\/#organization\"},\"image\":{\"@type\":\"ImageObject\",\"url\":\"https:\\\/\\\/www.eldigitaldeasturias.com\\\/noticias\\\/wp-content\\\/uploads\\\/2016\\\/02\\\/nieve-asturias.jpg\",\"width\":800,\"height\":600},\"datePublished\":\"2021-03-18T20:47:46+01:00\",\"dateModified\":\"2021-03-18T20:47:46+01:00\",\"inLanguage\":\"es-ES\",\"mainEntityOfPage\":{\"@id\":\"https:\\\/\\\/www.eldigitaldeasturias.com\\\/noticias\\\/puente-de-san-jose-2021-nieve-y-frio-en-espana\\\/#webpage\"},\"isPartOf\":{\"@id\":\"https:\\\/\\\/www.eldigitaldeasturias.com\\\/noticias\\\/puente-de-san-jose-2021-nieve-y-frio-en-espana\\\/#webpage\"},\"articleSection\":\"El tiempo\"},{\"@type\":\"BreadcrumbList\",\"@id\":\"https:\\\/\\\/www.eldigitaldeasturias.com\\\/noticias\\\/puente-de-san-jose-2021-nieve-y-frio-en-espana\\\/#breadcrumblist\",\"itemListElement\":[{\"@type\":\"ListItem\",\"@id\":\"https:\\\/\\\/www.eldigitaldeasturias.com\\\/noticias#listItem\",\"position\":1,\"name\":\"Home\",\"item\":\"https:\\\/\\\/www.eldigitaldeasturias.com\\\/noticias\",\"nextItem\":{\"@type\":\"ListItem\",\"@id\":\"https:\\\/\\\/www.eldigitaldeasturias.com\\\/noticias\\\/category\\\/el-tiempo\\\/#listItem\",\"name\":\"El tiempo\"}},{\"@type\":\"ListItem\",\"@id\":\"https:\\\/\\\/www.eldigitaldeasturias.com\\\/noticias\\\/category\\\/el-tiempo\\\/#listItem\",\"position\":2,\"name\":\"El tiempo\",\"item\":\"https:\\\/\\\/www.eldigitaldeasturias.com\\\/noticias\\\/category\\\/el-tiempo\\\/\",\"nextItem\":{\"@type\":\"ListItem\",\"@id\":\"https:\\\/\\\/www.eldigitaldeasturias.com\\\/noticias\\\/puente-de-san-jose-2021-nieve-y-frio-en-espana\\\/#listItem\",\"name\":\"Puente de San Jos\\u00e9 2021: Nieve y fr\\u00edo en Espa\\u00f1a\"},\"previousItem\":{\"@type\":\"ListItem\",\"@id\":\"https:\\\/\\\/www.eldigitaldeasturias.com\\\/noticias#listItem\",\"name\":\"Home\"}},{\"@type\":\"ListItem\",\"@id\":\"https:\\\/\\\/www.eldigitaldeasturias.com\\\/noticias\\\/puente-de-san-jose-2021-nieve-y-frio-en-espana\\\/#listItem\",\"position\":3,\"name\":\"Puente de San Jos\\u00e9 2021: Nieve y fr\\u00edo en Espa\\u00f1a\",\"previousItem\":{\"@type\":\"ListItem\",\"@id\":\"https:\\\/\\\/www.eldigitaldeasturias.com\\\/noticias\\\/category\\\/el-tiempo\\\/#listItem\",\"name\":\"El tiempo\"}}]},{\"@type\":\"Organization\",\"@id\":\"https:\\\/\\\/www.eldigitaldeasturias.com\\\/noticias\\\/#organization\",\"name\":\"El Digital de Asturias\",\"description\":\"Hemeroteca\",\"url\":\"https:\\\/\\\/www.eldigitaldeasturias.com\\\/noticias\\\/\",\"email\":\"info@eldigitaldeasturias.com\",\"telephone\":\"+34652131393\",\"logo\":{\"@type\":\"ImageObject\",\"url\":\"https:\\\/\\\/www.eldigitaldeasturias.com\\\/noticias\\\/wp-content\\\/uploads\\\/2020\\\/12\\\/EDA.jpg\",\"@id\":\"https:\\\/\\\/www.eldigitaldeasturias.com\\\/noticias\\\/puente-de-san-jose-2021-nieve-y-frio-en-espana\\\/#organizationLogo\",\"width\":649,\"height\":297},\"image\":{\"@id\":\"https:\\\/\\\/www.eldigitaldeasturias.com\\\/noticias\\\/puente-de-san-jose-2021-nieve-y-frio-en-espana\\\/#organizationLogo\"},\"sameAs\":[\"https:\\\/\\\/facebook.com\\\/eldigitaldeasturias\",\"https:\\\/\\\/www.youtube.com\\\/channel\\\/UCZP-2wLEB9Rv6erhFmqVnvg\"],\"address\":{\"@id\":\"https:\\\/\\\/www.eldigitaldeasturias.com\\\/noticias\\\/#postaladdress\",\"@type\":\"PostalAddress\",\"streetAddress\":\"san antonio 4,\",\"postalCode\":\"33430\",\"addressLocality\":\"Cand\\u00e1s\",\"addressRegion\":\"Asturias\",\"addressCountry\":\"ES\"}},{\"@type\":\"Person\",\"@id\":\"https:\\\/\\\/www.eldigitaldeasturias.com\\\/noticias\\\/author\\\/admin\\\/#author\",\"url\":\"https:\\\/\\\/www.eldigitaldeasturias.com\\\/noticias\\\/author\\\/admin\\\/\",\"name\":\"El Digital de Asturias\",\"image\":{\"@type\":\"ImageObject\",\"@id\":\"https:\\\/\\\/www.eldigitaldeasturias.com\\\/noticias\\\/puente-de-san-jose-2021-nieve-y-frio-en-espana\\\/#authorImage\",\"url\":\"https:\\\/\\\/www.eldigitaldeasturias.com\\\/noticias\\\/wp-content\\\/litespeed\\\/avatar\\\/18677e78aa0546b92d9dbf31ec7d7668.jpg?ver=1777290358\",\"width\":96,\"height\":96,\"caption\":\"El Digital de Asturias\"}},{\"@type\":\"WebPage\",\"@id\":\"https:\\\/\\\/www.eldigitaldeasturias.com\\\/noticias\\\/puente-de-san-jose-2021-nieve-y-frio-en-espana\\\/#webpage\",\"url\":\"https:\\\/\\\/www.eldigitaldeasturias.com\\\/noticias\\\/puente-de-san-jose-2021-nieve-y-frio-en-espana\\\/\",\"name\":\"Puente de San Jos\\u00e9 2021: Nieve y fr\\u00edo en Espa\\u00f1a - El Digital de Asturias\",\"description\":\"Durante el d\\u00eda de hoy, jueves, la invasi\\u00f3n progresiva de aire fr\\u00edo en altura, acompa\\u00f1ada de la entrada de vientos del norte y noreste en superficie ..\",\"inLanguage\":\"es-ES\",\"isPartOf\":{\"@id\":\"https:\\\/\\\/www.eldigitaldeasturias.com\\\/noticias\\\/#website\"},\"breadcrumb\":{\"@id\":\"https:\\\/\\\/www.eldigitaldeasturias.com\\\/noticias\\\/puente-de-san-jose-2021-nieve-y-frio-en-espana\\\/#breadcrumblist\"},\"author\":{\"@id\":\"https:\\\/\\\/www.eldigitaldeasturias.com\\\/noticias\\\/author\\\/admin\\\/#author\"},\"creator\":{\"@id\":\"https:\\\/\\\/www.eldigitaldeasturias.com\\\/noticias\\\/author\\\/admin\\\/#author\"},\"image\":{\"@type\":\"ImageObject\",\"url\":\"https:\\\/\\\/www.eldigitaldeasturias.com\\\/noticias\\\/wp-content\\\/uploads\\\/2016\\\/02\\\/nieve-asturias.jpg\",\"@id\":\"https:\\\/\\\/www.eldigitaldeasturias.com\\\/noticias\\\/puente-de-san-jose-2021-nieve-y-frio-en-espana\\\/#mainImage\",\"width\":800,\"height\":600},\"primaryImageOfPage\":{\"@id\":\"https:\\\/\\\/www.eldigitaldeasturias.com\\\/noticias\\\/puente-de-san-jose-2021-nieve-y-frio-en-espana\\\/#mainImage\"},\"datePublished\":\"2021-03-18T20:47:46+01:00\",\"dateModified\":\"2021-03-18T20:47:46+01:00\"},{\"@type\":\"WebSite\",\"@id\":\"https:\\\/\\\/www.eldigitaldeasturias.com\\\/noticias\\\/#website\",\"url\":\"https:\\\/\\\/www.eldigitaldeasturias.com\\\/noticias\\\/\",\"name\":\"El Digital de Asturias - Diario de actualidad y noticias\",\"alternateName\":\"El Digital de Asturias - Diario de actualidad y noticias\",\"description\":\"Hemeroteca\",\"inLanguage\":\"es-ES\",\"publisher\":{\"@id\":\"https:\\\/\\\/www.eldigitaldeasturias.com\\\/noticias\\\/#organization\"}}]}\n\t\t<\/script>\n\t\t<!-- All in One SEO Pro -->\r\n\t\t<title>Puente de San Jos\u00e9 2021: Nieve y fr\u00edo en Espa\u00f1a - El Digital de Asturias<\/title>\n\n","aioseo_head_json":{"title":"Puente de San Jos\u00e9 2021: Nieve y fr\u00edo en Espa\u00f1a - El Digital de Asturias","description":"Durante el d\u00eda de hoy, jueves, la invasi\u00f3n progresiva de aire fr\u00edo en altura, acompa\u00f1ada de la entrada de vientos del norte y noreste en superficie ..","canonical_url":"https:\/\/www.eldigitaldeasturias.com\/noticias\/puente-de-san-jose-2021-nieve-y-frio-en-espana\/","robots":"max-image-preview:large","keywords":"el tiempo,aemet,previsi\u00f3n,espa\u00f1a,puente","webmasterTools":{"google-site-verification":"UA-38556648-1","msvalidate.01":"7dfe9f3f1b24437ab69f4f2559babe99","miscellaneous":""},"schema":{"@context":"https:\/\/schema.org","@graph":[{"@type":"BlogPosting","@id":"https:\/\/www.eldigitaldeasturias.com\/noticias\/puente-de-san-jose-2021-nieve-y-frio-en-espana\/#blogposting","name":"Puente de San Jos\u00e9 2021: Nieve y fr\u00edo en Espa\u00f1a - El Digital de Asturias","headline":"Puente de San Jos\u00e9 2021: Nieve y fr\u00edo en Espa\u00f1a","author":{"@id":"https:\/\/www.eldigitaldeasturias.com\/noticias\/author\/admin\/#author"},"publisher":{"@id":"https:\/\/www.eldigitaldeasturias.com\/noticias\/#organization"},"image":{"@type":"ImageObject","url":"https:\/\/www.eldigitaldeasturias.com\/noticias\/wp-content\/uploads\/2016\/02\/nieve-asturias.jpg","width":800,"height":600},"datePublished":"2021-03-18T20:47:46+01:00","dateModified":"2021-03-18T20:47:46+01:00","inLanguage":"es-ES","mainEntityOfPage":{"@id":"https:\/\/www.eldigitaldeasturias.com\/noticias\/puente-de-san-jose-2021-nieve-y-frio-en-espana\/#webpage"},"isPartOf":{"@id":"https:\/\/www.eldigitaldeasturias.com\/noticias\/puente-de-san-jose-2021-nieve-y-frio-en-espana\/#webpage"},"articleSection":"El tiempo"},{"@type":"BreadcrumbList","@id":"https:\/\/www.eldigitaldeasturias.com\/noticias\/puente-de-san-jose-2021-nieve-y-frio-en-espana\/#breadcrumblist","itemListElement":[{"@type":"ListItem","@id":"https:\/\/www.eldigitaldeasturias.com\/noticias#listItem","position":1,"name":"Home","item":"https:\/\/www.eldigitaldeasturias.com\/noticias","nextItem":{"@type":"ListItem","@id":"https:\/\/www.eldigitaldeasturias.com\/noticias\/category\/el-tiempo\/#listItem","name":"El tiempo"}},{"@type":"ListItem","@id":"https:\/\/www.eldigitaldeasturias.com\/noticias\/category\/el-tiempo\/#listItem","position":2,"name":"El tiempo","item":"https:\/\/www.eldigitaldeasturias.com\/noticias\/category\/el-tiempo\/","nextItem":{"@type":"ListItem","@id":"https:\/\/www.eldigitaldeasturias.com\/noticias\/puente-de-san-jose-2021-nieve-y-frio-en-espana\/#listItem","name":"Puente de San Jos\u00e9 2021: Nieve y fr\u00edo en Espa\u00f1a"},"previousItem":{"@type":"ListItem","@id":"https:\/\/www.eldigitaldeasturias.com\/noticias#listItem","name":"Home"}},{"@type":"ListItem","@id":"https:\/\/www.eldigitaldeasturias.com\/noticias\/puente-de-san-jose-2021-nieve-y-frio-en-espana\/#listItem","position":3,"name":"Puente de San Jos\u00e9 2021: Nieve y fr\u00edo en Espa\u00f1a","previousItem":{"@type":"ListItem","@id":"https:\/\/www.eldigitaldeasturias.com\/noticias\/category\/el-tiempo\/#listItem","name":"El tiempo"}}]},{"@type":"Organization","@id":"https:\/\/www.eldigitaldeasturias.com\/noticias\/#organization","name":"El Digital de Asturias","description":"Hemeroteca","url":"https:\/\/www.eldigitaldeasturias.com\/noticias\/","email":"info@eldigitaldeasturias.com","telephone":"+34652131393","logo":{"@type":"ImageObject","url":"https:\/\/www.eldigitaldeasturias.com\/noticias\/wp-content\/uploads\/2020\/12\/EDA.jpg","@id":"https:\/\/www.eldigitaldeasturias.com\/noticias\/puente-de-san-jose-2021-nieve-y-frio-en-espana\/#organizationLogo","width":649,"height":297},"image":{"@id":"https:\/\/www.eldigitaldeasturias.com\/noticias\/puente-de-san-jose-2021-nieve-y-frio-en-espana\/#organizationLogo"},"sameAs":["https:\/\/facebook.com\/eldigitaldeasturias","https:\/\/www.youtube.com\/channel\/UCZP-2wLEB9Rv6erhFmqVnvg"],"address":{"@id":"https:\/\/www.eldigitaldeasturias.com\/noticias\/#postaladdress","@type":"PostalAddress","streetAddress":"san antonio 4,","postalCode":"33430","addressLocality":"Cand\u00e1s","addressRegion":"Asturias","addressCountry":"ES"}},{"@type":"Person","@id":"https:\/\/www.eldigitaldeasturias.com\/noticias\/author\/admin\/#author","url":"https:\/\/www.eldigitaldeasturias.com\/noticias\/author\/admin\/","name":"El Digital de Asturias","image":{"@type":"ImageObject","@id":"https:\/\/www.eldigitaldeasturias.com\/noticias\/puente-de-san-jose-2021-nieve-y-frio-en-espana\/#authorImage","url":"https:\/\/www.eldigitaldeasturias.com\/noticias\/wp-content\/litespeed\/avatar\/18677e78aa0546b92d9dbf31ec7d7668.jpg?ver=1777290358","width":96,"height":96,"caption":"El Digital de Asturias"}},{"@type":"WebPage","@id":"https:\/\/www.eldigitaldeasturias.com\/noticias\/puente-de-san-jose-2021-nieve-y-frio-en-espana\/#webpage","url":"https:\/\/www.eldigitaldeasturias.com\/noticias\/puente-de-san-jose-2021-nieve-y-frio-en-espana\/","name":"Puente de San Jos\u00e9 2021: Nieve y fr\u00edo en Espa\u00f1a - El Digital de Asturias","description":"Durante el d\u00eda de hoy, jueves, la invasi\u00f3n progresiva de aire fr\u00edo en altura, acompa\u00f1ada de la entrada de vientos del norte y noreste en superficie ..","inLanguage":"es-ES","isPartOf":{"@id":"https:\/\/www.eldigitaldeasturias.com\/noticias\/#website"},"breadcrumb":{"@id":"https:\/\/www.eldigitaldeasturias.com\/noticias\/puente-de-san-jose-2021-nieve-y-frio-en-espana\/#breadcrumblist"},"author":{"@id":"https:\/\/www.eldigitaldeasturias.com\/noticias\/author\/admin\/#author"},"creator":{"@id":"https:\/\/www.eldigitaldeasturias.com\/noticias\/author\/admin\/#author"},"image":{"@type":"ImageObject","url":"https:\/\/www.eldigitaldeasturias.com\/noticias\/wp-content\/uploads\/2016\/02\/nieve-asturias.jpg","@id":"https:\/\/www.eldigitaldeasturias.com\/noticias\/puente-de-san-jose-2021-nieve-y-frio-en-espana\/#mainImage","width":800,"height":600},"primaryImageOfPage":{"@id":"https:\/\/www.eldigitaldeasturias.com\/noticias\/puente-de-san-jose-2021-nieve-y-frio-en-espana\/#mainImage"},"datePublished":"2021-03-18T20:47:46+01:00","dateModified":"2021-03-18T20:47:46+01:00"},{"@type":"WebSite","@id":"https:\/\/www.eldigitaldeasturias.com\/noticias\/#website","url":"https:\/\/www.eldigitaldeasturias.com\/noticias\/","name":"El Digital de Asturias - Diario de actualidad y noticias","alternateName":"El Digital de Asturias - Diario de actualidad y noticias","description":"Hemeroteca","inLanguage":"es-ES","publisher":{"@id":"https:\/\/www.eldigitaldeasturias.com\/noticias\/#organization"}}]},"og:locale":"es_ES","og:site_name":"El Digital de Asturias","og:type":"article","og:title":"Puente de San Jos\u00e9 2021: Nieve y fr\u00edo en Espa\u00f1a - El Digital de Asturias","og:description":"Durante el d\u00eda de hoy, jueves, la invasi\u00f3n progresiva de aire fr\u00edo en altura, acompa\u00f1ada de la entrada de vientos del norte y noreste en superficie ..","og:url":"https:\/\/www.eldigitaldeasturias.com\/noticias\/puente-de-san-jose-2021-nieve-y-frio-en-espana\/","og:image":"https:\/\/www.eldigitaldeasturias.com\/noticias\/wp-content\/uploads\/2016\/02\/nieve-asturias.jpg","og:image:secure_url":"https:\/\/www.eldigitaldeasturias.com\/noticias\/wp-content\/uploads\/2016\/02\/nieve-asturias.jpg","og:image:width":800,"og:image:height":600,"article:tag":["el tiempo","aemet","previsi\u00f3n","espa\u00f1a","puente"],"article:published_time":"2021-03-18T19:47:46+00:00","article:modified_time":"2021-03-18T19:47:46+00:00","article:publisher":"https:\/\/facebook.com\/eldigitaldeasturias","twitter:card":"summary_large_image","twitter:title":"Puente de San Jos\u00e9 2021: Nieve y fr\u00edo en Espa\u00f1a - El Digital de Asturias","twitter:description":"Durante el d\u00eda de hoy, jueves, la invasi\u00f3n progresiva de aire fr\u00edo en altura, acompa\u00f1ada de la entrada de vientos del norte y noreste en superficie ..","twitter:image":"https:\/\/www.eldigitaldeasturias.com\/noticias\/wp-content\/uploads\/2016\/02\/nieve-asturias.jpg","twitter:label1":"Escrito por","twitter:data1":"El Digital de Asturias","twitter:label2":"Tiempo de lectura estimado","twitter:data2":"2 minutos"},"aioseo_meta_data":{"post_id":"1087928","title":null,"description":"Durante el d\u00eda de hoy, jueves, la invasi\u00f3n progresiva de aire fr\u00edo en altura, acompa\u00f1ada de la entrada de vientos del norte y noreste en superficie ..","keywords":[{"label":"El tiempo","value":"El tiempo"},{"label":" AEMET","value":" AEMET"},{"label":" Previsi\u00f3n","value":" Previsi\u00f3n"},{"label":" Espa\u00f1a","value":" Espa\u00f1a"},{"label":" Puente","value":" Puente"}],"keyphrases":{"focus":[],"additional":[]},"primary_term":null,"canonical_url":null,"og_title":null,"og_description":null,"og_object_type":"default","og_image_type":"default","og_image_url":null,"og_image_width":null,"og_image_height":null,"og_image_custom_url":null,"og_image_custom_fields":null,"og_video":"","og_custom_url":null,"og_article_section":null,"og_article_tags":[],"twitter_use_og":false,"twitter_card":"default","twitter_image_type":"default","twitter_image_url":null,"twitter_image_custom_url":null,"twitter_image_custom_fields":null,"twitter_title":null,"twitter_description":null,"schema":{"blockGraphs":[],"customGraphs":[],"default":{"data":{"Article":[],"Course":[],"Dataset":[],"FAQPage":[],"Movie":[],"Person":[],"Product":[],"ProductReview":[],"Car":[],"Recipe":[],"Service":[],"SoftwareApplication":[],"WebPage":[]},"graphName":"","isEnabled":true},"graphs":[],"defaultGraph":"Article","defaultPostTypeGraph":""},"schema_type":"default","schema_type_options":"{\"article\":{\"articleType\":\"BlogPosting\"},\"course\":{\"name\":\"\",\"description\":\"\",\"provider\":\"\"},\"faq\":{\"pages\":[]},\"product\":{\"reviews\":[]},\"recipe\":{\"ingredients\":[],\"instructions\":[],\"keywords\":[]},\"software\":{\"reviews\":[],\"operatingSystems\":[]},\"webPage\":{\"webPageType\":\"WebPage\"}}","pillar_content":false,"robots_default":true,"robots_noindex":false,"robots_noarchive":false,"robots_nosnippet":false,"robots_nofollow":false,"robots_noimageindex":false,"robots_noodp":false,"robots_notranslate":false,"robots_max_snippet":"-1","robots_max_videopreview":"-1","robots_max_imagepreview":"large","priority":null,"frequency":"default","local_seo":{"businessInfo":{"name":"","urls":{"website":"","aboutPage":"","contactPage":""},"address":{"line1":"","line2":"","zip":"","city":"","state":"","country":""},"contact":{"email":"","phone":"","fax":""},"ids":{"vatID":"","taxID":"","chamberID":""},"payment":{"priceIndication":"","currenciesAccepted":"","methodsAccepted":""},"areaServed":""},"openingHours":{"show":false,"closedLabel":"","open24h":false,"open24hLabel":"","open247":false,"use24hFormat":false,"twoSets":false,"timezone":"","hours":[]}},"seo_analyzer_scan_date":"2025-09-14 21:45:17","breadcrumb_settings":null,"limit_modified_date":false,"open_ai":null,"ai":null,"created":"2021-03-18 19:42:36","updated":"2025-09-14 21:45:17"},"aioseo_breadcrumb":"<div class=\"aioseo-breadcrumbs\"><span class=\"aioseo-breadcrumb\">\n\t<a href=\"https:\/\/www.eldigitaldeasturias.com\/noticias\" title=\"Home\">Home<\/a>\n<\/span><span class=\"aioseo-breadcrumb-separator\">\u2013<\/span><span class=\"aioseo-breadcrumb\">\n\t<a href=\"https:\/\/www.eldigitaldeasturias.com\/noticias\/category\/el-tiempo\/\" title=\"El tiempo\">El tiempo<\/a>\n<\/span><span class=\"aioseo-breadcrumb-separator\">\u2013<\/span><span class=\"aioseo-breadcrumb\">\n\t<a href=\"https:\/\/www.eldigitaldeasturias.com\/noticias\/puente-de-san-jose-2021-nieve-y-frio-en-espana\/\" title=\"Puente de San Jos\u00e9 2021: Nieve y fr\u00edo en Espa\u00f1a\">Puente de San Jos\u00e9 2021: Nieve y fr\u00edo en Espa\u00f1a<\/a>\n<\/span><\/div>","aioseo_breadcrumb_json":[{"label":"Home","link":"https:\/\/www.eldigitaldeasturias.com\/noticias"},{"label":"El tiempo","link":"https:\/\/www.eldigitaldeasturias.com\/noticias\/category\/el-tiempo\/"},{"label":"Puente de San Jos\u00e9 2021: Nieve y fr\u00edo en Espa\u00f1a","link":"https:\/\/www.eldigitaldeasturias.com\/noticias\/puente-de-san-jose-2021-nieve-y-frio-en-espana\/"}],"_links":{"self":[{"href":"https:\/\/www.eldigitaldeasturias.com\/noticias\/wp-json\/wp\/v2\/posts\/1087928","targetHints":{"allow":["GET"]}}],"collection":[{"href":"https:\/\/www.eldigitaldeasturias.com\/noticias\/wp-json\/wp\/v2\/posts"}],"about":[{"href":"https:\/\/www.eldigitaldeasturias.com\/noticias\/wp-json\/wp\/v2\/types\/post"}],"author":[{"embeddable":true,"href":"https:\/\/www.eldigitaldeasturias.com\/noticias\/wp-json\/wp\/v2\/users\/1"}],"replies":[{"embeddable":true,"href":"https:\/\/www.eldigitaldeasturias.com\/noticias\/wp-json\/wp\/v2\/comments?post=1087928"}],"version-history":[{"count":0,"href":"https:\/\/www.eldigitaldeasturias.com\/noticias\/wp-json\/wp\/v2\/posts\/1087928\/revisions"}],"wp:featuredmedia":[{"embeddable":true,"href":"https:\/\/www.eldigitaldeasturias.com\/noticias\/wp-json\/wp\/v2\/media\/858065"}],"wp:attachment":[{"href":"https:\/\/www.eldigitaldeasturias.com\/noticias\/wp-json\/wp\/v2\/media?parent=1087928"}],"wp:term":[{"taxonomy":"category","embeddable":true,"href":"https:\/\/www.eldigitaldeasturias.com\/noticias\/wp-json\/wp\/v2\/categories?post=1087928"},{"taxonomy":"post_tag","embeddable":true,"href":"https:\/\/www.eldigitaldeasturias.com\/noticias\/wp-json\/wp\/v2\/tags?post=1087928"}],"curies":[{"name":"wp","href":"https:\/\/api.w.org\/{rel}","templated":true}]}}