{"id":1087335,"date":"2021-03-08T22:27:53","date_gmt":"2021-03-08T21:27:53","guid":{"rendered":"https:\/\/www.eldigitaldeasturias.com\/noticias\/?p=1087335"},"modified":"2021-03-08T22:27:53","modified_gmt":"2021-03-08T21:27:53","slug":"la-feria-del-libro-de-francfort-sera-presencial-en-2021","status":"publish","type":"post","link":"https:\/\/www.eldigitaldeasturias.com\/noticias\/la-feria-del-libro-de-francfort-sera-presencial-en-2021\/","title":{"rendered":"La Feria del Libro de Fr\u00e1ncfort ser\u00e1 presencial en 2021"},"content":{"rendered":"<p><img loading=\"lazy\" decoding=\"async\" class=\"alignleft size-medium wp-image-1074483\" src=\"https:\/\/www.eldigitaldeasturias.com\/noticias\/wp-content\/uploads\/2020\/08\/old-books-436498_640-360x240.jpg\" alt=\"\" width=\"360\" height=\"240\" srcset=\"https:\/\/www.eldigitaldeasturias.com\/noticias\/wp-content\/uploads\/2020\/08\/old-books-436498_640-360x240.jpg 360w, https:\/\/www.eldigitaldeasturias.com\/noticias\/wp-content\/uploads\/2020\/08\/old-books-436498_640-451x300.jpg 451w, https:\/\/www.eldigitaldeasturias.com\/noticias\/wp-content\/uploads\/2020\/08\/old-books-436498_640-631x420.jpg 631w, https:\/\/www.eldigitaldeasturias.com\/noticias\/wp-content\/uploads\/2020\/08\/old-books-436498_640.jpg 640w\" sizes=\"auto, (max-width: 360px) 100vw, 360px\" \/>Fr\u00e1ncfort, 8 mar (dpa) &#8211; La Feria del Libro de Fr\u00e1ncfort volver\u00e1 a ser este a\u00f1o un certamen presencial, con algunos complementos digitales, informaron hoy sus organizadores en la ciudad alemana.<\/p>\n<p>Los editores pueden inscribirse a partir de ahora hasta el 31 de mayo para participar en la edici\u00f3n n\u00famero 73 de la tradicional feria literaria, que este a\u00f1o se celebrar\u00e1 del 20 al 24 de octubre.<\/p>\n<p>La Feria del Libro de Fr\u00e1ncfort debi\u00f3 realizarse el a\u00f1o pasado de forma casi exclusivamente digital a causa de la pandemia de coronavirus.<\/p>\n<p>El lema de la pr\u00f3xima edici\u00f3n ser\u00e1 \u00abWiederbegegnung (re:connect)\u00bb (Reencuentro).<\/p>\n<p>Los organizadores anticiparon que la muestra presencial se complementar\u00e1 con formatos digitales y se adaptar\u00e1 de forma flexible al desarrollo de la pandemia de coronavirus.<\/p>\n<p>La edici\u00f3n 2021 se centrar\u00e1 en el comercio internacional de derechos como tambi\u00e9n en una oferta de amplio alcance para el p\u00fablico. Canad\u00e1 recuperar\u00e1 este a\u00f1o la oportunidad de ser invitado de honor de la feria, luego de posponer en 2020 su presencia estelar.<\/p>\n<p>\u00abLa Feria del Libro de Fr\u00e1ncfort volver\u00e1 a ser en 2021 un importante lugar del encuentro para el sector editorial, para autores y autoras y lectores y lectoras\u00bb, declar\u00f3 el director de la feria, Juergen Boos.<\/p>\n<p>\u00abEl sector necesita m\u00e1s que nunca intercambio y visibilidad\u00bb, afirm\u00f3.<\/p>\n<p>Boos inform\u00f3 en tanto que en los \u00faltimos meses se mantuvieron intensas conversaciones con los clientes y se ha elaborado un formato de feria adaptado a las necesidades de los expositores.<\/p>\n","protected":false},"excerpt":{"rendered":"<p>Fr\u00e1ncfort, 8 mar (dpa) &#8211; La Feria del Libro de Fr\u00e1ncfort volver\u00e1 a ser este a\u00f1o un certamen presencial, con algunos complementos digitales, informaron hoy sus organizadores en la ciudad alemana. Los editores pueden inscribirse a partir de ahora hasta el 31 de mayo para participar en la edici\u00f3n n\u00famero 73 de la tradicional feria [&hellip;]<\/p>\n","protected":false},"author":1,"featured_media":1074483,"comment_status":"closed","ping_status":"closed","sticky":false,"template":"","format":"standard","meta":{"footnotes":""},"categories":[50],"tags":[],"class_list":["post-1087335","post","type-post","status-publish","format-standard","has-post-thumbnail","hentry","category-revista-de-ocio"],"aioseo_notices":[],"aioseo_head":"\n\t\t<!-- All in One SEO Pro 4.9.6.2 - aioseo.com -->\n\t<meta name=\"description\" content=\"La Feria del Libro de Fr\u00e1ncfort volver\u00e1 a ser este a\u00f1o un certamen presencial, con algunos complementos digitales, informaron hoy sus organizadores\" \/>\n\t<meta name=\"robots\" content=\"max-image-preview:large\" \/>\n\t<meta name=\"author\" content=\"El Digital de Asturias\"\/>\n\t<meta name=\"google-site-verification\" content=\"UA-38556648-1\" \/>\n\t<meta name=\"msvalidate.01\" content=\"7dfe9f3f1b24437ab69f4f2559babe99\" \/>\n\t<meta name=\"keywords\" content=\"revista de ocio,libros,cultura\" \/>\n\t<link rel=\"canonical\" href=\"https:\/\/www.eldigitaldeasturias.com\/noticias\/la-feria-del-libro-de-francfort-sera-presencial-en-2021\/\" \/>\n\t<meta name=\"generator\" content=\"All in One SEO Pro (AIOSEO) 4.9.6.2\" \/>\n\t\t<meta property=\"og:locale\" content=\"es_ES\" \/>\n\t\t<meta property=\"og:site_name\" content=\"El Digital de Asturias\" \/>\n\t\t<meta property=\"og:type\" content=\"article\" \/>\n\t\t<meta property=\"og:title\" content=\"La Feria del Libro de Fr\u00e1ncfort ser\u00e1 presencial en 2021 - El Digital de Asturias\" \/>\n\t\t<meta property=\"og:description\" content=\"La Feria del Libro de Fr\u00e1ncfort volver\u00e1 a ser este a\u00f1o un certamen presencial, con algunos complementos digitales, informaron hoy sus organizadores\" \/>\n\t\t<meta property=\"og:url\" content=\"https:\/\/www.eldigitaldeasturias.com\/noticias\/la-feria-del-libro-de-francfort-sera-presencial-en-2021\/\" \/>\n\t\t<meta property=\"og:image\" content=\"https:\/\/www.eldigitaldeasturias.com\/noticias\/wp-content\/uploads\/2020\/08\/old-books-436498_640.jpg\" \/>\n\t\t<meta property=\"og:image:secure_url\" content=\"https:\/\/www.eldigitaldeasturias.com\/noticias\/wp-content\/uploads\/2020\/08\/old-books-436498_640.jpg\" \/>\n\t\t<meta property=\"og:image:width\" content=\"640\" \/>\n\t\t<meta property=\"og:image:height\" content=\"426\" \/>\n\t\t<meta property=\"article:tag\" content=\"revista de ocio\" \/>\n\t\t<meta property=\"article:tag\" content=\"libros\" \/>\n\t\t<meta property=\"article:tag\" content=\"cultura\" \/>\n\t\t<meta property=\"article:published_time\" content=\"2021-03-08T21:27:53+00:00\" \/>\n\t\t<meta property=\"article:modified_time\" content=\"2021-03-08T21:27:53+00:00\" \/>\n\t\t<meta property=\"article:publisher\" content=\"https:\/\/facebook.com\/eldigitaldeasturias\" \/>\n\t\t<meta name=\"twitter:card\" content=\"summary_large_image\" \/>\n\t\t<meta name=\"twitter:title\" content=\"La Feria del Libro de Fr\u00e1ncfort ser\u00e1 presencial en 2021 - El Digital de Asturias\" \/>\n\t\t<meta name=\"twitter:description\" content=\"La Feria del Libro de Fr\u00e1ncfort volver\u00e1 a ser este a\u00f1o un certamen presencial, con algunos complementos digitales, informaron hoy sus organizadores\" \/>\n\t\t<meta name=\"twitter:image\" content=\"https:\/\/www.eldigitaldeasturias.com\/noticias\/wp-content\/uploads\/2020\/08\/old-books-436498_640.jpg\" \/>\n\t\t<meta name=\"twitter:label1\" content=\"Escrito por\" \/>\n\t\t<meta name=\"twitter:data1\" content=\"El Digital de Asturias\" \/>\n\t\t<meta name=\"twitter:label2\" content=\"Tiempo de lectura estimado\" \/>\n\t\t<meta name=\"twitter:data2\" content=\"1 minuto\" \/>\n\t\t<script type=\"application\/ld+json\" class=\"aioseo-schema\">\n\t\t\t{\"@context\":\"https:\\\/\\\/schema.org\",\"@graph\":[{\"@type\":\"BlogPosting\",\"@id\":\"https:\\\/\\\/www.eldigitaldeasturias.com\\\/noticias\\\/la-feria-del-libro-de-francfort-sera-presencial-en-2021\\\/#blogposting\",\"name\":\"La Feria del Libro de Fr\\u00e1ncfort ser\\u00e1 presencial en 2021 - El Digital de Asturias\",\"headline\":\"La Feria del Libro de Fr\\u00e1ncfort ser\\u00e1 presencial en 2021\",\"author\":{\"@id\":\"https:\\\/\\\/www.eldigitaldeasturias.com\\\/noticias\\\/author\\\/admin\\\/#author\"},\"publisher\":{\"@id\":\"https:\\\/\\\/www.eldigitaldeasturias.com\\\/noticias\\\/#organization\"},\"image\":{\"@type\":\"ImageObject\",\"url\":\"https:\\\/\\\/www.eldigitaldeasturias.com\\\/noticias\\\/wp-content\\\/uploads\\\/2020\\\/08\\\/old-books-436498_640.jpg\",\"width\":640,\"height\":426},\"datePublished\":\"2021-03-08T22:27:53+01:00\",\"dateModified\":\"2021-03-08T22:27:53+01:00\",\"inLanguage\":\"es-ES\",\"mainEntityOfPage\":{\"@id\":\"https:\\\/\\\/www.eldigitaldeasturias.com\\\/noticias\\\/la-feria-del-libro-de-francfort-sera-presencial-en-2021\\\/#webpage\"},\"isPartOf\":{\"@id\":\"https:\\\/\\\/www.eldigitaldeasturias.com\\\/noticias\\\/la-feria-del-libro-de-francfort-sera-presencial-en-2021\\\/#webpage\"},\"articleSection\":\"Revista de Ocio\"},{\"@type\":\"BreadcrumbList\",\"@id\":\"https:\\\/\\\/www.eldigitaldeasturias.com\\\/noticias\\\/la-feria-del-libro-de-francfort-sera-presencial-en-2021\\\/#breadcrumblist\",\"itemListElement\":[{\"@type\":\"ListItem\",\"@id\":\"https:\\\/\\\/www.eldigitaldeasturias.com\\\/noticias#listItem\",\"position\":1,\"name\":\"Home\",\"item\":\"https:\\\/\\\/www.eldigitaldeasturias.com\\\/noticias\",\"nextItem\":{\"@type\":\"ListItem\",\"@id\":\"https:\\\/\\\/www.eldigitaldeasturias.com\\\/noticias\\\/category\\\/revista-de-ocio\\\/#listItem\",\"name\":\"Revista de Ocio\"}},{\"@type\":\"ListItem\",\"@id\":\"https:\\\/\\\/www.eldigitaldeasturias.com\\\/noticias\\\/category\\\/revista-de-ocio\\\/#listItem\",\"position\":2,\"name\":\"Revista de Ocio\",\"item\":\"https:\\\/\\\/www.eldigitaldeasturias.com\\\/noticias\\\/category\\\/revista-de-ocio\\\/\",\"nextItem\":{\"@type\":\"ListItem\",\"@id\":\"https:\\\/\\\/www.eldigitaldeasturias.com\\\/noticias\\\/la-feria-del-libro-de-francfort-sera-presencial-en-2021\\\/#listItem\",\"name\":\"La Feria del Libro de Fr\\u00e1ncfort ser\\u00e1 presencial en 2021\"},\"previousItem\":{\"@type\":\"ListItem\",\"@id\":\"https:\\\/\\\/www.eldigitaldeasturias.com\\\/noticias#listItem\",\"name\":\"Home\"}},{\"@type\":\"ListItem\",\"@id\":\"https:\\\/\\\/www.eldigitaldeasturias.com\\\/noticias\\\/la-feria-del-libro-de-francfort-sera-presencial-en-2021\\\/#listItem\",\"position\":3,\"name\":\"La Feria del Libro de Fr\\u00e1ncfort ser\\u00e1 presencial en 2021\",\"previousItem\":{\"@type\":\"ListItem\",\"@id\":\"https:\\\/\\\/www.eldigitaldeasturias.com\\\/noticias\\\/category\\\/revista-de-ocio\\\/#listItem\",\"name\":\"Revista de Ocio\"}}]},{\"@type\":\"Organization\",\"@id\":\"https:\\\/\\\/www.eldigitaldeasturias.com\\\/noticias\\\/#organization\",\"name\":\"El Digital de Asturias\",\"description\":\"Hemeroteca\",\"url\":\"https:\\\/\\\/www.eldigitaldeasturias.com\\\/noticias\\\/\",\"email\":\"info@eldigitaldeasturias.com\",\"telephone\":\"+34652131393\",\"logo\":{\"@type\":\"ImageObject\",\"url\":\"https:\\\/\\\/www.eldigitaldeasturias.com\\\/noticias\\\/wp-content\\\/uploads\\\/2020\\\/12\\\/EDA.jpg\",\"@id\":\"https:\\\/\\\/www.eldigitaldeasturias.com\\\/noticias\\\/la-feria-del-libro-de-francfort-sera-presencial-en-2021\\\/#organizationLogo\",\"width\":649,\"height\":297},\"image\":{\"@id\":\"https:\\\/\\\/www.eldigitaldeasturias.com\\\/noticias\\\/la-feria-del-libro-de-francfort-sera-presencial-en-2021\\\/#organizationLogo\"},\"sameAs\":[\"https:\\\/\\\/facebook.com\\\/eldigitaldeasturias\",\"https:\\\/\\\/www.youtube.com\\\/channel\\\/UCZP-2wLEB9Rv6erhFmqVnvg\"],\"address\":{\"@id\":\"https:\\\/\\\/www.eldigitaldeasturias.com\\\/noticias\\\/#postaladdress\",\"@type\":\"PostalAddress\",\"streetAddress\":\"san antonio 4,\",\"postalCode\":\"33430\",\"addressLocality\":\"Cand\\u00e1s\",\"addressRegion\":\"Asturias\",\"addressCountry\":\"ES\"}},{\"@type\":\"Person\",\"@id\":\"https:\\\/\\\/www.eldigitaldeasturias.com\\\/noticias\\\/author\\\/admin\\\/#author\",\"url\":\"https:\\\/\\\/www.eldigitaldeasturias.com\\\/noticias\\\/author\\\/admin\\\/\",\"name\":\"El Digital de Asturias\",\"image\":{\"@type\":\"ImageObject\",\"@id\":\"https:\\\/\\\/www.eldigitaldeasturias.com\\\/noticias\\\/la-feria-del-libro-de-francfort-sera-presencial-en-2021\\\/#authorImage\",\"url\":\"https:\\\/\\\/www.eldigitaldeasturias.com\\\/noticias\\\/wp-content\\\/litespeed\\\/avatar\\\/18677e78aa0546b92d9dbf31ec7d7668.jpg?ver=1777290358\",\"width\":96,\"height\":96,\"caption\":\"El Digital de Asturias\"}},{\"@type\":\"WebPage\",\"@id\":\"https:\\\/\\\/www.eldigitaldeasturias.com\\\/noticias\\\/la-feria-del-libro-de-francfort-sera-presencial-en-2021\\\/#webpage\",\"url\":\"https:\\\/\\\/www.eldigitaldeasturias.com\\\/noticias\\\/la-feria-del-libro-de-francfort-sera-presencial-en-2021\\\/\",\"name\":\"La Feria del Libro de Fr\\u00e1ncfort ser\\u00e1 presencial en 2021 - El Digital de Asturias\",\"description\":\"La Feria del Libro de Fr\\u00e1ncfort volver\\u00e1 a ser este a\\u00f1o un certamen presencial, con algunos complementos digitales, informaron hoy sus organizadores\",\"inLanguage\":\"es-ES\",\"isPartOf\":{\"@id\":\"https:\\\/\\\/www.eldigitaldeasturias.com\\\/noticias\\\/#website\"},\"breadcrumb\":{\"@id\":\"https:\\\/\\\/www.eldigitaldeasturias.com\\\/noticias\\\/la-feria-del-libro-de-francfort-sera-presencial-en-2021\\\/#breadcrumblist\"},\"author\":{\"@id\":\"https:\\\/\\\/www.eldigitaldeasturias.com\\\/noticias\\\/author\\\/admin\\\/#author\"},\"creator\":{\"@id\":\"https:\\\/\\\/www.eldigitaldeasturias.com\\\/noticias\\\/author\\\/admin\\\/#author\"},\"image\":{\"@type\":\"ImageObject\",\"url\":\"https:\\\/\\\/www.eldigitaldeasturias.com\\\/noticias\\\/wp-content\\\/uploads\\\/2020\\\/08\\\/old-books-436498_640.jpg\",\"@id\":\"https:\\\/\\\/www.eldigitaldeasturias.com\\\/noticias\\\/la-feria-del-libro-de-francfort-sera-presencial-en-2021\\\/#mainImage\",\"width\":640,\"height\":426},\"primaryImageOfPage\":{\"@id\":\"https:\\\/\\\/www.eldigitaldeasturias.com\\\/noticias\\\/la-feria-del-libro-de-francfort-sera-presencial-en-2021\\\/#mainImage\"},\"datePublished\":\"2021-03-08T22:27:53+01:00\",\"dateModified\":\"2021-03-08T22:27:53+01:00\"},{\"@type\":\"WebSite\",\"@id\":\"https:\\\/\\\/www.eldigitaldeasturias.com\\\/noticias\\\/#website\",\"url\":\"https:\\\/\\\/www.eldigitaldeasturias.com\\\/noticias\\\/\",\"name\":\"El Digital de Asturias - Diario de actualidad y noticias\",\"alternateName\":\"El Digital de Asturias - Diario de actualidad y noticias\",\"description\":\"Hemeroteca\",\"inLanguage\":\"es-ES\",\"publisher\":{\"@id\":\"https:\\\/\\\/www.eldigitaldeasturias.com\\\/noticias\\\/#organization\"}}]}\n\t\t<\/script>\n\t\t<!-- All in One SEO Pro -->\r\n\t\t<title>La Feria del Libro de Fr\u00e1ncfort ser\u00e1 presencial en 2021 - El Digital de Asturias<\/title>\n\n","aioseo_head_json":{"title":"La Feria del Libro de Fr\u00e1ncfort ser\u00e1 presencial en 2021 - El Digital de Asturias","description":"La Feria del Libro de Fr\u00e1ncfort volver\u00e1 a ser este a\u00f1o un certamen presencial, con algunos complementos digitales, informaron hoy sus organizadores","canonical_url":"https:\/\/www.eldigitaldeasturias.com\/noticias\/la-feria-del-libro-de-francfort-sera-presencial-en-2021\/","robots":"max-image-preview:large","keywords":"revista de ocio,libros,cultura","webmasterTools":{"google-site-verification":"UA-38556648-1","msvalidate.01":"7dfe9f3f1b24437ab69f4f2559babe99","miscellaneous":""},"schema":{"@context":"https:\/\/schema.org","@graph":[{"@type":"BlogPosting","@id":"https:\/\/www.eldigitaldeasturias.com\/noticias\/la-feria-del-libro-de-francfort-sera-presencial-en-2021\/#blogposting","name":"La Feria del Libro de Fr\u00e1ncfort ser\u00e1 presencial en 2021 - El Digital de Asturias","headline":"La Feria del Libro de Fr\u00e1ncfort ser\u00e1 presencial en 2021","author":{"@id":"https:\/\/www.eldigitaldeasturias.com\/noticias\/author\/admin\/#author"},"publisher":{"@id":"https:\/\/www.eldigitaldeasturias.com\/noticias\/#organization"},"image":{"@type":"ImageObject","url":"https:\/\/www.eldigitaldeasturias.com\/noticias\/wp-content\/uploads\/2020\/08\/old-books-436498_640.jpg","width":640,"height":426},"datePublished":"2021-03-08T22:27:53+01:00","dateModified":"2021-03-08T22:27:53+01:00","inLanguage":"es-ES","mainEntityOfPage":{"@id":"https:\/\/www.eldigitaldeasturias.com\/noticias\/la-feria-del-libro-de-francfort-sera-presencial-en-2021\/#webpage"},"isPartOf":{"@id":"https:\/\/www.eldigitaldeasturias.com\/noticias\/la-feria-del-libro-de-francfort-sera-presencial-en-2021\/#webpage"},"articleSection":"Revista de Ocio"},{"@type":"BreadcrumbList","@id":"https:\/\/www.eldigitaldeasturias.com\/noticias\/la-feria-del-libro-de-francfort-sera-presencial-en-2021\/#breadcrumblist","itemListElement":[{"@type":"ListItem","@id":"https:\/\/www.eldigitaldeasturias.com\/noticias#listItem","position":1,"name":"Home","item":"https:\/\/www.eldigitaldeasturias.com\/noticias","nextItem":{"@type":"ListItem","@id":"https:\/\/www.eldigitaldeasturias.com\/noticias\/category\/revista-de-ocio\/#listItem","name":"Revista de Ocio"}},{"@type":"ListItem","@id":"https:\/\/www.eldigitaldeasturias.com\/noticias\/category\/revista-de-ocio\/#listItem","position":2,"name":"Revista de Ocio","item":"https:\/\/www.eldigitaldeasturias.com\/noticias\/category\/revista-de-ocio\/","nextItem":{"@type":"ListItem","@id":"https:\/\/www.eldigitaldeasturias.com\/noticias\/la-feria-del-libro-de-francfort-sera-presencial-en-2021\/#listItem","name":"La Feria del Libro de Fr\u00e1ncfort ser\u00e1 presencial en 2021"},"previousItem":{"@type":"ListItem","@id":"https:\/\/www.eldigitaldeasturias.com\/noticias#listItem","name":"Home"}},{"@type":"ListItem","@id":"https:\/\/www.eldigitaldeasturias.com\/noticias\/la-feria-del-libro-de-francfort-sera-presencial-en-2021\/#listItem","position":3,"name":"La Feria del Libro de Fr\u00e1ncfort ser\u00e1 presencial en 2021","previousItem":{"@type":"ListItem","@id":"https:\/\/www.eldigitaldeasturias.com\/noticias\/category\/revista-de-ocio\/#listItem","name":"Revista de Ocio"}}]},{"@type":"Organization","@id":"https:\/\/www.eldigitaldeasturias.com\/noticias\/#organization","name":"El Digital de Asturias","description":"Hemeroteca","url":"https:\/\/www.eldigitaldeasturias.com\/noticias\/","email":"info@eldigitaldeasturias.com","telephone":"+34652131393","logo":{"@type":"ImageObject","url":"https:\/\/www.eldigitaldeasturias.com\/noticias\/wp-content\/uploads\/2020\/12\/EDA.jpg","@id":"https:\/\/www.eldigitaldeasturias.com\/noticias\/la-feria-del-libro-de-francfort-sera-presencial-en-2021\/#organizationLogo","width":649,"height":297},"image":{"@id":"https:\/\/www.eldigitaldeasturias.com\/noticias\/la-feria-del-libro-de-francfort-sera-presencial-en-2021\/#organizationLogo"},"sameAs":["https:\/\/facebook.com\/eldigitaldeasturias","https:\/\/www.youtube.com\/channel\/UCZP-2wLEB9Rv6erhFmqVnvg"],"address":{"@id":"https:\/\/www.eldigitaldeasturias.com\/noticias\/#postaladdress","@type":"PostalAddress","streetAddress":"san antonio 4,","postalCode":"33430","addressLocality":"Cand\u00e1s","addressRegion":"Asturias","addressCountry":"ES"}},{"@type":"Person","@id":"https:\/\/www.eldigitaldeasturias.com\/noticias\/author\/admin\/#author","url":"https:\/\/www.eldigitaldeasturias.com\/noticias\/author\/admin\/","name":"El Digital de Asturias","image":{"@type":"ImageObject","@id":"https:\/\/www.eldigitaldeasturias.com\/noticias\/la-feria-del-libro-de-francfort-sera-presencial-en-2021\/#authorImage","url":"https:\/\/www.eldigitaldeasturias.com\/noticias\/wp-content\/litespeed\/avatar\/18677e78aa0546b92d9dbf31ec7d7668.jpg?ver=1777290358","width":96,"height":96,"caption":"El Digital de Asturias"}},{"@type":"WebPage","@id":"https:\/\/www.eldigitaldeasturias.com\/noticias\/la-feria-del-libro-de-francfort-sera-presencial-en-2021\/#webpage","url":"https:\/\/www.eldigitaldeasturias.com\/noticias\/la-feria-del-libro-de-francfort-sera-presencial-en-2021\/","name":"La Feria del Libro de Fr\u00e1ncfort ser\u00e1 presencial en 2021 - El Digital de Asturias","description":"La Feria del Libro de Fr\u00e1ncfort volver\u00e1 a ser este a\u00f1o un certamen presencial, con algunos complementos digitales, informaron hoy sus organizadores","inLanguage":"es-ES","isPartOf":{"@id":"https:\/\/www.eldigitaldeasturias.com\/noticias\/#website"},"breadcrumb":{"@id":"https:\/\/www.eldigitaldeasturias.com\/noticias\/la-feria-del-libro-de-francfort-sera-presencial-en-2021\/#breadcrumblist"},"author":{"@id":"https:\/\/www.eldigitaldeasturias.com\/noticias\/author\/admin\/#author"},"creator":{"@id":"https:\/\/www.eldigitaldeasturias.com\/noticias\/author\/admin\/#author"},"image":{"@type":"ImageObject","url":"https:\/\/www.eldigitaldeasturias.com\/noticias\/wp-content\/uploads\/2020\/08\/old-books-436498_640.jpg","@id":"https:\/\/www.eldigitaldeasturias.com\/noticias\/la-feria-del-libro-de-francfort-sera-presencial-en-2021\/#mainImage","width":640,"height":426},"primaryImageOfPage":{"@id":"https:\/\/www.eldigitaldeasturias.com\/noticias\/la-feria-del-libro-de-francfort-sera-presencial-en-2021\/#mainImage"},"datePublished":"2021-03-08T22:27:53+01:00","dateModified":"2021-03-08T22:27:53+01:00"},{"@type":"WebSite","@id":"https:\/\/www.eldigitaldeasturias.com\/noticias\/#website","url":"https:\/\/www.eldigitaldeasturias.com\/noticias\/","name":"El Digital de Asturias - Diario de actualidad y noticias","alternateName":"El Digital de Asturias - Diario de actualidad y noticias","description":"Hemeroteca","inLanguage":"es-ES","publisher":{"@id":"https:\/\/www.eldigitaldeasturias.com\/noticias\/#organization"}}]},"og:locale":"es_ES","og:site_name":"El Digital de Asturias","og:type":"article","og:title":"La Feria del Libro de Fr\u00e1ncfort ser\u00e1 presencial en 2021 - El Digital de Asturias","og:description":"La Feria del Libro de Fr\u00e1ncfort volver\u00e1 a ser este a\u00f1o un certamen presencial, con algunos complementos digitales, informaron hoy sus organizadores","og:url":"https:\/\/www.eldigitaldeasturias.com\/noticias\/la-feria-del-libro-de-francfort-sera-presencial-en-2021\/","og:image":"https:\/\/www.eldigitaldeasturias.com\/noticias\/wp-content\/uploads\/2020\/08\/old-books-436498_640.jpg","og:image:secure_url":"https:\/\/www.eldigitaldeasturias.com\/noticias\/wp-content\/uploads\/2020\/08\/old-books-436498_640.jpg","og:image:width":640,"og:image:height":426,"article:tag":["revista de ocio","libros","cultura"],"article:published_time":"2021-03-08T21:27:53+00:00","article:modified_time":"2021-03-08T21:27:53+00:00","article:publisher":"https:\/\/facebook.com\/eldigitaldeasturias","twitter:card":"summary_large_image","twitter:title":"La Feria del Libro de Fr\u00e1ncfort ser\u00e1 presencial en 2021 - El Digital de Asturias","twitter:description":"La Feria del Libro de Fr\u00e1ncfort volver\u00e1 a ser este a\u00f1o un certamen presencial, con algunos complementos digitales, informaron hoy sus organizadores","twitter:image":"https:\/\/www.eldigitaldeasturias.com\/noticias\/wp-content\/uploads\/2020\/08\/old-books-436498_640.jpg","twitter:label1":"Escrito por","twitter:data1":"El Digital de Asturias","twitter:label2":"Tiempo de lectura estimado","twitter:data2":"1 minuto"},"aioseo_meta_data":{"post_id":"1087335","title":null,"description":"La Feria del Libro de Fr\u00e1ncfort volver\u00e1 a ser este a\u00f1o un certamen presencial, con algunos complementos digitales, informaron hoy sus organizadores","keywords":[{"label":"Revista de ocio","value":"Revista de ocio"},{"label":" libros","value":" libros"},{"label":" cultura","value":" cultura"}],"keyphrases":{"focus":[],"additional":[]},"primary_term":null,"canonical_url":null,"og_title":null,"og_description":null,"og_object_type":"default","og_image_type":"default","og_image_url":null,"og_image_width":null,"og_image_height":null,"og_image_custom_url":null,"og_image_custom_fields":null,"og_video":"","og_custom_url":null,"og_article_section":null,"og_article_tags":[],"twitter_use_og":false,"twitter_card":"default","twitter_image_type":"default","twitter_image_url":null,"twitter_image_custom_url":null,"twitter_image_custom_fields":null,"twitter_title":null,"twitter_description":null,"schema":{"blockGraphs":[],"customGraphs":[],"default":{"data":{"Article":[],"Course":[],"Dataset":[],"FAQPage":[],"Movie":[],"Person":[],"Product":[],"ProductReview":[],"Car":[],"Recipe":[],"Service":[],"SoftwareApplication":[],"WebPage":[]},"graphName":"","isEnabled":true},"graphs":[],"defaultGraph":"Article","defaultPostTypeGraph":""},"schema_type":"default","schema_type_options":"{\"article\":{\"articleType\":\"BlogPosting\"},\"course\":{\"name\":\"\",\"description\":\"\",\"provider\":\"\"},\"faq\":{\"pages\":[]},\"product\":{\"reviews\":[]},\"recipe\":{\"ingredients\":[],\"instructions\":[],\"keywords\":[]},\"software\":{\"reviews\":[],\"operatingSystems\":[]},\"webPage\":{\"webPageType\":\"WebPage\"}}","pillar_content":false,"robots_default":true,"robots_noindex":false,"robots_noarchive":false,"robots_nosnippet":false,"robots_nofollow":false,"robots_noimageindex":false,"robots_noodp":false,"robots_notranslate":false,"robots_max_snippet":"-1","robots_max_videopreview":"-1","robots_max_imagepreview":"large","priority":null,"frequency":"default","local_seo":{"businessInfo":{"name":"","urls":{"website":"","aboutPage":"","contactPage":""},"address":{"line1":"","line2":"","zip":"","city":"","state":"","country":""},"contact":{"email":"","phone":"","fax":""},"ids":{"vatID":"","taxID":"","chamberID":""},"payment":{"priceIndication":"","currenciesAccepted":"","methodsAccepted":""},"areaServed":""},"openingHours":{"show":false,"closedLabel":"","open24h":false,"open24hLabel":"","open247":false,"use24hFormat":false,"twoSets":false,"timezone":"","hours":[]}},"seo_analyzer_scan_date":"2025-09-14 20:13:15","breadcrumb_settings":null,"limit_modified_date":false,"open_ai":null,"ai":null,"created":"2021-03-08 21:26:12","updated":"2025-09-14 20:13:15"},"aioseo_breadcrumb":"<div class=\"aioseo-breadcrumbs\"><span class=\"aioseo-breadcrumb\">\n\t<a href=\"https:\/\/www.eldigitaldeasturias.com\/noticias\" title=\"Home\">Home<\/a>\n<\/span><span class=\"aioseo-breadcrumb-separator\">\u2013<\/span><span class=\"aioseo-breadcrumb\">\n\t<a href=\"https:\/\/www.eldigitaldeasturias.com\/noticias\/category\/revista-de-ocio\/\" title=\"Revista de Ocio\">Revista de Ocio<\/a>\n<\/span><span class=\"aioseo-breadcrumb-separator\">\u2013<\/span><span class=\"aioseo-breadcrumb\">\n\t<a href=\"https:\/\/www.eldigitaldeasturias.com\/noticias\/la-feria-del-libro-de-francfort-sera-presencial-en-2021\/\" title=\"La Feria del Libro de Fr\u00e1ncfort ser\u00e1 presencial en 2021\">La Feria del Libro de Fr\u00e1ncfort ser\u00e1 presencial en 2021<\/a>\n<\/span><\/div>","aioseo_breadcrumb_json":[{"label":"Home","link":"https:\/\/www.eldigitaldeasturias.com\/noticias"},{"label":"Revista de Ocio","link":"https:\/\/www.eldigitaldeasturias.com\/noticias\/category\/revista-de-ocio\/"},{"label":"La Feria del Libro de Fr\u00e1ncfort ser\u00e1 presencial en 2021","link":"https:\/\/www.eldigitaldeasturias.com\/noticias\/la-feria-del-libro-de-francfort-sera-presencial-en-2021\/"}],"_links":{"self":[{"href":"https:\/\/www.eldigitaldeasturias.com\/noticias\/wp-json\/wp\/v2\/posts\/1087335","targetHints":{"allow":["GET"]}}],"collection":[{"href":"https:\/\/www.eldigitaldeasturias.com\/noticias\/wp-json\/wp\/v2\/posts"}],"about":[{"href":"https:\/\/www.eldigitaldeasturias.com\/noticias\/wp-json\/wp\/v2\/types\/post"}],"author":[{"embeddable":true,"href":"https:\/\/www.eldigitaldeasturias.com\/noticias\/wp-json\/wp\/v2\/users\/1"}],"replies":[{"embeddable":true,"href":"https:\/\/www.eldigitaldeasturias.com\/noticias\/wp-json\/wp\/v2\/comments?post=1087335"}],"version-history":[{"count":0,"href":"https:\/\/www.eldigitaldeasturias.com\/noticias\/wp-json\/wp\/v2\/posts\/1087335\/revisions"}],"wp:featuredmedia":[{"embeddable":true,"href":"https:\/\/www.eldigitaldeasturias.com\/noticias\/wp-json\/wp\/v2\/media\/1074483"}],"wp:attachment":[{"href":"https:\/\/www.eldigitaldeasturias.com\/noticias\/wp-json\/wp\/v2\/media?parent=1087335"}],"wp:term":[{"taxonomy":"category","embeddable":true,"href":"https:\/\/www.eldigitaldeasturias.com\/noticias\/wp-json\/wp\/v2\/categories?post=1087335"},{"taxonomy":"post_tag","embeddable":true,"href":"https:\/\/www.eldigitaldeasturias.com\/noticias\/wp-json\/wp\/v2\/tags?post=1087335"}],"curies":[{"name":"wp","href":"https:\/\/api.w.org\/{rel}","templated":true}]}}