{"id":1077506,"date":"2020-10-12T22:52:28","date_gmt":"2020-10-12T22:52:28","guid":{"rendered":"https:\/\/www.eldigitaldeasturias.com\/noticias\/?p=1077506"},"modified":"2020-10-12T22:52:28","modified_gmt":"2020-10-12T22:52:28","slug":"el-placer-de-las-islas-estonias-en-otono","status":"publish","type":"post","link":"https:\/\/www.eldigitaldeasturias.com\/noticias\/el-placer-de-las-islas-estonias-en-otono\/","title":{"rendered":"El placer de las islas estonias en oto\u00f1o"},"content":{"rendered":"<figure id=\"attachment_1077507\" aria-describedby=\"caption-attachment-1077507\" style=\"width: 360px\" class=\"wp-caption alignleft\"><img loading=\"lazy\" decoding=\"async\" class=\"size-medium wp-image-1077507\" src=\"https:\/\/www.eldigitaldeasturias.com\/noticias\/wp-content\/uploads\/2020\/10\/Estonia-360x260.jpg\" alt=\"\" width=\"360\" height=\"260\" srcset=\"https:\/\/www.eldigitaldeasturias.com\/noticias\/wp-content\/uploads\/2020\/10\/Estonia-360x260.jpg 360w, https:\/\/www.eldigitaldeasturias.com\/noticias\/wp-content\/uploads\/2020\/10\/Estonia-664x480.jpg 664w, https:\/\/www.eldigitaldeasturias.com\/noticias\/wp-content\/uploads\/2020\/10\/Estonia-415x300.jpg 415w, https:\/\/www.eldigitaldeasturias.com\/noticias\/wp-content\/uploads\/2020\/10\/Estonia-768x555.jpg 768w, https:\/\/www.eldigitaldeasturias.com\/noticias\/wp-content\/uploads\/2020\/10\/Estonia.jpg 891w\" sizes=\"auto, (max-width: 360px) 100vw, 360px\" \/><figcaption id=\"caption-attachment-1077507\" class=\"wp-caption-text\">El veranillo de oto\u00f1o ilumina la isla de Saaremaa. Foto: Andreas Drouve\/dpa<\/figcaption><\/figure>\n<p>(dpa) &#8211; Los mosquitos del verano ya se fueron. Tambi\u00e9n la mayor\u00eda de los visitantes. En oto\u00f1o (boreal) regresa lo que Eveli J\u00fcrisson llama \u00abel mayor tesoro de nuestra naturaleza\u00bb: el silencio.<\/p>\n<p>La bi\u00f3loga de 38 a\u00f1os vive con su familia en Muhu, pero trabaja en Saaremaa, la isla m\u00e1s grande de Estonia. Una carretera elevada lleva hasta all\u00ed, flanqueada por carrizales y h\u00e1bitats de aves marinas. Estonia en oto\u00f1o es un para\u00edso para los amantes de la naturaleza.<\/p>\n<p>Eveli se entusiasma como todos los isle\u00f1os resistentes al viento y al clima de este lugar escasamente poblado, donde la naturaleza salvaje se extiende en bosques, lagos, acantilados, playas y mar. Lo \u00fanico que no hay son monta\u00f1as.<\/p>\n<p>Cuando en Saaremaa se pone las zapatillas para salir a caminar, lo que m\u00e1s le gusta es la zona pantanosa de Koigi. El sendero hasta all\u00e1 tiene unos cinco kil\u00f3metros de largo. Abedules pubescentes, musgos y un mirador de madera determinan el ambiente.<\/p>\n<p>Desde el mirador se puede ver el lago Naistej\u00e4rv, sobre el que Eveli sabe una leyenda. A la giganta Piret, la mujer del gran T\u00f6ll, se le hab\u00eda metido en la cabeza construir un sauna, lo que en Estonia es parte fundamental de la calidad de vida. Para ello acarre\u00f3 piedras, una de las cuales le cay\u00f3 sobre el pie caus\u00e1ndole dolor, tanto que grit\u00f3 y estall\u00f3 en l\u00e1grimas. \u00abDe las l\u00e1grimas de Piret se form\u00f3 este lago\u00bb, relata Eveli.<\/p>\n<h3>Cargar energ\u00eda en la naturaleza<\/h3>\n<p>En el oto\u00f1o estonio los d\u00edas son largos y las temperaturas a\u00fan son tolerables, antes de que llegue el invierno con sus d\u00edas duros y sombr\u00edos, hielo y nieve. Entonces Birgit y Thomas Laleicke se refugian en su segunda casa, en Alemania, cerca de Lemgo, y no regresan hasta abril. Esta pareja que promedia los 60 adora Saaremaa. Alquilan casas en \u00e1rboles cerca del puerto de Soela.<\/p>\n<p>\u00abEn Saaremaa uno puede relajarse, sentir la naturaleza conscientemente, con todos los sentidos\u00bb, se\u00f1ala Thomas, economista jubilado. Habla de ba\u00f1os de bosque y de lugares de una fuerza particular. \u00abCuando das un paseo por los bosques, sientes la energ\u00eda positiva que nos regala\u00bb. Cabe agregar que no solo en los bosques. Si uno mira desde la costa hacia el Mar B\u00e1ltico, se le abre el coraz\u00f3n y se le expande el alma.<\/p>\n<p>La solitaria playa de Tuhkana, en el norte de la isla, es especial para ello. Durante la breve caminata desde el estacionamiento huele a pinos. Los \u00e1rboles ocultan la vista, las ramas filtran la luz del sol. Entonces se abre el panorama debajo de un cielo dram\u00e1tico: en las dunas, los pastos se mecen en el viento, y min\u00fasculas rocas se asoman desde al agua en las cercan\u00edas de la orilla.<\/p>\n<h3>Veranillo en Estonia<\/h3>\n<p>Saaremaa tiene apenas unos 2.600 kil\u00f3metros cuadrados, no tiene sem\u00e1foros y est\u00e1 llena de peque\u00f1as atracciones: el cr\u00e1ter de origen meteor\u00edtico de Kaali, iglesias medievales y la cancha de f\u00fatbol de Orissaare con un roble viej\u00edsimo en el medio, alrededor del cual se desarrolla el juego.<\/p>\n<p>Los molinos de viento de Angla muestran c\u00f3mo estaba equipada toda la isla en su momento. Detr\u00e1s de los acantilados de Panga, hay pinos torcidos por el viento y en la playa de Ninase muchos mont\u00edculos de piedra.<\/p>\n<p>El punto m\u00e1s alto de la isla tiene 52 metros de altura y est\u00e1 coronado por el mirador de Rauna. En oto\u00f1o, explotan los colores de las hojas alrededor en amarillo, ocre y rojo. Veranillo en el B\u00e1ltico.<\/p>\n<h3>Sorbetes de juncos<\/h3>\n<p>La mayor\u00eda de los 33.000 habitantes se concentran en el sur, en torno a la ciudad de Kuressaare, donde se levanta un emblem\u00e1tico castillo medieval. En un restaurante del puerto, Mihkel Tamm, de 31 a\u00f1os, cuenta su historia.<\/p>\n<p>Porque bloqueaba la vista al mar, delante de su casa cortaba los juncos una y otra vez, hasta que \u00e9l y su novia Grete tuvieron en 2018 la idea de hacer de ellos sorbetes reutilizables.<\/p>\n<p>Los prototipos se hicieron en la cocina y el garage. Otras ideas surgieron en la naturaleza. \u00abAll\u00ed siempre se libera mi esp\u00edritu\u00bb, dice Mihkel.<\/p>\n<p>Lo que sigui\u00f3 fue un desarrollo a toda velocidad: las primeras ventas a trav\u00e9s de una acci\u00f3n en Facebook, la adquisici\u00f3n de maquinaria, un premio nacional de dise\u00f1o, un boom en la demanda, el traslado de la producci\u00f3n del garage a un hangar cerca de Kuressaare. Actualmente emplean a cinco personas y exportan a diez pa\u00edses.<\/p>\n<p>La pareja simboliza una contracorriente, porque muchas veces los j\u00f3venes dejan Saaremaa por falta de perspectivas o salarios demasiado bajos.<\/p>\n<h3>El viaje sigue a Hiiumaa<\/h3>\n<p>La excursi\u00f3n oto\u00f1al por las islas de Estonia sigue rumbo a la segunda m\u00e1s grande, Hiiumaa. El ferry avanza con tranquilidad. A veces el mar lleva un color como si alguien hubiera mezclado algas con plata y plomo. La cubierta de pasajeros ofrece numerosas tomas para tel\u00e9fonos m\u00f3viles o laptops, lo que es t\u00edpico de este pa\u00eds b\u00e1ltico.<\/p>\n<p>Casi ninguno de los habitantes de Hiiumaa cierra su casa o su coche. Todos se conocen y conf\u00edan unos en otros. Y a nadie le gusta recordar las \u00e9pocas sovi\u00e9ticas, que terminaron con la independencia en 1990\/91. Detr\u00e1s de la playa de T\u00f6rvanina hab\u00eda patrullas. En el acceso al faro a\u00fan quedan restos de casas y del refugio antia\u00e9reo.<\/p>\n<p>Hiiumaa est\u00e1 repleta de abetos, pinos, robles, casta\u00f1os, setas y ar\u00e1ndonos. Una represa lleva hacia al sur a la isla Kassari. La bah\u00eda que hay en el medio est\u00e1 habitada por \u00e1guilas marinas, cormoranes, garzas y aguiluchos.<\/p>\n<p>La peque\u00f1a torre de Linnuvaatlustorn posibilita una vista panor\u00e1mica. Las pr\u00f3ximas estaciones son la peque\u00f1a localidad de Orjaku, la capilla Kassari con su tejado de juncos y la pen\u00ednsula de S\u00e4\u00e4retirp, que se extiende hacia el mar como una aguja doblada.<\/p>\n<p>All\u00ed desde el estacionamiento parte un sendero, flanqueado por hierbas y arbustos de enebro. El ambiente tranquilo se acompa\u00f1a del chillido de las gaviotas. El visitante disfruta de la paz y la poes\u00eda del momento, lejos de la sobreestimulaci\u00f3n.<\/p>\n<p><i class=\"lang-es\"><span class=\" readonly\" title=\"\">Por Andreas Drouve (dpa)<\/span><\/i><\/p>\n<p>&nbsp;<\/p>\n","protected":false},"excerpt":{"rendered":"<p>(dpa) &#8211; Los mosquitos del verano ya se fueron. Tambi\u00e9n la mayor\u00eda de los visitantes. En oto\u00f1o (boreal) regresa lo que Eveli J\u00fcrisson llama \u00abel mayor tesoro de nuestra naturaleza\u00bb: el silencio. La bi\u00f3loga de 38 a\u00f1os vive con su familia en Muhu, pero trabaja en Saaremaa, la isla m\u00e1s grande de Estonia. Una carretera [&hellip;]<\/p>\n","protected":false},"author":1,"featured_media":1077507,"comment_status":"closed","ping_status":"closed","sticky":false,"template":"","format":"standard","meta":{"footnotes":""},"categories":[148],"tags":[],"class_list":["post-1077506","post","type-post","status-publish","format-standard","has-post-thumbnail","hentry","category-turismo"],"aioseo_notices":[],"aioseo_head":"\n\t\t<!-- All in One SEO Pro 4.9.6.2 - aioseo.com -->\n\t<meta name=\"description\" content=\"En el oto\u00f1o estonio los d\u00edas son largos y las temperaturas a\u00fan son tolerables, antes de que llegue el invierno con sus d\u00edas duros y sombr\u00edos, hielo y nieve..\" \/>\n\t<meta name=\"robots\" content=\"max-image-preview:large\" \/>\n\t<meta name=\"author\" content=\"El Digital de Asturias\"\/>\n\t<meta name=\"google-site-verification\" content=\"UA-38556648-1\" \/>\n\t<meta name=\"msvalidate.01\" content=\"7dfe9f3f1b24437ab69f4f2559babe99\" \/>\n\t<meta name=\"keywords\" content=\"viajes,turismo,estonia\" \/>\n\t<link rel=\"canonical\" href=\"https:\/\/www.eldigitaldeasturias.com\/noticias\/el-placer-de-las-islas-estonias-en-otono\/\" \/>\n\t<meta name=\"generator\" content=\"All in One SEO Pro (AIOSEO) 4.9.6.2\" \/>\n\t\t<meta property=\"og:locale\" content=\"es_ES\" \/>\n\t\t<meta property=\"og:site_name\" content=\"El Digital de Asturias\" \/>\n\t\t<meta property=\"og:type\" content=\"article\" \/>\n\t\t<meta property=\"og:title\" content=\"El placer de las islas estonias en oto\u00f1o | El Digital de Asturias\" \/>\n\t\t<meta property=\"og:description\" content=\"En el oto\u00f1o estonio los d\u00edas son largos y las temperaturas a\u00fan son tolerables, antes de que llegue el invierno con sus d\u00edas duros y sombr\u00edos, hielo y nieve..\" \/>\n\t\t<meta property=\"og:url\" content=\"https:\/\/www.eldigitaldeasturias.com\/noticias\/el-placer-de-las-islas-estonias-en-otono\/\" \/>\n\t\t<meta property=\"og:image\" content=\"https:\/\/www.eldigitaldeasturias.com\/noticias\/wp-content\/uploads\/2020\/10\/Estonia.jpg\" \/>\n\t\t<meta property=\"og:image:secure_url\" content=\"https:\/\/www.eldigitaldeasturias.com\/noticias\/wp-content\/uploads\/2020\/10\/Estonia.jpg\" \/>\n\t\t<meta property=\"og:image:width\" content=\"891\" \/>\n\t\t<meta property=\"og:image:height\" content=\"644\" \/>\n\t\t<meta property=\"article:tag\" content=\"viajes\" \/>\n\t\t<meta property=\"article:tag\" content=\"turismo\" \/>\n\t\t<meta property=\"article:tag\" content=\"estonia\" \/>\n\t\t<meta property=\"article:published_time\" content=\"2020-10-12T22:52:28+00:00\" \/>\n\t\t<meta property=\"article:modified_time\" content=\"2020-10-12T22:52:28+00:00\" \/>\n\t\t<meta property=\"article:publisher\" content=\"https:\/\/facebook.com\/eldigitaldeasturias\" \/>\n\t\t<meta name=\"twitter:card\" content=\"summary_large_image\" \/>\n\t\t<meta name=\"twitter:title\" content=\"El placer de las islas estonias en oto\u00f1o | El Digital de Asturias\" \/>\n\t\t<meta name=\"twitter:description\" content=\"En el oto\u00f1o estonio los d\u00edas son largos y las temperaturas a\u00fan son tolerables, antes de que llegue el invierno con sus d\u00edas duros y sombr\u00edos, hielo y nieve..\" \/>\n\t\t<meta name=\"twitter:image\" content=\"https:\/\/www.eldigitaldeasturias.com\/noticias\/wp-content\/uploads\/2020\/10\/Estonia.jpg\" \/>\n\t\t<meta name=\"twitter:label1\" content=\"Escrito por\" \/>\n\t\t<meta name=\"twitter:data1\" content=\"El Digital de Asturias\" \/>\n\t\t<meta name=\"twitter:label2\" content=\"Tiempo de lectura estimado\" \/>\n\t\t<meta name=\"twitter:data2\" content=\"5 minutos\" \/>\n\t\t<script type=\"application\/ld+json\" class=\"aioseo-schema\">\n\t\t\t{\"@context\":\"https:\\\/\\\/schema.org\",\"@graph\":[{\"@type\":\"BlogPosting\",\"@id\":\"https:\\\/\\\/www.eldigitaldeasturias.com\\\/noticias\\\/el-placer-de-las-islas-estonias-en-otono\\\/#blogposting\",\"name\":\"El placer de las islas estonias en oto\\u00f1o | El Digital de Asturias\",\"headline\":\"El placer de las islas estonias en oto\\u00f1o\",\"author\":{\"@id\":\"https:\\\/\\\/www.eldigitaldeasturias.com\\\/noticias\\\/author\\\/admin\\\/#author\"},\"publisher\":{\"@id\":\"https:\\\/\\\/www.eldigitaldeasturias.com\\\/noticias\\\/#organization\"},\"image\":{\"@type\":\"ImageObject\",\"url\":\"https:\\\/\\\/www.eldigitaldeasturias.com\\\/noticias\\\/wp-content\\\/uploads\\\/2020\\\/10\\\/Estonia.jpg\",\"width\":891,\"height\":644,\"caption\":\"El veranillo de oto\\u00f1o ilumina la isla de Saaremaa. Foto: Andreas Drouve\\\/dpa\"},\"datePublished\":\"2020-10-12T22:52:28+02:00\",\"dateModified\":\"2020-10-12T22:52:28+02:00\",\"inLanguage\":\"es-ES\",\"mainEntityOfPage\":{\"@id\":\"https:\\\/\\\/www.eldigitaldeasturias.com\\\/noticias\\\/el-placer-de-las-islas-estonias-en-otono\\\/#webpage\"},\"isPartOf\":{\"@id\":\"https:\\\/\\\/www.eldigitaldeasturias.com\\\/noticias\\\/el-placer-de-las-islas-estonias-en-otono\\\/#webpage\"},\"articleSection\":\"Turismo\"},{\"@type\":\"BreadcrumbList\",\"@id\":\"https:\\\/\\\/www.eldigitaldeasturias.com\\\/noticias\\\/el-placer-de-las-islas-estonias-en-otono\\\/#breadcrumblist\",\"itemListElement\":[{\"@type\":\"ListItem\",\"@id\":\"https:\\\/\\\/www.eldigitaldeasturias.com\\\/noticias#listItem\",\"position\":1,\"name\":\"Home\",\"item\":\"https:\\\/\\\/www.eldigitaldeasturias.com\\\/noticias\",\"nextItem\":{\"@type\":\"ListItem\",\"@id\":\"https:\\\/\\\/www.eldigitaldeasturias.com\\\/noticias\\\/category\\\/turismo\\\/#listItem\",\"name\":\"Turismo\"}},{\"@type\":\"ListItem\",\"@id\":\"https:\\\/\\\/www.eldigitaldeasturias.com\\\/noticias\\\/category\\\/turismo\\\/#listItem\",\"position\":2,\"name\":\"Turismo\",\"item\":\"https:\\\/\\\/www.eldigitaldeasturias.com\\\/noticias\\\/category\\\/turismo\\\/\",\"nextItem\":{\"@type\":\"ListItem\",\"@id\":\"https:\\\/\\\/www.eldigitaldeasturias.com\\\/noticias\\\/el-placer-de-las-islas-estonias-en-otono\\\/#listItem\",\"name\":\"El placer de las islas estonias en oto\\u00f1o\"},\"previousItem\":{\"@type\":\"ListItem\",\"@id\":\"https:\\\/\\\/www.eldigitaldeasturias.com\\\/noticias#listItem\",\"name\":\"Home\"}},{\"@type\":\"ListItem\",\"@id\":\"https:\\\/\\\/www.eldigitaldeasturias.com\\\/noticias\\\/el-placer-de-las-islas-estonias-en-otono\\\/#listItem\",\"position\":3,\"name\":\"El placer de las islas estonias en oto\\u00f1o\",\"previousItem\":{\"@type\":\"ListItem\",\"@id\":\"https:\\\/\\\/www.eldigitaldeasturias.com\\\/noticias\\\/category\\\/turismo\\\/#listItem\",\"name\":\"Turismo\"}}]},{\"@type\":\"Organization\",\"@id\":\"https:\\\/\\\/www.eldigitaldeasturias.com\\\/noticias\\\/#organization\",\"name\":\"El Digital de Asturias\",\"description\":\"Hemeroteca\",\"url\":\"https:\\\/\\\/www.eldigitaldeasturias.com\\\/noticias\\\/\",\"email\":\"info@eldigitaldeasturias.com\",\"telephone\":\"+34652131393\",\"logo\":{\"@type\":\"ImageObject\",\"url\":\"https:\\\/\\\/www.eldigitaldeasturias.com\\\/noticias\\\/wp-content\\\/uploads\\\/2020\\\/12\\\/EDA.jpg\",\"@id\":\"https:\\\/\\\/www.eldigitaldeasturias.com\\\/noticias\\\/el-placer-de-las-islas-estonias-en-otono\\\/#organizationLogo\",\"width\":649,\"height\":297},\"image\":{\"@id\":\"https:\\\/\\\/www.eldigitaldeasturias.com\\\/noticias\\\/el-placer-de-las-islas-estonias-en-otono\\\/#organizationLogo\"},\"sameAs\":[\"https:\\\/\\\/facebook.com\\\/eldigitaldeasturias\",\"https:\\\/\\\/www.youtube.com\\\/channel\\\/UCZP-2wLEB9Rv6erhFmqVnvg\"],\"address\":{\"@id\":\"https:\\\/\\\/www.eldigitaldeasturias.com\\\/noticias\\\/#postaladdress\",\"@type\":\"PostalAddress\",\"streetAddress\":\"san antonio 4,\",\"postalCode\":\"33430\",\"addressLocality\":\"Cand\\u00e1s\",\"addressRegion\":\"Asturias\",\"addressCountry\":\"ES\"}},{\"@type\":\"Person\",\"@id\":\"https:\\\/\\\/www.eldigitaldeasturias.com\\\/noticias\\\/author\\\/admin\\\/#author\",\"url\":\"https:\\\/\\\/www.eldigitaldeasturias.com\\\/noticias\\\/author\\\/admin\\\/\",\"name\":\"El Digital de Asturias\",\"image\":{\"@type\":\"ImageObject\",\"@id\":\"https:\\\/\\\/www.eldigitaldeasturias.com\\\/noticias\\\/el-placer-de-las-islas-estonias-en-otono\\\/#authorImage\",\"url\":\"https:\\\/\\\/www.eldigitaldeasturias.com\\\/noticias\\\/wp-content\\\/litespeed\\\/avatar\\\/18677e78aa0546b92d9dbf31ec7d7668.jpg?ver=1776685526\",\"width\":96,\"height\":96,\"caption\":\"El Digital de Asturias\"}},{\"@type\":\"WebPage\",\"@id\":\"https:\\\/\\\/www.eldigitaldeasturias.com\\\/noticias\\\/el-placer-de-las-islas-estonias-en-otono\\\/#webpage\",\"url\":\"https:\\\/\\\/www.eldigitaldeasturias.com\\\/noticias\\\/el-placer-de-las-islas-estonias-en-otono\\\/\",\"name\":\"El placer de las islas estonias en oto\\u00f1o | El Digital de Asturias\",\"description\":\"En el oto\\u00f1o estonio los d\\u00edas son largos y las temperaturas a\\u00fan son tolerables, antes de que llegue el invierno con sus d\\u00edas duros y sombr\\u00edos, hielo y nieve..\",\"inLanguage\":\"es-ES\",\"isPartOf\":{\"@id\":\"https:\\\/\\\/www.eldigitaldeasturias.com\\\/noticias\\\/#website\"},\"breadcrumb\":{\"@id\":\"https:\\\/\\\/www.eldigitaldeasturias.com\\\/noticias\\\/el-placer-de-las-islas-estonias-en-otono\\\/#breadcrumblist\"},\"author\":{\"@id\":\"https:\\\/\\\/www.eldigitaldeasturias.com\\\/noticias\\\/author\\\/admin\\\/#author\"},\"creator\":{\"@id\":\"https:\\\/\\\/www.eldigitaldeasturias.com\\\/noticias\\\/author\\\/admin\\\/#author\"},\"image\":{\"@type\":\"ImageObject\",\"url\":\"https:\\\/\\\/www.eldigitaldeasturias.com\\\/noticias\\\/wp-content\\\/uploads\\\/2020\\\/10\\\/Estonia.jpg\",\"@id\":\"https:\\\/\\\/www.eldigitaldeasturias.com\\\/noticias\\\/el-placer-de-las-islas-estonias-en-otono\\\/#mainImage\",\"width\":891,\"height\":644,\"caption\":\"El veranillo de oto\\u00f1o ilumina la isla de Saaremaa. Foto: Andreas Drouve\\\/dpa\"},\"primaryImageOfPage\":{\"@id\":\"https:\\\/\\\/www.eldigitaldeasturias.com\\\/noticias\\\/el-placer-de-las-islas-estonias-en-otono\\\/#mainImage\"},\"datePublished\":\"2020-10-12T22:52:28+02:00\",\"dateModified\":\"2020-10-12T22:52:28+02:00\"},{\"@type\":\"WebSite\",\"@id\":\"https:\\\/\\\/www.eldigitaldeasturias.com\\\/noticias\\\/#website\",\"url\":\"https:\\\/\\\/www.eldigitaldeasturias.com\\\/noticias\\\/\",\"name\":\"El Digital de Asturias - Diario de actualidad y noticias\",\"alternateName\":\"El Digital de Asturias - Diario de actualidad y noticias\",\"description\":\"Hemeroteca\",\"inLanguage\":\"es-ES\",\"publisher\":{\"@id\":\"https:\\\/\\\/www.eldigitaldeasturias.com\\\/noticias\\\/#organization\"}}]}\n\t\t<\/script>\n\t\t<!-- All in One SEO Pro -->\r\n\t\t<title>El placer de las islas estonias en oto\u00f1o | El Digital de Asturias<\/title>\n\n","aioseo_head_json":{"title":"El placer de las islas estonias en oto\u00f1o | El Digital de Asturias","description":"En el oto\u00f1o estonio los d\u00edas son largos y las temperaturas a\u00fan son tolerables, antes de que llegue el invierno con sus d\u00edas duros y sombr\u00edos, hielo y nieve..","canonical_url":"https:\/\/www.eldigitaldeasturias.com\/noticias\/el-placer-de-las-islas-estonias-en-otono\/","robots":"max-image-preview:large","keywords":"viajes,turismo,estonia","webmasterTools":{"google-site-verification":"UA-38556648-1","msvalidate.01":"7dfe9f3f1b24437ab69f4f2559babe99","miscellaneous":""},"schema":{"@context":"https:\/\/schema.org","@graph":[{"@type":"BlogPosting","@id":"https:\/\/www.eldigitaldeasturias.com\/noticias\/el-placer-de-las-islas-estonias-en-otono\/#blogposting","name":"El placer de las islas estonias en oto\u00f1o | El Digital de Asturias","headline":"El placer de las islas estonias en oto\u00f1o","author":{"@id":"https:\/\/www.eldigitaldeasturias.com\/noticias\/author\/admin\/#author"},"publisher":{"@id":"https:\/\/www.eldigitaldeasturias.com\/noticias\/#organization"},"image":{"@type":"ImageObject","url":"https:\/\/www.eldigitaldeasturias.com\/noticias\/wp-content\/uploads\/2020\/10\/Estonia.jpg","width":891,"height":644,"caption":"El veranillo de oto\u00f1o ilumina la isla de Saaremaa. Foto: Andreas Drouve\/dpa"},"datePublished":"2020-10-12T22:52:28+02:00","dateModified":"2020-10-12T22:52:28+02:00","inLanguage":"es-ES","mainEntityOfPage":{"@id":"https:\/\/www.eldigitaldeasturias.com\/noticias\/el-placer-de-las-islas-estonias-en-otono\/#webpage"},"isPartOf":{"@id":"https:\/\/www.eldigitaldeasturias.com\/noticias\/el-placer-de-las-islas-estonias-en-otono\/#webpage"},"articleSection":"Turismo"},{"@type":"BreadcrumbList","@id":"https:\/\/www.eldigitaldeasturias.com\/noticias\/el-placer-de-las-islas-estonias-en-otono\/#breadcrumblist","itemListElement":[{"@type":"ListItem","@id":"https:\/\/www.eldigitaldeasturias.com\/noticias#listItem","position":1,"name":"Home","item":"https:\/\/www.eldigitaldeasturias.com\/noticias","nextItem":{"@type":"ListItem","@id":"https:\/\/www.eldigitaldeasturias.com\/noticias\/category\/turismo\/#listItem","name":"Turismo"}},{"@type":"ListItem","@id":"https:\/\/www.eldigitaldeasturias.com\/noticias\/category\/turismo\/#listItem","position":2,"name":"Turismo","item":"https:\/\/www.eldigitaldeasturias.com\/noticias\/category\/turismo\/","nextItem":{"@type":"ListItem","@id":"https:\/\/www.eldigitaldeasturias.com\/noticias\/el-placer-de-las-islas-estonias-en-otono\/#listItem","name":"El placer de las islas estonias en oto\u00f1o"},"previousItem":{"@type":"ListItem","@id":"https:\/\/www.eldigitaldeasturias.com\/noticias#listItem","name":"Home"}},{"@type":"ListItem","@id":"https:\/\/www.eldigitaldeasturias.com\/noticias\/el-placer-de-las-islas-estonias-en-otono\/#listItem","position":3,"name":"El placer de las islas estonias en oto\u00f1o","previousItem":{"@type":"ListItem","@id":"https:\/\/www.eldigitaldeasturias.com\/noticias\/category\/turismo\/#listItem","name":"Turismo"}}]},{"@type":"Organization","@id":"https:\/\/www.eldigitaldeasturias.com\/noticias\/#organization","name":"El Digital de Asturias","description":"Hemeroteca","url":"https:\/\/www.eldigitaldeasturias.com\/noticias\/","email":"info@eldigitaldeasturias.com","telephone":"+34652131393","logo":{"@type":"ImageObject","url":"https:\/\/www.eldigitaldeasturias.com\/noticias\/wp-content\/uploads\/2020\/12\/EDA.jpg","@id":"https:\/\/www.eldigitaldeasturias.com\/noticias\/el-placer-de-las-islas-estonias-en-otono\/#organizationLogo","width":649,"height":297},"image":{"@id":"https:\/\/www.eldigitaldeasturias.com\/noticias\/el-placer-de-las-islas-estonias-en-otono\/#organizationLogo"},"sameAs":["https:\/\/facebook.com\/eldigitaldeasturias","https:\/\/www.youtube.com\/channel\/UCZP-2wLEB9Rv6erhFmqVnvg"],"address":{"@id":"https:\/\/www.eldigitaldeasturias.com\/noticias\/#postaladdress","@type":"PostalAddress","streetAddress":"san antonio 4,","postalCode":"33430","addressLocality":"Cand\u00e1s","addressRegion":"Asturias","addressCountry":"ES"}},{"@type":"Person","@id":"https:\/\/www.eldigitaldeasturias.com\/noticias\/author\/admin\/#author","url":"https:\/\/www.eldigitaldeasturias.com\/noticias\/author\/admin\/","name":"El Digital de Asturias","image":{"@type":"ImageObject","@id":"https:\/\/www.eldigitaldeasturias.com\/noticias\/el-placer-de-las-islas-estonias-en-otono\/#authorImage","url":"https:\/\/www.eldigitaldeasturias.com\/noticias\/wp-content\/litespeed\/avatar\/18677e78aa0546b92d9dbf31ec7d7668.jpg?ver=1776685526","width":96,"height":96,"caption":"El Digital de Asturias"}},{"@type":"WebPage","@id":"https:\/\/www.eldigitaldeasturias.com\/noticias\/el-placer-de-las-islas-estonias-en-otono\/#webpage","url":"https:\/\/www.eldigitaldeasturias.com\/noticias\/el-placer-de-las-islas-estonias-en-otono\/","name":"El placer de las islas estonias en oto\u00f1o | El Digital de Asturias","description":"En el oto\u00f1o estonio los d\u00edas son largos y las temperaturas a\u00fan son tolerables, antes de que llegue el invierno con sus d\u00edas duros y sombr\u00edos, hielo y nieve..","inLanguage":"es-ES","isPartOf":{"@id":"https:\/\/www.eldigitaldeasturias.com\/noticias\/#website"},"breadcrumb":{"@id":"https:\/\/www.eldigitaldeasturias.com\/noticias\/el-placer-de-las-islas-estonias-en-otono\/#breadcrumblist"},"author":{"@id":"https:\/\/www.eldigitaldeasturias.com\/noticias\/author\/admin\/#author"},"creator":{"@id":"https:\/\/www.eldigitaldeasturias.com\/noticias\/author\/admin\/#author"},"image":{"@type":"ImageObject","url":"https:\/\/www.eldigitaldeasturias.com\/noticias\/wp-content\/uploads\/2020\/10\/Estonia.jpg","@id":"https:\/\/www.eldigitaldeasturias.com\/noticias\/el-placer-de-las-islas-estonias-en-otono\/#mainImage","width":891,"height":644,"caption":"El veranillo de oto\u00f1o ilumina la isla de Saaremaa. Foto: Andreas Drouve\/dpa"},"primaryImageOfPage":{"@id":"https:\/\/www.eldigitaldeasturias.com\/noticias\/el-placer-de-las-islas-estonias-en-otono\/#mainImage"},"datePublished":"2020-10-12T22:52:28+02:00","dateModified":"2020-10-12T22:52:28+02:00"},{"@type":"WebSite","@id":"https:\/\/www.eldigitaldeasturias.com\/noticias\/#website","url":"https:\/\/www.eldigitaldeasturias.com\/noticias\/","name":"El Digital de Asturias - Diario de actualidad y noticias","alternateName":"El Digital de Asturias - Diario de actualidad y noticias","description":"Hemeroteca","inLanguage":"es-ES","publisher":{"@id":"https:\/\/www.eldigitaldeasturias.com\/noticias\/#organization"}}]},"og:locale":"es_ES","og:site_name":"El Digital de Asturias","og:type":"article","og:title":"El placer de las islas estonias en oto\u00f1o | El Digital de Asturias","og:description":"En el oto\u00f1o estonio los d\u00edas son largos y las temperaturas a\u00fan son tolerables, antes de que llegue el invierno con sus d\u00edas duros y sombr\u00edos, hielo y nieve..","og:url":"https:\/\/www.eldigitaldeasturias.com\/noticias\/el-placer-de-las-islas-estonias-en-otono\/","og:image":"https:\/\/www.eldigitaldeasturias.com\/noticias\/wp-content\/uploads\/2020\/10\/Estonia.jpg","og:image:secure_url":"https:\/\/www.eldigitaldeasturias.com\/noticias\/wp-content\/uploads\/2020\/10\/Estonia.jpg","og:image:width":891,"og:image:height":644,"article:tag":["viajes","turismo","estonia"],"article:published_time":"2020-10-12T22:52:28+00:00","article:modified_time":"2020-10-12T22:52:28+00:00","article:publisher":"https:\/\/facebook.com\/eldigitaldeasturias","twitter:card":"summary_large_image","twitter:title":"El placer de las islas estonias en oto\u00f1o | El Digital de Asturias","twitter:description":"En el oto\u00f1o estonio los d\u00edas son largos y las temperaturas a\u00fan son tolerables, antes de que llegue el invierno con sus d\u00edas duros y sombr\u00edos, hielo y nieve..","twitter:image":"https:\/\/www.eldigitaldeasturias.com\/noticias\/wp-content\/uploads\/2020\/10\/Estonia.jpg","twitter:label1":"Escrito por","twitter:data1":"El Digital de Asturias","twitter:label2":"Tiempo de lectura estimado","twitter:data2":"5 minutos"},"aioseo_meta_data":{"post_id":"1077506","title":"El placer de las islas estonias en oto\u00f1o | #site_title","description":"En el oto\u00f1o estonio los d\u00edas son largos y las temperaturas a\u00fan son tolerables, antes de que llegue el invierno con sus d\u00edas duros y sombr\u00edos, hielo y nieve..","keywords":[{"label":"viajes","value":"viajes"},{"label":"turismo","value":"turismo"},{"label":"Estonia","value":"Estonia"}],"keyphrases":null,"primary_term":null,"canonical_url":"","og_title":null,"og_description":null,"og_object_type":"default","og_image_type":"default","og_image_url":null,"og_image_width":null,"og_image_height":null,"og_image_custom_url":null,"og_image_custom_fields":null,"og_video":null,"og_custom_url":null,"og_article_section":null,"og_article_tags":null,"twitter_use_og":false,"twitter_card":"default","twitter_image_type":"default","twitter_image_url":null,"twitter_image_custom_url":null,"twitter_image_custom_fields":null,"twitter_title":null,"twitter_description":null,"schema":{"blockGraphs":[],"customGraphs":[],"default":{"data":{"Article":[],"Course":[],"Dataset":[],"FAQPage":[],"Movie":[],"Person":[],"Product":[],"ProductReview":[],"Car":[],"Recipe":[],"Service":[],"SoftwareApplication":[],"WebPage":[]},"graphName":"","isEnabled":true},"graphs":[],"defaultGraph":"","defaultPostTypeGraph":""},"schema_type":null,"schema_type_options":null,"pillar_content":false,"robots_default":true,"robots_noindex":false,"robots_noarchive":false,"robots_nosnippet":false,"robots_nofollow":false,"robots_noimageindex":false,"robots_noodp":false,"robots_notranslate":false,"robots_max_snippet":null,"robots_max_videopreview":null,"robots_max_imagepreview":"large","priority":null,"frequency":"default","local_seo":null,"seo_analyzer_scan_date":"2025-09-13 20:03:52","breadcrumb_settings":null,"limit_modified_date":false,"open_ai":null,"ai":null,"created":"2020-12-21 10:39:50","updated":"2025-09-13 20:03:52"},"aioseo_breadcrumb":"<div class=\"aioseo-breadcrumbs\"><span class=\"aioseo-breadcrumb\">\n\t<a href=\"https:\/\/www.eldigitaldeasturias.com\/noticias\" title=\"Home\">Home<\/a>\n<\/span><span class=\"aioseo-breadcrumb-separator\">\u2013<\/span><span class=\"aioseo-breadcrumb\">\n\t<a href=\"https:\/\/www.eldigitaldeasturias.com\/noticias\/category\/turismo\/\" title=\"Turismo\">Turismo<\/a>\n<\/span><span class=\"aioseo-breadcrumb-separator\">\u2013<\/span><span class=\"aioseo-breadcrumb\">\n\t<a href=\"https:\/\/www.eldigitaldeasturias.com\/noticias\/el-placer-de-las-islas-estonias-en-otono\/\" title=\"El placer de las islas estonias en oto\u00f1o\">El placer de las islas estonias en oto\u00f1o<\/a>\n<\/span><\/div>","aioseo_breadcrumb_json":[{"label":"Home","link":"https:\/\/www.eldigitaldeasturias.com\/noticias"},{"label":"Turismo","link":"https:\/\/www.eldigitaldeasturias.com\/noticias\/category\/turismo\/"},{"label":"El placer de las islas estonias en oto\u00f1o","link":"https:\/\/www.eldigitaldeasturias.com\/noticias\/el-placer-de-las-islas-estonias-en-otono\/"}],"_links":{"self":[{"href":"https:\/\/www.eldigitaldeasturias.com\/noticias\/wp-json\/wp\/v2\/posts\/1077506","targetHints":{"allow":["GET"]}}],"collection":[{"href":"https:\/\/www.eldigitaldeasturias.com\/noticias\/wp-json\/wp\/v2\/posts"}],"about":[{"href":"https:\/\/www.eldigitaldeasturias.com\/noticias\/wp-json\/wp\/v2\/types\/post"}],"author":[{"embeddable":true,"href":"https:\/\/www.eldigitaldeasturias.com\/noticias\/wp-json\/wp\/v2\/users\/1"}],"replies":[{"embeddable":true,"href":"https:\/\/www.eldigitaldeasturias.com\/noticias\/wp-json\/wp\/v2\/comments?post=1077506"}],"version-history":[{"count":0,"href":"https:\/\/www.eldigitaldeasturias.com\/noticias\/wp-json\/wp\/v2\/posts\/1077506\/revisions"}],"wp:featuredmedia":[{"embeddable":true,"href":"https:\/\/www.eldigitaldeasturias.com\/noticias\/wp-json\/wp\/v2\/media\/1077507"}],"wp:attachment":[{"href":"https:\/\/www.eldigitaldeasturias.com\/noticias\/wp-json\/wp\/v2\/media?parent=1077506"}],"wp:term":[{"taxonomy":"category","embeddable":true,"href":"https:\/\/www.eldigitaldeasturias.com\/noticias\/wp-json\/wp\/v2\/categories?post=1077506"},{"taxonomy":"post_tag","embeddable":true,"href":"https:\/\/www.eldigitaldeasturias.com\/noticias\/wp-json\/wp\/v2\/tags?post=1077506"}],"curies":[{"name":"wp","href":"https:\/\/api.w.org\/{rel}","templated":true}]}}