{"id":1076408,"date":"2020-09-25T16:21:44","date_gmt":"2020-09-25T16:21:44","guid":{"rendered":"https:\/\/www.eldigitaldeasturias.com\/noticias\/?p=1076408"},"modified":"2020-09-25T16:21:44","modified_gmt":"2020-09-25T16:21:44","slug":"asturias-traza-su-hoja-de-ruta-industrial","status":"publish","type":"post","link":"https:\/\/www.eldigitaldeasturias.com\/noticias\/asturias-traza-su-hoja-de-ruta-industrial\/","title":{"rendered":"Asturias traza su hoja de ruta industrial"},"content":{"rendered":"<p><img loading=\"lazy\" decoding=\"async\" class=\"alignleft size-medium wp-image-1076409\" src=\"https:\/\/www.eldigitaldeasturias.com\/noticias\/wp-content\/uploads\/2020\/09\/Asturias-Industrial-360x211.jpg\" alt=\"Estrategia Industrial Asturias\" width=\"360\" height=\"211\" srcset=\"https:\/\/www.eldigitaldeasturias.com\/noticias\/wp-content\/uploads\/2020\/09\/Asturias-Industrial-360x211.jpg 360w, https:\/\/www.eldigitaldeasturias.com\/noticias\/wp-content\/uploads\/2020\/09\/Asturias-Industrial-690x404.jpg 690w, https:\/\/www.eldigitaldeasturias.com\/noticias\/wp-content\/uploads\/2020\/09\/Asturias-Industrial-480x281.jpg 480w, https:\/\/www.eldigitaldeasturias.com\/noticias\/wp-content\/uploads\/2020\/09\/Asturias-Industrial-768x449.jpg 768w, https:\/\/www.eldigitaldeasturias.com\/noticias\/wp-content\/uploads\/2020\/09\/Asturias-Industrial-150x88.jpg 150w, https:\/\/www.eldigitaldeasturias.com\/noticias\/wp-content\/uploads\/2020\/09\/Asturias-Industrial-300x175.jpg 300w, https:\/\/www.eldigitaldeasturias.com\/noticias\/wp-content\/uploads\/2020\/09\/Asturias-Industrial-696x407.jpg 696w, https:\/\/www.eldigitaldeasturias.com\/noticias\/wp-content\/uploads\/2020\/09\/Asturias-Industrial-1068x625.jpg 1068w, https:\/\/www.eldigitaldeasturias.com\/noticias\/wp-content\/uploads\/2020\/09\/Asturias-Industrial-718x420.jpg 718w, https:\/\/www.eldigitaldeasturias.com\/noticias\/wp-content\/uploads\/2020\/09\/Asturias-Industrial.jpg 1072w\" sizes=\"auto, (max-width: 360px) 100vw, 360px\" \/>La directora general de Industria, Rosana Prada, ha participado en la <strong>comisi\u00f3n de seguimiento de la Estrategia Industrial<\/strong>, que se ha reunido hoy viernes por segunda vez, presidida por el consejero de Industria, Empleo, y Promoci\u00f3n Econ\u00f3mica del Principado de Asturias, Enrique Fern\u00e1ndez.<\/p>\n<p>Durante el encuentro, se han acordado los procedimientos y los cronogramas de los diferentes grupos de trabajo que participar\u00e1n en la elaboraci\u00f3n de<strong> la hoja de ruta en materia industrial que seguir\u00e1 Asturias para esta d\u00e9cada<\/strong>.<\/p>\n<p>De acuerdo con la propuesta inicial presentada por el Gobierno, se habilitar\u00e1n cinco mesas de trabajo en las que adem\u00e1s del Ejecutivo y los agentes sociales participar\u00e1n expertos de entidades como la Universidad de Oviedo, centros de I+D+i, empresas tractoras de modernizaci\u00f3n y sectores emergentes y del sector del I+D+i. <strong>Tambi\u00e9n nuevos perfiles profesionales de sectores y proyectos industriales estrat\u00e9gicos y l\u00edneas de financiaci\u00f3n<\/strong>. Los trabajos de elaboraci\u00f3n comenzar\u00e1n en unas dos semanas.<\/p>\n<p><strong>La Estrategia Industrial de Asturias 2030 es unas de las medidas incluidas en el acuerdo de Concertaci\u00f3n para la Reactivaci\u00f3n Econ\u00f3mica de Asturias<\/strong> (CREA).El documento tendr\u00e1 como eje de actuaci\u00f3n prioritario la modernizaci\u00f3n y el impulso de la industria a trav\u00e9s de su adaptaci\u00f3n a la nueva realidad, en el contexto de una crisis sanitaria sin precedentes, <strong>marcada por la digitalizaci\u00f3n, la transici\u00f3n ecol\u00f3gica y la descarbonizaci\u00f3n<\/strong>.<\/p>\n<p>Asimismo, ha de estar alineado con la nueva estrategia industrial europea y sus dos transiciones: la ecol\u00f3gica y la tecnol\u00f3gica. A nivel regional, la redacci\u00f3n ir\u00e1 en paralelo con la nueva Estrategia de Especializaci\u00f3n Regional (S3) y la Estrategia de Transici\u00f3n Energ\u00e9tica. El Gobierno prev\u00e9 que la estrategia est\u00e9 definida a finales de este a\u00f1o para su aprobaci\u00f3n a principios del a\u00f1o 2021 de cara a consolidar la industria como sector tractor de la econom\u00eda regional.<\/p>\n<p>&nbsp;<\/p>\n","protected":false},"excerpt":{"rendered":"<p>La directora general de Industria, Rosana Prada, ha participado en la comisi\u00f3n de seguimiento de la Estrategia Industrial, que se ha reunido hoy viernes por segunda vez, presidida por el consejero de Industria, Empleo, y Promoci\u00f3n Econ\u00f3mica del Principado de Asturias, Enrique Fern\u00e1ndez. Durante el encuentro, se han acordado los procedimientos y los cronogramas de [&hellip;]<\/p>\n","protected":false},"author":1,"featured_media":1076409,"comment_status":"closed","ping_status":"closed","sticky":false,"template":"","format":"standard","meta":{"footnotes":""},"categories":[141,187],"tags":[],"class_list":["post-1076408","post","type-post","status-publish","format-standard","has-post-thumbnail","hentry","category-destacadas","category-economia"],"aioseo_notices":[],"aioseo_head":"\n\t\t<!-- All in One SEO Pro 4.9.6.2 - aioseo.com -->\n\t<meta name=\"description\" content=\"La directora general de Industria, Rosana Prada, ha participado en la comisi\u00f3n de seguimiento de la Estrategia Industrial, que se ha reunido hoy viernes por segunda vez, presidida por el consejero de Industria, Empleo, y Promoci\u00f3n Econ\u00f3mica del Principado de Asturias, Enrique Fern\u00e1ndez. Durante el encuentro, se han acordado los procedimientos y los cronogramas de\" \/>\n\t<meta name=\"robots\" content=\"max-image-preview:large\" \/>\n\t<meta name=\"author\" content=\"El Digital de Asturias\"\/>\n\t<meta name=\"google-site-verification\" content=\"UA-38556648-1\" \/>\n\t<meta name=\"msvalidate.01\" content=\"7dfe9f3f1b24437ab69f4f2559babe99\" \/>\n\t<meta name=\"keywords\" content=\"destacadas,econom\u00eda\" \/>\n\t<link rel=\"canonical\" href=\"https:\/\/www.eldigitaldeasturias.com\/noticias\/asturias-traza-su-hoja-de-ruta-industrial\/\" \/>\n\t<meta name=\"generator\" content=\"All in One SEO Pro (AIOSEO) 4.9.6.2\" \/>\n\t\t<meta property=\"og:locale\" content=\"es_ES\" \/>\n\t\t<meta property=\"og:site_name\" content=\"El Digital de Asturias\" \/>\n\t\t<meta property=\"og:type\" content=\"article\" \/>\n\t\t<meta property=\"og:title\" content=\"Asturias traza su hoja de ruta industrial - El Digital de Asturias\" \/>\n\t\t<meta property=\"og:description\" content=\"La directora general de Industria, Rosana Prada, ha participado en la comisi\u00f3n de seguimiento de la Estrategia Industrial, que se ha reunido hoy viernes por segunda vez, presidida por el consejero de Industria, Empleo, y Promoci\u00f3n Econ\u00f3mica del Principado de Asturias, Enrique Fern\u00e1ndez. Durante el encuentro, se han acordado los procedimientos y los cronogramas de\" \/>\n\t\t<meta property=\"og:url\" content=\"https:\/\/www.eldigitaldeasturias.com\/noticias\/asturias-traza-su-hoja-de-ruta-industrial\/\" \/>\n\t\t<meta property=\"og:image\" content=\"https:\/\/www.eldigitaldeasturias.com\/noticias\/wp-content\/uploads\/2020\/09\/Asturias-Industrial.jpg\" \/>\n\t\t<meta property=\"og:image:secure_url\" content=\"https:\/\/www.eldigitaldeasturias.com\/noticias\/wp-content\/uploads\/2020\/09\/Asturias-Industrial.jpg\" \/>\n\t\t<meta property=\"og:image:width\" content=\"1072\" \/>\n\t\t<meta property=\"og:image:height\" content=\"627\" \/>\n\t\t<meta property=\"article:tag\" content=\"destacadas\" \/>\n\t\t<meta property=\"article:tag\" content=\"econom\u00eda\" \/>\n\t\t<meta property=\"article:published_time\" content=\"2020-09-25T16:21:44+00:00\" \/>\n\t\t<meta property=\"article:modified_time\" content=\"2020-09-25T16:21:44+00:00\" \/>\n\t\t<meta property=\"article:publisher\" content=\"https:\/\/facebook.com\/eldigitaldeasturias\" \/>\n\t\t<meta name=\"twitter:card\" content=\"summary_large_image\" \/>\n\t\t<meta name=\"twitter:title\" content=\"Asturias traza su hoja de ruta industrial - El Digital de Asturias\" \/>\n\t\t<meta name=\"twitter:description\" content=\"La directora general de Industria, Rosana Prada, ha participado en la comisi\u00f3n de seguimiento de la Estrategia Industrial, que se ha reunido hoy viernes por segunda vez, presidida por el consejero de Industria, Empleo, y Promoci\u00f3n Econ\u00f3mica del Principado de Asturias, Enrique Fern\u00e1ndez. Durante el encuentro, se han acordado los procedimientos y los cronogramas de\" \/>\n\t\t<meta name=\"twitter:image\" content=\"https:\/\/www.eldigitaldeasturias.com\/noticias\/wp-content\/uploads\/2020\/09\/Asturias-Industrial.jpg\" \/>\n\t\t<meta name=\"twitter:label1\" content=\"Escrito por\" \/>\n\t\t<meta name=\"twitter:data1\" content=\"El Digital de Asturias\" \/>\n\t\t<meta name=\"twitter:label2\" content=\"Tiempo de lectura estimado\" \/>\n\t\t<meta name=\"twitter:data2\" content=\"2 minutos\" \/>\n\t\t<script type=\"application\/ld+json\" class=\"aioseo-schema\">\n\t\t\t{\"@context\":\"https:\\\/\\\/schema.org\",\"@graph\":[{\"@type\":\"BlogPosting\",\"@id\":\"https:\\\/\\\/www.eldigitaldeasturias.com\\\/noticias\\\/asturias-traza-su-hoja-de-ruta-industrial\\\/#blogposting\",\"name\":\"Asturias traza su hoja de ruta industrial - El Digital de Asturias\",\"headline\":\"Asturias traza su hoja de ruta industrial\",\"author\":{\"@id\":\"https:\\\/\\\/www.eldigitaldeasturias.com\\\/noticias\\\/author\\\/admin\\\/#author\"},\"publisher\":{\"@id\":\"https:\\\/\\\/www.eldigitaldeasturias.com\\\/noticias\\\/#organization\"},\"image\":{\"@type\":\"ImageObject\",\"url\":\"https:\\\/\\\/www.eldigitaldeasturias.com\\\/noticias\\\/wp-content\\\/uploads\\\/2020\\\/09\\\/Asturias-Industrial.jpg\",\"width\":1072,\"height\":627,\"caption\":\"Estrategia Industrial Asturias\"},\"datePublished\":\"2020-09-25T16:21:44+02:00\",\"dateModified\":\"2020-09-25T16:21:44+02:00\",\"inLanguage\":\"es-ES\",\"mainEntityOfPage\":{\"@id\":\"https:\\\/\\\/www.eldigitaldeasturias.com\\\/noticias\\\/asturias-traza-su-hoja-de-ruta-industrial\\\/#webpage\"},\"isPartOf\":{\"@id\":\"https:\\\/\\\/www.eldigitaldeasturias.com\\\/noticias\\\/asturias-traza-su-hoja-de-ruta-industrial\\\/#webpage\"},\"articleSection\":\"Destacadas, Econom\\u00eda\"},{\"@type\":\"BreadcrumbList\",\"@id\":\"https:\\\/\\\/www.eldigitaldeasturias.com\\\/noticias\\\/asturias-traza-su-hoja-de-ruta-industrial\\\/#breadcrumblist\",\"itemListElement\":[{\"@type\":\"ListItem\",\"@id\":\"https:\\\/\\\/www.eldigitaldeasturias.com\\\/noticias#listItem\",\"position\":1,\"name\":\"Home\",\"item\":\"https:\\\/\\\/www.eldigitaldeasturias.com\\\/noticias\",\"nextItem\":{\"@type\":\"ListItem\",\"@id\":\"https:\\\/\\\/www.eldigitaldeasturias.com\\\/noticias\\\/category\\\/destacadas\\\/#listItem\",\"name\":\"Destacadas\"}},{\"@type\":\"ListItem\",\"@id\":\"https:\\\/\\\/www.eldigitaldeasturias.com\\\/noticias\\\/category\\\/destacadas\\\/#listItem\",\"position\":2,\"name\":\"Destacadas\",\"item\":\"https:\\\/\\\/www.eldigitaldeasturias.com\\\/noticias\\\/category\\\/destacadas\\\/\",\"nextItem\":{\"@type\":\"ListItem\",\"@id\":\"https:\\\/\\\/www.eldigitaldeasturias.com\\\/noticias\\\/asturias-traza-su-hoja-de-ruta-industrial\\\/#listItem\",\"name\":\"Asturias traza su hoja de ruta industrial\"},\"previousItem\":{\"@type\":\"ListItem\",\"@id\":\"https:\\\/\\\/www.eldigitaldeasturias.com\\\/noticias#listItem\",\"name\":\"Home\"}},{\"@type\":\"ListItem\",\"@id\":\"https:\\\/\\\/www.eldigitaldeasturias.com\\\/noticias\\\/asturias-traza-su-hoja-de-ruta-industrial\\\/#listItem\",\"position\":3,\"name\":\"Asturias traza su hoja de ruta industrial\",\"previousItem\":{\"@type\":\"ListItem\",\"@id\":\"https:\\\/\\\/www.eldigitaldeasturias.com\\\/noticias\\\/category\\\/destacadas\\\/#listItem\",\"name\":\"Destacadas\"}}]},{\"@type\":\"Organization\",\"@id\":\"https:\\\/\\\/www.eldigitaldeasturias.com\\\/noticias\\\/#organization\",\"name\":\"El Digital de Asturias\",\"description\":\"Hemeroteca\",\"url\":\"https:\\\/\\\/www.eldigitaldeasturias.com\\\/noticias\\\/\",\"email\":\"info@eldigitaldeasturias.com\",\"telephone\":\"+34652131393\",\"logo\":{\"@type\":\"ImageObject\",\"url\":\"https:\\\/\\\/www.eldigitaldeasturias.com\\\/noticias\\\/wp-content\\\/uploads\\\/2020\\\/12\\\/EDA.jpg\",\"@id\":\"https:\\\/\\\/www.eldigitaldeasturias.com\\\/noticias\\\/asturias-traza-su-hoja-de-ruta-industrial\\\/#organizationLogo\",\"width\":649,\"height\":297},\"image\":{\"@id\":\"https:\\\/\\\/www.eldigitaldeasturias.com\\\/noticias\\\/asturias-traza-su-hoja-de-ruta-industrial\\\/#organizationLogo\"},\"sameAs\":[\"https:\\\/\\\/facebook.com\\\/eldigitaldeasturias\",\"https:\\\/\\\/www.youtube.com\\\/channel\\\/UCZP-2wLEB9Rv6erhFmqVnvg\"],\"address\":{\"@id\":\"https:\\\/\\\/www.eldigitaldeasturias.com\\\/noticias\\\/#postaladdress\",\"@type\":\"PostalAddress\",\"streetAddress\":\"san antonio 4,\",\"postalCode\":\"33430\",\"addressLocality\":\"Cand\\u00e1s\",\"addressRegion\":\"Asturias\",\"addressCountry\":\"ES\"}},{\"@type\":\"Person\",\"@id\":\"https:\\\/\\\/www.eldigitaldeasturias.com\\\/noticias\\\/author\\\/admin\\\/#author\",\"url\":\"https:\\\/\\\/www.eldigitaldeasturias.com\\\/noticias\\\/author\\\/admin\\\/\",\"name\":\"El Digital de Asturias\",\"image\":{\"@type\":\"ImageObject\",\"@id\":\"https:\\\/\\\/www.eldigitaldeasturias.com\\\/noticias\\\/asturias-traza-su-hoja-de-ruta-industrial\\\/#authorImage\",\"url\":\"https:\\\/\\\/www.eldigitaldeasturias.com\\\/noticias\\\/wp-content\\\/litespeed\\\/avatar\\\/18677e78aa0546b92d9dbf31ec7d7668.jpg?ver=1776685526\",\"width\":96,\"height\":96,\"caption\":\"El Digital de Asturias\"}},{\"@type\":\"WebPage\",\"@id\":\"https:\\\/\\\/www.eldigitaldeasturias.com\\\/noticias\\\/asturias-traza-su-hoja-de-ruta-industrial\\\/#webpage\",\"url\":\"https:\\\/\\\/www.eldigitaldeasturias.com\\\/noticias\\\/asturias-traza-su-hoja-de-ruta-industrial\\\/\",\"name\":\"Asturias traza su hoja de ruta industrial - El Digital de Asturias\",\"description\":\"La directora general de Industria, Rosana Prada, ha participado en la comisi\\u00f3n de seguimiento de la Estrategia Industrial, que se ha reunido hoy viernes por segunda vez, presidida por el consejero de Industria, Empleo, y Promoci\\u00f3n Econ\\u00f3mica del Principado de Asturias, Enrique Fern\\u00e1ndez. Durante el encuentro, se han acordado los procedimientos y los cronogramas de\",\"inLanguage\":\"es-ES\",\"isPartOf\":{\"@id\":\"https:\\\/\\\/www.eldigitaldeasturias.com\\\/noticias\\\/#website\"},\"breadcrumb\":{\"@id\":\"https:\\\/\\\/www.eldigitaldeasturias.com\\\/noticias\\\/asturias-traza-su-hoja-de-ruta-industrial\\\/#breadcrumblist\"},\"author\":{\"@id\":\"https:\\\/\\\/www.eldigitaldeasturias.com\\\/noticias\\\/author\\\/admin\\\/#author\"},\"creator\":{\"@id\":\"https:\\\/\\\/www.eldigitaldeasturias.com\\\/noticias\\\/author\\\/admin\\\/#author\"},\"image\":{\"@type\":\"ImageObject\",\"url\":\"https:\\\/\\\/www.eldigitaldeasturias.com\\\/noticias\\\/wp-content\\\/uploads\\\/2020\\\/09\\\/Asturias-Industrial.jpg\",\"@id\":\"https:\\\/\\\/www.eldigitaldeasturias.com\\\/noticias\\\/asturias-traza-su-hoja-de-ruta-industrial\\\/#mainImage\",\"width\":1072,\"height\":627,\"caption\":\"Estrategia Industrial Asturias\"},\"primaryImageOfPage\":{\"@id\":\"https:\\\/\\\/www.eldigitaldeasturias.com\\\/noticias\\\/asturias-traza-su-hoja-de-ruta-industrial\\\/#mainImage\"},\"datePublished\":\"2020-09-25T16:21:44+02:00\",\"dateModified\":\"2020-09-25T16:21:44+02:00\"},{\"@type\":\"WebSite\",\"@id\":\"https:\\\/\\\/www.eldigitaldeasturias.com\\\/noticias\\\/#website\",\"url\":\"https:\\\/\\\/www.eldigitaldeasturias.com\\\/noticias\\\/\",\"name\":\"El Digital de Asturias - Diario de actualidad y noticias\",\"alternateName\":\"El Digital de Asturias - Diario de actualidad y noticias\",\"description\":\"Hemeroteca\",\"inLanguage\":\"es-ES\",\"publisher\":{\"@id\":\"https:\\\/\\\/www.eldigitaldeasturias.com\\\/noticias\\\/#organization\"}}]}\n\t\t<\/script>\n\t\t<!-- All in One SEO Pro -->\r\n\t\t<title>Asturias traza su hoja de ruta industrial - El Digital de Asturias<\/title>\n\n","aioseo_head_json":{"title":"Asturias traza su hoja de ruta industrial - El Digital de Asturias","description":"La directora general de Industria, Rosana Prada, ha participado en la comisi\u00f3n de seguimiento de la Estrategia Industrial, que se ha reunido hoy viernes por segunda vez, presidida por el consejero de Industria, Empleo, y Promoci\u00f3n Econ\u00f3mica del Principado de Asturias, Enrique Fern\u00e1ndez. Durante el encuentro, se han acordado los procedimientos y los cronogramas de","canonical_url":"https:\/\/www.eldigitaldeasturias.com\/noticias\/asturias-traza-su-hoja-de-ruta-industrial\/","robots":"max-image-preview:large","keywords":"destacadas,econom\u00eda","webmasterTools":{"google-site-verification":"UA-38556648-1","msvalidate.01":"7dfe9f3f1b24437ab69f4f2559babe99","miscellaneous":""},"schema":{"@context":"https:\/\/schema.org","@graph":[{"@type":"BlogPosting","@id":"https:\/\/www.eldigitaldeasturias.com\/noticias\/asturias-traza-su-hoja-de-ruta-industrial\/#blogposting","name":"Asturias traza su hoja de ruta industrial - El Digital de Asturias","headline":"Asturias traza su hoja de ruta industrial","author":{"@id":"https:\/\/www.eldigitaldeasturias.com\/noticias\/author\/admin\/#author"},"publisher":{"@id":"https:\/\/www.eldigitaldeasturias.com\/noticias\/#organization"},"image":{"@type":"ImageObject","url":"https:\/\/www.eldigitaldeasturias.com\/noticias\/wp-content\/uploads\/2020\/09\/Asturias-Industrial.jpg","width":1072,"height":627,"caption":"Estrategia Industrial Asturias"},"datePublished":"2020-09-25T16:21:44+02:00","dateModified":"2020-09-25T16:21:44+02:00","inLanguage":"es-ES","mainEntityOfPage":{"@id":"https:\/\/www.eldigitaldeasturias.com\/noticias\/asturias-traza-su-hoja-de-ruta-industrial\/#webpage"},"isPartOf":{"@id":"https:\/\/www.eldigitaldeasturias.com\/noticias\/asturias-traza-su-hoja-de-ruta-industrial\/#webpage"},"articleSection":"Destacadas, Econom\u00eda"},{"@type":"BreadcrumbList","@id":"https:\/\/www.eldigitaldeasturias.com\/noticias\/asturias-traza-su-hoja-de-ruta-industrial\/#breadcrumblist","itemListElement":[{"@type":"ListItem","@id":"https:\/\/www.eldigitaldeasturias.com\/noticias#listItem","position":1,"name":"Home","item":"https:\/\/www.eldigitaldeasturias.com\/noticias","nextItem":{"@type":"ListItem","@id":"https:\/\/www.eldigitaldeasturias.com\/noticias\/category\/destacadas\/#listItem","name":"Destacadas"}},{"@type":"ListItem","@id":"https:\/\/www.eldigitaldeasturias.com\/noticias\/category\/destacadas\/#listItem","position":2,"name":"Destacadas","item":"https:\/\/www.eldigitaldeasturias.com\/noticias\/category\/destacadas\/","nextItem":{"@type":"ListItem","@id":"https:\/\/www.eldigitaldeasturias.com\/noticias\/asturias-traza-su-hoja-de-ruta-industrial\/#listItem","name":"Asturias traza su hoja de ruta industrial"},"previousItem":{"@type":"ListItem","@id":"https:\/\/www.eldigitaldeasturias.com\/noticias#listItem","name":"Home"}},{"@type":"ListItem","@id":"https:\/\/www.eldigitaldeasturias.com\/noticias\/asturias-traza-su-hoja-de-ruta-industrial\/#listItem","position":3,"name":"Asturias traza su hoja de ruta industrial","previousItem":{"@type":"ListItem","@id":"https:\/\/www.eldigitaldeasturias.com\/noticias\/category\/destacadas\/#listItem","name":"Destacadas"}}]},{"@type":"Organization","@id":"https:\/\/www.eldigitaldeasturias.com\/noticias\/#organization","name":"El Digital de Asturias","description":"Hemeroteca","url":"https:\/\/www.eldigitaldeasturias.com\/noticias\/","email":"info@eldigitaldeasturias.com","telephone":"+34652131393","logo":{"@type":"ImageObject","url":"https:\/\/www.eldigitaldeasturias.com\/noticias\/wp-content\/uploads\/2020\/12\/EDA.jpg","@id":"https:\/\/www.eldigitaldeasturias.com\/noticias\/asturias-traza-su-hoja-de-ruta-industrial\/#organizationLogo","width":649,"height":297},"image":{"@id":"https:\/\/www.eldigitaldeasturias.com\/noticias\/asturias-traza-su-hoja-de-ruta-industrial\/#organizationLogo"},"sameAs":["https:\/\/facebook.com\/eldigitaldeasturias","https:\/\/www.youtube.com\/channel\/UCZP-2wLEB9Rv6erhFmqVnvg"],"address":{"@id":"https:\/\/www.eldigitaldeasturias.com\/noticias\/#postaladdress","@type":"PostalAddress","streetAddress":"san antonio 4,","postalCode":"33430","addressLocality":"Cand\u00e1s","addressRegion":"Asturias","addressCountry":"ES"}},{"@type":"Person","@id":"https:\/\/www.eldigitaldeasturias.com\/noticias\/author\/admin\/#author","url":"https:\/\/www.eldigitaldeasturias.com\/noticias\/author\/admin\/","name":"El Digital de Asturias","image":{"@type":"ImageObject","@id":"https:\/\/www.eldigitaldeasturias.com\/noticias\/asturias-traza-su-hoja-de-ruta-industrial\/#authorImage","url":"https:\/\/www.eldigitaldeasturias.com\/noticias\/wp-content\/litespeed\/avatar\/18677e78aa0546b92d9dbf31ec7d7668.jpg?ver=1776685526","width":96,"height":96,"caption":"El Digital de Asturias"}},{"@type":"WebPage","@id":"https:\/\/www.eldigitaldeasturias.com\/noticias\/asturias-traza-su-hoja-de-ruta-industrial\/#webpage","url":"https:\/\/www.eldigitaldeasturias.com\/noticias\/asturias-traza-su-hoja-de-ruta-industrial\/","name":"Asturias traza su hoja de ruta industrial - El Digital de Asturias","description":"La directora general de Industria, Rosana Prada, ha participado en la comisi\u00f3n de seguimiento de la Estrategia Industrial, que se ha reunido hoy viernes por segunda vez, presidida por el consejero de Industria, Empleo, y Promoci\u00f3n Econ\u00f3mica del Principado de Asturias, Enrique Fern\u00e1ndez. Durante el encuentro, se han acordado los procedimientos y los cronogramas de","inLanguage":"es-ES","isPartOf":{"@id":"https:\/\/www.eldigitaldeasturias.com\/noticias\/#website"},"breadcrumb":{"@id":"https:\/\/www.eldigitaldeasturias.com\/noticias\/asturias-traza-su-hoja-de-ruta-industrial\/#breadcrumblist"},"author":{"@id":"https:\/\/www.eldigitaldeasturias.com\/noticias\/author\/admin\/#author"},"creator":{"@id":"https:\/\/www.eldigitaldeasturias.com\/noticias\/author\/admin\/#author"},"image":{"@type":"ImageObject","url":"https:\/\/www.eldigitaldeasturias.com\/noticias\/wp-content\/uploads\/2020\/09\/Asturias-Industrial.jpg","@id":"https:\/\/www.eldigitaldeasturias.com\/noticias\/asturias-traza-su-hoja-de-ruta-industrial\/#mainImage","width":1072,"height":627,"caption":"Estrategia Industrial Asturias"},"primaryImageOfPage":{"@id":"https:\/\/www.eldigitaldeasturias.com\/noticias\/asturias-traza-su-hoja-de-ruta-industrial\/#mainImage"},"datePublished":"2020-09-25T16:21:44+02:00","dateModified":"2020-09-25T16:21:44+02:00"},{"@type":"WebSite","@id":"https:\/\/www.eldigitaldeasturias.com\/noticias\/#website","url":"https:\/\/www.eldigitaldeasturias.com\/noticias\/","name":"El Digital de Asturias - Diario de actualidad y noticias","alternateName":"El Digital de Asturias - Diario de actualidad y noticias","description":"Hemeroteca","inLanguage":"es-ES","publisher":{"@id":"https:\/\/www.eldigitaldeasturias.com\/noticias\/#organization"}}]},"og:locale":"es_ES","og:site_name":"El Digital de Asturias","og:type":"article","og:title":"Asturias traza su hoja de ruta industrial - El Digital de Asturias","og:description":"La directora general de Industria, Rosana Prada, ha participado en la comisi\u00f3n de seguimiento de la Estrategia Industrial, que se ha reunido hoy viernes por segunda vez, presidida por el consejero de Industria, Empleo, y Promoci\u00f3n Econ\u00f3mica del Principado de Asturias, Enrique Fern\u00e1ndez. Durante el encuentro, se han acordado los procedimientos y los cronogramas de","og:url":"https:\/\/www.eldigitaldeasturias.com\/noticias\/asturias-traza-su-hoja-de-ruta-industrial\/","og:image":"https:\/\/www.eldigitaldeasturias.com\/noticias\/wp-content\/uploads\/2020\/09\/Asturias-Industrial.jpg","og:image:secure_url":"https:\/\/www.eldigitaldeasturias.com\/noticias\/wp-content\/uploads\/2020\/09\/Asturias-Industrial.jpg","og:image:width":1072,"og:image:height":627,"article:tag":["destacadas","econom\u00eda"],"article:published_time":"2020-09-25T16:21:44+00:00","article:modified_time":"2020-09-25T16:21:44+00:00","article:publisher":"https:\/\/facebook.com\/eldigitaldeasturias","twitter:card":"summary_large_image","twitter:title":"Asturias traza su hoja de ruta industrial - El Digital de Asturias","twitter:description":"La directora general de Industria, Rosana Prada, ha participado en la comisi\u00f3n de seguimiento de la Estrategia Industrial, que se ha reunido hoy viernes por segunda vez, presidida por el consejero de Industria, Empleo, y Promoci\u00f3n Econ\u00f3mica del Principado de Asturias, Enrique Fern\u00e1ndez. Durante el encuentro, se han acordado los procedimientos y los cronogramas de","twitter:image":"https:\/\/www.eldigitaldeasturias.com\/noticias\/wp-content\/uploads\/2020\/09\/Asturias-Industrial.jpg","twitter:label1":"Escrito por","twitter:data1":"El Digital de Asturias","twitter:label2":"Tiempo de lectura estimado","twitter:data2":"2 minutos"},"aioseo_meta_data":{"post_id":"1076408","title":null,"description":"","keywords":"","keyphrases":null,"primary_term":null,"canonical_url":"","og_title":null,"og_description":null,"og_object_type":"default","og_image_type":"default","og_image_url":null,"og_image_width":null,"og_image_height":null,"og_image_custom_url":null,"og_image_custom_fields":null,"og_video":null,"og_custom_url":null,"og_article_section":null,"og_article_tags":null,"twitter_use_og":false,"twitter_card":"default","twitter_image_type":"default","twitter_image_url":null,"twitter_image_custom_url":null,"twitter_image_custom_fields":null,"twitter_title":null,"twitter_description":null,"schema":{"blockGraphs":[],"customGraphs":[],"default":{"data":{"Article":[],"Course":[],"Dataset":[],"FAQPage":[],"Movie":[],"Person":[],"Product":[],"ProductReview":[],"Car":[],"Recipe":[],"Service":[],"SoftwareApplication":[],"WebPage":[]},"graphName":"","isEnabled":true},"graphs":[],"defaultGraph":"","defaultPostTypeGraph":""},"schema_type":null,"schema_type_options":null,"pillar_content":false,"robots_default":true,"robots_noindex":false,"robots_noarchive":false,"robots_nosnippet":false,"robots_nofollow":false,"robots_noimageindex":false,"robots_noodp":false,"robots_notranslate":false,"robots_max_snippet":null,"robots_max_videopreview":null,"robots_max_imagepreview":"large","priority":null,"frequency":"default","local_seo":null,"seo_analyzer_scan_date":"2025-09-13 17:14:51","breadcrumb_settings":null,"limit_modified_date":false,"open_ai":null,"ai":null,"created":"2020-12-21 10:40:05","updated":"2025-09-13 17:14:51"},"aioseo_breadcrumb":"<div class=\"aioseo-breadcrumbs\"><span class=\"aioseo-breadcrumb\">\n\t<a href=\"https:\/\/www.eldigitaldeasturias.com\/noticias\" title=\"Home\">Home<\/a>\n<\/span><span class=\"aioseo-breadcrumb-separator\">\u2013<\/span><span class=\"aioseo-breadcrumb\">\n\t<a href=\"https:\/\/www.eldigitaldeasturias.com\/noticias\/category\/destacadas\/\" title=\"Destacadas\">Destacadas<\/a>\n<\/span><span class=\"aioseo-breadcrumb-separator\">\u2013<\/span><span class=\"aioseo-breadcrumb\">\n\t<a href=\"https:\/\/www.eldigitaldeasturias.com\/noticias\/asturias-traza-su-hoja-de-ruta-industrial\/\" title=\"Asturias traza su hoja de ruta industrial\">Asturias traza su hoja de ruta industrial<\/a>\n<\/span><\/div>","aioseo_breadcrumb_json":[{"label":"Home","link":"https:\/\/www.eldigitaldeasturias.com\/noticias"},{"label":"Destacadas","link":"https:\/\/www.eldigitaldeasturias.com\/noticias\/category\/destacadas\/"},{"label":"Asturias traza su hoja de ruta industrial","link":"https:\/\/www.eldigitaldeasturias.com\/noticias\/asturias-traza-su-hoja-de-ruta-industrial\/"}],"_links":{"self":[{"href":"https:\/\/www.eldigitaldeasturias.com\/noticias\/wp-json\/wp\/v2\/posts\/1076408","targetHints":{"allow":["GET"]}}],"collection":[{"href":"https:\/\/www.eldigitaldeasturias.com\/noticias\/wp-json\/wp\/v2\/posts"}],"about":[{"href":"https:\/\/www.eldigitaldeasturias.com\/noticias\/wp-json\/wp\/v2\/types\/post"}],"author":[{"embeddable":true,"href":"https:\/\/www.eldigitaldeasturias.com\/noticias\/wp-json\/wp\/v2\/users\/1"}],"replies":[{"embeddable":true,"href":"https:\/\/www.eldigitaldeasturias.com\/noticias\/wp-json\/wp\/v2\/comments?post=1076408"}],"version-history":[{"count":0,"href":"https:\/\/www.eldigitaldeasturias.com\/noticias\/wp-json\/wp\/v2\/posts\/1076408\/revisions"}],"wp:featuredmedia":[{"embeddable":true,"href":"https:\/\/www.eldigitaldeasturias.com\/noticias\/wp-json\/wp\/v2\/media\/1076409"}],"wp:attachment":[{"href":"https:\/\/www.eldigitaldeasturias.com\/noticias\/wp-json\/wp\/v2\/media?parent=1076408"}],"wp:term":[{"taxonomy":"category","embeddable":true,"href":"https:\/\/www.eldigitaldeasturias.com\/noticias\/wp-json\/wp\/v2\/categories?post=1076408"},{"taxonomy":"post_tag","embeddable":true,"href":"https:\/\/www.eldigitaldeasturias.com\/noticias\/wp-json\/wp\/v2\/tags?post=1076408"}],"curies":[{"name":"wp","href":"https:\/\/api.w.org\/{rel}","templated":true}]}}