{"id":1076401,"date":"2020-09-25T12:55:29","date_gmt":"2020-09-25T12:55:29","guid":{"rendered":"https:\/\/www.eldigitaldeasturias.com\/noticias\/?p=1076401"},"modified":"2020-09-25T12:55:29","modified_gmt":"2020-09-25T12:55:29","slug":"paz-orviz-es-elegida-nueva-gerente-de-cogersa","status":"publish","type":"post","link":"https:\/\/www.eldigitaldeasturias.com\/noticias\/paz-orviz-es-elegida-nueva-gerente-de-cogersa\/","title":{"rendered":"Paz Orviz es elegida nueva gerente de Cogersa"},"content":{"rendered":"<p><img loading=\"lazy\" decoding=\"async\" class=\"alignleft size-medium wp-image-1076402\" src=\"https:\/\/www.eldigitaldeasturias.com\/noticias\/wp-content\/uploads\/2020\/09\/Cogersa-360x233.jpg\" alt=\"Consejo administraci\u00f3n Cogersa\" width=\"360\" height=\"233\" srcset=\"https:\/\/www.eldigitaldeasturias.com\/noticias\/wp-content\/uploads\/2020\/09\/Cogersa-360x233.jpg 360w, https:\/\/www.eldigitaldeasturias.com\/noticias\/wp-content\/uploads\/2020\/09\/Cogersa-690x446.jpg 690w, https:\/\/www.eldigitaldeasturias.com\/noticias\/wp-content\/uploads\/2020\/09\/Cogersa-464x300.jpg 464w, https:\/\/www.eldigitaldeasturias.com\/noticias\/wp-content\/uploads\/2020\/09\/Cogersa-768x496.jpg 768w, https:\/\/www.eldigitaldeasturias.com\/noticias\/wp-content\/uploads\/2020\/09\/Cogersa-150x97.jpg 150w, https:\/\/www.eldigitaldeasturias.com\/noticias\/wp-content\/uploads\/2020\/09\/Cogersa-300x194.jpg 300w, https:\/\/www.eldigitaldeasturias.com\/noticias\/wp-content\/uploads\/2020\/09\/Cogersa-696x450.jpg 696w, https:\/\/www.eldigitaldeasturias.com\/noticias\/wp-content\/uploads\/2020\/09\/Cogersa-650x420.jpg 650w, https:\/\/www.eldigitaldeasturias.com\/noticias\/wp-content\/uploads\/2020\/09\/Cogersa.jpg 1020w\" sizes=\"auto, (max-width: 360px) 100vw, 360px\" \/>El consejo de administraci\u00f3n de Cogersa ha elegido hoy a <strong>Paz Orviz Ib\u00e1\u00f1ez nueva gerente del Consorcio para la Gesti\u00f3n de los Residuos S\u00f3lidos de Asturias<\/strong> (Cogersa) en sustituci\u00f3n de Santiago Fern\u00e1ndez, que se ha mantenido al frente de la entidad desde 1983 y que ahora se jubila.<\/p>\n<p>Paz Orviz Ib\u00e1\u00f1ez (Gij\u00f3n, 1969), actual directora de Calidad Ambiental y Cambio Clim\u00e1tico de la Consejer\u00eda de Administraci\u00f3n Auton\u00f3mica, Medio Ambiente y Cambio Clim\u00e1tico, es ingeniera superior industrial por la Universidad de Oviedo. Ha desarrollado la mayor parte de su carrera profesional en la Administraci\u00f3n del Principado donde pertenece, desde 1998, al cuerpo de T\u00e9cnicos Superiores.<\/p>\n<p>Su perfil profesional est\u00e1 vinculado al medio ambiente industrial en las \u00e1reas de contaminaci\u00f3n atmosf\u00e9rica, calidad de las aguas, residuos y cambio clim\u00e1tico. En estas materias ha participado en la elaboraci\u00f3n de legislaci\u00f3n, planes estrat\u00e9gicos, otorgamiento de autorizaciones ambientales, inspecciones, tramitaci\u00f3n de subvenciones y gesti\u00f3n econ\u00f3mica, as\u00ed como en diversos proyectos financiados con fondos europeos.<\/p>\n<p>En 2018 fue nombrada directora general de Calidad Ambiental de la Consejer\u00eda de Infraestructuras, Ordenaci\u00f3n del Territorio y Medio Ambiente. Entre las responsabilidades que ha ostentado tambi\u00e9n figuran las de jefa del Servicio de Control Ambiental, directora General de Sostenibilidad y Cambio Clim\u00e1tico, jefa del Servicio de Gesti\u00f3n Ambiental, y asesora t\u00e9cnica de la Oficina para la Sostenibilidad, el Cambio Clim\u00e1tico y la Participaci\u00f3n.<\/p>\n<p>En toda su trayectoria ha tenido relaci\u00f3n profesional con Cogersa desde diferentes \u00e1mbitos de decisi\u00f3n, con participaci\u00f3n en sus \u00f3rganos de gobierno, conocimiento de sus instalaciones, modelo de gesti\u00f3n y personal, as\u00ed como de su historia y retos de futuro.<\/p>\n<p>Actualmente es la responsable, entre otros asuntos, de la implementaci\u00f3n de las pol\u00edticas p\u00fablicas del Gobierno de Asturias en materia de residuos y econom\u00eda circular, en el marco del vigente Plan Estrat\u00e9gico de Residuos del Principado de Asturias 2017-2024, en cuya elaboraci\u00f3n particip\u00f3 en coordinaci\u00f3n con Cogersa.<\/p>\n<p>Orviz ha sido elegida para este nuevo cargo a propuesta del presidente del consejo de administraci\u00f3n de Cogersa, Juan Cofi\u00f1o, Vicepresidente del Gobierno y consejero de Administraci\u00f3n Auton\u00f3mica, Medio Ambiente y Cambio Clim\u00e1tico, tras un proceso de selecci\u00f3n al que se presentaron un total de 83 candidatos. El Principado proceder\u00e1 a su sustituci\u00f3n en la Direcci\u00f3n General de Calidad Ambiental y Cambio Clim\u00e1tico en el momento de la toma de posesi\u00f3n.<\/p>\n<p>&nbsp;<\/p>\n","protected":false},"excerpt":{"rendered":"<p>El consejo de administraci\u00f3n de Cogersa ha elegido hoy a Paz Orviz Ib\u00e1\u00f1ez nueva gerente del Consorcio para la Gesti\u00f3n de los Residuos S\u00f3lidos de Asturias (Cogersa) en sustituci\u00f3n de Santiago Fern\u00e1ndez, que se ha mantenido al frente de la entidad desde 1983 y que ahora se jubila. Paz Orviz Ib\u00e1\u00f1ez (Gij\u00f3n, 1969), actual directora [&hellip;]<\/p>\n","protected":false},"author":1,"featured_media":1076402,"comment_status":"closed","ping_status":"closed","sticky":false,"template":"","format":"standard","meta":{"footnotes":""},"categories":[12,141],"tags":[],"class_list":["post-1076401","post","type-post","status-publish","format-standard","has-post-thumbnail","hentry","category-actualidad-asturias","category-destacadas"],"aioseo_notices":[],"aioseo_head":"\n\t\t<!-- All in One SEO Pro 4.9.6.2 - aioseo.com -->\n\t<meta name=\"description\" content=\"El consejo de administraci\u00f3n de Cogersa ha elegido hoy a Paz Orviz Ib\u00e1\u00f1ez nueva gerente del Consorcio para la Gesti\u00f3n de los Residuos S\u00f3lidos de Asturias (Cogersa) en sustituci\u00f3n de Santiago Fern\u00e1ndez, que se ha mantenido al frente de la entidad desde 1983 y que ahora se jubila. Paz Orviz Ib\u00e1\u00f1ez (Gij\u00f3n, 1969), actual directora\" \/>\n\t<meta name=\"robots\" content=\"max-image-preview:large\" \/>\n\t<meta name=\"author\" content=\"El Digital de Asturias\"\/>\n\t<meta name=\"google-site-verification\" content=\"UA-38556648-1\" \/>\n\t<meta name=\"msvalidate.01\" content=\"7dfe9f3f1b24437ab69f4f2559babe99\" \/>\n\t<meta name=\"keywords\" content=\"actualidad asturias,destacadas\" \/>\n\t<link rel=\"canonical\" href=\"https:\/\/www.eldigitaldeasturias.com\/noticias\/paz-orviz-es-elegida-nueva-gerente-de-cogersa\/\" \/>\n\t<meta name=\"generator\" content=\"All in One SEO Pro (AIOSEO) 4.9.6.2\" \/>\n\t\t<meta property=\"og:locale\" content=\"es_ES\" \/>\n\t\t<meta property=\"og:site_name\" content=\"El Digital de Asturias\" \/>\n\t\t<meta property=\"og:type\" content=\"article\" \/>\n\t\t<meta property=\"og:title\" content=\"Paz Orviz es elegida nueva gerente de Cogersa - El Digital de Asturias\" \/>\n\t\t<meta property=\"og:description\" content=\"El consejo de administraci\u00f3n de Cogersa ha elegido hoy a Paz Orviz Ib\u00e1\u00f1ez nueva gerente del Consorcio para la Gesti\u00f3n de los Residuos S\u00f3lidos de Asturias (Cogersa) en sustituci\u00f3n de Santiago Fern\u00e1ndez, que se ha mantenido al frente de la entidad desde 1983 y que ahora se jubila. Paz Orviz Ib\u00e1\u00f1ez (Gij\u00f3n, 1969), actual directora\" \/>\n\t\t<meta property=\"og:url\" content=\"https:\/\/www.eldigitaldeasturias.com\/noticias\/paz-orviz-es-elegida-nueva-gerente-de-cogersa\/\" \/>\n\t\t<meta property=\"og:image\" content=\"https:\/\/www.eldigitaldeasturias.com\/noticias\/wp-content\/uploads\/2020\/09\/Cogersa.jpg\" \/>\n\t\t<meta property=\"og:image:secure_url\" content=\"https:\/\/www.eldigitaldeasturias.com\/noticias\/wp-content\/uploads\/2020\/09\/Cogersa.jpg\" \/>\n\t\t<meta property=\"og:image:width\" content=\"1020\" \/>\n\t\t<meta property=\"og:image:height\" content=\"659\" \/>\n\t\t<meta property=\"article:tag\" content=\"actualidad asturias\" \/>\n\t\t<meta property=\"article:tag\" content=\"destacadas\" \/>\n\t\t<meta property=\"article:published_time\" content=\"2020-09-25T12:55:29+00:00\" \/>\n\t\t<meta property=\"article:modified_time\" content=\"2020-09-25T12:55:29+00:00\" \/>\n\t\t<meta property=\"article:publisher\" content=\"https:\/\/facebook.com\/eldigitaldeasturias\" \/>\n\t\t<meta name=\"twitter:card\" content=\"summary_large_image\" \/>\n\t\t<meta name=\"twitter:title\" content=\"Paz Orviz es elegida nueva gerente de Cogersa - El Digital de Asturias\" \/>\n\t\t<meta name=\"twitter:description\" content=\"El consejo de administraci\u00f3n de Cogersa ha elegido hoy a Paz Orviz Ib\u00e1\u00f1ez nueva gerente del Consorcio para la Gesti\u00f3n de los Residuos S\u00f3lidos de Asturias (Cogersa) en sustituci\u00f3n de Santiago Fern\u00e1ndez, que se ha mantenido al frente de la entidad desde 1983 y que ahora se jubila. Paz Orviz Ib\u00e1\u00f1ez (Gij\u00f3n, 1969), actual directora\" \/>\n\t\t<meta name=\"twitter:image\" content=\"https:\/\/www.eldigitaldeasturias.com\/noticias\/wp-content\/uploads\/2020\/09\/Cogersa.jpg\" \/>\n\t\t<meta name=\"twitter:label1\" content=\"Escrito por\" \/>\n\t\t<meta name=\"twitter:data1\" content=\"El Digital de Asturias\" \/>\n\t\t<meta name=\"twitter:label2\" content=\"Tiempo de lectura estimado\" \/>\n\t\t<meta name=\"twitter:data2\" content=\"2 minutos\" \/>\n\t\t<script type=\"application\/ld+json\" class=\"aioseo-schema\">\n\t\t\t{\"@context\":\"https:\\\/\\\/schema.org\",\"@graph\":[{\"@type\":\"BlogPosting\",\"@id\":\"https:\\\/\\\/www.eldigitaldeasturias.com\\\/noticias\\\/paz-orviz-es-elegida-nueva-gerente-de-cogersa\\\/#blogposting\",\"name\":\"Paz Orviz es elegida nueva gerente de Cogersa - El Digital de Asturias\",\"headline\":\"Paz Orviz es elegida nueva gerente de Cogersa\",\"author\":{\"@id\":\"https:\\\/\\\/www.eldigitaldeasturias.com\\\/noticias\\\/author\\\/admin\\\/#author\"},\"publisher\":{\"@id\":\"https:\\\/\\\/www.eldigitaldeasturias.com\\\/noticias\\\/#organization\"},\"image\":{\"@type\":\"ImageObject\",\"url\":\"https:\\\/\\\/www.eldigitaldeasturias.com\\\/noticias\\\/wp-content\\\/uploads\\\/2020\\\/09\\\/Cogersa.jpg\",\"width\":1020,\"height\":659,\"caption\":\"Consejo administraci\\u00f3n Cogersa\"},\"datePublished\":\"2020-09-25T12:55:29+02:00\",\"dateModified\":\"2020-09-25T12:55:29+02:00\",\"inLanguage\":\"es-ES\",\"mainEntityOfPage\":{\"@id\":\"https:\\\/\\\/www.eldigitaldeasturias.com\\\/noticias\\\/paz-orviz-es-elegida-nueva-gerente-de-cogersa\\\/#webpage\"},\"isPartOf\":{\"@id\":\"https:\\\/\\\/www.eldigitaldeasturias.com\\\/noticias\\\/paz-orviz-es-elegida-nueva-gerente-de-cogersa\\\/#webpage\"},\"articleSection\":\"Actualidad Asturias, Destacadas\"},{\"@type\":\"BreadcrumbList\",\"@id\":\"https:\\\/\\\/www.eldigitaldeasturias.com\\\/noticias\\\/paz-orviz-es-elegida-nueva-gerente-de-cogersa\\\/#breadcrumblist\",\"itemListElement\":[{\"@type\":\"ListItem\",\"@id\":\"https:\\\/\\\/www.eldigitaldeasturias.com\\\/noticias#listItem\",\"position\":1,\"name\":\"Home\",\"item\":\"https:\\\/\\\/www.eldigitaldeasturias.com\\\/noticias\",\"nextItem\":{\"@type\":\"ListItem\",\"@id\":\"https:\\\/\\\/www.eldigitaldeasturias.com\\\/noticias\\\/category\\\/actualidad-asturias\\\/#listItem\",\"name\":\"Actualidad Asturias\"}},{\"@type\":\"ListItem\",\"@id\":\"https:\\\/\\\/www.eldigitaldeasturias.com\\\/noticias\\\/category\\\/actualidad-asturias\\\/#listItem\",\"position\":2,\"name\":\"Actualidad Asturias\",\"item\":\"https:\\\/\\\/www.eldigitaldeasturias.com\\\/noticias\\\/category\\\/actualidad-asturias\\\/\",\"nextItem\":{\"@type\":\"ListItem\",\"@id\":\"https:\\\/\\\/www.eldigitaldeasturias.com\\\/noticias\\\/paz-orviz-es-elegida-nueva-gerente-de-cogersa\\\/#listItem\",\"name\":\"Paz Orviz es elegida nueva gerente de Cogersa\"},\"previousItem\":{\"@type\":\"ListItem\",\"@id\":\"https:\\\/\\\/www.eldigitaldeasturias.com\\\/noticias#listItem\",\"name\":\"Home\"}},{\"@type\":\"ListItem\",\"@id\":\"https:\\\/\\\/www.eldigitaldeasturias.com\\\/noticias\\\/paz-orviz-es-elegida-nueva-gerente-de-cogersa\\\/#listItem\",\"position\":3,\"name\":\"Paz Orviz es elegida nueva gerente de Cogersa\",\"previousItem\":{\"@type\":\"ListItem\",\"@id\":\"https:\\\/\\\/www.eldigitaldeasturias.com\\\/noticias\\\/category\\\/actualidad-asturias\\\/#listItem\",\"name\":\"Actualidad Asturias\"}}]},{\"@type\":\"Organization\",\"@id\":\"https:\\\/\\\/www.eldigitaldeasturias.com\\\/noticias\\\/#organization\",\"name\":\"El Digital de Asturias\",\"description\":\"Hemeroteca\",\"url\":\"https:\\\/\\\/www.eldigitaldeasturias.com\\\/noticias\\\/\",\"email\":\"info@eldigitaldeasturias.com\",\"telephone\":\"+34652131393\",\"logo\":{\"@type\":\"ImageObject\",\"url\":\"https:\\\/\\\/www.eldigitaldeasturias.com\\\/noticias\\\/wp-content\\\/uploads\\\/2020\\\/12\\\/EDA.jpg\",\"@id\":\"https:\\\/\\\/www.eldigitaldeasturias.com\\\/noticias\\\/paz-orviz-es-elegida-nueva-gerente-de-cogersa\\\/#organizationLogo\",\"width\":649,\"height\":297},\"image\":{\"@id\":\"https:\\\/\\\/www.eldigitaldeasturias.com\\\/noticias\\\/paz-orviz-es-elegida-nueva-gerente-de-cogersa\\\/#organizationLogo\"},\"sameAs\":[\"https:\\\/\\\/facebook.com\\\/eldigitaldeasturias\",\"https:\\\/\\\/www.youtube.com\\\/channel\\\/UCZP-2wLEB9Rv6erhFmqVnvg\"],\"address\":{\"@id\":\"https:\\\/\\\/www.eldigitaldeasturias.com\\\/noticias\\\/#postaladdress\",\"@type\":\"PostalAddress\",\"streetAddress\":\"san antonio 4,\",\"postalCode\":\"33430\",\"addressLocality\":\"Cand\\u00e1s\",\"addressRegion\":\"Asturias\",\"addressCountry\":\"ES\"}},{\"@type\":\"Person\",\"@id\":\"https:\\\/\\\/www.eldigitaldeasturias.com\\\/noticias\\\/author\\\/admin\\\/#author\",\"url\":\"https:\\\/\\\/www.eldigitaldeasturias.com\\\/noticias\\\/author\\\/admin\\\/\",\"name\":\"El Digital de Asturias\",\"image\":{\"@type\":\"ImageObject\",\"@id\":\"https:\\\/\\\/www.eldigitaldeasturias.com\\\/noticias\\\/paz-orviz-es-elegida-nueva-gerente-de-cogersa\\\/#authorImage\",\"url\":\"https:\\\/\\\/www.eldigitaldeasturias.com\\\/noticias\\\/wp-content\\\/litespeed\\\/avatar\\\/18677e78aa0546b92d9dbf31ec7d7668.jpg?ver=1776685526\",\"width\":96,\"height\":96,\"caption\":\"El Digital de Asturias\"}},{\"@type\":\"WebPage\",\"@id\":\"https:\\\/\\\/www.eldigitaldeasturias.com\\\/noticias\\\/paz-orviz-es-elegida-nueva-gerente-de-cogersa\\\/#webpage\",\"url\":\"https:\\\/\\\/www.eldigitaldeasturias.com\\\/noticias\\\/paz-orviz-es-elegida-nueva-gerente-de-cogersa\\\/\",\"name\":\"Paz Orviz es elegida nueva gerente de Cogersa - El Digital de Asturias\",\"description\":\"El consejo de administraci\\u00f3n de Cogersa ha elegido hoy a Paz Orviz Ib\\u00e1\\u00f1ez nueva gerente del Consorcio para la Gesti\\u00f3n de los Residuos S\\u00f3lidos de Asturias (Cogersa) en sustituci\\u00f3n de Santiago Fern\\u00e1ndez, que se ha mantenido al frente de la entidad desde 1983 y que ahora se jubila. Paz Orviz Ib\\u00e1\\u00f1ez (Gij\\u00f3n, 1969), actual directora\",\"inLanguage\":\"es-ES\",\"isPartOf\":{\"@id\":\"https:\\\/\\\/www.eldigitaldeasturias.com\\\/noticias\\\/#website\"},\"breadcrumb\":{\"@id\":\"https:\\\/\\\/www.eldigitaldeasturias.com\\\/noticias\\\/paz-orviz-es-elegida-nueva-gerente-de-cogersa\\\/#breadcrumblist\"},\"author\":{\"@id\":\"https:\\\/\\\/www.eldigitaldeasturias.com\\\/noticias\\\/author\\\/admin\\\/#author\"},\"creator\":{\"@id\":\"https:\\\/\\\/www.eldigitaldeasturias.com\\\/noticias\\\/author\\\/admin\\\/#author\"},\"image\":{\"@type\":\"ImageObject\",\"url\":\"https:\\\/\\\/www.eldigitaldeasturias.com\\\/noticias\\\/wp-content\\\/uploads\\\/2020\\\/09\\\/Cogersa.jpg\",\"@id\":\"https:\\\/\\\/www.eldigitaldeasturias.com\\\/noticias\\\/paz-orviz-es-elegida-nueva-gerente-de-cogersa\\\/#mainImage\",\"width\":1020,\"height\":659,\"caption\":\"Consejo administraci\\u00f3n Cogersa\"},\"primaryImageOfPage\":{\"@id\":\"https:\\\/\\\/www.eldigitaldeasturias.com\\\/noticias\\\/paz-orviz-es-elegida-nueva-gerente-de-cogersa\\\/#mainImage\"},\"datePublished\":\"2020-09-25T12:55:29+02:00\",\"dateModified\":\"2020-09-25T12:55:29+02:00\"},{\"@type\":\"WebSite\",\"@id\":\"https:\\\/\\\/www.eldigitaldeasturias.com\\\/noticias\\\/#website\",\"url\":\"https:\\\/\\\/www.eldigitaldeasturias.com\\\/noticias\\\/\",\"name\":\"El Digital de Asturias - Diario de actualidad y noticias\",\"alternateName\":\"El Digital de Asturias - Diario de actualidad y noticias\",\"description\":\"Hemeroteca\",\"inLanguage\":\"es-ES\",\"publisher\":{\"@id\":\"https:\\\/\\\/www.eldigitaldeasturias.com\\\/noticias\\\/#organization\"}}]}\n\t\t<\/script>\n\t\t<!-- All in One SEO Pro -->\r\n\t\t<title>Paz Orviz es elegida nueva gerente de Cogersa - El Digital de Asturias<\/title>\n\n","aioseo_head_json":{"title":"Paz Orviz es elegida nueva gerente de Cogersa - El Digital de Asturias","description":"El consejo de administraci\u00f3n de Cogersa ha elegido hoy a Paz Orviz Ib\u00e1\u00f1ez nueva gerente del Consorcio para la Gesti\u00f3n de los Residuos S\u00f3lidos de Asturias (Cogersa) en sustituci\u00f3n de Santiago Fern\u00e1ndez, que se ha mantenido al frente de la entidad desde 1983 y que ahora se jubila. Paz Orviz Ib\u00e1\u00f1ez (Gij\u00f3n, 1969), actual directora","canonical_url":"https:\/\/www.eldigitaldeasturias.com\/noticias\/paz-orviz-es-elegida-nueva-gerente-de-cogersa\/","robots":"max-image-preview:large","keywords":"actualidad asturias,destacadas","webmasterTools":{"google-site-verification":"UA-38556648-1","msvalidate.01":"7dfe9f3f1b24437ab69f4f2559babe99","miscellaneous":""},"schema":{"@context":"https:\/\/schema.org","@graph":[{"@type":"BlogPosting","@id":"https:\/\/www.eldigitaldeasturias.com\/noticias\/paz-orviz-es-elegida-nueva-gerente-de-cogersa\/#blogposting","name":"Paz Orviz es elegida nueva gerente de Cogersa - El Digital de Asturias","headline":"Paz Orviz es elegida nueva gerente de Cogersa","author":{"@id":"https:\/\/www.eldigitaldeasturias.com\/noticias\/author\/admin\/#author"},"publisher":{"@id":"https:\/\/www.eldigitaldeasturias.com\/noticias\/#organization"},"image":{"@type":"ImageObject","url":"https:\/\/www.eldigitaldeasturias.com\/noticias\/wp-content\/uploads\/2020\/09\/Cogersa.jpg","width":1020,"height":659,"caption":"Consejo administraci\u00f3n Cogersa"},"datePublished":"2020-09-25T12:55:29+02:00","dateModified":"2020-09-25T12:55:29+02:00","inLanguage":"es-ES","mainEntityOfPage":{"@id":"https:\/\/www.eldigitaldeasturias.com\/noticias\/paz-orviz-es-elegida-nueva-gerente-de-cogersa\/#webpage"},"isPartOf":{"@id":"https:\/\/www.eldigitaldeasturias.com\/noticias\/paz-orviz-es-elegida-nueva-gerente-de-cogersa\/#webpage"},"articleSection":"Actualidad Asturias, Destacadas"},{"@type":"BreadcrumbList","@id":"https:\/\/www.eldigitaldeasturias.com\/noticias\/paz-orviz-es-elegida-nueva-gerente-de-cogersa\/#breadcrumblist","itemListElement":[{"@type":"ListItem","@id":"https:\/\/www.eldigitaldeasturias.com\/noticias#listItem","position":1,"name":"Home","item":"https:\/\/www.eldigitaldeasturias.com\/noticias","nextItem":{"@type":"ListItem","@id":"https:\/\/www.eldigitaldeasturias.com\/noticias\/category\/actualidad-asturias\/#listItem","name":"Actualidad Asturias"}},{"@type":"ListItem","@id":"https:\/\/www.eldigitaldeasturias.com\/noticias\/category\/actualidad-asturias\/#listItem","position":2,"name":"Actualidad Asturias","item":"https:\/\/www.eldigitaldeasturias.com\/noticias\/category\/actualidad-asturias\/","nextItem":{"@type":"ListItem","@id":"https:\/\/www.eldigitaldeasturias.com\/noticias\/paz-orviz-es-elegida-nueva-gerente-de-cogersa\/#listItem","name":"Paz Orviz es elegida nueva gerente de Cogersa"},"previousItem":{"@type":"ListItem","@id":"https:\/\/www.eldigitaldeasturias.com\/noticias#listItem","name":"Home"}},{"@type":"ListItem","@id":"https:\/\/www.eldigitaldeasturias.com\/noticias\/paz-orviz-es-elegida-nueva-gerente-de-cogersa\/#listItem","position":3,"name":"Paz Orviz es elegida nueva gerente de Cogersa","previousItem":{"@type":"ListItem","@id":"https:\/\/www.eldigitaldeasturias.com\/noticias\/category\/actualidad-asturias\/#listItem","name":"Actualidad Asturias"}}]},{"@type":"Organization","@id":"https:\/\/www.eldigitaldeasturias.com\/noticias\/#organization","name":"El Digital de Asturias","description":"Hemeroteca","url":"https:\/\/www.eldigitaldeasturias.com\/noticias\/","email":"info@eldigitaldeasturias.com","telephone":"+34652131393","logo":{"@type":"ImageObject","url":"https:\/\/www.eldigitaldeasturias.com\/noticias\/wp-content\/uploads\/2020\/12\/EDA.jpg","@id":"https:\/\/www.eldigitaldeasturias.com\/noticias\/paz-orviz-es-elegida-nueva-gerente-de-cogersa\/#organizationLogo","width":649,"height":297},"image":{"@id":"https:\/\/www.eldigitaldeasturias.com\/noticias\/paz-orviz-es-elegida-nueva-gerente-de-cogersa\/#organizationLogo"},"sameAs":["https:\/\/facebook.com\/eldigitaldeasturias","https:\/\/www.youtube.com\/channel\/UCZP-2wLEB9Rv6erhFmqVnvg"],"address":{"@id":"https:\/\/www.eldigitaldeasturias.com\/noticias\/#postaladdress","@type":"PostalAddress","streetAddress":"san antonio 4,","postalCode":"33430","addressLocality":"Cand\u00e1s","addressRegion":"Asturias","addressCountry":"ES"}},{"@type":"Person","@id":"https:\/\/www.eldigitaldeasturias.com\/noticias\/author\/admin\/#author","url":"https:\/\/www.eldigitaldeasturias.com\/noticias\/author\/admin\/","name":"El Digital de Asturias","image":{"@type":"ImageObject","@id":"https:\/\/www.eldigitaldeasturias.com\/noticias\/paz-orviz-es-elegida-nueva-gerente-de-cogersa\/#authorImage","url":"https:\/\/www.eldigitaldeasturias.com\/noticias\/wp-content\/litespeed\/avatar\/18677e78aa0546b92d9dbf31ec7d7668.jpg?ver=1776685526","width":96,"height":96,"caption":"El Digital de Asturias"}},{"@type":"WebPage","@id":"https:\/\/www.eldigitaldeasturias.com\/noticias\/paz-orviz-es-elegida-nueva-gerente-de-cogersa\/#webpage","url":"https:\/\/www.eldigitaldeasturias.com\/noticias\/paz-orviz-es-elegida-nueva-gerente-de-cogersa\/","name":"Paz Orviz es elegida nueva gerente de Cogersa - El Digital de Asturias","description":"El consejo de administraci\u00f3n de Cogersa ha elegido hoy a Paz Orviz Ib\u00e1\u00f1ez nueva gerente del Consorcio para la Gesti\u00f3n de los Residuos S\u00f3lidos de Asturias (Cogersa) en sustituci\u00f3n de Santiago Fern\u00e1ndez, que se ha mantenido al frente de la entidad desde 1983 y que ahora se jubila. Paz Orviz Ib\u00e1\u00f1ez (Gij\u00f3n, 1969), actual directora","inLanguage":"es-ES","isPartOf":{"@id":"https:\/\/www.eldigitaldeasturias.com\/noticias\/#website"},"breadcrumb":{"@id":"https:\/\/www.eldigitaldeasturias.com\/noticias\/paz-orviz-es-elegida-nueva-gerente-de-cogersa\/#breadcrumblist"},"author":{"@id":"https:\/\/www.eldigitaldeasturias.com\/noticias\/author\/admin\/#author"},"creator":{"@id":"https:\/\/www.eldigitaldeasturias.com\/noticias\/author\/admin\/#author"},"image":{"@type":"ImageObject","url":"https:\/\/www.eldigitaldeasturias.com\/noticias\/wp-content\/uploads\/2020\/09\/Cogersa.jpg","@id":"https:\/\/www.eldigitaldeasturias.com\/noticias\/paz-orviz-es-elegida-nueva-gerente-de-cogersa\/#mainImage","width":1020,"height":659,"caption":"Consejo administraci\u00f3n Cogersa"},"primaryImageOfPage":{"@id":"https:\/\/www.eldigitaldeasturias.com\/noticias\/paz-orviz-es-elegida-nueva-gerente-de-cogersa\/#mainImage"},"datePublished":"2020-09-25T12:55:29+02:00","dateModified":"2020-09-25T12:55:29+02:00"},{"@type":"WebSite","@id":"https:\/\/www.eldigitaldeasturias.com\/noticias\/#website","url":"https:\/\/www.eldigitaldeasturias.com\/noticias\/","name":"El Digital de Asturias - Diario de actualidad y noticias","alternateName":"El Digital de Asturias - Diario de actualidad y noticias","description":"Hemeroteca","inLanguage":"es-ES","publisher":{"@id":"https:\/\/www.eldigitaldeasturias.com\/noticias\/#organization"}}]},"og:locale":"es_ES","og:site_name":"El Digital de Asturias","og:type":"article","og:title":"Paz Orviz es elegida nueva gerente de Cogersa - El Digital de Asturias","og:description":"El consejo de administraci\u00f3n de Cogersa ha elegido hoy a Paz Orviz Ib\u00e1\u00f1ez nueva gerente del Consorcio para la Gesti\u00f3n de los Residuos S\u00f3lidos de Asturias (Cogersa) en sustituci\u00f3n de Santiago Fern\u00e1ndez, que se ha mantenido al frente de la entidad desde 1983 y que ahora se jubila. Paz Orviz Ib\u00e1\u00f1ez (Gij\u00f3n, 1969), actual directora","og:url":"https:\/\/www.eldigitaldeasturias.com\/noticias\/paz-orviz-es-elegida-nueva-gerente-de-cogersa\/","og:image":"https:\/\/www.eldigitaldeasturias.com\/noticias\/wp-content\/uploads\/2020\/09\/Cogersa.jpg","og:image:secure_url":"https:\/\/www.eldigitaldeasturias.com\/noticias\/wp-content\/uploads\/2020\/09\/Cogersa.jpg","og:image:width":1020,"og:image:height":659,"article:tag":["actualidad asturias","destacadas"],"article:published_time":"2020-09-25T12:55:29+00:00","article:modified_time":"2020-09-25T12:55:29+00:00","article:publisher":"https:\/\/facebook.com\/eldigitaldeasturias","twitter:card":"summary_large_image","twitter:title":"Paz Orviz es elegida nueva gerente de Cogersa - El Digital de Asturias","twitter:description":"El consejo de administraci\u00f3n de Cogersa ha elegido hoy a Paz Orviz Ib\u00e1\u00f1ez nueva gerente del Consorcio para la Gesti\u00f3n de los Residuos S\u00f3lidos de Asturias (Cogersa) en sustituci\u00f3n de Santiago Fern\u00e1ndez, que se ha mantenido al frente de la entidad desde 1983 y que ahora se jubila. Paz Orviz Ib\u00e1\u00f1ez (Gij\u00f3n, 1969), actual directora","twitter:image":"https:\/\/www.eldigitaldeasturias.com\/noticias\/wp-content\/uploads\/2020\/09\/Cogersa.jpg","twitter:label1":"Escrito por","twitter:data1":"El Digital de Asturias","twitter:label2":"Tiempo de lectura estimado","twitter:data2":"2 minutos"},"aioseo_meta_data":{"post_id":"1076401","title":null,"description":"","keywords":"","keyphrases":null,"primary_term":null,"canonical_url":"","og_title":null,"og_description":null,"og_object_type":"default","og_image_type":"default","og_image_url":null,"og_image_width":null,"og_image_height":null,"og_image_custom_url":null,"og_image_custom_fields":null,"og_video":null,"og_custom_url":null,"og_article_section":null,"og_article_tags":null,"twitter_use_og":false,"twitter_card":"default","twitter_image_type":"default","twitter_image_url":null,"twitter_image_custom_url":null,"twitter_image_custom_fields":null,"twitter_title":null,"twitter_description":null,"schema":{"blockGraphs":[],"customGraphs":[],"default":{"data":{"Article":[],"Course":[],"Dataset":[],"FAQPage":[],"Movie":[],"Person":[],"Product":[],"ProductReview":[],"Car":[],"Recipe":[],"Service":[],"SoftwareApplication":[],"WebPage":[]},"graphName":"","isEnabled":true},"graphs":[],"defaultGraph":"","defaultPostTypeGraph":""},"schema_type":null,"schema_type_options":null,"pillar_content":false,"robots_default":true,"robots_noindex":false,"robots_noarchive":false,"robots_nosnippet":false,"robots_nofollow":false,"robots_noimageindex":false,"robots_noodp":false,"robots_notranslate":false,"robots_max_snippet":null,"robots_max_videopreview":null,"robots_max_imagepreview":"large","priority":null,"frequency":"default","local_seo":null,"seo_analyzer_scan_date":"2025-09-13 17:12:51","breadcrumb_settings":null,"limit_modified_date":false,"open_ai":null,"ai":null,"created":"2020-12-21 10:40:05","updated":"2025-09-13 17:12:51"},"aioseo_breadcrumb":"<div class=\"aioseo-breadcrumbs\"><span class=\"aioseo-breadcrumb\">\n\t<a href=\"https:\/\/www.eldigitaldeasturias.com\/noticias\" title=\"Home\">Home<\/a>\n<\/span><span class=\"aioseo-breadcrumb-separator\">\u2013<\/span><span class=\"aioseo-breadcrumb\">\n\t<a href=\"https:\/\/www.eldigitaldeasturias.com\/noticias\/category\/actualidad-asturias\/\" title=\"Actualidad Asturias\">Actualidad Asturias<\/a>\n<\/span><span class=\"aioseo-breadcrumb-separator\">\u2013<\/span><span class=\"aioseo-breadcrumb\">\n\t<a href=\"https:\/\/www.eldigitaldeasturias.com\/noticias\/paz-orviz-es-elegida-nueva-gerente-de-cogersa\/\" title=\"Paz Orviz es elegida nueva gerente de Cogersa\">Paz Orviz es elegida nueva gerente de Cogersa<\/a>\n<\/span><\/div>","aioseo_breadcrumb_json":[{"label":"Home","link":"https:\/\/www.eldigitaldeasturias.com\/noticias"},{"label":"Actualidad Asturias","link":"https:\/\/www.eldigitaldeasturias.com\/noticias\/category\/actualidad-asturias\/"},{"label":"Paz Orviz es elegida nueva gerente de Cogersa","link":"https:\/\/www.eldigitaldeasturias.com\/noticias\/paz-orviz-es-elegida-nueva-gerente-de-cogersa\/"}],"_links":{"self":[{"href":"https:\/\/www.eldigitaldeasturias.com\/noticias\/wp-json\/wp\/v2\/posts\/1076401","targetHints":{"allow":["GET"]}}],"collection":[{"href":"https:\/\/www.eldigitaldeasturias.com\/noticias\/wp-json\/wp\/v2\/posts"}],"about":[{"href":"https:\/\/www.eldigitaldeasturias.com\/noticias\/wp-json\/wp\/v2\/types\/post"}],"author":[{"embeddable":true,"href":"https:\/\/www.eldigitaldeasturias.com\/noticias\/wp-json\/wp\/v2\/users\/1"}],"replies":[{"embeddable":true,"href":"https:\/\/www.eldigitaldeasturias.com\/noticias\/wp-json\/wp\/v2\/comments?post=1076401"}],"version-history":[{"count":0,"href":"https:\/\/www.eldigitaldeasturias.com\/noticias\/wp-json\/wp\/v2\/posts\/1076401\/revisions"}],"wp:featuredmedia":[{"embeddable":true,"href":"https:\/\/www.eldigitaldeasturias.com\/noticias\/wp-json\/wp\/v2\/media\/1076402"}],"wp:attachment":[{"href":"https:\/\/www.eldigitaldeasturias.com\/noticias\/wp-json\/wp\/v2\/media?parent=1076401"}],"wp:term":[{"taxonomy":"category","embeddable":true,"href":"https:\/\/www.eldigitaldeasturias.com\/noticias\/wp-json\/wp\/v2\/categories?post=1076401"},{"taxonomy":"post_tag","embeddable":true,"href":"https:\/\/www.eldigitaldeasturias.com\/noticias\/wp-json\/wp\/v2\/tags?post=1076401"}],"curies":[{"name":"wp","href":"https:\/\/api.w.org\/{rel}","templated":true}]}}