{"id":1075901,"date":"2020-09-15T19:51:22","date_gmt":"2020-09-15T19:51:22","guid":{"rendered":"https:\/\/www.eldigitaldeasturias.com\/noticias\/?p=1075901"},"modified":"2020-09-15T19:51:22","modified_gmt":"2020-09-15T19:51:22","slug":"semana-europea-de-la-movilidad-2020","status":"publish","type":"post","link":"https:\/\/www.eldigitaldeasturias.com\/noticias\/semana-europea-de-la-movilidad-2020\/","title":{"rendered":"Semana Europea de la Movilidad 2020"},"content":{"rendered":"<figure id=\"attachment_1075902\" aria-describedby=\"caption-attachment-1075902\" style=\"width: 360px\" class=\"wp-caption alignleft\"><img loading=\"lazy\" decoding=\"async\" class=\"size-medium wp-image-1075902\" src=\"https:\/\/www.eldigitaldeasturias.com\/noticias\/wp-content\/uploads\/2020\/09\/Movilidad-360x265.jpg\" alt=\"Semana de la Movilidad 2020\" width=\"360\" height=\"265\" srcset=\"https:\/\/www.eldigitaldeasturias.com\/noticias\/wp-content\/uploads\/2020\/09\/Movilidad-360x265.jpg 360w, https:\/\/www.eldigitaldeasturias.com\/noticias\/wp-content\/uploads\/2020\/09\/Movilidad-653x480.jpg 653w, https:\/\/www.eldigitaldeasturias.com\/noticias\/wp-content\/uploads\/2020\/09\/Movilidad-408x300.jpg 408w, https:\/\/www.eldigitaldeasturias.com\/noticias\/wp-content\/uploads\/2020\/09\/Movilidad-768x565.jpg 768w, https:\/\/www.eldigitaldeasturias.com\/noticias\/wp-content\/uploads\/2020\/09\/Movilidad-150x110.jpg 150w, https:\/\/www.eldigitaldeasturias.com\/noticias\/wp-content\/uploads\/2020\/09\/Movilidad-300x221.jpg 300w, https:\/\/www.eldigitaldeasturias.com\/noticias\/wp-content\/uploads\/2020\/09\/Movilidad-696x512.jpg 696w, https:\/\/www.eldigitaldeasturias.com\/noticias\/wp-content\/uploads\/2020\/09\/Movilidad-571x420.jpg 571w, https:\/\/www.eldigitaldeasturias.com\/noticias\/wp-content\/uploads\/2020\/09\/Movilidad-80x60.jpg 80w, https:\/\/www.eldigitaldeasturias.com\/noticias\/wp-content\/uploads\/2020\/09\/Movilidad.jpg 891w\" sizes=\"auto, (max-width: 360px) 100vw, 360px\" \/><figcaption id=\"caption-attachment-1075902\" class=\"wp-caption-text\">Foto: Eduardo Sanz &#8211; Europa Press<\/figcaption><\/figure>\n<p>(Europa Press) &#8211;\u00a0La Comisi\u00f3n Europea inicia este mi\u00e9rcoles 16 de septiembre la <strong>Semana Europea de la Movilidad<\/strong> que busca sensibilizar, tanto a responsables pol\u00edticos como a ciudadanos, sobre las consecuencias negativas que tienen el uso irracional del coche en la ciudad, tanto para la salud p\u00fablica como para el medio ambiente.<\/p>\n<p>Se trata de una iniciativa que surgi\u00f3 en Europa en 1999 y a partir del a\u00f1o 2000 cont\u00f3 con el apoyo de la Comisi\u00f3n Europea.<strong> Se celebra cada a\u00f1o, en la semana del 16 al 22 de septiembre<\/strong>, y durante este periodo se realizan actividades para promocionar la movilidad sostenible y fomentando el desarrollo de buenas pr\u00e1cticas y medidas permanentes.<\/p>\n<p>En esta edici\u00f3n, a la que anima a la participaci\u00f3n el Ministerio de Transici\u00f3n Ecol\u00f3gica espa\u00f1ol, el organismo europeo ha decidido poner como lema \u00abPor una movilidad sin emisiones\u00bb que, seg\u00fan explica la organizaci\u00f3n, refleja \u00abel ambicioso objetivo de alcanzar la neutralidad en las emisiones de carb\u00f3n para el a\u00f1o 2050, recogido en el Pacto Verde Europeo\u00bb.<\/p>\n<p>El tema tambi\u00e9n pretende resaltar la importancia de la accesibilidad a sistemas de transporte de cero emisiones y promover un sistema inclusivo para todas las personas.<\/p>\n<p>Para tratar esta cuesti\u00f3n, el Ministerio que dirige Teresa Ribera celebra una jornada en formato webinar, que se celebra este jueves 17 de septiembre, y en la que tambi\u00e9n tendr\u00e1 lugar la entrega de los Premios Semana Espa\u00f1ola de la Movilidad Sostenible (Premios SEMS 2019).<\/p>\n<p>Finalmente, el 22 de septiembre se cierra la semana con el evento &#8216;\u00a1La ciudad, Sin coche!&#8217;, que pretende encontrar nuevas soluciones a los problemas asociados al aumento del tr\u00e1fico en las ciudades.<\/p>\n<p>&nbsp;<\/p>\n","protected":false},"excerpt":{"rendered":"<p>(Europa Press) &#8211;\u00a0La Comisi\u00f3n Europea inicia este mi\u00e9rcoles 16 de septiembre la Semana Europea de la Movilidad que busca sensibilizar, tanto a responsables pol\u00edticos como a ciudadanos, sobre las consecuencias negativas que tienen el uso irracional del coche en la ciudad, tanto para la salud p\u00fablica como para el medio ambiente. Se trata de una [&hellip;]<\/p>\n","protected":false},"author":1,"featured_media":1075902,"comment_status":"closed","ping_status":"closed","sticky":false,"template":"","format":"standard","meta":{"footnotes":""},"categories":[1,141],"tags":[],"class_list":["post-1075901","post","type-post","status-publish","format-standard","has-post-thumbnail","hentry","category-actualidad","category-destacadas"],"aioseo_notices":[],"aioseo_head":"\n\t\t<!-- All in One SEO Pro 4.9.6.2 - aioseo.com -->\n\t<meta name=\"description\" content=\"(Europa Press) - La Comisi\u00f3n Europea inicia este mi\u00e9rcoles 16 de septiembre la Semana Europea de la Movilidad que busca sensibilizar, tanto a responsables pol\u00edticos como a ciudadanos, sobre las consecuencias negativas que tienen el uso irracional del coche en la ciudad, tanto para la salud p\u00fablica como para el medio ambiente. Se trata de una\" \/>\n\t<meta name=\"robots\" content=\"max-image-preview:large\" \/>\n\t<meta name=\"author\" content=\"El Digital de Asturias\"\/>\n\t<meta name=\"google-site-verification\" content=\"UA-38556648-1\" \/>\n\t<meta name=\"msvalidate.01\" content=\"7dfe9f3f1b24437ab69f4f2559babe99\" \/>\n\t<meta name=\"keywords\" content=\"actualidad,destacadas\" \/>\n\t<link rel=\"canonical\" href=\"https:\/\/www.eldigitaldeasturias.com\/noticias\/semana-europea-de-la-movilidad-2020\/\" \/>\n\t<meta name=\"generator\" content=\"All in One SEO Pro (AIOSEO) 4.9.6.2\" \/>\n\t\t<meta property=\"og:locale\" content=\"es_ES\" \/>\n\t\t<meta property=\"og:site_name\" content=\"El Digital de Asturias\" \/>\n\t\t<meta property=\"og:type\" content=\"article\" \/>\n\t\t<meta property=\"og:title\" content=\"Semana Europea de la Movilidad 2020 - El Digital de Asturias\" \/>\n\t\t<meta property=\"og:description\" content=\"(Europa Press) - La Comisi\u00f3n Europea inicia este mi\u00e9rcoles 16 de septiembre la Semana Europea de la Movilidad que busca sensibilizar, tanto a responsables pol\u00edticos como a ciudadanos, sobre las consecuencias negativas que tienen el uso irracional del coche en la ciudad, tanto para la salud p\u00fablica como para el medio ambiente. Se trata de una\" \/>\n\t\t<meta property=\"og:url\" content=\"https:\/\/www.eldigitaldeasturias.com\/noticias\/semana-europea-de-la-movilidad-2020\/\" \/>\n\t\t<meta property=\"og:image\" content=\"https:\/\/www.eldigitaldeasturias.com\/noticias\/wp-content\/uploads\/2020\/09\/Movilidad.jpg\" \/>\n\t\t<meta property=\"og:image:secure_url\" content=\"https:\/\/www.eldigitaldeasturias.com\/noticias\/wp-content\/uploads\/2020\/09\/Movilidad.jpg\" \/>\n\t\t<meta property=\"og:image:width\" content=\"891\" \/>\n\t\t<meta property=\"og:image:height\" content=\"655\" \/>\n\t\t<meta property=\"article:tag\" content=\"actualidad\" \/>\n\t\t<meta property=\"article:tag\" content=\"destacadas\" \/>\n\t\t<meta property=\"article:published_time\" content=\"2020-09-15T19:51:22+00:00\" \/>\n\t\t<meta property=\"article:modified_time\" content=\"2020-09-15T19:51:22+00:00\" \/>\n\t\t<meta property=\"article:publisher\" content=\"https:\/\/facebook.com\/eldigitaldeasturias\" \/>\n\t\t<meta name=\"twitter:card\" content=\"summary_large_image\" \/>\n\t\t<meta name=\"twitter:title\" content=\"Semana Europea de la Movilidad 2020 - El Digital de Asturias\" \/>\n\t\t<meta name=\"twitter:description\" content=\"(Europa Press) - La Comisi\u00f3n Europea inicia este mi\u00e9rcoles 16 de septiembre la Semana Europea de la Movilidad que busca sensibilizar, tanto a responsables pol\u00edticos como a ciudadanos, sobre las consecuencias negativas que tienen el uso irracional del coche en la ciudad, tanto para la salud p\u00fablica como para el medio ambiente. Se trata de una\" \/>\n\t\t<meta name=\"twitter:image\" content=\"https:\/\/www.eldigitaldeasturias.com\/noticias\/wp-content\/uploads\/2020\/09\/Movilidad.jpg\" \/>\n\t\t<meta name=\"twitter:label1\" content=\"Escrito por\" \/>\n\t\t<meta name=\"twitter:data1\" content=\"El Digital de Asturias\" \/>\n\t\t<meta name=\"twitter:label2\" content=\"Tiempo de lectura estimado\" \/>\n\t\t<meta name=\"twitter:data2\" content=\"2 minutos\" \/>\n\t\t<script type=\"application\/ld+json\" class=\"aioseo-schema\">\n\t\t\t{\"@context\":\"https:\\\/\\\/schema.org\",\"@graph\":[{\"@type\":\"BlogPosting\",\"@id\":\"https:\\\/\\\/www.eldigitaldeasturias.com\\\/noticias\\\/semana-europea-de-la-movilidad-2020\\\/#blogposting\",\"name\":\"Semana Europea de la Movilidad 2020 - El Digital de Asturias\",\"headline\":\"Semana Europea de la Movilidad 2020\",\"author\":{\"@id\":\"https:\\\/\\\/www.eldigitaldeasturias.com\\\/noticias\\\/author\\\/admin\\\/#author\"},\"publisher\":{\"@id\":\"https:\\\/\\\/www.eldigitaldeasturias.com\\\/noticias\\\/#organization\"},\"image\":{\"@type\":\"ImageObject\",\"url\":\"https:\\\/\\\/www.eldigitaldeasturias.com\\\/noticias\\\/wp-content\\\/uploads\\\/2020\\\/09\\\/Movilidad.jpg\",\"width\":891,\"height\":655,\"caption\":\"Foto: Eduardo Sanz - Europa Press\"},\"datePublished\":\"2020-09-15T19:51:22+02:00\",\"dateModified\":\"2020-09-15T19:51:22+02:00\",\"inLanguage\":\"es-ES\",\"mainEntityOfPage\":{\"@id\":\"https:\\\/\\\/www.eldigitaldeasturias.com\\\/noticias\\\/semana-europea-de-la-movilidad-2020\\\/#webpage\"},\"isPartOf\":{\"@id\":\"https:\\\/\\\/www.eldigitaldeasturias.com\\\/noticias\\\/semana-europea-de-la-movilidad-2020\\\/#webpage\"},\"articleSection\":\"Actualidad, Destacadas\"},{\"@type\":\"BreadcrumbList\",\"@id\":\"https:\\\/\\\/www.eldigitaldeasturias.com\\\/noticias\\\/semana-europea-de-la-movilidad-2020\\\/#breadcrumblist\",\"itemListElement\":[{\"@type\":\"ListItem\",\"@id\":\"https:\\\/\\\/www.eldigitaldeasturias.com\\\/noticias#listItem\",\"position\":1,\"name\":\"Home\",\"item\":\"https:\\\/\\\/www.eldigitaldeasturias.com\\\/noticias\",\"nextItem\":{\"@type\":\"ListItem\",\"@id\":\"https:\\\/\\\/www.eldigitaldeasturias.com\\\/noticias\\\/category\\\/actualidad\\\/#listItem\",\"name\":\"Actualidad\"}},{\"@type\":\"ListItem\",\"@id\":\"https:\\\/\\\/www.eldigitaldeasturias.com\\\/noticias\\\/category\\\/actualidad\\\/#listItem\",\"position\":2,\"name\":\"Actualidad\",\"item\":\"https:\\\/\\\/www.eldigitaldeasturias.com\\\/noticias\\\/category\\\/actualidad\\\/\",\"nextItem\":{\"@type\":\"ListItem\",\"@id\":\"https:\\\/\\\/www.eldigitaldeasturias.com\\\/noticias\\\/semana-europea-de-la-movilidad-2020\\\/#listItem\",\"name\":\"Semana Europea de la Movilidad 2020\"},\"previousItem\":{\"@type\":\"ListItem\",\"@id\":\"https:\\\/\\\/www.eldigitaldeasturias.com\\\/noticias#listItem\",\"name\":\"Home\"}},{\"@type\":\"ListItem\",\"@id\":\"https:\\\/\\\/www.eldigitaldeasturias.com\\\/noticias\\\/semana-europea-de-la-movilidad-2020\\\/#listItem\",\"position\":3,\"name\":\"Semana Europea de la Movilidad 2020\",\"previousItem\":{\"@type\":\"ListItem\",\"@id\":\"https:\\\/\\\/www.eldigitaldeasturias.com\\\/noticias\\\/category\\\/actualidad\\\/#listItem\",\"name\":\"Actualidad\"}}]},{\"@type\":\"Organization\",\"@id\":\"https:\\\/\\\/www.eldigitaldeasturias.com\\\/noticias\\\/#organization\",\"name\":\"El Digital de Asturias\",\"description\":\"Hemeroteca\",\"url\":\"https:\\\/\\\/www.eldigitaldeasturias.com\\\/noticias\\\/\",\"email\":\"info@eldigitaldeasturias.com\",\"telephone\":\"+34652131393\",\"logo\":{\"@type\":\"ImageObject\",\"url\":\"https:\\\/\\\/www.eldigitaldeasturias.com\\\/noticias\\\/wp-content\\\/uploads\\\/2020\\\/12\\\/EDA.jpg\",\"@id\":\"https:\\\/\\\/www.eldigitaldeasturias.com\\\/noticias\\\/semana-europea-de-la-movilidad-2020\\\/#organizationLogo\",\"width\":649,\"height\":297},\"image\":{\"@id\":\"https:\\\/\\\/www.eldigitaldeasturias.com\\\/noticias\\\/semana-europea-de-la-movilidad-2020\\\/#organizationLogo\"},\"sameAs\":[\"https:\\\/\\\/facebook.com\\\/eldigitaldeasturias\",\"https:\\\/\\\/www.youtube.com\\\/channel\\\/UCZP-2wLEB9Rv6erhFmqVnvg\"],\"address\":{\"@id\":\"https:\\\/\\\/www.eldigitaldeasturias.com\\\/noticias\\\/#postaladdress\",\"@type\":\"PostalAddress\",\"streetAddress\":\"san antonio 4,\",\"postalCode\":\"33430\",\"addressLocality\":\"Cand\\u00e1s\",\"addressRegion\":\"Asturias\",\"addressCountry\":\"ES\"}},{\"@type\":\"Person\",\"@id\":\"https:\\\/\\\/www.eldigitaldeasturias.com\\\/noticias\\\/author\\\/admin\\\/#author\",\"url\":\"https:\\\/\\\/www.eldigitaldeasturias.com\\\/noticias\\\/author\\\/admin\\\/\",\"name\":\"El Digital de Asturias\",\"image\":{\"@type\":\"ImageObject\",\"@id\":\"https:\\\/\\\/www.eldigitaldeasturias.com\\\/noticias\\\/semana-europea-de-la-movilidad-2020\\\/#authorImage\",\"url\":\"https:\\\/\\\/www.eldigitaldeasturias.com\\\/noticias\\\/wp-content\\\/litespeed\\\/avatar\\\/18677e78aa0546b92d9dbf31ec7d7668.jpg?ver=1776685526\",\"width\":96,\"height\":96,\"caption\":\"El Digital de Asturias\"}},{\"@type\":\"WebPage\",\"@id\":\"https:\\\/\\\/www.eldigitaldeasturias.com\\\/noticias\\\/semana-europea-de-la-movilidad-2020\\\/#webpage\",\"url\":\"https:\\\/\\\/www.eldigitaldeasturias.com\\\/noticias\\\/semana-europea-de-la-movilidad-2020\\\/\",\"name\":\"Semana Europea de la Movilidad 2020 - El Digital de Asturias\",\"description\":\"(Europa Press) - La Comisi\\u00f3n Europea inicia este mi\\u00e9rcoles 16 de septiembre la Semana Europea de la Movilidad que busca sensibilizar, tanto a responsables pol\\u00edticos como a ciudadanos, sobre las consecuencias negativas que tienen el uso irracional del coche en la ciudad, tanto para la salud p\\u00fablica como para el medio ambiente. Se trata de una\",\"inLanguage\":\"es-ES\",\"isPartOf\":{\"@id\":\"https:\\\/\\\/www.eldigitaldeasturias.com\\\/noticias\\\/#website\"},\"breadcrumb\":{\"@id\":\"https:\\\/\\\/www.eldigitaldeasturias.com\\\/noticias\\\/semana-europea-de-la-movilidad-2020\\\/#breadcrumblist\"},\"author\":{\"@id\":\"https:\\\/\\\/www.eldigitaldeasturias.com\\\/noticias\\\/author\\\/admin\\\/#author\"},\"creator\":{\"@id\":\"https:\\\/\\\/www.eldigitaldeasturias.com\\\/noticias\\\/author\\\/admin\\\/#author\"},\"image\":{\"@type\":\"ImageObject\",\"url\":\"https:\\\/\\\/www.eldigitaldeasturias.com\\\/noticias\\\/wp-content\\\/uploads\\\/2020\\\/09\\\/Movilidad.jpg\",\"@id\":\"https:\\\/\\\/www.eldigitaldeasturias.com\\\/noticias\\\/semana-europea-de-la-movilidad-2020\\\/#mainImage\",\"width\":891,\"height\":655,\"caption\":\"Foto: Eduardo Sanz - Europa Press\"},\"primaryImageOfPage\":{\"@id\":\"https:\\\/\\\/www.eldigitaldeasturias.com\\\/noticias\\\/semana-europea-de-la-movilidad-2020\\\/#mainImage\"},\"datePublished\":\"2020-09-15T19:51:22+02:00\",\"dateModified\":\"2020-09-15T19:51:22+02:00\"},{\"@type\":\"WebSite\",\"@id\":\"https:\\\/\\\/www.eldigitaldeasturias.com\\\/noticias\\\/#website\",\"url\":\"https:\\\/\\\/www.eldigitaldeasturias.com\\\/noticias\\\/\",\"name\":\"El Digital de Asturias - Diario de actualidad y noticias\",\"alternateName\":\"El Digital de Asturias - Diario de actualidad y noticias\",\"description\":\"Hemeroteca\",\"inLanguage\":\"es-ES\",\"publisher\":{\"@id\":\"https:\\\/\\\/www.eldigitaldeasturias.com\\\/noticias\\\/#organization\"}}]}\n\t\t<\/script>\n\t\t<!-- All in One SEO Pro -->\r\n\t\t<title>Semana Europea de la Movilidad 2020 - El Digital de Asturias<\/title>\n\n","aioseo_head_json":{"title":"Semana Europea de la Movilidad 2020 - El Digital de Asturias","description":"(Europa Press) - La Comisi\u00f3n Europea inicia este mi\u00e9rcoles 16 de septiembre la Semana Europea de la Movilidad que busca sensibilizar, tanto a responsables pol\u00edticos como a ciudadanos, sobre las consecuencias negativas que tienen el uso irracional del coche en la ciudad, tanto para la salud p\u00fablica como para el medio ambiente. Se trata de una","canonical_url":"https:\/\/www.eldigitaldeasturias.com\/noticias\/semana-europea-de-la-movilidad-2020\/","robots":"max-image-preview:large","keywords":"actualidad,destacadas","webmasterTools":{"google-site-verification":"UA-38556648-1","msvalidate.01":"7dfe9f3f1b24437ab69f4f2559babe99","miscellaneous":""},"schema":{"@context":"https:\/\/schema.org","@graph":[{"@type":"BlogPosting","@id":"https:\/\/www.eldigitaldeasturias.com\/noticias\/semana-europea-de-la-movilidad-2020\/#blogposting","name":"Semana Europea de la Movilidad 2020 - El Digital de Asturias","headline":"Semana Europea de la Movilidad 2020","author":{"@id":"https:\/\/www.eldigitaldeasturias.com\/noticias\/author\/admin\/#author"},"publisher":{"@id":"https:\/\/www.eldigitaldeasturias.com\/noticias\/#organization"},"image":{"@type":"ImageObject","url":"https:\/\/www.eldigitaldeasturias.com\/noticias\/wp-content\/uploads\/2020\/09\/Movilidad.jpg","width":891,"height":655,"caption":"Foto: Eduardo Sanz - Europa Press"},"datePublished":"2020-09-15T19:51:22+02:00","dateModified":"2020-09-15T19:51:22+02:00","inLanguage":"es-ES","mainEntityOfPage":{"@id":"https:\/\/www.eldigitaldeasturias.com\/noticias\/semana-europea-de-la-movilidad-2020\/#webpage"},"isPartOf":{"@id":"https:\/\/www.eldigitaldeasturias.com\/noticias\/semana-europea-de-la-movilidad-2020\/#webpage"},"articleSection":"Actualidad, Destacadas"},{"@type":"BreadcrumbList","@id":"https:\/\/www.eldigitaldeasturias.com\/noticias\/semana-europea-de-la-movilidad-2020\/#breadcrumblist","itemListElement":[{"@type":"ListItem","@id":"https:\/\/www.eldigitaldeasturias.com\/noticias#listItem","position":1,"name":"Home","item":"https:\/\/www.eldigitaldeasturias.com\/noticias","nextItem":{"@type":"ListItem","@id":"https:\/\/www.eldigitaldeasturias.com\/noticias\/category\/actualidad\/#listItem","name":"Actualidad"}},{"@type":"ListItem","@id":"https:\/\/www.eldigitaldeasturias.com\/noticias\/category\/actualidad\/#listItem","position":2,"name":"Actualidad","item":"https:\/\/www.eldigitaldeasturias.com\/noticias\/category\/actualidad\/","nextItem":{"@type":"ListItem","@id":"https:\/\/www.eldigitaldeasturias.com\/noticias\/semana-europea-de-la-movilidad-2020\/#listItem","name":"Semana Europea de la Movilidad 2020"},"previousItem":{"@type":"ListItem","@id":"https:\/\/www.eldigitaldeasturias.com\/noticias#listItem","name":"Home"}},{"@type":"ListItem","@id":"https:\/\/www.eldigitaldeasturias.com\/noticias\/semana-europea-de-la-movilidad-2020\/#listItem","position":3,"name":"Semana Europea de la Movilidad 2020","previousItem":{"@type":"ListItem","@id":"https:\/\/www.eldigitaldeasturias.com\/noticias\/category\/actualidad\/#listItem","name":"Actualidad"}}]},{"@type":"Organization","@id":"https:\/\/www.eldigitaldeasturias.com\/noticias\/#organization","name":"El Digital de Asturias","description":"Hemeroteca","url":"https:\/\/www.eldigitaldeasturias.com\/noticias\/","email":"info@eldigitaldeasturias.com","telephone":"+34652131393","logo":{"@type":"ImageObject","url":"https:\/\/www.eldigitaldeasturias.com\/noticias\/wp-content\/uploads\/2020\/12\/EDA.jpg","@id":"https:\/\/www.eldigitaldeasturias.com\/noticias\/semana-europea-de-la-movilidad-2020\/#organizationLogo","width":649,"height":297},"image":{"@id":"https:\/\/www.eldigitaldeasturias.com\/noticias\/semana-europea-de-la-movilidad-2020\/#organizationLogo"},"sameAs":["https:\/\/facebook.com\/eldigitaldeasturias","https:\/\/www.youtube.com\/channel\/UCZP-2wLEB9Rv6erhFmqVnvg"],"address":{"@id":"https:\/\/www.eldigitaldeasturias.com\/noticias\/#postaladdress","@type":"PostalAddress","streetAddress":"san antonio 4,","postalCode":"33430","addressLocality":"Cand\u00e1s","addressRegion":"Asturias","addressCountry":"ES"}},{"@type":"Person","@id":"https:\/\/www.eldigitaldeasturias.com\/noticias\/author\/admin\/#author","url":"https:\/\/www.eldigitaldeasturias.com\/noticias\/author\/admin\/","name":"El Digital de Asturias","image":{"@type":"ImageObject","@id":"https:\/\/www.eldigitaldeasturias.com\/noticias\/semana-europea-de-la-movilidad-2020\/#authorImage","url":"https:\/\/www.eldigitaldeasturias.com\/noticias\/wp-content\/litespeed\/avatar\/18677e78aa0546b92d9dbf31ec7d7668.jpg?ver=1776685526","width":96,"height":96,"caption":"El Digital de Asturias"}},{"@type":"WebPage","@id":"https:\/\/www.eldigitaldeasturias.com\/noticias\/semana-europea-de-la-movilidad-2020\/#webpage","url":"https:\/\/www.eldigitaldeasturias.com\/noticias\/semana-europea-de-la-movilidad-2020\/","name":"Semana Europea de la Movilidad 2020 - El Digital de Asturias","description":"(Europa Press) - La Comisi\u00f3n Europea inicia este mi\u00e9rcoles 16 de septiembre la Semana Europea de la Movilidad que busca sensibilizar, tanto a responsables pol\u00edticos como a ciudadanos, sobre las consecuencias negativas que tienen el uso irracional del coche en la ciudad, tanto para la salud p\u00fablica como para el medio ambiente. Se trata de una","inLanguage":"es-ES","isPartOf":{"@id":"https:\/\/www.eldigitaldeasturias.com\/noticias\/#website"},"breadcrumb":{"@id":"https:\/\/www.eldigitaldeasturias.com\/noticias\/semana-europea-de-la-movilidad-2020\/#breadcrumblist"},"author":{"@id":"https:\/\/www.eldigitaldeasturias.com\/noticias\/author\/admin\/#author"},"creator":{"@id":"https:\/\/www.eldigitaldeasturias.com\/noticias\/author\/admin\/#author"},"image":{"@type":"ImageObject","url":"https:\/\/www.eldigitaldeasturias.com\/noticias\/wp-content\/uploads\/2020\/09\/Movilidad.jpg","@id":"https:\/\/www.eldigitaldeasturias.com\/noticias\/semana-europea-de-la-movilidad-2020\/#mainImage","width":891,"height":655,"caption":"Foto: Eduardo Sanz - Europa Press"},"primaryImageOfPage":{"@id":"https:\/\/www.eldigitaldeasturias.com\/noticias\/semana-europea-de-la-movilidad-2020\/#mainImage"},"datePublished":"2020-09-15T19:51:22+02:00","dateModified":"2020-09-15T19:51:22+02:00"},{"@type":"WebSite","@id":"https:\/\/www.eldigitaldeasturias.com\/noticias\/#website","url":"https:\/\/www.eldigitaldeasturias.com\/noticias\/","name":"El Digital de Asturias - Diario de actualidad y noticias","alternateName":"El Digital de Asturias - Diario de actualidad y noticias","description":"Hemeroteca","inLanguage":"es-ES","publisher":{"@id":"https:\/\/www.eldigitaldeasturias.com\/noticias\/#organization"}}]},"og:locale":"es_ES","og:site_name":"El Digital de Asturias","og:type":"article","og:title":"Semana Europea de la Movilidad 2020 - El Digital de Asturias","og:description":"(Europa Press) - La Comisi\u00f3n Europea inicia este mi\u00e9rcoles 16 de septiembre la Semana Europea de la Movilidad que busca sensibilizar, tanto a responsables pol\u00edticos como a ciudadanos, sobre las consecuencias negativas que tienen el uso irracional del coche en la ciudad, tanto para la salud p\u00fablica como para el medio ambiente. Se trata de una","og:url":"https:\/\/www.eldigitaldeasturias.com\/noticias\/semana-europea-de-la-movilidad-2020\/","og:image":"https:\/\/www.eldigitaldeasturias.com\/noticias\/wp-content\/uploads\/2020\/09\/Movilidad.jpg","og:image:secure_url":"https:\/\/www.eldigitaldeasturias.com\/noticias\/wp-content\/uploads\/2020\/09\/Movilidad.jpg","og:image:width":891,"og:image:height":655,"article:tag":["actualidad","destacadas"],"article:published_time":"2020-09-15T19:51:22+00:00","article:modified_time":"2020-09-15T19:51:22+00:00","article:publisher":"https:\/\/facebook.com\/eldigitaldeasturias","twitter:card":"summary_large_image","twitter:title":"Semana Europea de la Movilidad 2020 - El Digital de Asturias","twitter:description":"(Europa Press) - La Comisi\u00f3n Europea inicia este mi\u00e9rcoles 16 de septiembre la Semana Europea de la Movilidad que busca sensibilizar, tanto a responsables pol\u00edticos como a ciudadanos, sobre las consecuencias negativas que tienen el uso irracional del coche en la ciudad, tanto para la salud p\u00fablica como para el medio ambiente. Se trata de una","twitter:image":"https:\/\/www.eldigitaldeasturias.com\/noticias\/wp-content\/uploads\/2020\/09\/Movilidad.jpg","twitter:label1":"Escrito por","twitter:data1":"El Digital de Asturias","twitter:label2":"Tiempo de lectura estimado","twitter:data2":"2 minutos"},"aioseo_meta_data":{"post_id":"1075901","title":null,"description":"","keywords":"","keyphrases":null,"primary_term":null,"canonical_url":"","og_title":null,"og_description":null,"og_object_type":"default","og_image_type":"default","og_image_url":null,"og_image_width":null,"og_image_height":null,"og_image_custom_url":null,"og_image_custom_fields":null,"og_video":null,"og_custom_url":null,"og_article_section":null,"og_article_tags":null,"twitter_use_og":false,"twitter_card":"default","twitter_image_type":"default","twitter_image_url":null,"twitter_image_custom_url":null,"twitter_image_custom_fields":null,"twitter_title":null,"twitter_description":null,"schema":{"blockGraphs":[],"customGraphs":[],"default":{"data":{"Article":[],"Course":[],"Dataset":[],"FAQPage":[],"Movie":[],"Person":[],"Product":[],"ProductReview":[],"Car":[],"Recipe":[],"Service":[],"SoftwareApplication":[],"WebPage":[]},"graphName":"","isEnabled":true},"graphs":[],"defaultGraph":"","defaultPostTypeGraph":""},"schema_type":null,"schema_type_options":null,"pillar_content":false,"robots_default":true,"robots_noindex":false,"robots_noarchive":false,"robots_nosnippet":false,"robots_nofollow":false,"robots_noimageindex":false,"robots_noodp":false,"robots_notranslate":false,"robots_max_snippet":null,"robots_max_videopreview":null,"robots_max_imagepreview":"large","priority":null,"frequency":"default","local_seo":null,"seo_analyzer_scan_date":"2025-09-13 15:50:53","breadcrumb_settings":null,"limit_modified_date":false,"open_ai":null,"ai":null,"created":"2020-12-21 10:40:18","updated":"2025-09-13 15:50:53"},"aioseo_breadcrumb":"<div class=\"aioseo-breadcrumbs\"><span class=\"aioseo-breadcrumb\">\n\t<a href=\"https:\/\/www.eldigitaldeasturias.com\/noticias\" title=\"Home\">Home<\/a>\n<\/span><span class=\"aioseo-breadcrumb-separator\">\u2013<\/span><span class=\"aioseo-breadcrumb\">\n\t<a href=\"https:\/\/www.eldigitaldeasturias.com\/noticias\/category\/actualidad\/\" title=\"Actualidad\">Actualidad<\/a>\n<\/span><span class=\"aioseo-breadcrumb-separator\">\u2013<\/span><span class=\"aioseo-breadcrumb\">\n\t<a href=\"https:\/\/www.eldigitaldeasturias.com\/noticias\/semana-europea-de-la-movilidad-2020\/\" title=\"Semana Europea de la Movilidad 2020\">Semana Europea de la Movilidad 2020<\/a>\n<\/span><\/div>","aioseo_breadcrumb_json":[{"label":"Home","link":"https:\/\/www.eldigitaldeasturias.com\/noticias"},{"label":"Actualidad","link":"https:\/\/www.eldigitaldeasturias.com\/noticias\/category\/actualidad\/"},{"label":"Semana Europea de la Movilidad 2020","link":"https:\/\/www.eldigitaldeasturias.com\/noticias\/semana-europea-de-la-movilidad-2020\/"}],"_links":{"self":[{"href":"https:\/\/www.eldigitaldeasturias.com\/noticias\/wp-json\/wp\/v2\/posts\/1075901","targetHints":{"allow":["GET"]}}],"collection":[{"href":"https:\/\/www.eldigitaldeasturias.com\/noticias\/wp-json\/wp\/v2\/posts"}],"about":[{"href":"https:\/\/www.eldigitaldeasturias.com\/noticias\/wp-json\/wp\/v2\/types\/post"}],"author":[{"embeddable":true,"href":"https:\/\/www.eldigitaldeasturias.com\/noticias\/wp-json\/wp\/v2\/users\/1"}],"replies":[{"embeddable":true,"href":"https:\/\/www.eldigitaldeasturias.com\/noticias\/wp-json\/wp\/v2\/comments?post=1075901"}],"version-history":[{"count":0,"href":"https:\/\/www.eldigitaldeasturias.com\/noticias\/wp-json\/wp\/v2\/posts\/1075901\/revisions"}],"wp:featuredmedia":[{"embeddable":true,"href":"https:\/\/www.eldigitaldeasturias.com\/noticias\/wp-json\/wp\/v2\/media\/1075902"}],"wp:attachment":[{"href":"https:\/\/www.eldigitaldeasturias.com\/noticias\/wp-json\/wp\/v2\/media?parent=1075901"}],"wp:term":[{"taxonomy":"category","embeddable":true,"href":"https:\/\/www.eldigitaldeasturias.com\/noticias\/wp-json\/wp\/v2\/categories?post=1075901"},{"taxonomy":"post_tag","embeddable":true,"href":"https:\/\/www.eldigitaldeasturias.com\/noticias\/wp-json\/wp\/v2\/tags?post=1075901"}],"curies":[{"name":"wp","href":"https:\/\/api.w.org\/{rel}","templated":true}]}}