{"id":1075880,"date":"2020-09-15T15:13:40","date_gmt":"2020-09-15T15:13:40","guid":{"rendered":"https:\/\/www.eldigitaldeasturias.com\/noticias\/?p=1075880"},"modified":"2020-09-15T15:13:40","modified_gmt":"2020-09-15T15:13:40","slug":"no-es-necesario-justificar-la-decision-de-no-tener-hijos","status":"publish","type":"post","link":"https:\/\/www.eldigitaldeasturias.com\/noticias\/no-es-necesario-justificar-la-decision-de-no-tener-hijos\/","title":{"rendered":"No es necesario justificar la decisi\u00f3n de no tener hijos"},"content":{"rendered":"<figure id=\"attachment_1075881\" aria-describedby=\"caption-attachment-1075881\" style=\"width: 360px\" class=\"wp-caption alignleft\"><img loading=\"lazy\" decoding=\"async\" class=\"size-medium wp-image-1075881\" src=\"https:\/\/www.eldigitaldeasturias.com\/noticias\/wp-content\/uploads\/2020\/09\/familias-360x240.jpg\" alt=\"Comunidades Familia Tendencias\" width=\"360\" height=\"240\" srcset=\"https:\/\/www.eldigitaldeasturias.com\/noticias\/wp-content\/uploads\/2020\/09\/familias-360x240.jpg 360w, https:\/\/www.eldigitaldeasturias.com\/noticias\/wp-content\/uploads\/2020\/09\/familias-690x460.jpg 690w, https:\/\/www.eldigitaldeasturias.com\/noticias\/wp-content\/uploads\/2020\/09\/familias-450x300.jpg 450w, https:\/\/www.eldigitaldeasturias.com\/noticias\/wp-content\/uploads\/2020\/09\/familias-768x512.jpg 768w, https:\/\/www.eldigitaldeasturias.com\/noticias\/wp-content\/uploads\/2020\/09\/familias-150x100.jpg 150w, https:\/\/www.eldigitaldeasturias.com\/noticias\/wp-content\/uploads\/2020\/09\/familias-300x200.jpg 300w, https:\/\/www.eldigitaldeasturias.com\/noticias\/wp-content\/uploads\/2020\/09\/familias-696x464.jpg 696w, https:\/\/www.eldigitaldeasturias.com\/noticias\/wp-content\/uploads\/2020\/09\/familias-630x420.jpg 630w, https:\/\/www.eldigitaldeasturias.com\/noticias\/wp-content\/uploads\/2020\/09\/familias.jpg 1010w\" sizes=\"auto, (max-width: 360px) 100vw, 360px\" \/><figcaption id=\"caption-attachment-1075881\" class=\"wp-caption-text\">Las personas que no desean tener hijos se ven sometidas con frecuencia a la presi\u00f3n de tener que justificar sus motivos. Foto: Christin Klose\/dpa<\/figcaption><\/figure>\n<p>(dpa) &#8211; \u00abEso piensas ahora. Espera y ver\u00e1s\u00bb o \u00abM\u00e1s adelante lo vas a lamentar\u00bb. Cuando alguien dice que no quiere tener hijos, se suele topar con incomprensi\u00f3n cuando no con rechazo total. <strong>No tener hijos a muchos les parece raro o, incluso, contra natura<\/strong>.<\/p>\n<p>Quien no quiera tener hijos muchas veces se tiene que justificar. Eso vale tanto para hombres como para mujeres, explica la profesora<strong> Paula-Irene Villa Braslavsky<\/strong>, que dirige la c\u00e1tedra de sociolog\u00eda y estudios de g\u00e9nero en la Universidad Ludwig Maximilian de M\u00fanich. Sin embargo, hay claras diferencias.<\/p>\n<h3>Los hombres pueden vivir una vida plena sin hijos<\/h3>\n<p>Si un hombre no tiene o no quiere tener hijos, no le piden explicaciones. \u00abPero hay otros aspectos en la vida plena de un hombre que sustituyen al hijo propio\u00bb, dice Villa.<\/p>\n<p>Entre ellos figuran, por ejemplo, una carrera exitosa u otros s\u00edmbolos de estatus. Se escucha mucho, por ejemplo: \u00abNo tiene familia, pero es un escritor prestigioso\u00bb.<strong> \u00abEntonces se considera leg\u00edtimo y se acepta y no lleva a que sea cuestionada su hombr\u00eda\u00bb, explica Villa<\/strong>.<\/p>\n<h3>La vida de una mujer se completa con hijos<\/h3>\n<p>Seg\u00fan la soci\u00f3loga, en el caso de las mujeres es diferente. \u00abEn ese caso se da mucho m\u00e1s por sentada la disposici\u00f3n biol\u00f3gica: el \u00fatero determina a la mujer por naturaleza\u00bb. A las mujeres se les atribuyen caracter\u00edsticas de cuidado y comunicaci\u00f3n en relaci\u00f3n a las necesidades de otros.<\/p>\n<p>Y eso, seg\u00fan Villa, marca tanto la elecci\u00f3n de la profesi\u00f3n como la distribuci\u00f3n de las tareas con la pareja. Y tambi\u00e9n la idea de que la vida de una mujer se completa reci\u00e9n cuando tiene hijos.<\/p>\n<p>Pero justamente esas ideas son las que a muchas mujeres les quitan las ganas de tener hijos, explica la escritora y activista Sarah Diehl. Para su libro \u00abEl reloj biol\u00f3gico que no funciona: felicidad sin hijos\u00bb habl\u00f3 con muchas mujeres que no tienen hijos.<\/p>\n<p>Le llam\u00f3 la atenci\u00f3n que cuando les preguntaba por qu\u00e9 no ten\u00edan hijos, en principio los hijos no jugaban un papel importante, sino el proyecto de vida que hay detr\u00e1s.<\/p>\n<h3>Las limitaciones de los ni\u00f1os disuaden a muchas<\/h3>\n<p>Madre, padre, ni\u00f1o y la distribuci\u00f3n de roles vinculada a ello. Eso es lo que muchas mujeres ven en su entorno y que las disuade. Porque en general un ni\u00f1o para muchas mujeres significa sobre todo replegarse, tanto de las metas profesionales como en cuanto a los intereses privados.<\/p>\n<p>O sea que queda mucho por hacer, desde lo pol\u00edtico y lo social, pero tambi\u00e9n individualmente. Y seguramente llevar\u00e1 un tiempo, por lo que por ahora solo es cada uno\/a quien puede responder con las herramientas que tenga a la pregunta de las preguntas.<\/p>\n<p>Seg\u00fan Villa, <strong>no hay una \u00fanica respuesta correcta a la pregunta de si se desean tener hijos.<\/strong> \u00abNo todos pueden responder lo mismo. Tambi\u00e9n hay que tener en cuenta las circunstancias particulares de cada vida\u00bb.<\/p>\n<h3>No hay que dejarse alterar por las preguntas constantes<\/h3>\n<p>Pero hay algo que aconseja: \u00abNo hay que permitir que las personas que creen que saben m\u00e1s que nosotros nos perturben\u00bb. Porque detr\u00e1s de frases como \u00abEspera y ver\u00e1s\u00bb se suele esconder la idea de que uno no se conoce lo suficiente o no est\u00e1 en condiciones de tomar una decisi\u00f3n al respecto.<\/p>\n<p>Diehl tiene diferentes propuestas sobre c\u00f3mo responder a la pregunta de si se desean tener hijos: depende de con qui\u00e9n se est\u00e9 hablando. Una posibilidad entre amigos es responder: \u00ab\u00bfAcaso crees que los necesito?\u00bb.<\/p>\n<h3>Repreguntar o simplemente callar<\/h3>\n<p>As\u00ed se le pasa la pelota a quien pregunta. Justamente cuando la pregunta viene de parte de alguien que tiene hijos o que ya muchas veces se quej\u00f3 por la falta de sue\u00f1o, la distribuci\u00f3n de las tareas o la falta de tiempo libre, la huida hacia adelante es una buena opci\u00f3n: \u00abMe contaste tus problemas y eso me disuade\u00bb.<\/p>\n<p>En otras ocasiones, en cambio, es aconsejable dejar transcurrir la situaci\u00f3n sin reaccionar. Eso vale por ejemplo para cuando la pregunta viene de alg\u00fan familiar con una idea fija de lo que es una vida completa.<\/p>\n<p>Cuando el que pregunta muestra un inter\u00e9s real, Diehl aconseja responder lo m\u00e1s sinceramente posible. Por ejemplo: \u00abNo quiero tener hijos porque quiero mantener mis tiempos libres\u00bb.<\/p>\n<p>Claro que entonces hay que tener en cuenta que uno va a tener que demostrar todo el tiempo que no es un egoista. Muchas veces lo mejor es repreguntar de la siguiente manera: <strong>\u00ab\u00bfPor qu\u00e9 tienes o quieres hijos?\u00bb<\/strong>.<\/p>\n<p><i class=\"lang-es\"><span class=\" readonly\" title=\"\">Por Elena Zelle (dpa)<\/span><\/i><\/p>\n","protected":false},"excerpt":{"rendered":"<p>(dpa) &#8211; \u00abEso piensas ahora. Espera y ver\u00e1s\u00bb o \u00abM\u00e1s adelante lo vas a lamentar\u00bb. Cuando alguien dice que no quiere tener hijos, se suele topar con incomprensi\u00f3n cuando no con rechazo total. No tener hijos a muchos les parece raro o, incluso, contra natura. Quien no quiera tener hijos muchas veces se tiene que [&hellip;]<\/p>\n","protected":false},"author":1,"featured_media":1075881,"comment_status":"closed","ping_status":"closed","sticky":false,"template":"","format":"standard","meta":{"footnotes":""},"categories":[141,28],"tags":[],"class_list":["post-1075880","post","type-post","status-publish","format-standard","has-post-thumbnail","hentry","category-destacadas","category-sociedad"],"aioseo_notices":[],"aioseo_head":"\n\t\t<!-- All in One SEO Pro 4.9.6.2 - aioseo.com -->\n\t<meta name=\"description\" content=\"(dpa) - &quot;Eso piensas ahora. Espera y ver\u00e1s&quot; o &quot;M\u00e1s adelante lo vas a lamentar&quot;. Cuando alguien dice que no quiere tener hijos, se suele topar con incomprensi\u00f3n cuando no con rechazo total. No tener hijos a muchos les parece raro o, incluso, contra natura. Quien no quiera tener hijos muchas veces se tiene que\" \/>\n\t<meta name=\"robots\" content=\"max-image-preview:large\" \/>\n\t<meta name=\"author\" content=\"El Digital de Asturias\"\/>\n\t<meta name=\"google-site-verification\" content=\"UA-38556648-1\" \/>\n\t<meta name=\"msvalidate.01\" content=\"7dfe9f3f1b24437ab69f4f2559babe99\" \/>\n\t<meta name=\"keywords\" content=\"destacadas,sociedad\" \/>\n\t<link rel=\"canonical\" href=\"https:\/\/www.eldigitaldeasturias.com\/noticias\/no-es-necesario-justificar-la-decision-de-no-tener-hijos\/\" \/>\n\t<meta name=\"generator\" content=\"All in One SEO Pro (AIOSEO) 4.9.6.2\" \/>\n\t\t<meta property=\"og:locale\" content=\"es_ES\" \/>\n\t\t<meta property=\"og:site_name\" content=\"El Digital de Asturias\" \/>\n\t\t<meta property=\"og:type\" content=\"article\" \/>\n\t\t<meta property=\"og:title\" content=\"No es necesario justificar la decisi\u00f3n de no tener hijos - El Digital de Asturias\" \/>\n\t\t<meta property=\"og:description\" content=\"(dpa) - &quot;Eso piensas ahora. Espera y ver\u00e1s&quot; o &quot;M\u00e1s adelante lo vas a lamentar&quot;. Cuando alguien dice que no quiere tener hijos, se suele topar con incomprensi\u00f3n cuando no con rechazo total. No tener hijos a muchos les parece raro o, incluso, contra natura. Quien no quiera tener hijos muchas veces se tiene que\" \/>\n\t\t<meta property=\"og:url\" content=\"https:\/\/www.eldigitaldeasturias.com\/noticias\/no-es-necesario-justificar-la-decision-de-no-tener-hijos\/\" \/>\n\t\t<meta property=\"og:image\" content=\"https:\/\/www.eldigitaldeasturias.com\/noticias\/wp-content\/uploads\/2020\/09\/familias.jpg\" \/>\n\t\t<meta property=\"og:image:secure_url\" content=\"https:\/\/www.eldigitaldeasturias.com\/noticias\/wp-content\/uploads\/2020\/09\/familias.jpg\" \/>\n\t\t<meta property=\"og:image:width\" content=\"1010\" \/>\n\t\t<meta property=\"og:image:height\" content=\"673\" \/>\n\t\t<meta property=\"article:tag\" content=\"destacadas\" \/>\n\t\t<meta property=\"article:tag\" content=\"sociedad\" \/>\n\t\t<meta property=\"article:published_time\" content=\"2020-09-15T15:13:40+00:00\" \/>\n\t\t<meta property=\"article:modified_time\" content=\"2020-09-15T15:13:40+00:00\" \/>\n\t\t<meta property=\"article:publisher\" content=\"https:\/\/facebook.com\/eldigitaldeasturias\" \/>\n\t\t<meta name=\"twitter:card\" content=\"summary_large_image\" \/>\n\t\t<meta name=\"twitter:title\" content=\"No es necesario justificar la decisi\u00f3n de no tener hijos - El Digital de Asturias\" \/>\n\t\t<meta name=\"twitter:description\" content=\"(dpa) - &quot;Eso piensas ahora. Espera y ver\u00e1s&quot; o &quot;M\u00e1s adelante lo vas a lamentar&quot;. Cuando alguien dice que no quiere tener hijos, se suele topar con incomprensi\u00f3n cuando no con rechazo total. No tener hijos a muchos les parece raro o, incluso, contra natura. Quien no quiera tener hijos muchas veces se tiene que\" \/>\n\t\t<meta name=\"twitter:image\" content=\"https:\/\/www.eldigitaldeasturias.com\/noticias\/wp-content\/uploads\/2020\/09\/familias.jpg\" \/>\n\t\t<meta name=\"twitter:label1\" content=\"Escrito por\" \/>\n\t\t<meta name=\"twitter:data1\" content=\"El Digital de Asturias\" \/>\n\t\t<meta name=\"twitter:label2\" content=\"Tiempo de lectura estimado\" \/>\n\t\t<meta name=\"twitter:data2\" content=\"4 minutos\" \/>\n\t\t<script type=\"application\/ld+json\" class=\"aioseo-schema\">\n\t\t\t{\"@context\":\"https:\\\/\\\/schema.org\",\"@graph\":[{\"@type\":\"BlogPosting\",\"@id\":\"https:\\\/\\\/www.eldigitaldeasturias.com\\\/noticias\\\/no-es-necesario-justificar-la-decision-de-no-tener-hijos\\\/#blogposting\",\"name\":\"No es necesario justificar la decisi\\u00f3n de no tener hijos - El Digital de Asturias\",\"headline\":\"No es necesario justificar la decisi\\u00f3n de no tener hijos\",\"author\":{\"@id\":\"https:\\\/\\\/www.eldigitaldeasturias.com\\\/noticias\\\/author\\\/admin\\\/#author\"},\"publisher\":{\"@id\":\"https:\\\/\\\/www.eldigitaldeasturias.com\\\/noticias\\\/#organization\"},\"image\":{\"@type\":\"ImageObject\",\"url\":\"https:\\\/\\\/www.eldigitaldeasturias.com\\\/noticias\\\/wp-content\\\/uploads\\\/2020\\\/09\\\/familias.jpg\",\"width\":1010,\"height\":673,\"caption\":\"Las personas que no desean tener hijos se ven sometidas con frecuencia a la presi\\u00f3n de tener que justificar sus motivos. Foto: Christin Klose\\\/dpa\"},\"datePublished\":\"2020-09-15T15:13:40+02:00\",\"dateModified\":\"2020-09-15T15:13:40+02:00\",\"inLanguage\":\"es-ES\",\"mainEntityOfPage\":{\"@id\":\"https:\\\/\\\/www.eldigitaldeasturias.com\\\/noticias\\\/no-es-necesario-justificar-la-decision-de-no-tener-hijos\\\/#webpage\"},\"isPartOf\":{\"@id\":\"https:\\\/\\\/www.eldigitaldeasturias.com\\\/noticias\\\/no-es-necesario-justificar-la-decision-de-no-tener-hijos\\\/#webpage\"},\"articleSection\":\"Destacadas, Sociedad\"},{\"@type\":\"BreadcrumbList\",\"@id\":\"https:\\\/\\\/www.eldigitaldeasturias.com\\\/noticias\\\/no-es-necesario-justificar-la-decision-de-no-tener-hijos\\\/#breadcrumblist\",\"itemListElement\":[{\"@type\":\"ListItem\",\"@id\":\"https:\\\/\\\/www.eldigitaldeasturias.com\\\/noticias#listItem\",\"position\":1,\"name\":\"Home\",\"item\":\"https:\\\/\\\/www.eldigitaldeasturias.com\\\/noticias\",\"nextItem\":{\"@type\":\"ListItem\",\"@id\":\"https:\\\/\\\/www.eldigitaldeasturias.com\\\/noticias\\\/category\\\/sociedad\\\/#listItem\",\"name\":\"Sociedad\"}},{\"@type\":\"ListItem\",\"@id\":\"https:\\\/\\\/www.eldigitaldeasturias.com\\\/noticias\\\/category\\\/sociedad\\\/#listItem\",\"position\":2,\"name\":\"Sociedad\",\"item\":\"https:\\\/\\\/www.eldigitaldeasturias.com\\\/noticias\\\/category\\\/sociedad\\\/\",\"nextItem\":{\"@type\":\"ListItem\",\"@id\":\"https:\\\/\\\/www.eldigitaldeasturias.com\\\/noticias\\\/no-es-necesario-justificar-la-decision-de-no-tener-hijos\\\/#listItem\",\"name\":\"No es necesario justificar la decisi\\u00f3n de no tener hijos\"},\"previousItem\":{\"@type\":\"ListItem\",\"@id\":\"https:\\\/\\\/www.eldigitaldeasturias.com\\\/noticias#listItem\",\"name\":\"Home\"}},{\"@type\":\"ListItem\",\"@id\":\"https:\\\/\\\/www.eldigitaldeasturias.com\\\/noticias\\\/no-es-necesario-justificar-la-decision-de-no-tener-hijos\\\/#listItem\",\"position\":3,\"name\":\"No es necesario justificar la decisi\\u00f3n de no tener hijos\",\"previousItem\":{\"@type\":\"ListItem\",\"@id\":\"https:\\\/\\\/www.eldigitaldeasturias.com\\\/noticias\\\/category\\\/sociedad\\\/#listItem\",\"name\":\"Sociedad\"}}]},{\"@type\":\"Organization\",\"@id\":\"https:\\\/\\\/www.eldigitaldeasturias.com\\\/noticias\\\/#organization\",\"name\":\"El Digital de Asturias\",\"description\":\"Hemeroteca\",\"url\":\"https:\\\/\\\/www.eldigitaldeasturias.com\\\/noticias\\\/\",\"email\":\"info@eldigitaldeasturias.com\",\"telephone\":\"+34652131393\",\"logo\":{\"@type\":\"ImageObject\",\"url\":\"https:\\\/\\\/www.eldigitaldeasturias.com\\\/noticias\\\/wp-content\\\/uploads\\\/2020\\\/12\\\/EDA.jpg\",\"@id\":\"https:\\\/\\\/www.eldigitaldeasturias.com\\\/noticias\\\/no-es-necesario-justificar-la-decision-de-no-tener-hijos\\\/#organizationLogo\",\"width\":649,\"height\":297},\"image\":{\"@id\":\"https:\\\/\\\/www.eldigitaldeasturias.com\\\/noticias\\\/no-es-necesario-justificar-la-decision-de-no-tener-hijos\\\/#organizationLogo\"},\"sameAs\":[\"https:\\\/\\\/facebook.com\\\/eldigitaldeasturias\",\"https:\\\/\\\/www.youtube.com\\\/channel\\\/UCZP-2wLEB9Rv6erhFmqVnvg\"],\"address\":{\"@id\":\"https:\\\/\\\/www.eldigitaldeasturias.com\\\/noticias\\\/#postaladdress\",\"@type\":\"PostalAddress\",\"streetAddress\":\"san antonio 4,\",\"postalCode\":\"33430\",\"addressLocality\":\"Cand\\u00e1s\",\"addressRegion\":\"Asturias\",\"addressCountry\":\"ES\"}},{\"@type\":\"Person\",\"@id\":\"https:\\\/\\\/www.eldigitaldeasturias.com\\\/noticias\\\/author\\\/admin\\\/#author\",\"url\":\"https:\\\/\\\/www.eldigitaldeasturias.com\\\/noticias\\\/author\\\/admin\\\/\",\"name\":\"El Digital de Asturias\",\"image\":{\"@type\":\"ImageObject\",\"@id\":\"https:\\\/\\\/www.eldigitaldeasturias.com\\\/noticias\\\/no-es-necesario-justificar-la-decision-de-no-tener-hijos\\\/#authorImage\",\"url\":\"https:\\\/\\\/www.eldigitaldeasturias.com\\\/noticias\\\/wp-content\\\/litespeed\\\/avatar\\\/18677e78aa0546b92d9dbf31ec7d7668.jpg?ver=1776685526\",\"width\":96,\"height\":96,\"caption\":\"El Digital de Asturias\"}},{\"@type\":\"WebPage\",\"@id\":\"https:\\\/\\\/www.eldigitaldeasturias.com\\\/noticias\\\/no-es-necesario-justificar-la-decision-de-no-tener-hijos\\\/#webpage\",\"url\":\"https:\\\/\\\/www.eldigitaldeasturias.com\\\/noticias\\\/no-es-necesario-justificar-la-decision-de-no-tener-hijos\\\/\",\"name\":\"No es necesario justificar la decisi\\u00f3n de no tener hijos - El Digital de Asturias\",\"description\":\"(dpa) - \\\"Eso piensas ahora. Espera y ver\\u00e1s\\\" o \\\"M\\u00e1s adelante lo vas a lamentar\\\". Cuando alguien dice que no quiere tener hijos, se suele topar con incomprensi\\u00f3n cuando no con rechazo total. No tener hijos a muchos les parece raro o, incluso, contra natura. Quien no quiera tener hijos muchas veces se tiene que\",\"inLanguage\":\"es-ES\",\"isPartOf\":{\"@id\":\"https:\\\/\\\/www.eldigitaldeasturias.com\\\/noticias\\\/#website\"},\"breadcrumb\":{\"@id\":\"https:\\\/\\\/www.eldigitaldeasturias.com\\\/noticias\\\/no-es-necesario-justificar-la-decision-de-no-tener-hijos\\\/#breadcrumblist\"},\"author\":{\"@id\":\"https:\\\/\\\/www.eldigitaldeasturias.com\\\/noticias\\\/author\\\/admin\\\/#author\"},\"creator\":{\"@id\":\"https:\\\/\\\/www.eldigitaldeasturias.com\\\/noticias\\\/author\\\/admin\\\/#author\"},\"image\":{\"@type\":\"ImageObject\",\"url\":\"https:\\\/\\\/www.eldigitaldeasturias.com\\\/noticias\\\/wp-content\\\/uploads\\\/2020\\\/09\\\/familias.jpg\",\"@id\":\"https:\\\/\\\/www.eldigitaldeasturias.com\\\/noticias\\\/no-es-necesario-justificar-la-decision-de-no-tener-hijos\\\/#mainImage\",\"width\":1010,\"height\":673,\"caption\":\"Las personas que no desean tener hijos se ven sometidas con frecuencia a la presi\\u00f3n de tener que justificar sus motivos. Foto: Christin Klose\\\/dpa\"},\"primaryImageOfPage\":{\"@id\":\"https:\\\/\\\/www.eldigitaldeasturias.com\\\/noticias\\\/no-es-necesario-justificar-la-decision-de-no-tener-hijos\\\/#mainImage\"},\"datePublished\":\"2020-09-15T15:13:40+02:00\",\"dateModified\":\"2020-09-15T15:13:40+02:00\"},{\"@type\":\"WebSite\",\"@id\":\"https:\\\/\\\/www.eldigitaldeasturias.com\\\/noticias\\\/#website\",\"url\":\"https:\\\/\\\/www.eldigitaldeasturias.com\\\/noticias\\\/\",\"name\":\"El Digital de Asturias - Diario de actualidad y noticias\",\"alternateName\":\"El Digital de Asturias - Diario de actualidad y noticias\",\"description\":\"Hemeroteca\",\"inLanguage\":\"es-ES\",\"publisher\":{\"@id\":\"https:\\\/\\\/www.eldigitaldeasturias.com\\\/noticias\\\/#organization\"}}]}\n\t\t<\/script>\n\t\t<!-- All in One SEO Pro -->\r\n\t\t<title>No es necesario justificar la decisi\u00f3n de no tener hijos - El Digital de Asturias<\/title>\n\n","aioseo_head_json":{"title":"No es necesario justificar la decisi\u00f3n de no tener hijos - El Digital de Asturias","description":"(dpa) - \"Eso piensas ahora. Espera y ver\u00e1s\" o \"M\u00e1s adelante lo vas a lamentar\". Cuando alguien dice que no quiere tener hijos, se suele topar con incomprensi\u00f3n cuando no con rechazo total. No tener hijos a muchos les parece raro o, incluso, contra natura. Quien no quiera tener hijos muchas veces se tiene que","canonical_url":"https:\/\/www.eldigitaldeasturias.com\/noticias\/no-es-necesario-justificar-la-decision-de-no-tener-hijos\/","robots":"max-image-preview:large","keywords":"destacadas,sociedad","webmasterTools":{"google-site-verification":"UA-38556648-1","msvalidate.01":"7dfe9f3f1b24437ab69f4f2559babe99","miscellaneous":""},"schema":{"@context":"https:\/\/schema.org","@graph":[{"@type":"BlogPosting","@id":"https:\/\/www.eldigitaldeasturias.com\/noticias\/no-es-necesario-justificar-la-decision-de-no-tener-hijos\/#blogposting","name":"No es necesario justificar la decisi\u00f3n de no tener hijos - El Digital de Asturias","headline":"No es necesario justificar la decisi\u00f3n de no tener hijos","author":{"@id":"https:\/\/www.eldigitaldeasturias.com\/noticias\/author\/admin\/#author"},"publisher":{"@id":"https:\/\/www.eldigitaldeasturias.com\/noticias\/#organization"},"image":{"@type":"ImageObject","url":"https:\/\/www.eldigitaldeasturias.com\/noticias\/wp-content\/uploads\/2020\/09\/familias.jpg","width":1010,"height":673,"caption":"Las personas que no desean tener hijos se ven sometidas con frecuencia a la presi\u00f3n de tener que justificar sus motivos. Foto: Christin Klose\/dpa"},"datePublished":"2020-09-15T15:13:40+02:00","dateModified":"2020-09-15T15:13:40+02:00","inLanguage":"es-ES","mainEntityOfPage":{"@id":"https:\/\/www.eldigitaldeasturias.com\/noticias\/no-es-necesario-justificar-la-decision-de-no-tener-hijos\/#webpage"},"isPartOf":{"@id":"https:\/\/www.eldigitaldeasturias.com\/noticias\/no-es-necesario-justificar-la-decision-de-no-tener-hijos\/#webpage"},"articleSection":"Destacadas, Sociedad"},{"@type":"BreadcrumbList","@id":"https:\/\/www.eldigitaldeasturias.com\/noticias\/no-es-necesario-justificar-la-decision-de-no-tener-hijos\/#breadcrumblist","itemListElement":[{"@type":"ListItem","@id":"https:\/\/www.eldigitaldeasturias.com\/noticias#listItem","position":1,"name":"Home","item":"https:\/\/www.eldigitaldeasturias.com\/noticias","nextItem":{"@type":"ListItem","@id":"https:\/\/www.eldigitaldeasturias.com\/noticias\/category\/sociedad\/#listItem","name":"Sociedad"}},{"@type":"ListItem","@id":"https:\/\/www.eldigitaldeasturias.com\/noticias\/category\/sociedad\/#listItem","position":2,"name":"Sociedad","item":"https:\/\/www.eldigitaldeasturias.com\/noticias\/category\/sociedad\/","nextItem":{"@type":"ListItem","@id":"https:\/\/www.eldigitaldeasturias.com\/noticias\/no-es-necesario-justificar-la-decision-de-no-tener-hijos\/#listItem","name":"No es necesario justificar la decisi\u00f3n de no tener hijos"},"previousItem":{"@type":"ListItem","@id":"https:\/\/www.eldigitaldeasturias.com\/noticias#listItem","name":"Home"}},{"@type":"ListItem","@id":"https:\/\/www.eldigitaldeasturias.com\/noticias\/no-es-necesario-justificar-la-decision-de-no-tener-hijos\/#listItem","position":3,"name":"No es necesario justificar la decisi\u00f3n de no tener hijos","previousItem":{"@type":"ListItem","@id":"https:\/\/www.eldigitaldeasturias.com\/noticias\/category\/sociedad\/#listItem","name":"Sociedad"}}]},{"@type":"Organization","@id":"https:\/\/www.eldigitaldeasturias.com\/noticias\/#organization","name":"El Digital de Asturias","description":"Hemeroteca","url":"https:\/\/www.eldigitaldeasturias.com\/noticias\/","email":"info@eldigitaldeasturias.com","telephone":"+34652131393","logo":{"@type":"ImageObject","url":"https:\/\/www.eldigitaldeasturias.com\/noticias\/wp-content\/uploads\/2020\/12\/EDA.jpg","@id":"https:\/\/www.eldigitaldeasturias.com\/noticias\/no-es-necesario-justificar-la-decision-de-no-tener-hijos\/#organizationLogo","width":649,"height":297},"image":{"@id":"https:\/\/www.eldigitaldeasturias.com\/noticias\/no-es-necesario-justificar-la-decision-de-no-tener-hijos\/#organizationLogo"},"sameAs":["https:\/\/facebook.com\/eldigitaldeasturias","https:\/\/www.youtube.com\/channel\/UCZP-2wLEB9Rv6erhFmqVnvg"],"address":{"@id":"https:\/\/www.eldigitaldeasturias.com\/noticias\/#postaladdress","@type":"PostalAddress","streetAddress":"san antonio 4,","postalCode":"33430","addressLocality":"Cand\u00e1s","addressRegion":"Asturias","addressCountry":"ES"}},{"@type":"Person","@id":"https:\/\/www.eldigitaldeasturias.com\/noticias\/author\/admin\/#author","url":"https:\/\/www.eldigitaldeasturias.com\/noticias\/author\/admin\/","name":"El Digital de Asturias","image":{"@type":"ImageObject","@id":"https:\/\/www.eldigitaldeasturias.com\/noticias\/no-es-necesario-justificar-la-decision-de-no-tener-hijos\/#authorImage","url":"https:\/\/www.eldigitaldeasturias.com\/noticias\/wp-content\/litespeed\/avatar\/18677e78aa0546b92d9dbf31ec7d7668.jpg?ver=1776685526","width":96,"height":96,"caption":"El Digital de Asturias"}},{"@type":"WebPage","@id":"https:\/\/www.eldigitaldeasturias.com\/noticias\/no-es-necesario-justificar-la-decision-de-no-tener-hijos\/#webpage","url":"https:\/\/www.eldigitaldeasturias.com\/noticias\/no-es-necesario-justificar-la-decision-de-no-tener-hijos\/","name":"No es necesario justificar la decisi\u00f3n de no tener hijos - El Digital de Asturias","description":"(dpa) - \"Eso piensas ahora. Espera y ver\u00e1s\" o \"M\u00e1s adelante lo vas a lamentar\". Cuando alguien dice que no quiere tener hijos, se suele topar con incomprensi\u00f3n cuando no con rechazo total. No tener hijos a muchos les parece raro o, incluso, contra natura. Quien no quiera tener hijos muchas veces se tiene que","inLanguage":"es-ES","isPartOf":{"@id":"https:\/\/www.eldigitaldeasturias.com\/noticias\/#website"},"breadcrumb":{"@id":"https:\/\/www.eldigitaldeasturias.com\/noticias\/no-es-necesario-justificar-la-decision-de-no-tener-hijos\/#breadcrumblist"},"author":{"@id":"https:\/\/www.eldigitaldeasturias.com\/noticias\/author\/admin\/#author"},"creator":{"@id":"https:\/\/www.eldigitaldeasturias.com\/noticias\/author\/admin\/#author"},"image":{"@type":"ImageObject","url":"https:\/\/www.eldigitaldeasturias.com\/noticias\/wp-content\/uploads\/2020\/09\/familias.jpg","@id":"https:\/\/www.eldigitaldeasturias.com\/noticias\/no-es-necesario-justificar-la-decision-de-no-tener-hijos\/#mainImage","width":1010,"height":673,"caption":"Las personas que no desean tener hijos se ven sometidas con frecuencia a la presi\u00f3n de tener que justificar sus motivos. Foto: Christin Klose\/dpa"},"primaryImageOfPage":{"@id":"https:\/\/www.eldigitaldeasturias.com\/noticias\/no-es-necesario-justificar-la-decision-de-no-tener-hijos\/#mainImage"},"datePublished":"2020-09-15T15:13:40+02:00","dateModified":"2020-09-15T15:13:40+02:00"},{"@type":"WebSite","@id":"https:\/\/www.eldigitaldeasturias.com\/noticias\/#website","url":"https:\/\/www.eldigitaldeasturias.com\/noticias\/","name":"El Digital de Asturias - Diario de actualidad y noticias","alternateName":"El Digital de Asturias - Diario de actualidad y noticias","description":"Hemeroteca","inLanguage":"es-ES","publisher":{"@id":"https:\/\/www.eldigitaldeasturias.com\/noticias\/#organization"}}]},"og:locale":"es_ES","og:site_name":"El Digital de Asturias","og:type":"article","og:title":"No es necesario justificar la decisi\u00f3n de no tener hijos - El Digital de Asturias","og:description":"(dpa) - &quot;Eso piensas ahora. Espera y ver\u00e1s&quot; o &quot;M\u00e1s adelante lo vas a lamentar&quot;. Cuando alguien dice que no quiere tener hijos, se suele topar con incomprensi\u00f3n cuando no con rechazo total. No tener hijos a muchos les parece raro o, incluso, contra natura. Quien no quiera tener hijos muchas veces se tiene que","og:url":"https:\/\/www.eldigitaldeasturias.com\/noticias\/no-es-necesario-justificar-la-decision-de-no-tener-hijos\/","og:image":"https:\/\/www.eldigitaldeasturias.com\/noticias\/wp-content\/uploads\/2020\/09\/familias.jpg","og:image:secure_url":"https:\/\/www.eldigitaldeasturias.com\/noticias\/wp-content\/uploads\/2020\/09\/familias.jpg","og:image:width":1010,"og:image:height":673,"article:tag":["destacadas","sociedad"],"article:published_time":"2020-09-15T15:13:40+00:00","article:modified_time":"2020-09-15T15:13:40+00:00","article:publisher":"https:\/\/facebook.com\/eldigitaldeasturias","twitter:card":"summary_large_image","twitter:title":"No es necesario justificar la decisi\u00f3n de no tener hijos - El Digital de Asturias","twitter:description":"(dpa) - &quot;Eso piensas ahora. Espera y ver\u00e1s&quot; o &quot;M\u00e1s adelante lo vas a lamentar&quot;. Cuando alguien dice que no quiere tener hijos, se suele topar con incomprensi\u00f3n cuando no con rechazo total. No tener hijos a muchos les parece raro o, incluso, contra natura. Quien no quiera tener hijos muchas veces se tiene que","twitter:image":"https:\/\/www.eldigitaldeasturias.com\/noticias\/wp-content\/uploads\/2020\/09\/familias.jpg","twitter:label1":"Escrito por","twitter:data1":"El Digital de Asturias","twitter:label2":"Tiempo de lectura estimado","twitter:data2":"4 minutos"},"aioseo_meta_data":{"post_id":"1075880","title":null,"description":"","keywords":"","keyphrases":null,"primary_term":null,"canonical_url":"","og_title":null,"og_description":null,"og_object_type":"default","og_image_type":"default","og_image_url":null,"og_image_width":null,"og_image_height":null,"og_image_custom_url":null,"og_image_custom_fields":null,"og_video":null,"og_custom_url":null,"og_article_section":null,"og_article_tags":null,"twitter_use_og":false,"twitter_card":"default","twitter_image_type":"default","twitter_image_url":null,"twitter_image_custom_url":null,"twitter_image_custom_fields":null,"twitter_title":null,"twitter_description":null,"schema":{"blockGraphs":[],"customGraphs":[],"default":{"data":{"Article":[],"Course":[],"Dataset":[],"FAQPage":[],"Movie":[],"Person":[],"Product":[],"ProductReview":[],"Car":[],"Recipe":[],"Service":[],"SoftwareApplication":[],"WebPage":[]},"graphName":"","isEnabled":true},"graphs":[],"defaultGraph":"","defaultPostTypeGraph":""},"schema_type":null,"schema_type_options":null,"pillar_content":false,"robots_default":true,"robots_noindex":false,"robots_noarchive":false,"robots_nosnippet":false,"robots_nofollow":false,"robots_noimageindex":false,"robots_noodp":false,"robots_notranslate":false,"robots_max_snippet":null,"robots_max_videopreview":null,"robots_max_imagepreview":"large","priority":null,"frequency":"default","local_seo":null,"seo_analyzer_scan_date":"2025-09-13 15:47:54","breadcrumb_settings":null,"limit_modified_date":false,"open_ai":null,"ai":null,"created":"2020-12-21 10:40:18","updated":"2025-09-13 15:47:54"},"aioseo_breadcrumb":"<div class=\"aioseo-breadcrumbs\"><span class=\"aioseo-breadcrumb\">\n\t<a href=\"https:\/\/www.eldigitaldeasturias.com\/noticias\" title=\"Home\">Home<\/a>\n<\/span><span class=\"aioseo-breadcrumb-separator\">\u2013<\/span><span class=\"aioseo-breadcrumb\">\n\t<a href=\"https:\/\/www.eldigitaldeasturias.com\/noticias\/category\/sociedad\/\" title=\"Sociedad\">Sociedad<\/a>\n<\/span><span class=\"aioseo-breadcrumb-separator\">\u2013<\/span><span class=\"aioseo-breadcrumb\">\n\t<a href=\"https:\/\/www.eldigitaldeasturias.com\/noticias\/no-es-necesario-justificar-la-decision-de-no-tener-hijos\/\" title=\"No es necesario justificar la decisi\u00f3n de no tener hijos\">No es necesario justificar la decisi\u00f3n de no tener hijos<\/a>\n<\/span><\/div>","aioseo_breadcrumb_json":[{"label":"Home","link":"https:\/\/www.eldigitaldeasturias.com\/noticias"},{"label":"Sociedad","link":"https:\/\/www.eldigitaldeasturias.com\/noticias\/category\/sociedad\/"},{"label":"No es necesario justificar la decisi\u00f3n de no tener hijos","link":"https:\/\/www.eldigitaldeasturias.com\/noticias\/no-es-necesario-justificar-la-decision-de-no-tener-hijos\/"}],"_links":{"self":[{"href":"https:\/\/www.eldigitaldeasturias.com\/noticias\/wp-json\/wp\/v2\/posts\/1075880","targetHints":{"allow":["GET"]}}],"collection":[{"href":"https:\/\/www.eldigitaldeasturias.com\/noticias\/wp-json\/wp\/v2\/posts"}],"about":[{"href":"https:\/\/www.eldigitaldeasturias.com\/noticias\/wp-json\/wp\/v2\/types\/post"}],"author":[{"embeddable":true,"href":"https:\/\/www.eldigitaldeasturias.com\/noticias\/wp-json\/wp\/v2\/users\/1"}],"replies":[{"embeddable":true,"href":"https:\/\/www.eldigitaldeasturias.com\/noticias\/wp-json\/wp\/v2\/comments?post=1075880"}],"version-history":[{"count":0,"href":"https:\/\/www.eldigitaldeasturias.com\/noticias\/wp-json\/wp\/v2\/posts\/1075880\/revisions"}],"wp:featuredmedia":[{"embeddable":true,"href":"https:\/\/www.eldigitaldeasturias.com\/noticias\/wp-json\/wp\/v2\/media\/1075881"}],"wp:attachment":[{"href":"https:\/\/www.eldigitaldeasturias.com\/noticias\/wp-json\/wp\/v2\/media?parent=1075880"}],"wp:term":[{"taxonomy":"category","embeddable":true,"href":"https:\/\/www.eldigitaldeasturias.com\/noticias\/wp-json\/wp\/v2\/categories?post=1075880"},{"taxonomy":"post_tag","embeddable":true,"href":"https:\/\/www.eldigitaldeasturias.com\/noticias\/wp-json\/wp\/v2\/tags?post=1075880"}],"curies":[{"name":"wp","href":"https:\/\/api.w.org\/{rel}","templated":true}]}}