{"id":1075727,"date":"2020-09-13T12:47:57","date_gmt":"2020-09-13T12:47:57","guid":{"rendered":"https:\/\/www.eldigitaldeasturias.com\/noticias\/?p=1075727"},"modified":"2020-09-13T12:47:57","modified_gmt":"2020-09-13T12:47:57","slug":"feijoo-sobre-el-caso-kitchen","status":"publish","type":"post","link":"https:\/\/www.eldigitaldeasturias.com\/noticias\/feijoo-sobre-el-caso-kitchen\/","title":{"rendered":"Feij\u00f3o sobre el \u00abcaso Kitchen\u00bb"},"content":{"rendered":"<figure id=\"attachment_1075728\" aria-describedby=\"caption-attachment-1075728\" style=\"width: 360px\" class=\"wp-caption alignleft\"><img loading=\"lazy\" decoding=\"async\" class=\"size-medium wp-image-1075728\" src=\"https:\/\/www.eldigitaldeasturias.com\/noticias\/wp-content\/uploads\/2020\/09\/Feijoo-360x267.jpg\" alt=\"Feij\u00f3o sobre el 'caso Kitchen'\" width=\"360\" height=\"267\" srcset=\"https:\/\/www.eldigitaldeasturias.com\/noticias\/wp-content\/uploads\/2020\/09\/Feijoo-360x267.jpg 360w, https:\/\/www.eldigitaldeasturias.com\/noticias\/wp-content\/uploads\/2020\/09\/Feijoo-647x480.jpg 647w, https:\/\/www.eldigitaldeasturias.com\/noticias\/wp-content\/uploads\/2020\/09\/Feijoo-404x300.jpg 404w, https:\/\/www.eldigitaldeasturias.com\/noticias\/wp-content\/uploads\/2020\/09\/Feijoo-768x570.jpg 768w, https:\/\/www.eldigitaldeasturias.com\/noticias\/wp-content\/uploads\/2020\/09\/Feijoo-150x111.jpg 150w, https:\/\/www.eldigitaldeasturias.com\/noticias\/wp-content\/uploads\/2020\/09\/Feijoo-300x223.jpg 300w, https:\/\/www.eldigitaldeasturias.com\/noticias\/wp-content\/uploads\/2020\/09\/Feijoo-485x360.jpg 485w, https:\/\/www.eldigitaldeasturias.com\/noticias\/wp-content\/uploads\/2020\/09\/Feijoo-696x516.jpg 696w, https:\/\/www.eldigitaldeasturias.com\/noticias\/wp-content\/uploads\/2020\/09\/Feijoo-566x420.jpg 566w, https:\/\/www.eldigitaldeasturias.com\/noticias\/wp-content\/uploads\/2020\/09\/Feijoo-80x60.jpg 80w, https:\/\/www.eldigitaldeasturias.com\/noticias\/wp-content\/uploads\/2020\/09\/Feijoo-265x198.jpg 265w, https:\/\/www.eldigitaldeasturias.com\/noticias\/wp-content\/uploads\/2020\/09\/Feijoo.jpg 899w\" sizes=\"auto, (max-width: 360px) 100vw, 360px\" \/><figcaption id=\"caption-attachment-1075728\" class=\"wp-caption-text\">Alberto N\u00fa\u00f1ez Feij\u00f3o junto al alcalde de Oviedo, Alfredo Canteli, en el interior del Hotel Reconquista, donde se celebraba el D\u00eda de Galicia en Asturias. &#8211; EUROPA PRESS.<\/figcaption><\/figure>\n<p>(EUROPA PRESS) &#8211;\u00a0El presidente de la Xunta de Galicia, el &#8216;popular&#8217; Alberto N\u00fa\u00f1ez Feij\u00f3o, ha afirmado este domingo en Oviedo en relaci\u00f3n con el conocido como &#8216;caso Kitchen&#8217; que \u00abni las \u00e9pocas ni los hechos tienen que ver con la situaci\u00f3n actual\u00bb.<\/p>\n<p><strong>En declaraciones a los medios antes de participar en la celebraci\u00f3n del D\u00eda de Galicia en Asturias<\/strong>, Feij\u00f3o ha indicado sobre la investigaci\u00f3n del supuesto espionaje con fondos p\u00fablicos al extesorero del PP, Luis B\u00e1rcenas, que su partido no va a criticar el trabajo de jueces y fiscales y que va a respetar la investigaci\u00f3n, ya que para las criticas a la justicia \u00abya est\u00e1n los partidos que forman el Gobierno de Espa\u00f1a\u00bb.<\/p>\n<p><strong>\u00abSi un juez o un fiscal entiende que hay una cosa que tiene que ser investigada h\u00e1gase\u00bb, ha se\u00f1alado el l\u00edder del PP gallego<\/strong>, que con todo ha abogado por la \u00abpresunci\u00f3n de inocencia\u00bb sobre los hechos investigados.<\/p>\n<p>Del mismo modo, ha recordado que \u00abde vez en cuando salen noticias que se identifican y se refieren siempre a los mismos hechos y a las mismas \u00e9pocas, y ni las \u00e9pocas ni los hechos tienen que ver con la situaci\u00f3n actual\u00bb, ha se\u00f1alado Feij\u00f3o, que ha indicado que en el PP ya est\u00e1n \u00abbastante acostumbrados\u00bb a que se \u00abcritique y recritique por hechos que pasaron hace m\u00e1s una d\u00e9cada\u00bb.<\/p>\n<h3>PRESUPUESTO<\/h3>\n<p>Por otro lado, preguntado sobre el posible apoyo del PP a los pr\u00f3ximo Presupuestos Generales del Estado (PGE), el l\u00edder del PP de Galicia y presidente de la Xunta ha se\u00f1alado que \u00abpara apoyar una cosa lo primero que tenemos que hacer es conocerla\u00bb.<\/p>\n<p>\u00abSi un Gobierno quiere que se apoye algo tan trascendental como las cuentas publicas, habr\u00e1 que conocer el proyecto y el PP no lo conoce, no sabemos ni si lo tienen\u00bb, ha se\u00f1alado Feij\u00f3o.<\/p>\n<h3>OURENSE<\/h3>\n<p>En relaci\u00f3n con la situaci\u00f3n pol\u00edtica en Ourense, donde el alcalde Gonzalo P\u00e9rez Jacome de Democracia Ourensana solo cuenta con el apoyo de un concejal, Feij\u00f3o ha abogado por que se resuelva la \u00abprofunda crisis institucional\u00bb que vive esta ciudad para retomar el di\u00e1logo entre gobierno auton\u00f3mico y local.<\/p>\n<p>\u00abSoy ourensano, es la tercera ciudad de Galicia y mi compromiso con Ourense sigue intacto, pero lo que es evidente es la profund\u00edsima crisis del Ayuntamiento, con solo un concejal apoyando al alcalde\u00bb, ha explicado Feij\u00f3o, que ha a\u00f1adido que un presidente auton\u00f3mico tiene que ser respetuoso con la autonom\u00eda local.<\/p>\n<p>\u00abCuando acabe la profunda crisis de gobierno en Ourense l\u00f3gicamente retomaremos la negociaci\u00f3n y el di\u00e1logo\u00bb, ha se\u00f1alado, para indicar que en este momento Ourense \u00abtiene un alcalde y un concejal que le apoya, pero una ciudad es mucho m\u00e1s que su alcalde\u00bb.<\/p>\n<p>&nbsp;<\/p>\n","protected":false},"excerpt":{"rendered":"<p>(EUROPA PRESS) &#8211;\u00a0El presidente de la Xunta de Galicia, el &#8216;popular&#8217; Alberto N\u00fa\u00f1ez Feij\u00f3o, ha afirmado este domingo en Oviedo en relaci\u00f3n con el conocido como &#8216;caso Kitchen&#8217; que \u00abni las \u00e9pocas ni los hechos tienen que ver con la situaci\u00f3n actual\u00bb. En declaraciones a los medios antes de participar en la celebraci\u00f3n del D\u00eda [&hellip;]<\/p>\n","protected":false},"author":1,"featured_media":1075728,"comment_status":"closed","ping_status":"closed","sticky":false,"template":"","format":"standard","meta":{"footnotes":""},"categories":[1,141],"tags":[],"class_list":["post-1075727","post","type-post","status-publish","format-standard","has-post-thumbnail","hentry","category-actualidad","category-destacadas"],"aioseo_notices":[],"aioseo_head":"\n\t\t<!-- All in One SEO Pro 4.9.6.2 - aioseo.com -->\n\t<meta name=\"description\" content=\"(EUROPA PRESS) - El presidente de la Xunta de Galicia, el &#039;popular&#039; Alberto N\u00fa\u00f1ez Feij\u00f3o, ha afirmado este domingo en Oviedo en relaci\u00f3n con el conocido como &#039;caso Kitchen&#039; que &quot;ni las \u00e9pocas ni los hechos tienen que ver con la situaci\u00f3n actual&quot;. En declaraciones a los medios antes de participar en la celebraci\u00f3n del D\u00eda\" \/>\n\t<meta name=\"robots\" content=\"max-image-preview:large\" \/>\n\t<meta name=\"author\" content=\"El Digital de Asturias\"\/>\n\t<meta name=\"google-site-verification\" content=\"UA-38556648-1\" \/>\n\t<meta name=\"msvalidate.01\" content=\"7dfe9f3f1b24437ab69f4f2559babe99\" \/>\n\t<meta name=\"keywords\" content=\"actualidad,destacadas\" \/>\n\t<link rel=\"canonical\" href=\"https:\/\/www.eldigitaldeasturias.com\/noticias\/feijoo-sobre-el-caso-kitchen\/\" \/>\n\t<meta name=\"generator\" content=\"All in One SEO Pro (AIOSEO) 4.9.6.2\" \/>\n\t\t<meta property=\"og:locale\" content=\"es_ES\" \/>\n\t\t<meta property=\"og:site_name\" content=\"El Digital de Asturias\" \/>\n\t\t<meta property=\"og:type\" content=\"article\" \/>\n\t\t<meta property=\"og:title\" content=\"Feij\u00f3o sobre el \u00abcaso Kitchen\u00bb - El Digital de Asturias\" \/>\n\t\t<meta property=\"og:description\" content=\"(EUROPA PRESS) - El presidente de la Xunta de Galicia, el &#039;popular&#039; Alberto N\u00fa\u00f1ez Feij\u00f3o, ha afirmado este domingo en Oviedo en relaci\u00f3n con el conocido como &#039;caso Kitchen&#039; que &quot;ni las \u00e9pocas ni los hechos tienen que ver con la situaci\u00f3n actual&quot;. En declaraciones a los medios antes de participar en la celebraci\u00f3n del D\u00eda\" \/>\n\t\t<meta property=\"og:url\" content=\"https:\/\/www.eldigitaldeasturias.com\/noticias\/feijoo-sobre-el-caso-kitchen\/\" \/>\n\t\t<meta property=\"og:image\" content=\"https:\/\/www.eldigitaldeasturias.com\/noticias\/wp-content\/uploads\/2020\/09\/Feijoo.jpg\" \/>\n\t\t<meta property=\"og:image:secure_url\" content=\"https:\/\/www.eldigitaldeasturias.com\/noticias\/wp-content\/uploads\/2020\/09\/Feijoo.jpg\" \/>\n\t\t<meta property=\"og:image:width\" content=\"899\" \/>\n\t\t<meta property=\"og:image:height\" content=\"667\" \/>\n\t\t<meta property=\"article:tag\" content=\"actualidad\" \/>\n\t\t<meta property=\"article:tag\" content=\"destacadas\" \/>\n\t\t<meta property=\"article:published_time\" content=\"2020-09-13T12:47:57+00:00\" \/>\n\t\t<meta property=\"article:modified_time\" content=\"2020-09-13T12:47:57+00:00\" \/>\n\t\t<meta property=\"article:publisher\" content=\"https:\/\/facebook.com\/eldigitaldeasturias\" \/>\n\t\t<meta name=\"twitter:card\" content=\"summary_large_image\" \/>\n\t\t<meta name=\"twitter:title\" content=\"Feij\u00f3o sobre el \u00abcaso Kitchen\u00bb - El Digital de Asturias\" \/>\n\t\t<meta name=\"twitter:description\" content=\"(EUROPA PRESS) - El presidente de la Xunta de Galicia, el &#039;popular&#039; Alberto N\u00fa\u00f1ez Feij\u00f3o, ha afirmado este domingo en Oviedo en relaci\u00f3n con el conocido como &#039;caso Kitchen&#039; que &quot;ni las \u00e9pocas ni los hechos tienen que ver con la situaci\u00f3n actual&quot;. En declaraciones a los medios antes de participar en la celebraci\u00f3n del D\u00eda\" \/>\n\t\t<meta name=\"twitter:image\" content=\"https:\/\/www.eldigitaldeasturias.com\/noticias\/wp-content\/uploads\/2020\/09\/Feijoo.jpg\" \/>\n\t\t<meta name=\"twitter:label1\" content=\"Escrito por\" \/>\n\t\t<meta name=\"twitter:data1\" content=\"El Digital de Asturias\" \/>\n\t\t<meta name=\"twitter:label2\" content=\"Tiempo de lectura estimado\" \/>\n\t\t<meta name=\"twitter:data2\" content=\"3 minutos\" \/>\n\t\t<script type=\"application\/ld+json\" class=\"aioseo-schema\">\n\t\t\t{\"@context\":\"https:\\\/\\\/schema.org\",\"@graph\":[{\"@type\":\"BlogPosting\",\"@id\":\"https:\\\/\\\/www.eldigitaldeasturias.com\\\/noticias\\\/feijoo-sobre-el-caso-kitchen\\\/#blogposting\",\"name\":\"Feij\\u00f3o sobre el \\u00abcaso Kitchen\\u00bb - El Digital de Asturias\",\"headline\":\"Feij\\u00f3o sobre el \\u00abcaso Kitchen\\u00bb\",\"author\":{\"@id\":\"https:\\\/\\\/www.eldigitaldeasturias.com\\\/noticias\\\/author\\\/admin\\\/#author\"},\"publisher\":{\"@id\":\"https:\\\/\\\/www.eldigitaldeasturias.com\\\/noticias\\\/#organization\"},\"image\":{\"@type\":\"ImageObject\",\"url\":\"https:\\\/\\\/www.eldigitaldeasturias.com\\\/noticias\\\/wp-content\\\/uploads\\\/2020\\\/09\\\/Feijoo.jpg\",\"width\":899,\"height\":667,\"caption\":\"Alberto N\\u00fa\\u00f1ez Feij\\u00f3o junto al alcalde de Oviedo, Alfredo Canteli, en el interior del Hotel Reconquista, donde se celebraba el D\\u00eda de Galicia en Asturias. - EUROPA PRESS.\"},\"datePublished\":\"2020-09-13T12:47:57+02:00\",\"dateModified\":\"2020-09-13T12:47:57+02:00\",\"inLanguage\":\"es-ES\",\"mainEntityOfPage\":{\"@id\":\"https:\\\/\\\/www.eldigitaldeasturias.com\\\/noticias\\\/feijoo-sobre-el-caso-kitchen\\\/#webpage\"},\"isPartOf\":{\"@id\":\"https:\\\/\\\/www.eldigitaldeasturias.com\\\/noticias\\\/feijoo-sobre-el-caso-kitchen\\\/#webpage\"},\"articleSection\":\"Actualidad, Destacadas\"},{\"@type\":\"BreadcrumbList\",\"@id\":\"https:\\\/\\\/www.eldigitaldeasturias.com\\\/noticias\\\/feijoo-sobre-el-caso-kitchen\\\/#breadcrumblist\",\"itemListElement\":[{\"@type\":\"ListItem\",\"@id\":\"https:\\\/\\\/www.eldigitaldeasturias.com\\\/noticias#listItem\",\"position\":1,\"name\":\"Home\",\"item\":\"https:\\\/\\\/www.eldigitaldeasturias.com\\\/noticias\",\"nextItem\":{\"@type\":\"ListItem\",\"@id\":\"https:\\\/\\\/www.eldigitaldeasturias.com\\\/noticias\\\/category\\\/actualidad\\\/#listItem\",\"name\":\"Actualidad\"}},{\"@type\":\"ListItem\",\"@id\":\"https:\\\/\\\/www.eldigitaldeasturias.com\\\/noticias\\\/category\\\/actualidad\\\/#listItem\",\"position\":2,\"name\":\"Actualidad\",\"item\":\"https:\\\/\\\/www.eldigitaldeasturias.com\\\/noticias\\\/category\\\/actualidad\\\/\",\"nextItem\":{\"@type\":\"ListItem\",\"@id\":\"https:\\\/\\\/www.eldigitaldeasturias.com\\\/noticias\\\/feijoo-sobre-el-caso-kitchen\\\/#listItem\",\"name\":\"Feij\\u00f3o sobre el \\u00abcaso Kitchen\\u00bb\"},\"previousItem\":{\"@type\":\"ListItem\",\"@id\":\"https:\\\/\\\/www.eldigitaldeasturias.com\\\/noticias#listItem\",\"name\":\"Home\"}},{\"@type\":\"ListItem\",\"@id\":\"https:\\\/\\\/www.eldigitaldeasturias.com\\\/noticias\\\/feijoo-sobre-el-caso-kitchen\\\/#listItem\",\"position\":3,\"name\":\"Feij\\u00f3o sobre el \\u00abcaso Kitchen\\u00bb\",\"previousItem\":{\"@type\":\"ListItem\",\"@id\":\"https:\\\/\\\/www.eldigitaldeasturias.com\\\/noticias\\\/category\\\/actualidad\\\/#listItem\",\"name\":\"Actualidad\"}}]},{\"@type\":\"Organization\",\"@id\":\"https:\\\/\\\/www.eldigitaldeasturias.com\\\/noticias\\\/#organization\",\"name\":\"El Digital de Asturias\",\"description\":\"Hemeroteca\",\"url\":\"https:\\\/\\\/www.eldigitaldeasturias.com\\\/noticias\\\/\",\"email\":\"info@eldigitaldeasturias.com\",\"telephone\":\"+34652131393\",\"logo\":{\"@type\":\"ImageObject\",\"url\":\"https:\\\/\\\/www.eldigitaldeasturias.com\\\/noticias\\\/wp-content\\\/uploads\\\/2020\\\/12\\\/EDA.jpg\",\"@id\":\"https:\\\/\\\/www.eldigitaldeasturias.com\\\/noticias\\\/feijoo-sobre-el-caso-kitchen\\\/#organizationLogo\",\"width\":649,\"height\":297},\"image\":{\"@id\":\"https:\\\/\\\/www.eldigitaldeasturias.com\\\/noticias\\\/feijoo-sobre-el-caso-kitchen\\\/#organizationLogo\"},\"sameAs\":[\"https:\\\/\\\/facebook.com\\\/eldigitaldeasturias\",\"https:\\\/\\\/www.youtube.com\\\/channel\\\/UCZP-2wLEB9Rv6erhFmqVnvg\"],\"address\":{\"@id\":\"https:\\\/\\\/www.eldigitaldeasturias.com\\\/noticias\\\/#postaladdress\",\"@type\":\"PostalAddress\",\"streetAddress\":\"san antonio 4,\",\"postalCode\":\"33430\",\"addressLocality\":\"Cand\\u00e1s\",\"addressRegion\":\"Asturias\",\"addressCountry\":\"ES\"}},{\"@type\":\"Person\",\"@id\":\"https:\\\/\\\/www.eldigitaldeasturias.com\\\/noticias\\\/author\\\/admin\\\/#author\",\"url\":\"https:\\\/\\\/www.eldigitaldeasturias.com\\\/noticias\\\/author\\\/admin\\\/\",\"name\":\"El Digital de Asturias\",\"image\":{\"@type\":\"ImageObject\",\"@id\":\"https:\\\/\\\/www.eldigitaldeasturias.com\\\/noticias\\\/feijoo-sobre-el-caso-kitchen\\\/#authorImage\",\"url\":\"https:\\\/\\\/www.eldigitaldeasturias.com\\\/noticias\\\/wp-content\\\/litespeed\\\/avatar\\\/18677e78aa0546b92d9dbf31ec7d7668.jpg?ver=1776685526\",\"width\":96,\"height\":96,\"caption\":\"El Digital de Asturias\"}},{\"@type\":\"WebPage\",\"@id\":\"https:\\\/\\\/www.eldigitaldeasturias.com\\\/noticias\\\/feijoo-sobre-el-caso-kitchen\\\/#webpage\",\"url\":\"https:\\\/\\\/www.eldigitaldeasturias.com\\\/noticias\\\/feijoo-sobre-el-caso-kitchen\\\/\",\"name\":\"Feij\\u00f3o sobre el \\u00abcaso Kitchen\\u00bb - El Digital de Asturias\",\"description\":\"(EUROPA PRESS) - El presidente de la Xunta de Galicia, el 'popular' Alberto N\\u00fa\\u00f1ez Feij\\u00f3o, ha afirmado este domingo en Oviedo en relaci\\u00f3n con el conocido como 'caso Kitchen' que \\\"ni las \\u00e9pocas ni los hechos tienen que ver con la situaci\\u00f3n actual\\\". En declaraciones a los medios antes de participar en la celebraci\\u00f3n del D\\u00eda\",\"inLanguage\":\"es-ES\",\"isPartOf\":{\"@id\":\"https:\\\/\\\/www.eldigitaldeasturias.com\\\/noticias\\\/#website\"},\"breadcrumb\":{\"@id\":\"https:\\\/\\\/www.eldigitaldeasturias.com\\\/noticias\\\/feijoo-sobre-el-caso-kitchen\\\/#breadcrumblist\"},\"author\":{\"@id\":\"https:\\\/\\\/www.eldigitaldeasturias.com\\\/noticias\\\/author\\\/admin\\\/#author\"},\"creator\":{\"@id\":\"https:\\\/\\\/www.eldigitaldeasturias.com\\\/noticias\\\/author\\\/admin\\\/#author\"},\"image\":{\"@type\":\"ImageObject\",\"url\":\"https:\\\/\\\/www.eldigitaldeasturias.com\\\/noticias\\\/wp-content\\\/uploads\\\/2020\\\/09\\\/Feijoo.jpg\",\"@id\":\"https:\\\/\\\/www.eldigitaldeasturias.com\\\/noticias\\\/feijoo-sobre-el-caso-kitchen\\\/#mainImage\",\"width\":899,\"height\":667,\"caption\":\"Alberto N\\u00fa\\u00f1ez Feij\\u00f3o junto al alcalde de Oviedo, Alfredo Canteli, en el interior del Hotel Reconquista, donde se celebraba el D\\u00eda de Galicia en Asturias. - EUROPA PRESS.\"},\"primaryImageOfPage\":{\"@id\":\"https:\\\/\\\/www.eldigitaldeasturias.com\\\/noticias\\\/feijoo-sobre-el-caso-kitchen\\\/#mainImage\"},\"datePublished\":\"2020-09-13T12:47:57+02:00\",\"dateModified\":\"2020-09-13T12:47:57+02:00\"},{\"@type\":\"WebSite\",\"@id\":\"https:\\\/\\\/www.eldigitaldeasturias.com\\\/noticias\\\/#website\",\"url\":\"https:\\\/\\\/www.eldigitaldeasturias.com\\\/noticias\\\/\",\"name\":\"El Digital de Asturias - Diario de actualidad y noticias\",\"alternateName\":\"El Digital de Asturias - Diario de actualidad y noticias\",\"description\":\"Hemeroteca\",\"inLanguage\":\"es-ES\",\"publisher\":{\"@id\":\"https:\\\/\\\/www.eldigitaldeasturias.com\\\/noticias\\\/#organization\"}}]}\n\t\t<\/script>\n\t\t<!-- All in One SEO Pro -->\r\n\t\t<title>Feij\u00f3o sobre el \u00abcaso Kitchen\u00bb - El Digital de Asturias<\/title>\n\n","aioseo_head_json":{"title":"Feij\u00f3o sobre el \u00abcaso Kitchen\u00bb - El Digital de Asturias","description":"(EUROPA PRESS) - El presidente de la Xunta de Galicia, el 'popular' Alberto N\u00fa\u00f1ez Feij\u00f3o, ha afirmado este domingo en Oviedo en relaci\u00f3n con el conocido como 'caso Kitchen' que \"ni las \u00e9pocas ni los hechos tienen que ver con la situaci\u00f3n actual\". En declaraciones a los medios antes de participar en la celebraci\u00f3n del D\u00eda","canonical_url":"https:\/\/www.eldigitaldeasturias.com\/noticias\/feijoo-sobre-el-caso-kitchen\/","robots":"max-image-preview:large","keywords":"actualidad,destacadas","webmasterTools":{"google-site-verification":"UA-38556648-1","msvalidate.01":"7dfe9f3f1b24437ab69f4f2559babe99","miscellaneous":""},"schema":{"@context":"https:\/\/schema.org","@graph":[{"@type":"BlogPosting","@id":"https:\/\/www.eldigitaldeasturias.com\/noticias\/feijoo-sobre-el-caso-kitchen\/#blogposting","name":"Feij\u00f3o sobre el \u00abcaso Kitchen\u00bb - El Digital de Asturias","headline":"Feij\u00f3o sobre el \u00abcaso Kitchen\u00bb","author":{"@id":"https:\/\/www.eldigitaldeasturias.com\/noticias\/author\/admin\/#author"},"publisher":{"@id":"https:\/\/www.eldigitaldeasturias.com\/noticias\/#organization"},"image":{"@type":"ImageObject","url":"https:\/\/www.eldigitaldeasturias.com\/noticias\/wp-content\/uploads\/2020\/09\/Feijoo.jpg","width":899,"height":667,"caption":"Alberto N\u00fa\u00f1ez Feij\u00f3o junto al alcalde de Oviedo, Alfredo Canteli, en el interior del Hotel Reconquista, donde se celebraba el D\u00eda de Galicia en Asturias. - EUROPA PRESS."},"datePublished":"2020-09-13T12:47:57+02:00","dateModified":"2020-09-13T12:47:57+02:00","inLanguage":"es-ES","mainEntityOfPage":{"@id":"https:\/\/www.eldigitaldeasturias.com\/noticias\/feijoo-sobre-el-caso-kitchen\/#webpage"},"isPartOf":{"@id":"https:\/\/www.eldigitaldeasturias.com\/noticias\/feijoo-sobre-el-caso-kitchen\/#webpage"},"articleSection":"Actualidad, Destacadas"},{"@type":"BreadcrumbList","@id":"https:\/\/www.eldigitaldeasturias.com\/noticias\/feijoo-sobre-el-caso-kitchen\/#breadcrumblist","itemListElement":[{"@type":"ListItem","@id":"https:\/\/www.eldigitaldeasturias.com\/noticias#listItem","position":1,"name":"Home","item":"https:\/\/www.eldigitaldeasturias.com\/noticias","nextItem":{"@type":"ListItem","@id":"https:\/\/www.eldigitaldeasturias.com\/noticias\/category\/actualidad\/#listItem","name":"Actualidad"}},{"@type":"ListItem","@id":"https:\/\/www.eldigitaldeasturias.com\/noticias\/category\/actualidad\/#listItem","position":2,"name":"Actualidad","item":"https:\/\/www.eldigitaldeasturias.com\/noticias\/category\/actualidad\/","nextItem":{"@type":"ListItem","@id":"https:\/\/www.eldigitaldeasturias.com\/noticias\/feijoo-sobre-el-caso-kitchen\/#listItem","name":"Feij\u00f3o sobre el \u00abcaso Kitchen\u00bb"},"previousItem":{"@type":"ListItem","@id":"https:\/\/www.eldigitaldeasturias.com\/noticias#listItem","name":"Home"}},{"@type":"ListItem","@id":"https:\/\/www.eldigitaldeasturias.com\/noticias\/feijoo-sobre-el-caso-kitchen\/#listItem","position":3,"name":"Feij\u00f3o sobre el \u00abcaso Kitchen\u00bb","previousItem":{"@type":"ListItem","@id":"https:\/\/www.eldigitaldeasturias.com\/noticias\/category\/actualidad\/#listItem","name":"Actualidad"}}]},{"@type":"Organization","@id":"https:\/\/www.eldigitaldeasturias.com\/noticias\/#organization","name":"El Digital de Asturias","description":"Hemeroteca","url":"https:\/\/www.eldigitaldeasturias.com\/noticias\/","email":"info@eldigitaldeasturias.com","telephone":"+34652131393","logo":{"@type":"ImageObject","url":"https:\/\/www.eldigitaldeasturias.com\/noticias\/wp-content\/uploads\/2020\/12\/EDA.jpg","@id":"https:\/\/www.eldigitaldeasturias.com\/noticias\/feijoo-sobre-el-caso-kitchen\/#organizationLogo","width":649,"height":297},"image":{"@id":"https:\/\/www.eldigitaldeasturias.com\/noticias\/feijoo-sobre-el-caso-kitchen\/#organizationLogo"},"sameAs":["https:\/\/facebook.com\/eldigitaldeasturias","https:\/\/www.youtube.com\/channel\/UCZP-2wLEB9Rv6erhFmqVnvg"],"address":{"@id":"https:\/\/www.eldigitaldeasturias.com\/noticias\/#postaladdress","@type":"PostalAddress","streetAddress":"san antonio 4,","postalCode":"33430","addressLocality":"Cand\u00e1s","addressRegion":"Asturias","addressCountry":"ES"}},{"@type":"Person","@id":"https:\/\/www.eldigitaldeasturias.com\/noticias\/author\/admin\/#author","url":"https:\/\/www.eldigitaldeasturias.com\/noticias\/author\/admin\/","name":"El Digital de Asturias","image":{"@type":"ImageObject","@id":"https:\/\/www.eldigitaldeasturias.com\/noticias\/feijoo-sobre-el-caso-kitchen\/#authorImage","url":"https:\/\/www.eldigitaldeasturias.com\/noticias\/wp-content\/litespeed\/avatar\/18677e78aa0546b92d9dbf31ec7d7668.jpg?ver=1776685526","width":96,"height":96,"caption":"El Digital de Asturias"}},{"@type":"WebPage","@id":"https:\/\/www.eldigitaldeasturias.com\/noticias\/feijoo-sobre-el-caso-kitchen\/#webpage","url":"https:\/\/www.eldigitaldeasturias.com\/noticias\/feijoo-sobre-el-caso-kitchen\/","name":"Feij\u00f3o sobre el \u00abcaso Kitchen\u00bb - El Digital de Asturias","description":"(EUROPA PRESS) - El presidente de la Xunta de Galicia, el 'popular' Alberto N\u00fa\u00f1ez Feij\u00f3o, ha afirmado este domingo en Oviedo en relaci\u00f3n con el conocido como 'caso Kitchen' que \"ni las \u00e9pocas ni los hechos tienen que ver con la situaci\u00f3n actual\". En declaraciones a los medios antes de participar en la celebraci\u00f3n del D\u00eda","inLanguage":"es-ES","isPartOf":{"@id":"https:\/\/www.eldigitaldeasturias.com\/noticias\/#website"},"breadcrumb":{"@id":"https:\/\/www.eldigitaldeasturias.com\/noticias\/feijoo-sobre-el-caso-kitchen\/#breadcrumblist"},"author":{"@id":"https:\/\/www.eldigitaldeasturias.com\/noticias\/author\/admin\/#author"},"creator":{"@id":"https:\/\/www.eldigitaldeasturias.com\/noticias\/author\/admin\/#author"},"image":{"@type":"ImageObject","url":"https:\/\/www.eldigitaldeasturias.com\/noticias\/wp-content\/uploads\/2020\/09\/Feijoo.jpg","@id":"https:\/\/www.eldigitaldeasturias.com\/noticias\/feijoo-sobre-el-caso-kitchen\/#mainImage","width":899,"height":667,"caption":"Alberto N\u00fa\u00f1ez Feij\u00f3o junto al alcalde de Oviedo, Alfredo Canteli, en el interior del Hotel Reconquista, donde se celebraba el D\u00eda de Galicia en Asturias. - EUROPA PRESS."},"primaryImageOfPage":{"@id":"https:\/\/www.eldigitaldeasturias.com\/noticias\/feijoo-sobre-el-caso-kitchen\/#mainImage"},"datePublished":"2020-09-13T12:47:57+02:00","dateModified":"2020-09-13T12:47:57+02:00"},{"@type":"WebSite","@id":"https:\/\/www.eldigitaldeasturias.com\/noticias\/#website","url":"https:\/\/www.eldigitaldeasturias.com\/noticias\/","name":"El Digital de Asturias - Diario de actualidad y noticias","alternateName":"El Digital de Asturias - Diario de actualidad y noticias","description":"Hemeroteca","inLanguage":"es-ES","publisher":{"@id":"https:\/\/www.eldigitaldeasturias.com\/noticias\/#organization"}}]},"og:locale":"es_ES","og:site_name":"El Digital de Asturias","og:type":"article","og:title":"Feij\u00f3o sobre el \u00abcaso Kitchen\u00bb - El Digital de Asturias","og:description":"(EUROPA PRESS) - El presidente de la Xunta de Galicia, el 'popular' Alberto N\u00fa\u00f1ez Feij\u00f3o, ha afirmado este domingo en Oviedo en relaci\u00f3n con el conocido como 'caso Kitchen' que &quot;ni las \u00e9pocas ni los hechos tienen que ver con la situaci\u00f3n actual&quot;. En declaraciones a los medios antes de participar en la celebraci\u00f3n del D\u00eda","og:url":"https:\/\/www.eldigitaldeasturias.com\/noticias\/feijoo-sobre-el-caso-kitchen\/","og:image":"https:\/\/www.eldigitaldeasturias.com\/noticias\/wp-content\/uploads\/2020\/09\/Feijoo.jpg","og:image:secure_url":"https:\/\/www.eldigitaldeasturias.com\/noticias\/wp-content\/uploads\/2020\/09\/Feijoo.jpg","og:image:width":899,"og:image:height":667,"article:tag":["actualidad","destacadas"],"article:published_time":"2020-09-13T12:47:57+00:00","article:modified_time":"2020-09-13T12:47:57+00:00","article:publisher":"https:\/\/facebook.com\/eldigitaldeasturias","twitter:card":"summary_large_image","twitter:title":"Feij\u00f3o sobre el \u00abcaso Kitchen\u00bb - El Digital de Asturias","twitter:description":"(EUROPA PRESS) - El presidente de la Xunta de Galicia, el 'popular' Alberto N\u00fa\u00f1ez Feij\u00f3o, ha afirmado este domingo en Oviedo en relaci\u00f3n con el conocido como 'caso Kitchen' que &quot;ni las \u00e9pocas ni los hechos tienen que ver con la situaci\u00f3n actual&quot;. En declaraciones a los medios antes de participar en la celebraci\u00f3n del D\u00eda","twitter:image":"https:\/\/www.eldigitaldeasturias.com\/noticias\/wp-content\/uploads\/2020\/09\/Feijoo.jpg","twitter:label1":"Escrito por","twitter:data1":"El Digital de Asturias","twitter:label2":"Tiempo de lectura estimado","twitter:data2":"3 minutos"},"aioseo_meta_data":{"post_id":"1075727","title":null,"description":"","keywords":"","keyphrases":null,"primary_term":null,"canonical_url":"","og_title":null,"og_description":null,"og_object_type":"default","og_image_type":"default","og_image_url":null,"og_image_width":null,"og_image_height":null,"og_image_custom_url":null,"og_image_custom_fields":null,"og_video":null,"og_custom_url":null,"og_article_section":null,"og_article_tags":null,"twitter_use_og":false,"twitter_card":"default","twitter_image_type":"default","twitter_image_url":null,"twitter_image_custom_url":null,"twitter_image_custom_fields":null,"twitter_title":null,"twitter_description":null,"schema":{"blockGraphs":[],"customGraphs":[],"default":{"data":{"Article":[],"Course":[],"Dataset":[],"FAQPage":[],"Movie":[],"Person":[],"Product":[],"ProductReview":[],"Car":[],"Recipe":[],"Service":[],"SoftwareApplication":[],"WebPage":[]},"graphName":"","isEnabled":true},"graphs":[],"defaultGraph":"","defaultPostTypeGraph":""},"schema_type":null,"schema_type_options":null,"pillar_content":false,"robots_default":true,"robots_noindex":false,"robots_noarchive":false,"robots_nosnippet":false,"robots_nofollow":false,"robots_noimageindex":false,"robots_noodp":false,"robots_notranslate":false,"robots_max_snippet":null,"robots_max_videopreview":null,"robots_max_imagepreview":"large","priority":null,"frequency":"default","local_seo":null,"seo_analyzer_scan_date":"2025-09-13 15:20:51","breadcrumb_settings":null,"limit_modified_date":false,"open_ai":null,"ai":null,"created":"2020-12-21 10:40:18","updated":"2025-09-13 15:20:51"},"aioseo_breadcrumb":"<div class=\"aioseo-breadcrumbs\"><span class=\"aioseo-breadcrumb\">\n\t<a href=\"https:\/\/www.eldigitaldeasturias.com\/noticias\" title=\"Home\">Home<\/a>\n<\/span><span class=\"aioseo-breadcrumb-separator\">\u2013<\/span><span class=\"aioseo-breadcrumb\">\n\t<a href=\"https:\/\/www.eldigitaldeasturias.com\/noticias\/category\/actualidad\/\" title=\"Actualidad\">Actualidad<\/a>\n<\/span><span class=\"aioseo-breadcrumb-separator\">\u2013<\/span><span class=\"aioseo-breadcrumb\">\n\t<a href=\"https:\/\/www.eldigitaldeasturias.com\/noticias\/feijoo-sobre-el-caso-kitchen\/\" title=\"Feij\u00f3o sobre el \u00abcaso Kitchen\u00bb\">Feij\u00f3o sobre el \u00abcaso Kitchen\u00bb<\/a>\n<\/span><\/div>","aioseo_breadcrumb_json":[{"label":"Home","link":"https:\/\/www.eldigitaldeasturias.com\/noticias"},{"label":"Actualidad","link":"https:\/\/www.eldigitaldeasturias.com\/noticias\/category\/actualidad\/"},{"label":"Feij\u00f3o sobre el \u00abcaso Kitchen\u00bb","link":"https:\/\/www.eldigitaldeasturias.com\/noticias\/feijoo-sobre-el-caso-kitchen\/"}],"_links":{"self":[{"href":"https:\/\/www.eldigitaldeasturias.com\/noticias\/wp-json\/wp\/v2\/posts\/1075727","targetHints":{"allow":["GET"]}}],"collection":[{"href":"https:\/\/www.eldigitaldeasturias.com\/noticias\/wp-json\/wp\/v2\/posts"}],"about":[{"href":"https:\/\/www.eldigitaldeasturias.com\/noticias\/wp-json\/wp\/v2\/types\/post"}],"author":[{"embeddable":true,"href":"https:\/\/www.eldigitaldeasturias.com\/noticias\/wp-json\/wp\/v2\/users\/1"}],"replies":[{"embeddable":true,"href":"https:\/\/www.eldigitaldeasturias.com\/noticias\/wp-json\/wp\/v2\/comments?post=1075727"}],"version-history":[{"count":0,"href":"https:\/\/www.eldigitaldeasturias.com\/noticias\/wp-json\/wp\/v2\/posts\/1075727\/revisions"}],"wp:featuredmedia":[{"embeddable":true,"href":"https:\/\/www.eldigitaldeasturias.com\/noticias\/wp-json\/wp\/v2\/media\/1075728"}],"wp:attachment":[{"href":"https:\/\/www.eldigitaldeasturias.com\/noticias\/wp-json\/wp\/v2\/media?parent=1075727"}],"wp:term":[{"taxonomy":"category","embeddable":true,"href":"https:\/\/www.eldigitaldeasturias.com\/noticias\/wp-json\/wp\/v2\/categories?post=1075727"},{"taxonomy":"post_tag","embeddable":true,"href":"https:\/\/www.eldigitaldeasturias.com\/noticias\/wp-json\/wp\/v2\/tags?post=1075727"}],"curies":[{"name":"wp","href":"https:\/\/api.w.org\/{rel}","templated":true}]}}