{"id":1075066,"date":"2020-09-05T10:33:52","date_gmt":"2020-09-05T10:33:52","guid":{"rendered":"https:\/\/www.eldigitaldeasturias.com\/noticias\/?p=1075066"},"modified":"2020-09-05T10:33:52","modified_gmt":"2020-09-05T10:33:52","slug":"nuevo-calendario-escolar-en-asturias","status":"publish","type":"post","link":"https:\/\/www.eldigitaldeasturias.com\/noticias\/nuevo-calendario-escolar-en-asturias\/","title":{"rendered":"Nuevo calendario escolar en Asturias"},"content":{"rendered":"<p><img loading=\"lazy\" decoding=\"async\" class=\"alignleft size-medium wp-image-801268\" src=\"https:\/\/www.eldigitaldeasturias.com\/noticias\/wp-content\/uploads\/2015\/08\/aula-360x270.jpg\" alt=\"\" width=\"360\" height=\"270\" srcset=\"https:\/\/www.eldigitaldeasturias.com\/noticias\/wp-content\/uploads\/2015\/08\/aula-360x270.jpg 360w, https:\/\/www.eldigitaldeasturias.com\/noticias\/wp-content\/uploads\/2015\/08\/aula-400x300.jpg 400w, https:\/\/www.eldigitaldeasturias.com\/noticias\/wp-content\/uploads\/2015\/08\/aula-768x576.jpg 768w, https:\/\/www.eldigitaldeasturias.com\/noticias\/wp-content\/uploads\/2015\/08\/aula-640x480.jpg 640w, https:\/\/www.eldigitaldeasturias.com\/noticias\/wp-content\/uploads\/2015\/08\/aula-20x15.jpg 20w, https:\/\/www.eldigitaldeasturias.com\/noticias\/wp-content\/uploads\/2015\/08\/aula.jpg 800w\" sizes=\"auto, (max-width: 360px) 100vw, 360px\" \/>La Consejer\u00eda de Educaci\u00f3n del Principado de <strong>Asturias est\u00e1 tramitando el nuevo calendario escolar del curso 2020\/2021<\/strong>. Esta modificaci\u00f3n es consecuencia de las medidas adoptadas por el Consejo de Gobierno del 28 de agosto, por las que se pospuso la vuelta a las aulas para comprobar c\u00f3mo evoluciona la pandemia durante estas primeras semanas. <strong>La propuesta est\u00e1 siendo sometida a una ronda de consultas con la comunidad educativa<\/strong>.<\/p>\n<p>El nuevo calendario cumplir\u00e1 con las 175 jornadas lectivas anuales y establece el inicio de curso de Infantil y Primaria para el 22 de septiembre. Tambi\u00e9n unifica los de Secundaria, Bachillerato y Formaci\u00f3n Profesional (FP) para el 28 de septiembre. En un principio se hab\u00eda barajado que Bachillerato comenzase el 29 y FP, el 30.<\/p>\n<p>Las clases en Infantil y Primaria concluir\u00e1n el 24 de junio, mientras que en Secundaria, Bachillerato y FP el final est\u00e1 previsto para el 30. El resto de las jornadas lectivas aplazadas se recuperar\u00e1n los d\u00edas 30 de octubre, 23 de diciembre, 8 de enero, 15 de febrero y 5 de abril.<\/p>\n<p><strong>La Consejer\u00eda de Educaci\u00f3n est\u00e1 trabajando para garantizar el derecho a una educaci\u00f3n de calidad<\/strong>, pese a la adversa situaci\u00f3n creada por la pandemia. Asturias es una de las pocas comunidades que disminuir\u00e1 las ratios hasta un m\u00e1ximo de 20 estudiantes por grupo hasta segundo de Secundaria. Adem\u00e1s, ha decidido mantener los servicios de comedor y transporte y ha elaborado un protocolo para las actividades extraescolares.<\/p>\n","protected":false},"excerpt":{"rendered":"<p>La Consejer\u00eda de Educaci\u00f3n del Principado de Asturias est\u00e1 tramitando el nuevo calendario escolar del curso 2020\/2021. Esta modificaci\u00f3n es consecuencia de las medidas adoptadas por el Consejo de Gobierno del 28 de agosto, por las que se pospuso la vuelta a las aulas para comprobar c\u00f3mo evoluciona la pandemia durante estas primeras semanas. La [&hellip;]<\/p>\n","protected":false},"author":1,"featured_media":1071712,"comment_status":"closed","ping_status":"closed","sticky":false,"template":"","format":"standard","meta":{"footnotes":""},"categories":[12,141],"tags":[],"class_list":["post-1075066","post","type-post","status-publish","format-standard","has-post-thumbnail","hentry","category-actualidad-asturias","category-destacadas"],"aioseo_notices":[],"aioseo_head":"\n\t\t<!-- All in One SEO Pro 4.9.6.2 - aioseo.com -->\n\t<meta name=\"description\" content=\"La Consejer\u00eda de Educaci\u00f3n del Principado de Asturias est\u00e1 tramitando el nuevo calendario escolar del curso 2020\/2021. Esta modificaci\u00f3n es consecuencia de las medidas adoptadas por el Consejo de Gobierno del 28 de agosto, por las que se pospuso la vuelta a las aulas para comprobar c\u00f3mo evoluciona la pandemia durante estas primeras semanas. La\" \/>\n\t<meta name=\"robots\" content=\"max-image-preview:large\" \/>\n\t<meta name=\"author\" content=\"El Digital de Asturias\"\/>\n\t<meta name=\"google-site-verification\" content=\"UA-38556648-1\" \/>\n\t<meta name=\"msvalidate.01\" content=\"7dfe9f3f1b24437ab69f4f2559babe99\" \/>\n\t<meta name=\"keywords\" content=\"actualidad asturias,destacadas\" \/>\n\t<link rel=\"canonical\" href=\"https:\/\/www.eldigitaldeasturias.com\/noticias\/nuevo-calendario-escolar-en-asturias\/\" \/>\n\t<meta name=\"generator\" content=\"All in One SEO Pro (AIOSEO) 4.9.6.2\" \/>\n\t\t<meta property=\"og:locale\" content=\"es_ES\" \/>\n\t\t<meta property=\"og:site_name\" content=\"El Digital de Asturias\" \/>\n\t\t<meta property=\"og:type\" content=\"article\" \/>\n\t\t<meta property=\"og:title\" content=\"Nuevo calendario escolar en Asturias - El Digital de Asturias\" \/>\n\t\t<meta property=\"og:description\" content=\"La Consejer\u00eda de Educaci\u00f3n del Principado de Asturias est\u00e1 tramitando el nuevo calendario escolar del curso 2020\/2021. Esta modificaci\u00f3n es consecuencia de las medidas adoptadas por el Consejo de Gobierno del 28 de agosto, por las que se pospuso la vuelta a las aulas para comprobar c\u00f3mo evoluciona la pandemia durante estas primeras semanas. La\" \/>\n\t\t<meta property=\"og:url\" content=\"https:\/\/www.eldigitaldeasturias.com\/noticias\/nuevo-calendario-escolar-en-asturias\/\" \/>\n\t\t<meta property=\"og:image\" content=\"https:\/\/www.eldigitaldeasturias.com\/noticias\/wp-content\/uploads\/2020\/07\/window-770535_640.jpg\" \/>\n\t\t<meta property=\"og:image:secure_url\" content=\"https:\/\/www.eldigitaldeasturias.com\/noticias\/wp-content\/uploads\/2020\/07\/window-770535_640.jpg\" \/>\n\t\t<meta property=\"og:image:width\" content=\"640\" \/>\n\t\t<meta property=\"og:image:height\" content=\"427\" \/>\n\t\t<meta property=\"article:tag\" content=\"actualidad asturias\" \/>\n\t\t<meta property=\"article:tag\" content=\"destacadas\" \/>\n\t\t<meta property=\"article:published_time\" content=\"2020-09-05T10:33:52+00:00\" \/>\n\t\t<meta property=\"article:modified_time\" content=\"2020-09-05T10:33:52+00:00\" \/>\n\t\t<meta property=\"article:publisher\" content=\"https:\/\/facebook.com\/eldigitaldeasturias\" \/>\n\t\t<meta name=\"twitter:card\" content=\"summary_large_image\" \/>\n\t\t<meta name=\"twitter:title\" content=\"Nuevo calendario escolar en Asturias - El Digital de Asturias\" \/>\n\t\t<meta name=\"twitter:description\" content=\"La Consejer\u00eda de Educaci\u00f3n del Principado de Asturias est\u00e1 tramitando el nuevo calendario escolar del curso 2020\/2021. Esta modificaci\u00f3n es consecuencia de las medidas adoptadas por el Consejo de Gobierno del 28 de agosto, por las que se pospuso la vuelta a las aulas para comprobar c\u00f3mo evoluciona la pandemia durante estas primeras semanas. La\" \/>\n\t\t<meta name=\"twitter:image\" content=\"https:\/\/www.eldigitaldeasturias.com\/noticias\/wp-content\/uploads\/2020\/07\/window-770535_640.jpg\" \/>\n\t\t<meta name=\"twitter:label1\" content=\"Escrito por\" \/>\n\t\t<meta name=\"twitter:data1\" content=\"El Digital de Asturias\" \/>\n\t\t<meta name=\"twitter:label2\" content=\"Tiempo de lectura estimado\" \/>\n\t\t<meta name=\"twitter:data2\" content=\"1 minuto\" \/>\n\t\t<script type=\"application\/ld+json\" class=\"aioseo-schema\">\n\t\t\t{\"@context\":\"https:\\\/\\\/schema.org\",\"@graph\":[{\"@type\":\"BlogPosting\",\"@id\":\"https:\\\/\\\/www.eldigitaldeasturias.com\\\/noticias\\\/nuevo-calendario-escolar-en-asturias\\\/#blogposting\",\"name\":\"Nuevo calendario escolar en Asturias - El Digital de Asturias\",\"headline\":\"Nuevo calendario escolar en Asturias\",\"author\":{\"@id\":\"https:\\\/\\\/www.eldigitaldeasturias.com\\\/noticias\\\/author\\\/admin\\\/#author\"},\"publisher\":{\"@id\":\"https:\\\/\\\/www.eldigitaldeasturias.com\\\/noticias\\\/#organization\"},\"image\":{\"@type\":\"ImageObject\",\"url\":\"https:\\\/\\\/www.eldigitaldeasturias.com\\\/noticias\\\/wp-content\\\/uploads\\\/2020\\\/07\\\/window-770535_640.jpg\",\"width\":640,\"height\":427},\"datePublished\":\"2020-09-05T10:33:52+02:00\",\"dateModified\":\"2020-09-05T10:33:52+02:00\",\"inLanguage\":\"es-ES\",\"mainEntityOfPage\":{\"@id\":\"https:\\\/\\\/www.eldigitaldeasturias.com\\\/noticias\\\/nuevo-calendario-escolar-en-asturias\\\/#webpage\"},\"isPartOf\":{\"@id\":\"https:\\\/\\\/www.eldigitaldeasturias.com\\\/noticias\\\/nuevo-calendario-escolar-en-asturias\\\/#webpage\"},\"articleSection\":\"Actualidad Asturias, Destacadas\"},{\"@type\":\"BreadcrumbList\",\"@id\":\"https:\\\/\\\/www.eldigitaldeasturias.com\\\/noticias\\\/nuevo-calendario-escolar-en-asturias\\\/#breadcrumblist\",\"itemListElement\":[{\"@type\":\"ListItem\",\"@id\":\"https:\\\/\\\/www.eldigitaldeasturias.com\\\/noticias#listItem\",\"position\":1,\"name\":\"Home\",\"item\":\"https:\\\/\\\/www.eldigitaldeasturias.com\\\/noticias\",\"nextItem\":{\"@type\":\"ListItem\",\"@id\":\"https:\\\/\\\/www.eldigitaldeasturias.com\\\/noticias\\\/category\\\/actualidad-asturias\\\/#listItem\",\"name\":\"Actualidad Asturias\"}},{\"@type\":\"ListItem\",\"@id\":\"https:\\\/\\\/www.eldigitaldeasturias.com\\\/noticias\\\/category\\\/actualidad-asturias\\\/#listItem\",\"position\":2,\"name\":\"Actualidad Asturias\",\"item\":\"https:\\\/\\\/www.eldigitaldeasturias.com\\\/noticias\\\/category\\\/actualidad-asturias\\\/\",\"nextItem\":{\"@type\":\"ListItem\",\"@id\":\"https:\\\/\\\/www.eldigitaldeasturias.com\\\/noticias\\\/nuevo-calendario-escolar-en-asturias\\\/#listItem\",\"name\":\"Nuevo calendario escolar en Asturias\"},\"previousItem\":{\"@type\":\"ListItem\",\"@id\":\"https:\\\/\\\/www.eldigitaldeasturias.com\\\/noticias#listItem\",\"name\":\"Home\"}},{\"@type\":\"ListItem\",\"@id\":\"https:\\\/\\\/www.eldigitaldeasturias.com\\\/noticias\\\/nuevo-calendario-escolar-en-asturias\\\/#listItem\",\"position\":3,\"name\":\"Nuevo calendario escolar en Asturias\",\"previousItem\":{\"@type\":\"ListItem\",\"@id\":\"https:\\\/\\\/www.eldigitaldeasturias.com\\\/noticias\\\/category\\\/actualidad-asturias\\\/#listItem\",\"name\":\"Actualidad Asturias\"}}]},{\"@type\":\"Organization\",\"@id\":\"https:\\\/\\\/www.eldigitaldeasturias.com\\\/noticias\\\/#organization\",\"name\":\"El Digital de Asturias\",\"description\":\"Hemeroteca\",\"url\":\"https:\\\/\\\/www.eldigitaldeasturias.com\\\/noticias\\\/\",\"email\":\"info@eldigitaldeasturias.com\",\"telephone\":\"+34652131393\",\"logo\":{\"@type\":\"ImageObject\",\"url\":\"https:\\\/\\\/www.eldigitaldeasturias.com\\\/noticias\\\/wp-content\\\/uploads\\\/2020\\\/12\\\/EDA.jpg\",\"@id\":\"https:\\\/\\\/www.eldigitaldeasturias.com\\\/noticias\\\/nuevo-calendario-escolar-en-asturias\\\/#organizationLogo\",\"width\":649,\"height\":297},\"image\":{\"@id\":\"https:\\\/\\\/www.eldigitaldeasturias.com\\\/noticias\\\/nuevo-calendario-escolar-en-asturias\\\/#organizationLogo\"},\"sameAs\":[\"https:\\\/\\\/facebook.com\\\/eldigitaldeasturias\",\"https:\\\/\\\/www.youtube.com\\\/channel\\\/UCZP-2wLEB9Rv6erhFmqVnvg\"],\"address\":{\"@id\":\"https:\\\/\\\/www.eldigitaldeasturias.com\\\/noticias\\\/#postaladdress\",\"@type\":\"PostalAddress\",\"streetAddress\":\"san antonio 4,\",\"postalCode\":\"33430\",\"addressLocality\":\"Cand\\u00e1s\",\"addressRegion\":\"Asturias\",\"addressCountry\":\"ES\"}},{\"@type\":\"Person\",\"@id\":\"https:\\\/\\\/www.eldigitaldeasturias.com\\\/noticias\\\/author\\\/admin\\\/#author\",\"url\":\"https:\\\/\\\/www.eldigitaldeasturias.com\\\/noticias\\\/author\\\/admin\\\/\",\"name\":\"El Digital de Asturias\",\"image\":{\"@type\":\"ImageObject\",\"@id\":\"https:\\\/\\\/www.eldigitaldeasturias.com\\\/noticias\\\/nuevo-calendario-escolar-en-asturias\\\/#authorImage\",\"url\":\"https:\\\/\\\/www.eldigitaldeasturias.com\\\/noticias\\\/wp-content\\\/litespeed\\\/avatar\\\/18677e78aa0546b92d9dbf31ec7d7668.jpg?ver=1776685526\",\"width\":96,\"height\":96,\"caption\":\"El Digital de Asturias\"}},{\"@type\":\"WebPage\",\"@id\":\"https:\\\/\\\/www.eldigitaldeasturias.com\\\/noticias\\\/nuevo-calendario-escolar-en-asturias\\\/#webpage\",\"url\":\"https:\\\/\\\/www.eldigitaldeasturias.com\\\/noticias\\\/nuevo-calendario-escolar-en-asturias\\\/\",\"name\":\"Nuevo calendario escolar en Asturias - El Digital de Asturias\",\"description\":\"La Consejer\\u00eda de Educaci\\u00f3n del Principado de Asturias est\\u00e1 tramitando el nuevo calendario escolar del curso 2020\\\/2021. Esta modificaci\\u00f3n es consecuencia de las medidas adoptadas por el Consejo de Gobierno del 28 de agosto, por las que se pospuso la vuelta a las aulas para comprobar c\\u00f3mo evoluciona la pandemia durante estas primeras semanas. La\",\"inLanguage\":\"es-ES\",\"isPartOf\":{\"@id\":\"https:\\\/\\\/www.eldigitaldeasturias.com\\\/noticias\\\/#website\"},\"breadcrumb\":{\"@id\":\"https:\\\/\\\/www.eldigitaldeasturias.com\\\/noticias\\\/nuevo-calendario-escolar-en-asturias\\\/#breadcrumblist\"},\"author\":{\"@id\":\"https:\\\/\\\/www.eldigitaldeasturias.com\\\/noticias\\\/author\\\/admin\\\/#author\"},\"creator\":{\"@id\":\"https:\\\/\\\/www.eldigitaldeasturias.com\\\/noticias\\\/author\\\/admin\\\/#author\"},\"image\":{\"@type\":\"ImageObject\",\"url\":\"https:\\\/\\\/www.eldigitaldeasturias.com\\\/noticias\\\/wp-content\\\/uploads\\\/2020\\\/07\\\/window-770535_640.jpg\",\"@id\":\"https:\\\/\\\/www.eldigitaldeasturias.com\\\/noticias\\\/nuevo-calendario-escolar-en-asturias\\\/#mainImage\",\"width\":640,\"height\":427},\"primaryImageOfPage\":{\"@id\":\"https:\\\/\\\/www.eldigitaldeasturias.com\\\/noticias\\\/nuevo-calendario-escolar-en-asturias\\\/#mainImage\"},\"datePublished\":\"2020-09-05T10:33:52+02:00\",\"dateModified\":\"2020-09-05T10:33:52+02:00\"},{\"@type\":\"WebSite\",\"@id\":\"https:\\\/\\\/www.eldigitaldeasturias.com\\\/noticias\\\/#website\",\"url\":\"https:\\\/\\\/www.eldigitaldeasturias.com\\\/noticias\\\/\",\"name\":\"El Digital de Asturias - Diario de actualidad y noticias\",\"alternateName\":\"El Digital de Asturias - Diario de actualidad y noticias\",\"description\":\"Hemeroteca\",\"inLanguage\":\"es-ES\",\"publisher\":{\"@id\":\"https:\\\/\\\/www.eldigitaldeasturias.com\\\/noticias\\\/#organization\"}}]}\n\t\t<\/script>\n\t\t<!-- All in One SEO Pro -->\r\n\t\t<title>Nuevo calendario escolar en Asturias - El Digital de Asturias<\/title>\n\n","aioseo_head_json":{"title":"Nuevo calendario escolar en Asturias - El Digital de Asturias","description":"La Consejer\u00eda de Educaci\u00f3n del Principado de Asturias est\u00e1 tramitando el nuevo calendario escolar del curso 2020\/2021. Esta modificaci\u00f3n es consecuencia de las medidas adoptadas por el Consejo de Gobierno del 28 de agosto, por las que se pospuso la vuelta a las aulas para comprobar c\u00f3mo evoluciona la pandemia durante estas primeras semanas. La","canonical_url":"https:\/\/www.eldigitaldeasturias.com\/noticias\/nuevo-calendario-escolar-en-asturias\/","robots":"max-image-preview:large","keywords":"actualidad asturias,destacadas","webmasterTools":{"google-site-verification":"UA-38556648-1","msvalidate.01":"7dfe9f3f1b24437ab69f4f2559babe99","miscellaneous":""},"schema":{"@context":"https:\/\/schema.org","@graph":[{"@type":"BlogPosting","@id":"https:\/\/www.eldigitaldeasturias.com\/noticias\/nuevo-calendario-escolar-en-asturias\/#blogposting","name":"Nuevo calendario escolar en Asturias - El Digital de Asturias","headline":"Nuevo calendario escolar en Asturias","author":{"@id":"https:\/\/www.eldigitaldeasturias.com\/noticias\/author\/admin\/#author"},"publisher":{"@id":"https:\/\/www.eldigitaldeasturias.com\/noticias\/#organization"},"image":{"@type":"ImageObject","url":"https:\/\/www.eldigitaldeasturias.com\/noticias\/wp-content\/uploads\/2020\/07\/window-770535_640.jpg","width":640,"height":427},"datePublished":"2020-09-05T10:33:52+02:00","dateModified":"2020-09-05T10:33:52+02:00","inLanguage":"es-ES","mainEntityOfPage":{"@id":"https:\/\/www.eldigitaldeasturias.com\/noticias\/nuevo-calendario-escolar-en-asturias\/#webpage"},"isPartOf":{"@id":"https:\/\/www.eldigitaldeasturias.com\/noticias\/nuevo-calendario-escolar-en-asturias\/#webpage"},"articleSection":"Actualidad Asturias, Destacadas"},{"@type":"BreadcrumbList","@id":"https:\/\/www.eldigitaldeasturias.com\/noticias\/nuevo-calendario-escolar-en-asturias\/#breadcrumblist","itemListElement":[{"@type":"ListItem","@id":"https:\/\/www.eldigitaldeasturias.com\/noticias#listItem","position":1,"name":"Home","item":"https:\/\/www.eldigitaldeasturias.com\/noticias","nextItem":{"@type":"ListItem","@id":"https:\/\/www.eldigitaldeasturias.com\/noticias\/category\/actualidad-asturias\/#listItem","name":"Actualidad Asturias"}},{"@type":"ListItem","@id":"https:\/\/www.eldigitaldeasturias.com\/noticias\/category\/actualidad-asturias\/#listItem","position":2,"name":"Actualidad Asturias","item":"https:\/\/www.eldigitaldeasturias.com\/noticias\/category\/actualidad-asturias\/","nextItem":{"@type":"ListItem","@id":"https:\/\/www.eldigitaldeasturias.com\/noticias\/nuevo-calendario-escolar-en-asturias\/#listItem","name":"Nuevo calendario escolar en Asturias"},"previousItem":{"@type":"ListItem","@id":"https:\/\/www.eldigitaldeasturias.com\/noticias#listItem","name":"Home"}},{"@type":"ListItem","@id":"https:\/\/www.eldigitaldeasturias.com\/noticias\/nuevo-calendario-escolar-en-asturias\/#listItem","position":3,"name":"Nuevo calendario escolar en Asturias","previousItem":{"@type":"ListItem","@id":"https:\/\/www.eldigitaldeasturias.com\/noticias\/category\/actualidad-asturias\/#listItem","name":"Actualidad Asturias"}}]},{"@type":"Organization","@id":"https:\/\/www.eldigitaldeasturias.com\/noticias\/#organization","name":"El Digital de Asturias","description":"Hemeroteca","url":"https:\/\/www.eldigitaldeasturias.com\/noticias\/","email":"info@eldigitaldeasturias.com","telephone":"+34652131393","logo":{"@type":"ImageObject","url":"https:\/\/www.eldigitaldeasturias.com\/noticias\/wp-content\/uploads\/2020\/12\/EDA.jpg","@id":"https:\/\/www.eldigitaldeasturias.com\/noticias\/nuevo-calendario-escolar-en-asturias\/#organizationLogo","width":649,"height":297},"image":{"@id":"https:\/\/www.eldigitaldeasturias.com\/noticias\/nuevo-calendario-escolar-en-asturias\/#organizationLogo"},"sameAs":["https:\/\/facebook.com\/eldigitaldeasturias","https:\/\/www.youtube.com\/channel\/UCZP-2wLEB9Rv6erhFmqVnvg"],"address":{"@id":"https:\/\/www.eldigitaldeasturias.com\/noticias\/#postaladdress","@type":"PostalAddress","streetAddress":"san antonio 4,","postalCode":"33430","addressLocality":"Cand\u00e1s","addressRegion":"Asturias","addressCountry":"ES"}},{"@type":"Person","@id":"https:\/\/www.eldigitaldeasturias.com\/noticias\/author\/admin\/#author","url":"https:\/\/www.eldigitaldeasturias.com\/noticias\/author\/admin\/","name":"El Digital de Asturias","image":{"@type":"ImageObject","@id":"https:\/\/www.eldigitaldeasturias.com\/noticias\/nuevo-calendario-escolar-en-asturias\/#authorImage","url":"https:\/\/www.eldigitaldeasturias.com\/noticias\/wp-content\/litespeed\/avatar\/18677e78aa0546b92d9dbf31ec7d7668.jpg?ver=1776685526","width":96,"height":96,"caption":"El Digital de Asturias"}},{"@type":"WebPage","@id":"https:\/\/www.eldigitaldeasturias.com\/noticias\/nuevo-calendario-escolar-en-asturias\/#webpage","url":"https:\/\/www.eldigitaldeasturias.com\/noticias\/nuevo-calendario-escolar-en-asturias\/","name":"Nuevo calendario escolar en Asturias - El Digital de Asturias","description":"La Consejer\u00eda de Educaci\u00f3n del Principado de Asturias est\u00e1 tramitando el nuevo calendario escolar del curso 2020\/2021. Esta modificaci\u00f3n es consecuencia de las medidas adoptadas por el Consejo de Gobierno del 28 de agosto, por las que se pospuso la vuelta a las aulas para comprobar c\u00f3mo evoluciona la pandemia durante estas primeras semanas. La","inLanguage":"es-ES","isPartOf":{"@id":"https:\/\/www.eldigitaldeasturias.com\/noticias\/#website"},"breadcrumb":{"@id":"https:\/\/www.eldigitaldeasturias.com\/noticias\/nuevo-calendario-escolar-en-asturias\/#breadcrumblist"},"author":{"@id":"https:\/\/www.eldigitaldeasturias.com\/noticias\/author\/admin\/#author"},"creator":{"@id":"https:\/\/www.eldigitaldeasturias.com\/noticias\/author\/admin\/#author"},"image":{"@type":"ImageObject","url":"https:\/\/www.eldigitaldeasturias.com\/noticias\/wp-content\/uploads\/2020\/07\/window-770535_640.jpg","@id":"https:\/\/www.eldigitaldeasturias.com\/noticias\/nuevo-calendario-escolar-en-asturias\/#mainImage","width":640,"height":427},"primaryImageOfPage":{"@id":"https:\/\/www.eldigitaldeasturias.com\/noticias\/nuevo-calendario-escolar-en-asturias\/#mainImage"},"datePublished":"2020-09-05T10:33:52+02:00","dateModified":"2020-09-05T10:33:52+02:00"},{"@type":"WebSite","@id":"https:\/\/www.eldigitaldeasturias.com\/noticias\/#website","url":"https:\/\/www.eldigitaldeasturias.com\/noticias\/","name":"El Digital de Asturias - Diario de actualidad y noticias","alternateName":"El Digital de Asturias - Diario de actualidad y noticias","description":"Hemeroteca","inLanguage":"es-ES","publisher":{"@id":"https:\/\/www.eldigitaldeasturias.com\/noticias\/#organization"}}]},"og:locale":"es_ES","og:site_name":"El Digital de Asturias","og:type":"article","og:title":"Nuevo calendario escolar en Asturias - El Digital de Asturias","og:description":"La Consejer\u00eda de Educaci\u00f3n del Principado de Asturias est\u00e1 tramitando el nuevo calendario escolar del curso 2020\/2021. Esta modificaci\u00f3n es consecuencia de las medidas adoptadas por el Consejo de Gobierno del 28 de agosto, por las que se pospuso la vuelta a las aulas para comprobar c\u00f3mo evoluciona la pandemia durante estas primeras semanas. La","og:url":"https:\/\/www.eldigitaldeasturias.com\/noticias\/nuevo-calendario-escolar-en-asturias\/","og:image":"https:\/\/www.eldigitaldeasturias.com\/noticias\/wp-content\/uploads\/2020\/07\/window-770535_640.jpg","og:image:secure_url":"https:\/\/www.eldigitaldeasturias.com\/noticias\/wp-content\/uploads\/2020\/07\/window-770535_640.jpg","og:image:width":640,"og:image:height":427,"article:tag":["actualidad asturias","destacadas"],"article:published_time":"2020-09-05T10:33:52+00:00","article:modified_time":"2020-09-05T10:33:52+00:00","article:publisher":"https:\/\/facebook.com\/eldigitaldeasturias","twitter:card":"summary_large_image","twitter:title":"Nuevo calendario escolar en Asturias - El Digital de Asturias","twitter:description":"La Consejer\u00eda de Educaci\u00f3n del Principado de Asturias est\u00e1 tramitando el nuevo calendario escolar del curso 2020\/2021. Esta modificaci\u00f3n es consecuencia de las medidas adoptadas por el Consejo de Gobierno del 28 de agosto, por las que se pospuso la vuelta a las aulas para comprobar c\u00f3mo evoluciona la pandemia durante estas primeras semanas. La","twitter:image":"https:\/\/www.eldigitaldeasturias.com\/noticias\/wp-content\/uploads\/2020\/07\/window-770535_640.jpg","twitter:label1":"Escrito por","twitter:data1":"El Digital de Asturias","twitter:label2":"Tiempo de lectura estimado","twitter:data2":"1 minuto"},"aioseo_meta_data":{"post_id":"1075066","title":null,"description":"","keywords":"","keyphrases":null,"primary_term":null,"canonical_url":"","og_title":null,"og_description":null,"og_object_type":"default","og_image_type":"default","og_image_url":null,"og_image_width":null,"og_image_height":null,"og_image_custom_url":null,"og_image_custom_fields":null,"og_video":null,"og_custom_url":null,"og_article_section":null,"og_article_tags":null,"twitter_use_og":false,"twitter_card":"default","twitter_image_type":"default","twitter_image_url":null,"twitter_image_custom_url":null,"twitter_image_custom_fields":null,"twitter_title":null,"twitter_description":null,"schema":{"blockGraphs":[],"customGraphs":[],"default":{"data":{"Article":[],"Course":[],"Dataset":[],"FAQPage":[],"Movie":[],"Person":[],"Product":[],"ProductReview":[],"Car":[],"Recipe":[],"Service":[],"SoftwareApplication":[],"WebPage":[]},"graphName":"","isEnabled":true},"graphs":[],"defaultGraph":"","defaultPostTypeGraph":""},"schema_type":null,"schema_type_options":null,"pillar_content":false,"robots_default":true,"robots_noindex":false,"robots_noarchive":false,"robots_nosnippet":false,"robots_nofollow":false,"robots_noimageindex":false,"robots_noodp":false,"robots_notranslate":false,"robots_max_snippet":null,"robots_max_videopreview":null,"robots_max_imagepreview":"large","priority":null,"frequency":"default","local_seo":null,"seo_analyzer_scan_date":"2025-09-13 13:41:52","breadcrumb_settings":null,"limit_modified_date":false,"open_ai":null,"ai":null,"created":"2020-12-21 10:41:28","updated":"2025-09-13 13:41:52"},"aioseo_breadcrumb":"<div class=\"aioseo-breadcrumbs\"><span class=\"aioseo-breadcrumb\">\n\t<a href=\"https:\/\/www.eldigitaldeasturias.com\/noticias\" title=\"Home\">Home<\/a>\n<\/span><span class=\"aioseo-breadcrumb-separator\">\u2013<\/span><span class=\"aioseo-breadcrumb\">\n\t<a href=\"https:\/\/www.eldigitaldeasturias.com\/noticias\/category\/actualidad-asturias\/\" title=\"Actualidad Asturias\">Actualidad Asturias<\/a>\n<\/span><span class=\"aioseo-breadcrumb-separator\">\u2013<\/span><span class=\"aioseo-breadcrumb\">\n\t<a href=\"https:\/\/www.eldigitaldeasturias.com\/noticias\/nuevo-calendario-escolar-en-asturias\/\" title=\"Nuevo calendario escolar en Asturias\">Nuevo calendario escolar en Asturias<\/a>\n<\/span><\/div>","aioseo_breadcrumb_json":[{"label":"Home","link":"https:\/\/www.eldigitaldeasturias.com\/noticias"},{"label":"Actualidad Asturias","link":"https:\/\/www.eldigitaldeasturias.com\/noticias\/category\/actualidad-asturias\/"},{"label":"Nuevo calendario escolar en Asturias","link":"https:\/\/www.eldigitaldeasturias.com\/noticias\/nuevo-calendario-escolar-en-asturias\/"}],"_links":{"self":[{"href":"https:\/\/www.eldigitaldeasturias.com\/noticias\/wp-json\/wp\/v2\/posts\/1075066","targetHints":{"allow":["GET"]}}],"collection":[{"href":"https:\/\/www.eldigitaldeasturias.com\/noticias\/wp-json\/wp\/v2\/posts"}],"about":[{"href":"https:\/\/www.eldigitaldeasturias.com\/noticias\/wp-json\/wp\/v2\/types\/post"}],"author":[{"embeddable":true,"href":"https:\/\/www.eldigitaldeasturias.com\/noticias\/wp-json\/wp\/v2\/users\/1"}],"replies":[{"embeddable":true,"href":"https:\/\/www.eldigitaldeasturias.com\/noticias\/wp-json\/wp\/v2\/comments?post=1075066"}],"version-history":[{"count":0,"href":"https:\/\/www.eldigitaldeasturias.com\/noticias\/wp-json\/wp\/v2\/posts\/1075066\/revisions"}],"wp:featuredmedia":[{"embeddable":true,"href":"https:\/\/www.eldigitaldeasturias.com\/noticias\/wp-json\/wp\/v2\/media\/1071712"}],"wp:attachment":[{"href":"https:\/\/www.eldigitaldeasturias.com\/noticias\/wp-json\/wp\/v2\/media?parent=1075066"}],"wp:term":[{"taxonomy":"category","embeddable":true,"href":"https:\/\/www.eldigitaldeasturias.com\/noticias\/wp-json\/wp\/v2\/categories?post=1075066"},{"taxonomy":"post_tag","embeddable":true,"href":"https:\/\/www.eldigitaldeasturias.com\/noticias\/wp-json\/wp\/v2\/tags?post=1075066"}],"curies":[{"name":"wp","href":"https:\/\/api.w.org\/{rel}","templated":true}]}}