{"id":1074933,"date":"2020-09-03T13:39:03","date_gmt":"2020-09-03T13:39:03","guid":{"rendered":"https:\/\/www.eldigitaldeasturias.com\/noticias\/?p=1074933"},"modified":"2020-09-03T13:39:03","modified_gmt":"2020-09-03T13:39:03","slug":"covid-19-asturias-18-brotes-y-198-positivos","status":"publish","type":"post","link":"https:\/\/www.eldigitaldeasturias.com\/noticias\/covid-19-asturias-18-brotes-y-198-positivos\/","title":{"rendered":"Covid-19 Asturias: 18 brotes y 198 positivos"},"content":{"rendered":"<p><img loading=\"lazy\" decoding=\"async\" class=\"alignleft size-medium wp-image-1074934\" src=\"https:\/\/www.eldigitaldeasturias.com\/noticias\/wp-content\/uploads\/2020\/09\/coronavirus-4914026_1280-360x203.jpg\" alt=\"\" width=\"360\" height=\"203\" srcset=\"https:\/\/www.eldigitaldeasturias.com\/noticias\/wp-content\/uploads\/2020\/09\/coronavirus-4914026_1280-360x203.jpg 360w, https:\/\/www.eldigitaldeasturias.com\/noticias\/wp-content\/uploads\/2020\/09\/coronavirus-4914026_1280-690x388.jpg 690w, https:\/\/www.eldigitaldeasturias.com\/noticias\/wp-content\/uploads\/2020\/09\/coronavirus-4914026_1280-480x270.jpg 480w, https:\/\/www.eldigitaldeasturias.com\/noticias\/wp-content\/uploads\/2020\/09\/coronavirus-4914026_1280-768x432.jpg 768w, https:\/\/www.eldigitaldeasturias.com\/noticias\/wp-content\/uploads\/2020\/09\/coronavirus-4914026_1280-696x392.jpg 696w, https:\/\/www.eldigitaldeasturias.com\/noticias\/wp-content\/uploads\/2020\/09\/coronavirus-4914026_1280-1068x601.jpg 1068w, https:\/\/www.eldigitaldeasturias.com\/noticias\/wp-content\/uploads\/2020\/09\/coronavirus-4914026_1280-747x420.jpg 747w, https:\/\/www.eldigitaldeasturias.com\/noticias\/wp-content\/uploads\/2020\/09\/coronavirus-4914026_1280.jpg 1280w\" sizes=\"auto, (max-width: 360px) 100vw, 360px\" \/>La Consejer\u00eda de Salud del Principado de Asturias ha notificado al ministerio siete brotes detectados en la \u00faltima semana. De ellos, dos se localizan en los municipios de Parres y Llanes, <strong>ambos en alerta naranja desde el pasado 26 de agosto<\/strong>. El resto se reparten entre las \u00e1reas de Avil\u00e9s, Oviedo y Gij\u00f3n. En la actualidad, <strong>Asturias tiene 18 brotes por la covid-19 con 198 positivos<\/strong>.<\/p>\n<p>En cuanto a la evoluci\u00f3n de la pandemia, el Servicio de Vigilancia Epidemiol\u00f3gica ha notificado hoy 52 nuevos casos diagnosticados en el d\u00eda de ayer.<\/p>\n<p>Los afectados son asintom\u00e1ticos o presentan s\u00edntomas leves, por lo que permanecen en aislamiento en sus domicilios,<strong> excepto una persona que ha precisado ingreso hospitalario<\/strong>.<\/p>\n<p>Entre los nuevos diagnosticados, hay varios veraneantes en el municipio de Llanes. Adem\u00e1s, se han confirmado dos positivos vinculados al brote de tres bares de Avil\u00e9s, <strong>con lo que se eleva a 18 el n\u00famero de afectados en este episodio<\/strong>.<\/p>\n<p>Durante esta ma\u00f1ana, se han tomado muestras a m\u00e1s de 300 personas en el autocovid instalado en el aparcamiento del Pabell\u00f3n de Exposiciones de La Magdalena. El Servicio de Salud del Principado de Asturias (Sespa) realiz\u00f3 ayer por la tarde un llamamiento para un cribado extensivo de los clientes que estuvieron entre el 17 y 30 de agosto en la cafeter\u00eda Valsa y los bares Piol y Don Pelayo.<\/p>\n<p>La direcci\u00f3n del \u00e1rea sanitaria III pide a las personas con cita previa que acudan puntuales para una toma de muestras PCR segura y \u00e1gil.<\/p>\n<p>El Sespa recuerda a las 1.300 personas que ya han cumplimentado el formulario que deben limitar su vida social, vigilar su estado y cumplir rigurosamente con las medidas de protecci\u00f3n: lavado frecuente de manos con jab\u00f3n, uso correcto de la mascarilla y mantenimiento de la distancia interpersonal de, al menos, metro y medio.<\/p>\n<p>Dicho formulario est\u00e1 disponible en el siguiente enlace de Astursalud (<a href=\"https:\/\/www.astursalud.es\/en\/formulario-pcr\" target=\"_blank\" rel=\"noopener noreferrer\"><span style=\"color: #ff6600;\"><strong>https:\/\/www.astursalud.es\/en\/formulario-pcr<\/strong><\/span><\/a>). Tambi\u00e9n se puede llamar al tel\u00e9fono gratuito 984 100 400. El servicio CovidResponde atiende las consultas de la ciudadan\u00eda sobre el coronavirus y redirige las llamadas si se precisa asistencia sanitaria.<\/p>\n<h3>Recomendaciones<\/h3>\n<p>Las autoridades sanitarias apelan a la responsabilidad social de las personas que est\u00e1n pendientes del resultado de una PCR o que son consideradas contactos estrechos. Deben restringir su vida social, permanecer en su domicilio y cumplir rigurosamente la cuarentena.<\/p>\n<p>La Direcci\u00f3n General de Salud P\u00fablica insta a la ciudadan\u00eda al uso correcto de la mascarilla. Esta medida de prevenci\u00f3n es obligatoria en Asturias para mayores de seis a\u00f1os en las v\u00edas p\u00fablicas y espacios al aire libre, as\u00ed como en cualquier espacio cerrado de uso p\u00fablico o que se encuentre abierto al p\u00fablico. Adem\u00e1s, es preceptiva en los medios de transporte p\u00fablicos y privados; en este \u00faltimo caso cuando los ocupantes no residan en el mismo hogar.<\/p>\n<p>El lavado frecuente de manos y el mantenimiento de una distancia interpersonal de seguridad de un metro y medio, como m\u00ednimo, con personas con las que no se conviva constituyen otras medidas eficaces para evitar la trasmisi\u00f3n del virus.<\/p>\n<p>&nbsp;<\/p>\n","protected":false},"excerpt":{"rendered":"<p>La Consejer\u00eda de Salud del Principado de Asturias ha notificado al ministerio siete brotes detectados en la \u00faltima semana. De ellos, dos se localizan en los municipios de Parres y Llanes, ambos en alerta naranja desde el pasado 26 de agosto. El resto se reparten entre las \u00e1reas de Avil\u00e9s, Oviedo y Gij\u00f3n. En la [&hellip;]<\/p>\n","protected":false},"author":1,"featured_media":1074934,"comment_status":"closed","ping_status":"closed","sticky":false,"template":"","format":"standard","meta":{"footnotes":""},"categories":[12,141],"tags":[],"class_list":["post-1074933","post","type-post","status-publish","format-standard","has-post-thumbnail","hentry","category-actualidad-asturias","category-destacadas"],"aioseo_notices":[],"aioseo_head":"\n\t\t<!-- All in One SEO Pro 4.9.6.2 - aioseo.com -->\n\t<meta name=\"description\" content=\"La Consejer\u00eda de Salud del Principado de Asturias ha notificado al ministerio siete brotes detectados en la \u00faltima semana. De ellos, dos se localizan en los municipios de Parres y Llanes, ambos en alerta naranja desde el pasado 26 de agosto. El resto se reparten entre las \u00e1reas de Avil\u00e9s, Oviedo y Gij\u00f3n. En la\" \/>\n\t<meta name=\"robots\" content=\"max-image-preview:large\" \/>\n\t<meta name=\"author\" content=\"El Digital de Asturias\"\/>\n\t<meta name=\"google-site-verification\" content=\"UA-38556648-1\" \/>\n\t<meta name=\"msvalidate.01\" content=\"7dfe9f3f1b24437ab69f4f2559babe99\" \/>\n\t<meta name=\"keywords\" content=\"actualidad asturias,destacadas\" \/>\n\t<link rel=\"canonical\" href=\"https:\/\/www.eldigitaldeasturias.com\/noticias\/covid-19-asturias-18-brotes-y-198-positivos\/\" \/>\n\t<meta name=\"generator\" content=\"All in One SEO Pro (AIOSEO) 4.9.6.2\" \/>\n\t\t<meta property=\"og:locale\" content=\"es_ES\" \/>\n\t\t<meta property=\"og:site_name\" content=\"El Digital de Asturias\" \/>\n\t\t<meta property=\"og:type\" content=\"article\" \/>\n\t\t<meta property=\"og:title\" content=\"Covid-19 Asturias: 18 brotes y 198 positivos - El Digital de Asturias\" \/>\n\t\t<meta property=\"og:description\" content=\"La Consejer\u00eda de Salud del Principado de Asturias ha notificado al ministerio siete brotes detectados en la \u00faltima semana. De ellos, dos se localizan en los municipios de Parres y Llanes, ambos en alerta naranja desde el pasado 26 de agosto. El resto se reparten entre las \u00e1reas de Avil\u00e9s, Oviedo y Gij\u00f3n. En la\" \/>\n\t\t<meta property=\"og:url\" content=\"https:\/\/www.eldigitaldeasturias.com\/noticias\/covid-19-asturias-18-brotes-y-198-positivos\/\" \/>\n\t\t<meta property=\"og:image\" content=\"https:\/\/www.eldigitaldeasturias.com\/noticias\/wp-content\/uploads\/2020\/09\/coronavirus-4914026_1280.jpg\" \/>\n\t\t<meta property=\"og:image:secure_url\" content=\"https:\/\/www.eldigitaldeasturias.com\/noticias\/wp-content\/uploads\/2020\/09\/coronavirus-4914026_1280.jpg\" \/>\n\t\t<meta property=\"og:image:width\" content=\"1280\" \/>\n\t\t<meta property=\"og:image:height\" content=\"720\" \/>\n\t\t<meta property=\"article:tag\" content=\"actualidad asturias\" \/>\n\t\t<meta property=\"article:tag\" content=\"destacadas\" \/>\n\t\t<meta property=\"article:published_time\" content=\"2020-09-03T13:39:03+00:00\" \/>\n\t\t<meta property=\"article:modified_time\" content=\"2020-09-03T13:39:03+00:00\" \/>\n\t\t<meta property=\"article:publisher\" content=\"https:\/\/facebook.com\/eldigitaldeasturias\" \/>\n\t\t<meta name=\"twitter:card\" content=\"summary_large_image\" \/>\n\t\t<meta name=\"twitter:title\" content=\"Covid-19 Asturias: 18 brotes y 198 positivos - El Digital de Asturias\" \/>\n\t\t<meta name=\"twitter:description\" content=\"La Consejer\u00eda de Salud del Principado de Asturias ha notificado al ministerio siete brotes detectados en la \u00faltima semana. De ellos, dos se localizan en los municipios de Parres y Llanes, ambos en alerta naranja desde el pasado 26 de agosto. El resto se reparten entre las \u00e1reas de Avil\u00e9s, Oviedo y Gij\u00f3n. En la\" \/>\n\t\t<meta name=\"twitter:image\" content=\"https:\/\/www.eldigitaldeasturias.com\/noticias\/wp-content\/uploads\/2020\/09\/coronavirus-4914026_1280.jpg\" \/>\n\t\t<meta name=\"twitter:label1\" content=\"Escrito por\" \/>\n\t\t<meta name=\"twitter:data1\" content=\"El Digital de Asturias\" \/>\n\t\t<meta name=\"twitter:label2\" content=\"Tiempo de lectura estimado\" \/>\n\t\t<meta name=\"twitter:data2\" content=\"3 minutos\" \/>\n\t\t<script type=\"application\/ld+json\" class=\"aioseo-schema\">\n\t\t\t{\"@context\":\"https:\\\/\\\/schema.org\",\"@graph\":[{\"@type\":\"BlogPosting\",\"@id\":\"https:\\\/\\\/www.eldigitaldeasturias.com\\\/noticias\\\/covid-19-asturias-18-brotes-y-198-positivos\\\/#blogposting\",\"name\":\"Covid-19 Asturias: 18 brotes y 198 positivos - El Digital de Asturias\",\"headline\":\"Covid-19 Asturias: 18 brotes y 198 positivos\",\"author\":{\"@id\":\"https:\\\/\\\/www.eldigitaldeasturias.com\\\/noticias\\\/author\\\/admin\\\/#author\"},\"publisher\":{\"@id\":\"https:\\\/\\\/www.eldigitaldeasturias.com\\\/noticias\\\/#organization\"},\"image\":{\"@type\":\"ImageObject\",\"url\":\"https:\\\/\\\/www.eldigitaldeasturias.com\\\/noticias\\\/wp-content\\\/uploads\\\/2020\\\/09\\\/coronavirus-4914026_1280.jpg\",\"width\":1280,\"height\":720,\"caption\":\"Covid-19\"},\"datePublished\":\"2020-09-03T13:39:03+02:00\",\"dateModified\":\"2020-09-03T13:39:03+02:00\",\"inLanguage\":\"es-ES\",\"mainEntityOfPage\":{\"@id\":\"https:\\\/\\\/www.eldigitaldeasturias.com\\\/noticias\\\/covid-19-asturias-18-brotes-y-198-positivos\\\/#webpage\"},\"isPartOf\":{\"@id\":\"https:\\\/\\\/www.eldigitaldeasturias.com\\\/noticias\\\/covid-19-asturias-18-brotes-y-198-positivos\\\/#webpage\"},\"articleSection\":\"Actualidad Asturias, Destacadas\"},{\"@type\":\"BreadcrumbList\",\"@id\":\"https:\\\/\\\/www.eldigitaldeasturias.com\\\/noticias\\\/covid-19-asturias-18-brotes-y-198-positivos\\\/#breadcrumblist\",\"itemListElement\":[{\"@type\":\"ListItem\",\"@id\":\"https:\\\/\\\/www.eldigitaldeasturias.com\\\/noticias#listItem\",\"position\":1,\"name\":\"Home\",\"item\":\"https:\\\/\\\/www.eldigitaldeasturias.com\\\/noticias\",\"nextItem\":{\"@type\":\"ListItem\",\"@id\":\"https:\\\/\\\/www.eldigitaldeasturias.com\\\/noticias\\\/category\\\/actualidad-asturias\\\/#listItem\",\"name\":\"Actualidad Asturias\"}},{\"@type\":\"ListItem\",\"@id\":\"https:\\\/\\\/www.eldigitaldeasturias.com\\\/noticias\\\/category\\\/actualidad-asturias\\\/#listItem\",\"position\":2,\"name\":\"Actualidad Asturias\",\"item\":\"https:\\\/\\\/www.eldigitaldeasturias.com\\\/noticias\\\/category\\\/actualidad-asturias\\\/\",\"nextItem\":{\"@type\":\"ListItem\",\"@id\":\"https:\\\/\\\/www.eldigitaldeasturias.com\\\/noticias\\\/covid-19-asturias-18-brotes-y-198-positivos\\\/#listItem\",\"name\":\"Covid-19 Asturias: 18 brotes y 198 positivos\"},\"previousItem\":{\"@type\":\"ListItem\",\"@id\":\"https:\\\/\\\/www.eldigitaldeasturias.com\\\/noticias#listItem\",\"name\":\"Home\"}},{\"@type\":\"ListItem\",\"@id\":\"https:\\\/\\\/www.eldigitaldeasturias.com\\\/noticias\\\/covid-19-asturias-18-brotes-y-198-positivos\\\/#listItem\",\"position\":3,\"name\":\"Covid-19 Asturias: 18 brotes y 198 positivos\",\"previousItem\":{\"@type\":\"ListItem\",\"@id\":\"https:\\\/\\\/www.eldigitaldeasturias.com\\\/noticias\\\/category\\\/actualidad-asturias\\\/#listItem\",\"name\":\"Actualidad Asturias\"}}]},{\"@type\":\"Organization\",\"@id\":\"https:\\\/\\\/www.eldigitaldeasturias.com\\\/noticias\\\/#organization\",\"name\":\"El Digital de Asturias\",\"description\":\"Hemeroteca\",\"url\":\"https:\\\/\\\/www.eldigitaldeasturias.com\\\/noticias\\\/\",\"email\":\"info@eldigitaldeasturias.com\",\"telephone\":\"+34652131393\",\"logo\":{\"@type\":\"ImageObject\",\"url\":\"https:\\\/\\\/www.eldigitaldeasturias.com\\\/noticias\\\/wp-content\\\/uploads\\\/2020\\\/12\\\/EDA.jpg\",\"@id\":\"https:\\\/\\\/www.eldigitaldeasturias.com\\\/noticias\\\/covid-19-asturias-18-brotes-y-198-positivos\\\/#organizationLogo\",\"width\":649,\"height\":297},\"image\":{\"@id\":\"https:\\\/\\\/www.eldigitaldeasturias.com\\\/noticias\\\/covid-19-asturias-18-brotes-y-198-positivos\\\/#organizationLogo\"},\"sameAs\":[\"https:\\\/\\\/facebook.com\\\/eldigitaldeasturias\",\"https:\\\/\\\/www.youtube.com\\\/channel\\\/UCZP-2wLEB9Rv6erhFmqVnvg\"],\"address\":{\"@id\":\"https:\\\/\\\/www.eldigitaldeasturias.com\\\/noticias\\\/#postaladdress\",\"@type\":\"PostalAddress\",\"streetAddress\":\"san antonio 4,\",\"postalCode\":\"33430\",\"addressLocality\":\"Cand\\u00e1s\",\"addressRegion\":\"Asturias\",\"addressCountry\":\"ES\"}},{\"@type\":\"Person\",\"@id\":\"https:\\\/\\\/www.eldigitaldeasturias.com\\\/noticias\\\/author\\\/admin\\\/#author\",\"url\":\"https:\\\/\\\/www.eldigitaldeasturias.com\\\/noticias\\\/author\\\/admin\\\/\",\"name\":\"El Digital de Asturias\",\"image\":{\"@type\":\"ImageObject\",\"@id\":\"https:\\\/\\\/www.eldigitaldeasturias.com\\\/noticias\\\/covid-19-asturias-18-brotes-y-198-positivos\\\/#authorImage\",\"url\":\"https:\\\/\\\/www.eldigitaldeasturias.com\\\/noticias\\\/wp-content\\\/litespeed\\\/avatar\\\/18677e78aa0546b92d9dbf31ec7d7668.jpg?ver=1776685526\",\"width\":96,\"height\":96,\"caption\":\"El Digital de Asturias\"}},{\"@type\":\"WebPage\",\"@id\":\"https:\\\/\\\/www.eldigitaldeasturias.com\\\/noticias\\\/covid-19-asturias-18-brotes-y-198-positivos\\\/#webpage\",\"url\":\"https:\\\/\\\/www.eldigitaldeasturias.com\\\/noticias\\\/covid-19-asturias-18-brotes-y-198-positivos\\\/\",\"name\":\"Covid-19 Asturias: 18 brotes y 198 positivos - El Digital de Asturias\",\"description\":\"La Consejer\\u00eda de Salud del Principado de Asturias ha notificado al ministerio siete brotes detectados en la \\u00faltima semana. De ellos, dos se localizan en los municipios de Parres y Llanes, ambos en alerta naranja desde el pasado 26 de agosto. El resto se reparten entre las \\u00e1reas de Avil\\u00e9s, Oviedo y Gij\\u00f3n. En la\",\"inLanguage\":\"es-ES\",\"isPartOf\":{\"@id\":\"https:\\\/\\\/www.eldigitaldeasturias.com\\\/noticias\\\/#website\"},\"breadcrumb\":{\"@id\":\"https:\\\/\\\/www.eldigitaldeasturias.com\\\/noticias\\\/covid-19-asturias-18-brotes-y-198-positivos\\\/#breadcrumblist\"},\"author\":{\"@id\":\"https:\\\/\\\/www.eldigitaldeasturias.com\\\/noticias\\\/author\\\/admin\\\/#author\"},\"creator\":{\"@id\":\"https:\\\/\\\/www.eldigitaldeasturias.com\\\/noticias\\\/author\\\/admin\\\/#author\"},\"image\":{\"@type\":\"ImageObject\",\"url\":\"https:\\\/\\\/www.eldigitaldeasturias.com\\\/noticias\\\/wp-content\\\/uploads\\\/2020\\\/09\\\/coronavirus-4914026_1280.jpg\",\"@id\":\"https:\\\/\\\/www.eldigitaldeasturias.com\\\/noticias\\\/covid-19-asturias-18-brotes-y-198-positivos\\\/#mainImage\",\"width\":1280,\"height\":720,\"caption\":\"Covid-19\"},\"primaryImageOfPage\":{\"@id\":\"https:\\\/\\\/www.eldigitaldeasturias.com\\\/noticias\\\/covid-19-asturias-18-brotes-y-198-positivos\\\/#mainImage\"},\"datePublished\":\"2020-09-03T13:39:03+02:00\",\"dateModified\":\"2020-09-03T13:39:03+02:00\"},{\"@type\":\"WebSite\",\"@id\":\"https:\\\/\\\/www.eldigitaldeasturias.com\\\/noticias\\\/#website\",\"url\":\"https:\\\/\\\/www.eldigitaldeasturias.com\\\/noticias\\\/\",\"name\":\"El Digital de Asturias - Diario de actualidad y noticias\",\"alternateName\":\"El Digital de Asturias - Diario de actualidad y noticias\",\"description\":\"Hemeroteca\",\"inLanguage\":\"es-ES\",\"publisher\":{\"@id\":\"https:\\\/\\\/www.eldigitaldeasturias.com\\\/noticias\\\/#organization\"}}]}\n\t\t<\/script>\n\t\t<!-- All in One SEO Pro -->\r\n\t\t<title>Covid-19 Asturias: 18 brotes y 198 positivos - El Digital de Asturias<\/title>\n\n","aioseo_head_json":{"title":"Covid-19 Asturias: 18 brotes y 198 positivos - El Digital de Asturias","description":"La Consejer\u00eda de Salud del Principado de Asturias ha notificado al ministerio siete brotes detectados en la \u00faltima semana. De ellos, dos se localizan en los municipios de Parres y Llanes, ambos en alerta naranja desde el pasado 26 de agosto. El resto se reparten entre las \u00e1reas de Avil\u00e9s, Oviedo y Gij\u00f3n. En la","canonical_url":"https:\/\/www.eldigitaldeasturias.com\/noticias\/covid-19-asturias-18-brotes-y-198-positivos\/","robots":"max-image-preview:large","keywords":"actualidad asturias,destacadas","webmasterTools":{"google-site-verification":"UA-38556648-1","msvalidate.01":"7dfe9f3f1b24437ab69f4f2559babe99","miscellaneous":""},"schema":{"@context":"https:\/\/schema.org","@graph":[{"@type":"BlogPosting","@id":"https:\/\/www.eldigitaldeasturias.com\/noticias\/covid-19-asturias-18-brotes-y-198-positivos\/#blogposting","name":"Covid-19 Asturias: 18 brotes y 198 positivos - El Digital de Asturias","headline":"Covid-19 Asturias: 18 brotes y 198 positivos","author":{"@id":"https:\/\/www.eldigitaldeasturias.com\/noticias\/author\/admin\/#author"},"publisher":{"@id":"https:\/\/www.eldigitaldeasturias.com\/noticias\/#organization"},"image":{"@type":"ImageObject","url":"https:\/\/www.eldigitaldeasturias.com\/noticias\/wp-content\/uploads\/2020\/09\/coronavirus-4914026_1280.jpg","width":1280,"height":720,"caption":"Covid-19"},"datePublished":"2020-09-03T13:39:03+02:00","dateModified":"2020-09-03T13:39:03+02:00","inLanguage":"es-ES","mainEntityOfPage":{"@id":"https:\/\/www.eldigitaldeasturias.com\/noticias\/covid-19-asturias-18-brotes-y-198-positivos\/#webpage"},"isPartOf":{"@id":"https:\/\/www.eldigitaldeasturias.com\/noticias\/covid-19-asturias-18-brotes-y-198-positivos\/#webpage"},"articleSection":"Actualidad Asturias, Destacadas"},{"@type":"BreadcrumbList","@id":"https:\/\/www.eldigitaldeasturias.com\/noticias\/covid-19-asturias-18-brotes-y-198-positivos\/#breadcrumblist","itemListElement":[{"@type":"ListItem","@id":"https:\/\/www.eldigitaldeasturias.com\/noticias#listItem","position":1,"name":"Home","item":"https:\/\/www.eldigitaldeasturias.com\/noticias","nextItem":{"@type":"ListItem","@id":"https:\/\/www.eldigitaldeasturias.com\/noticias\/category\/actualidad-asturias\/#listItem","name":"Actualidad Asturias"}},{"@type":"ListItem","@id":"https:\/\/www.eldigitaldeasturias.com\/noticias\/category\/actualidad-asturias\/#listItem","position":2,"name":"Actualidad Asturias","item":"https:\/\/www.eldigitaldeasturias.com\/noticias\/category\/actualidad-asturias\/","nextItem":{"@type":"ListItem","@id":"https:\/\/www.eldigitaldeasturias.com\/noticias\/covid-19-asturias-18-brotes-y-198-positivos\/#listItem","name":"Covid-19 Asturias: 18 brotes y 198 positivos"},"previousItem":{"@type":"ListItem","@id":"https:\/\/www.eldigitaldeasturias.com\/noticias#listItem","name":"Home"}},{"@type":"ListItem","@id":"https:\/\/www.eldigitaldeasturias.com\/noticias\/covid-19-asturias-18-brotes-y-198-positivos\/#listItem","position":3,"name":"Covid-19 Asturias: 18 brotes y 198 positivos","previousItem":{"@type":"ListItem","@id":"https:\/\/www.eldigitaldeasturias.com\/noticias\/category\/actualidad-asturias\/#listItem","name":"Actualidad Asturias"}}]},{"@type":"Organization","@id":"https:\/\/www.eldigitaldeasturias.com\/noticias\/#organization","name":"El Digital de Asturias","description":"Hemeroteca","url":"https:\/\/www.eldigitaldeasturias.com\/noticias\/","email":"info@eldigitaldeasturias.com","telephone":"+34652131393","logo":{"@type":"ImageObject","url":"https:\/\/www.eldigitaldeasturias.com\/noticias\/wp-content\/uploads\/2020\/12\/EDA.jpg","@id":"https:\/\/www.eldigitaldeasturias.com\/noticias\/covid-19-asturias-18-brotes-y-198-positivos\/#organizationLogo","width":649,"height":297},"image":{"@id":"https:\/\/www.eldigitaldeasturias.com\/noticias\/covid-19-asturias-18-brotes-y-198-positivos\/#organizationLogo"},"sameAs":["https:\/\/facebook.com\/eldigitaldeasturias","https:\/\/www.youtube.com\/channel\/UCZP-2wLEB9Rv6erhFmqVnvg"],"address":{"@id":"https:\/\/www.eldigitaldeasturias.com\/noticias\/#postaladdress","@type":"PostalAddress","streetAddress":"san antonio 4,","postalCode":"33430","addressLocality":"Cand\u00e1s","addressRegion":"Asturias","addressCountry":"ES"}},{"@type":"Person","@id":"https:\/\/www.eldigitaldeasturias.com\/noticias\/author\/admin\/#author","url":"https:\/\/www.eldigitaldeasturias.com\/noticias\/author\/admin\/","name":"El Digital de Asturias","image":{"@type":"ImageObject","@id":"https:\/\/www.eldigitaldeasturias.com\/noticias\/covid-19-asturias-18-brotes-y-198-positivos\/#authorImage","url":"https:\/\/www.eldigitaldeasturias.com\/noticias\/wp-content\/litespeed\/avatar\/18677e78aa0546b92d9dbf31ec7d7668.jpg?ver=1776685526","width":96,"height":96,"caption":"El Digital de Asturias"}},{"@type":"WebPage","@id":"https:\/\/www.eldigitaldeasturias.com\/noticias\/covid-19-asturias-18-brotes-y-198-positivos\/#webpage","url":"https:\/\/www.eldigitaldeasturias.com\/noticias\/covid-19-asturias-18-brotes-y-198-positivos\/","name":"Covid-19 Asturias: 18 brotes y 198 positivos - El Digital de Asturias","description":"La Consejer\u00eda de Salud del Principado de Asturias ha notificado al ministerio siete brotes detectados en la \u00faltima semana. De ellos, dos se localizan en los municipios de Parres y Llanes, ambos en alerta naranja desde el pasado 26 de agosto. El resto se reparten entre las \u00e1reas de Avil\u00e9s, Oviedo y Gij\u00f3n. En la","inLanguage":"es-ES","isPartOf":{"@id":"https:\/\/www.eldigitaldeasturias.com\/noticias\/#website"},"breadcrumb":{"@id":"https:\/\/www.eldigitaldeasturias.com\/noticias\/covid-19-asturias-18-brotes-y-198-positivos\/#breadcrumblist"},"author":{"@id":"https:\/\/www.eldigitaldeasturias.com\/noticias\/author\/admin\/#author"},"creator":{"@id":"https:\/\/www.eldigitaldeasturias.com\/noticias\/author\/admin\/#author"},"image":{"@type":"ImageObject","url":"https:\/\/www.eldigitaldeasturias.com\/noticias\/wp-content\/uploads\/2020\/09\/coronavirus-4914026_1280.jpg","@id":"https:\/\/www.eldigitaldeasturias.com\/noticias\/covid-19-asturias-18-brotes-y-198-positivos\/#mainImage","width":1280,"height":720,"caption":"Covid-19"},"primaryImageOfPage":{"@id":"https:\/\/www.eldigitaldeasturias.com\/noticias\/covid-19-asturias-18-brotes-y-198-positivos\/#mainImage"},"datePublished":"2020-09-03T13:39:03+02:00","dateModified":"2020-09-03T13:39:03+02:00"},{"@type":"WebSite","@id":"https:\/\/www.eldigitaldeasturias.com\/noticias\/#website","url":"https:\/\/www.eldigitaldeasturias.com\/noticias\/","name":"El Digital de Asturias - Diario de actualidad y noticias","alternateName":"El Digital de Asturias - Diario de actualidad y noticias","description":"Hemeroteca","inLanguage":"es-ES","publisher":{"@id":"https:\/\/www.eldigitaldeasturias.com\/noticias\/#organization"}}]},"og:locale":"es_ES","og:site_name":"El Digital de Asturias","og:type":"article","og:title":"Covid-19 Asturias: 18 brotes y 198 positivos - El Digital de Asturias","og:description":"La Consejer\u00eda de Salud del Principado de Asturias ha notificado al ministerio siete brotes detectados en la \u00faltima semana. De ellos, dos se localizan en los municipios de Parres y Llanes, ambos en alerta naranja desde el pasado 26 de agosto. El resto se reparten entre las \u00e1reas de Avil\u00e9s, Oviedo y Gij\u00f3n. En la","og:url":"https:\/\/www.eldigitaldeasturias.com\/noticias\/covid-19-asturias-18-brotes-y-198-positivos\/","og:image":"https:\/\/www.eldigitaldeasturias.com\/noticias\/wp-content\/uploads\/2020\/09\/coronavirus-4914026_1280.jpg","og:image:secure_url":"https:\/\/www.eldigitaldeasturias.com\/noticias\/wp-content\/uploads\/2020\/09\/coronavirus-4914026_1280.jpg","og:image:width":1280,"og:image:height":720,"article:tag":["actualidad asturias","destacadas"],"article:published_time":"2020-09-03T13:39:03+00:00","article:modified_time":"2020-09-03T13:39:03+00:00","article:publisher":"https:\/\/facebook.com\/eldigitaldeasturias","twitter:card":"summary_large_image","twitter:title":"Covid-19 Asturias: 18 brotes y 198 positivos - El Digital de Asturias","twitter:description":"La Consejer\u00eda de Salud del Principado de Asturias ha notificado al ministerio siete brotes detectados en la \u00faltima semana. De ellos, dos se localizan en los municipios de Parres y Llanes, ambos en alerta naranja desde el pasado 26 de agosto. El resto se reparten entre las \u00e1reas de Avil\u00e9s, Oviedo y Gij\u00f3n. En la","twitter:image":"https:\/\/www.eldigitaldeasturias.com\/noticias\/wp-content\/uploads\/2020\/09\/coronavirus-4914026_1280.jpg","twitter:label1":"Escrito por","twitter:data1":"El Digital de Asturias","twitter:label2":"Tiempo de lectura estimado","twitter:data2":"3 minutos"},"aioseo_meta_data":{"post_id":"1074933","title":null,"description":"","keywords":"","keyphrases":null,"primary_term":null,"canonical_url":"","og_title":null,"og_description":null,"og_object_type":"default","og_image_type":"default","og_image_url":null,"og_image_width":null,"og_image_height":null,"og_image_custom_url":null,"og_image_custom_fields":null,"og_video":null,"og_custom_url":null,"og_article_section":null,"og_article_tags":null,"twitter_use_og":false,"twitter_card":"default","twitter_image_type":"default","twitter_image_url":null,"twitter_image_custom_url":null,"twitter_image_custom_fields":null,"twitter_title":null,"twitter_description":null,"schema":{"blockGraphs":[],"customGraphs":[],"default":{"data":{"Article":[],"Course":[],"Dataset":[],"FAQPage":[],"Movie":[],"Person":[],"Product":[],"ProductReview":[],"Car":[],"Recipe":[],"Service":[],"SoftwareApplication":[],"WebPage":[]},"graphName":"","isEnabled":true},"graphs":[]},"schema_type":null,"schema_type_options":null,"pillar_content":false,"robots_default":true,"robots_noindex":false,"robots_noarchive":false,"robots_nosnippet":false,"robots_nofollow":false,"robots_noimageindex":false,"robots_noodp":false,"robots_notranslate":false,"robots_max_snippet":null,"robots_max_videopreview":null,"robots_max_imagepreview":"large","priority":null,"frequency":"default","local_seo":null,"seo_analyzer_scan_date":"2025-09-13 13:20:51","breadcrumb_settings":null,"limit_modified_date":false,"open_ai":null,"ai":null,"created":"2020-12-21 10:41:29","updated":"2025-09-13 13:20:51"},"aioseo_breadcrumb":"<div class=\"aioseo-breadcrumbs\"><span class=\"aioseo-breadcrumb\">\n\t<a href=\"https:\/\/www.eldigitaldeasturias.com\/noticias\" title=\"Home\">Home<\/a>\n<\/span><span class=\"aioseo-breadcrumb-separator\">\u2013<\/span><span class=\"aioseo-breadcrumb\">\n\t<a href=\"https:\/\/www.eldigitaldeasturias.com\/noticias\/category\/actualidad-asturias\/\" title=\"Actualidad Asturias\">Actualidad Asturias<\/a>\n<\/span><span class=\"aioseo-breadcrumb-separator\">\u2013<\/span><span class=\"aioseo-breadcrumb\">\n\t<a href=\"https:\/\/www.eldigitaldeasturias.com\/noticias\/covid-19-asturias-18-brotes-y-198-positivos\/\" title=\"Covid-19 Asturias: 18 brotes y 198 positivos\">Covid-19 Asturias: 18 brotes y 198 positivos<\/a>\n<\/span><\/div>","aioseo_breadcrumb_json":[{"label":"Home","link":"https:\/\/www.eldigitaldeasturias.com\/noticias"},{"label":"Actualidad Asturias","link":"https:\/\/www.eldigitaldeasturias.com\/noticias\/category\/actualidad-asturias\/"},{"label":"Covid-19 Asturias: 18 brotes y 198 positivos","link":"https:\/\/www.eldigitaldeasturias.com\/noticias\/covid-19-asturias-18-brotes-y-198-positivos\/"}],"_links":{"self":[{"href":"https:\/\/www.eldigitaldeasturias.com\/noticias\/wp-json\/wp\/v2\/posts\/1074933","targetHints":{"allow":["GET"]}}],"collection":[{"href":"https:\/\/www.eldigitaldeasturias.com\/noticias\/wp-json\/wp\/v2\/posts"}],"about":[{"href":"https:\/\/www.eldigitaldeasturias.com\/noticias\/wp-json\/wp\/v2\/types\/post"}],"author":[{"embeddable":true,"href":"https:\/\/www.eldigitaldeasturias.com\/noticias\/wp-json\/wp\/v2\/users\/1"}],"replies":[{"embeddable":true,"href":"https:\/\/www.eldigitaldeasturias.com\/noticias\/wp-json\/wp\/v2\/comments?post=1074933"}],"version-history":[{"count":0,"href":"https:\/\/www.eldigitaldeasturias.com\/noticias\/wp-json\/wp\/v2\/posts\/1074933\/revisions"}],"wp:featuredmedia":[{"embeddable":true,"href":"https:\/\/www.eldigitaldeasturias.com\/noticias\/wp-json\/wp\/v2\/media\/1074934"}],"wp:attachment":[{"href":"https:\/\/www.eldigitaldeasturias.com\/noticias\/wp-json\/wp\/v2\/media?parent=1074933"}],"wp:term":[{"taxonomy":"category","embeddable":true,"href":"https:\/\/www.eldigitaldeasturias.com\/noticias\/wp-json\/wp\/v2\/categories?post=1074933"},{"taxonomy":"post_tag","embeddable":true,"href":"https:\/\/www.eldigitaldeasturias.com\/noticias\/wp-json\/wp\/v2\/tags?post=1074933"}],"curies":[{"name":"wp","href":"https:\/\/api.w.org\/{rel}","templated":true}]}}