{"id":1074820,"date":"2020-09-02T10:27:30","date_gmt":"2020-09-02T10:27:30","guid":{"rendered":"https:\/\/www.eldigitaldeasturias.com\/noticias\/?p=1074820"},"modified":"2020-09-02T10:27:30","modified_gmt":"2020-09-02T10:27:30","slug":"datos-del-paro-en-asturias-agosto-2020","status":"publish","type":"post","link":"https:\/\/www.eldigitaldeasturias.com\/noticias\/datos-del-paro-en-asturias-agosto-2020\/","title":{"rendered":"Datos del paro en Asturias: Agosto 2020"},"content":{"rendered":"<p><img loading=\"lazy\" decoding=\"async\" class=\"alignleft size-medium wp-image-1074821\" src=\"https:\/\/www.eldigitaldeasturias.com\/noticias\/wp-content\/uploads\/2020\/09\/startup-593341_1280-360x240.jpg\" alt=\"\" width=\"360\" height=\"240\" srcset=\"https:\/\/www.eldigitaldeasturias.com\/noticias\/wp-content\/uploads\/2020\/09\/startup-593341_1280-360x240.jpg 360w, https:\/\/www.eldigitaldeasturias.com\/noticias\/wp-content\/uploads\/2020\/09\/startup-593341_1280-690x460.jpg 690w, https:\/\/www.eldigitaldeasturias.com\/noticias\/wp-content\/uploads\/2020\/09\/startup-593341_1280-450x300.jpg 450w, https:\/\/www.eldigitaldeasturias.com\/noticias\/wp-content\/uploads\/2020\/09\/startup-593341_1280-768x512.jpg 768w, https:\/\/www.eldigitaldeasturias.com\/noticias\/wp-content\/uploads\/2020\/09\/startup-593341_1280-696x464.jpg 696w, https:\/\/www.eldigitaldeasturias.com\/noticias\/wp-content\/uploads\/2020\/09\/startup-593341_1280-1068x712.jpg 1068w, https:\/\/www.eldigitaldeasturias.com\/noticias\/wp-content\/uploads\/2020\/09\/startup-593341_1280-630x420.jpg 630w, https:\/\/www.eldigitaldeasturias.com\/noticias\/wp-content\/uploads\/2020\/09\/startup-593341_1280.jpg 1280w\" sizes=\"auto, (max-width: 360px) 100vw, 360px\" \/>El n\u00famero de desempleados registrados en las oficinas del <strong>Servicio P\u00fablico de Empleo del Principado de Asturias<\/strong> (Sepepa) encadena tres meses consecutivos de descensos tras registrar en agosto una ca\u00edda en t\u00e9rminos absolutos en 335 personas y del -0,43% en t\u00e9rminos relativos. Con este nuevo retroceso, <strong>el paro se sit\u00faa en 77.298 personas<\/strong>, con una evoluci\u00f3n m\u00e1s favorable que en el conjunto de Espa\u00f1a, donde el n\u00famero de desocupados aument\u00f3 un 0,79%.<\/p>\n<p>Este descenso confirma la tendencia iniciada en junio y la progresiva recuperaci\u00f3n del mercado laboral asturiano tras el fuerte impacto causado por la crisis sanitaria. <strong>De hecho, la cifra media de desocupados en el Principado se situ\u00f3 en agosto por debajo de la registrada en marzo<\/strong>, el primer mes de declaraci\u00f3n del estado de alarma, que se hab\u00eda cerrado con 77.451 desempleados.<\/p>\n<p><strong>El paro descendi\u00f3 en todos los sectores de actividad salvo en agricultura y pesca y en el colectivo de personas sin empleo anterior<\/strong>, en ambos sexos y en todos los grupos de edad a excepci\u00f3n de los menores de 25 a\u00f1os. En el sector servicios decreci\u00f3 en 406 personas (-0,73%), en 150 personas en la construcci\u00f3n (-2.27%) y en 67 en la industria (-1%). En agosto de 2019 y de 2018, el paro hab\u00eda registrado leves subidas en Asturias.<\/p>\n<p>Como es habitual en un mes de campa\u00f1a tur\u00edstica, los concejos con mayor afluencia de visitantes han liderado los descensos porcentuales, si bien con variaciones en las tendencias y datos m\u00e1s moderados que el mes pasado. Por municipios, el desempleo desciende en los de mayor poblaci\u00f3n: 129 en Oviedo (-0,79%) y 72 en Gij\u00f3n (-0,31%) y creci\u00f3 levemente en Avil\u00e9s (0,14% o 9 parados m\u00e1s). No obstante, las ca\u00eddas m\u00e1s relevantes se concentran en algunos de los concejos m\u00e1s dependientes de la actividad tur\u00edstica, concretamente en Cabrales (-1,12%) Cangas de On\u00eds (-3,13%), Colunga (-1,43%) y On\u00eds (-3,23%), mientras que registr\u00f3 leves aumentos en Vald\u00e9s (0,51%) y en Llanes (1,74%).<\/p>\n<p>En cuanto a las afiliaciones a la Seguridad Social, la evoluci\u00f3n tambi\u00e9n ha sido favorable, con 3.505 cotizantes m\u00e1s (+0,97%), hasta alcanzar las 363.791 personas de alta. En agosto, seg\u00fan datos del Ministerio de Trabajo y Seguridad Social, se contabilizaron en Asturias 21.675 contratos de los que 1.699 fueron indefinidos.<\/p>\n<p>A pesar de estos resultados positivos, <strong>el Gobierno de Asturias opta de nuevo por la prudencia en la valoraci\u00f3n, ya que el n\u00famero de personas desocupadas sigue siendo muy superior al de hace un a\u00f1o<\/strong>: concretamente, 11.808 parados m\u00e1s (18,03%), con incrementos superiores al 20% en la industria, del 18% en la construcci\u00f3n y cercanos al 17% en los servicios.<\/p>\n<p>La directora gerente del Servicio P\u00fablico de Empleo (Sepepa), Pilar Varela, valora positivamente la evoluci\u00f3n del desempleo en agosto y que se confirme una tendencia m\u00e1s favorable que el promedio de Espa\u00f1a. No obstante, recuerda que la crisis sanitaria ha tenido un impacto muy profundo en el mercado de trabajo y se desconoce c\u00f3mo puede evolucionar la situaci\u00f3n en los pr\u00f3ximos meses. As\u00ed, recuerda que el pico m\u00e1s alto del paro se alcanz\u00f3 el 18 de mayo con 84.487 desempleados y hoy, 2 de septiembre, hay registrados 4.189 demandantes m\u00e1s que el pasado 16 de marzo, el primer d\u00eda de estado de alarma.<\/p>\n<p>&nbsp;<\/p>\n","protected":false},"excerpt":{"rendered":"<p>El n\u00famero de desempleados registrados en las oficinas del Servicio P\u00fablico de Empleo del Principado de Asturias (Sepepa) encadena tres meses consecutivos de descensos tras registrar en agosto una ca\u00edda en t\u00e9rminos absolutos en 335 personas y del -0,43% en t\u00e9rminos relativos. Con este nuevo retroceso, el paro se sit\u00faa en 77.298 personas, con una [&hellip;]<\/p>\n","protected":false},"author":1,"featured_media":1074821,"comment_status":"closed","ping_status":"closed","sticky":false,"template":"","format":"standard","meta":{"footnotes":""},"categories":[141,187],"tags":[],"class_list":["post-1074820","post","type-post","status-publish","format-standard","has-post-thumbnail","hentry","category-destacadas","category-economia"],"aioseo_notices":[],"aioseo_head":"\n\t\t<!-- All in One SEO Pro 4.9.6.2 - aioseo.com -->\n\t<meta name=\"description\" content=\"El n\u00famero de desempleados registrados en las oficinas del Servicio P\u00fablico de Empleo del Principado de Asturias (Sepepa) encadena tres meses consecutivos de descensos tras registrar en agosto una ca\u00edda en t\u00e9rminos absolutos en 335 personas y del -0,43% en t\u00e9rminos relativos. Con este nuevo retroceso, el paro se sit\u00faa en 77.298 personas, con una\" \/>\n\t<meta name=\"robots\" content=\"max-image-preview:large\" \/>\n\t<meta name=\"author\" content=\"El Digital de Asturias\"\/>\n\t<meta name=\"google-site-verification\" content=\"UA-38556648-1\" \/>\n\t<meta name=\"msvalidate.01\" content=\"7dfe9f3f1b24437ab69f4f2559babe99\" \/>\n\t<meta name=\"keywords\" content=\"destacadas,econom\u00eda\" \/>\n\t<link rel=\"canonical\" href=\"https:\/\/www.eldigitaldeasturias.com\/noticias\/datos-del-paro-en-asturias-agosto-2020\/\" \/>\n\t<meta name=\"generator\" content=\"All in One SEO Pro (AIOSEO) 4.9.6.2\" \/>\n\t\t<meta property=\"og:locale\" content=\"es_ES\" \/>\n\t\t<meta property=\"og:site_name\" content=\"El Digital de Asturias\" \/>\n\t\t<meta property=\"og:type\" content=\"article\" \/>\n\t\t<meta property=\"og:title\" content=\"Datos del paro en Asturias: Agosto 2020 - El Digital de Asturias\" \/>\n\t\t<meta property=\"og:description\" content=\"El n\u00famero de desempleados registrados en las oficinas del Servicio P\u00fablico de Empleo del Principado de Asturias (Sepepa) encadena tres meses consecutivos de descensos tras registrar en agosto una ca\u00edda en t\u00e9rminos absolutos en 335 personas y del -0,43% en t\u00e9rminos relativos. Con este nuevo retroceso, el paro se sit\u00faa en 77.298 personas, con una\" \/>\n\t\t<meta property=\"og:url\" content=\"https:\/\/www.eldigitaldeasturias.com\/noticias\/datos-del-paro-en-asturias-agosto-2020\/\" \/>\n\t\t<meta property=\"og:image\" content=\"https:\/\/www.eldigitaldeasturias.com\/noticias\/wp-content\/uploads\/2020\/09\/startup-593341_1280.jpg\" \/>\n\t\t<meta property=\"og:image:secure_url\" content=\"https:\/\/www.eldigitaldeasturias.com\/noticias\/wp-content\/uploads\/2020\/09\/startup-593341_1280.jpg\" \/>\n\t\t<meta property=\"og:image:width\" content=\"1280\" \/>\n\t\t<meta property=\"og:image:height\" content=\"853\" \/>\n\t\t<meta property=\"article:tag\" content=\"destacadas\" \/>\n\t\t<meta property=\"article:tag\" content=\"econom\u00eda\" \/>\n\t\t<meta property=\"article:published_time\" content=\"2020-09-02T10:27:30+00:00\" \/>\n\t\t<meta property=\"article:modified_time\" content=\"2020-09-02T10:27:30+00:00\" \/>\n\t\t<meta property=\"article:publisher\" content=\"https:\/\/facebook.com\/eldigitaldeasturias\" \/>\n\t\t<meta name=\"twitter:card\" content=\"summary_large_image\" \/>\n\t\t<meta name=\"twitter:title\" content=\"Datos del paro en Asturias: Agosto 2020 - El Digital de Asturias\" \/>\n\t\t<meta name=\"twitter:description\" content=\"El n\u00famero de desempleados registrados en las oficinas del Servicio P\u00fablico de Empleo del Principado de Asturias (Sepepa) encadena tres meses consecutivos de descensos tras registrar en agosto una ca\u00edda en t\u00e9rminos absolutos en 335 personas y del -0,43% en t\u00e9rminos relativos. Con este nuevo retroceso, el paro se sit\u00faa en 77.298 personas, con una\" \/>\n\t\t<meta name=\"twitter:image\" content=\"https:\/\/www.eldigitaldeasturias.com\/noticias\/wp-content\/uploads\/2020\/09\/startup-593341_1280.jpg\" \/>\n\t\t<meta name=\"twitter:label1\" content=\"Escrito por\" \/>\n\t\t<meta name=\"twitter:data1\" content=\"El Digital de Asturias\" \/>\n\t\t<meta name=\"twitter:label2\" content=\"Tiempo de lectura estimado\" \/>\n\t\t<meta name=\"twitter:data2\" content=\"3 minutos\" \/>\n\t\t<script type=\"application\/ld+json\" class=\"aioseo-schema\">\n\t\t\t{\"@context\":\"https:\\\/\\\/schema.org\",\"@graph\":[{\"@type\":\"BlogPosting\",\"@id\":\"https:\\\/\\\/www.eldigitaldeasturias.com\\\/noticias\\\/datos-del-paro-en-asturias-agosto-2020\\\/#blogposting\",\"name\":\"Datos del paro en Asturias: Agosto 2020 - El Digital de Asturias\",\"headline\":\"Datos del paro en Asturias: Agosto 2020\",\"author\":{\"@id\":\"https:\\\/\\\/www.eldigitaldeasturias.com\\\/noticias\\\/author\\\/admin\\\/#author\"},\"publisher\":{\"@id\":\"https:\\\/\\\/www.eldigitaldeasturias.com\\\/noticias\\\/#organization\"},\"image\":{\"@type\":\"ImageObject\",\"url\":\"https:\\\/\\\/www.eldigitaldeasturias.com\\\/noticias\\\/wp-content\\\/uploads\\\/2020\\\/09\\\/startup-593341_1280.jpg\",\"width\":1280,\"height\":853},\"datePublished\":\"2020-09-02T10:27:30+02:00\",\"dateModified\":\"2020-09-02T10:27:30+02:00\",\"inLanguage\":\"es-ES\",\"mainEntityOfPage\":{\"@id\":\"https:\\\/\\\/www.eldigitaldeasturias.com\\\/noticias\\\/datos-del-paro-en-asturias-agosto-2020\\\/#webpage\"},\"isPartOf\":{\"@id\":\"https:\\\/\\\/www.eldigitaldeasturias.com\\\/noticias\\\/datos-del-paro-en-asturias-agosto-2020\\\/#webpage\"},\"articleSection\":\"Destacadas, Econom\\u00eda\"},{\"@type\":\"BreadcrumbList\",\"@id\":\"https:\\\/\\\/www.eldigitaldeasturias.com\\\/noticias\\\/datos-del-paro-en-asturias-agosto-2020\\\/#breadcrumblist\",\"itemListElement\":[{\"@type\":\"ListItem\",\"@id\":\"https:\\\/\\\/www.eldigitaldeasturias.com\\\/noticias#listItem\",\"position\":1,\"name\":\"Home\",\"item\":\"https:\\\/\\\/www.eldigitaldeasturias.com\\\/noticias\",\"nextItem\":{\"@type\":\"ListItem\",\"@id\":\"https:\\\/\\\/www.eldigitaldeasturias.com\\\/noticias\\\/category\\\/destacadas\\\/#listItem\",\"name\":\"Destacadas\"}},{\"@type\":\"ListItem\",\"@id\":\"https:\\\/\\\/www.eldigitaldeasturias.com\\\/noticias\\\/category\\\/destacadas\\\/#listItem\",\"position\":2,\"name\":\"Destacadas\",\"item\":\"https:\\\/\\\/www.eldigitaldeasturias.com\\\/noticias\\\/category\\\/destacadas\\\/\",\"nextItem\":{\"@type\":\"ListItem\",\"@id\":\"https:\\\/\\\/www.eldigitaldeasturias.com\\\/noticias\\\/datos-del-paro-en-asturias-agosto-2020\\\/#listItem\",\"name\":\"Datos del paro en Asturias: Agosto 2020\"},\"previousItem\":{\"@type\":\"ListItem\",\"@id\":\"https:\\\/\\\/www.eldigitaldeasturias.com\\\/noticias#listItem\",\"name\":\"Home\"}},{\"@type\":\"ListItem\",\"@id\":\"https:\\\/\\\/www.eldigitaldeasturias.com\\\/noticias\\\/datos-del-paro-en-asturias-agosto-2020\\\/#listItem\",\"position\":3,\"name\":\"Datos del paro en Asturias: Agosto 2020\",\"previousItem\":{\"@type\":\"ListItem\",\"@id\":\"https:\\\/\\\/www.eldigitaldeasturias.com\\\/noticias\\\/category\\\/destacadas\\\/#listItem\",\"name\":\"Destacadas\"}}]},{\"@type\":\"Organization\",\"@id\":\"https:\\\/\\\/www.eldigitaldeasturias.com\\\/noticias\\\/#organization\",\"name\":\"El Digital de Asturias\",\"description\":\"Hemeroteca\",\"url\":\"https:\\\/\\\/www.eldigitaldeasturias.com\\\/noticias\\\/\",\"email\":\"info@eldigitaldeasturias.com\",\"telephone\":\"+34652131393\",\"logo\":{\"@type\":\"ImageObject\",\"url\":\"https:\\\/\\\/www.eldigitaldeasturias.com\\\/noticias\\\/wp-content\\\/uploads\\\/2020\\\/12\\\/EDA.jpg\",\"@id\":\"https:\\\/\\\/www.eldigitaldeasturias.com\\\/noticias\\\/datos-del-paro-en-asturias-agosto-2020\\\/#organizationLogo\",\"width\":649,\"height\":297},\"image\":{\"@id\":\"https:\\\/\\\/www.eldigitaldeasturias.com\\\/noticias\\\/datos-del-paro-en-asturias-agosto-2020\\\/#organizationLogo\"},\"sameAs\":[\"https:\\\/\\\/facebook.com\\\/eldigitaldeasturias\",\"https:\\\/\\\/www.youtube.com\\\/channel\\\/UCZP-2wLEB9Rv6erhFmqVnvg\"],\"address\":{\"@id\":\"https:\\\/\\\/www.eldigitaldeasturias.com\\\/noticias\\\/#postaladdress\",\"@type\":\"PostalAddress\",\"streetAddress\":\"san antonio 4,\",\"postalCode\":\"33430\",\"addressLocality\":\"Cand\\u00e1s\",\"addressRegion\":\"Asturias\",\"addressCountry\":\"ES\"}},{\"@type\":\"Person\",\"@id\":\"https:\\\/\\\/www.eldigitaldeasturias.com\\\/noticias\\\/author\\\/admin\\\/#author\",\"url\":\"https:\\\/\\\/www.eldigitaldeasturias.com\\\/noticias\\\/author\\\/admin\\\/\",\"name\":\"El Digital de Asturias\",\"image\":{\"@type\":\"ImageObject\",\"@id\":\"https:\\\/\\\/www.eldigitaldeasturias.com\\\/noticias\\\/datos-del-paro-en-asturias-agosto-2020\\\/#authorImage\",\"url\":\"https:\\\/\\\/www.eldigitaldeasturias.com\\\/noticias\\\/wp-content\\\/litespeed\\\/avatar\\\/18677e78aa0546b92d9dbf31ec7d7668.jpg?ver=1776685526\",\"width\":96,\"height\":96,\"caption\":\"El Digital de Asturias\"}},{\"@type\":\"WebPage\",\"@id\":\"https:\\\/\\\/www.eldigitaldeasturias.com\\\/noticias\\\/datos-del-paro-en-asturias-agosto-2020\\\/#webpage\",\"url\":\"https:\\\/\\\/www.eldigitaldeasturias.com\\\/noticias\\\/datos-del-paro-en-asturias-agosto-2020\\\/\",\"name\":\"Datos del paro en Asturias: Agosto 2020 - El Digital de Asturias\",\"description\":\"El n\\u00famero de desempleados registrados en las oficinas del Servicio P\\u00fablico de Empleo del Principado de Asturias (Sepepa) encadena tres meses consecutivos de descensos tras registrar en agosto una ca\\u00edda en t\\u00e9rminos absolutos en 335 personas y del -0,43% en t\\u00e9rminos relativos. Con este nuevo retroceso, el paro se sit\\u00faa en 77.298 personas, con una\",\"inLanguage\":\"es-ES\",\"isPartOf\":{\"@id\":\"https:\\\/\\\/www.eldigitaldeasturias.com\\\/noticias\\\/#website\"},\"breadcrumb\":{\"@id\":\"https:\\\/\\\/www.eldigitaldeasturias.com\\\/noticias\\\/datos-del-paro-en-asturias-agosto-2020\\\/#breadcrumblist\"},\"author\":{\"@id\":\"https:\\\/\\\/www.eldigitaldeasturias.com\\\/noticias\\\/author\\\/admin\\\/#author\"},\"creator\":{\"@id\":\"https:\\\/\\\/www.eldigitaldeasturias.com\\\/noticias\\\/author\\\/admin\\\/#author\"},\"image\":{\"@type\":\"ImageObject\",\"url\":\"https:\\\/\\\/www.eldigitaldeasturias.com\\\/noticias\\\/wp-content\\\/uploads\\\/2020\\\/09\\\/startup-593341_1280.jpg\",\"@id\":\"https:\\\/\\\/www.eldigitaldeasturias.com\\\/noticias\\\/datos-del-paro-en-asturias-agosto-2020\\\/#mainImage\",\"width\":1280,\"height\":853},\"primaryImageOfPage\":{\"@id\":\"https:\\\/\\\/www.eldigitaldeasturias.com\\\/noticias\\\/datos-del-paro-en-asturias-agosto-2020\\\/#mainImage\"},\"datePublished\":\"2020-09-02T10:27:30+02:00\",\"dateModified\":\"2020-09-02T10:27:30+02:00\"},{\"@type\":\"WebSite\",\"@id\":\"https:\\\/\\\/www.eldigitaldeasturias.com\\\/noticias\\\/#website\",\"url\":\"https:\\\/\\\/www.eldigitaldeasturias.com\\\/noticias\\\/\",\"name\":\"El Digital de Asturias - Diario de actualidad y noticias\",\"alternateName\":\"El Digital de Asturias - Diario de actualidad y noticias\",\"description\":\"Hemeroteca\",\"inLanguage\":\"es-ES\",\"publisher\":{\"@id\":\"https:\\\/\\\/www.eldigitaldeasturias.com\\\/noticias\\\/#organization\"}}]}\n\t\t<\/script>\n\t\t<!-- All in One SEO Pro -->\r\n\t\t<title>Datos del paro en Asturias: Agosto 2020 - El Digital de Asturias<\/title>\n\n","aioseo_head_json":{"title":"Datos del paro en Asturias: Agosto 2020 - El Digital de Asturias","description":"El n\u00famero de desempleados registrados en las oficinas del Servicio P\u00fablico de Empleo del Principado de Asturias (Sepepa) encadena tres meses consecutivos de descensos tras registrar en agosto una ca\u00edda en t\u00e9rminos absolutos en 335 personas y del -0,43% en t\u00e9rminos relativos. Con este nuevo retroceso, el paro se sit\u00faa en 77.298 personas, con una","canonical_url":"https:\/\/www.eldigitaldeasturias.com\/noticias\/datos-del-paro-en-asturias-agosto-2020\/","robots":"max-image-preview:large","keywords":"destacadas,econom\u00eda","webmasterTools":{"google-site-verification":"UA-38556648-1","msvalidate.01":"7dfe9f3f1b24437ab69f4f2559babe99","miscellaneous":""},"schema":{"@context":"https:\/\/schema.org","@graph":[{"@type":"BlogPosting","@id":"https:\/\/www.eldigitaldeasturias.com\/noticias\/datos-del-paro-en-asturias-agosto-2020\/#blogposting","name":"Datos del paro en Asturias: Agosto 2020 - El Digital de Asturias","headline":"Datos del paro en Asturias: Agosto 2020","author":{"@id":"https:\/\/www.eldigitaldeasturias.com\/noticias\/author\/admin\/#author"},"publisher":{"@id":"https:\/\/www.eldigitaldeasturias.com\/noticias\/#organization"},"image":{"@type":"ImageObject","url":"https:\/\/www.eldigitaldeasturias.com\/noticias\/wp-content\/uploads\/2020\/09\/startup-593341_1280.jpg","width":1280,"height":853},"datePublished":"2020-09-02T10:27:30+02:00","dateModified":"2020-09-02T10:27:30+02:00","inLanguage":"es-ES","mainEntityOfPage":{"@id":"https:\/\/www.eldigitaldeasturias.com\/noticias\/datos-del-paro-en-asturias-agosto-2020\/#webpage"},"isPartOf":{"@id":"https:\/\/www.eldigitaldeasturias.com\/noticias\/datos-del-paro-en-asturias-agosto-2020\/#webpage"},"articleSection":"Destacadas, Econom\u00eda"},{"@type":"BreadcrumbList","@id":"https:\/\/www.eldigitaldeasturias.com\/noticias\/datos-del-paro-en-asturias-agosto-2020\/#breadcrumblist","itemListElement":[{"@type":"ListItem","@id":"https:\/\/www.eldigitaldeasturias.com\/noticias#listItem","position":1,"name":"Home","item":"https:\/\/www.eldigitaldeasturias.com\/noticias","nextItem":{"@type":"ListItem","@id":"https:\/\/www.eldigitaldeasturias.com\/noticias\/category\/destacadas\/#listItem","name":"Destacadas"}},{"@type":"ListItem","@id":"https:\/\/www.eldigitaldeasturias.com\/noticias\/category\/destacadas\/#listItem","position":2,"name":"Destacadas","item":"https:\/\/www.eldigitaldeasturias.com\/noticias\/category\/destacadas\/","nextItem":{"@type":"ListItem","@id":"https:\/\/www.eldigitaldeasturias.com\/noticias\/datos-del-paro-en-asturias-agosto-2020\/#listItem","name":"Datos del paro en Asturias: Agosto 2020"},"previousItem":{"@type":"ListItem","@id":"https:\/\/www.eldigitaldeasturias.com\/noticias#listItem","name":"Home"}},{"@type":"ListItem","@id":"https:\/\/www.eldigitaldeasturias.com\/noticias\/datos-del-paro-en-asturias-agosto-2020\/#listItem","position":3,"name":"Datos del paro en Asturias: Agosto 2020","previousItem":{"@type":"ListItem","@id":"https:\/\/www.eldigitaldeasturias.com\/noticias\/category\/destacadas\/#listItem","name":"Destacadas"}}]},{"@type":"Organization","@id":"https:\/\/www.eldigitaldeasturias.com\/noticias\/#organization","name":"El Digital de Asturias","description":"Hemeroteca","url":"https:\/\/www.eldigitaldeasturias.com\/noticias\/","email":"info@eldigitaldeasturias.com","telephone":"+34652131393","logo":{"@type":"ImageObject","url":"https:\/\/www.eldigitaldeasturias.com\/noticias\/wp-content\/uploads\/2020\/12\/EDA.jpg","@id":"https:\/\/www.eldigitaldeasturias.com\/noticias\/datos-del-paro-en-asturias-agosto-2020\/#organizationLogo","width":649,"height":297},"image":{"@id":"https:\/\/www.eldigitaldeasturias.com\/noticias\/datos-del-paro-en-asturias-agosto-2020\/#organizationLogo"},"sameAs":["https:\/\/facebook.com\/eldigitaldeasturias","https:\/\/www.youtube.com\/channel\/UCZP-2wLEB9Rv6erhFmqVnvg"],"address":{"@id":"https:\/\/www.eldigitaldeasturias.com\/noticias\/#postaladdress","@type":"PostalAddress","streetAddress":"san antonio 4,","postalCode":"33430","addressLocality":"Cand\u00e1s","addressRegion":"Asturias","addressCountry":"ES"}},{"@type":"Person","@id":"https:\/\/www.eldigitaldeasturias.com\/noticias\/author\/admin\/#author","url":"https:\/\/www.eldigitaldeasturias.com\/noticias\/author\/admin\/","name":"El Digital de Asturias","image":{"@type":"ImageObject","@id":"https:\/\/www.eldigitaldeasturias.com\/noticias\/datos-del-paro-en-asturias-agosto-2020\/#authorImage","url":"https:\/\/www.eldigitaldeasturias.com\/noticias\/wp-content\/litespeed\/avatar\/18677e78aa0546b92d9dbf31ec7d7668.jpg?ver=1776685526","width":96,"height":96,"caption":"El Digital de Asturias"}},{"@type":"WebPage","@id":"https:\/\/www.eldigitaldeasturias.com\/noticias\/datos-del-paro-en-asturias-agosto-2020\/#webpage","url":"https:\/\/www.eldigitaldeasturias.com\/noticias\/datos-del-paro-en-asturias-agosto-2020\/","name":"Datos del paro en Asturias: Agosto 2020 - El Digital de Asturias","description":"El n\u00famero de desempleados registrados en las oficinas del Servicio P\u00fablico de Empleo del Principado de Asturias (Sepepa) encadena tres meses consecutivos de descensos tras registrar en agosto una ca\u00edda en t\u00e9rminos absolutos en 335 personas y del -0,43% en t\u00e9rminos relativos. Con este nuevo retroceso, el paro se sit\u00faa en 77.298 personas, con una","inLanguage":"es-ES","isPartOf":{"@id":"https:\/\/www.eldigitaldeasturias.com\/noticias\/#website"},"breadcrumb":{"@id":"https:\/\/www.eldigitaldeasturias.com\/noticias\/datos-del-paro-en-asturias-agosto-2020\/#breadcrumblist"},"author":{"@id":"https:\/\/www.eldigitaldeasturias.com\/noticias\/author\/admin\/#author"},"creator":{"@id":"https:\/\/www.eldigitaldeasturias.com\/noticias\/author\/admin\/#author"},"image":{"@type":"ImageObject","url":"https:\/\/www.eldigitaldeasturias.com\/noticias\/wp-content\/uploads\/2020\/09\/startup-593341_1280.jpg","@id":"https:\/\/www.eldigitaldeasturias.com\/noticias\/datos-del-paro-en-asturias-agosto-2020\/#mainImage","width":1280,"height":853},"primaryImageOfPage":{"@id":"https:\/\/www.eldigitaldeasturias.com\/noticias\/datos-del-paro-en-asturias-agosto-2020\/#mainImage"},"datePublished":"2020-09-02T10:27:30+02:00","dateModified":"2020-09-02T10:27:30+02:00"},{"@type":"WebSite","@id":"https:\/\/www.eldigitaldeasturias.com\/noticias\/#website","url":"https:\/\/www.eldigitaldeasturias.com\/noticias\/","name":"El Digital de Asturias - Diario de actualidad y noticias","alternateName":"El Digital de Asturias - Diario de actualidad y noticias","description":"Hemeroteca","inLanguage":"es-ES","publisher":{"@id":"https:\/\/www.eldigitaldeasturias.com\/noticias\/#organization"}}]},"og:locale":"es_ES","og:site_name":"El Digital de Asturias","og:type":"article","og:title":"Datos del paro en Asturias: Agosto 2020 - El Digital de Asturias","og:description":"El n\u00famero de desempleados registrados en las oficinas del Servicio P\u00fablico de Empleo del Principado de Asturias (Sepepa) encadena tres meses consecutivos de descensos tras registrar en agosto una ca\u00edda en t\u00e9rminos absolutos en 335 personas y del -0,43% en t\u00e9rminos relativos. Con este nuevo retroceso, el paro se sit\u00faa en 77.298 personas, con una","og:url":"https:\/\/www.eldigitaldeasturias.com\/noticias\/datos-del-paro-en-asturias-agosto-2020\/","og:image":"https:\/\/www.eldigitaldeasturias.com\/noticias\/wp-content\/uploads\/2020\/09\/startup-593341_1280.jpg","og:image:secure_url":"https:\/\/www.eldigitaldeasturias.com\/noticias\/wp-content\/uploads\/2020\/09\/startup-593341_1280.jpg","og:image:width":1280,"og:image:height":853,"article:tag":["destacadas","econom\u00eda"],"article:published_time":"2020-09-02T10:27:30+00:00","article:modified_time":"2020-09-02T10:27:30+00:00","article:publisher":"https:\/\/facebook.com\/eldigitaldeasturias","twitter:card":"summary_large_image","twitter:title":"Datos del paro en Asturias: Agosto 2020 - El Digital de Asturias","twitter:description":"El n\u00famero de desempleados registrados en las oficinas del Servicio P\u00fablico de Empleo del Principado de Asturias (Sepepa) encadena tres meses consecutivos de descensos tras registrar en agosto una ca\u00edda en t\u00e9rminos absolutos en 335 personas y del -0,43% en t\u00e9rminos relativos. Con este nuevo retroceso, el paro se sit\u00faa en 77.298 personas, con una","twitter:image":"https:\/\/www.eldigitaldeasturias.com\/noticias\/wp-content\/uploads\/2020\/09\/startup-593341_1280.jpg","twitter:label1":"Escrito por","twitter:data1":"El Digital de Asturias","twitter:label2":"Tiempo de lectura estimado","twitter:data2":"3 minutos"},"aioseo_meta_data":{"post_id":"1074820","title":null,"description":"","keywords":"","keyphrases":null,"primary_term":null,"canonical_url":"","og_title":null,"og_description":null,"og_object_type":"default","og_image_type":"default","og_image_url":null,"og_image_width":null,"og_image_height":null,"og_image_custom_url":null,"og_image_custom_fields":null,"og_video":null,"og_custom_url":null,"og_article_section":null,"og_article_tags":null,"twitter_use_og":false,"twitter_card":"default","twitter_image_type":"default","twitter_image_url":null,"twitter_image_custom_url":null,"twitter_image_custom_fields":null,"twitter_title":null,"twitter_description":null,"schema":{"blockGraphs":[],"customGraphs":[],"default":{"data":{"Article":[],"Course":[],"Dataset":[],"FAQPage":[],"Movie":[],"Person":[],"Product":[],"ProductReview":[],"Car":[],"Recipe":[],"Service":[],"SoftwareApplication":[],"WebPage":[]},"graphName":"","isEnabled":true},"graphs":[],"defaultGraph":"","defaultPostTypeGraph":""},"schema_type":null,"schema_type_options":null,"pillar_content":false,"robots_default":true,"robots_noindex":false,"robots_noarchive":false,"robots_nosnippet":false,"robots_nofollow":false,"robots_noimageindex":false,"robots_noodp":false,"robots_notranslate":false,"robots_max_snippet":null,"robots_max_videopreview":null,"robots_max_imagepreview":"large","priority":null,"frequency":"default","local_seo":null,"seo_analyzer_scan_date":"2025-09-13 13:02:51","breadcrumb_settings":null,"limit_modified_date":false,"open_ai":null,"ai":null,"created":"2020-12-21 10:41:35","updated":"2025-09-13 13:02:51"},"aioseo_breadcrumb":"<div class=\"aioseo-breadcrumbs\"><span class=\"aioseo-breadcrumb\">\n\t<a href=\"https:\/\/www.eldigitaldeasturias.com\/noticias\" title=\"Home\">Home<\/a>\n<\/span><span class=\"aioseo-breadcrumb-separator\">\u2013<\/span><span class=\"aioseo-breadcrumb\">\n\t<a href=\"https:\/\/www.eldigitaldeasturias.com\/noticias\/category\/destacadas\/\" title=\"Destacadas\">Destacadas<\/a>\n<\/span><span class=\"aioseo-breadcrumb-separator\">\u2013<\/span><span class=\"aioseo-breadcrumb\">\n\t<a href=\"https:\/\/www.eldigitaldeasturias.com\/noticias\/datos-del-paro-en-asturias-agosto-2020\/\" title=\"Datos del paro en Asturias: Agosto 2020\">Datos del paro en Asturias: Agosto 2020<\/a>\n<\/span><\/div>","aioseo_breadcrumb_json":[{"label":"Home","link":"https:\/\/www.eldigitaldeasturias.com\/noticias"},{"label":"Destacadas","link":"https:\/\/www.eldigitaldeasturias.com\/noticias\/category\/destacadas\/"},{"label":"Datos del paro en Asturias: Agosto 2020","link":"https:\/\/www.eldigitaldeasturias.com\/noticias\/datos-del-paro-en-asturias-agosto-2020\/"}],"_links":{"self":[{"href":"https:\/\/www.eldigitaldeasturias.com\/noticias\/wp-json\/wp\/v2\/posts\/1074820","targetHints":{"allow":["GET"]}}],"collection":[{"href":"https:\/\/www.eldigitaldeasturias.com\/noticias\/wp-json\/wp\/v2\/posts"}],"about":[{"href":"https:\/\/www.eldigitaldeasturias.com\/noticias\/wp-json\/wp\/v2\/types\/post"}],"author":[{"embeddable":true,"href":"https:\/\/www.eldigitaldeasturias.com\/noticias\/wp-json\/wp\/v2\/users\/1"}],"replies":[{"embeddable":true,"href":"https:\/\/www.eldigitaldeasturias.com\/noticias\/wp-json\/wp\/v2\/comments?post=1074820"}],"version-history":[{"count":0,"href":"https:\/\/www.eldigitaldeasturias.com\/noticias\/wp-json\/wp\/v2\/posts\/1074820\/revisions"}],"wp:featuredmedia":[{"embeddable":true,"href":"https:\/\/www.eldigitaldeasturias.com\/noticias\/wp-json\/wp\/v2\/media\/1074821"}],"wp:attachment":[{"href":"https:\/\/www.eldigitaldeasturias.com\/noticias\/wp-json\/wp\/v2\/media?parent=1074820"}],"wp:term":[{"taxonomy":"category","embeddable":true,"href":"https:\/\/www.eldigitaldeasturias.com\/noticias\/wp-json\/wp\/v2\/categories?post=1074820"},{"taxonomy":"post_tag","embeddable":true,"href":"https:\/\/www.eldigitaldeasturias.com\/noticias\/wp-json\/wp\/v2\/tags?post=1074820"}],"curies":[{"name":"wp","href":"https:\/\/api.w.org\/{rel}","templated":true}]}}