{"id":1074738,"date":"2020-09-01T12:48:35","date_gmt":"2020-09-01T12:48:35","guid":{"rendered":"https:\/\/www.eldigitaldeasturias.com\/noticias\/?p=1074738"},"modified":"2020-09-01T12:48:35","modified_gmt":"2020-09-01T12:48:35","slug":"pueblo-ejemplar-de-asturias-2020-somao","status":"publish","type":"post","link":"https:\/\/www.eldigitaldeasturias.com\/noticias\/pueblo-ejemplar-de-asturias-2020-somao\/","title":{"rendered":"Pueblo Ejemplar de Asturias 2020: Somao"},"content":{"rendered":"<p>(EUROPA PRESS) &#8211; <strong>La parroquia rural de Somao<\/strong> (Pravia) ha sido galardonada con el <strong>Premio al Pueblo Ejemplar de Asturias 2020<\/strong>, seg\u00fan hizo p\u00fablico este martes en Oviedo el jurado encargado de su concesi\u00f3n. En esta edici\u00f3n concurr\u00edan un total de 26 candidaturas.<\/p>\n<figure id=\"attachment_1074739\" aria-describedby=\"caption-attachment-1074739\" style=\"width: 650px\" class=\"wp-caption aligncenter\"><img loading=\"lazy\" decoding=\"async\" class=\"wp-image-1074739\" src=\"https:\/\/www.eldigitaldeasturias.com\/noticias\/wp-content\/uploads\/2020\/09\/fotonoticia_20200901131149_1920-360x108.jpg\" alt=\"\" width=\"650\" height=\"195\" srcset=\"https:\/\/www.eldigitaldeasturias.com\/noticias\/wp-content\/uploads\/2020\/09\/fotonoticia_20200901131149_1920-360x108.jpg 360w, https:\/\/www.eldigitaldeasturias.com\/noticias\/wp-content\/uploads\/2020\/09\/fotonoticia_20200901131149_1920-690x207.jpg 690w, https:\/\/www.eldigitaldeasturias.com\/noticias\/wp-content\/uploads\/2020\/09\/fotonoticia_20200901131149_1920-480x144.jpg 480w, https:\/\/www.eldigitaldeasturias.com\/noticias\/wp-content\/uploads\/2020\/09\/fotonoticia_20200901131149_1920-768x230.jpg 768w, https:\/\/www.eldigitaldeasturias.com\/noticias\/wp-content\/uploads\/2020\/09\/fotonoticia_20200901131149_1920-696x209.jpg 696w, https:\/\/www.eldigitaldeasturias.com\/noticias\/wp-content\/uploads\/2020\/09\/fotonoticia_20200901131149_1920-1068x320.jpg 1068w, https:\/\/www.eldigitaldeasturias.com\/noticias\/wp-content\/uploads\/2020\/09\/fotonoticia_20200901131149_1920.jpg 1174w\" sizes=\"auto, (max-width: 650px) 100vw, 650px\" \/><figcaption id=\"caption-attachment-1074739\" class=\"wp-caption-text\">Somao, pueblo asturiano &#8211; GOOGLEMAPS<\/figcaption><\/figure>\n<p>Enclavada en el medio geogr\u00e1fico del bajo Nal\u00f3n, en una comarca de transici\u00f3n entre \u00e1reas rurales y urbanas, la parroquia rural de Somao marca el punto m\u00e1s septentrional del concejo de Pravia, mientras que eclesi\u00e1sticamente pertenece al de Muros de Nal\u00f3n.<\/p>\n<p>La localidad est\u00e1 situada en un altozano con vistas al mar y a la desembocadura del r\u00edo Nal\u00f3n. Con unos trescientos habitantes en la actualidad, Somao es una de las treinta y nueve parroquias rurales que hay en Asturias con personalidad jur\u00eddica propia y con capacidad para gestionar y organizar sus bienes, entre los que se encuentran unas cuatrocientas hect\u00e1reas de monte y varios pastizales, que son una importante fuente de ingresos para el pueblo, as\u00ed como otros procedentes del alquiler de varias casas y la gesti\u00f3n del bar del centro social.<\/p>\n<p>La parroquia estuvo regida entre 2015 y 2019 por una gestora sin signo pol\u00edtico, formada tras la dimisi\u00f3n del anterior alcalde para conservar su estatus jur\u00eddico y evitar que sus bienes pasaran a ser propiedad del Ayuntamiento de Pravia. Tras las elecciones municipales de 2019, la junta elegida est\u00e1 formada por los integrantes de la anterior gestora. El pasado de Somao est\u00e1 ligado a la historia de la emigraci\u00f3n y cuenta con un patrimonio arquitect\u00f3nico de origen indiano de notable valor.<\/p>\n<p>Pero adem\u00e1s de los destacados palacetes de esta \u00e9poca -algunos de ellos obra del arquitecto Manuel del Busto-, el pueblo tambi\u00e9n se benefici\u00f3 porque los indianos invirtieron en la tra\u00edda de agua, caminos y fuentes y financiaron la construcci\u00f3n de edificios p\u00fablicos, como las escuelas (1925), el cine escolar ben\u00e9fico (1920) y la iglesia (1903), adem\u00e1s del parque de la localidad. El legado indiano convive con las construcciones t\u00edpicas asturianas, como h\u00f3rreos, paneras y pajares, siendo la quintana o caser\u00eda el tipo de construcci\u00f3n que muestra un pasado agrario vinculado a la explotaci\u00f3n del campo y la ganader\u00eda.<\/p>\n<p>En la actualidad, los vecinos organizan varias &#8216;xuntanzas&#8217; populares, tanto para la realizaci\u00f3n de trabajos altruistas como la restauraci\u00f3n de la iglesia y de lavaderos y la limpieza de fuentes y bebederos, como para el mantenimiento de tradiciones como la Navidad, el carnaval, la &#8216;foguera&#8217; de San Juan y el &#8216;amag\u00fcestu&#8217;, adem\u00e1s de las fiestas patronales en honor de &#8216;Sant&#8217;Olaina&#8217;, que se celebran el 10 de diciembre y el \u00faltimo fin de semana de agosto, organizadas por la Asociaci\u00f3n Cultural y de Festejos &#8216;Sant&#8217;Olaina&#8217;, y distintos actos culturales y ben\u00e9ficos a lo largo del a\u00f1o.<\/p>\n<p>En 2007 naci\u00f3 la Asociaci\u00f3n Cultural Amigos de Somao, formada por un grupo de vecinas unidas por su afici\u00f3n a tejer, fruncir y hacer punto de cruz. Otros grupos, como el Coro Santa Eulalia o el Grupo de Alfombras de Sal y Adornos Florales, dinamizan la vida del pueblo. Adem\u00e1s, la biblioteca, reinaugurada en 2017, permanece abierta gracias al voluntariado vecinal, que ordena y gestiona un cat\u00e1logo de libros donde se mezclan las enciclopedias de herencia indiana con las donaciones de los vecinos.<\/p>\n<p>Aprovechando esta reapertura se puso en marcha la Semana del Libro de Somao. Adem\u00e1s, en su apuesta por la uni\u00f3n de tradici\u00f3n y modernidad, la candidatura destaca que Somao ha aprovechado las nuevas tecnolog\u00edas como punto de encuentro de sus vecinos y archivo documental de su historia y patrimonio.<\/p>\n<p>En el panorama econ\u00f3mico de Somao destaca el mantenimiento de la actividad mpresarial de firmas ya longevas, como la m\u00e1s antigua del pueblo, la f\u00e1brica de quesos &#8216;afuega&#8217;l pitu La Pe\u00f1ona&#8217;, junto a otros negocios que han pasado de padres a hijos. El fuerte esp\u00edritu emprendedor de la juventud del pueblo ha ayudado a la proliferaci\u00f3n de casas rurales y establecimientos hoteleros que han contribuido a revitalizar el turismo en la zona.<\/p>\n<p>El jurado de este Premio -convocado por trig\u00e9simo primer a\u00f1o consecutivo por la Fundaci\u00f3n Princesa de Asturias- estuvo presidido por Francisco Rodr\u00edguez Garc\u00eda, presidente de Reny Picot; e integrado por Amada \u00c1lvarez Pico, presidenta de la Asociaci\u00f3n de Guisanderas; Xuacu Amieva Celorio, gaitero; Lorenzo Arias P\u00e1ramo, profesor titular de Historia del Arte; Mar\u00eda Card\u00edn Blanco, directora comercial y de marketing del Grupo El Gaitero.<\/p>\n<p>Yolanda Cerra Bada, presidenta de la Asociaci\u00f3n Asturiana de Antropolog\u00eda y Patrimonio Etnol\u00f3gico; Bego\u00f1a Fern\u00e1ndez-Costales Mu\u00f1iz, presidenta de la Federaci\u00f3n de Empresarias y Directivas de Asturias; Rosa Fern\u00e1ndez Rubio, alpinista; Adolfo Garc\u00eda Mart\u00ednez, antrop\u00f3logo; Francisco Gonz\u00e1lez Orejas, director en funciones de la RTPA; Juaco L\u00f3pez \u00c1lvarez, director del Mus\u00e9u del Pueblu d&#8217;Asturies; Marta Magad\u00e1n D\u00edaz, editora; Juan Jos\u00e9 Men\u00e9ndez Garc\u00eda, presidente del Consejo Regulador de la Indicaci\u00f3n Geogr\u00e1fica Protegida Faba Asturiana.<\/p>\n<p>Ram\u00f3n Rodr\u00edguez \u00c1lvarez, director del Real Instituto de Estudios Asturianos (RIDEA); Jorge Su\u00e1rez D\u00edaz, presidente de la Asociaci\u00f3n Asturiana de Empresa Familiar; Mario Su\u00e1rez Porras, fot\u00f3grafo; Jos\u00e9 Tu\u00f1\u00f3n Huerta, director de la Fundaci\u00f3n Oso Asturias; Etelvino V\u00e1zquez P\u00e9rez, director y actor; y Fernando Delgado \u00c1lvarez, periodista y secretario del jurado.<\/p>\n<p>De forma excepcional, con motivo de la emergencia sanitaria provocada por la pandemia de la COVID-19, la reuni\u00f3n se ha desarrollado mediante videoconferencia.<\/p>\n","protected":false},"excerpt":{"rendered":"<p>(EUROPA PRESS) &#8211; La parroquia rural de Somao (Pravia) ha sido galardonada con el Premio al Pueblo Ejemplar de Asturias 2020, seg\u00fan hizo p\u00fablico este martes en Oviedo el jurado encargado de su concesi\u00f3n. En esta edici\u00f3n concurr\u00edan un total de 26 candidaturas. Enclavada en el medio geogr\u00e1fico del bajo Nal\u00f3n, en una comarca de [&hellip;]<\/p>\n","protected":false},"author":1,"featured_media":1074739,"comment_status":"closed","ping_status":"closed","sticky":false,"template":"","format":"standard","meta":{"footnotes":""},"categories":[12,141],"tags":[],"class_list":["post-1074738","post","type-post","status-publish","format-standard","has-post-thumbnail","hentry","category-actualidad-asturias","category-destacadas"],"aioseo_notices":[],"aioseo_head":"\n\t\t<!-- All in One SEO Pro 4.9.6.2 - aioseo.com -->\n\t<meta name=\"description\" content=\"(EUROPA PRESS) - La parroquia rural de Somao (Pravia) ha sido galardonada con el Premio al Pueblo Ejemplar de Asturias 2020, seg\u00fan hizo p\u00fablico este martes en Oviedo el jurado encargado de su concesi\u00f3n. En esta edici\u00f3n concurr\u00edan un total de 26 candidaturas. Enclavada en el medio geogr\u00e1fico del bajo Nal\u00f3n, en una comarca de\" \/>\n\t<meta name=\"robots\" content=\"max-image-preview:large\" \/>\n\t<meta name=\"author\" content=\"El Digital de Asturias\"\/>\n\t<meta name=\"google-site-verification\" content=\"UA-38556648-1\" \/>\n\t<meta name=\"msvalidate.01\" content=\"7dfe9f3f1b24437ab69f4f2559babe99\" \/>\n\t<meta name=\"keywords\" content=\"actualidad asturias,destacadas\" \/>\n\t<link rel=\"canonical\" href=\"https:\/\/www.eldigitaldeasturias.com\/noticias\/pueblo-ejemplar-de-asturias-2020-somao\/\" \/>\n\t<meta name=\"generator\" content=\"All in One SEO Pro (AIOSEO) 4.9.6.2\" \/>\n\t\t<meta property=\"og:locale\" content=\"es_ES\" \/>\n\t\t<meta property=\"og:site_name\" content=\"El Digital de Asturias\" \/>\n\t\t<meta property=\"og:type\" content=\"article\" \/>\n\t\t<meta property=\"og:title\" content=\"Pueblo Ejemplar de Asturias 2020: Somao - El Digital de Asturias\" \/>\n\t\t<meta property=\"og:description\" content=\"(EUROPA PRESS) - La parroquia rural de Somao (Pravia) ha sido galardonada con el Premio al Pueblo Ejemplar de Asturias 2020, seg\u00fan hizo p\u00fablico este martes en Oviedo el jurado encargado de su concesi\u00f3n. En esta edici\u00f3n concurr\u00edan un total de 26 candidaturas. Enclavada en el medio geogr\u00e1fico del bajo Nal\u00f3n, en una comarca de\" \/>\n\t\t<meta property=\"og:url\" content=\"https:\/\/www.eldigitaldeasturias.com\/noticias\/pueblo-ejemplar-de-asturias-2020-somao\/\" \/>\n\t\t<meta property=\"og:image\" content=\"https:\/\/www.eldigitaldeasturias.com\/noticias\/wp-content\/uploads\/2020\/09\/fotonoticia_20200901131149_1920.jpg\" \/>\n\t\t<meta property=\"og:image:secure_url\" content=\"https:\/\/www.eldigitaldeasturias.com\/noticias\/wp-content\/uploads\/2020\/09\/fotonoticia_20200901131149_1920.jpg\" \/>\n\t\t<meta property=\"og:image:width\" content=\"1174\" \/>\n\t\t<meta property=\"og:image:height\" content=\"352\" \/>\n\t\t<meta property=\"article:tag\" content=\"actualidad asturias\" \/>\n\t\t<meta property=\"article:tag\" content=\"destacadas\" \/>\n\t\t<meta property=\"article:published_time\" content=\"2020-09-01T12:48:35+00:00\" \/>\n\t\t<meta property=\"article:modified_time\" content=\"2020-09-01T12:48:35+00:00\" \/>\n\t\t<meta property=\"article:publisher\" content=\"https:\/\/facebook.com\/eldigitaldeasturias\" \/>\n\t\t<meta name=\"twitter:card\" content=\"summary_large_image\" \/>\n\t\t<meta name=\"twitter:title\" content=\"Pueblo Ejemplar de Asturias 2020: Somao - El Digital de Asturias\" \/>\n\t\t<meta name=\"twitter:description\" content=\"(EUROPA PRESS) - La parroquia rural de Somao (Pravia) ha sido galardonada con el Premio al Pueblo Ejemplar de Asturias 2020, seg\u00fan hizo p\u00fablico este martes en Oviedo el jurado encargado de su concesi\u00f3n. En esta edici\u00f3n concurr\u00edan un total de 26 candidaturas. Enclavada en el medio geogr\u00e1fico del bajo Nal\u00f3n, en una comarca de\" \/>\n\t\t<meta name=\"twitter:image\" content=\"https:\/\/www.eldigitaldeasturias.com\/noticias\/wp-content\/uploads\/2020\/09\/fotonoticia_20200901131149_1920.jpg\" \/>\n\t\t<meta name=\"twitter:label1\" content=\"Escrito por\" \/>\n\t\t<meta name=\"twitter:data1\" content=\"El Digital de Asturias\" \/>\n\t\t<meta name=\"twitter:label2\" content=\"Tiempo de lectura estimado\" \/>\n\t\t<meta name=\"twitter:data2\" content=\"5 minutos\" \/>\n\t\t<script type=\"application\/ld+json\" class=\"aioseo-schema\">\n\t\t\t{\"@context\":\"https:\\\/\\\/schema.org\",\"@graph\":[{\"@type\":\"BlogPosting\",\"@id\":\"https:\\\/\\\/www.eldigitaldeasturias.com\\\/noticias\\\/pueblo-ejemplar-de-asturias-2020-somao\\\/#blogposting\",\"name\":\"Pueblo Ejemplar de Asturias 2020: Somao - El Digital de Asturias\",\"headline\":\"Pueblo Ejemplar de Asturias 2020: Somao\",\"author\":{\"@id\":\"https:\\\/\\\/www.eldigitaldeasturias.com\\\/noticias\\\/author\\\/admin\\\/#author\"},\"publisher\":{\"@id\":\"https:\\\/\\\/www.eldigitaldeasturias.com\\\/noticias\\\/#organization\"},\"image\":{\"@type\":\"ImageObject\",\"url\":\"https:\\\/\\\/www.eldigitaldeasturias.com\\\/noticias\\\/wp-content\\\/uploads\\\/2020\\\/09\\\/fotonoticia_20200901131149_1920.jpg\",\"width\":1174,\"height\":352},\"datePublished\":\"2020-09-01T12:48:35+02:00\",\"dateModified\":\"2020-09-01T12:48:35+02:00\",\"inLanguage\":\"es-ES\",\"mainEntityOfPage\":{\"@id\":\"https:\\\/\\\/www.eldigitaldeasturias.com\\\/noticias\\\/pueblo-ejemplar-de-asturias-2020-somao\\\/#webpage\"},\"isPartOf\":{\"@id\":\"https:\\\/\\\/www.eldigitaldeasturias.com\\\/noticias\\\/pueblo-ejemplar-de-asturias-2020-somao\\\/#webpage\"},\"articleSection\":\"Actualidad Asturias, Destacadas\"},{\"@type\":\"BreadcrumbList\",\"@id\":\"https:\\\/\\\/www.eldigitaldeasturias.com\\\/noticias\\\/pueblo-ejemplar-de-asturias-2020-somao\\\/#breadcrumblist\",\"itemListElement\":[{\"@type\":\"ListItem\",\"@id\":\"https:\\\/\\\/www.eldigitaldeasturias.com\\\/noticias#listItem\",\"position\":1,\"name\":\"Home\",\"item\":\"https:\\\/\\\/www.eldigitaldeasturias.com\\\/noticias\",\"nextItem\":{\"@type\":\"ListItem\",\"@id\":\"https:\\\/\\\/www.eldigitaldeasturias.com\\\/noticias\\\/category\\\/actualidad-asturias\\\/#listItem\",\"name\":\"Actualidad Asturias\"}},{\"@type\":\"ListItem\",\"@id\":\"https:\\\/\\\/www.eldigitaldeasturias.com\\\/noticias\\\/category\\\/actualidad-asturias\\\/#listItem\",\"position\":2,\"name\":\"Actualidad Asturias\",\"item\":\"https:\\\/\\\/www.eldigitaldeasturias.com\\\/noticias\\\/category\\\/actualidad-asturias\\\/\",\"nextItem\":{\"@type\":\"ListItem\",\"@id\":\"https:\\\/\\\/www.eldigitaldeasturias.com\\\/noticias\\\/pueblo-ejemplar-de-asturias-2020-somao\\\/#listItem\",\"name\":\"Pueblo Ejemplar de Asturias 2020: Somao\"},\"previousItem\":{\"@type\":\"ListItem\",\"@id\":\"https:\\\/\\\/www.eldigitaldeasturias.com\\\/noticias#listItem\",\"name\":\"Home\"}},{\"@type\":\"ListItem\",\"@id\":\"https:\\\/\\\/www.eldigitaldeasturias.com\\\/noticias\\\/pueblo-ejemplar-de-asturias-2020-somao\\\/#listItem\",\"position\":3,\"name\":\"Pueblo Ejemplar de Asturias 2020: Somao\",\"previousItem\":{\"@type\":\"ListItem\",\"@id\":\"https:\\\/\\\/www.eldigitaldeasturias.com\\\/noticias\\\/category\\\/actualidad-asturias\\\/#listItem\",\"name\":\"Actualidad Asturias\"}}]},{\"@type\":\"Organization\",\"@id\":\"https:\\\/\\\/www.eldigitaldeasturias.com\\\/noticias\\\/#organization\",\"name\":\"El Digital de Asturias\",\"description\":\"Hemeroteca\",\"url\":\"https:\\\/\\\/www.eldigitaldeasturias.com\\\/noticias\\\/\",\"email\":\"info@eldigitaldeasturias.com\",\"telephone\":\"+34652131393\",\"logo\":{\"@type\":\"ImageObject\",\"url\":\"https:\\\/\\\/www.eldigitaldeasturias.com\\\/noticias\\\/wp-content\\\/uploads\\\/2020\\\/12\\\/EDA.jpg\",\"@id\":\"https:\\\/\\\/www.eldigitaldeasturias.com\\\/noticias\\\/pueblo-ejemplar-de-asturias-2020-somao\\\/#organizationLogo\",\"width\":649,\"height\":297},\"image\":{\"@id\":\"https:\\\/\\\/www.eldigitaldeasturias.com\\\/noticias\\\/pueblo-ejemplar-de-asturias-2020-somao\\\/#organizationLogo\"},\"sameAs\":[\"https:\\\/\\\/facebook.com\\\/eldigitaldeasturias\",\"https:\\\/\\\/www.youtube.com\\\/channel\\\/UCZP-2wLEB9Rv6erhFmqVnvg\"],\"address\":{\"@id\":\"https:\\\/\\\/www.eldigitaldeasturias.com\\\/noticias\\\/#postaladdress\",\"@type\":\"PostalAddress\",\"streetAddress\":\"san antonio 4,\",\"postalCode\":\"33430\",\"addressLocality\":\"Cand\\u00e1s\",\"addressRegion\":\"Asturias\",\"addressCountry\":\"ES\"}},{\"@type\":\"Person\",\"@id\":\"https:\\\/\\\/www.eldigitaldeasturias.com\\\/noticias\\\/author\\\/admin\\\/#author\",\"url\":\"https:\\\/\\\/www.eldigitaldeasturias.com\\\/noticias\\\/author\\\/admin\\\/\",\"name\":\"El Digital de Asturias\",\"image\":{\"@type\":\"ImageObject\",\"@id\":\"https:\\\/\\\/www.eldigitaldeasturias.com\\\/noticias\\\/pueblo-ejemplar-de-asturias-2020-somao\\\/#authorImage\",\"url\":\"https:\\\/\\\/www.eldigitaldeasturias.com\\\/noticias\\\/wp-content\\\/litespeed\\\/avatar\\\/18677e78aa0546b92d9dbf31ec7d7668.jpg?ver=1776685526\",\"width\":96,\"height\":96,\"caption\":\"El Digital de Asturias\"}},{\"@type\":\"WebPage\",\"@id\":\"https:\\\/\\\/www.eldigitaldeasturias.com\\\/noticias\\\/pueblo-ejemplar-de-asturias-2020-somao\\\/#webpage\",\"url\":\"https:\\\/\\\/www.eldigitaldeasturias.com\\\/noticias\\\/pueblo-ejemplar-de-asturias-2020-somao\\\/\",\"name\":\"Pueblo Ejemplar de Asturias 2020: Somao - El Digital de Asturias\",\"description\":\"(EUROPA PRESS) - La parroquia rural de Somao (Pravia) ha sido galardonada con el Premio al Pueblo Ejemplar de Asturias 2020, seg\\u00fan hizo p\\u00fablico este martes en Oviedo el jurado encargado de su concesi\\u00f3n. En esta edici\\u00f3n concurr\\u00edan un total de 26 candidaturas. Enclavada en el medio geogr\\u00e1fico del bajo Nal\\u00f3n, en una comarca de\",\"inLanguage\":\"es-ES\",\"isPartOf\":{\"@id\":\"https:\\\/\\\/www.eldigitaldeasturias.com\\\/noticias\\\/#website\"},\"breadcrumb\":{\"@id\":\"https:\\\/\\\/www.eldigitaldeasturias.com\\\/noticias\\\/pueblo-ejemplar-de-asturias-2020-somao\\\/#breadcrumblist\"},\"author\":{\"@id\":\"https:\\\/\\\/www.eldigitaldeasturias.com\\\/noticias\\\/author\\\/admin\\\/#author\"},\"creator\":{\"@id\":\"https:\\\/\\\/www.eldigitaldeasturias.com\\\/noticias\\\/author\\\/admin\\\/#author\"},\"image\":{\"@type\":\"ImageObject\",\"url\":\"https:\\\/\\\/www.eldigitaldeasturias.com\\\/noticias\\\/wp-content\\\/uploads\\\/2020\\\/09\\\/fotonoticia_20200901131149_1920.jpg\",\"@id\":\"https:\\\/\\\/www.eldigitaldeasturias.com\\\/noticias\\\/pueblo-ejemplar-de-asturias-2020-somao\\\/#mainImage\",\"width\":1174,\"height\":352},\"primaryImageOfPage\":{\"@id\":\"https:\\\/\\\/www.eldigitaldeasturias.com\\\/noticias\\\/pueblo-ejemplar-de-asturias-2020-somao\\\/#mainImage\"},\"datePublished\":\"2020-09-01T12:48:35+02:00\",\"dateModified\":\"2020-09-01T12:48:35+02:00\"},{\"@type\":\"WebSite\",\"@id\":\"https:\\\/\\\/www.eldigitaldeasturias.com\\\/noticias\\\/#website\",\"url\":\"https:\\\/\\\/www.eldigitaldeasturias.com\\\/noticias\\\/\",\"name\":\"El Digital de Asturias - Diario de actualidad y noticias\",\"alternateName\":\"El Digital de Asturias - Diario de actualidad y noticias\",\"description\":\"Hemeroteca\",\"inLanguage\":\"es-ES\",\"publisher\":{\"@id\":\"https:\\\/\\\/www.eldigitaldeasturias.com\\\/noticias\\\/#organization\"}}]}\n\t\t<\/script>\n\t\t<!-- All in One SEO Pro -->\r\n\t\t<title>Pueblo Ejemplar de Asturias 2020: Somao - El Digital de Asturias<\/title>\n\n","aioseo_head_json":{"title":"Pueblo Ejemplar de Asturias 2020: Somao - El Digital de Asturias","description":"(EUROPA PRESS) - La parroquia rural de Somao (Pravia) ha sido galardonada con el Premio al Pueblo Ejemplar de Asturias 2020, seg\u00fan hizo p\u00fablico este martes en Oviedo el jurado encargado de su concesi\u00f3n. En esta edici\u00f3n concurr\u00edan un total de 26 candidaturas. Enclavada en el medio geogr\u00e1fico del bajo Nal\u00f3n, en una comarca de","canonical_url":"https:\/\/www.eldigitaldeasturias.com\/noticias\/pueblo-ejemplar-de-asturias-2020-somao\/","robots":"max-image-preview:large","keywords":"actualidad asturias,destacadas","webmasterTools":{"google-site-verification":"UA-38556648-1","msvalidate.01":"7dfe9f3f1b24437ab69f4f2559babe99","miscellaneous":""},"schema":{"@context":"https:\/\/schema.org","@graph":[{"@type":"BlogPosting","@id":"https:\/\/www.eldigitaldeasturias.com\/noticias\/pueblo-ejemplar-de-asturias-2020-somao\/#blogposting","name":"Pueblo Ejemplar de Asturias 2020: Somao - El Digital de Asturias","headline":"Pueblo Ejemplar de Asturias 2020: Somao","author":{"@id":"https:\/\/www.eldigitaldeasturias.com\/noticias\/author\/admin\/#author"},"publisher":{"@id":"https:\/\/www.eldigitaldeasturias.com\/noticias\/#organization"},"image":{"@type":"ImageObject","url":"https:\/\/www.eldigitaldeasturias.com\/noticias\/wp-content\/uploads\/2020\/09\/fotonoticia_20200901131149_1920.jpg","width":1174,"height":352},"datePublished":"2020-09-01T12:48:35+02:00","dateModified":"2020-09-01T12:48:35+02:00","inLanguage":"es-ES","mainEntityOfPage":{"@id":"https:\/\/www.eldigitaldeasturias.com\/noticias\/pueblo-ejemplar-de-asturias-2020-somao\/#webpage"},"isPartOf":{"@id":"https:\/\/www.eldigitaldeasturias.com\/noticias\/pueblo-ejemplar-de-asturias-2020-somao\/#webpage"},"articleSection":"Actualidad Asturias, Destacadas"},{"@type":"BreadcrumbList","@id":"https:\/\/www.eldigitaldeasturias.com\/noticias\/pueblo-ejemplar-de-asturias-2020-somao\/#breadcrumblist","itemListElement":[{"@type":"ListItem","@id":"https:\/\/www.eldigitaldeasturias.com\/noticias#listItem","position":1,"name":"Home","item":"https:\/\/www.eldigitaldeasturias.com\/noticias","nextItem":{"@type":"ListItem","@id":"https:\/\/www.eldigitaldeasturias.com\/noticias\/category\/actualidad-asturias\/#listItem","name":"Actualidad Asturias"}},{"@type":"ListItem","@id":"https:\/\/www.eldigitaldeasturias.com\/noticias\/category\/actualidad-asturias\/#listItem","position":2,"name":"Actualidad Asturias","item":"https:\/\/www.eldigitaldeasturias.com\/noticias\/category\/actualidad-asturias\/","nextItem":{"@type":"ListItem","@id":"https:\/\/www.eldigitaldeasturias.com\/noticias\/pueblo-ejemplar-de-asturias-2020-somao\/#listItem","name":"Pueblo Ejemplar de Asturias 2020: Somao"},"previousItem":{"@type":"ListItem","@id":"https:\/\/www.eldigitaldeasturias.com\/noticias#listItem","name":"Home"}},{"@type":"ListItem","@id":"https:\/\/www.eldigitaldeasturias.com\/noticias\/pueblo-ejemplar-de-asturias-2020-somao\/#listItem","position":3,"name":"Pueblo Ejemplar de Asturias 2020: Somao","previousItem":{"@type":"ListItem","@id":"https:\/\/www.eldigitaldeasturias.com\/noticias\/category\/actualidad-asturias\/#listItem","name":"Actualidad Asturias"}}]},{"@type":"Organization","@id":"https:\/\/www.eldigitaldeasturias.com\/noticias\/#organization","name":"El Digital de Asturias","description":"Hemeroteca","url":"https:\/\/www.eldigitaldeasturias.com\/noticias\/","email":"info@eldigitaldeasturias.com","telephone":"+34652131393","logo":{"@type":"ImageObject","url":"https:\/\/www.eldigitaldeasturias.com\/noticias\/wp-content\/uploads\/2020\/12\/EDA.jpg","@id":"https:\/\/www.eldigitaldeasturias.com\/noticias\/pueblo-ejemplar-de-asturias-2020-somao\/#organizationLogo","width":649,"height":297},"image":{"@id":"https:\/\/www.eldigitaldeasturias.com\/noticias\/pueblo-ejemplar-de-asturias-2020-somao\/#organizationLogo"},"sameAs":["https:\/\/facebook.com\/eldigitaldeasturias","https:\/\/www.youtube.com\/channel\/UCZP-2wLEB9Rv6erhFmqVnvg"],"address":{"@id":"https:\/\/www.eldigitaldeasturias.com\/noticias\/#postaladdress","@type":"PostalAddress","streetAddress":"san antonio 4,","postalCode":"33430","addressLocality":"Cand\u00e1s","addressRegion":"Asturias","addressCountry":"ES"}},{"@type":"Person","@id":"https:\/\/www.eldigitaldeasturias.com\/noticias\/author\/admin\/#author","url":"https:\/\/www.eldigitaldeasturias.com\/noticias\/author\/admin\/","name":"El Digital de Asturias","image":{"@type":"ImageObject","@id":"https:\/\/www.eldigitaldeasturias.com\/noticias\/pueblo-ejemplar-de-asturias-2020-somao\/#authorImage","url":"https:\/\/www.eldigitaldeasturias.com\/noticias\/wp-content\/litespeed\/avatar\/18677e78aa0546b92d9dbf31ec7d7668.jpg?ver=1776685526","width":96,"height":96,"caption":"El Digital de Asturias"}},{"@type":"WebPage","@id":"https:\/\/www.eldigitaldeasturias.com\/noticias\/pueblo-ejemplar-de-asturias-2020-somao\/#webpage","url":"https:\/\/www.eldigitaldeasturias.com\/noticias\/pueblo-ejemplar-de-asturias-2020-somao\/","name":"Pueblo Ejemplar de Asturias 2020: Somao - El Digital de Asturias","description":"(EUROPA PRESS) - La parroquia rural de Somao (Pravia) ha sido galardonada con el Premio al Pueblo Ejemplar de Asturias 2020, seg\u00fan hizo p\u00fablico este martes en Oviedo el jurado encargado de su concesi\u00f3n. En esta edici\u00f3n concurr\u00edan un total de 26 candidaturas. Enclavada en el medio geogr\u00e1fico del bajo Nal\u00f3n, en una comarca de","inLanguage":"es-ES","isPartOf":{"@id":"https:\/\/www.eldigitaldeasturias.com\/noticias\/#website"},"breadcrumb":{"@id":"https:\/\/www.eldigitaldeasturias.com\/noticias\/pueblo-ejemplar-de-asturias-2020-somao\/#breadcrumblist"},"author":{"@id":"https:\/\/www.eldigitaldeasturias.com\/noticias\/author\/admin\/#author"},"creator":{"@id":"https:\/\/www.eldigitaldeasturias.com\/noticias\/author\/admin\/#author"},"image":{"@type":"ImageObject","url":"https:\/\/www.eldigitaldeasturias.com\/noticias\/wp-content\/uploads\/2020\/09\/fotonoticia_20200901131149_1920.jpg","@id":"https:\/\/www.eldigitaldeasturias.com\/noticias\/pueblo-ejemplar-de-asturias-2020-somao\/#mainImage","width":1174,"height":352},"primaryImageOfPage":{"@id":"https:\/\/www.eldigitaldeasturias.com\/noticias\/pueblo-ejemplar-de-asturias-2020-somao\/#mainImage"},"datePublished":"2020-09-01T12:48:35+02:00","dateModified":"2020-09-01T12:48:35+02:00"},{"@type":"WebSite","@id":"https:\/\/www.eldigitaldeasturias.com\/noticias\/#website","url":"https:\/\/www.eldigitaldeasturias.com\/noticias\/","name":"El Digital de Asturias - Diario de actualidad y noticias","alternateName":"El Digital de Asturias - Diario de actualidad y noticias","description":"Hemeroteca","inLanguage":"es-ES","publisher":{"@id":"https:\/\/www.eldigitaldeasturias.com\/noticias\/#organization"}}]},"og:locale":"es_ES","og:site_name":"El Digital de Asturias","og:type":"article","og:title":"Pueblo Ejemplar de Asturias 2020: Somao - El Digital de Asturias","og:description":"(EUROPA PRESS) - La parroquia rural de Somao (Pravia) ha sido galardonada con el Premio al Pueblo Ejemplar de Asturias 2020, seg\u00fan hizo p\u00fablico este martes en Oviedo el jurado encargado de su concesi\u00f3n. En esta edici\u00f3n concurr\u00edan un total de 26 candidaturas. Enclavada en el medio geogr\u00e1fico del bajo Nal\u00f3n, en una comarca de","og:url":"https:\/\/www.eldigitaldeasturias.com\/noticias\/pueblo-ejemplar-de-asturias-2020-somao\/","og:image":"https:\/\/www.eldigitaldeasturias.com\/noticias\/wp-content\/uploads\/2020\/09\/fotonoticia_20200901131149_1920.jpg","og:image:secure_url":"https:\/\/www.eldigitaldeasturias.com\/noticias\/wp-content\/uploads\/2020\/09\/fotonoticia_20200901131149_1920.jpg","og:image:width":1174,"og:image:height":352,"article:tag":["actualidad asturias","destacadas"],"article:published_time":"2020-09-01T12:48:35+00:00","article:modified_time":"2020-09-01T12:48:35+00:00","article:publisher":"https:\/\/facebook.com\/eldigitaldeasturias","twitter:card":"summary_large_image","twitter:title":"Pueblo Ejemplar de Asturias 2020: Somao - El Digital de Asturias","twitter:description":"(EUROPA PRESS) - La parroquia rural de Somao (Pravia) ha sido galardonada con el Premio al Pueblo Ejemplar de Asturias 2020, seg\u00fan hizo p\u00fablico este martes en Oviedo el jurado encargado de su concesi\u00f3n. En esta edici\u00f3n concurr\u00edan un total de 26 candidaturas. Enclavada en el medio geogr\u00e1fico del bajo Nal\u00f3n, en una comarca de","twitter:image":"https:\/\/www.eldigitaldeasturias.com\/noticias\/wp-content\/uploads\/2020\/09\/fotonoticia_20200901131149_1920.jpg","twitter:label1":"Escrito por","twitter:data1":"El Digital de Asturias","twitter:label2":"Tiempo de lectura estimado","twitter:data2":"5 minutos"},"aioseo_meta_data":{"post_id":"1074738","title":null,"description":"","keywords":"","keyphrases":null,"primary_term":null,"canonical_url":"","og_title":null,"og_description":null,"og_object_type":"default","og_image_type":"default","og_image_url":null,"og_image_width":null,"og_image_height":null,"og_image_custom_url":null,"og_image_custom_fields":null,"og_video":null,"og_custom_url":null,"og_article_section":null,"og_article_tags":null,"twitter_use_og":false,"twitter_card":"default","twitter_image_type":"default","twitter_image_url":null,"twitter_image_custom_url":null,"twitter_image_custom_fields":null,"twitter_title":null,"twitter_description":null,"schema":{"blockGraphs":[],"customGraphs":[],"default":{"data":{"Article":[],"Course":[],"Dataset":[],"FAQPage":[],"Movie":[],"Person":[],"Product":[],"ProductReview":[],"Car":[],"Recipe":[],"Service":[],"SoftwareApplication":[],"WebPage":[]},"graphName":"","isEnabled":true},"graphs":[],"defaultGraph":"","defaultPostTypeGraph":""},"schema_type":null,"schema_type_options":null,"pillar_content":false,"robots_default":true,"robots_noindex":false,"robots_noarchive":false,"robots_nosnippet":false,"robots_nofollow":false,"robots_noimageindex":false,"robots_noodp":false,"robots_notranslate":false,"robots_max_snippet":null,"robots_max_videopreview":null,"robots_max_imagepreview":"large","priority":null,"frequency":"default","local_seo":null,"seo_analyzer_scan_date":"2025-09-13 12:47:52","breadcrumb_settings":null,"limit_modified_date":false,"open_ai":null,"ai":null,"created":"2020-12-21 10:41:35","updated":"2025-09-13 12:47:52"},"aioseo_breadcrumb":"<div class=\"aioseo-breadcrumbs\"><span class=\"aioseo-breadcrumb\">\n\t<a href=\"https:\/\/www.eldigitaldeasturias.com\/noticias\" title=\"Home\">Home<\/a>\n<\/span><span class=\"aioseo-breadcrumb-separator\">\u2013<\/span><span class=\"aioseo-breadcrumb\">\n\t<a href=\"https:\/\/www.eldigitaldeasturias.com\/noticias\/category\/actualidad-asturias\/\" title=\"Actualidad Asturias\">Actualidad Asturias<\/a>\n<\/span><span class=\"aioseo-breadcrumb-separator\">\u2013<\/span><span class=\"aioseo-breadcrumb\">\n\t<a href=\"https:\/\/www.eldigitaldeasturias.com\/noticias\/pueblo-ejemplar-de-asturias-2020-somao\/\" title=\"Pueblo Ejemplar de Asturias 2020: Somao\">Pueblo Ejemplar de Asturias 2020: Somao<\/a>\n<\/span><\/div>","aioseo_breadcrumb_json":[{"label":"Home","link":"https:\/\/www.eldigitaldeasturias.com\/noticias"},{"label":"Actualidad Asturias","link":"https:\/\/www.eldigitaldeasturias.com\/noticias\/category\/actualidad-asturias\/"},{"label":"Pueblo Ejemplar de Asturias 2020: Somao","link":"https:\/\/www.eldigitaldeasturias.com\/noticias\/pueblo-ejemplar-de-asturias-2020-somao\/"}],"_links":{"self":[{"href":"https:\/\/www.eldigitaldeasturias.com\/noticias\/wp-json\/wp\/v2\/posts\/1074738","targetHints":{"allow":["GET"]}}],"collection":[{"href":"https:\/\/www.eldigitaldeasturias.com\/noticias\/wp-json\/wp\/v2\/posts"}],"about":[{"href":"https:\/\/www.eldigitaldeasturias.com\/noticias\/wp-json\/wp\/v2\/types\/post"}],"author":[{"embeddable":true,"href":"https:\/\/www.eldigitaldeasturias.com\/noticias\/wp-json\/wp\/v2\/users\/1"}],"replies":[{"embeddable":true,"href":"https:\/\/www.eldigitaldeasturias.com\/noticias\/wp-json\/wp\/v2\/comments?post=1074738"}],"version-history":[{"count":0,"href":"https:\/\/www.eldigitaldeasturias.com\/noticias\/wp-json\/wp\/v2\/posts\/1074738\/revisions"}],"wp:featuredmedia":[{"embeddable":true,"href":"https:\/\/www.eldigitaldeasturias.com\/noticias\/wp-json\/wp\/v2\/media\/1074739"}],"wp:attachment":[{"href":"https:\/\/www.eldigitaldeasturias.com\/noticias\/wp-json\/wp\/v2\/media?parent=1074738"}],"wp:term":[{"taxonomy":"category","embeddable":true,"href":"https:\/\/www.eldigitaldeasturias.com\/noticias\/wp-json\/wp\/v2\/categories?post=1074738"},{"taxonomy":"post_tag","embeddable":true,"href":"https:\/\/www.eldigitaldeasturias.com\/noticias\/wp-json\/wp\/v2\/tags?post=1074738"}],"curies":[{"name":"wp","href":"https:\/\/api.w.org\/{rel}","templated":true}]}}