{"id":1074570,"date":"2020-08-31T11:50:17","date_gmt":"2020-08-31T11:50:17","guid":{"rendered":"https:\/\/www.eldigitaldeasturias.com\/noticias\/?p=1074570"},"modified":"2020-08-31T11:50:17","modified_gmt":"2020-08-31T11:50:17","slug":"pueblo-ejemplar-de-asturias-2020","status":"publish","type":"post","link":"https:\/\/www.eldigitaldeasturias.com\/noticias\/pueblo-ejemplar-de-asturias-2020\/","title":{"rendered":"Pueblo Ejemplar de Asturias 2020"},"content":{"rendered":"<figure id=\"attachment_1074571\" aria-describedby=\"caption-attachment-1074571\" style=\"width: 360px\" class=\"wp-caption alignleft\"><img loading=\"lazy\" decoding=\"async\" class=\"size-medium wp-image-1074571\" src=\"https:\/\/www.eldigitaldeasturias.com\/noticias\/wp-content\/uploads\/2020\/08\/Premios-Asturias-360x193.jpg\" alt=\"\" width=\"360\" height=\"193\" srcset=\"https:\/\/www.eldigitaldeasturias.com\/noticias\/wp-content\/uploads\/2020\/08\/Premios-Asturias-360x193.jpg 360w, https:\/\/www.eldigitaldeasturias.com\/noticias\/wp-content\/uploads\/2020\/08\/Premios-Asturias-690x369.jpg 690w, https:\/\/www.eldigitaldeasturias.com\/noticias\/wp-content\/uploads\/2020\/08\/Premios-Asturias-480x257.jpg 480w, https:\/\/www.eldigitaldeasturias.com\/noticias\/wp-content\/uploads\/2020\/08\/Premios-Asturias-768x411.jpg 768w, https:\/\/www.eldigitaldeasturias.com\/noticias\/wp-content\/uploads\/2020\/08\/Premios-Asturias-696x372.jpg 696w, https:\/\/www.eldigitaldeasturias.com\/noticias\/wp-content\/uploads\/2020\/08\/Premios-Asturias-785x420.jpg 785w, https:\/\/www.eldigitaldeasturias.com\/noticias\/wp-content\/uploads\/2020\/08\/Premios-Asturias.jpg 817w\" sizes=\"auto, (max-width: 360px) 100vw, 360px\" \/><figcaption id=\"caption-attachment-1074571\" class=\"wp-caption-text\">Pueblo Ejemplar de Asturias 2019 &#8211; FPA &#8211; EP<\/figcaption><\/figure>\n<p>(EUROPA PRESS) &#8211;\u00a0La reuni\u00f3n del jurado encargado de conceder el Premio al <strong>Pueblo Ejemplar de Asturias 2020<\/strong> en su trig\u00e9sima primera edici\u00f3n tendr\u00e1 lugar este martes 1 de septiembre.<\/p>\n<p>De forma excepcional, con motivo de la emergencia sanitaria provocada por la pandemia de la COVID-19, la reuni\u00f3n se desarrollar\u00e1 mediante videoconferencia.<\/p>\n<p>El secretario del jurado ser\u00e1 designado por la Fundaci\u00f3n Princesa de Asturias (FPA), tal y como establece el Reglamento del galard\u00f3n, y su presidente ser\u00e1 el mismo que en la edici\u00f3n anterior para facilitar el desarrollo de la reuni\u00f3n, seg\u00fan ha aprobado el Patronato de la instituci\u00f3n. El fallo se har\u00e1 p\u00fablico cuando finalice la reuni\u00f3n.<\/p>\n<p>El Premio al Pueblo Ejemplar de Asturias est\u00e1 destinado a galardonar \u00abal pueblo, aldea, n\u00facleo de poblaci\u00f3n, espacio paisaj\u00edstico o grupo humano del Principado de Asturias que haya destacado de modo notable en la defensa y conservaci\u00f3n de su entorno natural, ambiental, de su patrimonio hist\u00f3rico, cultural o art\u00edstico, en iniciativas de impulso econ\u00f3mico y social o en la realizaci\u00f3n de obras comunales u otras manifestaciones de solidaridad sobresalientes\u00bb.<\/p>\n<p>El galard\u00f3n es entregado cada a\u00f1o por los Reyes, durante la jornada posterior a la ceremonia de entrega de los Premios Princesa de Asturias, que se celebran en Oviedo en la segunda quincena de octubre. En 2019, los Reyes estuvieron acompa\u00f1ados por la Princesa de Asturias y la Infanta Do\u00f1a Sof\u00eda.<\/p>\n","protected":false},"excerpt":{"rendered":"<p>(EUROPA PRESS) &#8211;\u00a0La reuni\u00f3n del jurado encargado de conceder el Premio al Pueblo Ejemplar de Asturias 2020 en su trig\u00e9sima primera edici\u00f3n tendr\u00e1 lugar este martes 1 de septiembre. De forma excepcional, con motivo de la emergencia sanitaria provocada por la pandemia de la COVID-19, la reuni\u00f3n se desarrollar\u00e1 mediante videoconferencia. El secretario del jurado [&hellip;]<\/p>\n","protected":false},"author":1,"featured_media":1074571,"comment_status":"closed","ping_status":"closed","sticky":false,"template":"","format":"standard","meta":{"footnotes":""},"categories":[12,141],"tags":[],"class_list":["post-1074570","post","type-post","status-publish","format-standard","has-post-thumbnail","hentry","category-actualidad-asturias","category-destacadas"],"aioseo_notices":[],"aioseo_head":"\n\t\t<!-- All in One SEO Pro 4.9.6.2 - aioseo.com -->\n\t<meta name=\"description\" content=\"(EUROPA PRESS) - La reuni\u00f3n del jurado encargado de conceder el Premio al Pueblo Ejemplar de Asturias 2020 en su trig\u00e9sima primera edici\u00f3n tendr\u00e1 lugar este martes 1 de septiembre. De forma excepcional, con motivo de la emergencia sanitaria provocada por la pandemia de la COVID-19, la reuni\u00f3n se desarrollar\u00e1 mediante videoconferencia. El secretario del jurado\" \/>\n\t<meta name=\"robots\" content=\"max-image-preview:large\" \/>\n\t<meta name=\"author\" content=\"El Digital de Asturias\"\/>\n\t<meta name=\"google-site-verification\" content=\"UA-38556648-1\" \/>\n\t<meta name=\"msvalidate.01\" content=\"7dfe9f3f1b24437ab69f4f2559babe99\" \/>\n\t<meta name=\"keywords\" content=\"actualidad asturias,destacadas\" \/>\n\t<link rel=\"canonical\" href=\"https:\/\/www.eldigitaldeasturias.com\/noticias\/pueblo-ejemplar-de-asturias-2020\/\" \/>\n\t<meta name=\"generator\" content=\"All in One SEO Pro (AIOSEO) 4.9.6.2\" \/>\n\t\t<meta property=\"og:locale\" content=\"es_ES\" \/>\n\t\t<meta property=\"og:site_name\" content=\"El Digital de Asturias\" \/>\n\t\t<meta property=\"og:type\" content=\"article\" \/>\n\t\t<meta property=\"og:title\" content=\"Pueblo Ejemplar de Asturias 2020 - El Digital de Asturias\" \/>\n\t\t<meta property=\"og:description\" content=\"(EUROPA PRESS) - La reuni\u00f3n del jurado encargado de conceder el Premio al Pueblo Ejemplar de Asturias 2020 en su trig\u00e9sima primera edici\u00f3n tendr\u00e1 lugar este martes 1 de septiembre. De forma excepcional, con motivo de la emergencia sanitaria provocada por la pandemia de la COVID-19, la reuni\u00f3n se desarrollar\u00e1 mediante videoconferencia. El secretario del jurado\" \/>\n\t\t<meta property=\"og:url\" content=\"https:\/\/www.eldigitaldeasturias.com\/noticias\/pueblo-ejemplar-de-asturias-2020\/\" \/>\n\t\t<meta property=\"og:image\" content=\"https:\/\/www.eldigitaldeasturias.com\/noticias\/wp-content\/uploads\/2020\/08\/Premios-Asturias.jpg\" \/>\n\t\t<meta property=\"og:image:secure_url\" content=\"https:\/\/www.eldigitaldeasturias.com\/noticias\/wp-content\/uploads\/2020\/08\/Premios-Asturias.jpg\" \/>\n\t\t<meta property=\"og:image:width\" content=\"817\" \/>\n\t\t<meta property=\"og:image:height\" content=\"437\" \/>\n\t\t<meta property=\"article:tag\" content=\"actualidad asturias\" \/>\n\t\t<meta property=\"article:tag\" content=\"destacadas\" \/>\n\t\t<meta property=\"article:published_time\" content=\"2020-08-31T11:50:17+00:00\" \/>\n\t\t<meta property=\"article:modified_time\" content=\"2020-08-31T11:50:17+00:00\" \/>\n\t\t<meta property=\"article:publisher\" content=\"https:\/\/facebook.com\/eldigitaldeasturias\" \/>\n\t\t<meta name=\"twitter:card\" content=\"summary_large_image\" \/>\n\t\t<meta name=\"twitter:title\" content=\"Pueblo Ejemplar de Asturias 2020 - El Digital de Asturias\" \/>\n\t\t<meta name=\"twitter:description\" content=\"(EUROPA PRESS) - La reuni\u00f3n del jurado encargado de conceder el Premio al Pueblo Ejemplar de Asturias 2020 en su trig\u00e9sima primera edici\u00f3n tendr\u00e1 lugar este martes 1 de septiembre. De forma excepcional, con motivo de la emergencia sanitaria provocada por la pandemia de la COVID-19, la reuni\u00f3n se desarrollar\u00e1 mediante videoconferencia. El secretario del jurado\" \/>\n\t\t<meta name=\"twitter:image\" content=\"https:\/\/www.eldigitaldeasturias.com\/noticias\/wp-content\/uploads\/2020\/08\/Premios-Asturias.jpg\" \/>\n\t\t<meta name=\"twitter:label1\" content=\"Escrito por\" \/>\n\t\t<meta name=\"twitter:data1\" content=\"El Digital de Asturias\" \/>\n\t\t<meta name=\"twitter:label2\" content=\"Tiempo de lectura estimado\" \/>\n\t\t<meta name=\"twitter:data2\" content=\"1 minuto\" \/>\n\t\t<script type=\"application\/ld+json\" class=\"aioseo-schema\">\n\t\t\t{\"@context\":\"https:\\\/\\\/schema.org\",\"@graph\":[{\"@type\":\"BlogPosting\",\"@id\":\"https:\\\/\\\/www.eldigitaldeasturias.com\\\/noticias\\\/pueblo-ejemplar-de-asturias-2020\\\/#blogposting\",\"name\":\"Pueblo Ejemplar de Asturias 2020 - El Digital de Asturias\",\"headline\":\"Pueblo Ejemplar de Asturias 2020\",\"author\":{\"@id\":\"https:\\\/\\\/www.eldigitaldeasturias.com\\\/noticias\\\/author\\\/admin\\\/#author\"},\"publisher\":{\"@id\":\"https:\\\/\\\/www.eldigitaldeasturias.com\\\/noticias\\\/#organization\"},\"image\":{\"@type\":\"ImageObject\",\"url\":\"https:\\\/\\\/www.eldigitaldeasturias.com\\\/noticias\\\/wp-content\\\/uploads\\\/2020\\\/08\\\/Premios-Asturias.jpg\",\"width\":817,\"height\":437,\"caption\":\"Pueblo Ejemplar de Asturias 2019 - FPA - EP\"},\"datePublished\":\"2020-08-31T11:50:17+02:00\",\"dateModified\":\"2020-08-31T11:50:17+02:00\",\"inLanguage\":\"es-ES\",\"mainEntityOfPage\":{\"@id\":\"https:\\\/\\\/www.eldigitaldeasturias.com\\\/noticias\\\/pueblo-ejemplar-de-asturias-2020\\\/#webpage\"},\"isPartOf\":{\"@id\":\"https:\\\/\\\/www.eldigitaldeasturias.com\\\/noticias\\\/pueblo-ejemplar-de-asturias-2020\\\/#webpage\"},\"articleSection\":\"Actualidad Asturias, Destacadas\"},{\"@type\":\"BreadcrumbList\",\"@id\":\"https:\\\/\\\/www.eldigitaldeasturias.com\\\/noticias\\\/pueblo-ejemplar-de-asturias-2020\\\/#breadcrumblist\",\"itemListElement\":[{\"@type\":\"ListItem\",\"@id\":\"https:\\\/\\\/www.eldigitaldeasturias.com\\\/noticias#listItem\",\"position\":1,\"name\":\"Home\",\"item\":\"https:\\\/\\\/www.eldigitaldeasturias.com\\\/noticias\",\"nextItem\":{\"@type\":\"ListItem\",\"@id\":\"https:\\\/\\\/www.eldigitaldeasturias.com\\\/noticias\\\/category\\\/actualidad-asturias\\\/#listItem\",\"name\":\"Actualidad Asturias\"}},{\"@type\":\"ListItem\",\"@id\":\"https:\\\/\\\/www.eldigitaldeasturias.com\\\/noticias\\\/category\\\/actualidad-asturias\\\/#listItem\",\"position\":2,\"name\":\"Actualidad Asturias\",\"item\":\"https:\\\/\\\/www.eldigitaldeasturias.com\\\/noticias\\\/category\\\/actualidad-asturias\\\/\",\"nextItem\":{\"@type\":\"ListItem\",\"@id\":\"https:\\\/\\\/www.eldigitaldeasturias.com\\\/noticias\\\/pueblo-ejemplar-de-asturias-2020\\\/#listItem\",\"name\":\"Pueblo Ejemplar de Asturias 2020\"},\"previousItem\":{\"@type\":\"ListItem\",\"@id\":\"https:\\\/\\\/www.eldigitaldeasturias.com\\\/noticias#listItem\",\"name\":\"Home\"}},{\"@type\":\"ListItem\",\"@id\":\"https:\\\/\\\/www.eldigitaldeasturias.com\\\/noticias\\\/pueblo-ejemplar-de-asturias-2020\\\/#listItem\",\"position\":3,\"name\":\"Pueblo Ejemplar de Asturias 2020\",\"previousItem\":{\"@type\":\"ListItem\",\"@id\":\"https:\\\/\\\/www.eldigitaldeasturias.com\\\/noticias\\\/category\\\/actualidad-asturias\\\/#listItem\",\"name\":\"Actualidad Asturias\"}}]},{\"@type\":\"Organization\",\"@id\":\"https:\\\/\\\/www.eldigitaldeasturias.com\\\/noticias\\\/#organization\",\"name\":\"El Digital de Asturias\",\"description\":\"Hemeroteca\",\"url\":\"https:\\\/\\\/www.eldigitaldeasturias.com\\\/noticias\\\/\",\"email\":\"info@eldigitaldeasturias.com\",\"telephone\":\"+34652131393\",\"logo\":{\"@type\":\"ImageObject\",\"url\":\"https:\\\/\\\/www.eldigitaldeasturias.com\\\/noticias\\\/wp-content\\\/uploads\\\/2020\\\/12\\\/EDA.jpg\",\"@id\":\"https:\\\/\\\/www.eldigitaldeasturias.com\\\/noticias\\\/pueblo-ejemplar-de-asturias-2020\\\/#organizationLogo\",\"width\":649,\"height\":297},\"image\":{\"@id\":\"https:\\\/\\\/www.eldigitaldeasturias.com\\\/noticias\\\/pueblo-ejemplar-de-asturias-2020\\\/#organizationLogo\"},\"sameAs\":[\"https:\\\/\\\/facebook.com\\\/eldigitaldeasturias\",\"https:\\\/\\\/www.youtube.com\\\/channel\\\/UCZP-2wLEB9Rv6erhFmqVnvg\"],\"address\":{\"@id\":\"https:\\\/\\\/www.eldigitaldeasturias.com\\\/noticias\\\/#postaladdress\",\"@type\":\"PostalAddress\",\"streetAddress\":\"san antonio 4,\",\"postalCode\":\"33430\",\"addressLocality\":\"Cand\\u00e1s\",\"addressRegion\":\"Asturias\",\"addressCountry\":\"ES\"}},{\"@type\":\"Person\",\"@id\":\"https:\\\/\\\/www.eldigitaldeasturias.com\\\/noticias\\\/author\\\/admin\\\/#author\",\"url\":\"https:\\\/\\\/www.eldigitaldeasturias.com\\\/noticias\\\/author\\\/admin\\\/\",\"name\":\"El Digital de Asturias\",\"image\":{\"@type\":\"ImageObject\",\"@id\":\"https:\\\/\\\/www.eldigitaldeasturias.com\\\/noticias\\\/pueblo-ejemplar-de-asturias-2020\\\/#authorImage\",\"url\":\"https:\\\/\\\/www.eldigitaldeasturias.com\\\/noticias\\\/wp-content\\\/litespeed\\\/avatar\\\/18677e78aa0546b92d9dbf31ec7d7668.jpg?ver=1776685526\",\"width\":96,\"height\":96,\"caption\":\"El Digital de Asturias\"}},{\"@type\":\"WebPage\",\"@id\":\"https:\\\/\\\/www.eldigitaldeasturias.com\\\/noticias\\\/pueblo-ejemplar-de-asturias-2020\\\/#webpage\",\"url\":\"https:\\\/\\\/www.eldigitaldeasturias.com\\\/noticias\\\/pueblo-ejemplar-de-asturias-2020\\\/\",\"name\":\"Pueblo Ejemplar de Asturias 2020 - El Digital de Asturias\",\"description\":\"(EUROPA PRESS) - La reuni\\u00f3n del jurado encargado de conceder el Premio al Pueblo Ejemplar de Asturias 2020 en su trig\\u00e9sima primera edici\\u00f3n tendr\\u00e1 lugar este martes 1 de septiembre. De forma excepcional, con motivo de la emergencia sanitaria provocada por la pandemia de la COVID-19, la reuni\\u00f3n se desarrollar\\u00e1 mediante videoconferencia. El secretario del jurado\",\"inLanguage\":\"es-ES\",\"isPartOf\":{\"@id\":\"https:\\\/\\\/www.eldigitaldeasturias.com\\\/noticias\\\/#website\"},\"breadcrumb\":{\"@id\":\"https:\\\/\\\/www.eldigitaldeasturias.com\\\/noticias\\\/pueblo-ejemplar-de-asturias-2020\\\/#breadcrumblist\"},\"author\":{\"@id\":\"https:\\\/\\\/www.eldigitaldeasturias.com\\\/noticias\\\/author\\\/admin\\\/#author\"},\"creator\":{\"@id\":\"https:\\\/\\\/www.eldigitaldeasturias.com\\\/noticias\\\/author\\\/admin\\\/#author\"},\"image\":{\"@type\":\"ImageObject\",\"url\":\"https:\\\/\\\/www.eldigitaldeasturias.com\\\/noticias\\\/wp-content\\\/uploads\\\/2020\\\/08\\\/Premios-Asturias.jpg\",\"@id\":\"https:\\\/\\\/www.eldigitaldeasturias.com\\\/noticias\\\/pueblo-ejemplar-de-asturias-2020\\\/#mainImage\",\"width\":817,\"height\":437,\"caption\":\"Pueblo Ejemplar de Asturias 2019 - FPA - EP\"},\"primaryImageOfPage\":{\"@id\":\"https:\\\/\\\/www.eldigitaldeasturias.com\\\/noticias\\\/pueblo-ejemplar-de-asturias-2020\\\/#mainImage\"},\"datePublished\":\"2020-08-31T11:50:17+02:00\",\"dateModified\":\"2020-08-31T11:50:17+02:00\"},{\"@type\":\"WebSite\",\"@id\":\"https:\\\/\\\/www.eldigitaldeasturias.com\\\/noticias\\\/#website\",\"url\":\"https:\\\/\\\/www.eldigitaldeasturias.com\\\/noticias\\\/\",\"name\":\"El Digital de Asturias - Diario de actualidad y noticias\",\"alternateName\":\"El Digital de Asturias - Diario de actualidad y noticias\",\"description\":\"Hemeroteca\",\"inLanguage\":\"es-ES\",\"publisher\":{\"@id\":\"https:\\\/\\\/www.eldigitaldeasturias.com\\\/noticias\\\/#organization\"}}]}\n\t\t<\/script>\n\t\t<!-- All in One SEO Pro -->\r\n\t\t<title>Pueblo Ejemplar de Asturias 2020 - El Digital de Asturias<\/title>\n\n","aioseo_head_json":{"title":"Pueblo Ejemplar de Asturias 2020 - El Digital de Asturias","description":"(EUROPA PRESS) - La reuni\u00f3n del jurado encargado de conceder el Premio al Pueblo Ejemplar de Asturias 2020 en su trig\u00e9sima primera edici\u00f3n tendr\u00e1 lugar este martes 1 de septiembre. De forma excepcional, con motivo de la emergencia sanitaria provocada por la pandemia de la COVID-19, la reuni\u00f3n se desarrollar\u00e1 mediante videoconferencia. El secretario del jurado","canonical_url":"https:\/\/www.eldigitaldeasturias.com\/noticias\/pueblo-ejemplar-de-asturias-2020\/","robots":"max-image-preview:large","keywords":"actualidad asturias,destacadas","webmasterTools":{"google-site-verification":"UA-38556648-1","msvalidate.01":"7dfe9f3f1b24437ab69f4f2559babe99","miscellaneous":""},"schema":{"@context":"https:\/\/schema.org","@graph":[{"@type":"BlogPosting","@id":"https:\/\/www.eldigitaldeasturias.com\/noticias\/pueblo-ejemplar-de-asturias-2020\/#blogposting","name":"Pueblo Ejemplar de Asturias 2020 - El Digital de Asturias","headline":"Pueblo Ejemplar de Asturias 2020","author":{"@id":"https:\/\/www.eldigitaldeasturias.com\/noticias\/author\/admin\/#author"},"publisher":{"@id":"https:\/\/www.eldigitaldeasturias.com\/noticias\/#organization"},"image":{"@type":"ImageObject","url":"https:\/\/www.eldigitaldeasturias.com\/noticias\/wp-content\/uploads\/2020\/08\/Premios-Asturias.jpg","width":817,"height":437,"caption":"Pueblo Ejemplar de Asturias 2019 - FPA - EP"},"datePublished":"2020-08-31T11:50:17+02:00","dateModified":"2020-08-31T11:50:17+02:00","inLanguage":"es-ES","mainEntityOfPage":{"@id":"https:\/\/www.eldigitaldeasturias.com\/noticias\/pueblo-ejemplar-de-asturias-2020\/#webpage"},"isPartOf":{"@id":"https:\/\/www.eldigitaldeasturias.com\/noticias\/pueblo-ejemplar-de-asturias-2020\/#webpage"},"articleSection":"Actualidad Asturias, Destacadas"},{"@type":"BreadcrumbList","@id":"https:\/\/www.eldigitaldeasturias.com\/noticias\/pueblo-ejemplar-de-asturias-2020\/#breadcrumblist","itemListElement":[{"@type":"ListItem","@id":"https:\/\/www.eldigitaldeasturias.com\/noticias#listItem","position":1,"name":"Home","item":"https:\/\/www.eldigitaldeasturias.com\/noticias","nextItem":{"@type":"ListItem","@id":"https:\/\/www.eldigitaldeasturias.com\/noticias\/category\/actualidad-asturias\/#listItem","name":"Actualidad Asturias"}},{"@type":"ListItem","@id":"https:\/\/www.eldigitaldeasturias.com\/noticias\/category\/actualidad-asturias\/#listItem","position":2,"name":"Actualidad Asturias","item":"https:\/\/www.eldigitaldeasturias.com\/noticias\/category\/actualidad-asturias\/","nextItem":{"@type":"ListItem","@id":"https:\/\/www.eldigitaldeasturias.com\/noticias\/pueblo-ejemplar-de-asturias-2020\/#listItem","name":"Pueblo Ejemplar de Asturias 2020"},"previousItem":{"@type":"ListItem","@id":"https:\/\/www.eldigitaldeasturias.com\/noticias#listItem","name":"Home"}},{"@type":"ListItem","@id":"https:\/\/www.eldigitaldeasturias.com\/noticias\/pueblo-ejemplar-de-asturias-2020\/#listItem","position":3,"name":"Pueblo Ejemplar de Asturias 2020","previousItem":{"@type":"ListItem","@id":"https:\/\/www.eldigitaldeasturias.com\/noticias\/category\/actualidad-asturias\/#listItem","name":"Actualidad Asturias"}}]},{"@type":"Organization","@id":"https:\/\/www.eldigitaldeasturias.com\/noticias\/#organization","name":"El Digital de Asturias","description":"Hemeroteca","url":"https:\/\/www.eldigitaldeasturias.com\/noticias\/","email":"info@eldigitaldeasturias.com","telephone":"+34652131393","logo":{"@type":"ImageObject","url":"https:\/\/www.eldigitaldeasturias.com\/noticias\/wp-content\/uploads\/2020\/12\/EDA.jpg","@id":"https:\/\/www.eldigitaldeasturias.com\/noticias\/pueblo-ejemplar-de-asturias-2020\/#organizationLogo","width":649,"height":297},"image":{"@id":"https:\/\/www.eldigitaldeasturias.com\/noticias\/pueblo-ejemplar-de-asturias-2020\/#organizationLogo"},"sameAs":["https:\/\/facebook.com\/eldigitaldeasturias","https:\/\/www.youtube.com\/channel\/UCZP-2wLEB9Rv6erhFmqVnvg"],"address":{"@id":"https:\/\/www.eldigitaldeasturias.com\/noticias\/#postaladdress","@type":"PostalAddress","streetAddress":"san antonio 4,","postalCode":"33430","addressLocality":"Cand\u00e1s","addressRegion":"Asturias","addressCountry":"ES"}},{"@type":"Person","@id":"https:\/\/www.eldigitaldeasturias.com\/noticias\/author\/admin\/#author","url":"https:\/\/www.eldigitaldeasturias.com\/noticias\/author\/admin\/","name":"El Digital de Asturias","image":{"@type":"ImageObject","@id":"https:\/\/www.eldigitaldeasturias.com\/noticias\/pueblo-ejemplar-de-asturias-2020\/#authorImage","url":"https:\/\/www.eldigitaldeasturias.com\/noticias\/wp-content\/litespeed\/avatar\/18677e78aa0546b92d9dbf31ec7d7668.jpg?ver=1776685526","width":96,"height":96,"caption":"El Digital de Asturias"}},{"@type":"WebPage","@id":"https:\/\/www.eldigitaldeasturias.com\/noticias\/pueblo-ejemplar-de-asturias-2020\/#webpage","url":"https:\/\/www.eldigitaldeasturias.com\/noticias\/pueblo-ejemplar-de-asturias-2020\/","name":"Pueblo Ejemplar de Asturias 2020 - El Digital de Asturias","description":"(EUROPA PRESS) - La reuni\u00f3n del jurado encargado de conceder el Premio al Pueblo Ejemplar de Asturias 2020 en su trig\u00e9sima primera edici\u00f3n tendr\u00e1 lugar este martes 1 de septiembre. De forma excepcional, con motivo de la emergencia sanitaria provocada por la pandemia de la COVID-19, la reuni\u00f3n se desarrollar\u00e1 mediante videoconferencia. El secretario del jurado","inLanguage":"es-ES","isPartOf":{"@id":"https:\/\/www.eldigitaldeasturias.com\/noticias\/#website"},"breadcrumb":{"@id":"https:\/\/www.eldigitaldeasturias.com\/noticias\/pueblo-ejemplar-de-asturias-2020\/#breadcrumblist"},"author":{"@id":"https:\/\/www.eldigitaldeasturias.com\/noticias\/author\/admin\/#author"},"creator":{"@id":"https:\/\/www.eldigitaldeasturias.com\/noticias\/author\/admin\/#author"},"image":{"@type":"ImageObject","url":"https:\/\/www.eldigitaldeasturias.com\/noticias\/wp-content\/uploads\/2020\/08\/Premios-Asturias.jpg","@id":"https:\/\/www.eldigitaldeasturias.com\/noticias\/pueblo-ejemplar-de-asturias-2020\/#mainImage","width":817,"height":437,"caption":"Pueblo Ejemplar de Asturias 2019 - FPA - EP"},"primaryImageOfPage":{"@id":"https:\/\/www.eldigitaldeasturias.com\/noticias\/pueblo-ejemplar-de-asturias-2020\/#mainImage"},"datePublished":"2020-08-31T11:50:17+02:00","dateModified":"2020-08-31T11:50:17+02:00"},{"@type":"WebSite","@id":"https:\/\/www.eldigitaldeasturias.com\/noticias\/#website","url":"https:\/\/www.eldigitaldeasturias.com\/noticias\/","name":"El Digital de Asturias - Diario de actualidad y noticias","alternateName":"El Digital de Asturias - Diario de actualidad y noticias","description":"Hemeroteca","inLanguage":"es-ES","publisher":{"@id":"https:\/\/www.eldigitaldeasturias.com\/noticias\/#organization"}}]},"og:locale":"es_ES","og:site_name":"El Digital de Asturias","og:type":"article","og:title":"Pueblo Ejemplar de Asturias 2020 - El Digital de Asturias","og:description":"(EUROPA PRESS) - La reuni\u00f3n del jurado encargado de conceder el Premio al Pueblo Ejemplar de Asturias 2020 en su trig\u00e9sima primera edici\u00f3n tendr\u00e1 lugar este martes 1 de septiembre. De forma excepcional, con motivo de la emergencia sanitaria provocada por la pandemia de la COVID-19, la reuni\u00f3n se desarrollar\u00e1 mediante videoconferencia. El secretario del jurado","og:url":"https:\/\/www.eldigitaldeasturias.com\/noticias\/pueblo-ejemplar-de-asturias-2020\/","og:image":"https:\/\/www.eldigitaldeasturias.com\/noticias\/wp-content\/uploads\/2020\/08\/Premios-Asturias.jpg","og:image:secure_url":"https:\/\/www.eldigitaldeasturias.com\/noticias\/wp-content\/uploads\/2020\/08\/Premios-Asturias.jpg","og:image:width":817,"og:image:height":437,"article:tag":["actualidad asturias","destacadas"],"article:published_time":"2020-08-31T11:50:17+00:00","article:modified_time":"2020-08-31T11:50:17+00:00","article:publisher":"https:\/\/facebook.com\/eldigitaldeasturias","twitter:card":"summary_large_image","twitter:title":"Pueblo Ejemplar de Asturias 2020 - El Digital de Asturias","twitter:description":"(EUROPA PRESS) - La reuni\u00f3n del jurado encargado de conceder el Premio al Pueblo Ejemplar de Asturias 2020 en su trig\u00e9sima primera edici\u00f3n tendr\u00e1 lugar este martes 1 de septiembre. De forma excepcional, con motivo de la emergencia sanitaria provocada por la pandemia de la COVID-19, la reuni\u00f3n se desarrollar\u00e1 mediante videoconferencia. El secretario del jurado","twitter:image":"https:\/\/www.eldigitaldeasturias.com\/noticias\/wp-content\/uploads\/2020\/08\/Premios-Asturias.jpg","twitter:label1":"Escrito por","twitter:data1":"El Digital de Asturias","twitter:label2":"Tiempo de lectura estimado","twitter:data2":"1 minuto"},"aioseo_meta_data":{"post_id":"1074570","title":null,"description":"","keywords":"","keyphrases":null,"primary_term":null,"canonical_url":"","og_title":null,"og_description":null,"og_object_type":"default","og_image_type":"default","og_image_url":null,"og_image_width":null,"og_image_height":null,"og_image_custom_url":null,"og_image_custom_fields":null,"og_video":null,"og_custom_url":null,"og_article_section":null,"og_article_tags":null,"twitter_use_og":false,"twitter_card":"default","twitter_image_type":"default","twitter_image_url":null,"twitter_image_custom_url":null,"twitter_image_custom_fields":null,"twitter_title":null,"twitter_description":null,"schema":{"blockGraphs":[],"customGraphs":[],"default":{"data":{"Article":[],"Course":[],"Dataset":[],"FAQPage":[],"Movie":[],"Person":[],"Product":[],"ProductReview":[],"Car":[],"Recipe":[],"Service":[],"SoftwareApplication":[],"WebPage":[]},"graphName":"","isEnabled":true},"graphs":[],"defaultGraph":"","defaultPostTypeGraph":""},"schema_type":null,"schema_type_options":null,"pillar_content":false,"robots_default":true,"robots_noindex":false,"robots_noarchive":false,"robots_nosnippet":false,"robots_nofollow":false,"robots_noimageindex":false,"robots_noodp":false,"robots_notranslate":false,"robots_max_snippet":null,"robots_max_videopreview":null,"robots_max_imagepreview":"large","priority":null,"frequency":"default","local_seo":null,"seo_analyzer_scan_date":"2025-09-13 12:20:53","breadcrumb_settings":null,"limit_modified_date":false,"open_ai":null,"ai":null,"created":"2020-12-21 10:41:36","updated":"2025-09-13 12:20:53"},"aioseo_breadcrumb":"<div class=\"aioseo-breadcrumbs\"><span class=\"aioseo-breadcrumb\">\n\t<a href=\"https:\/\/www.eldigitaldeasturias.com\/noticias\" title=\"Home\">Home<\/a>\n<\/span><span class=\"aioseo-breadcrumb-separator\">\u2013<\/span><span class=\"aioseo-breadcrumb\">\n\t<a href=\"https:\/\/www.eldigitaldeasturias.com\/noticias\/category\/actualidad-asturias\/\" title=\"Actualidad Asturias\">Actualidad Asturias<\/a>\n<\/span><span class=\"aioseo-breadcrumb-separator\">\u2013<\/span><span class=\"aioseo-breadcrumb\">\n\t<a href=\"https:\/\/www.eldigitaldeasturias.com\/noticias\/pueblo-ejemplar-de-asturias-2020\/\" title=\"Pueblo Ejemplar de Asturias 2020\">Pueblo Ejemplar de Asturias 2020<\/a>\n<\/span><\/div>","aioseo_breadcrumb_json":[{"label":"Home","link":"https:\/\/www.eldigitaldeasturias.com\/noticias"},{"label":"Actualidad Asturias","link":"https:\/\/www.eldigitaldeasturias.com\/noticias\/category\/actualidad-asturias\/"},{"label":"Pueblo Ejemplar de Asturias 2020","link":"https:\/\/www.eldigitaldeasturias.com\/noticias\/pueblo-ejemplar-de-asturias-2020\/"}],"_links":{"self":[{"href":"https:\/\/www.eldigitaldeasturias.com\/noticias\/wp-json\/wp\/v2\/posts\/1074570","targetHints":{"allow":["GET"]}}],"collection":[{"href":"https:\/\/www.eldigitaldeasturias.com\/noticias\/wp-json\/wp\/v2\/posts"}],"about":[{"href":"https:\/\/www.eldigitaldeasturias.com\/noticias\/wp-json\/wp\/v2\/types\/post"}],"author":[{"embeddable":true,"href":"https:\/\/www.eldigitaldeasturias.com\/noticias\/wp-json\/wp\/v2\/users\/1"}],"replies":[{"embeddable":true,"href":"https:\/\/www.eldigitaldeasturias.com\/noticias\/wp-json\/wp\/v2\/comments?post=1074570"}],"version-history":[{"count":0,"href":"https:\/\/www.eldigitaldeasturias.com\/noticias\/wp-json\/wp\/v2\/posts\/1074570\/revisions"}],"wp:featuredmedia":[{"embeddable":true,"href":"https:\/\/www.eldigitaldeasturias.com\/noticias\/wp-json\/wp\/v2\/media\/1074571"}],"wp:attachment":[{"href":"https:\/\/www.eldigitaldeasturias.com\/noticias\/wp-json\/wp\/v2\/media?parent=1074570"}],"wp:term":[{"taxonomy":"category","embeddable":true,"href":"https:\/\/www.eldigitaldeasturias.com\/noticias\/wp-json\/wp\/v2\/categories?post=1074570"},{"taxonomy":"post_tag","embeddable":true,"href":"https:\/\/www.eldigitaldeasturias.com\/noticias\/wp-json\/wp\/v2\/tags?post=1074570"}],"curies":[{"name":"wp","href":"https:\/\/api.w.org\/{rel}","templated":true}]}}