{"id":1073752,"date":"2020-08-22T20:13:03","date_gmt":"2020-08-22T20:13:03","guid":{"rendered":"https:\/\/www.eldigitaldeasturias.com\/noticias\/?p=1073752"},"modified":"2020-08-22T20:13:03","modified_gmt":"2020-08-22T20:13:03","slug":"cumbre-en-mallorca-para-abordar-la-prorrogar-los-erte","status":"publish","type":"post","link":"https:\/\/www.eldigitaldeasturias.com\/noticias\/cumbre-en-mallorca-para-abordar-la-prorrogar-los-erte\/","title":{"rendered":"Cumbre en Mallorca para abordar la prorrogar los ERTE"},"content":{"rendered":"<figure id=\"attachment_1073753\" aria-describedby=\"caption-attachment-1073753\" style=\"width: 360px\" class=\"wp-caption alignleft\"><img loading=\"lazy\" decoding=\"async\" class=\"size-medium wp-image-1073753\" src=\"https:\/\/www.eldigitaldeasturias.com\/noticias\/wp-content\/uploads\/2020\/08\/fotonoticia_20200820131805_1920-360x240.jpg\" alt=\"\" width=\"360\" height=\"240\" srcset=\"https:\/\/www.eldigitaldeasturias.com\/noticias\/wp-content\/uploads\/2020\/08\/fotonoticia_20200820131805_1920-360x240.jpg 360w, https:\/\/www.eldigitaldeasturias.com\/noticias\/wp-content\/uploads\/2020\/08\/fotonoticia_20200820131805_1920-690x460.jpg 690w, https:\/\/www.eldigitaldeasturias.com\/noticias\/wp-content\/uploads\/2020\/08\/fotonoticia_20200820131805_1920-450x300.jpg 450w, https:\/\/www.eldigitaldeasturias.com\/noticias\/wp-content\/uploads\/2020\/08\/fotonoticia_20200820131805_1920-768x512.jpg 768w, https:\/\/www.eldigitaldeasturias.com\/noticias\/wp-content\/uploads\/2020\/08\/fotonoticia_20200820131805_1920-1536x1024.jpg 1536w, https:\/\/www.eldigitaldeasturias.com\/noticias\/wp-content\/uploads\/2020\/08\/fotonoticia_20200820131805_1920-696x464.jpg 696w, https:\/\/www.eldigitaldeasturias.com\/noticias\/wp-content\/uploads\/2020\/08\/fotonoticia_20200820131805_1920-1068x712.jpg 1068w, https:\/\/www.eldigitaldeasturias.com\/noticias\/wp-content\/uploads\/2020\/08\/fotonoticia_20200820131805_1920-630x420.jpg 630w, https:\/\/www.eldigitaldeasturias.com\/noticias\/wp-content\/uploads\/2020\/08\/fotonoticia_20200820131805_1920.jpg 1920w\" sizes=\"auto, (max-width: 360px) 100vw, 360px\" \/><figcaption id=\"caption-attachment-1073753\" class=\"wp-caption-text\">El secretario general de UGT, Pepe \u00c1lvarez, en unaa imagen de archivo. &#8211; EP<\/figcaption><\/figure>\n<p>(EUROPA PRESS) &#8211;\u00a0El secretario general de UGT,<strong> Pepe \u00c1lvarez, ha desvelado el jueves que existe un \u00abprincipio de acuerdo\u00bb entre Gobierno, sindicatos y empresarios<\/strong> para comenzar a negociar la pr\u00f3rroga, m\u00e1s all\u00e1 del 30 de septiembre, de los expedientes de regulaci\u00f3n temporal de empleo (ERTE).<\/p>\n<p>\u00c1lvarez, en <strong>declaraciones a La Sexta recogidas por Europa Press<\/strong>, ha indicado que se prev\u00e9 que el escenario de esta negociaci\u00f3n sea la isla de Mallorca, precisamente porque es una de las m\u00e1s afectadas por el par\u00f3n del sector tur\u00edstico, donde han abundado los ERTE.<\/p>\n<p>\u00abEspero que, seg\u00fan nos anunci\u00f3 la ministra de Trabajo, lo podamos hacer en Mallorca\u00bb, ha dicho \u00c1lvarez, para quien la pr\u00f3rroga de los ERTE es \u00ababsolutamente imprescindible\u00bb y evitar\u00eda tirar por la borda todo el esfuerzo que se ha hecho en los \u00faltimos meses con los ERTE.<\/p>\n<p>Fuentes pr\u00f3ximas a esa futura negociaci\u00f3n han indicado a Europa Press que aunque a\u00fan no hay una fecha fijada para celebrar este encuentro en la isla balear,<strong> \u00e9ste podr\u00eda celebrarse la pr\u00f3xima semana o a comienzos del mes de septiembre.<\/strong> Las mismas fuentes esperan que pueda cerrarse un acuerdo durante dicha reuni\u00f3n.<\/p>\n<p>Para el l\u00edder de UGT, los ERTE deber\u00edan prorrogarse \u00abde manera indefinida\u00bb, aunque con \u00abun punto de encaje en el mes de diciembre\u00bb. \u00abLa pandemia tiene car\u00e1cter indefinido, no sabemos cu\u00e1ndo va a acabar ahora mismo\u00bb, ha argumentado.<\/p>\n<h3>MANTENER LA CUANT\u00cdA DE LA PRESTACI\u00d3N<\/h3>\n<p>\u00c1lvarez ha se\u00f1alado que actualmente deben quedar en torno a 700.000 trabajadores en ERTE y ha insistido en que se trata de un instrumento fundamental para la econom\u00eda espa\u00f1ola y para sus empresas.<\/p>\n<p>En esta nueva negociaci\u00f3n para prorrogar los ERTE, el dirigente sindical cree que habr\u00e1 elementos nuevos que las partes tendr\u00e1n que resolver, entre ellos la cuant\u00eda de las prestaciones que reciben los trabajadores incluidos en los expedientes.<\/p>\n<p>Actualmente, se\u00f1ala el sindicato, no llegan a cobrar m\u00e1s de 1.200 euros. De hecho la media se encuentra en unos 900 euros.<\/p>\n<p>En este sentido, \u00c1lvarez ha explicado que los trabajadores afectados por ERTE ver\u00e1n reducida en septiembre la cuant\u00eda de esta prestaci\u00f3n y ha advertido de que, para UGT, es condici\u00f3n necesaria para llegar a un acuerdo que se les mantengan las cuant\u00edas vigentes actualmente.<\/p>\n<p>As\u00ed, el sindicato insiste en que no aceptar\u00e1 que esta prestaci\u00f3n baje desde el 70% de la base reguladora al 50% por el hecho de que un trabajador lleve seis meses en un ERTE.<\/p>\n<p>&nbsp;<\/p>\n","protected":false},"excerpt":{"rendered":"<p>(EUROPA PRESS) &#8211;\u00a0El secretario general de UGT, Pepe \u00c1lvarez, ha desvelado el jueves que existe un \u00abprincipio de acuerdo\u00bb entre Gobierno, sindicatos y empresarios para comenzar a negociar la pr\u00f3rroga, m\u00e1s all\u00e1 del 30 de septiembre, de los expedientes de regulaci\u00f3n temporal de empleo (ERTE). \u00c1lvarez, en declaraciones a La Sexta recogidas por Europa Press, [&hellip;]<\/p>\n","protected":false},"author":1,"featured_media":1073753,"comment_status":"closed","ping_status":"closed","sticky":false,"template":"","format":"standard","meta":{"footnotes":""},"categories":[141,187],"tags":[],"class_list":["post-1073752","post","type-post","status-publish","format-standard","has-post-thumbnail","hentry","category-destacadas","category-economia"],"aioseo_notices":[],"aioseo_head":"\n\t\t<!-- All in One SEO Pro 4.9.6.2 - aioseo.com -->\n\t<meta name=\"description\" content=\"(EUROPA PRESS) - El secretario general de UGT, Pepe \u00c1lvarez, ha desvelado el jueves que existe un &quot;principio de acuerdo&quot; entre Gobierno, sindicatos y empresarios para comenzar a negociar la pr\u00f3rroga, m\u00e1s all\u00e1 del 30 de septiembre, de los expedientes de regulaci\u00f3n temporal de empleo (ERTE). \u00c1lvarez, en declaraciones a La Sexta recogidas por Europa Press,\" \/>\n\t<meta name=\"robots\" content=\"max-image-preview:large\" \/>\n\t<meta name=\"author\" content=\"El Digital de Asturias\"\/>\n\t<meta name=\"google-site-verification\" content=\"UA-38556648-1\" \/>\n\t<meta name=\"msvalidate.01\" content=\"7dfe9f3f1b24437ab69f4f2559babe99\" \/>\n\t<meta name=\"keywords\" content=\"destacadas,econom\u00eda\" \/>\n\t<link rel=\"canonical\" href=\"https:\/\/www.eldigitaldeasturias.com\/noticias\/cumbre-en-mallorca-para-abordar-la-prorrogar-los-erte\/\" \/>\n\t<meta name=\"generator\" content=\"All in One SEO Pro (AIOSEO) 4.9.6.2\" \/>\n\t\t<meta property=\"og:locale\" content=\"es_ES\" \/>\n\t\t<meta property=\"og:site_name\" content=\"El Digital de Asturias\" \/>\n\t\t<meta property=\"og:type\" content=\"article\" \/>\n\t\t<meta property=\"og:title\" content=\"Cumbre en Mallorca para abordar la prorrogar los ERTE - El Digital de Asturias\" \/>\n\t\t<meta property=\"og:description\" content=\"(EUROPA PRESS) - El secretario general de UGT, Pepe \u00c1lvarez, ha desvelado el jueves que existe un &quot;principio de acuerdo&quot; entre Gobierno, sindicatos y empresarios para comenzar a negociar la pr\u00f3rroga, m\u00e1s all\u00e1 del 30 de septiembre, de los expedientes de regulaci\u00f3n temporal de empleo (ERTE). \u00c1lvarez, en declaraciones a La Sexta recogidas por Europa Press,\" \/>\n\t\t<meta property=\"og:url\" content=\"https:\/\/www.eldigitaldeasturias.com\/noticias\/cumbre-en-mallorca-para-abordar-la-prorrogar-los-erte\/\" \/>\n\t\t<meta property=\"og:image\" content=\"https:\/\/www.eldigitaldeasturias.com\/noticias\/wp-content\/uploads\/2020\/08\/fotonoticia_20200820131805_1920.jpg\" \/>\n\t\t<meta property=\"og:image:secure_url\" content=\"https:\/\/www.eldigitaldeasturias.com\/noticias\/wp-content\/uploads\/2020\/08\/fotonoticia_20200820131805_1920.jpg\" \/>\n\t\t<meta property=\"og:image:width\" content=\"1920\" \/>\n\t\t<meta property=\"og:image:height\" content=\"1280\" \/>\n\t\t<meta property=\"article:tag\" content=\"destacadas\" \/>\n\t\t<meta property=\"article:tag\" content=\"econom\u00eda\" \/>\n\t\t<meta property=\"article:published_time\" content=\"2020-08-22T20:13:03+00:00\" \/>\n\t\t<meta property=\"article:modified_time\" content=\"2020-08-22T20:13:03+00:00\" \/>\n\t\t<meta property=\"article:publisher\" content=\"https:\/\/facebook.com\/eldigitaldeasturias\" \/>\n\t\t<meta name=\"twitter:card\" content=\"summary_large_image\" \/>\n\t\t<meta name=\"twitter:title\" content=\"Cumbre en Mallorca para abordar la prorrogar los ERTE - El Digital de Asturias\" \/>\n\t\t<meta name=\"twitter:description\" content=\"(EUROPA PRESS) - El secretario general de UGT, Pepe \u00c1lvarez, ha desvelado el jueves que existe un &quot;principio de acuerdo&quot; entre Gobierno, sindicatos y empresarios para comenzar a negociar la pr\u00f3rroga, m\u00e1s all\u00e1 del 30 de septiembre, de los expedientes de regulaci\u00f3n temporal de empleo (ERTE). \u00c1lvarez, en declaraciones a La Sexta recogidas por Europa Press,\" \/>\n\t\t<meta name=\"twitter:image\" content=\"https:\/\/www.eldigitaldeasturias.com\/noticias\/wp-content\/uploads\/2020\/08\/fotonoticia_20200820131805_1920.jpg\" \/>\n\t\t<meta name=\"twitter:label1\" content=\"Escrito por\" \/>\n\t\t<meta name=\"twitter:data1\" content=\"El Digital de Asturias\" \/>\n\t\t<meta name=\"twitter:label2\" content=\"Tiempo de lectura estimado\" \/>\n\t\t<meta name=\"twitter:data2\" content=\"2 minutos\" \/>\n\t\t<script type=\"application\/ld+json\" class=\"aioseo-schema\">\n\t\t\t{\"@context\":\"https:\\\/\\\/schema.org\",\"@graph\":[{\"@type\":\"BlogPosting\",\"@id\":\"https:\\\/\\\/www.eldigitaldeasturias.com\\\/noticias\\\/cumbre-en-mallorca-para-abordar-la-prorrogar-los-erte\\\/#blogposting\",\"name\":\"Cumbre en Mallorca para abordar la prorrogar los ERTE - El Digital de Asturias\",\"headline\":\"Cumbre en Mallorca para abordar la prorrogar los ERTE\",\"author\":{\"@id\":\"https:\\\/\\\/www.eldigitaldeasturias.com\\\/noticias\\\/author\\\/admin\\\/#author\"},\"publisher\":{\"@id\":\"https:\\\/\\\/www.eldigitaldeasturias.com\\\/noticias\\\/#organization\"},\"image\":{\"@type\":\"ImageObject\",\"url\":\"https:\\\/\\\/www.eldigitaldeasturias.com\\\/noticias\\\/wp-content\\\/uploads\\\/2020\\\/08\\\/fotonoticia_20200820131805_1920.jpg\",\"width\":1920,\"height\":1280,\"caption\":\"El secretario general de UGT, Pepe \\u00c1lvarez, en unaa imagen de archivo. -  EP\"},\"datePublished\":\"2020-08-22T20:13:03+02:00\",\"dateModified\":\"2020-08-22T20:13:03+02:00\",\"inLanguage\":\"es-ES\",\"mainEntityOfPage\":{\"@id\":\"https:\\\/\\\/www.eldigitaldeasturias.com\\\/noticias\\\/cumbre-en-mallorca-para-abordar-la-prorrogar-los-erte\\\/#webpage\"},\"isPartOf\":{\"@id\":\"https:\\\/\\\/www.eldigitaldeasturias.com\\\/noticias\\\/cumbre-en-mallorca-para-abordar-la-prorrogar-los-erte\\\/#webpage\"},\"articleSection\":\"Destacadas, Econom\\u00eda\"},{\"@type\":\"BreadcrumbList\",\"@id\":\"https:\\\/\\\/www.eldigitaldeasturias.com\\\/noticias\\\/cumbre-en-mallorca-para-abordar-la-prorrogar-los-erte\\\/#breadcrumblist\",\"itemListElement\":[{\"@type\":\"ListItem\",\"@id\":\"https:\\\/\\\/www.eldigitaldeasturias.com\\\/noticias#listItem\",\"position\":1,\"name\":\"Home\",\"item\":\"https:\\\/\\\/www.eldigitaldeasturias.com\\\/noticias\",\"nextItem\":{\"@type\":\"ListItem\",\"@id\":\"https:\\\/\\\/www.eldigitaldeasturias.com\\\/noticias\\\/category\\\/destacadas\\\/#listItem\",\"name\":\"Destacadas\"}},{\"@type\":\"ListItem\",\"@id\":\"https:\\\/\\\/www.eldigitaldeasturias.com\\\/noticias\\\/category\\\/destacadas\\\/#listItem\",\"position\":2,\"name\":\"Destacadas\",\"item\":\"https:\\\/\\\/www.eldigitaldeasturias.com\\\/noticias\\\/category\\\/destacadas\\\/\",\"nextItem\":{\"@type\":\"ListItem\",\"@id\":\"https:\\\/\\\/www.eldigitaldeasturias.com\\\/noticias\\\/cumbre-en-mallorca-para-abordar-la-prorrogar-los-erte\\\/#listItem\",\"name\":\"Cumbre en Mallorca para abordar la prorrogar los ERTE\"},\"previousItem\":{\"@type\":\"ListItem\",\"@id\":\"https:\\\/\\\/www.eldigitaldeasturias.com\\\/noticias#listItem\",\"name\":\"Home\"}},{\"@type\":\"ListItem\",\"@id\":\"https:\\\/\\\/www.eldigitaldeasturias.com\\\/noticias\\\/cumbre-en-mallorca-para-abordar-la-prorrogar-los-erte\\\/#listItem\",\"position\":3,\"name\":\"Cumbre en Mallorca para abordar la prorrogar los ERTE\",\"previousItem\":{\"@type\":\"ListItem\",\"@id\":\"https:\\\/\\\/www.eldigitaldeasturias.com\\\/noticias\\\/category\\\/destacadas\\\/#listItem\",\"name\":\"Destacadas\"}}]},{\"@type\":\"Organization\",\"@id\":\"https:\\\/\\\/www.eldigitaldeasturias.com\\\/noticias\\\/#organization\",\"name\":\"El Digital de Asturias\",\"description\":\"Hemeroteca\",\"url\":\"https:\\\/\\\/www.eldigitaldeasturias.com\\\/noticias\\\/\",\"email\":\"info@eldigitaldeasturias.com\",\"telephone\":\"+34652131393\",\"logo\":{\"@type\":\"ImageObject\",\"url\":\"https:\\\/\\\/www.eldigitaldeasturias.com\\\/noticias\\\/wp-content\\\/uploads\\\/2020\\\/12\\\/EDA.jpg\",\"@id\":\"https:\\\/\\\/www.eldigitaldeasturias.com\\\/noticias\\\/cumbre-en-mallorca-para-abordar-la-prorrogar-los-erte\\\/#organizationLogo\",\"width\":649,\"height\":297},\"image\":{\"@id\":\"https:\\\/\\\/www.eldigitaldeasturias.com\\\/noticias\\\/cumbre-en-mallorca-para-abordar-la-prorrogar-los-erte\\\/#organizationLogo\"},\"sameAs\":[\"https:\\\/\\\/facebook.com\\\/eldigitaldeasturias\",\"https:\\\/\\\/www.youtube.com\\\/channel\\\/UCZP-2wLEB9Rv6erhFmqVnvg\"],\"address\":{\"@id\":\"https:\\\/\\\/www.eldigitaldeasturias.com\\\/noticias\\\/#postaladdress\",\"@type\":\"PostalAddress\",\"streetAddress\":\"san antonio 4,\",\"postalCode\":\"33430\",\"addressLocality\":\"Cand\\u00e1s\",\"addressRegion\":\"Asturias\",\"addressCountry\":\"ES\"}},{\"@type\":\"Person\",\"@id\":\"https:\\\/\\\/www.eldigitaldeasturias.com\\\/noticias\\\/author\\\/admin\\\/#author\",\"url\":\"https:\\\/\\\/www.eldigitaldeasturias.com\\\/noticias\\\/author\\\/admin\\\/\",\"name\":\"El Digital de Asturias\",\"image\":{\"@type\":\"ImageObject\",\"@id\":\"https:\\\/\\\/www.eldigitaldeasturias.com\\\/noticias\\\/cumbre-en-mallorca-para-abordar-la-prorrogar-los-erte\\\/#authorImage\",\"url\":\"https:\\\/\\\/www.eldigitaldeasturias.com\\\/noticias\\\/wp-content\\\/litespeed\\\/avatar\\\/18677e78aa0546b92d9dbf31ec7d7668.jpg?ver=1777290358\",\"width\":96,\"height\":96,\"caption\":\"El Digital de Asturias\"}},{\"@type\":\"WebPage\",\"@id\":\"https:\\\/\\\/www.eldigitaldeasturias.com\\\/noticias\\\/cumbre-en-mallorca-para-abordar-la-prorrogar-los-erte\\\/#webpage\",\"url\":\"https:\\\/\\\/www.eldigitaldeasturias.com\\\/noticias\\\/cumbre-en-mallorca-para-abordar-la-prorrogar-los-erte\\\/\",\"name\":\"Cumbre en Mallorca para abordar la prorrogar los ERTE - El Digital de Asturias\",\"description\":\"(EUROPA PRESS) - El secretario general de UGT, Pepe \\u00c1lvarez, ha desvelado el jueves que existe un \\\"principio de acuerdo\\\" entre Gobierno, sindicatos y empresarios para comenzar a negociar la pr\\u00f3rroga, m\\u00e1s all\\u00e1 del 30 de septiembre, de los expedientes de regulaci\\u00f3n temporal de empleo (ERTE). \\u00c1lvarez, en declaraciones a La Sexta recogidas por Europa Press,\",\"inLanguage\":\"es-ES\",\"isPartOf\":{\"@id\":\"https:\\\/\\\/www.eldigitaldeasturias.com\\\/noticias\\\/#website\"},\"breadcrumb\":{\"@id\":\"https:\\\/\\\/www.eldigitaldeasturias.com\\\/noticias\\\/cumbre-en-mallorca-para-abordar-la-prorrogar-los-erte\\\/#breadcrumblist\"},\"author\":{\"@id\":\"https:\\\/\\\/www.eldigitaldeasturias.com\\\/noticias\\\/author\\\/admin\\\/#author\"},\"creator\":{\"@id\":\"https:\\\/\\\/www.eldigitaldeasturias.com\\\/noticias\\\/author\\\/admin\\\/#author\"},\"image\":{\"@type\":\"ImageObject\",\"url\":\"https:\\\/\\\/www.eldigitaldeasturias.com\\\/noticias\\\/wp-content\\\/uploads\\\/2020\\\/08\\\/fotonoticia_20200820131805_1920.jpg\",\"@id\":\"https:\\\/\\\/www.eldigitaldeasturias.com\\\/noticias\\\/cumbre-en-mallorca-para-abordar-la-prorrogar-los-erte\\\/#mainImage\",\"width\":1920,\"height\":1280,\"caption\":\"El secretario general de UGT, Pepe \\u00c1lvarez, en unaa imagen de archivo. -  EP\"},\"primaryImageOfPage\":{\"@id\":\"https:\\\/\\\/www.eldigitaldeasturias.com\\\/noticias\\\/cumbre-en-mallorca-para-abordar-la-prorrogar-los-erte\\\/#mainImage\"},\"datePublished\":\"2020-08-22T20:13:03+02:00\",\"dateModified\":\"2020-08-22T20:13:03+02:00\"},{\"@type\":\"WebSite\",\"@id\":\"https:\\\/\\\/www.eldigitaldeasturias.com\\\/noticias\\\/#website\",\"url\":\"https:\\\/\\\/www.eldigitaldeasturias.com\\\/noticias\\\/\",\"name\":\"El Digital de Asturias - Diario de actualidad y noticias\",\"alternateName\":\"El Digital de Asturias - Diario de actualidad y noticias\",\"description\":\"Hemeroteca\",\"inLanguage\":\"es-ES\",\"publisher\":{\"@id\":\"https:\\\/\\\/www.eldigitaldeasturias.com\\\/noticias\\\/#organization\"}}]}\n\t\t<\/script>\n\t\t<!-- All in One SEO Pro -->\r\n\t\t<title>Cumbre en Mallorca para abordar la prorrogar los ERTE - El Digital de Asturias<\/title>\n\n","aioseo_head_json":{"title":"Cumbre en Mallorca para abordar la prorrogar los ERTE - El Digital de Asturias","description":"(EUROPA PRESS) - El secretario general de UGT, Pepe \u00c1lvarez, ha desvelado el jueves que existe un \"principio de acuerdo\" entre Gobierno, sindicatos y empresarios para comenzar a negociar la pr\u00f3rroga, m\u00e1s all\u00e1 del 30 de septiembre, de los expedientes de regulaci\u00f3n temporal de empleo (ERTE). \u00c1lvarez, en declaraciones a La Sexta recogidas por Europa Press,","canonical_url":"https:\/\/www.eldigitaldeasturias.com\/noticias\/cumbre-en-mallorca-para-abordar-la-prorrogar-los-erte\/","robots":"max-image-preview:large","keywords":"destacadas,econom\u00eda","webmasterTools":{"google-site-verification":"UA-38556648-1","msvalidate.01":"7dfe9f3f1b24437ab69f4f2559babe99","miscellaneous":""},"schema":{"@context":"https:\/\/schema.org","@graph":[{"@type":"BlogPosting","@id":"https:\/\/www.eldigitaldeasturias.com\/noticias\/cumbre-en-mallorca-para-abordar-la-prorrogar-los-erte\/#blogposting","name":"Cumbre en Mallorca para abordar la prorrogar los ERTE - El Digital de Asturias","headline":"Cumbre en Mallorca para abordar la prorrogar los ERTE","author":{"@id":"https:\/\/www.eldigitaldeasturias.com\/noticias\/author\/admin\/#author"},"publisher":{"@id":"https:\/\/www.eldigitaldeasturias.com\/noticias\/#organization"},"image":{"@type":"ImageObject","url":"https:\/\/www.eldigitaldeasturias.com\/noticias\/wp-content\/uploads\/2020\/08\/fotonoticia_20200820131805_1920.jpg","width":1920,"height":1280,"caption":"El secretario general de UGT, Pepe \u00c1lvarez, en unaa imagen de archivo. -  EP"},"datePublished":"2020-08-22T20:13:03+02:00","dateModified":"2020-08-22T20:13:03+02:00","inLanguage":"es-ES","mainEntityOfPage":{"@id":"https:\/\/www.eldigitaldeasturias.com\/noticias\/cumbre-en-mallorca-para-abordar-la-prorrogar-los-erte\/#webpage"},"isPartOf":{"@id":"https:\/\/www.eldigitaldeasturias.com\/noticias\/cumbre-en-mallorca-para-abordar-la-prorrogar-los-erte\/#webpage"},"articleSection":"Destacadas, Econom\u00eda"},{"@type":"BreadcrumbList","@id":"https:\/\/www.eldigitaldeasturias.com\/noticias\/cumbre-en-mallorca-para-abordar-la-prorrogar-los-erte\/#breadcrumblist","itemListElement":[{"@type":"ListItem","@id":"https:\/\/www.eldigitaldeasturias.com\/noticias#listItem","position":1,"name":"Home","item":"https:\/\/www.eldigitaldeasturias.com\/noticias","nextItem":{"@type":"ListItem","@id":"https:\/\/www.eldigitaldeasturias.com\/noticias\/category\/destacadas\/#listItem","name":"Destacadas"}},{"@type":"ListItem","@id":"https:\/\/www.eldigitaldeasturias.com\/noticias\/category\/destacadas\/#listItem","position":2,"name":"Destacadas","item":"https:\/\/www.eldigitaldeasturias.com\/noticias\/category\/destacadas\/","nextItem":{"@type":"ListItem","@id":"https:\/\/www.eldigitaldeasturias.com\/noticias\/cumbre-en-mallorca-para-abordar-la-prorrogar-los-erte\/#listItem","name":"Cumbre en Mallorca para abordar la prorrogar los ERTE"},"previousItem":{"@type":"ListItem","@id":"https:\/\/www.eldigitaldeasturias.com\/noticias#listItem","name":"Home"}},{"@type":"ListItem","@id":"https:\/\/www.eldigitaldeasturias.com\/noticias\/cumbre-en-mallorca-para-abordar-la-prorrogar-los-erte\/#listItem","position":3,"name":"Cumbre en Mallorca para abordar la prorrogar los ERTE","previousItem":{"@type":"ListItem","@id":"https:\/\/www.eldigitaldeasturias.com\/noticias\/category\/destacadas\/#listItem","name":"Destacadas"}}]},{"@type":"Organization","@id":"https:\/\/www.eldigitaldeasturias.com\/noticias\/#organization","name":"El Digital de Asturias","description":"Hemeroteca","url":"https:\/\/www.eldigitaldeasturias.com\/noticias\/","email":"info@eldigitaldeasturias.com","telephone":"+34652131393","logo":{"@type":"ImageObject","url":"https:\/\/www.eldigitaldeasturias.com\/noticias\/wp-content\/uploads\/2020\/12\/EDA.jpg","@id":"https:\/\/www.eldigitaldeasturias.com\/noticias\/cumbre-en-mallorca-para-abordar-la-prorrogar-los-erte\/#organizationLogo","width":649,"height":297},"image":{"@id":"https:\/\/www.eldigitaldeasturias.com\/noticias\/cumbre-en-mallorca-para-abordar-la-prorrogar-los-erte\/#organizationLogo"},"sameAs":["https:\/\/facebook.com\/eldigitaldeasturias","https:\/\/www.youtube.com\/channel\/UCZP-2wLEB9Rv6erhFmqVnvg"],"address":{"@id":"https:\/\/www.eldigitaldeasturias.com\/noticias\/#postaladdress","@type":"PostalAddress","streetAddress":"san antonio 4,","postalCode":"33430","addressLocality":"Cand\u00e1s","addressRegion":"Asturias","addressCountry":"ES"}},{"@type":"Person","@id":"https:\/\/www.eldigitaldeasturias.com\/noticias\/author\/admin\/#author","url":"https:\/\/www.eldigitaldeasturias.com\/noticias\/author\/admin\/","name":"El Digital de Asturias","image":{"@type":"ImageObject","@id":"https:\/\/www.eldigitaldeasturias.com\/noticias\/cumbre-en-mallorca-para-abordar-la-prorrogar-los-erte\/#authorImage","url":"https:\/\/www.eldigitaldeasturias.com\/noticias\/wp-content\/litespeed\/avatar\/18677e78aa0546b92d9dbf31ec7d7668.jpg?ver=1777290358","width":96,"height":96,"caption":"El Digital de Asturias"}},{"@type":"WebPage","@id":"https:\/\/www.eldigitaldeasturias.com\/noticias\/cumbre-en-mallorca-para-abordar-la-prorrogar-los-erte\/#webpage","url":"https:\/\/www.eldigitaldeasturias.com\/noticias\/cumbre-en-mallorca-para-abordar-la-prorrogar-los-erte\/","name":"Cumbre en Mallorca para abordar la prorrogar los ERTE - El Digital de Asturias","description":"(EUROPA PRESS) - El secretario general de UGT, Pepe \u00c1lvarez, ha desvelado el jueves que existe un \"principio de acuerdo\" entre Gobierno, sindicatos y empresarios para comenzar a negociar la pr\u00f3rroga, m\u00e1s all\u00e1 del 30 de septiembre, de los expedientes de regulaci\u00f3n temporal de empleo (ERTE). \u00c1lvarez, en declaraciones a La Sexta recogidas por Europa Press,","inLanguage":"es-ES","isPartOf":{"@id":"https:\/\/www.eldigitaldeasturias.com\/noticias\/#website"},"breadcrumb":{"@id":"https:\/\/www.eldigitaldeasturias.com\/noticias\/cumbre-en-mallorca-para-abordar-la-prorrogar-los-erte\/#breadcrumblist"},"author":{"@id":"https:\/\/www.eldigitaldeasturias.com\/noticias\/author\/admin\/#author"},"creator":{"@id":"https:\/\/www.eldigitaldeasturias.com\/noticias\/author\/admin\/#author"},"image":{"@type":"ImageObject","url":"https:\/\/www.eldigitaldeasturias.com\/noticias\/wp-content\/uploads\/2020\/08\/fotonoticia_20200820131805_1920.jpg","@id":"https:\/\/www.eldigitaldeasturias.com\/noticias\/cumbre-en-mallorca-para-abordar-la-prorrogar-los-erte\/#mainImage","width":1920,"height":1280,"caption":"El secretario general de UGT, Pepe \u00c1lvarez, en unaa imagen de archivo. -  EP"},"primaryImageOfPage":{"@id":"https:\/\/www.eldigitaldeasturias.com\/noticias\/cumbre-en-mallorca-para-abordar-la-prorrogar-los-erte\/#mainImage"},"datePublished":"2020-08-22T20:13:03+02:00","dateModified":"2020-08-22T20:13:03+02:00"},{"@type":"WebSite","@id":"https:\/\/www.eldigitaldeasturias.com\/noticias\/#website","url":"https:\/\/www.eldigitaldeasturias.com\/noticias\/","name":"El Digital de Asturias - Diario de actualidad y noticias","alternateName":"El Digital de Asturias - Diario de actualidad y noticias","description":"Hemeroteca","inLanguage":"es-ES","publisher":{"@id":"https:\/\/www.eldigitaldeasturias.com\/noticias\/#organization"}}]},"og:locale":"es_ES","og:site_name":"El Digital de Asturias","og:type":"article","og:title":"Cumbre en Mallorca para abordar la prorrogar los ERTE - El Digital de Asturias","og:description":"(EUROPA PRESS) - El secretario general de UGT, Pepe \u00c1lvarez, ha desvelado el jueves que existe un &quot;principio de acuerdo&quot; entre Gobierno, sindicatos y empresarios para comenzar a negociar la pr\u00f3rroga, m\u00e1s all\u00e1 del 30 de septiembre, de los expedientes de regulaci\u00f3n temporal de empleo (ERTE). \u00c1lvarez, en declaraciones a La Sexta recogidas por Europa Press,","og:url":"https:\/\/www.eldigitaldeasturias.com\/noticias\/cumbre-en-mallorca-para-abordar-la-prorrogar-los-erte\/","og:image":"https:\/\/www.eldigitaldeasturias.com\/noticias\/wp-content\/uploads\/2020\/08\/fotonoticia_20200820131805_1920.jpg","og:image:secure_url":"https:\/\/www.eldigitaldeasturias.com\/noticias\/wp-content\/uploads\/2020\/08\/fotonoticia_20200820131805_1920.jpg","og:image:width":1920,"og:image:height":1280,"article:tag":["destacadas","econom\u00eda"],"article:published_time":"2020-08-22T20:13:03+00:00","article:modified_time":"2020-08-22T20:13:03+00:00","article:publisher":"https:\/\/facebook.com\/eldigitaldeasturias","twitter:card":"summary_large_image","twitter:title":"Cumbre en Mallorca para abordar la prorrogar los ERTE - El Digital de Asturias","twitter:description":"(EUROPA PRESS) - El secretario general de UGT, Pepe \u00c1lvarez, ha desvelado el jueves que existe un &quot;principio de acuerdo&quot; entre Gobierno, sindicatos y empresarios para comenzar a negociar la pr\u00f3rroga, m\u00e1s all\u00e1 del 30 de septiembre, de los expedientes de regulaci\u00f3n temporal de empleo (ERTE). \u00c1lvarez, en declaraciones a La Sexta recogidas por Europa Press,","twitter:image":"https:\/\/www.eldigitaldeasturias.com\/noticias\/wp-content\/uploads\/2020\/08\/fotonoticia_20200820131805_1920.jpg","twitter:label1":"Escrito por","twitter:data1":"El Digital de Asturias","twitter:label2":"Tiempo de lectura estimado","twitter:data2":"2 minutos"},"aioseo_meta_data":{"post_id":"1073752","title":null,"description":"","keywords":"","keyphrases":null,"primary_term":null,"canonical_url":"","og_title":null,"og_description":null,"og_object_type":"default","og_image_type":"default","og_image_url":null,"og_image_width":null,"og_image_height":null,"og_image_custom_url":null,"og_image_custom_fields":null,"og_video":null,"og_custom_url":null,"og_article_section":null,"og_article_tags":null,"twitter_use_og":false,"twitter_card":"default","twitter_image_type":"default","twitter_image_url":null,"twitter_image_custom_url":null,"twitter_image_custom_fields":null,"twitter_title":null,"twitter_description":null,"schema":{"blockGraphs":[],"customGraphs":[],"default":{"data":{"Article":[],"Course":[],"Dataset":[],"FAQPage":[],"Movie":[],"Person":[],"Product":[],"ProductReview":[],"Car":[],"Recipe":[],"Service":[],"SoftwareApplication":[],"WebPage":[]},"graphName":"","isEnabled":true},"graphs":[],"defaultGraph":"","defaultPostTypeGraph":""},"schema_type":null,"schema_type_options":null,"pillar_content":false,"robots_default":true,"robots_noindex":false,"robots_noarchive":false,"robots_nosnippet":false,"robots_nofollow":false,"robots_noimageindex":false,"robots_noodp":false,"robots_notranslate":false,"robots_max_snippet":null,"robots_max_videopreview":null,"robots_max_imagepreview":"large","priority":null,"frequency":"default","local_seo":null,"seo_analyzer_scan_date":"2025-09-13 10:02:51","breadcrumb_settings":null,"limit_modified_date":false,"open_ai":null,"ai":null,"created":"2020-12-21 10:41:49","updated":"2025-09-13 10:02:51"},"aioseo_breadcrumb":"<div class=\"aioseo-breadcrumbs\"><span class=\"aioseo-breadcrumb\">\n\t<a href=\"https:\/\/www.eldigitaldeasturias.com\/noticias\" title=\"Home\">Home<\/a>\n<\/span><span class=\"aioseo-breadcrumb-separator\">\u2013<\/span><span class=\"aioseo-breadcrumb\">\n\t<a href=\"https:\/\/www.eldigitaldeasturias.com\/noticias\/category\/destacadas\/\" title=\"Destacadas\">Destacadas<\/a>\n<\/span><span class=\"aioseo-breadcrumb-separator\">\u2013<\/span><span class=\"aioseo-breadcrumb\">\n\t<a href=\"https:\/\/www.eldigitaldeasturias.com\/noticias\/cumbre-en-mallorca-para-abordar-la-prorrogar-los-erte\/\" title=\"Cumbre en Mallorca para abordar la prorrogar los ERTE\">Cumbre en Mallorca para abordar la prorrogar los ERTE<\/a>\n<\/span><\/div>","aioseo_breadcrumb_json":[{"label":"Home","link":"https:\/\/www.eldigitaldeasturias.com\/noticias"},{"label":"Destacadas","link":"https:\/\/www.eldigitaldeasturias.com\/noticias\/category\/destacadas\/"},{"label":"Cumbre en Mallorca para abordar la prorrogar los ERTE","link":"https:\/\/www.eldigitaldeasturias.com\/noticias\/cumbre-en-mallorca-para-abordar-la-prorrogar-los-erte\/"}],"_links":{"self":[{"href":"https:\/\/www.eldigitaldeasturias.com\/noticias\/wp-json\/wp\/v2\/posts\/1073752","targetHints":{"allow":["GET"]}}],"collection":[{"href":"https:\/\/www.eldigitaldeasturias.com\/noticias\/wp-json\/wp\/v2\/posts"}],"about":[{"href":"https:\/\/www.eldigitaldeasturias.com\/noticias\/wp-json\/wp\/v2\/types\/post"}],"author":[{"embeddable":true,"href":"https:\/\/www.eldigitaldeasturias.com\/noticias\/wp-json\/wp\/v2\/users\/1"}],"replies":[{"embeddable":true,"href":"https:\/\/www.eldigitaldeasturias.com\/noticias\/wp-json\/wp\/v2\/comments?post=1073752"}],"version-history":[{"count":0,"href":"https:\/\/www.eldigitaldeasturias.com\/noticias\/wp-json\/wp\/v2\/posts\/1073752\/revisions"}],"wp:featuredmedia":[{"embeddable":true,"href":"https:\/\/www.eldigitaldeasturias.com\/noticias\/wp-json\/wp\/v2\/media\/1073753"}],"wp:attachment":[{"href":"https:\/\/www.eldigitaldeasturias.com\/noticias\/wp-json\/wp\/v2\/media?parent=1073752"}],"wp:term":[{"taxonomy":"category","embeddable":true,"href":"https:\/\/www.eldigitaldeasturias.com\/noticias\/wp-json\/wp\/v2\/categories?post=1073752"},{"taxonomy":"post_tag","embeddable":true,"href":"https:\/\/www.eldigitaldeasturias.com\/noticias\/wp-json\/wp\/v2\/tags?post=1073752"}],"curies":[{"name":"wp","href":"https:\/\/api.w.org\/{rel}","templated":true}]}}