{"id":1073690,"date":"2020-08-21T20:21:30","date_gmt":"2020-08-21T20:21:30","guid":{"rendered":"https:\/\/www.eldigitaldeasturias.com\/noticias\/?p=1073690"},"modified":"2020-08-21T20:21:30","modified_gmt":"2020-08-21T20:21:30","slug":"los-robos-en-asturias-aumentan-tras-el-confinamiento","status":"publish","type":"post","link":"https:\/\/www.eldigitaldeasturias.com\/noticias\/los-robos-en-asturias-aumentan-tras-el-confinamiento\/","title":{"rendered":"Los robos en Asturias aumentan tras el confinamiento"},"content":{"rendered":"<p><span style=\"font-weight: 400;\"><img loading=\"lazy\" decoding=\"async\" class=\"alignleft size-medium wp-image-1073691\" src=\"https:\/\/www.eldigitaldeasturias.com\/noticias\/wp-content\/uploads\/2020\/08\/robos-Asturias-360x242.jpg\" alt=\"\" width=\"360\" height=\"242\" srcset=\"https:\/\/www.eldigitaldeasturias.com\/noticias\/wp-content\/uploads\/2020\/08\/robos-Asturias-360x242.jpg 360w, https:\/\/www.eldigitaldeasturias.com\/noticias\/wp-content\/uploads\/2020\/08\/robos-Asturias-690x463.jpg 690w, https:\/\/www.eldigitaldeasturias.com\/noticias\/wp-content\/uploads\/2020\/08\/robos-Asturias-447x300.jpg 447w, https:\/\/www.eldigitaldeasturias.com\/noticias\/wp-content\/uploads\/2020\/08\/robos-Asturias-768x515.jpg 768w, https:\/\/www.eldigitaldeasturias.com\/noticias\/wp-content\/uploads\/2020\/08\/robos-Asturias-696x467.jpg 696w, https:\/\/www.eldigitaldeasturias.com\/noticias\/wp-content\/uploads\/2020\/08\/robos-Asturias-1068x717.jpg 1068w, https:\/\/www.eldigitaldeasturias.com\/noticias\/wp-content\/uploads\/2020\/08\/robos-Asturias-626x420.jpg 626w, https:\/\/www.eldigitaldeasturias.com\/noticias\/wp-content\/uploads\/2020\/08\/robos-Asturias.jpg 1076w\" sizes=\"auto, (max-width: 360px) 100vw, 360px\" \/>Asturias no es ni mucho menos una de las regiones m\u00e1s afectadas por el vandalismo y la criminalidad en general. De hecho, se trata de una zona de Espa\u00f1a bastante tranquila en este sentido. Sin embargo, <\/span><b>la situaci\u00f3n est\u00e1 empezando a cambiar<\/b><span style=\"font-weight: 400;\">, y no progresivamente. Todo lo contrario: el incremento de inseguridad es exponencial y vertiginoso.<\/span><span style=\"font-weight: 400;\">\u00a0<\/span><\/p>\n<p><b>As\u00ed lo advierten los cerrajeros de Asturias<\/b><span style=\"font-weight: 400;\">. Estos profesionales anotan en sus propios registros estad\u00edsticos cada vez que se produce un robo o allanamiento por el cual sus clientes terminan recurriendo a los servicios prestados por la empresa en cuesti\u00f3n. Dicha informaci\u00f3n comienza a ser m\u00e1s que preocupante en la actualidad.<\/span><span style=\"font-weight: 400;\">\u00a0<\/span><\/p>\n<p><span style=\"font-weight: 400;\">Un claro ejemplo de ello son las estad\u00edsticas que maneja <\/span><span style=\"color: #ff6600;\"><a style=\"color: #ff6600;\" href=\"https:\/\/nocte.es\/servicios\/cerrajeros\/asturias\/oviedo\/\" target=\"_blank\" rel=\"noopener noreferrer\"><b>el servicio de cerrajer\u00eda 24h de Nocte<\/b><\/a><\/span><span style=\"font-weight: 400;\">. En pr\u00f3ximas l\u00edneas describiremos cu\u00e1l ha sido la evoluci\u00f3n de las mismas, as\u00ed como el motivo por el que los asturianos pensaron que durante un largo per\u00edodo de tiempo se hab\u00edan olvidado por completo de los robos en sus domicilios.<\/span><span style=\"font-weight: 400;\">\u00a0<\/span><\/p>\n<h2><b>Estado de alarma<\/b><\/h2>\n<p><span style=\"font-weight: 400;\">Cuando en China apareci\u00f3 un extra\u00f1o virus que se contagiaba con enorme facilidad, por aquel entonces ni siquiera era conocido <\/span><b>bajo el nombre de COVID-19<\/b><span style=\"font-weight: 400;\">. Aunque el Coronavirus empezaba a tener fama a nivel mundial. Aun as\u00ed, parec\u00eda impensable que algo de este calibre aconteciese en territorio europeo.<\/span><span style=\"font-weight: 400;\">\u00a0<\/span><\/p>\n<p><span style=\"font-weight: 400;\">Todo comenz\u00f3 a cambiar a ra\u00edz de la penetraci\u00f3n del virus en el pa\u00eds italiano. Espa\u00f1a estaba avisada de lo que pod\u00eda ocurrir, pero poco a poco fueron llegando importados los primeros casos hasta que la pandemia <\/span><b>termin\u00f3 descontrol\u00e1ndose del todo<\/b><span style=\"font-weight: 400;\">.<\/span><span style=\"font-weight: 400;\">\u00a0<\/span><\/p>\n<p><span style=\"font-weight: 400;\">Solo hab\u00eda una manera de poner el freno a esta situaci\u00f3n y que los hospitales no estuviesen tan desbordados, especialmente las UCI. Efectivamente, nos referimos a <\/span><b>decretar el estado de alarma<\/b><span style=\"font-weight: 400;\">. Se trat\u00f3 de una decisi\u00f3n nada f\u00e1cil de tomar, pero lo cierto es que el tiempo le ha acabado dando la raz\u00f3n al Gobierno. De hecho, muchos otros pa\u00edses han seguido los mismos pasos.<\/span><span style=\"font-weight: 400;\">\u00a0<\/span><\/p>\n<p><span style=\"font-weight: 400;\">Asturias, por supuesto, fue una de las Comunidades Aut\u00f3nomas afectadas por este estado de alarma. La lista de restricciones y prohibiciones en general era bastante amplia, aunque la que guarda relaci\u00f3n con el tema de hoy se resum\u00eda en la <\/span><b>obligatoriedad de permanecer en casa<\/b><span style=\"font-weight: 400;\">.<\/span><span style=\"font-weight: 400;\">\u00a0<\/span><\/p>\n<p><span style=\"font-weight: 400;\">Incluso los ni\u00f1os peque\u00f1os no pod\u00edan salir de la vivienda. Por su parte, los adultos \u00fanicamente ten\u00edan permitido <\/span><b>adquirir productos b\u00e1sicos<\/b><span style=\"font-weight: 400;\"> en los supermercados m\u00e1s pr\u00f3ximos a sus viviendas.<\/span><span style=\"font-weight: 400;\">\u00a0<\/span><\/p>\n<p><span style=\"font-weight: 400;\">Precisamente hablando de domicilios llega el momento de abordar el factor positivo: pr\u00e1cticamente toda Asturias estaba confinada en su casa. \u00bfC\u00f3mo entrar a robar en una vivienda en la que hay gente? <\/span><b>Es muy dif\u00edcil, arriesgado y peligroso<\/b><span style=\"font-weight: 400;\">.<\/span><span style=\"font-weight: 400;\">\u00a0<\/span><\/p>\n<p><span style=\"font-weight: 400;\">Tanto los ladrones que act\u00faan individualmente como las mafias que organizan estos actos vand\u00e1licos siempre prefieren hacerlo en el momento en que no hay absolutamente nadie. <\/span><b>El riesgo de acabar detenidos es notablemente inferior<\/b><span style=\"font-weight: 400;\">.<\/span><span style=\"font-weight: 400;\">\u00a0<\/span><\/p>\n<p><span style=\"font-weight: 400;\">As\u00ed pues, no es de extra\u00f1ar que las estad\u00edsticas, al menos de manera temporal, pasasen a ser <\/span><b>muy positivas<\/b><span style=\"font-weight: 400;\">. Precisamente los cerrajeros palparon un descenso generalizado de las peticiones de servicios. Sin robos y allanamientos no hab\u00eda cerraduras que reparar o reforzar.<\/span><span style=\"font-weight: 400;\">\u00a0<\/span><\/p>\n<h2><b>Aprovechar el tiempo perdido<\/b><\/h2>\n<p><span style=\"font-weight: 400;\">Cuando la situaci\u00f3n sanitaria pas\u00f3 a estar bastante m\u00e1s controlada el Gobierno tuvo a bien decretar <\/span><b>el final del estado de alarma<\/b><span style=\"font-weight: 400;\">. El objetivo estaba pr\u00e1cticamente conseguido, aunque a d\u00eda de hoy nos encontramos con muchos rebrotes no solo en Asturias, sino tambi\u00e9n en el resto del pa\u00eds.<\/span><span style=\"font-weight: 400;\">\u00a0<\/span><\/p>\n<p><span style=\"font-weight: 400;\">Hablando de nuestra Comunidad Aut\u00f3noma, muchos propietarios as\u00ed como inquilinos quisieron aprovechar el tiempo perdido. Aunque por desgracia no fueron los \u00fanicos. <\/span><b>Las mafias de robos y los propios ladrones<\/b><span style=\"font-weight: 400;\"> no dudaron en pasar a la acci\u00f3n tras unas cuantas semanas sin poder hacerlo.<\/span><span style=\"font-weight: 400;\">\u00a0<\/span><\/p>\n<p><span style=\"font-weight: 400;\">De repente se encontraron con una situaci\u00f3n id\u00f3nea: los asturianos sal\u00edan m\u00e1s que nunca de sus hogares. Tanto tiempo encerrados <\/span><b>les pas\u00f3 factura<\/b><span style=\"font-weight: 400;\"> de la que quisieron curarse disfrutando de terrazas, rutas e incluso vacaciones. Desafortunadamente no pensaron en que los criminales estar\u00edan al acecho.<\/span><span style=\"font-weight: 400;\">\u00a0<\/span><\/p>\n<p><span style=\"font-weight: 400;\">Y es que los guajes de bien no son los \u00fanicos que han estado parados. A lo largo de m\u00e1s de un mes las mafias de los robos en domicilios se vieron en un atolladero del que solo pod\u00edan salir rompiendo todos los r\u00e9cords a nivel de allanamientos. As\u00ed lo hicieron y <\/span><b>siguen efectu\u00e1ndolo a d\u00eda de hoy<\/b><span style=\"font-weight: 400;\">.<\/span><span style=\"font-weight: 400;\">\u00a0<\/span><\/p>\n<p><span style=\"font-weight: 400;\">Los cerrajeros est\u00e1n viendo c\u00f3mo sus l\u00edneas telef\u00f3nicas se saturan. Las llamadas son de angustia tras ver que sus cerraduras ya no funcionan como deber\u00edan a causa de un forzamiento y posterior robo en el domicilio. Los clientes necesitan que dicho sistema sea arreglado cuanto antes para <\/span><b>volver a estar seguros en sus hogares<\/b><span style=\"font-weight: 400;\">.<\/span><span style=\"font-weight: 400;\">\u00a0<\/span><\/p>\n<p><span style=\"font-weight: 400;\">Tal aumento de llamadas es muy significativo. De hecho, est\u00e1 directamente relacionado con el <\/span><b>incremento de robos que se est\u00e1 produciendo en Asturias<\/b><span style=\"font-weight: 400;\">. Desgraciadamente todo parece indicar que, hasta que no termine el verano, las cifras de allanamientos seguir\u00e1n dispar\u00e1ndose.<\/span><\/p>\n<p>&nbsp;<\/p>\n","protected":false},"excerpt":{"rendered":"<p>Asturias no es ni mucho menos una de las regiones m\u00e1s afectadas por el vandalismo y la criminalidad en general. De hecho, se trata de una zona de Espa\u00f1a bastante tranquila en este sentido. Sin embargo, la situaci\u00f3n est\u00e1 empezando a cambiar, y no progresivamente. Todo lo contrario: el incremento de inseguridad es exponencial y [&hellip;]<\/p>\n","protected":false},"author":1,"featured_media":1073691,"comment_status":"closed","ping_status":"closed","sticky":false,"template":"","format":"standard","meta":{"footnotes":""},"categories":[12,141],"tags":[],"class_list":["post-1073690","post","type-post","status-publish","format-standard","has-post-thumbnail","hentry","category-actualidad-asturias","category-destacadas"],"aioseo_notices":[],"aioseo_head":"\n\t\t<!-- All in One SEO Pro 4.9.6.2 - aioseo.com -->\n\t<meta name=\"description\" content=\"Asturias no es ni mucho menos una de las regiones m\u00e1s afectadas por el vandalismo y la criminalidad en general. De hecho, se trata de una zona de Espa\u00f1a bastante tranquila en este sentido. Sin embargo, la situaci\u00f3n est\u00e1 empezando a cambiar, y no progresivamente. Todo lo contrario: el incremento de inseguridad es exponencial y\" \/>\n\t<meta name=\"robots\" content=\"max-image-preview:large\" \/>\n\t<meta name=\"author\" content=\"El Digital de Asturias\"\/>\n\t<meta name=\"google-site-verification\" content=\"UA-38556648-1\" \/>\n\t<meta name=\"msvalidate.01\" content=\"7dfe9f3f1b24437ab69f4f2559babe99\" \/>\n\t<meta name=\"keywords\" content=\"actualidad asturias,destacadas\" \/>\n\t<link rel=\"canonical\" href=\"https:\/\/www.eldigitaldeasturias.com\/noticias\/los-robos-en-asturias-aumentan-tras-el-confinamiento\/\" \/>\n\t<meta name=\"generator\" content=\"All in One SEO Pro (AIOSEO) 4.9.6.2\" \/>\n\t\t<meta property=\"og:locale\" content=\"es_ES\" \/>\n\t\t<meta property=\"og:site_name\" content=\"El Digital de Asturias\" \/>\n\t\t<meta property=\"og:type\" content=\"article\" \/>\n\t\t<meta property=\"og:title\" content=\"Los robos en Asturias aumentan tras el confinamiento - El Digital de Asturias\" \/>\n\t\t<meta property=\"og:description\" content=\"Asturias no es ni mucho menos una de las regiones m\u00e1s afectadas por el vandalismo y la criminalidad en general. De hecho, se trata de una zona de Espa\u00f1a bastante tranquila en este sentido. Sin embargo, la situaci\u00f3n est\u00e1 empezando a cambiar, y no progresivamente. Todo lo contrario: el incremento de inseguridad es exponencial y\" \/>\n\t\t<meta property=\"og:url\" content=\"https:\/\/www.eldigitaldeasturias.com\/noticias\/los-robos-en-asturias-aumentan-tras-el-confinamiento\/\" \/>\n\t\t<meta property=\"og:image\" content=\"https:\/\/www.eldigitaldeasturias.com\/noticias\/wp-content\/uploads\/2020\/08\/robos-Asturias.jpg\" \/>\n\t\t<meta property=\"og:image:secure_url\" content=\"https:\/\/www.eldigitaldeasturias.com\/noticias\/wp-content\/uploads\/2020\/08\/robos-Asturias.jpg\" \/>\n\t\t<meta property=\"og:image:width\" content=\"1076\" \/>\n\t\t<meta property=\"og:image:height\" content=\"722\" \/>\n\t\t<meta property=\"article:tag\" content=\"actualidad asturias\" \/>\n\t\t<meta property=\"article:tag\" content=\"destacadas\" \/>\n\t\t<meta property=\"article:published_time\" content=\"2020-08-21T20:21:30+00:00\" \/>\n\t\t<meta property=\"article:modified_time\" content=\"2020-08-21T20:21:30+00:00\" \/>\n\t\t<meta property=\"article:publisher\" content=\"https:\/\/facebook.com\/eldigitaldeasturias\" \/>\n\t\t<meta name=\"twitter:card\" content=\"summary_large_image\" \/>\n\t\t<meta name=\"twitter:title\" content=\"Los robos en Asturias aumentan tras el confinamiento - El Digital de Asturias\" \/>\n\t\t<meta name=\"twitter:description\" content=\"Asturias no es ni mucho menos una de las regiones m\u00e1s afectadas por el vandalismo y la criminalidad en general. De hecho, se trata de una zona de Espa\u00f1a bastante tranquila en este sentido. Sin embargo, la situaci\u00f3n est\u00e1 empezando a cambiar, y no progresivamente. Todo lo contrario: el incremento de inseguridad es exponencial y\" \/>\n\t\t<meta name=\"twitter:image\" content=\"https:\/\/www.eldigitaldeasturias.com\/noticias\/wp-content\/uploads\/2020\/08\/robos-Asturias.jpg\" \/>\n\t\t<meta name=\"twitter:label1\" content=\"Escrito por\" \/>\n\t\t<meta name=\"twitter:data1\" content=\"El Digital de Asturias\" \/>\n\t\t<meta name=\"twitter:label2\" content=\"Tiempo de lectura estimado\" \/>\n\t\t<meta name=\"twitter:data2\" content=\"4 minutos\" \/>\n\t\t<script type=\"application\/ld+json\" class=\"aioseo-schema\">\n\t\t\t{\"@context\":\"https:\\\/\\\/schema.org\",\"@graph\":[{\"@type\":\"BlogPosting\",\"@id\":\"https:\\\/\\\/www.eldigitaldeasturias.com\\\/noticias\\\/los-robos-en-asturias-aumentan-tras-el-confinamiento\\\/#blogposting\",\"name\":\"Los robos en Asturias aumentan tras el confinamiento - El Digital de Asturias\",\"headline\":\"Los robos en Asturias aumentan tras el confinamiento\",\"author\":{\"@id\":\"https:\\\/\\\/www.eldigitaldeasturias.com\\\/noticias\\\/author\\\/admin\\\/#author\"},\"publisher\":{\"@id\":\"https:\\\/\\\/www.eldigitaldeasturias.com\\\/noticias\\\/#organization\"},\"image\":{\"@type\":\"ImageObject\",\"url\":\"https:\\\/\\\/www.eldigitaldeasturias.com\\\/noticias\\\/wp-content\\\/uploads\\\/2020\\\/08\\\/robos-Asturias.jpg\",\"width\":1076,\"height\":722},\"datePublished\":\"2020-08-21T20:21:30+02:00\",\"dateModified\":\"2020-08-21T20:21:30+02:00\",\"inLanguage\":\"es-ES\",\"mainEntityOfPage\":{\"@id\":\"https:\\\/\\\/www.eldigitaldeasturias.com\\\/noticias\\\/los-robos-en-asturias-aumentan-tras-el-confinamiento\\\/#webpage\"},\"isPartOf\":{\"@id\":\"https:\\\/\\\/www.eldigitaldeasturias.com\\\/noticias\\\/los-robos-en-asturias-aumentan-tras-el-confinamiento\\\/#webpage\"},\"articleSection\":\"Actualidad Asturias, Destacadas\"},{\"@type\":\"BreadcrumbList\",\"@id\":\"https:\\\/\\\/www.eldigitaldeasturias.com\\\/noticias\\\/los-robos-en-asturias-aumentan-tras-el-confinamiento\\\/#breadcrumblist\",\"itemListElement\":[{\"@type\":\"ListItem\",\"@id\":\"https:\\\/\\\/www.eldigitaldeasturias.com\\\/noticias#listItem\",\"position\":1,\"name\":\"Home\",\"item\":\"https:\\\/\\\/www.eldigitaldeasturias.com\\\/noticias\",\"nextItem\":{\"@type\":\"ListItem\",\"@id\":\"https:\\\/\\\/www.eldigitaldeasturias.com\\\/noticias\\\/category\\\/actualidad-asturias\\\/#listItem\",\"name\":\"Actualidad Asturias\"}},{\"@type\":\"ListItem\",\"@id\":\"https:\\\/\\\/www.eldigitaldeasturias.com\\\/noticias\\\/category\\\/actualidad-asturias\\\/#listItem\",\"position\":2,\"name\":\"Actualidad Asturias\",\"item\":\"https:\\\/\\\/www.eldigitaldeasturias.com\\\/noticias\\\/category\\\/actualidad-asturias\\\/\",\"nextItem\":{\"@type\":\"ListItem\",\"@id\":\"https:\\\/\\\/www.eldigitaldeasturias.com\\\/noticias\\\/los-robos-en-asturias-aumentan-tras-el-confinamiento\\\/#listItem\",\"name\":\"Los robos en Asturias aumentan tras el confinamiento\"},\"previousItem\":{\"@type\":\"ListItem\",\"@id\":\"https:\\\/\\\/www.eldigitaldeasturias.com\\\/noticias#listItem\",\"name\":\"Home\"}},{\"@type\":\"ListItem\",\"@id\":\"https:\\\/\\\/www.eldigitaldeasturias.com\\\/noticias\\\/los-robos-en-asturias-aumentan-tras-el-confinamiento\\\/#listItem\",\"position\":3,\"name\":\"Los robos en Asturias aumentan tras el confinamiento\",\"previousItem\":{\"@type\":\"ListItem\",\"@id\":\"https:\\\/\\\/www.eldigitaldeasturias.com\\\/noticias\\\/category\\\/actualidad-asturias\\\/#listItem\",\"name\":\"Actualidad Asturias\"}}]},{\"@type\":\"Organization\",\"@id\":\"https:\\\/\\\/www.eldigitaldeasturias.com\\\/noticias\\\/#organization\",\"name\":\"El Digital de Asturias\",\"description\":\"Hemeroteca\",\"url\":\"https:\\\/\\\/www.eldigitaldeasturias.com\\\/noticias\\\/\",\"email\":\"info@eldigitaldeasturias.com\",\"telephone\":\"+34652131393\",\"logo\":{\"@type\":\"ImageObject\",\"url\":\"https:\\\/\\\/www.eldigitaldeasturias.com\\\/noticias\\\/wp-content\\\/uploads\\\/2020\\\/12\\\/EDA.jpg\",\"@id\":\"https:\\\/\\\/www.eldigitaldeasturias.com\\\/noticias\\\/los-robos-en-asturias-aumentan-tras-el-confinamiento\\\/#organizationLogo\",\"width\":649,\"height\":297},\"image\":{\"@id\":\"https:\\\/\\\/www.eldigitaldeasturias.com\\\/noticias\\\/los-robos-en-asturias-aumentan-tras-el-confinamiento\\\/#organizationLogo\"},\"sameAs\":[\"https:\\\/\\\/facebook.com\\\/eldigitaldeasturias\",\"https:\\\/\\\/www.youtube.com\\\/channel\\\/UCZP-2wLEB9Rv6erhFmqVnvg\"],\"address\":{\"@id\":\"https:\\\/\\\/www.eldigitaldeasturias.com\\\/noticias\\\/#postaladdress\",\"@type\":\"PostalAddress\",\"streetAddress\":\"san antonio 4,\",\"postalCode\":\"33430\",\"addressLocality\":\"Cand\\u00e1s\",\"addressRegion\":\"Asturias\",\"addressCountry\":\"ES\"}},{\"@type\":\"Person\",\"@id\":\"https:\\\/\\\/www.eldigitaldeasturias.com\\\/noticias\\\/author\\\/admin\\\/#author\",\"url\":\"https:\\\/\\\/www.eldigitaldeasturias.com\\\/noticias\\\/author\\\/admin\\\/\",\"name\":\"El Digital de Asturias\",\"image\":{\"@type\":\"ImageObject\",\"@id\":\"https:\\\/\\\/www.eldigitaldeasturias.com\\\/noticias\\\/los-robos-en-asturias-aumentan-tras-el-confinamiento\\\/#authorImage\",\"url\":\"https:\\\/\\\/www.eldigitaldeasturias.com\\\/noticias\\\/wp-content\\\/litespeed\\\/avatar\\\/18677e78aa0546b92d9dbf31ec7d7668.jpg?ver=1776685526\",\"width\":96,\"height\":96,\"caption\":\"El Digital de Asturias\"}},{\"@type\":\"WebPage\",\"@id\":\"https:\\\/\\\/www.eldigitaldeasturias.com\\\/noticias\\\/los-robos-en-asturias-aumentan-tras-el-confinamiento\\\/#webpage\",\"url\":\"https:\\\/\\\/www.eldigitaldeasturias.com\\\/noticias\\\/los-robos-en-asturias-aumentan-tras-el-confinamiento\\\/\",\"name\":\"Los robos en Asturias aumentan tras el confinamiento - El Digital de Asturias\",\"description\":\"Asturias no es ni mucho menos una de las regiones m\\u00e1s afectadas por el vandalismo y la criminalidad en general. De hecho, se trata de una zona de Espa\\u00f1a bastante tranquila en este sentido. Sin embargo, la situaci\\u00f3n est\\u00e1 empezando a cambiar, y no progresivamente. Todo lo contrario: el incremento de inseguridad es exponencial y\",\"inLanguage\":\"es-ES\",\"isPartOf\":{\"@id\":\"https:\\\/\\\/www.eldigitaldeasturias.com\\\/noticias\\\/#website\"},\"breadcrumb\":{\"@id\":\"https:\\\/\\\/www.eldigitaldeasturias.com\\\/noticias\\\/los-robos-en-asturias-aumentan-tras-el-confinamiento\\\/#breadcrumblist\"},\"author\":{\"@id\":\"https:\\\/\\\/www.eldigitaldeasturias.com\\\/noticias\\\/author\\\/admin\\\/#author\"},\"creator\":{\"@id\":\"https:\\\/\\\/www.eldigitaldeasturias.com\\\/noticias\\\/author\\\/admin\\\/#author\"},\"image\":{\"@type\":\"ImageObject\",\"url\":\"https:\\\/\\\/www.eldigitaldeasturias.com\\\/noticias\\\/wp-content\\\/uploads\\\/2020\\\/08\\\/robos-Asturias.jpg\",\"@id\":\"https:\\\/\\\/www.eldigitaldeasturias.com\\\/noticias\\\/los-robos-en-asturias-aumentan-tras-el-confinamiento\\\/#mainImage\",\"width\":1076,\"height\":722},\"primaryImageOfPage\":{\"@id\":\"https:\\\/\\\/www.eldigitaldeasturias.com\\\/noticias\\\/los-robos-en-asturias-aumentan-tras-el-confinamiento\\\/#mainImage\"},\"datePublished\":\"2020-08-21T20:21:30+02:00\",\"dateModified\":\"2020-08-21T20:21:30+02:00\"},{\"@type\":\"WebSite\",\"@id\":\"https:\\\/\\\/www.eldigitaldeasturias.com\\\/noticias\\\/#website\",\"url\":\"https:\\\/\\\/www.eldigitaldeasturias.com\\\/noticias\\\/\",\"name\":\"El Digital de Asturias - Diario de actualidad y noticias\",\"alternateName\":\"El Digital de Asturias - Diario de actualidad y noticias\",\"description\":\"Hemeroteca\",\"inLanguage\":\"es-ES\",\"publisher\":{\"@id\":\"https:\\\/\\\/www.eldigitaldeasturias.com\\\/noticias\\\/#organization\"}}]}\n\t\t<\/script>\n\t\t<!-- All in One SEO Pro -->\r\n\t\t<title>Los robos en Asturias aumentan tras el confinamiento - El Digital de Asturias<\/title>\n\n","aioseo_head_json":{"title":"Los robos en Asturias aumentan tras el confinamiento - El Digital de Asturias","description":"Asturias no es ni mucho menos una de las regiones m\u00e1s afectadas por el vandalismo y la criminalidad en general. De hecho, se trata de una zona de Espa\u00f1a bastante tranquila en este sentido. Sin embargo, la situaci\u00f3n est\u00e1 empezando a cambiar, y no progresivamente. Todo lo contrario: el incremento de inseguridad es exponencial y","canonical_url":"https:\/\/www.eldigitaldeasturias.com\/noticias\/los-robos-en-asturias-aumentan-tras-el-confinamiento\/","robots":"max-image-preview:large","keywords":"actualidad asturias,destacadas","webmasterTools":{"google-site-verification":"UA-38556648-1","msvalidate.01":"7dfe9f3f1b24437ab69f4f2559babe99","miscellaneous":""},"schema":{"@context":"https:\/\/schema.org","@graph":[{"@type":"BlogPosting","@id":"https:\/\/www.eldigitaldeasturias.com\/noticias\/los-robos-en-asturias-aumentan-tras-el-confinamiento\/#blogposting","name":"Los robos en Asturias aumentan tras el confinamiento - El Digital de Asturias","headline":"Los robos en Asturias aumentan tras el confinamiento","author":{"@id":"https:\/\/www.eldigitaldeasturias.com\/noticias\/author\/admin\/#author"},"publisher":{"@id":"https:\/\/www.eldigitaldeasturias.com\/noticias\/#organization"},"image":{"@type":"ImageObject","url":"https:\/\/www.eldigitaldeasturias.com\/noticias\/wp-content\/uploads\/2020\/08\/robos-Asturias.jpg","width":1076,"height":722},"datePublished":"2020-08-21T20:21:30+02:00","dateModified":"2020-08-21T20:21:30+02:00","inLanguage":"es-ES","mainEntityOfPage":{"@id":"https:\/\/www.eldigitaldeasturias.com\/noticias\/los-robos-en-asturias-aumentan-tras-el-confinamiento\/#webpage"},"isPartOf":{"@id":"https:\/\/www.eldigitaldeasturias.com\/noticias\/los-robos-en-asturias-aumentan-tras-el-confinamiento\/#webpage"},"articleSection":"Actualidad Asturias, Destacadas"},{"@type":"BreadcrumbList","@id":"https:\/\/www.eldigitaldeasturias.com\/noticias\/los-robos-en-asturias-aumentan-tras-el-confinamiento\/#breadcrumblist","itemListElement":[{"@type":"ListItem","@id":"https:\/\/www.eldigitaldeasturias.com\/noticias#listItem","position":1,"name":"Home","item":"https:\/\/www.eldigitaldeasturias.com\/noticias","nextItem":{"@type":"ListItem","@id":"https:\/\/www.eldigitaldeasturias.com\/noticias\/category\/actualidad-asturias\/#listItem","name":"Actualidad Asturias"}},{"@type":"ListItem","@id":"https:\/\/www.eldigitaldeasturias.com\/noticias\/category\/actualidad-asturias\/#listItem","position":2,"name":"Actualidad Asturias","item":"https:\/\/www.eldigitaldeasturias.com\/noticias\/category\/actualidad-asturias\/","nextItem":{"@type":"ListItem","@id":"https:\/\/www.eldigitaldeasturias.com\/noticias\/los-robos-en-asturias-aumentan-tras-el-confinamiento\/#listItem","name":"Los robos en Asturias aumentan tras el confinamiento"},"previousItem":{"@type":"ListItem","@id":"https:\/\/www.eldigitaldeasturias.com\/noticias#listItem","name":"Home"}},{"@type":"ListItem","@id":"https:\/\/www.eldigitaldeasturias.com\/noticias\/los-robos-en-asturias-aumentan-tras-el-confinamiento\/#listItem","position":3,"name":"Los robos en Asturias aumentan tras el confinamiento","previousItem":{"@type":"ListItem","@id":"https:\/\/www.eldigitaldeasturias.com\/noticias\/category\/actualidad-asturias\/#listItem","name":"Actualidad Asturias"}}]},{"@type":"Organization","@id":"https:\/\/www.eldigitaldeasturias.com\/noticias\/#organization","name":"El Digital de Asturias","description":"Hemeroteca","url":"https:\/\/www.eldigitaldeasturias.com\/noticias\/","email":"info@eldigitaldeasturias.com","telephone":"+34652131393","logo":{"@type":"ImageObject","url":"https:\/\/www.eldigitaldeasturias.com\/noticias\/wp-content\/uploads\/2020\/12\/EDA.jpg","@id":"https:\/\/www.eldigitaldeasturias.com\/noticias\/los-robos-en-asturias-aumentan-tras-el-confinamiento\/#organizationLogo","width":649,"height":297},"image":{"@id":"https:\/\/www.eldigitaldeasturias.com\/noticias\/los-robos-en-asturias-aumentan-tras-el-confinamiento\/#organizationLogo"},"sameAs":["https:\/\/facebook.com\/eldigitaldeasturias","https:\/\/www.youtube.com\/channel\/UCZP-2wLEB9Rv6erhFmqVnvg"],"address":{"@id":"https:\/\/www.eldigitaldeasturias.com\/noticias\/#postaladdress","@type":"PostalAddress","streetAddress":"san antonio 4,","postalCode":"33430","addressLocality":"Cand\u00e1s","addressRegion":"Asturias","addressCountry":"ES"}},{"@type":"Person","@id":"https:\/\/www.eldigitaldeasturias.com\/noticias\/author\/admin\/#author","url":"https:\/\/www.eldigitaldeasturias.com\/noticias\/author\/admin\/","name":"El Digital de Asturias","image":{"@type":"ImageObject","@id":"https:\/\/www.eldigitaldeasturias.com\/noticias\/los-robos-en-asturias-aumentan-tras-el-confinamiento\/#authorImage","url":"https:\/\/www.eldigitaldeasturias.com\/noticias\/wp-content\/litespeed\/avatar\/18677e78aa0546b92d9dbf31ec7d7668.jpg?ver=1776685526","width":96,"height":96,"caption":"El Digital de Asturias"}},{"@type":"WebPage","@id":"https:\/\/www.eldigitaldeasturias.com\/noticias\/los-robos-en-asturias-aumentan-tras-el-confinamiento\/#webpage","url":"https:\/\/www.eldigitaldeasturias.com\/noticias\/los-robos-en-asturias-aumentan-tras-el-confinamiento\/","name":"Los robos en Asturias aumentan tras el confinamiento - El Digital de Asturias","description":"Asturias no es ni mucho menos una de las regiones m\u00e1s afectadas por el vandalismo y la criminalidad en general. De hecho, se trata de una zona de Espa\u00f1a bastante tranquila en este sentido. Sin embargo, la situaci\u00f3n est\u00e1 empezando a cambiar, y no progresivamente. Todo lo contrario: el incremento de inseguridad es exponencial y","inLanguage":"es-ES","isPartOf":{"@id":"https:\/\/www.eldigitaldeasturias.com\/noticias\/#website"},"breadcrumb":{"@id":"https:\/\/www.eldigitaldeasturias.com\/noticias\/los-robos-en-asturias-aumentan-tras-el-confinamiento\/#breadcrumblist"},"author":{"@id":"https:\/\/www.eldigitaldeasturias.com\/noticias\/author\/admin\/#author"},"creator":{"@id":"https:\/\/www.eldigitaldeasturias.com\/noticias\/author\/admin\/#author"},"image":{"@type":"ImageObject","url":"https:\/\/www.eldigitaldeasturias.com\/noticias\/wp-content\/uploads\/2020\/08\/robos-Asturias.jpg","@id":"https:\/\/www.eldigitaldeasturias.com\/noticias\/los-robos-en-asturias-aumentan-tras-el-confinamiento\/#mainImage","width":1076,"height":722},"primaryImageOfPage":{"@id":"https:\/\/www.eldigitaldeasturias.com\/noticias\/los-robos-en-asturias-aumentan-tras-el-confinamiento\/#mainImage"},"datePublished":"2020-08-21T20:21:30+02:00","dateModified":"2020-08-21T20:21:30+02:00"},{"@type":"WebSite","@id":"https:\/\/www.eldigitaldeasturias.com\/noticias\/#website","url":"https:\/\/www.eldigitaldeasturias.com\/noticias\/","name":"El Digital de Asturias - Diario de actualidad y noticias","alternateName":"El Digital de Asturias - Diario de actualidad y noticias","description":"Hemeroteca","inLanguage":"es-ES","publisher":{"@id":"https:\/\/www.eldigitaldeasturias.com\/noticias\/#organization"}}]},"og:locale":"es_ES","og:site_name":"El Digital de Asturias","og:type":"article","og:title":"Los robos en Asturias aumentan tras el confinamiento - El Digital de Asturias","og:description":"Asturias no es ni mucho menos una de las regiones m\u00e1s afectadas por el vandalismo y la criminalidad en general. De hecho, se trata de una zona de Espa\u00f1a bastante tranquila en este sentido. Sin embargo, la situaci\u00f3n est\u00e1 empezando a cambiar, y no progresivamente. Todo lo contrario: el incremento de inseguridad es exponencial y","og:url":"https:\/\/www.eldigitaldeasturias.com\/noticias\/los-robos-en-asturias-aumentan-tras-el-confinamiento\/","og:image":"https:\/\/www.eldigitaldeasturias.com\/noticias\/wp-content\/uploads\/2020\/08\/robos-Asturias.jpg","og:image:secure_url":"https:\/\/www.eldigitaldeasturias.com\/noticias\/wp-content\/uploads\/2020\/08\/robos-Asturias.jpg","og:image:width":1076,"og:image:height":722,"article:tag":["actualidad asturias","destacadas"],"article:published_time":"2020-08-21T20:21:30+00:00","article:modified_time":"2020-08-21T20:21:30+00:00","article:publisher":"https:\/\/facebook.com\/eldigitaldeasturias","twitter:card":"summary_large_image","twitter:title":"Los robos en Asturias aumentan tras el confinamiento - El Digital de Asturias","twitter:description":"Asturias no es ni mucho menos una de las regiones m\u00e1s afectadas por el vandalismo y la criminalidad en general. De hecho, se trata de una zona de Espa\u00f1a bastante tranquila en este sentido. Sin embargo, la situaci\u00f3n est\u00e1 empezando a cambiar, y no progresivamente. Todo lo contrario: el incremento de inseguridad es exponencial y","twitter:image":"https:\/\/www.eldigitaldeasturias.com\/noticias\/wp-content\/uploads\/2020\/08\/robos-Asturias.jpg","twitter:label1":"Escrito por","twitter:data1":"El Digital de Asturias","twitter:label2":"Tiempo de lectura estimado","twitter:data2":"4 minutos"},"aioseo_meta_data":{"post_id":"1073690","title":null,"description":"","keywords":"","keyphrases":null,"primary_term":null,"canonical_url":"","og_title":null,"og_description":null,"og_object_type":"default","og_image_type":"default","og_image_url":null,"og_image_width":null,"og_image_height":null,"og_image_custom_url":null,"og_image_custom_fields":null,"og_video":null,"og_custom_url":null,"og_article_section":null,"og_article_tags":null,"twitter_use_og":false,"twitter_card":"default","twitter_image_type":"default","twitter_image_url":null,"twitter_image_custom_url":null,"twitter_image_custom_fields":null,"twitter_title":null,"twitter_description":null,"schema":{"blockGraphs":[],"customGraphs":[],"default":{"data":{"Article":[],"Course":[],"Dataset":[],"FAQPage":[],"Movie":[],"Person":[],"Product":[],"ProductReview":[],"Car":[],"Recipe":[],"Service":[],"SoftwareApplication":[],"WebPage":[]},"graphName":"","isEnabled":true},"graphs":[],"defaultGraph":"","defaultPostTypeGraph":""},"schema_type":null,"schema_type_options":null,"pillar_content":false,"robots_default":true,"robots_noindex":false,"robots_noarchive":false,"robots_nosnippet":false,"robots_nofollow":false,"robots_noimageindex":false,"robots_noodp":false,"robots_notranslate":false,"robots_max_snippet":null,"robots_max_videopreview":null,"robots_max_imagepreview":"large","priority":null,"frequency":"default","local_seo":null,"seo_analyzer_scan_date":"2025-09-13 09:50:58","breadcrumb_settings":null,"limit_modified_date":false,"open_ai":null,"ai":null,"created":"2020-12-21 10:41:55","updated":"2025-09-13 09:50:58"},"aioseo_breadcrumb":"<div class=\"aioseo-breadcrumbs\"><span class=\"aioseo-breadcrumb\">\n\t<a href=\"https:\/\/www.eldigitaldeasturias.com\/noticias\" title=\"Home\">Home<\/a>\n<\/span><span class=\"aioseo-breadcrumb-separator\">\u2013<\/span><span class=\"aioseo-breadcrumb\">\n\t<a href=\"https:\/\/www.eldigitaldeasturias.com\/noticias\/category\/actualidad-asturias\/\" title=\"Actualidad Asturias\">Actualidad Asturias<\/a>\n<\/span><span class=\"aioseo-breadcrumb-separator\">\u2013<\/span><span class=\"aioseo-breadcrumb\">\n\t<a href=\"https:\/\/www.eldigitaldeasturias.com\/noticias\/los-robos-en-asturias-aumentan-tras-el-confinamiento\/\" title=\"Los robos en Asturias aumentan tras el confinamiento\">Los robos en Asturias aumentan tras el confinamiento<\/a>\n<\/span><\/div>","aioseo_breadcrumb_json":[{"label":"Home","link":"https:\/\/www.eldigitaldeasturias.com\/noticias"},{"label":"Actualidad Asturias","link":"https:\/\/www.eldigitaldeasturias.com\/noticias\/category\/actualidad-asturias\/"},{"label":"Los robos en Asturias aumentan tras el confinamiento","link":"https:\/\/www.eldigitaldeasturias.com\/noticias\/los-robos-en-asturias-aumentan-tras-el-confinamiento\/"}],"_links":{"self":[{"href":"https:\/\/www.eldigitaldeasturias.com\/noticias\/wp-json\/wp\/v2\/posts\/1073690","targetHints":{"allow":["GET"]}}],"collection":[{"href":"https:\/\/www.eldigitaldeasturias.com\/noticias\/wp-json\/wp\/v2\/posts"}],"about":[{"href":"https:\/\/www.eldigitaldeasturias.com\/noticias\/wp-json\/wp\/v2\/types\/post"}],"author":[{"embeddable":true,"href":"https:\/\/www.eldigitaldeasturias.com\/noticias\/wp-json\/wp\/v2\/users\/1"}],"replies":[{"embeddable":true,"href":"https:\/\/www.eldigitaldeasturias.com\/noticias\/wp-json\/wp\/v2\/comments?post=1073690"}],"version-history":[{"count":0,"href":"https:\/\/www.eldigitaldeasturias.com\/noticias\/wp-json\/wp\/v2\/posts\/1073690\/revisions"}],"wp:featuredmedia":[{"embeddable":true,"href":"https:\/\/www.eldigitaldeasturias.com\/noticias\/wp-json\/wp\/v2\/media\/1073691"}],"wp:attachment":[{"href":"https:\/\/www.eldigitaldeasturias.com\/noticias\/wp-json\/wp\/v2\/media?parent=1073690"}],"wp:term":[{"taxonomy":"category","embeddable":true,"href":"https:\/\/www.eldigitaldeasturias.com\/noticias\/wp-json\/wp\/v2\/categories?post=1073690"},{"taxonomy":"post_tag","embeddable":true,"href":"https:\/\/www.eldigitaldeasturias.com\/noticias\/wp-json\/wp\/v2\/tags?post=1073690"}],"curies":[{"name":"wp","href":"https:\/\/api.w.org\/{rel}","templated":true}]}}