{"id":1073071,"date":"2020-08-15T13:20:48","date_gmt":"2020-08-15T13:20:48","guid":{"rendered":"https:\/\/www.eldigitaldeasturias.com\/noticias\/?p=1073071"},"modified":"2020-08-15T13:20:48","modified_gmt":"2020-08-15T13:20:48","slug":"nuevos-casos-de-coronavirus-en-asturias","status":"publish","type":"post","link":"https:\/\/www.eldigitaldeasturias.com\/noticias\/nuevos-casos-de-coronavirus-en-asturias\/","title":{"rendered":"Nuevos casos de coronavirus en Asturias"},"content":{"rendered":"<p><img loading=\"lazy\" decoding=\"async\" class=\"alignleft size-medium wp-image-1069994\" src=\"https:\/\/www.eldigitaldeasturias.com\/noticias\/wp-content\/uploads\/2020\/07\/covid-19-5070658_1280-360x240.jpg\" alt=\"\" width=\"360\" height=\"240\" srcset=\"https:\/\/www.eldigitaldeasturias.com\/noticias\/wp-content\/uploads\/2020\/07\/covid-19-5070658_1280-360x240.jpg 360w, https:\/\/www.eldigitaldeasturias.com\/noticias\/wp-content\/uploads\/2020\/07\/covid-19-5070658_1280-690x460.jpg 690w, https:\/\/www.eldigitaldeasturias.com\/noticias\/wp-content\/uploads\/2020\/07\/covid-19-5070658_1280-450x300.jpg 450w, https:\/\/www.eldigitaldeasturias.com\/noticias\/wp-content\/uploads\/2020\/07\/covid-19-5070658_1280-768x512.jpg 768w, https:\/\/www.eldigitaldeasturias.com\/noticias\/wp-content\/uploads\/2020\/07\/covid-19-5070658_1280-696x464.jpg 696w, https:\/\/www.eldigitaldeasturias.com\/noticias\/wp-content\/uploads\/2020\/07\/covid-19-5070658_1280-1068x713.jpg 1068w, https:\/\/www.eldigitaldeasturias.com\/noticias\/wp-content\/uploads\/2020\/07\/covid-19-5070658_1280-630x420.jpg 630w, https:\/\/www.eldigitaldeasturias.com\/noticias\/wp-content\/uploads\/2020\/07\/covid-19-5070658_1280.jpg 1280w\" sizes=\"auto, (max-width: 360px) 100vw, 360px\" \/>La Consejer\u00eda de Salud del Principado de Asturias ha confirmado <strong>32 nuevos casos de coronavirus<\/strong>, dos relacionados con los brotes declarados en Llanes y Ribadesella.<\/p>\n<p>El foco detectado en La Terraza de Laura y en la escuela de surf Skull, en Llanes, suma un nuevo caso y eleva hasta 26 el n\u00famero total de personas afectadas. Por su parte, el brote declarado ayer en Ribadesella alcanza 5 contagiados con el nuevo positivo detectado hoy.<\/p>\n<p>El Servicio de Vigilancia Epidemiol\u00f3gica del Principado tambi\u00e9n ha identificado 19 positivos de contactos de casos conocidos y otros cuatro m\u00e1s procedentes de Madrid, M\u00e1laga, Marbella y Segovia. El resto de los nuevos contagios est\u00e1n siendo investigados para establecer su v\u00ednculo epidemiol\u00f3gico.<\/p>\n<p>Todos los casos, a excepci\u00f3n de uno que ha sido hospitalizado, presentan sintomatolog\u00eda leve y permanecen en sus domicilios.<\/p>\n<p>Por otra parte,<strong> la residencia del ERA de Pola de Siero recupera hoy la normalidad tras completarse los 14 d\u00edas de cuarentena y no registrar ning\u00fan caso m\u00e1s<\/strong>. De esta manera, el centro residencial ya permite las visitas a residentes, los paseos y los movimientos dentro del equipamiento.<\/p>\n<h3>Recomendaciones<\/h3>\n<p>La Consejer\u00eda de Salud pide que se extremen las medidas de seguridad ante la covid-19 para proteger a las personas mayores y personas con patolog\u00edas, dos de los colectivos m\u00e1s vulnerables a los contagios.<\/p>\n<p>Las autoridades sanitarias instan a la ciudadan\u00eda a que no se relaje en el cumplimiento de las medidas de seguridad para evitar la trasmisi\u00f3n del virus. Recuerda la obligatoriedad del uso de la mascarilla para mayores de seis a\u00f1os en las v\u00edas p\u00fablicas y espacios al aire libre; en cualquier espacio cerrado de uso p\u00fablico o que se encuentre abierto al p\u00fablico, as\u00ed como en los medios de transporte p\u00fablicos y privados, en este \u00faltimo caso cuando los ocupantes no convivan.<\/p>\n<p>Asimismo, recomiendan el lavado frecuente de manos e insisten en que es imprescindible guardar una distancia interpersonal de, al menos, un metro y medio con personas con las que no se convive. Adem\u00e1s, se aconseja evitar las aglomeraciones y las actividades sociales innecesarias.<\/p>\n<p>&nbsp;<\/p>\n","protected":false},"excerpt":{"rendered":"<p>La Consejer\u00eda de Salud del Principado de Asturias ha confirmado 32 nuevos casos de coronavirus, dos relacionados con los brotes declarados en Llanes y Ribadesella. El foco detectado en La Terraza de Laura y en la escuela de surf Skull, en Llanes, suma un nuevo caso y eleva hasta 26 el n\u00famero total de personas [&hellip;]<\/p>\n","protected":false},"author":1,"featured_media":1072523,"comment_status":"closed","ping_status":"closed","sticky":false,"template":"","format":"standard","meta":{"footnotes":""},"categories":[12,141],"tags":[],"class_list":["post-1073071","post","type-post","status-publish","format-standard","has-post-thumbnail","hentry","category-actualidad-asturias","category-destacadas"],"aioseo_notices":[],"aioseo_head":"\n\t\t<!-- All in One SEO Pro 4.9.6.2 - aioseo.com -->\n\t<meta name=\"description\" content=\"La Consejer\u00eda de Salud del Principado de Asturias ha confirmado 32 nuevos casos de coronavirus, dos relacionados con los brotes declarados en Llanes y Ribadesella. El foco detectado en La Terraza de Laura y en la escuela de surf Skull, en Llanes, suma un nuevo caso y eleva hasta 26 el n\u00famero total de personas\" \/>\n\t<meta name=\"robots\" content=\"max-image-preview:large\" \/>\n\t<meta name=\"author\" content=\"El Digital de Asturias\"\/>\n\t<meta name=\"google-site-verification\" content=\"UA-38556648-1\" \/>\n\t<meta name=\"msvalidate.01\" content=\"7dfe9f3f1b24437ab69f4f2559babe99\" \/>\n\t<meta name=\"keywords\" content=\"actualidad asturias,destacadas\" \/>\n\t<link rel=\"canonical\" href=\"https:\/\/www.eldigitaldeasturias.com\/noticias\/nuevos-casos-de-coronavirus-en-asturias\/\" \/>\n\t<meta name=\"generator\" content=\"All in One SEO Pro (AIOSEO) 4.9.6.2\" \/>\n\t\t<meta property=\"og:locale\" content=\"es_ES\" \/>\n\t\t<meta property=\"og:site_name\" content=\"El Digital de Asturias\" \/>\n\t\t<meta property=\"og:type\" content=\"article\" \/>\n\t\t<meta property=\"og:title\" content=\"Nuevos casos de coronavirus en Asturias - El Digital de Asturias\" \/>\n\t\t<meta property=\"og:description\" content=\"La Consejer\u00eda de Salud del Principado de Asturias ha confirmado 32 nuevos casos de coronavirus, dos relacionados con los brotes declarados en Llanes y Ribadesella. El foco detectado en La Terraza de Laura y en la escuela de surf Skull, en Llanes, suma un nuevo caso y eleva hasta 26 el n\u00famero total de personas\" \/>\n\t\t<meta property=\"og:url\" content=\"https:\/\/www.eldigitaldeasturias.com\/noticias\/nuevos-casos-de-coronavirus-en-asturias\/\" \/>\n\t\t<meta property=\"og:image\" content=\"https:\/\/www.eldigitaldeasturias.com\/noticias\/wp-content\/uploads\/2020\/08\/coronavirus-5394069_640.jpg\" \/>\n\t\t<meta property=\"og:image:secure_url\" content=\"https:\/\/www.eldigitaldeasturias.com\/noticias\/wp-content\/uploads\/2020\/08\/coronavirus-5394069_640.jpg\" \/>\n\t\t<meta property=\"og:image:width\" content=\"640\" \/>\n\t\t<meta property=\"og:image:height\" content=\"360\" \/>\n\t\t<meta property=\"article:tag\" content=\"actualidad asturias\" \/>\n\t\t<meta property=\"article:tag\" content=\"destacadas\" \/>\n\t\t<meta property=\"article:published_time\" content=\"2020-08-15T13:20:48+00:00\" \/>\n\t\t<meta property=\"article:modified_time\" content=\"2020-08-15T13:20:48+00:00\" \/>\n\t\t<meta property=\"article:publisher\" content=\"https:\/\/facebook.com\/eldigitaldeasturias\" \/>\n\t\t<meta name=\"twitter:card\" content=\"summary_large_image\" \/>\n\t\t<meta name=\"twitter:title\" content=\"Nuevos casos de coronavirus en Asturias - El Digital de Asturias\" \/>\n\t\t<meta name=\"twitter:description\" content=\"La Consejer\u00eda de Salud del Principado de Asturias ha confirmado 32 nuevos casos de coronavirus, dos relacionados con los brotes declarados en Llanes y Ribadesella. El foco detectado en La Terraza de Laura y en la escuela de surf Skull, en Llanes, suma un nuevo caso y eleva hasta 26 el n\u00famero total de personas\" \/>\n\t\t<meta name=\"twitter:image\" content=\"https:\/\/www.eldigitaldeasturias.com\/noticias\/wp-content\/uploads\/2020\/08\/coronavirus-5394069_640.jpg\" \/>\n\t\t<meta name=\"twitter:label1\" content=\"Escrito por\" \/>\n\t\t<meta name=\"twitter:data1\" content=\"El Digital de Asturias\" \/>\n\t\t<meta name=\"twitter:label2\" content=\"Tiempo de lectura estimado\" \/>\n\t\t<meta name=\"twitter:data2\" content=\"2 minutos\" \/>\n\t\t<script type=\"application\/ld+json\" class=\"aioseo-schema\">\n\t\t\t{\"@context\":\"https:\\\/\\\/schema.org\",\"@graph\":[{\"@type\":\"BlogPosting\",\"@id\":\"https:\\\/\\\/www.eldigitaldeasturias.com\\\/noticias\\\/nuevos-casos-de-coronavirus-en-asturias\\\/#blogposting\",\"name\":\"Nuevos casos de coronavirus en Asturias - El Digital de Asturias\",\"headline\":\"Nuevos casos de coronavirus en Asturias\",\"author\":{\"@id\":\"https:\\\/\\\/www.eldigitaldeasturias.com\\\/noticias\\\/author\\\/admin\\\/#author\"},\"publisher\":{\"@id\":\"https:\\\/\\\/www.eldigitaldeasturias.com\\\/noticias\\\/#organization\"},\"image\":{\"@type\":\"ImageObject\",\"url\":\"https:\\\/\\\/www.eldigitaldeasturias.com\\\/noticias\\\/wp-content\\\/uploads\\\/2020\\\/08\\\/coronavirus-5394069_640.jpg\",\"width\":640,\"height\":360,\"caption\":\"coronavirus\"},\"datePublished\":\"2020-08-15T13:20:48+02:00\",\"dateModified\":\"2020-08-15T13:20:48+02:00\",\"inLanguage\":\"es-ES\",\"mainEntityOfPage\":{\"@id\":\"https:\\\/\\\/www.eldigitaldeasturias.com\\\/noticias\\\/nuevos-casos-de-coronavirus-en-asturias\\\/#webpage\"},\"isPartOf\":{\"@id\":\"https:\\\/\\\/www.eldigitaldeasturias.com\\\/noticias\\\/nuevos-casos-de-coronavirus-en-asturias\\\/#webpage\"},\"articleSection\":\"Actualidad Asturias, Destacadas\"},{\"@type\":\"BreadcrumbList\",\"@id\":\"https:\\\/\\\/www.eldigitaldeasturias.com\\\/noticias\\\/nuevos-casos-de-coronavirus-en-asturias\\\/#breadcrumblist\",\"itemListElement\":[{\"@type\":\"ListItem\",\"@id\":\"https:\\\/\\\/www.eldigitaldeasturias.com\\\/noticias#listItem\",\"position\":1,\"name\":\"Home\",\"item\":\"https:\\\/\\\/www.eldigitaldeasturias.com\\\/noticias\",\"nextItem\":{\"@type\":\"ListItem\",\"@id\":\"https:\\\/\\\/www.eldigitaldeasturias.com\\\/noticias\\\/category\\\/actualidad-asturias\\\/#listItem\",\"name\":\"Actualidad Asturias\"}},{\"@type\":\"ListItem\",\"@id\":\"https:\\\/\\\/www.eldigitaldeasturias.com\\\/noticias\\\/category\\\/actualidad-asturias\\\/#listItem\",\"position\":2,\"name\":\"Actualidad Asturias\",\"item\":\"https:\\\/\\\/www.eldigitaldeasturias.com\\\/noticias\\\/category\\\/actualidad-asturias\\\/\",\"nextItem\":{\"@type\":\"ListItem\",\"@id\":\"https:\\\/\\\/www.eldigitaldeasturias.com\\\/noticias\\\/nuevos-casos-de-coronavirus-en-asturias\\\/#listItem\",\"name\":\"Nuevos casos de coronavirus en Asturias\"},\"previousItem\":{\"@type\":\"ListItem\",\"@id\":\"https:\\\/\\\/www.eldigitaldeasturias.com\\\/noticias#listItem\",\"name\":\"Home\"}},{\"@type\":\"ListItem\",\"@id\":\"https:\\\/\\\/www.eldigitaldeasturias.com\\\/noticias\\\/nuevos-casos-de-coronavirus-en-asturias\\\/#listItem\",\"position\":3,\"name\":\"Nuevos casos de coronavirus en Asturias\",\"previousItem\":{\"@type\":\"ListItem\",\"@id\":\"https:\\\/\\\/www.eldigitaldeasturias.com\\\/noticias\\\/category\\\/actualidad-asturias\\\/#listItem\",\"name\":\"Actualidad Asturias\"}}]},{\"@type\":\"Organization\",\"@id\":\"https:\\\/\\\/www.eldigitaldeasturias.com\\\/noticias\\\/#organization\",\"name\":\"El Digital de Asturias\",\"description\":\"Hemeroteca\",\"url\":\"https:\\\/\\\/www.eldigitaldeasturias.com\\\/noticias\\\/\",\"email\":\"info@eldigitaldeasturias.com\",\"telephone\":\"+34652131393\",\"logo\":{\"@type\":\"ImageObject\",\"url\":\"https:\\\/\\\/www.eldigitaldeasturias.com\\\/noticias\\\/wp-content\\\/uploads\\\/2020\\\/12\\\/EDA.jpg\",\"@id\":\"https:\\\/\\\/www.eldigitaldeasturias.com\\\/noticias\\\/nuevos-casos-de-coronavirus-en-asturias\\\/#organizationLogo\",\"width\":649,\"height\":297},\"image\":{\"@id\":\"https:\\\/\\\/www.eldigitaldeasturias.com\\\/noticias\\\/nuevos-casos-de-coronavirus-en-asturias\\\/#organizationLogo\"},\"sameAs\":[\"https:\\\/\\\/facebook.com\\\/eldigitaldeasturias\",\"https:\\\/\\\/www.youtube.com\\\/channel\\\/UCZP-2wLEB9Rv6erhFmqVnvg\"],\"address\":{\"@id\":\"https:\\\/\\\/www.eldigitaldeasturias.com\\\/noticias\\\/#postaladdress\",\"@type\":\"PostalAddress\",\"streetAddress\":\"san antonio 4,\",\"postalCode\":\"33430\",\"addressLocality\":\"Cand\\u00e1s\",\"addressRegion\":\"Asturias\",\"addressCountry\":\"ES\"}},{\"@type\":\"Person\",\"@id\":\"https:\\\/\\\/www.eldigitaldeasturias.com\\\/noticias\\\/author\\\/admin\\\/#author\",\"url\":\"https:\\\/\\\/www.eldigitaldeasturias.com\\\/noticias\\\/author\\\/admin\\\/\",\"name\":\"El Digital de Asturias\",\"image\":{\"@type\":\"ImageObject\",\"@id\":\"https:\\\/\\\/www.eldigitaldeasturias.com\\\/noticias\\\/nuevos-casos-de-coronavirus-en-asturias\\\/#authorImage\",\"url\":\"https:\\\/\\\/www.eldigitaldeasturias.com\\\/noticias\\\/wp-content\\\/litespeed\\\/avatar\\\/18677e78aa0546b92d9dbf31ec7d7668.jpg?ver=1776685526\",\"width\":96,\"height\":96,\"caption\":\"El Digital de Asturias\"}},{\"@type\":\"WebPage\",\"@id\":\"https:\\\/\\\/www.eldigitaldeasturias.com\\\/noticias\\\/nuevos-casos-de-coronavirus-en-asturias\\\/#webpage\",\"url\":\"https:\\\/\\\/www.eldigitaldeasturias.com\\\/noticias\\\/nuevos-casos-de-coronavirus-en-asturias\\\/\",\"name\":\"Nuevos casos de coronavirus en Asturias - El Digital de Asturias\",\"description\":\"La Consejer\\u00eda de Salud del Principado de Asturias ha confirmado 32 nuevos casos de coronavirus, dos relacionados con los brotes declarados en Llanes y Ribadesella. El foco detectado en La Terraza de Laura y en la escuela de surf Skull, en Llanes, suma un nuevo caso y eleva hasta 26 el n\\u00famero total de personas\",\"inLanguage\":\"es-ES\",\"isPartOf\":{\"@id\":\"https:\\\/\\\/www.eldigitaldeasturias.com\\\/noticias\\\/#website\"},\"breadcrumb\":{\"@id\":\"https:\\\/\\\/www.eldigitaldeasturias.com\\\/noticias\\\/nuevos-casos-de-coronavirus-en-asturias\\\/#breadcrumblist\"},\"author\":{\"@id\":\"https:\\\/\\\/www.eldigitaldeasturias.com\\\/noticias\\\/author\\\/admin\\\/#author\"},\"creator\":{\"@id\":\"https:\\\/\\\/www.eldigitaldeasturias.com\\\/noticias\\\/author\\\/admin\\\/#author\"},\"image\":{\"@type\":\"ImageObject\",\"url\":\"https:\\\/\\\/www.eldigitaldeasturias.com\\\/noticias\\\/wp-content\\\/uploads\\\/2020\\\/08\\\/coronavirus-5394069_640.jpg\",\"@id\":\"https:\\\/\\\/www.eldigitaldeasturias.com\\\/noticias\\\/nuevos-casos-de-coronavirus-en-asturias\\\/#mainImage\",\"width\":640,\"height\":360,\"caption\":\"coronavirus\"},\"primaryImageOfPage\":{\"@id\":\"https:\\\/\\\/www.eldigitaldeasturias.com\\\/noticias\\\/nuevos-casos-de-coronavirus-en-asturias\\\/#mainImage\"},\"datePublished\":\"2020-08-15T13:20:48+02:00\",\"dateModified\":\"2020-08-15T13:20:48+02:00\"},{\"@type\":\"WebSite\",\"@id\":\"https:\\\/\\\/www.eldigitaldeasturias.com\\\/noticias\\\/#website\",\"url\":\"https:\\\/\\\/www.eldigitaldeasturias.com\\\/noticias\\\/\",\"name\":\"El Digital de Asturias - Diario de actualidad y noticias\",\"alternateName\":\"El Digital de Asturias - Diario de actualidad y noticias\",\"description\":\"Hemeroteca\",\"inLanguage\":\"es-ES\",\"publisher\":{\"@id\":\"https:\\\/\\\/www.eldigitaldeasturias.com\\\/noticias\\\/#organization\"}}]}\n\t\t<\/script>\n\t\t<!-- All in One SEO Pro -->\r\n\t\t<title>Nuevos casos de coronavirus en Asturias - El Digital de Asturias<\/title>\n\n","aioseo_head_json":{"title":"Nuevos casos de coronavirus en Asturias - El Digital de Asturias","description":"La Consejer\u00eda de Salud del Principado de Asturias ha confirmado 32 nuevos casos de coronavirus, dos relacionados con los brotes declarados en Llanes y Ribadesella. El foco detectado en La Terraza de Laura y en la escuela de surf Skull, en Llanes, suma un nuevo caso y eleva hasta 26 el n\u00famero total de personas","canonical_url":"https:\/\/www.eldigitaldeasturias.com\/noticias\/nuevos-casos-de-coronavirus-en-asturias\/","robots":"max-image-preview:large","keywords":"actualidad asturias,destacadas","webmasterTools":{"google-site-verification":"UA-38556648-1","msvalidate.01":"7dfe9f3f1b24437ab69f4f2559babe99","miscellaneous":""},"schema":{"@context":"https:\/\/schema.org","@graph":[{"@type":"BlogPosting","@id":"https:\/\/www.eldigitaldeasturias.com\/noticias\/nuevos-casos-de-coronavirus-en-asturias\/#blogposting","name":"Nuevos casos de coronavirus en Asturias - El Digital de Asturias","headline":"Nuevos casos de coronavirus en Asturias","author":{"@id":"https:\/\/www.eldigitaldeasturias.com\/noticias\/author\/admin\/#author"},"publisher":{"@id":"https:\/\/www.eldigitaldeasturias.com\/noticias\/#organization"},"image":{"@type":"ImageObject","url":"https:\/\/www.eldigitaldeasturias.com\/noticias\/wp-content\/uploads\/2020\/08\/coronavirus-5394069_640.jpg","width":640,"height":360,"caption":"coronavirus"},"datePublished":"2020-08-15T13:20:48+02:00","dateModified":"2020-08-15T13:20:48+02:00","inLanguage":"es-ES","mainEntityOfPage":{"@id":"https:\/\/www.eldigitaldeasturias.com\/noticias\/nuevos-casos-de-coronavirus-en-asturias\/#webpage"},"isPartOf":{"@id":"https:\/\/www.eldigitaldeasturias.com\/noticias\/nuevos-casos-de-coronavirus-en-asturias\/#webpage"},"articleSection":"Actualidad Asturias, Destacadas"},{"@type":"BreadcrumbList","@id":"https:\/\/www.eldigitaldeasturias.com\/noticias\/nuevos-casos-de-coronavirus-en-asturias\/#breadcrumblist","itemListElement":[{"@type":"ListItem","@id":"https:\/\/www.eldigitaldeasturias.com\/noticias#listItem","position":1,"name":"Home","item":"https:\/\/www.eldigitaldeasturias.com\/noticias","nextItem":{"@type":"ListItem","@id":"https:\/\/www.eldigitaldeasturias.com\/noticias\/category\/actualidad-asturias\/#listItem","name":"Actualidad Asturias"}},{"@type":"ListItem","@id":"https:\/\/www.eldigitaldeasturias.com\/noticias\/category\/actualidad-asturias\/#listItem","position":2,"name":"Actualidad Asturias","item":"https:\/\/www.eldigitaldeasturias.com\/noticias\/category\/actualidad-asturias\/","nextItem":{"@type":"ListItem","@id":"https:\/\/www.eldigitaldeasturias.com\/noticias\/nuevos-casos-de-coronavirus-en-asturias\/#listItem","name":"Nuevos casos de coronavirus en Asturias"},"previousItem":{"@type":"ListItem","@id":"https:\/\/www.eldigitaldeasturias.com\/noticias#listItem","name":"Home"}},{"@type":"ListItem","@id":"https:\/\/www.eldigitaldeasturias.com\/noticias\/nuevos-casos-de-coronavirus-en-asturias\/#listItem","position":3,"name":"Nuevos casos de coronavirus en Asturias","previousItem":{"@type":"ListItem","@id":"https:\/\/www.eldigitaldeasturias.com\/noticias\/category\/actualidad-asturias\/#listItem","name":"Actualidad Asturias"}}]},{"@type":"Organization","@id":"https:\/\/www.eldigitaldeasturias.com\/noticias\/#organization","name":"El Digital de Asturias","description":"Hemeroteca","url":"https:\/\/www.eldigitaldeasturias.com\/noticias\/","email":"info@eldigitaldeasturias.com","telephone":"+34652131393","logo":{"@type":"ImageObject","url":"https:\/\/www.eldigitaldeasturias.com\/noticias\/wp-content\/uploads\/2020\/12\/EDA.jpg","@id":"https:\/\/www.eldigitaldeasturias.com\/noticias\/nuevos-casos-de-coronavirus-en-asturias\/#organizationLogo","width":649,"height":297},"image":{"@id":"https:\/\/www.eldigitaldeasturias.com\/noticias\/nuevos-casos-de-coronavirus-en-asturias\/#organizationLogo"},"sameAs":["https:\/\/facebook.com\/eldigitaldeasturias","https:\/\/www.youtube.com\/channel\/UCZP-2wLEB9Rv6erhFmqVnvg"],"address":{"@id":"https:\/\/www.eldigitaldeasturias.com\/noticias\/#postaladdress","@type":"PostalAddress","streetAddress":"san antonio 4,","postalCode":"33430","addressLocality":"Cand\u00e1s","addressRegion":"Asturias","addressCountry":"ES"}},{"@type":"Person","@id":"https:\/\/www.eldigitaldeasturias.com\/noticias\/author\/admin\/#author","url":"https:\/\/www.eldigitaldeasturias.com\/noticias\/author\/admin\/","name":"El Digital de Asturias","image":{"@type":"ImageObject","@id":"https:\/\/www.eldigitaldeasturias.com\/noticias\/nuevos-casos-de-coronavirus-en-asturias\/#authorImage","url":"https:\/\/www.eldigitaldeasturias.com\/noticias\/wp-content\/litespeed\/avatar\/18677e78aa0546b92d9dbf31ec7d7668.jpg?ver=1776685526","width":96,"height":96,"caption":"El Digital de Asturias"}},{"@type":"WebPage","@id":"https:\/\/www.eldigitaldeasturias.com\/noticias\/nuevos-casos-de-coronavirus-en-asturias\/#webpage","url":"https:\/\/www.eldigitaldeasturias.com\/noticias\/nuevos-casos-de-coronavirus-en-asturias\/","name":"Nuevos casos de coronavirus en Asturias - El Digital de Asturias","description":"La Consejer\u00eda de Salud del Principado de Asturias ha confirmado 32 nuevos casos de coronavirus, dos relacionados con los brotes declarados en Llanes y Ribadesella. El foco detectado en La Terraza de Laura y en la escuela de surf Skull, en Llanes, suma un nuevo caso y eleva hasta 26 el n\u00famero total de personas","inLanguage":"es-ES","isPartOf":{"@id":"https:\/\/www.eldigitaldeasturias.com\/noticias\/#website"},"breadcrumb":{"@id":"https:\/\/www.eldigitaldeasturias.com\/noticias\/nuevos-casos-de-coronavirus-en-asturias\/#breadcrumblist"},"author":{"@id":"https:\/\/www.eldigitaldeasturias.com\/noticias\/author\/admin\/#author"},"creator":{"@id":"https:\/\/www.eldigitaldeasturias.com\/noticias\/author\/admin\/#author"},"image":{"@type":"ImageObject","url":"https:\/\/www.eldigitaldeasturias.com\/noticias\/wp-content\/uploads\/2020\/08\/coronavirus-5394069_640.jpg","@id":"https:\/\/www.eldigitaldeasturias.com\/noticias\/nuevos-casos-de-coronavirus-en-asturias\/#mainImage","width":640,"height":360,"caption":"coronavirus"},"primaryImageOfPage":{"@id":"https:\/\/www.eldigitaldeasturias.com\/noticias\/nuevos-casos-de-coronavirus-en-asturias\/#mainImage"},"datePublished":"2020-08-15T13:20:48+02:00","dateModified":"2020-08-15T13:20:48+02:00"},{"@type":"WebSite","@id":"https:\/\/www.eldigitaldeasturias.com\/noticias\/#website","url":"https:\/\/www.eldigitaldeasturias.com\/noticias\/","name":"El Digital de Asturias - Diario de actualidad y noticias","alternateName":"El Digital de Asturias - Diario de actualidad y noticias","description":"Hemeroteca","inLanguage":"es-ES","publisher":{"@id":"https:\/\/www.eldigitaldeasturias.com\/noticias\/#organization"}}]},"og:locale":"es_ES","og:site_name":"El Digital de Asturias","og:type":"article","og:title":"Nuevos casos de coronavirus en Asturias - El Digital de Asturias","og:description":"La Consejer\u00eda de Salud del Principado de Asturias ha confirmado 32 nuevos casos de coronavirus, dos relacionados con los brotes declarados en Llanes y Ribadesella. El foco detectado en La Terraza de Laura y en la escuela de surf Skull, en Llanes, suma un nuevo caso y eleva hasta 26 el n\u00famero total de personas","og:url":"https:\/\/www.eldigitaldeasturias.com\/noticias\/nuevos-casos-de-coronavirus-en-asturias\/","og:image":"https:\/\/www.eldigitaldeasturias.com\/noticias\/wp-content\/uploads\/2020\/08\/coronavirus-5394069_640.jpg","og:image:secure_url":"https:\/\/www.eldigitaldeasturias.com\/noticias\/wp-content\/uploads\/2020\/08\/coronavirus-5394069_640.jpg","og:image:width":640,"og:image:height":360,"article:tag":["actualidad asturias","destacadas"],"article:published_time":"2020-08-15T13:20:48+00:00","article:modified_time":"2020-08-15T13:20:48+00:00","article:publisher":"https:\/\/facebook.com\/eldigitaldeasturias","twitter:card":"summary_large_image","twitter:title":"Nuevos casos de coronavirus en Asturias - El Digital de Asturias","twitter:description":"La Consejer\u00eda de Salud del Principado de Asturias ha confirmado 32 nuevos casos de coronavirus, dos relacionados con los brotes declarados en Llanes y Ribadesella. El foco detectado en La Terraza de Laura y en la escuela de surf Skull, en Llanes, suma un nuevo caso y eleva hasta 26 el n\u00famero total de personas","twitter:image":"https:\/\/www.eldigitaldeasturias.com\/noticias\/wp-content\/uploads\/2020\/08\/coronavirus-5394069_640.jpg","twitter:label1":"Escrito por","twitter:data1":"El Digital de Asturias","twitter:label2":"Tiempo de lectura estimado","twitter:data2":"2 minutos"},"aioseo_meta_data":{"post_id":"1073071","title":null,"description":"","keywords":"","keyphrases":null,"primary_term":null,"canonical_url":"","og_title":null,"og_description":null,"og_object_type":"default","og_image_type":"default","og_image_url":null,"og_image_width":null,"og_image_height":null,"og_image_custom_url":null,"og_image_custom_fields":null,"og_video":null,"og_custom_url":null,"og_article_section":null,"og_article_tags":null,"twitter_use_og":false,"twitter_card":"default","twitter_image_type":"default","twitter_image_url":null,"twitter_image_custom_url":null,"twitter_image_custom_fields":null,"twitter_title":null,"twitter_description":null,"schema":{"blockGraphs":[],"customGraphs":[],"default":{"data":{"Article":[],"Course":[],"Dataset":[],"FAQPage":[],"Movie":[],"Person":[],"Product":[],"ProductReview":[],"Car":[],"Recipe":[],"Service":[],"SoftwareApplication":[],"WebPage":[]},"graphName":"","isEnabled":true},"graphs":[],"defaultGraph":"","defaultPostTypeGraph":""},"schema_type":null,"schema_type_options":null,"pillar_content":false,"robots_default":true,"robots_noindex":false,"robots_noarchive":false,"robots_nosnippet":false,"robots_nofollow":false,"robots_noimageindex":false,"robots_noodp":false,"robots_notranslate":false,"robots_max_snippet":null,"robots_max_videopreview":null,"robots_max_imagepreview":"large","priority":null,"frequency":"default","local_seo":null,"seo_analyzer_scan_date":"2025-09-13 07:58:50","breadcrumb_settings":null,"limit_modified_date":false,"open_ai":null,"ai":null,"created":"2020-12-21 10:42:02","updated":"2025-09-13 07:58:50"},"aioseo_breadcrumb":"<div class=\"aioseo-breadcrumbs\"><span class=\"aioseo-breadcrumb\">\n\t<a href=\"https:\/\/www.eldigitaldeasturias.com\/noticias\" title=\"Home\">Home<\/a>\n<\/span><span class=\"aioseo-breadcrumb-separator\">\u2013<\/span><span class=\"aioseo-breadcrumb\">\n\t<a href=\"https:\/\/www.eldigitaldeasturias.com\/noticias\/category\/actualidad-asturias\/\" title=\"Actualidad Asturias\">Actualidad Asturias<\/a>\n<\/span><span class=\"aioseo-breadcrumb-separator\">\u2013<\/span><span class=\"aioseo-breadcrumb\">\n\t<a href=\"https:\/\/www.eldigitaldeasturias.com\/noticias\/nuevos-casos-de-coronavirus-en-asturias\/\" title=\"Nuevos casos de coronavirus en Asturias\">Nuevos casos de coronavirus en Asturias<\/a>\n<\/span><\/div>","aioseo_breadcrumb_json":[{"label":"Home","link":"https:\/\/www.eldigitaldeasturias.com\/noticias"},{"label":"Actualidad Asturias","link":"https:\/\/www.eldigitaldeasturias.com\/noticias\/category\/actualidad-asturias\/"},{"label":"Nuevos casos de coronavirus en Asturias","link":"https:\/\/www.eldigitaldeasturias.com\/noticias\/nuevos-casos-de-coronavirus-en-asturias\/"}],"_links":{"self":[{"href":"https:\/\/www.eldigitaldeasturias.com\/noticias\/wp-json\/wp\/v2\/posts\/1073071","targetHints":{"allow":["GET"]}}],"collection":[{"href":"https:\/\/www.eldigitaldeasturias.com\/noticias\/wp-json\/wp\/v2\/posts"}],"about":[{"href":"https:\/\/www.eldigitaldeasturias.com\/noticias\/wp-json\/wp\/v2\/types\/post"}],"author":[{"embeddable":true,"href":"https:\/\/www.eldigitaldeasturias.com\/noticias\/wp-json\/wp\/v2\/users\/1"}],"replies":[{"embeddable":true,"href":"https:\/\/www.eldigitaldeasturias.com\/noticias\/wp-json\/wp\/v2\/comments?post=1073071"}],"version-history":[{"count":0,"href":"https:\/\/www.eldigitaldeasturias.com\/noticias\/wp-json\/wp\/v2\/posts\/1073071\/revisions"}],"wp:featuredmedia":[{"embeddable":true,"href":"https:\/\/www.eldigitaldeasturias.com\/noticias\/wp-json\/wp\/v2\/media\/1072523"}],"wp:attachment":[{"href":"https:\/\/www.eldigitaldeasturias.com\/noticias\/wp-json\/wp\/v2\/media?parent=1073071"}],"wp:term":[{"taxonomy":"category","embeddable":true,"href":"https:\/\/www.eldigitaldeasturias.com\/noticias\/wp-json\/wp\/v2\/categories?post=1073071"},{"taxonomy":"post_tag","embeddable":true,"href":"https:\/\/www.eldigitaldeasturias.com\/noticias\/wp-json\/wp\/v2\/tags?post=1073071"}],"curies":[{"name":"wp","href":"https:\/\/api.w.org\/{rel}","templated":true}]}}