{"id":1073025,"date":"2020-08-15T01:14:30","date_gmt":"2020-08-15T01:14:30","guid":{"rendered":"https:\/\/www.eldigitaldeasturias.com\/noticias\/?p=1073025"},"modified":"2020-08-15T01:14:30","modified_gmt":"2020-08-15T01:14:30","slug":"la-muerte-de-migrantes-no-cesa-pese-a-la-pandemia","status":"publish","type":"post","link":"https:\/\/www.eldigitaldeasturias.com\/noticias\/la-muerte-de-migrantes-no-cesa-pese-a-la-pandemia\/","title":{"rendered":"La muerte de migrantes no cesa pese a la pandemia"},"content":{"rendered":"<figure id=\"attachment_1073026\" aria-describedby=\"caption-attachment-1073026\" style=\"width: 360px\" class=\"wp-caption alignleft\"><img loading=\"lazy\" decoding=\"async\" class=\"size-medium wp-image-1073026\" src=\"https:\/\/www.eldigitaldeasturias.com\/noticias\/wp-content\/uploads\/2020\/08\/inmigrantes-360x243.jpg\" alt=\"\" width=\"360\" height=\"243\" srcset=\"https:\/\/www.eldigitaldeasturias.com\/noticias\/wp-content\/uploads\/2020\/08\/inmigrantes-360x243.jpg 360w, https:\/\/www.eldigitaldeasturias.com\/noticias\/wp-content\/uploads\/2020\/08\/inmigrantes-690x465.jpg 690w, https:\/\/www.eldigitaldeasturias.com\/noticias\/wp-content\/uploads\/2020\/08\/inmigrantes-445x300.jpg 445w, https:\/\/www.eldigitaldeasturias.com\/noticias\/wp-content\/uploads\/2020\/08\/inmigrantes-768x518.jpg 768w, https:\/\/www.eldigitaldeasturias.com\/noticias\/wp-content\/uploads\/2020\/08\/inmigrantes-696x469.jpg 696w, https:\/\/www.eldigitaldeasturias.com\/noticias\/wp-content\/uploads\/2020\/08\/inmigrantes-623x420.jpg 623w, https:\/\/www.eldigitaldeasturias.com\/noticias\/wp-content\/uploads\/2020\/08\/inmigrantes.jpg 1004w\" sizes=\"auto, (max-width: 360px) 100vw, 360px\" \/><figcaption id=\"caption-attachment-1073026\" class=\"wp-caption-text\">FOTO: OIM\/ ALEXANDER BEE \/ Europa Press<\/figcaption><\/figure>\n<p>(Europa Press) &#8211;\u00a0Las restricciones de movimientos adoptadas a nivel global por la pandemia de coronavirus no han impedido que miles de personas sigan intentando emigrar en todo el mundo, hasta el punto de que la Organizaci\u00f3n Internacional para las Migraciones (OIM) estima que m\u00e1s de 1.200 migrantes han perdido la vida en el primer semestre, 678 de ellos desde principios de marzo.<\/p>\n<p>La agencia de la ONU ha advertido en un informe publicado eL viernes de que la cifra de fallecidos y desaparecidos es solo una estimaci\u00f3n, ya que no incluyen por ejemplo, las \u00abmuchas m\u00e1s\u00bb muertes que corresponder\u00edan a casos de trabajadores migrantes v\u00edctimas de la COVID-19.<\/p>\n<p>Otro de los obst\u00e1culos para la adecuada recogida de datos son los \u00abnaufragios invisibles\u00bb, como la OIM denomina a los hundimientos de embarcaciones en las que puede no saberse incluso cu\u00e1ntas personas viajaban a bordo. Durante la primera mitad de 2020, m\u00e1s de 800 personas han perdido la vida v\u00edctimas de naufragios como el ocurrido en febrrero junto a Libia y que se habr\u00eda saldado con m\u00e1s de 90 muertos.<\/p>\n<p>\u00abLa falta de atenci\u00f3n en cuestiones relativas a las migraciones supone que el verdadero n\u00famero de fallecidos sea probablemente mucho mayor\u00bb, ha reconocido el director del centro de an\u00e1lisis de datos, Frank Laczko, en un comunicado. As\u00ed, sostiene que es complicado conocer el \u00abverdadero impacto\u00bb de la pandemia en este colectivo.<\/p>\n<p>Enero, con 278 muertos o desaparecidos, ha sido el mes con m\u00e1s v\u00edctimas del primer semestre, por delante de fenrero (269). La cifra se redujo en marzo (196), ya con el inicio de los primeros l\u00edmites generalizados a los movimientos y sigui\u00f3 bajando en abril (164) y mayo (91), para subir de nuevo en junio (227).<\/p>\n<p>La OIM considera que los l\u00edmites impuestos para frenar la expansion del virus, incluido el cierre de fronteras, ha complicado los riesgos de las migraciones y dejado sin ayuda a migrantes que han quedado en tierra de nadie. Para este colectivo tambi\u00e9n es complicado guardar la distancia social o acceder a las medidas de higiene b\u00e1sicas para prevenir contagios.<\/p>\n","protected":false},"excerpt":{"rendered":"<p>(Europa Press) &#8211;\u00a0Las restricciones de movimientos adoptadas a nivel global por la pandemia de coronavirus no han impedido que miles de personas sigan intentando emigrar en todo el mundo, hasta el punto de que la Organizaci\u00f3n Internacional para las Migraciones (OIM) estima que m\u00e1s de 1.200 migrantes han perdido la vida en el primer semestre, [&hellip;]<\/p>\n","protected":false},"author":1,"featured_media":1073026,"comment_status":"closed","ping_status":"closed","sticky":false,"template":"","format":"standard","meta":{"footnotes":""},"categories":[1,141],"tags":[],"class_list":["post-1073025","post","type-post","status-publish","format-standard","has-post-thumbnail","hentry","category-actualidad","category-destacadas"],"aioseo_notices":[],"aioseo_head":"\n\t\t<!-- All in One SEO Pro 4.9.6.2 - aioseo.com -->\n\t<meta name=\"description\" content=\"(Europa Press) - Las restricciones de movimientos adoptadas a nivel global por la pandemia de coronavirus no han impedido que miles de personas sigan intentando emigrar en todo el mundo, hasta el punto de que la Organizaci\u00f3n Internacional para las Migraciones (OIM) estima que m\u00e1s de 1.200 migrantes han perdido la vida en el primer semestre,\" \/>\n\t<meta name=\"robots\" content=\"max-image-preview:large\" \/>\n\t<meta name=\"author\" content=\"El Digital de Asturias\"\/>\n\t<meta name=\"google-site-verification\" content=\"UA-38556648-1\" \/>\n\t<meta name=\"msvalidate.01\" content=\"7dfe9f3f1b24437ab69f4f2559babe99\" \/>\n\t<meta name=\"keywords\" content=\"actualidad,destacadas\" \/>\n\t<link rel=\"canonical\" href=\"https:\/\/www.eldigitaldeasturias.com\/noticias\/la-muerte-de-migrantes-no-cesa-pese-a-la-pandemia\/\" \/>\n\t<meta name=\"generator\" content=\"All in One SEO Pro (AIOSEO) 4.9.6.2\" \/>\n\t\t<meta property=\"og:locale\" content=\"es_ES\" \/>\n\t\t<meta property=\"og:site_name\" content=\"El Digital de Asturias\" \/>\n\t\t<meta property=\"og:type\" content=\"article\" \/>\n\t\t<meta property=\"og:title\" content=\"La muerte de migrantes no cesa pese a la pandemia - El Digital de Asturias\" \/>\n\t\t<meta property=\"og:description\" content=\"(Europa Press) - Las restricciones de movimientos adoptadas a nivel global por la pandemia de coronavirus no han impedido que miles de personas sigan intentando emigrar en todo el mundo, hasta el punto de que la Organizaci\u00f3n Internacional para las Migraciones (OIM) estima que m\u00e1s de 1.200 migrantes han perdido la vida en el primer semestre,\" \/>\n\t\t<meta property=\"og:url\" content=\"https:\/\/www.eldigitaldeasturias.com\/noticias\/la-muerte-de-migrantes-no-cesa-pese-a-la-pandemia\/\" \/>\n\t\t<meta property=\"og:image\" content=\"https:\/\/www.eldigitaldeasturias.com\/noticias\/wp-content\/uploads\/2020\/08\/inmigrantes.jpg\" \/>\n\t\t<meta property=\"og:image:secure_url\" content=\"https:\/\/www.eldigitaldeasturias.com\/noticias\/wp-content\/uploads\/2020\/08\/inmigrantes.jpg\" \/>\n\t\t<meta property=\"og:image:width\" content=\"1004\" \/>\n\t\t<meta property=\"og:image:height\" content=\"677\" \/>\n\t\t<meta property=\"article:tag\" content=\"actualidad\" \/>\n\t\t<meta property=\"article:tag\" content=\"destacadas\" \/>\n\t\t<meta property=\"article:published_time\" content=\"2020-08-15T01:14:30+00:00\" \/>\n\t\t<meta property=\"article:modified_time\" content=\"2020-08-15T01:14:30+00:00\" \/>\n\t\t<meta property=\"article:publisher\" content=\"https:\/\/facebook.com\/eldigitaldeasturias\" \/>\n\t\t<meta name=\"twitter:card\" content=\"summary_large_image\" \/>\n\t\t<meta name=\"twitter:title\" content=\"La muerte de migrantes no cesa pese a la pandemia - El Digital de Asturias\" \/>\n\t\t<meta name=\"twitter:description\" content=\"(Europa Press) - Las restricciones de movimientos adoptadas a nivel global por la pandemia de coronavirus no han impedido que miles de personas sigan intentando emigrar en todo el mundo, hasta el punto de que la Organizaci\u00f3n Internacional para las Migraciones (OIM) estima que m\u00e1s de 1.200 migrantes han perdido la vida en el primer semestre,\" \/>\n\t\t<meta name=\"twitter:image\" content=\"https:\/\/www.eldigitaldeasturias.com\/noticias\/wp-content\/uploads\/2020\/08\/inmigrantes.jpg\" \/>\n\t\t<meta name=\"twitter:label1\" content=\"Escrito por\" \/>\n\t\t<meta name=\"twitter:data1\" content=\"El Digital de Asturias\" \/>\n\t\t<meta name=\"twitter:label2\" content=\"Tiempo de lectura estimado\" \/>\n\t\t<meta name=\"twitter:data2\" content=\"2 minutos\" \/>\n\t\t<script type=\"application\/ld+json\" class=\"aioseo-schema\">\n\t\t\t{\"@context\":\"https:\\\/\\\/schema.org\",\"@graph\":[{\"@type\":\"BlogPosting\",\"@id\":\"https:\\\/\\\/www.eldigitaldeasturias.com\\\/noticias\\\/la-muerte-de-migrantes-no-cesa-pese-a-la-pandemia\\\/#blogposting\",\"name\":\"La muerte de migrantes no cesa pese a la pandemia - El Digital de Asturias\",\"headline\":\"La muerte de migrantes no cesa pese a la pandemia\",\"author\":{\"@id\":\"https:\\\/\\\/www.eldigitaldeasturias.com\\\/noticias\\\/author\\\/admin\\\/#author\"},\"publisher\":{\"@id\":\"https:\\\/\\\/www.eldigitaldeasturias.com\\\/noticias\\\/#organization\"},\"image\":{\"@type\":\"ImageObject\",\"url\":\"https:\\\/\\\/www.eldigitaldeasturias.com\\\/noticias\\\/wp-content\\\/uploads\\\/2020\\\/08\\\/inmigrantes.jpg\",\"width\":1004,\"height\":677,\"caption\":\"FOTO: OIM\\\/ ALEXANDER BEE \\\/ Europa Press\"},\"datePublished\":\"2020-08-15T01:14:30+02:00\",\"dateModified\":\"2020-08-15T01:14:30+02:00\",\"inLanguage\":\"es-ES\",\"mainEntityOfPage\":{\"@id\":\"https:\\\/\\\/www.eldigitaldeasturias.com\\\/noticias\\\/la-muerte-de-migrantes-no-cesa-pese-a-la-pandemia\\\/#webpage\"},\"isPartOf\":{\"@id\":\"https:\\\/\\\/www.eldigitaldeasturias.com\\\/noticias\\\/la-muerte-de-migrantes-no-cesa-pese-a-la-pandemia\\\/#webpage\"},\"articleSection\":\"Actualidad, Destacadas\"},{\"@type\":\"BreadcrumbList\",\"@id\":\"https:\\\/\\\/www.eldigitaldeasturias.com\\\/noticias\\\/la-muerte-de-migrantes-no-cesa-pese-a-la-pandemia\\\/#breadcrumblist\",\"itemListElement\":[{\"@type\":\"ListItem\",\"@id\":\"https:\\\/\\\/www.eldigitaldeasturias.com\\\/noticias#listItem\",\"position\":1,\"name\":\"Home\",\"item\":\"https:\\\/\\\/www.eldigitaldeasturias.com\\\/noticias\",\"nextItem\":{\"@type\":\"ListItem\",\"@id\":\"https:\\\/\\\/www.eldigitaldeasturias.com\\\/noticias\\\/category\\\/actualidad\\\/#listItem\",\"name\":\"Actualidad\"}},{\"@type\":\"ListItem\",\"@id\":\"https:\\\/\\\/www.eldigitaldeasturias.com\\\/noticias\\\/category\\\/actualidad\\\/#listItem\",\"position\":2,\"name\":\"Actualidad\",\"item\":\"https:\\\/\\\/www.eldigitaldeasturias.com\\\/noticias\\\/category\\\/actualidad\\\/\",\"nextItem\":{\"@type\":\"ListItem\",\"@id\":\"https:\\\/\\\/www.eldigitaldeasturias.com\\\/noticias\\\/la-muerte-de-migrantes-no-cesa-pese-a-la-pandemia\\\/#listItem\",\"name\":\"La muerte de migrantes no cesa pese a la pandemia\"},\"previousItem\":{\"@type\":\"ListItem\",\"@id\":\"https:\\\/\\\/www.eldigitaldeasturias.com\\\/noticias#listItem\",\"name\":\"Home\"}},{\"@type\":\"ListItem\",\"@id\":\"https:\\\/\\\/www.eldigitaldeasturias.com\\\/noticias\\\/la-muerte-de-migrantes-no-cesa-pese-a-la-pandemia\\\/#listItem\",\"position\":3,\"name\":\"La muerte de migrantes no cesa pese a la pandemia\",\"previousItem\":{\"@type\":\"ListItem\",\"@id\":\"https:\\\/\\\/www.eldigitaldeasturias.com\\\/noticias\\\/category\\\/actualidad\\\/#listItem\",\"name\":\"Actualidad\"}}]},{\"@type\":\"Organization\",\"@id\":\"https:\\\/\\\/www.eldigitaldeasturias.com\\\/noticias\\\/#organization\",\"name\":\"El Digital de Asturias\",\"description\":\"Hemeroteca\",\"url\":\"https:\\\/\\\/www.eldigitaldeasturias.com\\\/noticias\\\/\",\"email\":\"info@eldigitaldeasturias.com\",\"telephone\":\"+34652131393\",\"logo\":{\"@type\":\"ImageObject\",\"url\":\"https:\\\/\\\/www.eldigitaldeasturias.com\\\/noticias\\\/wp-content\\\/uploads\\\/2020\\\/12\\\/EDA.jpg\",\"@id\":\"https:\\\/\\\/www.eldigitaldeasturias.com\\\/noticias\\\/la-muerte-de-migrantes-no-cesa-pese-a-la-pandemia\\\/#organizationLogo\",\"width\":649,\"height\":297},\"image\":{\"@id\":\"https:\\\/\\\/www.eldigitaldeasturias.com\\\/noticias\\\/la-muerte-de-migrantes-no-cesa-pese-a-la-pandemia\\\/#organizationLogo\"},\"sameAs\":[\"https:\\\/\\\/facebook.com\\\/eldigitaldeasturias\",\"https:\\\/\\\/www.youtube.com\\\/channel\\\/UCZP-2wLEB9Rv6erhFmqVnvg\"],\"address\":{\"@id\":\"https:\\\/\\\/www.eldigitaldeasturias.com\\\/noticias\\\/#postaladdress\",\"@type\":\"PostalAddress\",\"streetAddress\":\"san antonio 4,\",\"postalCode\":\"33430\",\"addressLocality\":\"Cand\\u00e1s\",\"addressRegion\":\"Asturias\",\"addressCountry\":\"ES\"}},{\"@type\":\"Person\",\"@id\":\"https:\\\/\\\/www.eldigitaldeasturias.com\\\/noticias\\\/author\\\/admin\\\/#author\",\"url\":\"https:\\\/\\\/www.eldigitaldeasturias.com\\\/noticias\\\/author\\\/admin\\\/\",\"name\":\"El Digital de Asturias\",\"image\":{\"@type\":\"ImageObject\",\"@id\":\"https:\\\/\\\/www.eldigitaldeasturias.com\\\/noticias\\\/la-muerte-de-migrantes-no-cesa-pese-a-la-pandemia\\\/#authorImage\",\"url\":\"https:\\\/\\\/www.eldigitaldeasturias.com\\\/noticias\\\/wp-content\\\/litespeed\\\/avatar\\\/18677e78aa0546b92d9dbf31ec7d7668.jpg?ver=1776685526\",\"width\":96,\"height\":96,\"caption\":\"El Digital de Asturias\"}},{\"@type\":\"WebPage\",\"@id\":\"https:\\\/\\\/www.eldigitaldeasturias.com\\\/noticias\\\/la-muerte-de-migrantes-no-cesa-pese-a-la-pandemia\\\/#webpage\",\"url\":\"https:\\\/\\\/www.eldigitaldeasturias.com\\\/noticias\\\/la-muerte-de-migrantes-no-cesa-pese-a-la-pandemia\\\/\",\"name\":\"La muerte de migrantes no cesa pese a la pandemia - El Digital de Asturias\",\"description\":\"(Europa Press) - Las restricciones de movimientos adoptadas a nivel global por la pandemia de coronavirus no han impedido que miles de personas sigan intentando emigrar en todo el mundo, hasta el punto de que la Organizaci\\u00f3n Internacional para las Migraciones (OIM) estima que m\\u00e1s de 1.200 migrantes han perdido la vida en el primer semestre,\",\"inLanguage\":\"es-ES\",\"isPartOf\":{\"@id\":\"https:\\\/\\\/www.eldigitaldeasturias.com\\\/noticias\\\/#website\"},\"breadcrumb\":{\"@id\":\"https:\\\/\\\/www.eldigitaldeasturias.com\\\/noticias\\\/la-muerte-de-migrantes-no-cesa-pese-a-la-pandemia\\\/#breadcrumblist\"},\"author\":{\"@id\":\"https:\\\/\\\/www.eldigitaldeasturias.com\\\/noticias\\\/author\\\/admin\\\/#author\"},\"creator\":{\"@id\":\"https:\\\/\\\/www.eldigitaldeasturias.com\\\/noticias\\\/author\\\/admin\\\/#author\"},\"image\":{\"@type\":\"ImageObject\",\"url\":\"https:\\\/\\\/www.eldigitaldeasturias.com\\\/noticias\\\/wp-content\\\/uploads\\\/2020\\\/08\\\/inmigrantes.jpg\",\"@id\":\"https:\\\/\\\/www.eldigitaldeasturias.com\\\/noticias\\\/la-muerte-de-migrantes-no-cesa-pese-a-la-pandemia\\\/#mainImage\",\"width\":1004,\"height\":677,\"caption\":\"FOTO: OIM\\\/ ALEXANDER BEE \\\/ Europa Press\"},\"primaryImageOfPage\":{\"@id\":\"https:\\\/\\\/www.eldigitaldeasturias.com\\\/noticias\\\/la-muerte-de-migrantes-no-cesa-pese-a-la-pandemia\\\/#mainImage\"},\"datePublished\":\"2020-08-15T01:14:30+02:00\",\"dateModified\":\"2020-08-15T01:14:30+02:00\"},{\"@type\":\"WebSite\",\"@id\":\"https:\\\/\\\/www.eldigitaldeasturias.com\\\/noticias\\\/#website\",\"url\":\"https:\\\/\\\/www.eldigitaldeasturias.com\\\/noticias\\\/\",\"name\":\"El Digital de Asturias - Diario de actualidad y noticias\",\"alternateName\":\"El Digital de Asturias - Diario de actualidad y noticias\",\"description\":\"Hemeroteca\",\"inLanguage\":\"es-ES\",\"publisher\":{\"@id\":\"https:\\\/\\\/www.eldigitaldeasturias.com\\\/noticias\\\/#organization\"}}]}\n\t\t<\/script>\n\t\t<!-- All in One SEO Pro -->\r\n\t\t<title>La muerte de migrantes no cesa pese a la pandemia - El Digital de Asturias<\/title>\n\n","aioseo_head_json":{"title":"La muerte de migrantes no cesa pese a la pandemia - El Digital de Asturias","description":"(Europa Press) - Las restricciones de movimientos adoptadas a nivel global por la pandemia de coronavirus no han impedido que miles de personas sigan intentando emigrar en todo el mundo, hasta el punto de que la Organizaci\u00f3n Internacional para las Migraciones (OIM) estima que m\u00e1s de 1.200 migrantes han perdido la vida en el primer semestre,","canonical_url":"https:\/\/www.eldigitaldeasturias.com\/noticias\/la-muerte-de-migrantes-no-cesa-pese-a-la-pandemia\/","robots":"max-image-preview:large","keywords":"actualidad,destacadas","webmasterTools":{"google-site-verification":"UA-38556648-1","msvalidate.01":"7dfe9f3f1b24437ab69f4f2559babe99","miscellaneous":""},"schema":{"@context":"https:\/\/schema.org","@graph":[{"@type":"BlogPosting","@id":"https:\/\/www.eldigitaldeasturias.com\/noticias\/la-muerte-de-migrantes-no-cesa-pese-a-la-pandemia\/#blogposting","name":"La muerte de migrantes no cesa pese a la pandemia - El Digital de Asturias","headline":"La muerte de migrantes no cesa pese a la pandemia","author":{"@id":"https:\/\/www.eldigitaldeasturias.com\/noticias\/author\/admin\/#author"},"publisher":{"@id":"https:\/\/www.eldigitaldeasturias.com\/noticias\/#organization"},"image":{"@type":"ImageObject","url":"https:\/\/www.eldigitaldeasturias.com\/noticias\/wp-content\/uploads\/2020\/08\/inmigrantes.jpg","width":1004,"height":677,"caption":"FOTO: OIM\/ ALEXANDER BEE \/ Europa Press"},"datePublished":"2020-08-15T01:14:30+02:00","dateModified":"2020-08-15T01:14:30+02:00","inLanguage":"es-ES","mainEntityOfPage":{"@id":"https:\/\/www.eldigitaldeasturias.com\/noticias\/la-muerte-de-migrantes-no-cesa-pese-a-la-pandemia\/#webpage"},"isPartOf":{"@id":"https:\/\/www.eldigitaldeasturias.com\/noticias\/la-muerte-de-migrantes-no-cesa-pese-a-la-pandemia\/#webpage"},"articleSection":"Actualidad, Destacadas"},{"@type":"BreadcrumbList","@id":"https:\/\/www.eldigitaldeasturias.com\/noticias\/la-muerte-de-migrantes-no-cesa-pese-a-la-pandemia\/#breadcrumblist","itemListElement":[{"@type":"ListItem","@id":"https:\/\/www.eldigitaldeasturias.com\/noticias#listItem","position":1,"name":"Home","item":"https:\/\/www.eldigitaldeasturias.com\/noticias","nextItem":{"@type":"ListItem","@id":"https:\/\/www.eldigitaldeasturias.com\/noticias\/category\/actualidad\/#listItem","name":"Actualidad"}},{"@type":"ListItem","@id":"https:\/\/www.eldigitaldeasturias.com\/noticias\/category\/actualidad\/#listItem","position":2,"name":"Actualidad","item":"https:\/\/www.eldigitaldeasturias.com\/noticias\/category\/actualidad\/","nextItem":{"@type":"ListItem","@id":"https:\/\/www.eldigitaldeasturias.com\/noticias\/la-muerte-de-migrantes-no-cesa-pese-a-la-pandemia\/#listItem","name":"La muerte de migrantes no cesa pese a la pandemia"},"previousItem":{"@type":"ListItem","@id":"https:\/\/www.eldigitaldeasturias.com\/noticias#listItem","name":"Home"}},{"@type":"ListItem","@id":"https:\/\/www.eldigitaldeasturias.com\/noticias\/la-muerte-de-migrantes-no-cesa-pese-a-la-pandemia\/#listItem","position":3,"name":"La muerte de migrantes no cesa pese a la pandemia","previousItem":{"@type":"ListItem","@id":"https:\/\/www.eldigitaldeasturias.com\/noticias\/category\/actualidad\/#listItem","name":"Actualidad"}}]},{"@type":"Organization","@id":"https:\/\/www.eldigitaldeasturias.com\/noticias\/#organization","name":"El Digital de Asturias","description":"Hemeroteca","url":"https:\/\/www.eldigitaldeasturias.com\/noticias\/","email":"info@eldigitaldeasturias.com","telephone":"+34652131393","logo":{"@type":"ImageObject","url":"https:\/\/www.eldigitaldeasturias.com\/noticias\/wp-content\/uploads\/2020\/12\/EDA.jpg","@id":"https:\/\/www.eldigitaldeasturias.com\/noticias\/la-muerte-de-migrantes-no-cesa-pese-a-la-pandemia\/#organizationLogo","width":649,"height":297},"image":{"@id":"https:\/\/www.eldigitaldeasturias.com\/noticias\/la-muerte-de-migrantes-no-cesa-pese-a-la-pandemia\/#organizationLogo"},"sameAs":["https:\/\/facebook.com\/eldigitaldeasturias","https:\/\/www.youtube.com\/channel\/UCZP-2wLEB9Rv6erhFmqVnvg"],"address":{"@id":"https:\/\/www.eldigitaldeasturias.com\/noticias\/#postaladdress","@type":"PostalAddress","streetAddress":"san antonio 4,","postalCode":"33430","addressLocality":"Cand\u00e1s","addressRegion":"Asturias","addressCountry":"ES"}},{"@type":"Person","@id":"https:\/\/www.eldigitaldeasturias.com\/noticias\/author\/admin\/#author","url":"https:\/\/www.eldigitaldeasturias.com\/noticias\/author\/admin\/","name":"El Digital de Asturias","image":{"@type":"ImageObject","@id":"https:\/\/www.eldigitaldeasturias.com\/noticias\/la-muerte-de-migrantes-no-cesa-pese-a-la-pandemia\/#authorImage","url":"https:\/\/www.eldigitaldeasturias.com\/noticias\/wp-content\/litespeed\/avatar\/18677e78aa0546b92d9dbf31ec7d7668.jpg?ver=1776685526","width":96,"height":96,"caption":"El Digital de Asturias"}},{"@type":"WebPage","@id":"https:\/\/www.eldigitaldeasturias.com\/noticias\/la-muerte-de-migrantes-no-cesa-pese-a-la-pandemia\/#webpage","url":"https:\/\/www.eldigitaldeasturias.com\/noticias\/la-muerte-de-migrantes-no-cesa-pese-a-la-pandemia\/","name":"La muerte de migrantes no cesa pese a la pandemia - El Digital de Asturias","description":"(Europa Press) - Las restricciones de movimientos adoptadas a nivel global por la pandemia de coronavirus no han impedido que miles de personas sigan intentando emigrar en todo el mundo, hasta el punto de que la Organizaci\u00f3n Internacional para las Migraciones (OIM) estima que m\u00e1s de 1.200 migrantes han perdido la vida en el primer semestre,","inLanguage":"es-ES","isPartOf":{"@id":"https:\/\/www.eldigitaldeasturias.com\/noticias\/#website"},"breadcrumb":{"@id":"https:\/\/www.eldigitaldeasturias.com\/noticias\/la-muerte-de-migrantes-no-cesa-pese-a-la-pandemia\/#breadcrumblist"},"author":{"@id":"https:\/\/www.eldigitaldeasturias.com\/noticias\/author\/admin\/#author"},"creator":{"@id":"https:\/\/www.eldigitaldeasturias.com\/noticias\/author\/admin\/#author"},"image":{"@type":"ImageObject","url":"https:\/\/www.eldigitaldeasturias.com\/noticias\/wp-content\/uploads\/2020\/08\/inmigrantes.jpg","@id":"https:\/\/www.eldigitaldeasturias.com\/noticias\/la-muerte-de-migrantes-no-cesa-pese-a-la-pandemia\/#mainImage","width":1004,"height":677,"caption":"FOTO: OIM\/ ALEXANDER BEE \/ Europa Press"},"primaryImageOfPage":{"@id":"https:\/\/www.eldigitaldeasturias.com\/noticias\/la-muerte-de-migrantes-no-cesa-pese-a-la-pandemia\/#mainImage"},"datePublished":"2020-08-15T01:14:30+02:00","dateModified":"2020-08-15T01:14:30+02:00"},{"@type":"WebSite","@id":"https:\/\/www.eldigitaldeasturias.com\/noticias\/#website","url":"https:\/\/www.eldigitaldeasturias.com\/noticias\/","name":"El Digital de Asturias - Diario de actualidad y noticias","alternateName":"El Digital de Asturias - Diario de actualidad y noticias","description":"Hemeroteca","inLanguage":"es-ES","publisher":{"@id":"https:\/\/www.eldigitaldeasturias.com\/noticias\/#organization"}}]},"og:locale":"es_ES","og:site_name":"El Digital de Asturias","og:type":"article","og:title":"La muerte de migrantes no cesa pese a la pandemia - El Digital de Asturias","og:description":"(Europa Press) - Las restricciones de movimientos adoptadas a nivel global por la pandemia de coronavirus no han impedido que miles de personas sigan intentando emigrar en todo el mundo, hasta el punto de que la Organizaci\u00f3n Internacional para las Migraciones (OIM) estima que m\u00e1s de 1.200 migrantes han perdido la vida en el primer semestre,","og:url":"https:\/\/www.eldigitaldeasturias.com\/noticias\/la-muerte-de-migrantes-no-cesa-pese-a-la-pandemia\/","og:image":"https:\/\/www.eldigitaldeasturias.com\/noticias\/wp-content\/uploads\/2020\/08\/inmigrantes.jpg","og:image:secure_url":"https:\/\/www.eldigitaldeasturias.com\/noticias\/wp-content\/uploads\/2020\/08\/inmigrantes.jpg","og:image:width":1004,"og:image:height":677,"article:tag":["actualidad","destacadas"],"article:published_time":"2020-08-15T01:14:30+00:00","article:modified_time":"2020-08-15T01:14:30+00:00","article:publisher":"https:\/\/facebook.com\/eldigitaldeasturias","twitter:card":"summary_large_image","twitter:title":"La muerte de migrantes no cesa pese a la pandemia - El Digital de Asturias","twitter:description":"(Europa Press) - Las restricciones de movimientos adoptadas a nivel global por la pandemia de coronavirus no han impedido que miles de personas sigan intentando emigrar en todo el mundo, hasta el punto de que la Organizaci\u00f3n Internacional para las Migraciones (OIM) estima que m\u00e1s de 1.200 migrantes han perdido la vida en el primer semestre,","twitter:image":"https:\/\/www.eldigitaldeasturias.com\/noticias\/wp-content\/uploads\/2020\/08\/inmigrantes.jpg","twitter:label1":"Escrito por","twitter:data1":"El Digital de Asturias","twitter:label2":"Tiempo de lectura estimado","twitter:data2":"2 minutos"},"aioseo_meta_data":{"post_id":"1073025","title":null,"description":"","keywords":"","keyphrases":null,"primary_term":null,"canonical_url":"","og_title":null,"og_description":null,"og_object_type":"default","og_image_type":"default","og_image_url":null,"og_image_width":null,"og_image_height":null,"og_image_custom_url":null,"og_image_custom_fields":null,"og_video":null,"og_custom_url":null,"og_article_section":null,"og_article_tags":null,"twitter_use_og":false,"twitter_card":"default","twitter_image_type":"default","twitter_image_url":null,"twitter_image_custom_url":null,"twitter_image_custom_fields":null,"twitter_title":null,"twitter_description":null,"schema":{"blockGraphs":[],"customGraphs":[],"default":{"data":{"Article":[],"Course":[],"Dataset":[],"FAQPage":[],"Movie":[],"Person":[],"Product":[],"ProductReview":[],"Car":[],"Recipe":[],"Service":[],"SoftwareApplication":[],"WebPage":[]},"graphName":"","isEnabled":true},"graphs":[],"defaultGraph":"","defaultPostTypeGraph":""},"schema_type":null,"schema_type_options":null,"pillar_content":false,"robots_default":true,"robots_noindex":false,"robots_noarchive":false,"robots_nosnippet":false,"robots_nofollow":false,"robots_noimageindex":false,"robots_noodp":false,"robots_notranslate":false,"robots_max_snippet":null,"robots_max_videopreview":null,"robots_max_imagepreview":"large","priority":null,"frequency":"default","local_seo":null,"seo_analyzer_scan_date":"2025-09-13 07:50:00","breadcrumb_settings":null,"limit_modified_date":false,"open_ai":null,"ai":null,"created":"2020-12-21 10:42:08","updated":"2025-09-13 07:50:00"},"aioseo_breadcrumb":"<div class=\"aioseo-breadcrumbs\"><span class=\"aioseo-breadcrumb\">\n\t<a href=\"https:\/\/www.eldigitaldeasturias.com\/noticias\" title=\"Home\">Home<\/a>\n<\/span><span class=\"aioseo-breadcrumb-separator\">\u2013<\/span><span class=\"aioseo-breadcrumb\">\n\t<a href=\"https:\/\/www.eldigitaldeasturias.com\/noticias\/category\/actualidad\/\" title=\"Actualidad\">Actualidad<\/a>\n<\/span><span class=\"aioseo-breadcrumb-separator\">\u2013<\/span><span class=\"aioseo-breadcrumb\">\n\t<a href=\"https:\/\/www.eldigitaldeasturias.com\/noticias\/la-muerte-de-migrantes-no-cesa-pese-a-la-pandemia\/\" title=\"La muerte de migrantes no cesa pese a la pandemia\">La muerte de migrantes no cesa pese a la pandemia<\/a>\n<\/span><\/div>","aioseo_breadcrumb_json":[{"label":"Home","link":"https:\/\/www.eldigitaldeasturias.com\/noticias"},{"label":"Actualidad","link":"https:\/\/www.eldigitaldeasturias.com\/noticias\/category\/actualidad\/"},{"label":"La muerte de migrantes no cesa pese a la pandemia","link":"https:\/\/www.eldigitaldeasturias.com\/noticias\/la-muerte-de-migrantes-no-cesa-pese-a-la-pandemia\/"}],"_links":{"self":[{"href":"https:\/\/www.eldigitaldeasturias.com\/noticias\/wp-json\/wp\/v2\/posts\/1073025","targetHints":{"allow":["GET"]}}],"collection":[{"href":"https:\/\/www.eldigitaldeasturias.com\/noticias\/wp-json\/wp\/v2\/posts"}],"about":[{"href":"https:\/\/www.eldigitaldeasturias.com\/noticias\/wp-json\/wp\/v2\/types\/post"}],"author":[{"embeddable":true,"href":"https:\/\/www.eldigitaldeasturias.com\/noticias\/wp-json\/wp\/v2\/users\/1"}],"replies":[{"embeddable":true,"href":"https:\/\/www.eldigitaldeasturias.com\/noticias\/wp-json\/wp\/v2\/comments?post=1073025"}],"version-history":[{"count":0,"href":"https:\/\/www.eldigitaldeasturias.com\/noticias\/wp-json\/wp\/v2\/posts\/1073025\/revisions"}],"wp:featuredmedia":[{"embeddable":true,"href":"https:\/\/www.eldigitaldeasturias.com\/noticias\/wp-json\/wp\/v2\/media\/1073026"}],"wp:attachment":[{"href":"https:\/\/www.eldigitaldeasturias.com\/noticias\/wp-json\/wp\/v2\/media?parent=1073025"}],"wp:term":[{"taxonomy":"category","embeddable":true,"href":"https:\/\/www.eldigitaldeasturias.com\/noticias\/wp-json\/wp\/v2\/categories?post=1073025"},{"taxonomy":"post_tag","embeddable":true,"href":"https:\/\/www.eldigitaldeasturias.com\/noticias\/wp-json\/wp\/v2\/tags?post=1073025"}],"curies":[{"name":"wp","href":"https:\/\/api.w.org\/{rel}","templated":true}]}}