{"id":1072495,"date":"2020-08-09T17:32:46","date_gmt":"2020-08-09T17:32:46","guid":{"rendered":"https:\/\/www.eldigitaldeasturias.com\/noticias\/?p=1072495"},"modified":"2020-08-09T17:32:46","modified_gmt":"2020-08-09T17:32:46","slug":"los-efectos-de-la-explosion-de-beirut","status":"publish","type":"post","link":"https:\/\/www.eldigitaldeasturias.com\/noticias\/los-efectos-de-la-explosion-de-beirut\/","title":{"rendered":"Los efectos de la explosi\u00f3n de Beirut"},"content":{"rendered":"<figure id=\"attachment_1072496\" aria-describedby=\"caption-attachment-1072496\" style=\"width: 360px\" class=\"wp-caption alignleft\"><img loading=\"lazy\" decoding=\"async\" class=\"size-medium wp-image-1072496\" src=\"https:\/\/www.eldigitaldeasturias.com\/noticias\/wp-content\/uploads\/2020\/08\/Unicef-360x222.jpg\" alt=\"\" width=\"360\" height=\"222\" srcset=\"https:\/\/www.eldigitaldeasturias.com\/noticias\/wp-content\/uploads\/2020\/08\/Unicef-360x222.jpg 360w, https:\/\/www.eldigitaldeasturias.com\/noticias\/wp-content\/uploads\/2020\/08\/Unicef-690x425.jpg 690w, https:\/\/www.eldigitaldeasturias.com\/noticias\/wp-content\/uploads\/2020\/08\/Unicef-480x296.jpg 480w, https:\/\/www.eldigitaldeasturias.com\/noticias\/wp-content\/uploads\/2020\/08\/Unicef-768x473.jpg 768w, https:\/\/www.eldigitaldeasturias.com\/noticias\/wp-content\/uploads\/2020\/08\/Unicef-696x429.jpg 696w, https:\/\/www.eldigitaldeasturias.com\/noticias\/wp-content\/uploads\/2020\/08\/Unicef-681x420.jpg 681w, https:\/\/www.eldigitaldeasturias.com\/noticias\/wp-content\/uploads\/2020\/08\/Unicef-356x220.jpg 356w, https:\/\/www.eldigitaldeasturias.com\/noticias\/wp-content\/uploads\/2020\/08\/Unicef.jpg 980w\" sizes=\"auto, (max-width: 360px) 100vw, 360px\" \/><figcaption id=\"caption-attachment-1072496\" class=\"wp-caption-text\">Foto: UNICEF \/ Europa Press<\/figcaption><\/figure>\n<p>(Europa Press) &#8211;\u00a0UNICEF calcula que unos 100.000 ni\u00f1os pueden haberse visto afectados por la situaci\u00f3n en que se encuentran sus viviendas, derruidas o semiderruidas, tras las explosiones registradas este martes en el puerto de Beirut, capital de L\u00edbano, y muchos de ellos est\u00e1n entre las v\u00edctimas mortales y heridos a causa de este suceso.<\/p>\n<p>\u00abLos ni\u00f1os de Beirut est\u00e1n sufriendo las dram\u00e1ticas consecuencias de la devastadora explosi\u00f3n en el puerto de la ciudad\u00bb, afirma en un v\u00eddeo la directora de Comunicaci\u00f3n y Alianzas Privadas de UNICEF L\u00edbano, Raquel Fern\u00e1ndez. Aunque ella no estaba f\u00edsicamente en Beirut en el momento de las explosiones, tiene su residencia y lugar de trabajo all\u00ed, y conoce de primera mano la situaci\u00f3n de los ni\u00f1os del L\u00edbano.<\/p>\n<p>A esto se a\u00f1ade, seg\u00fan Fern\u00e1ndez, la situaci\u00f3n del sistema de salud, de las escuelas y las necesidades de protecci\u00f3n, que tambi\u00e9n est\u00e1n teniendo impacto en los ni\u00f1os de Beirut despu\u00e9s de este suceso.<\/p>\n<p>Asimismo, seg\u00fan relata la directora de Comunicaci\u00f3n y Alianzas Privadas de UNICEF L\u00edbano, hospitales y centros de salud han sufrido \u00abgraves da\u00f1os\u00bb, as\u00ed como unas 120 escuelas, y se han perdido suministros de salud para la pandemia del COVID-19 que estaban almacenados en el puerto de Beirut.<\/p>\n<p>\u00abTambi\u00e9n hay ni\u00f1os que est\u00e1n separados de sus familias en medio del caos y est\u00e1n experimentando el trauma del horror vivido y de la situaci\u00f3n emocional en la que se encuentran en este momento\u00bb, agrega Fern\u00e1ndez, que advierte de que esto son \u00abunos pocos ejemplos de las situaciones que est\u00e1n atravesando los ni\u00f1os de Beirut despu\u00e9s de esta tragedia\u00bb.<\/p>\n<p>La explosi\u00f3n, adem\u00e1s, viene a empeorar la \u00abgrave crisis econ\u00f3mica que ya estaba padeciendo el L\u00edbano, unido a la pandemia del COVID-19\u00bb, alerta.<\/p>\n<p>Por todo ello, UNICEF est\u00e1 trabajando sobre el terreno desde el primer d\u00eda con autoridades locales, ONG y otros aliados, seg\u00fan cuenta Fern\u00e1ndez, que tambi\u00e9n destaca que la ONG ha estado ayudando al Ministerio de Salud liban\u00e9s a trasladar los medicamentos y vacunas que estaban en un almac\u00e9n en el puerto, que ha quedado destruido, a un almac\u00e9n m\u00e1s seguro.<\/p>\n<p>Igualmente, desde el Programa de Apoyo a la Juventud de la ONG, grupos de j\u00f3venes voluntarios est\u00e1n ayudando con la limpieza de calles y de viviendas, as\u00ed como cocinando y distribuyendo comida entre las familias afectadas. Y desde el programa de Protecci\u00f3n Infantil, la ONG est\u00e1 prestando apoyo psicosocial, junto con aliados, a los ni\u00f1os afectados.<\/p>\n<p>Tal y como resume Fern\u00e1ndez, las prioridades de UNICEF actualmente en Beirut son: la compra urgente de suministros de salud y kits de higiene y agua para familias afectadas; el apoyo al Programa de Juventud para las comidas y limpieza de calles y viviendas; la transferencia de efectivo para las familias m\u00e1s vulnerables; la reunificaci\u00f3n de los ni\u00f1os que est\u00e1n separados de sus familias; apoyo psicosocial; y apoyo para la rehabilitaci\u00f3n de escuelas y centros de salud.<\/p>\n<p>\u00abTodo esto son necesidades muy urgentes, inmediatas y muy graves\u00bb, asegura Fern\u00e1ndez, que pide fondos para la ONG: \u00abUNICEF necesita ayuda, necesita fondos, nuestras necesidades iniciales son de m\u00e1s de 8 millones de d\u00f3lares, agradecemos much\u00edsimo a todo aquel que pueda y quiera prestar su apoyo\u00bb.<\/p>\n","protected":false},"excerpt":{"rendered":"<p>(Europa Press) &#8211;\u00a0UNICEF calcula que unos 100.000 ni\u00f1os pueden haberse visto afectados por la situaci\u00f3n en que se encuentran sus viviendas, derruidas o semiderruidas, tras las explosiones registradas este martes en el puerto de Beirut, capital de L\u00edbano, y muchos de ellos est\u00e1n entre las v\u00edctimas mortales y heridos a causa de este suceso. \u00abLos [&hellip;]<\/p>\n","protected":false},"author":1,"featured_media":1072496,"comment_status":"closed","ping_status":"closed","sticky":false,"template":"","format":"standard","meta":{"footnotes":""},"categories":[1,141],"tags":[],"class_list":["post-1072495","post","type-post","status-publish","format-standard","has-post-thumbnail","hentry","category-actualidad","category-destacadas"],"aioseo_notices":[],"aioseo_head":"\n\t\t<!-- All in One SEO Pro 4.9.6.2 - aioseo.com -->\n\t<meta name=\"description\" content=\"(Europa Press) - UNICEF calcula que unos 100.000 ni\u00f1os pueden haberse visto afectados por la situaci\u00f3n en que se encuentran sus viviendas, derruidas o semiderruidas, tras las explosiones registradas este martes en el puerto de Beirut, capital de L\u00edbano, y muchos de ellos est\u00e1n entre las v\u00edctimas mortales y heridos a causa de este suceso. &quot;Los\" \/>\n\t<meta name=\"robots\" content=\"max-image-preview:large\" \/>\n\t<meta name=\"author\" content=\"El Digital de Asturias\"\/>\n\t<meta name=\"google-site-verification\" content=\"UA-38556648-1\" \/>\n\t<meta name=\"msvalidate.01\" content=\"7dfe9f3f1b24437ab69f4f2559babe99\" \/>\n\t<meta name=\"keywords\" content=\"actualidad,destacadas\" \/>\n\t<link rel=\"canonical\" href=\"https:\/\/www.eldigitaldeasturias.com\/noticias\/los-efectos-de-la-explosion-de-beirut\/\" \/>\n\t<meta name=\"generator\" content=\"All in One SEO Pro (AIOSEO) 4.9.6.2\" \/>\n\t\t<meta property=\"og:locale\" content=\"es_ES\" \/>\n\t\t<meta property=\"og:site_name\" content=\"El Digital de Asturias\" \/>\n\t\t<meta property=\"og:type\" content=\"article\" \/>\n\t\t<meta property=\"og:title\" content=\"Los efectos de la explosi\u00f3n de Beirut - El Digital de Asturias\" \/>\n\t\t<meta property=\"og:description\" content=\"(Europa Press) - UNICEF calcula que unos 100.000 ni\u00f1os pueden haberse visto afectados por la situaci\u00f3n en que se encuentran sus viviendas, derruidas o semiderruidas, tras las explosiones registradas este martes en el puerto de Beirut, capital de L\u00edbano, y muchos de ellos est\u00e1n entre las v\u00edctimas mortales y heridos a causa de este suceso. &quot;Los\" \/>\n\t\t<meta property=\"og:url\" content=\"https:\/\/www.eldigitaldeasturias.com\/noticias\/los-efectos-de-la-explosion-de-beirut\/\" \/>\n\t\t<meta property=\"og:image\" content=\"https:\/\/www.eldigitaldeasturias.com\/noticias\/wp-content\/uploads\/2020\/08\/Unicef.jpg\" \/>\n\t\t<meta property=\"og:image:secure_url\" content=\"https:\/\/www.eldigitaldeasturias.com\/noticias\/wp-content\/uploads\/2020\/08\/Unicef.jpg\" \/>\n\t\t<meta property=\"og:image:width\" content=\"980\" \/>\n\t\t<meta property=\"og:image:height\" content=\"604\" \/>\n\t\t<meta property=\"article:tag\" content=\"actualidad\" \/>\n\t\t<meta property=\"article:tag\" content=\"destacadas\" \/>\n\t\t<meta property=\"article:published_time\" content=\"2020-08-09T17:32:46+00:00\" \/>\n\t\t<meta property=\"article:modified_time\" content=\"2020-08-09T17:32:46+00:00\" \/>\n\t\t<meta property=\"article:publisher\" content=\"https:\/\/facebook.com\/eldigitaldeasturias\" \/>\n\t\t<meta name=\"twitter:card\" content=\"summary_large_image\" \/>\n\t\t<meta name=\"twitter:title\" content=\"Los efectos de la explosi\u00f3n de Beirut - El Digital de Asturias\" \/>\n\t\t<meta name=\"twitter:description\" content=\"(Europa Press) - UNICEF calcula que unos 100.000 ni\u00f1os pueden haberse visto afectados por la situaci\u00f3n en que se encuentran sus viviendas, derruidas o semiderruidas, tras las explosiones registradas este martes en el puerto de Beirut, capital de L\u00edbano, y muchos de ellos est\u00e1n entre las v\u00edctimas mortales y heridos a causa de este suceso. &quot;Los\" \/>\n\t\t<meta name=\"twitter:image\" content=\"https:\/\/www.eldigitaldeasturias.com\/noticias\/wp-content\/uploads\/2020\/08\/Unicef.jpg\" \/>\n\t\t<meta name=\"twitter:label1\" content=\"Escrito por\" \/>\n\t\t<meta name=\"twitter:data1\" content=\"El Digital de Asturias\" \/>\n\t\t<meta name=\"twitter:label2\" content=\"Tiempo de lectura estimado\" \/>\n\t\t<meta name=\"twitter:data2\" content=\"3 minutos\" \/>\n\t\t<script type=\"application\/ld+json\" class=\"aioseo-schema\">\n\t\t\t{\"@context\":\"https:\\\/\\\/schema.org\",\"@graph\":[{\"@type\":\"BlogPosting\",\"@id\":\"https:\\\/\\\/www.eldigitaldeasturias.com\\\/noticias\\\/los-efectos-de-la-explosion-de-beirut\\\/#blogposting\",\"name\":\"Los efectos de la explosi\\u00f3n de Beirut - El Digital de Asturias\",\"headline\":\"Los efectos de la explosi\\u00f3n de Beirut\",\"author\":{\"@id\":\"https:\\\/\\\/www.eldigitaldeasturias.com\\\/noticias\\\/author\\\/admin\\\/#author\"},\"publisher\":{\"@id\":\"https:\\\/\\\/www.eldigitaldeasturias.com\\\/noticias\\\/#organization\"},\"image\":{\"@type\":\"ImageObject\",\"url\":\"https:\\\/\\\/www.eldigitaldeasturias.com\\\/noticias\\\/wp-content\\\/uploads\\\/2020\\\/08\\\/Unicef.jpg\",\"width\":980,\"height\":604,\"caption\":\"Foto: UNICEF \\\/ Europa Press\"},\"datePublished\":\"2020-08-09T17:32:46+02:00\",\"dateModified\":\"2020-08-09T17:32:46+02:00\",\"inLanguage\":\"es-ES\",\"mainEntityOfPage\":{\"@id\":\"https:\\\/\\\/www.eldigitaldeasturias.com\\\/noticias\\\/los-efectos-de-la-explosion-de-beirut\\\/#webpage\"},\"isPartOf\":{\"@id\":\"https:\\\/\\\/www.eldigitaldeasturias.com\\\/noticias\\\/los-efectos-de-la-explosion-de-beirut\\\/#webpage\"},\"articleSection\":\"Actualidad, Destacadas\"},{\"@type\":\"BreadcrumbList\",\"@id\":\"https:\\\/\\\/www.eldigitaldeasturias.com\\\/noticias\\\/los-efectos-de-la-explosion-de-beirut\\\/#breadcrumblist\",\"itemListElement\":[{\"@type\":\"ListItem\",\"@id\":\"https:\\\/\\\/www.eldigitaldeasturias.com\\\/noticias#listItem\",\"position\":1,\"name\":\"Home\",\"item\":\"https:\\\/\\\/www.eldigitaldeasturias.com\\\/noticias\",\"nextItem\":{\"@type\":\"ListItem\",\"@id\":\"https:\\\/\\\/www.eldigitaldeasturias.com\\\/noticias\\\/category\\\/actualidad\\\/#listItem\",\"name\":\"Actualidad\"}},{\"@type\":\"ListItem\",\"@id\":\"https:\\\/\\\/www.eldigitaldeasturias.com\\\/noticias\\\/category\\\/actualidad\\\/#listItem\",\"position\":2,\"name\":\"Actualidad\",\"item\":\"https:\\\/\\\/www.eldigitaldeasturias.com\\\/noticias\\\/category\\\/actualidad\\\/\",\"nextItem\":{\"@type\":\"ListItem\",\"@id\":\"https:\\\/\\\/www.eldigitaldeasturias.com\\\/noticias\\\/los-efectos-de-la-explosion-de-beirut\\\/#listItem\",\"name\":\"Los efectos de la explosi\\u00f3n de Beirut\"},\"previousItem\":{\"@type\":\"ListItem\",\"@id\":\"https:\\\/\\\/www.eldigitaldeasturias.com\\\/noticias#listItem\",\"name\":\"Home\"}},{\"@type\":\"ListItem\",\"@id\":\"https:\\\/\\\/www.eldigitaldeasturias.com\\\/noticias\\\/los-efectos-de-la-explosion-de-beirut\\\/#listItem\",\"position\":3,\"name\":\"Los efectos de la explosi\\u00f3n de Beirut\",\"previousItem\":{\"@type\":\"ListItem\",\"@id\":\"https:\\\/\\\/www.eldigitaldeasturias.com\\\/noticias\\\/category\\\/actualidad\\\/#listItem\",\"name\":\"Actualidad\"}}]},{\"@type\":\"Organization\",\"@id\":\"https:\\\/\\\/www.eldigitaldeasturias.com\\\/noticias\\\/#organization\",\"name\":\"El Digital de Asturias\",\"description\":\"Hemeroteca\",\"url\":\"https:\\\/\\\/www.eldigitaldeasturias.com\\\/noticias\\\/\",\"email\":\"info@eldigitaldeasturias.com\",\"telephone\":\"+34652131393\",\"logo\":{\"@type\":\"ImageObject\",\"url\":\"https:\\\/\\\/www.eldigitaldeasturias.com\\\/noticias\\\/wp-content\\\/uploads\\\/2020\\\/12\\\/EDA.jpg\",\"@id\":\"https:\\\/\\\/www.eldigitaldeasturias.com\\\/noticias\\\/los-efectos-de-la-explosion-de-beirut\\\/#organizationLogo\",\"width\":649,\"height\":297},\"image\":{\"@id\":\"https:\\\/\\\/www.eldigitaldeasturias.com\\\/noticias\\\/los-efectos-de-la-explosion-de-beirut\\\/#organizationLogo\"},\"sameAs\":[\"https:\\\/\\\/facebook.com\\\/eldigitaldeasturias\",\"https:\\\/\\\/www.youtube.com\\\/channel\\\/UCZP-2wLEB9Rv6erhFmqVnvg\"],\"address\":{\"@id\":\"https:\\\/\\\/www.eldigitaldeasturias.com\\\/noticias\\\/#postaladdress\",\"@type\":\"PostalAddress\",\"streetAddress\":\"san antonio 4,\",\"postalCode\":\"33430\",\"addressLocality\":\"Cand\\u00e1s\",\"addressRegion\":\"Asturias\",\"addressCountry\":\"ES\"}},{\"@type\":\"Person\",\"@id\":\"https:\\\/\\\/www.eldigitaldeasturias.com\\\/noticias\\\/author\\\/admin\\\/#author\",\"url\":\"https:\\\/\\\/www.eldigitaldeasturias.com\\\/noticias\\\/author\\\/admin\\\/\",\"name\":\"El Digital de Asturias\",\"image\":{\"@type\":\"ImageObject\",\"@id\":\"https:\\\/\\\/www.eldigitaldeasturias.com\\\/noticias\\\/los-efectos-de-la-explosion-de-beirut\\\/#authorImage\",\"url\":\"https:\\\/\\\/www.eldigitaldeasturias.com\\\/noticias\\\/wp-content\\\/litespeed\\\/avatar\\\/18677e78aa0546b92d9dbf31ec7d7668.jpg?ver=1776685526\",\"width\":96,\"height\":96,\"caption\":\"El Digital de Asturias\"}},{\"@type\":\"WebPage\",\"@id\":\"https:\\\/\\\/www.eldigitaldeasturias.com\\\/noticias\\\/los-efectos-de-la-explosion-de-beirut\\\/#webpage\",\"url\":\"https:\\\/\\\/www.eldigitaldeasturias.com\\\/noticias\\\/los-efectos-de-la-explosion-de-beirut\\\/\",\"name\":\"Los efectos de la explosi\\u00f3n de Beirut - El Digital de Asturias\",\"description\":\"(Europa Press) - UNICEF calcula que unos 100.000 ni\\u00f1os pueden haberse visto afectados por la situaci\\u00f3n en que se encuentran sus viviendas, derruidas o semiderruidas, tras las explosiones registradas este martes en el puerto de Beirut, capital de L\\u00edbano, y muchos de ellos est\\u00e1n entre las v\\u00edctimas mortales y heridos a causa de este suceso. \\\"Los\",\"inLanguage\":\"es-ES\",\"isPartOf\":{\"@id\":\"https:\\\/\\\/www.eldigitaldeasturias.com\\\/noticias\\\/#website\"},\"breadcrumb\":{\"@id\":\"https:\\\/\\\/www.eldigitaldeasturias.com\\\/noticias\\\/los-efectos-de-la-explosion-de-beirut\\\/#breadcrumblist\"},\"author\":{\"@id\":\"https:\\\/\\\/www.eldigitaldeasturias.com\\\/noticias\\\/author\\\/admin\\\/#author\"},\"creator\":{\"@id\":\"https:\\\/\\\/www.eldigitaldeasturias.com\\\/noticias\\\/author\\\/admin\\\/#author\"},\"image\":{\"@type\":\"ImageObject\",\"url\":\"https:\\\/\\\/www.eldigitaldeasturias.com\\\/noticias\\\/wp-content\\\/uploads\\\/2020\\\/08\\\/Unicef.jpg\",\"@id\":\"https:\\\/\\\/www.eldigitaldeasturias.com\\\/noticias\\\/los-efectos-de-la-explosion-de-beirut\\\/#mainImage\",\"width\":980,\"height\":604,\"caption\":\"Foto: UNICEF \\\/ Europa Press\"},\"primaryImageOfPage\":{\"@id\":\"https:\\\/\\\/www.eldigitaldeasturias.com\\\/noticias\\\/los-efectos-de-la-explosion-de-beirut\\\/#mainImage\"},\"datePublished\":\"2020-08-09T17:32:46+02:00\",\"dateModified\":\"2020-08-09T17:32:46+02:00\"},{\"@type\":\"WebSite\",\"@id\":\"https:\\\/\\\/www.eldigitaldeasturias.com\\\/noticias\\\/#website\",\"url\":\"https:\\\/\\\/www.eldigitaldeasturias.com\\\/noticias\\\/\",\"name\":\"El Digital de Asturias - Diario de actualidad y noticias\",\"alternateName\":\"El Digital de Asturias - Diario de actualidad y noticias\",\"description\":\"Hemeroteca\",\"inLanguage\":\"es-ES\",\"publisher\":{\"@id\":\"https:\\\/\\\/www.eldigitaldeasturias.com\\\/noticias\\\/#organization\"}}]}\n\t\t<\/script>\n\t\t<!-- All in One SEO Pro -->\r\n\t\t<title>Los efectos de la explosi\u00f3n de Beirut - El Digital de Asturias<\/title>\n\n","aioseo_head_json":{"title":"Los efectos de la explosi\u00f3n de Beirut - El Digital de Asturias","description":"(Europa Press) - UNICEF calcula que unos 100.000 ni\u00f1os pueden haberse visto afectados por la situaci\u00f3n en que se encuentran sus viviendas, derruidas o semiderruidas, tras las explosiones registradas este martes en el puerto de Beirut, capital de L\u00edbano, y muchos de ellos est\u00e1n entre las v\u00edctimas mortales y heridos a causa de este suceso. \"Los","canonical_url":"https:\/\/www.eldigitaldeasturias.com\/noticias\/los-efectos-de-la-explosion-de-beirut\/","robots":"max-image-preview:large","keywords":"actualidad,destacadas","webmasterTools":{"google-site-verification":"UA-38556648-1","msvalidate.01":"7dfe9f3f1b24437ab69f4f2559babe99","miscellaneous":""},"schema":{"@context":"https:\/\/schema.org","@graph":[{"@type":"BlogPosting","@id":"https:\/\/www.eldigitaldeasturias.com\/noticias\/los-efectos-de-la-explosion-de-beirut\/#blogposting","name":"Los efectos de la explosi\u00f3n de Beirut - El Digital de Asturias","headline":"Los efectos de la explosi\u00f3n de Beirut","author":{"@id":"https:\/\/www.eldigitaldeasturias.com\/noticias\/author\/admin\/#author"},"publisher":{"@id":"https:\/\/www.eldigitaldeasturias.com\/noticias\/#organization"},"image":{"@type":"ImageObject","url":"https:\/\/www.eldigitaldeasturias.com\/noticias\/wp-content\/uploads\/2020\/08\/Unicef.jpg","width":980,"height":604,"caption":"Foto: UNICEF \/ Europa Press"},"datePublished":"2020-08-09T17:32:46+02:00","dateModified":"2020-08-09T17:32:46+02:00","inLanguage":"es-ES","mainEntityOfPage":{"@id":"https:\/\/www.eldigitaldeasturias.com\/noticias\/los-efectos-de-la-explosion-de-beirut\/#webpage"},"isPartOf":{"@id":"https:\/\/www.eldigitaldeasturias.com\/noticias\/los-efectos-de-la-explosion-de-beirut\/#webpage"},"articleSection":"Actualidad, Destacadas"},{"@type":"BreadcrumbList","@id":"https:\/\/www.eldigitaldeasturias.com\/noticias\/los-efectos-de-la-explosion-de-beirut\/#breadcrumblist","itemListElement":[{"@type":"ListItem","@id":"https:\/\/www.eldigitaldeasturias.com\/noticias#listItem","position":1,"name":"Home","item":"https:\/\/www.eldigitaldeasturias.com\/noticias","nextItem":{"@type":"ListItem","@id":"https:\/\/www.eldigitaldeasturias.com\/noticias\/category\/actualidad\/#listItem","name":"Actualidad"}},{"@type":"ListItem","@id":"https:\/\/www.eldigitaldeasturias.com\/noticias\/category\/actualidad\/#listItem","position":2,"name":"Actualidad","item":"https:\/\/www.eldigitaldeasturias.com\/noticias\/category\/actualidad\/","nextItem":{"@type":"ListItem","@id":"https:\/\/www.eldigitaldeasturias.com\/noticias\/los-efectos-de-la-explosion-de-beirut\/#listItem","name":"Los efectos de la explosi\u00f3n de Beirut"},"previousItem":{"@type":"ListItem","@id":"https:\/\/www.eldigitaldeasturias.com\/noticias#listItem","name":"Home"}},{"@type":"ListItem","@id":"https:\/\/www.eldigitaldeasturias.com\/noticias\/los-efectos-de-la-explosion-de-beirut\/#listItem","position":3,"name":"Los efectos de la explosi\u00f3n de Beirut","previousItem":{"@type":"ListItem","@id":"https:\/\/www.eldigitaldeasturias.com\/noticias\/category\/actualidad\/#listItem","name":"Actualidad"}}]},{"@type":"Organization","@id":"https:\/\/www.eldigitaldeasturias.com\/noticias\/#organization","name":"El Digital de Asturias","description":"Hemeroteca","url":"https:\/\/www.eldigitaldeasturias.com\/noticias\/","email":"info@eldigitaldeasturias.com","telephone":"+34652131393","logo":{"@type":"ImageObject","url":"https:\/\/www.eldigitaldeasturias.com\/noticias\/wp-content\/uploads\/2020\/12\/EDA.jpg","@id":"https:\/\/www.eldigitaldeasturias.com\/noticias\/los-efectos-de-la-explosion-de-beirut\/#organizationLogo","width":649,"height":297},"image":{"@id":"https:\/\/www.eldigitaldeasturias.com\/noticias\/los-efectos-de-la-explosion-de-beirut\/#organizationLogo"},"sameAs":["https:\/\/facebook.com\/eldigitaldeasturias","https:\/\/www.youtube.com\/channel\/UCZP-2wLEB9Rv6erhFmqVnvg"],"address":{"@id":"https:\/\/www.eldigitaldeasturias.com\/noticias\/#postaladdress","@type":"PostalAddress","streetAddress":"san antonio 4,","postalCode":"33430","addressLocality":"Cand\u00e1s","addressRegion":"Asturias","addressCountry":"ES"}},{"@type":"Person","@id":"https:\/\/www.eldigitaldeasturias.com\/noticias\/author\/admin\/#author","url":"https:\/\/www.eldigitaldeasturias.com\/noticias\/author\/admin\/","name":"El Digital de Asturias","image":{"@type":"ImageObject","@id":"https:\/\/www.eldigitaldeasturias.com\/noticias\/los-efectos-de-la-explosion-de-beirut\/#authorImage","url":"https:\/\/www.eldigitaldeasturias.com\/noticias\/wp-content\/litespeed\/avatar\/18677e78aa0546b92d9dbf31ec7d7668.jpg?ver=1776685526","width":96,"height":96,"caption":"El Digital de Asturias"}},{"@type":"WebPage","@id":"https:\/\/www.eldigitaldeasturias.com\/noticias\/los-efectos-de-la-explosion-de-beirut\/#webpage","url":"https:\/\/www.eldigitaldeasturias.com\/noticias\/los-efectos-de-la-explosion-de-beirut\/","name":"Los efectos de la explosi\u00f3n de Beirut - El Digital de Asturias","description":"(Europa Press) - UNICEF calcula que unos 100.000 ni\u00f1os pueden haberse visto afectados por la situaci\u00f3n en que se encuentran sus viviendas, derruidas o semiderruidas, tras las explosiones registradas este martes en el puerto de Beirut, capital de L\u00edbano, y muchos de ellos est\u00e1n entre las v\u00edctimas mortales y heridos a causa de este suceso. \"Los","inLanguage":"es-ES","isPartOf":{"@id":"https:\/\/www.eldigitaldeasturias.com\/noticias\/#website"},"breadcrumb":{"@id":"https:\/\/www.eldigitaldeasturias.com\/noticias\/los-efectos-de-la-explosion-de-beirut\/#breadcrumblist"},"author":{"@id":"https:\/\/www.eldigitaldeasturias.com\/noticias\/author\/admin\/#author"},"creator":{"@id":"https:\/\/www.eldigitaldeasturias.com\/noticias\/author\/admin\/#author"},"image":{"@type":"ImageObject","url":"https:\/\/www.eldigitaldeasturias.com\/noticias\/wp-content\/uploads\/2020\/08\/Unicef.jpg","@id":"https:\/\/www.eldigitaldeasturias.com\/noticias\/los-efectos-de-la-explosion-de-beirut\/#mainImage","width":980,"height":604,"caption":"Foto: UNICEF \/ Europa Press"},"primaryImageOfPage":{"@id":"https:\/\/www.eldigitaldeasturias.com\/noticias\/los-efectos-de-la-explosion-de-beirut\/#mainImage"},"datePublished":"2020-08-09T17:32:46+02:00","dateModified":"2020-08-09T17:32:46+02:00"},{"@type":"WebSite","@id":"https:\/\/www.eldigitaldeasturias.com\/noticias\/#website","url":"https:\/\/www.eldigitaldeasturias.com\/noticias\/","name":"El Digital de Asturias - Diario de actualidad y noticias","alternateName":"El Digital de Asturias - Diario de actualidad y noticias","description":"Hemeroteca","inLanguage":"es-ES","publisher":{"@id":"https:\/\/www.eldigitaldeasturias.com\/noticias\/#organization"}}]},"og:locale":"es_ES","og:site_name":"El Digital de Asturias","og:type":"article","og:title":"Los efectos de la explosi\u00f3n de Beirut - El Digital de Asturias","og:description":"(Europa Press) - UNICEF calcula que unos 100.000 ni\u00f1os pueden haberse visto afectados por la situaci\u00f3n en que se encuentran sus viviendas, derruidas o semiderruidas, tras las explosiones registradas este martes en el puerto de Beirut, capital de L\u00edbano, y muchos de ellos est\u00e1n entre las v\u00edctimas mortales y heridos a causa de este suceso. &quot;Los","og:url":"https:\/\/www.eldigitaldeasturias.com\/noticias\/los-efectos-de-la-explosion-de-beirut\/","og:image":"https:\/\/www.eldigitaldeasturias.com\/noticias\/wp-content\/uploads\/2020\/08\/Unicef.jpg","og:image:secure_url":"https:\/\/www.eldigitaldeasturias.com\/noticias\/wp-content\/uploads\/2020\/08\/Unicef.jpg","og:image:width":980,"og:image:height":604,"article:tag":["actualidad","destacadas"],"article:published_time":"2020-08-09T17:32:46+00:00","article:modified_time":"2020-08-09T17:32:46+00:00","article:publisher":"https:\/\/facebook.com\/eldigitaldeasturias","twitter:card":"summary_large_image","twitter:title":"Los efectos de la explosi\u00f3n de Beirut - El Digital de Asturias","twitter:description":"(Europa Press) - UNICEF calcula que unos 100.000 ni\u00f1os pueden haberse visto afectados por la situaci\u00f3n en que se encuentran sus viviendas, derruidas o semiderruidas, tras las explosiones registradas este martes en el puerto de Beirut, capital de L\u00edbano, y muchos de ellos est\u00e1n entre las v\u00edctimas mortales y heridos a causa de este suceso. &quot;Los","twitter:image":"https:\/\/www.eldigitaldeasturias.com\/noticias\/wp-content\/uploads\/2020\/08\/Unicef.jpg","twitter:label1":"Escrito por","twitter:data1":"El Digital de Asturias","twitter:label2":"Tiempo de lectura estimado","twitter:data2":"3 minutos"},"aioseo_meta_data":{"post_id":"1072495","title":null,"description":"","keywords":"","keyphrases":null,"primary_term":null,"canonical_url":"","og_title":null,"og_description":null,"og_object_type":"default","og_image_type":"default","og_image_url":null,"og_image_width":null,"og_image_height":null,"og_image_custom_url":null,"og_image_custom_fields":null,"og_video":null,"og_custom_url":null,"og_article_section":null,"og_article_tags":null,"twitter_use_og":false,"twitter_card":"default","twitter_image_type":"default","twitter_image_url":null,"twitter_image_custom_url":null,"twitter_image_custom_fields":null,"twitter_title":null,"twitter_description":null,"schema":{"blockGraphs":[],"customGraphs":[],"default":{"data":{"Article":[],"Course":[],"Dataset":[],"FAQPage":[],"Movie":[],"Person":[],"Product":[],"ProductReview":[],"Car":[],"Recipe":[],"Service":[],"SoftwareApplication":[],"WebPage":[]},"graphName":"","isEnabled":true},"graphs":[],"defaultGraph":"","defaultPostTypeGraph":""},"schema_type":null,"schema_type_options":null,"pillar_content":false,"robots_default":true,"robots_noindex":false,"robots_noarchive":false,"robots_nosnippet":false,"robots_nofollow":false,"robots_noimageindex":false,"robots_noodp":false,"robots_notranslate":false,"robots_max_snippet":null,"robots_max_videopreview":null,"robots_max_imagepreview":"large","priority":null,"frequency":"default","local_seo":null,"seo_analyzer_scan_date":"2025-09-13 06:15:54","breadcrumb_settings":null,"limit_modified_date":false,"open_ai":null,"ai":null,"created":"2020-12-21 10:42:16","updated":"2025-09-13 06:15:54"},"aioseo_breadcrumb":"<div class=\"aioseo-breadcrumbs\"><span class=\"aioseo-breadcrumb\">\n\t<a href=\"https:\/\/www.eldigitaldeasturias.com\/noticias\" title=\"Home\">Home<\/a>\n<\/span><span class=\"aioseo-breadcrumb-separator\">\u2013<\/span><span class=\"aioseo-breadcrumb\">\n\t<a href=\"https:\/\/www.eldigitaldeasturias.com\/noticias\/category\/actualidad\/\" title=\"Actualidad\">Actualidad<\/a>\n<\/span><span class=\"aioseo-breadcrumb-separator\">\u2013<\/span><span class=\"aioseo-breadcrumb\">\n\t<a href=\"https:\/\/www.eldigitaldeasturias.com\/noticias\/los-efectos-de-la-explosion-de-beirut\/\" title=\"Los efectos de la explosi\u00f3n de Beirut\">Los efectos de la explosi\u00f3n de Beirut<\/a>\n<\/span><\/div>","aioseo_breadcrumb_json":[{"label":"Home","link":"https:\/\/www.eldigitaldeasturias.com\/noticias"},{"label":"Actualidad","link":"https:\/\/www.eldigitaldeasturias.com\/noticias\/category\/actualidad\/"},{"label":"Los efectos de la explosi\u00f3n de Beirut","link":"https:\/\/www.eldigitaldeasturias.com\/noticias\/los-efectos-de-la-explosion-de-beirut\/"}],"_links":{"self":[{"href":"https:\/\/www.eldigitaldeasturias.com\/noticias\/wp-json\/wp\/v2\/posts\/1072495","targetHints":{"allow":["GET"]}}],"collection":[{"href":"https:\/\/www.eldigitaldeasturias.com\/noticias\/wp-json\/wp\/v2\/posts"}],"about":[{"href":"https:\/\/www.eldigitaldeasturias.com\/noticias\/wp-json\/wp\/v2\/types\/post"}],"author":[{"embeddable":true,"href":"https:\/\/www.eldigitaldeasturias.com\/noticias\/wp-json\/wp\/v2\/users\/1"}],"replies":[{"embeddable":true,"href":"https:\/\/www.eldigitaldeasturias.com\/noticias\/wp-json\/wp\/v2\/comments?post=1072495"}],"version-history":[{"count":0,"href":"https:\/\/www.eldigitaldeasturias.com\/noticias\/wp-json\/wp\/v2\/posts\/1072495\/revisions"}],"wp:featuredmedia":[{"embeddable":true,"href":"https:\/\/www.eldigitaldeasturias.com\/noticias\/wp-json\/wp\/v2\/media\/1072496"}],"wp:attachment":[{"href":"https:\/\/www.eldigitaldeasturias.com\/noticias\/wp-json\/wp\/v2\/media?parent=1072495"}],"wp:term":[{"taxonomy":"category","embeddable":true,"href":"https:\/\/www.eldigitaldeasturias.com\/noticias\/wp-json\/wp\/v2\/categories?post=1072495"},{"taxonomy":"post_tag","embeddable":true,"href":"https:\/\/www.eldigitaldeasturias.com\/noticias\/wp-json\/wp\/v2\/tags?post=1072495"}],"curies":[{"name":"wp","href":"https:\/\/api.w.org\/{rel}","templated":true}]}}