{"id":1072395,"date":"2020-08-09T11:05:24","date_gmt":"2020-08-09T11:05:24","guid":{"rendered":"https:\/\/www.eldigitaldeasturias.com\/noticias\/?p=1072395"},"modified":"2020-08-09T11:05:24","modified_gmt":"2020-08-09T11:05:24","slug":"confianza-y-trabajo-cuestion-de-tiempo","status":"publish","type":"post","link":"https:\/\/www.eldigitaldeasturias.com\/noticias\/confianza-y-trabajo-cuestion-de-tiempo\/","title":{"rendered":"Confianza y trabajo: Cuesti\u00f3n de tiempo"},"content":{"rendered":"<figure id=\"attachment_1072396\" aria-describedby=\"caption-attachment-1072396\" style=\"width: 360px\" class=\"wp-caption alignleft\"><img loading=\"lazy\" decoding=\"async\" class=\"size-medium wp-image-1072396\" src=\"https:\/\/www.eldigitaldeasturias.com\/noticias\/wp-content\/uploads\/2020\/08\/trabajo-y-confianza-360x240.jpg\" alt=\"\" width=\"360\" height=\"240\" srcset=\"https:\/\/www.eldigitaldeasturias.com\/noticias\/wp-content\/uploads\/2020\/08\/trabajo-y-confianza-360x240.jpg 360w, https:\/\/www.eldigitaldeasturias.com\/noticias\/wp-content\/uploads\/2020\/08\/trabajo-y-confianza-690x459.jpg 690w, https:\/\/www.eldigitaldeasturias.com\/noticias\/wp-content\/uploads\/2020\/08\/trabajo-y-confianza-451x300.jpg 451w, https:\/\/www.eldigitaldeasturias.com\/noticias\/wp-content\/uploads\/2020\/08\/trabajo-y-confianza-768x511.jpg 768w, https:\/\/www.eldigitaldeasturias.com\/noticias\/wp-content\/uploads\/2020\/08\/trabajo-y-confianza-696x463.jpg 696w, https:\/\/www.eldigitaldeasturias.com\/noticias\/wp-content\/uploads\/2020\/08\/trabajo-y-confianza-631x420.jpg 631w, https:\/\/www.eldigitaldeasturias.com\/noticias\/wp-content\/uploads\/2020\/08\/trabajo-y-confianza.jpg 995w\" sizes=\"auto, (max-width: 360px) 100vw, 360px\" \/><figcaption id=\"caption-attachment-1072396\" class=\"wp-caption-text\">Foto: Christin Klose\/dpa<\/figcaption><\/figure>\n<p>(dpa) &#8211; <strong>Los inicios en la vida laboral siempre son emocionantes<\/strong>. Sin embargo, cuando los j\u00f3venes profesionales se enfrentan a reuniones importantes o citas decisivas con clientes desear\u00edan poder tener un poco m\u00e1s de seguridad. <strong>La cuesti\u00f3n es c\u00f3mo lograrlo<\/strong>.<\/p>\n<p>En primer lugar, puede ayudar a ser plenamente consciente de la situaci\u00f3n el tener claro los objetivos y el estado de \u00e1nimo con el que uno acude a la reuni\u00f3n o la cita en cuesti\u00f3n, <em>explica la asesora especializada en conflictos Monika Heilmann en la revista alemana \u00abUnicum\u00bb<\/em>. En su opini\u00f3n, tambi\u00e9n hay que tener en cuenta la motivaci\u00f3n del interlocutor en estas reuniones.<\/p>\n<p>Los que comienzan una carrera profesional deben considerar adem\u00e1s por qu\u00e9 exactamente se est\u00e1 llevando a cabo esa reuni\u00f3n en concreto y qui\u00e9n la ha convocado. <strong>Siempre se va mejor preparado si se sabe de antemano que se trata de un encuentro para abordar un tema conflictivo<\/strong>, si se va a llevar a cabo una negociaci\u00f3n o si se trata de una conversaci\u00f3n de rutina.<\/p>\n<h3>\u00bfC\u00f3mo se pueden sacar a relucir los propios sentimientos en la conversaci\u00f3n?<\/h3>\n<p>Por otra parte, reprimir las emociones no ayuda a a dar la impresi\u00f3n de que se est\u00e1 tranquilo. Heilmann recomienda en este caso separar los hechos de las emociones en la conversaci\u00f3n. Para ello, los reci\u00e9n llegados a la profesi\u00f3n deben aprender a reflexionar sobre sus propios sentimientos durante una conversaci\u00f3n y sopesar si se debe tratar el tema.<\/p>\n<p>Por ejemplo, si un compa\u00f1ero se enfada, se puede retomar esta situaci\u00f3n se\u00f1alando con cuidado: <strong>\u00abAcabo de notar que no le ha gustado la forma en que se desarroll\u00f3 la conversaci\u00f3n. \u00bfHay algo que pueda hacer por usted?\u00bb<\/strong>.<\/p>\n<p>Para llegar a dominar estas situaciones espinosas con maestr\u00eda se requiere mucha pr\u00e1ctica. <strong>\u00abUnicum\u00bb aconseja practicar en casa delante de un espejo, ensayar c\u00f3mo se hablar\u00eda con confianza a alguien<\/strong>.<\/p>\n<p>Asimismo, se puede recurrir a unas clases particulares en las que se aborden estas situaciones, pero tambi\u00e9n a cursos de ret\u00f3rica, de teatro o clubes en los que se fomenta el hablar. Con el tiempo se adquieren t\u00e9cnicas que pueden ayudar a tener una presencia m\u00e1s segura.<\/p>\n","protected":false},"excerpt":{"rendered":"<p>(dpa) &#8211; Los inicios en la vida laboral siempre son emocionantes. Sin embargo, cuando los j\u00f3venes profesionales se enfrentan a reuniones importantes o citas decisivas con clientes desear\u00edan poder tener un poco m\u00e1s de seguridad. La cuesti\u00f3n es c\u00f3mo lograrlo. En primer lugar, puede ayudar a ser plenamente consciente de la situaci\u00f3n el tener claro [&hellip;]<\/p>\n","protected":false},"author":1,"featured_media":1072396,"comment_status":"closed","ping_status":"closed","sticky":false,"template":"","format":"standard","meta":{"footnotes":""},"categories":[141,28],"tags":[],"class_list":["post-1072395","post","type-post","status-publish","format-standard","has-post-thumbnail","hentry","category-destacadas","category-sociedad"],"aioseo_notices":[],"aioseo_head":"\n\t\t<!-- All in One SEO Pro 4.9.6.2 - aioseo.com -->\n\t<meta name=\"description\" content=\"(dpa) - Los inicios en la vida laboral siempre son emocionantes. Sin embargo, cuando los j\u00f3venes profesionales se enfrentan a reuniones importantes o citas decisivas con clientes desear\u00edan poder tener un poco m\u00e1s de seguridad. La cuesti\u00f3n es c\u00f3mo lograrlo. En primer lugar, puede ayudar a ser plenamente consciente de la situaci\u00f3n el tener claro\" \/>\n\t<meta name=\"robots\" content=\"max-image-preview:large\" \/>\n\t<meta name=\"author\" content=\"El Digital de Asturias\"\/>\n\t<meta name=\"google-site-verification\" content=\"UA-38556648-1\" \/>\n\t<meta name=\"msvalidate.01\" content=\"7dfe9f3f1b24437ab69f4f2559babe99\" \/>\n\t<meta name=\"keywords\" content=\"destacadas,sociedad\" \/>\n\t<link rel=\"canonical\" href=\"https:\/\/www.eldigitaldeasturias.com\/noticias\/confianza-y-trabajo-cuestion-de-tiempo\/\" \/>\n\t<meta name=\"generator\" content=\"All in One SEO Pro (AIOSEO) 4.9.6.2\" \/>\n\t\t<meta property=\"og:locale\" content=\"es_ES\" \/>\n\t\t<meta property=\"og:site_name\" content=\"El Digital de Asturias\" \/>\n\t\t<meta property=\"og:type\" content=\"article\" \/>\n\t\t<meta property=\"og:title\" content=\"Confianza y trabajo: Cuesti\u00f3n de tiempo - El Digital de Asturias\" \/>\n\t\t<meta property=\"og:description\" content=\"(dpa) - Los inicios en la vida laboral siempre son emocionantes. Sin embargo, cuando los j\u00f3venes profesionales se enfrentan a reuniones importantes o citas decisivas con clientes desear\u00edan poder tener un poco m\u00e1s de seguridad. La cuesti\u00f3n es c\u00f3mo lograrlo. En primer lugar, puede ayudar a ser plenamente consciente de la situaci\u00f3n el tener claro\" \/>\n\t\t<meta property=\"og:url\" content=\"https:\/\/www.eldigitaldeasturias.com\/noticias\/confianza-y-trabajo-cuestion-de-tiempo\/\" \/>\n\t\t<meta property=\"og:image\" content=\"https:\/\/www.eldigitaldeasturias.com\/noticias\/wp-content\/uploads\/2020\/08\/trabajo-y-confianza.jpg\" \/>\n\t\t<meta property=\"og:image:secure_url\" content=\"https:\/\/www.eldigitaldeasturias.com\/noticias\/wp-content\/uploads\/2020\/08\/trabajo-y-confianza.jpg\" \/>\n\t\t<meta property=\"og:image:width\" content=\"995\" \/>\n\t\t<meta property=\"og:image:height\" content=\"662\" \/>\n\t\t<meta property=\"article:tag\" content=\"destacadas\" \/>\n\t\t<meta property=\"article:tag\" content=\"sociedad\" \/>\n\t\t<meta property=\"article:published_time\" content=\"2020-08-09T11:05:24+00:00\" \/>\n\t\t<meta property=\"article:modified_time\" content=\"2020-08-09T11:05:24+00:00\" \/>\n\t\t<meta property=\"article:publisher\" content=\"https:\/\/facebook.com\/eldigitaldeasturias\" \/>\n\t\t<meta name=\"twitter:card\" content=\"summary_large_image\" \/>\n\t\t<meta name=\"twitter:title\" content=\"Confianza y trabajo: Cuesti\u00f3n de tiempo - El Digital de Asturias\" \/>\n\t\t<meta name=\"twitter:description\" content=\"(dpa) - Los inicios en la vida laboral siempre son emocionantes. Sin embargo, cuando los j\u00f3venes profesionales se enfrentan a reuniones importantes o citas decisivas con clientes desear\u00edan poder tener un poco m\u00e1s de seguridad. La cuesti\u00f3n es c\u00f3mo lograrlo. En primer lugar, puede ayudar a ser plenamente consciente de la situaci\u00f3n el tener claro\" \/>\n\t\t<meta name=\"twitter:image\" content=\"https:\/\/www.eldigitaldeasturias.com\/noticias\/wp-content\/uploads\/2020\/08\/trabajo-y-confianza.jpg\" \/>\n\t\t<meta name=\"twitter:label1\" content=\"Escrito por\" \/>\n\t\t<meta name=\"twitter:data1\" content=\"El Digital de Asturias\" \/>\n\t\t<meta name=\"twitter:label2\" content=\"Tiempo de lectura estimado\" \/>\n\t\t<meta name=\"twitter:data2\" content=\"2 minutos\" \/>\n\t\t<script type=\"application\/ld+json\" class=\"aioseo-schema\">\n\t\t\t{\"@context\":\"https:\\\/\\\/schema.org\",\"@graph\":[{\"@type\":\"BlogPosting\",\"@id\":\"https:\\\/\\\/www.eldigitaldeasturias.com\\\/noticias\\\/confianza-y-trabajo-cuestion-de-tiempo\\\/#blogposting\",\"name\":\"Confianza y trabajo: Cuesti\\u00f3n de tiempo - El Digital de Asturias\",\"headline\":\"Confianza y trabajo: Cuesti\\u00f3n de tiempo\",\"author\":{\"@id\":\"https:\\\/\\\/www.eldigitaldeasturias.com\\\/noticias\\\/author\\\/admin\\\/#author\"},\"publisher\":{\"@id\":\"https:\\\/\\\/www.eldigitaldeasturias.com\\\/noticias\\\/#organization\"},\"image\":{\"@type\":\"ImageObject\",\"url\":\"https:\\\/\\\/www.eldigitaldeasturias.com\\\/noticias\\\/wp-content\\\/uploads\\\/2020\\\/08\\\/trabajo-y-confianza.jpg\",\"width\":995,\"height\":662,\"caption\":\"Foto: Christin Klose\\\/dpa\"},\"datePublished\":\"2020-08-09T11:05:24+02:00\",\"dateModified\":\"2020-08-09T11:05:24+02:00\",\"inLanguage\":\"es-ES\",\"mainEntityOfPage\":{\"@id\":\"https:\\\/\\\/www.eldigitaldeasturias.com\\\/noticias\\\/confianza-y-trabajo-cuestion-de-tiempo\\\/#webpage\"},\"isPartOf\":{\"@id\":\"https:\\\/\\\/www.eldigitaldeasturias.com\\\/noticias\\\/confianza-y-trabajo-cuestion-de-tiempo\\\/#webpage\"},\"articleSection\":\"Destacadas, Sociedad\"},{\"@type\":\"BreadcrumbList\",\"@id\":\"https:\\\/\\\/www.eldigitaldeasturias.com\\\/noticias\\\/confianza-y-trabajo-cuestion-de-tiempo\\\/#breadcrumblist\",\"itemListElement\":[{\"@type\":\"ListItem\",\"@id\":\"https:\\\/\\\/www.eldigitaldeasturias.com\\\/noticias#listItem\",\"position\":1,\"name\":\"Home\",\"item\":\"https:\\\/\\\/www.eldigitaldeasturias.com\\\/noticias\",\"nextItem\":{\"@type\":\"ListItem\",\"@id\":\"https:\\\/\\\/www.eldigitaldeasturias.com\\\/noticias\\\/category\\\/sociedad\\\/#listItem\",\"name\":\"Sociedad\"}},{\"@type\":\"ListItem\",\"@id\":\"https:\\\/\\\/www.eldigitaldeasturias.com\\\/noticias\\\/category\\\/sociedad\\\/#listItem\",\"position\":2,\"name\":\"Sociedad\",\"item\":\"https:\\\/\\\/www.eldigitaldeasturias.com\\\/noticias\\\/category\\\/sociedad\\\/\",\"nextItem\":{\"@type\":\"ListItem\",\"@id\":\"https:\\\/\\\/www.eldigitaldeasturias.com\\\/noticias\\\/confianza-y-trabajo-cuestion-de-tiempo\\\/#listItem\",\"name\":\"Confianza y trabajo: Cuesti\\u00f3n de tiempo\"},\"previousItem\":{\"@type\":\"ListItem\",\"@id\":\"https:\\\/\\\/www.eldigitaldeasturias.com\\\/noticias#listItem\",\"name\":\"Home\"}},{\"@type\":\"ListItem\",\"@id\":\"https:\\\/\\\/www.eldigitaldeasturias.com\\\/noticias\\\/confianza-y-trabajo-cuestion-de-tiempo\\\/#listItem\",\"position\":3,\"name\":\"Confianza y trabajo: Cuesti\\u00f3n de tiempo\",\"previousItem\":{\"@type\":\"ListItem\",\"@id\":\"https:\\\/\\\/www.eldigitaldeasturias.com\\\/noticias\\\/category\\\/sociedad\\\/#listItem\",\"name\":\"Sociedad\"}}]},{\"@type\":\"Organization\",\"@id\":\"https:\\\/\\\/www.eldigitaldeasturias.com\\\/noticias\\\/#organization\",\"name\":\"El Digital de Asturias\",\"description\":\"Hemeroteca\",\"url\":\"https:\\\/\\\/www.eldigitaldeasturias.com\\\/noticias\\\/\",\"email\":\"info@eldigitaldeasturias.com\",\"telephone\":\"+34652131393\",\"logo\":{\"@type\":\"ImageObject\",\"url\":\"https:\\\/\\\/www.eldigitaldeasturias.com\\\/noticias\\\/wp-content\\\/uploads\\\/2020\\\/12\\\/EDA.jpg\",\"@id\":\"https:\\\/\\\/www.eldigitaldeasturias.com\\\/noticias\\\/confianza-y-trabajo-cuestion-de-tiempo\\\/#organizationLogo\",\"width\":649,\"height\":297},\"image\":{\"@id\":\"https:\\\/\\\/www.eldigitaldeasturias.com\\\/noticias\\\/confianza-y-trabajo-cuestion-de-tiempo\\\/#organizationLogo\"},\"sameAs\":[\"https:\\\/\\\/facebook.com\\\/eldigitaldeasturias\",\"https:\\\/\\\/www.youtube.com\\\/channel\\\/UCZP-2wLEB9Rv6erhFmqVnvg\"],\"address\":{\"@id\":\"https:\\\/\\\/www.eldigitaldeasturias.com\\\/noticias\\\/#postaladdress\",\"@type\":\"PostalAddress\",\"streetAddress\":\"san antonio 4,\",\"postalCode\":\"33430\",\"addressLocality\":\"Cand\\u00e1s\",\"addressRegion\":\"Asturias\",\"addressCountry\":\"ES\"}},{\"@type\":\"Person\",\"@id\":\"https:\\\/\\\/www.eldigitaldeasturias.com\\\/noticias\\\/author\\\/admin\\\/#author\",\"url\":\"https:\\\/\\\/www.eldigitaldeasturias.com\\\/noticias\\\/author\\\/admin\\\/\",\"name\":\"El Digital de Asturias\",\"image\":{\"@type\":\"ImageObject\",\"@id\":\"https:\\\/\\\/www.eldigitaldeasturias.com\\\/noticias\\\/confianza-y-trabajo-cuestion-de-tiempo\\\/#authorImage\",\"url\":\"https:\\\/\\\/www.eldigitaldeasturias.com\\\/noticias\\\/wp-content\\\/litespeed\\\/avatar\\\/18677e78aa0546b92d9dbf31ec7d7668.jpg?ver=1776685526\",\"width\":96,\"height\":96,\"caption\":\"El Digital de Asturias\"}},{\"@type\":\"WebPage\",\"@id\":\"https:\\\/\\\/www.eldigitaldeasturias.com\\\/noticias\\\/confianza-y-trabajo-cuestion-de-tiempo\\\/#webpage\",\"url\":\"https:\\\/\\\/www.eldigitaldeasturias.com\\\/noticias\\\/confianza-y-trabajo-cuestion-de-tiempo\\\/\",\"name\":\"Confianza y trabajo: Cuesti\\u00f3n de tiempo - El Digital de Asturias\",\"description\":\"(dpa) - Los inicios en la vida laboral siempre son emocionantes. Sin embargo, cuando los j\\u00f3venes profesionales se enfrentan a reuniones importantes o citas decisivas con clientes desear\\u00edan poder tener un poco m\\u00e1s de seguridad. La cuesti\\u00f3n es c\\u00f3mo lograrlo. En primer lugar, puede ayudar a ser plenamente consciente de la situaci\\u00f3n el tener claro\",\"inLanguage\":\"es-ES\",\"isPartOf\":{\"@id\":\"https:\\\/\\\/www.eldigitaldeasturias.com\\\/noticias\\\/#website\"},\"breadcrumb\":{\"@id\":\"https:\\\/\\\/www.eldigitaldeasturias.com\\\/noticias\\\/confianza-y-trabajo-cuestion-de-tiempo\\\/#breadcrumblist\"},\"author\":{\"@id\":\"https:\\\/\\\/www.eldigitaldeasturias.com\\\/noticias\\\/author\\\/admin\\\/#author\"},\"creator\":{\"@id\":\"https:\\\/\\\/www.eldigitaldeasturias.com\\\/noticias\\\/author\\\/admin\\\/#author\"},\"image\":{\"@type\":\"ImageObject\",\"url\":\"https:\\\/\\\/www.eldigitaldeasturias.com\\\/noticias\\\/wp-content\\\/uploads\\\/2020\\\/08\\\/trabajo-y-confianza.jpg\",\"@id\":\"https:\\\/\\\/www.eldigitaldeasturias.com\\\/noticias\\\/confianza-y-trabajo-cuestion-de-tiempo\\\/#mainImage\",\"width\":995,\"height\":662,\"caption\":\"Foto: Christin Klose\\\/dpa\"},\"primaryImageOfPage\":{\"@id\":\"https:\\\/\\\/www.eldigitaldeasturias.com\\\/noticias\\\/confianza-y-trabajo-cuestion-de-tiempo\\\/#mainImage\"},\"datePublished\":\"2020-08-09T11:05:24+02:00\",\"dateModified\":\"2020-08-09T11:05:24+02:00\"},{\"@type\":\"WebSite\",\"@id\":\"https:\\\/\\\/www.eldigitaldeasturias.com\\\/noticias\\\/#website\",\"url\":\"https:\\\/\\\/www.eldigitaldeasturias.com\\\/noticias\\\/\",\"name\":\"El Digital de Asturias - Diario de actualidad y noticias\",\"alternateName\":\"El Digital de Asturias - Diario de actualidad y noticias\",\"description\":\"Hemeroteca\",\"inLanguage\":\"es-ES\",\"publisher\":{\"@id\":\"https:\\\/\\\/www.eldigitaldeasturias.com\\\/noticias\\\/#organization\"}}]}\n\t\t<\/script>\n\t\t<!-- All in One SEO Pro -->\r\n\t\t<title>Confianza y trabajo: Cuesti\u00f3n de tiempo - El Digital de Asturias<\/title>\n\n","aioseo_head_json":{"title":"Confianza y trabajo: Cuesti\u00f3n de tiempo - El Digital de Asturias","description":"(dpa) - Los inicios en la vida laboral siempre son emocionantes. Sin embargo, cuando los j\u00f3venes profesionales se enfrentan a reuniones importantes o citas decisivas con clientes desear\u00edan poder tener un poco m\u00e1s de seguridad. La cuesti\u00f3n es c\u00f3mo lograrlo. En primer lugar, puede ayudar a ser plenamente consciente de la situaci\u00f3n el tener claro","canonical_url":"https:\/\/www.eldigitaldeasturias.com\/noticias\/confianza-y-trabajo-cuestion-de-tiempo\/","robots":"max-image-preview:large","keywords":"destacadas,sociedad","webmasterTools":{"google-site-verification":"UA-38556648-1","msvalidate.01":"7dfe9f3f1b24437ab69f4f2559babe99","miscellaneous":""},"schema":{"@context":"https:\/\/schema.org","@graph":[{"@type":"BlogPosting","@id":"https:\/\/www.eldigitaldeasturias.com\/noticias\/confianza-y-trabajo-cuestion-de-tiempo\/#blogposting","name":"Confianza y trabajo: Cuesti\u00f3n de tiempo - El Digital de Asturias","headline":"Confianza y trabajo: Cuesti\u00f3n de tiempo","author":{"@id":"https:\/\/www.eldigitaldeasturias.com\/noticias\/author\/admin\/#author"},"publisher":{"@id":"https:\/\/www.eldigitaldeasturias.com\/noticias\/#organization"},"image":{"@type":"ImageObject","url":"https:\/\/www.eldigitaldeasturias.com\/noticias\/wp-content\/uploads\/2020\/08\/trabajo-y-confianza.jpg","width":995,"height":662,"caption":"Foto: Christin Klose\/dpa"},"datePublished":"2020-08-09T11:05:24+02:00","dateModified":"2020-08-09T11:05:24+02:00","inLanguage":"es-ES","mainEntityOfPage":{"@id":"https:\/\/www.eldigitaldeasturias.com\/noticias\/confianza-y-trabajo-cuestion-de-tiempo\/#webpage"},"isPartOf":{"@id":"https:\/\/www.eldigitaldeasturias.com\/noticias\/confianza-y-trabajo-cuestion-de-tiempo\/#webpage"},"articleSection":"Destacadas, Sociedad"},{"@type":"BreadcrumbList","@id":"https:\/\/www.eldigitaldeasturias.com\/noticias\/confianza-y-trabajo-cuestion-de-tiempo\/#breadcrumblist","itemListElement":[{"@type":"ListItem","@id":"https:\/\/www.eldigitaldeasturias.com\/noticias#listItem","position":1,"name":"Home","item":"https:\/\/www.eldigitaldeasturias.com\/noticias","nextItem":{"@type":"ListItem","@id":"https:\/\/www.eldigitaldeasturias.com\/noticias\/category\/sociedad\/#listItem","name":"Sociedad"}},{"@type":"ListItem","@id":"https:\/\/www.eldigitaldeasturias.com\/noticias\/category\/sociedad\/#listItem","position":2,"name":"Sociedad","item":"https:\/\/www.eldigitaldeasturias.com\/noticias\/category\/sociedad\/","nextItem":{"@type":"ListItem","@id":"https:\/\/www.eldigitaldeasturias.com\/noticias\/confianza-y-trabajo-cuestion-de-tiempo\/#listItem","name":"Confianza y trabajo: Cuesti\u00f3n de tiempo"},"previousItem":{"@type":"ListItem","@id":"https:\/\/www.eldigitaldeasturias.com\/noticias#listItem","name":"Home"}},{"@type":"ListItem","@id":"https:\/\/www.eldigitaldeasturias.com\/noticias\/confianza-y-trabajo-cuestion-de-tiempo\/#listItem","position":3,"name":"Confianza y trabajo: Cuesti\u00f3n de tiempo","previousItem":{"@type":"ListItem","@id":"https:\/\/www.eldigitaldeasturias.com\/noticias\/category\/sociedad\/#listItem","name":"Sociedad"}}]},{"@type":"Organization","@id":"https:\/\/www.eldigitaldeasturias.com\/noticias\/#organization","name":"El Digital de Asturias","description":"Hemeroteca","url":"https:\/\/www.eldigitaldeasturias.com\/noticias\/","email":"info@eldigitaldeasturias.com","telephone":"+34652131393","logo":{"@type":"ImageObject","url":"https:\/\/www.eldigitaldeasturias.com\/noticias\/wp-content\/uploads\/2020\/12\/EDA.jpg","@id":"https:\/\/www.eldigitaldeasturias.com\/noticias\/confianza-y-trabajo-cuestion-de-tiempo\/#organizationLogo","width":649,"height":297},"image":{"@id":"https:\/\/www.eldigitaldeasturias.com\/noticias\/confianza-y-trabajo-cuestion-de-tiempo\/#organizationLogo"},"sameAs":["https:\/\/facebook.com\/eldigitaldeasturias","https:\/\/www.youtube.com\/channel\/UCZP-2wLEB9Rv6erhFmqVnvg"],"address":{"@id":"https:\/\/www.eldigitaldeasturias.com\/noticias\/#postaladdress","@type":"PostalAddress","streetAddress":"san antonio 4,","postalCode":"33430","addressLocality":"Cand\u00e1s","addressRegion":"Asturias","addressCountry":"ES"}},{"@type":"Person","@id":"https:\/\/www.eldigitaldeasturias.com\/noticias\/author\/admin\/#author","url":"https:\/\/www.eldigitaldeasturias.com\/noticias\/author\/admin\/","name":"El Digital de Asturias","image":{"@type":"ImageObject","@id":"https:\/\/www.eldigitaldeasturias.com\/noticias\/confianza-y-trabajo-cuestion-de-tiempo\/#authorImage","url":"https:\/\/www.eldigitaldeasturias.com\/noticias\/wp-content\/litespeed\/avatar\/18677e78aa0546b92d9dbf31ec7d7668.jpg?ver=1776685526","width":96,"height":96,"caption":"El Digital de Asturias"}},{"@type":"WebPage","@id":"https:\/\/www.eldigitaldeasturias.com\/noticias\/confianza-y-trabajo-cuestion-de-tiempo\/#webpage","url":"https:\/\/www.eldigitaldeasturias.com\/noticias\/confianza-y-trabajo-cuestion-de-tiempo\/","name":"Confianza y trabajo: Cuesti\u00f3n de tiempo - El Digital de Asturias","description":"(dpa) - Los inicios en la vida laboral siempre son emocionantes. Sin embargo, cuando los j\u00f3venes profesionales se enfrentan a reuniones importantes o citas decisivas con clientes desear\u00edan poder tener un poco m\u00e1s de seguridad. La cuesti\u00f3n es c\u00f3mo lograrlo. En primer lugar, puede ayudar a ser plenamente consciente de la situaci\u00f3n el tener claro","inLanguage":"es-ES","isPartOf":{"@id":"https:\/\/www.eldigitaldeasturias.com\/noticias\/#website"},"breadcrumb":{"@id":"https:\/\/www.eldigitaldeasturias.com\/noticias\/confianza-y-trabajo-cuestion-de-tiempo\/#breadcrumblist"},"author":{"@id":"https:\/\/www.eldigitaldeasturias.com\/noticias\/author\/admin\/#author"},"creator":{"@id":"https:\/\/www.eldigitaldeasturias.com\/noticias\/author\/admin\/#author"},"image":{"@type":"ImageObject","url":"https:\/\/www.eldigitaldeasturias.com\/noticias\/wp-content\/uploads\/2020\/08\/trabajo-y-confianza.jpg","@id":"https:\/\/www.eldigitaldeasturias.com\/noticias\/confianza-y-trabajo-cuestion-de-tiempo\/#mainImage","width":995,"height":662,"caption":"Foto: Christin Klose\/dpa"},"primaryImageOfPage":{"@id":"https:\/\/www.eldigitaldeasturias.com\/noticias\/confianza-y-trabajo-cuestion-de-tiempo\/#mainImage"},"datePublished":"2020-08-09T11:05:24+02:00","dateModified":"2020-08-09T11:05:24+02:00"},{"@type":"WebSite","@id":"https:\/\/www.eldigitaldeasturias.com\/noticias\/#website","url":"https:\/\/www.eldigitaldeasturias.com\/noticias\/","name":"El Digital de Asturias - Diario de actualidad y noticias","alternateName":"El Digital de Asturias - Diario de actualidad y noticias","description":"Hemeroteca","inLanguage":"es-ES","publisher":{"@id":"https:\/\/www.eldigitaldeasturias.com\/noticias\/#organization"}}]},"og:locale":"es_ES","og:site_name":"El Digital de Asturias","og:type":"article","og:title":"Confianza y trabajo: Cuesti\u00f3n de tiempo - El Digital de Asturias","og:description":"(dpa) - Los inicios en la vida laboral siempre son emocionantes. Sin embargo, cuando los j\u00f3venes profesionales se enfrentan a reuniones importantes o citas decisivas con clientes desear\u00edan poder tener un poco m\u00e1s de seguridad. La cuesti\u00f3n es c\u00f3mo lograrlo. En primer lugar, puede ayudar a ser plenamente consciente de la situaci\u00f3n el tener claro","og:url":"https:\/\/www.eldigitaldeasturias.com\/noticias\/confianza-y-trabajo-cuestion-de-tiempo\/","og:image":"https:\/\/www.eldigitaldeasturias.com\/noticias\/wp-content\/uploads\/2020\/08\/trabajo-y-confianza.jpg","og:image:secure_url":"https:\/\/www.eldigitaldeasturias.com\/noticias\/wp-content\/uploads\/2020\/08\/trabajo-y-confianza.jpg","og:image:width":995,"og:image:height":662,"article:tag":["destacadas","sociedad"],"article:published_time":"2020-08-09T11:05:24+00:00","article:modified_time":"2020-08-09T11:05:24+00:00","article:publisher":"https:\/\/facebook.com\/eldigitaldeasturias","twitter:card":"summary_large_image","twitter:title":"Confianza y trabajo: Cuesti\u00f3n de tiempo - El Digital de Asturias","twitter:description":"(dpa) - Los inicios en la vida laboral siempre son emocionantes. Sin embargo, cuando los j\u00f3venes profesionales se enfrentan a reuniones importantes o citas decisivas con clientes desear\u00edan poder tener un poco m\u00e1s de seguridad. La cuesti\u00f3n es c\u00f3mo lograrlo. En primer lugar, puede ayudar a ser plenamente consciente de la situaci\u00f3n el tener claro","twitter:image":"https:\/\/www.eldigitaldeasturias.com\/noticias\/wp-content\/uploads\/2020\/08\/trabajo-y-confianza.jpg","twitter:label1":"Escrito por","twitter:data1":"El Digital de Asturias","twitter:label2":"Tiempo de lectura estimado","twitter:data2":"2 minutos"},"aioseo_meta_data":{"post_id":"1072395","title":null,"description":"","keywords":"","keyphrases":null,"primary_term":null,"canonical_url":"","og_title":null,"og_description":null,"og_object_type":"default","og_image_type":"default","og_image_url":null,"og_image_width":null,"og_image_height":null,"og_image_custom_url":null,"og_image_custom_fields":null,"og_video":null,"og_custom_url":null,"og_article_section":null,"og_article_tags":null,"twitter_use_og":false,"twitter_card":"default","twitter_image_type":"default","twitter_image_url":null,"twitter_image_custom_url":null,"twitter_image_custom_fields":null,"twitter_title":null,"twitter_description":null,"schema":{"blockGraphs":[],"customGraphs":[],"default":{"data":{"Article":[],"Course":[],"Dataset":[],"FAQPage":[],"Movie":[],"Person":[],"Product":[],"ProductReview":[],"Car":[],"Recipe":[],"Service":[],"SoftwareApplication":[],"WebPage":[]},"graphName":"","isEnabled":true},"graphs":[],"defaultGraph":"","defaultPostTypeGraph":""},"schema_type":null,"schema_type_options":null,"pillar_content":false,"robots_default":true,"robots_noindex":false,"robots_noarchive":false,"robots_nosnippet":false,"robots_nofollow":false,"robots_noimageindex":false,"robots_noodp":false,"robots_notranslate":false,"robots_max_snippet":null,"robots_max_videopreview":null,"robots_max_imagepreview":"large","priority":null,"frequency":"default","local_seo":null,"seo_analyzer_scan_date":"2025-09-13 05:59:54","breadcrumb_settings":null,"limit_modified_date":false,"open_ai":null,"ai":null,"created":"2020-12-21 10:42:17","updated":"2025-09-13 05:59:54"},"aioseo_breadcrumb":"<div class=\"aioseo-breadcrumbs\"><span class=\"aioseo-breadcrumb\">\n\t<a href=\"https:\/\/www.eldigitaldeasturias.com\/noticias\" title=\"Home\">Home<\/a>\n<\/span><span class=\"aioseo-breadcrumb-separator\">\u2013<\/span><span class=\"aioseo-breadcrumb\">\n\t<a href=\"https:\/\/www.eldigitaldeasturias.com\/noticias\/category\/sociedad\/\" title=\"Sociedad\">Sociedad<\/a>\n<\/span><span class=\"aioseo-breadcrumb-separator\">\u2013<\/span><span class=\"aioseo-breadcrumb\">\n\t<a href=\"https:\/\/www.eldigitaldeasturias.com\/noticias\/confianza-y-trabajo-cuestion-de-tiempo\/\" title=\"Confianza y trabajo: Cuesti\u00f3n de tiempo\">Confianza y trabajo: Cuesti\u00f3n de tiempo<\/a>\n<\/span><\/div>","aioseo_breadcrumb_json":[{"label":"Home","link":"https:\/\/www.eldigitaldeasturias.com\/noticias"},{"label":"Sociedad","link":"https:\/\/www.eldigitaldeasturias.com\/noticias\/category\/sociedad\/"},{"label":"Confianza y trabajo: Cuesti\u00f3n de tiempo","link":"https:\/\/www.eldigitaldeasturias.com\/noticias\/confianza-y-trabajo-cuestion-de-tiempo\/"}],"_links":{"self":[{"href":"https:\/\/www.eldigitaldeasturias.com\/noticias\/wp-json\/wp\/v2\/posts\/1072395","targetHints":{"allow":["GET"]}}],"collection":[{"href":"https:\/\/www.eldigitaldeasturias.com\/noticias\/wp-json\/wp\/v2\/posts"}],"about":[{"href":"https:\/\/www.eldigitaldeasturias.com\/noticias\/wp-json\/wp\/v2\/types\/post"}],"author":[{"embeddable":true,"href":"https:\/\/www.eldigitaldeasturias.com\/noticias\/wp-json\/wp\/v2\/users\/1"}],"replies":[{"embeddable":true,"href":"https:\/\/www.eldigitaldeasturias.com\/noticias\/wp-json\/wp\/v2\/comments?post=1072395"}],"version-history":[{"count":0,"href":"https:\/\/www.eldigitaldeasturias.com\/noticias\/wp-json\/wp\/v2\/posts\/1072395\/revisions"}],"wp:featuredmedia":[{"embeddable":true,"href":"https:\/\/www.eldigitaldeasturias.com\/noticias\/wp-json\/wp\/v2\/media\/1072396"}],"wp:attachment":[{"href":"https:\/\/www.eldigitaldeasturias.com\/noticias\/wp-json\/wp\/v2\/media?parent=1072395"}],"wp:term":[{"taxonomy":"category","embeddable":true,"href":"https:\/\/www.eldigitaldeasturias.com\/noticias\/wp-json\/wp\/v2\/categories?post=1072395"},{"taxonomy":"post_tag","embeddable":true,"href":"https:\/\/www.eldigitaldeasturias.com\/noticias\/wp-json\/wp\/v2\/tags?post=1072395"}],"curies":[{"name":"wp","href":"https:\/\/api.w.org\/{rel}","templated":true}]}}