{"id":1072116,"date":"2020-08-05T18:29:01","date_gmt":"2020-08-05T18:29:01","guid":{"rendered":"https:\/\/www.eldigitaldeasturias.com\/noticias\/?p=1072116"},"modified":"2020-08-05T18:29:01","modified_gmt":"2020-08-05T18:29:01","slug":"nuevo-brote-de-coronavirus-en-asturias","status":"publish","type":"post","link":"https:\/\/www.eldigitaldeasturias.com\/noticias\/nuevo-brote-de-coronavirus-en-asturias\/","title":{"rendered":"Nuevo brote de coronavirus en Asturias"},"content":{"rendered":"<p><img loading=\"lazy\" decoding=\"async\" class=\"alignleft size-medium wp-image-1069994\" src=\"https:\/\/www.eldigitaldeasturias.com\/noticias\/wp-content\/uploads\/2020\/07\/covid-19-5070658_1280-360x240.jpg\" alt=\"\" width=\"360\" height=\"240\" srcset=\"https:\/\/www.eldigitaldeasturias.com\/noticias\/wp-content\/uploads\/2020\/07\/covid-19-5070658_1280-360x240.jpg 360w, https:\/\/www.eldigitaldeasturias.com\/noticias\/wp-content\/uploads\/2020\/07\/covid-19-5070658_1280-690x460.jpg 690w, https:\/\/www.eldigitaldeasturias.com\/noticias\/wp-content\/uploads\/2020\/07\/covid-19-5070658_1280-450x300.jpg 450w, https:\/\/www.eldigitaldeasturias.com\/noticias\/wp-content\/uploads\/2020\/07\/covid-19-5070658_1280-768x512.jpg 768w, https:\/\/www.eldigitaldeasturias.com\/noticias\/wp-content\/uploads\/2020\/07\/covid-19-5070658_1280-696x464.jpg 696w, https:\/\/www.eldigitaldeasturias.com\/noticias\/wp-content\/uploads\/2020\/07\/covid-19-5070658_1280-1068x713.jpg 1068w, https:\/\/www.eldigitaldeasturias.com\/noticias\/wp-content\/uploads\/2020\/07\/covid-19-5070658_1280-630x420.jpg 630w, https:\/\/www.eldigitaldeasturias.com\/noticias\/wp-content\/uploads\/2020\/07\/covid-19-5070658_1280.jpg 1280w\" sizes=\"auto, (max-width: 360px) 100vw, 360px\" \/>La Consejer\u00eda de Salud ha declarado un <strong>nuevo brote de coronavirus en Asturias<\/strong>, el primero relacionado con una celebraci\u00f3n social, en este caso, un cumplea\u00f1os.<strong> Se trata de cinco miembros de dos familias del \u00e1rea sanitaria V, con cabecera en Gij\u00f3n<\/strong>. Todas las personas afectadas permanecen en aislamiento domiciliario con s\u00edntomas leves de la enfermedad.<\/p>\n<p>El Principado reitera la conveniencia de evitar aglomeraciones y actividades sociales innecesarias para frenar la trasmisi\u00f3n del virus.<\/p>\n<p>Debido a las investigaciones epidemiol\u00f3gicas del brote de Castropol, las autoridades sanitarias han realizado hoy un llamamiento a los clientes que hayan estado en el bar La Casilla, entre el 23 de julio y el 1 de agosto. Salud les insta a rellenar el formulario disponible en el <a href=\"https:\/\/ddei3-0-ctp.trendmicro.com:443\/wis\/clicktime\/v1\/query?url=https%3a%2f%2fwww.astursalud.es%2fformulario%2dpcr&amp;umid=DE4EEF38-AC23-7505-852D-8BB8DB289E1F&amp;auth=4ceff9107ab9c25786f1a828bbcb8ff8204474b0-9ebbbcc7c3f2ca461b2b2912b7c0fb79f7c7a9df\" target=\"_blank\" rel=\"nofollow noopener noreferrer\"><span style=\"color: #ff6600;\"><strong>s<span style=\"color: #ff0000;\">iguiente enlace de la web Astursalud<\/span><\/strong><\/span><\/a> o que llamen al n\u00famero de tel\u00e9fono 984 100 051.<\/p>\n<p>El Servicio de Salud del Principado (Sespa) contactar\u00e1 con los afectados para practicarles una prueba PCR. Mientras tanto, deber\u00e1n limitar su vida social, vigilar su estado y respetar escrupulosamente las medidas de protecci\u00f3n como el lavado frecuente de manos, el uso de la mascarilla y el mantenimiento de la distancia interpersonal de, al menos, metro y medio.<\/p>\n<p>Estas recomendaciones son extensibles al resto de la poblaci\u00f3n. En Asturias es obligatorio el uso correcto de la mascarilla para mayores de seis a\u00f1os en las v\u00edas p\u00fablicas y zonas al aire libre; en cualquier espacio cerrado de uso p\u00fablico o que se encuentre abierto al p\u00fablico, y en los medios de transporte p\u00fablicos y privados. En el caso de los veh\u00edculos privados se aplicar\u00e1 a aquellos ocupantes que no convivan.<\/p>\n<p>&nbsp;<\/p>\n","protected":false},"excerpt":{"rendered":"<p>La Consejer\u00eda de Salud ha declarado un nuevo brote de coronavirus en Asturias, el primero relacionado con una celebraci\u00f3n social, en este caso, un cumplea\u00f1os. Se trata de cinco miembros de dos familias del \u00e1rea sanitaria V, con cabecera en Gij\u00f3n. Todas las personas afectadas permanecen en aislamiento domiciliario con s\u00edntomas leves de la enfermedad. [&hellip;]<\/p>\n","protected":false},"author":1,"featured_media":1069994,"comment_status":"closed","ping_status":"closed","sticky":false,"template":"","format":"standard","meta":{"footnotes":""},"categories":[12,141],"tags":[],"class_list":["post-1072116","post","type-post","status-publish","format-standard","has-post-thumbnail","hentry","category-actualidad-asturias","category-destacadas"],"aioseo_notices":[],"aioseo_head":"\n\t\t<!-- All in One SEO Pro 4.9.6.2 - aioseo.com -->\n\t<meta name=\"description\" content=\"La Consejer\u00eda de Salud ha declarado un nuevo brote de coronavirus en Asturias, el primero relacionado con una celebraci\u00f3n social, en este caso, un cumplea\u00f1os. Se trata de cinco miembros de dos familias del \u00e1rea sanitaria V, con cabecera en Gij\u00f3n. Todas las personas afectadas permanecen en aislamiento domiciliario con s\u00edntomas leves de la enfermedad.\" \/>\n\t<meta name=\"robots\" content=\"max-image-preview:large\" \/>\n\t<meta name=\"author\" content=\"El Digital de Asturias\"\/>\n\t<meta name=\"google-site-verification\" content=\"UA-38556648-1\" \/>\n\t<meta name=\"msvalidate.01\" content=\"7dfe9f3f1b24437ab69f4f2559babe99\" \/>\n\t<meta name=\"keywords\" content=\"actualidad asturias,destacadas\" \/>\n\t<link rel=\"canonical\" href=\"https:\/\/www.eldigitaldeasturias.com\/noticias\/nuevo-brote-de-coronavirus-en-asturias\/\" \/>\n\t<meta name=\"generator\" content=\"All in One SEO Pro (AIOSEO) 4.9.6.2\" \/>\n\t\t<meta property=\"og:locale\" content=\"es_ES\" \/>\n\t\t<meta property=\"og:site_name\" content=\"El Digital de Asturias\" \/>\n\t\t<meta property=\"og:type\" content=\"article\" \/>\n\t\t<meta property=\"og:title\" content=\"Nuevo brote de coronavirus en Asturias - El Digital de Asturias\" \/>\n\t\t<meta property=\"og:description\" content=\"La Consejer\u00eda de Salud ha declarado un nuevo brote de coronavirus en Asturias, el primero relacionado con una celebraci\u00f3n social, en este caso, un cumplea\u00f1os. Se trata de cinco miembros de dos familias del \u00e1rea sanitaria V, con cabecera en Gij\u00f3n. Todas las personas afectadas permanecen en aislamiento domiciliario con s\u00edntomas leves de la enfermedad.\" \/>\n\t\t<meta property=\"og:url\" content=\"https:\/\/www.eldigitaldeasturias.com\/noticias\/nuevo-brote-de-coronavirus-en-asturias\/\" \/>\n\t\t<meta property=\"og:image\" content=\"https:\/\/www.eldigitaldeasturias.com\/noticias\/wp-content\/uploads\/2020\/07\/covid-19-5070658_1280.jpg\" \/>\n\t\t<meta property=\"og:image:secure_url\" content=\"https:\/\/www.eldigitaldeasturias.com\/noticias\/wp-content\/uploads\/2020\/07\/covid-19-5070658_1280.jpg\" \/>\n\t\t<meta property=\"og:image:width\" content=\"1280\" \/>\n\t\t<meta property=\"og:image:height\" content=\"854\" \/>\n\t\t<meta property=\"article:tag\" content=\"actualidad asturias\" \/>\n\t\t<meta property=\"article:tag\" content=\"destacadas\" \/>\n\t\t<meta property=\"article:published_time\" content=\"2020-08-05T18:29:01+00:00\" \/>\n\t\t<meta property=\"article:modified_time\" content=\"2020-08-05T18:29:01+00:00\" \/>\n\t\t<meta property=\"article:publisher\" content=\"https:\/\/facebook.com\/eldigitaldeasturias\" \/>\n\t\t<meta name=\"twitter:card\" content=\"summary_large_image\" \/>\n\t\t<meta name=\"twitter:title\" content=\"Nuevo brote de coronavirus en Asturias - El Digital de Asturias\" \/>\n\t\t<meta name=\"twitter:description\" content=\"La Consejer\u00eda de Salud ha declarado un nuevo brote de coronavirus en Asturias, el primero relacionado con una celebraci\u00f3n social, en este caso, un cumplea\u00f1os. Se trata de cinco miembros de dos familias del \u00e1rea sanitaria V, con cabecera en Gij\u00f3n. Todas las personas afectadas permanecen en aislamiento domiciliario con s\u00edntomas leves de la enfermedad.\" \/>\n\t\t<meta name=\"twitter:image\" content=\"https:\/\/www.eldigitaldeasturias.com\/noticias\/wp-content\/uploads\/2020\/07\/covid-19-5070658_1280.jpg\" \/>\n\t\t<meta name=\"twitter:label1\" content=\"Escrito por\" \/>\n\t\t<meta name=\"twitter:data1\" content=\"El Digital de Asturias\" \/>\n\t\t<meta name=\"twitter:label2\" content=\"Tiempo de lectura estimado\" \/>\n\t\t<meta name=\"twitter:data2\" content=\"1 minuto\" \/>\n\t\t<script type=\"application\/ld+json\" class=\"aioseo-schema\">\n\t\t\t{\"@context\":\"https:\\\/\\\/schema.org\",\"@graph\":[{\"@type\":\"BlogPosting\",\"@id\":\"https:\\\/\\\/www.eldigitaldeasturias.com\\\/noticias\\\/nuevo-brote-de-coronavirus-en-asturias\\\/#blogposting\",\"name\":\"Nuevo brote de coronavirus en Asturias - El Digital de Asturias\",\"headline\":\"Nuevo brote de coronavirus en Asturias\",\"author\":{\"@id\":\"https:\\\/\\\/www.eldigitaldeasturias.com\\\/noticias\\\/author\\\/admin\\\/#author\"},\"publisher\":{\"@id\":\"https:\\\/\\\/www.eldigitaldeasturias.com\\\/noticias\\\/#organization\"},\"image\":{\"@type\":\"ImageObject\",\"url\":\"https:\\\/\\\/www.eldigitaldeasturias.com\\\/noticias\\\/wp-content\\\/uploads\\\/2020\\\/07\\\/covid-19-5070658_1280.jpg\",\"width\":1280,\"height\":854,\"caption\":\"covid-19\"},\"datePublished\":\"2020-08-05T18:29:01+02:00\",\"dateModified\":\"2020-08-05T18:29:01+02:00\",\"inLanguage\":\"es-ES\",\"mainEntityOfPage\":{\"@id\":\"https:\\\/\\\/www.eldigitaldeasturias.com\\\/noticias\\\/nuevo-brote-de-coronavirus-en-asturias\\\/#webpage\"},\"isPartOf\":{\"@id\":\"https:\\\/\\\/www.eldigitaldeasturias.com\\\/noticias\\\/nuevo-brote-de-coronavirus-en-asturias\\\/#webpage\"},\"articleSection\":\"Actualidad Asturias, Destacadas\"},{\"@type\":\"BreadcrumbList\",\"@id\":\"https:\\\/\\\/www.eldigitaldeasturias.com\\\/noticias\\\/nuevo-brote-de-coronavirus-en-asturias\\\/#breadcrumblist\",\"itemListElement\":[{\"@type\":\"ListItem\",\"@id\":\"https:\\\/\\\/www.eldigitaldeasturias.com\\\/noticias#listItem\",\"position\":1,\"name\":\"Home\",\"item\":\"https:\\\/\\\/www.eldigitaldeasturias.com\\\/noticias\",\"nextItem\":{\"@type\":\"ListItem\",\"@id\":\"https:\\\/\\\/www.eldigitaldeasturias.com\\\/noticias\\\/category\\\/actualidad-asturias\\\/#listItem\",\"name\":\"Actualidad Asturias\"}},{\"@type\":\"ListItem\",\"@id\":\"https:\\\/\\\/www.eldigitaldeasturias.com\\\/noticias\\\/category\\\/actualidad-asturias\\\/#listItem\",\"position\":2,\"name\":\"Actualidad Asturias\",\"item\":\"https:\\\/\\\/www.eldigitaldeasturias.com\\\/noticias\\\/category\\\/actualidad-asturias\\\/\",\"nextItem\":{\"@type\":\"ListItem\",\"@id\":\"https:\\\/\\\/www.eldigitaldeasturias.com\\\/noticias\\\/nuevo-brote-de-coronavirus-en-asturias\\\/#listItem\",\"name\":\"Nuevo brote de coronavirus en Asturias\"},\"previousItem\":{\"@type\":\"ListItem\",\"@id\":\"https:\\\/\\\/www.eldigitaldeasturias.com\\\/noticias#listItem\",\"name\":\"Home\"}},{\"@type\":\"ListItem\",\"@id\":\"https:\\\/\\\/www.eldigitaldeasturias.com\\\/noticias\\\/nuevo-brote-de-coronavirus-en-asturias\\\/#listItem\",\"position\":3,\"name\":\"Nuevo brote de coronavirus en Asturias\",\"previousItem\":{\"@type\":\"ListItem\",\"@id\":\"https:\\\/\\\/www.eldigitaldeasturias.com\\\/noticias\\\/category\\\/actualidad-asturias\\\/#listItem\",\"name\":\"Actualidad Asturias\"}}]},{\"@type\":\"Organization\",\"@id\":\"https:\\\/\\\/www.eldigitaldeasturias.com\\\/noticias\\\/#organization\",\"name\":\"El Digital de Asturias\",\"description\":\"Hemeroteca\",\"url\":\"https:\\\/\\\/www.eldigitaldeasturias.com\\\/noticias\\\/\",\"email\":\"info@eldigitaldeasturias.com\",\"telephone\":\"+34652131393\",\"logo\":{\"@type\":\"ImageObject\",\"url\":\"https:\\\/\\\/www.eldigitaldeasturias.com\\\/noticias\\\/wp-content\\\/uploads\\\/2020\\\/12\\\/EDA.jpg\",\"@id\":\"https:\\\/\\\/www.eldigitaldeasturias.com\\\/noticias\\\/nuevo-brote-de-coronavirus-en-asturias\\\/#organizationLogo\",\"width\":649,\"height\":297},\"image\":{\"@id\":\"https:\\\/\\\/www.eldigitaldeasturias.com\\\/noticias\\\/nuevo-brote-de-coronavirus-en-asturias\\\/#organizationLogo\"},\"sameAs\":[\"https:\\\/\\\/facebook.com\\\/eldigitaldeasturias\",\"https:\\\/\\\/www.youtube.com\\\/channel\\\/UCZP-2wLEB9Rv6erhFmqVnvg\"],\"address\":{\"@id\":\"https:\\\/\\\/www.eldigitaldeasturias.com\\\/noticias\\\/#postaladdress\",\"@type\":\"PostalAddress\",\"streetAddress\":\"san antonio 4,\",\"postalCode\":\"33430\",\"addressLocality\":\"Cand\\u00e1s\",\"addressRegion\":\"Asturias\",\"addressCountry\":\"ES\"}},{\"@type\":\"Person\",\"@id\":\"https:\\\/\\\/www.eldigitaldeasturias.com\\\/noticias\\\/author\\\/admin\\\/#author\",\"url\":\"https:\\\/\\\/www.eldigitaldeasturias.com\\\/noticias\\\/author\\\/admin\\\/\",\"name\":\"El Digital de Asturias\",\"image\":{\"@type\":\"ImageObject\",\"@id\":\"https:\\\/\\\/www.eldigitaldeasturias.com\\\/noticias\\\/nuevo-brote-de-coronavirus-en-asturias\\\/#authorImage\",\"url\":\"https:\\\/\\\/www.eldigitaldeasturias.com\\\/noticias\\\/wp-content\\\/litespeed\\\/avatar\\\/18677e78aa0546b92d9dbf31ec7d7668.jpg?ver=1776685526\",\"width\":96,\"height\":96,\"caption\":\"El Digital de Asturias\"}},{\"@type\":\"WebPage\",\"@id\":\"https:\\\/\\\/www.eldigitaldeasturias.com\\\/noticias\\\/nuevo-brote-de-coronavirus-en-asturias\\\/#webpage\",\"url\":\"https:\\\/\\\/www.eldigitaldeasturias.com\\\/noticias\\\/nuevo-brote-de-coronavirus-en-asturias\\\/\",\"name\":\"Nuevo brote de coronavirus en Asturias - El Digital de Asturias\",\"description\":\"La Consejer\\u00eda de Salud ha declarado un nuevo brote de coronavirus en Asturias, el primero relacionado con una celebraci\\u00f3n social, en este caso, un cumplea\\u00f1os. Se trata de cinco miembros de dos familias del \\u00e1rea sanitaria V, con cabecera en Gij\\u00f3n. Todas las personas afectadas permanecen en aislamiento domiciliario con s\\u00edntomas leves de la enfermedad.\",\"inLanguage\":\"es-ES\",\"isPartOf\":{\"@id\":\"https:\\\/\\\/www.eldigitaldeasturias.com\\\/noticias\\\/#website\"},\"breadcrumb\":{\"@id\":\"https:\\\/\\\/www.eldigitaldeasturias.com\\\/noticias\\\/nuevo-brote-de-coronavirus-en-asturias\\\/#breadcrumblist\"},\"author\":{\"@id\":\"https:\\\/\\\/www.eldigitaldeasturias.com\\\/noticias\\\/author\\\/admin\\\/#author\"},\"creator\":{\"@id\":\"https:\\\/\\\/www.eldigitaldeasturias.com\\\/noticias\\\/author\\\/admin\\\/#author\"},\"image\":{\"@type\":\"ImageObject\",\"url\":\"https:\\\/\\\/www.eldigitaldeasturias.com\\\/noticias\\\/wp-content\\\/uploads\\\/2020\\\/07\\\/covid-19-5070658_1280.jpg\",\"@id\":\"https:\\\/\\\/www.eldigitaldeasturias.com\\\/noticias\\\/nuevo-brote-de-coronavirus-en-asturias\\\/#mainImage\",\"width\":1280,\"height\":854,\"caption\":\"covid-19\"},\"primaryImageOfPage\":{\"@id\":\"https:\\\/\\\/www.eldigitaldeasturias.com\\\/noticias\\\/nuevo-brote-de-coronavirus-en-asturias\\\/#mainImage\"},\"datePublished\":\"2020-08-05T18:29:01+02:00\",\"dateModified\":\"2020-08-05T18:29:01+02:00\"},{\"@type\":\"WebSite\",\"@id\":\"https:\\\/\\\/www.eldigitaldeasturias.com\\\/noticias\\\/#website\",\"url\":\"https:\\\/\\\/www.eldigitaldeasturias.com\\\/noticias\\\/\",\"name\":\"El Digital de Asturias - Diario de actualidad y noticias\",\"alternateName\":\"El Digital de Asturias - Diario de actualidad y noticias\",\"description\":\"Hemeroteca\",\"inLanguage\":\"es-ES\",\"publisher\":{\"@id\":\"https:\\\/\\\/www.eldigitaldeasturias.com\\\/noticias\\\/#organization\"}}]}\n\t\t<\/script>\n\t\t<!-- All in One SEO Pro -->\r\n\t\t<title>Nuevo brote de coronavirus en Asturias - El Digital de Asturias<\/title>\n\n","aioseo_head_json":{"title":"Nuevo brote de coronavirus en Asturias - El Digital de Asturias","description":"La Consejer\u00eda de Salud ha declarado un nuevo brote de coronavirus en Asturias, el primero relacionado con una celebraci\u00f3n social, en este caso, un cumplea\u00f1os. Se trata de cinco miembros de dos familias del \u00e1rea sanitaria V, con cabecera en Gij\u00f3n. Todas las personas afectadas permanecen en aislamiento domiciliario con s\u00edntomas leves de la enfermedad.","canonical_url":"https:\/\/www.eldigitaldeasturias.com\/noticias\/nuevo-brote-de-coronavirus-en-asturias\/","robots":"max-image-preview:large","keywords":"actualidad asturias,destacadas","webmasterTools":{"google-site-verification":"UA-38556648-1","msvalidate.01":"7dfe9f3f1b24437ab69f4f2559babe99","miscellaneous":""},"schema":{"@context":"https:\/\/schema.org","@graph":[{"@type":"BlogPosting","@id":"https:\/\/www.eldigitaldeasturias.com\/noticias\/nuevo-brote-de-coronavirus-en-asturias\/#blogposting","name":"Nuevo brote de coronavirus en Asturias - El Digital de Asturias","headline":"Nuevo brote de coronavirus en Asturias","author":{"@id":"https:\/\/www.eldigitaldeasturias.com\/noticias\/author\/admin\/#author"},"publisher":{"@id":"https:\/\/www.eldigitaldeasturias.com\/noticias\/#organization"},"image":{"@type":"ImageObject","url":"https:\/\/www.eldigitaldeasturias.com\/noticias\/wp-content\/uploads\/2020\/07\/covid-19-5070658_1280.jpg","width":1280,"height":854,"caption":"covid-19"},"datePublished":"2020-08-05T18:29:01+02:00","dateModified":"2020-08-05T18:29:01+02:00","inLanguage":"es-ES","mainEntityOfPage":{"@id":"https:\/\/www.eldigitaldeasturias.com\/noticias\/nuevo-brote-de-coronavirus-en-asturias\/#webpage"},"isPartOf":{"@id":"https:\/\/www.eldigitaldeasturias.com\/noticias\/nuevo-brote-de-coronavirus-en-asturias\/#webpage"},"articleSection":"Actualidad Asturias, Destacadas"},{"@type":"BreadcrumbList","@id":"https:\/\/www.eldigitaldeasturias.com\/noticias\/nuevo-brote-de-coronavirus-en-asturias\/#breadcrumblist","itemListElement":[{"@type":"ListItem","@id":"https:\/\/www.eldigitaldeasturias.com\/noticias#listItem","position":1,"name":"Home","item":"https:\/\/www.eldigitaldeasturias.com\/noticias","nextItem":{"@type":"ListItem","@id":"https:\/\/www.eldigitaldeasturias.com\/noticias\/category\/actualidad-asturias\/#listItem","name":"Actualidad Asturias"}},{"@type":"ListItem","@id":"https:\/\/www.eldigitaldeasturias.com\/noticias\/category\/actualidad-asturias\/#listItem","position":2,"name":"Actualidad Asturias","item":"https:\/\/www.eldigitaldeasturias.com\/noticias\/category\/actualidad-asturias\/","nextItem":{"@type":"ListItem","@id":"https:\/\/www.eldigitaldeasturias.com\/noticias\/nuevo-brote-de-coronavirus-en-asturias\/#listItem","name":"Nuevo brote de coronavirus en Asturias"},"previousItem":{"@type":"ListItem","@id":"https:\/\/www.eldigitaldeasturias.com\/noticias#listItem","name":"Home"}},{"@type":"ListItem","@id":"https:\/\/www.eldigitaldeasturias.com\/noticias\/nuevo-brote-de-coronavirus-en-asturias\/#listItem","position":3,"name":"Nuevo brote de coronavirus en Asturias","previousItem":{"@type":"ListItem","@id":"https:\/\/www.eldigitaldeasturias.com\/noticias\/category\/actualidad-asturias\/#listItem","name":"Actualidad Asturias"}}]},{"@type":"Organization","@id":"https:\/\/www.eldigitaldeasturias.com\/noticias\/#organization","name":"El Digital de Asturias","description":"Hemeroteca","url":"https:\/\/www.eldigitaldeasturias.com\/noticias\/","email":"info@eldigitaldeasturias.com","telephone":"+34652131393","logo":{"@type":"ImageObject","url":"https:\/\/www.eldigitaldeasturias.com\/noticias\/wp-content\/uploads\/2020\/12\/EDA.jpg","@id":"https:\/\/www.eldigitaldeasturias.com\/noticias\/nuevo-brote-de-coronavirus-en-asturias\/#organizationLogo","width":649,"height":297},"image":{"@id":"https:\/\/www.eldigitaldeasturias.com\/noticias\/nuevo-brote-de-coronavirus-en-asturias\/#organizationLogo"},"sameAs":["https:\/\/facebook.com\/eldigitaldeasturias","https:\/\/www.youtube.com\/channel\/UCZP-2wLEB9Rv6erhFmqVnvg"],"address":{"@id":"https:\/\/www.eldigitaldeasturias.com\/noticias\/#postaladdress","@type":"PostalAddress","streetAddress":"san antonio 4,","postalCode":"33430","addressLocality":"Cand\u00e1s","addressRegion":"Asturias","addressCountry":"ES"}},{"@type":"Person","@id":"https:\/\/www.eldigitaldeasturias.com\/noticias\/author\/admin\/#author","url":"https:\/\/www.eldigitaldeasturias.com\/noticias\/author\/admin\/","name":"El Digital de Asturias","image":{"@type":"ImageObject","@id":"https:\/\/www.eldigitaldeasturias.com\/noticias\/nuevo-brote-de-coronavirus-en-asturias\/#authorImage","url":"https:\/\/www.eldigitaldeasturias.com\/noticias\/wp-content\/litespeed\/avatar\/18677e78aa0546b92d9dbf31ec7d7668.jpg?ver=1776685526","width":96,"height":96,"caption":"El Digital de Asturias"}},{"@type":"WebPage","@id":"https:\/\/www.eldigitaldeasturias.com\/noticias\/nuevo-brote-de-coronavirus-en-asturias\/#webpage","url":"https:\/\/www.eldigitaldeasturias.com\/noticias\/nuevo-brote-de-coronavirus-en-asturias\/","name":"Nuevo brote de coronavirus en Asturias - El Digital de Asturias","description":"La Consejer\u00eda de Salud ha declarado un nuevo brote de coronavirus en Asturias, el primero relacionado con una celebraci\u00f3n social, en este caso, un cumplea\u00f1os. Se trata de cinco miembros de dos familias del \u00e1rea sanitaria V, con cabecera en Gij\u00f3n. Todas las personas afectadas permanecen en aislamiento domiciliario con s\u00edntomas leves de la enfermedad.","inLanguage":"es-ES","isPartOf":{"@id":"https:\/\/www.eldigitaldeasturias.com\/noticias\/#website"},"breadcrumb":{"@id":"https:\/\/www.eldigitaldeasturias.com\/noticias\/nuevo-brote-de-coronavirus-en-asturias\/#breadcrumblist"},"author":{"@id":"https:\/\/www.eldigitaldeasturias.com\/noticias\/author\/admin\/#author"},"creator":{"@id":"https:\/\/www.eldigitaldeasturias.com\/noticias\/author\/admin\/#author"},"image":{"@type":"ImageObject","url":"https:\/\/www.eldigitaldeasturias.com\/noticias\/wp-content\/uploads\/2020\/07\/covid-19-5070658_1280.jpg","@id":"https:\/\/www.eldigitaldeasturias.com\/noticias\/nuevo-brote-de-coronavirus-en-asturias\/#mainImage","width":1280,"height":854,"caption":"covid-19"},"primaryImageOfPage":{"@id":"https:\/\/www.eldigitaldeasturias.com\/noticias\/nuevo-brote-de-coronavirus-en-asturias\/#mainImage"},"datePublished":"2020-08-05T18:29:01+02:00","dateModified":"2020-08-05T18:29:01+02:00"},{"@type":"WebSite","@id":"https:\/\/www.eldigitaldeasturias.com\/noticias\/#website","url":"https:\/\/www.eldigitaldeasturias.com\/noticias\/","name":"El Digital de Asturias - Diario de actualidad y noticias","alternateName":"El Digital de Asturias - Diario de actualidad y noticias","description":"Hemeroteca","inLanguage":"es-ES","publisher":{"@id":"https:\/\/www.eldigitaldeasturias.com\/noticias\/#organization"}}]},"og:locale":"es_ES","og:site_name":"El Digital de Asturias","og:type":"article","og:title":"Nuevo brote de coronavirus en Asturias - El Digital de Asturias","og:description":"La Consejer\u00eda de Salud ha declarado un nuevo brote de coronavirus en Asturias, el primero relacionado con una celebraci\u00f3n social, en este caso, un cumplea\u00f1os. Se trata de cinco miembros de dos familias del \u00e1rea sanitaria V, con cabecera en Gij\u00f3n. Todas las personas afectadas permanecen en aislamiento domiciliario con s\u00edntomas leves de la enfermedad.","og:url":"https:\/\/www.eldigitaldeasturias.com\/noticias\/nuevo-brote-de-coronavirus-en-asturias\/","og:image":"https:\/\/www.eldigitaldeasturias.com\/noticias\/wp-content\/uploads\/2020\/07\/covid-19-5070658_1280.jpg","og:image:secure_url":"https:\/\/www.eldigitaldeasturias.com\/noticias\/wp-content\/uploads\/2020\/07\/covid-19-5070658_1280.jpg","og:image:width":1280,"og:image:height":854,"article:tag":["actualidad asturias","destacadas"],"article:published_time":"2020-08-05T18:29:01+00:00","article:modified_time":"2020-08-05T18:29:01+00:00","article:publisher":"https:\/\/facebook.com\/eldigitaldeasturias","twitter:card":"summary_large_image","twitter:title":"Nuevo brote de coronavirus en Asturias - El Digital de Asturias","twitter:description":"La Consejer\u00eda de Salud ha declarado un nuevo brote de coronavirus en Asturias, el primero relacionado con una celebraci\u00f3n social, en este caso, un cumplea\u00f1os. Se trata de cinco miembros de dos familias del \u00e1rea sanitaria V, con cabecera en Gij\u00f3n. Todas las personas afectadas permanecen en aislamiento domiciliario con s\u00edntomas leves de la enfermedad.","twitter:image":"https:\/\/www.eldigitaldeasturias.com\/noticias\/wp-content\/uploads\/2020\/07\/covid-19-5070658_1280.jpg","twitter:label1":"Escrito por","twitter:data1":"El Digital de Asturias","twitter:label2":"Tiempo de lectura estimado","twitter:data2":"1 minuto"},"aioseo_meta_data":{"post_id":"1072116","title":null,"description":"","keywords":"","keyphrases":null,"primary_term":null,"canonical_url":"","og_title":null,"og_description":null,"og_object_type":"default","og_image_type":"default","og_image_url":null,"og_image_width":null,"og_image_height":null,"og_image_custom_url":null,"og_image_custom_fields":null,"og_video":null,"og_custom_url":null,"og_article_section":null,"og_article_tags":null,"twitter_use_og":false,"twitter_card":"default","twitter_image_type":"default","twitter_image_url":null,"twitter_image_custom_url":null,"twitter_image_custom_fields":null,"twitter_title":null,"twitter_description":null,"schema":{"blockGraphs":[],"customGraphs":[],"default":{"data":{"Article":[],"Course":[],"Dataset":[],"FAQPage":[],"Movie":[],"Person":[],"Product":[],"ProductReview":[],"Car":[],"Recipe":[],"Service":[],"SoftwareApplication":[],"WebPage":[]},"graphName":"","isEnabled":true},"graphs":[],"defaultGraph":"","defaultPostTypeGraph":""},"schema_type":null,"schema_type_options":null,"pillar_content":false,"robots_default":true,"robots_noindex":false,"robots_noarchive":false,"robots_nosnippet":false,"robots_nofollow":false,"robots_noimageindex":false,"robots_noodp":false,"robots_notranslate":false,"robots_max_snippet":null,"robots_max_videopreview":null,"robots_max_imagepreview":"large","priority":null,"frequency":"default","local_seo":null,"seo_analyzer_scan_date":"2025-09-13 05:19:52","breadcrumb_settings":null,"limit_modified_date":false,"open_ai":null,"ai":null,"created":"2020-12-21 10:43:14","updated":"2025-09-13 05:19:52"},"aioseo_breadcrumb":"<div class=\"aioseo-breadcrumbs\"><span class=\"aioseo-breadcrumb\">\n\t<a href=\"https:\/\/www.eldigitaldeasturias.com\/noticias\" title=\"Home\">Home<\/a>\n<\/span><span class=\"aioseo-breadcrumb-separator\">\u2013<\/span><span class=\"aioseo-breadcrumb\">\n\t<a href=\"https:\/\/www.eldigitaldeasturias.com\/noticias\/category\/actualidad-asturias\/\" title=\"Actualidad Asturias\">Actualidad Asturias<\/a>\n<\/span><span class=\"aioseo-breadcrumb-separator\">\u2013<\/span><span class=\"aioseo-breadcrumb\">\n\t<a href=\"https:\/\/www.eldigitaldeasturias.com\/noticias\/nuevo-brote-de-coronavirus-en-asturias\/\" title=\"Nuevo brote de coronavirus en Asturias\">Nuevo brote de coronavirus en Asturias<\/a>\n<\/span><\/div>","aioseo_breadcrumb_json":[{"label":"Home","link":"https:\/\/www.eldigitaldeasturias.com\/noticias"},{"label":"Actualidad Asturias","link":"https:\/\/www.eldigitaldeasturias.com\/noticias\/category\/actualidad-asturias\/"},{"label":"Nuevo brote de coronavirus en Asturias","link":"https:\/\/www.eldigitaldeasturias.com\/noticias\/nuevo-brote-de-coronavirus-en-asturias\/"}],"_links":{"self":[{"href":"https:\/\/www.eldigitaldeasturias.com\/noticias\/wp-json\/wp\/v2\/posts\/1072116","targetHints":{"allow":["GET"]}}],"collection":[{"href":"https:\/\/www.eldigitaldeasturias.com\/noticias\/wp-json\/wp\/v2\/posts"}],"about":[{"href":"https:\/\/www.eldigitaldeasturias.com\/noticias\/wp-json\/wp\/v2\/types\/post"}],"author":[{"embeddable":true,"href":"https:\/\/www.eldigitaldeasturias.com\/noticias\/wp-json\/wp\/v2\/users\/1"}],"replies":[{"embeddable":true,"href":"https:\/\/www.eldigitaldeasturias.com\/noticias\/wp-json\/wp\/v2\/comments?post=1072116"}],"version-history":[{"count":0,"href":"https:\/\/www.eldigitaldeasturias.com\/noticias\/wp-json\/wp\/v2\/posts\/1072116\/revisions"}],"wp:featuredmedia":[{"embeddable":true,"href":"https:\/\/www.eldigitaldeasturias.com\/noticias\/wp-json\/wp\/v2\/media\/1069994"}],"wp:attachment":[{"href":"https:\/\/www.eldigitaldeasturias.com\/noticias\/wp-json\/wp\/v2\/media?parent=1072116"}],"wp:term":[{"taxonomy":"category","embeddable":true,"href":"https:\/\/www.eldigitaldeasturias.com\/noticias\/wp-json\/wp\/v2\/categories?post=1072116"},{"taxonomy":"post_tag","embeddable":true,"href":"https:\/\/www.eldigitaldeasturias.com\/noticias\/wp-json\/wp\/v2\/tags?post=1072116"}],"curies":[{"name":"wp","href":"https:\/\/api.w.org\/{rel}","templated":true}]}}