{"id":1071766,"date":"2020-08-01T11:29:25","date_gmt":"2020-08-01T11:29:25","guid":{"rendered":"https:\/\/www.eldigitaldeasturias.com\/noticias\/?p=1071766"},"modified":"2020-08-01T11:29:25","modified_gmt":"2020-08-01T11:29:25","slug":"asturias-dispondra-de-nuevos-respiradores-invasivos","status":"publish","type":"post","link":"https:\/\/www.eldigitaldeasturias.com\/noticias\/asturias-dispondra-de-nuevos-respiradores-invasivos\/","title":{"rendered":"Asturias dispondr\u00e1 de nuevos respiradores invasivos"},"content":{"rendered":"<p><img loading=\"lazy\" decoding=\"async\" class=\"alignleft size-medium wp-image-1069994\" src=\"https:\/\/www.eldigitaldeasturias.com\/noticias\/wp-content\/uploads\/2020\/07\/covid-19-5070658_1280-360x240.jpg\" alt=\"\" width=\"360\" height=\"240\" srcset=\"https:\/\/www.eldigitaldeasturias.com\/noticias\/wp-content\/uploads\/2020\/07\/covid-19-5070658_1280-360x240.jpg 360w, https:\/\/www.eldigitaldeasturias.com\/noticias\/wp-content\/uploads\/2020\/07\/covid-19-5070658_1280-690x460.jpg 690w, https:\/\/www.eldigitaldeasturias.com\/noticias\/wp-content\/uploads\/2020\/07\/covid-19-5070658_1280-450x300.jpg 450w, https:\/\/www.eldigitaldeasturias.com\/noticias\/wp-content\/uploads\/2020\/07\/covid-19-5070658_1280-768x512.jpg 768w, https:\/\/www.eldigitaldeasturias.com\/noticias\/wp-content\/uploads\/2020\/07\/covid-19-5070658_1280-696x464.jpg 696w, https:\/\/www.eldigitaldeasturias.com\/noticias\/wp-content\/uploads\/2020\/07\/covid-19-5070658_1280-1068x713.jpg 1068w, https:\/\/www.eldigitaldeasturias.com\/noticias\/wp-content\/uploads\/2020\/07\/covid-19-5070658_1280-630x420.jpg 630w, https:\/\/www.eldigitaldeasturias.com\/noticias\/wp-content\/uploads\/2020\/07\/covid-19-5070658_1280.jpg 1280w\" sizes=\"auto, (max-width: 360px) 100vw, 360px\" \/>La Consejer\u00eda de Salud aumentar\u00e1 en 79 respiradores invasivos la dotaci\u00f3n para las Unidades de Cuidados Intensivos (UCI) de los hospitales de la red p\u00fablica, dentro del plan de reserva estrat\u00e9gica para atender la pandemia. Este refuerzo est\u00e1 enmarcado en la pol\u00edtica de anticipaci\u00f3n del Gobierno del Principado para hacer frente a la crisis sanitaria.<\/p>\n<p>El Ministerio de Sanidad acaba de comunicar la entrega de 19 respiradores invasivos, que se sumar\u00e1n a los 60 adquiridos en junio por el <strong>Servicio de Salud del Principado de Asturias<\/strong> (Sespa) con una inversi\u00f3n de 1,5 millones. En marzo y abril se compraron otros 82 (invasivos y no invasivos), como dotaci\u00f3n m\u00ednima imprescindible para caso de necesidad.<\/p>\n<p><strong>La inversi\u00f3n realizada por el Principado hasta el momento en equipos m\u00e9dicos de lucha contra la covid asciende a 3,5 millones<\/strong>.<\/p>\n<p>A este material hay que a\u00f1adir las donaciones realizadas por empresas e instituciones, directamente o a trav\u00e9s del Ministerio de Sanidad y del Instituto Nacional de Gesti\u00f3n Sanitaria (INGESA). Entre las cesiones se encuentran otros respiradores (tanto de transporte como invasivos) que se han recibido en los \u00faltimos meses.<\/p>\n<h3>Otros materiales<\/h3>\n<p>En el marco del plan de reserva estrat\u00e9gica, el Sespa ha adquirido adem\u00e1s material de protecci\u00f3n equivalente a cuatro meses de consumo, per\u00edodo calculado en funci\u00f3n de los meses de mayor incidencia de la pandemia en la regi\u00f3n.<\/p>\n<p>Con los stocks disponibles de mascarillas, guantes, EPIS, hisopos, batas y soluciones antis\u00e9pticas, entre otros, se garantiza la disponibilidad de material en caso de desabastecimiento de los mercados internacionales.<\/p>\n<p>Asimismo, el Servicio de Salud tambi\u00e9n ha tramitado la compra de mobiliario, por importe de 158.138 euros, que ser\u00e1 almacenado para uso inmediato si as\u00ed fuera necesario, en cumplimiento del protocolo de actuaci\u00f3n.<\/p>\n","protected":false},"excerpt":{"rendered":"<p>La Consejer\u00eda de Salud aumentar\u00e1 en 79 respiradores invasivos la dotaci\u00f3n para las Unidades de Cuidados Intensivos (UCI) de los hospitales de la red p\u00fablica, dentro del plan de reserva estrat\u00e9gica para atender la pandemia. Este refuerzo est\u00e1 enmarcado en la pol\u00edtica de anticipaci\u00f3n del Gobierno del Principado para hacer frente a la crisis sanitaria. [&hellip;]<\/p>\n","protected":false},"author":1,"featured_media":1069994,"comment_status":"closed","ping_status":"closed","sticky":false,"template":"","format":"standard","meta":{"footnotes":""},"categories":[12,141],"tags":[],"class_list":["post-1071766","post","type-post","status-publish","format-standard","has-post-thumbnail","hentry","category-actualidad-asturias","category-destacadas"],"aioseo_notices":[],"aioseo_head":"\n\t\t<!-- All in One SEO Pro 4.9.6.2 - aioseo.com -->\n\t<meta name=\"description\" content=\"La Consejer\u00eda de Salud aumentar\u00e1 en 79 respiradores invasivos la dotaci\u00f3n para las Unidades de Cuidados Intensivos (UCI) de los hospitales de la red p\u00fablica, dentro del plan de reserva estrat\u00e9gica para atender la pandemia. Este refuerzo est\u00e1 enmarcado en la pol\u00edtica de anticipaci\u00f3n del Gobierno del Principado para hacer frente a la crisis sanitaria.\" \/>\n\t<meta name=\"robots\" content=\"max-image-preview:large\" \/>\n\t<meta name=\"author\" content=\"El Digital de Asturias\"\/>\n\t<meta name=\"google-site-verification\" content=\"UA-38556648-1\" \/>\n\t<meta name=\"msvalidate.01\" content=\"7dfe9f3f1b24437ab69f4f2559babe99\" \/>\n\t<meta name=\"keywords\" content=\"actualidad asturias,destacadas\" \/>\n\t<link rel=\"canonical\" href=\"https:\/\/www.eldigitaldeasturias.com\/noticias\/asturias-dispondra-de-nuevos-respiradores-invasivos\/\" \/>\n\t<meta name=\"generator\" content=\"All in One SEO Pro (AIOSEO) 4.9.6.2\" \/>\n\t\t<meta property=\"og:locale\" content=\"es_ES\" \/>\n\t\t<meta property=\"og:site_name\" content=\"El Digital de Asturias\" \/>\n\t\t<meta property=\"og:type\" content=\"article\" \/>\n\t\t<meta property=\"og:title\" content=\"Asturias dispondr\u00e1 de nuevos respiradores invasivos - El Digital de Asturias\" \/>\n\t\t<meta property=\"og:description\" content=\"La Consejer\u00eda de Salud aumentar\u00e1 en 79 respiradores invasivos la dotaci\u00f3n para las Unidades de Cuidados Intensivos (UCI) de los hospitales de la red p\u00fablica, dentro del plan de reserva estrat\u00e9gica para atender la pandemia. Este refuerzo est\u00e1 enmarcado en la pol\u00edtica de anticipaci\u00f3n del Gobierno del Principado para hacer frente a la crisis sanitaria.\" \/>\n\t\t<meta property=\"og:url\" content=\"https:\/\/www.eldigitaldeasturias.com\/noticias\/asturias-dispondra-de-nuevos-respiradores-invasivos\/\" \/>\n\t\t<meta property=\"og:image\" content=\"https:\/\/www.eldigitaldeasturias.com\/noticias\/wp-content\/uploads\/2020\/07\/covid-19-5070658_1280.jpg\" \/>\n\t\t<meta property=\"og:image:secure_url\" content=\"https:\/\/www.eldigitaldeasturias.com\/noticias\/wp-content\/uploads\/2020\/07\/covid-19-5070658_1280.jpg\" \/>\n\t\t<meta property=\"og:image:width\" content=\"1280\" \/>\n\t\t<meta property=\"og:image:height\" content=\"854\" \/>\n\t\t<meta property=\"article:tag\" content=\"actualidad asturias\" \/>\n\t\t<meta property=\"article:tag\" content=\"destacadas\" \/>\n\t\t<meta property=\"article:published_time\" content=\"2020-08-01T11:29:25+00:00\" \/>\n\t\t<meta property=\"article:modified_time\" content=\"2020-08-01T11:29:25+00:00\" \/>\n\t\t<meta property=\"article:publisher\" content=\"https:\/\/facebook.com\/eldigitaldeasturias\" \/>\n\t\t<meta name=\"twitter:card\" content=\"summary_large_image\" \/>\n\t\t<meta name=\"twitter:title\" content=\"Asturias dispondr\u00e1 de nuevos respiradores invasivos - El Digital de Asturias\" \/>\n\t\t<meta name=\"twitter:description\" content=\"La Consejer\u00eda de Salud aumentar\u00e1 en 79 respiradores invasivos la dotaci\u00f3n para las Unidades de Cuidados Intensivos (UCI) de los hospitales de la red p\u00fablica, dentro del plan de reserva estrat\u00e9gica para atender la pandemia. Este refuerzo est\u00e1 enmarcado en la pol\u00edtica de anticipaci\u00f3n del Gobierno del Principado para hacer frente a la crisis sanitaria.\" \/>\n\t\t<meta name=\"twitter:image\" content=\"https:\/\/www.eldigitaldeasturias.com\/noticias\/wp-content\/uploads\/2020\/07\/covid-19-5070658_1280.jpg\" \/>\n\t\t<meta name=\"twitter:label1\" content=\"Escrito por\" \/>\n\t\t<meta name=\"twitter:data1\" content=\"El Digital de Asturias\" \/>\n\t\t<meta name=\"twitter:label2\" content=\"Tiempo de lectura estimado\" \/>\n\t\t<meta name=\"twitter:data2\" content=\"2 minutos\" \/>\n\t\t<script type=\"application\/ld+json\" class=\"aioseo-schema\">\n\t\t\t{\"@context\":\"https:\\\/\\\/schema.org\",\"@graph\":[{\"@type\":\"BlogPosting\",\"@id\":\"https:\\\/\\\/www.eldigitaldeasturias.com\\\/noticias\\\/asturias-dispondra-de-nuevos-respiradores-invasivos\\\/#blogposting\",\"name\":\"Asturias dispondr\\u00e1 de nuevos respiradores invasivos - El Digital de Asturias\",\"headline\":\"Asturias dispondr\\u00e1 de nuevos respiradores invasivos\",\"author\":{\"@id\":\"https:\\\/\\\/www.eldigitaldeasturias.com\\\/noticias\\\/author\\\/admin\\\/#author\"},\"publisher\":{\"@id\":\"https:\\\/\\\/www.eldigitaldeasturias.com\\\/noticias\\\/#organization\"},\"image\":{\"@type\":\"ImageObject\",\"url\":\"https:\\\/\\\/www.eldigitaldeasturias.com\\\/noticias\\\/wp-content\\\/uploads\\\/2020\\\/07\\\/covid-19-5070658_1280.jpg\",\"width\":1280,\"height\":854,\"caption\":\"covid-19\"},\"datePublished\":\"2020-08-01T11:29:25+02:00\",\"dateModified\":\"2020-08-01T11:29:25+02:00\",\"inLanguage\":\"es-ES\",\"mainEntityOfPage\":{\"@id\":\"https:\\\/\\\/www.eldigitaldeasturias.com\\\/noticias\\\/asturias-dispondra-de-nuevos-respiradores-invasivos\\\/#webpage\"},\"isPartOf\":{\"@id\":\"https:\\\/\\\/www.eldigitaldeasturias.com\\\/noticias\\\/asturias-dispondra-de-nuevos-respiradores-invasivos\\\/#webpage\"},\"articleSection\":\"Actualidad Asturias, Destacadas\"},{\"@type\":\"BreadcrumbList\",\"@id\":\"https:\\\/\\\/www.eldigitaldeasturias.com\\\/noticias\\\/asturias-dispondra-de-nuevos-respiradores-invasivos\\\/#breadcrumblist\",\"itemListElement\":[{\"@type\":\"ListItem\",\"@id\":\"https:\\\/\\\/www.eldigitaldeasturias.com\\\/noticias#listItem\",\"position\":1,\"name\":\"Home\",\"item\":\"https:\\\/\\\/www.eldigitaldeasturias.com\\\/noticias\",\"nextItem\":{\"@type\":\"ListItem\",\"@id\":\"https:\\\/\\\/www.eldigitaldeasturias.com\\\/noticias\\\/category\\\/actualidad-asturias\\\/#listItem\",\"name\":\"Actualidad Asturias\"}},{\"@type\":\"ListItem\",\"@id\":\"https:\\\/\\\/www.eldigitaldeasturias.com\\\/noticias\\\/category\\\/actualidad-asturias\\\/#listItem\",\"position\":2,\"name\":\"Actualidad Asturias\",\"item\":\"https:\\\/\\\/www.eldigitaldeasturias.com\\\/noticias\\\/category\\\/actualidad-asturias\\\/\",\"nextItem\":{\"@type\":\"ListItem\",\"@id\":\"https:\\\/\\\/www.eldigitaldeasturias.com\\\/noticias\\\/asturias-dispondra-de-nuevos-respiradores-invasivos\\\/#listItem\",\"name\":\"Asturias dispondr\\u00e1 de nuevos respiradores invasivos\"},\"previousItem\":{\"@type\":\"ListItem\",\"@id\":\"https:\\\/\\\/www.eldigitaldeasturias.com\\\/noticias#listItem\",\"name\":\"Home\"}},{\"@type\":\"ListItem\",\"@id\":\"https:\\\/\\\/www.eldigitaldeasturias.com\\\/noticias\\\/asturias-dispondra-de-nuevos-respiradores-invasivos\\\/#listItem\",\"position\":3,\"name\":\"Asturias dispondr\\u00e1 de nuevos respiradores invasivos\",\"previousItem\":{\"@type\":\"ListItem\",\"@id\":\"https:\\\/\\\/www.eldigitaldeasturias.com\\\/noticias\\\/category\\\/actualidad-asturias\\\/#listItem\",\"name\":\"Actualidad Asturias\"}}]},{\"@type\":\"Organization\",\"@id\":\"https:\\\/\\\/www.eldigitaldeasturias.com\\\/noticias\\\/#organization\",\"name\":\"El Digital de Asturias\",\"description\":\"Hemeroteca\",\"url\":\"https:\\\/\\\/www.eldigitaldeasturias.com\\\/noticias\\\/\",\"email\":\"info@eldigitaldeasturias.com\",\"telephone\":\"+34652131393\",\"logo\":{\"@type\":\"ImageObject\",\"url\":\"https:\\\/\\\/www.eldigitaldeasturias.com\\\/noticias\\\/wp-content\\\/uploads\\\/2020\\\/12\\\/EDA.jpg\",\"@id\":\"https:\\\/\\\/www.eldigitaldeasturias.com\\\/noticias\\\/asturias-dispondra-de-nuevos-respiradores-invasivos\\\/#organizationLogo\",\"width\":649,\"height\":297},\"image\":{\"@id\":\"https:\\\/\\\/www.eldigitaldeasturias.com\\\/noticias\\\/asturias-dispondra-de-nuevos-respiradores-invasivos\\\/#organizationLogo\"},\"sameAs\":[\"https:\\\/\\\/facebook.com\\\/eldigitaldeasturias\",\"https:\\\/\\\/www.youtube.com\\\/channel\\\/UCZP-2wLEB9Rv6erhFmqVnvg\"],\"address\":{\"@id\":\"https:\\\/\\\/www.eldigitaldeasturias.com\\\/noticias\\\/#postaladdress\",\"@type\":\"PostalAddress\",\"streetAddress\":\"san antonio 4,\",\"postalCode\":\"33430\",\"addressLocality\":\"Cand\\u00e1s\",\"addressRegion\":\"Asturias\",\"addressCountry\":\"ES\"}},{\"@type\":\"Person\",\"@id\":\"https:\\\/\\\/www.eldigitaldeasturias.com\\\/noticias\\\/author\\\/admin\\\/#author\",\"url\":\"https:\\\/\\\/www.eldigitaldeasturias.com\\\/noticias\\\/author\\\/admin\\\/\",\"name\":\"El Digital de Asturias\",\"image\":{\"@type\":\"ImageObject\",\"@id\":\"https:\\\/\\\/www.eldigitaldeasturias.com\\\/noticias\\\/asturias-dispondra-de-nuevos-respiradores-invasivos\\\/#authorImage\",\"url\":\"https:\\\/\\\/www.eldigitaldeasturias.com\\\/noticias\\\/wp-content\\\/litespeed\\\/avatar\\\/18677e78aa0546b92d9dbf31ec7d7668.jpg?ver=1776685526\",\"width\":96,\"height\":96,\"caption\":\"El Digital de Asturias\"}},{\"@type\":\"WebPage\",\"@id\":\"https:\\\/\\\/www.eldigitaldeasturias.com\\\/noticias\\\/asturias-dispondra-de-nuevos-respiradores-invasivos\\\/#webpage\",\"url\":\"https:\\\/\\\/www.eldigitaldeasturias.com\\\/noticias\\\/asturias-dispondra-de-nuevos-respiradores-invasivos\\\/\",\"name\":\"Asturias dispondr\\u00e1 de nuevos respiradores invasivos - El Digital de Asturias\",\"description\":\"La Consejer\\u00eda de Salud aumentar\\u00e1 en 79 respiradores invasivos la dotaci\\u00f3n para las Unidades de Cuidados Intensivos (UCI) de los hospitales de la red p\\u00fablica, dentro del plan de reserva estrat\\u00e9gica para atender la pandemia. Este refuerzo est\\u00e1 enmarcado en la pol\\u00edtica de anticipaci\\u00f3n del Gobierno del Principado para hacer frente a la crisis sanitaria.\",\"inLanguage\":\"es-ES\",\"isPartOf\":{\"@id\":\"https:\\\/\\\/www.eldigitaldeasturias.com\\\/noticias\\\/#website\"},\"breadcrumb\":{\"@id\":\"https:\\\/\\\/www.eldigitaldeasturias.com\\\/noticias\\\/asturias-dispondra-de-nuevos-respiradores-invasivos\\\/#breadcrumblist\"},\"author\":{\"@id\":\"https:\\\/\\\/www.eldigitaldeasturias.com\\\/noticias\\\/author\\\/admin\\\/#author\"},\"creator\":{\"@id\":\"https:\\\/\\\/www.eldigitaldeasturias.com\\\/noticias\\\/author\\\/admin\\\/#author\"},\"image\":{\"@type\":\"ImageObject\",\"url\":\"https:\\\/\\\/www.eldigitaldeasturias.com\\\/noticias\\\/wp-content\\\/uploads\\\/2020\\\/07\\\/covid-19-5070658_1280.jpg\",\"@id\":\"https:\\\/\\\/www.eldigitaldeasturias.com\\\/noticias\\\/asturias-dispondra-de-nuevos-respiradores-invasivos\\\/#mainImage\",\"width\":1280,\"height\":854,\"caption\":\"covid-19\"},\"primaryImageOfPage\":{\"@id\":\"https:\\\/\\\/www.eldigitaldeasturias.com\\\/noticias\\\/asturias-dispondra-de-nuevos-respiradores-invasivos\\\/#mainImage\"},\"datePublished\":\"2020-08-01T11:29:25+02:00\",\"dateModified\":\"2020-08-01T11:29:25+02:00\"},{\"@type\":\"WebSite\",\"@id\":\"https:\\\/\\\/www.eldigitaldeasturias.com\\\/noticias\\\/#website\",\"url\":\"https:\\\/\\\/www.eldigitaldeasturias.com\\\/noticias\\\/\",\"name\":\"El Digital de Asturias - Diario de actualidad y noticias\",\"alternateName\":\"El Digital de Asturias - Diario de actualidad y noticias\",\"description\":\"Hemeroteca\",\"inLanguage\":\"es-ES\",\"publisher\":{\"@id\":\"https:\\\/\\\/www.eldigitaldeasturias.com\\\/noticias\\\/#organization\"}}]}\n\t\t<\/script>\n\t\t<!-- All in One SEO Pro -->\r\n\t\t<title>Asturias dispondr\u00e1 de nuevos respiradores invasivos - El Digital de Asturias<\/title>\n\n","aioseo_head_json":{"title":"Asturias dispondr\u00e1 de nuevos respiradores invasivos - El Digital de Asturias","description":"La Consejer\u00eda de Salud aumentar\u00e1 en 79 respiradores invasivos la dotaci\u00f3n para las Unidades de Cuidados Intensivos (UCI) de los hospitales de la red p\u00fablica, dentro del plan de reserva estrat\u00e9gica para atender la pandemia. Este refuerzo est\u00e1 enmarcado en la pol\u00edtica de anticipaci\u00f3n del Gobierno del Principado para hacer frente a la crisis sanitaria.","canonical_url":"https:\/\/www.eldigitaldeasturias.com\/noticias\/asturias-dispondra-de-nuevos-respiradores-invasivos\/","robots":"max-image-preview:large","keywords":"actualidad asturias,destacadas","webmasterTools":{"google-site-verification":"UA-38556648-1","msvalidate.01":"7dfe9f3f1b24437ab69f4f2559babe99","miscellaneous":""},"schema":{"@context":"https:\/\/schema.org","@graph":[{"@type":"BlogPosting","@id":"https:\/\/www.eldigitaldeasturias.com\/noticias\/asturias-dispondra-de-nuevos-respiradores-invasivos\/#blogposting","name":"Asturias dispondr\u00e1 de nuevos respiradores invasivos - El Digital de Asturias","headline":"Asturias dispondr\u00e1 de nuevos respiradores invasivos","author":{"@id":"https:\/\/www.eldigitaldeasturias.com\/noticias\/author\/admin\/#author"},"publisher":{"@id":"https:\/\/www.eldigitaldeasturias.com\/noticias\/#organization"},"image":{"@type":"ImageObject","url":"https:\/\/www.eldigitaldeasturias.com\/noticias\/wp-content\/uploads\/2020\/07\/covid-19-5070658_1280.jpg","width":1280,"height":854,"caption":"covid-19"},"datePublished":"2020-08-01T11:29:25+02:00","dateModified":"2020-08-01T11:29:25+02:00","inLanguage":"es-ES","mainEntityOfPage":{"@id":"https:\/\/www.eldigitaldeasturias.com\/noticias\/asturias-dispondra-de-nuevos-respiradores-invasivos\/#webpage"},"isPartOf":{"@id":"https:\/\/www.eldigitaldeasturias.com\/noticias\/asturias-dispondra-de-nuevos-respiradores-invasivos\/#webpage"},"articleSection":"Actualidad Asturias, Destacadas"},{"@type":"BreadcrumbList","@id":"https:\/\/www.eldigitaldeasturias.com\/noticias\/asturias-dispondra-de-nuevos-respiradores-invasivos\/#breadcrumblist","itemListElement":[{"@type":"ListItem","@id":"https:\/\/www.eldigitaldeasturias.com\/noticias#listItem","position":1,"name":"Home","item":"https:\/\/www.eldigitaldeasturias.com\/noticias","nextItem":{"@type":"ListItem","@id":"https:\/\/www.eldigitaldeasturias.com\/noticias\/category\/actualidad-asturias\/#listItem","name":"Actualidad Asturias"}},{"@type":"ListItem","@id":"https:\/\/www.eldigitaldeasturias.com\/noticias\/category\/actualidad-asturias\/#listItem","position":2,"name":"Actualidad Asturias","item":"https:\/\/www.eldigitaldeasturias.com\/noticias\/category\/actualidad-asturias\/","nextItem":{"@type":"ListItem","@id":"https:\/\/www.eldigitaldeasturias.com\/noticias\/asturias-dispondra-de-nuevos-respiradores-invasivos\/#listItem","name":"Asturias dispondr\u00e1 de nuevos respiradores invasivos"},"previousItem":{"@type":"ListItem","@id":"https:\/\/www.eldigitaldeasturias.com\/noticias#listItem","name":"Home"}},{"@type":"ListItem","@id":"https:\/\/www.eldigitaldeasturias.com\/noticias\/asturias-dispondra-de-nuevos-respiradores-invasivos\/#listItem","position":3,"name":"Asturias dispondr\u00e1 de nuevos respiradores invasivos","previousItem":{"@type":"ListItem","@id":"https:\/\/www.eldigitaldeasturias.com\/noticias\/category\/actualidad-asturias\/#listItem","name":"Actualidad Asturias"}}]},{"@type":"Organization","@id":"https:\/\/www.eldigitaldeasturias.com\/noticias\/#organization","name":"El Digital de Asturias","description":"Hemeroteca","url":"https:\/\/www.eldigitaldeasturias.com\/noticias\/","email":"info@eldigitaldeasturias.com","telephone":"+34652131393","logo":{"@type":"ImageObject","url":"https:\/\/www.eldigitaldeasturias.com\/noticias\/wp-content\/uploads\/2020\/12\/EDA.jpg","@id":"https:\/\/www.eldigitaldeasturias.com\/noticias\/asturias-dispondra-de-nuevos-respiradores-invasivos\/#organizationLogo","width":649,"height":297},"image":{"@id":"https:\/\/www.eldigitaldeasturias.com\/noticias\/asturias-dispondra-de-nuevos-respiradores-invasivos\/#organizationLogo"},"sameAs":["https:\/\/facebook.com\/eldigitaldeasturias","https:\/\/www.youtube.com\/channel\/UCZP-2wLEB9Rv6erhFmqVnvg"],"address":{"@id":"https:\/\/www.eldigitaldeasturias.com\/noticias\/#postaladdress","@type":"PostalAddress","streetAddress":"san antonio 4,","postalCode":"33430","addressLocality":"Cand\u00e1s","addressRegion":"Asturias","addressCountry":"ES"}},{"@type":"Person","@id":"https:\/\/www.eldigitaldeasturias.com\/noticias\/author\/admin\/#author","url":"https:\/\/www.eldigitaldeasturias.com\/noticias\/author\/admin\/","name":"El Digital de Asturias","image":{"@type":"ImageObject","@id":"https:\/\/www.eldigitaldeasturias.com\/noticias\/asturias-dispondra-de-nuevos-respiradores-invasivos\/#authorImage","url":"https:\/\/www.eldigitaldeasturias.com\/noticias\/wp-content\/litespeed\/avatar\/18677e78aa0546b92d9dbf31ec7d7668.jpg?ver=1776685526","width":96,"height":96,"caption":"El Digital de Asturias"}},{"@type":"WebPage","@id":"https:\/\/www.eldigitaldeasturias.com\/noticias\/asturias-dispondra-de-nuevos-respiradores-invasivos\/#webpage","url":"https:\/\/www.eldigitaldeasturias.com\/noticias\/asturias-dispondra-de-nuevos-respiradores-invasivos\/","name":"Asturias dispondr\u00e1 de nuevos respiradores invasivos - El Digital de Asturias","description":"La Consejer\u00eda de Salud aumentar\u00e1 en 79 respiradores invasivos la dotaci\u00f3n para las Unidades de Cuidados Intensivos (UCI) de los hospitales de la red p\u00fablica, dentro del plan de reserva estrat\u00e9gica para atender la pandemia. Este refuerzo est\u00e1 enmarcado en la pol\u00edtica de anticipaci\u00f3n del Gobierno del Principado para hacer frente a la crisis sanitaria.","inLanguage":"es-ES","isPartOf":{"@id":"https:\/\/www.eldigitaldeasturias.com\/noticias\/#website"},"breadcrumb":{"@id":"https:\/\/www.eldigitaldeasturias.com\/noticias\/asturias-dispondra-de-nuevos-respiradores-invasivos\/#breadcrumblist"},"author":{"@id":"https:\/\/www.eldigitaldeasturias.com\/noticias\/author\/admin\/#author"},"creator":{"@id":"https:\/\/www.eldigitaldeasturias.com\/noticias\/author\/admin\/#author"},"image":{"@type":"ImageObject","url":"https:\/\/www.eldigitaldeasturias.com\/noticias\/wp-content\/uploads\/2020\/07\/covid-19-5070658_1280.jpg","@id":"https:\/\/www.eldigitaldeasturias.com\/noticias\/asturias-dispondra-de-nuevos-respiradores-invasivos\/#mainImage","width":1280,"height":854,"caption":"covid-19"},"primaryImageOfPage":{"@id":"https:\/\/www.eldigitaldeasturias.com\/noticias\/asturias-dispondra-de-nuevos-respiradores-invasivos\/#mainImage"},"datePublished":"2020-08-01T11:29:25+02:00","dateModified":"2020-08-01T11:29:25+02:00"},{"@type":"WebSite","@id":"https:\/\/www.eldigitaldeasturias.com\/noticias\/#website","url":"https:\/\/www.eldigitaldeasturias.com\/noticias\/","name":"El Digital de Asturias - Diario de actualidad y noticias","alternateName":"El Digital de Asturias - Diario de actualidad y noticias","description":"Hemeroteca","inLanguage":"es-ES","publisher":{"@id":"https:\/\/www.eldigitaldeasturias.com\/noticias\/#organization"}}]},"og:locale":"es_ES","og:site_name":"El Digital de Asturias","og:type":"article","og:title":"Asturias dispondr\u00e1 de nuevos respiradores invasivos - El Digital de Asturias","og:description":"La Consejer\u00eda de Salud aumentar\u00e1 en 79 respiradores invasivos la dotaci\u00f3n para las Unidades de Cuidados Intensivos (UCI) de los hospitales de la red p\u00fablica, dentro del plan de reserva estrat\u00e9gica para atender la pandemia. Este refuerzo est\u00e1 enmarcado en la pol\u00edtica de anticipaci\u00f3n del Gobierno del Principado para hacer frente a la crisis sanitaria.","og:url":"https:\/\/www.eldigitaldeasturias.com\/noticias\/asturias-dispondra-de-nuevos-respiradores-invasivos\/","og:image":"https:\/\/www.eldigitaldeasturias.com\/noticias\/wp-content\/uploads\/2020\/07\/covid-19-5070658_1280.jpg","og:image:secure_url":"https:\/\/www.eldigitaldeasturias.com\/noticias\/wp-content\/uploads\/2020\/07\/covid-19-5070658_1280.jpg","og:image:width":1280,"og:image:height":854,"article:tag":["actualidad asturias","destacadas"],"article:published_time":"2020-08-01T11:29:25+00:00","article:modified_time":"2020-08-01T11:29:25+00:00","article:publisher":"https:\/\/facebook.com\/eldigitaldeasturias","twitter:card":"summary_large_image","twitter:title":"Asturias dispondr\u00e1 de nuevos respiradores invasivos - El Digital de Asturias","twitter:description":"La Consejer\u00eda de Salud aumentar\u00e1 en 79 respiradores invasivos la dotaci\u00f3n para las Unidades de Cuidados Intensivos (UCI) de los hospitales de la red p\u00fablica, dentro del plan de reserva estrat\u00e9gica para atender la pandemia. Este refuerzo est\u00e1 enmarcado en la pol\u00edtica de anticipaci\u00f3n del Gobierno del Principado para hacer frente a la crisis sanitaria.","twitter:image":"https:\/\/www.eldigitaldeasturias.com\/noticias\/wp-content\/uploads\/2020\/07\/covid-19-5070658_1280.jpg","twitter:label1":"Escrito por","twitter:data1":"El Digital de Asturias","twitter:label2":"Tiempo de lectura estimado","twitter:data2":"2 minutos"},"aioseo_meta_data":{"post_id":"1071766","title":null,"description":"","keywords":"","keyphrases":null,"primary_term":null,"canonical_url":"","og_title":null,"og_description":null,"og_object_type":"default","og_image_type":"default","og_image_url":null,"og_image_width":null,"og_image_height":null,"og_image_custom_url":null,"og_image_custom_fields":null,"og_video":null,"og_custom_url":null,"og_article_section":null,"og_article_tags":null,"twitter_use_og":false,"twitter_card":"default","twitter_image_type":"default","twitter_image_url":null,"twitter_image_custom_url":null,"twitter_image_custom_fields":null,"twitter_title":null,"twitter_description":null,"schema":{"blockGraphs":[],"customGraphs":[],"default":{"data":{"Article":[],"Course":[],"Dataset":[],"FAQPage":[],"Movie":[],"Person":[],"Product":[],"ProductReview":[],"Car":[],"Recipe":[],"Service":[],"SoftwareApplication":[],"WebPage":[]},"graphName":"","isEnabled":true},"graphs":[],"defaultGraph":"","defaultPostTypeGraph":""},"schema_type":null,"schema_type_options":null,"pillar_content":false,"robots_default":true,"robots_noindex":false,"robots_noarchive":false,"robots_nosnippet":false,"robots_nofollow":false,"robots_noimageindex":false,"robots_noodp":false,"robots_notranslate":false,"robots_max_snippet":null,"robots_max_videopreview":null,"robots_max_imagepreview":"large","priority":null,"frequency":"default","local_seo":null,"seo_analyzer_scan_date":"2025-09-13 04:19:51","breadcrumb_settings":null,"limit_modified_date":false,"open_ai":null,"ai":null,"created":"2020-12-21 10:44:13","updated":"2025-09-13 04:19:51"},"aioseo_breadcrumb":"<div class=\"aioseo-breadcrumbs\"><span class=\"aioseo-breadcrumb\">\n\t<a href=\"https:\/\/www.eldigitaldeasturias.com\/noticias\" title=\"Home\">Home<\/a>\n<\/span><span class=\"aioseo-breadcrumb-separator\">\u2013<\/span><span class=\"aioseo-breadcrumb\">\n\t<a href=\"https:\/\/www.eldigitaldeasturias.com\/noticias\/category\/actualidad-asturias\/\" title=\"Actualidad Asturias\">Actualidad Asturias<\/a>\n<\/span><span class=\"aioseo-breadcrumb-separator\">\u2013<\/span><span class=\"aioseo-breadcrumb\">\n\t<a href=\"https:\/\/www.eldigitaldeasturias.com\/noticias\/asturias-dispondra-de-nuevos-respiradores-invasivos\/\" title=\"Asturias dispondr\u00e1 de nuevos respiradores invasivos\">Asturias dispondr\u00e1 de nuevos respiradores invasivos<\/a>\n<\/span><\/div>","aioseo_breadcrumb_json":[{"label":"Home","link":"https:\/\/www.eldigitaldeasturias.com\/noticias"},{"label":"Actualidad Asturias","link":"https:\/\/www.eldigitaldeasturias.com\/noticias\/category\/actualidad-asturias\/"},{"label":"Asturias dispondr\u00e1 de nuevos respiradores invasivos","link":"https:\/\/www.eldigitaldeasturias.com\/noticias\/asturias-dispondra-de-nuevos-respiradores-invasivos\/"}],"_links":{"self":[{"href":"https:\/\/www.eldigitaldeasturias.com\/noticias\/wp-json\/wp\/v2\/posts\/1071766","targetHints":{"allow":["GET"]}}],"collection":[{"href":"https:\/\/www.eldigitaldeasturias.com\/noticias\/wp-json\/wp\/v2\/posts"}],"about":[{"href":"https:\/\/www.eldigitaldeasturias.com\/noticias\/wp-json\/wp\/v2\/types\/post"}],"author":[{"embeddable":true,"href":"https:\/\/www.eldigitaldeasturias.com\/noticias\/wp-json\/wp\/v2\/users\/1"}],"replies":[{"embeddable":true,"href":"https:\/\/www.eldigitaldeasturias.com\/noticias\/wp-json\/wp\/v2\/comments?post=1071766"}],"version-history":[{"count":0,"href":"https:\/\/www.eldigitaldeasturias.com\/noticias\/wp-json\/wp\/v2\/posts\/1071766\/revisions"}],"wp:featuredmedia":[{"embeddable":true,"href":"https:\/\/www.eldigitaldeasturias.com\/noticias\/wp-json\/wp\/v2\/media\/1069994"}],"wp:attachment":[{"href":"https:\/\/www.eldigitaldeasturias.com\/noticias\/wp-json\/wp\/v2\/media?parent=1071766"}],"wp:term":[{"taxonomy":"category","embeddable":true,"href":"https:\/\/www.eldigitaldeasturias.com\/noticias\/wp-json\/wp\/v2\/categories?post=1071766"},{"taxonomy":"post_tag","embeddable":true,"href":"https:\/\/www.eldigitaldeasturias.com\/noticias\/wp-json\/wp\/v2\/tags?post=1071766"}],"curies":[{"name":"wp","href":"https:\/\/api.w.org\/{rel}","templated":true}]}}