{"id":1071516,"date":"2020-07-28T20:32:10","date_gmt":"2020-07-28T20:32:10","guid":{"rendered":"https:\/\/www.eldigitaldeasturias.com\/noticias\/?p=1071516"},"modified":"2020-07-28T20:32:10","modified_gmt":"2020-07-28T20:32:10","slug":"epa-del-segundo-trimestre-de-2020-en-asturias","status":"publish","type":"post","link":"https:\/\/www.eldigitaldeasturias.com\/noticias\/epa-del-segundo-trimestre-de-2020-en-asturias\/","title":{"rendered":"EPA del segundo trimestre de 2020 en Asturias"},"content":{"rendered":"<p><img loading=\"lazy\" decoding=\"async\" class=\"alignleft size-medium wp-image-1013387\" src=\"https:\/\/www.eldigitaldeasturias.com\/noticias\/wp-content\/uploads\/2019\/01\/work-791218_960_720-360x240.jpg\" alt=\"\" width=\"360\" height=\"240\" srcset=\"https:\/\/www.eldigitaldeasturias.com\/noticias\/wp-content\/uploads\/2019\/01\/work-791218_960_720-360x240.jpg 360w, https:\/\/www.eldigitaldeasturias.com\/noticias\/wp-content\/uploads\/2019\/01\/work-791218_960_720-768x512.jpg 768w, https:\/\/www.eldigitaldeasturias.com\/noticias\/wp-content\/uploads\/2019\/01\/work-791218_960_720-650x433.jpg 650w, https:\/\/www.eldigitaldeasturias.com\/noticias\/wp-content\/uploads\/2019\/01\/work-791218_960_720.jpg 960w\" sizes=\"auto, (max-width: 360px) 100vw, 360px\" \/>(EUROPA PRESS) &#8211;\u00a0La Encuesta de Poblaci\u00f3n Activa (EPA) del segundo trimestre de 2020 refleja que<strong> el paro ha descendido en el Principado de Asturias en 2.400 personas en comparaci\u00f3n con el trimestre anterior<\/strong>, seg\u00fan ha publicado el Instituto Nacional de Estad\u00edstica (INE) este martes. En t\u00e9rminos relativos, <strong>Asturias es la comunidad aut\u00f3noma que registra el menor descenso anual del empleo<\/strong>, con un 3,48%, seguida de Arag\u00f3n (4,19%) y Madrid (4,22%).<\/p>\n<p>En comparaci\u00f3n con el mismo trimestre del a\u00f1o pasado el n\u00famero de personas en paro ha descendido en 800. El n\u00famero total de parados se sit\u00faa en 62.700 entre los meses de abril y junio en el Principado.<\/p>\n<p>La encuesta refleja que <strong>en Asturias hay 887.500 personas mayores de 16 a\u00f1os<\/strong>, de los cuales 434.000 est\u00e1n activos. De ellos, 371.300 est\u00e1n ocupados, un 4,21% menos que en el trimestre anterior, y un 3,48% menos que el mismo periodo de 2019.<\/p>\n<p>A pesar de que el desempleo ha descendido en Asturias entre abril y junio, la tasa de actividad sigue siendo la m\u00e1s baja del pa\u00eds, con un 48,91%. La m\u00e1s alta es la registrada en la Comunidad de Madrid, donde asciende al 60,48%.<\/p>\n<p>Por sexos, la tasa de actividad es superior entre los hombres que entre las mujeres, siendo del 53,02% frente al 45,20% de las mujeres. En total en el segundo trimestre eran 188.500 los hombres ocupados y 182.800 las mujeres. <strong>La tasa de paro entre los hombres fue del 14,45% y entre las mujeres del 28%<\/strong>.<\/p>\n<h3>DATOS NACIONALES<\/h3>\n<p><strong>El paro subi\u00f3 en 55.000 personas en el segundo trimestre del a\u00f1o<\/strong>, lo que supone un 1,6% m\u00e1s que en el trimestre anterior, y la ocupaci\u00f3n disminuy\u00f3 en 1.074.000 puestos de trabajo (-5,4%), acusando as\u00ed el impacto de la crisis sanitaria y del estado de alarma, que afect\u00f3 pr\u00e1cticamente a todo el periodo de abril-junio.<\/p>\n<p>El dato de paro registrado durante estos tres meses es el peor en un segundo trimestre desde 2012, cuando el desempleo subi\u00f3 en 63.100 personas, mientras que el descenso de la ocupaci\u00f3n ha superado todos los registros de la crisis de 2008.<\/p>\n<p>Al finalizar junio, el n\u00famero total de parados se situ\u00f3 en 3.368.000, y el n\u00famero de ocupados, en 18.607.200 personas, en tanto que la tasa de paro escal\u00f3 nueve d\u00e9cimas, hasta el 15,3%, ha informado este martes el Instituto Nacional de Estad\u00edstica (INE), que destaca que la EPA del segundo trimestre contin\u00faa reflejando la situaci\u00f3n creada por la pandemia del coronavirus.<\/p>\n<p>Estad\u00edstica recuerda que ese m\u00e1s de un mill\u00f3n de empleos perdidos entre abril y junio no se incluye a los afectados por expedientes de regulaci\u00f3n temporal de empleo (ERTEs) de suspensi\u00f3n de contrato, ya que la metodolog\u00eda EPA los considera ocupados mientras dicha suspensi\u00f3n sea inferior a tres meses.<\/p>\n<p>En cambio, se\u00f1ala el INE, la suspensi\u00f3n o la reducci\u00f3n de jornada de los trabajadores afectados por un ERTE, junto con la influencia de otros tipos de ausencias al trabajo, s\u00ed ha tenido reflejo en las horas efectivas de trabajo realizadas, que han disminuido un 22,5% respecto al primer trimestre del a\u00f1o.<\/p>\n<p>Con ello, el n\u00famero de ocupados que efectivamente trabaj\u00f3 entre los meses de abril y junio fue de 13.901.000 personas, el equivalente a poco m\u00e1s de un tercio de la poblaci\u00f3n de 16 y m\u00e1s a\u00f1os.<\/p>\n<p>En cuanto al aumento del paro en 55.000 personas entre abril y junio, el INE se\u00f1ala que no todos los que perdieron su empleo en este periodo pasaron a clasificarse como parados, pues una parte considerable pasaron a considerarse inactivos.<\/p>\n<p>Esto explica el significativo aumento de los inactivos durante el segundo trimestre (1.062.800 personas m\u00e1s).<\/p>\n<p>Este incremento de la inactividad se debe fundamentalmente a que el confinamiento y el cierre de empresas impidi\u00f3 a 1.628.500 personas buscar empleo a pesar de estar disponibles para trabajar. \u00abPor ello, no han podido cumplir todas las condiciones que la definici\u00f3n OIT exige para ser clasificado como parado y han quedado clasificados como inactivos\u00bb, precisa Estad\u00edstica.<\/p>\n<p>&nbsp;<\/p>\n","protected":false},"excerpt":{"rendered":"<p>(EUROPA PRESS) &#8211;\u00a0La Encuesta de Poblaci\u00f3n Activa (EPA) del segundo trimestre de 2020 refleja que el paro ha descendido en el Principado de Asturias en 2.400 personas en comparaci\u00f3n con el trimestre anterior, seg\u00fan ha publicado el Instituto Nacional de Estad\u00edstica (INE) este martes. En t\u00e9rminos relativos, Asturias es la comunidad aut\u00f3noma que registra el [&hellip;]<\/p>\n","protected":false},"author":1,"featured_media":1071517,"comment_status":"closed","ping_status":"closed","sticky":false,"template":"","format":"standard","meta":{"footnotes":""},"categories":[141,187],"tags":[],"class_list":["post-1071516","post","type-post","status-publish","format-standard","has-post-thumbnail","hentry","category-destacadas","category-economia"],"aioseo_notices":[],"aioseo_head":"\n\t\t<!-- All in One SEO Pro 4.9.6.2 - aioseo.com -->\n\t<meta name=\"description\" content=\"(EUROPA PRESS) - La Encuesta de Poblaci\u00f3n Activa (EPA) del segundo trimestre de 2020 refleja que el paro ha descendido en el Principado de Asturias en 2.400 personas en comparaci\u00f3n con el trimestre anterior, seg\u00fan ha publicado el Instituto Nacional de Estad\u00edstica (INE) este martes. En t\u00e9rminos relativos, Asturias es la comunidad aut\u00f3noma que registra el\" \/>\n\t<meta name=\"robots\" content=\"max-image-preview:large\" \/>\n\t<meta name=\"author\" content=\"El Digital de Asturias\"\/>\n\t<meta name=\"google-site-verification\" content=\"UA-38556648-1\" \/>\n\t<meta name=\"msvalidate.01\" content=\"7dfe9f3f1b24437ab69f4f2559babe99\" \/>\n\t<meta name=\"keywords\" content=\"destacadas,econom\u00eda\" \/>\n\t<link rel=\"canonical\" href=\"https:\/\/www.eldigitaldeasturias.com\/noticias\/epa-del-segundo-trimestre-de-2020-en-asturias\/\" \/>\n\t<meta name=\"generator\" content=\"All in One SEO Pro (AIOSEO) 4.9.6.2\" \/>\n\t\t<meta property=\"og:locale\" content=\"es_ES\" \/>\n\t\t<meta property=\"og:site_name\" content=\"El Digital de Asturias\" \/>\n\t\t<meta property=\"og:type\" content=\"article\" \/>\n\t\t<meta property=\"og:title\" content=\"EPA del segundo trimestre de 2020 en Asturias - El Digital de Asturias\" \/>\n\t\t<meta property=\"og:description\" content=\"(EUROPA PRESS) - La Encuesta de Poblaci\u00f3n Activa (EPA) del segundo trimestre de 2020 refleja que el paro ha descendido en el Principado de Asturias en 2.400 personas en comparaci\u00f3n con el trimestre anterior, seg\u00fan ha publicado el Instituto Nacional de Estad\u00edstica (INE) este martes. En t\u00e9rminos relativos, Asturias es la comunidad aut\u00f3noma que registra el\" \/>\n\t\t<meta property=\"og:url\" content=\"https:\/\/www.eldigitaldeasturias.com\/noticias\/epa-del-segundo-trimestre-de-2020-en-asturias\/\" \/>\n\t\t<meta property=\"og:image\" content=\"https:\/\/www.eldigitaldeasturias.com\/noticias\/wp-content\/uploads\/2020\/07\/startup-593341_640.jpg\" \/>\n\t\t<meta property=\"og:image:secure_url\" content=\"https:\/\/www.eldigitaldeasturias.com\/noticias\/wp-content\/uploads\/2020\/07\/startup-593341_640.jpg\" \/>\n\t\t<meta property=\"og:image:width\" content=\"640\" \/>\n\t\t<meta property=\"og:image:height\" content=\"426\" \/>\n\t\t<meta property=\"article:tag\" content=\"destacadas\" \/>\n\t\t<meta property=\"article:tag\" content=\"econom\u00eda\" \/>\n\t\t<meta property=\"article:published_time\" content=\"2020-07-28T20:32:10+00:00\" \/>\n\t\t<meta property=\"article:modified_time\" content=\"2020-07-28T20:32:10+00:00\" \/>\n\t\t<meta property=\"article:publisher\" content=\"https:\/\/facebook.com\/eldigitaldeasturias\" \/>\n\t\t<meta name=\"twitter:card\" content=\"summary_large_image\" \/>\n\t\t<meta name=\"twitter:title\" content=\"EPA del segundo trimestre de 2020 en Asturias - El Digital de Asturias\" \/>\n\t\t<meta name=\"twitter:description\" content=\"(EUROPA PRESS) - La Encuesta de Poblaci\u00f3n Activa (EPA) del segundo trimestre de 2020 refleja que el paro ha descendido en el Principado de Asturias en 2.400 personas en comparaci\u00f3n con el trimestre anterior, seg\u00fan ha publicado el Instituto Nacional de Estad\u00edstica (INE) este martes. En t\u00e9rminos relativos, Asturias es la comunidad aut\u00f3noma que registra el\" \/>\n\t\t<meta name=\"twitter:image\" content=\"https:\/\/www.eldigitaldeasturias.com\/noticias\/wp-content\/uploads\/2020\/07\/startup-593341_640.jpg\" \/>\n\t\t<meta name=\"twitter:label1\" content=\"Escrito por\" \/>\n\t\t<meta name=\"twitter:data1\" content=\"El Digital de Asturias\" \/>\n\t\t<meta name=\"twitter:label2\" content=\"Tiempo de lectura estimado\" \/>\n\t\t<meta name=\"twitter:data2\" content=\"3 minutos\" \/>\n\t\t<script type=\"application\/ld+json\" class=\"aioseo-schema\">\n\t\t\t{\"@context\":\"https:\\\/\\\/schema.org\",\"@graph\":[{\"@type\":\"BlogPosting\",\"@id\":\"https:\\\/\\\/www.eldigitaldeasturias.com\\\/noticias\\\/epa-del-segundo-trimestre-de-2020-en-asturias\\\/#blogposting\",\"name\":\"EPA del segundo trimestre de 2020 en Asturias - El Digital de Asturias\",\"headline\":\"EPA del segundo trimestre de 2020 en Asturias\",\"author\":{\"@id\":\"https:\\\/\\\/www.eldigitaldeasturias.com\\\/noticias\\\/author\\\/admin\\\/#author\"},\"publisher\":{\"@id\":\"https:\\\/\\\/www.eldigitaldeasturias.com\\\/noticias\\\/#organization\"},\"image\":{\"@type\":\"ImageObject\",\"url\":\"https:\\\/\\\/www.eldigitaldeasturias.com\\\/noticias\\\/wp-content\\\/uploads\\\/2020\\\/07\\\/startup-593341_640.jpg\",\"width\":640,\"height\":426},\"datePublished\":\"2020-07-28T20:32:10+02:00\",\"dateModified\":\"2020-07-28T20:32:10+02:00\",\"inLanguage\":\"es-ES\",\"mainEntityOfPage\":{\"@id\":\"https:\\\/\\\/www.eldigitaldeasturias.com\\\/noticias\\\/epa-del-segundo-trimestre-de-2020-en-asturias\\\/#webpage\"},\"isPartOf\":{\"@id\":\"https:\\\/\\\/www.eldigitaldeasturias.com\\\/noticias\\\/epa-del-segundo-trimestre-de-2020-en-asturias\\\/#webpage\"},\"articleSection\":\"Destacadas, Econom\\u00eda\"},{\"@type\":\"BreadcrumbList\",\"@id\":\"https:\\\/\\\/www.eldigitaldeasturias.com\\\/noticias\\\/epa-del-segundo-trimestre-de-2020-en-asturias\\\/#breadcrumblist\",\"itemListElement\":[{\"@type\":\"ListItem\",\"@id\":\"https:\\\/\\\/www.eldigitaldeasturias.com\\\/noticias#listItem\",\"position\":1,\"name\":\"Home\",\"item\":\"https:\\\/\\\/www.eldigitaldeasturias.com\\\/noticias\",\"nextItem\":{\"@type\":\"ListItem\",\"@id\":\"https:\\\/\\\/www.eldigitaldeasturias.com\\\/noticias\\\/category\\\/destacadas\\\/#listItem\",\"name\":\"Destacadas\"}},{\"@type\":\"ListItem\",\"@id\":\"https:\\\/\\\/www.eldigitaldeasturias.com\\\/noticias\\\/category\\\/destacadas\\\/#listItem\",\"position\":2,\"name\":\"Destacadas\",\"item\":\"https:\\\/\\\/www.eldigitaldeasturias.com\\\/noticias\\\/category\\\/destacadas\\\/\",\"nextItem\":{\"@type\":\"ListItem\",\"@id\":\"https:\\\/\\\/www.eldigitaldeasturias.com\\\/noticias\\\/epa-del-segundo-trimestre-de-2020-en-asturias\\\/#listItem\",\"name\":\"EPA del segundo trimestre de 2020 en Asturias\"},\"previousItem\":{\"@type\":\"ListItem\",\"@id\":\"https:\\\/\\\/www.eldigitaldeasturias.com\\\/noticias#listItem\",\"name\":\"Home\"}},{\"@type\":\"ListItem\",\"@id\":\"https:\\\/\\\/www.eldigitaldeasturias.com\\\/noticias\\\/epa-del-segundo-trimestre-de-2020-en-asturias\\\/#listItem\",\"position\":3,\"name\":\"EPA del segundo trimestre de 2020 en Asturias\",\"previousItem\":{\"@type\":\"ListItem\",\"@id\":\"https:\\\/\\\/www.eldigitaldeasturias.com\\\/noticias\\\/category\\\/destacadas\\\/#listItem\",\"name\":\"Destacadas\"}}]},{\"@type\":\"Organization\",\"@id\":\"https:\\\/\\\/www.eldigitaldeasturias.com\\\/noticias\\\/#organization\",\"name\":\"El Digital de Asturias\",\"description\":\"Hemeroteca\",\"url\":\"https:\\\/\\\/www.eldigitaldeasturias.com\\\/noticias\\\/\",\"email\":\"info@eldigitaldeasturias.com\",\"telephone\":\"+34652131393\",\"logo\":{\"@type\":\"ImageObject\",\"url\":\"https:\\\/\\\/www.eldigitaldeasturias.com\\\/noticias\\\/wp-content\\\/uploads\\\/2020\\\/12\\\/EDA.jpg\",\"@id\":\"https:\\\/\\\/www.eldigitaldeasturias.com\\\/noticias\\\/epa-del-segundo-trimestre-de-2020-en-asturias\\\/#organizationLogo\",\"width\":649,\"height\":297},\"image\":{\"@id\":\"https:\\\/\\\/www.eldigitaldeasturias.com\\\/noticias\\\/epa-del-segundo-trimestre-de-2020-en-asturias\\\/#organizationLogo\"},\"sameAs\":[\"https:\\\/\\\/facebook.com\\\/eldigitaldeasturias\",\"https:\\\/\\\/www.youtube.com\\\/channel\\\/UCZP-2wLEB9Rv6erhFmqVnvg\"],\"address\":{\"@id\":\"https:\\\/\\\/www.eldigitaldeasturias.com\\\/noticias\\\/#postaladdress\",\"@type\":\"PostalAddress\",\"streetAddress\":\"san antonio 4,\",\"postalCode\":\"33430\",\"addressLocality\":\"Cand\\u00e1s\",\"addressRegion\":\"Asturias\",\"addressCountry\":\"ES\"}},{\"@type\":\"Person\",\"@id\":\"https:\\\/\\\/www.eldigitaldeasturias.com\\\/noticias\\\/author\\\/admin\\\/#author\",\"url\":\"https:\\\/\\\/www.eldigitaldeasturias.com\\\/noticias\\\/author\\\/admin\\\/\",\"name\":\"El Digital de Asturias\",\"image\":{\"@type\":\"ImageObject\",\"@id\":\"https:\\\/\\\/www.eldigitaldeasturias.com\\\/noticias\\\/epa-del-segundo-trimestre-de-2020-en-asturias\\\/#authorImage\",\"url\":\"https:\\\/\\\/www.eldigitaldeasturias.com\\\/noticias\\\/wp-content\\\/litespeed\\\/avatar\\\/18677e78aa0546b92d9dbf31ec7d7668.jpg?ver=1776685526\",\"width\":96,\"height\":96,\"caption\":\"El Digital de Asturias\"}},{\"@type\":\"WebPage\",\"@id\":\"https:\\\/\\\/www.eldigitaldeasturias.com\\\/noticias\\\/epa-del-segundo-trimestre-de-2020-en-asturias\\\/#webpage\",\"url\":\"https:\\\/\\\/www.eldigitaldeasturias.com\\\/noticias\\\/epa-del-segundo-trimestre-de-2020-en-asturias\\\/\",\"name\":\"EPA del segundo trimestre de 2020 en Asturias - El Digital de Asturias\",\"description\":\"(EUROPA PRESS) - La Encuesta de Poblaci\\u00f3n Activa (EPA) del segundo trimestre de 2020 refleja que el paro ha descendido en el Principado de Asturias en 2.400 personas en comparaci\\u00f3n con el trimestre anterior, seg\\u00fan ha publicado el Instituto Nacional de Estad\\u00edstica (INE) este martes. En t\\u00e9rminos relativos, Asturias es la comunidad aut\\u00f3noma que registra el\",\"inLanguage\":\"es-ES\",\"isPartOf\":{\"@id\":\"https:\\\/\\\/www.eldigitaldeasturias.com\\\/noticias\\\/#website\"},\"breadcrumb\":{\"@id\":\"https:\\\/\\\/www.eldigitaldeasturias.com\\\/noticias\\\/epa-del-segundo-trimestre-de-2020-en-asturias\\\/#breadcrumblist\"},\"author\":{\"@id\":\"https:\\\/\\\/www.eldigitaldeasturias.com\\\/noticias\\\/author\\\/admin\\\/#author\"},\"creator\":{\"@id\":\"https:\\\/\\\/www.eldigitaldeasturias.com\\\/noticias\\\/author\\\/admin\\\/#author\"},\"image\":{\"@type\":\"ImageObject\",\"url\":\"https:\\\/\\\/www.eldigitaldeasturias.com\\\/noticias\\\/wp-content\\\/uploads\\\/2020\\\/07\\\/startup-593341_640.jpg\",\"@id\":\"https:\\\/\\\/www.eldigitaldeasturias.com\\\/noticias\\\/epa-del-segundo-trimestre-de-2020-en-asturias\\\/#mainImage\",\"width\":640,\"height\":426},\"primaryImageOfPage\":{\"@id\":\"https:\\\/\\\/www.eldigitaldeasturias.com\\\/noticias\\\/epa-del-segundo-trimestre-de-2020-en-asturias\\\/#mainImage\"},\"datePublished\":\"2020-07-28T20:32:10+02:00\",\"dateModified\":\"2020-07-28T20:32:10+02:00\"},{\"@type\":\"WebSite\",\"@id\":\"https:\\\/\\\/www.eldigitaldeasturias.com\\\/noticias\\\/#website\",\"url\":\"https:\\\/\\\/www.eldigitaldeasturias.com\\\/noticias\\\/\",\"name\":\"El Digital de Asturias - Diario de actualidad y noticias\",\"alternateName\":\"El Digital de Asturias - Diario de actualidad y noticias\",\"description\":\"Hemeroteca\",\"inLanguage\":\"es-ES\",\"publisher\":{\"@id\":\"https:\\\/\\\/www.eldigitaldeasturias.com\\\/noticias\\\/#organization\"}}]}\n\t\t<\/script>\n\t\t<!-- All in One SEO Pro -->\r\n\t\t<title>EPA del segundo trimestre de 2020 en Asturias - El Digital de Asturias<\/title>\n\n","aioseo_head_json":{"title":"EPA del segundo trimestre de 2020 en Asturias - El Digital de Asturias","description":"(EUROPA PRESS) - La Encuesta de Poblaci\u00f3n Activa (EPA) del segundo trimestre de 2020 refleja que el paro ha descendido en el Principado de Asturias en 2.400 personas en comparaci\u00f3n con el trimestre anterior, seg\u00fan ha publicado el Instituto Nacional de Estad\u00edstica (INE) este martes. En t\u00e9rminos relativos, Asturias es la comunidad aut\u00f3noma que registra el","canonical_url":"https:\/\/www.eldigitaldeasturias.com\/noticias\/epa-del-segundo-trimestre-de-2020-en-asturias\/","robots":"max-image-preview:large","keywords":"destacadas,econom\u00eda","webmasterTools":{"google-site-verification":"UA-38556648-1","msvalidate.01":"7dfe9f3f1b24437ab69f4f2559babe99","miscellaneous":""},"schema":{"@context":"https:\/\/schema.org","@graph":[{"@type":"BlogPosting","@id":"https:\/\/www.eldigitaldeasturias.com\/noticias\/epa-del-segundo-trimestre-de-2020-en-asturias\/#blogposting","name":"EPA del segundo trimestre de 2020 en Asturias - El Digital de Asturias","headline":"EPA del segundo trimestre de 2020 en Asturias","author":{"@id":"https:\/\/www.eldigitaldeasturias.com\/noticias\/author\/admin\/#author"},"publisher":{"@id":"https:\/\/www.eldigitaldeasturias.com\/noticias\/#organization"},"image":{"@type":"ImageObject","url":"https:\/\/www.eldigitaldeasturias.com\/noticias\/wp-content\/uploads\/2020\/07\/startup-593341_640.jpg","width":640,"height":426},"datePublished":"2020-07-28T20:32:10+02:00","dateModified":"2020-07-28T20:32:10+02:00","inLanguage":"es-ES","mainEntityOfPage":{"@id":"https:\/\/www.eldigitaldeasturias.com\/noticias\/epa-del-segundo-trimestre-de-2020-en-asturias\/#webpage"},"isPartOf":{"@id":"https:\/\/www.eldigitaldeasturias.com\/noticias\/epa-del-segundo-trimestre-de-2020-en-asturias\/#webpage"},"articleSection":"Destacadas, Econom\u00eda"},{"@type":"BreadcrumbList","@id":"https:\/\/www.eldigitaldeasturias.com\/noticias\/epa-del-segundo-trimestre-de-2020-en-asturias\/#breadcrumblist","itemListElement":[{"@type":"ListItem","@id":"https:\/\/www.eldigitaldeasturias.com\/noticias#listItem","position":1,"name":"Home","item":"https:\/\/www.eldigitaldeasturias.com\/noticias","nextItem":{"@type":"ListItem","@id":"https:\/\/www.eldigitaldeasturias.com\/noticias\/category\/destacadas\/#listItem","name":"Destacadas"}},{"@type":"ListItem","@id":"https:\/\/www.eldigitaldeasturias.com\/noticias\/category\/destacadas\/#listItem","position":2,"name":"Destacadas","item":"https:\/\/www.eldigitaldeasturias.com\/noticias\/category\/destacadas\/","nextItem":{"@type":"ListItem","@id":"https:\/\/www.eldigitaldeasturias.com\/noticias\/epa-del-segundo-trimestre-de-2020-en-asturias\/#listItem","name":"EPA del segundo trimestre de 2020 en Asturias"},"previousItem":{"@type":"ListItem","@id":"https:\/\/www.eldigitaldeasturias.com\/noticias#listItem","name":"Home"}},{"@type":"ListItem","@id":"https:\/\/www.eldigitaldeasturias.com\/noticias\/epa-del-segundo-trimestre-de-2020-en-asturias\/#listItem","position":3,"name":"EPA del segundo trimestre de 2020 en Asturias","previousItem":{"@type":"ListItem","@id":"https:\/\/www.eldigitaldeasturias.com\/noticias\/category\/destacadas\/#listItem","name":"Destacadas"}}]},{"@type":"Organization","@id":"https:\/\/www.eldigitaldeasturias.com\/noticias\/#organization","name":"El Digital de Asturias","description":"Hemeroteca","url":"https:\/\/www.eldigitaldeasturias.com\/noticias\/","email":"info@eldigitaldeasturias.com","telephone":"+34652131393","logo":{"@type":"ImageObject","url":"https:\/\/www.eldigitaldeasturias.com\/noticias\/wp-content\/uploads\/2020\/12\/EDA.jpg","@id":"https:\/\/www.eldigitaldeasturias.com\/noticias\/epa-del-segundo-trimestre-de-2020-en-asturias\/#organizationLogo","width":649,"height":297},"image":{"@id":"https:\/\/www.eldigitaldeasturias.com\/noticias\/epa-del-segundo-trimestre-de-2020-en-asturias\/#organizationLogo"},"sameAs":["https:\/\/facebook.com\/eldigitaldeasturias","https:\/\/www.youtube.com\/channel\/UCZP-2wLEB9Rv6erhFmqVnvg"],"address":{"@id":"https:\/\/www.eldigitaldeasturias.com\/noticias\/#postaladdress","@type":"PostalAddress","streetAddress":"san antonio 4,","postalCode":"33430","addressLocality":"Cand\u00e1s","addressRegion":"Asturias","addressCountry":"ES"}},{"@type":"Person","@id":"https:\/\/www.eldigitaldeasturias.com\/noticias\/author\/admin\/#author","url":"https:\/\/www.eldigitaldeasturias.com\/noticias\/author\/admin\/","name":"El Digital de Asturias","image":{"@type":"ImageObject","@id":"https:\/\/www.eldigitaldeasturias.com\/noticias\/epa-del-segundo-trimestre-de-2020-en-asturias\/#authorImage","url":"https:\/\/www.eldigitaldeasturias.com\/noticias\/wp-content\/litespeed\/avatar\/18677e78aa0546b92d9dbf31ec7d7668.jpg?ver=1776685526","width":96,"height":96,"caption":"El Digital de Asturias"}},{"@type":"WebPage","@id":"https:\/\/www.eldigitaldeasturias.com\/noticias\/epa-del-segundo-trimestre-de-2020-en-asturias\/#webpage","url":"https:\/\/www.eldigitaldeasturias.com\/noticias\/epa-del-segundo-trimestre-de-2020-en-asturias\/","name":"EPA del segundo trimestre de 2020 en Asturias - El Digital de Asturias","description":"(EUROPA PRESS) - La Encuesta de Poblaci\u00f3n Activa (EPA) del segundo trimestre de 2020 refleja que el paro ha descendido en el Principado de Asturias en 2.400 personas en comparaci\u00f3n con el trimestre anterior, seg\u00fan ha publicado el Instituto Nacional de Estad\u00edstica (INE) este martes. En t\u00e9rminos relativos, Asturias es la comunidad aut\u00f3noma que registra el","inLanguage":"es-ES","isPartOf":{"@id":"https:\/\/www.eldigitaldeasturias.com\/noticias\/#website"},"breadcrumb":{"@id":"https:\/\/www.eldigitaldeasturias.com\/noticias\/epa-del-segundo-trimestre-de-2020-en-asturias\/#breadcrumblist"},"author":{"@id":"https:\/\/www.eldigitaldeasturias.com\/noticias\/author\/admin\/#author"},"creator":{"@id":"https:\/\/www.eldigitaldeasturias.com\/noticias\/author\/admin\/#author"},"image":{"@type":"ImageObject","url":"https:\/\/www.eldigitaldeasturias.com\/noticias\/wp-content\/uploads\/2020\/07\/startup-593341_640.jpg","@id":"https:\/\/www.eldigitaldeasturias.com\/noticias\/epa-del-segundo-trimestre-de-2020-en-asturias\/#mainImage","width":640,"height":426},"primaryImageOfPage":{"@id":"https:\/\/www.eldigitaldeasturias.com\/noticias\/epa-del-segundo-trimestre-de-2020-en-asturias\/#mainImage"},"datePublished":"2020-07-28T20:32:10+02:00","dateModified":"2020-07-28T20:32:10+02:00"},{"@type":"WebSite","@id":"https:\/\/www.eldigitaldeasturias.com\/noticias\/#website","url":"https:\/\/www.eldigitaldeasturias.com\/noticias\/","name":"El Digital de Asturias - Diario de actualidad y noticias","alternateName":"El Digital de Asturias - Diario de actualidad y noticias","description":"Hemeroteca","inLanguage":"es-ES","publisher":{"@id":"https:\/\/www.eldigitaldeasturias.com\/noticias\/#organization"}}]},"og:locale":"es_ES","og:site_name":"El Digital de Asturias","og:type":"article","og:title":"EPA del segundo trimestre de 2020 en Asturias - El Digital de Asturias","og:description":"(EUROPA PRESS) - La Encuesta de Poblaci\u00f3n Activa (EPA) del segundo trimestre de 2020 refleja que el paro ha descendido en el Principado de Asturias en 2.400 personas en comparaci\u00f3n con el trimestre anterior, seg\u00fan ha publicado el Instituto Nacional de Estad\u00edstica (INE) este martes. En t\u00e9rminos relativos, Asturias es la comunidad aut\u00f3noma que registra el","og:url":"https:\/\/www.eldigitaldeasturias.com\/noticias\/epa-del-segundo-trimestre-de-2020-en-asturias\/","og:image":"https:\/\/www.eldigitaldeasturias.com\/noticias\/wp-content\/uploads\/2020\/07\/startup-593341_640.jpg","og:image:secure_url":"https:\/\/www.eldigitaldeasturias.com\/noticias\/wp-content\/uploads\/2020\/07\/startup-593341_640.jpg","og:image:width":640,"og:image:height":426,"article:tag":["destacadas","econom\u00eda"],"article:published_time":"2020-07-28T20:32:10+00:00","article:modified_time":"2020-07-28T20:32:10+00:00","article:publisher":"https:\/\/facebook.com\/eldigitaldeasturias","twitter:card":"summary_large_image","twitter:title":"EPA del segundo trimestre de 2020 en Asturias - El Digital de Asturias","twitter:description":"(EUROPA PRESS) - La Encuesta de Poblaci\u00f3n Activa (EPA) del segundo trimestre de 2020 refleja que el paro ha descendido en el Principado de Asturias en 2.400 personas en comparaci\u00f3n con el trimestre anterior, seg\u00fan ha publicado el Instituto Nacional de Estad\u00edstica (INE) este martes. En t\u00e9rminos relativos, Asturias es la comunidad aut\u00f3noma que registra el","twitter:image":"https:\/\/www.eldigitaldeasturias.com\/noticias\/wp-content\/uploads\/2020\/07\/startup-593341_640.jpg","twitter:label1":"Escrito por","twitter:data1":"El Digital de Asturias","twitter:label2":"Tiempo de lectura estimado","twitter:data2":"3 minutos"},"aioseo_meta_data":{"post_id":"1071516","title":null,"description":"","keywords":"","keyphrases":null,"primary_term":null,"canonical_url":"","og_title":null,"og_description":null,"og_object_type":"default","og_image_type":"default","og_image_url":null,"og_image_width":null,"og_image_height":null,"og_image_custom_url":null,"og_image_custom_fields":null,"og_video":null,"og_custom_url":null,"og_article_section":null,"og_article_tags":null,"twitter_use_og":false,"twitter_card":"default","twitter_image_type":"default","twitter_image_url":null,"twitter_image_custom_url":null,"twitter_image_custom_fields":null,"twitter_title":null,"twitter_description":null,"schema":{"blockGraphs":[],"customGraphs":[],"default":{"data":{"Article":[],"Course":[],"Dataset":[],"FAQPage":[],"Movie":[],"Person":[],"Product":[],"ProductReview":[],"Car":[],"Recipe":[],"Service":[],"SoftwareApplication":[],"WebPage":[]},"graphName":"","isEnabled":true},"graphs":[],"defaultGraph":"","defaultPostTypeGraph":""},"schema_type":null,"schema_type_options":null,"pillar_content":false,"robots_default":true,"robots_noindex":false,"robots_noarchive":false,"robots_nosnippet":false,"robots_nofollow":false,"robots_noimageindex":false,"robots_noodp":false,"robots_notranslate":false,"robots_max_snippet":null,"robots_max_videopreview":null,"robots_max_imagepreview":"large","priority":null,"frequency":"default","local_seo":null,"seo_analyzer_scan_date":"2025-09-13 03:35:51","breadcrumb_settings":null,"limit_modified_date":false,"open_ai":null,"ai":null,"created":"2020-12-21 10:45:13","updated":"2025-09-13 03:35:51"},"aioseo_breadcrumb":"<div class=\"aioseo-breadcrumbs\"><span class=\"aioseo-breadcrumb\">\n\t<a href=\"https:\/\/www.eldigitaldeasturias.com\/noticias\" title=\"Home\">Home<\/a>\n<\/span><span class=\"aioseo-breadcrumb-separator\">\u2013<\/span><span class=\"aioseo-breadcrumb\">\n\t<a href=\"https:\/\/www.eldigitaldeasturias.com\/noticias\/category\/destacadas\/\" title=\"Destacadas\">Destacadas<\/a>\n<\/span><span class=\"aioseo-breadcrumb-separator\">\u2013<\/span><span class=\"aioseo-breadcrumb\">\n\t<a href=\"https:\/\/www.eldigitaldeasturias.com\/noticias\/epa-del-segundo-trimestre-de-2020-en-asturias\/\" title=\"EPA del segundo trimestre de 2020 en Asturias\">EPA del segundo trimestre de 2020 en Asturias<\/a>\n<\/span><\/div>","aioseo_breadcrumb_json":[{"label":"Home","link":"https:\/\/www.eldigitaldeasturias.com\/noticias"},{"label":"Destacadas","link":"https:\/\/www.eldigitaldeasturias.com\/noticias\/category\/destacadas\/"},{"label":"EPA del segundo trimestre de 2020 en Asturias","link":"https:\/\/www.eldigitaldeasturias.com\/noticias\/epa-del-segundo-trimestre-de-2020-en-asturias\/"}],"_links":{"self":[{"href":"https:\/\/www.eldigitaldeasturias.com\/noticias\/wp-json\/wp\/v2\/posts\/1071516","targetHints":{"allow":["GET"]}}],"collection":[{"href":"https:\/\/www.eldigitaldeasturias.com\/noticias\/wp-json\/wp\/v2\/posts"}],"about":[{"href":"https:\/\/www.eldigitaldeasturias.com\/noticias\/wp-json\/wp\/v2\/types\/post"}],"author":[{"embeddable":true,"href":"https:\/\/www.eldigitaldeasturias.com\/noticias\/wp-json\/wp\/v2\/users\/1"}],"replies":[{"embeddable":true,"href":"https:\/\/www.eldigitaldeasturias.com\/noticias\/wp-json\/wp\/v2\/comments?post=1071516"}],"version-history":[{"count":0,"href":"https:\/\/www.eldigitaldeasturias.com\/noticias\/wp-json\/wp\/v2\/posts\/1071516\/revisions"}],"wp:featuredmedia":[{"embeddable":true,"href":"https:\/\/www.eldigitaldeasturias.com\/noticias\/wp-json\/wp\/v2\/media\/1071517"}],"wp:attachment":[{"href":"https:\/\/www.eldigitaldeasturias.com\/noticias\/wp-json\/wp\/v2\/media?parent=1071516"}],"wp:term":[{"taxonomy":"category","embeddable":true,"href":"https:\/\/www.eldigitaldeasturias.com\/noticias\/wp-json\/wp\/v2\/categories?post=1071516"},{"taxonomy":"post_tag","embeddable":true,"href":"https:\/\/www.eldigitaldeasturias.com\/noticias\/wp-json\/wp\/v2\/tags?post=1071516"}],"curies":[{"name":"wp","href":"https:\/\/api.w.org\/{rel}","templated":true}]}}