{"id":1071190,"date":"2020-07-22T22:12:47","date_gmt":"2020-07-22T22:12:47","guid":{"rendered":"https:\/\/www.eldigitaldeasturias.com\/noticias\/?p=1071190"},"modified":"2020-07-22T22:12:47","modified_gmt":"2020-07-22T22:12:47","slug":"fondo-covid-19-asturias-recibira-1061-millones-de-euros-del-primer-tramo","status":"publish","type":"post","link":"https:\/\/www.eldigitaldeasturias.com\/noticias\/fondo-covid-19-asturias-recibira-1061-millones-de-euros-del-primer-tramo\/","title":{"rendered":"Fondo COVID-19: Asturias recibir\u00e1 106,1 millones de euros del primer tramo"},"content":{"rendered":"<p><img loading=\"lazy\" decoding=\"async\" class=\"alignleft size-medium wp-image-822740\" src=\"https:\/\/www.eldigitaldeasturias.com\/noticias\/wp-content\/uploads\/2015\/11\/euros-360x241.jpg\" alt=\"\" width=\"360\" height=\"241\" srcset=\"https:\/\/www.eldigitaldeasturias.com\/noticias\/wp-content\/uploads\/2015\/11\/euros-360x241.jpg 360w, https:\/\/www.eldigitaldeasturias.com\/noticias\/wp-content\/uploads\/2015\/11\/euros-696x466.jpg 696w, https:\/\/www.eldigitaldeasturias.com\/noticias\/wp-content\/uploads\/2015\/11\/euros-627x420.jpg 627w, https:\/\/www.eldigitaldeasturias.com\/noticias\/wp-content\/uploads\/2015\/11\/euros-768x515.jpg 768w, https:\/\/www.eldigitaldeasturias.com\/noticias\/wp-content\/uploads\/2015\/11\/euros-650x436.jpg 650w, https:\/\/www.eldigitaldeasturias.com\/noticias\/wp-content\/uploads\/2015\/11\/euros.jpg 800w\" sizes=\"auto, (max-width: 360px) 100vw, 360px\" \/>(EUROPA PRESS) &#8211; El Bolet\u00edn Oficial del Estado (BOE) ha publicado este mi\u00e9rcoles la orden del Ministerio de Hacienda por la que se determina la cuant\u00eda y distribuci\u00f3n del Fondo COVID-19 entre comunidades aut\u00f3nomas. En este reparto, Asturias recibir\u00e1 106,1 millones de euros correspondientes al primer tramo del fondo, dotado con 6.000 millones de euros.<\/p>\n<p>El Fondo COVID-19 se ha configurado como un fondo excepcional de car\u00e1cter presupuestario, cuyo objeto es dotar de mayor financiaci\u00f3n, mediante transferencias, a las comunidades aut\u00f3nomas y ciudades de Ceuta y Melilla, para hacer frente a la incidencia presupuestaria derivada de la crisis originada por el COVID-19.<\/p>\n<p>El reparto del primer tramo queda de la siguiente manera: Madrid recibe en total 1.495 millones; Catalu\u00f1a, 1.246 millones; Andaluc\u00eda, 597,61 millones; Comunidad Valenciana, 449,63; Castilla y Le\u00f3n 349,15; Pa\u00eds Vasco 328,63; Castilla-La Mancha; 319,26; Galicia 268,11; Canarias 158,97; Arag\u00f3n 146,58; Asturias 106,10; Baleares, 104,53; Murcia, 98,16 millones de euros; Extremadura, 96 millones; Navarra 88,72; Cantabria 64,71; La Rioja, 57,51. Las ciudades aut\u00f3nomas de Ceuta y Melilla, por su parte, recibir\u00e1n cada una 12 millones de euros.<\/p>\n<p>Este primer tramo de 6.000 millones tiene en cuenta el impacto del virus en las comunidades, de manera que en la distribuci\u00f3n computa los ingresos UCI (30%); los pacientes hospitalizados (25%); las PCR totales realizadas (10%), as\u00ed como la poblaci\u00f3n protegida equivalente (35%). Las variables sanitarias son las registradas hasta el 30 de abril.<\/p>\n<p>El segundo tramo del fondo alcanzar\u00e1 los 3.000 millones y se abonar\u00e1 en noviembre. Los criterios de reparto se basar\u00e1n en los ingresos UCI (25%); los pacientes hospitalizados (20%); las pruebas PCR totales realizadas (10%); y en la poblaci\u00f3n protegida equivalente (45%). Las variables sanitarias ser\u00e1n las notificadas a 31 de octubre, lo que permitir\u00e1 evaluar el impacto de la pandemia en los pr\u00f3ximos meses para hacer el reparto en funci\u00f3n de su impacto.<\/p>\n<p>El tercer tramo est\u00e1 asociado a la educaci\u00f3n con 2.000 millones de euros, que se transferir\u00e1 en septiembre, mes en el que comienza el curso escolar. Estos recursos se repartir\u00e1n conforme a la poblaci\u00f3n de 0 a 16 a\u00f1os (80%) y a la poblaci\u00f3n de 17 a 24 a\u00f1os (20%).<\/p>\n<p>El cuarto tramo del fondo est\u00e1 dotado con 5.000 millones de euros y se repartir\u00e1 en diciembre a las comunidades de r\u00e9gimen com\u00fan para compensar los menores ingresos por la reducci\u00f3n de la actividad econ\u00f3mica. De este tramo se reservan 800 millones que se distribuir\u00e1n de acuerdo a criterios asociados al impacto presupuestario en el \u00e1mbito del transporte p\u00fablico.<\/p>\n","protected":false},"excerpt":{"rendered":"<p>(EUROPA PRESS) &#8211; El Bolet\u00edn Oficial del Estado (BOE) ha publicado este mi\u00e9rcoles la orden del Ministerio de Hacienda por la que se determina la cuant\u00eda y distribuci\u00f3n del Fondo COVID-19 entre comunidades aut\u00f3nomas. En este reparto, Asturias recibir\u00e1 106,1 millones de euros correspondientes al primer tramo del fondo, dotado con 6.000 millones de euros. [&hellip;]<\/p>\n","protected":false},"author":1,"featured_media":1069994,"comment_status":"closed","ping_status":"closed","sticky":false,"template":"","format":"standard","meta":{"footnotes":""},"categories":[12,141],"tags":[],"class_list":["post-1071190","post","type-post","status-publish","format-standard","has-post-thumbnail","hentry","category-actualidad-asturias","category-destacadas"],"aioseo_notices":[],"aioseo_head":"\n\t\t<!-- All in One SEO Pro 4.9.6.2 - aioseo.com -->\n\t<meta name=\"description\" content=\"(EUROPA PRESS) - El Bolet\u00edn Oficial del Estado (BOE) ha publicado este mi\u00e9rcoles la orden del Ministerio de Hacienda por la que se determina la cuant\u00eda y distribuci\u00f3n del Fondo COVID-19 entre comunidades aut\u00f3nomas. En este reparto, Asturias recibir\u00e1 106,1 millones de euros correspondientes al primer tramo del fondo, dotado con 6.000 millones de euros.\" \/>\n\t<meta name=\"robots\" content=\"max-image-preview:large\" \/>\n\t<meta name=\"author\" content=\"El Digital de Asturias\"\/>\n\t<meta name=\"google-site-verification\" content=\"UA-38556648-1\" \/>\n\t<meta name=\"msvalidate.01\" content=\"7dfe9f3f1b24437ab69f4f2559babe99\" \/>\n\t<meta name=\"keywords\" content=\"actualidad asturias,destacadas\" \/>\n\t<link rel=\"canonical\" href=\"https:\/\/www.eldigitaldeasturias.com\/noticias\/fondo-covid-19-asturias-recibira-1061-millones-de-euros-del-primer-tramo\/\" \/>\n\t<meta name=\"generator\" content=\"All in One SEO Pro (AIOSEO) 4.9.6.2\" \/>\n\t\t<meta property=\"og:locale\" content=\"es_ES\" \/>\n\t\t<meta property=\"og:site_name\" content=\"El Digital de Asturias\" \/>\n\t\t<meta property=\"og:type\" content=\"article\" \/>\n\t\t<meta property=\"og:title\" content=\"Fondo COVID-19: Asturias recibir\u00e1 106,1 millones de euros del primer tramo - El Digital de Asturias\" \/>\n\t\t<meta property=\"og:description\" content=\"(EUROPA PRESS) - El Bolet\u00edn Oficial del Estado (BOE) ha publicado este mi\u00e9rcoles la orden del Ministerio de Hacienda por la que se determina la cuant\u00eda y distribuci\u00f3n del Fondo COVID-19 entre comunidades aut\u00f3nomas. En este reparto, Asturias recibir\u00e1 106,1 millones de euros correspondientes al primer tramo del fondo, dotado con 6.000 millones de euros.\" \/>\n\t\t<meta property=\"og:url\" content=\"https:\/\/www.eldigitaldeasturias.com\/noticias\/fondo-covid-19-asturias-recibira-1061-millones-de-euros-del-primer-tramo\/\" \/>\n\t\t<meta property=\"og:image\" content=\"https:\/\/www.eldigitaldeasturias.com\/noticias\/wp-content\/uploads\/2020\/07\/covid-19-5070658_1280.jpg\" \/>\n\t\t<meta property=\"og:image:secure_url\" content=\"https:\/\/www.eldigitaldeasturias.com\/noticias\/wp-content\/uploads\/2020\/07\/covid-19-5070658_1280.jpg\" \/>\n\t\t<meta property=\"og:image:width\" content=\"1280\" \/>\n\t\t<meta property=\"og:image:height\" content=\"854\" \/>\n\t\t<meta property=\"article:tag\" content=\"actualidad asturias\" \/>\n\t\t<meta property=\"article:tag\" content=\"destacadas\" \/>\n\t\t<meta property=\"article:published_time\" content=\"2020-07-22T22:12:47+00:00\" \/>\n\t\t<meta property=\"article:modified_time\" content=\"2020-07-22T22:12:47+00:00\" \/>\n\t\t<meta property=\"article:publisher\" content=\"https:\/\/facebook.com\/eldigitaldeasturias\" \/>\n\t\t<meta name=\"twitter:card\" content=\"summary_large_image\" \/>\n\t\t<meta name=\"twitter:title\" content=\"Fondo COVID-19: Asturias recibir\u00e1 106,1 millones de euros del primer tramo - El Digital de Asturias\" \/>\n\t\t<meta name=\"twitter:description\" content=\"(EUROPA PRESS) - El Bolet\u00edn Oficial del Estado (BOE) ha publicado este mi\u00e9rcoles la orden del Ministerio de Hacienda por la que se determina la cuant\u00eda y distribuci\u00f3n del Fondo COVID-19 entre comunidades aut\u00f3nomas. En este reparto, Asturias recibir\u00e1 106,1 millones de euros correspondientes al primer tramo del fondo, dotado con 6.000 millones de euros.\" \/>\n\t\t<meta name=\"twitter:image\" content=\"https:\/\/www.eldigitaldeasturias.com\/noticias\/wp-content\/uploads\/2020\/07\/covid-19-5070658_1280.jpg\" \/>\n\t\t<meta name=\"twitter:label1\" content=\"Escrito por\" \/>\n\t\t<meta name=\"twitter:data1\" content=\"El Digital de Asturias\" \/>\n\t\t<meta name=\"twitter:label2\" content=\"Tiempo de lectura estimado\" \/>\n\t\t<meta name=\"twitter:data2\" content=\"2 minutos\" \/>\n\t\t<script type=\"application\/ld+json\" class=\"aioseo-schema\">\n\t\t\t{\"@context\":\"https:\\\/\\\/schema.org\",\"@graph\":[{\"@type\":\"BlogPosting\",\"@id\":\"https:\\\/\\\/www.eldigitaldeasturias.com\\\/noticias\\\/fondo-covid-19-asturias-recibira-1061-millones-de-euros-del-primer-tramo\\\/#blogposting\",\"name\":\"Fondo COVID-19: Asturias recibir\\u00e1 106,1 millones de euros del primer tramo - El Digital de Asturias\",\"headline\":\"Fondo COVID-19: Asturias recibir\\u00e1 106,1 millones de euros del primer tramo\",\"author\":{\"@id\":\"https:\\\/\\\/www.eldigitaldeasturias.com\\\/noticias\\\/author\\\/admin\\\/#author\"},\"publisher\":{\"@id\":\"https:\\\/\\\/www.eldigitaldeasturias.com\\\/noticias\\\/#organization\"},\"image\":{\"@type\":\"ImageObject\",\"url\":\"https:\\\/\\\/www.eldigitaldeasturias.com\\\/noticias\\\/wp-content\\\/uploads\\\/2020\\\/07\\\/covid-19-5070658_1280.jpg\",\"width\":1280,\"height\":854,\"caption\":\"covid-19\"},\"datePublished\":\"2020-07-22T22:12:47+02:00\",\"dateModified\":\"2020-07-22T22:12:47+02:00\",\"inLanguage\":\"es-ES\",\"mainEntityOfPage\":{\"@id\":\"https:\\\/\\\/www.eldigitaldeasturias.com\\\/noticias\\\/fondo-covid-19-asturias-recibira-1061-millones-de-euros-del-primer-tramo\\\/#webpage\"},\"isPartOf\":{\"@id\":\"https:\\\/\\\/www.eldigitaldeasturias.com\\\/noticias\\\/fondo-covid-19-asturias-recibira-1061-millones-de-euros-del-primer-tramo\\\/#webpage\"},\"articleSection\":\"Actualidad Asturias, Destacadas\"},{\"@type\":\"BreadcrumbList\",\"@id\":\"https:\\\/\\\/www.eldigitaldeasturias.com\\\/noticias\\\/fondo-covid-19-asturias-recibira-1061-millones-de-euros-del-primer-tramo\\\/#breadcrumblist\",\"itemListElement\":[{\"@type\":\"ListItem\",\"@id\":\"https:\\\/\\\/www.eldigitaldeasturias.com\\\/noticias#listItem\",\"position\":1,\"name\":\"Home\",\"item\":\"https:\\\/\\\/www.eldigitaldeasturias.com\\\/noticias\",\"nextItem\":{\"@type\":\"ListItem\",\"@id\":\"https:\\\/\\\/www.eldigitaldeasturias.com\\\/noticias\\\/category\\\/actualidad-asturias\\\/#listItem\",\"name\":\"Actualidad Asturias\"}},{\"@type\":\"ListItem\",\"@id\":\"https:\\\/\\\/www.eldigitaldeasturias.com\\\/noticias\\\/category\\\/actualidad-asturias\\\/#listItem\",\"position\":2,\"name\":\"Actualidad Asturias\",\"item\":\"https:\\\/\\\/www.eldigitaldeasturias.com\\\/noticias\\\/category\\\/actualidad-asturias\\\/\",\"nextItem\":{\"@type\":\"ListItem\",\"@id\":\"https:\\\/\\\/www.eldigitaldeasturias.com\\\/noticias\\\/fondo-covid-19-asturias-recibira-1061-millones-de-euros-del-primer-tramo\\\/#listItem\",\"name\":\"Fondo COVID-19: Asturias recibir\\u00e1 106,1 millones de euros del primer tramo\"},\"previousItem\":{\"@type\":\"ListItem\",\"@id\":\"https:\\\/\\\/www.eldigitaldeasturias.com\\\/noticias#listItem\",\"name\":\"Home\"}},{\"@type\":\"ListItem\",\"@id\":\"https:\\\/\\\/www.eldigitaldeasturias.com\\\/noticias\\\/fondo-covid-19-asturias-recibira-1061-millones-de-euros-del-primer-tramo\\\/#listItem\",\"position\":3,\"name\":\"Fondo COVID-19: Asturias recibir\\u00e1 106,1 millones de euros del primer tramo\",\"previousItem\":{\"@type\":\"ListItem\",\"@id\":\"https:\\\/\\\/www.eldigitaldeasturias.com\\\/noticias\\\/category\\\/actualidad-asturias\\\/#listItem\",\"name\":\"Actualidad Asturias\"}}]},{\"@type\":\"Organization\",\"@id\":\"https:\\\/\\\/www.eldigitaldeasturias.com\\\/noticias\\\/#organization\",\"name\":\"El Digital de Asturias\",\"description\":\"Hemeroteca\",\"url\":\"https:\\\/\\\/www.eldigitaldeasturias.com\\\/noticias\\\/\",\"email\":\"info@eldigitaldeasturias.com\",\"telephone\":\"+34652131393\",\"logo\":{\"@type\":\"ImageObject\",\"url\":\"https:\\\/\\\/www.eldigitaldeasturias.com\\\/noticias\\\/wp-content\\\/uploads\\\/2020\\\/12\\\/EDA.jpg\",\"@id\":\"https:\\\/\\\/www.eldigitaldeasturias.com\\\/noticias\\\/fondo-covid-19-asturias-recibira-1061-millones-de-euros-del-primer-tramo\\\/#organizationLogo\",\"width\":649,\"height\":297},\"image\":{\"@id\":\"https:\\\/\\\/www.eldigitaldeasturias.com\\\/noticias\\\/fondo-covid-19-asturias-recibira-1061-millones-de-euros-del-primer-tramo\\\/#organizationLogo\"},\"sameAs\":[\"https:\\\/\\\/facebook.com\\\/eldigitaldeasturias\",\"https:\\\/\\\/www.youtube.com\\\/channel\\\/UCZP-2wLEB9Rv6erhFmqVnvg\"],\"address\":{\"@id\":\"https:\\\/\\\/www.eldigitaldeasturias.com\\\/noticias\\\/#postaladdress\",\"@type\":\"PostalAddress\",\"streetAddress\":\"san antonio 4,\",\"postalCode\":\"33430\",\"addressLocality\":\"Cand\\u00e1s\",\"addressRegion\":\"Asturias\",\"addressCountry\":\"ES\"}},{\"@type\":\"Person\",\"@id\":\"https:\\\/\\\/www.eldigitaldeasturias.com\\\/noticias\\\/author\\\/admin\\\/#author\",\"url\":\"https:\\\/\\\/www.eldigitaldeasturias.com\\\/noticias\\\/author\\\/admin\\\/\",\"name\":\"El Digital de Asturias\",\"image\":{\"@type\":\"ImageObject\",\"@id\":\"https:\\\/\\\/www.eldigitaldeasturias.com\\\/noticias\\\/fondo-covid-19-asturias-recibira-1061-millones-de-euros-del-primer-tramo\\\/#authorImage\",\"url\":\"https:\\\/\\\/www.eldigitaldeasturias.com\\\/noticias\\\/wp-content\\\/litespeed\\\/avatar\\\/18677e78aa0546b92d9dbf31ec7d7668.jpg?ver=1776685526\",\"width\":96,\"height\":96,\"caption\":\"El Digital de Asturias\"}},{\"@type\":\"WebPage\",\"@id\":\"https:\\\/\\\/www.eldigitaldeasturias.com\\\/noticias\\\/fondo-covid-19-asturias-recibira-1061-millones-de-euros-del-primer-tramo\\\/#webpage\",\"url\":\"https:\\\/\\\/www.eldigitaldeasturias.com\\\/noticias\\\/fondo-covid-19-asturias-recibira-1061-millones-de-euros-del-primer-tramo\\\/\",\"name\":\"Fondo COVID-19: Asturias recibir\\u00e1 106,1 millones de euros del primer tramo - El Digital de Asturias\",\"description\":\"(EUROPA PRESS) - El Bolet\\u00edn Oficial del Estado (BOE) ha publicado este mi\\u00e9rcoles la orden del Ministerio de Hacienda por la que se determina la cuant\\u00eda y distribuci\\u00f3n del Fondo COVID-19 entre comunidades aut\\u00f3nomas. En este reparto, Asturias recibir\\u00e1 106,1 millones de euros correspondientes al primer tramo del fondo, dotado con 6.000 millones de euros.\",\"inLanguage\":\"es-ES\",\"isPartOf\":{\"@id\":\"https:\\\/\\\/www.eldigitaldeasturias.com\\\/noticias\\\/#website\"},\"breadcrumb\":{\"@id\":\"https:\\\/\\\/www.eldigitaldeasturias.com\\\/noticias\\\/fondo-covid-19-asturias-recibira-1061-millones-de-euros-del-primer-tramo\\\/#breadcrumblist\"},\"author\":{\"@id\":\"https:\\\/\\\/www.eldigitaldeasturias.com\\\/noticias\\\/author\\\/admin\\\/#author\"},\"creator\":{\"@id\":\"https:\\\/\\\/www.eldigitaldeasturias.com\\\/noticias\\\/author\\\/admin\\\/#author\"},\"image\":{\"@type\":\"ImageObject\",\"url\":\"https:\\\/\\\/www.eldigitaldeasturias.com\\\/noticias\\\/wp-content\\\/uploads\\\/2020\\\/07\\\/covid-19-5070658_1280.jpg\",\"@id\":\"https:\\\/\\\/www.eldigitaldeasturias.com\\\/noticias\\\/fondo-covid-19-asturias-recibira-1061-millones-de-euros-del-primer-tramo\\\/#mainImage\",\"width\":1280,\"height\":854,\"caption\":\"covid-19\"},\"primaryImageOfPage\":{\"@id\":\"https:\\\/\\\/www.eldigitaldeasturias.com\\\/noticias\\\/fondo-covid-19-asturias-recibira-1061-millones-de-euros-del-primer-tramo\\\/#mainImage\"},\"datePublished\":\"2020-07-22T22:12:47+02:00\",\"dateModified\":\"2020-07-22T22:12:47+02:00\"},{\"@type\":\"WebSite\",\"@id\":\"https:\\\/\\\/www.eldigitaldeasturias.com\\\/noticias\\\/#website\",\"url\":\"https:\\\/\\\/www.eldigitaldeasturias.com\\\/noticias\\\/\",\"name\":\"El Digital de Asturias - Diario de actualidad y noticias\",\"alternateName\":\"El Digital de Asturias - Diario de actualidad y noticias\",\"description\":\"Hemeroteca\",\"inLanguage\":\"es-ES\",\"publisher\":{\"@id\":\"https:\\\/\\\/www.eldigitaldeasturias.com\\\/noticias\\\/#organization\"}}]}\n\t\t<\/script>\n\t\t<!-- All in One SEO Pro -->\r\n\t\t<title>Fondo COVID-19: Asturias recibir\u00e1 106,1 millones de euros del primer tramo - El Digital de Asturias<\/title>\n\n","aioseo_head_json":{"title":"Fondo COVID-19: Asturias recibir\u00e1 106,1 millones de euros del primer tramo - El Digital de Asturias","description":"(EUROPA PRESS) - El Bolet\u00edn Oficial del Estado (BOE) ha publicado este mi\u00e9rcoles la orden del Ministerio de Hacienda por la que se determina la cuant\u00eda y distribuci\u00f3n del Fondo COVID-19 entre comunidades aut\u00f3nomas. En este reparto, Asturias recibir\u00e1 106,1 millones de euros correspondientes al primer tramo del fondo, dotado con 6.000 millones de euros.","canonical_url":"https:\/\/www.eldigitaldeasturias.com\/noticias\/fondo-covid-19-asturias-recibira-1061-millones-de-euros-del-primer-tramo\/","robots":"max-image-preview:large","keywords":"actualidad asturias,destacadas","webmasterTools":{"google-site-verification":"UA-38556648-1","msvalidate.01":"7dfe9f3f1b24437ab69f4f2559babe99","miscellaneous":""},"schema":{"@context":"https:\/\/schema.org","@graph":[{"@type":"BlogPosting","@id":"https:\/\/www.eldigitaldeasturias.com\/noticias\/fondo-covid-19-asturias-recibira-1061-millones-de-euros-del-primer-tramo\/#blogposting","name":"Fondo COVID-19: Asturias recibir\u00e1 106,1 millones de euros del primer tramo - El Digital de Asturias","headline":"Fondo COVID-19: Asturias recibir\u00e1 106,1 millones de euros del primer tramo","author":{"@id":"https:\/\/www.eldigitaldeasturias.com\/noticias\/author\/admin\/#author"},"publisher":{"@id":"https:\/\/www.eldigitaldeasturias.com\/noticias\/#organization"},"image":{"@type":"ImageObject","url":"https:\/\/www.eldigitaldeasturias.com\/noticias\/wp-content\/uploads\/2020\/07\/covid-19-5070658_1280.jpg","width":1280,"height":854,"caption":"covid-19"},"datePublished":"2020-07-22T22:12:47+02:00","dateModified":"2020-07-22T22:12:47+02:00","inLanguage":"es-ES","mainEntityOfPage":{"@id":"https:\/\/www.eldigitaldeasturias.com\/noticias\/fondo-covid-19-asturias-recibira-1061-millones-de-euros-del-primer-tramo\/#webpage"},"isPartOf":{"@id":"https:\/\/www.eldigitaldeasturias.com\/noticias\/fondo-covid-19-asturias-recibira-1061-millones-de-euros-del-primer-tramo\/#webpage"},"articleSection":"Actualidad Asturias, Destacadas"},{"@type":"BreadcrumbList","@id":"https:\/\/www.eldigitaldeasturias.com\/noticias\/fondo-covid-19-asturias-recibira-1061-millones-de-euros-del-primer-tramo\/#breadcrumblist","itemListElement":[{"@type":"ListItem","@id":"https:\/\/www.eldigitaldeasturias.com\/noticias#listItem","position":1,"name":"Home","item":"https:\/\/www.eldigitaldeasturias.com\/noticias","nextItem":{"@type":"ListItem","@id":"https:\/\/www.eldigitaldeasturias.com\/noticias\/category\/actualidad-asturias\/#listItem","name":"Actualidad Asturias"}},{"@type":"ListItem","@id":"https:\/\/www.eldigitaldeasturias.com\/noticias\/category\/actualidad-asturias\/#listItem","position":2,"name":"Actualidad Asturias","item":"https:\/\/www.eldigitaldeasturias.com\/noticias\/category\/actualidad-asturias\/","nextItem":{"@type":"ListItem","@id":"https:\/\/www.eldigitaldeasturias.com\/noticias\/fondo-covid-19-asturias-recibira-1061-millones-de-euros-del-primer-tramo\/#listItem","name":"Fondo COVID-19: Asturias recibir\u00e1 106,1 millones de euros del primer tramo"},"previousItem":{"@type":"ListItem","@id":"https:\/\/www.eldigitaldeasturias.com\/noticias#listItem","name":"Home"}},{"@type":"ListItem","@id":"https:\/\/www.eldigitaldeasturias.com\/noticias\/fondo-covid-19-asturias-recibira-1061-millones-de-euros-del-primer-tramo\/#listItem","position":3,"name":"Fondo COVID-19: Asturias recibir\u00e1 106,1 millones de euros del primer tramo","previousItem":{"@type":"ListItem","@id":"https:\/\/www.eldigitaldeasturias.com\/noticias\/category\/actualidad-asturias\/#listItem","name":"Actualidad Asturias"}}]},{"@type":"Organization","@id":"https:\/\/www.eldigitaldeasturias.com\/noticias\/#organization","name":"El Digital de Asturias","description":"Hemeroteca","url":"https:\/\/www.eldigitaldeasturias.com\/noticias\/","email":"info@eldigitaldeasturias.com","telephone":"+34652131393","logo":{"@type":"ImageObject","url":"https:\/\/www.eldigitaldeasturias.com\/noticias\/wp-content\/uploads\/2020\/12\/EDA.jpg","@id":"https:\/\/www.eldigitaldeasturias.com\/noticias\/fondo-covid-19-asturias-recibira-1061-millones-de-euros-del-primer-tramo\/#organizationLogo","width":649,"height":297},"image":{"@id":"https:\/\/www.eldigitaldeasturias.com\/noticias\/fondo-covid-19-asturias-recibira-1061-millones-de-euros-del-primer-tramo\/#organizationLogo"},"sameAs":["https:\/\/facebook.com\/eldigitaldeasturias","https:\/\/www.youtube.com\/channel\/UCZP-2wLEB9Rv6erhFmqVnvg"],"address":{"@id":"https:\/\/www.eldigitaldeasturias.com\/noticias\/#postaladdress","@type":"PostalAddress","streetAddress":"san antonio 4,","postalCode":"33430","addressLocality":"Cand\u00e1s","addressRegion":"Asturias","addressCountry":"ES"}},{"@type":"Person","@id":"https:\/\/www.eldigitaldeasturias.com\/noticias\/author\/admin\/#author","url":"https:\/\/www.eldigitaldeasturias.com\/noticias\/author\/admin\/","name":"El Digital de Asturias","image":{"@type":"ImageObject","@id":"https:\/\/www.eldigitaldeasturias.com\/noticias\/fondo-covid-19-asturias-recibira-1061-millones-de-euros-del-primer-tramo\/#authorImage","url":"https:\/\/www.eldigitaldeasturias.com\/noticias\/wp-content\/litespeed\/avatar\/18677e78aa0546b92d9dbf31ec7d7668.jpg?ver=1776685526","width":96,"height":96,"caption":"El Digital de Asturias"}},{"@type":"WebPage","@id":"https:\/\/www.eldigitaldeasturias.com\/noticias\/fondo-covid-19-asturias-recibira-1061-millones-de-euros-del-primer-tramo\/#webpage","url":"https:\/\/www.eldigitaldeasturias.com\/noticias\/fondo-covid-19-asturias-recibira-1061-millones-de-euros-del-primer-tramo\/","name":"Fondo COVID-19: Asturias recibir\u00e1 106,1 millones de euros del primer tramo - El Digital de Asturias","description":"(EUROPA PRESS) - El Bolet\u00edn Oficial del Estado (BOE) ha publicado este mi\u00e9rcoles la orden del Ministerio de Hacienda por la que se determina la cuant\u00eda y distribuci\u00f3n del Fondo COVID-19 entre comunidades aut\u00f3nomas. En este reparto, Asturias recibir\u00e1 106,1 millones de euros correspondientes al primer tramo del fondo, dotado con 6.000 millones de euros.","inLanguage":"es-ES","isPartOf":{"@id":"https:\/\/www.eldigitaldeasturias.com\/noticias\/#website"},"breadcrumb":{"@id":"https:\/\/www.eldigitaldeasturias.com\/noticias\/fondo-covid-19-asturias-recibira-1061-millones-de-euros-del-primer-tramo\/#breadcrumblist"},"author":{"@id":"https:\/\/www.eldigitaldeasturias.com\/noticias\/author\/admin\/#author"},"creator":{"@id":"https:\/\/www.eldigitaldeasturias.com\/noticias\/author\/admin\/#author"},"image":{"@type":"ImageObject","url":"https:\/\/www.eldigitaldeasturias.com\/noticias\/wp-content\/uploads\/2020\/07\/covid-19-5070658_1280.jpg","@id":"https:\/\/www.eldigitaldeasturias.com\/noticias\/fondo-covid-19-asturias-recibira-1061-millones-de-euros-del-primer-tramo\/#mainImage","width":1280,"height":854,"caption":"covid-19"},"primaryImageOfPage":{"@id":"https:\/\/www.eldigitaldeasturias.com\/noticias\/fondo-covid-19-asturias-recibira-1061-millones-de-euros-del-primer-tramo\/#mainImage"},"datePublished":"2020-07-22T22:12:47+02:00","dateModified":"2020-07-22T22:12:47+02:00"},{"@type":"WebSite","@id":"https:\/\/www.eldigitaldeasturias.com\/noticias\/#website","url":"https:\/\/www.eldigitaldeasturias.com\/noticias\/","name":"El Digital de Asturias - Diario de actualidad y noticias","alternateName":"El Digital de Asturias - Diario de actualidad y noticias","description":"Hemeroteca","inLanguage":"es-ES","publisher":{"@id":"https:\/\/www.eldigitaldeasturias.com\/noticias\/#organization"}}]},"og:locale":"es_ES","og:site_name":"El Digital de Asturias","og:type":"article","og:title":"Fondo COVID-19: Asturias recibir\u00e1 106,1 millones de euros del primer tramo - El Digital de Asturias","og:description":"(EUROPA PRESS) - El Bolet\u00edn Oficial del Estado (BOE) ha publicado este mi\u00e9rcoles la orden del Ministerio de Hacienda por la que se determina la cuant\u00eda y distribuci\u00f3n del Fondo COVID-19 entre comunidades aut\u00f3nomas. En este reparto, Asturias recibir\u00e1 106,1 millones de euros correspondientes al primer tramo del fondo, dotado con 6.000 millones de euros.","og:url":"https:\/\/www.eldigitaldeasturias.com\/noticias\/fondo-covid-19-asturias-recibira-1061-millones-de-euros-del-primer-tramo\/","og:image":"https:\/\/www.eldigitaldeasturias.com\/noticias\/wp-content\/uploads\/2020\/07\/covid-19-5070658_1280.jpg","og:image:secure_url":"https:\/\/www.eldigitaldeasturias.com\/noticias\/wp-content\/uploads\/2020\/07\/covid-19-5070658_1280.jpg","og:image:width":1280,"og:image:height":854,"article:tag":["actualidad asturias","destacadas"],"article:published_time":"2020-07-22T22:12:47+00:00","article:modified_time":"2020-07-22T22:12:47+00:00","article:publisher":"https:\/\/facebook.com\/eldigitaldeasturias","twitter:card":"summary_large_image","twitter:title":"Fondo COVID-19: Asturias recibir\u00e1 106,1 millones de euros del primer tramo - El Digital de Asturias","twitter:description":"(EUROPA PRESS) - El Bolet\u00edn Oficial del Estado (BOE) ha publicado este mi\u00e9rcoles la orden del Ministerio de Hacienda por la que se determina la cuant\u00eda y distribuci\u00f3n del Fondo COVID-19 entre comunidades aut\u00f3nomas. En este reparto, Asturias recibir\u00e1 106,1 millones de euros correspondientes al primer tramo del fondo, dotado con 6.000 millones de euros.","twitter:image":"https:\/\/www.eldigitaldeasturias.com\/noticias\/wp-content\/uploads\/2020\/07\/covid-19-5070658_1280.jpg","twitter:label1":"Escrito por","twitter:data1":"El Digital de Asturias","twitter:label2":"Tiempo de lectura estimado","twitter:data2":"2 minutos"},"aioseo_meta_data":{"post_id":"1071190","title":null,"description":"","keywords":"","keyphrases":null,"primary_term":null,"canonical_url":"","og_title":null,"og_description":null,"og_object_type":"default","og_image_type":"default","og_image_url":null,"og_image_width":null,"og_image_height":null,"og_image_custom_url":null,"og_image_custom_fields":null,"og_video":null,"og_custom_url":null,"og_article_section":null,"og_article_tags":null,"twitter_use_og":false,"twitter_card":"default","twitter_image_type":"default","twitter_image_url":null,"twitter_image_custom_url":null,"twitter_image_custom_fields":null,"twitter_title":null,"twitter_description":null,"schema":{"blockGraphs":[],"customGraphs":[],"default":{"data":{"Article":[],"Course":[],"Dataset":[],"FAQPage":[],"Movie":[],"Person":[],"Product":[],"ProductReview":[],"Car":[],"Recipe":[],"Service":[],"SoftwareApplication":[],"WebPage":[]},"graphName":"","isEnabled":true},"graphs":[],"defaultGraph":"","defaultPostTypeGraph":""},"schema_type":null,"schema_type_options":null,"pillar_content":false,"robots_default":true,"robots_noindex":false,"robots_noarchive":false,"robots_nosnippet":false,"robots_nofollow":false,"robots_noimageindex":false,"robots_noodp":false,"robots_notranslate":false,"robots_max_snippet":null,"robots_max_videopreview":null,"robots_max_imagepreview":"large","priority":null,"frequency":"default","local_seo":null,"seo_analyzer_scan_date":"2025-09-13 02:38:53","breadcrumb_settings":null,"limit_modified_date":false,"open_ai":null,"ai":null,"created":"2020-12-21 10:45:34","updated":"2025-09-13 02:38:53"},"aioseo_breadcrumb":"<div class=\"aioseo-breadcrumbs\"><span class=\"aioseo-breadcrumb\">\n\t<a href=\"https:\/\/www.eldigitaldeasturias.com\/noticias\" title=\"Home\">Home<\/a>\n<\/span><span class=\"aioseo-breadcrumb-separator\">\u2013<\/span><span class=\"aioseo-breadcrumb\">\n\t<a href=\"https:\/\/www.eldigitaldeasturias.com\/noticias\/category\/actualidad-asturias\/\" title=\"Actualidad Asturias\">Actualidad Asturias<\/a>\n<\/span><span class=\"aioseo-breadcrumb-separator\">\u2013<\/span><span class=\"aioseo-breadcrumb\">\n\t<a href=\"https:\/\/www.eldigitaldeasturias.com\/noticias\/fondo-covid-19-asturias-recibira-1061-millones-de-euros-del-primer-tramo\/\" title=\"Fondo COVID-19: Asturias recibir\u00e1 106,1 millones de euros del primer tramo\">Fondo COVID-19: Asturias recibir\u00e1 106,1 millones de euros del primer tramo<\/a>\n<\/span><\/div>","aioseo_breadcrumb_json":[{"label":"Home","link":"https:\/\/www.eldigitaldeasturias.com\/noticias"},{"label":"Actualidad Asturias","link":"https:\/\/www.eldigitaldeasturias.com\/noticias\/category\/actualidad-asturias\/"},{"label":"Fondo COVID-19: Asturias recibir\u00e1 106,1 millones de euros del primer tramo","link":"https:\/\/www.eldigitaldeasturias.com\/noticias\/fondo-covid-19-asturias-recibira-1061-millones-de-euros-del-primer-tramo\/"}],"_links":{"self":[{"href":"https:\/\/www.eldigitaldeasturias.com\/noticias\/wp-json\/wp\/v2\/posts\/1071190","targetHints":{"allow":["GET"]}}],"collection":[{"href":"https:\/\/www.eldigitaldeasturias.com\/noticias\/wp-json\/wp\/v2\/posts"}],"about":[{"href":"https:\/\/www.eldigitaldeasturias.com\/noticias\/wp-json\/wp\/v2\/types\/post"}],"author":[{"embeddable":true,"href":"https:\/\/www.eldigitaldeasturias.com\/noticias\/wp-json\/wp\/v2\/users\/1"}],"replies":[{"embeddable":true,"href":"https:\/\/www.eldigitaldeasturias.com\/noticias\/wp-json\/wp\/v2\/comments?post=1071190"}],"version-history":[{"count":0,"href":"https:\/\/www.eldigitaldeasturias.com\/noticias\/wp-json\/wp\/v2\/posts\/1071190\/revisions"}],"wp:featuredmedia":[{"embeddable":true,"href":"https:\/\/www.eldigitaldeasturias.com\/noticias\/wp-json\/wp\/v2\/media\/1069994"}],"wp:attachment":[{"href":"https:\/\/www.eldigitaldeasturias.com\/noticias\/wp-json\/wp\/v2\/media?parent=1071190"}],"wp:term":[{"taxonomy":"category","embeddable":true,"href":"https:\/\/www.eldigitaldeasturias.com\/noticias\/wp-json\/wp\/v2\/categories?post=1071190"},{"taxonomy":"post_tag","embeddable":true,"href":"https:\/\/www.eldigitaldeasturias.com\/noticias\/wp-json\/wp\/v2\/tags?post=1071190"}],"curies":[{"name":"wp","href":"https:\/\/api.w.org\/{rel}","templated":true}]}}