{"id":1070989,"date":"2020-07-22T02:37:35","date_gmt":"2020-07-22T02:37:35","guid":{"rendered":"https:\/\/www.eldigitaldeasturias.com\/noticias\/?p=1070989"},"modified":"2020-07-22T02:37:35","modified_gmt":"2020-07-22T02:37:35","slug":"adrian-barbon-el-coronavirus-lo-ha-cambiado-todo","status":"publish","type":"post","link":"https:\/\/www.eldigitaldeasturias.com\/noticias\/adrian-barbon-el-coronavirus-lo-ha-cambiado-todo\/","title":{"rendered":"Adri\u00e1n Barb\u00f3n: \u201cEl Coronavirus lo ha cambiado todo\u201d"},"content":{"rendered":"<figure id=\"attachment_1070926\" aria-describedby=\"caption-attachment-1070926\" style=\"width: 360px\" class=\"wp-caption alignleft\"><img loading=\"lazy\" decoding=\"async\" class=\"size-medium wp-image-1070926\" src=\"https:\/\/www.eldigitaldeasturias.com\/noticias\/wp-content\/uploads\/2020\/07\/Barbon-Asturias-360x269.jpg\" alt=\"\" width=\"360\" height=\"269\" srcset=\"https:\/\/www.eldigitaldeasturias.com\/noticias\/wp-content\/uploads\/2020\/07\/Barbon-Asturias-360x269.jpg 360w, https:\/\/www.eldigitaldeasturias.com\/noticias\/wp-content\/uploads\/2020\/07\/Barbon-Asturias-642x480.jpg 642w, https:\/\/www.eldigitaldeasturias.com\/noticias\/wp-content\/uploads\/2020\/07\/Barbon-Asturias-401x300.jpg 401w, https:\/\/www.eldigitaldeasturias.com\/noticias\/wp-content\/uploads\/2020\/07\/Barbon-Asturias-696x520.jpg 696w, https:\/\/www.eldigitaldeasturias.com\/noticias\/wp-content\/uploads\/2020\/07\/Barbon-Asturias-562x420.jpg 562w, https:\/\/www.eldigitaldeasturias.com\/noticias\/wp-content\/uploads\/2020\/07\/Barbon-Asturias-80x60.jpg 80w, https:\/\/www.eldigitaldeasturias.com\/noticias\/wp-content\/uploads\/2020\/07\/Barbon-Asturias-265x198.jpg 265w, https:\/\/www.eldigitaldeasturias.com\/noticias\/wp-content\/uploads\/2020\/07\/Barbon-Asturias.jpg 724w\" sizes=\"auto, (max-width: 360px) 100vw, 360px\" \/><figcaption id=\"caption-attachment-1070926\" class=\"wp-caption-text\">El presidente del Principado, el socialista Adri\u00e1n Barb\u00f3n, en rueda de prensa en la sede de Presidencia. &#8211; EUROPA PRESS<\/figcaption><\/figure>\n<p>(EUROPA PRESS) &#8211;\u00a0El presidente del Principado, el socialista Adri\u00e1n Barb\u00f3n, ha hecho el lunes balance de su primer a\u00f1o al frente de la regi\u00f3n y ha recordado los retos que tiene por delante apelando al di\u00e1logo para afrontar los mismos, con la negociaci\u00f3n del Presupuesto del pr\u00f3ximo a\u00f1o como uno de esos retos.<\/p>\n<p>Y es que Barb\u00f3n ha indicado que los asturianos no entender\u00edan que el gobierno actuase como si nada hubiera pasado, por eso ha hecho un llamamiento a dejar de lado cualquier partidismo y ha tener altura de miras a la hora de afrontar la reconstrucci\u00f3n de la regi\u00f3n tras la crisis.<\/p>\n<p>\u00abLa transformaci\u00f3n de Asturias ya no puede esperar y vamos a hacerla sin miedo, con osad\u00eda, valent\u00eda y hambre de futuro para conjugar tradici\u00f3n industrial con modernidad, para aprovechar el potencial de nuestro medio rural o para reformar nuestra administraci\u00f3n\u00bb, ha dicho Barb\u00f3n, que tambi\u00e9n se ha referido a la apuesta por la ciencia o la conclusi\u00f3n de las grandes infraestructuras.<\/p>\n<p>Otro de los retos es, a juicio de Barb\u00f3n, el aprovechamiento de los fondos europeos. En este sentido el presidente asturiano ha reconocido la importancia que para Asturias tiene la negociaci\u00f3n que se est\u00e1 llevando a cabo en Bruselas sobre el fondo de recuperaci\u00f3n y ha criticado a esos pa\u00edses que se conocen como frugales.<\/p>\n<p>\u00abNo son pa\u00edses frugales, son pa\u00edses que no tienen esp\u00edritu europeista\u00bb, ha manifestado Barb\u00f3n, que ha reiterado que del resultado de esta negociaci\u00f3n depende que muchos ciudadanos se planteen para que sirve la Uni\u00f3n Europa por ello ha insistido en que espera que de esta cumbre salga una respuesta positiva ante la crisis.<\/p>\n<p>Otra de las cuestiones que ha defendido Barb\u00f3n es la autonom\u00eda municipal y el uso de los remanentes. Lo ha hecho al ser preguntado por el preacuerdo de la Federaci\u00f3n de Municipios y Provincias con el Gobierno central para el uso de los remanentes de tesorer\u00eda.<\/p>\n<p>Adri\u00e1n Barb\u00f3n ha indicado que \u00abaceptar\u00e1 lo que acuerde\u00bb, pero \u00e9l defender\u00e1 lo que ha defendido siempre, la defensa de la autonom\u00eda municipal en ese uso.<\/p>\n<p><strong>EL CORONAVIRUS LO HA CAMBIADO TODO<\/strong><\/p>\n<p>Barb\u00f3n ha manifestado que este primer a\u00f1o ha estado marcado claramente por la crisis sanitaria del coronavirus que ha supuesto un punto de inflexi\u00f3n y que ha cambiado a todos, \u00abtambi\u00e9n a su gobierno y a \u00e9l mismo\u00bb<\/p>\n<p>\u00abCuando tom\u00e9 posesi\u00f3n pens\u00e9 en muchas cosas, pero nunca imagin\u00e9 que tuviera que vivir desde la presidencia lo que estamos viviendo\u00bb, ha manifestado Adri\u00e1n Barb\u00f3n durante la rueda de prensa, que ha manifestado que Asturias ha estado a la altura y ha defendido una vez m\u00e1s la gesti\u00f3n de la crisis sanitaria.<\/p>\n<p>Ha indicado que cuando tom\u00f3 posesi\u00f3n de su cargo puso sobre la mesa cinco ejes a abordar y ha indicado que, si bien es cierto que todo lo dicho sigue siendo v\u00e1lido, la crisis sanitaria ha \u00absignificado un cambio radical\u00bb que ha supuesto afrontar la situaci\u00f3n m\u00e1s dif\u00edcil para Asturias desde la Guerra Civil.<\/p>\n<p>No obstante Barb\u00f3n ha destacado algunas de las cuestiones que dentro de esos cinco ejes ha desarrollado su ejecutivo en este primer a\u00f1o de Gobierno: desde la defensa de la industria y las medidas que aseguren el futuro de la misma como el estatuto de las electrointensivas a la defensa de la igualdad y la lucha contra la violencia de g\u00e9nero, pasando por la apuesta por la ciencia.<\/p>\n<p>&nbsp;<\/p>\n","protected":false},"excerpt":{"rendered":"<p>(EUROPA PRESS) &#8211;\u00a0El presidente del Principado, el socialista Adri\u00e1n Barb\u00f3n, ha hecho el lunes balance de su primer a\u00f1o al frente de la regi\u00f3n y ha recordado los retos que tiene por delante apelando al di\u00e1logo para afrontar los mismos, con la negociaci\u00f3n del Presupuesto del pr\u00f3ximo a\u00f1o como uno de esos retos. Y es [&hellip;]<\/p>\n","protected":false},"author":1,"featured_media":1069994,"comment_status":"closed","ping_status":"closed","sticky":false,"template":"","format":"standard","meta":{"footnotes":""},"categories":[12,141],"tags":[],"class_list":["post-1070989","post","type-post","status-publish","format-standard","has-post-thumbnail","hentry","category-actualidad-asturias","category-destacadas"],"aioseo_notices":[],"aioseo_head":"\n\t\t<!-- All in One SEO Pro 4.9.6.2 - aioseo.com -->\n\t<meta name=\"description\" content=\"(EUROPA PRESS) - El presidente del Principado, el socialista Adri\u00e1n Barb\u00f3n, ha hecho el lunes balance de su primer a\u00f1o al frente de la regi\u00f3n y ha recordado los retos que tiene por delante apelando al di\u00e1logo para afrontar los mismos, con la negociaci\u00f3n del Presupuesto del pr\u00f3ximo a\u00f1o como uno de esos retos. Y es\" \/>\n\t<meta name=\"robots\" content=\"max-image-preview:large\" \/>\n\t<meta name=\"author\" content=\"El Digital de Asturias\"\/>\n\t<meta name=\"google-site-verification\" content=\"UA-38556648-1\" \/>\n\t<meta name=\"msvalidate.01\" content=\"7dfe9f3f1b24437ab69f4f2559babe99\" \/>\n\t<meta name=\"keywords\" content=\"actualidad asturias,destacadas\" \/>\n\t<link rel=\"canonical\" href=\"https:\/\/www.eldigitaldeasturias.com\/noticias\/adrian-barbon-el-coronavirus-lo-ha-cambiado-todo\/\" \/>\n\t<meta name=\"generator\" content=\"All in One SEO Pro (AIOSEO) 4.9.6.2\" \/>\n\t\t<meta property=\"og:locale\" content=\"es_ES\" \/>\n\t\t<meta property=\"og:site_name\" content=\"El Digital de Asturias\" \/>\n\t\t<meta property=\"og:type\" content=\"article\" \/>\n\t\t<meta property=\"og:title\" content=\"Adri\u00e1n Barb\u00f3n: \u201cEl Coronavirus lo ha cambiado todo\u201d - El Digital de Asturias\" \/>\n\t\t<meta property=\"og:description\" content=\"(EUROPA PRESS) - El presidente del Principado, el socialista Adri\u00e1n Barb\u00f3n, ha hecho el lunes balance de su primer a\u00f1o al frente de la regi\u00f3n y ha recordado los retos que tiene por delante apelando al di\u00e1logo para afrontar los mismos, con la negociaci\u00f3n del Presupuesto del pr\u00f3ximo a\u00f1o como uno de esos retos. Y es\" \/>\n\t\t<meta property=\"og:url\" content=\"https:\/\/www.eldigitaldeasturias.com\/noticias\/adrian-barbon-el-coronavirus-lo-ha-cambiado-todo\/\" \/>\n\t\t<meta property=\"og:image\" content=\"https:\/\/www.eldigitaldeasturias.com\/noticias\/wp-content\/uploads\/2020\/07\/covid-19-5070658_1280.jpg\" \/>\n\t\t<meta property=\"og:image:secure_url\" content=\"https:\/\/www.eldigitaldeasturias.com\/noticias\/wp-content\/uploads\/2020\/07\/covid-19-5070658_1280.jpg\" \/>\n\t\t<meta property=\"og:image:width\" content=\"1280\" \/>\n\t\t<meta property=\"og:image:height\" content=\"854\" \/>\n\t\t<meta property=\"article:tag\" content=\"actualidad asturias\" \/>\n\t\t<meta property=\"article:tag\" content=\"destacadas\" \/>\n\t\t<meta property=\"article:published_time\" content=\"2020-07-22T02:37:35+00:00\" \/>\n\t\t<meta property=\"article:modified_time\" content=\"2020-07-22T02:37:35+00:00\" \/>\n\t\t<meta property=\"article:publisher\" content=\"https:\/\/facebook.com\/eldigitaldeasturias\" \/>\n\t\t<meta name=\"twitter:card\" content=\"summary_large_image\" \/>\n\t\t<meta name=\"twitter:title\" content=\"Adri\u00e1n Barb\u00f3n: \u201cEl Coronavirus lo ha cambiado todo\u201d - El Digital de Asturias\" \/>\n\t\t<meta name=\"twitter:description\" content=\"(EUROPA PRESS) - El presidente del Principado, el socialista Adri\u00e1n Barb\u00f3n, ha hecho el lunes balance de su primer a\u00f1o al frente de la regi\u00f3n y ha recordado los retos que tiene por delante apelando al di\u00e1logo para afrontar los mismos, con la negociaci\u00f3n del Presupuesto del pr\u00f3ximo a\u00f1o como uno de esos retos. Y es\" \/>\n\t\t<meta name=\"twitter:image\" content=\"https:\/\/www.eldigitaldeasturias.com\/noticias\/wp-content\/uploads\/2020\/07\/covid-19-5070658_1280.jpg\" \/>\n\t\t<meta name=\"twitter:label1\" content=\"Escrito por\" \/>\n\t\t<meta name=\"twitter:data1\" content=\"El Digital de Asturias\" \/>\n\t\t<meta name=\"twitter:label2\" content=\"Tiempo de lectura estimado\" \/>\n\t\t<meta name=\"twitter:data2\" content=\"3 minutos\" \/>\n\t\t<script type=\"application\/ld+json\" class=\"aioseo-schema\">\n\t\t\t{\"@context\":\"https:\\\/\\\/schema.org\",\"@graph\":[{\"@type\":\"BlogPosting\",\"@id\":\"https:\\\/\\\/www.eldigitaldeasturias.com\\\/noticias\\\/adrian-barbon-el-coronavirus-lo-ha-cambiado-todo\\\/#blogposting\",\"name\":\"Adri\\u00e1n Barb\\u00f3n: \\u201cEl Coronavirus lo ha cambiado todo\\u201d - El Digital de Asturias\",\"headline\":\"Adri\\u00e1n Barb\\u00f3n: \\u201cEl Coronavirus lo ha cambiado todo\\u201d\",\"author\":{\"@id\":\"https:\\\/\\\/www.eldigitaldeasturias.com\\\/noticias\\\/author\\\/admin\\\/#author\"},\"publisher\":{\"@id\":\"https:\\\/\\\/www.eldigitaldeasturias.com\\\/noticias\\\/#organization\"},\"image\":{\"@type\":\"ImageObject\",\"url\":\"https:\\\/\\\/www.eldigitaldeasturias.com\\\/noticias\\\/wp-content\\\/uploads\\\/2020\\\/07\\\/covid-19-5070658_1280.jpg\",\"width\":1280,\"height\":854,\"caption\":\"covid-19\"},\"datePublished\":\"2020-07-22T02:37:35+02:00\",\"dateModified\":\"2020-07-22T02:37:35+02:00\",\"inLanguage\":\"es-ES\",\"mainEntityOfPage\":{\"@id\":\"https:\\\/\\\/www.eldigitaldeasturias.com\\\/noticias\\\/adrian-barbon-el-coronavirus-lo-ha-cambiado-todo\\\/#webpage\"},\"isPartOf\":{\"@id\":\"https:\\\/\\\/www.eldigitaldeasturias.com\\\/noticias\\\/adrian-barbon-el-coronavirus-lo-ha-cambiado-todo\\\/#webpage\"},\"articleSection\":\"Actualidad Asturias, Destacadas\"},{\"@type\":\"BreadcrumbList\",\"@id\":\"https:\\\/\\\/www.eldigitaldeasturias.com\\\/noticias\\\/adrian-barbon-el-coronavirus-lo-ha-cambiado-todo\\\/#breadcrumblist\",\"itemListElement\":[{\"@type\":\"ListItem\",\"@id\":\"https:\\\/\\\/www.eldigitaldeasturias.com\\\/noticias#listItem\",\"position\":1,\"name\":\"Home\",\"item\":\"https:\\\/\\\/www.eldigitaldeasturias.com\\\/noticias\",\"nextItem\":{\"@type\":\"ListItem\",\"@id\":\"https:\\\/\\\/www.eldigitaldeasturias.com\\\/noticias\\\/category\\\/actualidad-asturias\\\/#listItem\",\"name\":\"Actualidad Asturias\"}},{\"@type\":\"ListItem\",\"@id\":\"https:\\\/\\\/www.eldigitaldeasturias.com\\\/noticias\\\/category\\\/actualidad-asturias\\\/#listItem\",\"position\":2,\"name\":\"Actualidad Asturias\",\"item\":\"https:\\\/\\\/www.eldigitaldeasturias.com\\\/noticias\\\/category\\\/actualidad-asturias\\\/\",\"nextItem\":{\"@type\":\"ListItem\",\"@id\":\"https:\\\/\\\/www.eldigitaldeasturias.com\\\/noticias\\\/adrian-barbon-el-coronavirus-lo-ha-cambiado-todo\\\/#listItem\",\"name\":\"Adri\\u00e1n Barb\\u00f3n: \\u201cEl Coronavirus lo ha cambiado todo\\u201d\"},\"previousItem\":{\"@type\":\"ListItem\",\"@id\":\"https:\\\/\\\/www.eldigitaldeasturias.com\\\/noticias#listItem\",\"name\":\"Home\"}},{\"@type\":\"ListItem\",\"@id\":\"https:\\\/\\\/www.eldigitaldeasturias.com\\\/noticias\\\/adrian-barbon-el-coronavirus-lo-ha-cambiado-todo\\\/#listItem\",\"position\":3,\"name\":\"Adri\\u00e1n Barb\\u00f3n: \\u201cEl Coronavirus lo ha cambiado todo\\u201d\",\"previousItem\":{\"@type\":\"ListItem\",\"@id\":\"https:\\\/\\\/www.eldigitaldeasturias.com\\\/noticias\\\/category\\\/actualidad-asturias\\\/#listItem\",\"name\":\"Actualidad Asturias\"}}]},{\"@type\":\"Organization\",\"@id\":\"https:\\\/\\\/www.eldigitaldeasturias.com\\\/noticias\\\/#organization\",\"name\":\"El Digital de Asturias\",\"description\":\"Hemeroteca\",\"url\":\"https:\\\/\\\/www.eldigitaldeasturias.com\\\/noticias\\\/\",\"email\":\"info@eldigitaldeasturias.com\",\"telephone\":\"+34652131393\",\"logo\":{\"@type\":\"ImageObject\",\"url\":\"https:\\\/\\\/www.eldigitaldeasturias.com\\\/noticias\\\/wp-content\\\/uploads\\\/2020\\\/12\\\/EDA.jpg\",\"@id\":\"https:\\\/\\\/www.eldigitaldeasturias.com\\\/noticias\\\/adrian-barbon-el-coronavirus-lo-ha-cambiado-todo\\\/#organizationLogo\",\"width\":649,\"height\":297},\"image\":{\"@id\":\"https:\\\/\\\/www.eldigitaldeasturias.com\\\/noticias\\\/adrian-barbon-el-coronavirus-lo-ha-cambiado-todo\\\/#organizationLogo\"},\"sameAs\":[\"https:\\\/\\\/facebook.com\\\/eldigitaldeasturias\",\"https:\\\/\\\/www.youtube.com\\\/channel\\\/UCZP-2wLEB9Rv6erhFmqVnvg\"],\"address\":{\"@id\":\"https:\\\/\\\/www.eldigitaldeasturias.com\\\/noticias\\\/#postaladdress\",\"@type\":\"PostalAddress\",\"streetAddress\":\"san antonio 4,\",\"postalCode\":\"33430\",\"addressLocality\":\"Cand\\u00e1s\",\"addressRegion\":\"Asturias\",\"addressCountry\":\"ES\"}},{\"@type\":\"Person\",\"@id\":\"https:\\\/\\\/www.eldigitaldeasturias.com\\\/noticias\\\/author\\\/admin\\\/#author\",\"url\":\"https:\\\/\\\/www.eldigitaldeasturias.com\\\/noticias\\\/author\\\/admin\\\/\",\"name\":\"El Digital de Asturias\",\"image\":{\"@type\":\"ImageObject\",\"@id\":\"https:\\\/\\\/www.eldigitaldeasturias.com\\\/noticias\\\/adrian-barbon-el-coronavirus-lo-ha-cambiado-todo\\\/#authorImage\",\"url\":\"https:\\\/\\\/www.eldigitaldeasturias.com\\\/noticias\\\/wp-content\\\/litespeed\\\/avatar\\\/18677e78aa0546b92d9dbf31ec7d7668.jpg?ver=1777290358\",\"width\":96,\"height\":96,\"caption\":\"El Digital de Asturias\"}},{\"@type\":\"WebPage\",\"@id\":\"https:\\\/\\\/www.eldigitaldeasturias.com\\\/noticias\\\/adrian-barbon-el-coronavirus-lo-ha-cambiado-todo\\\/#webpage\",\"url\":\"https:\\\/\\\/www.eldigitaldeasturias.com\\\/noticias\\\/adrian-barbon-el-coronavirus-lo-ha-cambiado-todo\\\/\",\"name\":\"Adri\\u00e1n Barb\\u00f3n: \\u201cEl Coronavirus lo ha cambiado todo\\u201d - El Digital de Asturias\",\"description\":\"(EUROPA PRESS) - El presidente del Principado, el socialista Adri\\u00e1n Barb\\u00f3n, ha hecho el lunes balance de su primer a\\u00f1o al frente de la regi\\u00f3n y ha recordado los retos que tiene por delante apelando al di\\u00e1logo para afrontar los mismos, con la negociaci\\u00f3n del Presupuesto del pr\\u00f3ximo a\\u00f1o como uno de esos retos. Y es\",\"inLanguage\":\"es-ES\",\"isPartOf\":{\"@id\":\"https:\\\/\\\/www.eldigitaldeasturias.com\\\/noticias\\\/#website\"},\"breadcrumb\":{\"@id\":\"https:\\\/\\\/www.eldigitaldeasturias.com\\\/noticias\\\/adrian-barbon-el-coronavirus-lo-ha-cambiado-todo\\\/#breadcrumblist\"},\"author\":{\"@id\":\"https:\\\/\\\/www.eldigitaldeasturias.com\\\/noticias\\\/author\\\/admin\\\/#author\"},\"creator\":{\"@id\":\"https:\\\/\\\/www.eldigitaldeasturias.com\\\/noticias\\\/author\\\/admin\\\/#author\"},\"image\":{\"@type\":\"ImageObject\",\"url\":\"https:\\\/\\\/www.eldigitaldeasturias.com\\\/noticias\\\/wp-content\\\/uploads\\\/2020\\\/07\\\/covid-19-5070658_1280.jpg\",\"@id\":\"https:\\\/\\\/www.eldigitaldeasturias.com\\\/noticias\\\/adrian-barbon-el-coronavirus-lo-ha-cambiado-todo\\\/#mainImage\",\"width\":1280,\"height\":854,\"caption\":\"covid-19\"},\"primaryImageOfPage\":{\"@id\":\"https:\\\/\\\/www.eldigitaldeasturias.com\\\/noticias\\\/adrian-barbon-el-coronavirus-lo-ha-cambiado-todo\\\/#mainImage\"},\"datePublished\":\"2020-07-22T02:37:35+02:00\",\"dateModified\":\"2020-07-22T02:37:35+02:00\"},{\"@type\":\"WebSite\",\"@id\":\"https:\\\/\\\/www.eldigitaldeasturias.com\\\/noticias\\\/#website\",\"url\":\"https:\\\/\\\/www.eldigitaldeasturias.com\\\/noticias\\\/\",\"name\":\"El Digital de Asturias - Diario de actualidad y noticias\",\"alternateName\":\"El Digital de Asturias - Diario de actualidad y noticias\",\"description\":\"Hemeroteca\",\"inLanguage\":\"es-ES\",\"publisher\":{\"@id\":\"https:\\\/\\\/www.eldigitaldeasturias.com\\\/noticias\\\/#organization\"}}]}\n\t\t<\/script>\n\t\t<!-- All in One SEO Pro -->\r\n\t\t<title>Adri\u00e1n Barb\u00f3n: \u201cEl Coronavirus lo ha cambiado todo\u201d - El Digital de Asturias<\/title>\n\n","aioseo_head_json":{"title":"Adri\u00e1n Barb\u00f3n: \u201cEl Coronavirus lo ha cambiado todo\u201d - El Digital de Asturias","description":"(EUROPA PRESS) - El presidente del Principado, el socialista Adri\u00e1n Barb\u00f3n, ha hecho el lunes balance de su primer a\u00f1o al frente de la regi\u00f3n y ha recordado los retos que tiene por delante apelando al di\u00e1logo para afrontar los mismos, con la negociaci\u00f3n del Presupuesto del pr\u00f3ximo a\u00f1o como uno de esos retos. Y es","canonical_url":"https:\/\/www.eldigitaldeasturias.com\/noticias\/adrian-barbon-el-coronavirus-lo-ha-cambiado-todo\/","robots":"max-image-preview:large","keywords":"actualidad asturias,destacadas","webmasterTools":{"google-site-verification":"UA-38556648-1","msvalidate.01":"7dfe9f3f1b24437ab69f4f2559babe99","miscellaneous":""},"schema":{"@context":"https:\/\/schema.org","@graph":[{"@type":"BlogPosting","@id":"https:\/\/www.eldigitaldeasturias.com\/noticias\/adrian-barbon-el-coronavirus-lo-ha-cambiado-todo\/#blogposting","name":"Adri\u00e1n Barb\u00f3n: \u201cEl Coronavirus lo ha cambiado todo\u201d - El Digital de Asturias","headline":"Adri\u00e1n Barb\u00f3n: \u201cEl Coronavirus lo ha cambiado todo\u201d","author":{"@id":"https:\/\/www.eldigitaldeasturias.com\/noticias\/author\/admin\/#author"},"publisher":{"@id":"https:\/\/www.eldigitaldeasturias.com\/noticias\/#organization"},"image":{"@type":"ImageObject","url":"https:\/\/www.eldigitaldeasturias.com\/noticias\/wp-content\/uploads\/2020\/07\/covid-19-5070658_1280.jpg","width":1280,"height":854,"caption":"covid-19"},"datePublished":"2020-07-22T02:37:35+02:00","dateModified":"2020-07-22T02:37:35+02:00","inLanguage":"es-ES","mainEntityOfPage":{"@id":"https:\/\/www.eldigitaldeasturias.com\/noticias\/adrian-barbon-el-coronavirus-lo-ha-cambiado-todo\/#webpage"},"isPartOf":{"@id":"https:\/\/www.eldigitaldeasturias.com\/noticias\/adrian-barbon-el-coronavirus-lo-ha-cambiado-todo\/#webpage"},"articleSection":"Actualidad Asturias, Destacadas"},{"@type":"BreadcrumbList","@id":"https:\/\/www.eldigitaldeasturias.com\/noticias\/adrian-barbon-el-coronavirus-lo-ha-cambiado-todo\/#breadcrumblist","itemListElement":[{"@type":"ListItem","@id":"https:\/\/www.eldigitaldeasturias.com\/noticias#listItem","position":1,"name":"Home","item":"https:\/\/www.eldigitaldeasturias.com\/noticias","nextItem":{"@type":"ListItem","@id":"https:\/\/www.eldigitaldeasturias.com\/noticias\/category\/actualidad-asturias\/#listItem","name":"Actualidad Asturias"}},{"@type":"ListItem","@id":"https:\/\/www.eldigitaldeasturias.com\/noticias\/category\/actualidad-asturias\/#listItem","position":2,"name":"Actualidad Asturias","item":"https:\/\/www.eldigitaldeasturias.com\/noticias\/category\/actualidad-asturias\/","nextItem":{"@type":"ListItem","@id":"https:\/\/www.eldigitaldeasturias.com\/noticias\/adrian-barbon-el-coronavirus-lo-ha-cambiado-todo\/#listItem","name":"Adri\u00e1n Barb\u00f3n: \u201cEl Coronavirus lo ha cambiado todo\u201d"},"previousItem":{"@type":"ListItem","@id":"https:\/\/www.eldigitaldeasturias.com\/noticias#listItem","name":"Home"}},{"@type":"ListItem","@id":"https:\/\/www.eldigitaldeasturias.com\/noticias\/adrian-barbon-el-coronavirus-lo-ha-cambiado-todo\/#listItem","position":3,"name":"Adri\u00e1n Barb\u00f3n: \u201cEl Coronavirus lo ha cambiado todo\u201d","previousItem":{"@type":"ListItem","@id":"https:\/\/www.eldigitaldeasturias.com\/noticias\/category\/actualidad-asturias\/#listItem","name":"Actualidad Asturias"}}]},{"@type":"Organization","@id":"https:\/\/www.eldigitaldeasturias.com\/noticias\/#organization","name":"El Digital de Asturias","description":"Hemeroteca","url":"https:\/\/www.eldigitaldeasturias.com\/noticias\/","email":"info@eldigitaldeasturias.com","telephone":"+34652131393","logo":{"@type":"ImageObject","url":"https:\/\/www.eldigitaldeasturias.com\/noticias\/wp-content\/uploads\/2020\/12\/EDA.jpg","@id":"https:\/\/www.eldigitaldeasturias.com\/noticias\/adrian-barbon-el-coronavirus-lo-ha-cambiado-todo\/#organizationLogo","width":649,"height":297},"image":{"@id":"https:\/\/www.eldigitaldeasturias.com\/noticias\/adrian-barbon-el-coronavirus-lo-ha-cambiado-todo\/#organizationLogo"},"sameAs":["https:\/\/facebook.com\/eldigitaldeasturias","https:\/\/www.youtube.com\/channel\/UCZP-2wLEB9Rv6erhFmqVnvg"],"address":{"@id":"https:\/\/www.eldigitaldeasturias.com\/noticias\/#postaladdress","@type":"PostalAddress","streetAddress":"san antonio 4,","postalCode":"33430","addressLocality":"Cand\u00e1s","addressRegion":"Asturias","addressCountry":"ES"}},{"@type":"Person","@id":"https:\/\/www.eldigitaldeasturias.com\/noticias\/author\/admin\/#author","url":"https:\/\/www.eldigitaldeasturias.com\/noticias\/author\/admin\/","name":"El Digital de Asturias","image":{"@type":"ImageObject","@id":"https:\/\/www.eldigitaldeasturias.com\/noticias\/adrian-barbon-el-coronavirus-lo-ha-cambiado-todo\/#authorImage","url":"https:\/\/www.eldigitaldeasturias.com\/noticias\/wp-content\/litespeed\/avatar\/18677e78aa0546b92d9dbf31ec7d7668.jpg?ver=1777290358","width":96,"height":96,"caption":"El Digital de Asturias"}},{"@type":"WebPage","@id":"https:\/\/www.eldigitaldeasturias.com\/noticias\/adrian-barbon-el-coronavirus-lo-ha-cambiado-todo\/#webpage","url":"https:\/\/www.eldigitaldeasturias.com\/noticias\/adrian-barbon-el-coronavirus-lo-ha-cambiado-todo\/","name":"Adri\u00e1n Barb\u00f3n: \u201cEl Coronavirus lo ha cambiado todo\u201d - El Digital de Asturias","description":"(EUROPA PRESS) - El presidente del Principado, el socialista Adri\u00e1n Barb\u00f3n, ha hecho el lunes balance de su primer a\u00f1o al frente de la regi\u00f3n y ha recordado los retos que tiene por delante apelando al di\u00e1logo para afrontar los mismos, con la negociaci\u00f3n del Presupuesto del pr\u00f3ximo a\u00f1o como uno de esos retos. Y es","inLanguage":"es-ES","isPartOf":{"@id":"https:\/\/www.eldigitaldeasturias.com\/noticias\/#website"},"breadcrumb":{"@id":"https:\/\/www.eldigitaldeasturias.com\/noticias\/adrian-barbon-el-coronavirus-lo-ha-cambiado-todo\/#breadcrumblist"},"author":{"@id":"https:\/\/www.eldigitaldeasturias.com\/noticias\/author\/admin\/#author"},"creator":{"@id":"https:\/\/www.eldigitaldeasturias.com\/noticias\/author\/admin\/#author"},"image":{"@type":"ImageObject","url":"https:\/\/www.eldigitaldeasturias.com\/noticias\/wp-content\/uploads\/2020\/07\/covid-19-5070658_1280.jpg","@id":"https:\/\/www.eldigitaldeasturias.com\/noticias\/adrian-barbon-el-coronavirus-lo-ha-cambiado-todo\/#mainImage","width":1280,"height":854,"caption":"covid-19"},"primaryImageOfPage":{"@id":"https:\/\/www.eldigitaldeasturias.com\/noticias\/adrian-barbon-el-coronavirus-lo-ha-cambiado-todo\/#mainImage"},"datePublished":"2020-07-22T02:37:35+02:00","dateModified":"2020-07-22T02:37:35+02:00"},{"@type":"WebSite","@id":"https:\/\/www.eldigitaldeasturias.com\/noticias\/#website","url":"https:\/\/www.eldigitaldeasturias.com\/noticias\/","name":"El Digital de Asturias - Diario de actualidad y noticias","alternateName":"El Digital de Asturias - Diario de actualidad y noticias","description":"Hemeroteca","inLanguage":"es-ES","publisher":{"@id":"https:\/\/www.eldigitaldeasturias.com\/noticias\/#organization"}}]},"og:locale":"es_ES","og:site_name":"El Digital de Asturias","og:type":"article","og:title":"Adri\u00e1n Barb\u00f3n: \u201cEl Coronavirus lo ha cambiado todo\u201d - El Digital de Asturias","og:description":"(EUROPA PRESS) - El presidente del Principado, el socialista Adri\u00e1n Barb\u00f3n, ha hecho el lunes balance de su primer a\u00f1o al frente de la regi\u00f3n y ha recordado los retos que tiene por delante apelando al di\u00e1logo para afrontar los mismos, con la negociaci\u00f3n del Presupuesto del pr\u00f3ximo a\u00f1o como uno de esos retos. Y es","og:url":"https:\/\/www.eldigitaldeasturias.com\/noticias\/adrian-barbon-el-coronavirus-lo-ha-cambiado-todo\/","og:image":"https:\/\/www.eldigitaldeasturias.com\/noticias\/wp-content\/uploads\/2020\/07\/covid-19-5070658_1280.jpg","og:image:secure_url":"https:\/\/www.eldigitaldeasturias.com\/noticias\/wp-content\/uploads\/2020\/07\/covid-19-5070658_1280.jpg","og:image:width":1280,"og:image:height":854,"article:tag":["actualidad asturias","destacadas"],"article:published_time":"2020-07-22T02:37:35+00:00","article:modified_time":"2020-07-22T02:37:35+00:00","article:publisher":"https:\/\/facebook.com\/eldigitaldeasturias","twitter:card":"summary_large_image","twitter:title":"Adri\u00e1n Barb\u00f3n: \u201cEl Coronavirus lo ha cambiado todo\u201d - El Digital de Asturias","twitter:description":"(EUROPA PRESS) - El presidente del Principado, el socialista Adri\u00e1n Barb\u00f3n, ha hecho el lunes balance de su primer a\u00f1o al frente de la regi\u00f3n y ha recordado los retos que tiene por delante apelando al di\u00e1logo para afrontar los mismos, con la negociaci\u00f3n del Presupuesto del pr\u00f3ximo a\u00f1o como uno de esos retos. Y es","twitter:image":"https:\/\/www.eldigitaldeasturias.com\/noticias\/wp-content\/uploads\/2020\/07\/covid-19-5070658_1280.jpg","twitter:label1":"Escrito por","twitter:data1":"El Digital de Asturias","twitter:label2":"Tiempo de lectura estimado","twitter:data2":"3 minutos"},"aioseo_meta_data":{"post_id":"1070989","title":null,"description":"","keywords":"","keyphrases":null,"primary_term":null,"canonical_url":"","og_title":null,"og_description":null,"og_object_type":"default","og_image_type":"default","og_image_url":null,"og_image_width":null,"og_image_height":null,"og_image_custom_url":null,"og_image_custom_fields":null,"og_video":null,"og_custom_url":null,"og_article_section":null,"og_article_tags":null,"twitter_use_og":false,"twitter_card":"default","twitter_image_type":"default","twitter_image_url":null,"twitter_image_custom_url":null,"twitter_image_custom_fields":null,"twitter_title":null,"twitter_description":null,"schema":{"blockGraphs":[],"customGraphs":[],"default":{"data":{"Article":[],"Course":[],"Dataset":[],"FAQPage":[],"Movie":[],"Person":[],"Product":[],"ProductReview":[],"Car":[],"Recipe":[],"Service":[],"SoftwareApplication":[],"WebPage":[]},"graphName":"","isEnabled":true},"graphs":[],"defaultGraph":"","defaultPostTypeGraph":""},"schema_type":null,"schema_type_options":null,"pillar_content":false,"robots_default":true,"robots_noindex":false,"robots_noarchive":false,"robots_nosnippet":false,"robots_nofollow":false,"robots_noimageindex":false,"robots_noodp":false,"robots_notranslate":false,"robots_max_snippet":null,"robots_max_videopreview":null,"robots_max_imagepreview":"large","priority":null,"frequency":"default","local_seo":null,"seo_analyzer_scan_date":"2025-09-13 01:53:53","breadcrumb_settings":null,"limit_modified_date":false,"open_ai":null,"ai":null,"created":"2020-12-21 10:45:35","updated":"2025-09-13 01:53:53"},"aioseo_breadcrumb":"<div class=\"aioseo-breadcrumbs\"><span class=\"aioseo-breadcrumb\">\n\t<a href=\"https:\/\/www.eldigitaldeasturias.com\/noticias\" title=\"Home\">Home<\/a>\n<\/span><span class=\"aioseo-breadcrumb-separator\">\u2013<\/span><span class=\"aioseo-breadcrumb\">\n\t<a href=\"https:\/\/www.eldigitaldeasturias.com\/noticias\/category\/actualidad-asturias\/\" title=\"Actualidad Asturias\">Actualidad Asturias<\/a>\n<\/span><span class=\"aioseo-breadcrumb-separator\">\u2013<\/span><span class=\"aioseo-breadcrumb\">\n\t<a href=\"https:\/\/www.eldigitaldeasturias.com\/noticias\/adrian-barbon-el-coronavirus-lo-ha-cambiado-todo\/\" title=\"Adri\u00e1n Barb\u00f3n: \u201cEl Coronavirus lo ha cambiado todo\u201d\">Adri\u00e1n Barb\u00f3n: \u201cEl Coronavirus lo ha cambiado todo\u201d<\/a>\n<\/span><\/div>","aioseo_breadcrumb_json":[{"label":"Home","link":"https:\/\/www.eldigitaldeasturias.com\/noticias"},{"label":"Actualidad Asturias","link":"https:\/\/www.eldigitaldeasturias.com\/noticias\/category\/actualidad-asturias\/"},{"label":"Adri\u00e1n Barb\u00f3n: \u201cEl Coronavirus lo ha cambiado todo\u201d","link":"https:\/\/www.eldigitaldeasturias.com\/noticias\/adrian-barbon-el-coronavirus-lo-ha-cambiado-todo\/"}],"_links":{"self":[{"href":"https:\/\/www.eldigitaldeasturias.com\/noticias\/wp-json\/wp\/v2\/posts\/1070989","targetHints":{"allow":["GET"]}}],"collection":[{"href":"https:\/\/www.eldigitaldeasturias.com\/noticias\/wp-json\/wp\/v2\/posts"}],"about":[{"href":"https:\/\/www.eldigitaldeasturias.com\/noticias\/wp-json\/wp\/v2\/types\/post"}],"author":[{"embeddable":true,"href":"https:\/\/www.eldigitaldeasturias.com\/noticias\/wp-json\/wp\/v2\/users\/1"}],"replies":[{"embeddable":true,"href":"https:\/\/www.eldigitaldeasturias.com\/noticias\/wp-json\/wp\/v2\/comments?post=1070989"}],"version-history":[{"count":0,"href":"https:\/\/www.eldigitaldeasturias.com\/noticias\/wp-json\/wp\/v2\/posts\/1070989\/revisions"}],"wp:featuredmedia":[{"embeddable":true,"href":"https:\/\/www.eldigitaldeasturias.com\/noticias\/wp-json\/wp\/v2\/media\/1069994"}],"wp:attachment":[{"href":"https:\/\/www.eldigitaldeasturias.com\/noticias\/wp-json\/wp\/v2\/media?parent=1070989"}],"wp:term":[{"taxonomy":"category","embeddable":true,"href":"https:\/\/www.eldigitaldeasturias.com\/noticias\/wp-json\/wp\/v2\/categories?post=1070989"},{"taxonomy":"post_tag","embeddable":true,"href":"https:\/\/www.eldigitaldeasturias.com\/noticias\/wp-json\/wp\/v2\/tags?post=1070989"}],"curies":[{"name":"wp","href":"https:\/\/api.w.org\/{rel}","templated":true}]}}