{"id":1070598,"date":"2020-07-18T12:57:09","date_gmt":"2020-07-18T12:57:09","guid":{"rendered":"https:\/\/www.eldigitaldeasturias.com\/noticias\/?p=1070598"},"modified":"2020-07-18T12:57:09","modified_gmt":"2020-07-18T12:57:09","slug":"confirmado-en-asturias-un-nuevo-positivo-por-covid-19","status":"publish","type":"post","link":"https:\/\/www.eldigitaldeasturias.com\/noticias\/confirmado-en-asturias-un-nuevo-positivo-por-covid-19\/","title":{"rendered":"Confirmado en Asturias un  nuevo positivo por COVID-19"},"content":{"rendered":"<p><img loading=\"lazy\" decoding=\"async\" class=\"alignleft size-medium wp-image-1021989\" src=\"https:\/\/www.eldigitaldeasturias.com\/noticias\/wp-content\/uploads\/2019\/03\/HUCA-360x204.jpg\" alt=\"\" width=\"360\" height=\"204\" srcset=\"https:\/\/www.eldigitaldeasturias.com\/noticias\/wp-content\/uploads\/2019\/03\/HUCA-360x204.jpg 360w, https:\/\/www.eldigitaldeasturias.com\/noticias\/wp-content\/uploads\/2019\/03\/HUCA-480x272.jpg 480w, https:\/\/www.eldigitaldeasturias.com\/noticias\/wp-content\/uploads\/2019\/03\/HUCA-768x435.jpg 768w, https:\/\/www.eldigitaldeasturias.com\/noticias\/wp-content\/uploads\/2019\/03\/HUCA-690x391.jpg 690w, https:\/\/www.eldigitaldeasturias.com\/noticias\/wp-content\/uploads\/2019\/03\/HUCA-20x11.jpg 20w, https:\/\/www.eldigitaldeasturias.com\/noticias\/wp-content\/uploads\/2019\/03\/HUCA.jpg 800w\" sizes=\"auto, (max-width: 360px) 100vw, 360px\" \/>(EUROPA PRESS) &#8211; El Laboratorio de Virolog\u00eda del HUCA ha confirmado, mediante prueba PCR, el <strong>positivo de una joven que presentaba s\u00edntomas leves compatibles con el coronavirus<\/strong>. La mujer, que regres\u00f3 de Catalu\u00f1a, fue atendida en el \u00e1rea IV, en la zona de Oviedo, donde permanece aislada en su domicilio al presentar s\u00edntomas leves.<\/p>\n<p>El Servicio de Vigilancia Epidemiol\u00f3gica ha iniciado el estudio de contactos de la persona afectada, seg\u00fan ha informado este s\u00e1bado en nota de prensa el Principado.<\/p>\n<p>Con este nuevo caso, <strong>el sexto detectado en esta semana<\/strong>, el n\u00famero total de personas afectadas por el nuevo coronavirus asciende a 2.443 en la regi\u00f3n. De ellos, 677 son personal sanitario. Seg\u00fan los datos generales de Asturias, actualizados este viernes a las 15.48 horas, el n\u00famero de fallecidos por COVID-19 se mantiene en 339 y las curaciones se elevan a 2.077. Siguen hospitalizadas tres personas en la Unidad de Cuidados Intensivos y una en planta.<\/p>\n<p>Hasta este viernes se han tomado 145.570 PRC y se han realizado 96.610 test r\u00e1pidos.<\/p>\n<p>La Consejer\u00eda de Salud insiste en la importancia en el cumplimiento de las recomendaciones de seguridad,<strong> como el uso de mascarilla, obligatoria en el Principado desde el martes<\/strong>, el lavado frecuente de manos y el respeto de la distancia de seguridad.<\/p>\n","protected":false},"excerpt":{"rendered":"<p>(EUROPA PRESS) &#8211; El Laboratorio de Virolog\u00eda del HUCA ha confirmado, mediante prueba PCR, el positivo de una joven que presentaba s\u00edntomas leves compatibles con el coronavirus. La mujer, que regres\u00f3 de Catalu\u00f1a, fue atendida en el \u00e1rea IV, en la zona de Oviedo, donde permanece aislada en su domicilio al presentar s\u00edntomas leves. El [&hellip;]<\/p>\n","protected":false},"author":1,"featured_media":1069994,"comment_status":"closed","ping_status":"closed","sticky":false,"template":"","format":"standard","meta":{"footnotes":""},"categories":[12,141],"tags":[],"class_list":["post-1070598","post","type-post","status-publish","format-standard","has-post-thumbnail","hentry","category-actualidad-asturias","category-destacadas"],"aioseo_notices":[],"aioseo_head":"\n\t\t<!-- All in One SEO Pro 4.9.6.2 - aioseo.com -->\n\t<meta name=\"description\" content=\"(EUROPA PRESS) - El Laboratorio de Virolog\u00eda del HUCA ha confirmado, mediante prueba PCR, el positivo de una joven que presentaba s\u00edntomas leves compatibles con el coronavirus. La mujer, que regres\u00f3 de Catalu\u00f1a, fue atendida en el \u00e1rea IV, en la zona de Oviedo, donde permanece aislada en su domicilio al presentar s\u00edntomas leves. El\" \/>\n\t<meta name=\"robots\" content=\"max-image-preview:large\" \/>\n\t<meta name=\"author\" content=\"El Digital de Asturias\"\/>\n\t<meta name=\"google-site-verification\" content=\"UA-38556648-1\" \/>\n\t<meta name=\"msvalidate.01\" content=\"7dfe9f3f1b24437ab69f4f2559babe99\" \/>\n\t<meta name=\"keywords\" content=\"actualidad asturias,destacadas\" \/>\n\t<link rel=\"canonical\" href=\"https:\/\/www.eldigitaldeasturias.com\/noticias\/confirmado-en-asturias-un-nuevo-positivo-por-covid-19\/\" \/>\n\t<meta name=\"generator\" content=\"All in One SEO Pro (AIOSEO) 4.9.6.2\" \/>\n\t\t<meta property=\"og:locale\" content=\"es_ES\" \/>\n\t\t<meta property=\"og:site_name\" content=\"El Digital de Asturias\" \/>\n\t\t<meta property=\"og:type\" content=\"article\" \/>\n\t\t<meta property=\"og:title\" content=\"Confirmado en Asturias un nuevo positivo por COVID-19 - El Digital de Asturias\" \/>\n\t\t<meta property=\"og:description\" content=\"(EUROPA PRESS) - El Laboratorio de Virolog\u00eda del HUCA ha confirmado, mediante prueba PCR, el positivo de una joven que presentaba s\u00edntomas leves compatibles con el coronavirus. La mujer, que regres\u00f3 de Catalu\u00f1a, fue atendida en el \u00e1rea IV, en la zona de Oviedo, donde permanece aislada en su domicilio al presentar s\u00edntomas leves. El\" \/>\n\t\t<meta property=\"og:url\" content=\"https:\/\/www.eldigitaldeasturias.com\/noticias\/confirmado-en-asturias-un-nuevo-positivo-por-covid-19\/\" \/>\n\t\t<meta property=\"og:image\" content=\"https:\/\/www.eldigitaldeasturias.com\/noticias\/wp-content\/uploads\/2020\/07\/covid-19-5070658_1280.jpg\" \/>\n\t\t<meta property=\"og:image:secure_url\" content=\"https:\/\/www.eldigitaldeasturias.com\/noticias\/wp-content\/uploads\/2020\/07\/covid-19-5070658_1280.jpg\" \/>\n\t\t<meta property=\"og:image:width\" content=\"1280\" \/>\n\t\t<meta property=\"og:image:height\" content=\"854\" \/>\n\t\t<meta property=\"article:tag\" content=\"actualidad asturias\" \/>\n\t\t<meta property=\"article:tag\" content=\"destacadas\" \/>\n\t\t<meta property=\"article:published_time\" content=\"2020-07-18T12:57:09+00:00\" \/>\n\t\t<meta property=\"article:modified_time\" content=\"2020-07-18T12:57:09+00:00\" \/>\n\t\t<meta property=\"article:publisher\" content=\"https:\/\/facebook.com\/eldigitaldeasturias\" \/>\n\t\t<meta name=\"twitter:card\" content=\"summary_large_image\" \/>\n\t\t<meta name=\"twitter:title\" content=\"Confirmado en Asturias un nuevo positivo por COVID-19 - El Digital de Asturias\" \/>\n\t\t<meta name=\"twitter:description\" content=\"(EUROPA PRESS) - El Laboratorio de Virolog\u00eda del HUCA ha confirmado, mediante prueba PCR, el positivo de una joven que presentaba s\u00edntomas leves compatibles con el coronavirus. La mujer, que regres\u00f3 de Catalu\u00f1a, fue atendida en el \u00e1rea IV, en la zona de Oviedo, donde permanece aislada en su domicilio al presentar s\u00edntomas leves. El\" \/>\n\t\t<meta name=\"twitter:image\" content=\"https:\/\/www.eldigitaldeasturias.com\/noticias\/wp-content\/uploads\/2020\/07\/covid-19-5070658_1280.jpg\" \/>\n\t\t<meta name=\"twitter:label1\" content=\"Escrito por\" \/>\n\t\t<meta name=\"twitter:data1\" content=\"El Digital de Asturias\" \/>\n\t\t<meta name=\"twitter:label2\" content=\"Tiempo de lectura estimado\" \/>\n\t\t<meta name=\"twitter:data2\" content=\"1 minuto\" \/>\n\t\t<script type=\"application\/ld+json\" class=\"aioseo-schema\">\n\t\t\t{\"@context\":\"https:\\\/\\\/schema.org\",\"@graph\":[{\"@type\":\"BlogPosting\",\"@id\":\"https:\\\/\\\/www.eldigitaldeasturias.com\\\/noticias\\\/confirmado-en-asturias-un-nuevo-positivo-por-covid-19\\\/#blogposting\",\"name\":\"Confirmado en Asturias un nuevo positivo por COVID-19 - El Digital de Asturias\",\"headline\":\"Confirmado en Asturias un  nuevo positivo por COVID-19\",\"author\":{\"@id\":\"https:\\\/\\\/www.eldigitaldeasturias.com\\\/noticias\\\/author\\\/admin\\\/#author\"},\"publisher\":{\"@id\":\"https:\\\/\\\/www.eldigitaldeasturias.com\\\/noticias\\\/#organization\"},\"image\":{\"@type\":\"ImageObject\",\"url\":\"https:\\\/\\\/www.eldigitaldeasturias.com\\\/noticias\\\/wp-content\\\/uploads\\\/2020\\\/07\\\/covid-19-5070658_1280.jpg\",\"width\":1280,\"height\":854,\"caption\":\"covid-19\"},\"datePublished\":\"2020-07-18T12:57:09+02:00\",\"dateModified\":\"2020-07-18T12:57:09+02:00\",\"inLanguage\":\"es-ES\",\"mainEntityOfPage\":{\"@id\":\"https:\\\/\\\/www.eldigitaldeasturias.com\\\/noticias\\\/confirmado-en-asturias-un-nuevo-positivo-por-covid-19\\\/#webpage\"},\"isPartOf\":{\"@id\":\"https:\\\/\\\/www.eldigitaldeasturias.com\\\/noticias\\\/confirmado-en-asturias-un-nuevo-positivo-por-covid-19\\\/#webpage\"},\"articleSection\":\"Actualidad Asturias, Destacadas\"},{\"@type\":\"BreadcrumbList\",\"@id\":\"https:\\\/\\\/www.eldigitaldeasturias.com\\\/noticias\\\/confirmado-en-asturias-un-nuevo-positivo-por-covid-19\\\/#breadcrumblist\",\"itemListElement\":[{\"@type\":\"ListItem\",\"@id\":\"https:\\\/\\\/www.eldigitaldeasturias.com\\\/noticias#listItem\",\"position\":1,\"name\":\"Home\",\"item\":\"https:\\\/\\\/www.eldigitaldeasturias.com\\\/noticias\",\"nextItem\":{\"@type\":\"ListItem\",\"@id\":\"https:\\\/\\\/www.eldigitaldeasturias.com\\\/noticias\\\/category\\\/actualidad-asturias\\\/#listItem\",\"name\":\"Actualidad Asturias\"}},{\"@type\":\"ListItem\",\"@id\":\"https:\\\/\\\/www.eldigitaldeasturias.com\\\/noticias\\\/category\\\/actualidad-asturias\\\/#listItem\",\"position\":2,\"name\":\"Actualidad Asturias\",\"item\":\"https:\\\/\\\/www.eldigitaldeasturias.com\\\/noticias\\\/category\\\/actualidad-asturias\\\/\",\"nextItem\":{\"@type\":\"ListItem\",\"@id\":\"https:\\\/\\\/www.eldigitaldeasturias.com\\\/noticias\\\/confirmado-en-asturias-un-nuevo-positivo-por-covid-19\\\/#listItem\",\"name\":\"Confirmado en Asturias un  nuevo positivo por COVID-19\"},\"previousItem\":{\"@type\":\"ListItem\",\"@id\":\"https:\\\/\\\/www.eldigitaldeasturias.com\\\/noticias#listItem\",\"name\":\"Home\"}},{\"@type\":\"ListItem\",\"@id\":\"https:\\\/\\\/www.eldigitaldeasturias.com\\\/noticias\\\/confirmado-en-asturias-un-nuevo-positivo-por-covid-19\\\/#listItem\",\"position\":3,\"name\":\"Confirmado en Asturias un  nuevo positivo por COVID-19\",\"previousItem\":{\"@type\":\"ListItem\",\"@id\":\"https:\\\/\\\/www.eldigitaldeasturias.com\\\/noticias\\\/category\\\/actualidad-asturias\\\/#listItem\",\"name\":\"Actualidad Asturias\"}}]},{\"@type\":\"Organization\",\"@id\":\"https:\\\/\\\/www.eldigitaldeasturias.com\\\/noticias\\\/#organization\",\"name\":\"El Digital de Asturias\",\"description\":\"Hemeroteca\",\"url\":\"https:\\\/\\\/www.eldigitaldeasturias.com\\\/noticias\\\/\",\"email\":\"info@eldigitaldeasturias.com\",\"telephone\":\"+34652131393\",\"logo\":{\"@type\":\"ImageObject\",\"url\":\"https:\\\/\\\/www.eldigitaldeasturias.com\\\/noticias\\\/wp-content\\\/uploads\\\/2020\\\/12\\\/EDA.jpg\",\"@id\":\"https:\\\/\\\/www.eldigitaldeasturias.com\\\/noticias\\\/confirmado-en-asturias-un-nuevo-positivo-por-covid-19\\\/#organizationLogo\",\"width\":649,\"height\":297},\"image\":{\"@id\":\"https:\\\/\\\/www.eldigitaldeasturias.com\\\/noticias\\\/confirmado-en-asturias-un-nuevo-positivo-por-covid-19\\\/#organizationLogo\"},\"sameAs\":[\"https:\\\/\\\/facebook.com\\\/eldigitaldeasturias\",\"https:\\\/\\\/www.youtube.com\\\/channel\\\/UCZP-2wLEB9Rv6erhFmqVnvg\"],\"address\":{\"@id\":\"https:\\\/\\\/www.eldigitaldeasturias.com\\\/noticias\\\/#postaladdress\",\"@type\":\"PostalAddress\",\"streetAddress\":\"san antonio 4,\",\"postalCode\":\"33430\",\"addressLocality\":\"Cand\\u00e1s\",\"addressRegion\":\"Asturias\",\"addressCountry\":\"ES\"}},{\"@type\":\"Person\",\"@id\":\"https:\\\/\\\/www.eldigitaldeasturias.com\\\/noticias\\\/author\\\/admin\\\/#author\",\"url\":\"https:\\\/\\\/www.eldigitaldeasturias.com\\\/noticias\\\/author\\\/admin\\\/\",\"name\":\"El Digital de Asturias\",\"image\":{\"@type\":\"ImageObject\",\"@id\":\"https:\\\/\\\/www.eldigitaldeasturias.com\\\/noticias\\\/confirmado-en-asturias-un-nuevo-positivo-por-covid-19\\\/#authorImage\",\"url\":\"https:\\\/\\\/www.eldigitaldeasturias.com\\\/noticias\\\/wp-content\\\/litespeed\\\/avatar\\\/18677e78aa0546b92d9dbf31ec7d7668.jpg?ver=1777290358\",\"width\":96,\"height\":96,\"caption\":\"El Digital de Asturias\"}},{\"@type\":\"WebPage\",\"@id\":\"https:\\\/\\\/www.eldigitaldeasturias.com\\\/noticias\\\/confirmado-en-asturias-un-nuevo-positivo-por-covid-19\\\/#webpage\",\"url\":\"https:\\\/\\\/www.eldigitaldeasturias.com\\\/noticias\\\/confirmado-en-asturias-un-nuevo-positivo-por-covid-19\\\/\",\"name\":\"Confirmado en Asturias un nuevo positivo por COVID-19 - El Digital de Asturias\",\"description\":\"(EUROPA PRESS) - El Laboratorio de Virolog\\u00eda del HUCA ha confirmado, mediante prueba PCR, el positivo de una joven que presentaba s\\u00edntomas leves compatibles con el coronavirus. La mujer, que regres\\u00f3 de Catalu\\u00f1a, fue atendida en el \\u00e1rea IV, en la zona de Oviedo, donde permanece aislada en su domicilio al presentar s\\u00edntomas leves. El\",\"inLanguage\":\"es-ES\",\"isPartOf\":{\"@id\":\"https:\\\/\\\/www.eldigitaldeasturias.com\\\/noticias\\\/#website\"},\"breadcrumb\":{\"@id\":\"https:\\\/\\\/www.eldigitaldeasturias.com\\\/noticias\\\/confirmado-en-asturias-un-nuevo-positivo-por-covid-19\\\/#breadcrumblist\"},\"author\":{\"@id\":\"https:\\\/\\\/www.eldigitaldeasturias.com\\\/noticias\\\/author\\\/admin\\\/#author\"},\"creator\":{\"@id\":\"https:\\\/\\\/www.eldigitaldeasturias.com\\\/noticias\\\/author\\\/admin\\\/#author\"},\"image\":{\"@type\":\"ImageObject\",\"url\":\"https:\\\/\\\/www.eldigitaldeasturias.com\\\/noticias\\\/wp-content\\\/uploads\\\/2020\\\/07\\\/covid-19-5070658_1280.jpg\",\"@id\":\"https:\\\/\\\/www.eldigitaldeasturias.com\\\/noticias\\\/confirmado-en-asturias-un-nuevo-positivo-por-covid-19\\\/#mainImage\",\"width\":1280,\"height\":854,\"caption\":\"covid-19\"},\"primaryImageOfPage\":{\"@id\":\"https:\\\/\\\/www.eldigitaldeasturias.com\\\/noticias\\\/confirmado-en-asturias-un-nuevo-positivo-por-covid-19\\\/#mainImage\"},\"datePublished\":\"2020-07-18T12:57:09+02:00\",\"dateModified\":\"2020-07-18T12:57:09+02:00\"},{\"@type\":\"WebSite\",\"@id\":\"https:\\\/\\\/www.eldigitaldeasturias.com\\\/noticias\\\/#website\",\"url\":\"https:\\\/\\\/www.eldigitaldeasturias.com\\\/noticias\\\/\",\"name\":\"El Digital de Asturias - Diario de actualidad y noticias\",\"alternateName\":\"El Digital de Asturias - Diario de actualidad y noticias\",\"description\":\"Hemeroteca\",\"inLanguage\":\"es-ES\",\"publisher\":{\"@id\":\"https:\\\/\\\/www.eldigitaldeasturias.com\\\/noticias\\\/#organization\"}}]}\n\t\t<\/script>\n\t\t<!-- All in One SEO Pro -->\r\n\t\t<title>Confirmado en Asturias un nuevo positivo por COVID-19 - El Digital de Asturias<\/title>\n\n","aioseo_head_json":{"title":"Confirmado en Asturias un nuevo positivo por COVID-19 - El Digital de Asturias","description":"(EUROPA PRESS) - El Laboratorio de Virolog\u00eda del HUCA ha confirmado, mediante prueba PCR, el positivo de una joven que presentaba s\u00edntomas leves compatibles con el coronavirus. La mujer, que regres\u00f3 de Catalu\u00f1a, fue atendida en el \u00e1rea IV, en la zona de Oviedo, donde permanece aislada en su domicilio al presentar s\u00edntomas leves. El","canonical_url":"https:\/\/www.eldigitaldeasturias.com\/noticias\/confirmado-en-asturias-un-nuevo-positivo-por-covid-19\/","robots":"max-image-preview:large","keywords":"actualidad asturias,destacadas","webmasterTools":{"google-site-verification":"UA-38556648-1","msvalidate.01":"7dfe9f3f1b24437ab69f4f2559babe99","miscellaneous":""},"schema":{"@context":"https:\/\/schema.org","@graph":[{"@type":"BlogPosting","@id":"https:\/\/www.eldigitaldeasturias.com\/noticias\/confirmado-en-asturias-un-nuevo-positivo-por-covid-19\/#blogposting","name":"Confirmado en Asturias un nuevo positivo por COVID-19 - El Digital de Asturias","headline":"Confirmado en Asturias un  nuevo positivo por COVID-19","author":{"@id":"https:\/\/www.eldigitaldeasturias.com\/noticias\/author\/admin\/#author"},"publisher":{"@id":"https:\/\/www.eldigitaldeasturias.com\/noticias\/#organization"},"image":{"@type":"ImageObject","url":"https:\/\/www.eldigitaldeasturias.com\/noticias\/wp-content\/uploads\/2020\/07\/covid-19-5070658_1280.jpg","width":1280,"height":854,"caption":"covid-19"},"datePublished":"2020-07-18T12:57:09+02:00","dateModified":"2020-07-18T12:57:09+02:00","inLanguage":"es-ES","mainEntityOfPage":{"@id":"https:\/\/www.eldigitaldeasturias.com\/noticias\/confirmado-en-asturias-un-nuevo-positivo-por-covid-19\/#webpage"},"isPartOf":{"@id":"https:\/\/www.eldigitaldeasturias.com\/noticias\/confirmado-en-asturias-un-nuevo-positivo-por-covid-19\/#webpage"},"articleSection":"Actualidad Asturias, Destacadas"},{"@type":"BreadcrumbList","@id":"https:\/\/www.eldigitaldeasturias.com\/noticias\/confirmado-en-asturias-un-nuevo-positivo-por-covid-19\/#breadcrumblist","itemListElement":[{"@type":"ListItem","@id":"https:\/\/www.eldigitaldeasturias.com\/noticias#listItem","position":1,"name":"Home","item":"https:\/\/www.eldigitaldeasturias.com\/noticias","nextItem":{"@type":"ListItem","@id":"https:\/\/www.eldigitaldeasturias.com\/noticias\/category\/actualidad-asturias\/#listItem","name":"Actualidad Asturias"}},{"@type":"ListItem","@id":"https:\/\/www.eldigitaldeasturias.com\/noticias\/category\/actualidad-asturias\/#listItem","position":2,"name":"Actualidad Asturias","item":"https:\/\/www.eldigitaldeasturias.com\/noticias\/category\/actualidad-asturias\/","nextItem":{"@type":"ListItem","@id":"https:\/\/www.eldigitaldeasturias.com\/noticias\/confirmado-en-asturias-un-nuevo-positivo-por-covid-19\/#listItem","name":"Confirmado en Asturias un  nuevo positivo por COVID-19"},"previousItem":{"@type":"ListItem","@id":"https:\/\/www.eldigitaldeasturias.com\/noticias#listItem","name":"Home"}},{"@type":"ListItem","@id":"https:\/\/www.eldigitaldeasturias.com\/noticias\/confirmado-en-asturias-un-nuevo-positivo-por-covid-19\/#listItem","position":3,"name":"Confirmado en Asturias un  nuevo positivo por COVID-19","previousItem":{"@type":"ListItem","@id":"https:\/\/www.eldigitaldeasturias.com\/noticias\/category\/actualidad-asturias\/#listItem","name":"Actualidad Asturias"}}]},{"@type":"Organization","@id":"https:\/\/www.eldigitaldeasturias.com\/noticias\/#organization","name":"El Digital de Asturias","description":"Hemeroteca","url":"https:\/\/www.eldigitaldeasturias.com\/noticias\/","email":"info@eldigitaldeasturias.com","telephone":"+34652131393","logo":{"@type":"ImageObject","url":"https:\/\/www.eldigitaldeasturias.com\/noticias\/wp-content\/uploads\/2020\/12\/EDA.jpg","@id":"https:\/\/www.eldigitaldeasturias.com\/noticias\/confirmado-en-asturias-un-nuevo-positivo-por-covid-19\/#organizationLogo","width":649,"height":297},"image":{"@id":"https:\/\/www.eldigitaldeasturias.com\/noticias\/confirmado-en-asturias-un-nuevo-positivo-por-covid-19\/#organizationLogo"},"sameAs":["https:\/\/facebook.com\/eldigitaldeasturias","https:\/\/www.youtube.com\/channel\/UCZP-2wLEB9Rv6erhFmqVnvg"],"address":{"@id":"https:\/\/www.eldigitaldeasturias.com\/noticias\/#postaladdress","@type":"PostalAddress","streetAddress":"san antonio 4,","postalCode":"33430","addressLocality":"Cand\u00e1s","addressRegion":"Asturias","addressCountry":"ES"}},{"@type":"Person","@id":"https:\/\/www.eldigitaldeasturias.com\/noticias\/author\/admin\/#author","url":"https:\/\/www.eldigitaldeasturias.com\/noticias\/author\/admin\/","name":"El Digital de Asturias","image":{"@type":"ImageObject","@id":"https:\/\/www.eldigitaldeasturias.com\/noticias\/confirmado-en-asturias-un-nuevo-positivo-por-covid-19\/#authorImage","url":"https:\/\/www.eldigitaldeasturias.com\/noticias\/wp-content\/litespeed\/avatar\/18677e78aa0546b92d9dbf31ec7d7668.jpg?ver=1777290358","width":96,"height":96,"caption":"El Digital de Asturias"}},{"@type":"WebPage","@id":"https:\/\/www.eldigitaldeasturias.com\/noticias\/confirmado-en-asturias-un-nuevo-positivo-por-covid-19\/#webpage","url":"https:\/\/www.eldigitaldeasturias.com\/noticias\/confirmado-en-asturias-un-nuevo-positivo-por-covid-19\/","name":"Confirmado en Asturias un nuevo positivo por COVID-19 - El Digital de Asturias","description":"(EUROPA PRESS) - El Laboratorio de Virolog\u00eda del HUCA ha confirmado, mediante prueba PCR, el positivo de una joven que presentaba s\u00edntomas leves compatibles con el coronavirus. La mujer, que regres\u00f3 de Catalu\u00f1a, fue atendida en el \u00e1rea IV, en la zona de Oviedo, donde permanece aislada en su domicilio al presentar s\u00edntomas leves. El","inLanguage":"es-ES","isPartOf":{"@id":"https:\/\/www.eldigitaldeasturias.com\/noticias\/#website"},"breadcrumb":{"@id":"https:\/\/www.eldigitaldeasturias.com\/noticias\/confirmado-en-asturias-un-nuevo-positivo-por-covid-19\/#breadcrumblist"},"author":{"@id":"https:\/\/www.eldigitaldeasturias.com\/noticias\/author\/admin\/#author"},"creator":{"@id":"https:\/\/www.eldigitaldeasturias.com\/noticias\/author\/admin\/#author"},"image":{"@type":"ImageObject","url":"https:\/\/www.eldigitaldeasturias.com\/noticias\/wp-content\/uploads\/2020\/07\/covid-19-5070658_1280.jpg","@id":"https:\/\/www.eldigitaldeasturias.com\/noticias\/confirmado-en-asturias-un-nuevo-positivo-por-covid-19\/#mainImage","width":1280,"height":854,"caption":"covid-19"},"primaryImageOfPage":{"@id":"https:\/\/www.eldigitaldeasturias.com\/noticias\/confirmado-en-asturias-un-nuevo-positivo-por-covid-19\/#mainImage"},"datePublished":"2020-07-18T12:57:09+02:00","dateModified":"2020-07-18T12:57:09+02:00"},{"@type":"WebSite","@id":"https:\/\/www.eldigitaldeasturias.com\/noticias\/#website","url":"https:\/\/www.eldigitaldeasturias.com\/noticias\/","name":"El Digital de Asturias - Diario de actualidad y noticias","alternateName":"El Digital de Asturias - Diario de actualidad y noticias","description":"Hemeroteca","inLanguage":"es-ES","publisher":{"@id":"https:\/\/www.eldigitaldeasturias.com\/noticias\/#organization"}}]},"og:locale":"es_ES","og:site_name":"El Digital de Asturias","og:type":"article","og:title":"Confirmado en Asturias un nuevo positivo por COVID-19 - El Digital de Asturias","og:description":"(EUROPA PRESS) - El Laboratorio de Virolog\u00eda del HUCA ha confirmado, mediante prueba PCR, el positivo de una joven que presentaba s\u00edntomas leves compatibles con el coronavirus. La mujer, que regres\u00f3 de Catalu\u00f1a, fue atendida en el \u00e1rea IV, en la zona de Oviedo, donde permanece aislada en su domicilio al presentar s\u00edntomas leves. El","og:url":"https:\/\/www.eldigitaldeasturias.com\/noticias\/confirmado-en-asturias-un-nuevo-positivo-por-covid-19\/","og:image":"https:\/\/www.eldigitaldeasturias.com\/noticias\/wp-content\/uploads\/2020\/07\/covid-19-5070658_1280.jpg","og:image:secure_url":"https:\/\/www.eldigitaldeasturias.com\/noticias\/wp-content\/uploads\/2020\/07\/covid-19-5070658_1280.jpg","og:image:width":1280,"og:image:height":854,"article:tag":["actualidad asturias","destacadas"],"article:published_time":"2020-07-18T12:57:09+00:00","article:modified_time":"2020-07-18T12:57:09+00:00","article:publisher":"https:\/\/facebook.com\/eldigitaldeasturias","twitter:card":"summary_large_image","twitter:title":"Confirmado en Asturias un nuevo positivo por COVID-19 - El Digital de Asturias","twitter:description":"(EUROPA PRESS) - El Laboratorio de Virolog\u00eda del HUCA ha confirmado, mediante prueba PCR, el positivo de una joven que presentaba s\u00edntomas leves compatibles con el coronavirus. La mujer, que regres\u00f3 de Catalu\u00f1a, fue atendida en el \u00e1rea IV, en la zona de Oviedo, donde permanece aislada en su domicilio al presentar s\u00edntomas leves. El","twitter:image":"https:\/\/www.eldigitaldeasturias.com\/noticias\/wp-content\/uploads\/2020\/07\/covid-19-5070658_1280.jpg","twitter:label1":"Escrito por","twitter:data1":"El Digital de Asturias","twitter:label2":"Tiempo de lectura estimado","twitter:data2":"1 minuto"},"aioseo_meta_data":{"post_id":"1070598","title":null,"description":"","keywords":"","keyphrases":null,"primary_term":null,"canonical_url":"","og_title":null,"og_description":null,"og_object_type":"default","og_image_type":"default","og_image_url":null,"og_image_width":null,"og_image_height":null,"og_image_custom_url":null,"og_image_custom_fields":null,"og_video":null,"og_custom_url":null,"og_article_section":null,"og_article_tags":null,"twitter_use_og":false,"twitter_card":"default","twitter_image_type":"default","twitter_image_url":null,"twitter_image_custom_url":null,"twitter_image_custom_fields":null,"twitter_title":null,"twitter_description":null,"schema":{"blockGraphs":[],"customGraphs":[],"default":{"data":{"Article":[],"Course":[],"Dataset":[],"FAQPage":[],"Movie":[],"Person":[],"Product":[],"ProductReview":[],"Car":[],"Recipe":[],"Service":[],"SoftwareApplication":[],"WebPage":[]},"graphName":"","isEnabled":true},"graphs":[],"defaultGraph":"","defaultPostTypeGraph":""},"schema_type":null,"schema_type_options":null,"pillar_content":false,"robots_default":true,"robots_noindex":false,"robots_noarchive":false,"robots_nosnippet":false,"robots_nofollow":false,"robots_noimageindex":false,"robots_noodp":false,"robots_notranslate":false,"robots_max_snippet":null,"robots_max_videopreview":null,"robots_max_imagepreview":"large","priority":null,"frequency":"default","local_seo":null,"seo_analyzer_scan_date":"2025-09-13 00:38:52","breadcrumb_settings":null,"limit_modified_date":false,"open_ai":null,"ai":null,"created":"2020-12-21 10:45:44","updated":"2025-09-13 00:38:52"},"aioseo_breadcrumb":"<div class=\"aioseo-breadcrumbs\"><span class=\"aioseo-breadcrumb\">\n\t<a href=\"https:\/\/www.eldigitaldeasturias.com\/noticias\" title=\"Home\">Home<\/a>\n<\/span><span class=\"aioseo-breadcrumb-separator\">\u2013<\/span><span class=\"aioseo-breadcrumb\">\n\t<a href=\"https:\/\/www.eldigitaldeasturias.com\/noticias\/category\/actualidad-asturias\/\" title=\"Actualidad Asturias\">Actualidad Asturias<\/a>\n<\/span><span class=\"aioseo-breadcrumb-separator\">\u2013<\/span><span class=\"aioseo-breadcrumb\">\n\t<a href=\"https:\/\/www.eldigitaldeasturias.com\/noticias\/confirmado-en-asturias-un-nuevo-positivo-por-covid-19\/\" title=\"Confirmado en Asturias un  nuevo positivo por COVID-19\">Confirmado en Asturias un  nuevo positivo por COVID-19<\/a>\n<\/span><\/div>","aioseo_breadcrumb_json":[{"label":"Home","link":"https:\/\/www.eldigitaldeasturias.com\/noticias"},{"label":"Actualidad Asturias","link":"https:\/\/www.eldigitaldeasturias.com\/noticias\/category\/actualidad-asturias\/"},{"label":"Confirmado en Asturias un  nuevo positivo por COVID-19","link":"https:\/\/www.eldigitaldeasturias.com\/noticias\/confirmado-en-asturias-un-nuevo-positivo-por-covid-19\/"}],"_links":{"self":[{"href":"https:\/\/www.eldigitaldeasturias.com\/noticias\/wp-json\/wp\/v2\/posts\/1070598","targetHints":{"allow":["GET"]}}],"collection":[{"href":"https:\/\/www.eldigitaldeasturias.com\/noticias\/wp-json\/wp\/v2\/posts"}],"about":[{"href":"https:\/\/www.eldigitaldeasturias.com\/noticias\/wp-json\/wp\/v2\/types\/post"}],"author":[{"embeddable":true,"href":"https:\/\/www.eldigitaldeasturias.com\/noticias\/wp-json\/wp\/v2\/users\/1"}],"replies":[{"embeddable":true,"href":"https:\/\/www.eldigitaldeasturias.com\/noticias\/wp-json\/wp\/v2\/comments?post=1070598"}],"version-history":[{"count":0,"href":"https:\/\/www.eldigitaldeasturias.com\/noticias\/wp-json\/wp\/v2\/posts\/1070598\/revisions"}],"wp:featuredmedia":[{"embeddable":true,"href":"https:\/\/www.eldigitaldeasturias.com\/noticias\/wp-json\/wp\/v2\/media\/1069994"}],"wp:attachment":[{"href":"https:\/\/www.eldigitaldeasturias.com\/noticias\/wp-json\/wp\/v2\/media?parent=1070598"}],"wp:term":[{"taxonomy":"category","embeddable":true,"href":"https:\/\/www.eldigitaldeasturias.com\/noticias\/wp-json\/wp\/v2\/categories?post=1070598"},{"taxonomy":"post_tag","embeddable":true,"href":"https:\/\/www.eldigitaldeasturias.com\/noticias\/wp-json\/wp\/v2\/tags?post=1070598"}],"curies":[{"name":"wp","href":"https:\/\/api.w.org\/{rel}","templated":true}]}}