{"id":1070590,"date":"2020-07-18T12:36:12","date_gmt":"2020-07-18T12:36:12","guid":{"rendered":"https:\/\/www.eldigitaldeasturias.com\/noticias\/?p=1070590"},"modified":"2020-07-18T12:36:12","modified_gmt":"2020-07-18T12:36:12","slug":"las-claves-del-real-madrid-campeon","status":"publish","type":"post","link":"https:\/\/www.eldigitaldeasturias.com\/noticias\/las-claves-del-real-madrid-campeon\/","title":{"rendered":"Las claves del Real Madrid campe\u00f3n"},"content":{"rendered":"<p>(Europa Press) &#8211;\u00a0El Real Madrid alz\u00f3 el jueves su <strong>trigesimocuarto t\u00edtulo liguero<\/strong>, un logro basado principalmente en la recuperaci\u00f3n de su &#8216;vieja guardia&#8217;, una solidez defensiva reflejada en la mejor versi\u00f3n de Thibaut Courtois, y la aportaci\u00f3n goleadora de Karim Benzema.<\/p>\n<figure id=\"attachment_1070591\" aria-describedby=\"caption-attachment-1070591\" style=\"width: 650px\" class=\"wp-caption aligncenter\"><img loading=\"lazy\" decoding=\"async\" class=\"wp-image-1070591\" src=\"https:\/\/www.eldigitaldeasturias.com\/noticias\/wp-content\/uploads\/2020\/07\/Real-Madrid-360x223.jpg\" alt=\"\" width=\"650\" height=\"403\" srcset=\"https:\/\/www.eldigitaldeasturias.com\/noticias\/wp-content\/uploads\/2020\/07\/Real-Madrid-360x223.jpg 360w, https:\/\/www.eldigitaldeasturias.com\/noticias\/wp-content\/uploads\/2020\/07\/Real-Madrid-690x428.jpg 690w, https:\/\/www.eldigitaldeasturias.com\/noticias\/wp-content\/uploads\/2020\/07\/Real-Madrid-480x297.jpg 480w, https:\/\/www.eldigitaldeasturias.com\/noticias\/wp-content\/uploads\/2020\/07\/Real-Madrid-768x476.jpg 768w, https:\/\/www.eldigitaldeasturias.com\/noticias\/wp-content\/uploads\/2020\/07\/Real-Madrid-696x431.jpg 696w, https:\/\/www.eldigitaldeasturias.com\/noticias\/wp-content\/uploads\/2020\/07\/Real-Madrid-1068x662.jpg 1068w, https:\/\/www.eldigitaldeasturias.com\/noticias\/wp-content\/uploads\/2020\/07\/Real-Madrid-678x420.jpg 678w, https:\/\/www.eldigitaldeasturias.com\/noticias\/wp-content\/uploads\/2020\/07\/Real-Madrid-356x220.jpg 356w, https:\/\/www.eldigitaldeasturias.com\/noticias\/wp-content\/uploads\/2020\/07\/Real-Madrid.jpg 1073w\" sizes=\"auto, (max-width: 650px) 100vw, 650px\" \/><figcaption id=\"caption-attachment-1070591\" class=\"wp-caption-text\">Foto: AFP7 \/ Europa Press<\/figcaption><\/figure>\n<p>El equipo madridista recuper\u00f3 un trono del que hab\u00eda estado muy lejos, casi a la veintena de puntos del campe\u00f3n, el FC Barcelona, en los dos \u00faltimos a\u00f1os, y despu\u00e9s de haber vivido una turbulenta campa\u00f1a 2018-2019 donde no sobrevivi\u00f3 a la p\u00e9rdida de Cristiano Ronaldo y de Zin\u00e9dine Zidane. El franc\u00e9s, en cambio, s\u00f3lo tard\u00f3 10 meses en volver para intentar reflotar una nave que parec\u00eda a la deriva y con un ciclo ganador exhausto de ganar.<\/p>\n<p>Para ello, el club no acometi\u00f3 la renovaci\u00f3n que se esperaba y fich\u00f3 \u00fanicamente a seis futbolistas, pero s\u00f3lo a uno, Eden Hazard, que realmente pod\u00eda ilusionar a su exigente afici\u00f3n, necesitada seguramente de un relevo de la voracidad de &#8216;CR7&#8217;. Sin el portugu\u00e9s, el equipo se hab\u00eda quedado en 63 goles ligueros en 2018-19, menos de dos de media por partido, y el belga no iba a cubrir ese vac\u00edo, pero s\u00ed iba a ofrecer un talento siempre muy bien visto en la grada.<\/p>\n<p>Pero el ex del Chelsea no ha resultado clave en esta conquista. Hazard apenas ha podido participar y ha sumado un gol en 16 partidos, siendo sustituido en once, por culpa de dos lesiones, una en noviembre y otra en febrero. Antes, su aparente falta de forma tampoco le permiti\u00f3 ser lo decisivo que se esperaba.<\/p>\n<p>Los otros cinco fichajes tampoco fueron indiscutibles. Alphonse Areola cumpli\u00f3 cuando le toc\u00f3 sustituir a la mejor versi\u00f3n de Thibaut Courtois, Eder Militao no tuvo muchas oportunidades por el buen rendimiento de la pareja Sergio Ramos-Varane, Ferland Mendy se altern\u00f3 con un Marcelo al que Zidane ha querido recuperar, Rodrygo tuvo una buena irrupci\u00f3n para posteriormente perder protagonismo y recuperarlo tras el par\u00f3n, y Luka Jovic dej\u00f3 reducida su fama de &#8216;9&#8217; a dos goles, un papel residual y alguna pol\u00e9mica.<\/p>\n<p>Sin embargo, Zidane lo compens\u00f3 recuperando el mejor nivel de los futbolistas m\u00e1s veteranos y que en la anterior temporada no hab\u00edan dado la talla, sobre todo sus centrocampistas, y tampoco se olvid\u00f3 de dar oportunidades a todos cuando la ocasi\u00f3n lo requer\u00eda, dejando de lado cualquier atisbo de pol\u00e9mica como con Bale o James. Jugaron los 25 de la primera plantilla y, a falta de la \u00faltima jornada, 21 de los 23 de campo han marcado y s\u00f3lo Militao y Brahim no lo han hecho.<\/p>\n<h3><strong>BENZEMA AL ALZA, BALE A LA BAJA<\/strong><\/h3>\n<p>As\u00ed, en defensa, con Courtois cerca del portero que brill\u00f3 en el Atl\u00e9tico, Carvajal, Sergio Ramos, que pas\u00f3 de alterar a la instituci\u00f3n con su posible marcha a China para convertirse en el segundo m\u00e1ximo goleador con 10 tantos, y Varane fueron pr\u00e1cticamente inamovibles, mientras que en el medio, Casemiro, Modric y Kroos volvieron a ser sus &#8216;jefes&#8217; principales. El brasile\u00f1o, sin sustituto natural, fue de los que m\u00e1s minutos acumul\u00f3 y fue titular en 34 de los 37 partidos disputados, mientras que el croata y, sobre todo, el alem\u00e1n, fueron los que m\u00e1s elevaron su rendimiento respecto al a\u00f1o anterior.<\/p>\n<p>Adem\u00e1s, estos dos \u00faltimos no pudieron &#8216;relajarse&#8217; por la irrupci\u00f3n de Fede Valverde. El uruguayo fue una de las apuestas de &#8216;Zizou&#8217; y este le respondi\u00f3 adecuadamente gan\u00e1ndose su derecho a pugnar por un puesto de titular gracias a su generoso despliegue f\u00edsico. El t\u00e9cnico madridista tambi\u00e9n consigui\u00f3 recuperar para la causa a Isco.<\/p>\n<p>Y arriba fue donde m\u00e1s variedad hubo, salvo en el puesto de &#8216;9&#8217;. Karim Benzema continu\u00f3 siendo fijo (35 partidos como titular) para su t\u00e9cnico, que mantiene una fe ciega en su compatriota, y el delantero replic\u00f3 con una gran temporada, siendo su mejor goleador (21) y su mejor asistente (8).<\/p>\n<p>El de Lyon demostr\u00f3 ser un delantero centro at\u00edpico, pero su protagonismo y relevancia en su segunda temporada sin la presencia de Cristiano Ronaldo creci\u00f3 exponencialmente, aunque su cifras anotadoras no hayan sido excelsas.<\/p>\n<p>A su lado, Zidane altern\u00f3 tanto el 4-3-3 como un once con cuatro centrocampistas o incluso con cinco como se pudo ver en la Supercopa donde faltaron Benzema y Hazard. Cuando apost\u00f3 por lo primero, Vinicius, Rodrygo y Bale fueron los elegidos, y los dos j\u00f3venes brasile\u00f1os dieron mejor nivel que el gal\u00e9s. Vinicius dio un paso adelante y goz\u00f3 de m\u00e1s confianza de un Zidane que parece que opta m\u00e1s por la paciencia tanto con \u00e9l como con su compatriota para que acaben de alcanzar una madurez que a\u00fan no poseen.<\/p>\n<p>En cambio, con el de Cardiff continu\u00f3 lo que se atisbaba en el verano durante la pretemporada cuando el futuro del brit\u00e1nico parec\u00eda alejarse del club. El franc\u00e9s no le descart\u00f3 y le dio oportunidades, pero Bale no pudo ser regular y tampoco la grada le perdon\u00f3 detalles como la famosa bandera &#8216;Gales, golf, Madrid. En ese orden&#8217; con la que pos\u00f3 junto a su selecci\u00f3n para celebrar el pase a la Euro 2020. Diez goles en Liga desde la marcha de Cristiano, s\u00f3lo dos este a\u00f1o, tampoco le han ayudado, y en el par\u00f3n apenas ha contado, siendo m\u00e1s protagonista por sus im\u00e1genes en el banquillo.<\/p>\n<h3><strong>LOS MEJORES N\u00daMEROS DEFENSIVOS EN TREINTA A\u00d1OS<\/strong><\/h3>\n<p>Con estos mimbres, el Real Madrid fue el m\u00e1s regular de los 20 participantes, aunque fue tras el par\u00f3n cuando consigui\u00f3 la racha que le ha dado finalmente el t\u00edtulo con sus diez victorias seguidas. El \u00faltimo entrenador que hab\u00eda firmado algo similar era precisamente Zidane, que encaden\u00f3 12 para acabar la Liga 2015-16 y firmar casi una remontada \u00e9pica.<\/p>\n<p>Para esta conquista,, el conjunto madridista no firm\u00f3 un f\u00fatbol tan demoledor como al que estaba acostumbrado y ni siquiera pudo acercarse a las cifras goleadoras de su anterior t\u00edtulo liguero (106). Tras ganar al Villarreal, su contador anotador est\u00e1 de momento en 68, pero lo ha compensado con una fiabilidad defensiva poco conocida en los \u00faltimos a\u00f1os.<\/p>\n<p>S\u00f3lo 23 tantos, la menor cifra desde la 87-88 (22), ha encajado hasta el momento para ser la mejor defensa del campeonato, en buena medida gracias a la mejor versi\u00f3n de un Courtois que pas\u00f3 de la cr\u00edtica tras el empate ante el Brujas en octubre a ser pieza vital con sus paradas y tener en sus guantes pr\u00e1cticamente el Trofeo Zamora. En 19 partidos ha dejado el Real Madrid su porter\u00eda a cero, clave para luego imponer su mayor calidad arriba como ha demostrado tras el par\u00f3n.<\/p>\n<p>Tambi\u00e9n ha sido importante en la consecuci\u00f3n del t\u00edtulo el buen rendimiento a domicilio, con 37 puntos gracias a once victorias, cuatro empates y tres derrotas (Mallorca, Levante y Betis), mientras que en el Bernab\u00e9u volvi\u00f3 a tener dudas con cuatro empates (Valladolid, Betis, Athletic y Celta), aunque no perdi\u00f3 ning\u00fan encuentro.<\/p>\n<p>&nbsp;<\/p>\n","protected":false},"excerpt":{"rendered":"<p>(Europa Press) &#8211;\u00a0El Real Madrid alz\u00f3 el jueves su trigesimocuarto t\u00edtulo liguero, un logro basado principalmente en la recuperaci\u00f3n de su &#8216;vieja guardia&#8217;, una solidez defensiva reflejada en la mejor versi\u00f3n de Thibaut Courtois, y la aportaci\u00f3n goleadora de Karim Benzema. El equipo madridista recuper\u00f3 un trono del que hab\u00eda estado muy lejos, casi a [&hellip;]<\/p>\n","protected":false},"author":1,"featured_media":1070591,"comment_status":"closed","ping_status":"closed","sticky":false,"template":"","format":"standard","meta":{"footnotes":""},"categories":[190,141],"tags":[],"class_list":["post-1070590","post","type-post","status-publish","format-standard","has-post-thumbnail","hentry","category-deportes","category-destacadas"],"aioseo_notices":[],"aioseo_head":"\n\t\t<!-- All in One SEO Pro 4.9.6.2 - aioseo.com -->\n\t<meta name=\"description\" content=\"(Europa Press) - El Real Madrid alz\u00f3 el jueves su trigesimocuarto t\u00edtulo liguero, un logro basado principalmente en la recuperaci\u00f3n de su &#039;vieja guardia&#039;, una solidez defensiva reflejada en la mejor versi\u00f3n de Thibaut Courtois, y la aportaci\u00f3n goleadora de Karim Benzema. El equipo madridista recuper\u00f3 un trono del que hab\u00eda estado muy lejos, casi a\" \/>\n\t<meta name=\"robots\" content=\"max-image-preview:large\" \/>\n\t<meta name=\"author\" content=\"El Digital de Asturias\"\/>\n\t<meta name=\"google-site-verification\" content=\"UA-38556648-1\" \/>\n\t<meta name=\"msvalidate.01\" content=\"7dfe9f3f1b24437ab69f4f2559babe99\" \/>\n\t<meta name=\"keywords\" content=\"deportes,destacadas\" \/>\n\t<link rel=\"canonical\" href=\"https:\/\/www.eldigitaldeasturias.com\/noticias\/las-claves-del-real-madrid-campeon\/\" \/>\n\t<meta name=\"generator\" content=\"All in One SEO Pro (AIOSEO) 4.9.6.2\" \/>\n\t\t<meta property=\"og:locale\" content=\"es_ES\" \/>\n\t\t<meta property=\"og:site_name\" content=\"El Digital de Asturias\" \/>\n\t\t<meta property=\"og:type\" content=\"article\" \/>\n\t\t<meta property=\"og:title\" content=\"Las claves del Real Madrid campe\u00f3n - El Digital de Asturias\" \/>\n\t\t<meta property=\"og:description\" content=\"(Europa Press) - El Real Madrid alz\u00f3 el jueves su trigesimocuarto t\u00edtulo liguero, un logro basado principalmente en la recuperaci\u00f3n de su &#039;vieja guardia&#039;, una solidez defensiva reflejada en la mejor versi\u00f3n de Thibaut Courtois, y la aportaci\u00f3n goleadora de Karim Benzema. El equipo madridista recuper\u00f3 un trono del que hab\u00eda estado muy lejos, casi a\" \/>\n\t\t<meta property=\"og:url\" content=\"https:\/\/www.eldigitaldeasturias.com\/noticias\/las-claves-del-real-madrid-campeon\/\" \/>\n\t\t<meta property=\"og:image\" content=\"https:\/\/www.eldigitaldeasturias.com\/noticias\/wp-content\/uploads\/2020\/07\/Real-Madrid.jpg\" \/>\n\t\t<meta property=\"og:image:secure_url\" content=\"https:\/\/www.eldigitaldeasturias.com\/noticias\/wp-content\/uploads\/2020\/07\/Real-Madrid.jpg\" \/>\n\t\t<meta property=\"og:image:width\" content=\"1073\" \/>\n\t\t<meta property=\"og:image:height\" content=\"665\" \/>\n\t\t<meta property=\"article:tag\" content=\"deportes\" \/>\n\t\t<meta property=\"article:tag\" content=\"destacadas\" \/>\n\t\t<meta property=\"article:published_time\" content=\"2020-07-18T12:36:12+00:00\" \/>\n\t\t<meta property=\"article:modified_time\" content=\"2020-07-18T12:36:12+00:00\" \/>\n\t\t<meta property=\"article:publisher\" content=\"https:\/\/facebook.com\/eldigitaldeasturias\" \/>\n\t\t<meta name=\"twitter:card\" content=\"summary_large_image\" \/>\n\t\t<meta name=\"twitter:title\" content=\"Las claves del Real Madrid campe\u00f3n - El Digital de Asturias\" \/>\n\t\t<meta name=\"twitter:description\" content=\"(Europa Press) - El Real Madrid alz\u00f3 el jueves su trigesimocuarto t\u00edtulo liguero, un logro basado principalmente en la recuperaci\u00f3n de su &#039;vieja guardia&#039;, una solidez defensiva reflejada en la mejor versi\u00f3n de Thibaut Courtois, y la aportaci\u00f3n goleadora de Karim Benzema. El equipo madridista recuper\u00f3 un trono del que hab\u00eda estado muy lejos, casi a\" \/>\n\t\t<meta name=\"twitter:image\" content=\"https:\/\/www.eldigitaldeasturias.com\/noticias\/wp-content\/uploads\/2020\/07\/Real-Madrid.jpg\" \/>\n\t\t<meta name=\"twitter:label1\" content=\"Escrito por\" \/>\n\t\t<meta name=\"twitter:data1\" content=\"El Digital de Asturias\" \/>\n\t\t<meta name=\"twitter:label2\" content=\"Tiempo de lectura estimado\" \/>\n\t\t<meta name=\"twitter:data2\" content=\"6 minutos\" \/>\n\t\t<script type=\"application\/ld+json\" class=\"aioseo-schema\">\n\t\t\t{\"@context\":\"https:\\\/\\\/schema.org\",\"@graph\":[{\"@type\":\"BlogPosting\",\"@id\":\"https:\\\/\\\/www.eldigitaldeasturias.com\\\/noticias\\\/las-claves-del-real-madrid-campeon\\\/#blogposting\",\"name\":\"Las claves del Real Madrid campe\\u00f3n - El Digital de Asturias\",\"headline\":\"Las claves del Real Madrid campe\\u00f3n\",\"author\":{\"@id\":\"https:\\\/\\\/www.eldigitaldeasturias.com\\\/noticias\\\/author\\\/admin\\\/#author\"},\"publisher\":{\"@id\":\"https:\\\/\\\/www.eldigitaldeasturias.com\\\/noticias\\\/#organization\"},\"image\":{\"@type\":\"ImageObject\",\"url\":\"https:\\\/\\\/www.eldigitaldeasturias.com\\\/noticias\\\/wp-content\\\/uploads\\\/2020\\\/07\\\/Real-Madrid.jpg\",\"width\":1073,\"height\":665,\"caption\":\"Foto: AFP7 \\\/ Europa Press\"},\"datePublished\":\"2020-07-18T12:36:12+02:00\",\"dateModified\":\"2020-07-18T12:36:12+02:00\",\"inLanguage\":\"es-ES\",\"mainEntityOfPage\":{\"@id\":\"https:\\\/\\\/www.eldigitaldeasturias.com\\\/noticias\\\/las-claves-del-real-madrid-campeon\\\/#webpage\"},\"isPartOf\":{\"@id\":\"https:\\\/\\\/www.eldigitaldeasturias.com\\\/noticias\\\/las-claves-del-real-madrid-campeon\\\/#webpage\"},\"articleSection\":\"Deportes, Destacadas\"},{\"@type\":\"BreadcrumbList\",\"@id\":\"https:\\\/\\\/www.eldigitaldeasturias.com\\\/noticias\\\/las-claves-del-real-madrid-campeon\\\/#breadcrumblist\",\"itemListElement\":[{\"@type\":\"ListItem\",\"@id\":\"https:\\\/\\\/www.eldigitaldeasturias.com\\\/noticias#listItem\",\"position\":1,\"name\":\"Home\",\"item\":\"https:\\\/\\\/www.eldigitaldeasturias.com\\\/noticias\",\"nextItem\":{\"@type\":\"ListItem\",\"@id\":\"https:\\\/\\\/www.eldigitaldeasturias.com\\\/noticias\\\/category\\\/destacadas\\\/#listItem\",\"name\":\"Destacadas\"}},{\"@type\":\"ListItem\",\"@id\":\"https:\\\/\\\/www.eldigitaldeasturias.com\\\/noticias\\\/category\\\/destacadas\\\/#listItem\",\"position\":2,\"name\":\"Destacadas\",\"item\":\"https:\\\/\\\/www.eldigitaldeasturias.com\\\/noticias\\\/category\\\/destacadas\\\/\",\"nextItem\":{\"@type\":\"ListItem\",\"@id\":\"https:\\\/\\\/www.eldigitaldeasturias.com\\\/noticias\\\/las-claves-del-real-madrid-campeon\\\/#listItem\",\"name\":\"Las claves del Real Madrid campe\\u00f3n\"},\"previousItem\":{\"@type\":\"ListItem\",\"@id\":\"https:\\\/\\\/www.eldigitaldeasturias.com\\\/noticias#listItem\",\"name\":\"Home\"}},{\"@type\":\"ListItem\",\"@id\":\"https:\\\/\\\/www.eldigitaldeasturias.com\\\/noticias\\\/las-claves-del-real-madrid-campeon\\\/#listItem\",\"position\":3,\"name\":\"Las claves del Real Madrid campe\\u00f3n\",\"previousItem\":{\"@type\":\"ListItem\",\"@id\":\"https:\\\/\\\/www.eldigitaldeasturias.com\\\/noticias\\\/category\\\/destacadas\\\/#listItem\",\"name\":\"Destacadas\"}}]},{\"@type\":\"Organization\",\"@id\":\"https:\\\/\\\/www.eldigitaldeasturias.com\\\/noticias\\\/#organization\",\"name\":\"El Digital de Asturias\",\"description\":\"Hemeroteca\",\"url\":\"https:\\\/\\\/www.eldigitaldeasturias.com\\\/noticias\\\/\",\"email\":\"info@eldigitaldeasturias.com\",\"telephone\":\"+34652131393\",\"logo\":{\"@type\":\"ImageObject\",\"url\":\"https:\\\/\\\/www.eldigitaldeasturias.com\\\/noticias\\\/wp-content\\\/uploads\\\/2020\\\/12\\\/EDA.jpg\",\"@id\":\"https:\\\/\\\/www.eldigitaldeasturias.com\\\/noticias\\\/las-claves-del-real-madrid-campeon\\\/#organizationLogo\",\"width\":649,\"height\":297},\"image\":{\"@id\":\"https:\\\/\\\/www.eldigitaldeasturias.com\\\/noticias\\\/las-claves-del-real-madrid-campeon\\\/#organizationLogo\"},\"sameAs\":[\"https:\\\/\\\/facebook.com\\\/eldigitaldeasturias\",\"https:\\\/\\\/www.youtube.com\\\/channel\\\/UCZP-2wLEB9Rv6erhFmqVnvg\"],\"address\":{\"@id\":\"https:\\\/\\\/www.eldigitaldeasturias.com\\\/noticias\\\/#postaladdress\",\"@type\":\"PostalAddress\",\"streetAddress\":\"san antonio 4,\",\"postalCode\":\"33430\",\"addressLocality\":\"Cand\\u00e1s\",\"addressRegion\":\"Asturias\",\"addressCountry\":\"ES\"}},{\"@type\":\"Person\",\"@id\":\"https:\\\/\\\/www.eldigitaldeasturias.com\\\/noticias\\\/author\\\/admin\\\/#author\",\"url\":\"https:\\\/\\\/www.eldigitaldeasturias.com\\\/noticias\\\/author\\\/admin\\\/\",\"name\":\"El Digital de Asturias\",\"image\":{\"@type\":\"ImageObject\",\"@id\":\"https:\\\/\\\/www.eldigitaldeasturias.com\\\/noticias\\\/las-claves-del-real-madrid-campeon\\\/#authorImage\",\"url\":\"https:\\\/\\\/www.eldigitaldeasturias.com\\\/noticias\\\/wp-content\\\/litespeed\\\/avatar\\\/18677e78aa0546b92d9dbf31ec7d7668.jpg?ver=1777290358\",\"width\":96,\"height\":96,\"caption\":\"El Digital de Asturias\"}},{\"@type\":\"WebPage\",\"@id\":\"https:\\\/\\\/www.eldigitaldeasturias.com\\\/noticias\\\/las-claves-del-real-madrid-campeon\\\/#webpage\",\"url\":\"https:\\\/\\\/www.eldigitaldeasturias.com\\\/noticias\\\/las-claves-del-real-madrid-campeon\\\/\",\"name\":\"Las claves del Real Madrid campe\\u00f3n - El Digital de Asturias\",\"description\":\"(Europa Press) - El Real Madrid alz\\u00f3 el jueves su trigesimocuarto t\\u00edtulo liguero, un logro basado principalmente en la recuperaci\\u00f3n de su 'vieja guardia', una solidez defensiva reflejada en la mejor versi\\u00f3n de Thibaut Courtois, y la aportaci\\u00f3n goleadora de Karim Benzema. El equipo madridista recuper\\u00f3 un trono del que hab\\u00eda estado muy lejos, casi a\",\"inLanguage\":\"es-ES\",\"isPartOf\":{\"@id\":\"https:\\\/\\\/www.eldigitaldeasturias.com\\\/noticias\\\/#website\"},\"breadcrumb\":{\"@id\":\"https:\\\/\\\/www.eldigitaldeasturias.com\\\/noticias\\\/las-claves-del-real-madrid-campeon\\\/#breadcrumblist\"},\"author\":{\"@id\":\"https:\\\/\\\/www.eldigitaldeasturias.com\\\/noticias\\\/author\\\/admin\\\/#author\"},\"creator\":{\"@id\":\"https:\\\/\\\/www.eldigitaldeasturias.com\\\/noticias\\\/author\\\/admin\\\/#author\"},\"image\":{\"@type\":\"ImageObject\",\"url\":\"https:\\\/\\\/www.eldigitaldeasturias.com\\\/noticias\\\/wp-content\\\/uploads\\\/2020\\\/07\\\/Real-Madrid.jpg\",\"@id\":\"https:\\\/\\\/www.eldigitaldeasturias.com\\\/noticias\\\/las-claves-del-real-madrid-campeon\\\/#mainImage\",\"width\":1073,\"height\":665,\"caption\":\"Foto: AFP7 \\\/ Europa Press\"},\"primaryImageOfPage\":{\"@id\":\"https:\\\/\\\/www.eldigitaldeasturias.com\\\/noticias\\\/las-claves-del-real-madrid-campeon\\\/#mainImage\"},\"datePublished\":\"2020-07-18T12:36:12+02:00\",\"dateModified\":\"2020-07-18T12:36:12+02:00\"},{\"@type\":\"WebSite\",\"@id\":\"https:\\\/\\\/www.eldigitaldeasturias.com\\\/noticias\\\/#website\",\"url\":\"https:\\\/\\\/www.eldigitaldeasturias.com\\\/noticias\\\/\",\"name\":\"El Digital de Asturias - Diario de actualidad y noticias\",\"alternateName\":\"El Digital de Asturias - Diario de actualidad y noticias\",\"description\":\"Hemeroteca\",\"inLanguage\":\"es-ES\",\"publisher\":{\"@id\":\"https:\\\/\\\/www.eldigitaldeasturias.com\\\/noticias\\\/#organization\"}}]}\n\t\t<\/script>\n\t\t<!-- All in One SEO Pro -->\r\n\t\t<title>Las claves del Real Madrid campe\u00f3n - El Digital de Asturias<\/title>\n\n","aioseo_head_json":{"title":"Las claves del Real Madrid campe\u00f3n - El Digital de Asturias","description":"(Europa Press) - El Real Madrid alz\u00f3 el jueves su trigesimocuarto t\u00edtulo liguero, un logro basado principalmente en la recuperaci\u00f3n de su 'vieja guardia', una solidez defensiva reflejada en la mejor versi\u00f3n de Thibaut Courtois, y la aportaci\u00f3n goleadora de Karim Benzema. El equipo madridista recuper\u00f3 un trono del que hab\u00eda estado muy lejos, casi a","canonical_url":"https:\/\/www.eldigitaldeasturias.com\/noticias\/las-claves-del-real-madrid-campeon\/","robots":"max-image-preview:large","keywords":"deportes,destacadas","webmasterTools":{"google-site-verification":"UA-38556648-1","msvalidate.01":"7dfe9f3f1b24437ab69f4f2559babe99","miscellaneous":""},"schema":{"@context":"https:\/\/schema.org","@graph":[{"@type":"BlogPosting","@id":"https:\/\/www.eldigitaldeasturias.com\/noticias\/las-claves-del-real-madrid-campeon\/#blogposting","name":"Las claves del Real Madrid campe\u00f3n - El Digital de Asturias","headline":"Las claves del Real Madrid campe\u00f3n","author":{"@id":"https:\/\/www.eldigitaldeasturias.com\/noticias\/author\/admin\/#author"},"publisher":{"@id":"https:\/\/www.eldigitaldeasturias.com\/noticias\/#organization"},"image":{"@type":"ImageObject","url":"https:\/\/www.eldigitaldeasturias.com\/noticias\/wp-content\/uploads\/2020\/07\/Real-Madrid.jpg","width":1073,"height":665,"caption":"Foto: AFP7 \/ Europa Press"},"datePublished":"2020-07-18T12:36:12+02:00","dateModified":"2020-07-18T12:36:12+02:00","inLanguage":"es-ES","mainEntityOfPage":{"@id":"https:\/\/www.eldigitaldeasturias.com\/noticias\/las-claves-del-real-madrid-campeon\/#webpage"},"isPartOf":{"@id":"https:\/\/www.eldigitaldeasturias.com\/noticias\/las-claves-del-real-madrid-campeon\/#webpage"},"articleSection":"Deportes, Destacadas"},{"@type":"BreadcrumbList","@id":"https:\/\/www.eldigitaldeasturias.com\/noticias\/las-claves-del-real-madrid-campeon\/#breadcrumblist","itemListElement":[{"@type":"ListItem","@id":"https:\/\/www.eldigitaldeasturias.com\/noticias#listItem","position":1,"name":"Home","item":"https:\/\/www.eldigitaldeasturias.com\/noticias","nextItem":{"@type":"ListItem","@id":"https:\/\/www.eldigitaldeasturias.com\/noticias\/category\/destacadas\/#listItem","name":"Destacadas"}},{"@type":"ListItem","@id":"https:\/\/www.eldigitaldeasturias.com\/noticias\/category\/destacadas\/#listItem","position":2,"name":"Destacadas","item":"https:\/\/www.eldigitaldeasturias.com\/noticias\/category\/destacadas\/","nextItem":{"@type":"ListItem","@id":"https:\/\/www.eldigitaldeasturias.com\/noticias\/las-claves-del-real-madrid-campeon\/#listItem","name":"Las claves del Real Madrid campe\u00f3n"},"previousItem":{"@type":"ListItem","@id":"https:\/\/www.eldigitaldeasturias.com\/noticias#listItem","name":"Home"}},{"@type":"ListItem","@id":"https:\/\/www.eldigitaldeasturias.com\/noticias\/las-claves-del-real-madrid-campeon\/#listItem","position":3,"name":"Las claves del Real Madrid campe\u00f3n","previousItem":{"@type":"ListItem","@id":"https:\/\/www.eldigitaldeasturias.com\/noticias\/category\/destacadas\/#listItem","name":"Destacadas"}}]},{"@type":"Organization","@id":"https:\/\/www.eldigitaldeasturias.com\/noticias\/#organization","name":"El Digital de Asturias","description":"Hemeroteca","url":"https:\/\/www.eldigitaldeasturias.com\/noticias\/","email":"info@eldigitaldeasturias.com","telephone":"+34652131393","logo":{"@type":"ImageObject","url":"https:\/\/www.eldigitaldeasturias.com\/noticias\/wp-content\/uploads\/2020\/12\/EDA.jpg","@id":"https:\/\/www.eldigitaldeasturias.com\/noticias\/las-claves-del-real-madrid-campeon\/#organizationLogo","width":649,"height":297},"image":{"@id":"https:\/\/www.eldigitaldeasturias.com\/noticias\/las-claves-del-real-madrid-campeon\/#organizationLogo"},"sameAs":["https:\/\/facebook.com\/eldigitaldeasturias","https:\/\/www.youtube.com\/channel\/UCZP-2wLEB9Rv6erhFmqVnvg"],"address":{"@id":"https:\/\/www.eldigitaldeasturias.com\/noticias\/#postaladdress","@type":"PostalAddress","streetAddress":"san antonio 4,","postalCode":"33430","addressLocality":"Cand\u00e1s","addressRegion":"Asturias","addressCountry":"ES"}},{"@type":"Person","@id":"https:\/\/www.eldigitaldeasturias.com\/noticias\/author\/admin\/#author","url":"https:\/\/www.eldigitaldeasturias.com\/noticias\/author\/admin\/","name":"El Digital de Asturias","image":{"@type":"ImageObject","@id":"https:\/\/www.eldigitaldeasturias.com\/noticias\/las-claves-del-real-madrid-campeon\/#authorImage","url":"https:\/\/www.eldigitaldeasturias.com\/noticias\/wp-content\/litespeed\/avatar\/18677e78aa0546b92d9dbf31ec7d7668.jpg?ver=1777290358","width":96,"height":96,"caption":"El Digital de Asturias"}},{"@type":"WebPage","@id":"https:\/\/www.eldigitaldeasturias.com\/noticias\/las-claves-del-real-madrid-campeon\/#webpage","url":"https:\/\/www.eldigitaldeasturias.com\/noticias\/las-claves-del-real-madrid-campeon\/","name":"Las claves del Real Madrid campe\u00f3n - El Digital de Asturias","description":"(Europa Press) - El Real Madrid alz\u00f3 el jueves su trigesimocuarto t\u00edtulo liguero, un logro basado principalmente en la recuperaci\u00f3n de su 'vieja guardia', una solidez defensiva reflejada en la mejor versi\u00f3n de Thibaut Courtois, y la aportaci\u00f3n goleadora de Karim Benzema. El equipo madridista recuper\u00f3 un trono del que hab\u00eda estado muy lejos, casi a","inLanguage":"es-ES","isPartOf":{"@id":"https:\/\/www.eldigitaldeasturias.com\/noticias\/#website"},"breadcrumb":{"@id":"https:\/\/www.eldigitaldeasturias.com\/noticias\/las-claves-del-real-madrid-campeon\/#breadcrumblist"},"author":{"@id":"https:\/\/www.eldigitaldeasturias.com\/noticias\/author\/admin\/#author"},"creator":{"@id":"https:\/\/www.eldigitaldeasturias.com\/noticias\/author\/admin\/#author"},"image":{"@type":"ImageObject","url":"https:\/\/www.eldigitaldeasturias.com\/noticias\/wp-content\/uploads\/2020\/07\/Real-Madrid.jpg","@id":"https:\/\/www.eldigitaldeasturias.com\/noticias\/las-claves-del-real-madrid-campeon\/#mainImage","width":1073,"height":665,"caption":"Foto: AFP7 \/ Europa Press"},"primaryImageOfPage":{"@id":"https:\/\/www.eldigitaldeasturias.com\/noticias\/las-claves-del-real-madrid-campeon\/#mainImage"},"datePublished":"2020-07-18T12:36:12+02:00","dateModified":"2020-07-18T12:36:12+02:00"},{"@type":"WebSite","@id":"https:\/\/www.eldigitaldeasturias.com\/noticias\/#website","url":"https:\/\/www.eldigitaldeasturias.com\/noticias\/","name":"El Digital de Asturias - Diario de actualidad y noticias","alternateName":"El Digital de Asturias - Diario de actualidad y noticias","description":"Hemeroteca","inLanguage":"es-ES","publisher":{"@id":"https:\/\/www.eldigitaldeasturias.com\/noticias\/#organization"}}]},"og:locale":"es_ES","og:site_name":"El Digital de Asturias","og:type":"article","og:title":"Las claves del Real Madrid campe\u00f3n - El Digital de Asturias","og:description":"(Europa Press) - El Real Madrid alz\u00f3 el jueves su trigesimocuarto t\u00edtulo liguero, un logro basado principalmente en la recuperaci\u00f3n de su 'vieja guardia', una solidez defensiva reflejada en la mejor versi\u00f3n de Thibaut Courtois, y la aportaci\u00f3n goleadora de Karim Benzema. El equipo madridista recuper\u00f3 un trono del que hab\u00eda estado muy lejos, casi a","og:url":"https:\/\/www.eldigitaldeasturias.com\/noticias\/las-claves-del-real-madrid-campeon\/","og:image":"https:\/\/www.eldigitaldeasturias.com\/noticias\/wp-content\/uploads\/2020\/07\/Real-Madrid.jpg","og:image:secure_url":"https:\/\/www.eldigitaldeasturias.com\/noticias\/wp-content\/uploads\/2020\/07\/Real-Madrid.jpg","og:image:width":1073,"og:image:height":665,"article:tag":["deportes","destacadas"],"article:published_time":"2020-07-18T12:36:12+00:00","article:modified_time":"2020-07-18T12:36:12+00:00","article:publisher":"https:\/\/facebook.com\/eldigitaldeasturias","twitter:card":"summary_large_image","twitter:title":"Las claves del Real Madrid campe\u00f3n - El Digital de Asturias","twitter:description":"(Europa Press) - El Real Madrid alz\u00f3 el jueves su trigesimocuarto t\u00edtulo liguero, un logro basado principalmente en la recuperaci\u00f3n de su 'vieja guardia', una solidez defensiva reflejada en la mejor versi\u00f3n de Thibaut Courtois, y la aportaci\u00f3n goleadora de Karim Benzema. El equipo madridista recuper\u00f3 un trono del que hab\u00eda estado muy lejos, casi a","twitter:image":"https:\/\/www.eldigitaldeasturias.com\/noticias\/wp-content\/uploads\/2020\/07\/Real-Madrid.jpg","twitter:label1":"Escrito por","twitter:data1":"El Digital de Asturias","twitter:label2":"Tiempo de lectura estimado","twitter:data2":"6 minutos"},"aioseo_meta_data":{"post_id":"1070590","title":null,"description":"","keywords":"","keyphrases":null,"primary_term":null,"canonical_url":"","og_title":null,"og_description":null,"og_object_type":"default","og_image_type":"default","og_image_url":null,"og_image_width":null,"og_image_height":null,"og_image_custom_url":null,"og_image_custom_fields":null,"og_video":null,"og_custom_url":null,"og_article_section":null,"og_article_tags":null,"twitter_use_og":false,"twitter_card":"default","twitter_image_type":"default","twitter_image_url":null,"twitter_image_custom_url":null,"twitter_image_custom_fields":null,"twitter_title":null,"twitter_description":null,"schema":{"blockGraphs":[],"customGraphs":[],"default":{"data":{"Article":[],"Course":[],"Dataset":[],"FAQPage":[],"Movie":[],"Person":[],"Product":[],"ProductReview":[],"Car":[],"Recipe":[],"Service":[],"SoftwareApplication":[],"WebPage":[]},"graphName":"","isEnabled":true},"graphs":[],"defaultGraph":"","defaultPostTypeGraph":""},"schema_type":null,"schema_type_options":null,"pillar_content":false,"robots_default":true,"robots_noindex":false,"robots_noarchive":false,"robots_nosnippet":false,"robots_nofollow":false,"robots_noimageindex":false,"robots_noodp":false,"robots_notranslate":false,"robots_max_snippet":null,"robots_max_videopreview":null,"robots_max_imagepreview":"large","priority":null,"frequency":"default","local_seo":null,"seo_analyzer_scan_date":"2025-09-13 00:38:50","breadcrumb_settings":null,"limit_modified_date":false,"open_ai":null,"ai":null,"created":"2020-12-21 10:45:44","updated":"2025-09-13 00:38:50"},"aioseo_breadcrumb":"<div class=\"aioseo-breadcrumbs\"><span class=\"aioseo-breadcrumb\">\n\t<a href=\"https:\/\/www.eldigitaldeasturias.com\/noticias\" title=\"Home\">Home<\/a>\n<\/span><span class=\"aioseo-breadcrumb-separator\">\u2013<\/span><span class=\"aioseo-breadcrumb\">\n\t<a href=\"https:\/\/www.eldigitaldeasturias.com\/noticias\/category\/destacadas\/\" title=\"Destacadas\">Destacadas<\/a>\n<\/span><span class=\"aioseo-breadcrumb-separator\">\u2013<\/span><span class=\"aioseo-breadcrumb\">\n\t<a href=\"https:\/\/www.eldigitaldeasturias.com\/noticias\/las-claves-del-real-madrid-campeon\/\" title=\"Las claves del Real Madrid campe\u00f3n\">Las claves del Real Madrid campe\u00f3n<\/a>\n<\/span><\/div>","aioseo_breadcrumb_json":[{"label":"Home","link":"https:\/\/www.eldigitaldeasturias.com\/noticias"},{"label":"Destacadas","link":"https:\/\/www.eldigitaldeasturias.com\/noticias\/category\/destacadas\/"},{"label":"Las claves del Real Madrid campe\u00f3n","link":"https:\/\/www.eldigitaldeasturias.com\/noticias\/las-claves-del-real-madrid-campeon\/"}],"_links":{"self":[{"href":"https:\/\/www.eldigitaldeasturias.com\/noticias\/wp-json\/wp\/v2\/posts\/1070590","targetHints":{"allow":["GET"]}}],"collection":[{"href":"https:\/\/www.eldigitaldeasturias.com\/noticias\/wp-json\/wp\/v2\/posts"}],"about":[{"href":"https:\/\/www.eldigitaldeasturias.com\/noticias\/wp-json\/wp\/v2\/types\/post"}],"author":[{"embeddable":true,"href":"https:\/\/www.eldigitaldeasturias.com\/noticias\/wp-json\/wp\/v2\/users\/1"}],"replies":[{"embeddable":true,"href":"https:\/\/www.eldigitaldeasturias.com\/noticias\/wp-json\/wp\/v2\/comments?post=1070590"}],"version-history":[{"count":0,"href":"https:\/\/www.eldigitaldeasturias.com\/noticias\/wp-json\/wp\/v2\/posts\/1070590\/revisions"}],"wp:featuredmedia":[{"embeddable":true,"href":"https:\/\/www.eldigitaldeasturias.com\/noticias\/wp-json\/wp\/v2\/media\/1070591"}],"wp:attachment":[{"href":"https:\/\/www.eldigitaldeasturias.com\/noticias\/wp-json\/wp\/v2\/media?parent=1070590"}],"wp:term":[{"taxonomy":"category","embeddable":true,"href":"https:\/\/www.eldigitaldeasturias.com\/noticias\/wp-json\/wp\/v2\/categories?post=1070590"},{"taxonomy":"post_tag","embeddable":true,"href":"https:\/\/www.eldigitaldeasturias.com\/noticias\/wp-json\/wp\/v2\/tags?post=1070590"}],"curies":[{"name":"wp","href":"https:\/\/api.w.org\/{rel}","templated":true}]}}