{"id":1070543,"date":"2020-07-17T23:27:43","date_gmt":"2020-07-17T23:27:43","guid":{"rendered":"https:\/\/www.eldigitaldeasturias.com\/noticias\/?p=1070543"},"modified":"2020-07-17T23:27:43","modified_gmt":"2020-07-17T23:27:43","slug":"alerta-en-asturias-por-el-riesgo-de-incendios-forestales","status":"publish","type":"post","link":"https:\/\/www.eldigitaldeasturias.com\/noticias\/alerta-en-asturias-por-el-riesgo-de-incendios-forestales\/","title":{"rendered":"Alerta en Asturias por el riesgo de incendios forestales"},"content":{"rendered":"<p><img loading=\"lazy\" decoding=\"async\" class=\"alignleft size-medium wp-image-799757\" src=\"https:\/\/www.eldigitaldeasturias.com\/noticias\/wp-content\/uploads\/2015\/08\/bomberos-sepa-360x296.jpg\" alt=\"\" width=\"360\" height=\"296\" srcset=\"https:\/\/www.eldigitaldeasturias.com\/noticias\/wp-content\/uploads\/2015\/08\/bomberos-sepa-360x296.jpg 360w, https:\/\/www.eldigitaldeasturias.com\/noticias\/wp-content\/uploads\/2015\/08\/bomberos-sepa-768x631.jpg 768w, https:\/\/www.eldigitaldeasturias.com\/noticias\/wp-content\/uploads\/2015\/08\/bomberos-sepa-650x534.jpg 650w, https:\/\/www.eldigitaldeasturias.com\/noticias\/wp-content\/uploads\/2015\/08\/bomberos-sepa-300x247.jpg 300w, https:\/\/www.eldigitaldeasturias.com\/noticias\/wp-content\/uploads\/2015\/08\/bomberos-sepa.jpg 800w\" sizes=\"auto, (max-width: 360px) 100vw, 360px\" \/>(EUROPA PRESS) &#8211;\u00a0El \u00edndice de riesgo de incendios forestales ser\u00e1 &#8216;muy alto&#8217; este s\u00e1bado 18 de agosto en tres de los 78 municipios de Asturias. El riesgo ser\u00e1 &#8216;alto&#8217; en el resto de los concejos, a excepci\u00f3n de Castropol, San Mart\u00edn de Oscos, San Tirso de Abres, Taramundi, Vegadeo y Villanueva de Oscos , donde ser\u00e1 &#8216;moderado&#8217;.<\/p>\n<p>As\u00ed consta en las previsiones del Instituto de Recursos Naturales y Ordenaci\u00f3n del Territorio (Indurot), que establece una escala de cinco niveles constituida por, de menor a mayor, &#8216;bajo&#8217;, &#8216;moderado&#8217;, &#8216;alto&#8217;, &#8216;muy alto&#8217; y &#8216;extremo&#8217;.<\/p>\n<p>Los municipios en los que el \u00edndice es &#8216;muy alto&#8217; se circunscriben al suroccidente asturiano. As\u00ed, el mayor riesgo de incendio se dar\u00e1 en Cangas del Narcea, Dega\u00f1a e Ibias.<\/p>\n<p>El Indurot recuerda que de julio a septiembre s\u00f3lo se podr\u00e1n realizar quemas autorizadas en Asturias en los concejos en los que el \u00edndice sea &#8216;bajo&#8217; o &#8216;moderado&#8217;.<\/p>\n","protected":false},"excerpt":{"rendered":"<p>(EUROPA PRESS) &#8211;\u00a0El \u00edndice de riesgo de incendios forestales ser\u00e1 &#8216;muy alto&#8217; este s\u00e1bado 18 de agosto en tres de los 78 municipios de Asturias. El riesgo ser\u00e1 &#8216;alto&#8217; en el resto de los concejos, a excepci\u00f3n de Castropol, San Mart\u00edn de Oscos, San Tirso de Abres, Taramundi, Vegadeo y Villanueva de Oscos , donde [&hellip;]<\/p>\n","protected":false},"author":1,"featured_media":1070544,"comment_status":"closed","ping_status":"closed","sticky":false,"template":"","format":"standard","meta":{"footnotes":""},"categories":[12,141],"tags":[],"class_list":["post-1070543","post","type-post","status-publish","format-standard","has-post-thumbnail","hentry","category-actualidad-asturias","category-destacadas"],"aioseo_notices":[],"aioseo_head":"\n\t\t<!-- All in One SEO Pro 4.9.6.2 - aioseo.com -->\n\t<meta name=\"description\" content=\"(EUROPA PRESS) - El \u00edndice de riesgo de incendios forestales ser\u00e1 &#039;muy alto&#039; este s\u00e1bado 18 de agosto en tres de los 78 municipios de Asturias. El riesgo ser\u00e1 &#039;alto&#039; en el resto de los concejos, a excepci\u00f3n de Castropol, San Mart\u00edn de Oscos, San Tirso de Abres, Taramundi, Vegadeo y Villanueva de Oscos , donde\" \/>\n\t<meta name=\"robots\" content=\"max-image-preview:large\" \/>\n\t<meta name=\"author\" content=\"El Digital de Asturias\"\/>\n\t<meta name=\"google-site-verification\" content=\"UA-38556648-1\" \/>\n\t<meta name=\"msvalidate.01\" content=\"7dfe9f3f1b24437ab69f4f2559babe99\" \/>\n\t<meta name=\"keywords\" content=\"actualidad asturias,destacadas\" \/>\n\t<link rel=\"canonical\" href=\"https:\/\/www.eldigitaldeasturias.com\/noticias\/alerta-en-asturias-por-el-riesgo-de-incendios-forestales\/\" \/>\n\t<meta name=\"generator\" content=\"All in One SEO Pro (AIOSEO) 4.9.6.2\" \/>\n\t\t<meta property=\"og:locale\" content=\"es_ES\" \/>\n\t\t<meta property=\"og:site_name\" content=\"El Digital de Asturias\" \/>\n\t\t<meta property=\"og:type\" content=\"article\" \/>\n\t\t<meta property=\"og:title\" content=\"Alerta en Asturias por el riesgo de incendios forestales - El Digital de Asturias\" \/>\n\t\t<meta property=\"og:description\" content=\"(EUROPA PRESS) - El \u00edndice de riesgo de incendios forestales ser\u00e1 &#039;muy alto&#039; este s\u00e1bado 18 de agosto en tres de los 78 municipios de Asturias. El riesgo ser\u00e1 &#039;alto&#039; en el resto de los concejos, a excepci\u00f3n de Castropol, San Mart\u00edn de Oscos, San Tirso de Abres, Taramundi, Vegadeo y Villanueva de Oscos , donde\" \/>\n\t\t<meta property=\"og:url\" content=\"https:\/\/www.eldigitaldeasturias.com\/noticias\/alerta-en-asturias-por-el-riesgo-de-incendios-forestales\/\" \/>\n\t\t<meta property=\"og:image\" content=\"https:\/\/www.eldigitaldeasturias.com\/noticias\/wp-content\/uploads\/2020\/07\/forest-fire-432870_640.jpg\" \/>\n\t\t<meta property=\"og:image:secure_url\" content=\"https:\/\/www.eldigitaldeasturias.com\/noticias\/wp-content\/uploads\/2020\/07\/forest-fire-432870_640.jpg\" \/>\n\t\t<meta property=\"og:image:width\" content=\"640\" \/>\n\t\t<meta property=\"og:image:height\" content=\"417\" \/>\n\t\t<meta property=\"article:tag\" content=\"actualidad asturias\" \/>\n\t\t<meta property=\"article:tag\" content=\"destacadas\" \/>\n\t\t<meta property=\"article:published_time\" content=\"2020-07-17T23:27:43+00:00\" \/>\n\t\t<meta property=\"article:modified_time\" content=\"2020-07-17T23:27:43+00:00\" \/>\n\t\t<meta property=\"article:publisher\" content=\"https:\/\/facebook.com\/eldigitaldeasturias\" \/>\n\t\t<meta name=\"twitter:card\" content=\"summary_large_image\" \/>\n\t\t<meta name=\"twitter:title\" content=\"Alerta en Asturias por el riesgo de incendios forestales - El Digital de Asturias\" \/>\n\t\t<meta name=\"twitter:description\" content=\"(EUROPA PRESS) - El \u00edndice de riesgo de incendios forestales ser\u00e1 &#039;muy alto&#039; este s\u00e1bado 18 de agosto en tres de los 78 municipios de Asturias. El riesgo ser\u00e1 &#039;alto&#039; en el resto de los concejos, a excepci\u00f3n de Castropol, San Mart\u00edn de Oscos, San Tirso de Abres, Taramundi, Vegadeo y Villanueva de Oscos , donde\" \/>\n\t\t<meta name=\"twitter:image\" content=\"https:\/\/www.eldigitaldeasturias.com\/noticias\/wp-content\/uploads\/2020\/07\/forest-fire-432870_640.jpg\" \/>\n\t\t<meta name=\"twitter:label1\" content=\"Escrito por\" \/>\n\t\t<meta name=\"twitter:data1\" content=\"El Digital de Asturias\" \/>\n\t\t<meta name=\"twitter:label2\" content=\"Tiempo de lectura estimado\" \/>\n\t\t<meta name=\"twitter:data2\" content=\"1 minuto\" \/>\n\t\t<script type=\"application\/ld+json\" class=\"aioseo-schema\">\n\t\t\t{\"@context\":\"https:\\\/\\\/schema.org\",\"@graph\":[{\"@type\":\"BlogPosting\",\"@id\":\"https:\\\/\\\/www.eldigitaldeasturias.com\\\/noticias\\\/alerta-en-asturias-por-el-riesgo-de-incendios-forestales\\\/#blogposting\",\"name\":\"Alerta en Asturias por el riesgo de incendios forestales - El Digital de Asturias\",\"headline\":\"Alerta en Asturias por el riesgo de incendios forestales\",\"author\":{\"@id\":\"https:\\\/\\\/www.eldigitaldeasturias.com\\\/noticias\\\/author\\\/admin\\\/#author\"},\"publisher\":{\"@id\":\"https:\\\/\\\/www.eldigitaldeasturias.com\\\/noticias\\\/#organization\"},\"image\":{\"@type\":\"ImageObject\",\"url\":\"https:\\\/\\\/www.eldigitaldeasturias.com\\\/noticias\\\/wp-content\\\/uploads\\\/2020\\\/07\\\/forest-fire-432870_640.jpg\",\"width\":640,\"height\":417},\"datePublished\":\"2020-07-17T23:27:43+02:00\",\"dateModified\":\"2020-07-17T23:27:43+02:00\",\"inLanguage\":\"es-ES\",\"mainEntityOfPage\":{\"@id\":\"https:\\\/\\\/www.eldigitaldeasturias.com\\\/noticias\\\/alerta-en-asturias-por-el-riesgo-de-incendios-forestales\\\/#webpage\"},\"isPartOf\":{\"@id\":\"https:\\\/\\\/www.eldigitaldeasturias.com\\\/noticias\\\/alerta-en-asturias-por-el-riesgo-de-incendios-forestales\\\/#webpage\"},\"articleSection\":\"Actualidad Asturias, Destacadas\"},{\"@type\":\"BreadcrumbList\",\"@id\":\"https:\\\/\\\/www.eldigitaldeasturias.com\\\/noticias\\\/alerta-en-asturias-por-el-riesgo-de-incendios-forestales\\\/#breadcrumblist\",\"itemListElement\":[{\"@type\":\"ListItem\",\"@id\":\"https:\\\/\\\/www.eldigitaldeasturias.com\\\/noticias#listItem\",\"position\":1,\"name\":\"Home\",\"item\":\"https:\\\/\\\/www.eldigitaldeasturias.com\\\/noticias\",\"nextItem\":{\"@type\":\"ListItem\",\"@id\":\"https:\\\/\\\/www.eldigitaldeasturias.com\\\/noticias\\\/category\\\/actualidad-asturias\\\/#listItem\",\"name\":\"Actualidad Asturias\"}},{\"@type\":\"ListItem\",\"@id\":\"https:\\\/\\\/www.eldigitaldeasturias.com\\\/noticias\\\/category\\\/actualidad-asturias\\\/#listItem\",\"position\":2,\"name\":\"Actualidad Asturias\",\"item\":\"https:\\\/\\\/www.eldigitaldeasturias.com\\\/noticias\\\/category\\\/actualidad-asturias\\\/\",\"nextItem\":{\"@type\":\"ListItem\",\"@id\":\"https:\\\/\\\/www.eldigitaldeasturias.com\\\/noticias\\\/alerta-en-asturias-por-el-riesgo-de-incendios-forestales\\\/#listItem\",\"name\":\"Alerta en Asturias por el riesgo de incendios forestales\"},\"previousItem\":{\"@type\":\"ListItem\",\"@id\":\"https:\\\/\\\/www.eldigitaldeasturias.com\\\/noticias#listItem\",\"name\":\"Home\"}},{\"@type\":\"ListItem\",\"@id\":\"https:\\\/\\\/www.eldigitaldeasturias.com\\\/noticias\\\/alerta-en-asturias-por-el-riesgo-de-incendios-forestales\\\/#listItem\",\"position\":3,\"name\":\"Alerta en Asturias por el riesgo de incendios forestales\",\"previousItem\":{\"@type\":\"ListItem\",\"@id\":\"https:\\\/\\\/www.eldigitaldeasturias.com\\\/noticias\\\/category\\\/actualidad-asturias\\\/#listItem\",\"name\":\"Actualidad Asturias\"}}]},{\"@type\":\"Organization\",\"@id\":\"https:\\\/\\\/www.eldigitaldeasturias.com\\\/noticias\\\/#organization\",\"name\":\"El Digital de Asturias\",\"description\":\"Hemeroteca\",\"url\":\"https:\\\/\\\/www.eldigitaldeasturias.com\\\/noticias\\\/\",\"email\":\"info@eldigitaldeasturias.com\",\"telephone\":\"+34652131393\",\"logo\":{\"@type\":\"ImageObject\",\"url\":\"https:\\\/\\\/www.eldigitaldeasturias.com\\\/noticias\\\/wp-content\\\/uploads\\\/2020\\\/12\\\/EDA.jpg\",\"@id\":\"https:\\\/\\\/www.eldigitaldeasturias.com\\\/noticias\\\/alerta-en-asturias-por-el-riesgo-de-incendios-forestales\\\/#organizationLogo\",\"width\":649,\"height\":297},\"image\":{\"@id\":\"https:\\\/\\\/www.eldigitaldeasturias.com\\\/noticias\\\/alerta-en-asturias-por-el-riesgo-de-incendios-forestales\\\/#organizationLogo\"},\"sameAs\":[\"https:\\\/\\\/facebook.com\\\/eldigitaldeasturias\",\"https:\\\/\\\/www.youtube.com\\\/channel\\\/UCZP-2wLEB9Rv6erhFmqVnvg\"],\"address\":{\"@id\":\"https:\\\/\\\/www.eldigitaldeasturias.com\\\/noticias\\\/#postaladdress\",\"@type\":\"PostalAddress\",\"streetAddress\":\"san antonio 4,\",\"postalCode\":\"33430\",\"addressLocality\":\"Cand\\u00e1s\",\"addressRegion\":\"Asturias\",\"addressCountry\":\"ES\"}},{\"@type\":\"Person\",\"@id\":\"https:\\\/\\\/www.eldigitaldeasturias.com\\\/noticias\\\/author\\\/admin\\\/#author\",\"url\":\"https:\\\/\\\/www.eldigitaldeasturias.com\\\/noticias\\\/author\\\/admin\\\/\",\"name\":\"El Digital de Asturias\",\"image\":{\"@type\":\"ImageObject\",\"@id\":\"https:\\\/\\\/www.eldigitaldeasturias.com\\\/noticias\\\/alerta-en-asturias-por-el-riesgo-de-incendios-forestales\\\/#authorImage\",\"url\":\"https:\\\/\\\/www.eldigitaldeasturias.com\\\/noticias\\\/wp-content\\\/litespeed\\\/avatar\\\/18677e78aa0546b92d9dbf31ec7d7668.jpg?ver=1777290358\",\"width\":96,\"height\":96,\"caption\":\"El Digital de Asturias\"}},{\"@type\":\"WebPage\",\"@id\":\"https:\\\/\\\/www.eldigitaldeasturias.com\\\/noticias\\\/alerta-en-asturias-por-el-riesgo-de-incendios-forestales\\\/#webpage\",\"url\":\"https:\\\/\\\/www.eldigitaldeasturias.com\\\/noticias\\\/alerta-en-asturias-por-el-riesgo-de-incendios-forestales\\\/\",\"name\":\"Alerta en Asturias por el riesgo de incendios forestales - El Digital de Asturias\",\"description\":\"(EUROPA PRESS) - El \\u00edndice de riesgo de incendios forestales ser\\u00e1 'muy alto' este s\\u00e1bado 18 de agosto en tres de los 78 municipios de Asturias. El riesgo ser\\u00e1 'alto' en el resto de los concejos, a excepci\\u00f3n de Castropol, San Mart\\u00edn de Oscos, San Tirso de Abres, Taramundi, Vegadeo y Villanueva de Oscos , donde\",\"inLanguage\":\"es-ES\",\"isPartOf\":{\"@id\":\"https:\\\/\\\/www.eldigitaldeasturias.com\\\/noticias\\\/#website\"},\"breadcrumb\":{\"@id\":\"https:\\\/\\\/www.eldigitaldeasturias.com\\\/noticias\\\/alerta-en-asturias-por-el-riesgo-de-incendios-forestales\\\/#breadcrumblist\"},\"author\":{\"@id\":\"https:\\\/\\\/www.eldigitaldeasturias.com\\\/noticias\\\/author\\\/admin\\\/#author\"},\"creator\":{\"@id\":\"https:\\\/\\\/www.eldigitaldeasturias.com\\\/noticias\\\/author\\\/admin\\\/#author\"},\"image\":{\"@type\":\"ImageObject\",\"url\":\"https:\\\/\\\/www.eldigitaldeasturias.com\\\/noticias\\\/wp-content\\\/uploads\\\/2020\\\/07\\\/forest-fire-432870_640.jpg\",\"@id\":\"https:\\\/\\\/www.eldigitaldeasturias.com\\\/noticias\\\/alerta-en-asturias-por-el-riesgo-de-incendios-forestales\\\/#mainImage\",\"width\":640,\"height\":417},\"primaryImageOfPage\":{\"@id\":\"https:\\\/\\\/www.eldigitaldeasturias.com\\\/noticias\\\/alerta-en-asturias-por-el-riesgo-de-incendios-forestales\\\/#mainImage\"},\"datePublished\":\"2020-07-17T23:27:43+02:00\",\"dateModified\":\"2020-07-17T23:27:43+02:00\"},{\"@type\":\"WebSite\",\"@id\":\"https:\\\/\\\/www.eldigitaldeasturias.com\\\/noticias\\\/#website\",\"url\":\"https:\\\/\\\/www.eldigitaldeasturias.com\\\/noticias\\\/\",\"name\":\"El Digital de Asturias - Diario de actualidad y noticias\",\"alternateName\":\"El Digital de Asturias - Diario de actualidad y noticias\",\"description\":\"Hemeroteca\",\"inLanguage\":\"es-ES\",\"publisher\":{\"@id\":\"https:\\\/\\\/www.eldigitaldeasturias.com\\\/noticias\\\/#organization\"}}]}\n\t\t<\/script>\n\t\t<!-- All in One SEO Pro -->\r\n\t\t<title>Alerta en Asturias por el riesgo de incendios forestales - El Digital de Asturias<\/title>\n\n","aioseo_head_json":{"title":"Alerta en Asturias por el riesgo de incendios forestales - El Digital de Asturias","description":"(EUROPA PRESS) - El \u00edndice de riesgo de incendios forestales ser\u00e1 'muy alto' este s\u00e1bado 18 de agosto en tres de los 78 municipios de Asturias. El riesgo ser\u00e1 'alto' en el resto de los concejos, a excepci\u00f3n de Castropol, San Mart\u00edn de Oscos, San Tirso de Abres, Taramundi, Vegadeo y Villanueva de Oscos , donde","canonical_url":"https:\/\/www.eldigitaldeasturias.com\/noticias\/alerta-en-asturias-por-el-riesgo-de-incendios-forestales\/","robots":"max-image-preview:large","keywords":"actualidad asturias,destacadas","webmasterTools":{"google-site-verification":"UA-38556648-1","msvalidate.01":"7dfe9f3f1b24437ab69f4f2559babe99","miscellaneous":""},"schema":{"@context":"https:\/\/schema.org","@graph":[{"@type":"BlogPosting","@id":"https:\/\/www.eldigitaldeasturias.com\/noticias\/alerta-en-asturias-por-el-riesgo-de-incendios-forestales\/#blogposting","name":"Alerta en Asturias por el riesgo de incendios forestales - El Digital de Asturias","headline":"Alerta en Asturias por el riesgo de incendios forestales","author":{"@id":"https:\/\/www.eldigitaldeasturias.com\/noticias\/author\/admin\/#author"},"publisher":{"@id":"https:\/\/www.eldigitaldeasturias.com\/noticias\/#organization"},"image":{"@type":"ImageObject","url":"https:\/\/www.eldigitaldeasturias.com\/noticias\/wp-content\/uploads\/2020\/07\/forest-fire-432870_640.jpg","width":640,"height":417},"datePublished":"2020-07-17T23:27:43+02:00","dateModified":"2020-07-17T23:27:43+02:00","inLanguage":"es-ES","mainEntityOfPage":{"@id":"https:\/\/www.eldigitaldeasturias.com\/noticias\/alerta-en-asturias-por-el-riesgo-de-incendios-forestales\/#webpage"},"isPartOf":{"@id":"https:\/\/www.eldigitaldeasturias.com\/noticias\/alerta-en-asturias-por-el-riesgo-de-incendios-forestales\/#webpage"},"articleSection":"Actualidad Asturias, Destacadas"},{"@type":"BreadcrumbList","@id":"https:\/\/www.eldigitaldeasturias.com\/noticias\/alerta-en-asturias-por-el-riesgo-de-incendios-forestales\/#breadcrumblist","itemListElement":[{"@type":"ListItem","@id":"https:\/\/www.eldigitaldeasturias.com\/noticias#listItem","position":1,"name":"Home","item":"https:\/\/www.eldigitaldeasturias.com\/noticias","nextItem":{"@type":"ListItem","@id":"https:\/\/www.eldigitaldeasturias.com\/noticias\/category\/actualidad-asturias\/#listItem","name":"Actualidad Asturias"}},{"@type":"ListItem","@id":"https:\/\/www.eldigitaldeasturias.com\/noticias\/category\/actualidad-asturias\/#listItem","position":2,"name":"Actualidad Asturias","item":"https:\/\/www.eldigitaldeasturias.com\/noticias\/category\/actualidad-asturias\/","nextItem":{"@type":"ListItem","@id":"https:\/\/www.eldigitaldeasturias.com\/noticias\/alerta-en-asturias-por-el-riesgo-de-incendios-forestales\/#listItem","name":"Alerta en Asturias por el riesgo de incendios forestales"},"previousItem":{"@type":"ListItem","@id":"https:\/\/www.eldigitaldeasturias.com\/noticias#listItem","name":"Home"}},{"@type":"ListItem","@id":"https:\/\/www.eldigitaldeasturias.com\/noticias\/alerta-en-asturias-por-el-riesgo-de-incendios-forestales\/#listItem","position":3,"name":"Alerta en Asturias por el riesgo de incendios forestales","previousItem":{"@type":"ListItem","@id":"https:\/\/www.eldigitaldeasturias.com\/noticias\/category\/actualidad-asturias\/#listItem","name":"Actualidad Asturias"}}]},{"@type":"Organization","@id":"https:\/\/www.eldigitaldeasturias.com\/noticias\/#organization","name":"El Digital de Asturias","description":"Hemeroteca","url":"https:\/\/www.eldigitaldeasturias.com\/noticias\/","email":"info@eldigitaldeasturias.com","telephone":"+34652131393","logo":{"@type":"ImageObject","url":"https:\/\/www.eldigitaldeasturias.com\/noticias\/wp-content\/uploads\/2020\/12\/EDA.jpg","@id":"https:\/\/www.eldigitaldeasturias.com\/noticias\/alerta-en-asturias-por-el-riesgo-de-incendios-forestales\/#organizationLogo","width":649,"height":297},"image":{"@id":"https:\/\/www.eldigitaldeasturias.com\/noticias\/alerta-en-asturias-por-el-riesgo-de-incendios-forestales\/#organizationLogo"},"sameAs":["https:\/\/facebook.com\/eldigitaldeasturias","https:\/\/www.youtube.com\/channel\/UCZP-2wLEB9Rv6erhFmqVnvg"],"address":{"@id":"https:\/\/www.eldigitaldeasturias.com\/noticias\/#postaladdress","@type":"PostalAddress","streetAddress":"san antonio 4,","postalCode":"33430","addressLocality":"Cand\u00e1s","addressRegion":"Asturias","addressCountry":"ES"}},{"@type":"Person","@id":"https:\/\/www.eldigitaldeasturias.com\/noticias\/author\/admin\/#author","url":"https:\/\/www.eldigitaldeasturias.com\/noticias\/author\/admin\/","name":"El Digital de Asturias","image":{"@type":"ImageObject","@id":"https:\/\/www.eldigitaldeasturias.com\/noticias\/alerta-en-asturias-por-el-riesgo-de-incendios-forestales\/#authorImage","url":"https:\/\/www.eldigitaldeasturias.com\/noticias\/wp-content\/litespeed\/avatar\/18677e78aa0546b92d9dbf31ec7d7668.jpg?ver=1777290358","width":96,"height":96,"caption":"El Digital de Asturias"}},{"@type":"WebPage","@id":"https:\/\/www.eldigitaldeasturias.com\/noticias\/alerta-en-asturias-por-el-riesgo-de-incendios-forestales\/#webpage","url":"https:\/\/www.eldigitaldeasturias.com\/noticias\/alerta-en-asturias-por-el-riesgo-de-incendios-forestales\/","name":"Alerta en Asturias por el riesgo de incendios forestales - El Digital de Asturias","description":"(EUROPA PRESS) - El \u00edndice de riesgo de incendios forestales ser\u00e1 'muy alto' este s\u00e1bado 18 de agosto en tres de los 78 municipios de Asturias. El riesgo ser\u00e1 'alto' en el resto de los concejos, a excepci\u00f3n de Castropol, San Mart\u00edn de Oscos, San Tirso de Abres, Taramundi, Vegadeo y Villanueva de Oscos , donde","inLanguage":"es-ES","isPartOf":{"@id":"https:\/\/www.eldigitaldeasturias.com\/noticias\/#website"},"breadcrumb":{"@id":"https:\/\/www.eldigitaldeasturias.com\/noticias\/alerta-en-asturias-por-el-riesgo-de-incendios-forestales\/#breadcrumblist"},"author":{"@id":"https:\/\/www.eldigitaldeasturias.com\/noticias\/author\/admin\/#author"},"creator":{"@id":"https:\/\/www.eldigitaldeasturias.com\/noticias\/author\/admin\/#author"},"image":{"@type":"ImageObject","url":"https:\/\/www.eldigitaldeasturias.com\/noticias\/wp-content\/uploads\/2020\/07\/forest-fire-432870_640.jpg","@id":"https:\/\/www.eldigitaldeasturias.com\/noticias\/alerta-en-asturias-por-el-riesgo-de-incendios-forestales\/#mainImage","width":640,"height":417},"primaryImageOfPage":{"@id":"https:\/\/www.eldigitaldeasturias.com\/noticias\/alerta-en-asturias-por-el-riesgo-de-incendios-forestales\/#mainImage"},"datePublished":"2020-07-17T23:27:43+02:00","dateModified":"2020-07-17T23:27:43+02:00"},{"@type":"WebSite","@id":"https:\/\/www.eldigitaldeasturias.com\/noticias\/#website","url":"https:\/\/www.eldigitaldeasturias.com\/noticias\/","name":"El Digital de Asturias - Diario de actualidad y noticias","alternateName":"El Digital de Asturias - Diario de actualidad y noticias","description":"Hemeroteca","inLanguage":"es-ES","publisher":{"@id":"https:\/\/www.eldigitaldeasturias.com\/noticias\/#organization"}}]},"og:locale":"es_ES","og:site_name":"El Digital de Asturias","og:type":"article","og:title":"Alerta en Asturias por el riesgo de incendios forestales - El Digital de Asturias","og:description":"(EUROPA PRESS) - El \u00edndice de riesgo de incendios forestales ser\u00e1 'muy alto' este s\u00e1bado 18 de agosto en tres de los 78 municipios de Asturias. El riesgo ser\u00e1 'alto' en el resto de los concejos, a excepci\u00f3n de Castropol, San Mart\u00edn de Oscos, San Tirso de Abres, Taramundi, Vegadeo y Villanueva de Oscos , donde","og:url":"https:\/\/www.eldigitaldeasturias.com\/noticias\/alerta-en-asturias-por-el-riesgo-de-incendios-forestales\/","og:image":"https:\/\/www.eldigitaldeasturias.com\/noticias\/wp-content\/uploads\/2020\/07\/forest-fire-432870_640.jpg","og:image:secure_url":"https:\/\/www.eldigitaldeasturias.com\/noticias\/wp-content\/uploads\/2020\/07\/forest-fire-432870_640.jpg","og:image:width":640,"og:image:height":417,"article:tag":["actualidad asturias","destacadas"],"article:published_time":"2020-07-17T23:27:43+00:00","article:modified_time":"2020-07-17T23:27:43+00:00","article:publisher":"https:\/\/facebook.com\/eldigitaldeasturias","twitter:card":"summary_large_image","twitter:title":"Alerta en Asturias por el riesgo de incendios forestales - El Digital de Asturias","twitter:description":"(EUROPA PRESS) - El \u00edndice de riesgo de incendios forestales ser\u00e1 'muy alto' este s\u00e1bado 18 de agosto en tres de los 78 municipios de Asturias. El riesgo ser\u00e1 'alto' en el resto de los concejos, a excepci\u00f3n de Castropol, San Mart\u00edn de Oscos, San Tirso de Abres, Taramundi, Vegadeo y Villanueva de Oscos , donde","twitter:image":"https:\/\/www.eldigitaldeasturias.com\/noticias\/wp-content\/uploads\/2020\/07\/forest-fire-432870_640.jpg","twitter:label1":"Escrito por","twitter:data1":"El Digital de Asturias","twitter:label2":"Tiempo de lectura estimado","twitter:data2":"1 minuto"},"aioseo_meta_data":{"post_id":"1070543","title":null,"description":"","keywords":"","keyphrases":null,"primary_term":null,"canonical_url":"","og_title":null,"og_description":null,"og_object_type":"default","og_image_type":"default","og_image_url":null,"og_image_width":null,"og_image_height":null,"og_image_custom_url":null,"og_image_custom_fields":null,"og_video":null,"og_custom_url":null,"og_article_section":null,"og_article_tags":null,"twitter_use_og":false,"twitter_card":"default","twitter_image_type":"default","twitter_image_url":null,"twitter_image_custom_url":null,"twitter_image_custom_fields":null,"twitter_title":null,"twitter_description":null,"schema":{"blockGraphs":[],"customGraphs":[],"default":{"data":{"Article":[],"Course":[],"Dataset":[],"FAQPage":[],"Movie":[],"Person":[],"Product":[],"ProductReview":[],"Car":[],"Recipe":[],"Service":[],"SoftwareApplication":[],"WebPage":[]},"graphName":"","isEnabled":true},"graphs":[],"defaultGraph":"","defaultPostTypeGraph":""},"schema_type":null,"schema_type_options":null,"pillar_content":false,"robots_default":true,"robots_noindex":false,"robots_noarchive":false,"robots_nosnippet":false,"robots_nofollow":false,"robots_noimageindex":false,"robots_noodp":false,"robots_notranslate":false,"robots_max_snippet":null,"robots_max_videopreview":null,"robots_max_imagepreview":"large","priority":null,"frequency":"default","local_seo":null,"seo_analyzer_scan_date":"2025-09-13 00:30:53","breadcrumb_settings":null,"limit_modified_date":false,"open_ai":null,"ai":null,"created":"2020-12-21 10:45:44","updated":"2025-09-13 00:30:53"},"aioseo_breadcrumb":"<div class=\"aioseo-breadcrumbs\"><span class=\"aioseo-breadcrumb\">\n\t<a href=\"https:\/\/www.eldigitaldeasturias.com\/noticias\" title=\"Home\">Home<\/a>\n<\/span><span class=\"aioseo-breadcrumb-separator\">\u2013<\/span><span class=\"aioseo-breadcrumb\">\n\t<a href=\"https:\/\/www.eldigitaldeasturias.com\/noticias\/category\/actualidad-asturias\/\" title=\"Actualidad Asturias\">Actualidad Asturias<\/a>\n<\/span><span class=\"aioseo-breadcrumb-separator\">\u2013<\/span><span class=\"aioseo-breadcrumb\">\n\t<a href=\"https:\/\/www.eldigitaldeasturias.com\/noticias\/alerta-en-asturias-por-el-riesgo-de-incendios-forestales\/\" title=\"Alerta en Asturias por el riesgo de incendios forestales\">Alerta en Asturias por el riesgo de incendios forestales<\/a>\n<\/span><\/div>","aioseo_breadcrumb_json":[{"label":"Home","link":"https:\/\/www.eldigitaldeasturias.com\/noticias"},{"label":"Actualidad Asturias","link":"https:\/\/www.eldigitaldeasturias.com\/noticias\/category\/actualidad-asturias\/"},{"label":"Alerta en Asturias por el riesgo de incendios forestales","link":"https:\/\/www.eldigitaldeasturias.com\/noticias\/alerta-en-asturias-por-el-riesgo-de-incendios-forestales\/"}],"_links":{"self":[{"href":"https:\/\/www.eldigitaldeasturias.com\/noticias\/wp-json\/wp\/v2\/posts\/1070543","targetHints":{"allow":["GET"]}}],"collection":[{"href":"https:\/\/www.eldigitaldeasturias.com\/noticias\/wp-json\/wp\/v2\/posts"}],"about":[{"href":"https:\/\/www.eldigitaldeasturias.com\/noticias\/wp-json\/wp\/v2\/types\/post"}],"author":[{"embeddable":true,"href":"https:\/\/www.eldigitaldeasturias.com\/noticias\/wp-json\/wp\/v2\/users\/1"}],"replies":[{"embeddable":true,"href":"https:\/\/www.eldigitaldeasturias.com\/noticias\/wp-json\/wp\/v2\/comments?post=1070543"}],"version-history":[{"count":0,"href":"https:\/\/www.eldigitaldeasturias.com\/noticias\/wp-json\/wp\/v2\/posts\/1070543\/revisions"}],"wp:featuredmedia":[{"embeddable":true,"href":"https:\/\/www.eldigitaldeasturias.com\/noticias\/wp-json\/wp\/v2\/media\/1070544"}],"wp:attachment":[{"href":"https:\/\/www.eldigitaldeasturias.com\/noticias\/wp-json\/wp\/v2\/media?parent=1070543"}],"wp:term":[{"taxonomy":"category","embeddable":true,"href":"https:\/\/www.eldigitaldeasturias.com\/noticias\/wp-json\/wp\/v2\/categories?post=1070543"},{"taxonomy":"post_tag","embeddable":true,"href":"https:\/\/www.eldigitaldeasturias.com\/noticias\/wp-json\/wp\/v2\/tags?post=1070543"}],"curies":[{"name":"wp","href":"https:\/\/api.w.org\/{rel}","templated":true}]}}