{"id":1070395,"date":"2020-07-17T01:01:11","date_gmt":"2020-07-17T01:01:11","guid":{"rendered":"https:\/\/www.eldigitaldeasturias.com\/noticias\/?p=1070395"},"modified":"2020-07-17T01:01:11","modified_gmt":"2020-07-17T01:01:11","slug":"como-proteger-los-dispositivos-moviles-del-calor-excesivo","status":"publish","type":"post","link":"https:\/\/www.eldigitaldeasturias.com\/noticias\/como-proteger-los-dispositivos-moviles-del-calor-excesivo\/","title":{"rendered":"C\u00f3mo proteger los dispositivos m\u00f3viles del calor excesivo"},"content":{"rendered":"<figure id=\"attachment_1070396\" aria-describedby=\"caption-attachment-1070396\" style=\"width: 360px\" class=\"wp-caption alignleft\"><img loading=\"lazy\" decoding=\"async\" class=\"wp-image-1070396 size-medium\" src=\"https:\/\/www.eldigitaldeasturias.com\/noticias\/wp-content\/uploads\/2020\/07\/dispositivos-moviles-360x240.jpg\" alt=\"\" width=\"360\" height=\"240\" srcset=\"https:\/\/www.eldigitaldeasturias.com\/noticias\/wp-content\/uploads\/2020\/07\/dispositivos-moviles-360x240.jpg 360w, https:\/\/www.eldigitaldeasturias.com\/noticias\/wp-content\/uploads\/2020\/07\/dispositivos-moviles-690x460.jpg 690w, https:\/\/www.eldigitaldeasturias.com\/noticias\/wp-content\/uploads\/2020\/07\/dispositivos-moviles-450x300.jpg 450w, https:\/\/www.eldigitaldeasturias.com\/noticias\/wp-content\/uploads\/2020\/07\/dispositivos-moviles-768x511.jpg 768w, https:\/\/www.eldigitaldeasturias.com\/noticias\/wp-content\/uploads\/2020\/07\/dispositivos-moviles-696x464.jpg 696w, https:\/\/www.eldigitaldeasturias.com\/noticias\/wp-content\/uploads\/2020\/07\/dispositivos-moviles-631x420.jpg 631w, https:\/\/www.eldigitaldeasturias.com\/noticias\/wp-content\/uploads\/2020\/07\/dispositivos-moviles.jpg 1012w\" sizes=\"auto, (max-width: 360px) 100vw, 360px\" \/><figcaption id=\"caption-attachment-1070396\" class=\"wp-caption-text\">Foto: Christin Klose\/dpa-tmn<\/figcaption><\/figure>\n<p>(dpa) &#8211; Las altas temperaturas pueden ser perjudiciales para los tel\u00e9fonos inteligentes y las tabletas. Alexander Spier, experto del portal especializado alem\u00e1n \u00abHeise online\u00bb, explica que, si bien el calor nunca podr\u00eda alcanzar a destruir los dispositivos modernos, s\u00ed puede afectar la vida \u00fatil de algunos componentes, entre ellos la bater\u00eda.<\/p>\n<p>Spier advierte que las altas temperaturas pueden afectar la vida \u00fatil de las bater\u00edas, que son muy sensibles. El experto a\u00f1ade que, para el procesador, el calor no suele representar un gran problema, pero recomienda no exponer este componente central a temperaturas constantes superiores a los 45 grados, por ejemplo, en un coche al rayo del sol.<\/p>\n<p>En estos casos, los tel\u00e9fonos inteligentes modernos emiten una advertencia o se apagan autom\u00e1ticamente. En los modelos antiguos, el calor puede deformar la carcasa de pl\u00e1stico o hacer que se desprendan las juntas y los adhesivos.<\/p>\n<p>Por lo tanto, los expertos recomiendan a los usuarios que protejan a sus dispositivos del calor, pero sin exponerlos a cambios bruscos de temperatura, ya que la mayor\u00eda de ellos s\u00f3lo est\u00e1n dise\u00f1ados para tolerar ligeras fluctuaciones.<\/p>\n<p>Spier aconseja no exponer el dispositivo a la luz directa del sol durante largos per\u00edodos de tiempo, por ejemplo, en un caf\u00e9 o en la playa. La regla de oro: si uno tiene calor, es muy probable que las temperaturas tambi\u00e9n sean demasiado altas para el dispositivo.<\/p>\n<p>Los especialistas aseguran que las fundas negras que llevan muchos tel\u00e9fonos inteligentes y tabletas generan a\u00fan m\u00e1s calor, por lo que ser\u00eda mejor quitarlas en caso de temperaturas extremas.<\/p>\n<p>En caso de radiaci\u00f3n solar directa se recomienda guardar el dispositivo en el bolsillo. Si el tel\u00e9fono m\u00f3vil ya se ha recalentado, lo mejor es apagarlo inmediatamente y esperar a que se enfr\u00ede lentamente.<\/p>\n<p>En general, deben evitarse las fluctuaciones excesivas de temperatura. Nunca se debe dejar el dispositivo en un coche, especialmente no en el salpicadero, donde el aire se calienta mucho.<\/p>\n<p>No se deben ignorar las advertencias que emite el tel\u00e9fono m\u00f3vil; en \u00faltimo caso, m\u00e1s bien apagar el dispositivo.<\/p>\n<p>Juegos, fotos y v\u00eddeos suponen una carga muy alta para el procesador de los tel\u00e9fonos, por lo que Spier aconseja que de vez en cuando se les d\u00e9 un respiro.<\/p>\n<p>Robert Schanze, experto en Android del portal alem\u00e1n \u00abGiga.de\u00bb, recomienda no recargar el tel\u00e9fono cuando la temperatura ambiente sea superior a 40 grados cent\u00edgrados.<\/p>\n<p>Si el tel\u00e9fono ya est\u00e1 sobrecalentado, no debe ser colocado en el refrigerador bajo ninguna circunstancia, ya que el agua de condensaci\u00f3n podr\u00eda da\u00f1arlo, enfatiza Schanze.<\/p>\n","protected":false},"excerpt":{"rendered":"<p>(dpa) &#8211; Las altas temperaturas pueden ser perjudiciales para los tel\u00e9fonos inteligentes y las tabletas. Alexander Spier, experto del portal especializado alem\u00e1n \u00abHeise online\u00bb, explica que, si bien el calor nunca podr\u00eda alcanzar a destruir los dispositivos modernos, s\u00ed puede afectar la vida \u00fatil de algunos componentes, entre ellos la bater\u00eda. Spier advierte que las [&hellip;]<\/p>\n","protected":false},"author":1,"featured_media":1070396,"comment_status":"closed","ping_status":"closed","sticky":false,"template":"","format":"standard","meta":{"footnotes":""},"categories":[141,28],"tags":[],"class_list":["post-1070395","post","type-post","status-publish","format-standard","has-post-thumbnail","hentry","category-destacadas","category-sociedad"],"aioseo_notices":[],"aioseo_head":"\n\t\t<!-- All in One SEO Pro 4.9.6.2 - aioseo.com -->\n\t<meta name=\"description\" content=\"(dpa) - Las altas temperaturas pueden ser perjudiciales para los tel\u00e9fonos inteligentes y las tabletas. Alexander Spier, experto del portal especializado alem\u00e1n &quot;Heise online&quot;, explica que, si bien el calor nunca podr\u00eda alcanzar a destruir los dispositivos modernos, s\u00ed puede afectar la vida \u00fatil de algunos componentes, entre ellos la bater\u00eda. Spier advierte que las\" \/>\n\t<meta name=\"robots\" content=\"max-image-preview:large\" \/>\n\t<meta name=\"author\" content=\"El Digital de Asturias\"\/>\n\t<meta name=\"google-site-verification\" content=\"UA-38556648-1\" \/>\n\t<meta name=\"msvalidate.01\" content=\"7dfe9f3f1b24437ab69f4f2559babe99\" \/>\n\t<meta name=\"keywords\" content=\"destacadas,sociedad\" \/>\n\t<link rel=\"canonical\" href=\"https:\/\/www.eldigitaldeasturias.com\/noticias\/como-proteger-los-dispositivos-moviles-del-calor-excesivo\/\" \/>\n\t<meta name=\"generator\" content=\"All in One SEO Pro (AIOSEO) 4.9.6.2\" \/>\n\t\t<meta property=\"og:locale\" content=\"es_ES\" \/>\n\t\t<meta property=\"og:site_name\" content=\"El Digital de Asturias\" \/>\n\t\t<meta property=\"og:type\" content=\"article\" \/>\n\t\t<meta property=\"og:title\" content=\"C\u00f3mo proteger los dispositivos m\u00f3viles del calor excesivo - El Digital de Asturias\" \/>\n\t\t<meta property=\"og:description\" content=\"(dpa) - Las altas temperaturas pueden ser perjudiciales para los tel\u00e9fonos inteligentes y las tabletas. Alexander Spier, experto del portal especializado alem\u00e1n &quot;Heise online&quot;, explica que, si bien el calor nunca podr\u00eda alcanzar a destruir los dispositivos modernos, s\u00ed puede afectar la vida \u00fatil de algunos componentes, entre ellos la bater\u00eda. Spier advierte que las\" \/>\n\t\t<meta property=\"og:url\" content=\"https:\/\/www.eldigitaldeasturias.com\/noticias\/como-proteger-los-dispositivos-moviles-del-calor-excesivo\/\" \/>\n\t\t<meta property=\"og:image\" content=\"https:\/\/www.eldigitaldeasturias.com\/noticias\/wp-content\/uploads\/2020\/07\/dispositivos-moviles.jpg\" \/>\n\t\t<meta property=\"og:image:secure_url\" content=\"https:\/\/www.eldigitaldeasturias.com\/noticias\/wp-content\/uploads\/2020\/07\/dispositivos-moviles.jpg\" \/>\n\t\t<meta property=\"og:image:width\" content=\"1012\" \/>\n\t\t<meta property=\"og:image:height\" content=\"674\" \/>\n\t\t<meta property=\"article:tag\" content=\"destacadas\" \/>\n\t\t<meta property=\"article:tag\" content=\"sociedad\" \/>\n\t\t<meta property=\"article:published_time\" content=\"2020-07-17T01:01:11+00:00\" \/>\n\t\t<meta property=\"article:modified_time\" content=\"2020-07-17T01:01:11+00:00\" \/>\n\t\t<meta property=\"article:publisher\" content=\"https:\/\/facebook.com\/eldigitaldeasturias\" \/>\n\t\t<meta name=\"twitter:card\" content=\"summary_large_image\" \/>\n\t\t<meta name=\"twitter:title\" content=\"C\u00f3mo proteger los dispositivos m\u00f3viles del calor excesivo - El Digital de Asturias\" \/>\n\t\t<meta name=\"twitter:description\" content=\"(dpa) - Las altas temperaturas pueden ser perjudiciales para los tel\u00e9fonos inteligentes y las tabletas. Alexander Spier, experto del portal especializado alem\u00e1n &quot;Heise online&quot;, explica que, si bien el calor nunca podr\u00eda alcanzar a destruir los dispositivos modernos, s\u00ed puede afectar la vida \u00fatil de algunos componentes, entre ellos la bater\u00eda. Spier advierte que las\" \/>\n\t\t<meta name=\"twitter:image\" content=\"https:\/\/www.eldigitaldeasturias.com\/noticias\/wp-content\/uploads\/2020\/07\/dispositivos-moviles.jpg\" \/>\n\t\t<meta name=\"twitter:label1\" content=\"Escrito por\" \/>\n\t\t<meta name=\"twitter:data1\" content=\"El Digital de Asturias\" \/>\n\t\t<meta name=\"twitter:label2\" content=\"Tiempo de lectura estimado\" \/>\n\t\t<meta name=\"twitter:data2\" content=\"2 minutos\" \/>\n\t\t<script type=\"application\/ld+json\" class=\"aioseo-schema\">\n\t\t\t{\"@context\":\"https:\\\/\\\/schema.org\",\"@graph\":[{\"@type\":\"BlogPosting\",\"@id\":\"https:\\\/\\\/www.eldigitaldeasturias.com\\\/noticias\\\/como-proteger-los-dispositivos-moviles-del-calor-excesivo\\\/#blogposting\",\"name\":\"C\\u00f3mo proteger los dispositivos m\\u00f3viles del calor excesivo - El Digital de Asturias\",\"headline\":\"C\\u00f3mo proteger los dispositivos m\\u00f3viles del calor excesivo\",\"author\":{\"@id\":\"https:\\\/\\\/www.eldigitaldeasturias.com\\\/noticias\\\/author\\\/admin\\\/#author\"},\"publisher\":{\"@id\":\"https:\\\/\\\/www.eldigitaldeasturias.com\\\/noticias\\\/#organization\"},\"image\":{\"@type\":\"ImageObject\",\"url\":\"https:\\\/\\\/www.eldigitaldeasturias.com\\\/noticias\\\/wp-content\\\/uploads\\\/2020\\\/07\\\/dispositivos-moviles.jpg\",\"width\":1012,\"height\":674,\"caption\":\"Foto: Christin Klose\\\/dpa-tmn\"},\"datePublished\":\"2020-07-17T01:01:11+02:00\",\"dateModified\":\"2020-07-17T01:01:11+02:00\",\"inLanguage\":\"es-ES\",\"mainEntityOfPage\":{\"@id\":\"https:\\\/\\\/www.eldigitaldeasturias.com\\\/noticias\\\/como-proteger-los-dispositivos-moviles-del-calor-excesivo\\\/#webpage\"},\"isPartOf\":{\"@id\":\"https:\\\/\\\/www.eldigitaldeasturias.com\\\/noticias\\\/como-proteger-los-dispositivos-moviles-del-calor-excesivo\\\/#webpage\"},\"articleSection\":\"Destacadas, Sociedad\"},{\"@type\":\"BreadcrumbList\",\"@id\":\"https:\\\/\\\/www.eldigitaldeasturias.com\\\/noticias\\\/como-proteger-los-dispositivos-moviles-del-calor-excesivo\\\/#breadcrumblist\",\"itemListElement\":[{\"@type\":\"ListItem\",\"@id\":\"https:\\\/\\\/www.eldigitaldeasturias.com\\\/noticias#listItem\",\"position\":1,\"name\":\"Home\",\"item\":\"https:\\\/\\\/www.eldigitaldeasturias.com\\\/noticias\",\"nextItem\":{\"@type\":\"ListItem\",\"@id\":\"https:\\\/\\\/www.eldigitaldeasturias.com\\\/noticias\\\/category\\\/sociedad\\\/#listItem\",\"name\":\"Sociedad\"}},{\"@type\":\"ListItem\",\"@id\":\"https:\\\/\\\/www.eldigitaldeasturias.com\\\/noticias\\\/category\\\/sociedad\\\/#listItem\",\"position\":2,\"name\":\"Sociedad\",\"item\":\"https:\\\/\\\/www.eldigitaldeasturias.com\\\/noticias\\\/category\\\/sociedad\\\/\",\"nextItem\":{\"@type\":\"ListItem\",\"@id\":\"https:\\\/\\\/www.eldigitaldeasturias.com\\\/noticias\\\/como-proteger-los-dispositivos-moviles-del-calor-excesivo\\\/#listItem\",\"name\":\"C\\u00f3mo proteger los dispositivos m\\u00f3viles del calor excesivo\"},\"previousItem\":{\"@type\":\"ListItem\",\"@id\":\"https:\\\/\\\/www.eldigitaldeasturias.com\\\/noticias#listItem\",\"name\":\"Home\"}},{\"@type\":\"ListItem\",\"@id\":\"https:\\\/\\\/www.eldigitaldeasturias.com\\\/noticias\\\/como-proteger-los-dispositivos-moviles-del-calor-excesivo\\\/#listItem\",\"position\":3,\"name\":\"C\\u00f3mo proteger los dispositivos m\\u00f3viles del calor excesivo\",\"previousItem\":{\"@type\":\"ListItem\",\"@id\":\"https:\\\/\\\/www.eldigitaldeasturias.com\\\/noticias\\\/category\\\/sociedad\\\/#listItem\",\"name\":\"Sociedad\"}}]},{\"@type\":\"Organization\",\"@id\":\"https:\\\/\\\/www.eldigitaldeasturias.com\\\/noticias\\\/#organization\",\"name\":\"El Digital de Asturias\",\"description\":\"Hemeroteca\",\"url\":\"https:\\\/\\\/www.eldigitaldeasturias.com\\\/noticias\\\/\",\"email\":\"info@eldigitaldeasturias.com\",\"telephone\":\"+34652131393\",\"logo\":{\"@type\":\"ImageObject\",\"url\":\"https:\\\/\\\/www.eldigitaldeasturias.com\\\/noticias\\\/wp-content\\\/uploads\\\/2020\\\/12\\\/EDA.jpg\",\"@id\":\"https:\\\/\\\/www.eldigitaldeasturias.com\\\/noticias\\\/como-proteger-los-dispositivos-moviles-del-calor-excesivo\\\/#organizationLogo\",\"width\":649,\"height\":297},\"image\":{\"@id\":\"https:\\\/\\\/www.eldigitaldeasturias.com\\\/noticias\\\/como-proteger-los-dispositivos-moviles-del-calor-excesivo\\\/#organizationLogo\"},\"sameAs\":[\"https:\\\/\\\/facebook.com\\\/eldigitaldeasturias\",\"https:\\\/\\\/www.youtube.com\\\/channel\\\/UCZP-2wLEB9Rv6erhFmqVnvg\"],\"address\":{\"@id\":\"https:\\\/\\\/www.eldigitaldeasturias.com\\\/noticias\\\/#postaladdress\",\"@type\":\"PostalAddress\",\"streetAddress\":\"san antonio 4,\",\"postalCode\":\"33430\",\"addressLocality\":\"Cand\\u00e1s\",\"addressRegion\":\"Asturias\",\"addressCountry\":\"ES\"}},{\"@type\":\"Person\",\"@id\":\"https:\\\/\\\/www.eldigitaldeasturias.com\\\/noticias\\\/author\\\/admin\\\/#author\",\"url\":\"https:\\\/\\\/www.eldigitaldeasturias.com\\\/noticias\\\/author\\\/admin\\\/\",\"name\":\"El Digital de Asturias\",\"image\":{\"@type\":\"ImageObject\",\"@id\":\"https:\\\/\\\/www.eldigitaldeasturias.com\\\/noticias\\\/como-proteger-los-dispositivos-moviles-del-calor-excesivo\\\/#authorImage\",\"url\":\"https:\\\/\\\/www.eldigitaldeasturias.com\\\/noticias\\\/wp-content\\\/litespeed\\\/avatar\\\/18677e78aa0546b92d9dbf31ec7d7668.jpg?ver=1777290358\",\"width\":96,\"height\":96,\"caption\":\"El Digital de Asturias\"}},{\"@type\":\"WebPage\",\"@id\":\"https:\\\/\\\/www.eldigitaldeasturias.com\\\/noticias\\\/como-proteger-los-dispositivos-moviles-del-calor-excesivo\\\/#webpage\",\"url\":\"https:\\\/\\\/www.eldigitaldeasturias.com\\\/noticias\\\/como-proteger-los-dispositivos-moviles-del-calor-excesivo\\\/\",\"name\":\"C\\u00f3mo proteger los dispositivos m\\u00f3viles del calor excesivo - El Digital de Asturias\",\"description\":\"(dpa) - Las altas temperaturas pueden ser perjudiciales para los tel\\u00e9fonos inteligentes y las tabletas. Alexander Spier, experto del portal especializado alem\\u00e1n \\\"Heise online\\\", explica que, si bien el calor nunca podr\\u00eda alcanzar a destruir los dispositivos modernos, s\\u00ed puede afectar la vida \\u00fatil de algunos componentes, entre ellos la bater\\u00eda. Spier advierte que las\",\"inLanguage\":\"es-ES\",\"isPartOf\":{\"@id\":\"https:\\\/\\\/www.eldigitaldeasturias.com\\\/noticias\\\/#website\"},\"breadcrumb\":{\"@id\":\"https:\\\/\\\/www.eldigitaldeasturias.com\\\/noticias\\\/como-proteger-los-dispositivos-moviles-del-calor-excesivo\\\/#breadcrumblist\"},\"author\":{\"@id\":\"https:\\\/\\\/www.eldigitaldeasturias.com\\\/noticias\\\/author\\\/admin\\\/#author\"},\"creator\":{\"@id\":\"https:\\\/\\\/www.eldigitaldeasturias.com\\\/noticias\\\/author\\\/admin\\\/#author\"},\"image\":{\"@type\":\"ImageObject\",\"url\":\"https:\\\/\\\/www.eldigitaldeasturias.com\\\/noticias\\\/wp-content\\\/uploads\\\/2020\\\/07\\\/dispositivos-moviles.jpg\",\"@id\":\"https:\\\/\\\/www.eldigitaldeasturias.com\\\/noticias\\\/como-proteger-los-dispositivos-moviles-del-calor-excesivo\\\/#mainImage\",\"width\":1012,\"height\":674,\"caption\":\"Foto: Christin Klose\\\/dpa-tmn\"},\"primaryImageOfPage\":{\"@id\":\"https:\\\/\\\/www.eldigitaldeasturias.com\\\/noticias\\\/como-proteger-los-dispositivos-moviles-del-calor-excesivo\\\/#mainImage\"},\"datePublished\":\"2020-07-17T01:01:11+02:00\",\"dateModified\":\"2020-07-17T01:01:11+02:00\"},{\"@type\":\"WebSite\",\"@id\":\"https:\\\/\\\/www.eldigitaldeasturias.com\\\/noticias\\\/#website\",\"url\":\"https:\\\/\\\/www.eldigitaldeasturias.com\\\/noticias\\\/\",\"name\":\"El Digital de Asturias - Diario de actualidad y noticias\",\"alternateName\":\"El Digital de Asturias - Diario de actualidad y noticias\",\"description\":\"Hemeroteca\",\"inLanguage\":\"es-ES\",\"publisher\":{\"@id\":\"https:\\\/\\\/www.eldigitaldeasturias.com\\\/noticias\\\/#organization\"}}]}\n\t\t<\/script>\n\t\t<!-- All in One SEO Pro -->\r\n\t\t<title>C\u00f3mo proteger los dispositivos m\u00f3viles del calor excesivo - El Digital de Asturias<\/title>\n\n","aioseo_head_json":{"title":"C\u00f3mo proteger los dispositivos m\u00f3viles del calor excesivo - El Digital de Asturias","description":"(dpa) - Las altas temperaturas pueden ser perjudiciales para los tel\u00e9fonos inteligentes y las tabletas. Alexander Spier, experto del portal especializado alem\u00e1n \"Heise online\", explica que, si bien el calor nunca podr\u00eda alcanzar a destruir los dispositivos modernos, s\u00ed puede afectar la vida \u00fatil de algunos componentes, entre ellos la bater\u00eda. Spier advierte que las","canonical_url":"https:\/\/www.eldigitaldeasturias.com\/noticias\/como-proteger-los-dispositivos-moviles-del-calor-excesivo\/","robots":"max-image-preview:large","keywords":"destacadas,sociedad","webmasterTools":{"google-site-verification":"UA-38556648-1","msvalidate.01":"7dfe9f3f1b24437ab69f4f2559babe99","miscellaneous":""},"schema":{"@context":"https:\/\/schema.org","@graph":[{"@type":"BlogPosting","@id":"https:\/\/www.eldigitaldeasturias.com\/noticias\/como-proteger-los-dispositivos-moviles-del-calor-excesivo\/#blogposting","name":"C\u00f3mo proteger los dispositivos m\u00f3viles del calor excesivo - El Digital de Asturias","headline":"C\u00f3mo proteger los dispositivos m\u00f3viles del calor excesivo","author":{"@id":"https:\/\/www.eldigitaldeasturias.com\/noticias\/author\/admin\/#author"},"publisher":{"@id":"https:\/\/www.eldigitaldeasturias.com\/noticias\/#organization"},"image":{"@type":"ImageObject","url":"https:\/\/www.eldigitaldeasturias.com\/noticias\/wp-content\/uploads\/2020\/07\/dispositivos-moviles.jpg","width":1012,"height":674,"caption":"Foto: Christin Klose\/dpa-tmn"},"datePublished":"2020-07-17T01:01:11+02:00","dateModified":"2020-07-17T01:01:11+02:00","inLanguage":"es-ES","mainEntityOfPage":{"@id":"https:\/\/www.eldigitaldeasturias.com\/noticias\/como-proteger-los-dispositivos-moviles-del-calor-excesivo\/#webpage"},"isPartOf":{"@id":"https:\/\/www.eldigitaldeasturias.com\/noticias\/como-proteger-los-dispositivos-moviles-del-calor-excesivo\/#webpage"},"articleSection":"Destacadas, Sociedad"},{"@type":"BreadcrumbList","@id":"https:\/\/www.eldigitaldeasturias.com\/noticias\/como-proteger-los-dispositivos-moviles-del-calor-excesivo\/#breadcrumblist","itemListElement":[{"@type":"ListItem","@id":"https:\/\/www.eldigitaldeasturias.com\/noticias#listItem","position":1,"name":"Home","item":"https:\/\/www.eldigitaldeasturias.com\/noticias","nextItem":{"@type":"ListItem","@id":"https:\/\/www.eldigitaldeasturias.com\/noticias\/category\/sociedad\/#listItem","name":"Sociedad"}},{"@type":"ListItem","@id":"https:\/\/www.eldigitaldeasturias.com\/noticias\/category\/sociedad\/#listItem","position":2,"name":"Sociedad","item":"https:\/\/www.eldigitaldeasturias.com\/noticias\/category\/sociedad\/","nextItem":{"@type":"ListItem","@id":"https:\/\/www.eldigitaldeasturias.com\/noticias\/como-proteger-los-dispositivos-moviles-del-calor-excesivo\/#listItem","name":"C\u00f3mo proteger los dispositivos m\u00f3viles del calor excesivo"},"previousItem":{"@type":"ListItem","@id":"https:\/\/www.eldigitaldeasturias.com\/noticias#listItem","name":"Home"}},{"@type":"ListItem","@id":"https:\/\/www.eldigitaldeasturias.com\/noticias\/como-proteger-los-dispositivos-moviles-del-calor-excesivo\/#listItem","position":3,"name":"C\u00f3mo proteger los dispositivos m\u00f3viles del calor excesivo","previousItem":{"@type":"ListItem","@id":"https:\/\/www.eldigitaldeasturias.com\/noticias\/category\/sociedad\/#listItem","name":"Sociedad"}}]},{"@type":"Organization","@id":"https:\/\/www.eldigitaldeasturias.com\/noticias\/#organization","name":"El Digital de Asturias","description":"Hemeroteca","url":"https:\/\/www.eldigitaldeasturias.com\/noticias\/","email":"info@eldigitaldeasturias.com","telephone":"+34652131393","logo":{"@type":"ImageObject","url":"https:\/\/www.eldigitaldeasturias.com\/noticias\/wp-content\/uploads\/2020\/12\/EDA.jpg","@id":"https:\/\/www.eldigitaldeasturias.com\/noticias\/como-proteger-los-dispositivos-moviles-del-calor-excesivo\/#organizationLogo","width":649,"height":297},"image":{"@id":"https:\/\/www.eldigitaldeasturias.com\/noticias\/como-proteger-los-dispositivos-moviles-del-calor-excesivo\/#organizationLogo"},"sameAs":["https:\/\/facebook.com\/eldigitaldeasturias","https:\/\/www.youtube.com\/channel\/UCZP-2wLEB9Rv6erhFmqVnvg"],"address":{"@id":"https:\/\/www.eldigitaldeasturias.com\/noticias\/#postaladdress","@type":"PostalAddress","streetAddress":"san antonio 4,","postalCode":"33430","addressLocality":"Cand\u00e1s","addressRegion":"Asturias","addressCountry":"ES"}},{"@type":"Person","@id":"https:\/\/www.eldigitaldeasturias.com\/noticias\/author\/admin\/#author","url":"https:\/\/www.eldigitaldeasturias.com\/noticias\/author\/admin\/","name":"El Digital de Asturias","image":{"@type":"ImageObject","@id":"https:\/\/www.eldigitaldeasturias.com\/noticias\/como-proteger-los-dispositivos-moviles-del-calor-excesivo\/#authorImage","url":"https:\/\/www.eldigitaldeasturias.com\/noticias\/wp-content\/litespeed\/avatar\/18677e78aa0546b92d9dbf31ec7d7668.jpg?ver=1777290358","width":96,"height":96,"caption":"El Digital de Asturias"}},{"@type":"WebPage","@id":"https:\/\/www.eldigitaldeasturias.com\/noticias\/como-proteger-los-dispositivos-moviles-del-calor-excesivo\/#webpage","url":"https:\/\/www.eldigitaldeasturias.com\/noticias\/como-proteger-los-dispositivos-moviles-del-calor-excesivo\/","name":"C\u00f3mo proteger los dispositivos m\u00f3viles del calor excesivo - El Digital de Asturias","description":"(dpa) - Las altas temperaturas pueden ser perjudiciales para los tel\u00e9fonos inteligentes y las tabletas. Alexander Spier, experto del portal especializado alem\u00e1n \"Heise online\", explica que, si bien el calor nunca podr\u00eda alcanzar a destruir los dispositivos modernos, s\u00ed puede afectar la vida \u00fatil de algunos componentes, entre ellos la bater\u00eda. Spier advierte que las","inLanguage":"es-ES","isPartOf":{"@id":"https:\/\/www.eldigitaldeasturias.com\/noticias\/#website"},"breadcrumb":{"@id":"https:\/\/www.eldigitaldeasturias.com\/noticias\/como-proteger-los-dispositivos-moviles-del-calor-excesivo\/#breadcrumblist"},"author":{"@id":"https:\/\/www.eldigitaldeasturias.com\/noticias\/author\/admin\/#author"},"creator":{"@id":"https:\/\/www.eldigitaldeasturias.com\/noticias\/author\/admin\/#author"},"image":{"@type":"ImageObject","url":"https:\/\/www.eldigitaldeasturias.com\/noticias\/wp-content\/uploads\/2020\/07\/dispositivos-moviles.jpg","@id":"https:\/\/www.eldigitaldeasturias.com\/noticias\/como-proteger-los-dispositivos-moviles-del-calor-excesivo\/#mainImage","width":1012,"height":674,"caption":"Foto: Christin Klose\/dpa-tmn"},"primaryImageOfPage":{"@id":"https:\/\/www.eldigitaldeasturias.com\/noticias\/como-proteger-los-dispositivos-moviles-del-calor-excesivo\/#mainImage"},"datePublished":"2020-07-17T01:01:11+02:00","dateModified":"2020-07-17T01:01:11+02:00"},{"@type":"WebSite","@id":"https:\/\/www.eldigitaldeasturias.com\/noticias\/#website","url":"https:\/\/www.eldigitaldeasturias.com\/noticias\/","name":"El Digital de Asturias - Diario de actualidad y noticias","alternateName":"El Digital de Asturias - Diario de actualidad y noticias","description":"Hemeroteca","inLanguage":"es-ES","publisher":{"@id":"https:\/\/www.eldigitaldeasturias.com\/noticias\/#organization"}}]},"og:locale":"es_ES","og:site_name":"El Digital de Asturias","og:type":"article","og:title":"C\u00f3mo proteger los dispositivos m\u00f3viles del calor excesivo - El Digital de Asturias","og:description":"(dpa) - Las altas temperaturas pueden ser perjudiciales para los tel\u00e9fonos inteligentes y las tabletas. Alexander Spier, experto del portal especializado alem\u00e1n &quot;Heise online&quot;, explica que, si bien el calor nunca podr\u00eda alcanzar a destruir los dispositivos modernos, s\u00ed puede afectar la vida \u00fatil de algunos componentes, entre ellos la bater\u00eda. Spier advierte que las","og:url":"https:\/\/www.eldigitaldeasturias.com\/noticias\/como-proteger-los-dispositivos-moviles-del-calor-excesivo\/","og:image":"https:\/\/www.eldigitaldeasturias.com\/noticias\/wp-content\/uploads\/2020\/07\/dispositivos-moviles.jpg","og:image:secure_url":"https:\/\/www.eldigitaldeasturias.com\/noticias\/wp-content\/uploads\/2020\/07\/dispositivos-moviles.jpg","og:image:width":1012,"og:image:height":674,"article:tag":["destacadas","sociedad"],"article:published_time":"2020-07-17T01:01:11+00:00","article:modified_time":"2020-07-17T01:01:11+00:00","article:publisher":"https:\/\/facebook.com\/eldigitaldeasturias","twitter:card":"summary_large_image","twitter:title":"C\u00f3mo proteger los dispositivos m\u00f3viles del calor excesivo - El Digital de Asturias","twitter:description":"(dpa) - Las altas temperaturas pueden ser perjudiciales para los tel\u00e9fonos inteligentes y las tabletas. Alexander Spier, experto del portal especializado alem\u00e1n &quot;Heise online&quot;, explica que, si bien el calor nunca podr\u00eda alcanzar a destruir los dispositivos modernos, s\u00ed puede afectar la vida \u00fatil de algunos componentes, entre ellos la bater\u00eda. Spier advierte que las","twitter:image":"https:\/\/www.eldigitaldeasturias.com\/noticias\/wp-content\/uploads\/2020\/07\/dispositivos-moviles.jpg","twitter:label1":"Escrito por","twitter:data1":"El Digital de Asturias","twitter:label2":"Tiempo de lectura estimado","twitter:data2":"2 minutos"},"aioseo_meta_data":{"post_id":"1070395","title":null,"description":"","keywords":"","keyphrases":null,"primary_term":null,"canonical_url":"","og_title":null,"og_description":null,"og_object_type":"default","og_image_type":"default","og_image_url":null,"og_image_width":null,"og_image_height":null,"og_image_custom_url":null,"og_image_custom_fields":null,"og_video":null,"og_custom_url":null,"og_article_section":null,"og_article_tags":null,"twitter_use_og":false,"twitter_card":"default","twitter_image_type":"default","twitter_image_url":null,"twitter_image_custom_url":null,"twitter_image_custom_fields":null,"twitter_title":null,"twitter_description":null,"schema":{"blockGraphs":[],"customGraphs":[],"default":{"data":{"Article":[],"Course":[],"Dataset":[],"FAQPage":[],"Movie":[],"Person":[],"Product":[],"ProductReview":[],"Car":[],"Recipe":[],"Service":[],"SoftwareApplication":[],"WebPage":[]},"graphName":"","isEnabled":true},"graphs":[],"defaultGraph":"","defaultPostTypeGraph":""},"schema_type":null,"schema_type_options":null,"pillar_content":false,"robots_default":true,"robots_noindex":false,"robots_noarchive":false,"robots_nosnippet":false,"robots_nofollow":false,"robots_noimageindex":false,"robots_noodp":false,"robots_notranslate":false,"robots_max_snippet":null,"robots_max_videopreview":null,"robots_max_imagepreview":"large","priority":null,"frequency":"default","local_seo":null,"seo_analyzer_scan_date":"2025-09-13 00:06:49","breadcrumb_settings":null,"limit_modified_date":false,"open_ai":null,"ai":null,"created":"2020-12-21 10:45:51","updated":"2025-09-13 00:06:49"},"aioseo_breadcrumb":"<div class=\"aioseo-breadcrumbs\"><span class=\"aioseo-breadcrumb\">\n\t<a href=\"https:\/\/www.eldigitaldeasturias.com\/noticias\" title=\"Home\">Home<\/a>\n<\/span><span class=\"aioseo-breadcrumb-separator\">\u2013<\/span><span class=\"aioseo-breadcrumb\">\n\t<a href=\"https:\/\/www.eldigitaldeasturias.com\/noticias\/category\/sociedad\/\" title=\"Sociedad\">Sociedad<\/a>\n<\/span><span class=\"aioseo-breadcrumb-separator\">\u2013<\/span><span class=\"aioseo-breadcrumb\">\n\t<a href=\"https:\/\/www.eldigitaldeasturias.com\/noticias\/como-proteger-los-dispositivos-moviles-del-calor-excesivo\/\" title=\"C\u00f3mo proteger los dispositivos m\u00f3viles del calor excesivo\">C\u00f3mo proteger los dispositivos m\u00f3viles del calor excesivo<\/a>\n<\/span><\/div>","aioseo_breadcrumb_json":[{"label":"Home","link":"https:\/\/www.eldigitaldeasturias.com\/noticias"},{"label":"Sociedad","link":"https:\/\/www.eldigitaldeasturias.com\/noticias\/category\/sociedad\/"},{"label":"C\u00f3mo proteger los dispositivos m\u00f3viles del calor excesivo","link":"https:\/\/www.eldigitaldeasturias.com\/noticias\/como-proteger-los-dispositivos-moviles-del-calor-excesivo\/"}],"_links":{"self":[{"href":"https:\/\/www.eldigitaldeasturias.com\/noticias\/wp-json\/wp\/v2\/posts\/1070395","targetHints":{"allow":["GET"]}}],"collection":[{"href":"https:\/\/www.eldigitaldeasturias.com\/noticias\/wp-json\/wp\/v2\/posts"}],"about":[{"href":"https:\/\/www.eldigitaldeasturias.com\/noticias\/wp-json\/wp\/v2\/types\/post"}],"author":[{"embeddable":true,"href":"https:\/\/www.eldigitaldeasturias.com\/noticias\/wp-json\/wp\/v2\/users\/1"}],"replies":[{"embeddable":true,"href":"https:\/\/www.eldigitaldeasturias.com\/noticias\/wp-json\/wp\/v2\/comments?post=1070395"}],"version-history":[{"count":0,"href":"https:\/\/www.eldigitaldeasturias.com\/noticias\/wp-json\/wp\/v2\/posts\/1070395\/revisions"}],"wp:featuredmedia":[{"embeddable":true,"href":"https:\/\/www.eldigitaldeasturias.com\/noticias\/wp-json\/wp\/v2\/media\/1070396"}],"wp:attachment":[{"href":"https:\/\/www.eldigitaldeasturias.com\/noticias\/wp-json\/wp\/v2\/media?parent=1070395"}],"wp:term":[{"taxonomy":"category","embeddable":true,"href":"https:\/\/www.eldigitaldeasturias.com\/noticias\/wp-json\/wp\/v2\/categories?post=1070395"},{"taxonomy":"post_tag","embeddable":true,"href":"https:\/\/www.eldigitaldeasturias.com\/noticias\/wp-json\/wp\/v2\/tags?post=1070395"}],"curies":[{"name":"wp","href":"https:\/\/api.w.org\/{rel}","templated":true}]}}