{"id":1070119,"date":"2020-07-15T02:40:04","date_gmt":"2020-07-15T02:40:04","guid":{"rendered":"https:\/\/www.eldigitaldeasturias.com\/noticias\/?p=1070119"},"modified":"2020-07-15T02:40:04","modified_gmt":"2020-07-15T02:40:04","slug":"distintivo-de-destino-turistico-inteligente-para-gijon","status":"publish","type":"post","link":"https:\/\/www.eldigitaldeasturias.com\/noticias\/distintivo-de-destino-turistico-inteligente-para-gijon\/","title":{"rendered":"Distintivo de Destino Tur\u00edstico Inteligente para Gij\u00f3n"},"content":{"rendered":"<figure id=\"attachment_1070120\" aria-describedby=\"caption-attachment-1070120\" style=\"width: 360px\" class=\"wp-caption alignleft\"><img loading=\"lazy\" decoding=\"async\" class=\"size-medium wp-image-1070120\" src=\"https:\/\/www.eldigitaldeasturias.com\/noticias\/wp-content\/uploads\/2020\/07\/Puerto-de-Gij\u00f3n-360x203.jpg\" alt=\"\" width=\"360\" height=\"203\" srcset=\"https:\/\/www.eldigitaldeasturias.com\/noticias\/wp-content\/uploads\/2020\/07\/Puerto-de-Gij\u00f3n-360x203.jpg 360w, https:\/\/www.eldigitaldeasturias.com\/noticias\/wp-content\/uploads\/2020\/07\/Puerto-de-Gij\u00f3n-690x389.jpg 690w, https:\/\/www.eldigitaldeasturias.com\/noticias\/wp-content\/uploads\/2020\/07\/Puerto-de-Gij\u00f3n-480x270.jpg 480w, https:\/\/www.eldigitaldeasturias.com\/noticias\/wp-content\/uploads\/2020\/07\/Puerto-de-Gij\u00f3n-768x433.jpg 768w, https:\/\/www.eldigitaldeasturias.com\/noticias\/wp-content\/uploads\/2020\/07\/Puerto-de-Gij\u00f3n-696x392.jpg 696w, https:\/\/www.eldigitaldeasturias.com\/noticias\/wp-content\/uploads\/2020\/07\/Puerto-de-Gij\u00f3n-745x420.jpg 745w, https:\/\/www.eldigitaldeasturias.com\/noticias\/wp-content\/uploads\/2020\/07\/Puerto-de-Gij\u00f3n.jpg 905w\" sizes=\"auto, (max-width: 360px) 100vw, 360px\" \/><figcaption id=\"caption-attachment-1070120\" class=\"wp-caption-text\">Puerto Deportivo de Gij\u00f3n &#8211; EUROPA PRESS<\/figcaption><\/figure>\n<p>(EUROPA PRESS) &#8211;\u00a0La ciudad\u00a0 asturiana de Gij\u00f3n ha superado los requisitos exigidos por la metodolog\u00eda de Segittur para poder conseguir la obtenci\u00f3n del distintivo de Destino Tur\u00edstico Inteligente.<\/p>\n<p>As\u00ed se desprende del diagn\u00f3stico presentado hoy en LABoral Centro de Arte y Creaci\u00f3n Industrial por Andr\u00e9s Fern\u00e1ndez Alcantud, director de proyectos de Segittur; y los t\u00e9cnicos de Segittur Beatriz Garc\u00eda Moreno, \u00d3scar Blanco Hortet y Delf\u00edn Jim\u00e9nez Mart\u00edn.<\/p>\n<p>Seg\u00fan una nota de prensa del Ayuntamiento de Gij\u00f3n, en la presentaci\u00f3n tambi\u00e9n participaron la concejala de Hacienda y portavoz del Gobierno municipal, Marina Pineda; y el director de Gij\u00f3n Turismo, Daniel Mart\u00ednez Junquera.<\/p>\n<p>\u00abLlega en el momento m\u00e1s oportuno\u00bb, ha destacado Pineda. \u00abEs un espaldarazo a lo hecho hasta ahora y un est\u00edmulo para el futuro\u00bb, ha indicado antes de resaltar que esta distinci\u00f3n confirma \u00abque tenemos muy clara la forma de enfocar el turismo como actividad transversal y compleja\u00bb, ha sostenido.<\/p>\n<p>El t\u00e9cnico de proyectos de Segittur Andr\u00e9s Fern\u00e1ndez ha apuntado que un Destino Tur\u00edstico Inteligente (DTI) es un destino tur\u00edstico innovador, consolidado sobre una infraestructura tecnol\u00f3gica de vanguardia, que garantiza el desarrollo sostenible del territorio tur\u00edstico y que promueve la accesibilidad para todos.<\/p>\n<p>Tambi\u00e9n facilita la interacci\u00f3n e integraci\u00f3n del visitante con el entorno e incrementa la calidad de su experiencia en el destino y mejora la calidad de vida de los residentes.<\/p>\n<p>Sobre Gij\u00f3n, el jefe de proyectos de Segittur ha ahondado en que es un destino \u00abconsolidado\u00bb, que se ha reinventando y transformado en una ciudad de gran atractivo tur\u00edstico en todos los sentidos, como pueda ser playas, ocio, compras, cultura, gastronom\u00eda, deportes y reuniones y congresos.<\/p>\n<p>Gij\u00f3n, en este caso, ha pasado el corte en todas las variables analizadas: sostenibilidad, tecnolog\u00eda, gobernanza, innovaci\u00f3n y accesibilidad.<\/p>\n<p>\u00abEsta certificaci\u00f3n nos ayudar\u00e1 a seguir poniendo en el mapa a nuestra ciudad como referente tur\u00edstico\u00bb, ha resaltado Mart\u00ednez Junquera, por su parte.<\/p>\n<p>\u00abNos servir\u00e1 para trazar unas l\u00edneas bien claras y unos objetivos. Nos servir\u00e1 para fijarnos en otros destinos y trabajar conjuntamente con ellos para mejorar nuestra oferta y servicios. Tambi\u00e9n para crear unas bases con las que hacer de este turismo un sector competitivo y m\u00e1s rentable\u00bb, ha agregado.<\/p>\n","protected":false},"excerpt":{"rendered":"<p>(EUROPA PRESS) &#8211;\u00a0La ciudad\u00a0 asturiana de Gij\u00f3n ha superado los requisitos exigidos por la metodolog\u00eda de Segittur para poder conseguir la obtenci\u00f3n del distintivo de Destino Tur\u00edstico Inteligente. As\u00ed se desprende del diagn\u00f3stico presentado hoy en LABoral Centro de Arte y Creaci\u00f3n Industrial por Andr\u00e9s Fern\u00e1ndez Alcantud, director de proyectos de Segittur; y los t\u00e9cnicos [&hellip;]<\/p>\n","protected":false},"author":1,"featured_media":1070120,"comment_status":"closed","ping_status":"closed","sticky":false,"template":"","format":"standard","meta":{"footnotes":""},"categories":[148],"tags":[],"class_list":["post-1070119","post","type-post","status-publish","format-standard","has-post-thumbnail","hentry","category-turismo"],"aioseo_notices":[],"aioseo_head":"\n\t\t<!-- All in One SEO Pro 4.9.6.2 - aioseo.com -->\n\t<meta name=\"description\" content=\"(EUROPA PRESS) - La ciudad asturiana de Gij\u00f3n ha superado los requisitos exigidos por la metodolog\u00eda de Segittur para poder conseguir la obtenci\u00f3n del distintivo de Destino Tur\u00edstico Inteligente. As\u00ed se desprende del diagn\u00f3stico presentado hoy en LABoral Centro de Arte y Creaci\u00f3n Industrial por Andr\u00e9s Fern\u00e1ndez Alcantud, director de proyectos de Segittur; y los t\u00e9cnicos\" \/>\n\t<meta name=\"robots\" content=\"max-image-preview:large\" \/>\n\t<meta name=\"author\" content=\"El Digital de Asturias\"\/>\n\t<meta name=\"google-site-verification\" content=\"UA-38556648-1\" \/>\n\t<meta name=\"msvalidate.01\" content=\"7dfe9f3f1b24437ab69f4f2559babe99\" \/>\n\t<meta name=\"keywords\" content=\"turismo\" \/>\n\t<link rel=\"canonical\" href=\"https:\/\/www.eldigitaldeasturias.com\/noticias\/distintivo-de-destino-turistico-inteligente-para-gijon\/\" \/>\n\t<meta name=\"generator\" content=\"All in One SEO Pro (AIOSEO) 4.9.6.2\" \/>\n\t\t<meta property=\"og:locale\" content=\"es_ES\" \/>\n\t\t<meta property=\"og:site_name\" content=\"El Digital de Asturias\" \/>\n\t\t<meta property=\"og:type\" content=\"article\" \/>\n\t\t<meta property=\"og:title\" content=\"Distintivo de Destino Tur\u00edstico Inteligente para Gij\u00f3n - El Digital de Asturias\" \/>\n\t\t<meta property=\"og:description\" content=\"(EUROPA PRESS) - La ciudad asturiana de Gij\u00f3n ha superado los requisitos exigidos por la metodolog\u00eda de Segittur para poder conseguir la obtenci\u00f3n del distintivo de Destino Tur\u00edstico Inteligente. As\u00ed se desprende del diagn\u00f3stico presentado hoy en LABoral Centro de Arte y Creaci\u00f3n Industrial por Andr\u00e9s Fern\u00e1ndez Alcantud, director de proyectos de Segittur; y los t\u00e9cnicos\" \/>\n\t\t<meta property=\"og:url\" content=\"https:\/\/www.eldigitaldeasturias.com\/noticias\/distintivo-de-destino-turistico-inteligente-para-gijon\/\" \/>\n\t\t<meta property=\"og:image\" content=\"https:\/\/www.eldigitaldeasturias.com\/noticias\/wp-content\/uploads\/2020\/07\/Puerto-de-Gij\u00f3n.jpg\" \/>\n\t\t<meta property=\"og:image:secure_url\" content=\"https:\/\/www.eldigitaldeasturias.com\/noticias\/wp-content\/uploads\/2020\/07\/Puerto-de-Gij\u00f3n.jpg\" \/>\n\t\t<meta property=\"og:image:width\" content=\"905\" \/>\n\t\t<meta property=\"og:image:height\" content=\"510\" \/>\n\t\t<meta property=\"article:tag\" content=\"turismo\" \/>\n\t\t<meta property=\"article:published_time\" content=\"2020-07-15T02:40:04+00:00\" \/>\n\t\t<meta property=\"article:modified_time\" content=\"2020-07-15T02:40:04+00:00\" \/>\n\t\t<meta property=\"article:publisher\" content=\"https:\/\/facebook.com\/eldigitaldeasturias\" \/>\n\t\t<meta name=\"twitter:card\" content=\"summary_large_image\" \/>\n\t\t<meta name=\"twitter:title\" content=\"Distintivo de Destino Tur\u00edstico Inteligente para Gij\u00f3n - El Digital de Asturias\" \/>\n\t\t<meta name=\"twitter:description\" content=\"(EUROPA PRESS) - La ciudad asturiana de Gij\u00f3n ha superado los requisitos exigidos por la metodolog\u00eda de Segittur para poder conseguir la obtenci\u00f3n del distintivo de Destino Tur\u00edstico Inteligente. As\u00ed se desprende del diagn\u00f3stico presentado hoy en LABoral Centro de Arte y Creaci\u00f3n Industrial por Andr\u00e9s Fern\u00e1ndez Alcantud, director de proyectos de Segittur; y los t\u00e9cnicos\" \/>\n\t\t<meta name=\"twitter:image\" content=\"https:\/\/www.eldigitaldeasturias.com\/noticias\/wp-content\/uploads\/2020\/07\/Puerto-de-Gij\u00f3n.jpg\" \/>\n\t\t<meta name=\"twitter:label1\" content=\"Escrito por\" \/>\n\t\t<meta name=\"twitter:data1\" content=\"El Digital de Asturias\" \/>\n\t\t<meta name=\"twitter:label2\" content=\"Tiempo de lectura estimado\" \/>\n\t\t<meta name=\"twitter:data2\" content=\"2 minutos\" \/>\n\t\t<script type=\"application\/ld+json\" class=\"aioseo-schema\">\n\t\t\t{\"@context\":\"https:\\\/\\\/schema.org\",\"@graph\":[{\"@type\":\"BlogPosting\",\"@id\":\"https:\\\/\\\/www.eldigitaldeasturias.com\\\/noticias\\\/distintivo-de-destino-turistico-inteligente-para-gijon\\\/#blogposting\",\"name\":\"Distintivo de Destino Tur\\u00edstico Inteligente para Gij\\u00f3n - El Digital de Asturias\",\"headline\":\"Distintivo de Destino Tur\\u00edstico Inteligente para Gij\\u00f3n\",\"author\":{\"@id\":\"https:\\\/\\\/www.eldigitaldeasturias.com\\\/noticias\\\/author\\\/admin\\\/#author\"},\"publisher\":{\"@id\":\"https:\\\/\\\/www.eldigitaldeasturias.com\\\/noticias\\\/#organization\"},\"image\":{\"@type\":\"ImageObject\",\"url\":\"https:\\\/\\\/www.eldigitaldeasturias.com\\\/noticias\\\/wp-content\\\/uploads\\\/2020\\\/07\\\/Puerto-de-Gij\\u00f3n.jpg\",\"width\":905,\"height\":510,\"caption\":\"Puerto Deportivo de Gij\\u00f3n - EUROPA PRESS\"},\"datePublished\":\"2020-07-15T02:40:04+02:00\",\"dateModified\":\"2020-07-15T02:40:04+02:00\",\"inLanguage\":\"es-ES\",\"mainEntityOfPage\":{\"@id\":\"https:\\\/\\\/www.eldigitaldeasturias.com\\\/noticias\\\/distintivo-de-destino-turistico-inteligente-para-gijon\\\/#webpage\"},\"isPartOf\":{\"@id\":\"https:\\\/\\\/www.eldigitaldeasturias.com\\\/noticias\\\/distintivo-de-destino-turistico-inteligente-para-gijon\\\/#webpage\"},\"articleSection\":\"Turismo\"},{\"@type\":\"BreadcrumbList\",\"@id\":\"https:\\\/\\\/www.eldigitaldeasturias.com\\\/noticias\\\/distintivo-de-destino-turistico-inteligente-para-gijon\\\/#breadcrumblist\",\"itemListElement\":[{\"@type\":\"ListItem\",\"@id\":\"https:\\\/\\\/www.eldigitaldeasturias.com\\\/noticias#listItem\",\"position\":1,\"name\":\"Home\",\"item\":\"https:\\\/\\\/www.eldigitaldeasturias.com\\\/noticias\",\"nextItem\":{\"@type\":\"ListItem\",\"@id\":\"https:\\\/\\\/www.eldigitaldeasturias.com\\\/noticias\\\/category\\\/turismo\\\/#listItem\",\"name\":\"Turismo\"}},{\"@type\":\"ListItem\",\"@id\":\"https:\\\/\\\/www.eldigitaldeasturias.com\\\/noticias\\\/category\\\/turismo\\\/#listItem\",\"position\":2,\"name\":\"Turismo\",\"item\":\"https:\\\/\\\/www.eldigitaldeasturias.com\\\/noticias\\\/category\\\/turismo\\\/\",\"nextItem\":{\"@type\":\"ListItem\",\"@id\":\"https:\\\/\\\/www.eldigitaldeasturias.com\\\/noticias\\\/distintivo-de-destino-turistico-inteligente-para-gijon\\\/#listItem\",\"name\":\"Distintivo de Destino Tur\\u00edstico Inteligente para Gij\\u00f3n\"},\"previousItem\":{\"@type\":\"ListItem\",\"@id\":\"https:\\\/\\\/www.eldigitaldeasturias.com\\\/noticias#listItem\",\"name\":\"Home\"}},{\"@type\":\"ListItem\",\"@id\":\"https:\\\/\\\/www.eldigitaldeasturias.com\\\/noticias\\\/distintivo-de-destino-turistico-inteligente-para-gijon\\\/#listItem\",\"position\":3,\"name\":\"Distintivo de Destino Tur\\u00edstico Inteligente para Gij\\u00f3n\",\"previousItem\":{\"@type\":\"ListItem\",\"@id\":\"https:\\\/\\\/www.eldigitaldeasturias.com\\\/noticias\\\/category\\\/turismo\\\/#listItem\",\"name\":\"Turismo\"}}]},{\"@type\":\"Organization\",\"@id\":\"https:\\\/\\\/www.eldigitaldeasturias.com\\\/noticias\\\/#organization\",\"name\":\"El Digital de Asturias\",\"description\":\"Hemeroteca\",\"url\":\"https:\\\/\\\/www.eldigitaldeasturias.com\\\/noticias\\\/\",\"email\":\"info@eldigitaldeasturias.com\",\"telephone\":\"+34652131393\",\"logo\":{\"@type\":\"ImageObject\",\"url\":\"https:\\\/\\\/www.eldigitaldeasturias.com\\\/noticias\\\/wp-content\\\/uploads\\\/2020\\\/12\\\/EDA.jpg\",\"@id\":\"https:\\\/\\\/www.eldigitaldeasturias.com\\\/noticias\\\/distintivo-de-destino-turistico-inteligente-para-gijon\\\/#organizationLogo\",\"width\":649,\"height\":297},\"image\":{\"@id\":\"https:\\\/\\\/www.eldigitaldeasturias.com\\\/noticias\\\/distintivo-de-destino-turistico-inteligente-para-gijon\\\/#organizationLogo\"},\"sameAs\":[\"https:\\\/\\\/facebook.com\\\/eldigitaldeasturias\",\"https:\\\/\\\/www.youtube.com\\\/channel\\\/UCZP-2wLEB9Rv6erhFmqVnvg\"],\"address\":{\"@id\":\"https:\\\/\\\/www.eldigitaldeasturias.com\\\/noticias\\\/#postaladdress\",\"@type\":\"PostalAddress\",\"streetAddress\":\"san antonio 4,\",\"postalCode\":\"33430\",\"addressLocality\":\"Cand\\u00e1s\",\"addressRegion\":\"Asturias\",\"addressCountry\":\"ES\"}},{\"@type\":\"Person\",\"@id\":\"https:\\\/\\\/www.eldigitaldeasturias.com\\\/noticias\\\/author\\\/admin\\\/#author\",\"url\":\"https:\\\/\\\/www.eldigitaldeasturias.com\\\/noticias\\\/author\\\/admin\\\/\",\"name\":\"El Digital de Asturias\",\"image\":{\"@type\":\"ImageObject\",\"@id\":\"https:\\\/\\\/www.eldigitaldeasturias.com\\\/noticias\\\/distintivo-de-destino-turistico-inteligente-para-gijon\\\/#authorImage\",\"url\":\"https:\\\/\\\/www.eldigitaldeasturias.com\\\/noticias\\\/wp-content\\\/litespeed\\\/avatar\\\/18677e78aa0546b92d9dbf31ec7d7668.jpg?ver=1776685526\",\"width\":96,\"height\":96,\"caption\":\"El Digital de Asturias\"}},{\"@type\":\"WebPage\",\"@id\":\"https:\\\/\\\/www.eldigitaldeasturias.com\\\/noticias\\\/distintivo-de-destino-turistico-inteligente-para-gijon\\\/#webpage\",\"url\":\"https:\\\/\\\/www.eldigitaldeasturias.com\\\/noticias\\\/distintivo-de-destino-turistico-inteligente-para-gijon\\\/\",\"name\":\"Distintivo de Destino Tur\\u00edstico Inteligente para Gij\\u00f3n - El Digital de Asturias\",\"description\":\"(EUROPA PRESS) - La ciudad asturiana de Gij\\u00f3n ha superado los requisitos exigidos por la metodolog\\u00eda de Segittur para poder conseguir la obtenci\\u00f3n del distintivo de Destino Tur\\u00edstico Inteligente. As\\u00ed se desprende del diagn\\u00f3stico presentado hoy en LABoral Centro de Arte y Creaci\\u00f3n Industrial por Andr\\u00e9s Fern\\u00e1ndez Alcantud, director de proyectos de Segittur; y los t\\u00e9cnicos\",\"inLanguage\":\"es-ES\",\"isPartOf\":{\"@id\":\"https:\\\/\\\/www.eldigitaldeasturias.com\\\/noticias\\\/#website\"},\"breadcrumb\":{\"@id\":\"https:\\\/\\\/www.eldigitaldeasturias.com\\\/noticias\\\/distintivo-de-destino-turistico-inteligente-para-gijon\\\/#breadcrumblist\"},\"author\":{\"@id\":\"https:\\\/\\\/www.eldigitaldeasturias.com\\\/noticias\\\/author\\\/admin\\\/#author\"},\"creator\":{\"@id\":\"https:\\\/\\\/www.eldigitaldeasturias.com\\\/noticias\\\/author\\\/admin\\\/#author\"},\"image\":{\"@type\":\"ImageObject\",\"url\":\"https:\\\/\\\/www.eldigitaldeasturias.com\\\/noticias\\\/wp-content\\\/uploads\\\/2020\\\/07\\\/Puerto-de-Gij\\u00f3n.jpg\",\"@id\":\"https:\\\/\\\/www.eldigitaldeasturias.com\\\/noticias\\\/distintivo-de-destino-turistico-inteligente-para-gijon\\\/#mainImage\",\"width\":905,\"height\":510,\"caption\":\"Puerto Deportivo de Gij\\u00f3n - EUROPA PRESS\"},\"primaryImageOfPage\":{\"@id\":\"https:\\\/\\\/www.eldigitaldeasturias.com\\\/noticias\\\/distintivo-de-destino-turistico-inteligente-para-gijon\\\/#mainImage\"},\"datePublished\":\"2020-07-15T02:40:04+02:00\",\"dateModified\":\"2020-07-15T02:40:04+02:00\"},{\"@type\":\"WebSite\",\"@id\":\"https:\\\/\\\/www.eldigitaldeasturias.com\\\/noticias\\\/#website\",\"url\":\"https:\\\/\\\/www.eldigitaldeasturias.com\\\/noticias\\\/\",\"name\":\"El Digital de Asturias - Diario de actualidad y noticias\",\"alternateName\":\"El Digital de Asturias - Diario de actualidad y noticias\",\"description\":\"Hemeroteca\",\"inLanguage\":\"es-ES\",\"publisher\":{\"@id\":\"https:\\\/\\\/www.eldigitaldeasturias.com\\\/noticias\\\/#organization\"}}]}\n\t\t<\/script>\n\t\t<!-- All in One SEO Pro -->\r\n\t\t<title>Distintivo de Destino Tur\u00edstico Inteligente para Gij\u00f3n - El Digital de Asturias<\/title>\n\n","aioseo_head_json":{"title":"Distintivo de Destino Tur\u00edstico Inteligente para Gij\u00f3n - El Digital de Asturias","description":"(EUROPA PRESS) - La ciudad asturiana de Gij\u00f3n ha superado los requisitos exigidos por la metodolog\u00eda de Segittur para poder conseguir la obtenci\u00f3n del distintivo de Destino Tur\u00edstico Inteligente. As\u00ed se desprende del diagn\u00f3stico presentado hoy en LABoral Centro de Arte y Creaci\u00f3n Industrial por Andr\u00e9s Fern\u00e1ndez Alcantud, director de proyectos de Segittur; y los t\u00e9cnicos","canonical_url":"https:\/\/www.eldigitaldeasturias.com\/noticias\/distintivo-de-destino-turistico-inteligente-para-gijon\/","robots":"max-image-preview:large","keywords":"turismo","webmasterTools":{"google-site-verification":"UA-38556648-1","msvalidate.01":"7dfe9f3f1b24437ab69f4f2559babe99","miscellaneous":""},"schema":{"@context":"https:\/\/schema.org","@graph":[{"@type":"BlogPosting","@id":"https:\/\/www.eldigitaldeasturias.com\/noticias\/distintivo-de-destino-turistico-inteligente-para-gijon\/#blogposting","name":"Distintivo de Destino Tur\u00edstico Inteligente para Gij\u00f3n - El Digital de Asturias","headline":"Distintivo de Destino Tur\u00edstico Inteligente para Gij\u00f3n","author":{"@id":"https:\/\/www.eldigitaldeasturias.com\/noticias\/author\/admin\/#author"},"publisher":{"@id":"https:\/\/www.eldigitaldeasturias.com\/noticias\/#organization"},"image":{"@type":"ImageObject","url":"https:\/\/www.eldigitaldeasturias.com\/noticias\/wp-content\/uploads\/2020\/07\/Puerto-de-Gij\u00f3n.jpg","width":905,"height":510,"caption":"Puerto Deportivo de Gij\u00f3n - EUROPA PRESS"},"datePublished":"2020-07-15T02:40:04+02:00","dateModified":"2020-07-15T02:40:04+02:00","inLanguage":"es-ES","mainEntityOfPage":{"@id":"https:\/\/www.eldigitaldeasturias.com\/noticias\/distintivo-de-destino-turistico-inteligente-para-gijon\/#webpage"},"isPartOf":{"@id":"https:\/\/www.eldigitaldeasturias.com\/noticias\/distintivo-de-destino-turistico-inteligente-para-gijon\/#webpage"},"articleSection":"Turismo"},{"@type":"BreadcrumbList","@id":"https:\/\/www.eldigitaldeasturias.com\/noticias\/distintivo-de-destino-turistico-inteligente-para-gijon\/#breadcrumblist","itemListElement":[{"@type":"ListItem","@id":"https:\/\/www.eldigitaldeasturias.com\/noticias#listItem","position":1,"name":"Home","item":"https:\/\/www.eldigitaldeasturias.com\/noticias","nextItem":{"@type":"ListItem","@id":"https:\/\/www.eldigitaldeasturias.com\/noticias\/category\/turismo\/#listItem","name":"Turismo"}},{"@type":"ListItem","@id":"https:\/\/www.eldigitaldeasturias.com\/noticias\/category\/turismo\/#listItem","position":2,"name":"Turismo","item":"https:\/\/www.eldigitaldeasturias.com\/noticias\/category\/turismo\/","nextItem":{"@type":"ListItem","@id":"https:\/\/www.eldigitaldeasturias.com\/noticias\/distintivo-de-destino-turistico-inteligente-para-gijon\/#listItem","name":"Distintivo de Destino Tur\u00edstico Inteligente para Gij\u00f3n"},"previousItem":{"@type":"ListItem","@id":"https:\/\/www.eldigitaldeasturias.com\/noticias#listItem","name":"Home"}},{"@type":"ListItem","@id":"https:\/\/www.eldigitaldeasturias.com\/noticias\/distintivo-de-destino-turistico-inteligente-para-gijon\/#listItem","position":3,"name":"Distintivo de Destino Tur\u00edstico Inteligente para Gij\u00f3n","previousItem":{"@type":"ListItem","@id":"https:\/\/www.eldigitaldeasturias.com\/noticias\/category\/turismo\/#listItem","name":"Turismo"}}]},{"@type":"Organization","@id":"https:\/\/www.eldigitaldeasturias.com\/noticias\/#organization","name":"El Digital de Asturias","description":"Hemeroteca","url":"https:\/\/www.eldigitaldeasturias.com\/noticias\/","email":"info@eldigitaldeasturias.com","telephone":"+34652131393","logo":{"@type":"ImageObject","url":"https:\/\/www.eldigitaldeasturias.com\/noticias\/wp-content\/uploads\/2020\/12\/EDA.jpg","@id":"https:\/\/www.eldigitaldeasturias.com\/noticias\/distintivo-de-destino-turistico-inteligente-para-gijon\/#organizationLogo","width":649,"height":297},"image":{"@id":"https:\/\/www.eldigitaldeasturias.com\/noticias\/distintivo-de-destino-turistico-inteligente-para-gijon\/#organizationLogo"},"sameAs":["https:\/\/facebook.com\/eldigitaldeasturias","https:\/\/www.youtube.com\/channel\/UCZP-2wLEB9Rv6erhFmqVnvg"],"address":{"@id":"https:\/\/www.eldigitaldeasturias.com\/noticias\/#postaladdress","@type":"PostalAddress","streetAddress":"san antonio 4,","postalCode":"33430","addressLocality":"Cand\u00e1s","addressRegion":"Asturias","addressCountry":"ES"}},{"@type":"Person","@id":"https:\/\/www.eldigitaldeasturias.com\/noticias\/author\/admin\/#author","url":"https:\/\/www.eldigitaldeasturias.com\/noticias\/author\/admin\/","name":"El Digital de Asturias","image":{"@type":"ImageObject","@id":"https:\/\/www.eldigitaldeasturias.com\/noticias\/distintivo-de-destino-turistico-inteligente-para-gijon\/#authorImage","url":"https:\/\/www.eldigitaldeasturias.com\/noticias\/wp-content\/litespeed\/avatar\/18677e78aa0546b92d9dbf31ec7d7668.jpg?ver=1776685526","width":96,"height":96,"caption":"El Digital de Asturias"}},{"@type":"WebPage","@id":"https:\/\/www.eldigitaldeasturias.com\/noticias\/distintivo-de-destino-turistico-inteligente-para-gijon\/#webpage","url":"https:\/\/www.eldigitaldeasturias.com\/noticias\/distintivo-de-destino-turistico-inteligente-para-gijon\/","name":"Distintivo de Destino Tur\u00edstico Inteligente para Gij\u00f3n - El Digital de Asturias","description":"(EUROPA PRESS) - La ciudad asturiana de Gij\u00f3n ha superado los requisitos exigidos por la metodolog\u00eda de Segittur para poder conseguir la obtenci\u00f3n del distintivo de Destino Tur\u00edstico Inteligente. As\u00ed se desprende del diagn\u00f3stico presentado hoy en LABoral Centro de Arte y Creaci\u00f3n Industrial por Andr\u00e9s Fern\u00e1ndez Alcantud, director de proyectos de Segittur; y los t\u00e9cnicos","inLanguage":"es-ES","isPartOf":{"@id":"https:\/\/www.eldigitaldeasturias.com\/noticias\/#website"},"breadcrumb":{"@id":"https:\/\/www.eldigitaldeasturias.com\/noticias\/distintivo-de-destino-turistico-inteligente-para-gijon\/#breadcrumblist"},"author":{"@id":"https:\/\/www.eldigitaldeasturias.com\/noticias\/author\/admin\/#author"},"creator":{"@id":"https:\/\/www.eldigitaldeasturias.com\/noticias\/author\/admin\/#author"},"image":{"@type":"ImageObject","url":"https:\/\/www.eldigitaldeasturias.com\/noticias\/wp-content\/uploads\/2020\/07\/Puerto-de-Gij\u00f3n.jpg","@id":"https:\/\/www.eldigitaldeasturias.com\/noticias\/distintivo-de-destino-turistico-inteligente-para-gijon\/#mainImage","width":905,"height":510,"caption":"Puerto Deportivo de Gij\u00f3n - EUROPA PRESS"},"primaryImageOfPage":{"@id":"https:\/\/www.eldigitaldeasturias.com\/noticias\/distintivo-de-destino-turistico-inteligente-para-gijon\/#mainImage"},"datePublished":"2020-07-15T02:40:04+02:00","dateModified":"2020-07-15T02:40:04+02:00"},{"@type":"WebSite","@id":"https:\/\/www.eldigitaldeasturias.com\/noticias\/#website","url":"https:\/\/www.eldigitaldeasturias.com\/noticias\/","name":"El Digital de Asturias - Diario de actualidad y noticias","alternateName":"El Digital de Asturias - Diario de actualidad y noticias","description":"Hemeroteca","inLanguage":"es-ES","publisher":{"@id":"https:\/\/www.eldigitaldeasturias.com\/noticias\/#organization"}}]},"og:locale":"es_ES","og:site_name":"El Digital de Asturias","og:type":"article","og:title":"Distintivo de Destino Tur\u00edstico Inteligente para Gij\u00f3n - El Digital de Asturias","og:description":"(EUROPA PRESS) - La ciudad asturiana de Gij\u00f3n ha superado los requisitos exigidos por la metodolog\u00eda de Segittur para poder conseguir la obtenci\u00f3n del distintivo de Destino Tur\u00edstico Inteligente. As\u00ed se desprende del diagn\u00f3stico presentado hoy en LABoral Centro de Arte y Creaci\u00f3n Industrial por Andr\u00e9s Fern\u00e1ndez Alcantud, director de proyectos de Segittur; y los t\u00e9cnicos","og:url":"https:\/\/www.eldigitaldeasturias.com\/noticias\/distintivo-de-destino-turistico-inteligente-para-gijon\/","og:image":"https:\/\/www.eldigitaldeasturias.com\/noticias\/wp-content\/uploads\/2020\/07\/Puerto-de-Gij\u00f3n.jpg","og:image:secure_url":"https:\/\/www.eldigitaldeasturias.com\/noticias\/wp-content\/uploads\/2020\/07\/Puerto-de-Gij\u00f3n.jpg","og:image:width":905,"og:image:height":510,"article:tag":["turismo"],"article:published_time":"2020-07-15T02:40:04+00:00","article:modified_time":"2020-07-15T02:40:04+00:00","article:publisher":"https:\/\/facebook.com\/eldigitaldeasturias","twitter:card":"summary_large_image","twitter:title":"Distintivo de Destino Tur\u00edstico Inteligente para Gij\u00f3n - El Digital de Asturias","twitter:description":"(EUROPA PRESS) - La ciudad asturiana de Gij\u00f3n ha superado los requisitos exigidos por la metodolog\u00eda de Segittur para poder conseguir la obtenci\u00f3n del distintivo de Destino Tur\u00edstico Inteligente. As\u00ed se desprende del diagn\u00f3stico presentado hoy en LABoral Centro de Arte y Creaci\u00f3n Industrial por Andr\u00e9s Fern\u00e1ndez Alcantud, director de proyectos de Segittur; y los t\u00e9cnicos","twitter:image":"https:\/\/www.eldigitaldeasturias.com\/noticias\/wp-content\/uploads\/2020\/07\/Puerto-de-Gij\u00f3n.jpg","twitter:label1":"Escrito por","twitter:data1":"El Digital de Asturias","twitter:label2":"Tiempo de lectura estimado","twitter:data2":"2 minutos"},"aioseo_meta_data":{"post_id":"1070119","title":null,"description":"","keywords":"","keyphrases":null,"primary_term":null,"canonical_url":"","og_title":null,"og_description":null,"og_object_type":"default","og_image_type":"default","og_image_url":null,"og_image_width":null,"og_image_height":null,"og_image_custom_url":null,"og_image_custom_fields":null,"og_video":null,"og_custom_url":null,"og_article_section":null,"og_article_tags":null,"twitter_use_og":false,"twitter_card":"default","twitter_image_type":"default","twitter_image_url":null,"twitter_image_custom_url":null,"twitter_image_custom_fields":null,"twitter_title":null,"twitter_description":null,"schema":{"blockGraphs":[],"customGraphs":[],"default":{"data":{"Article":[],"Course":[],"Dataset":[],"FAQPage":[],"Movie":[],"Person":[],"Product":[],"ProductReview":[],"Car":[],"Recipe":[],"Service":[],"SoftwareApplication":[],"WebPage":[]},"graphName":"","isEnabled":true},"graphs":[],"defaultGraph":"","defaultPostTypeGraph":""},"schema_type":null,"schema_type_options":null,"pillar_content":false,"robots_default":true,"robots_noindex":false,"robots_noarchive":false,"robots_nosnippet":false,"robots_nofollow":false,"robots_noimageindex":false,"robots_noodp":false,"robots_notranslate":false,"robots_max_snippet":null,"robots_max_videopreview":null,"robots_max_imagepreview":"large","priority":null,"frequency":"default","local_seo":null,"seo_analyzer_scan_date":"2025-09-12 23:20:51","breadcrumb_settings":null,"limit_modified_date":false,"open_ai":null,"ai":null,"created":"2020-12-21 10:45:58","updated":"2025-09-12 23:20:51"},"aioseo_breadcrumb":"<div class=\"aioseo-breadcrumbs\"><span class=\"aioseo-breadcrumb\">\n\t<a href=\"https:\/\/www.eldigitaldeasturias.com\/noticias\" title=\"Home\">Home<\/a>\n<\/span><span class=\"aioseo-breadcrumb-separator\">\u2013<\/span><span class=\"aioseo-breadcrumb\">\n\t<a href=\"https:\/\/www.eldigitaldeasturias.com\/noticias\/category\/turismo\/\" title=\"Turismo\">Turismo<\/a>\n<\/span><span class=\"aioseo-breadcrumb-separator\">\u2013<\/span><span class=\"aioseo-breadcrumb\">\n\t<a href=\"https:\/\/www.eldigitaldeasturias.com\/noticias\/distintivo-de-destino-turistico-inteligente-para-gijon\/\" title=\"Distintivo de Destino Tur\u00edstico Inteligente para Gij\u00f3n\">Distintivo de Destino Tur\u00edstico Inteligente para Gij\u00f3n<\/a>\n<\/span><\/div>","aioseo_breadcrumb_json":[{"label":"Home","link":"https:\/\/www.eldigitaldeasturias.com\/noticias"},{"label":"Turismo","link":"https:\/\/www.eldigitaldeasturias.com\/noticias\/category\/turismo\/"},{"label":"Distintivo de Destino Tur\u00edstico Inteligente para Gij\u00f3n","link":"https:\/\/www.eldigitaldeasturias.com\/noticias\/distintivo-de-destino-turistico-inteligente-para-gijon\/"}],"_links":{"self":[{"href":"https:\/\/www.eldigitaldeasturias.com\/noticias\/wp-json\/wp\/v2\/posts\/1070119","targetHints":{"allow":["GET"]}}],"collection":[{"href":"https:\/\/www.eldigitaldeasturias.com\/noticias\/wp-json\/wp\/v2\/posts"}],"about":[{"href":"https:\/\/www.eldigitaldeasturias.com\/noticias\/wp-json\/wp\/v2\/types\/post"}],"author":[{"embeddable":true,"href":"https:\/\/www.eldigitaldeasturias.com\/noticias\/wp-json\/wp\/v2\/users\/1"}],"replies":[{"embeddable":true,"href":"https:\/\/www.eldigitaldeasturias.com\/noticias\/wp-json\/wp\/v2\/comments?post=1070119"}],"version-history":[{"count":0,"href":"https:\/\/www.eldigitaldeasturias.com\/noticias\/wp-json\/wp\/v2\/posts\/1070119\/revisions"}],"wp:featuredmedia":[{"embeddable":true,"href":"https:\/\/www.eldigitaldeasturias.com\/noticias\/wp-json\/wp\/v2\/media\/1070120"}],"wp:attachment":[{"href":"https:\/\/www.eldigitaldeasturias.com\/noticias\/wp-json\/wp\/v2\/media?parent=1070119"}],"wp:term":[{"taxonomy":"category","embeddable":true,"href":"https:\/\/www.eldigitaldeasturias.com\/noticias\/wp-json\/wp\/v2\/categories?post=1070119"},{"taxonomy":"post_tag","embeddable":true,"href":"https:\/\/www.eldigitaldeasturias.com\/noticias\/wp-json\/wp\/v2\/tags?post=1070119"}],"curies":[{"name":"wp","href":"https:\/\/api.w.org\/{rel}","templated":true}]}}