{"id":1069993,"date":"2020-07-14T12:27:57","date_gmt":"2020-07-14T12:27:57","guid":{"rendered":"https:\/\/www.eldigitaldeasturias.com\/noticias\/?p=1069993"},"modified":"2020-07-14T12:27:57","modified_gmt":"2020-07-14T12:27:57","slug":"coronavirus-confirmados-cinco-casos-en-asturias","status":"publish","type":"post","link":"https:\/\/www.eldigitaldeasturias.com\/noticias\/coronavirus-confirmados-cinco-casos-en-asturias\/","title":{"rendered":"Coronavirus: Confirmados cinco casos en Asturias"},"content":{"rendered":"<p><img loading=\"lazy\" decoding=\"async\" class=\"alignleft size-medium wp-image-1067868\" src=\"https:\/\/www.eldigitaldeasturias.com\/noticias\/wp-content\/uploads\/2020\/06\/connection-4884862_640-360x245.jpg\" alt=\"\" width=\"360\" height=\"245\" srcset=\"https:\/\/www.eldigitaldeasturias.com\/noticias\/wp-content\/uploads\/2020\/06\/connection-4884862_640-360x245.jpg 360w, https:\/\/www.eldigitaldeasturias.com\/noticias\/wp-content\/uploads\/2020\/06\/connection-4884862_640-440x300.jpg 440w, https:\/\/www.eldigitaldeasturias.com\/noticias\/wp-content\/uploads\/2020\/06\/connection-4884862_640-617x420.jpg 617w, https:\/\/www.eldigitaldeasturias.com\/noticias\/wp-content\/uploads\/2020\/06\/connection-4884862_640.jpg 640w\" sizes=\"auto, (max-width: 360px) 100vw, 360px\" \/>(EUROPA PRESS &#8211;\u00a0La Consejer\u00eda de Salud ha confirmado este martes que se han detectado cinco nuevos casos de coronavirus en Asturias. Tres de ellos pertenecen al \u00e1rea sanitaria de Jarrio y dos a la de Gij\u00f3n.<\/p>\n<p>Seg\u00fan han confirmado a Europa Press desde la Consejer\u00eda, dos de los tres casos detectados en Jarrio son contactos estrechos de la mujer de 52 a\u00f1os que volvi\u00f3 de Rep\u00fablica Dominicana y dio positivo el pasado 10 de julio. Del tercer caso positivo detectado este martes en Jarrio se est\u00e1n investigando los contactos. Los tres casos presentan s\u00edntomas leves y est\u00e1n aislados en sus domicilios.<\/p>\n<p>En la misma zona de Jarrio se hab\u00eda detectado el pasado d\u00eda 2 de julio el positivo de una paciente asturiana que finalmente se comput\u00f3 a Galicia, dentro del brote de A Mari\u00f1a Lucense, por ser all\u00ed donde trabaja y reside.<\/p>\n<p>En cuanto a los dos positivos registrados en Gij\u00f3n, Salud informa de que se trata de una pareja joven que tiene sintomatolog\u00eda leve y se encuentran en aislamiento domiciliario. La mujer regres\u00f3 \u00abrecientemente\u00bb de Chile.<\/p>\n<p>Hasta este martes Asturias era la \u00fanica comunidad aut\u00f3noma que permanec\u00eda libre de rebrotes, con solo tres casos detectados en las \u00faltimas semanas. Con los cinco nuevos casos, el Principado acumula un total de 2.442 casos desde que comenz\u00f3 la pandemia.<\/p>\n<p>A estos casos se a\u00f1ade el de una de las ni\u00f1as que participaban en el campamento de Soria en el que se detect\u00f3 un brote. La menor, que ya se encuentra en su domicilio en Asturias, est\u00e1 aislada y presenta s\u00edntomas leves.<\/p>\n<p>El consejero de Salud, Pablo Fern\u00e1ndez Mu\u00f1\u00edz, anunci\u00f3 en el pleno de este martes que hay \u00abnuevos casos que se est\u00e1n investigando y que pod\u00edan llevar a declarar un brote en la regi\u00f3n\u00bb. \u00abTrabajamos con todos los escenarios posibles y todos los planes de contingencia en nuestros hospitales est\u00e1n preparados por si la evoluci\u00f3n no es la deseada\u00bb, ha indicado el consejer,o que ha asegurado que al Gobierno asturiano no le temblar\u00e1 el pulso a la hora de tomar decisiones.<\/p>\n","protected":false},"excerpt":{"rendered":"<p>(EUROPA PRESS &#8211;\u00a0La Consejer\u00eda de Salud ha confirmado este martes que se han detectado cinco nuevos casos de coronavirus en Asturias. Tres de ellos pertenecen al \u00e1rea sanitaria de Jarrio y dos a la de Gij\u00f3n. Seg\u00fan han confirmado a Europa Press desde la Consejer\u00eda, dos de los tres casos detectados en Jarrio son contactos [&hellip;]<\/p>\n","protected":false},"author":1,"featured_media":1069994,"comment_status":"closed","ping_status":"closed","sticky":false,"template":"","format":"standard","meta":{"footnotes":""},"categories":[12,141],"tags":[],"class_list":["post-1069993","post","type-post","status-publish","format-standard","has-post-thumbnail","hentry","category-actualidad-asturias","category-destacadas"],"aioseo_notices":[],"aioseo_head":"\n\t\t<!-- All in One SEO Pro 4.9.6.2 - aioseo.com -->\n\t<meta name=\"description\" content=\"(EUROPA PRESS - La Consejer\u00eda de Salud ha confirmado este martes que se han detectado cinco nuevos casos de coronavirus en Asturias. Tres de ellos pertenecen al \u00e1rea sanitaria de Jarrio y dos a la de Gij\u00f3n. Seg\u00fan han confirmado a Europa Press desde la Consejer\u00eda, dos de los tres casos detectados en Jarrio son contactos\" \/>\n\t<meta name=\"robots\" content=\"max-image-preview:large\" \/>\n\t<meta name=\"author\" content=\"El Digital de Asturias\"\/>\n\t<meta name=\"google-site-verification\" content=\"UA-38556648-1\" \/>\n\t<meta name=\"msvalidate.01\" content=\"7dfe9f3f1b24437ab69f4f2559babe99\" \/>\n\t<meta name=\"keywords\" content=\"actualidad asturias,destacadas\" \/>\n\t<link rel=\"canonical\" href=\"https:\/\/www.eldigitaldeasturias.com\/noticias\/coronavirus-confirmados-cinco-casos-en-asturias\/\" \/>\n\t<meta name=\"generator\" content=\"All in One SEO Pro (AIOSEO) 4.9.6.2\" \/>\n\t\t<meta property=\"og:locale\" content=\"es_ES\" \/>\n\t\t<meta property=\"og:site_name\" content=\"El Digital de Asturias\" \/>\n\t\t<meta property=\"og:type\" content=\"article\" \/>\n\t\t<meta property=\"og:title\" content=\"Coronavirus: Confirmados cinco casos en Asturias - El Digital de Asturias\" \/>\n\t\t<meta property=\"og:description\" content=\"(EUROPA PRESS - La Consejer\u00eda de Salud ha confirmado este martes que se han detectado cinco nuevos casos de coronavirus en Asturias. Tres de ellos pertenecen al \u00e1rea sanitaria de Jarrio y dos a la de Gij\u00f3n. Seg\u00fan han confirmado a Europa Press desde la Consejer\u00eda, dos de los tres casos detectados en Jarrio son contactos\" \/>\n\t\t<meta property=\"og:url\" content=\"https:\/\/www.eldigitaldeasturias.com\/noticias\/coronavirus-confirmados-cinco-casos-en-asturias\/\" \/>\n\t\t<meta property=\"og:image\" content=\"https:\/\/www.eldigitaldeasturias.com\/noticias\/wp-content\/uploads\/2020\/07\/covid-19-5070658_1280.jpg\" \/>\n\t\t<meta property=\"og:image:secure_url\" content=\"https:\/\/www.eldigitaldeasturias.com\/noticias\/wp-content\/uploads\/2020\/07\/covid-19-5070658_1280.jpg\" \/>\n\t\t<meta property=\"og:image:width\" content=\"1280\" \/>\n\t\t<meta property=\"og:image:height\" content=\"854\" \/>\n\t\t<meta property=\"article:tag\" content=\"actualidad asturias\" \/>\n\t\t<meta property=\"article:tag\" content=\"destacadas\" \/>\n\t\t<meta property=\"article:published_time\" content=\"2020-07-14T12:27:57+00:00\" \/>\n\t\t<meta property=\"article:modified_time\" content=\"2020-07-14T12:27:57+00:00\" \/>\n\t\t<meta property=\"article:publisher\" content=\"https:\/\/facebook.com\/eldigitaldeasturias\" \/>\n\t\t<meta name=\"twitter:card\" content=\"summary_large_image\" \/>\n\t\t<meta name=\"twitter:title\" content=\"Coronavirus: Confirmados cinco casos en Asturias - El Digital de Asturias\" \/>\n\t\t<meta name=\"twitter:description\" content=\"(EUROPA PRESS - La Consejer\u00eda de Salud ha confirmado este martes que se han detectado cinco nuevos casos de coronavirus en Asturias. Tres de ellos pertenecen al \u00e1rea sanitaria de Jarrio y dos a la de Gij\u00f3n. Seg\u00fan han confirmado a Europa Press desde la Consejer\u00eda, dos de los tres casos detectados en Jarrio son contactos\" \/>\n\t\t<meta name=\"twitter:image\" content=\"https:\/\/www.eldigitaldeasturias.com\/noticias\/wp-content\/uploads\/2020\/07\/covid-19-5070658_1280.jpg\" \/>\n\t\t<meta name=\"twitter:label1\" content=\"Escrito por\" \/>\n\t\t<meta name=\"twitter:data1\" content=\"El Digital de Asturias\" \/>\n\t\t<meta name=\"twitter:label2\" content=\"Tiempo de lectura estimado\" \/>\n\t\t<meta name=\"twitter:data2\" content=\"2 minutos\" \/>\n\t\t<script type=\"application\/ld+json\" class=\"aioseo-schema\">\n\t\t\t{\"@context\":\"https:\\\/\\\/schema.org\",\"@graph\":[{\"@type\":\"BlogPosting\",\"@id\":\"https:\\\/\\\/www.eldigitaldeasturias.com\\\/noticias\\\/coronavirus-confirmados-cinco-casos-en-asturias\\\/#blogposting\",\"name\":\"Coronavirus: Confirmados cinco casos en Asturias - El Digital de Asturias\",\"headline\":\"Coronavirus: Confirmados cinco casos en Asturias\",\"author\":{\"@id\":\"https:\\\/\\\/www.eldigitaldeasturias.com\\\/noticias\\\/author\\\/admin\\\/#author\"},\"publisher\":{\"@id\":\"https:\\\/\\\/www.eldigitaldeasturias.com\\\/noticias\\\/#organization\"},\"image\":{\"@type\":\"ImageObject\",\"url\":\"https:\\\/\\\/www.eldigitaldeasturias.com\\\/noticias\\\/wp-content\\\/uploads\\\/2020\\\/07\\\/covid-19-5070658_1280.jpg\",\"width\":1280,\"height\":854,\"caption\":\"covid-19\"},\"datePublished\":\"2020-07-14T12:27:57+02:00\",\"dateModified\":\"2020-07-14T12:27:57+02:00\",\"inLanguage\":\"es-ES\",\"mainEntityOfPage\":{\"@id\":\"https:\\\/\\\/www.eldigitaldeasturias.com\\\/noticias\\\/coronavirus-confirmados-cinco-casos-en-asturias\\\/#webpage\"},\"isPartOf\":{\"@id\":\"https:\\\/\\\/www.eldigitaldeasturias.com\\\/noticias\\\/coronavirus-confirmados-cinco-casos-en-asturias\\\/#webpage\"},\"articleSection\":\"Actualidad Asturias, Destacadas\"},{\"@type\":\"BreadcrumbList\",\"@id\":\"https:\\\/\\\/www.eldigitaldeasturias.com\\\/noticias\\\/coronavirus-confirmados-cinco-casos-en-asturias\\\/#breadcrumblist\",\"itemListElement\":[{\"@type\":\"ListItem\",\"@id\":\"https:\\\/\\\/www.eldigitaldeasturias.com\\\/noticias#listItem\",\"position\":1,\"name\":\"Home\",\"item\":\"https:\\\/\\\/www.eldigitaldeasturias.com\\\/noticias\",\"nextItem\":{\"@type\":\"ListItem\",\"@id\":\"https:\\\/\\\/www.eldigitaldeasturias.com\\\/noticias\\\/category\\\/actualidad-asturias\\\/#listItem\",\"name\":\"Actualidad Asturias\"}},{\"@type\":\"ListItem\",\"@id\":\"https:\\\/\\\/www.eldigitaldeasturias.com\\\/noticias\\\/category\\\/actualidad-asturias\\\/#listItem\",\"position\":2,\"name\":\"Actualidad Asturias\",\"item\":\"https:\\\/\\\/www.eldigitaldeasturias.com\\\/noticias\\\/category\\\/actualidad-asturias\\\/\",\"nextItem\":{\"@type\":\"ListItem\",\"@id\":\"https:\\\/\\\/www.eldigitaldeasturias.com\\\/noticias\\\/coronavirus-confirmados-cinco-casos-en-asturias\\\/#listItem\",\"name\":\"Coronavirus: Confirmados cinco casos en Asturias\"},\"previousItem\":{\"@type\":\"ListItem\",\"@id\":\"https:\\\/\\\/www.eldigitaldeasturias.com\\\/noticias#listItem\",\"name\":\"Home\"}},{\"@type\":\"ListItem\",\"@id\":\"https:\\\/\\\/www.eldigitaldeasturias.com\\\/noticias\\\/coronavirus-confirmados-cinco-casos-en-asturias\\\/#listItem\",\"position\":3,\"name\":\"Coronavirus: Confirmados cinco casos en Asturias\",\"previousItem\":{\"@type\":\"ListItem\",\"@id\":\"https:\\\/\\\/www.eldigitaldeasturias.com\\\/noticias\\\/category\\\/actualidad-asturias\\\/#listItem\",\"name\":\"Actualidad Asturias\"}}]},{\"@type\":\"Organization\",\"@id\":\"https:\\\/\\\/www.eldigitaldeasturias.com\\\/noticias\\\/#organization\",\"name\":\"El Digital de Asturias\",\"description\":\"Hemeroteca\",\"url\":\"https:\\\/\\\/www.eldigitaldeasturias.com\\\/noticias\\\/\",\"email\":\"info@eldigitaldeasturias.com\",\"telephone\":\"+34652131393\",\"logo\":{\"@type\":\"ImageObject\",\"url\":\"https:\\\/\\\/www.eldigitaldeasturias.com\\\/noticias\\\/wp-content\\\/uploads\\\/2020\\\/12\\\/EDA.jpg\",\"@id\":\"https:\\\/\\\/www.eldigitaldeasturias.com\\\/noticias\\\/coronavirus-confirmados-cinco-casos-en-asturias\\\/#organizationLogo\",\"width\":649,\"height\":297},\"image\":{\"@id\":\"https:\\\/\\\/www.eldigitaldeasturias.com\\\/noticias\\\/coronavirus-confirmados-cinco-casos-en-asturias\\\/#organizationLogo\"},\"sameAs\":[\"https:\\\/\\\/facebook.com\\\/eldigitaldeasturias\",\"https:\\\/\\\/www.youtube.com\\\/channel\\\/UCZP-2wLEB9Rv6erhFmqVnvg\"],\"address\":{\"@id\":\"https:\\\/\\\/www.eldigitaldeasturias.com\\\/noticias\\\/#postaladdress\",\"@type\":\"PostalAddress\",\"streetAddress\":\"san antonio 4,\",\"postalCode\":\"33430\",\"addressLocality\":\"Cand\\u00e1s\",\"addressRegion\":\"Asturias\",\"addressCountry\":\"ES\"}},{\"@type\":\"Person\",\"@id\":\"https:\\\/\\\/www.eldigitaldeasturias.com\\\/noticias\\\/author\\\/admin\\\/#author\",\"url\":\"https:\\\/\\\/www.eldigitaldeasturias.com\\\/noticias\\\/author\\\/admin\\\/\",\"name\":\"El Digital de Asturias\",\"image\":{\"@type\":\"ImageObject\",\"@id\":\"https:\\\/\\\/www.eldigitaldeasturias.com\\\/noticias\\\/coronavirus-confirmados-cinco-casos-en-asturias\\\/#authorImage\",\"url\":\"https:\\\/\\\/www.eldigitaldeasturias.com\\\/noticias\\\/wp-content\\\/litespeed\\\/avatar\\\/18677e78aa0546b92d9dbf31ec7d7668.jpg?ver=1777290358\",\"width\":96,\"height\":96,\"caption\":\"El Digital de Asturias\"}},{\"@type\":\"WebPage\",\"@id\":\"https:\\\/\\\/www.eldigitaldeasturias.com\\\/noticias\\\/coronavirus-confirmados-cinco-casos-en-asturias\\\/#webpage\",\"url\":\"https:\\\/\\\/www.eldigitaldeasturias.com\\\/noticias\\\/coronavirus-confirmados-cinco-casos-en-asturias\\\/\",\"name\":\"Coronavirus: Confirmados cinco casos en Asturias - El Digital de Asturias\",\"description\":\"(EUROPA PRESS - La Consejer\\u00eda de Salud ha confirmado este martes que se han detectado cinco nuevos casos de coronavirus en Asturias. Tres de ellos pertenecen al \\u00e1rea sanitaria de Jarrio y dos a la de Gij\\u00f3n. Seg\\u00fan han confirmado a Europa Press desde la Consejer\\u00eda, dos de los tres casos detectados en Jarrio son contactos\",\"inLanguage\":\"es-ES\",\"isPartOf\":{\"@id\":\"https:\\\/\\\/www.eldigitaldeasturias.com\\\/noticias\\\/#website\"},\"breadcrumb\":{\"@id\":\"https:\\\/\\\/www.eldigitaldeasturias.com\\\/noticias\\\/coronavirus-confirmados-cinco-casos-en-asturias\\\/#breadcrumblist\"},\"author\":{\"@id\":\"https:\\\/\\\/www.eldigitaldeasturias.com\\\/noticias\\\/author\\\/admin\\\/#author\"},\"creator\":{\"@id\":\"https:\\\/\\\/www.eldigitaldeasturias.com\\\/noticias\\\/author\\\/admin\\\/#author\"},\"image\":{\"@type\":\"ImageObject\",\"url\":\"https:\\\/\\\/www.eldigitaldeasturias.com\\\/noticias\\\/wp-content\\\/uploads\\\/2020\\\/07\\\/covid-19-5070658_1280.jpg\",\"@id\":\"https:\\\/\\\/www.eldigitaldeasturias.com\\\/noticias\\\/coronavirus-confirmados-cinco-casos-en-asturias\\\/#mainImage\",\"width\":1280,\"height\":854,\"caption\":\"covid-19\"},\"primaryImageOfPage\":{\"@id\":\"https:\\\/\\\/www.eldigitaldeasturias.com\\\/noticias\\\/coronavirus-confirmados-cinco-casos-en-asturias\\\/#mainImage\"},\"datePublished\":\"2020-07-14T12:27:57+02:00\",\"dateModified\":\"2020-07-14T12:27:57+02:00\"},{\"@type\":\"WebSite\",\"@id\":\"https:\\\/\\\/www.eldigitaldeasturias.com\\\/noticias\\\/#website\",\"url\":\"https:\\\/\\\/www.eldigitaldeasturias.com\\\/noticias\\\/\",\"name\":\"El Digital de Asturias - Diario de actualidad y noticias\",\"alternateName\":\"El Digital de Asturias - Diario de actualidad y noticias\",\"description\":\"Hemeroteca\",\"inLanguage\":\"es-ES\",\"publisher\":{\"@id\":\"https:\\\/\\\/www.eldigitaldeasturias.com\\\/noticias\\\/#organization\"}}]}\n\t\t<\/script>\n\t\t<!-- All in One SEO Pro -->\r\n\t\t<title>Coronavirus: Confirmados cinco casos en Asturias - El Digital de Asturias<\/title>\n\n","aioseo_head_json":{"title":"Coronavirus: Confirmados cinco casos en Asturias - El Digital de Asturias","description":"(EUROPA PRESS - La Consejer\u00eda de Salud ha confirmado este martes que se han detectado cinco nuevos casos de coronavirus en Asturias. Tres de ellos pertenecen al \u00e1rea sanitaria de Jarrio y dos a la de Gij\u00f3n. Seg\u00fan han confirmado a Europa Press desde la Consejer\u00eda, dos de los tres casos detectados en Jarrio son contactos","canonical_url":"https:\/\/www.eldigitaldeasturias.com\/noticias\/coronavirus-confirmados-cinco-casos-en-asturias\/","robots":"max-image-preview:large","keywords":"actualidad asturias,destacadas","webmasterTools":{"google-site-verification":"UA-38556648-1","msvalidate.01":"7dfe9f3f1b24437ab69f4f2559babe99","miscellaneous":""},"schema":{"@context":"https:\/\/schema.org","@graph":[{"@type":"BlogPosting","@id":"https:\/\/www.eldigitaldeasturias.com\/noticias\/coronavirus-confirmados-cinco-casos-en-asturias\/#blogposting","name":"Coronavirus: Confirmados cinco casos en Asturias - El Digital de Asturias","headline":"Coronavirus: Confirmados cinco casos en Asturias","author":{"@id":"https:\/\/www.eldigitaldeasturias.com\/noticias\/author\/admin\/#author"},"publisher":{"@id":"https:\/\/www.eldigitaldeasturias.com\/noticias\/#organization"},"image":{"@type":"ImageObject","url":"https:\/\/www.eldigitaldeasturias.com\/noticias\/wp-content\/uploads\/2020\/07\/covid-19-5070658_1280.jpg","width":1280,"height":854,"caption":"covid-19"},"datePublished":"2020-07-14T12:27:57+02:00","dateModified":"2020-07-14T12:27:57+02:00","inLanguage":"es-ES","mainEntityOfPage":{"@id":"https:\/\/www.eldigitaldeasturias.com\/noticias\/coronavirus-confirmados-cinco-casos-en-asturias\/#webpage"},"isPartOf":{"@id":"https:\/\/www.eldigitaldeasturias.com\/noticias\/coronavirus-confirmados-cinco-casos-en-asturias\/#webpage"},"articleSection":"Actualidad Asturias, Destacadas"},{"@type":"BreadcrumbList","@id":"https:\/\/www.eldigitaldeasturias.com\/noticias\/coronavirus-confirmados-cinco-casos-en-asturias\/#breadcrumblist","itemListElement":[{"@type":"ListItem","@id":"https:\/\/www.eldigitaldeasturias.com\/noticias#listItem","position":1,"name":"Home","item":"https:\/\/www.eldigitaldeasturias.com\/noticias","nextItem":{"@type":"ListItem","@id":"https:\/\/www.eldigitaldeasturias.com\/noticias\/category\/actualidad-asturias\/#listItem","name":"Actualidad Asturias"}},{"@type":"ListItem","@id":"https:\/\/www.eldigitaldeasturias.com\/noticias\/category\/actualidad-asturias\/#listItem","position":2,"name":"Actualidad Asturias","item":"https:\/\/www.eldigitaldeasturias.com\/noticias\/category\/actualidad-asturias\/","nextItem":{"@type":"ListItem","@id":"https:\/\/www.eldigitaldeasturias.com\/noticias\/coronavirus-confirmados-cinco-casos-en-asturias\/#listItem","name":"Coronavirus: Confirmados cinco casos en Asturias"},"previousItem":{"@type":"ListItem","@id":"https:\/\/www.eldigitaldeasturias.com\/noticias#listItem","name":"Home"}},{"@type":"ListItem","@id":"https:\/\/www.eldigitaldeasturias.com\/noticias\/coronavirus-confirmados-cinco-casos-en-asturias\/#listItem","position":3,"name":"Coronavirus: Confirmados cinco casos en Asturias","previousItem":{"@type":"ListItem","@id":"https:\/\/www.eldigitaldeasturias.com\/noticias\/category\/actualidad-asturias\/#listItem","name":"Actualidad Asturias"}}]},{"@type":"Organization","@id":"https:\/\/www.eldigitaldeasturias.com\/noticias\/#organization","name":"El Digital de Asturias","description":"Hemeroteca","url":"https:\/\/www.eldigitaldeasturias.com\/noticias\/","email":"info@eldigitaldeasturias.com","telephone":"+34652131393","logo":{"@type":"ImageObject","url":"https:\/\/www.eldigitaldeasturias.com\/noticias\/wp-content\/uploads\/2020\/12\/EDA.jpg","@id":"https:\/\/www.eldigitaldeasturias.com\/noticias\/coronavirus-confirmados-cinco-casos-en-asturias\/#organizationLogo","width":649,"height":297},"image":{"@id":"https:\/\/www.eldigitaldeasturias.com\/noticias\/coronavirus-confirmados-cinco-casos-en-asturias\/#organizationLogo"},"sameAs":["https:\/\/facebook.com\/eldigitaldeasturias","https:\/\/www.youtube.com\/channel\/UCZP-2wLEB9Rv6erhFmqVnvg"],"address":{"@id":"https:\/\/www.eldigitaldeasturias.com\/noticias\/#postaladdress","@type":"PostalAddress","streetAddress":"san antonio 4,","postalCode":"33430","addressLocality":"Cand\u00e1s","addressRegion":"Asturias","addressCountry":"ES"}},{"@type":"Person","@id":"https:\/\/www.eldigitaldeasturias.com\/noticias\/author\/admin\/#author","url":"https:\/\/www.eldigitaldeasturias.com\/noticias\/author\/admin\/","name":"El Digital de Asturias","image":{"@type":"ImageObject","@id":"https:\/\/www.eldigitaldeasturias.com\/noticias\/coronavirus-confirmados-cinco-casos-en-asturias\/#authorImage","url":"https:\/\/www.eldigitaldeasturias.com\/noticias\/wp-content\/litespeed\/avatar\/18677e78aa0546b92d9dbf31ec7d7668.jpg?ver=1777290358","width":96,"height":96,"caption":"El Digital de Asturias"}},{"@type":"WebPage","@id":"https:\/\/www.eldigitaldeasturias.com\/noticias\/coronavirus-confirmados-cinco-casos-en-asturias\/#webpage","url":"https:\/\/www.eldigitaldeasturias.com\/noticias\/coronavirus-confirmados-cinco-casos-en-asturias\/","name":"Coronavirus: Confirmados cinco casos en Asturias - El Digital de Asturias","description":"(EUROPA PRESS - La Consejer\u00eda de Salud ha confirmado este martes que se han detectado cinco nuevos casos de coronavirus en Asturias. Tres de ellos pertenecen al \u00e1rea sanitaria de Jarrio y dos a la de Gij\u00f3n. Seg\u00fan han confirmado a Europa Press desde la Consejer\u00eda, dos de los tres casos detectados en Jarrio son contactos","inLanguage":"es-ES","isPartOf":{"@id":"https:\/\/www.eldigitaldeasturias.com\/noticias\/#website"},"breadcrumb":{"@id":"https:\/\/www.eldigitaldeasturias.com\/noticias\/coronavirus-confirmados-cinco-casos-en-asturias\/#breadcrumblist"},"author":{"@id":"https:\/\/www.eldigitaldeasturias.com\/noticias\/author\/admin\/#author"},"creator":{"@id":"https:\/\/www.eldigitaldeasturias.com\/noticias\/author\/admin\/#author"},"image":{"@type":"ImageObject","url":"https:\/\/www.eldigitaldeasturias.com\/noticias\/wp-content\/uploads\/2020\/07\/covid-19-5070658_1280.jpg","@id":"https:\/\/www.eldigitaldeasturias.com\/noticias\/coronavirus-confirmados-cinco-casos-en-asturias\/#mainImage","width":1280,"height":854,"caption":"covid-19"},"primaryImageOfPage":{"@id":"https:\/\/www.eldigitaldeasturias.com\/noticias\/coronavirus-confirmados-cinco-casos-en-asturias\/#mainImage"},"datePublished":"2020-07-14T12:27:57+02:00","dateModified":"2020-07-14T12:27:57+02:00"},{"@type":"WebSite","@id":"https:\/\/www.eldigitaldeasturias.com\/noticias\/#website","url":"https:\/\/www.eldigitaldeasturias.com\/noticias\/","name":"El Digital de Asturias - Diario de actualidad y noticias","alternateName":"El Digital de Asturias - Diario de actualidad y noticias","description":"Hemeroteca","inLanguage":"es-ES","publisher":{"@id":"https:\/\/www.eldigitaldeasturias.com\/noticias\/#organization"}}]},"og:locale":"es_ES","og:site_name":"El Digital de Asturias","og:type":"article","og:title":"Coronavirus: Confirmados cinco casos en Asturias - El Digital de Asturias","og:description":"(EUROPA PRESS - La Consejer\u00eda de Salud ha confirmado este martes que se han detectado cinco nuevos casos de coronavirus en Asturias. Tres de ellos pertenecen al \u00e1rea sanitaria de Jarrio y dos a la de Gij\u00f3n. Seg\u00fan han confirmado a Europa Press desde la Consejer\u00eda, dos de los tres casos detectados en Jarrio son contactos","og:url":"https:\/\/www.eldigitaldeasturias.com\/noticias\/coronavirus-confirmados-cinco-casos-en-asturias\/","og:image":"https:\/\/www.eldigitaldeasturias.com\/noticias\/wp-content\/uploads\/2020\/07\/covid-19-5070658_1280.jpg","og:image:secure_url":"https:\/\/www.eldigitaldeasturias.com\/noticias\/wp-content\/uploads\/2020\/07\/covid-19-5070658_1280.jpg","og:image:width":1280,"og:image:height":854,"article:tag":["actualidad asturias","destacadas"],"article:published_time":"2020-07-14T12:27:57+00:00","article:modified_time":"2020-07-14T12:27:57+00:00","article:publisher":"https:\/\/facebook.com\/eldigitaldeasturias","twitter:card":"summary_large_image","twitter:title":"Coronavirus: Confirmados cinco casos en Asturias - El Digital de Asturias","twitter:description":"(EUROPA PRESS - La Consejer\u00eda de Salud ha confirmado este martes que se han detectado cinco nuevos casos de coronavirus en Asturias. Tres de ellos pertenecen al \u00e1rea sanitaria de Jarrio y dos a la de Gij\u00f3n. Seg\u00fan han confirmado a Europa Press desde la Consejer\u00eda, dos de los tres casos detectados en Jarrio son contactos","twitter:image":"https:\/\/www.eldigitaldeasturias.com\/noticias\/wp-content\/uploads\/2020\/07\/covid-19-5070658_1280.jpg","twitter:label1":"Escrito por","twitter:data1":"El Digital de Asturias","twitter:label2":"Tiempo de lectura estimado","twitter:data2":"2 minutos"},"aioseo_meta_data":{"post_id":"1069993","title":null,"description":"","keywords":"","keyphrases":null,"primary_term":null,"canonical_url":"","og_title":null,"og_description":null,"og_object_type":"default","og_image_type":"default","og_image_url":null,"og_image_width":null,"og_image_height":null,"og_image_custom_url":null,"og_image_custom_fields":null,"og_video":null,"og_custom_url":null,"og_article_section":null,"og_article_tags":null,"twitter_use_og":false,"twitter_card":"default","twitter_image_type":"default","twitter_image_url":null,"twitter_image_custom_url":null,"twitter_image_custom_fields":null,"twitter_title":null,"twitter_description":null,"schema":{"blockGraphs":[],"customGraphs":[],"default":{"data":{"Article":[],"Course":[],"Dataset":[],"FAQPage":[],"Movie":[],"Person":[],"Product":[],"ProductReview":[],"Car":[],"Recipe":[],"Service":[],"SoftwareApplication":[],"WebPage":[]},"graphName":"","isEnabled":true},"graphs":[],"defaultGraph":"","defaultPostTypeGraph":""},"schema_type":null,"schema_type_options":null,"pillar_content":false,"robots_default":true,"robots_noindex":false,"robots_noarchive":false,"robots_nosnippet":false,"robots_nofollow":false,"robots_noimageindex":false,"robots_noodp":false,"robots_notranslate":false,"robots_max_snippet":null,"robots_max_videopreview":null,"robots_max_imagepreview":"large","priority":null,"frequency":"default","local_seo":null,"seo_analyzer_scan_date":"2025-09-12 23:00:08","breadcrumb_settings":null,"limit_modified_date":false,"open_ai":null,"ai":null,"created":"2020-12-21 10:45:58","updated":"2025-09-12 23:00:08"},"aioseo_breadcrumb":"<div class=\"aioseo-breadcrumbs\"><span class=\"aioseo-breadcrumb\">\n\t<a href=\"https:\/\/www.eldigitaldeasturias.com\/noticias\" title=\"Home\">Home<\/a>\n<\/span><span class=\"aioseo-breadcrumb-separator\">\u2013<\/span><span class=\"aioseo-breadcrumb\">\n\t<a href=\"https:\/\/www.eldigitaldeasturias.com\/noticias\/category\/actualidad-asturias\/\" title=\"Actualidad Asturias\">Actualidad Asturias<\/a>\n<\/span><span class=\"aioseo-breadcrumb-separator\">\u2013<\/span><span class=\"aioseo-breadcrumb\">\n\t<a href=\"https:\/\/www.eldigitaldeasturias.com\/noticias\/coronavirus-confirmados-cinco-casos-en-asturias\/\" title=\"Coronavirus: Confirmados cinco casos en Asturias\">Coronavirus: Confirmados cinco casos en Asturias<\/a>\n<\/span><\/div>","aioseo_breadcrumb_json":[{"label":"Home","link":"https:\/\/www.eldigitaldeasturias.com\/noticias"},{"label":"Actualidad Asturias","link":"https:\/\/www.eldigitaldeasturias.com\/noticias\/category\/actualidad-asturias\/"},{"label":"Coronavirus: Confirmados cinco casos en Asturias","link":"https:\/\/www.eldigitaldeasturias.com\/noticias\/coronavirus-confirmados-cinco-casos-en-asturias\/"}],"_links":{"self":[{"href":"https:\/\/www.eldigitaldeasturias.com\/noticias\/wp-json\/wp\/v2\/posts\/1069993","targetHints":{"allow":["GET"]}}],"collection":[{"href":"https:\/\/www.eldigitaldeasturias.com\/noticias\/wp-json\/wp\/v2\/posts"}],"about":[{"href":"https:\/\/www.eldigitaldeasturias.com\/noticias\/wp-json\/wp\/v2\/types\/post"}],"author":[{"embeddable":true,"href":"https:\/\/www.eldigitaldeasturias.com\/noticias\/wp-json\/wp\/v2\/users\/1"}],"replies":[{"embeddable":true,"href":"https:\/\/www.eldigitaldeasturias.com\/noticias\/wp-json\/wp\/v2\/comments?post=1069993"}],"version-history":[{"count":0,"href":"https:\/\/www.eldigitaldeasturias.com\/noticias\/wp-json\/wp\/v2\/posts\/1069993\/revisions"}],"wp:featuredmedia":[{"embeddable":true,"href":"https:\/\/www.eldigitaldeasturias.com\/noticias\/wp-json\/wp\/v2\/media\/1069994"}],"wp:attachment":[{"href":"https:\/\/www.eldigitaldeasturias.com\/noticias\/wp-json\/wp\/v2\/media?parent=1069993"}],"wp:term":[{"taxonomy":"category","embeddable":true,"href":"https:\/\/www.eldigitaldeasturias.com\/noticias\/wp-json\/wp\/v2\/categories?post=1069993"},{"taxonomy":"post_tag","embeddable":true,"href":"https:\/\/www.eldigitaldeasturias.com\/noticias\/wp-json\/wp\/v2\/tags?post=1069993"}],"curies":[{"name":"wp","href":"https:\/\/api.w.org\/{rel}","templated":true}]}}