{"id":1069553,"date":"2020-07-07T10:23:33","date_gmt":"2020-07-07T10:23:33","guid":{"rendered":"https:\/\/www.eldigitaldeasturias.com\/noticias\/?p=1069553"},"modified":"2020-07-07T10:23:33","modified_gmt":"2020-07-07T10:23:33","slug":"coronavirus-asturias-registra-el-primer-positivo-en-25-dias-sin-contagios","status":"publish","type":"post","link":"https:\/\/www.eldigitaldeasturias.com\/noticias\/coronavirus-asturias-registra-el-primer-positivo-en-25-dias-sin-contagios\/","title":{"rendered":"Coronavirus: Asturias registra el primer positivo en 25 d\u00edas sin contagios"},"content":{"rendered":"<p><img loading=\"lazy\" decoding=\"async\" class=\"alignleft size-medium wp-image-1021989\" src=\"https:\/\/www.eldigitaldeasturias.com\/noticias\/wp-content\/uploads\/2019\/03\/HUCA-360x204.jpg\" alt=\"\" width=\"360\" height=\"204\" srcset=\"https:\/\/www.eldigitaldeasturias.com\/noticias\/wp-content\/uploads\/2019\/03\/HUCA-360x204.jpg 360w, https:\/\/www.eldigitaldeasturias.com\/noticias\/wp-content\/uploads\/2019\/03\/HUCA-480x272.jpg 480w, https:\/\/www.eldigitaldeasturias.com\/noticias\/wp-content\/uploads\/2019\/03\/HUCA-768x435.jpg 768w, https:\/\/www.eldigitaldeasturias.com\/noticias\/wp-content\/uploads\/2019\/03\/HUCA-690x391.jpg 690w, https:\/\/www.eldigitaldeasturias.com\/noticias\/wp-content\/uploads\/2019\/03\/HUCA-20x11.jpg 20w, https:\/\/www.eldigitaldeasturias.com\/noticias\/wp-content\/uploads\/2019\/03\/HUCA.jpg 800w\" sizes=\"auto, (max-width: 360px) 100vw, 360px\" \/>El Laboratorio de Virolog\u00eda del HUCA ha confirmado esta ma\u00f1ana el <strong>positivo de un var\u00f3n que presentaba s\u00edntomas compatibles con el coronavirus<\/strong>.<\/p>\n<p>La Consejer\u00eda de Salud del Principado de Asturias constata as\u00ed el primer caso positivo de COVID-19, mediante prueba PCR, tras 25 d\u00edas sin contagios registrados en la comunidad aut\u00f3noma.<\/p>\n<p>El Servicio de Vigilancia Epidemiol\u00f3gica, que ha iniciado el estudio de contactos de la persona afectada, <strong>sospecha que se trata de un caso importado de Catalu\u00f1a<\/strong>. Seg\u00fan avancen las investigaciones se continuar\u00e1 informando.<\/p>\n<p>El Gobierno de Asturias insiste en el cumplimiento de las recomendaciones de seguridad, como el uso de mascarilla, el lavado frecuente de manos y el respeto de la distancia de seguridad.<\/p>\n","protected":false},"excerpt":{"rendered":"<p>El Laboratorio de Virolog\u00eda del HUCA ha confirmado esta ma\u00f1ana el positivo de un var\u00f3n que presentaba s\u00edntomas compatibles con el coronavirus. La Consejer\u00eda de Salud del Principado de Asturias constata as\u00ed el primer caso positivo de COVID-19, mediante prueba PCR, tras 25 d\u00edas sin contagios registrados en la comunidad aut\u00f3noma. El Servicio de Vigilancia [&hellip;]<\/p>\n","protected":false},"author":1,"featured_media":1067868,"comment_status":"closed","ping_status":"closed","sticky":false,"template":"","format":"standard","meta":{"footnotes":""},"categories":[12,141],"tags":[],"class_list":["post-1069553","post","type-post","status-publish","format-standard","has-post-thumbnail","hentry","category-actualidad-asturias","category-destacadas"],"aioseo_notices":[],"aioseo_head":"\n\t\t<!-- All in One SEO Pro 4.9.6.2 - aioseo.com -->\n\t<meta name=\"description\" content=\"El Laboratorio de Virolog\u00eda del HUCA ha confirmado esta ma\u00f1ana el positivo de un var\u00f3n que presentaba s\u00edntomas compatibles con el coronavirus. La Consejer\u00eda de Salud del Principado de Asturias constata as\u00ed el primer caso positivo de COVID-19, mediante prueba PCR, tras 25 d\u00edas sin contagios registrados en la comunidad aut\u00f3noma. El Servicio de Vigilancia\" \/>\n\t<meta name=\"robots\" content=\"max-image-preview:large\" \/>\n\t<meta name=\"author\" content=\"El Digital de Asturias\"\/>\n\t<meta name=\"google-site-verification\" content=\"UA-38556648-1\" \/>\n\t<meta name=\"msvalidate.01\" content=\"7dfe9f3f1b24437ab69f4f2559babe99\" \/>\n\t<meta name=\"keywords\" content=\"actualidad asturias,destacadas\" \/>\n\t<link rel=\"canonical\" href=\"https:\/\/www.eldigitaldeasturias.com\/noticias\/coronavirus-asturias-registra-el-primer-positivo-en-25-dias-sin-contagios\/\" \/>\n\t<meta name=\"generator\" content=\"All in One SEO Pro (AIOSEO) 4.9.6.2\" \/>\n\t\t<meta property=\"og:locale\" content=\"es_ES\" \/>\n\t\t<meta property=\"og:site_name\" content=\"El Digital de Asturias\" \/>\n\t\t<meta property=\"og:type\" content=\"article\" \/>\n\t\t<meta property=\"og:title\" content=\"Coronavirus: Asturias registra el primer positivo en 25 d\u00edas sin contagios - El Digital de Asturias\" \/>\n\t\t<meta property=\"og:description\" content=\"El Laboratorio de Virolog\u00eda del HUCA ha confirmado esta ma\u00f1ana el positivo de un var\u00f3n que presentaba s\u00edntomas compatibles con el coronavirus. La Consejer\u00eda de Salud del Principado de Asturias constata as\u00ed el primer caso positivo de COVID-19, mediante prueba PCR, tras 25 d\u00edas sin contagios registrados en la comunidad aut\u00f3noma. El Servicio de Vigilancia\" \/>\n\t\t<meta property=\"og:url\" content=\"https:\/\/www.eldigitaldeasturias.com\/noticias\/coronavirus-asturias-registra-el-primer-positivo-en-25-dias-sin-contagios\/\" \/>\n\t\t<meta property=\"og:image\" content=\"https:\/\/www.eldigitaldeasturias.com\/noticias\/wp-content\/uploads\/2020\/06\/connection-4884862_640.jpg\" \/>\n\t\t<meta property=\"og:image:secure_url\" content=\"https:\/\/www.eldigitaldeasturias.com\/noticias\/wp-content\/uploads\/2020\/06\/connection-4884862_640.jpg\" \/>\n\t\t<meta property=\"og:image:width\" content=\"640\" \/>\n\t\t<meta property=\"og:image:height\" content=\"436\" \/>\n\t\t<meta property=\"article:tag\" content=\"actualidad asturias\" \/>\n\t\t<meta property=\"article:tag\" content=\"destacadas\" \/>\n\t\t<meta property=\"article:published_time\" content=\"2020-07-07T10:23:33+00:00\" \/>\n\t\t<meta property=\"article:modified_time\" content=\"2020-07-07T10:23:33+00:00\" \/>\n\t\t<meta property=\"article:publisher\" content=\"https:\/\/facebook.com\/eldigitaldeasturias\" \/>\n\t\t<meta name=\"twitter:card\" content=\"summary_large_image\" \/>\n\t\t<meta name=\"twitter:title\" content=\"Coronavirus: Asturias registra el primer positivo en 25 d\u00edas sin contagios - El Digital de Asturias\" \/>\n\t\t<meta name=\"twitter:description\" content=\"El Laboratorio de Virolog\u00eda del HUCA ha confirmado esta ma\u00f1ana el positivo de un var\u00f3n que presentaba s\u00edntomas compatibles con el coronavirus. La Consejer\u00eda de Salud del Principado de Asturias constata as\u00ed el primer caso positivo de COVID-19, mediante prueba PCR, tras 25 d\u00edas sin contagios registrados en la comunidad aut\u00f3noma. El Servicio de Vigilancia\" \/>\n\t\t<meta name=\"twitter:image\" content=\"https:\/\/www.eldigitaldeasturias.com\/noticias\/wp-content\/uploads\/2020\/06\/connection-4884862_640.jpg\" \/>\n\t\t<meta name=\"twitter:label1\" content=\"Escrito por\" \/>\n\t\t<meta name=\"twitter:data1\" content=\"El Digital de Asturias\" \/>\n\t\t<meta name=\"twitter:label2\" content=\"Tiempo de lectura estimado\" \/>\n\t\t<meta name=\"twitter:data2\" content=\"1 minuto\" \/>\n\t\t<script type=\"application\/ld+json\" class=\"aioseo-schema\">\n\t\t\t{\"@context\":\"https:\\\/\\\/schema.org\",\"@graph\":[{\"@type\":\"BlogPosting\",\"@id\":\"https:\\\/\\\/www.eldigitaldeasturias.com\\\/noticias\\\/coronavirus-asturias-registra-el-primer-positivo-en-25-dias-sin-contagios\\\/#blogposting\",\"name\":\"Coronavirus: Asturias registra el primer positivo en 25 d\\u00edas sin contagios - El Digital de Asturias\",\"headline\":\"Coronavirus: Asturias registra el primer positivo en 25 d\\u00edas sin contagios\",\"author\":{\"@id\":\"https:\\\/\\\/www.eldigitaldeasturias.com\\\/noticias\\\/author\\\/admin\\\/#author\"},\"publisher\":{\"@id\":\"https:\\\/\\\/www.eldigitaldeasturias.com\\\/noticias\\\/#organization\"},\"image\":{\"@type\":\"ImageObject\",\"url\":\"https:\\\/\\\/www.eldigitaldeasturias.com\\\/noticias\\\/wp-content\\\/uploads\\\/2020\\\/06\\\/connection-4884862_640.jpg\",\"width\":640,\"height\":436,\"caption\":\"coronavirus\"},\"datePublished\":\"2020-07-07T10:23:33+02:00\",\"dateModified\":\"2020-07-07T10:23:33+02:00\",\"inLanguage\":\"es-ES\",\"mainEntityOfPage\":{\"@id\":\"https:\\\/\\\/www.eldigitaldeasturias.com\\\/noticias\\\/coronavirus-asturias-registra-el-primer-positivo-en-25-dias-sin-contagios\\\/#webpage\"},\"isPartOf\":{\"@id\":\"https:\\\/\\\/www.eldigitaldeasturias.com\\\/noticias\\\/coronavirus-asturias-registra-el-primer-positivo-en-25-dias-sin-contagios\\\/#webpage\"},\"articleSection\":\"Actualidad Asturias, Destacadas\"},{\"@type\":\"BreadcrumbList\",\"@id\":\"https:\\\/\\\/www.eldigitaldeasturias.com\\\/noticias\\\/coronavirus-asturias-registra-el-primer-positivo-en-25-dias-sin-contagios\\\/#breadcrumblist\",\"itemListElement\":[{\"@type\":\"ListItem\",\"@id\":\"https:\\\/\\\/www.eldigitaldeasturias.com\\\/noticias#listItem\",\"position\":1,\"name\":\"Home\",\"item\":\"https:\\\/\\\/www.eldigitaldeasturias.com\\\/noticias\",\"nextItem\":{\"@type\":\"ListItem\",\"@id\":\"https:\\\/\\\/www.eldigitaldeasturias.com\\\/noticias\\\/category\\\/actualidad-asturias\\\/#listItem\",\"name\":\"Actualidad Asturias\"}},{\"@type\":\"ListItem\",\"@id\":\"https:\\\/\\\/www.eldigitaldeasturias.com\\\/noticias\\\/category\\\/actualidad-asturias\\\/#listItem\",\"position\":2,\"name\":\"Actualidad Asturias\",\"item\":\"https:\\\/\\\/www.eldigitaldeasturias.com\\\/noticias\\\/category\\\/actualidad-asturias\\\/\",\"nextItem\":{\"@type\":\"ListItem\",\"@id\":\"https:\\\/\\\/www.eldigitaldeasturias.com\\\/noticias\\\/coronavirus-asturias-registra-el-primer-positivo-en-25-dias-sin-contagios\\\/#listItem\",\"name\":\"Coronavirus: Asturias registra el primer positivo en 25 d\\u00edas sin contagios\"},\"previousItem\":{\"@type\":\"ListItem\",\"@id\":\"https:\\\/\\\/www.eldigitaldeasturias.com\\\/noticias#listItem\",\"name\":\"Home\"}},{\"@type\":\"ListItem\",\"@id\":\"https:\\\/\\\/www.eldigitaldeasturias.com\\\/noticias\\\/coronavirus-asturias-registra-el-primer-positivo-en-25-dias-sin-contagios\\\/#listItem\",\"position\":3,\"name\":\"Coronavirus: Asturias registra el primer positivo en 25 d\\u00edas sin contagios\",\"previousItem\":{\"@type\":\"ListItem\",\"@id\":\"https:\\\/\\\/www.eldigitaldeasturias.com\\\/noticias\\\/category\\\/actualidad-asturias\\\/#listItem\",\"name\":\"Actualidad Asturias\"}}]},{\"@type\":\"Organization\",\"@id\":\"https:\\\/\\\/www.eldigitaldeasturias.com\\\/noticias\\\/#organization\",\"name\":\"El Digital de Asturias\",\"description\":\"Hemeroteca\",\"url\":\"https:\\\/\\\/www.eldigitaldeasturias.com\\\/noticias\\\/\",\"email\":\"info@eldigitaldeasturias.com\",\"telephone\":\"+34652131393\",\"logo\":{\"@type\":\"ImageObject\",\"url\":\"https:\\\/\\\/www.eldigitaldeasturias.com\\\/noticias\\\/wp-content\\\/uploads\\\/2020\\\/12\\\/EDA.jpg\",\"@id\":\"https:\\\/\\\/www.eldigitaldeasturias.com\\\/noticias\\\/coronavirus-asturias-registra-el-primer-positivo-en-25-dias-sin-contagios\\\/#organizationLogo\",\"width\":649,\"height\":297},\"image\":{\"@id\":\"https:\\\/\\\/www.eldigitaldeasturias.com\\\/noticias\\\/coronavirus-asturias-registra-el-primer-positivo-en-25-dias-sin-contagios\\\/#organizationLogo\"},\"sameAs\":[\"https:\\\/\\\/facebook.com\\\/eldigitaldeasturias\",\"https:\\\/\\\/www.youtube.com\\\/channel\\\/UCZP-2wLEB9Rv6erhFmqVnvg\"],\"address\":{\"@id\":\"https:\\\/\\\/www.eldigitaldeasturias.com\\\/noticias\\\/#postaladdress\",\"@type\":\"PostalAddress\",\"streetAddress\":\"san antonio 4,\",\"postalCode\":\"33430\",\"addressLocality\":\"Cand\\u00e1s\",\"addressRegion\":\"Asturias\",\"addressCountry\":\"ES\"}},{\"@type\":\"Person\",\"@id\":\"https:\\\/\\\/www.eldigitaldeasturias.com\\\/noticias\\\/author\\\/admin\\\/#author\",\"url\":\"https:\\\/\\\/www.eldigitaldeasturias.com\\\/noticias\\\/author\\\/admin\\\/\",\"name\":\"El Digital de Asturias\",\"image\":{\"@type\":\"ImageObject\",\"@id\":\"https:\\\/\\\/www.eldigitaldeasturias.com\\\/noticias\\\/coronavirus-asturias-registra-el-primer-positivo-en-25-dias-sin-contagios\\\/#authorImage\",\"url\":\"https:\\\/\\\/www.eldigitaldeasturias.com\\\/noticias\\\/wp-content\\\/litespeed\\\/avatar\\\/18677e78aa0546b92d9dbf31ec7d7668.jpg?ver=1777290358\",\"width\":96,\"height\":96,\"caption\":\"El Digital de Asturias\"}},{\"@type\":\"WebPage\",\"@id\":\"https:\\\/\\\/www.eldigitaldeasturias.com\\\/noticias\\\/coronavirus-asturias-registra-el-primer-positivo-en-25-dias-sin-contagios\\\/#webpage\",\"url\":\"https:\\\/\\\/www.eldigitaldeasturias.com\\\/noticias\\\/coronavirus-asturias-registra-el-primer-positivo-en-25-dias-sin-contagios\\\/\",\"name\":\"Coronavirus: Asturias registra el primer positivo en 25 d\\u00edas sin contagios - El Digital de Asturias\",\"description\":\"El Laboratorio de Virolog\\u00eda del HUCA ha confirmado esta ma\\u00f1ana el positivo de un var\\u00f3n que presentaba s\\u00edntomas compatibles con el coronavirus. La Consejer\\u00eda de Salud del Principado de Asturias constata as\\u00ed el primer caso positivo de COVID-19, mediante prueba PCR, tras 25 d\\u00edas sin contagios registrados en la comunidad aut\\u00f3noma. El Servicio de Vigilancia\",\"inLanguage\":\"es-ES\",\"isPartOf\":{\"@id\":\"https:\\\/\\\/www.eldigitaldeasturias.com\\\/noticias\\\/#website\"},\"breadcrumb\":{\"@id\":\"https:\\\/\\\/www.eldigitaldeasturias.com\\\/noticias\\\/coronavirus-asturias-registra-el-primer-positivo-en-25-dias-sin-contagios\\\/#breadcrumblist\"},\"author\":{\"@id\":\"https:\\\/\\\/www.eldigitaldeasturias.com\\\/noticias\\\/author\\\/admin\\\/#author\"},\"creator\":{\"@id\":\"https:\\\/\\\/www.eldigitaldeasturias.com\\\/noticias\\\/author\\\/admin\\\/#author\"},\"image\":{\"@type\":\"ImageObject\",\"url\":\"https:\\\/\\\/www.eldigitaldeasturias.com\\\/noticias\\\/wp-content\\\/uploads\\\/2020\\\/06\\\/connection-4884862_640.jpg\",\"@id\":\"https:\\\/\\\/www.eldigitaldeasturias.com\\\/noticias\\\/coronavirus-asturias-registra-el-primer-positivo-en-25-dias-sin-contagios\\\/#mainImage\",\"width\":640,\"height\":436,\"caption\":\"coronavirus\"},\"primaryImageOfPage\":{\"@id\":\"https:\\\/\\\/www.eldigitaldeasturias.com\\\/noticias\\\/coronavirus-asturias-registra-el-primer-positivo-en-25-dias-sin-contagios\\\/#mainImage\"},\"datePublished\":\"2020-07-07T10:23:33+02:00\",\"dateModified\":\"2020-07-07T10:23:33+02:00\"},{\"@type\":\"WebSite\",\"@id\":\"https:\\\/\\\/www.eldigitaldeasturias.com\\\/noticias\\\/#website\",\"url\":\"https:\\\/\\\/www.eldigitaldeasturias.com\\\/noticias\\\/\",\"name\":\"El Digital de Asturias - Diario de actualidad y noticias\",\"alternateName\":\"El Digital de Asturias - Diario de actualidad y noticias\",\"description\":\"Hemeroteca\",\"inLanguage\":\"es-ES\",\"publisher\":{\"@id\":\"https:\\\/\\\/www.eldigitaldeasturias.com\\\/noticias\\\/#organization\"}}]}\n\t\t<\/script>\n\t\t<!-- All in One SEO Pro -->\r\n\t\t<title>Coronavirus: Asturias registra el primer positivo en 25 d\u00edas sin contagios - El Digital de Asturias<\/title>\n\n","aioseo_head_json":{"title":"Coronavirus: Asturias registra el primer positivo en 25 d\u00edas sin contagios - El Digital de Asturias","description":"El Laboratorio de Virolog\u00eda del HUCA ha confirmado esta ma\u00f1ana el positivo de un var\u00f3n que presentaba s\u00edntomas compatibles con el coronavirus. La Consejer\u00eda de Salud del Principado de Asturias constata as\u00ed el primer caso positivo de COVID-19, mediante prueba PCR, tras 25 d\u00edas sin contagios registrados en la comunidad aut\u00f3noma. El Servicio de Vigilancia","canonical_url":"https:\/\/www.eldigitaldeasturias.com\/noticias\/coronavirus-asturias-registra-el-primer-positivo-en-25-dias-sin-contagios\/","robots":"max-image-preview:large","keywords":"actualidad asturias,destacadas","webmasterTools":{"google-site-verification":"UA-38556648-1","msvalidate.01":"7dfe9f3f1b24437ab69f4f2559babe99","miscellaneous":""},"schema":{"@context":"https:\/\/schema.org","@graph":[{"@type":"BlogPosting","@id":"https:\/\/www.eldigitaldeasturias.com\/noticias\/coronavirus-asturias-registra-el-primer-positivo-en-25-dias-sin-contagios\/#blogposting","name":"Coronavirus: Asturias registra el primer positivo en 25 d\u00edas sin contagios - El Digital de Asturias","headline":"Coronavirus: Asturias registra el primer positivo en 25 d\u00edas sin contagios","author":{"@id":"https:\/\/www.eldigitaldeasturias.com\/noticias\/author\/admin\/#author"},"publisher":{"@id":"https:\/\/www.eldigitaldeasturias.com\/noticias\/#organization"},"image":{"@type":"ImageObject","url":"https:\/\/www.eldigitaldeasturias.com\/noticias\/wp-content\/uploads\/2020\/06\/connection-4884862_640.jpg","width":640,"height":436,"caption":"coronavirus"},"datePublished":"2020-07-07T10:23:33+02:00","dateModified":"2020-07-07T10:23:33+02:00","inLanguage":"es-ES","mainEntityOfPage":{"@id":"https:\/\/www.eldigitaldeasturias.com\/noticias\/coronavirus-asturias-registra-el-primer-positivo-en-25-dias-sin-contagios\/#webpage"},"isPartOf":{"@id":"https:\/\/www.eldigitaldeasturias.com\/noticias\/coronavirus-asturias-registra-el-primer-positivo-en-25-dias-sin-contagios\/#webpage"},"articleSection":"Actualidad Asturias, Destacadas"},{"@type":"BreadcrumbList","@id":"https:\/\/www.eldigitaldeasturias.com\/noticias\/coronavirus-asturias-registra-el-primer-positivo-en-25-dias-sin-contagios\/#breadcrumblist","itemListElement":[{"@type":"ListItem","@id":"https:\/\/www.eldigitaldeasturias.com\/noticias#listItem","position":1,"name":"Home","item":"https:\/\/www.eldigitaldeasturias.com\/noticias","nextItem":{"@type":"ListItem","@id":"https:\/\/www.eldigitaldeasturias.com\/noticias\/category\/actualidad-asturias\/#listItem","name":"Actualidad Asturias"}},{"@type":"ListItem","@id":"https:\/\/www.eldigitaldeasturias.com\/noticias\/category\/actualidad-asturias\/#listItem","position":2,"name":"Actualidad Asturias","item":"https:\/\/www.eldigitaldeasturias.com\/noticias\/category\/actualidad-asturias\/","nextItem":{"@type":"ListItem","@id":"https:\/\/www.eldigitaldeasturias.com\/noticias\/coronavirus-asturias-registra-el-primer-positivo-en-25-dias-sin-contagios\/#listItem","name":"Coronavirus: Asturias registra el primer positivo en 25 d\u00edas sin contagios"},"previousItem":{"@type":"ListItem","@id":"https:\/\/www.eldigitaldeasturias.com\/noticias#listItem","name":"Home"}},{"@type":"ListItem","@id":"https:\/\/www.eldigitaldeasturias.com\/noticias\/coronavirus-asturias-registra-el-primer-positivo-en-25-dias-sin-contagios\/#listItem","position":3,"name":"Coronavirus: Asturias registra el primer positivo en 25 d\u00edas sin contagios","previousItem":{"@type":"ListItem","@id":"https:\/\/www.eldigitaldeasturias.com\/noticias\/category\/actualidad-asturias\/#listItem","name":"Actualidad Asturias"}}]},{"@type":"Organization","@id":"https:\/\/www.eldigitaldeasturias.com\/noticias\/#organization","name":"El Digital de Asturias","description":"Hemeroteca","url":"https:\/\/www.eldigitaldeasturias.com\/noticias\/","email":"info@eldigitaldeasturias.com","telephone":"+34652131393","logo":{"@type":"ImageObject","url":"https:\/\/www.eldigitaldeasturias.com\/noticias\/wp-content\/uploads\/2020\/12\/EDA.jpg","@id":"https:\/\/www.eldigitaldeasturias.com\/noticias\/coronavirus-asturias-registra-el-primer-positivo-en-25-dias-sin-contagios\/#organizationLogo","width":649,"height":297},"image":{"@id":"https:\/\/www.eldigitaldeasturias.com\/noticias\/coronavirus-asturias-registra-el-primer-positivo-en-25-dias-sin-contagios\/#organizationLogo"},"sameAs":["https:\/\/facebook.com\/eldigitaldeasturias","https:\/\/www.youtube.com\/channel\/UCZP-2wLEB9Rv6erhFmqVnvg"],"address":{"@id":"https:\/\/www.eldigitaldeasturias.com\/noticias\/#postaladdress","@type":"PostalAddress","streetAddress":"san antonio 4,","postalCode":"33430","addressLocality":"Cand\u00e1s","addressRegion":"Asturias","addressCountry":"ES"}},{"@type":"Person","@id":"https:\/\/www.eldigitaldeasturias.com\/noticias\/author\/admin\/#author","url":"https:\/\/www.eldigitaldeasturias.com\/noticias\/author\/admin\/","name":"El Digital de Asturias","image":{"@type":"ImageObject","@id":"https:\/\/www.eldigitaldeasturias.com\/noticias\/coronavirus-asturias-registra-el-primer-positivo-en-25-dias-sin-contagios\/#authorImage","url":"https:\/\/www.eldigitaldeasturias.com\/noticias\/wp-content\/litespeed\/avatar\/18677e78aa0546b92d9dbf31ec7d7668.jpg?ver=1777290358","width":96,"height":96,"caption":"El Digital de Asturias"}},{"@type":"WebPage","@id":"https:\/\/www.eldigitaldeasturias.com\/noticias\/coronavirus-asturias-registra-el-primer-positivo-en-25-dias-sin-contagios\/#webpage","url":"https:\/\/www.eldigitaldeasturias.com\/noticias\/coronavirus-asturias-registra-el-primer-positivo-en-25-dias-sin-contagios\/","name":"Coronavirus: Asturias registra el primer positivo en 25 d\u00edas sin contagios - El Digital de Asturias","description":"El Laboratorio de Virolog\u00eda del HUCA ha confirmado esta ma\u00f1ana el positivo de un var\u00f3n que presentaba s\u00edntomas compatibles con el coronavirus. La Consejer\u00eda de Salud del Principado de Asturias constata as\u00ed el primer caso positivo de COVID-19, mediante prueba PCR, tras 25 d\u00edas sin contagios registrados en la comunidad aut\u00f3noma. El Servicio de Vigilancia","inLanguage":"es-ES","isPartOf":{"@id":"https:\/\/www.eldigitaldeasturias.com\/noticias\/#website"},"breadcrumb":{"@id":"https:\/\/www.eldigitaldeasturias.com\/noticias\/coronavirus-asturias-registra-el-primer-positivo-en-25-dias-sin-contagios\/#breadcrumblist"},"author":{"@id":"https:\/\/www.eldigitaldeasturias.com\/noticias\/author\/admin\/#author"},"creator":{"@id":"https:\/\/www.eldigitaldeasturias.com\/noticias\/author\/admin\/#author"},"image":{"@type":"ImageObject","url":"https:\/\/www.eldigitaldeasturias.com\/noticias\/wp-content\/uploads\/2020\/06\/connection-4884862_640.jpg","@id":"https:\/\/www.eldigitaldeasturias.com\/noticias\/coronavirus-asturias-registra-el-primer-positivo-en-25-dias-sin-contagios\/#mainImage","width":640,"height":436,"caption":"coronavirus"},"primaryImageOfPage":{"@id":"https:\/\/www.eldigitaldeasturias.com\/noticias\/coronavirus-asturias-registra-el-primer-positivo-en-25-dias-sin-contagios\/#mainImage"},"datePublished":"2020-07-07T10:23:33+02:00","dateModified":"2020-07-07T10:23:33+02:00"},{"@type":"WebSite","@id":"https:\/\/www.eldigitaldeasturias.com\/noticias\/#website","url":"https:\/\/www.eldigitaldeasturias.com\/noticias\/","name":"El Digital de Asturias - Diario de actualidad y noticias","alternateName":"El Digital de Asturias - Diario de actualidad y noticias","description":"Hemeroteca","inLanguage":"es-ES","publisher":{"@id":"https:\/\/www.eldigitaldeasturias.com\/noticias\/#organization"}}]},"og:locale":"es_ES","og:site_name":"El Digital de Asturias","og:type":"article","og:title":"Coronavirus: Asturias registra el primer positivo en 25 d\u00edas sin contagios - El Digital de Asturias","og:description":"El Laboratorio de Virolog\u00eda del HUCA ha confirmado esta ma\u00f1ana el positivo de un var\u00f3n que presentaba s\u00edntomas compatibles con el coronavirus. La Consejer\u00eda de Salud del Principado de Asturias constata as\u00ed el primer caso positivo de COVID-19, mediante prueba PCR, tras 25 d\u00edas sin contagios registrados en la comunidad aut\u00f3noma. El Servicio de Vigilancia","og:url":"https:\/\/www.eldigitaldeasturias.com\/noticias\/coronavirus-asturias-registra-el-primer-positivo-en-25-dias-sin-contagios\/","og:image":"https:\/\/www.eldigitaldeasturias.com\/noticias\/wp-content\/uploads\/2020\/06\/connection-4884862_640.jpg","og:image:secure_url":"https:\/\/www.eldigitaldeasturias.com\/noticias\/wp-content\/uploads\/2020\/06\/connection-4884862_640.jpg","og:image:width":640,"og:image:height":436,"article:tag":["actualidad asturias","destacadas"],"article:published_time":"2020-07-07T10:23:33+00:00","article:modified_time":"2020-07-07T10:23:33+00:00","article:publisher":"https:\/\/facebook.com\/eldigitaldeasturias","twitter:card":"summary_large_image","twitter:title":"Coronavirus: Asturias registra el primer positivo en 25 d\u00edas sin contagios - El Digital de Asturias","twitter:description":"El Laboratorio de Virolog\u00eda del HUCA ha confirmado esta ma\u00f1ana el positivo de un var\u00f3n que presentaba s\u00edntomas compatibles con el coronavirus. La Consejer\u00eda de Salud del Principado de Asturias constata as\u00ed el primer caso positivo de COVID-19, mediante prueba PCR, tras 25 d\u00edas sin contagios registrados en la comunidad aut\u00f3noma. El Servicio de Vigilancia","twitter:image":"https:\/\/www.eldigitaldeasturias.com\/noticias\/wp-content\/uploads\/2020\/06\/connection-4884862_640.jpg","twitter:label1":"Escrito por","twitter:data1":"El Digital de Asturias","twitter:label2":"Tiempo de lectura estimado","twitter:data2":"1 minuto"},"aioseo_meta_data":{"post_id":"1069553","title":null,"description":null,"keywords":null,"keyphrases":null,"primary_term":null,"canonical_url":null,"og_title":null,"og_description":null,"og_object_type":"default","og_image_type":"default","og_image_url":null,"og_image_width":null,"og_image_height":null,"og_image_custom_url":null,"og_image_custom_fields":null,"og_video":null,"og_custom_url":null,"og_article_section":null,"og_article_tags":null,"twitter_use_og":false,"twitter_card":"default","twitter_image_type":"default","twitter_image_url":null,"twitter_image_custom_url":null,"twitter_image_custom_fields":null,"twitter_title":null,"twitter_description":null,"schema":{"blockGraphs":[],"customGraphs":[],"default":{"data":{"Article":[],"Course":[],"Dataset":[],"FAQPage":[],"Movie":[],"Person":[],"Product":[],"ProductReview":[],"Car":[],"Recipe":[],"Service":[],"SoftwareApplication":[],"WebPage":[]},"graphName":"","isEnabled":true},"graphs":[],"defaultGraph":"","defaultPostTypeGraph":""},"schema_type":null,"schema_type_options":null,"pillar_content":false,"robots_default":true,"robots_noindex":false,"robots_noarchive":false,"robots_nosnippet":false,"robots_nofollow":false,"robots_noimageindex":false,"robots_noodp":false,"robots_notranslate":false,"robots_max_snippet":null,"robots_max_videopreview":null,"robots_max_imagepreview":"large","priority":null,"frequency":null,"local_seo":null,"seo_analyzer_scan_date":"2025-09-12 21:35:51","breadcrumb_settings":null,"limit_modified_date":false,"open_ai":null,"ai":null,"created":"2020-12-21 10:46:07","updated":"2025-09-12 21:35:51"},"aioseo_breadcrumb":"<div class=\"aioseo-breadcrumbs\"><span class=\"aioseo-breadcrumb\">\n\t<a href=\"https:\/\/www.eldigitaldeasturias.com\/noticias\" title=\"Home\">Home<\/a>\n<\/span><span class=\"aioseo-breadcrumb-separator\">\u2013<\/span><span class=\"aioseo-breadcrumb\">\n\t<a href=\"https:\/\/www.eldigitaldeasturias.com\/noticias\/category\/actualidad-asturias\/\" title=\"Actualidad Asturias\">Actualidad Asturias<\/a>\n<\/span><span class=\"aioseo-breadcrumb-separator\">\u2013<\/span><span class=\"aioseo-breadcrumb\">\n\t<a href=\"https:\/\/www.eldigitaldeasturias.com\/noticias\/coronavirus-asturias-registra-el-primer-positivo-en-25-dias-sin-contagios\/\" title=\"Coronavirus: Asturias registra el primer positivo en 25 d\u00edas sin contagios\">Coronavirus: Asturias registra el primer positivo en 25 d\u00edas sin contagios<\/a>\n<\/span><\/div>","aioseo_breadcrumb_json":[{"label":"Home","link":"https:\/\/www.eldigitaldeasturias.com\/noticias"},{"label":"Actualidad Asturias","link":"https:\/\/www.eldigitaldeasturias.com\/noticias\/category\/actualidad-asturias\/"},{"label":"Coronavirus: Asturias registra el primer positivo en 25 d\u00edas sin contagios","link":"https:\/\/www.eldigitaldeasturias.com\/noticias\/coronavirus-asturias-registra-el-primer-positivo-en-25-dias-sin-contagios\/"}],"_links":{"self":[{"href":"https:\/\/www.eldigitaldeasturias.com\/noticias\/wp-json\/wp\/v2\/posts\/1069553","targetHints":{"allow":["GET"]}}],"collection":[{"href":"https:\/\/www.eldigitaldeasturias.com\/noticias\/wp-json\/wp\/v2\/posts"}],"about":[{"href":"https:\/\/www.eldigitaldeasturias.com\/noticias\/wp-json\/wp\/v2\/types\/post"}],"author":[{"embeddable":true,"href":"https:\/\/www.eldigitaldeasturias.com\/noticias\/wp-json\/wp\/v2\/users\/1"}],"replies":[{"embeddable":true,"href":"https:\/\/www.eldigitaldeasturias.com\/noticias\/wp-json\/wp\/v2\/comments?post=1069553"}],"version-history":[{"count":0,"href":"https:\/\/www.eldigitaldeasturias.com\/noticias\/wp-json\/wp\/v2\/posts\/1069553\/revisions"}],"wp:featuredmedia":[{"embeddable":true,"href":"https:\/\/www.eldigitaldeasturias.com\/noticias\/wp-json\/wp\/v2\/media\/1067868"}],"wp:attachment":[{"href":"https:\/\/www.eldigitaldeasturias.com\/noticias\/wp-json\/wp\/v2\/media?parent=1069553"}],"wp:term":[{"taxonomy":"category","embeddable":true,"href":"https:\/\/www.eldigitaldeasturias.com\/noticias\/wp-json\/wp\/v2\/categories?post=1069553"},{"taxonomy":"post_tag","embeddable":true,"href":"https:\/\/www.eldigitaldeasturias.com\/noticias\/wp-json\/wp\/v2\/tags?post=1069553"}],"curies":[{"name":"wp","href":"https:\/\/api.w.org\/{rel}","templated":true}]}}