{"id":1068851,"date":"2020-06-24T14:59:39","date_gmt":"2020-06-24T12:59:39","guid":{"rendered":"https:\/\/www.eldigitaldeasturias.com\/noticias\/?p=1068851"},"modified":"2020-06-24T14:59:39","modified_gmt":"2020-06-24T12:59:39","slug":"el-gobierno-de-argentina-ha-decidido-frenar-la-expropiacion-de-vicentin","status":"publish","type":"post","link":"https:\/\/www.eldigitaldeasturias.com\/noticias\/el-gobierno-de-argentina-ha-decidido-frenar-la-expropiacion-de-vicentin\/","title":{"rendered":"El Gobierno de Argentina ha decidido frenar la expropiaci\u00f3n de Vicentin"},"content":{"rendered":"<figure id=\"attachment_1068852\" aria-describedby=\"caption-attachment-1068852\" style=\"width: 360px\" class=\"wp-caption alignleft\"><img loading=\"lazy\" decoding=\"async\" class=\"size-medium wp-image-1068852\" src=\"https:\/\/www.eldigitaldeasturias.com\/noticias\/wp-content\/uploads\/2020\/06\/Alberto-Fernandez-1-360x238.jpg\" alt=\"\" width=\"360\" height=\"238\" srcset=\"https:\/\/www.eldigitaldeasturias.com\/noticias\/wp-content\/uploads\/2020\/06\/Alberto-Fernandez-1-360x238.jpg 360w, https:\/\/www.eldigitaldeasturias.com\/noticias\/wp-content\/uploads\/2020\/06\/Alberto-Fernandez-1-690x456.jpg 690w, https:\/\/www.eldigitaldeasturias.com\/noticias\/wp-content\/uploads\/2020\/06\/Alberto-Fernandez-1-454x300.jpg 454w, https:\/\/www.eldigitaldeasturias.com\/noticias\/wp-content\/uploads\/2020\/06\/Alberto-Fernandez-1-768x508.jpg 768w, https:\/\/www.eldigitaldeasturias.com\/noticias\/wp-content\/uploads\/2020\/06\/Alberto-Fernandez-1-696x460.jpg 696w, https:\/\/www.eldigitaldeasturias.com\/noticias\/wp-content\/uploads\/2020\/06\/Alberto-Fernandez-1-635x420.jpg 635w, https:\/\/www.eldigitaldeasturias.com\/noticias\/wp-content\/uploads\/2020\/06\/Alberto-Fernandez-1.jpg 1000w\" sizes=\"auto, (max-width: 360px) 100vw, 360px\" \/><figcaption id=\"caption-attachment-1068852\" class=\"wp-caption-text\">Foto: Esteban Collazo\/Presidencia Argentina\/dpa<\/figcaption><\/figure>\n<p>(Europa Press) &#8211;\u00a0El Gobierno de Argentina ha decidido frenar de momento la expropiaci\u00f3n de la empresa agroalimentaria Vicentin y, a la espera de lo que decidan los jueces, ha dejado el destino de la firma en manos del plan ideado por el gobernador de Santa Fe, Omar Perotti, una intervenci\u00f3n en la que no estar\u00e1n los actuales directivos que la llevaron a la suspensi\u00f3n de pagos.<\/p>\n<p>La decisi\u00f3n del presidente, Alberto Fern\u00e1ndez, se ha producido tras la resoluci\u00f3n del juez Fabi\u00e1n Lorenzini, quien puso freno a la intervenci\u00f3n del Estado en la empresa, y las manifestaciones del s\u00e1bado, que llegaron a congregar, seg\u00fan apuntan algunos medios a unas 9.000 personas en Avellaneda, en el norte de Santa Fe, para protestar contra el Gobierno.<\/p>\n<p>Al igual que el plan de Fern\u00e1ndez, el de Perotti, aunque con ciertas particularidades, tambi\u00e9n pretende rescatar la empresa, quit\u00e1ndole a sus actuales due\u00f1os el control de la misma al considerar que son los principales responsables de que haya tenido que declararse en concurso de acreedores y en suspensi\u00f3n de pagos.<\/p>\n<p>La propuesta de Perotti, que deber\u00e1 ser aprobada o no en sede judicial, se basa en una intervenci\u00f3n, y no en una expropiaci\u00f3n, a dos bandas entre el Gobierno de Argentina y el de la provincia de Santa Fe, sin la participaci\u00f3n de los actuales due\u00f1os.<\/p>\n<p>\u00abEs crucial durante este tiempo una gesti\u00f3n empresaria adecuada, eficiente y austera, que permita generar recursos para lograr un acuerdo preventivo\u00bb, defendi\u00f3 Perotti en un texto en el que tambi\u00e9n se record\u00f3 las investigaciones que algunas entidades financieras extranjeras est\u00e1n llevando cabo sobre los posibles delitos de blanqueo de dinero que habr\u00eda cometido la antigua directiva de la firma.<\/p>\n<p>No obstante, Fern\u00e1ndez ya puntualiz\u00f3 que en caso de que no salga adelante la propuesta del gobernador de Sante Fe, la idea inicial del Gobierno de llevar a cabo una expropiaci\u00f3n continuar\u00e1 y lament\u00f3 que el magistrado Lorenzini tomara su decisi\u00f3n dej\u00e1ndose llevar por \u00abel microclima de la zona\u00bb y no por razones de \u00abderecho\u00bb, en referencia a las protestas de Avellaneda este fin de semana.<\/p>\n<p>En caso de que la idea de Perotti salga adelante, Vicentin ser\u00e1 gestionada por dos interventores del Gobierno, Gabriel Delgado y Luciano Zariach, y uno nombrado por las autoridades de la provincia, Alejandro Bento, ha informado el diario argentino &#8216;La Naci\u00f3n&#8217;.<\/p>\n<p>La exportadora de granos, harinas y aceites se encuentra en concurso de acreedores, con una deuda de 100.000 millones de pesos (m\u00e1s 1.200 millones de euros). \u00abEstoy rescatando una empresa en quiebra\u00bb, ha recalcado en varias ocasiones el presidente argentino, quien ha descartado que su decisi\u00f3n se trate de un \u00abhecho caprichoso\u00bb.<\/p>\n<p>Durante la comparecencia hace dos semanas para anunciar la idea del Gobierno de expropiar la compa\u00f1\u00eda, Fern\u00e1ndez se\u00f1al\u00f3 que uno de los objetivos de la misma era lograr la soberan\u00eda alimenticia en Argentina, pensando en la situaci\u00f3n que vivir\u00e1 el pa\u00eds despu\u00e9s de la pandemia de la COVID-19.<\/p>\n","protected":false},"excerpt":{"rendered":"<p>(Europa Press) &#8211;\u00a0El Gobierno de Argentina ha decidido frenar de momento la expropiaci\u00f3n de la empresa agroalimentaria Vicentin y, a la espera de lo que decidan los jueces, ha dejado el destino de la firma en manos del plan ideado por el gobernador de Santa Fe, Omar Perotti, una intervenci\u00f3n en la que no estar\u00e1n [&hellip;]<\/p>\n","protected":false},"author":1,"featured_media":1068852,"comment_status":"closed","ping_status":"closed","sticky":false,"template":"","format":"standard","meta":{"footnotes":""},"categories":[219],"tags":[],"class_list":["post-1068851","post","type-post","status-publish","format-standard","has-post-thumbnail","hentry","category-negocios-y-empresas"],"aioseo_notices":[],"aioseo_head":"\n\t\t<!-- All in One SEO Pro 4.9.6.2 - aioseo.com -->\n\t<meta name=\"description\" content=\"(Europa Press) - El Gobierno de Argentina ha decidido frenar de momento la expropiaci\u00f3n de la empresa agroalimentaria Vicentin y, a la espera de lo que decidan los jueces, ha dejado el destino de la firma en manos del plan ideado por el gobernador de Santa Fe, Omar Perotti, una intervenci\u00f3n en la que no estar\u00e1n\" \/>\n\t<meta name=\"robots\" content=\"max-image-preview:large\" \/>\n\t<meta name=\"author\" content=\"El Digital de Asturias\"\/>\n\t<meta name=\"google-site-verification\" content=\"UA-38556648-1\" \/>\n\t<meta name=\"msvalidate.01\" content=\"7dfe9f3f1b24437ab69f4f2559babe99\" \/>\n\t<meta name=\"keywords\" content=\"negocios y empresas\" \/>\n\t<link rel=\"canonical\" href=\"https:\/\/www.eldigitaldeasturias.com\/noticias\/el-gobierno-de-argentina-ha-decidido-frenar-la-expropiacion-de-vicentin\/\" \/>\n\t<meta name=\"generator\" content=\"All in One SEO Pro (AIOSEO) 4.9.6.2\" \/>\n\t\t<meta property=\"og:locale\" content=\"es_ES\" \/>\n\t\t<meta property=\"og:site_name\" content=\"El Digital de Asturias\" \/>\n\t\t<meta property=\"og:type\" content=\"article\" \/>\n\t\t<meta property=\"og:title\" content=\"El Gobierno de Argentina ha decidido frenar la expropiaci\u00f3n de Vicentin - El Digital de Asturias\" \/>\n\t\t<meta property=\"og:description\" content=\"(Europa Press) - El Gobierno de Argentina ha decidido frenar de momento la expropiaci\u00f3n de la empresa agroalimentaria Vicentin y, a la espera de lo que decidan los jueces, ha dejado el destino de la firma en manos del plan ideado por el gobernador de Santa Fe, Omar Perotti, una intervenci\u00f3n en la que no estar\u00e1n\" \/>\n\t\t<meta property=\"og:url\" content=\"https:\/\/www.eldigitaldeasturias.com\/noticias\/el-gobierno-de-argentina-ha-decidido-frenar-la-expropiacion-de-vicentin\/\" \/>\n\t\t<meta property=\"og:image\" content=\"https:\/\/www.eldigitaldeasturias.com\/noticias\/wp-content\/uploads\/2020\/06\/Alberto-Fernandez-1.jpg\" \/>\n\t\t<meta property=\"og:image:secure_url\" content=\"https:\/\/www.eldigitaldeasturias.com\/noticias\/wp-content\/uploads\/2020\/06\/Alberto-Fernandez-1.jpg\" \/>\n\t\t<meta property=\"og:image:width\" content=\"1000\" \/>\n\t\t<meta property=\"og:image:height\" content=\"661\" \/>\n\t\t<meta property=\"article:tag\" content=\"negocios y empresas\" \/>\n\t\t<meta property=\"article:published_time\" content=\"2020-06-24T12:59:39+00:00\" \/>\n\t\t<meta property=\"article:modified_time\" content=\"2020-06-24T12:59:39+00:00\" \/>\n\t\t<meta property=\"article:publisher\" content=\"https:\/\/facebook.com\/eldigitaldeasturias\" \/>\n\t\t<meta name=\"twitter:card\" content=\"summary_large_image\" \/>\n\t\t<meta name=\"twitter:title\" content=\"El Gobierno de Argentina ha decidido frenar la expropiaci\u00f3n de Vicentin - El Digital de Asturias\" \/>\n\t\t<meta name=\"twitter:description\" content=\"(Europa Press) - El Gobierno de Argentina ha decidido frenar de momento la expropiaci\u00f3n de la empresa agroalimentaria Vicentin y, a la espera de lo que decidan los jueces, ha dejado el destino de la firma en manos del plan ideado por el gobernador de Santa Fe, Omar Perotti, una intervenci\u00f3n en la que no estar\u00e1n\" \/>\n\t\t<meta name=\"twitter:image\" content=\"https:\/\/www.eldigitaldeasturias.com\/noticias\/wp-content\/uploads\/2020\/06\/Alberto-Fernandez-1.jpg\" \/>\n\t\t<meta name=\"twitter:label1\" content=\"Escrito por\" \/>\n\t\t<meta name=\"twitter:data1\" content=\"El Digital de Asturias\" \/>\n\t\t<meta name=\"twitter:label2\" content=\"Tiempo de lectura estimado\" \/>\n\t\t<meta name=\"twitter:data2\" content=\"3 minutos\" \/>\n\t\t<script type=\"application\/ld+json\" class=\"aioseo-schema\">\n\t\t\t{\"@context\":\"https:\\\/\\\/schema.org\",\"@graph\":[{\"@type\":\"BlogPosting\",\"@id\":\"https:\\\/\\\/www.eldigitaldeasturias.com\\\/noticias\\\/el-gobierno-de-argentina-ha-decidido-frenar-la-expropiacion-de-vicentin\\\/#blogposting\",\"name\":\"El Gobierno de Argentina ha decidido frenar la expropiaci\\u00f3n de Vicentin - El Digital de Asturias\",\"headline\":\"El Gobierno de Argentina ha decidido frenar la expropiaci\\u00f3n de Vicentin\",\"author\":{\"@id\":\"https:\\\/\\\/www.eldigitaldeasturias.com\\\/noticias\\\/author\\\/admin\\\/#author\"},\"publisher\":{\"@id\":\"https:\\\/\\\/www.eldigitaldeasturias.com\\\/noticias\\\/#organization\"},\"image\":{\"@type\":\"ImageObject\",\"url\":\"https:\\\/\\\/www.eldigitaldeasturias.com\\\/noticias\\\/wp-content\\\/uploads\\\/2020\\\/06\\\/Alberto-Fernandez-1.jpg\",\"width\":1000,\"height\":661,\"caption\":\"Foto: Esteban Collazo\\\/Presidencia Argentina\\\/dpa\"},\"datePublished\":\"2020-06-24T14:59:39+02:00\",\"dateModified\":\"2020-06-24T14:59:39+02:00\",\"inLanguage\":\"es-ES\",\"mainEntityOfPage\":{\"@id\":\"https:\\\/\\\/www.eldigitaldeasturias.com\\\/noticias\\\/el-gobierno-de-argentina-ha-decidido-frenar-la-expropiacion-de-vicentin\\\/#webpage\"},\"isPartOf\":{\"@id\":\"https:\\\/\\\/www.eldigitaldeasturias.com\\\/noticias\\\/el-gobierno-de-argentina-ha-decidido-frenar-la-expropiacion-de-vicentin\\\/#webpage\"},\"articleSection\":\"Negocios y Empresas\"},{\"@type\":\"BreadcrumbList\",\"@id\":\"https:\\\/\\\/www.eldigitaldeasturias.com\\\/noticias\\\/el-gobierno-de-argentina-ha-decidido-frenar-la-expropiacion-de-vicentin\\\/#breadcrumblist\",\"itemListElement\":[{\"@type\":\"ListItem\",\"@id\":\"https:\\\/\\\/www.eldigitaldeasturias.com\\\/noticias#listItem\",\"position\":1,\"name\":\"Home\",\"item\":\"https:\\\/\\\/www.eldigitaldeasturias.com\\\/noticias\",\"nextItem\":{\"@type\":\"ListItem\",\"@id\":\"https:\\\/\\\/www.eldigitaldeasturias.com\\\/noticias\\\/category\\\/negocios-y-empresas\\\/#listItem\",\"name\":\"Negocios y Empresas\"}},{\"@type\":\"ListItem\",\"@id\":\"https:\\\/\\\/www.eldigitaldeasturias.com\\\/noticias\\\/category\\\/negocios-y-empresas\\\/#listItem\",\"position\":2,\"name\":\"Negocios y Empresas\",\"item\":\"https:\\\/\\\/www.eldigitaldeasturias.com\\\/noticias\\\/category\\\/negocios-y-empresas\\\/\",\"nextItem\":{\"@type\":\"ListItem\",\"@id\":\"https:\\\/\\\/www.eldigitaldeasturias.com\\\/noticias\\\/el-gobierno-de-argentina-ha-decidido-frenar-la-expropiacion-de-vicentin\\\/#listItem\",\"name\":\"El Gobierno de Argentina ha decidido frenar la expropiaci\\u00f3n de Vicentin\"},\"previousItem\":{\"@type\":\"ListItem\",\"@id\":\"https:\\\/\\\/www.eldigitaldeasturias.com\\\/noticias#listItem\",\"name\":\"Home\"}},{\"@type\":\"ListItem\",\"@id\":\"https:\\\/\\\/www.eldigitaldeasturias.com\\\/noticias\\\/el-gobierno-de-argentina-ha-decidido-frenar-la-expropiacion-de-vicentin\\\/#listItem\",\"position\":3,\"name\":\"El Gobierno de Argentina ha decidido frenar la expropiaci\\u00f3n de Vicentin\",\"previousItem\":{\"@type\":\"ListItem\",\"@id\":\"https:\\\/\\\/www.eldigitaldeasturias.com\\\/noticias\\\/category\\\/negocios-y-empresas\\\/#listItem\",\"name\":\"Negocios y Empresas\"}}]},{\"@type\":\"Organization\",\"@id\":\"https:\\\/\\\/www.eldigitaldeasturias.com\\\/noticias\\\/#organization\",\"name\":\"El Digital de Asturias\",\"description\":\"Hemeroteca\",\"url\":\"https:\\\/\\\/www.eldigitaldeasturias.com\\\/noticias\\\/\",\"email\":\"info@eldigitaldeasturias.com\",\"telephone\":\"+34652131393\",\"logo\":{\"@type\":\"ImageObject\",\"url\":\"https:\\\/\\\/www.eldigitaldeasturias.com\\\/noticias\\\/wp-content\\\/uploads\\\/2020\\\/12\\\/EDA.jpg\",\"@id\":\"https:\\\/\\\/www.eldigitaldeasturias.com\\\/noticias\\\/el-gobierno-de-argentina-ha-decidido-frenar-la-expropiacion-de-vicentin\\\/#organizationLogo\",\"width\":649,\"height\":297},\"image\":{\"@id\":\"https:\\\/\\\/www.eldigitaldeasturias.com\\\/noticias\\\/el-gobierno-de-argentina-ha-decidido-frenar-la-expropiacion-de-vicentin\\\/#organizationLogo\"},\"sameAs\":[\"https:\\\/\\\/facebook.com\\\/eldigitaldeasturias\",\"https:\\\/\\\/www.youtube.com\\\/channel\\\/UCZP-2wLEB9Rv6erhFmqVnvg\"],\"address\":{\"@id\":\"https:\\\/\\\/www.eldigitaldeasturias.com\\\/noticias\\\/#postaladdress\",\"@type\":\"PostalAddress\",\"streetAddress\":\"san antonio 4,\",\"postalCode\":\"33430\",\"addressLocality\":\"Cand\\u00e1s\",\"addressRegion\":\"Asturias\",\"addressCountry\":\"ES\"}},{\"@type\":\"Person\",\"@id\":\"https:\\\/\\\/www.eldigitaldeasturias.com\\\/noticias\\\/author\\\/admin\\\/#author\",\"url\":\"https:\\\/\\\/www.eldigitaldeasturias.com\\\/noticias\\\/author\\\/admin\\\/\",\"name\":\"El Digital de Asturias\",\"image\":{\"@type\":\"ImageObject\",\"@id\":\"https:\\\/\\\/www.eldigitaldeasturias.com\\\/noticias\\\/el-gobierno-de-argentina-ha-decidido-frenar-la-expropiacion-de-vicentin\\\/#authorImage\",\"url\":\"https:\\\/\\\/www.eldigitaldeasturias.com\\\/noticias\\\/wp-content\\\/litespeed\\\/avatar\\\/18677e78aa0546b92d9dbf31ec7d7668.jpg?ver=1776685526\",\"width\":96,\"height\":96,\"caption\":\"El Digital de Asturias\"}},{\"@type\":\"WebPage\",\"@id\":\"https:\\\/\\\/www.eldigitaldeasturias.com\\\/noticias\\\/el-gobierno-de-argentina-ha-decidido-frenar-la-expropiacion-de-vicentin\\\/#webpage\",\"url\":\"https:\\\/\\\/www.eldigitaldeasturias.com\\\/noticias\\\/el-gobierno-de-argentina-ha-decidido-frenar-la-expropiacion-de-vicentin\\\/\",\"name\":\"El Gobierno de Argentina ha decidido frenar la expropiaci\\u00f3n de Vicentin - El Digital de Asturias\",\"description\":\"(Europa Press) - El Gobierno de Argentina ha decidido frenar de momento la expropiaci\\u00f3n de la empresa agroalimentaria Vicentin y, a la espera de lo que decidan los jueces, ha dejado el destino de la firma en manos del plan ideado por el gobernador de Santa Fe, Omar Perotti, una intervenci\\u00f3n en la que no estar\\u00e1n\",\"inLanguage\":\"es-ES\",\"isPartOf\":{\"@id\":\"https:\\\/\\\/www.eldigitaldeasturias.com\\\/noticias\\\/#website\"},\"breadcrumb\":{\"@id\":\"https:\\\/\\\/www.eldigitaldeasturias.com\\\/noticias\\\/el-gobierno-de-argentina-ha-decidido-frenar-la-expropiacion-de-vicentin\\\/#breadcrumblist\"},\"author\":{\"@id\":\"https:\\\/\\\/www.eldigitaldeasturias.com\\\/noticias\\\/author\\\/admin\\\/#author\"},\"creator\":{\"@id\":\"https:\\\/\\\/www.eldigitaldeasturias.com\\\/noticias\\\/author\\\/admin\\\/#author\"},\"image\":{\"@type\":\"ImageObject\",\"url\":\"https:\\\/\\\/www.eldigitaldeasturias.com\\\/noticias\\\/wp-content\\\/uploads\\\/2020\\\/06\\\/Alberto-Fernandez-1.jpg\",\"@id\":\"https:\\\/\\\/www.eldigitaldeasturias.com\\\/noticias\\\/el-gobierno-de-argentina-ha-decidido-frenar-la-expropiacion-de-vicentin\\\/#mainImage\",\"width\":1000,\"height\":661,\"caption\":\"Foto: Esteban Collazo\\\/Presidencia Argentina\\\/dpa\"},\"primaryImageOfPage\":{\"@id\":\"https:\\\/\\\/www.eldigitaldeasturias.com\\\/noticias\\\/el-gobierno-de-argentina-ha-decidido-frenar-la-expropiacion-de-vicentin\\\/#mainImage\"},\"datePublished\":\"2020-06-24T14:59:39+02:00\",\"dateModified\":\"2020-06-24T14:59:39+02:00\"},{\"@type\":\"WebSite\",\"@id\":\"https:\\\/\\\/www.eldigitaldeasturias.com\\\/noticias\\\/#website\",\"url\":\"https:\\\/\\\/www.eldigitaldeasturias.com\\\/noticias\\\/\",\"name\":\"El Digital de Asturias - Diario de actualidad y noticias\",\"alternateName\":\"El Digital de Asturias - Diario de actualidad y noticias\",\"description\":\"Hemeroteca\",\"inLanguage\":\"es-ES\",\"publisher\":{\"@id\":\"https:\\\/\\\/www.eldigitaldeasturias.com\\\/noticias\\\/#organization\"}}]}\n\t\t<\/script>\n\t\t<!-- All in One SEO Pro -->\r\n\t\t<title>El Gobierno de Argentina ha decidido frenar la expropiaci\u00f3n de Vicentin - El Digital de Asturias<\/title>\n\n","aioseo_head_json":{"title":"El Gobierno de Argentina ha decidido frenar la expropiaci\u00f3n de Vicentin - El Digital de Asturias","description":"(Europa Press) - El Gobierno de Argentina ha decidido frenar de momento la expropiaci\u00f3n de la empresa agroalimentaria Vicentin y, a la espera de lo que decidan los jueces, ha dejado el destino de la firma en manos del plan ideado por el gobernador de Santa Fe, Omar Perotti, una intervenci\u00f3n en la que no estar\u00e1n","canonical_url":"https:\/\/www.eldigitaldeasturias.com\/noticias\/el-gobierno-de-argentina-ha-decidido-frenar-la-expropiacion-de-vicentin\/","robots":"max-image-preview:large","keywords":"negocios y empresas","webmasterTools":{"google-site-verification":"UA-38556648-1","msvalidate.01":"7dfe9f3f1b24437ab69f4f2559babe99","miscellaneous":""},"schema":{"@context":"https:\/\/schema.org","@graph":[{"@type":"BlogPosting","@id":"https:\/\/www.eldigitaldeasturias.com\/noticias\/el-gobierno-de-argentina-ha-decidido-frenar-la-expropiacion-de-vicentin\/#blogposting","name":"El Gobierno de Argentina ha decidido frenar la expropiaci\u00f3n de Vicentin - El Digital de Asturias","headline":"El Gobierno de Argentina ha decidido frenar la expropiaci\u00f3n de Vicentin","author":{"@id":"https:\/\/www.eldigitaldeasturias.com\/noticias\/author\/admin\/#author"},"publisher":{"@id":"https:\/\/www.eldigitaldeasturias.com\/noticias\/#organization"},"image":{"@type":"ImageObject","url":"https:\/\/www.eldigitaldeasturias.com\/noticias\/wp-content\/uploads\/2020\/06\/Alberto-Fernandez-1.jpg","width":1000,"height":661,"caption":"Foto: Esteban Collazo\/Presidencia Argentina\/dpa"},"datePublished":"2020-06-24T14:59:39+02:00","dateModified":"2020-06-24T14:59:39+02:00","inLanguage":"es-ES","mainEntityOfPage":{"@id":"https:\/\/www.eldigitaldeasturias.com\/noticias\/el-gobierno-de-argentina-ha-decidido-frenar-la-expropiacion-de-vicentin\/#webpage"},"isPartOf":{"@id":"https:\/\/www.eldigitaldeasturias.com\/noticias\/el-gobierno-de-argentina-ha-decidido-frenar-la-expropiacion-de-vicentin\/#webpage"},"articleSection":"Negocios y Empresas"},{"@type":"BreadcrumbList","@id":"https:\/\/www.eldigitaldeasturias.com\/noticias\/el-gobierno-de-argentina-ha-decidido-frenar-la-expropiacion-de-vicentin\/#breadcrumblist","itemListElement":[{"@type":"ListItem","@id":"https:\/\/www.eldigitaldeasturias.com\/noticias#listItem","position":1,"name":"Home","item":"https:\/\/www.eldigitaldeasturias.com\/noticias","nextItem":{"@type":"ListItem","@id":"https:\/\/www.eldigitaldeasturias.com\/noticias\/category\/negocios-y-empresas\/#listItem","name":"Negocios y Empresas"}},{"@type":"ListItem","@id":"https:\/\/www.eldigitaldeasturias.com\/noticias\/category\/negocios-y-empresas\/#listItem","position":2,"name":"Negocios y Empresas","item":"https:\/\/www.eldigitaldeasturias.com\/noticias\/category\/negocios-y-empresas\/","nextItem":{"@type":"ListItem","@id":"https:\/\/www.eldigitaldeasturias.com\/noticias\/el-gobierno-de-argentina-ha-decidido-frenar-la-expropiacion-de-vicentin\/#listItem","name":"El Gobierno de Argentina ha decidido frenar la expropiaci\u00f3n de Vicentin"},"previousItem":{"@type":"ListItem","@id":"https:\/\/www.eldigitaldeasturias.com\/noticias#listItem","name":"Home"}},{"@type":"ListItem","@id":"https:\/\/www.eldigitaldeasturias.com\/noticias\/el-gobierno-de-argentina-ha-decidido-frenar-la-expropiacion-de-vicentin\/#listItem","position":3,"name":"El Gobierno de Argentina ha decidido frenar la expropiaci\u00f3n de Vicentin","previousItem":{"@type":"ListItem","@id":"https:\/\/www.eldigitaldeasturias.com\/noticias\/category\/negocios-y-empresas\/#listItem","name":"Negocios y Empresas"}}]},{"@type":"Organization","@id":"https:\/\/www.eldigitaldeasturias.com\/noticias\/#organization","name":"El Digital de Asturias","description":"Hemeroteca","url":"https:\/\/www.eldigitaldeasturias.com\/noticias\/","email":"info@eldigitaldeasturias.com","telephone":"+34652131393","logo":{"@type":"ImageObject","url":"https:\/\/www.eldigitaldeasturias.com\/noticias\/wp-content\/uploads\/2020\/12\/EDA.jpg","@id":"https:\/\/www.eldigitaldeasturias.com\/noticias\/el-gobierno-de-argentina-ha-decidido-frenar-la-expropiacion-de-vicentin\/#organizationLogo","width":649,"height":297},"image":{"@id":"https:\/\/www.eldigitaldeasturias.com\/noticias\/el-gobierno-de-argentina-ha-decidido-frenar-la-expropiacion-de-vicentin\/#organizationLogo"},"sameAs":["https:\/\/facebook.com\/eldigitaldeasturias","https:\/\/www.youtube.com\/channel\/UCZP-2wLEB9Rv6erhFmqVnvg"],"address":{"@id":"https:\/\/www.eldigitaldeasturias.com\/noticias\/#postaladdress","@type":"PostalAddress","streetAddress":"san antonio 4,","postalCode":"33430","addressLocality":"Cand\u00e1s","addressRegion":"Asturias","addressCountry":"ES"}},{"@type":"Person","@id":"https:\/\/www.eldigitaldeasturias.com\/noticias\/author\/admin\/#author","url":"https:\/\/www.eldigitaldeasturias.com\/noticias\/author\/admin\/","name":"El Digital de Asturias","image":{"@type":"ImageObject","@id":"https:\/\/www.eldigitaldeasturias.com\/noticias\/el-gobierno-de-argentina-ha-decidido-frenar-la-expropiacion-de-vicentin\/#authorImage","url":"https:\/\/www.eldigitaldeasturias.com\/noticias\/wp-content\/litespeed\/avatar\/18677e78aa0546b92d9dbf31ec7d7668.jpg?ver=1776685526","width":96,"height":96,"caption":"El Digital de Asturias"}},{"@type":"WebPage","@id":"https:\/\/www.eldigitaldeasturias.com\/noticias\/el-gobierno-de-argentina-ha-decidido-frenar-la-expropiacion-de-vicentin\/#webpage","url":"https:\/\/www.eldigitaldeasturias.com\/noticias\/el-gobierno-de-argentina-ha-decidido-frenar-la-expropiacion-de-vicentin\/","name":"El Gobierno de Argentina ha decidido frenar la expropiaci\u00f3n de Vicentin - El Digital de Asturias","description":"(Europa Press) - El Gobierno de Argentina ha decidido frenar de momento la expropiaci\u00f3n de la empresa agroalimentaria Vicentin y, a la espera de lo que decidan los jueces, ha dejado el destino de la firma en manos del plan ideado por el gobernador de Santa Fe, Omar Perotti, una intervenci\u00f3n en la que no estar\u00e1n","inLanguage":"es-ES","isPartOf":{"@id":"https:\/\/www.eldigitaldeasturias.com\/noticias\/#website"},"breadcrumb":{"@id":"https:\/\/www.eldigitaldeasturias.com\/noticias\/el-gobierno-de-argentina-ha-decidido-frenar-la-expropiacion-de-vicentin\/#breadcrumblist"},"author":{"@id":"https:\/\/www.eldigitaldeasturias.com\/noticias\/author\/admin\/#author"},"creator":{"@id":"https:\/\/www.eldigitaldeasturias.com\/noticias\/author\/admin\/#author"},"image":{"@type":"ImageObject","url":"https:\/\/www.eldigitaldeasturias.com\/noticias\/wp-content\/uploads\/2020\/06\/Alberto-Fernandez-1.jpg","@id":"https:\/\/www.eldigitaldeasturias.com\/noticias\/el-gobierno-de-argentina-ha-decidido-frenar-la-expropiacion-de-vicentin\/#mainImage","width":1000,"height":661,"caption":"Foto: Esteban Collazo\/Presidencia Argentina\/dpa"},"primaryImageOfPage":{"@id":"https:\/\/www.eldigitaldeasturias.com\/noticias\/el-gobierno-de-argentina-ha-decidido-frenar-la-expropiacion-de-vicentin\/#mainImage"},"datePublished":"2020-06-24T14:59:39+02:00","dateModified":"2020-06-24T14:59:39+02:00"},{"@type":"WebSite","@id":"https:\/\/www.eldigitaldeasturias.com\/noticias\/#website","url":"https:\/\/www.eldigitaldeasturias.com\/noticias\/","name":"El Digital de Asturias - Diario de actualidad y noticias","alternateName":"El Digital de Asturias - Diario de actualidad y noticias","description":"Hemeroteca","inLanguage":"es-ES","publisher":{"@id":"https:\/\/www.eldigitaldeasturias.com\/noticias\/#organization"}}]},"og:locale":"es_ES","og:site_name":"El Digital de Asturias","og:type":"article","og:title":"El Gobierno de Argentina ha decidido frenar la expropiaci\u00f3n de Vicentin - El Digital de Asturias","og:description":"(Europa Press) - El Gobierno de Argentina ha decidido frenar de momento la expropiaci\u00f3n de la empresa agroalimentaria Vicentin y, a la espera de lo que decidan los jueces, ha dejado el destino de la firma en manos del plan ideado por el gobernador de Santa Fe, Omar Perotti, una intervenci\u00f3n en la que no estar\u00e1n","og:url":"https:\/\/www.eldigitaldeasturias.com\/noticias\/el-gobierno-de-argentina-ha-decidido-frenar-la-expropiacion-de-vicentin\/","og:image":"https:\/\/www.eldigitaldeasturias.com\/noticias\/wp-content\/uploads\/2020\/06\/Alberto-Fernandez-1.jpg","og:image:secure_url":"https:\/\/www.eldigitaldeasturias.com\/noticias\/wp-content\/uploads\/2020\/06\/Alberto-Fernandez-1.jpg","og:image:width":1000,"og:image:height":661,"article:tag":["negocios y empresas"],"article:published_time":"2020-06-24T12:59:39+00:00","article:modified_time":"2020-06-24T12:59:39+00:00","article:publisher":"https:\/\/facebook.com\/eldigitaldeasturias","twitter:card":"summary_large_image","twitter:title":"El Gobierno de Argentina ha decidido frenar la expropiaci\u00f3n de Vicentin - El Digital de Asturias","twitter:description":"(Europa Press) - El Gobierno de Argentina ha decidido frenar de momento la expropiaci\u00f3n de la empresa agroalimentaria Vicentin y, a la espera de lo que decidan los jueces, ha dejado el destino de la firma en manos del plan ideado por el gobernador de Santa Fe, Omar Perotti, una intervenci\u00f3n en la que no estar\u00e1n","twitter:image":"https:\/\/www.eldigitaldeasturias.com\/noticias\/wp-content\/uploads\/2020\/06\/Alberto-Fernandez-1.jpg","twitter:label1":"Escrito por","twitter:data1":"El Digital de Asturias","twitter:label2":"Tiempo de lectura estimado","twitter:data2":"3 minutos"},"aioseo_meta_data":{"post_id":"1068851","title":null,"description":null,"keywords":null,"keyphrases":null,"primary_term":null,"canonical_url":null,"og_title":null,"og_description":null,"og_object_type":"default","og_image_type":"default","og_image_url":null,"og_image_width":null,"og_image_height":null,"og_image_custom_url":null,"og_image_custom_fields":null,"og_video":null,"og_custom_url":null,"og_article_section":null,"og_article_tags":null,"twitter_use_og":false,"twitter_card":"default","twitter_image_type":"default","twitter_image_url":null,"twitter_image_custom_url":null,"twitter_image_custom_fields":null,"twitter_title":null,"twitter_description":null,"schema":{"blockGraphs":[],"customGraphs":[],"default":{"data":{"Article":[],"Course":[],"Dataset":[],"FAQPage":[],"Movie":[],"Person":[],"Product":[],"ProductReview":[],"Car":[],"Recipe":[],"Service":[],"SoftwareApplication":[],"WebPage":[]},"graphName":"","isEnabled":true},"graphs":[],"defaultGraph":"","defaultPostTypeGraph":""},"schema_type":null,"schema_type_options":null,"pillar_content":false,"robots_default":true,"robots_noindex":false,"robots_noarchive":false,"robots_nosnippet":false,"robots_nofollow":false,"robots_noimageindex":false,"robots_noodp":false,"robots_notranslate":false,"robots_max_snippet":null,"robots_max_videopreview":null,"robots_max_imagepreview":"large","priority":null,"frequency":null,"local_seo":null,"seo_analyzer_scan_date":"2025-09-12 19:27:53","breadcrumb_settings":null,"limit_modified_date":false,"open_ai":null,"ai":null,"created":"2020-12-21 10:47:13","updated":"2025-09-12 19:27:53"},"aioseo_breadcrumb":"<div class=\"aioseo-breadcrumbs\"><span class=\"aioseo-breadcrumb\">\n\t<a href=\"https:\/\/www.eldigitaldeasturias.com\/noticias\" title=\"Home\">Home<\/a>\n<\/span><span class=\"aioseo-breadcrumb-separator\">\u2013<\/span><span class=\"aioseo-breadcrumb\">\n\t<a href=\"https:\/\/www.eldigitaldeasturias.com\/noticias\/category\/negocios-y-empresas\/\" title=\"Negocios y Empresas\">Negocios y Empresas<\/a>\n<\/span><span class=\"aioseo-breadcrumb-separator\">\u2013<\/span><span class=\"aioseo-breadcrumb\">\n\t<a href=\"https:\/\/www.eldigitaldeasturias.com\/noticias\/el-gobierno-de-argentina-ha-decidido-frenar-la-expropiacion-de-vicentin\/\" title=\"El Gobierno de Argentina ha decidido frenar la expropiaci\u00f3n de Vicentin\">El Gobierno de Argentina ha decidido frenar la expropiaci\u00f3n de Vicentin<\/a>\n<\/span><\/div>","aioseo_breadcrumb_json":[{"label":"Home","link":"https:\/\/www.eldigitaldeasturias.com\/noticias"},{"label":"Negocios y Empresas","link":"https:\/\/www.eldigitaldeasturias.com\/noticias\/category\/negocios-y-empresas\/"},{"label":"El Gobierno de Argentina ha decidido frenar la expropiaci\u00f3n de Vicentin","link":"https:\/\/www.eldigitaldeasturias.com\/noticias\/el-gobierno-de-argentina-ha-decidido-frenar-la-expropiacion-de-vicentin\/"}],"_links":{"self":[{"href":"https:\/\/www.eldigitaldeasturias.com\/noticias\/wp-json\/wp\/v2\/posts\/1068851","targetHints":{"allow":["GET"]}}],"collection":[{"href":"https:\/\/www.eldigitaldeasturias.com\/noticias\/wp-json\/wp\/v2\/posts"}],"about":[{"href":"https:\/\/www.eldigitaldeasturias.com\/noticias\/wp-json\/wp\/v2\/types\/post"}],"author":[{"embeddable":true,"href":"https:\/\/www.eldigitaldeasturias.com\/noticias\/wp-json\/wp\/v2\/users\/1"}],"replies":[{"embeddable":true,"href":"https:\/\/www.eldigitaldeasturias.com\/noticias\/wp-json\/wp\/v2\/comments?post=1068851"}],"version-history":[{"count":0,"href":"https:\/\/www.eldigitaldeasturias.com\/noticias\/wp-json\/wp\/v2\/posts\/1068851\/revisions"}],"wp:featuredmedia":[{"embeddable":true,"href":"https:\/\/www.eldigitaldeasturias.com\/noticias\/wp-json\/wp\/v2\/media\/1068852"}],"wp:attachment":[{"href":"https:\/\/www.eldigitaldeasturias.com\/noticias\/wp-json\/wp\/v2\/media?parent=1068851"}],"wp:term":[{"taxonomy":"category","embeddable":true,"href":"https:\/\/www.eldigitaldeasturias.com\/noticias\/wp-json\/wp\/v2\/categories?post=1068851"},{"taxonomy":"post_tag","embeddable":true,"href":"https:\/\/www.eldigitaldeasturias.com\/noticias\/wp-json\/wp\/v2\/tags?post=1068851"}],"curies":[{"name":"wp","href":"https:\/\/api.w.org\/{rel}","templated":true}]}}